{"id":65959,"date":"2026-03-16T16:51:11","date_gmt":"2026-03-16T19:51:11","guid":{"rendered":"https:\/\/jornalfatosenoticias.com.br\/?p=65959"},"modified":"2026-03-16T16:51:14","modified_gmt":"2026-03-16T19:51:14","slug":"mensagens-citam-encontro-de-vorcaro-com-moraes-hugo-motta-e-ciro-nogueira","status":"publish","type":"post","link":"https:\/\/jornalfatosenoticias.com.br\/index.php\/2026\/03\/16\/mensagens-citam-encontro-de-vorcaro-com-moraes-hugo-motta-e-ciro-nogueira\/","title":{"rendered":"Mensagens citam encontro de Vorcaro com Moraes, Hugo Motta e Ciro Nogueira"},"content":{"rendered":"\n<p>Mensagens encontradas pela Pol\u00edcia Federal (PF) no celular do banqueiro Daniel Vorcaro, dono do Banco Master, indicam que ele relatou ter participado de um encontro com o ministro do Supremo Tribunal Federal (STF) Alexandre de Moraes, o presidente da C\u00e2mara dos Deputados, Hugo Motta (Republicanos), e o senador Ciro Nogueira (PP). Os di\u00e1logos foram enviados \u00e0 ent\u00e3o namorada do empres\u00e1rio, Martha Graeff, e integram o material apreendido na investiga\u00e7\u00e3o que apura suspeitas envolvendo o banco.<br>Em uma conversa registrada em 20 de mar\u00e7o de 2025, Graeff questionou se Vorcaro estava acompanhado. <em><strong>\u201cVoc\u00ea est\u00e1 com gente a\u00ed? Ou est\u00e1 me ignorando de prop\u00f3sito?\u201d<\/strong><\/em>, escreveu ela. O banqueiro respondeu mencionando diretamente os nomes das autoridades que estariam no encontro.<\/p>\n\n\n\n<blockquote class=\"wp-block-quote is-layout-flow wp-block-quote-is-layout-flow\">\n<p><mark style=\"background-color:rgba(0, 0, 0, 0)\" class=\"has-inline-color has-luminous-vivid-orange-color\">Estou sim. Acabou chegando Hugo e Ciro aqui para falarem com Alexandre. N\u00e3o deve demorar. Mas, se voc\u00ea for dormir, eu saio e te chamo\u201d.<\/mark><\/p>\n<\/blockquote>\n\n\n<div class=\"wp-block-image\">\n<figure class=\"aligncenter size-large is-resized\"><a href=\"https:\/\/www.facebook.com\/profile.php?id=100069289606145\"><img loading=\"lazy\" decoding=\"async\" width=\"1024\" height=\"714\" src=\"https:\/\/jornalfatosenoticias.com.br\/wp-content\/uploads\/2024\/11\/Guaitolini-Contabilidade-1024x714.jpeg\" alt=\"\" class=\"wp-image-55808\" style=\"aspect-ratio:1.4342119304236474;width:338px;height:auto\" srcset=\"https:\/\/jornalfatosenoticias.com.br\/wp-content\/uploads\/2024\/11\/Guaitolini-Contabilidade-1024x714.jpeg 1024w, https:\/\/jornalfatosenoticias.com.br\/wp-content\/uploads\/2024\/11\/Guaitolini-Contabilidade-300x209.jpeg 300w, https:\/\/jornalfatosenoticias.com.br\/wp-content\/uploads\/2024\/11\/Guaitolini-Contabilidade-768x535.jpeg 768w, https:\/\/jornalfatosenoticias.com.br\/wp-content\/uploads\/2024\/11\/Guaitolini-Contabilidade.jpeg 1280w\" sizes=\"auto, (max-width: 1024px) 100vw, 1024px\" \/><\/a><\/figure>\n<\/div>\n\n\n<p>Na mensagem, Vorcaro afirmou que estava reunido com Alexandre de Moraes quando Hugo Motta e Ciro Nogueira chegaram ao local para conversar com o ministro. As mensagens analisadas pela PF tamb\u00e9m registram outras reuni\u00f5es entre Vorcaro e o presidente da C\u00e2mara. Em conversa de 8 de maio de 2025, o banqueiro afirmou que Hugo Motta permaneceu em reuni\u00e3o com ele at\u00e9 a madrugada.<\/p>\n\n\n\n<blockquote class=\"wp-block-quote is-layout-flow wp-block-quote-is-layout-flow\">\n<p><mark style=\"background-color:rgba(0, 0, 0, 0)\" class=\"has-inline-color has-luminous-vivid-orange-color\">Hugo saiu daqui quase tr\u00eas da manh\u00e3. Queria saber de tudo no detalhe\u201d.<\/mark><\/p>\n<\/blockquote>\n\n\n<div class=\"wp-block-image\">\n<figure class=\"aligncenter size-full is-resized\"><a href=\"https:\/\/www.origestaofinanceira.com.br\/\"><img loading=\"lazy\" decoding=\"async\" width=\"841\" height=\"881\" src=\"https:\/\/jornalfatosenoticias.com.br\/wp-content\/uploads\/2020\/02\/Ori-Gestao-Financeira.jpeg\" alt=\"\" class=\"wp-image-64779\" style=\"aspect-ratio:0.9546132537822288;width:378px;height:auto\" srcset=\"https:\/\/jornalfatosenoticias.com.br\/wp-content\/uploads\/2020\/02\/Ori-Gestao-Financeira.jpeg 841w, https:\/\/jornalfatosenoticias.com.br\/wp-content\/uploads\/2020\/02\/Ori-Gestao-Financeira-286x300.jpeg 286w, https:\/\/jornalfatosenoticias.com.br\/wp-content\/uploads\/2020\/02\/Ori-Gestao-Financeira-768x805.jpeg 768w\" sizes=\"auto, (max-width: 841px) 100vw, 841px\" \/><\/a><\/figure>\n<\/div>\n\n\n<p>Em outra troca de mensagens, de 26 de fevereiro de 2025, Vorcaro disse que participava de um jantar na resid\u00eancia oficial da C\u00e2mara ao lado de Hugo Motta e de outros empres\u00e1rios.<\/p>\n\n\n\n<blockquote class=\"wp-block-quote is-layout-flow wp-block-quote-is-layout-flow\">\n<p><mark style=\"background-color:rgba(0, 0, 0, 0)\" class=\"has-inline-color has-luminous-vivid-orange-color\">T\u00f4 num jantar na resid\u00eancia oficial com Hugo e seis empres\u00e1rios\u201d.<\/mark><\/p>\n<\/blockquote>\n\n\n<div class=\"wp-block-image\">\n<figure class=\"aligncenter size-large\"><a href=\"https:\/\/panper.com.br\/\"><img loading=\"lazy\" decoding=\"async\" width=\"1024\" height=\"111\" src=\"https:\/\/jornalfatosenoticias.com.br\/wp-content\/uploads\/2020\/02\/WhatsApp-Image-2022-09-23-at-12.09.18-1024x111.jpeg\" alt=\"\" class=\"wp-image-34527\" srcset=\"https:\/\/jornalfatosenoticias.com.br\/wp-content\/uploads\/2020\/02\/WhatsApp-Image-2022-09-23-at-12.09.18-1024x111.jpeg 1024w, https:\/\/jornalfatosenoticias.com.br\/wp-content\/uploads\/2020\/02\/WhatsApp-Image-2022-09-23-at-12.09.18-300x32.jpeg 300w, https:\/\/jornalfatosenoticias.com.br\/wp-content\/uploads\/2020\/02\/WhatsApp-Image-2022-09-23-at-12.09.18-768x83.jpeg 768w, https:\/\/jornalfatosenoticias.com.br\/wp-content\/uploads\/2020\/02\/WhatsApp-Image-2022-09-23-at-12.09.18.jpeg 1121w\" sizes=\"auto, (max-width: 1024px) 100vw, 1024px\" \/><\/a><\/figure>\n<\/div>\n\n\n<p>As mensagens fazem parte do material apreendido na Opera\u00e7\u00e3o Compliance Zero, investiga\u00e7\u00e3o da Pol\u00edcia Federal que apura suspeitas envolvendo o Banco Master e que resultou na pris\u00e3o de Daniel Vorcaro.<\/p>\n\n\n\n<p><strong>Fonte: <a href=\"https:\/\/horabrasilia.com.br\/2026\/03\/mensagens-citam-encontro-de-vorcaro-com-moraes-hugo-motta-e-ciro\/\">Hora Bras\u00edlia<\/a><\/strong><\/p>\n","protected":false},"excerpt":{"rendered":"<p>Mensagens encontradas pela Pol\u00edcia Federal (PF) no celular do banqueiro Daniel Vorcaro, dono do Banco Master, indicam que ele relatou ter participado de um encontro com o ministro do Supremo Tribunal Federal (STF) Alexandre de Moraes, o presidente da C\u00e2mara dos Deputados, Hugo Motta (Republicanos), e o senador Ciro Nogueira (PP). Os di\u00e1logos foram enviados [&hellip;]<\/p>\n","protected":false},"author":2,"featured_media":65960,"comment_status":"open","ping_status":"open","sticky":false,"template":"","format":"standard","meta":{"footnotes":""},"categories":[10],"tags":[13889,26594,20537,28937,25620,2146,294],"class_list":["post-65959","post","type-post","status-publish","format-standard","has-post-thumbnail","hentry","category-politica","tag-alexandre-de-moraes","tag-banco-master","tag-ciro-nogueira","tag-daniel-vorcaro","tag-hugo-motta","tag-policia-federal","tag-stf"],"yoast_head":"<!-- This site is optimized with the Yoast SEO plugin v26.5 - https:\/\/yoast.com\/wordpress\/plugins\/seo\/ -->\n<title>Mensagens citam encontro de Vorcaro com Moraes, Hugo Motta e Ciro Nogueira - Jornal Fatos e Not\u00edcias<\/title>\n<meta name=\"robots\" content=\"index, follow, max-snippet:-1, max-image-preview:large, max-video-preview:-1\" \/>\n<link rel=\"canonical\" href=\"https:\/\/jornalfatosenoticias.com.br\/index.php\/2026\/03\/16\/mensagens-citam-encontro-de-vorcaro-com-moraes-hugo-motta-e-ciro-nogueira\/\" \/>\n<meta property=\"og:locale\" content=\"pt_BR\" \/>\n<meta property=\"og:type\" content=\"article\" \/>\n<meta property=\"og:title\" content=\"Mensagens citam encontro de Vorcaro com Moraes, Hugo Motta e Ciro Nogueira - Jornal Fatos e Not\u00edcias\" \/>\n<meta property=\"og:description\" content=\"Mensagens encontradas pela Pol\u00edcia Federal (PF) no celular do banqueiro Daniel Vorcaro, dono do Banco Master, indicam que ele relatou ter participado de um encontro com o ministro do Supremo Tribunal Federal (STF) Alexandre de Moraes, o presidente da C\u00e2mara dos Deputados, Hugo Motta (Republicanos), e o senador Ciro Nogueira (PP). Os di\u00e1logos foram enviados [&hellip;]\" \/>\n<meta property=\"og:url\" content=\"https:\/\/jornalfatosenoticias.com.br\/index.php\/2026\/03\/16\/mensagens-citam-encontro-de-vorcaro-com-moraes-hugo-motta-e-ciro-nogueira\/\" \/>\n<meta property=\"og:site_name\" content=\"Jornal Fatos e Not\u00edcias\" \/>\n<meta property=\"article:published_time\" content=\"2026-03-16T19:51:11+00:00\" \/>\n<meta property=\"article:modified_time\" content=\"2026-03-16T19:51:14+00:00\" \/>\n<meta property=\"og:image\" content=\"https:\/\/jornalfatosenoticias.com.br\/wp-content\/uploads\/2026\/03\/Mensagens-citam-encontro-de-Vorcaro-com-Moraes-Hugo-Motta-e-Ciro-Nogueira.jpeg\" \/>\n\t<meta property=\"og:image:width\" content=\"1000\" \/>\n\t<meta property=\"og:image:height\" content=\"560\" \/>\n\t<meta property=\"og:image:type\" content=\"image\/jpeg\" \/>\n<meta name=\"author\" content=\"Luzimara Fernandes\" \/>\n<meta name=\"twitter:card\" content=\"summary_large_image\" \/>\n<meta name=\"twitter:label1\" content=\"Escrito por\" \/>\n\t<meta name=\"twitter:data1\" content=\"Luzimara Fernandes\" \/>\n\t<meta name=\"twitter:label2\" content=\"Est. tempo de leitura\" \/>\n\t<meta name=\"twitter:data2\" content=\"3 minutos\" \/>\n<script type=\"application\/ld+json\" class=\"yoast-schema-graph\">{\"@context\":\"https:\/\/schema.org\",\"@graph\":[{\"@type\":\"Article\",\"@id\":\"https:\/\/jornalfatosenoticias.com.br\/index.php\/2026\/03\/16\/mensagens-citam-encontro-de-vorcaro-com-moraes-hugo-motta-e-ciro-nogueira\/#article\",\"isPartOf\":{\"@id\":\"https:\/\/jornalfatosenoticias.com.br\/index.php\/2026\/03\/16\/mensagens-citam-encontro-de-vorcaro-com-moraes-hugo-motta-e-ciro-nogueira\/\"},\"author\":{\"name\":\"Luzimara Fernandes\",\"@id\":\"https:\/\/jornalfatosenoticias.com.br\/#\/schema\/person\/d63837fa13ac8666eb9e74e0985d6f81\"},\"headline\":\"Mensagens citam encontro de Vorcaro com Moraes, Hugo Motta e Ciro Nogueira\",\"datePublished\":\"2026-03-16T19:51:11+00:00\",\"dateModified\":\"2026-03-16T19:51:14+00:00\",\"mainEntityOfPage\":{\"@id\":\"https:\/\/jornalfatosenoticias.com.br\/index.php\/2026\/03\/16\/mensagens-citam-encontro-de-vorcaro-com-moraes-hugo-motta-e-ciro-nogueira\/\"},\"wordCount\":323,\"commentCount\":0,\"publisher\":{\"@id\":\"https:\/\/jornalfatosenoticias.com.br\/#organization\"},\"image\":{\"@id\":\"https:\/\/jornalfatosenoticias.com.br\/index.php\/2026\/03\/16\/mensagens-citam-encontro-de-vorcaro-com-moraes-hugo-motta-e-ciro-nogueira\/#primaryimage\"},\"thumbnailUrl\":\"https:\/\/jornalfatosenoticias.com.br\/wp-content\/uploads\/2026\/03\/Mensagens-citam-encontro-de-Vorcaro-com-Moraes-Hugo-Motta-e-Ciro-Nogueira.jpeg\",\"keywords\":[\"Alexandre de Moraes\",\"Banco Master\",\"Ciro Nogueira\",\"Daniel Vorcaro\",\"Hugo Motta\",\"Pol\u00edcia Federal\",\"STF\"],\"articleSection\":[\"Pol\u00edtica\"],\"inLanguage\":\"pt-BR\",\"potentialAction\":[{\"@type\":\"CommentAction\",\"name\":\"Comment\",\"target\":[\"https:\/\/jornalfatosenoticias.com.br\/index.php\/2026\/03\/16\/mensagens-citam-encontro-de-vorcaro-com-moraes-hugo-motta-e-ciro-nogueira\/#respond\"]}]},{\"@type\":\"WebPage\",\"@id\":\"https:\/\/jornalfatosenoticias.com.br\/index.php\/2026\/03\/16\/mensagens-citam-encontro-de-vorcaro-com-moraes-hugo-motta-e-ciro-nogueira\/\",\"url\":\"https:\/\/jornalfatosenoticias.com.br\/index.php\/2026\/03\/16\/mensagens-citam-encontro-de-vorcaro-com-moraes-hugo-motta-e-ciro-nogueira\/\",\"name\":\"Mensagens citam encontro de Vorcaro com Moraes, Hugo Motta e Ciro Nogueira - Jornal Fatos e Not\u00edcias\",\"isPartOf\":{\"@id\":\"https:\/\/jornalfatosenoticias.com.br\/#website\"},\"primaryImageOfPage\":{\"@id\":\"https:\/\/jornalfatosenoticias.com.br\/index.php\/2026\/03\/16\/mensagens-citam-encontro-de-vorcaro-com-moraes-hugo-motta-e-ciro-nogueira\/#primaryimage\"},\"image\":{\"@id\":\"https:\/\/jornalfatosenoticias.com.br\/index.php\/2026\/03\/16\/mensagens-citam-encontro-de-vorcaro-com-moraes-hugo-motta-e-ciro-nogueira\/#primaryimage\"},\"thumbnailUrl\":\"https:\/\/jornalfatosenoticias.com.br\/wp-content\/uploads\/2026\/03\/Mensagens-citam-encontro-de-Vorcaro-com-Moraes-Hugo-Motta-e-Ciro-Nogueira.jpeg\",\"datePublished\":\"2026-03-16T19:51:11+00:00\",\"dateModified\":\"2026-03-16T19:51:14+00:00\",\"breadcrumb\":{\"@id\":\"https:\/\/jornalfatosenoticias.com.br\/index.php\/2026\/03\/16\/mensagens-citam-encontro-de-vorcaro-com-moraes-hugo-motta-e-ciro-nogueira\/#breadcrumb\"},\"inLanguage\":\"pt-BR\",\"potentialAction\":[{\"@type\":\"ReadAction\",\"target\":[\"https:\/\/jornalfatosenoticias.com.br\/index.php\/2026\/03\/16\/mensagens-citam-encontro-de-vorcaro-com-moraes-hugo-motta-e-ciro-nogueira\/\"]}]},{\"@type\":\"ImageObject\",\"inLanguage\":\"pt-BR\",\"@id\":\"https:\/\/jornalfatosenoticias.com.br\/index.php\/2026\/03\/16\/mensagens-citam-encontro-de-vorcaro-com-moraes-hugo-motta-e-ciro-nogueira\/#primaryimage\",\"url\":\"https:\/\/jornalfatosenoticias.com.br\/wp-content\/uploads\/2026\/03\/Mensagens-citam-encontro-de-Vorcaro-com-Moraes-Hugo-Motta-e-Ciro-Nogueira.jpeg\",\"contentUrl\":\"https:\/\/jornalfatosenoticias.com.br\/wp-content\/uploads\/2026\/03\/Mensagens-citam-encontro-de-Vorcaro-com-Moraes-Hugo-Motta-e-Ciro-Nogueira.jpeg\",\"width\":1000,\"height\":560},{\"@type\":\"BreadcrumbList\",\"@id\":\"https:\/\/jornalfatosenoticias.com.br\/index.php\/2026\/03\/16\/mensagens-citam-encontro-de-vorcaro-com-moraes-hugo-motta-e-ciro-nogueira\/#breadcrumb\",\"itemListElement\":[{\"@type\":\"ListItem\",\"position\":1,\"name\":\"In\u00edcio\",\"item\":\"https:\/\/jornalfatosenoticias.com.br\/\"},{\"@type\":\"ListItem\",\"position\":2,\"name\":\"Mensagens citam encontro de Vorcaro com Moraes, Hugo Motta e Ciro Nogueira\"}]},{\"@type\":\"WebSite\",\"@id\":\"https:\/\/jornalfatosenoticias.com.br\/#website\",\"url\":\"https:\/\/jornalfatosenoticias.com.br\/\",\"name\":\"Jornal Fatos e Not\u00edcias\",\"description\":\"Not\u00edcias em geral\",\"publisher\":{\"@id\":\"https:\/\/jornalfatosenoticias.com.br\/#organization\"},\"potentialAction\":[{\"@type\":\"SearchAction\",\"target\":{\"@type\":\"EntryPoint\",\"urlTemplate\":\"https:\/\/jornalfatosenoticias.com.br\/?s={search_term_string}\"},\"query-input\":{\"@type\":\"PropertyValueSpecification\",\"valueRequired\":true,\"valueName\":\"search_term_string\"}}],\"inLanguage\":\"pt-BR\"},{\"@type\":\"Organization\",\"@id\":\"https:\/\/jornalfatosenoticias.com.br\/#organization\",\"name\":\"Jornal Fatos e Not\u00edcias\",\"url\":\"https:\/\/jornalfatosenoticias.com.br\/\",\"logo\":{\"@type\":\"ImageObject\",\"inLanguage\":\"pt-BR\",\"@id\":\"https:\/\/jornalfatosenoticias.com.br\/#\/schema\/logo\/image\/\",\"url\":\"https:\/\/jornalfatosenoticias.com.br\/wp-content\/uploads\/2020\/02\/logo120.png\",\"contentUrl\":\"https:\/\/jornalfatosenoticias.com.br\/wp-content\/uploads\/2020\/02\/logo120.png\",\"width\":1227,\"height\":120,\"caption\":\"Jornal Fatos e Not\u00edcias\"},\"image\":{\"@id\":\"https:\/\/jornalfatosenoticias.com.br\/#\/schema\/logo\/image\/\"}},{\"@type\":\"Person\",\"@id\":\"https:\/\/jornalfatosenoticias.com.br\/#\/schema\/person\/d63837fa13ac8666eb9e74e0985d6f81\",\"name\":\"Luzimara Fernandes\",\"image\":{\"@type\":\"ImageObject\",\"inLanguage\":\"pt-BR\",\"@id\":\"https:\/\/jornalfatosenoticias.com.br\/#\/schema\/person\/image\/\",\"url\":\"https:\/\/jornalfatosenoticias.com.br\/wp-content\/uploads\/2025\/05\/EU_portal.jpg\",\"contentUrl\":\"https:\/\/jornalfatosenoticias.com.br\/wp-content\/uploads\/2025\/05\/EU_portal.jpg\",\"caption\":\"Luzimara Fernandes\"},\"description\":\"Jornalista MTB 2358-ES\",\"sameAs\":[\"https:\/\/jornalfatosenoticias.com.br\"],\"url\":\"https:\/\/jornalfatosenoticias.com.br\/index.php\/author\/luzimara\/\"}]}<\/script>\n<!-- \/ Yoast SEO plugin. -->","yoast_head_json":{"title":"Mensagens citam encontro de Vorcaro com Moraes, Hugo Motta e Ciro Nogueira - Jornal Fatos e Not\u00edcias","robots":{"index":"index","follow":"follow","max-snippet":"max-snippet:-1","max-image-preview":"max-image-preview:large","max-video-preview":"max-video-preview:-1"},"canonical":"https:\/\/jornalfatosenoticias.com.br\/index.php\/2026\/03\/16\/mensagens-citam-encontro-de-vorcaro-com-moraes-hugo-motta-e-ciro-nogueira\/","og_locale":"pt_BR","og_type":"article","og_title":"Mensagens citam encontro de Vorcaro com Moraes, Hugo Motta e Ciro Nogueira - Jornal Fatos e Not\u00edcias","og_description":"Mensagens encontradas pela Pol\u00edcia Federal (PF) no celular do banqueiro Daniel Vorcaro, dono do Banco Master, indicam que ele relatou ter participado de um encontro com o ministro do Supremo Tribunal Federal (STF) Alexandre de Moraes, o presidente da C\u00e2mara dos Deputados, Hugo Motta (Republicanos), e o senador Ciro Nogueira (PP). Os di\u00e1logos foram enviados [&hellip;]","og_url":"https:\/\/jornalfatosenoticias.com.br\/index.php\/2026\/03\/16\/mensagens-citam-encontro-de-vorcaro-com-moraes-hugo-motta-e-ciro-nogueira\/","og_site_name":"Jornal Fatos e Not\u00edcias","article_published_time":"2026-03-16T19:51:11+00:00","article_modified_time":"2026-03-16T19:51:14+00:00","og_image":[{"width":1000,"height":560,"url":"https:\/\/jornalfatosenoticias.com.br\/wp-content\/uploads\/2026\/03\/Mensagens-citam-encontro-de-Vorcaro-com-Moraes-Hugo-Motta-e-Ciro-Nogueira.jpeg","type":"image\/jpeg"}],"author":"Luzimara Fernandes","twitter_card":"summary_large_image","twitter_misc":{"Escrito por":"Luzimara Fernandes","Est. tempo de leitura":"3 minutos"},"schema":{"@context":"https:\/\/schema.org","@graph":[{"@type":"Article","@id":"https:\/\/jornalfatosenoticias.com.br\/index.php\/2026\/03\/16\/mensagens-citam-encontro-de-vorcaro-com-moraes-hugo-motta-e-ciro-nogueira\/#article","isPartOf":{"@id":"https:\/\/jornalfatosenoticias.com.br\/index.php\/2026\/03\/16\/mensagens-citam-encontro-de-vorcaro-com-moraes-hugo-motta-e-ciro-nogueira\/"},"author":{"name":"Luzimara Fernandes","@id":"https:\/\/jornalfatosenoticias.com.br\/#\/schema\/person\/d63837fa13ac8666eb9e74e0985d6f81"},"headline":"Mensagens citam encontro de Vorcaro com Moraes, Hugo Motta e Ciro Nogueira","datePublished":"2026-03-16T19:51:11+00:00","dateModified":"2026-03-16T19:51:14+00:00","mainEntityOfPage":{"@id":"https:\/\/jornalfatosenoticias.com.br\/index.php\/2026\/03\/16\/mensagens-citam-encontro-de-vorcaro-com-moraes-hugo-motta-e-ciro-nogueira\/"},"wordCount":323,"commentCount":0,"publisher":{"@id":"https:\/\/jornalfatosenoticias.com.br\/#organization"},"image":{"@id":"https:\/\/jornalfatosenoticias.com.br\/index.php\/2026\/03\/16\/mensagens-citam-encontro-de-vorcaro-com-moraes-hugo-motta-e-ciro-nogueira\/#primaryimage"},"thumbnailUrl":"https:\/\/jornalfatosenoticias.com.br\/wp-content\/uploads\/2026\/03\/Mensagens-citam-encontro-de-Vorcaro-com-Moraes-Hugo-Motta-e-Ciro-Nogueira.jpeg","keywords":["Alexandre de Moraes","Banco Master","Ciro Nogueira","Daniel Vorcaro","Hugo Motta","Pol\u00edcia Federal","STF"],"articleSection":["Pol\u00edtica"],"inLanguage":"pt-BR","potentialAction":[{"@type":"CommentAction","name":"Comment","target":["https:\/\/jornalfatosenoticias.com.br\/index.php\/2026\/03\/16\/mensagens-citam-encontro-de-vorcaro-com-moraes-hugo-motta-e-ciro-nogueira\/#respond"]}]},{"@type":"WebPage","@id":"https:\/\/jornalfatosenoticias.com.br\/index.php\/2026\/03\/16\/mensagens-citam-encontro-de-vorcaro-com-moraes-hugo-motta-e-ciro-nogueira\/","url":"https:\/\/jornalfatosenoticias.com.br\/index.php\/2026\/03\/16\/mensagens-citam-encontro-de-vorcaro-com-moraes-hugo-motta-e-ciro-nogueira\/","name":"Mensagens citam encontro de Vorcaro com Moraes, Hugo Motta e Ciro Nogueira - Jornal Fatos e Not\u00edcias","isPartOf":{"@id":"https:\/\/jornalfatosenoticias.com.br\/#website"},"primaryImageOfPage":{"@id":"https:\/\/jornalfatosenoticias.com.br\/index.php\/2026\/03\/16\/mensagens-citam-encontro-de-vorcaro-com-moraes-hugo-motta-e-ciro-nogueira\/#primaryimage"},"image":{"@id":"https:\/\/jornalfatosenoticias.com.br\/index.php\/2026\/03\/16\/mensagens-citam-encontro-de-vorcaro-com-moraes-hugo-motta-e-ciro-nogueira\/#primaryimage"},"thumbnailUrl":"https:\/\/jornalfatosenoticias.com.br\/wp-content\/uploads\/2026\/03\/Mensagens-citam-encontro-de-Vorcaro-com-Moraes-Hugo-Motta-e-Ciro-Nogueira.jpeg","datePublished":"2026-03-16T19:51:11+00:00","dateModified":"2026-03-16T19:51:14+00:00","breadcrumb":{"@id":"https:\/\/jornalfatosenoticias.com.br\/index.php\/2026\/03\/16\/mensagens-citam-encontro-de-vorcaro-com-moraes-hugo-motta-e-ciro-nogueira\/#breadcrumb"},"inLanguage":"pt-BR","potentialAction":[{"@type":"ReadAction","target":["https:\/\/jornalfatosenoticias.com.br\/index.php\/2026\/03\/16\/mensagens-citam-encontro-de-vorcaro-com-moraes-hugo-motta-e-ciro-nogueira\/"]}]},{"@type":"ImageObject","inLanguage":"pt-BR","@id":"https:\/\/jornalfatosenoticias.com.br\/index.php\/2026\/03\/16\/mensagens-citam-encontro-de-vorcaro-com-moraes-hugo-motta-e-ciro-nogueira\/#primaryimage","url":"https:\/\/jornalfatosenoticias.com.br\/wp-content\/uploads\/2026\/03\/Mensagens-citam-encontro-de-Vorcaro-com-Moraes-Hugo-Motta-e-Ciro-Nogueira.jpeg","contentUrl":"https:\/\/jornalfatosenoticias.com.br\/wp-content\/uploads\/2026\/03\/Mensagens-citam-encontro-de-Vorcaro-com-Moraes-Hugo-Motta-e-Ciro-Nogueira.jpeg","width":1000,"height":560},{"@type":"BreadcrumbList","@id":"https:\/\/jornalfatosenoticias.com.br\/index.php\/2026\/03\/16\/mensagens-citam-encontro-de-vorcaro-com-moraes-hugo-motta-e-ciro-nogueira\/#breadcrumb","itemListElement":[{"@type":"ListItem","position":1,"name":"In\u00edcio","item":"https:\/\/jornalfatosenoticias.com.br\/"},{"@type":"ListItem","position":2,"name":"Mensagens citam encontro de Vorcaro com Moraes, Hugo Motta e Ciro Nogueira"}]},{"@type":"WebSite","@id":"https:\/\/jornalfatosenoticias.com.br\/#website","url":"https:\/\/jornalfatosenoticias.com.br\/","name":"Jornal Fatos e Not\u00edcias","description":"Not\u00edcias em geral","publisher":{"@id":"https:\/\/jornalfatosenoticias.com.br\/#organization"},"potentialAction":[{"@type":"SearchAction","target":{"@type":"EntryPoint","urlTemplate":"https:\/\/jornalfatosenoticias.com.br\/?s={search_term_string}"},"query-input":{"@type":"PropertyValueSpecification","valueRequired":true,"valueName":"search_term_string"}}],"inLanguage":"pt-BR"},{"@type":"Organization","@id":"https:\/\/jornalfatosenoticias.com.br\/#organization","name":"Jornal Fatos e Not\u00edcias","url":"https:\/\/jornalfatosenoticias.com.br\/","logo":{"@type":"ImageObject","inLanguage":"pt-BR","@id":"https:\/\/jornalfatosenoticias.com.br\/#\/schema\/logo\/image\/","url":"https:\/\/jornalfatosenoticias.com.br\/wp-content\/uploads\/2020\/02\/logo120.png","contentUrl":"https:\/\/jornalfatosenoticias.com.br\/wp-content\/uploads\/2020\/02\/logo120.png","width":1227,"height":120,"caption":"Jornal Fatos e Not\u00edcias"},"image":{"@id":"https:\/\/jornalfatosenoticias.com.br\/#\/schema\/logo\/image\/"}},{"@type":"Person","@id":"https:\/\/jornalfatosenoticias.com.br\/#\/schema\/person\/d63837fa13ac8666eb9e74e0985d6f81","name":"Luzimara Fernandes","image":{"@type":"ImageObject","inLanguage":"pt-BR","@id":"https:\/\/jornalfatosenoticias.com.br\/#\/schema\/person\/image\/","url":"https:\/\/jornalfatosenoticias.com.br\/wp-content\/uploads\/2025\/05\/EU_portal.jpg","contentUrl":"https:\/\/jornalfatosenoticias.com.br\/wp-content\/uploads\/2025\/05\/EU_portal.jpg","caption":"Luzimara Fernandes"},"description":"Jornalista MTB 2358-ES","sameAs":["https:\/\/jornalfatosenoticias.com.br"],"url":"https:\/\/jornalfatosenoticias.com.br\/index.php\/author\/luzimara\/"}]}},"cc_featured_image_caption":{"caption_text":"(Foto: Reprodu\u00e7\u00e3o)","source_text":"","source_url":""},"jetpack_featured_media_url":"https:\/\/jornalfatosenoticias.com.br\/wp-content\/uploads\/2026\/03\/Mensagens-citam-encontro-de-Vorcaro-com-Moraes-Hugo-Motta-e-Ciro-Nogueira.jpeg","_links":{"self":[{"href":"https:\/\/jornalfatosenoticias.com.br\/index.php\/wp-json\/wp\/v2\/posts\/65959","targetHints":{"allow":["GET"]}}],"collection":[{"href":"https:\/\/jornalfatosenoticias.com.br\/index.php\/wp-json\/wp\/v2\/posts"}],"about":[{"href":"https:\/\/jornalfatosenoticias.com.br\/index.php\/wp-json\/wp\/v2\/types\/post"}],"author":[{"embeddable":true,"href":"https:\/\/jornalfatosenoticias.com.br\/index.php\/wp-json\/wp\/v2\/users\/2"}],"replies":[{"embeddable":true,"href":"https:\/\/jornalfatosenoticias.com.br\/index.php\/wp-json\/wp\/v2\/comments?post=65959"}],"version-history":[{"count":1,"href":"https:\/\/jornalfatosenoticias.com.br\/index.php\/wp-json\/wp\/v2\/posts\/65959\/revisions"}],"predecessor-version":[{"id":65961,"href":"https:\/\/jornalfatosenoticias.com.br\/index.php\/wp-json\/wp\/v2\/posts\/65959\/revisions\/65961"}],"wp:featuredmedia":[{"embeddable":true,"href":"https:\/\/jornalfatosenoticias.com.br\/index.php\/wp-json\/wp\/v2\/media\/65960"}],"wp:attachment":[{"href":"https:\/\/jornalfatosenoticias.com.br\/index.php\/wp-json\/wp\/v2\/media?parent=65959"}],"wp:term":[{"taxonomy":"category","embeddable":true,"href":"https:\/\/jornalfatosenoticias.com.br\/index.php\/wp-json\/wp\/v2\/categories?post=65959"},{"taxonomy":"post_tag","embeddable":true,"href":"https:\/\/jornalfatosenoticias.com.br\/index.php\/wp-json\/wp\/v2\/tags?post=65959"}],"curies":[{"name":"wp","href":"https:\/\/api.w.org\/{rel}","templated":true}]}}