{"id":65962,"date":"2026-03-17T09:34:42","date_gmt":"2026-03-17T12:34:42","guid":{"rendered":"https:\/\/jornalfatosenoticias.com.br\/?p=65962"},"modified":"2026-03-17T09:34:44","modified_gmt":"2026-03-17T12:34:44","slug":"moraes-toma-serie-de-decisoes-beneficas-a-grupo-politico-de-dino-no-maranhao","status":"publish","type":"post","link":"https:\/\/jornalfatosenoticias.com.br\/index.php\/2026\/03\/17\/moraes-toma-serie-de-decisoes-beneficas-a-grupo-politico-de-dino-no-maranhao\/","title":{"rendered":"Moraes toma s\u00e9rie de decis\u00f5es ben\u00e9ficas a grupo pol\u00edtico de Dino no Maranh\u00e3o"},"content":{"rendered":"\n<p><em><mark style=\"background-color:rgba(0, 0, 0, 0)\" class=\"has-inline-color has-black-color\">Alexandre de Moraes j\u00e1 afastou do cargo aliados do governador Carlos Brand\u00e3o, ex-aliado e hoje advers\u00e1rio pol\u00edtico de Fl\u00e1vio Dino no Maranh\u00e3o<\/mark><\/em><\/p>\n\n\n\n<p><mark style=\"background-color:rgba(0, 0, 0, 0)\" class=\"has-inline-color has-black-color\">Por <strong><a href=\"https:\/\/www.gazetadopovo.com.br\/autor\/renan-ramalho\/\">Renan Ramalho<\/a><\/strong><\/mark><\/p>\n\n\n\n<p>Desde que Fl\u00e1vio Dino tomou posse como ministro do Supremo Tribunal Federal (STF), em fevereiro de 2024, um grupo pol\u00edtico fiel a ele no Maranh\u00e3o tem acumulado uma s\u00e9rie de vit\u00f3rias na Corte, especialmente pelas m\u00e3os do colega Alexandre de Moraes. S\u00e3o decis\u00f5es que envolvem, principalmente, a nomea\u00e7\u00e3o de cargos estrat\u00e9gicos no estado, que j\u00e1 foi governado duas vezes por Dino. Essas nomea\u00e7\u00f5es s\u00e3o objeto de disputa entre seus aliados pol\u00edticos e advers\u00e1rios ligados ao atual governador, Carlos Brand\u00e3o (PSB).<br>A decis\u00e3o mais recente, no contexto dessa disputa, mirou o <a href=\"https:\/\/www.gazetadopovo.com.br\/vida-e-cidadania\/entidades-de-classe-repudiam-busca-e-apreensao-de-moraes-contra-jornalista-categoria-em-risco\/\">jornalista Lu\u00eds Pablo, alvo de uma a\u00e7\u00e3o de busca e apreens\u00e3o<\/a> determinada por Moraes por publicar reportagens sobre o uso de ve\u00edculos oficiais do Tribunal de Justi\u00e7a do Maranh\u00e3o por Dino e familiares em suas visitas ao estado. O STF informou que o uso de uma <em>Toyota SW4<\/em> \u00e9 fruto de acordo com a Corte estadual para seguran\u00e7a do ministro e que a investiga\u00e7\u00e3o apura suposto \u201cmonitoramento ilegal dos seus deslocamentos em S\u00e3o Lu\u00eds\u201d. Para Lu\u00eds Pablo, o objetivo seria descobrir suas fontes, supostamente ligadas ao governo Brand\u00e3o, interessadas em desgastar Dino.<br>Antes da opera\u00e7\u00e3o contra o jornalista, a decis\u00e3o mais impactante de Moraes contra Brand\u00e3o afastou do cargo, em agosto do ano passado, o procurador-geral do Maranh\u00e3o, Vald\u00eanio Caminha, nomeado pelo atual governador e respons\u00e1vel pela defesa judicial do estado. O ministro proibiu sua nomea\u00e7\u00e3o para qualquer outro cargo no estado. Moraes considerou que ele descumpriu decis\u00f5es anteriores que determinavam o afastamento imediato e a suspens\u00e3o de sal\u00e1rios de outros servidores que tiveram nomea\u00e7\u00f5es derrubadas por suposto nepotismo cruzado (indica\u00e7\u00e3o de parentes de aliados pol\u00edticos para cargos de alto escal\u00e3o).<\/p>\n\n\n<div class=\"wp-block-image\">\n<figure class=\"aligncenter size-full is-resized\"><a href=\"https:\/\/www.controlsystems.com.br\/\"><img loading=\"lazy\" decoding=\"async\" width=\"834\" height=\"1000\" src=\"https:\/\/jornalfatosenoticias.com.br\/wp-content\/uploads\/2020\/02\/CONTROL-CS.jpg\" alt=\"\" class=\"wp-image-44991\" style=\"aspect-ratio:0.8340104378261821;width:319px;height:auto\" srcset=\"https:\/\/jornalfatosenoticias.com.br\/wp-content\/uploads\/2020\/02\/CONTROL-CS.jpg 834w, https:\/\/jornalfatosenoticias.com.br\/wp-content\/uploads\/2020\/02\/CONTROL-CS-250x300.jpg 250w, https:\/\/jornalfatosenoticias.com.br\/wp-content\/uploads\/2020\/02\/CONTROL-CS-768x921.jpg 768w\" sizes=\"auto, (max-width: 834px) 100vw, 834px\" \/><\/a><\/figure>\n<\/div>\n\n\n<p>Na mesma a\u00e7\u00e3o, protocolada em 2024 pelo Solidariedade (comandado no Maranh\u00e3o por aliados de Dino), Moraes j\u00e1 havia determinado o afastamento de outros aliados de Brand\u00e3o em cargos estrat\u00e9gicos. Em outubro daquele ano, o ministro retirou Gilberto Lins Neto do cargo de diretor-presidente da Empresa Maranhense de Administra\u00e7\u00e3o Portu\u00e1ria (Emap) e \u00cdtalo Augusto Reis Carvalho do cargo de subsecret\u00e1rio da Infraestrutura (Sinfra) e do cargo de conselheiro da Maranh\u00e3o Parcerias (Mapa).<br>Em dezembro, Moraes avan\u00e7ou e mandou derrubar a nomea\u00e7\u00e3o de tr\u00eas aliados de Brand\u00e3o na Assembleia Legislativa do Maranh\u00e3o (Alema) \u2014 considerando que haveria nepotismo na rela\u00e7\u00e3o entre Executivo e Legislativo no estado. Os alvos foram Marcos Barbosa Brand\u00e3o, irm\u00e3o do governador, afastado do cargo de diretor de Rela\u00e7\u00f5es Institucionais da Alema; Camila Correia Lima de Mesquita Moura, cunhada do governador, afastada do cargo de diretora legislativa; e Jacqueline Barros Heluy, sogra de um sobrinho do governador, afastada do cargo de diretora de Comunica\u00e7\u00e3o Social.<\/p>\n\n\n<div class=\"wp-block-image\">\n<figure class=\"aligncenter size-large is-resized\"><a href=\"https:\/\/hotelmarquetti.com.br\/\"><img loading=\"lazy\" decoding=\"async\" width=\"1024\" height=\"680\" src=\"https:\/\/jornalfatosenoticias.com.br\/wp-content\/uploads\/2020\/02\/LOGO-MQ-1024x680.jpg\" alt=\"\" class=\"wp-image-58299\" style=\"aspect-ratio:1.5059097809585773;width:358px;height:auto\" srcset=\"https:\/\/jornalfatosenoticias.com.br\/wp-content\/uploads\/2020\/02\/LOGO-MQ-1024x680.jpg 1024w, https:\/\/jornalfatosenoticias.com.br\/wp-content\/uploads\/2020\/02\/LOGO-MQ-300x199.jpg 300w, https:\/\/jornalfatosenoticias.com.br\/wp-content\/uploads\/2020\/02\/LOGO-MQ-768x510.jpg 768w, https:\/\/jornalfatosenoticias.com.br\/wp-content\/uploads\/2020\/02\/LOGO-MQ-1536x1020.jpg 1536w, https:\/\/jornalfatosenoticias.com.br\/wp-content\/uploads\/2020\/02\/LOGO-MQ-2048x1360.jpg 2048w\" sizes=\"auto, (max-width: 1024px) 100vw, 1024px\" \/><\/a><\/figure>\n<\/div>\n\n\n<p>Dias depois, ainda em dezembro de 2024, Moraes suspendeu a nomea\u00e7\u00e3o de Marcos Brand\u00e3o para a Secretaria de Estado Extraordin\u00e1ria de Assuntos Legislativos do Maranh\u00e3o, que havia acabado de ser criada, e proibiu que ele voltasse a ser nomeado para qualquer cargo ou fun\u00e7\u00e3o p\u00fablica nos tr\u00eas Poderes do Estado.<br>Caminha foi afastado dias depois de Brand\u00e3o apontar a suspei\u00e7\u00e3o de Dino para julgar, no STF, processos relacionados ao Tribunal de Contas do Estado (TCE-MA). Quando era governador, Dino nomeou um conselheiro para o \u00f3rg\u00e3o, que fiscaliza as contas estaduais. Al\u00e9m disso, como procurador-geral do estado, Caminha havia denunciado \u00e0 Procuradoria-Geral da Rep\u00fablica (PGR) dois assessores comissionados do gabinete de Dino, no STF, que teriam acessado irregularmente sistemas internos da Procuradoria para supostamente subsidiar a\u00e7\u00f5es judiciais de interesse da oposi\u00e7\u00e3o a Carlos Brand\u00e3o. Os dois assessores negam acesso irregular \u2014 s\u00e3o procuradores licenciados e mant\u00eam credenciais para uso do sistema \u2014 e o fornecimento de dados a terceiros.<\/p>\n\n\n<div class=\"wp-block-image\">\n<figure class=\"aligncenter size-large is-resized\"><a href=\"https:\/\/www.instagram.com\/serra4x4cambioautomatico\/\"><img loading=\"lazy\" decoding=\"async\" width=\"886\" height=\"1024\" src=\"https:\/\/jornalfatosenoticias.com.br\/wp-content\/uploads\/2024\/08\/Serra-4x4-1-886x1024.jpg\" alt=\"\" class=\"wp-image-53632\" style=\"aspect-ratio:0.8652406933513592;width:299px;height:auto\" srcset=\"https:\/\/jornalfatosenoticias.com.br\/wp-content\/uploads\/2024\/08\/Serra-4x4-1-886x1024.jpg 886w, https:\/\/jornalfatosenoticias.com.br\/wp-content\/uploads\/2024\/08\/Serra-4x4-1-260x300.jpg 260w, https:\/\/jornalfatosenoticias.com.br\/wp-content\/uploads\/2024\/08\/Serra-4x4-1-768x888.jpg 768w, https:\/\/jornalfatosenoticias.com.br\/wp-content\/uploads\/2024\/08\/Serra-4x4-1.jpg 1181w\" sizes=\"auto, (max-width: 886px) 100vw, 886px\" \/><\/a><\/figure>\n<\/div>\n\n\n<p>Aliados do governador Carlos Brand\u00e3o dizem que as decis\u00f5es t\u00eam rela\u00e7\u00e3o com disputas de poder local. Brand\u00e3o foi vice-governador de Dino durante seus dois mandatos no Maranh\u00e3o. Em 2022, o atual ministro do STF deixou o cargo para se eleger senador. Brand\u00e3o herdou o governo estadual e foi reeleito naquele ano. Um grupo ligado a Dino, no entanto, acabou perdendo espa\u00e7o na administra\u00e7\u00e3o estadual e passou a se opor a Brand\u00e3o. Um dos caminhos foi a judicializa\u00e7\u00e3o, com acionamento do STF, em casos julgados por ministros que hoje s\u00e3o colegas de Dino. Um dos focos da disputa s\u00e3o as vagas de conselheiro no Tribunal de Contas estadual.<br>Integram o grupo pol\u00edtico de Dino no Maranh\u00e3o o deputado federal Marcio Jerry, presidente estadual do PCdoB e autor de manifesta\u00e7\u00f5es em a\u00e7\u00f5es no STF que questionam decis\u00f5es pol\u00edticas tomadas no \u00e2mbito do governo estadual. Uma delas mant\u00e9m suspensa, h\u00e1 quase dois anos, a indica\u00e7\u00e3o de dois conselheiros do Tribunal de Contas do Maranh\u00e3o \u2014 processo que est\u00e1 sob relatoria do pr\u00f3prio Fl\u00e1vio Dino.<\/p>\n\n\n<div class=\"wp-block-image\">\n<figure class=\"aligncenter size-large is-resized\"><a href=\"https:\/\/www.instagram.com\/esteio.churrascaria\/\"><img loading=\"lazy\" decoding=\"async\" width=\"1024\" height=\"730\" src=\"https:\/\/jornalfatosenoticias.com.br\/wp-content\/uploads\/2022\/02\/LOGO-ESTEIO-1024x730.png\" alt=\"\" class=\"wp-image-27942\" style=\"aspect-ratio:1.4027763281494625;width:425px;height:auto\" srcset=\"https:\/\/jornalfatosenoticias.com.br\/wp-content\/uploads\/2022\/02\/LOGO-ESTEIO-1024x730.png 1024w, https:\/\/jornalfatosenoticias.com.br\/wp-content\/uploads\/2022\/02\/LOGO-ESTEIO-300x214.png 300w, https:\/\/jornalfatosenoticias.com.br\/wp-content\/uploads\/2022\/02\/LOGO-ESTEIO-768x548.png 768w, https:\/\/jornalfatosenoticias.com.br\/wp-content\/uploads\/2022\/02\/LOGO-ESTEIO.png 1123w\" sizes=\"auto, (max-width: 1024px) 100vw, 1024px\" \/><\/a><\/figure>\n<\/div>\n\n\n<p>Outro pol\u00edtico local ligado ao ministro \u00e9 o deputado estadual Othelino Neto (PSB), marido da senadora Ana Paula Lobato, eleita suplente de Dino e que assumiu a vaga dele no Senado. Quando Dino era governador, Othelino Neto presidiu a Assembleia Legislativa. Como governador, Carlos Brand\u00e3o, no entanto, decidiu apoiar a elei\u00e7\u00e3o da deputada estadual Iracema Vale (MDB) para o comando da Casa.<\/p>\n\n\n\n<p><strong>Fonte: <a href=\"https:\/\/www.gazetadopovo.com.br\/republica\/moraes-toma-serie-de-decisoes-beneficas-a-grupo-politico-de-dino-no-maranhao\/\">Gazeta do Povo<\/a><\/strong><\/p>\n","protected":false},"excerpt":{"rendered":"<p>Alexandre de Moraes j\u00e1 afastou do cargo aliados do governador Carlos Brand\u00e3o, ex-aliado e hoje advers\u00e1rio pol\u00edtico de Fl\u00e1vio Dino no Maranh\u00e3o Por Renan Ramalho Desde que Fl\u00e1vio Dino tomou posse como ministro do Supremo Tribunal Federal (STF), em fevereiro de 2024, um grupo pol\u00edtico fiel a ele no Maranh\u00e3o tem acumulado uma s\u00e9rie de [&hellip;]<\/p>\n","protected":false},"author":2,"featured_media":65963,"comment_status":"open","ping_status":"open","sticky":false,"template":"","format":"standard","meta":{"footnotes":""},"categories":[5],"tags":[13889,21576,18622,1345,11943,30015,294],"class_list":["post-65962","post","type-post","status-publish","format-standard","has-post-thumbnail","hentry","category-geral","tag-alexandre-de-moraes","tag-ditadura-do-judiciario","tag-flavio-dino","tag-justica","tag-maranhao","tag-marcio-jerry","tag-stf"],"yoast_head":"<!-- This site is optimized with the Yoast SEO plugin v26.5 - https:\/\/yoast.com\/wordpress\/plugins\/seo\/ -->\n<title>Moraes toma s\u00e9rie de decis\u00f5es ben\u00e9ficas a grupo pol\u00edtico de Dino no Maranh\u00e3o - Jornal Fatos e Not\u00edcias<\/title>\n<meta name=\"robots\" content=\"index, follow, max-snippet:-1, max-image-preview:large, max-video-preview:-1\" \/>\n<link rel=\"canonical\" href=\"https:\/\/jornalfatosenoticias.com.br\/index.php\/2026\/03\/17\/moraes-toma-serie-de-decisoes-beneficas-a-grupo-politico-de-dino-no-maranhao\/\" \/>\n<meta property=\"og:locale\" content=\"pt_BR\" \/>\n<meta property=\"og:type\" content=\"article\" \/>\n<meta property=\"og:title\" content=\"Moraes toma s\u00e9rie de decis\u00f5es ben\u00e9ficas a grupo pol\u00edtico de Dino no Maranh\u00e3o - Jornal Fatos e Not\u00edcias\" \/>\n<meta property=\"og:description\" content=\"Alexandre de Moraes j\u00e1 afastou do cargo aliados do governador Carlos Brand\u00e3o, ex-aliado e hoje advers\u00e1rio pol\u00edtico de Fl\u00e1vio Dino no Maranh\u00e3o Por Renan Ramalho Desde que Fl\u00e1vio Dino tomou posse como ministro do Supremo Tribunal Federal (STF), em fevereiro de 2024, um grupo pol\u00edtico fiel a ele no Maranh\u00e3o tem acumulado uma s\u00e9rie de [&hellip;]\" \/>\n<meta property=\"og:url\" content=\"https:\/\/jornalfatosenoticias.com.br\/index.php\/2026\/03\/17\/moraes-toma-serie-de-decisoes-beneficas-a-grupo-politico-de-dino-no-maranhao\/\" \/>\n<meta property=\"og:site_name\" content=\"Jornal Fatos e Not\u00edcias\" \/>\n<meta property=\"article:published_time\" content=\"2026-03-17T12:34:42+00:00\" \/>\n<meta property=\"article:modified_time\" content=\"2026-03-17T12:34:44+00:00\" \/>\n<meta property=\"og:image\" content=\"https:\/\/jornalfatosenoticias.com.br\/wp-content\/uploads\/2026\/03\/Alexandre-de-Moraes-e-Flavio-Dino.jpg\" \/>\n\t<meta property=\"og:image:width\" content=\"1000\" \/>\n\t<meta property=\"og:image:height\" content=\"562\" \/>\n\t<meta property=\"og:image:type\" content=\"image\/jpeg\" \/>\n<meta name=\"author\" content=\"Luzimara Fernandes\" \/>\n<meta name=\"twitter:card\" content=\"summary_large_image\" \/>\n<meta name=\"twitter:label1\" content=\"Escrito por\" \/>\n\t<meta name=\"twitter:data1\" content=\"Luzimara Fernandes\" \/>\n\t<meta name=\"twitter:label2\" content=\"Est. tempo de leitura\" \/>\n\t<meta name=\"twitter:data2\" content=\"6 minutos\" \/>\n<script type=\"application\/ld+json\" class=\"yoast-schema-graph\">{\"@context\":\"https:\/\/schema.org\",\"@graph\":[{\"@type\":\"Article\",\"@id\":\"https:\/\/jornalfatosenoticias.com.br\/index.php\/2026\/03\/17\/moraes-toma-serie-de-decisoes-beneficas-a-grupo-politico-de-dino-no-maranhao\/#article\",\"isPartOf\":{\"@id\":\"https:\/\/jornalfatosenoticias.com.br\/index.php\/2026\/03\/17\/moraes-toma-serie-de-decisoes-beneficas-a-grupo-politico-de-dino-no-maranhao\/\"},\"author\":{\"name\":\"Luzimara Fernandes\",\"@id\":\"https:\/\/jornalfatosenoticias.com.br\/#\/schema\/person\/d63837fa13ac8666eb9e74e0985d6f81\"},\"headline\":\"Moraes toma s\u00e9rie de decis\u00f5es ben\u00e9ficas a grupo pol\u00edtico de Dino no Maranh\u00e3o\",\"datePublished\":\"2026-03-17T12:34:42+00:00\",\"dateModified\":\"2026-03-17T12:34:44+00:00\",\"mainEntityOfPage\":{\"@id\":\"https:\/\/jornalfatosenoticias.com.br\/index.php\/2026\/03\/17\/moraes-toma-serie-de-decisoes-beneficas-a-grupo-politico-de-dino-no-maranhao\/\"},\"wordCount\":963,\"commentCount\":0,\"publisher\":{\"@id\":\"https:\/\/jornalfatosenoticias.com.br\/#organization\"},\"image\":{\"@id\":\"https:\/\/jornalfatosenoticias.com.br\/index.php\/2026\/03\/17\/moraes-toma-serie-de-decisoes-beneficas-a-grupo-politico-de-dino-no-maranhao\/#primaryimage\"},\"thumbnailUrl\":\"https:\/\/jornalfatosenoticias.com.br\/wp-content\/uploads\/2026\/03\/Alexandre-de-Moraes-e-Flavio-Dino.jpg\",\"keywords\":[\"Alexandre de Moraes\",\"ditadura do Judici\u00e1rio\",\"Fl\u00e1vio Dino\",\"justi\u00e7a\",\"Maranh\u00e3o\",\"M\u00e1rcio Jerry\",\"STF\"],\"articleSection\":[\"Geral\"],\"inLanguage\":\"pt-BR\",\"potentialAction\":[{\"@type\":\"CommentAction\",\"name\":\"Comment\",\"target\":[\"https:\/\/jornalfatosenoticias.com.br\/index.php\/2026\/03\/17\/moraes-toma-serie-de-decisoes-beneficas-a-grupo-politico-de-dino-no-maranhao\/#respond\"]}]},{\"@type\":\"WebPage\",\"@id\":\"https:\/\/jornalfatosenoticias.com.br\/index.php\/2026\/03\/17\/moraes-toma-serie-de-decisoes-beneficas-a-grupo-politico-de-dino-no-maranhao\/\",\"url\":\"https:\/\/jornalfatosenoticias.com.br\/index.php\/2026\/03\/17\/moraes-toma-serie-de-decisoes-beneficas-a-grupo-politico-de-dino-no-maranhao\/\",\"name\":\"Moraes toma s\u00e9rie de decis\u00f5es ben\u00e9ficas a grupo pol\u00edtico de Dino no Maranh\u00e3o - Jornal Fatos e Not\u00edcias\",\"isPartOf\":{\"@id\":\"https:\/\/jornalfatosenoticias.com.br\/#website\"},\"primaryImageOfPage\":{\"@id\":\"https:\/\/jornalfatosenoticias.com.br\/index.php\/2026\/03\/17\/moraes-toma-serie-de-decisoes-beneficas-a-grupo-politico-de-dino-no-maranhao\/#primaryimage\"},\"image\":{\"@id\":\"https:\/\/jornalfatosenoticias.com.br\/index.php\/2026\/03\/17\/moraes-toma-serie-de-decisoes-beneficas-a-grupo-politico-de-dino-no-maranhao\/#primaryimage\"},\"thumbnailUrl\":\"https:\/\/jornalfatosenoticias.com.br\/wp-content\/uploads\/2026\/03\/Alexandre-de-Moraes-e-Flavio-Dino.jpg\",\"datePublished\":\"2026-03-17T12:34:42+00:00\",\"dateModified\":\"2026-03-17T12:34:44+00:00\",\"breadcrumb\":{\"@id\":\"https:\/\/jornalfatosenoticias.com.br\/index.php\/2026\/03\/17\/moraes-toma-serie-de-decisoes-beneficas-a-grupo-politico-de-dino-no-maranhao\/#breadcrumb\"},\"inLanguage\":\"pt-BR\",\"potentialAction\":[{\"@type\":\"ReadAction\",\"target\":[\"https:\/\/jornalfatosenoticias.com.br\/index.php\/2026\/03\/17\/moraes-toma-serie-de-decisoes-beneficas-a-grupo-politico-de-dino-no-maranhao\/\"]}]},{\"@type\":\"ImageObject\",\"inLanguage\":\"pt-BR\",\"@id\":\"https:\/\/jornalfatosenoticias.com.br\/index.php\/2026\/03\/17\/moraes-toma-serie-de-decisoes-beneficas-a-grupo-politico-de-dino-no-maranhao\/#primaryimage\",\"url\":\"https:\/\/jornalfatosenoticias.com.br\/wp-content\/uploads\/2026\/03\/Alexandre-de-Moraes-e-Flavio-Dino.jpg\",\"contentUrl\":\"https:\/\/jornalfatosenoticias.com.br\/wp-content\/uploads\/2026\/03\/Alexandre-de-Moraes-e-Flavio-Dino.jpg\",\"width\":1000,\"height\":562},{\"@type\":\"BreadcrumbList\",\"@id\":\"https:\/\/jornalfatosenoticias.com.br\/index.php\/2026\/03\/17\/moraes-toma-serie-de-decisoes-beneficas-a-grupo-politico-de-dino-no-maranhao\/#breadcrumb\",\"itemListElement\":[{\"@type\":\"ListItem\",\"position\":1,\"name\":\"In\u00edcio\",\"item\":\"https:\/\/jornalfatosenoticias.com.br\/\"},{\"@type\":\"ListItem\",\"position\":2,\"name\":\"Moraes toma s\u00e9rie de decis\u00f5es ben\u00e9ficas a grupo pol\u00edtico de Dino no Maranh\u00e3o\"}]},{\"@type\":\"WebSite\",\"@id\":\"https:\/\/jornalfatosenoticias.com.br\/#website\",\"url\":\"https:\/\/jornalfatosenoticias.com.br\/\",\"name\":\"Jornal Fatos e Not\u00edcias\",\"description\":\"Not\u00edcias em geral\",\"publisher\":{\"@id\":\"https:\/\/jornalfatosenoticias.com.br\/#organization\"},\"potentialAction\":[{\"@type\":\"SearchAction\",\"target\":{\"@type\":\"EntryPoint\",\"urlTemplate\":\"https:\/\/jornalfatosenoticias.com.br\/?s={search_term_string}\"},\"query-input\":{\"@type\":\"PropertyValueSpecification\",\"valueRequired\":true,\"valueName\":\"search_term_string\"}}],\"inLanguage\":\"pt-BR\"},{\"@type\":\"Organization\",\"@id\":\"https:\/\/jornalfatosenoticias.com.br\/#organization\",\"name\":\"Jornal Fatos e Not\u00edcias\",\"url\":\"https:\/\/jornalfatosenoticias.com.br\/\",\"logo\":{\"@type\":\"ImageObject\",\"inLanguage\":\"pt-BR\",\"@id\":\"https:\/\/jornalfatosenoticias.com.br\/#\/schema\/logo\/image\/\",\"url\":\"https:\/\/jornalfatosenoticias.com.br\/wp-content\/uploads\/2020\/02\/logo120.png\",\"contentUrl\":\"https:\/\/jornalfatosenoticias.com.br\/wp-content\/uploads\/2020\/02\/logo120.png\",\"width\":1227,\"height\":120,\"caption\":\"Jornal Fatos e Not\u00edcias\"},\"image\":{\"@id\":\"https:\/\/jornalfatosenoticias.com.br\/#\/schema\/logo\/image\/\"}},{\"@type\":\"Person\",\"@id\":\"https:\/\/jornalfatosenoticias.com.br\/#\/schema\/person\/d63837fa13ac8666eb9e74e0985d6f81\",\"name\":\"Luzimara Fernandes\",\"image\":{\"@type\":\"ImageObject\",\"inLanguage\":\"pt-BR\",\"@id\":\"https:\/\/jornalfatosenoticias.com.br\/#\/schema\/person\/image\/\",\"url\":\"https:\/\/jornalfatosenoticias.com.br\/wp-content\/uploads\/2025\/05\/EU_portal.jpg\",\"contentUrl\":\"https:\/\/jornalfatosenoticias.com.br\/wp-content\/uploads\/2025\/05\/EU_portal.jpg\",\"caption\":\"Luzimara Fernandes\"},\"description\":\"Jornalista MTB 2358-ES\",\"sameAs\":[\"https:\/\/jornalfatosenoticias.com.br\"],\"url\":\"https:\/\/jornalfatosenoticias.com.br\/index.php\/author\/luzimara\/\"}]}<\/script>\n<!-- \/ Yoast SEO plugin. -->","yoast_head_json":{"title":"Moraes toma s\u00e9rie de decis\u00f5es ben\u00e9ficas a grupo pol\u00edtico de Dino no Maranh\u00e3o - Jornal Fatos e Not\u00edcias","robots":{"index":"index","follow":"follow","max-snippet":"max-snippet:-1","max-image-preview":"max-image-preview:large","max-video-preview":"max-video-preview:-1"},"canonical":"https:\/\/jornalfatosenoticias.com.br\/index.php\/2026\/03\/17\/moraes-toma-serie-de-decisoes-beneficas-a-grupo-politico-de-dino-no-maranhao\/","og_locale":"pt_BR","og_type":"article","og_title":"Moraes toma s\u00e9rie de decis\u00f5es ben\u00e9ficas a grupo pol\u00edtico de Dino no Maranh\u00e3o - Jornal Fatos e Not\u00edcias","og_description":"Alexandre de Moraes j\u00e1 afastou do cargo aliados do governador Carlos Brand\u00e3o, ex-aliado e hoje advers\u00e1rio pol\u00edtico de Fl\u00e1vio Dino no Maranh\u00e3o Por Renan Ramalho Desde que Fl\u00e1vio Dino tomou posse como ministro do Supremo Tribunal Federal (STF), em fevereiro de 2024, um grupo pol\u00edtico fiel a ele no Maranh\u00e3o tem acumulado uma s\u00e9rie de [&hellip;]","og_url":"https:\/\/jornalfatosenoticias.com.br\/index.php\/2026\/03\/17\/moraes-toma-serie-de-decisoes-beneficas-a-grupo-politico-de-dino-no-maranhao\/","og_site_name":"Jornal Fatos e Not\u00edcias","article_published_time":"2026-03-17T12:34:42+00:00","article_modified_time":"2026-03-17T12:34:44+00:00","og_image":[{"width":1000,"height":562,"url":"https:\/\/jornalfatosenoticias.com.br\/wp-content\/uploads\/2026\/03\/Alexandre-de-Moraes-e-Flavio-Dino.jpg","type":"image\/jpeg"}],"author":"Luzimara Fernandes","twitter_card":"summary_large_image","twitter_misc":{"Escrito por":"Luzimara Fernandes","Est. tempo de leitura":"6 minutos"},"schema":{"@context":"https:\/\/schema.org","@graph":[{"@type":"Article","@id":"https:\/\/jornalfatosenoticias.com.br\/index.php\/2026\/03\/17\/moraes-toma-serie-de-decisoes-beneficas-a-grupo-politico-de-dino-no-maranhao\/#article","isPartOf":{"@id":"https:\/\/jornalfatosenoticias.com.br\/index.php\/2026\/03\/17\/moraes-toma-serie-de-decisoes-beneficas-a-grupo-politico-de-dino-no-maranhao\/"},"author":{"name":"Luzimara Fernandes","@id":"https:\/\/jornalfatosenoticias.com.br\/#\/schema\/person\/d63837fa13ac8666eb9e74e0985d6f81"},"headline":"Moraes toma s\u00e9rie de decis\u00f5es ben\u00e9ficas a grupo pol\u00edtico de Dino no Maranh\u00e3o","datePublished":"2026-03-17T12:34:42+00:00","dateModified":"2026-03-17T12:34:44+00:00","mainEntityOfPage":{"@id":"https:\/\/jornalfatosenoticias.com.br\/index.php\/2026\/03\/17\/moraes-toma-serie-de-decisoes-beneficas-a-grupo-politico-de-dino-no-maranhao\/"},"wordCount":963,"commentCount":0,"publisher":{"@id":"https:\/\/jornalfatosenoticias.com.br\/#organization"},"image":{"@id":"https:\/\/jornalfatosenoticias.com.br\/index.php\/2026\/03\/17\/moraes-toma-serie-de-decisoes-beneficas-a-grupo-politico-de-dino-no-maranhao\/#primaryimage"},"thumbnailUrl":"https:\/\/jornalfatosenoticias.com.br\/wp-content\/uploads\/2026\/03\/Alexandre-de-Moraes-e-Flavio-Dino.jpg","keywords":["Alexandre de Moraes","ditadura do Judici\u00e1rio","Fl\u00e1vio Dino","justi\u00e7a","Maranh\u00e3o","M\u00e1rcio Jerry","STF"],"articleSection":["Geral"],"inLanguage":"pt-BR","potentialAction":[{"@type":"CommentAction","name":"Comment","target":["https:\/\/jornalfatosenoticias.com.br\/index.php\/2026\/03\/17\/moraes-toma-serie-de-decisoes-beneficas-a-grupo-politico-de-dino-no-maranhao\/#respond"]}]},{"@type":"WebPage","@id":"https:\/\/jornalfatosenoticias.com.br\/index.php\/2026\/03\/17\/moraes-toma-serie-de-decisoes-beneficas-a-grupo-politico-de-dino-no-maranhao\/","url":"https:\/\/jornalfatosenoticias.com.br\/index.php\/2026\/03\/17\/moraes-toma-serie-de-decisoes-beneficas-a-grupo-politico-de-dino-no-maranhao\/","name":"Moraes toma s\u00e9rie de decis\u00f5es ben\u00e9ficas a grupo pol\u00edtico de Dino no Maranh\u00e3o - Jornal Fatos e Not\u00edcias","isPartOf":{"@id":"https:\/\/jornalfatosenoticias.com.br\/#website"},"primaryImageOfPage":{"@id":"https:\/\/jornalfatosenoticias.com.br\/index.php\/2026\/03\/17\/moraes-toma-serie-de-decisoes-beneficas-a-grupo-politico-de-dino-no-maranhao\/#primaryimage"},"image":{"@id":"https:\/\/jornalfatosenoticias.com.br\/index.php\/2026\/03\/17\/moraes-toma-serie-de-decisoes-beneficas-a-grupo-politico-de-dino-no-maranhao\/#primaryimage"},"thumbnailUrl":"https:\/\/jornalfatosenoticias.com.br\/wp-content\/uploads\/2026\/03\/Alexandre-de-Moraes-e-Flavio-Dino.jpg","datePublished":"2026-03-17T12:34:42+00:00","dateModified":"2026-03-17T12:34:44+00:00","breadcrumb":{"@id":"https:\/\/jornalfatosenoticias.com.br\/index.php\/2026\/03\/17\/moraes-toma-serie-de-decisoes-beneficas-a-grupo-politico-de-dino-no-maranhao\/#breadcrumb"},"inLanguage":"pt-BR","potentialAction":[{"@type":"ReadAction","target":["https:\/\/jornalfatosenoticias.com.br\/index.php\/2026\/03\/17\/moraes-toma-serie-de-decisoes-beneficas-a-grupo-politico-de-dino-no-maranhao\/"]}]},{"@type":"ImageObject","inLanguage":"pt-BR","@id":"https:\/\/jornalfatosenoticias.com.br\/index.php\/2026\/03\/17\/moraes-toma-serie-de-decisoes-beneficas-a-grupo-politico-de-dino-no-maranhao\/#primaryimage","url":"https:\/\/jornalfatosenoticias.com.br\/wp-content\/uploads\/2026\/03\/Alexandre-de-Moraes-e-Flavio-Dino.jpg","contentUrl":"https:\/\/jornalfatosenoticias.com.br\/wp-content\/uploads\/2026\/03\/Alexandre-de-Moraes-e-Flavio-Dino.jpg","width":1000,"height":562},{"@type":"BreadcrumbList","@id":"https:\/\/jornalfatosenoticias.com.br\/index.php\/2026\/03\/17\/moraes-toma-serie-de-decisoes-beneficas-a-grupo-politico-de-dino-no-maranhao\/#breadcrumb","itemListElement":[{"@type":"ListItem","position":1,"name":"In\u00edcio","item":"https:\/\/jornalfatosenoticias.com.br\/"},{"@type":"ListItem","position":2,"name":"Moraes toma s\u00e9rie de decis\u00f5es ben\u00e9ficas a grupo pol\u00edtico de Dino no Maranh\u00e3o"}]},{"@type":"WebSite","@id":"https:\/\/jornalfatosenoticias.com.br\/#website","url":"https:\/\/jornalfatosenoticias.com.br\/","name":"Jornal Fatos e Not\u00edcias","description":"Not\u00edcias em geral","publisher":{"@id":"https:\/\/jornalfatosenoticias.com.br\/#organization"},"potentialAction":[{"@type":"SearchAction","target":{"@type":"EntryPoint","urlTemplate":"https:\/\/jornalfatosenoticias.com.br\/?s={search_term_string}"},"query-input":{"@type":"PropertyValueSpecification","valueRequired":true,"valueName":"search_term_string"}}],"inLanguage":"pt-BR"},{"@type":"Organization","@id":"https:\/\/jornalfatosenoticias.com.br\/#organization","name":"Jornal Fatos e Not\u00edcias","url":"https:\/\/jornalfatosenoticias.com.br\/","logo":{"@type":"ImageObject","inLanguage":"pt-BR","@id":"https:\/\/jornalfatosenoticias.com.br\/#\/schema\/logo\/image\/","url":"https:\/\/jornalfatosenoticias.com.br\/wp-content\/uploads\/2020\/02\/logo120.png","contentUrl":"https:\/\/jornalfatosenoticias.com.br\/wp-content\/uploads\/2020\/02\/logo120.png","width":1227,"height":120,"caption":"Jornal Fatos e Not\u00edcias"},"image":{"@id":"https:\/\/jornalfatosenoticias.com.br\/#\/schema\/logo\/image\/"}},{"@type":"Person","@id":"https:\/\/jornalfatosenoticias.com.br\/#\/schema\/person\/d63837fa13ac8666eb9e74e0985d6f81","name":"Luzimara Fernandes","image":{"@type":"ImageObject","inLanguage":"pt-BR","@id":"https:\/\/jornalfatosenoticias.com.br\/#\/schema\/person\/image\/","url":"https:\/\/jornalfatosenoticias.com.br\/wp-content\/uploads\/2025\/05\/EU_portal.jpg","contentUrl":"https:\/\/jornalfatosenoticias.com.br\/wp-content\/uploads\/2025\/05\/EU_portal.jpg","caption":"Luzimara Fernandes"},"description":"Jornalista MTB 2358-ES","sameAs":["https:\/\/jornalfatosenoticias.com.br"],"url":"https:\/\/jornalfatosenoticias.com.br\/index.php\/author\/luzimara\/"}]}},"cc_featured_image_caption":{"caption_text":"(Foto: Luiz Silveira\/STF)","source_text":"","source_url":""},"jetpack_featured_media_url":"https:\/\/jornalfatosenoticias.com.br\/wp-content\/uploads\/2026\/03\/Alexandre-de-Moraes-e-Flavio-Dino.jpg","_links":{"self":[{"href":"https:\/\/jornalfatosenoticias.com.br\/index.php\/wp-json\/wp\/v2\/posts\/65962","targetHints":{"allow":["GET"]}}],"collection":[{"href":"https:\/\/jornalfatosenoticias.com.br\/index.php\/wp-json\/wp\/v2\/posts"}],"about":[{"href":"https:\/\/jornalfatosenoticias.com.br\/index.php\/wp-json\/wp\/v2\/types\/post"}],"author":[{"embeddable":true,"href":"https:\/\/jornalfatosenoticias.com.br\/index.php\/wp-json\/wp\/v2\/users\/2"}],"replies":[{"embeddable":true,"href":"https:\/\/jornalfatosenoticias.com.br\/index.php\/wp-json\/wp\/v2\/comments?post=65962"}],"version-history":[{"count":1,"href":"https:\/\/jornalfatosenoticias.com.br\/index.php\/wp-json\/wp\/v2\/posts\/65962\/revisions"}],"predecessor-version":[{"id":65964,"href":"https:\/\/jornalfatosenoticias.com.br\/index.php\/wp-json\/wp\/v2\/posts\/65962\/revisions\/65964"}],"wp:featuredmedia":[{"embeddable":true,"href":"https:\/\/jornalfatosenoticias.com.br\/index.php\/wp-json\/wp\/v2\/media\/65963"}],"wp:attachment":[{"href":"https:\/\/jornalfatosenoticias.com.br\/index.php\/wp-json\/wp\/v2\/media?parent=65962"}],"wp:term":[{"taxonomy":"category","embeddable":true,"href":"https:\/\/jornalfatosenoticias.com.br\/index.php\/wp-json\/wp\/v2\/categories?post=65962"},{"taxonomy":"post_tag","embeddable":true,"href":"https:\/\/jornalfatosenoticias.com.br\/index.php\/wp-json\/wp\/v2\/tags?post=65962"}],"curies":[{"name":"wp","href":"https:\/\/api.w.org\/{rel}","templated":true}]}}