{"id":65965,"date":"2026-03-17T10:02:04","date_gmt":"2026-03-17T13:02:04","guid":{"rendered":"https:\/\/jornalfatosenoticias.com.br\/?p=65965"},"modified":"2026-03-17T10:02:06","modified_gmt":"2026-03-17T13:02:06","slug":"maioridade-penal-reforma-trabalhista-e-mais-argentina-sob-milei-desafia-modelos-defendidos-por-lula","status":"publish","type":"post","link":"https:\/\/jornalfatosenoticias.com.br\/index.php\/2026\/03\/17\/maioridade-penal-reforma-trabalhista-e-mais-argentina-sob-milei-desafia-modelos-defendidos-por-lula\/","title":{"rendered":"Maioridade penal, reforma trabalhista e mais: Argentina sob Milei desafia modelos defendidos por Lula"},"content":{"rendered":"\n<p><em><mark style=\"background-color:rgba(0, 0, 0, 0)\" class=\"has-inline-color has-black-color\"><em><mark style=\"background-color:rgba(0, 0, 0, 0)\" class=\"has-inline-color has-black-color\">Lula (PT) e o<\/mark><\/em> presidente da Argentina, Javier Milei, s\u00e3o conhecidos pelas diverg\u00eancias pol\u00edticas<\/mark><\/em><\/p>\n\n\n\n<p><mark style=\"background-color:rgba(0, 0, 0, 0)\" class=\"has-inline-color has-black-color\">Por <strong><a href=\"https:\/\/www.gazetadopovo.com.br\/autor\/isabella-de-paula\/\">Isabella de Paula<\/a><\/strong><\/mark><\/p>\n\n\n\n<p>O presidente Javier Milei emplacou duas vit\u00f3rias recentes em sua agenda de reformas estruturais na Argentina. Uma delas, a trabalhista, busca flexibilizar as rela\u00e7\u00f5es de trabalho e se adequar \u00e0s novas demandas da era digital, enquanto a outra prev\u00ea altera\u00e7\u00f5es no Regime Penal Juvenil, incluindo a <a href=\"https:\/\/www.gazetadopovo.com.br\/mundo\/congresso-da-argentina-aprova-em-definitivo-reducao-da-maioridade-penal-para-14-anos\/\" target=\"_blank\" rel=\"noreferrer noopener\">redu\u00e7\u00e3o da maioridade penal<\/a> de 16 para 14 anos. Ambas as medidas evidenciam o contraste entre o modelo pol\u00edtico defendido pelo libert\u00e1rio e pelo governo brasileiro, liderado por Luiz In\u00e1cio Lula da Silva (PT).<br>Uma das marcas do governo Milei \u00e9 a &#8220;terapia de choque&#8221; na economia para tentar recuperar o pa\u00eds de uma profunda crise aberta por administra\u00e7\u00f5es anteriores. Entre as a\u00e7\u00f5es tomadas desde 2023 est\u00e3o <strong>cortes dr\u00e1sticos nos gastos p\u00fablicos,<\/strong> facilita\u00e7\u00e3o de privatiza\u00e7\u00f5es e uma <strong>redu\u00e7\u00e3o<\/strong> cada vez <strong>maior da interfer\u00eancia do Estado na sociedade. Outra distin\u00e7\u00e3o em rela\u00e7\u00e3o \u00e0 administra\u00e7\u00e3o brasileira, que registrou <a href=\"https:\/\/www.gazetadopovo.com.br\/republica\/gastos-administrativos-2025-governo-lula-atingem-maior-valor-9-anos\/\" target=\"_blank\" rel=\"noreferrer noopener\">gastos recordes<\/a> no ano passado.<\/strong><br>O professor de Neg\u00f3cios Internacionais e Rela\u00e7\u00f5es Internacionais da Pontif\u00edcia Universidade Cat\u00f3lica do Paran\u00e1 (PUC-PR) <strong>Jo\u00e3o Alfredo Lopes Nyegray<\/strong> destaca que as principais diferen\u00e7as das agendas pol\u00edticas de Milei e Lula est\u00e3o relacionadas ao papel do Estado na economia e na organiza\u00e7\u00e3o da sociedade. Apesar das duas na\u00e7\u00f5es detentoras das maiores economias da Am\u00e9rica Latina enfrentarem desafios semelhantes, como baixo crescimento, desigualdade social e forte press\u00e3o fiscal, as respostas propostas s\u00e3o estruturalmente opostas na pr\u00e1tica.<\/p>\n\n\n<div class=\"wp-block-image\">\n<figure class=\"aligncenter size-full is-resized\"><a href=\"https:\/\/www.delpupometalmecanica.com.br\/\"><img loading=\"lazy\" decoding=\"async\" width=\"1000\" height=\"525\" src=\"https:\/\/jornalfatosenoticias.com.br\/wp-content\/uploads\/2026\/01\/delpupo-logo.jpg\" alt=\"\" class=\"wp-image-64770\" style=\"aspect-ratio:1.9048293944655068;width:448px;height:auto\" srcset=\"https:\/\/jornalfatosenoticias.com.br\/wp-content\/uploads\/2026\/01\/delpupo-logo.jpg 1000w, https:\/\/jornalfatosenoticias.com.br\/wp-content\/uploads\/2026\/01\/delpupo-logo-300x158.jpg 300w, https:\/\/jornalfatosenoticias.com.br\/wp-content\/uploads\/2026\/01\/delpupo-logo-768x403.jpg 768w\" sizes=\"auto, (max-width: 1000px) 100vw, 1000px\" \/><\/a><\/figure>\n<\/div>\n\n\n<blockquote class=\"wp-block-quote is-layout-flow wp-block-quote-is-layout-flow\">\n<p><mark style=\"background-color:rgba(0, 0, 0, 0)\" class=\"has-inline-color has-luminous-vivid-orange-color\">No caso argentino, a estrat\u00e9gia de Milei parte de um diagn\u00f3stico liberal cl\u00e1ssico: o problema central da economia \u00e9 o excesso de Estado. Para esse diagn\u00f3stico, d\u00e9cadas de interven\u00e7\u00e3o estatal, protecionismo, subs\u00eddios e rigidez institucional produziram um sistema econ\u00f4mico pouco competitivo, altamente inflacion\u00e1rio e dependente de financiamento p\u00fablico&#8221;, pontua o professor.<\/mark><\/p>\n<\/blockquote>\n\n\n\n<p>Nesse sentido, reformas propostas pelo governo como a trabalhista cumprem a fun\u00e7\u00e3o de ajudar na recupera\u00e7\u00e3o econ\u00f4mica ao reduzir o custo regulat\u00f3rio da atividade produtiva, flexibilizar o mercado de trabalho e diminuir o risco jur\u00eddico para empresas.<\/p>\n\n\n<div class=\"wp-block-image\">\n<figure class=\"aligncenter size-large\"><a href=\"https:\/\/mizu.com.br\/\"><img loading=\"lazy\" decoding=\"async\" width=\"1024\" height=\"99\" src=\"https:\/\/jornalfatosenoticias.com.br\/wp-content\/uploads\/2020\/02\/Logo-Mizu-segunda-2-1024x99.png\" alt=\"\" class=\"wp-image-2353\" srcset=\"https:\/\/jornalfatosenoticias.com.br\/wp-content\/uploads\/2020\/02\/Logo-Mizu-segunda-2-1024x99.png 1024w, https:\/\/jornalfatosenoticias.com.br\/wp-content\/uploads\/2020\/02\/Logo-Mizu-segunda-2-300x29.png 300w, https:\/\/jornalfatosenoticias.com.br\/wp-content\/uploads\/2020\/02\/Logo-Mizu-segunda-2-768x74.png 768w, https:\/\/jornalfatosenoticias.com.br\/wp-content\/uploads\/2020\/02\/Logo-Mizu-segunda-2.png 1240w\" sizes=\"auto, (max-width: 1024px) 100vw, 1024px\" \/><\/a><\/figure>\n<\/div>\n\n\n<p><strong><mark style=\"background-color:rgba(0, 0, 0, 0)\" class=\"has-inline-color has-black-color\">Modelo brasileiro segue l\u00f3gica quase inversa<br><\/mark><\/strong>A <strong>vis\u00e3o pol\u00edtica de Lula<\/strong> <strong>segue uma l\u00f3gica <\/strong>quase inversa <strong>de manuten\u00e7\u00e3o da presen\u00e7a do Estado como agente central de desenvolvimento econ\u00f4mico e de prote\u00e7\u00e3o social.<\/strong> Nesse modelo, explica Nyegray, pol\u00edticas p\u00fablicas como <strong>amplia\u00e7\u00e3o de programas sociais, aumento do investimento p\u00fablico, fortalecimento de bancos estatais<\/strong> e est\u00edmulos fiscais s\u00e3o vistas como instrumentos para dinamizar a economia e reduzir desigualdades.<br>Em rela\u00e7\u00e3o \u00e0 reforma trabalhista argentina, a nova legisla\u00e7\u00e3o aprovada pelo Congresso permitiu a flexibiliza\u00e7\u00e3o da jornada de trabalho (agora, h\u00e1 possibilidade de turnos de at\u00e9 12 horas), a redu\u00e7\u00e3o da participa\u00e7\u00e3o sindical em negocia\u00e7\u00f5es entre empregador e empregado e um incentivo \u00e0s empresas que se tornaram v\u00edtimas da estagna\u00e7\u00e3o econ\u00f4mica no pa\u00eds na \u00faltima d\u00e9cada por meio do barateamento das contribui\u00e7\u00f5es patronais e das demiss\u00f5es.<br>Contrastando com essa medida, o governo Lula colocou como uma de suas prioridades neste ano eleitoral avan\u00e7ar com a aprova\u00e7\u00e3o do <strong><a href=\"https:\/\/www.gazetadopovo.com.br\/economia\/fim-escala-6x1-empregos-inflacao-informalidade\/\" target=\"_blank\" rel=\"noreferrer noopener\">fim da escala 6X1,<\/a><\/strong> para reduzir a jornada semanal de 44 para 36 horas de trabalho. Quanto \u00e0 quest\u00e3o da maioridade penal, os dois pa\u00edses tamb\u00e9m seguem por vias antag\u00f4nicas. Enquanto o governo Milei celebrou a <a href=\"https:\/\/www.gazetadopovo.com.br\/mundo\/congresso-da-argentina-aprova-em-definitivo-reducao-da-maioridade-penal-para-14-anos\/\" target=\"_blank\" rel=\"noreferrer noopener\">redu\u00e7\u00e3o da maioridade penal\u00a0<\/a>de 16 para 14 anos na Argentina, no m\u00eas passado, a base do governo Lula conseguiu barrar a aprova\u00e7\u00e3o de um\u00a0<a href=\"https:\/\/www.gazetadopovo.com.br\/republica\/camara-aprova-pec-da-seguranca-publica-sem-reducao-da-maioridade-penal\/?ref=veja-tambem\" target=\"_blank\" rel=\"noreferrer noopener\">trecho da PEC de Seguran\u00e7a P\u00fablica<\/a> que tramita no Congresso, que prop\u00f5e reduzir a maioridade penal de 18 para 16 anos.<\/p>\n\n\n<div class=\"wp-block-image\">\n<figure class=\"aligncenter size-large is-resized\"><a href=\"https:\/\/www.instagram.com\/restaurantepegoretti\/\"><img loading=\"lazy\" decoding=\"async\" width=\"1024\" height=\"389\" src=\"https:\/\/jornalfatosenoticias.com.br\/wp-content\/uploads\/2023\/12\/pegoretti-logo-pdf-1024x389.jpg\" alt=\"\" class=\"wp-image-47536\" style=\"aspect-ratio:2.632455195377534;width:587px;height:auto\" srcset=\"https:\/\/jornalfatosenoticias.com.br\/wp-content\/uploads\/2023\/12\/pegoretti-logo-pdf-1024x389.jpg 1024w, https:\/\/jornalfatosenoticias.com.br\/wp-content\/uploads\/2023\/12\/pegoretti-logo-pdf-300x114.jpg 300w, https:\/\/jornalfatosenoticias.com.br\/wp-content\/uploads\/2023\/12\/pegoretti-logo-pdf-768x291.jpg 768w, https:\/\/jornalfatosenoticias.com.br\/wp-content\/uploads\/2023\/12\/pegoretti-logo-pdf.jpg 1120w\" sizes=\"auto, (max-width: 1024px) 100vw, 1024px\" \/><\/a><\/figure>\n<\/div>\n\n\n<p><strong><mark style=\"background-color:rgba(0, 0, 0, 0)\" class=\"has-inline-color has-black-color\">Expectativas econ\u00f4mica e de seguran\u00e7a dos pa\u00edses contrastam<br><\/mark><\/strong>Um dos principais pontos que evidenciam a condu\u00e7\u00e3o por trajet\u00f3rias diferentes entre os dois pa\u00edses \u00e9 a compara\u00e7\u00e3o econ\u00f4mica. Enquanto a <strong>Argentina d\u00e1 sinais de uma recupera\u00e7\u00e3o,<\/strong> apesar da infla\u00e7\u00e3o anual continuar nas alturas \u2014 fechou em 33,1% segundo dados atualizados do Instituto Nacional de Estat\u00edstica e Censos \u2014 <strong>o Brasil voltou a enfrentar uma acelera\u00e7\u00e3o inflacion\u00e1ria,<\/strong> ficando em 0,7% mensal e 3,81% nos \u00faltimos 12 meses,\u00a0<a href=\"https:\/\/www.gazetadopovo.com.br\/economia\/ipca-inflacao-fevereiro-sobe-alem-esperado-07\/\" target=\"_blank\" rel=\"noreferrer noopener\">acima da expectativa<\/a> do mercado.<br>O presidente Javier Milei disse a empres\u00e1rios em Nova York, durante viagem oficial focada em buscar recursos para a Argentina, que seu governo prev\u00ea uma infla\u00e7\u00e3o abaixo de 1% entre junho e agosto de 2026. Desde 2023, o argentino promove sua pol\u00edtica da <em>&#8220;motosserra&#8221;<\/em>, que se tornou s\u00edmbolo mundial do movimento pela <strong>redu\u00e7\u00e3o do Estado e da burocracia na Argentina. <\/strong>Entre as principais medidas tomadas para <strong>reduzir a m\u00e1quina p\u00fablica<\/strong> est\u00e3o a <strong>elimina\u00e7\u00e3o de milhares de cargos e o esvaziamento de minist\u00e9rios<\/strong> no governo \u2014 outro ponto que <strong>Lula <\/strong>contrasta de Milei, visto que <strong>defendeu a\u00a0<a href=\"https:\/\/www.gazetadopovo.com.br\/republica\/lula-ministerios-governo-tem-pouco-ministro\/\" target=\"_blank\" rel=\"noreferrer noopener\">cria\u00e7\u00e3o de mais minist\u00e9rios<\/a> em sua administra\u00e7\u00e3o.<\/strong><\/p>\n\n\n<div class=\"wp-block-image\">\n<figure class=\"aligncenter size-full is-resized\"><a href=\"https:\/\/www.instagram.com\/alhoroxao\/\"><img loading=\"lazy\" decoding=\"async\" width=\"960\" height=\"365\" src=\"https:\/\/jornalfatosenoticias.com.br\/wp-content\/uploads\/2026\/01\/logo-alho-Roxao.png\" alt=\"\" class=\"wp-image-64448\" style=\"width:639px;height:auto\" srcset=\"https:\/\/jornalfatosenoticias.com.br\/wp-content\/uploads\/2026\/01\/logo-alho-Roxao.png 960w, https:\/\/jornalfatosenoticias.com.br\/wp-content\/uploads\/2026\/01\/logo-alho-Roxao-300x114.png 300w, https:\/\/jornalfatosenoticias.com.br\/wp-content\/uploads\/2026\/01\/logo-alho-Roxao-768x292.png 768w\" sizes=\"auto, (max-width: 960px) 100vw, 960px\" \/><\/a><\/figure>\n<\/div>\n\n\n<p>Em rela\u00e7\u00e3o \u00e0s pol\u00edticas voltadas para seguran\u00e7a nacional e regional, os dois governos tamb\u00e9m mant\u00eam um distanciamento consider\u00e1vel. Desde que chegou \u00e0 Casa Rosada, <strong>o libert\u00e1rio argentino endureceu o projeto de Estado contra o crime e o tr\u00e1fico de drogas, enquanto o Brasil enfrentou <a href=\"https:\/\/www.gazetadopovo.com.br\/vida-e-cidadania\/mao-frouxa-com-faccoes-criminosas-marca-governo-lula-em-discurso-e-acoes\/\" target=\"_blank\" rel=\"noreferrer noopener\">grandes obst\u00e1culos<\/a> no combate \u00e0s organiza\u00e7\u00f5es criminosas.<\/strong> Um epis\u00f3dio recente que evidencia esse contraste entre as duas lideran\u00e7as foi a reuni\u00e3o promovida pelos EUA para o lan\u00e7amento da c\u00fapula \u201cEscudo das Am\u00e9ricas\u201d, iniciativa voltada ao refor\u00e7o da coopera\u00e7\u00e3o em seguran\u00e7a e ao combate ao narcotr\u00e1fico no Hemisf\u00e9rio Ocidental, na qual Milei esteve presente e Lula n\u00e3o participou.<br>A aus\u00eancia do petista e outros l\u00edderes de esquerda da regi\u00e3o sinaliza uma falta de alinhamento com as pol\u00edticas de seguran\u00e7a de Trump, quest\u00e3o que pode se tornar um empecilho na rela\u00e7\u00e3o diplom\u00e1tica entre pa\u00edses do continente. Washington tamb\u00e9m indicou nos \u00faltimos dias que <a href=\"https:\/\/www.gazetadopovo.com.br\/mundo\/governo-trump-avalia-declarar-pcc-e-comando-vermelho-como-terroristas\/\" target=\"_blank\" rel=\"noreferrer noopener\">avalia classificar as fac\u00e7\u00f5es<\/a> brasileiras Primeiro Comando da Capital (PCC) e Comando Vermelho (CV) como organiza\u00e7\u00f5es terroristas estrangeiras, an\u00fancio que foi recebido pelo governo Lula com preocupa\u00e7\u00e3o. Por sua vez, a Argentina j\u00e1 havia tomado a decis\u00e3o no ano passado, quando houve risco de fuga de criminosos brasileiros para o pa\u00eds ap\u00f3s a megaopera\u00e7\u00e3o policial no Rio de Janeiro contra o crime organizado.<\/p>\n\n\n<div class=\"wp-block-image\">\n<figure class=\"aligncenter size-full is-resized\"><a href=\"https:\/\/premiertemperos.com.br\/novo\/\"><img loading=\"lazy\" decoding=\"async\" width=\"851\" height=\"315\" src=\"https:\/\/jornalfatosenoticias.com.br\/wp-content\/uploads\/2020\/02\/logo-Premier-Temperos.png\" alt=\"\" class=\"wp-image-64452\" style=\"aspect-ratio:2.7017790732736957;width:640px;height:auto\" srcset=\"https:\/\/jornalfatosenoticias.com.br\/wp-content\/uploads\/2020\/02\/logo-Premier-Temperos.png 851w, https:\/\/jornalfatosenoticias.com.br\/wp-content\/uploads\/2020\/02\/logo-Premier-Temperos-300x111.png 300w, https:\/\/jornalfatosenoticias.com.br\/wp-content\/uploads\/2020\/02\/logo-Premier-Temperos-768x284.png 768w\" sizes=\"auto, (max-width: 851px) 100vw, 851px\" \/><\/a><\/figure>\n<\/div>\n\n\n<p><strong>Fonte: <a href=\"https:\/\/www.gazetadopovo.com.br\/mundo\/argentina-sob-milei-desafia-modelos-defendidos-por-lula\/\">Gazeta do Povo<\/a><\/strong><\/p>\n","protected":false},"excerpt":{"rendered":"<p>Lula (PT) e o presidente da Argentina, Javier Milei, s\u00e3o conhecidos pelas diverg\u00eancias pol\u00edticas Por Isabella de Paula O presidente Javier Milei emplacou duas vit\u00f3rias recentes em sua agenda de reformas estruturais na Argentina. Uma delas, a trabalhista, busca flexibilizar as rela\u00e7\u00f5es de trabalho e se adequar \u00e0s novas demandas da era digital, enquanto a [&hellip;]<\/p>\n","protected":false},"author":2,"featured_media":65966,"comment_status":"open","ping_status":"open","sticky":false,"template":"","format":"standard","meta":{"footnotes":""},"categories":[21374],"tags":[30016,5995,30017,18557,7580,297,20010],"class_list":["post-65965","post","type-post","status-publish","format-standard","has-post-thumbnail","hentry","category-relacoes-internacionais","tag-antagonismo-politico","tag-argentina","tag-cortes-nos-gastos-publicos","tag-crime-organizado","tag-lula","tag-maioridade-penal","tag-reforma-trabalhista"],"yoast_head":"<!-- This site is optimized with the Yoast SEO plugin v26.5 - https:\/\/yoast.com\/wordpress\/plugins\/seo\/ -->\n<title>Maioridade penal, reforma trabalhista e mais: Argentina sob Milei desafia modelos defendidos por Lula - Jornal Fatos e Not\u00edcias<\/title>\n<meta name=\"robots\" content=\"index, follow, max-snippet:-1, max-image-preview:large, max-video-preview:-1\" \/>\n<link rel=\"canonical\" href=\"https:\/\/jornalfatosenoticias.com.br\/index.php\/2026\/03\/17\/maioridade-penal-reforma-trabalhista-e-mais-argentina-sob-milei-desafia-modelos-defendidos-por-lula\/\" \/>\n<meta property=\"og:locale\" content=\"pt_BR\" \/>\n<meta property=\"og:type\" content=\"article\" \/>\n<meta property=\"og:title\" content=\"Maioridade penal, reforma trabalhista e mais: Argentina sob Milei desafia modelos defendidos por Lula - Jornal Fatos e Not\u00edcias\" \/>\n<meta property=\"og:description\" content=\"Lula (PT) e o presidente da Argentina, Javier Milei, s\u00e3o conhecidos pelas diverg\u00eancias pol\u00edticas Por Isabella de Paula O presidente Javier Milei emplacou duas vit\u00f3rias recentes em sua agenda de reformas estruturais na Argentina. Uma delas, a trabalhista, busca flexibilizar as rela\u00e7\u00f5es de trabalho e se adequar \u00e0s novas demandas da era digital, enquanto a [&hellip;]\" \/>\n<meta property=\"og:url\" content=\"https:\/\/jornalfatosenoticias.com.br\/index.php\/2026\/03\/17\/maioridade-penal-reforma-trabalhista-e-mais-argentina-sob-milei-desafia-modelos-defendidos-por-lula\/\" \/>\n<meta property=\"og:site_name\" content=\"Jornal Fatos e Not\u00edcias\" \/>\n<meta property=\"article:published_time\" content=\"2026-03-17T13:02:04+00:00\" \/>\n<meta property=\"article:modified_time\" content=\"2026-03-17T13:02:06+00:00\" \/>\n<meta property=\"og:image\" content=\"https:\/\/jornalfatosenoticias.com.br\/wp-content\/uploads\/2026\/03\/molusco-Milei_gettyimages.jpg\" \/>\n\t<meta property=\"og:image:width\" content=\"612\" \/>\n\t<meta property=\"og:image:height\" content=\"245\" \/>\n\t<meta property=\"og:image:type\" content=\"image\/jpeg\" \/>\n<meta name=\"author\" content=\"Luzimara Fernandes\" \/>\n<meta name=\"twitter:card\" content=\"summary_large_image\" \/>\n<meta name=\"twitter:label1\" content=\"Escrito por\" \/>\n\t<meta name=\"twitter:data1\" content=\"Luzimara Fernandes\" \/>\n\t<meta name=\"twitter:label2\" content=\"Est. tempo de leitura\" \/>\n\t<meta name=\"twitter:data2\" content=\"7 minutos\" \/>\n<script type=\"application\/ld+json\" class=\"yoast-schema-graph\">{\"@context\":\"https:\/\/schema.org\",\"@graph\":[{\"@type\":\"Article\",\"@id\":\"https:\/\/jornalfatosenoticias.com.br\/index.php\/2026\/03\/17\/maioridade-penal-reforma-trabalhista-e-mais-argentina-sob-milei-desafia-modelos-defendidos-por-lula\/#article\",\"isPartOf\":{\"@id\":\"https:\/\/jornalfatosenoticias.com.br\/index.php\/2026\/03\/17\/maioridade-penal-reforma-trabalhista-e-mais-argentina-sob-milei-desafia-modelos-defendidos-por-lula\/\"},\"author\":{\"name\":\"Luzimara Fernandes\",\"@id\":\"https:\/\/jornalfatosenoticias.com.br\/#\/schema\/person\/d63837fa13ac8666eb9e74e0985d6f81\"},\"headline\":\"Maioridade penal, reforma trabalhista e mais: Argentina sob Milei desafia modelos defendidos por Lula\",\"datePublished\":\"2026-03-17T13:02:04+00:00\",\"dateModified\":\"2026-03-17T13:02:06+00:00\",\"mainEntityOfPage\":{\"@id\":\"https:\/\/jornalfatosenoticias.com.br\/index.php\/2026\/03\/17\/maioridade-penal-reforma-trabalhista-e-mais-argentina-sob-milei-desafia-modelos-defendidos-por-lula\/\"},\"wordCount\":1101,\"commentCount\":0,\"publisher\":{\"@id\":\"https:\/\/jornalfatosenoticias.com.br\/#organization\"},\"image\":{\"@id\":\"https:\/\/jornalfatosenoticias.com.br\/index.php\/2026\/03\/17\/maioridade-penal-reforma-trabalhista-e-mais-argentina-sob-milei-desafia-modelos-defendidos-por-lula\/#primaryimage\"},\"thumbnailUrl\":\"https:\/\/jornalfatosenoticias.com.br\/wp-content\/uploads\/2026\/03\/molusco-Milei_gettyimages.jpg\",\"keywords\":[\"antagonismo pol\u00edtico\",\"Argentina\",\"cortes nos gastos p\u00fablicos\",\"crime organizado\",\"Lula\",\"maioridade penal\",\"reforma trabalhista\"],\"articleSection\":[\"Rela\u00e7\u00f5es Internacionais\"],\"inLanguage\":\"pt-BR\",\"potentialAction\":[{\"@type\":\"CommentAction\",\"name\":\"Comment\",\"target\":[\"https:\/\/jornalfatosenoticias.com.br\/index.php\/2026\/03\/17\/maioridade-penal-reforma-trabalhista-e-mais-argentina-sob-milei-desafia-modelos-defendidos-por-lula\/#respond\"]}]},{\"@type\":\"WebPage\",\"@id\":\"https:\/\/jornalfatosenoticias.com.br\/index.php\/2026\/03\/17\/maioridade-penal-reforma-trabalhista-e-mais-argentina-sob-milei-desafia-modelos-defendidos-por-lula\/\",\"url\":\"https:\/\/jornalfatosenoticias.com.br\/index.php\/2026\/03\/17\/maioridade-penal-reforma-trabalhista-e-mais-argentina-sob-milei-desafia-modelos-defendidos-por-lula\/\",\"name\":\"Maioridade penal, reforma trabalhista e mais: Argentina sob Milei desafia modelos defendidos por Lula - Jornal Fatos e Not\u00edcias\",\"isPartOf\":{\"@id\":\"https:\/\/jornalfatosenoticias.com.br\/#website\"},\"primaryImageOfPage\":{\"@id\":\"https:\/\/jornalfatosenoticias.com.br\/index.php\/2026\/03\/17\/maioridade-penal-reforma-trabalhista-e-mais-argentina-sob-milei-desafia-modelos-defendidos-por-lula\/#primaryimage\"},\"image\":{\"@id\":\"https:\/\/jornalfatosenoticias.com.br\/index.php\/2026\/03\/17\/maioridade-penal-reforma-trabalhista-e-mais-argentina-sob-milei-desafia-modelos-defendidos-por-lula\/#primaryimage\"},\"thumbnailUrl\":\"https:\/\/jornalfatosenoticias.com.br\/wp-content\/uploads\/2026\/03\/molusco-Milei_gettyimages.jpg\",\"datePublished\":\"2026-03-17T13:02:04+00:00\",\"dateModified\":\"2026-03-17T13:02:06+00:00\",\"breadcrumb\":{\"@id\":\"https:\/\/jornalfatosenoticias.com.br\/index.php\/2026\/03\/17\/maioridade-penal-reforma-trabalhista-e-mais-argentina-sob-milei-desafia-modelos-defendidos-por-lula\/#breadcrumb\"},\"inLanguage\":\"pt-BR\",\"potentialAction\":[{\"@type\":\"ReadAction\",\"target\":[\"https:\/\/jornalfatosenoticias.com.br\/index.php\/2026\/03\/17\/maioridade-penal-reforma-trabalhista-e-mais-argentina-sob-milei-desafia-modelos-defendidos-por-lula\/\"]}]},{\"@type\":\"ImageObject\",\"inLanguage\":\"pt-BR\",\"@id\":\"https:\/\/jornalfatosenoticias.com.br\/index.php\/2026\/03\/17\/maioridade-penal-reforma-trabalhista-e-mais-argentina-sob-milei-desafia-modelos-defendidos-por-lula\/#primaryimage\",\"url\":\"https:\/\/jornalfatosenoticias.com.br\/wp-content\/uploads\/2026\/03\/molusco-Milei_gettyimages.jpg\",\"contentUrl\":\"https:\/\/jornalfatosenoticias.com.br\/wp-content\/uploads\/2026\/03\/molusco-Milei_gettyimages.jpg\",\"width\":612,\"height\":245,\"caption\":\"(COMBO) This combination of pictures created on December 20, 2025 shows Brazil's President Luiz Inacio Lula da Silva and Argentina's President Javier Milei during the Mercosur Heads of State Summit at the Iguacu Falls in Foz do Iguacu, Parana State, Brazil, on December 20, 2025. Lula da Silva and Javier Milei on Saturday openly clashed at a regional summit about the fate of Venezuela, as US President Donald Trump ratchets up the pressure on Caracas. The tensions over Venezuela -- once a member of Mercosur but suspended in 2016 -- exploded in the open, with Lula warning that armed conflict could spark a \\\"humanitarian catastrophe,\\\" and Milei praising Trump's saber-rattling. (Photo by Evaristo Sa \/ AFP via Getty Images)\"},{\"@type\":\"BreadcrumbList\",\"@id\":\"https:\/\/jornalfatosenoticias.com.br\/index.php\/2026\/03\/17\/maioridade-penal-reforma-trabalhista-e-mais-argentina-sob-milei-desafia-modelos-defendidos-por-lula\/#breadcrumb\",\"itemListElement\":[{\"@type\":\"ListItem\",\"position\":1,\"name\":\"In\u00edcio\",\"item\":\"https:\/\/jornalfatosenoticias.com.br\/\"},{\"@type\":\"ListItem\",\"position\":2,\"name\":\"Maioridade penal, reforma trabalhista e mais: Argentina sob Milei desafia modelos defendidos por Lula\"}]},{\"@type\":\"WebSite\",\"@id\":\"https:\/\/jornalfatosenoticias.com.br\/#website\",\"url\":\"https:\/\/jornalfatosenoticias.com.br\/\",\"name\":\"Jornal Fatos e Not\u00edcias\",\"description\":\"Not\u00edcias em geral\",\"publisher\":{\"@id\":\"https:\/\/jornalfatosenoticias.com.br\/#organization\"},\"potentialAction\":[{\"@type\":\"SearchAction\",\"target\":{\"@type\":\"EntryPoint\",\"urlTemplate\":\"https:\/\/jornalfatosenoticias.com.br\/?s={search_term_string}\"},\"query-input\":{\"@type\":\"PropertyValueSpecification\",\"valueRequired\":true,\"valueName\":\"search_term_string\"}}],\"inLanguage\":\"pt-BR\"},{\"@type\":\"Organization\",\"@id\":\"https:\/\/jornalfatosenoticias.com.br\/#organization\",\"name\":\"Jornal Fatos e Not\u00edcias\",\"url\":\"https:\/\/jornalfatosenoticias.com.br\/\",\"logo\":{\"@type\":\"ImageObject\",\"inLanguage\":\"pt-BR\",\"@id\":\"https:\/\/jornalfatosenoticias.com.br\/#\/schema\/logo\/image\/\",\"url\":\"https:\/\/jornalfatosenoticias.com.br\/wp-content\/uploads\/2020\/02\/logo120.png\",\"contentUrl\":\"https:\/\/jornalfatosenoticias.com.br\/wp-content\/uploads\/2020\/02\/logo120.png\",\"width\":1227,\"height\":120,\"caption\":\"Jornal Fatos e Not\u00edcias\"},\"image\":{\"@id\":\"https:\/\/jornalfatosenoticias.com.br\/#\/schema\/logo\/image\/\"}},{\"@type\":\"Person\",\"@id\":\"https:\/\/jornalfatosenoticias.com.br\/#\/schema\/person\/d63837fa13ac8666eb9e74e0985d6f81\",\"name\":\"Luzimara Fernandes\",\"image\":{\"@type\":\"ImageObject\",\"inLanguage\":\"pt-BR\",\"@id\":\"https:\/\/jornalfatosenoticias.com.br\/#\/schema\/person\/image\/\",\"url\":\"https:\/\/jornalfatosenoticias.com.br\/wp-content\/uploads\/2025\/05\/EU_portal.jpg\",\"contentUrl\":\"https:\/\/jornalfatosenoticias.com.br\/wp-content\/uploads\/2025\/05\/EU_portal.jpg\",\"caption\":\"Luzimara Fernandes\"},\"description\":\"Jornalista MTB 2358-ES\",\"sameAs\":[\"https:\/\/jornalfatosenoticias.com.br\"],\"url\":\"https:\/\/jornalfatosenoticias.com.br\/index.php\/author\/luzimara\/\"}]}<\/script>\n<!-- \/ Yoast SEO plugin. -->","yoast_head_json":{"title":"Maioridade penal, reforma trabalhista e mais: Argentina sob Milei desafia modelos defendidos por Lula - Jornal Fatos e Not\u00edcias","robots":{"index":"index","follow":"follow","max-snippet":"max-snippet:-1","max-image-preview":"max-image-preview:large","max-video-preview":"max-video-preview:-1"},"canonical":"https:\/\/jornalfatosenoticias.com.br\/index.php\/2026\/03\/17\/maioridade-penal-reforma-trabalhista-e-mais-argentina-sob-milei-desafia-modelos-defendidos-por-lula\/","og_locale":"pt_BR","og_type":"article","og_title":"Maioridade penal, reforma trabalhista e mais: Argentina sob Milei desafia modelos defendidos por Lula - Jornal Fatos e Not\u00edcias","og_description":"Lula (PT) e o presidente da Argentina, Javier Milei, s\u00e3o conhecidos pelas diverg\u00eancias pol\u00edticas Por Isabella de Paula O presidente Javier Milei emplacou duas vit\u00f3rias recentes em sua agenda de reformas estruturais na Argentina. Uma delas, a trabalhista, busca flexibilizar as rela\u00e7\u00f5es de trabalho e se adequar \u00e0s novas demandas da era digital, enquanto a [&hellip;]","og_url":"https:\/\/jornalfatosenoticias.com.br\/index.php\/2026\/03\/17\/maioridade-penal-reforma-trabalhista-e-mais-argentina-sob-milei-desafia-modelos-defendidos-por-lula\/","og_site_name":"Jornal Fatos e Not\u00edcias","article_published_time":"2026-03-17T13:02:04+00:00","article_modified_time":"2026-03-17T13:02:06+00:00","og_image":[{"width":612,"height":245,"url":"https:\/\/jornalfatosenoticias.com.br\/wp-content\/uploads\/2026\/03\/molusco-Milei_gettyimages.jpg","type":"image\/jpeg"}],"author":"Luzimara Fernandes","twitter_card":"summary_large_image","twitter_misc":{"Escrito por":"Luzimara Fernandes","Est. tempo de leitura":"7 minutos"},"schema":{"@context":"https:\/\/schema.org","@graph":[{"@type":"Article","@id":"https:\/\/jornalfatosenoticias.com.br\/index.php\/2026\/03\/17\/maioridade-penal-reforma-trabalhista-e-mais-argentina-sob-milei-desafia-modelos-defendidos-por-lula\/#article","isPartOf":{"@id":"https:\/\/jornalfatosenoticias.com.br\/index.php\/2026\/03\/17\/maioridade-penal-reforma-trabalhista-e-mais-argentina-sob-milei-desafia-modelos-defendidos-por-lula\/"},"author":{"name":"Luzimara Fernandes","@id":"https:\/\/jornalfatosenoticias.com.br\/#\/schema\/person\/d63837fa13ac8666eb9e74e0985d6f81"},"headline":"Maioridade penal, reforma trabalhista e mais: Argentina sob Milei desafia modelos defendidos por Lula","datePublished":"2026-03-17T13:02:04+00:00","dateModified":"2026-03-17T13:02:06+00:00","mainEntityOfPage":{"@id":"https:\/\/jornalfatosenoticias.com.br\/index.php\/2026\/03\/17\/maioridade-penal-reforma-trabalhista-e-mais-argentina-sob-milei-desafia-modelos-defendidos-por-lula\/"},"wordCount":1101,"commentCount":0,"publisher":{"@id":"https:\/\/jornalfatosenoticias.com.br\/#organization"},"image":{"@id":"https:\/\/jornalfatosenoticias.com.br\/index.php\/2026\/03\/17\/maioridade-penal-reforma-trabalhista-e-mais-argentina-sob-milei-desafia-modelos-defendidos-por-lula\/#primaryimage"},"thumbnailUrl":"https:\/\/jornalfatosenoticias.com.br\/wp-content\/uploads\/2026\/03\/molusco-Milei_gettyimages.jpg","keywords":["antagonismo pol\u00edtico","Argentina","cortes nos gastos p\u00fablicos","crime organizado","Lula","maioridade penal","reforma trabalhista"],"articleSection":["Rela\u00e7\u00f5es Internacionais"],"inLanguage":"pt-BR","potentialAction":[{"@type":"CommentAction","name":"Comment","target":["https:\/\/jornalfatosenoticias.com.br\/index.php\/2026\/03\/17\/maioridade-penal-reforma-trabalhista-e-mais-argentina-sob-milei-desafia-modelos-defendidos-por-lula\/#respond"]}]},{"@type":"WebPage","@id":"https:\/\/jornalfatosenoticias.com.br\/index.php\/2026\/03\/17\/maioridade-penal-reforma-trabalhista-e-mais-argentina-sob-milei-desafia-modelos-defendidos-por-lula\/","url":"https:\/\/jornalfatosenoticias.com.br\/index.php\/2026\/03\/17\/maioridade-penal-reforma-trabalhista-e-mais-argentina-sob-milei-desafia-modelos-defendidos-por-lula\/","name":"Maioridade penal, reforma trabalhista e mais: Argentina sob Milei desafia modelos defendidos por Lula - Jornal Fatos e Not\u00edcias","isPartOf":{"@id":"https:\/\/jornalfatosenoticias.com.br\/#website"},"primaryImageOfPage":{"@id":"https:\/\/jornalfatosenoticias.com.br\/index.php\/2026\/03\/17\/maioridade-penal-reforma-trabalhista-e-mais-argentina-sob-milei-desafia-modelos-defendidos-por-lula\/#primaryimage"},"image":{"@id":"https:\/\/jornalfatosenoticias.com.br\/index.php\/2026\/03\/17\/maioridade-penal-reforma-trabalhista-e-mais-argentina-sob-milei-desafia-modelos-defendidos-por-lula\/#primaryimage"},"thumbnailUrl":"https:\/\/jornalfatosenoticias.com.br\/wp-content\/uploads\/2026\/03\/molusco-Milei_gettyimages.jpg","datePublished":"2026-03-17T13:02:04+00:00","dateModified":"2026-03-17T13:02:06+00:00","breadcrumb":{"@id":"https:\/\/jornalfatosenoticias.com.br\/index.php\/2026\/03\/17\/maioridade-penal-reforma-trabalhista-e-mais-argentina-sob-milei-desafia-modelos-defendidos-por-lula\/#breadcrumb"},"inLanguage":"pt-BR","potentialAction":[{"@type":"ReadAction","target":["https:\/\/jornalfatosenoticias.com.br\/index.php\/2026\/03\/17\/maioridade-penal-reforma-trabalhista-e-mais-argentina-sob-milei-desafia-modelos-defendidos-por-lula\/"]}]},{"@type":"ImageObject","inLanguage":"pt-BR","@id":"https:\/\/jornalfatosenoticias.com.br\/index.php\/2026\/03\/17\/maioridade-penal-reforma-trabalhista-e-mais-argentina-sob-milei-desafia-modelos-defendidos-por-lula\/#primaryimage","url":"https:\/\/jornalfatosenoticias.com.br\/wp-content\/uploads\/2026\/03\/molusco-Milei_gettyimages.jpg","contentUrl":"https:\/\/jornalfatosenoticias.com.br\/wp-content\/uploads\/2026\/03\/molusco-Milei_gettyimages.jpg","width":612,"height":245,"caption":"(COMBO) This combination of pictures created on December 20, 2025 shows Brazil's President Luiz Inacio Lula da Silva and Argentina's President Javier Milei during the Mercosur Heads of State Summit at the Iguacu Falls in Foz do Iguacu, Parana State, Brazil, on December 20, 2025. Lula da Silva and Javier Milei on Saturday openly clashed at a regional summit about the fate of Venezuela, as US President Donald Trump ratchets up the pressure on Caracas. The tensions over Venezuela -- once a member of Mercosur but suspended in 2016 -- exploded in the open, with Lula warning that armed conflict could spark a \"humanitarian catastrophe,\" and Milei praising Trump's saber-rattling. (Photo by Evaristo Sa \/ AFP via Getty Images)"},{"@type":"BreadcrumbList","@id":"https:\/\/jornalfatosenoticias.com.br\/index.php\/2026\/03\/17\/maioridade-penal-reforma-trabalhista-e-mais-argentina-sob-milei-desafia-modelos-defendidos-por-lula\/#breadcrumb","itemListElement":[{"@type":"ListItem","position":1,"name":"In\u00edcio","item":"https:\/\/jornalfatosenoticias.com.br\/"},{"@type":"ListItem","position":2,"name":"Maioridade penal, reforma trabalhista e mais: Argentina sob Milei desafia modelos defendidos por Lula"}]},{"@type":"WebSite","@id":"https:\/\/jornalfatosenoticias.com.br\/#website","url":"https:\/\/jornalfatosenoticias.com.br\/","name":"Jornal Fatos e Not\u00edcias","description":"Not\u00edcias em geral","publisher":{"@id":"https:\/\/jornalfatosenoticias.com.br\/#organization"},"potentialAction":[{"@type":"SearchAction","target":{"@type":"EntryPoint","urlTemplate":"https:\/\/jornalfatosenoticias.com.br\/?s={search_term_string}"},"query-input":{"@type":"PropertyValueSpecification","valueRequired":true,"valueName":"search_term_string"}}],"inLanguage":"pt-BR"},{"@type":"Organization","@id":"https:\/\/jornalfatosenoticias.com.br\/#organization","name":"Jornal Fatos e Not\u00edcias","url":"https:\/\/jornalfatosenoticias.com.br\/","logo":{"@type":"ImageObject","inLanguage":"pt-BR","@id":"https:\/\/jornalfatosenoticias.com.br\/#\/schema\/logo\/image\/","url":"https:\/\/jornalfatosenoticias.com.br\/wp-content\/uploads\/2020\/02\/logo120.png","contentUrl":"https:\/\/jornalfatosenoticias.com.br\/wp-content\/uploads\/2020\/02\/logo120.png","width":1227,"height":120,"caption":"Jornal Fatos e Not\u00edcias"},"image":{"@id":"https:\/\/jornalfatosenoticias.com.br\/#\/schema\/logo\/image\/"}},{"@type":"Person","@id":"https:\/\/jornalfatosenoticias.com.br\/#\/schema\/person\/d63837fa13ac8666eb9e74e0985d6f81","name":"Luzimara Fernandes","image":{"@type":"ImageObject","inLanguage":"pt-BR","@id":"https:\/\/jornalfatosenoticias.com.br\/#\/schema\/person\/image\/","url":"https:\/\/jornalfatosenoticias.com.br\/wp-content\/uploads\/2025\/05\/EU_portal.jpg","contentUrl":"https:\/\/jornalfatosenoticias.com.br\/wp-content\/uploads\/2025\/05\/EU_portal.jpg","caption":"Luzimara Fernandes"},"description":"Jornalista MTB 2358-ES","sameAs":["https:\/\/jornalfatosenoticias.com.br"],"url":"https:\/\/jornalfatosenoticias.com.br\/index.php\/author\/luzimara\/"}]}},"cc_featured_image_caption":{"caption_text":"(Foto: Getty Images)","source_text":"","source_url":""},"jetpack_featured_media_url":"https:\/\/jornalfatosenoticias.com.br\/wp-content\/uploads\/2026\/03\/molusco-Milei_gettyimages.jpg","_links":{"self":[{"href":"https:\/\/jornalfatosenoticias.com.br\/index.php\/wp-json\/wp\/v2\/posts\/65965","targetHints":{"allow":["GET"]}}],"collection":[{"href":"https:\/\/jornalfatosenoticias.com.br\/index.php\/wp-json\/wp\/v2\/posts"}],"about":[{"href":"https:\/\/jornalfatosenoticias.com.br\/index.php\/wp-json\/wp\/v2\/types\/post"}],"author":[{"embeddable":true,"href":"https:\/\/jornalfatosenoticias.com.br\/index.php\/wp-json\/wp\/v2\/users\/2"}],"replies":[{"embeddable":true,"href":"https:\/\/jornalfatosenoticias.com.br\/index.php\/wp-json\/wp\/v2\/comments?post=65965"}],"version-history":[{"count":1,"href":"https:\/\/jornalfatosenoticias.com.br\/index.php\/wp-json\/wp\/v2\/posts\/65965\/revisions"}],"predecessor-version":[{"id":65967,"href":"https:\/\/jornalfatosenoticias.com.br\/index.php\/wp-json\/wp\/v2\/posts\/65965\/revisions\/65967"}],"wp:featuredmedia":[{"embeddable":true,"href":"https:\/\/jornalfatosenoticias.com.br\/index.php\/wp-json\/wp\/v2\/media\/65966"}],"wp:attachment":[{"href":"https:\/\/jornalfatosenoticias.com.br\/index.php\/wp-json\/wp\/v2\/media?parent=65965"}],"wp:term":[{"taxonomy":"category","embeddable":true,"href":"https:\/\/jornalfatosenoticias.com.br\/index.php\/wp-json\/wp\/v2\/categories?post=65965"},{"taxonomy":"post_tag","embeddable":true,"href":"https:\/\/jornalfatosenoticias.com.br\/index.php\/wp-json\/wp\/v2\/tags?post=65965"}],"curies":[{"name":"wp","href":"https:\/\/api.w.org\/{rel}","templated":true}]}}