{"id":65968,"date":"2026-03-17T10:33:32","date_gmt":"2026-03-17T13:33:32","guid":{"rendered":"https:\/\/jornalfatosenoticias.com.br\/?p=65968"},"modified":"2026-03-17T10:33:34","modified_gmt":"2026-03-17T13:33:34","slug":"articulacao-do-governo-derruba-antecipacao-do-saque-aniversario-e-restringe-acesso-a-credito","status":"publish","type":"post","link":"https:\/\/jornalfatosenoticias.com.br\/index.php\/2026\/03\/17\/articulacao-do-governo-derruba-antecipacao-do-saque-aniversario-e-restringe-acesso-a-credito\/","title":{"rendered":"Articula\u00e7\u00e3o do governo derruba antecipa\u00e7\u00e3o do saque-anivers\u00e1rio e restringe acesso a cr\u00e9dito"},"content":{"rendered":"\n<p><em><mark style=\"background-color:rgba(0, 0, 0, 0)\" class=\"has-inline-color has-black-color\">Lula e o ministro do Trabalho, Luiz Marinho: mudan\u00e7as reduziram antecipa\u00e7\u00e3o de saque-anivers\u00e1rio do FGTS em 85%<\/mark><\/em><\/p>\n\n\n\n<p><mark style=\"background-color:rgba(0, 0, 0, 0)\" class=\"has-inline-color has-black-color\">Por <strong><a href=\"https:\/\/www.gazetadopovo.com.br\/autor\/rose-amantea\/\">Rose Amant\u00e9a<\/a><\/strong><\/mark><\/p>\n\n\n\n<p>As restri\u00e7\u00f5es \u00e0 antecipa\u00e7\u00e3o do saque-anivers\u00e1rio do Fundo de Garantia do Tempo de Servi\u00e7o (FGTS), impostas pelo governo Lula (PT) em novembro do ano passado, j\u00e1 provocaram uma redu\u00e7\u00e3o de cerca de 85% nessas opera\u00e7\u00f5es em todo o pa\u00eds. O dado \u00e9 da Uni\u00e3o Nacional de Entidades do Com\u00e9rcio e Servi\u00e7os (Unecs), que v\u00ea nas mudan\u00e7as um esvaziamento de um mecanismo de cr\u00e9dito privado de baixo risco utilizado por 21,5 milh\u00f5es de trabalhadores.<br>A antecipa\u00e7\u00e3o do saque-anivers\u00e1rio \u00e9, na pr\u00e1tica, um empr\u00e9stimo banc\u00e1rio que utiliza o saldo do FGTS como garantia, permitindo acesso \u00e0 parte desses recursos antes da data de libera\u00e7\u00e3o, geralmente com juros mais baixos. As altera\u00e7\u00f5es, impostas pelo Conselho Curador do FGTS, <strong>limitaram o empr\u00e9stimo a uma \u00fanica opera\u00e7\u00e3o por ano<\/strong>, criaram car\u00eancia de 90 dias para contrata\u00e7\u00e3o e estabeleceram limites para valores e para o n\u00famero de parcelas antecip\u00e1veis.<br>Pelas novas regras, cada parcela antecipada deve observar limites m\u00ednimo e m\u00e1ximo, e o n\u00famero de anos que podem ser antecipados foi reduzido. Antes, as condi\u00e7\u00f5es eram mais flex\u00edveis e variavam de acordo com cada institui\u00e7\u00e3o financeira. Uma pesquisa feita pela AtlasIntel, a pedido da Unecs e da Zetta, mostra que <strong>65,7% dos trabalhadores<\/strong> que conhecem a modalidade <strong>consideram que as restri\u00e7\u00f5es prejudicam o trabalhador. <\/strong>Entre os que j\u00e1 aderiram ao saque-anivers\u00e1rio, 70% disseram ter recorrido \u00e0 antecipa\u00e7\u00e3o via empr\u00e9stimo, e desses, <strong>87% s\u00e3o contr\u00e1rios ao fim da modalidade.<\/strong><\/p>\n\n\n<div class=\"wp-block-image\">\n<figure class=\"aligncenter size-large is-resized\"><a href=\"https:\/\/www.facebook.com\/profile.php?id=100069289606145\"><img loading=\"lazy\" decoding=\"async\" width=\"1024\" height=\"714\" src=\"https:\/\/jornalfatosenoticias.com.br\/wp-content\/uploads\/2024\/11\/Guaitolini-Contabilidade-1024x714.jpeg\" alt=\"\" class=\"wp-image-55808\" style=\"aspect-ratio:1.4342119304236474;width:384px;height:auto\" srcset=\"https:\/\/jornalfatosenoticias.com.br\/wp-content\/uploads\/2024\/11\/Guaitolini-Contabilidade-1024x714.jpeg 1024w, https:\/\/jornalfatosenoticias.com.br\/wp-content\/uploads\/2024\/11\/Guaitolini-Contabilidade-300x209.jpeg 300w, https:\/\/jornalfatosenoticias.com.br\/wp-content\/uploads\/2024\/11\/Guaitolini-Contabilidade-768x535.jpeg 768w, https:\/\/jornalfatosenoticias.com.br\/wp-content\/uploads\/2024\/11\/Guaitolini-Contabilidade.jpeg 1280w\" sizes=\"auto, (max-width: 1024px) 100vw, 1024px\" \/><\/a><\/figure>\n<\/div>\n\n\n<p>O levantamento indica ainda que a maior parte dos trabalhadores usa o cr\u00e9dito para quitar d\u00edvidas mais caras, contrariando cr\u00edticas de que a antecipa\u00e7\u00e3o do saque-anivers\u00e1rio estimularia gastos com jogos de azar. <strong>O Minist\u00e9rio do Trabalho<\/strong>, que articulou as mudan\u00e7as, <strong>defende que as novas regras buscam preservar o saldo do FGTS<\/strong> para situa\u00e7\u00f5es de desemprego <strong>e reduzir o risco de superendividamento<\/strong> que pode comprometer parcelas futuras do fundo.<br><strong>Para fontes ouvidas pela reportagem, entretanto, o governo recorreu \u00e0 medida para refor\u00e7ar o caixa do fundo e ampliar o controle sobre o uso dos recursos. <\/strong>Proje\u00e7\u00f5es da Associa\u00e7\u00e3o Brasileira de Bancos (ABBC) e da Zetta apontam que a retra\u00e7\u00e3o pode chegar a 96% at\u00e9 o fim de 2027, o que, na pr\u00e1tica, pode inviabilizar o modelo.<\/p>\n\n\n\n<blockquote class=\"wp-block-quote is-layout-flow wp-block-quote-is-layout-flow\">\n<p><mark style=\"background-color:rgba(0, 0, 0, 0)\" class=\"has-inline-color has-luminous-vivid-orange-color\">Desde o an\u00fancio, fomos contr\u00e1rios a essa normativa, que oferecia a possibilidade de taxas de juros mais acess\u00edveis gra\u00e7as \u00e0 seguran\u00e7a da opera\u00e7\u00e3o\u201d, diz Leonardo Severini, presidente da Unecs. Para ele, a medida vai na contram\u00e3o da amplia\u00e7\u00e3o do acesso ao cr\u00e9dito e da redu\u00e7\u00e3o da rigidez financeira.<\/mark><\/p>\n<\/blockquote>\n\n\n<div class=\"wp-block-image\">\n<figure class=\"aligncenter size-full is-resized\"><a href=\"https:\/\/www.origestaofinanceira.com.br\/\"><img loading=\"lazy\" decoding=\"async\" width=\"841\" height=\"881\" src=\"https:\/\/jornalfatosenoticias.com.br\/wp-content\/uploads\/2020\/02\/Ori-Gestao-Financeira.jpeg\" alt=\"\" class=\"wp-image-64779\" style=\"aspect-ratio:0.9546132537822288;width:309px;height:auto\" srcset=\"https:\/\/jornalfatosenoticias.com.br\/wp-content\/uploads\/2020\/02\/Ori-Gestao-Financeira.jpeg 841w, https:\/\/jornalfatosenoticias.com.br\/wp-content\/uploads\/2020\/02\/Ori-Gestao-Financeira-286x300.jpeg 286w, https:\/\/jornalfatosenoticias.com.br\/wp-content\/uploads\/2020\/02\/Ori-Gestao-Financeira-768x805.jpeg 768w\" sizes=\"auto, (max-width: 841px) 100vw, 841px\" \/><\/a><\/figure>\n<\/div>\n\n\n<p><strong><mark style=\"background-color:rgba(0, 0, 0, 0)\" class=\"has-inline-color has-black-color\">Mudan\u00e7a prejudica principalmente popula\u00e7\u00e3o de baixa renda<br><\/mark><\/strong>Para Alexandre Manoel, s\u00f3cio da Global Intelligence and Analytics e pesquisador associado do Instituto Brasileiro de Economia (Ibre\/FGV), a mudan\u00e7a na antecipa\u00e7\u00e3o do saque-anivers\u00e1rio representa mais um cap\u00edtulo da revers\u00e3o de reformas microecon\u00f4micas aprovadas ao longo da \u00faltima d\u00e9cada. Segundo Manoel, <strong>as novas regras imp\u00f5em uma restri\u00e7\u00e3o indevida a um mecanismo que ampliava a liquidez<\/strong> \u2014 isto \u00e9, a disponibilidade de dinheiro circulando na economia \u2014 e beneficiava a atividade produtiva.<\/p>\n\n\n\n<blockquote class=\"wp-block-quote is-layout-flow wp-block-quote-is-layout-flow\">\n<p><mark style=\"background-color:rgba(0, 0, 0, 0)\" class=\"has-inline-color has-luminous-vivid-orange-color\">Quando voc\u00ea amplia liquidez, reduz informalidade e aumenta produtividade. Isso \u00e9 teoria econ\u00f4mica b\u00e1sica, e os n\u00fameros vinham mostrando esse efeito\u201d, diz o pesquisador.<\/mark><\/p>\n<\/blockquote>\n\n\n<div class=\"wp-block-image\">\n<figure class=\"aligncenter size-full\"><img loading=\"lazy\" decoding=\"async\" width=\"666\" height=\"1000\" src=\"https:\/\/jornalfatosenoticias.com.br\/wp-content\/uploads\/2026\/03\/ChatGPT-Image-17-de-mar.-de-2026-10_14_22.png\" alt=\"\" class=\"wp-image-65969\" srcset=\"https:\/\/jornalfatosenoticias.com.br\/wp-content\/uploads\/2026\/03\/ChatGPT-Image-17-de-mar.-de-2026-10_14_22.png 666w, https:\/\/jornalfatosenoticias.com.br\/wp-content\/uploads\/2026\/03\/ChatGPT-Image-17-de-mar.-de-2026-10_14_22-200x300.png 200w\" sizes=\"auto, (max-width: 666px) 100vw, 666px\" \/><figcaption class=\"wp-element-caption\"><em><mark style=\"background-color:rgba(0, 0, 0, 0)\" class=\"has-inline-color has-black-color\">(Foto: ChatGPT)<\/mark><\/em><\/figcaption><\/figure>\n<\/div>\n\n\n<p>Para ele, ao restringir a antecipa\u00e7\u00e3o, o governo reduziu drasticamente a disponibilidade de cr\u00e9dito \u2014 estimada entre R$ 37 bilh\u00f5es e R$ 40 bilh\u00f5es por ano \u2014 afetando especialmente trabalhadores de menor renda. <strong>Na pr\u00e1tica,<\/strong> argumenta, <strong>o governo est\u00e1 retirando do mercado uma op\u00e7\u00e3o de cr\u00e9dito mais barata e empurrando trabalhadores para modalidades com juros mais altos. <\/strong>Na outra ponta, afirma, a medida reduz a concorr\u00eancia no sistema banc\u00e1rio.<\/p>\n\n\n\n<blockquote class=\"wp-block-quote is-layout-flow wp-block-quote-is-layout-flow\">\n<p><mark style=\"background-color:rgba(0, 0, 0, 0)\" class=\"has-inline-color has-luminous-vivid-orange-color\">Estamos falando de uma carteira anual de quase R$ 40 bilh\u00f5es com garantia real\u201d, afirma. \u201cIsso favorece bancos menores e digitais, que entram de forma mais agressiva nesse mercado. Os grandes bancos t\u00eam mais capital e preferem operar cr\u00e9dito sem garantia, com maior margem. Quando voc\u00ea restringe essa carteira, reduz a competi\u00e7\u00e3o\u201d.<\/mark><\/p>\n<\/blockquote>\n\n\n<div class=\"wp-block-image\">\n<figure class=\"aligncenter size-full is-resized\"><a href=\"https:\/\/www.instagram.com\/kalynecalais\/\"><img loading=\"lazy\" decoding=\"async\" width=\"969\" height=\"406\" src=\"https:\/\/jornalfatosenoticias.com.br\/wp-content\/uploads\/2024\/09\/Legis-Juris-Consultoria_logo.jpg\" alt=\"\" class=\"wp-image-53915\" style=\"aspect-ratio:2.3867874267448057;width:644px;height:auto\" srcset=\"https:\/\/jornalfatosenoticias.com.br\/wp-content\/uploads\/2024\/09\/Legis-Juris-Consultoria_logo.jpg 969w, https:\/\/jornalfatosenoticias.com.br\/wp-content\/uploads\/2024\/09\/Legis-Juris-Consultoria_logo-300x126.jpg 300w, https:\/\/jornalfatosenoticias.com.br\/wp-content\/uploads\/2024\/09\/Legis-Juris-Consultoria_logo-768x322.jpg 768w\" sizes=\"auto, (max-width: 969px) 100vw, 969px\" \/><\/a><\/figure>\n<\/div>\n\n\n<p><strong><mark style=\"background-color:rgba(0, 0, 0, 0)\" class=\"has-inline-color has-black-color\">Governo n\u00e3o conseguiu alterar saque-anivers\u00e1rio via Congresso<br><\/mark><\/strong>Antes de recorrer ao Conselho Curador do FGTS para restringir a antecipa\u00e7\u00e3o do saque-anivers\u00e1rio, o governo Lula tentou emplacar mudan\u00e7as na modalidade por meio do Congresso Nacional. Desde 2023, o ent\u00e3o ministro do Trabalho e Emprego, Luiz Marinho, vinha anunciando que enviaria ao Legislativo uma proposta de lei para extinguir ou alterar o saque-anivers\u00e1rio, sob o argumento de que a op\u00e7\u00e3o enfraquecia o fundo e comprometia sua fun\u00e7\u00e3o tradicional de prote\u00e7\u00e3o em caso de desemprego. A proposta enfrentou forte resist\u00eancia de parlamentares e n\u00e3o avan\u00e7ou.<br>Em 2025, a rea\u00e7\u00e3o do Congresso se deu em debates p\u00fablicos promovidos por entidades setoriais com a participa\u00e7\u00e3o de parlamentares contr\u00e1rios \u00e0s mudan\u00e7as, impulsionando medidas legislativas para sustar ou reverter as restri\u00e7\u00f5es. Na C\u00e2mara dos Deputados, um Projeto de Decreto Legislativo (PDL) de autoria do deputado Kim Kataguiri (Uni\u00e3o-SP) prop\u00f5e sustar as novas limita\u00e7\u00f5es. No Senado, tramita um PDL semelhante, apresentado pelo senador Jorge Seif (PL-SC). O senador Efraim Filho (Uni\u00e3o-PB), presidente da Frente Parlamentar do Com\u00e9rcio e Servi\u00e7os e tamb\u00e9m cr\u00edtico das mudan\u00e7as, afirma que as restri\u00e7\u00f5es s\u00e3o \u201cexcessivas e paternalistas\u201d e acabam por ampliar a insatisfa\u00e7\u00e3o com o governo Lula.<\/p>\n\n\n<div class=\"wp-block-image\">\n<figure class=\"aligncenter size-full\"><a href=\"http:\/\/www.ferrarimaquinas.com.br\/\"><img loading=\"lazy\" decoding=\"async\" width=\"300\" height=\"250\" src=\"https:\/\/jornalfatosenoticias.com.br\/wp-content\/uploads\/2022\/02\/FERRARI_MAQUINAS-E-FERRAMENTAS2.jpg\" alt=\"\" class=\"wp-image-27860\"\/><\/a><\/figure>\n<\/div>\n\n\n<blockquote class=\"wp-block-quote is-layout-flow wp-block-quote-is-layout-flow\">\n<p><mark style=\"background-color:rgba(0, 0, 0, 0)\" class=\"has-inline-color has-luminous-vivid-orange-color\">O governo parte da ideia de que \u00e9 preciso cuidar do dinheiro do trabalhador para evitar superendividamento. \u00c9 uma vis\u00e3o paternalista que restringe liberdade e reduz efici\u00eancia econ\u00f4mica. E, no fundo, o que o governo pretende \u00e9 refor\u00e7ar seu caixa\u201d, diz o parlamentar.<\/mark><\/p>\n<\/blockquote>\n\n\n<div class=\"wp-block-image\">\n<figure class=\"aligncenter size-large is-resized\"><a href=\"https:\/\/www.instagram.com\/espiritocacau\/\"><img loading=\"lazy\" decoding=\"async\" width=\"1024\" height=\"655\" src=\"https:\/\/jornalfatosenoticias.com.br\/wp-content\/uploads\/2020\/02\/logo-Espirito-Cacau-1024x655.jpeg\" alt=\"\" class=\"wp-image-65573\" style=\"aspect-ratio:1.5634269760949224;width:396px;height:auto\" srcset=\"https:\/\/jornalfatosenoticias.com.br\/wp-content\/uploads\/2020\/02\/logo-Espirito-Cacau-1024x655.jpeg 1024w, https:\/\/jornalfatosenoticias.com.br\/wp-content\/uploads\/2020\/02\/logo-Espirito-Cacau-300x192.jpeg 300w, https:\/\/jornalfatosenoticias.com.br\/wp-content\/uploads\/2020\/02\/logo-Espirito-Cacau-768x491.jpeg 768w, https:\/\/jornalfatosenoticias.com.br\/wp-content\/uploads\/2020\/02\/logo-Espirito-Cacau.jpeg 1069w\" sizes=\"auto, (max-width: 1024px) 100vw, 1024px\" \/><\/a><\/figure>\n<\/div>\n\n\n<p><strong>Fonte: <a href=\"https:\/\/www.gazetadopovo.com.br\/economia\/antecipacao-saque-aniversario-articulacao-governo-derruba-operacoes-reduz-credito\/\">Gazeta do Povo<\/a><\/strong><\/p>\n","protected":false},"excerpt":{"rendered":"<p>Lula e o ministro do Trabalho, Luiz Marinho: mudan\u00e7as reduziram antecipa\u00e7\u00e3o de saque-anivers\u00e1rio do FGTS em 85% Por Rose Amant\u00e9a As restri\u00e7\u00f5es \u00e0 antecipa\u00e7\u00e3o do saque-anivers\u00e1rio do Fundo de Garantia do Tempo de Servi\u00e7o (FGTS), impostas pelo governo Lula (PT) em novembro do ano passado, j\u00e1 provocaram uma redu\u00e7\u00e3o de cerca de 85% nessas opera\u00e7\u00f5es [&hellip;]<\/p>\n","protected":false},"author":2,"featured_media":65970,"comment_status":"open","ping_status":"open","sticky":false,"template":"","format":"standard","meta":{"footnotes":""},"categories":[9],"tags":[13295,1412,22550,1901,1542,30018,22050,7580,2329],"class_list":["post-65968","post","type-post","status-publish","format-standard","has-post-thumbnail","hentry","category-economia","tag-bancos","tag-comercio","tag-efraim-filho","tag-emprestimo","tag-fgts","tag-jorge-seif","tag-luiz-marinho","tag-lula","tag-saque-aniversario"],"yoast_head":"<!-- This site is optimized with the Yoast SEO plugin v26.5 - https:\/\/yoast.com\/wordpress\/plugins\/seo\/ -->\n<title>Articula\u00e7\u00e3o do governo derruba antecipa\u00e7\u00e3o do saque-anivers\u00e1rio e restringe acesso a cr\u00e9dito - Jornal Fatos e Not\u00edcias<\/title>\n<meta name=\"robots\" content=\"index, follow, max-snippet:-1, max-image-preview:large, max-video-preview:-1\" \/>\n<link rel=\"canonical\" href=\"https:\/\/jornalfatosenoticias.com.br\/index.php\/2026\/03\/17\/articulacao-do-governo-derruba-antecipacao-do-saque-aniversario-e-restringe-acesso-a-credito\/\" \/>\n<meta property=\"og:locale\" content=\"pt_BR\" \/>\n<meta property=\"og:type\" content=\"article\" \/>\n<meta property=\"og:title\" content=\"Articula\u00e7\u00e3o do governo derruba antecipa\u00e7\u00e3o do saque-anivers\u00e1rio e restringe acesso a cr\u00e9dito - Jornal Fatos e Not\u00edcias\" \/>\n<meta property=\"og:description\" content=\"Lula e o ministro do Trabalho, Luiz Marinho: mudan\u00e7as reduziram antecipa\u00e7\u00e3o de saque-anivers\u00e1rio do FGTS em 85% Por Rose Amant\u00e9a As restri\u00e7\u00f5es \u00e0 antecipa\u00e7\u00e3o do saque-anivers\u00e1rio do Fundo de Garantia do Tempo de Servi\u00e7o (FGTS), impostas pelo governo Lula (PT) em novembro do ano passado, j\u00e1 provocaram uma redu\u00e7\u00e3o de cerca de 85% nessas opera\u00e7\u00f5es [&hellip;]\" \/>\n<meta property=\"og:url\" content=\"https:\/\/jornalfatosenoticias.com.br\/index.php\/2026\/03\/17\/articulacao-do-governo-derruba-antecipacao-do-saque-aniversario-e-restringe-acesso-a-credito\/\" \/>\n<meta property=\"og:site_name\" content=\"Jornal Fatos e Not\u00edcias\" \/>\n<meta property=\"article:published_time\" content=\"2026-03-17T13:33:32+00:00\" \/>\n<meta property=\"article:modified_time\" content=\"2026-03-17T13:33:34+00:00\" \/>\n<meta property=\"og:image\" content=\"https:\/\/jornalfatosenoticias.com.br\/wp-content\/uploads\/2026\/03\/ChatGPT-Image_lula-restringe-saque-aniversario-fgts.jpg\" \/>\n\t<meta property=\"og:image:width\" content=\"1000\" \/>\n\t<meta property=\"og:image:height\" content=\"599\" \/>\n\t<meta property=\"og:image:type\" content=\"image\/jpeg\" \/>\n<meta name=\"author\" content=\"Luzimara Fernandes\" \/>\n<meta name=\"twitter:card\" content=\"summary_large_image\" \/>\n<meta name=\"twitter:label1\" content=\"Escrito por\" \/>\n\t<meta name=\"twitter:data1\" content=\"Luzimara Fernandes\" \/>\n\t<meta name=\"twitter:label2\" content=\"Est. tempo de leitura\" \/>\n\t<meta name=\"twitter:data2\" content=\"6 minutos\" \/>\n<script type=\"application\/ld+json\" class=\"yoast-schema-graph\">{\"@context\":\"https:\/\/schema.org\",\"@graph\":[{\"@type\":\"Article\",\"@id\":\"https:\/\/jornalfatosenoticias.com.br\/index.php\/2026\/03\/17\/articulacao-do-governo-derruba-antecipacao-do-saque-aniversario-e-restringe-acesso-a-credito\/#article\",\"isPartOf\":{\"@id\":\"https:\/\/jornalfatosenoticias.com.br\/index.php\/2026\/03\/17\/articulacao-do-governo-derruba-antecipacao-do-saque-aniversario-e-restringe-acesso-a-credito\/\"},\"author\":{\"name\":\"Luzimara Fernandes\",\"@id\":\"https:\/\/jornalfatosenoticias.com.br\/#\/schema\/person\/d63837fa13ac8666eb9e74e0985d6f81\"},\"headline\":\"Articula\u00e7\u00e3o do governo derruba antecipa\u00e7\u00e3o do saque-anivers\u00e1rio e restringe acesso a cr\u00e9dito\",\"datePublished\":\"2026-03-17T13:33:32+00:00\",\"dateModified\":\"2026-03-17T13:33:34+00:00\",\"mainEntityOfPage\":{\"@id\":\"https:\/\/jornalfatosenoticias.com.br\/index.php\/2026\/03\/17\/articulacao-do-governo-derruba-antecipacao-do-saque-aniversario-e-restringe-acesso-a-credito\/\"},\"wordCount\":1007,\"commentCount\":0,\"publisher\":{\"@id\":\"https:\/\/jornalfatosenoticias.com.br\/#organization\"},\"image\":{\"@id\":\"https:\/\/jornalfatosenoticias.com.br\/index.php\/2026\/03\/17\/articulacao-do-governo-derruba-antecipacao-do-saque-aniversario-e-restringe-acesso-a-credito\/#primaryimage\"},\"thumbnailUrl\":\"https:\/\/jornalfatosenoticias.com.br\/wp-content\/uploads\/2026\/03\/ChatGPT-Image_lula-restringe-saque-aniversario-fgts.jpg\",\"keywords\":[\"bancos\",\"com\u00e9rcio\",\"Efraim Filho\",\"empr\u00e9stimo\",\"FGTS\",\"Jorge Seif\",\"Luiz Marinho\",\"Lula\",\"saque-anivers\u00e1rio\"],\"articleSection\":[\"Economia\"],\"inLanguage\":\"pt-BR\",\"potentialAction\":[{\"@type\":\"CommentAction\",\"name\":\"Comment\",\"target\":[\"https:\/\/jornalfatosenoticias.com.br\/index.php\/2026\/03\/17\/articulacao-do-governo-derruba-antecipacao-do-saque-aniversario-e-restringe-acesso-a-credito\/#respond\"]}]},{\"@type\":\"WebPage\",\"@id\":\"https:\/\/jornalfatosenoticias.com.br\/index.php\/2026\/03\/17\/articulacao-do-governo-derruba-antecipacao-do-saque-aniversario-e-restringe-acesso-a-credito\/\",\"url\":\"https:\/\/jornalfatosenoticias.com.br\/index.php\/2026\/03\/17\/articulacao-do-governo-derruba-antecipacao-do-saque-aniversario-e-restringe-acesso-a-credito\/\",\"name\":\"Articula\u00e7\u00e3o do governo derruba antecipa\u00e7\u00e3o do saque-anivers\u00e1rio e restringe acesso a cr\u00e9dito - Jornal Fatos e Not\u00edcias\",\"isPartOf\":{\"@id\":\"https:\/\/jornalfatosenoticias.com.br\/#website\"},\"primaryImageOfPage\":{\"@id\":\"https:\/\/jornalfatosenoticias.com.br\/index.php\/2026\/03\/17\/articulacao-do-governo-derruba-antecipacao-do-saque-aniversario-e-restringe-acesso-a-credito\/#primaryimage\"},\"image\":{\"@id\":\"https:\/\/jornalfatosenoticias.com.br\/index.php\/2026\/03\/17\/articulacao-do-governo-derruba-antecipacao-do-saque-aniversario-e-restringe-acesso-a-credito\/#primaryimage\"},\"thumbnailUrl\":\"https:\/\/jornalfatosenoticias.com.br\/wp-content\/uploads\/2026\/03\/ChatGPT-Image_lula-restringe-saque-aniversario-fgts.jpg\",\"datePublished\":\"2026-03-17T13:33:32+00:00\",\"dateModified\":\"2026-03-17T13:33:34+00:00\",\"breadcrumb\":{\"@id\":\"https:\/\/jornalfatosenoticias.com.br\/index.php\/2026\/03\/17\/articulacao-do-governo-derruba-antecipacao-do-saque-aniversario-e-restringe-acesso-a-credito\/#breadcrumb\"},\"inLanguage\":\"pt-BR\",\"potentialAction\":[{\"@type\":\"ReadAction\",\"target\":[\"https:\/\/jornalfatosenoticias.com.br\/index.php\/2026\/03\/17\/articulacao-do-governo-derruba-antecipacao-do-saque-aniversario-e-restringe-acesso-a-credito\/\"]}]},{\"@type\":\"ImageObject\",\"inLanguage\":\"pt-BR\",\"@id\":\"https:\/\/jornalfatosenoticias.com.br\/index.php\/2026\/03\/17\/articulacao-do-governo-derruba-antecipacao-do-saque-aniversario-e-restringe-acesso-a-credito\/#primaryimage\",\"url\":\"https:\/\/jornalfatosenoticias.com.br\/wp-content\/uploads\/2026\/03\/ChatGPT-Image_lula-restringe-saque-aniversario-fgts.jpg\",\"contentUrl\":\"https:\/\/jornalfatosenoticias.com.br\/wp-content\/uploads\/2026\/03\/ChatGPT-Image_lula-restringe-saque-aniversario-fgts.jpg\",\"width\":1000,\"height\":599},{\"@type\":\"BreadcrumbList\",\"@id\":\"https:\/\/jornalfatosenoticias.com.br\/index.php\/2026\/03\/17\/articulacao-do-governo-derruba-antecipacao-do-saque-aniversario-e-restringe-acesso-a-credito\/#breadcrumb\",\"itemListElement\":[{\"@type\":\"ListItem\",\"position\":1,\"name\":\"In\u00edcio\",\"item\":\"https:\/\/jornalfatosenoticias.com.br\/\"},{\"@type\":\"ListItem\",\"position\":2,\"name\":\"Articula\u00e7\u00e3o do governo derruba antecipa\u00e7\u00e3o do saque-anivers\u00e1rio e restringe acesso a cr\u00e9dito\"}]},{\"@type\":\"WebSite\",\"@id\":\"https:\/\/jornalfatosenoticias.com.br\/#website\",\"url\":\"https:\/\/jornalfatosenoticias.com.br\/\",\"name\":\"Jornal Fatos e Not\u00edcias\",\"description\":\"Not\u00edcias em geral\",\"publisher\":{\"@id\":\"https:\/\/jornalfatosenoticias.com.br\/#organization\"},\"potentialAction\":[{\"@type\":\"SearchAction\",\"target\":{\"@type\":\"EntryPoint\",\"urlTemplate\":\"https:\/\/jornalfatosenoticias.com.br\/?s={search_term_string}\"},\"query-input\":{\"@type\":\"PropertyValueSpecification\",\"valueRequired\":true,\"valueName\":\"search_term_string\"}}],\"inLanguage\":\"pt-BR\"},{\"@type\":\"Organization\",\"@id\":\"https:\/\/jornalfatosenoticias.com.br\/#organization\",\"name\":\"Jornal Fatos e Not\u00edcias\",\"url\":\"https:\/\/jornalfatosenoticias.com.br\/\",\"logo\":{\"@type\":\"ImageObject\",\"inLanguage\":\"pt-BR\",\"@id\":\"https:\/\/jornalfatosenoticias.com.br\/#\/schema\/logo\/image\/\",\"url\":\"https:\/\/jornalfatosenoticias.com.br\/wp-content\/uploads\/2020\/02\/logo120.png\",\"contentUrl\":\"https:\/\/jornalfatosenoticias.com.br\/wp-content\/uploads\/2020\/02\/logo120.png\",\"width\":1227,\"height\":120,\"caption\":\"Jornal Fatos e Not\u00edcias\"},\"image\":{\"@id\":\"https:\/\/jornalfatosenoticias.com.br\/#\/schema\/logo\/image\/\"}},{\"@type\":\"Person\",\"@id\":\"https:\/\/jornalfatosenoticias.com.br\/#\/schema\/person\/d63837fa13ac8666eb9e74e0985d6f81\",\"name\":\"Luzimara Fernandes\",\"image\":{\"@type\":\"ImageObject\",\"inLanguage\":\"pt-BR\",\"@id\":\"https:\/\/jornalfatosenoticias.com.br\/#\/schema\/person\/image\/\",\"url\":\"https:\/\/jornalfatosenoticias.com.br\/wp-content\/uploads\/2025\/05\/EU_portal.jpg\",\"contentUrl\":\"https:\/\/jornalfatosenoticias.com.br\/wp-content\/uploads\/2025\/05\/EU_portal.jpg\",\"caption\":\"Luzimara Fernandes\"},\"description\":\"Jornalista MTB 2358-ES\",\"sameAs\":[\"https:\/\/jornalfatosenoticias.com.br\"],\"url\":\"https:\/\/jornalfatosenoticias.com.br\/index.php\/author\/luzimara\/\"}]}<\/script>\n<!-- \/ Yoast SEO plugin. -->","yoast_head_json":{"title":"Articula\u00e7\u00e3o do governo derruba antecipa\u00e7\u00e3o do saque-anivers\u00e1rio e restringe acesso a cr\u00e9dito - Jornal Fatos e Not\u00edcias","robots":{"index":"index","follow":"follow","max-snippet":"max-snippet:-1","max-image-preview":"max-image-preview:large","max-video-preview":"max-video-preview:-1"},"canonical":"https:\/\/jornalfatosenoticias.com.br\/index.php\/2026\/03\/17\/articulacao-do-governo-derruba-antecipacao-do-saque-aniversario-e-restringe-acesso-a-credito\/","og_locale":"pt_BR","og_type":"article","og_title":"Articula\u00e7\u00e3o do governo derruba antecipa\u00e7\u00e3o do saque-anivers\u00e1rio e restringe acesso a cr\u00e9dito - Jornal Fatos e Not\u00edcias","og_description":"Lula e o ministro do Trabalho, Luiz Marinho: mudan\u00e7as reduziram antecipa\u00e7\u00e3o de saque-anivers\u00e1rio do FGTS em 85% Por Rose Amant\u00e9a As restri\u00e7\u00f5es \u00e0 antecipa\u00e7\u00e3o do saque-anivers\u00e1rio do Fundo de Garantia do Tempo de Servi\u00e7o (FGTS), impostas pelo governo Lula (PT) em novembro do ano passado, j\u00e1 provocaram uma redu\u00e7\u00e3o de cerca de 85% nessas opera\u00e7\u00f5es [&hellip;]","og_url":"https:\/\/jornalfatosenoticias.com.br\/index.php\/2026\/03\/17\/articulacao-do-governo-derruba-antecipacao-do-saque-aniversario-e-restringe-acesso-a-credito\/","og_site_name":"Jornal Fatos e Not\u00edcias","article_published_time":"2026-03-17T13:33:32+00:00","article_modified_time":"2026-03-17T13:33:34+00:00","og_image":[{"width":1000,"height":599,"url":"https:\/\/jornalfatosenoticias.com.br\/wp-content\/uploads\/2026\/03\/ChatGPT-Image_lula-restringe-saque-aniversario-fgts.jpg","type":"image\/jpeg"}],"author":"Luzimara Fernandes","twitter_card":"summary_large_image","twitter_misc":{"Escrito por":"Luzimara Fernandes","Est. tempo de leitura":"6 minutos"},"schema":{"@context":"https:\/\/schema.org","@graph":[{"@type":"Article","@id":"https:\/\/jornalfatosenoticias.com.br\/index.php\/2026\/03\/17\/articulacao-do-governo-derruba-antecipacao-do-saque-aniversario-e-restringe-acesso-a-credito\/#article","isPartOf":{"@id":"https:\/\/jornalfatosenoticias.com.br\/index.php\/2026\/03\/17\/articulacao-do-governo-derruba-antecipacao-do-saque-aniversario-e-restringe-acesso-a-credito\/"},"author":{"name":"Luzimara Fernandes","@id":"https:\/\/jornalfatosenoticias.com.br\/#\/schema\/person\/d63837fa13ac8666eb9e74e0985d6f81"},"headline":"Articula\u00e7\u00e3o do governo derruba antecipa\u00e7\u00e3o do saque-anivers\u00e1rio e restringe acesso a cr\u00e9dito","datePublished":"2026-03-17T13:33:32+00:00","dateModified":"2026-03-17T13:33:34+00:00","mainEntityOfPage":{"@id":"https:\/\/jornalfatosenoticias.com.br\/index.php\/2026\/03\/17\/articulacao-do-governo-derruba-antecipacao-do-saque-aniversario-e-restringe-acesso-a-credito\/"},"wordCount":1007,"commentCount":0,"publisher":{"@id":"https:\/\/jornalfatosenoticias.com.br\/#organization"},"image":{"@id":"https:\/\/jornalfatosenoticias.com.br\/index.php\/2026\/03\/17\/articulacao-do-governo-derruba-antecipacao-do-saque-aniversario-e-restringe-acesso-a-credito\/#primaryimage"},"thumbnailUrl":"https:\/\/jornalfatosenoticias.com.br\/wp-content\/uploads\/2026\/03\/ChatGPT-Image_lula-restringe-saque-aniversario-fgts.jpg","keywords":["bancos","com\u00e9rcio","Efraim Filho","empr\u00e9stimo","FGTS","Jorge Seif","Luiz Marinho","Lula","saque-anivers\u00e1rio"],"articleSection":["Economia"],"inLanguage":"pt-BR","potentialAction":[{"@type":"CommentAction","name":"Comment","target":["https:\/\/jornalfatosenoticias.com.br\/index.php\/2026\/03\/17\/articulacao-do-governo-derruba-antecipacao-do-saque-aniversario-e-restringe-acesso-a-credito\/#respond"]}]},{"@type":"WebPage","@id":"https:\/\/jornalfatosenoticias.com.br\/index.php\/2026\/03\/17\/articulacao-do-governo-derruba-antecipacao-do-saque-aniversario-e-restringe-acesso-a-credito\/","url":"https:\/\/jornalfatosenoticias.com.br\/index.php\/2026\/03\/17\/articulacao-do-governo-derruba-antecipacao-do-saque-aniversario-e-restringe-acesso-a-credito\/","name":"Articula\u00e7\u00e3o do governo derruba antecipa\u00e7\u00e3o do saque-anivers\u00e1rio e restringe acesso a cr\u00e9dito - Jornal Fatos e Not\u00edcias","isPartOf":{"@id":"https:\/\/jornalfatosenoticias.com.br\/#website"},"primaryImageOfPage":{"@id":"https:\/\/jornalfatosenoticias.com.br\/index.php\/2026\/03\/17\/articulacao-do-governo-derruba-antecipacao-do-saque-aniversario-e-restringe-acesso-a-credito\/#primaryimage"},"image":{"@id":"https:\/\/jornalfatosenoticias.com.br\/index.php\/2026\/03\/17\/articulacao-do-governo-derruba-antecipacao-do-saque-aniversario-e-restringe-acesso-a-credito\/#primaryimage"},"thumbnailUrl":"https:\/\/jornalfatosenoticias.com.br\/wp-content\/uploads\/2026\/03\/ChatGPT-Image_lula-restringe-saque-aniversario-fgts.jpg","datePublished":"2026-03-17T13:33:32+00:00","dateModified":"2026-03-17T13:33:34+00:00","breadcrumb":{"@id":"https:\/\/jornalfatosenoticias.com.br\/index.php\/2026\/03\/17\/articulacao-do-governo-derruba-antecipacao-do-saque-aniversario-e-restringe-acesso-a-credito\/#breadcrumb"},"inLanguage":"pt-BR","potentialAction":[{"@type":"ReadAction","target":["https:\/\/jornalfatosenoticias.com.br\/index.php\/2026\/03\/17\/articulacao-do-governo-derruba-antecipacao-do-saque-aniversario-e-restringe-acesso-a-credito\/"]}]},{"@type":"ImageObject","inLanguage":"pt-BR","@id":"https:\/\/jornalfatosenoticias.com.br\/index.php\/2026\/03\/17\/articulacao-do-governo-derruba-antecipacao-do-saque-aniversario-e-restringe-acesso-a-credito\/#primaryimage","url":"https:\/\/jornalfatosenoticias.com.br\/wp-content\/uploads\/2026\/03\/ChatGPT-Image_lula-restringe-saque-aniversario-fgts.jpg","contentUrl":"https:\/\/jornalfatosenoticias.com.br\/wp-content\/uploads\/2026\/03\/ChatGPT-Image_lula-restringe-saque-aniversario-fgts.jpg","width":1000,"height":599},{"@type":"BreadcrumbList","@id":"https:\/\/jornalfatosenoticias.com.br\/index.php\/2026\/03\/17\/articulacao-do-governo-derruba-antecipacao-do-saque-aniversario-e-restringe-acesso-a-credito\/#breadcrumb","itemListElement":[{"@type":"ListItem","position":1,"name":"In\u00edcio","item":"https:\/\/jornalfatosenoticias.com.br\/"},{"@type":"ListItem","position":2,"name":"Articula\u00e7\u00e3o do governo derruba antecipa\u00e7\u00e3o do saque-anivers\u00e1rio e restringe acesso a cr\u00e9dito"}]},{"@type":"WebSite","@id":"https:\/\/jornalfatosenoticias.com.br\/#website","url":"https:\/\/jornalfatosenoticias.com.br\/","name":"Jornal Fatos e Not\u00edcias","description":"Not\u00edcias em geral","publisher":{"@id":"https:\/\/jornalfatosenoticias.com.br\/#organization"},"potentialAction":[{"@type":"SearchAction","target":{"@type":"EntryPoint","urlTemplate":"https:\/\/jornalfatosenoticias.com.br\/?s={search_term_string}"},"query-input":{"@type":"PropertyValueSpecification","valueRequired":true,"valueName":"search_term_string"}}],"inLanguage":"pt-BR"},{"@type":"Organization","@id":"https:\/\/jornalfatosenoticias.com.br\/#organization","name":"Jornal Fatos e Not\u00edcias","url":"https:\/\/jornalfatosenoticias.com.br\/","logo":{"@type":"ImageObject","inLanguage":"pt-BR","@id":"https:\/\/jornalfatosenoticias.com.br\/#\/schema\/logo\/image\/","url":"https:\/\/jornalfatosenoticias.com.br\/wp-content\/uploads\/2020\/02\/logo120.png","contentUrl":"https:\/\/jornalfatosenoticias.com.br\/wp-content\/uploads\/2020\/02\/logo120.png","width":1227,"height":120,"caption":"Jornal Fatos e Not\u00edcias"},"image":{"@id":"https:\/\/jornalfatosenoticias.com.br\/#\/schema\/logo\/image\/"}},{"@type":"Person","@id":"https:\/\/jornalfatosenoticias.com.br\/#\/schema\/person\/d63837fa13ac8666eb9e74e0985d6f81","name":"Luzimara Fernandes","image":{"@type":"ImageObject","inLanguage":"pt-BR","@id":"https:\/\/jornalfatosenoticias.com.br\/#\/schema\/person\/image\/","url":"https:\/\/jornalfatosenoticias.com.br\/wp-content\/uploads\/2025\/05\/EU_portal.jpg","contentUrl":"https:\/\/jornalfatosenoticias.com.br\/wp-content\/uploads\/2025\/05\/EU_portal.jpg","caption":"Luzimara Fernandes"},"description":"Jornalista MTB 2358-ES","sameAs":["https:\/\/jornalfatosenoticias.com.br"],"url":"https:\/\/jornalfatosenoticias.com.br\/index.php\/author\/luzimara\/"}]}},"cc_featured_image_caption":{"caption_text":"(Foto: ChatGPT)","source_text":"","source_url":""},"jetpack_featured_media_url":"https:\/\/jornalfatosenoticias.com.br\/wp-content\/uploads\/2026\/03\/ChatGPT-Image_lula-restringe-saque-aniversario-fgts.jpg","_links":{"self":[{"href":"https:\/\/jornalfatosenoticias.com.br\/index.php\/wp-json\/wp\/v2\/posts\/65968","targetHints":{"allow":["GET"]}}],"collection":[{"href":"https:\/\/jornalfatosenoticias.com.br\/index.php\/wp-json\/wp\/v2\/posts"}],"about":[{"href":"https:\/\/jornalfatosenoticias.com.br\/index.php\/wp-json\/wp\/v2\/types\/post"}],"author":[{"embeddable":true,"href":"https:\/\/jornalfatosenoticias.com.br\/index.php\/wp-json\/wp\/v2\/users\/2"}],"replies":[{"embeddable":true,"href":"https:\/\/jornalfatosenoticias.com.br\/index.php\/wp-json\/wp\/v2\/comments?post=65968"}],"version-history":[{"count":1,"href":"https:\/\/jornalfatosenoticias.com.br\/index.php\/wp-json\/wp\/v2\/posts\/65968\/revisions"}],"predecessor-version":[{"id":65971,"href":"https:\/\/jornalfatosenoticias.com.br\/index.php\/wp-json\/wp\/v2\/posts\/65968\/revisions\/65971"}],"wp:featuredmedia":[{"embeddable":true,"href":"https:\/\/jornalfatosenoticias.com.br\/index.php\/wp-json\/wp\/v2\/media\/65970"}],"wp:attachment":[{"href":"https:\/\/jornalfatosenoticias.com.br\/index.php\/wp-json\/wp\/v2\/media?parent=65968"}],"wp:term":[{"taxonomy":"category","embeddable":true,"href":"https:\/\/jornalfatosenoticias.com.br\/index.php\/wp-json\/wp\/v2\/categories?post=65968"},{"taxonomy":"post_tag","embeddable":true,"href":"https:\/\/jornalfatosenoticias.com.br\/index.php\/wp-json\/wp\/v2\/tags?post=65968"}],"curies":[{"name":"wp","href":"https:\/\/api.w.org\/{rel}","templated":true}]}}