{"id":65972,"date":"2026-03-17T10:43:01","date_gmt":"2026-03-17T13:43:01","guid":{"rendered":"https:\/\/jornalfatosenoticias.com.br\/?p=65972"},"modified":"2026-03-17T10:43:03","modified_gmt":"2026-03-17T13:43:03","slug":"trump-diz-que-tera-honra-de-tomar-cuba-e-critica-regime-comunista-da-ilha","status":"publish","type":"post","link":"https:\/\/jornalfatosenoticias.com.br\/index.php\/2026\/03\/17\/trump-diz-que-tera-honra-de-tomar-cuba-e-critica-regime-comunista-da-ilha\/","title":{"rendered":"Trump diz que ter\u00e1 \u201chonra de tomar Cuba\u201d e critica regime comunista da ilha"},"content":{"rendered":"\n<p><em><mark style=\"background-color:rgba(0, 0, 0, 0)\" class=\"has-inline-color has-black-color\">O ditador cubano, Miguel D\u00edaz-Canel, e o presidente dos Estados Unidos, Donald Trump<\/mark><\/em><\/p>\n\n\n\n<p><mark style=\"background-color:rgba(0, 0, 0, 0)\" class=\"has-inline-color has-black-color\">Por <strong><a href=\"https:\/\/www.gazetadopovo.com.br\/autor\/john-lucas\/\">John Lucas<\/a><\/strong><\/mark><\/p>\n\n\n\n<p>O presidente dos Estados Unidos, Donald Trump, disse nesta segunda-feira (16), durante coletiva na Casa Branca, que acredita que ter\u00e1 a honra \u201ctomar Cuba\u201d. Na mesma declara\u00e7\u00e3o, o republicano voltou a criticar o regime comunista cubano e disse que o pa\u00eds est\u00e1 enfraquecido ap\u00f3s anos de crise econ\u00f4mica. Trump afirmou que acompanha h\u00e1 d\u00e9cadas as discuss\u00f5es sobre a rela\u00e7\u00e3o entre Washington e Havana e sugeriu que seu governo poderia ter um papel decisivo no futuro da ilha.<\/p>\n\n\n\n<blockquote class=\"wp-block-quote is-layout-flow wp-block-quote-is-layout-flow\">\n<p><mark style=\"background-color:rgba(0, 0, 0, 0)\" class=\"has-inline-color has-luminous-vivid-orange-color\">Eu acredito que terei a honra de tomar Cuba. \u00c9 uma grande honra. Tomar Cuba de alguma forma. Libert\u00e1-la. Acho que posso fazer o que quiser com ela, para dizer a verdade\u201d, declarou.<\/mark><\/p>\n<\/blockquote>\n\n\n<div class=\"wp-block-image\">\n<figure class=\"aligncenter size-full is-resized\"><a href=\"https:\/\/panper.com.br\/\"><img loading=\"lazy\" decoding=\"async\" width=\"400\" height=\"277\" src=\"https:\/\/jornalfatosenoticias.com.br\/wp-content\/uploads\/2023\/03\/logo-Panper_portal.jpg\" alt=\"\" class=\"wp-image-40208\" style=\"aspect-ratio:1.4441247814068934;width:380px;height:auto\" srcset=\"https:\/\/jornalfatosenoticias.com.br\/wp-content\/uploads\/2023\/03\/logo-Panper_portal.jpg 400w, https:\/\/jornalfatosenoticias.com.br\/wp-content\/uploads\/2023\/03\/logo-Panper_portal-300x208.jpg 300w\" sizes=\"auto, (max-width: 400px) 100vw, 400px\" \/><\/a><\/figure>\n<\/div>\n\n\n<p>O presidente tamb\u00e9m descreveu Cuba como um pa\u00eds fragilizado e criticou a lideran\u00e7a pol\u00edtica do regime. <em>\u201c\u00c9 uma na\u00e7\u00e3o muito enfraquecida. Tem sido assim por muito tempo, e tem l\u00edderes muito violentos\u201d<\/em>, afirmou. Trump acrescentou que a ilha possui potencial tur\u00edstico e econ\u00f4mico, mas disse que o pa\u00eds vive uma situa\u00e7\u00e3o dif\u00edcil h\u00e1 anos. Segundo ele, a fragilidade atual poderia abrir espa\u00e7o para mudan\u00e7as na rela\u00e7\u00e3o com os Estados Unidos.<br>Nas \u00faltimas semanas, o presidente americano tem afirmado que o regime cubano pode enfrentar uma queda em breve, citando a deteriora\u00e7\u00e3o econ\u00f4mica e o aumento das dificuldades internas. Washington considera que a crise na ilha se agravou ap\u00f3s restri\u00e7\u00f5es no fornecimento de petr\u00f3leo e problemas estruturais no sistema energ\u00e9tico.<\/p>\n\n\n<div class=\"wp-block-image\">\n<figure class=\"aligncenter size-full\"><a href=\"https:\/\/www.cesconetto.com.br\/\"><img loading=\"lazy\" decoding=\"async\" width=\"300\" height=\"250\" src=\"https:\/\/jornalfatosenoticias.com.br\/wp-content\/uploads\/2020\/02\/Banner-2.png\" alt=\"\" class=\"wp-image-43787\"\/><\/a><\/figure>\n<\/div>\n\n\n<p>Cuba come\u00e7ou esta semana com um novo apag\u00e3o nacional, o sexto em cerca de um ano e meio, segundo dados divulgados por autoridades e especialistas do setor energ\u00e9tico. As interrup\u00e7\u00f5es t\u00eam sido associadas a falhas em usinas termoel\u00e9tricas antigas e \u00e0 escassez de combust\u00edvel, situa\u00e7\u00e3o que se agravou nos \u00faltimos meses.<br>O ditador cubano, Miguel D\u00edaz-Canel, confirmou recentemente que representantes de Havana mant\u00eam conversas com os Estados Unidos para tentar resolver diferen\u00e7as por meio do di\u00e1logo. Trump tamb\u00e9m j\u00e1 havia mencionado a possibilidade de negocia\u00e7\u00f5es, embora continue fazendo cr\u00edticas duras ao regime cubano.<\/p>\n\n\n<div class=\"wp-block-image\">\n<figure class=\"aligncenter size-large\"><a href=\"https:\/\/www.controlsystems.com.br\/\"><img loading=\"lazy\" decoding=\"async\" width=\"1024\" height=\"109\" src=\"https:\/\/jornalfatosenoticias.com.br\/wp-content\/uploads\/2020\/02\/CONTROL-CS2-1024x109.jpg\" alt=\"\" class=\"wp-image-44989\" srcset=\"https:\/\/jornalfatosenoticias.com.br\/wp-content\/uploads\/2020\/02\/CONTROL-CS2-1024x109.jpg 1024w, https:\/\/jornalfatosenoticias.com.br\/wp-content\/uploads\/2020\/02\/CONTROL-CS2-300x32.jpg 300w, https:\/\/jornalfatosenoticias.com.br\/wp-content\/uploads\/2020\/02\/CONTROL-CS2-768x82.jpg 768w, https:\/\/jornalfatosenoticias.com.br\/wp-content\/uploads\/2020\/02\/CONTROL-CS2.jpg 1120w\" sizes=\"auto, (max-width: 1024px) 100vw, 1024px\" \/><\/a><\/figure>\n<\/div>\n\n\n<p><strong>Fonte: <a href=\"https:\/\/www.gazetadopovo.com.br\/mundo\/trump-diz-que-tera-honra-de-tomar-cuba-e-critica-regime-comunista-da-ilha\/\">Gazeta do Povo<\/a><\/strong><\/p>\n","protected":false},"excerpt":{"rendered":"<p>O ditador cubano, Miguel D\u00edaz-Canel, e o presidente dos Estados Unidos, Donald Trump Por John Lucas O presidente dos Estados Unidos, Donald Trump, disse nesta segunda-feira (16), durante coletiva na Casa Branca, que acredita que ter\u00e1 a honra \u201ctomar Cuba\u201d. Na mesma declara\u00e7\u00e3o, o republicano voltou a criticar o regime comunista cubano e disse que [&hellip;]<\/p>\n","protected":false},"author":2,"featured_media":65973,"comment_status":"open","ping_status":"open","sticky":false,"template":"","format":"standard","meta":{"footnotes":""},"categories":[41],"tags":[5043,2147,159,16292,23715,26888],"class_list":["post-65972","post","type-post","status-publish","format-standard","has-post-thumbnail","hentry","category-internacional","tag-cuba","tag-donald-trump","tag-eua","tag-havana","tag-miguel-diaz-canel","tag-regime-cubano"],"yoast_head":"<!-- This site is optimized with the Yoast SEO plugin v26.5 - https:\/\/yoast.com\/wordpress\/plugins\/seo\/ -->\n<title>Trump diz que ter\u00e1 \u201chonra de tomar Cuba\u201d e critica regime comunista da ilha - Jornal Fatos e Not\u00edcias<\/title>\n<meta name=\"robots\" content=\"index, follow, max-snippet:-1, max-image-preview:large, max-video-preview:-1\" \/>\n<link rel=\"canonical\" href=\"https:\/\/jornalfatosenoticias.com.br\/index.php\/2026\/03\/17\/trump-diz-que-tera-honra-de-tomar-cuba-e-critica-regime-comunista-da-ilha\/\" \/>\n<meta property=\"og:locale\" content=\"pt_BR\" \/>\n<meta property=\"og:type\" content=\"article\" \/>\n<meta property=\"og:title\" content=\"Trump diz que ter\u00e1 \u201chonra de tomar Cuba\u201d e critica regime comunista da ilha - Jornal Fatos e Not\u00edcias\" \/>\n<meta property=\"og:description\" content=\"O ditador cubano, Miguel D\u00edaz-Canel, e o presidente dos Estados Unidos, Donald Trump Por John Lucas O presidente dos Estados Unidos, Donald Trump, disse nesta segunda-feira (16), durante coletiva na Casa Branca, que acredita que ter\u00e1 a honra \u201ctomar Cuba\u201d. Na mesma declara\u00e7\u00e3o, o republicano voltou a criticar o regime comunista cubano e disse que [&hellip;]\" \/>\n<meta property=\"og:url\" content=\"https:\/\/jornalfatosenoticias.com.br\/index.php\/2026\/03\/17\/trump-diz-que-tera-honra-de-tomar-cuba-e-critica-regime-comunista-da-ilha\/\" \/>\n<meta property=\"og:site_name\" content=\"Jornal Fatos e Not\u00edcias\" \/>\n<meta property=\"article:published_time\" content=\"2026-03-17T13:43:01+00:00\" \/>\n<meta property=\"article:modified_time\" content=\"2026-03-17T13:43:03+00:00\" \/>\n<meta property=\"og:image\" content=\"https:\/\/jornalfatosenoticias.com.br\/wp-content\/uploads\/2026\/03\/Miguel-Diaz-Canel-Trump_gettyimages.jpg\" \/>\n\t<meta property=\"og:image:width\" content=\"612\" \/>\n\t<meta property=\"og:image:height\" content=\"283\" \/>\n\t<meta property=\"og:image:type\" content=\"image\/jpeg\" \/>\n<meta name=\"author\" content=\"Luzimara Fernandes\" \/>\n<meta name=\"twitter:card\" content=\"summary_large_image\" \/>\n<meta name=\"twitter:label1\" content=\"Escrito por\" \/>\n\t<meta name=\"twitter:data1\" content=\"Luzimara Fernandes\" \/>\n\t<meta name=\"twitter:label2\" content=\"Est. tempo de leitura\" \/>\n\t<meta name=\"twitter:data2\" content=\"3 minutos\" \/>\n<script type=\"application\/ld+json\" class=\"yoast-schema-graph\">{\"@context\":\"https:\/\/schema.org\",\"@graph\":[{\"@type\":\"Article\",\"@id\":\"https:\/\/jornalfatosenoticias.com.br\/index.php\/2026\/03\/17\/trump-diz-que-tera-honra-de-tomar-cuba-e-critica-regime-comunista-da-ilha\/#article\",\"isPartOf\":{\"@id\":\"https:\/\/jornalfatosenoticias.com.br\/index.php\/2026\/03\/17\/trump-diz-que-tera-honra-de-tomar-cuba-e-critica-regime-comunista-da-ilha\/\"},\"author\":{\"name\":\"Luzimara Fernandes\",\"@id\":\"https:\/\/jornalfatosenoticias.com.br\/#\/schema\/person\/d63837fa13ac8666eb9e74e0985d6f81\"},\"headline\":\"Trump diz que ter\u00e1 \u201chonra de tomar Cuba\u201d e critica regime comunista da ilha\",\"datePublished\":\"2026-03-17T13:43:01+00:00\",\"dateModified\":\"2026-03-17T13:43:03+00:00\",\"mainEntityOfPage\":{\"@id\":\"https:\/\/jornalfatosenoticias.com.br\/index.php\/2026\/03\/17\/trump-diz-que-tera-honra-de-tomar-cuba-e-critica-regime-comunista-da-ilha\/\"},\"wordCount\":396,\"commentCount\":0,\"publisher\":{\"@id\":\"https:\/\/jornalfatosenoticias.com.br\/#organization\"},\"image\":{\"@id\":\"https:\/\/jornalfatosenoticias.com.br\/index.php\/2026\/03\/17\/trump-diz-que-tera-honra-de-tomar-cuba-e-critica-regime-comunista-da-ilha\/#primaryimage\"},\"thumbnailUrl\":\"https:\/\/jornalfatosenoticias.com.br\/wp-content\/uploads\/2026\/03\/Miguel-Diaz-Canel-Trump_gettyimages.jpg\",\"keywords\":[\"Cuba\",\"Donald Trump\",\"EUA\",\"Havana\",\"Miguel D\u00edaz-Canel\",\"regime cubano\"],\"articleSection\":[\"Internacional\"],\"inLanguage\":\"pt-BR\",\"potentialAction\":[{\"@type\":\"CommentAction\",\"name\":\"Comment\",\"target\":[\"https:\/\/jornalfatosenoticias.com.br\/index.php\/2026\/03\/17\/trump-diz-que-tera-honra-de-tomar-cuba-e-critica-regime-comunista-da-ilha\/#respond\"]}]},{\"@type\":\"WebPage\",\"@id\":\"https:\/\/jornalfatosenoticias.com.br\/index.php\/2026\/03\/17\/trump-diz-que-tera-honra-de-tomar-cuba-e-critica-regime-comunista-da-ilha\/\",\"url\":\"https:\/\/jornalfatosenoticias.com.br\/index.php\/2026\/03\/17\/trump-diz-que-tera-honra-de-tomar-cuba-e-critica-regime-comunista-da-ilha\/\",\"name\":\"Trump diz que ter\u00e1 \u201chonra de tomar Cuba\u201d e critica regime comunista da ilha - Jornal Fatos e Not\u00edcias\",\"isPartOf\":{\"@id\":\"https:\/\/jornalfatosenoticias.com.br\/#website\"},\"primaryImageOfPage\":{\"@id\":\"https:\/\/jornalfatosenoticias.com.br\/index.php\/2026\/03\/17\/trump-diz-que-tera-honra-de-tomar-cuba-e-critica-regime-comunista-da-ilha\/#primaryimage\"},\"image\":{\"@id\":\"https:\/\/jornalfatosenoticias.com.br\/index.php\/2026\/03\/17\/trump-diz-que-tera-honra-de-tomar-cuba-e-critica-regime-comunista-da-ilha\/#primaryimage\"},\"thumbnailUrl\":\"https:\/\/jornalfatosenoticias.com.br\/wp-content\/uploads\/2026\/03\/Miguel-Diaz-Canel-Trump_gettyimages.jpg\",\"datePublished\":\"2026-03-17T13:43:01+00:00\",\"dateModified\":\"2026-03-17T13:43:03+00:00\",\"breadcrumb\":{\"@id\":\"https:\/\/jornalfatosenoticias.com.br\/index.php\/2026\/03\/17\/trump-diz-que-tera-honra-de-tomar-cuba-e-critica-regime-comunista-da-ilha\/#breadcrumb\"},\"inLanguage\":\"pt-BR\",\"potentialAction\":[{\"@type\":\"ReadAction\",\"target\":[\"https:\/\/jornalfatosenoticias.com.br\/index.php\/2026\/03\/17\/trump-diz-que-tera-honra-de-tomar-cuba-e-critica-regime-comunista-da-ilha\/\"]}]},{\"@type\":\"ImageObject\",\"inLanguage\":\"pt-BR\",\"@id\":\"https:\/\/jornalfatosenoticias.com.br\/index.php\/2026\/03\/17\/trump-diz-que-tera-honra-de-tomar-cuba-e-critica-regime-comunista-da-ilha\/#primaryimage\",\"url\":\"https:\/\/jornalfatosenoticias.com.br\/wp-content\/uploads\/2026\/03\/Miguel-Diaz-Canel-Trump_gettyimages.jpg\",\"contentUrl\":\"https:\/\/jornalfatosenoticias.com.br\/wp-content\/uploads\/2026\/03\/Miguel-Diaz-Canel-Trump_gettyimages.jpg\",\"width\":612,\"height\":283,\"caption\":\"(COMBO) This combination of pictures created on January 11, 2026 shows Cuba's President Miguel Diaz-Canel (L) during the BRICS summit second plenary session in Rio de Janeiro, Brazil, on July 6, 2025; and US President Donald Trump during a meeting with US oil companies executives in the East Room of the White House in Washington, DC on January 9, 2026. US President Donald Trump urged Cuba on January 11, 2026 to \\\"make a deal before it's too late\\\" or face unspecified consequences, warning that the flow of Venezuelan oil and money to Havana would now stop. (Photo by Pablo PORCIUNCULA and SAUL LOEB \/ AFP via Getty Images)\"},{\"@type\":\"BreadcrumbList\",\"@id\":\"https:\/\/jornalfatosenoticias.com.br\/index.php\/2026\/03\/17\/trump-diz-que-tera-honra-de-tomar-cuba-e-critica-regime-comunista-da-ilha\/#breadcrumb\",\"itemListElement\":[{\"@type\":\"ListItem\",\"position\":1,\"name\":\"In\u00edcio\",\"item\":\"https:\/\/jornalfatosenoticias.com.br\/\"},{\"@type\":\"ListItem\",\"position\":2,\"name\":\"Trump diz que ter\u00e1 \u201chonra de tomar Cuba\u201d e critica regime comunista da ilha\"}]},{\"@type\":\"WebSite\",\"@id\":\"https:\/\/jornalfatosenoticias.com.br\/#website\",\"url\":\"https:\/\/jornalfatosenoticias.com.br\/\",\"name\":\"Jornal Fatos e Not\u00edcias\",\"description\":\"Not\u00edcias em geral\",\"publisher\":{\"@id\":\"https:\/\/jornalfatosenoticias.com.br\/#organization\"},\"potentialAction\":[{\"@type\":\"SearchAction\",\"target\":{\"@type\":\"EntryPoint\",\"urlTemplate\":\"https:\/\/jornalfatosenoticias.com.br\/?s={search_term_string}\"},\"query-input\":{\"@type\":\"PropertyValueSpecification\",\"valueRequired\":true,\"valueName\":\"search_term_string\"}}],\"inLanguage\":\"pt-BR\"},{\"@type\":\"Organization\",\"@id\":\"https:\/\/jornalfatosenoticias.com.br\/#organization\",\"name\":\"Jornal Fatos e Not\u00edcias\",\"url\":\"https:\/\/jornalfatosenoticias.com.br\/\",\"logo\":{\"@type\":\"ImageObject\",\"inLanguage\":\"pt-BR\",\"@id\":\"https:\/\/jornalfatosenoticias.com.br\/#\/schema\/logo\/image\/\",\"url\":\"https:\/\/jornalfatosenoticias.com.br\/wp-content\/uploads\/2020\/02\/logo120.png\",\"contentUrl\":\"https:\/\/jornalfatosenoticias.com.br\/wp-content\/uploads\/2020\/02\/logo120.png\",\"width\":1227,\"height\":120,\"caption\":\"Jornal Fatos e Not\u00edcias\"},\"image\":{\"@id\":\"https:\/\/jornalfatosenoticias.com.br\/#\/schema\/logo\/image\/\"}},{\"@type\":\"Person\",\"@id\":\"https:\/\/jornalfatosenoticias.com.br\/#\/schema\/person\/d63837fa13ac8666eb9e74e0985d6f81\",\"name\":\"Luzimara Fernandes\",\"image\":{\"@type\":\"ImageObject\",\"inLanguage\":\"pt-BR\",\"@id\":\"https:\/\/jornalfatosenoticias.com.br\/#\/schema\/person\/image\/\",\"url\":\"https:\/\/jornalfatosenoticias.com.br\/wp-content\/uploads\/2025\/05\/EU_portal.jpg\",\"contentUrl\":\"https:\/\/jornalfatosenoticias.com.br\/wp-content\/uploads\/2025\/05\/EU_portal.jpg\",\"caption\":\"Luzimara Fernandes\"},\"description\":\"Jornalista MTB 2358-ES\",\"sameAs\":[\"https:\/\/jornalfatosenoticias.com.br\"],\"url\":\"https:\/\/jornalfatosenoticias.com.br\/index.php\/author\/luzimara\/\"}]}<\/script>\n<!-- \/ Yoast SEO plugin. -->","yoast_head_json":{"title":"Trump diz que ter\u00e1 \u201chonra de tomar Cuba\u201d e critica regime comunista da ilha - Jornal Fatos e Not\u00edcias","robots":{"index":"index","follow":"follow","max-snippet":"max-snippet:-1","max-image-preview":"max-image-preview:large","max-video-preview":"max-video-preview:-1"},"canonical":"https:\/\/jornalfatosenoticias.com.br\/index.php\/2026\/03\/17\/trump-diz-que-tera-honra-de-tomar-cuba-e-critica-regime-comunista-da-ilha\/","og_locale":"pt_BR","og_type":"article","og_title":"Trump diz que ter\u00e1 \u201chonra de tomar Cuba\u201d e critica regime comunista da ilha - Jornal Fatos e Not\u00edcias","og_description":"O ditador cubano, Miguel D\u00edaz-Canel, e o presidente dos Estados Unidos, Donald Trump Por John Lucas O presidente dos Estados Unidos, Donald Trump, disse nesta segunda-feira (16), durante coletiva na Casa Branca, que acredita que ter\u00e1 a honra \u201ctomar Cuba\u201d. Na mesma declara\u00e7\u00e3o, o republicano voltou a criticar o regime comunista cubano e disse que [&hellip;]","og_url":"https:\/\/jornalfatosenoticias.com.br\/index.php\/2026\/03\/17\/trump-diz-que-tera-honra-de-tomar-cuba-e-critica-regime-comunista-da-ilha\/","og_site_name":"Jornal Fatos e Not\u00edcias","article_published_time":"2026-03-17T13:43:01+00:00","article_modified_time":"2026-03-17T13:43:03+00:00","og_image":[{"width":612,"height":283,"url":"https:\/\/jornalfatosenoticias.com.br\/wp-content\/uploads\/2026\/03\/Miguel-Diaz-Canel-Trump_gettyimages.jpg","type":"image\/jpeg"}],"author":"Luzimara Fernandes","twitter_card":"summary_large_image","twitter_misc":{"Escrito por":"Luzimara Fernandes","Est. tempo de leitura":"3 minutos"},"schema":{"@context":"https:\/\/schema.org","@graph":[{"@type":"Article","@id":"https:\/\/jornalfatosenoticias.com.br\/index.php\/2026\/03\/17\/trump-diz-que-tera-honra-de-tomar-cuba-e-critica-regime-comunista-da-ilha\/#article","isPartOf":{"@id":"https:\/\/jornalfatosenoticias.com.br\/index.php\/2026\/03\/17\/trump-diz-que-tera-honra-de-tomar-cuba-e-critica-regime-comunista-da-ilha\/"},"author":{"name":"Luzimara Fernandes","@id":"https:\/\/jornalfatosenoticias.com.br\/#\/schema\/person\/d63837fa13ac8666eb9e74e0985d6f81"},"headline":"Trump diz que ter\u00e1 \u201chonra de tomar Cuba\u201d e critica regime comunista da ilha","datePublished":"2026-03-17T13:43:01+00:00","dateModified":"2026-03-17T13:43:03+00:00","mainEntityOfPage":{"@id":"https:\/\/jornalfatosenoticias.com.br\/index.php\/2026\/03\/17\/trump-diz-que-tera-honra-de-tomar-cuba-e-critica-regime-comunista-da-ilha\/"},"wordCount":396,"commentCount":0,"publisher":{"@id":"https:\/\/jornalfatosenoticias.com.br\/#organization"},"image":{"@id":"https:\/\/jornalfatosenoticias.com.br\/index.php\/2026\/03\/17\/trump-diz-que-tera-honra-de-tomar-cuba-e-critica-regime-comunista-da-ilha\/#primaryimage"},"thumbnailUrl":"https:\/\/jornalfatosenoticias.com.br\/wp-content\/uploads\/2026\/03\/Miguel-Diaz-Canel-Trump_gettyimages.jpg","keywords":["Cuba","Donald Trump","EUA","Havana","Miguel D\u00edaz-Canel","regime cubano"],"articleSection":["Internacional"],"inLanguage":"pt-BR","potentialAction":[{"@type":"CommentAction","name":"Comment","target":["https:\/\/jornalfatosenoticias.com.br\/index.php\/2026\/03\/17\/trump-diz-que-tera-honra-de-tomar-cuba-e-critica-regime-comunista-da-ilha\/#respond"]}]},{"@type":"WebPage","@id":"https:\/\/jornalfatosenoticias.com.br\/index.php\/2026\/03\/17\/trump-diz-que-tera-honra-de-tomar-cuba-e-critica-regime-comunista-da-ilha\/","url":"https:\/\/jornalfatosenoticias.com.br\/index.php\/2026\/03\/17\/trump-diz-que-tera-honra-de-tomar-cuba-e-critica-regime-comunista-da-ilha\/","name":"Trump diz que ter\u00e1 \u201chonra de tomar Cuba\u201d e critica regime comunista da ilha - Jornal Fatos e Not\u00edcias","isPartOf":{"@id":"https:\/\/jornalfatosenoticias.com.br\/#website"},"primaryImageOfPage":{"@id":"https:\/\/jornalfatosenoticias.com.br\/index.php\/2026\/03\/17\/trump-diz-que-tera-honra-de-tomar-cuba-e-critica-regime-comunista-da-ilha\/#primaryimage"},"image":{"@id":"https:\/\/jornalfatosenoticias.com.br\/index.php\/2026\/03\/17\/trump-diz-que-tera-honra-de-tomar-cuba-e-critica-regime-comunista-da-ilha\/#primaryimage"},"thumbnailUrl":"https:\/\/jornalfatosenoticias.com.br\/wp-content\/uploads\/2026\/03\/Miguel-Diaz-Canel-Trump_gettyimages.jpg","datePublished":"2026-03-17T13:43:01+00:00","dateModified":"2026-03-17T13:43:03+00:00","breadcrumb":{"@id":"https:\/\/jornalfatosenoticias.com.br\/index.php\/2026\/03\/17\/trump-diz-que-tera-honra-de-tomar-cuba-e-critica-regime-comunista-da-ilha\/#breadcrumb"},"inLanguage":"pt-BR","potentialAction":[{"@type":"ReadAction","target":["https:\/\/jornalfatosenoticias.com.br\/index.php\/2026\/03\/17\/trump-diz-que-tera-honra-de-tomar-cuba-e-critica-regime-comunista-da-ilha\/"]}]},{"@type":"ImageObject","inLanguage":"pt-BR","@id":"https:\/\/jornalfatosenoticias.com.br\/index.php\/2026\/03\/17\/trump-diz-que-tera-honra-de-tomar-cuba-e-critica-regime-comunista-da-ilha\/#primaryimage","url":"https:\/\/jornalfatosenoticias.com.br\/wp-content\/uploads\/2026\/03\/Miguel-Diaz-Canel-Trump_gettyimages.jpg","contentUrl":"https:\/\/jornalfatosenoticias.com.br\/wp-content\/uploads\/2026\/03\/Miguel-Diaz-Canel-Trump_gettyimages.jpg","width":612,"height":283,"caption":"(COMBO) This combination of pictures created on January 11, 2026 shows Cuba's President Miguel Diaz-Canel (L) during the BRICS summit second plenary session in Rio de Janeiro, Brazil, on July 6, 2025; and US President Donald Trump during a meeting with US oil companies executives in the East Room of the White House in Washington, DC on January 9, 2026. US President Donald Trump urged Cuba on January 11, 2026 to \"make a deal before it's too late\" or face unspecified consequences, warning that the flow of Venezuelan oil and money to Havana would now stop. (Photo by Pablo PORCIUNCULA and SAUL LOEB \/ AFP via Getty Images)"},{"@type":"BreadcrumbList","@id":"https:\/\/jornalfatosenoticias.com.br\/index.php\/2026\/03\/17\/trump-diz-que-tera-honra-de-tomar-cuba-e-critica-regime-comunista-da-ilha\/#breadcrumb","itemListElement":[{"@type":"ListItem","position":1,"name":"In\u00edcio","item":"https:\/\/jornalfatosenoticias.com.br\/"},{"@type":"ListItem","position":2,"name":"Trump diz que ter\u00e1 \u201chonra de tomar Cuba\u201d e critica regime comunista da ilha"}]},{"@type":"WebSite","@id":"https:\/\/jornalfatosenoticias.com.br\/#website","url":"https:\/\/jornalfatosenoticias.com.br\/","name":"Jornal Fatos e Not\u00edcias","description":"Not\u00edcias em geral","publisher":{"@id":"https:\/\/jornalfatosenoticias.com.br\/#organization"},"potentialAction":[{"@type":"SearchAction","target":{"@type":"EntryPoint","urlTemplate":"https:\/\/jornalfatosenoticias.com.br\/?s={search_term_string}"},"query-input":{"@type":"PropertyValueSpecification","valueRequired":true,"valueName":"search_term_string"}}],"inLanguage":"pt-BR"},{"@type":"Organization","@id":"https:\/\/jornalfatosenoticias.com.br\/#organization","name":"Jornal Fatos e Not\u00edcias","url":"https:\/\/jornalfatosenoticias.com.br\/","logo":{"@type":"ImageObject","inLanguage":"pt-BR","@id":"https:\/\/jornalfatosenoticias.com.br\/#\/schema\/logo\/image\/","url":"https:\/\/jornalfatosenoticias.com.br\/wp-content\/uploads\/2020\/02\/logo120.png","contentUrl":"https:\/\/jornalfatosenoticias.com.br\/wp-content\/uploads\/2020\/02\/logo120.png","width":1227,"height":120,"caption":"Jornal Fatos e Not\u00edcias"},"image":{"@id":"https:\/\/jornalfatosenoticias.com.br\/#\/schema\/logo\/image\/"}},{"@type":"Person","@id":"https:\/\/jornalfatosenoticias.com.br\/#\/schema\/person\/d63837fa13ac8666eb9e74e0985d6f81","name":"Luzimara Fernandes","image":{"@type":"ImageObject","inLanguage":"pt-BR","@id":"https:\/\/jornalfatosenoticias.com.br\/#\/schema\/person\/image\/","url":"https:\/\/jornalfatosenoticias.com.br\/wp-content\/uploads\/2025\/05\/EU_portal.jpg","contentUrl":"https:\/\/jornalfatosenoticias.com.br\/wp-content\/uploads\/2025\/05\/EU_portal.jpg","caption":"Luzimara Fernandes"},"description":"Jornalista MTB 2358-ES","sameAs":["https:\/\/jornalfatosenoticias.com.br"],"url":"https:\/\/jornalfatosenoticias.com.br\/index.php\/author\/luzimara\/"}]}},"cc_featured_image_caption":{"caption_text":"(Foto: Getty Images)","source_text":"","source_url":""},"jetpack_featured_media_url":"https:\/\/jornalfatosenoticias.com.br\/wp-content\/uploads\/2026\/03\/Miguel-Diaz-Canel-Trump_gettyimages.jpg","_links":{"self":[{"href":"https:\/\/jornalfatosenoticias.com.br\/index.php\/wp-json\/wp\/v2\/posts\/65972","targetHints":{"allow":["GET"]}}],"collection":[{"href":"https:\/\/jornalfatosenoticias.com.br\/index.php\/wp-json\/wp\/v2\/posts"}],"about":[{"href":"https:\/\/jornalfatosenoticias.com.br\/index.php\/wp-json\/wp\/v2\/types\/post"}],"author":[{"embeddable":true,"href":"https:\/\/jornalfatosenoticias.com.br\/index.php\/wp-json\/wp\/v2\/users\/2"}],"replies":[{"embeddable":true,"href":"https:\/\/jornalfatosenoticias.com.br\/index.php\/wp-json\/wp\/v2\/comments?post=65972"}],"version-history":[{"count":1,"href":"https:\/\/jornalfatosenoticias.com.br\/index.php\/wp-json\/wp\/v2\/posts\/65972\/revisions"}],"predecessor-version":[{"id":65974,"href":"https:\/\/jornalfatosenoticias.com.br\/index.php\/wp-json\/wp\/v2\/posts\/65972\/revisions\/65974"}],"wp:featuredmedia":[{"embeddable":true,"href":"https:\/\/jornalfatosenoticias.com.br\/index.php\/wp-json\/wp\/v2\/media\/65973"}],"wp:attachment":[{"href":"https:\/\/jornalfatosenoticias.com.br\/index.php\/wp-json\/wp\/v2\/media?parent=65972"}],"wp:term":[{"taxonomy":"category","embeddable":true,"href":"https:\/\/jornalfatosenoticias.com.br\/index.php\/wp-json\/wp\/v2\/categories?post=65972"},{"taxonomy":"post_tag","embeddable":true,"href":"https:\/\/jornalfatosenoticias.com.br\/index.php\/wp-json\/wp\/v2\/tags?post=65972"}],"curies":[{"name":"wp","href":"https:\/\/api.w.org\/{rel}","templated":true}]}}