{"id":65978,"date":"2026-03-17T11:29:50","date_gmt":"2026-03-17T14:29:50","guid":{"rendered":"https:\/\/jornalfatosenoticias.com.br\/?p=65978"},"modified":"2026-03-17T11:29:52","modified_gmt":"2026-03-17T14:29:52","slug":"governo-lula-entrega-so-12-das-obras-de-educacao-e-deixa-mais-de-800-mil-criancas-sem-vaga-em-creche","status":"publish","type":"post","link":"https:\/\/jornalfatosenoticias.com.br\/index.php\/2026\/03\/17\/governo-lula-entrega-so-12-das-obras-de-educacao-e-deixa-mais-de-800-mil-criancas-sem-vaga-em-creche\/","title":{"rendered":"Governo Lula entrega s\u00f3 12% das obras de educa\u00e7\u00e3o e deixa mais de 800 mil crian\u00e7as sem vaga em creche"},"content":{"rendered":"\n<p><em><mark style=\"background-color:rgba(0, 0, 0, 0)\" class=\"has-inline-color has-black-color\">Ministro da Educa\u00e7\u00e3o, Camilo Santana (PT) e Lula (PT)<\/mark><\/em><\/p>\n\n\n\n<p><strong>O governo Lula (PT) concluiu 722 das 6.227 obras de educa\u00e7\u00e3o prometidas<\/strong>, o equivalente a <strong>apenas 12% do total,<\/strong> mesmo com <strong>mais de 80% do mandato j\u00e1 transcorrido.<\/strong> Os n\u00fameros constam em pain\u00e9is oficiais do governo e revelam o r<strong>itmo lento de execu\u00e7\u00e3o das obras educacionais anunciadas pelo Novo PAC.<\/strong><br>Entre os projetos prometidos, <strong>3.784 <\/strong>s\u00e3o obras retomadas de gest\u00f5es anteriores e <strong>2.443 <\/strong>correspondem a novos empreendimentos em <strong>1.753 munic\u00edpios. <\/strong>No entanto, <strong>as constru\u00e7\u00f5es iniciadas do zero praticamente n\u00e3o sa\u00edram do papel:<\/strong> <strong>apenas uma foi conclu\u00edda at\u00e9 agora, uma creche no munic\u00edpio de Assar\u00e9, no Cear\u00e1, iniciada em 2024.<\/strong><\/p>\n\n\n\n<p><strong><mark style=\"background-color:rgba(0, 0, 0, 0)\" class=\"has-inline-color has-vivid-purple-color\">Do total de obras previstas:<br><\/mark><\/strong>\ud83d\udc49 1.069 est\u00e3o em execu\u00e7\u00e3o<br>\ud83d\uddd3 572 seguem em fase de licita\u00e7\u00e3o<br>\u26a0\ufe0f 775 ainda aparecem apenas cadastradas<br>\u26a0\ufe0f 24 foram canceladas<\/p>\n\n\n<div class=\"wp-block-image\">\n<figure class=\"aligncenter size-full is-resized\"><a href=\"https:\/\/www.delpupometalmecanica.com.br\/\"><img loading=\"lazy\" decoding=\"async\" width=\"1000\" height=\"525\" src=\"https:\/\/jornalfatosenoticias.com.br\/wp-content\/uploads\/2026\/01\/delpupo-logo.jpg\" alt=\"\" class=\"wp-image-64770\" style=\"aspect-ratio:1.9048293944655068;width:497px;height:auto\" srcset=\"https:\/\/jornalfatosenoticias.com.br\/wp-content\/uploads\/2026\/01\/delpupo-logo.jpg 1000w, https:\/\/jornalfatosenoticias.com.br\/wp-content\/uploads\/2026\/01\/delpupo-logo-300x158.jpg 300w, https:\/\/jornalfatosenoticias.com.br\/wp-content\/uploads\/2026\/01\/delpupo-logo-768x403.jpg 768w\" sizes=\"auto, (max-width: 1000px) 100vw, 1000px\" \/><\/a><\/figure>\n<\/div>\n\n\n<p>A execu\u00e7\u00e3o financeira tamb\u00e9m revela atraso. <strong>Dos R$ 15 bilh\u00f5es previstos para obras educacionais do Novo PAC, apenas R$ 1,2 bilh\u00e3o foi efetivamente pago <\/strong>\u2014 cerca de <strong>8% do total. <\/strong>A maior parte dos projetos est\u00e1 concentrada na educa\u00e7\u00e3o infantil, especialmente creches e pr\u00e9-escolas, que representam 69% das iniciativas. Outras 28% s\u00e3o destinadas \u00e0 amplia\u00e7\u00e3o do ensino em tempo integral.<br>Enquanto as obras avan\u00e7am lentamente, o pa\u00eds enfrenta uma fila de 826.371 crian\u00e7as aguardando vaga em creches. Levantamento do GaEPE-Brasil em parceria com <strong>o Minist\u00e9rio da Educa\u00e7\u00e3o<\/strong> (MEC)<strong> mostra que 52% dos munic\u00edpios brasileiros admitem n\u00e3o conseguir atender toda a demanda por educa\u00e7\u00e3o infantil<\/strong>. Especialistas apontam que a expans\u00e3o da rede de creches \u00e9 considerada uma das medidas mais eficazes para reduzir desigualdade social e pobreza estrutural.<\/p>\n\n\n\n<p><strong><mark style=\"background-color:rgba(0, 0, 0, 0)\" class=\"has-inline-color has-vivid-purple-color\">Entre os estados com maior n\u00famero de obras cadastradas no Novo PAC est\u00e3o:<br><\/mark><\/strong>\ud83d\udc49 Bahia<br>\ud83d\udc49 Pernambuco<br>\ud83d\udc49 Cear\u00e1<br>\ud83d\udc49 Minas Gerais<br>\ud83d\udc49 Maranh\u00e3o<\/p>\n\n\n<div class=\"wp-block-image\">\n<figure class=\"aligncenter size-large is-resized\"><a href=\"https:\/\/www.instagram.com\/espiritocacau\/\"><img loading=\"lazy\" decoding=\"async\" width=\"1024\" height=\"655\" src=\"https:\/\/jornalfatosenoticias.com.br\/wp-content\/uploads\/2020\/02\/logo-Espirito-Cacau-1024x655.jpeg\" alt=\"\" class=\"wp-image-65573\" style=\"aspect-ratio:1.5634269760949224;width:389px;height:auto\" srcset=\"https:\/\/jornalfatosenoticias.com.br\/wp-content\/uploads\/2020\/02\/logo-Espirito-Cacau-1024x655.jpeg 1024w, https:\/\/jornalfatosenoticias.com.br\/wp-content\/uploads\/2020\/02\/logo-Espirito-Cacau-300x192.jpeg 300w, https:\/\/jornalfatosenoticias.com.br\/wp-content\/uploads\/2020\/02\/logo-Espirito-Cacau-768x491.jpeg 768w, https:\/\/jornalfatosenoticias.com.br\/wp-content\/uploads\/2020\/02\/logo-Espirito-Cacau.jpeg 1069w\" sizes=\"auto, (max-width: 1024px) 100vw, 1024px\" \/><\/a><\/figure>\n<\/div>\n\n\n<p>Mais da metade das obras j\u00e1 conclu\u00eddas est\u00e1 concentrada em cinco estados: Maranh\u00e3o, Cear\u00e1, Par\u00e1, Bahia e Minas Gerais. Para enfrentar o problema, o Minist\u00e9rio da Educa\u00e7\u00e3o lan\u00e7ou em 2023 o Pacto de Retomada de Obras Paradas, que busca concluir constru\u00e7\u00f5es abandonadas em governos anteriores.<br>Na \u00e9poca, 5.642 obras educacionais estavam paralisadas no pa\u00eds. Munic\u00edpios demonstraram interesse em retomar 3.783 projetos, dos quais 721 foram finalizados at\u00e9 agora, segundo o FNDE, \u00f3rg\u00e3o ligado ao MEC comandado pelo ministro <strong>Camilo Santana (PT)<\/strong>. Apesar da promessa de acelerar a infraestrutura escolar, os n\u00fameros mostram que a maior parte das obras anunciadas pelo governo ainda permanece longe da conclus\u00e3o.<\/p>\n\n\n\n<p><strong>Fonte: <a href=\"https:\/\/horabrasilia.com.br\/2026\/03\/governo-lula-entrega-so-12-das-obras-de-educacao-e-deixa-mais-de-800-mil-criancas-sem-vaga-em-creche\/\">Hora Bras\u00edlia<\/a><\/strong><\/p>\n","protected":false},"excerpt":{"rendered":"<p>Ministro da Educa\u00e7\u00e3o, Camilo Santana (PT) e Lula (PT) O governo Lula (PT) concluiu 722 das 6.227 obras de educa\u00e7\u00e3o prometidas, o equivalente a apenas 12% do total, mesmo com mais de 80% do mandato j\u00e1 transcorrido. Os n\u00fameros constam em pain\u00e9is oficiais do governo e revelam o ritmo lento de execu\u00e7\u00e3o das obras educacionais [&hellip;]<\/p>\n","protected":false},"author":2,"featured_media":65979,"comment_status":"open","ping_status":"open","sticky":false,"template":"","format":"standard","meta":{"footnotes":""},"categories":[7],"tags":[23117,5948,1870,30022,702,18343,30021,7580,283,20882,30023,30024],"class_list":["post-65978","post","type-post","status-publish","format-standard","has-post-thumbnail","hentry","category-educacao","tag-camilo-santana","tag-creches","tag-educacao-infantil","tag-ensino-em-tempo-integral","tag-fnde","tag-governo-lula","tag-infraestrutura-escolar","tag-lula","tag-mec","tag-novo-pac","tag-obras-educacionais","tag-pre-escolas"],"yoast_head":"<!-- This site is optimized with the Yoast SEO plugin v26.5 - https:\/\/yoast.com\/wordpress\/plugins\/seo\/ -->\n<title>Governo Lula entrega s\u00f3 12% das obras de educa\u00e7\u00e3o e deixa mais de 800 mil crian\u00e7as sem vaga em creche - Jornal Fatos e Not\u00edcias<\/title>\n<meta name=\"robots\" content=\"index, follow, max-snippet:-1, max-image-preview:large, max-video-preview:-1\" \/>\n<link rel=\"canonical\" href=\"https:\/\/jornalfatosenoticias.com.br\/index.php\/2026\/03\/17\/governo-lula-entrega-so-12-das-obras-de-educacao-e-deixa-mais-de-800-mil-criancas-sem-vaga-em-creche\/\" \/>\n<meta property=\"og:locale\" content=\"pt_BR\" \/>\n<meta property=\"og:type\" content=\"article\" \/>\n<meta property=\"og:title\" content=\"Governo Lula entrega s\u00f3 12% das obras de educa\u00e7\u00e3o e deixa mais de 800 mil crian\u00e7as sem vaga em creche - Jornal Fatos e Not\u00edcias\" \/>\n<meta property=\"og:description\" content=\"Ministro da Educa\u00e7\u00e3o, Camilo Santana (PT) e Lula (PT) O governo Lula (PT) concluiu 722 das 6.227 obras de educa\u00e7\u00e3o prometidas, o equivalente a apenas 12% do total, mesmo com mais de 80% do mandato j\u00e1 transcorrido. Os n\u00fameros constam em pain\u00e9is oficiais do governo e revelam o ritmo lento de execu\u00e7\u00e3o das obras educacionais [&hellip;]\" \/>\n<meta property=\"og:url\" content=\"https:\/\/jornalfatosenoticias.com.br\/index.php\/2026\/03\/17\/governo-lula-entrega-so-12-das-obras-de-educacao-e-deixa-mais-de-800-mil-criancas-sem-vaga-em-creche\/\" \/>\n<meta property=\"og:site_name\" content=\"Jornal Fatos e Not\u00edcias\" \/>\n<meta property=\"article:published_time\" content=\"2026-03-17T14:29:50+00:00\" \/>\n<meta property=\"article:modified_time\" content=\"2026-03-17T14:29:52+00:00\" \/>\n<meta property=\"og:image\" content=\"https:\/\/jornalfatosenoticias.com.br\/wp-content\/uploads\/2026\/03\/camilo-santana-e-lula_gettyimages.jpg\" \/>\n\t<meta property=\"og:image:width\" content=\"612\" \/>\n\t<meta property=\"og:image:height\" content=\"417\" \/>\n\t<meta property=\"og:image:type\" content=\"image\/jpeg\" \/>\n<meta name=\"author\" content=\"Luzimara Fernandes\" \/>\n<meta name=\"twitter:card\" content=\"summary_large_image\" \/>\n<meta name=\"twitter:label1\" content=\"Escrito por\" \/>\n\t<meta name=\"twitter:data1\" content=\"Luzimara Fernandes\" \/>\n\t<meta name=\"twitter:label2\" content=\"Est. tempo de leitura\" \/>\n\t<meta name=\"twitter:data2\" content=\"3 minutos\" \/>\n<script type=\"application\/ld+json\" class=\"yoast-schema-graph\">{\"@context\":\"https:\/\/schema.org\",\"@graph\":[{\"@type\":\"Article\",\"@id\":\"https:\/\/jornalfatosenoticias.com.br\/index.php\/2026\/03\/17\/governo-lula-entrega-so-12-das-obras-de-educacao-e-deixa-mais-de-800-mil-criancas-sem-vaga-em-creche\/#article\",\"isPartOf\":{\"@id\":\"https:\/\/jornalfatosenoticias.com.br\/index.php\/2026\/03\/17\/governo-lula-entrega-so-12-das-obras-de-educacao-e-deixa-mais-de-800-mil-criancas-sem-vaga-em-creche\/\"},\"author\":{\"name\":\"Luzimara Fernandes\",\"@id\":\"https:\/\/jornalfatosenoticias.com.br\/#\/schema\/person\/d63837fa13ac8666eb9e74e0985d6f81\"},\"headline\":\"Governo Lula entrega s\u00f3 12% das obras de educa\u00e7\u00e3o e deixa mais de 800 mil crian\u00e7as sem vaga em creche\",\"datePublished\":\"2026-03-17T14:29:50+00:00\",\"dateModified\":\"2026-03-17T14:29:52+00:00\",\"mainEntityOfPage\":{\"@id\":\"https:\/\/jornalfatosenoticias.com.br\/index.php\/2026\/03\/17\/governo-lula-entrega-so-12-das-obras-de-educacao-e-deixa-mais-de-800-mil-criancas-sem-vaga-em-creche\/\"},\"wordCount\":428,\"commentCount\":0,\"publisher\":{\"@id\":\"https:\/\/jornalfatosenoticias.com.br\/#organization\"},\"image\":{\"@id\":\"https:\/\/jornalfatosenoticias.com.br\/index.php\/2026\/03\/17\/governo-lula-entrega-so-12-das-obras-de-educacao-e-deixa-mais-de-800-mil-criancas-sem-vaga-em-creche\/#primaryimage\"},\"thumbnailUrl\":\"https:\/\/jornalfatosenoticias.com.br\/wp-content\/uploads\/2026\/03\/camilo-santana-e-lula_gettyimages.jpg\",\"keywords\":[\"Camilo Santana\",\"creches\",\"educa\u00e7\u00e3o infantil\",\"ensino em tempo integral\",\"FNDE\",\"governo Lula\",\"infraestrutura escolar\",\"Lula\",\"MEC\",\"Novo PAC\",\"obras educacionais\",\"pr\u00e9-escolas\"],\"articleSection\":[\"Educa\u00e7\u00e3o\"],\"inLanguage\":\"pt-BR\",\"potentialAction\":[{\"@type\":\"CommentAction\",\"name\":\"Comment\",\"target\":[\"https:\/\/jornalfatosenoticias.com.br\/index.php\/2026\/03\/17\/governo-lula-entrega-so-12-das-obras-de-educacao-e-deixa-mais-de-800-mil-criancas-sem-vaga-em-creche\/#respond\"]}]},{\"@type\":\"WebPage\",\"@id\":\"https:\/\/jornalfatosenoticias.com.br\/index.php\/2026\/03\/17\/governo-lula-entrega-so-12-das-obras-de-educacao-e-deixa-mais-de-800-mil-criancas-sem-vaga-em-creche\/\",\"url\":\"https:\/\/jornalfatosenoticias.com.br\/index.php\/2026\/03\/17\/governo-lula-entrega-so-12-das-obras-de-educacao-e-deixa-mais-de-800-mil-criancas-sem-vaga-em-creche\/\",\"name\":\"Governo Lula entrega s\u00f3 12% das obras de educa\u00e7\u00e3o e deixa mais de 800 mil crian\u00e7as sem vaga em creche - Jornal Fatos e Not\u00edcias\",\"isPartOf\":{\"@id\":\"https:\/\/jornalfatosenoticias.com.br\/#website\"},\"primaryImageOfPage\":{\"@id\":\"https:\/\/jornalfatosenoticias.com.br\/index.php\/2026\/03\/17\/governo-lula-entrega-so-12-das-obras-de-educacao-e-deixa-mais-de-800-mil-criancas-sem-vaga-em-creche\/#primaryimage\"},\"image\":{\"@id\":\"https:\/\/jornalfatosenoticias.com.br\/index.php\/2026\/03\/17\/governo-lula-entrega-so-12-das-obras-de-educacao-e-deixa-mais-de-800-mil-criancas-sem-vaga-em-creche\/#primaryimage\"},\"thumbnailUrl\":\"https:\/\/jornalfatosenoticias.com.br\/wp-content\/uploads\/2026\/03\/camilo-santana-e-lula_gettyimages.jpg\",\"datePublished\":\"2026-03-17T14:29:50+00:00\",\"dateModified\":\"2026-03-17T14:29:52+00:00\",\"breadcrumb\":{\"@id\":\"https:\/\/jornalfatosenoticias.com.br\/index.php\/2026\/03\/17\/governo-lula-entrega-so-12-das-obras-de-educacao-e-deixa-mais-de-800-mil-criancas-sem-vaga-em-creche\/#breadcrumb\"},\"inLanguage\":\"pt-BR\",\"potentialAction\":[{\"@type\":\"ReadAction\",\"target\":[\"https:\/\/jornalfatosenoticias.com.br\/index.php\/2026\/03\/17\/governo-lula-entrega-so-12-das-obras-de-educacao-e-deixa-mais-de-800-mil-criancas-sem-vaga-em-creche\/\"]}]},{\"@type\":\"ImageObject\",\"inLanguage\":\"pt-BR\",\"@id\":\"https:\/\/jornalfatosenoticias.com.br\/index.php\/2026\/03\/17\/governo-lula-entrega-so-12-das-obras-de-educacao-e-deixa-mais-de-800-mil-criancas-sem-vaga-em-creche\/#primaryimage\",\"url\":\"https:\/\/jornalfatosenoticias.com.br\/wp-content\/uploads\/2026\/03\/camilo-santana-e-lula_gettyimages.jpg\",\"contentUrl\":\"https:\/\/jornalfatosenoticias.com.br\/wp-content\/uploads\/2026\/03\/camilo-santana-e-lula_gettyimages.jpg\",\"width\":612,\"height\":417,\"caption\":\"Brazil's Education Minister Camilo Santana greets Brazil's President Luiz Inacio Lula da Silva during the inauguration ceremony of the IMPA Tech, a mathematics university led by the Brazilian Institute for Pure and Applied Mathematics (IMPA) in Rio de Janeiro, Brazil, on April 2, 2024. (Photo by MAURO PIMENTEL \/ AFP) (Photo by MAURO PIMENTEL\/AFP via Getty Images)\"},{\"@type\":\"BreadcrumbList\",\"@id\":\"https:\/\/jornalfatosenoticias.com.br\/index.php\/2026\/03\/17\/governo-lula-entrega-so-12-das-obras-de-educacao-e-deixa-mais-de-800-mil-criancas-sem-vaga-em-creche\/#breadcrumb\",\"itemListElement\":[{\"@type\":\"ListItem\",\"position\":1,\"name\":\"In\u00edcio\",\"item\":\"https:\/\/jornalfatosenoticias.com.br\/\"},{\"@type\":\"ListItem\",\"position\":2,\"name\":\"Governo Lula entrega s\u00f3 12% das obras de educa\u00e7\u00e3o e deixa mais de 800 mil crian\u00e7as sem vaga em creche\"}]},{\"@type\":\"WebSite\",\"@id\":\"https:\/\/jornalfatosenoticias.com.br\/#website\",\"url\":\"https:\/\/jornalfatosenoticias.com.br\/\",\"name\":\"Jornal Fatos e Not\u00edcias\",\"description\":\"Not\u00edcias em geral\",\"publisher\":{\"@id\":\"https:\/\/jornalfatosenoticias.com.br\/#organization\"},\"potentialAction\":[{\"@type\":\"SearchAction\",\"target\":{\"@type\":\"EntryPoint\",\"urlTemplate\":\"https:\/\/jornalfatosenoticias.com.br\/?s={search_term_string}\"},\"query-input\":{\"@type\":\"PropertyValueSpecification\",\"valueRequired\":true,\"valueName\":\"search_term_string\"}}],\"inLanguage\":\"pt-BR\"},{\"@type\":\"Organization\",\"@id\":\"https:\/\/jornalfatosenoticias.com.br\/#organization\",\"name\":\"Jornal Fatos e Not\u00edcias\",\"url\":\"https:\/\/jornalfatosenoticias.com.br\/\",\"logo\":{\"@type\":\"ImageObject\",\"inLanguage\":\"pt-BR\",\"@id\":\"https:\/\/jornalfatosenoticias.com.br\/#\/schema\/logo\/image\/\",\"url\":\"https:\/\/jornalfatosenoticias.com.br\/wp-content\/uploads\/2020\/02\/logo120.png\",\"contentUrl\":\"https:\/\/jornalfatosenoticias.com.br\/wp-content\/uploads\/2020\/02\/logo120.png\",\"width\":1227,\"height\":120,\"caption\":\"Jornal Fatos e Not\u00edcias\"},\"image\":{\"@id\":\"https:\/\/jornalfatosenoticias.com.br\/#\/schema\/logo\/image\/\"}},{\"@type\":\"Person\",\"@id\":\"https:\/\/jornalfatosenoticias.com.br\/#\/schema\/person\/d63837fa13ac8666eb9e74e0985d6f81\",\"name\":\"Luzimara Fernandes\",\"image\":{\"@type\":\"ImageObject\",\"inLanguage\":\"pt-BR\",\"@id\":\"https:\/\/jornalfatosenoticias.com.br\/#\/schema\/person\/image\/\",\"url\":\"https:\/\/jornalfatosenoticias.com.br\/wp-content\/uploads\/2025\/05\/EU_portal.jpg\",\"contentUrl\":\"https:\/\/jornalfatosenoticias.com.br\/wp-content\/uploads\/2025\/05\/EU_portal.jpg\",\"caption\":\"Luzimara Fernandes\"},\"description\":\"Jornalista MTB 2358-ES\",\"sameAs\":[\"https:\/\/jornalfatosenoticias.com.br\"],\"url\":\"https:\/\/jornalfatosenoticias.com.br\/index.php\/author\/luzimara\/\"}]}<\/script>\n<!-- \/ Yoast SEO plugin. -->","yoast_head_json":{"title":"Governo Lula entrega s\u00f3 12% das obras de educa\u00e7\u00e3o e deixa mais de 800 mil crian\u00e7as sem vaga em creche - Jornal Fatos e Not\u00edcias","robots":{"index":"index","follow":"follow","max-snippet":"max-snippet:-1","max-image-preview":"max-image-preview:large","max-video-preview":"max-video-preview:-1"},"canonical":"https:\/\/jornalfatosenoticias.com.br\/index.php\/2026\/03\/17\/governo-lula-entrega-so-12-das-obras-de-educacao-e-deixa-mais-de-800-mil-criancas-sem-vaga-em-creche\/","og_locale":"pt_BR","og_type":"article","og_title":"Governo Lula entrega s\u00f3 12% das obras de educa\u00e7\u00e3o e deixa mais de 800 mil crian\u00e7as sem vaga em creche - Jornal Fatos e Not\u00edcias","og_description":"Ministro da Educa\u00e7\u00e3o, Camilo Santana (PT) e Lula (PT) O governo Lula (PT) concluiu 722 das 6.227 obras de educa\u00e7\u00e3o prometidas, o equivalente a apenas 12% do total, mesmo com mais de 80% do mandato j\u00e1 transcorrido. Os n\u00fameros constam em pain\u00e9is oficiais do governo e revelam o ritmo lento de execu\u00e7\u00e3o das obras educacionais [&hellip;]","og_url":"https:\/\/jornalfatosenoticias.com.br\/index.php\/2026\/03\/17\/governo-lula-entrega-so-12-das-obras-de-educacao-e-deixa-mais-de-800-mil-criancas-sem-vaga-em-creche\/","og_site_name":"Jornal Fatos e Not\u00edcias","article_published_time":"2026-03-17T14:29:50+00:00","article_modified_time":"2026-03-17T14:29:52+00:00","og_image":[{"width":612,"height":417,"url":"https:\/\/jornalfatosenoticias.com.br\/wp-content\/uploads\/2026\/03\/camilo-santana-e-lula_gettyimages.jpg","type":"image\/jpeg"}],"author":"Luzimara Fernandes","twitter_card":"summary_large_image","twitter_misc":{"Escrito por":"Luzimara Fernandes","Est. tempo de leitura":"3 minutos"},"schema":{"@context":"https:\/\/schema.org","@graph":[{"@type":"Article","@id":"https:\/\/jornalfatosenoticias.com.br\/index.php\/2026\/03\/17\/governo-lula-entrega-so-12-das-obras-de-educacao-e-deixa-mais-de-800-mil-criancas-sem-vaga-em-creche\/#article","isPartOf":{"@id":"https:\/\/jornalfatosenoticias.com.br\/index.php\/2026\/03\/17\/governo-lula-entrega-so-12-das-obras-de-educacao-e-deixa-mais-de-800-mil-criancas-sem-vaga-em-creche\/"},"author":{"name":"Luzimara Fernandes","@id":"https:\/\/jornalfatosenoticias.com.br\/#\/schema\/person\/d63837fa13ac8666eb9e74e0985d6f81"},"headline":"Governo Lula entrega s\u00f3 12% das obras de educa\u00e7\u00e3o e deixa mais de 800 mil crian\u00e7as sem vaga em creche","datePublished":"2026-03-17T14:29:50+00:00","dateModified":"2026-03-17T14:29:52+00:00","mainEntityOfPage":{"@id":"https:\/\/jornalfatosenoticias.com.br\/index.php\/2026\/03\/17\/governo-lula-entrega-so-12-das-obras-de-educacao-e-deixa-mais-de-800-mil-criancas-sem-vaga-em-creche\/"},"wordCount":428,"commentCount":0,"publisher":{"@id":"https:\/\/jornalfatosenoticias.com.br\/#organization"},"image":{"@id":"https:\/\/jornalfatosenoticias.com.br\/index.php\/2026\/03\/17\/governo-lula-entrega-so-12-das-obras-de-educacao-e-deixa-mais-de-800-mil-criancas-sem-vaga-em-creche\/#primaryimage"},"thumbnailUrl":"https:\/\/jornalfatosenoticias.com.br\/wp-content\/uploads\/2026\/03\/camilo-santana-e-lula_gettyimages.jpg","keywords":["Camilo Santana","creches","educa\u00e7\u00e3o infantil","ensino em tempo integral","FNDE","governo Lula","infraestrutura escolar","Lula","MEC","Novo PAC","obras educacionais","pr\u00e9-escolas"],"articleSection":["Educa\u00e7\u00e3o"],"inLanguage":"pt-BR","potentialAction":[{"@type":"CommentAction","name":"Comment","target":["https:\/\/jornalfatosenoticias.com.br\/index.php\/2026\/03\/17\/governo-lula-entrega-so-12-das-obras-de-educacao-e-deixa-mais-de-800-mil-criancas-sem-vaga-em-creche\/#respond"]}]},{"@type":"WebPage","@id":"https:\/\/jornalfatosenoticias.com.br\/index.php\/2026\/03\/17\/governo-lula-entrega-so-12-das-obras-de-educacao-e-deixa-mais-de-800-mil-criancas-sem-vaga-em-creche\/","url":"https:\/\/jornalfatosenoticias.com.br\/index.php\/2026\/03\/17\/governo-lula-entrega-so-12-das-obras-de-educacao-e-deixa-mais-de-800-mil-criancas-sem-vaga-em-creche\/","name":"Governo Lula entrega s\u00f3 12% das obras de educa\u00e7\u00e3o e deixa mais de 800 mil crian\u00e7as sem vaga em creche - Jornal Fatos e Not\u00edcias","isPartOf":{"@id":"https:\/\/jornalfatosenoticias.com.br\/#website"},"primaryImageOfPage":{"@id":"https:\/\/jornalfatosenoticias.com.br\/index.php\/2026\/03\/17\/governo-lula-entrega-so-12-das-obras-de-educacao-e-deixa-mais-de-800-mil-criancas-sem-vaga-em-creche\/#primaryimage"},"image":{"@id":"https:\/\/jornalfatosenoticias.com.br\/index.php\/2026\/03\/17\/governo-lula-entrega-so-12-das-obras-de-educacao-e-deixa-mais-de-800-mil-criancas-sem-vaga-em-creche\/#primaryimage"},"thumbnailUrl":"https:\/\/jornalfatosenoticias.com.br\/wp-content\/uploads\/2026\/03\/camilo-santana-e-lula_gettyimages.jpg","datePublished":"2026-03-17T14:29:50+00:00","dateModified":"2026-03-17T14:29:52+00:00","breadcrumb":{"@id":"https:\/\/jornalfatosenoticias.com.br\/index.php\/2026\/03\/17\/governo-lula-entrega-so-12-das-obras-de-educacao-e-deixa-mais-de-800-mil-criancas-sem-vaga-em-creche\/#breadcrumb"},"inLanguage":"pt-BR","potentialAction":[{"@type":"ReadAction","target":["https:\/\/jornalfatosenoticias.com.br\/index.php\/2026\/03\/17\/governo-lula-entrega-so-12-das-obras-de-educacao-e-deixa-mais-de-800-mil-criancas-sem-vaga-em-creche\/"]}]},{"@type":"ImageObject","inLanguage":"pt-BR","@id":"https:\/\/jornalfatosenoticias.com.br\/index.php\/2026\/03\/17\/governo-lula-entrega-so-12-das-obras-de-educacao-e-deixa-mais-de-800-mil-criancas-sem-vaga-em-creche\/#primaryimage","url":"https:\/\/jornalfatosenoticias.com.br\/wp-content\/uploads\/2026\/03\/camilo-santana-e-lula_gettyimages.jpg","contentUrl":"https:\/\/jornalfatosenoticias.com.br\/wp-content\/uploads\/2026\/03\/camilo-santana-e-lula_gettyimages.jpg","width":612,"height":417,"caption":"Brazil's Education Minister Camilo Santana greets Brazil's President Luiz Inacio Lula da Silva during the inauguration ceremony of the IMPA Tech, a mathematics university led by the Brazilian Institute for Pure and Applied Mathematics (IMPA) in Rio de Janeiro, Brazil, on April 2, 2024. (Photo by MAURO PIMENTEL \/ AFP) (Photo by MAURO PIMENTEL\/AFP via Getty Images)"},{"@type":"BreadcrumbList","@id":"https:\/\/jornalfatosenoticias.com.br\/index.php\/2026\/03\/17\/governo-lula-entrega-so-12-das-obras-de-educacao-e-deixa-mais-de-800-mil-criancas-sem-vaga-em-creche\/#breadcrumb","itemListElement":[{"@type":"ListItem","position":1,"name":"In\u00edcio","item":"https:\/\/jornalfatosenoticias.com.br\/"},{"@type":"ListItem","position":2,"name":"Governo Lula entrega s\u00f3 12% das obras de educa\u00e7\u00e3o e deixa mais de 800 mil crian\u00e7as sem vaga em creche"}]},{"@type":"WebSite","@id":"https:\/\/jornalfatosenoticias.com.br\/#website","url":"https:\/\/jornalfatosenoticias.com.br\/","name":"Jornal Fatos e Not\u00edcias","description":"Not\u00edcias em geral","publisher":{"@id":"https:\/\/jornalfatosenoticias.com.br\/#organization"},"potentialAction":[{"@type":"SearchAction","target":{"@type":"EntryPoint","urlTemplate":"https:\/\/jornalfatosenoticias.com.br\/?s={search_term_string}"},"query-input":{"@type":"PropertyValueSpecification","valueRequired":true,"valueName":"search_term_string"}}],"inLanguage":"pt-BR"},{"@type":"Organization","@id":"https:\/\/jornalfatosenoticias.com.br\/#organization","name":"Jornal Fatos e Not\u00edcias","url":"https:\/\/jornalfatosenoticias.com.br\/","logo":{"@type":"ImageObject","inLanguage":"pt-BR","@id":"https:\/\/jornalfatosenoticias.com.br\/#\/schema\/logo\/image\/","url":"https:\/\/jornalfatosenoticias.com.br\/wp-content\/uploads\/2020\/02\/logo120.png","contentUrl":"https:\/\/jornalfatosenoticias.com.br\/wp-content\/uploads\/2020\/02\/logo120.png","width":1227,"height":120,"caption":"Jornal Fatos e Not\u00edcias"},"image":{"@id":"https:\/\/jornalfatosenoticias.com.br\/#\/schema\/logo\/image\/"}},{"@type":"Person","@id":"https:\/\/jornalfatosenoticias.com.br\/#\/schema\/person\/d63837fa13ac8666eb9e74e0985d6f81","name":"Luzimara Fernandes","image":{"@type":"ImageObject","inLanguage":"pt-BR","@id":"https:\/\/jornalfatosenoticias.com.br\/#\/schema\/person\/image\/","url":"https:\/\/jornalfatosenoticias.com.br\/wp-content\/uploads\/2025\/05\/EU_portal.jpg","contentUrl":"https:\/\/jornalfatosenoticias.com.br\/wp-content\/uploads\/2025\/05\/EU_portal.jpg","caption":"Luzimara Fernandes"},"description":"Jornalista MTB 2358-ES","sameAs":["https:\/\/jornalfatosenoticias.com.br"],"url":"https:\/\/jornalfatosenoticias.com.br\/index.php\/author\/luzimara\/"}]}},"cc_featured_image_caption":{"caption_text":"(Foto: Getty Images)","source_text":"","source_url":""},"jetpack_featured_media_url":"https:\/\/jornalfatosenoticias.com.br\/wp-content\/uploads\/2026\/03\/camilo-santana-e-lula_gettyimages.jpg","_links":{"self":[{"href":"https:\/\/jornalfatosenoticias.com.br\/index.php\/wp-json\/wp\/v2\/posts\/65978","targetHints":{"allow":["GET"]}}],"collection":[{"href":"https:\/\/jornalfatosenoticias.com.br\/index.php\/wp-json\/wp\/v2\/posts"}],"about":[{"href":"https:\/\/jornalfatosenoticias.com.br\/index.php\/wp-json\/wp\/v2\/types\/post"}],"author":[{"embeddable":true,"href":"https:\/\/jornalfatosenoticias.com.br\/index.php\/wp-json\/wp\/v2\/users\/2"}],"replies":[{"embeddable":true,"href":"https:\/\/jornalfatosenoticias.com.br\/index.php\/wp-json\/wp\/v2\/comments?post=65978"}],"version-history":[{"count":1,"href":"https:\/\/jornalfatosenoticias.com.br\/index.php\/wp-json\/wp\/v2\/posts\/65978\/revisions"}],"predecessor-version":[{"id":65980,"href":"https:\/\/jornalfatosenoticias.com.br\/index.php\/wp-json\/wp\/v2\/posts\/65978\/revisions\/65980"}],"wp:featuredmedia":[{"embeddable":true,"href":"https:\/\/jornalfatosenoticias.com.br\/index.php\/wp-json\/wp\/v2\/media\/65979"}],"wp:attachment":[{"href":"https:\/\/jornalfatosenoticias.com.br\/index.php\/wp-json\/wp\/v2\/media?parent=65978"}],"wp:term":[{"taxonomy":"category","embeddable":true,"href":"https:\/\/jornalfatosenoticias.com.br\/index.php\/wp-json\/wp\/v2\/categories?post=65978"},{"taxonomy":"post_tag","embeddable":true,"href":"https:\/\/jornalfatosenoticias.com.br\/index.php\/wp-json\/wp\/v2\/tags?post=65978"}],"curies":[{"name":"wp","href":"https:\/\/api.w.org\/{rel}","templated":true}]}}