{"id":65981,"date":"2026-03-17T15:52:29","date_gmt":"2026-03-17T18:52:29","guid":{"rendered":"https:\/\/jornalfatosenoticias.com.br\/?p=65981"},"modified":"2026-03-17T15:52:31","modified_gmt":"2026-03-17T18:52:31","slug":"pressao-dos-eua-por-classificacao-de-pcc-e-cv-como-terrorismo-cria-dilema-para-lula","status":"publish","type":"post","link":"https:\/\/jornalfatosenoticias.com.br\/index.php\/2026\/03\/17\/pressao-dos-eua-por-classificacao-de-pcc-e-cv-como-terrorismo-cria-dilema-para-lula\/","title":{"rendered":"Press\u00e3o dos EUA por classifica\u00e7\u00e3o de PCC e CV como terrorismo cria dilema para Lula"},"content":{"rendered":"\n<p><em><mark style=\"background-color:rgba(0, 0, 0, 0)\" class=\"has-inline-color has-black-color\">Lula e o ministro das Rela\u00e7\u00f5es Exteriores, Mauro Vieira, temem impacto diplom\u00e1tico<\/mark><\/em><\/p>\n\n\n\n<p><mark style=\"background-color:rgba(0, 0, 0, 0)\" class=\"has-inline-color has-black-color\">Por <strong><a href=\"https:\/\/www.gazetadopovo.com.br\/autor\/ana-carolina-curvello\/\">Ana Carolina Curvello<\/a><\/strong><\/mark><\/p>\n\n\n\n<p>A proposta em discuss\u00e3o nos Estados Unidos de classificar o Primeiro Comando da Capital e o Comando Vermelho como organiza\u00e7\u00f5es terroristas colocou o governo de Luiz In\u00e1cio Lula da Silva diante de um dilema diplom\u00e1tico e pol\u00edtico. Ao mesmo tempo em que tenta evitar que a medida avance em Washington, Bras\u00edlia busca n\u00e3o transmitir a imagem de que estaria resistindo a um endurecimento internacional contra o crime organizado brasileiro.<br>O tema ganhou for\u00e7a ap\u00f3s uma conversa telef\u00f4nica entre o ministro das Rela\u00e7\u00f5es Exteriores, Mauro Vieira, e o secret\u00e1rio de Estado dos Estados Unidos, Marco Rubio. Na liga\u00e7\u00e3o, o chanceler brasileiro manifestou preocupa\u00e7\u00e3o com a possibilidade de o governo americano incluir as duas fac\u00e7\u00f5es na lista de organiza\u00e7\u00f5es terroristas estrangeiras \u2014 medida que permitiria ampliar san\u00e7\u00f5es e instrumentos de coopera\u00e7\u00e3o internacional no combate ao crime organizado.<\/p>\n\n\n<div class=\"wp-block-image\">\n<figure class=\"aligncenter size-large is-resized\"><a href=\"https:\/\/hotelmarquetti.com.br\/\"><img loading=\"lazy\" decoding=\"async\" width=\"1024\" height=\"680\" src=\"https:\/\/jornalfatosenoticias.com.br\/wp-content\/uploads\/2020\/02\/LOGO-MQ-1024x680.jpg\" alt=\"\" class=\"wp-image-58299\" style=\"width:352px;height:auto\" srcset=\"https:\/\/jornalfatosenoticias.com.br\/wp-content\/uploads\/2020\/02\/LOGO-MQ-1024x680.jpg 1024w, https:\/\/jornalfatosenoticias.com.br\/wp-content\/uploads\/2020\/02\/LOGO-MQ-300x199.jpg 300w, https:\/\/jornalfatosenoticias.com.br\/wp-content\/uploads\/2020\/02\/LOGO-MQ-768x510.jpg 768w, https:\/\/jornalfatosenoticias.com.br\/wp-content\/uploads\/2020\/02\/LOGO-MQ-1536x1020.jpg 1536w, https:\/\/jornalfatosenoticias.com.br\/wp-content\/uploads\/2020\/02\/LOGO-MQ-2048x1360.jpg 2048w\" sizes=\"auto, (max-width: 1024px) 100vw, 1024px\" \/><\/a><\/figure>\n<\/div>\n\n\n<p>A proposta ainda \u00e9 discutida em Washington e pode ser encaminhada ao Congresso americano. Nos bastidores, a movimenta\u00e7\u00e3o tem gerado aten\u00e7\u00e3o no governo brasileiro por causa das poss\u00edveis implica\u00e7\u00f5es diplom\u00e1ticas, jur\u00eddicas e financeiras para o pa\u00eds. A Gazeta do Povo procurou o Pal\u00e1cio do Planalto e o Minist\u00e9rio das Rela\u00e7\u00f5es Exteriores para saber qual \u00e9 a estrat\u00e9gia do governo brasileiro diante da iniciativa americana e se h\u00e1 negocia\u00e7\u00f5es diplom\u00e1ticas em andamento para tratar do tema. At\u00e9 a publica\u00e7\u00e3o desta reportagem, n\u00e3o houve resposta oficial.<br>A tens\u00e3o diplom\u00e1tica ocorre em um momento em que uma reuni\u00e3o entre Lula e o presidente dos Estados Unidos, Donald Trump, chegou a ser cogitada para ocorrer em Washington neste m\u00eas. At\u00e9 o momento, por\u00e9m, o encontro n\u00e3o teve data confirmada. Nos bastidores, diplomatas avaliam que o tema das fac\u00e7\u00f5es criminosas pode entrar na pauta caso a reuni\u00e3o ocorra.<\/p>\n\n\n<div class=\"wp-block-image\">\n<figure class=\"aligncenter size-full is-resized\"><a href=\"https:\/\/www.instagram.com\/kalynecalais\/\"><img loading=\"lazy\" decoding=\"async\" width=\"969\" height=\"406\" src=\"https:\/\/jornalfatosenoticias.com.br\/wp-content\/uploads\/2024\/09\/Legis-Juris-Consultoria_logo.jpg\" alt=\"\" class=\"wp-image-53915\" style=\"aspect-ratio:2.3867874267448057;width:664px;height:auto\" srcset=\"https:\/\/jornalfatosenoticias.com.br\/wp-content\/uploads\/2024\/09\/Legis-Juris-Consultoria_logo.jpg 969w, https:\/\/jornalfatosenoticias.com.br\/wp-content\/uploads\/2024\/09\/Legis-Juris-Consultoria_logo-300x126.jpg 300w, https:\/\/jornalfatosenoticias.com.br\/wp-content\/uploads\/2024\/09\/Legis-Juris-Consultoria_logo-768x322.jpg 768w\" sizes=\"auto, (max-width: 969px) 100vw, 969px\" \/><\/a><\/figure>\n<\/div>\n\n\n<p><strong><mark style=\"background-color:rgba(0, 0, 0, 0)\" class=\"has-inline-color has-black-color\">Debate exp\u00f5e dilema diplom\u00e1tico<br><\/mark><\/strong>Para analistas, a discuss\u00e3o internacional coloca o Brasil em uma posi\u00e7\u00e3o delicada. O cientista pol\u00edtico Elias Tavares avalia que o avan\u00e7o do debate fora do pa\u00eds mostra que o problema da seguran\u00e7a p\u00fablica brasileira ganhou dimens\u00e3o internacional.<\/p>\n\n\n\n<blockquote class=\"wp-block-quote is-layout-flow wp-block-quote-is-layout-flow\">\n<p><mark style=\"background-color:rgba(0, 0, 0, 0)\" class=\"has-inline-color has-luminous-vivid-orange-color\">Quando um pa\u00eds estrangeiro passa a discutir a classifica\u00e7\u00e3o de organiza\u00e7\u00f5es criminosas brasileiras como terroristas, isso mostra que o problema da seguran\u00e7a p\u00fablica j\u00e1 ultrapassou as fronteiras nacionais\u201d, afirmou. Segundo ele, o Brasil corre o risco de perder protagonismo no enfrentamento ao crime organizado se n\u00e3o liderar o debate. \u201cFac\u00e7\u00f5es como PCC e Comando Vermelho operam redes financeiras complexas e t\u00eam influ\u00eancia que ultrapassa o sistema prisional. O pa\u00eds deveria estar conduzindo a estrat\u00e9gia internacional de enfrentamento a essas organiza\u00e7\u00f5es\u201d, disse.<\/mark><\/p>\n<\/blockquote>\n\n\n<div class=\"wp-block-image\">\n<figure class=\"aligncenter size-full is-resized\"><a href=\"https:\/\/www.origestaofinanceira.com.br\/\"><img loading=\"lazy\" decoding=\"async\" width=\"841\" height=\"881\" src=\"https:\/\/jornalfatosenoticias.com.br\/wp-content\/uploads\/2020\/02\/Ori-Gestao-Financeira.jpeg\" alt=\"\" class=\"wp-image-64779\" style=\"aspect-ratio:0.9546132537822288;width:319px;height:auto\" srcset=\"https:\/\/jornalfatosenoticias.com.br\/wp-content\/uploads\/2020\/02\/Ori-Gestao-Financeira.jpeg 841w, https:\/\/jornalfatosenoticias.com.br\/wp-content\/uploads\/2020\/02\/Ori-Gestao-Financeira-286x300.jpeg 286w, https:\/\/jornalfatosenoticias.com.br\/wp-content\/uploads\/2020\/02\/Ori-Gestao-Financeira-768x805.jpeg 768w\" sizes=\"auto, (max-width: 841px) 100vw, 841px\" \/><\/a><\/figure>\n<\/div>\n\n\n<p><strong><mark style=\"background-color:rgba(0, 0, 0, 0)\" class=\"has-inline-color has-black-color\">Tema pode virar arma eleitoral, avaliam especialistas<br><\/mark><\/strong>Al\u00e9m da dimens\u00e3o diplom\u00e1tica, especialistas avaliam que a discuss\u00e3o pode ganhar impacto pol\u00edtico interno. Para Tavares, epis\u00f3dios que associam crime organizado brasileiro a debates internacionais tendem a alimentar a discuss\u00e3o dom\u00e9stica sobre seguran\u00e7a p\u00fablica.<\/p>\n\n\n\n<blockquote class=\"wp-block-quote is-layout-flow wp-block-quote-is-layout-flow\">\n<p><mark style=\"background-color:rgba(0, 0, 0, 0)\" class=\"has-inline-color has-luminous-vivid-orange-color\">Quando organiza\u00e7\u00f5es criminosas de um pa\u00eds passam a ser enquadradas como terroristas por outra pot\u00eancia, isso tende a refor\u00e7ar a percep\u00e7\u00e3o internacional de fragilidade institucional ou de dificuldade no controle da seguran\u00e7a p\u00fablica\u201d, afirmou. Ele acrescenta que o impacto eleitoral tende a ocorrer principalmente dentro do pr\u00f3prio pa\u00eds. \u201cSeguran\u00e7a p\u00fablica \u00e9 um dos temas que mais mobilizam o eleitor brasileiro. Sempre que epis\u00f3dios desse tipo ganham repercuss\u00e3o internacional, eles acabam alimentando o debate dom\u00e9stico sobre a capacidade do Estado de enfrentar o crime organizado\u201d, disse.<\/mark><\/p>\n<\/blockquote>\n\n\n<div class=\"wp-block-image\">\n<figure class=\"aligncenter size-large is-resized\"><a href=\"https:\/\/www.facebook.com\/profile.php?id=100069289606145\"><img loading=\"lazy\" decoding=\"async\" width=\"1024\" height=\"714\" src=\"https:\/\/jornalfatosenoticias.com.br\/wp-content\/uploads\/2024\/11\/Guaitolini-Contabilidade-1024x714.jpeg\" alt=\"\" class=\"wp-image-55808\" style=\"aspect-ratio:1.4342119304236474;width:347px;height:auto\" srcset=\"https:\/\/jornalfatosenoticias.com.br\/wp-content\/uploads\/2024\/11\/Guaitolini-Contabilidade-1024x714.jpeg 1024w, https:\/\/jornalfatosenoticias.com.br\/wp-content\/uploads\/2024\/11\/Guaitolini-Contabilidade-300x209.jpeg 300w, https:\/\/jornalfatosenoticias.com.br\/wp-content\/uploads\/2024\/11\/Guaitolini-Contabilidade-768x535.jpeg 768w, https:\/\/jornalfatosenoticias.com.br\/wp-content\/uploads\/2024\/11\/Guaitolini-Contabilidade.jpeg 1280w\" sizes=\"auto, (max-width: 1024px) 100vw, 1024px\" \/><\/a><\/figure>\n<\/div>\n\n\n<p>Na avalia\u00e7\u00e3o do cientista pol\u00edtico M\u00e1rcio Coimbra, CEO da Casa Pol\u00edtica e presidente do Instituto Monitor da Democracia, a repercuss\u00e3o internacional do tema tende a ampliar sua import\u00e2ncia no debate pol\u00edtico.<\/p>\n\n\n\n<blockquote class=\"wp-block-quote is-layout-flow wp-block-quote-is-layout-flow\">\n<p><mark style=\"background-color:rgba(0, 0, 0, 0)\" class=\"has-inline-color has-luminous-vivid-orange-color\">A seguran\u00e7a p\u00fablica j\u00e1 \u00e9 uma das principais preocupa\u00e7\u00f5es do eleitor brasileiro. Quando o debate ganha dimens\u00e3o internacional \u2014 especialmente vindo da maior pot\u00eancia mundial \u2014 ele deixa de ser apenas uma quest\u00e3o de policiamento e passa a ser visto como uma quest\u00e3o de compet\u00eancia estatal\u201d, afirmou.<\/mark><\/p>\n<\/blockquote>\n\n\n<div class=\"wp-block-image\">\n<figure class=\"aligncenter size-large is-resized\"><a href=\"https:\/\/www.instagram.com\/esteio.churrascaria\/\"><img loading=\"lazy\" decoding=\"async\" width=\"1024\" height=\"730\" src=\"https:\/\/jornalfatosenoticias.com.br\/wp-content\/uploads\/2022\/02\/LOGO-ESTEIO-1024x730.png\" alt=\"\" class=\"wp-image-27942\" style=\"aspect-ratio:1.4027763281494625;width:383px;height:auto\" srcset=\"https:\/\/jornalfatosenoticias.com.br\/wp-content\/uploads\/2022\/02\/LOGO-ESTEIO-1024x730.png 1024w, https:\/\/jornalfatosenoticias.com.br\/wp-content\/uploads\/2022\/02\/LOGO-ESTEIO-300x214.png 300w, https:\/\/jornalfatosenoticias.com.br\/wp-content\/uploads\/2022\/02\/LOGO-ESTEIO-768x548.png 768w, https:\/\/jornalfatosenoticias.com.br\/wp-content\/uploads\/2022\/02\/LOGO-ESTEIO.png 1123w\" sizes=\"auto, (max-width: 1024px) 100vw, 1024px\" \/><\/a><\/figure>\n<\/div>\n\n\n<p>Segundo ele, uma eventual classifica\u00e7\u00e3o das fac\u00e7\u00f5es brasileiras como terroristas pode refor\u00e7ar a percep\u00e7\u00e3o de que o problema do crime organizado deixou de ser apenas dom\u00e9stico.<\/p>\n\n\n\n<blockquote class=\"wp-block-quote is-layout-flow wp-block-quote-is-layout-flow\">\n<p><mark style=\"background-color:rgba(0, 0, 0, 0)\" class=\"has-inline-color has-luminous-vivid-orange-color\">Isso pressiona o governo a apresentar resultados concretos e aumenta a cobran\u00e7a por alinhamento a padr\u00f5es internacionais mais rigorosos de combate ao crime\u201d, disse.<\/mark><\/p>\n<\/blockquote>\n\n\n\n<p>Para Coimbra, a oposi\u00e7\u00e3o tamb\u00e9m pode explorar politicamente o epis\u00f3dio.<\/p>\n\n\n\n<blockquote class=\"wp-block-quote is-layout-flow wp-block-quote-is-layout-flow\">\n<p><mark style=\"background-color:rgba(0, 0, 0, 0)\" class=\"has-inline-color has-luminous-vivid-orange-color\">A narrativa tende a ser simples: se as ag\u00eancias americanas adotam medidas mais duras contra fac\u00e7\u00f5es brasileiras, por que o pr\u00f3prio pa\u00eds n\u00e3o lidera esse processo?\u201d, afirmou.<\/mark><\/p>\n<\/blockquote>\n\n\n<div class=\"wp-block-image\">\n<figure class=\"aligncenter size-full is-resized\"><a href=\"https:\/\/www.controlsystems.com.br\/\"><img loading=\"lazy\" decoding=\"async\" width=\"834\" height=\"1000\" src=\"https:\/\/jornalfatosenoticias.com.br\/wp-content\/uploads\/2020\/02\/CONTROL-CS.jpg\" alt=\"\" class=\"wp-image-44991\" style=\"aspect-ratio:0.8340104378261821;width:305px;height:auto\" srcset=\"https:\/\/jornalfatosenoticias.com.br\/wp-content\/uploads\/2020\/02\/CONTROL-CS.jpg 834w, https:\/\/jornalfatosenoticias.com.br\/wp-content\/uploads\/2020\/02\/CONTROL-CS-250x300.jpg 250w, https:\/\/jornalfatosenoticias.com.br\/wp-content\/uploads\/2020\/02\/CONTROL-CS-768x921.jpg 768w\" sizes=\"auto, (max-width: 834px) 100vw, 834px\" \/><\/a><\/figure>\n<\/div>\n\n\n<p><strong><mark style=\"background-color:rgba(0, 0, 0, 0)\" class=\"has-inline-color has-black-color\">Falta estrat\u00e9gia nacional e debate sobre terrorismo<br><\/mark><\/strong>O cientista pol\u00edtico e pesquisador de pol\u00edticas criminais Jo\u00e3o Henrique Martins avalia que a pr\u00f3pria discuss\u00e3o evidencia a aus\u00eancia de uma estrat\u00e9gia nacional estruturada de seguran\u00e7a p\u00fablica. \u201cA discuss\u00e3o sobre classificar organiza\u00e7\u00f5es criminosas como PCC e CV como terroristas \u00e9 uma agenda americana, n\u00e3o brasileira\u201d, afirmou. Segundo ele, o pa\u00eds ainda trata o crime organizado de forma fragmentada, concentrando esfor\u00e7os apenas nas etapas finais do sistema penal.<\/p>\n\n\n\n<blockquote class=\"wp-block-quote is-layout-flow wp-block-quote-is-layout-flow\">\n<p><mark style=\"background-color:rgba(0, 0, 0, 0)\" class=\"has-inline-color has-luminous-vivid-orange-color\">O Brasil discute o crime organizado apenas no varejo do ciclo de persegui\u00e7\u00e3o criminal \u2014 pol\u00edcia, processo penal e judici\u00e1rio \u2014 sem uma pol\u00edtica p\u00fablica ampla de enfrentamento ao fen\u00f4meno\u201d, disse.<\/mark><\/p>\n<\/blockquote>\n\n\n<div class=\"wp-block-image\">\n<figure class=\"aligncenter size-large is-resized\"><a href=\"https:\/\/www.instagram.com\/restaurantepegoretti\/\"><img loading=\"lazy\" decoding=\"async\" width=\"1024\" height=\"389\" src=\"https:\/\/jornalfatosenoticias.com.br\/wp-content\/uploads\/2023\/12\/pegoretti-logo-pdf-1024x389.jpg\" alt=\"\" class=\"wp-image-47536\" style=\"aspect-ratio:2.632455195377534;width:582px;height:auto\" srcset=\"https:\/\/jornalfatosenoticias.com.br\/wp-content\/uploads\/2023\/12\/pegoretti-logo-pdf-1024x389.jpg 1024w, https:\/\/jornalfatosenoticias.com.br\/wp-content\/uploads\/2023\/12\/pegoretti-logo-pdf-300x114.jpg 300w, https:\/\/jornalfatosenoticias.com.br\/wp-content\/uploads\/2023\/12\/pegoretti-logo-pdf-768x291.jpg 768w, https:\/\/jornalfatosenoticias.com.br\/wp-content\/uploads\/2023\/12\/pegoretti-logo-pdf.jpg 1120w\" sizes=\"auto, (max-width: 1024px) 100vw, 1024px\" \/><\/a><\/figure>\n<\/div>\n\n\n<p><strong><mark style=\"background-color:rgba(0, 0, 0, 0)\" class=\"has-inline-color has-black-color\">Proposta dos EUA pode impor san\u00e7\u00f5es internacionais<br><\/mark><\/strong>O governo americano avalia que organiza\u00e7\u00f5es criminosas brasileiras representam uma amea\u00e7a \u00e0 seguran\u00e7a regional por causa do envolvimento com tr\u00e1fico internacional de drogas, viol\u00eancia e crimes transnacionais. Em nota divulgada pelo Departamento de Estado, autoridades americanas afirmaram que o pa\u00eds est\u00e1 comprometido em adotar medidas contra grupos estrangeiros envolvidos em atividades terroristas.<br>A discuss\u00e3o sobre a designa\u00e7\u00e3o das fac\u00e7\u00f5es brasileiras vem sendo tratada entre os dois governos h\u00e1 pelo menos um ano. Nos bastidores, o Itamaraty tem buscado impedir que a proposta avance. Caso os Estados Unidos avancem com a medida, as consequ\u00eancias podem ir al\u00e9m do campo simb\u00f3lico. O enquadramento como organiza\u00e7\u00e3o terrorista permitiria a aplica\u00e7\u00e3o de san\u00e7\u00f5es financeiras e outras medidas de repress\u00e3o internacional contra integrantes e redes associadas \u00e0s fac\u00e7\u00f5es. Entre as a\u00e7\u00f5es poss\u00edveis est\u00e3o bloqueio de bens no exterior, restri\u00e7\u00f5es de visto, abertura de processos criminais nos Estados Unidos e puni\u00e7\u00f5es a empresas ou indiv\u00edduos que mantenham rela\u00e7\u00f5es financeiras com os grupos.<\/p>\n\n\n<div class=\"wp-block-image\">\n<figure class=\"aligncenter size-full is-resized\"><a href=\"https:\/\/panper.com.br\/\"><img loading=\"lazy\" decoding=\"async\" width=\"400\" height=\"277\" src=\"https:\/\/jornalfatosenoticias.com.br\/wp-content\/uploads\/2023\/03\/logo-Panper_portal.jpg\" alt=\"\" class=\"wp-image-40208\" style=\"aspect-ratio:1.4441247814068934;width:354px;height:auto\" srcset=\"https:\/\/jornalfatosenoticias.com.br\/wp-content\/uploads\/2023\/03\/logo-Panper_portal.jpg 400w, https:\/\/jornalfatosenoticias.com.br\/wp-content\/uploads\/2023\/03\/logo-Panper_portal-300x208.jpg 300w\" sizes=\"auto, (max-width: 400px) 100vw, 400px\" \/><\/a><\/figure>\n<\/div>\n\n\n<p><strong><mark style=\"background-color:rgba(0, 0, 0, 0)\" class=\"has-inline-color has-black-color\">Governo Lula rejeita classifica\u00e7\u00e3o como terrorismo<br><\/mark><\/strong>O governo brasileiro argumenta que as fac\u00e7\u00f5es n\u00e3o se enquadram na defini\u00e7\u00e3o jur\u00eddica de terrorismo prevista na legisla\u00e7\u00e3o nacional. A Lei Antiterrorismo brasileira estabelece que o crime ocorre quando atos s\u00e3o praticados com o objetivo de provocar terror social ou generalizado por motiva\u00e7\u00f5es ideol\u00f3gicas, pol\u00edticas ou discriminat\u00f3rias. Na avalia\u00e7\u00e3o do governo, o Primeiro Comando da Capital e o Comando Vermelho atuam principalmente por interesses econ\u00f4micos ligados ao tr\u00e1fico de drogas e a outras atividades il\u00edcitas.<\/p>\n\n\n<div class=\"wp-block-image\">\n<figure class=\"aligncenter size-large\"><a href=\"http:\/\/www.ferrarimaquinas.com.br\/\"><img loading=\"lazy\" decoding=\"async\" width=\"1024\" height=\"100\" src=\"https:\/\/jornalfatosenoticias.com.br\/wp-content\/uploads\/2020\/02\/banner_ferramentas-1024x100.jpg\" alt=\"\" class=\"wp-image-1258\" srcset=\"https:\/\/jornalfatosenoticias.com.br\/wp-content\/uploads\/2020\/02\/banner_ferramentas-1024x100.jpg 1024w, https:\/\/jornalfatosenoticias.com.br\/wp-content\/uploads\/2020\/02\/banner_ferramentas-300x29.jpg 300w, https:\/\/jornalfatosenoticias.com.br\/wp-content\/uploads\/2020\/02\/banner_ferramentas-768x75.jpg 768w, https:\/\/jornalfatosenoticias.com.br\/wp-content\/uploads\/2020\/02\/banner_ferramentas.jpg 1227w\" sizes=\"auto, (max-width: 1024px) 100vw, 1024px\" \/><\/a><\/figure>\n<\/div>\n\n\n<p><strong>Fonte: <a href=\"https:\/\/www.gazetadopovo.com.br\/republica\/pressao-dos-eua-por-classificacao-de-pcc-e-cv-como-terrorismo-cria-dilema-para-lula\/\">Gazeta do Povo<\/a><\/strong><\/p>\n","protected":false},"excerpt":{"rendered":"<p>Lula e o ministro das Rela\u00e7\u00f5es Exteriores, Mauro Vieira, temem impacto diplom\u00e1tico Por Ana Carolina Curvello A proposta em discuss\u00e3o nos Estados Unidos de classificar o Primeiro Comando da Capital e o Comando Vermelho como organiza\u00e7\u00f5es terroristas colocou o governo de Luiz In\u00e1cio Lula da Silva diante de um dilema diplom\u00e1tico e pol\u00edtico. Ao mesmo [&hellip;]<\/p>\n","protected":false},"author":2,"featured_media":65982,"comment_status":"open","ping_status":"open","sticky":false,"template":"","format":"standard","meta":{"footnotes":""},"categories":[21374],"tags":[18557,29582,2147,159,18558,30025,7580,27786,30026,18253,15838,5370,30027,4906],"class_list":["post-65981","post","type-post","status-publish","format-standard","has-post-thumbnail","hentry","category-relacoes-internacionais","tag-crime-organizado","tag-cv","tag-donald-trump","tag-eua","tag-faccoes","tag-impacto-diplomatico","tag-lula","tag-mauro-vieira","tag-organizacoes-terroristas","tag-pcc","tag-relacoes-exteriores","tag-sancoes","tag-tensao-diplomatica","tag-terrorismo"],"yoast_head":"<!-- This site is optimized with the Yoast SEO plugin v26.5 - https:\/\/yoast.com\/wordpress\/plugins\/seo\/ -->\n<title>Press\u00e3o dos EUA por classifica\u00e7\u00e3o de PCC e CV como terrorismo cria dilema para Lula - Jornal Fatos e Not\u00edcias<\/title>\n<meta name=\"robots\" content=\"index, follow, max-snippet:-1, max-image-preview:large, max-video-preview:-1\" \/>\n<link rel=\"canonical\" href=\"https:\/\/jornalfatosenoticias.com.br\/index.php\/2026\/03\/17\/pressao-dos-eua-por-classificacao-de-pcc-e-cv-como-terrorismo-cria-dilema-para-lula\/\" \/>\n<meta property=\"og:locale\" content=\"pt_BR\" \/>\n<meta property=\"og:type\" content=\"article\" \/>\n<meta property=\"og:title\" content=\"Press\u00e3o dos EUA por classifica\u00e7\u00e3o de PCC e CV como terrorismo cria dilema para Lula - Jornal Fatos e Not\u00edcias\" \/>\n<meta property=\"og:description\" content=\"Lula e o ministro das Rela\u00e7\u00f5es Exteriores, Mauro Vieira, temem impacto diplom\u00e1tico Por Ana Carolina Curvello A proposta em discuss\u00e3o nos Estados Unidos de classificar o Primeiro Comando da Capital e o Comando Vermelho como organiza\u00e7\u00f5es terroristas colocou o governo de Luiz In\u00e1cio Lula da Silva diante de um dilema diplom\u00e1tico e pol\u00edtico. Ao mesmo [&hellip;]\" \/>\n<meta property=\"og:url\" content=\"https:\/\/jornalfatosenoticias.com.br\/index.php\/2026\/03\/17\/pressao-dos-eua-por-classificacao-de-pcc-e-cv-como-terrorismo-cria-dilema-para-lula\/\" \/>\n<meta property=\"og:site_name\" content=\"Jornal Fatos e Not\u00edcias\" \/>\n<meta property=\"article:published_time\" content=\"2026-03-17T18:52:29+00:00\" \/>\n<meta property=\"article:modified_time\" content=\"2026-03-17T18:52:31+00:00\" \/>\n<meta property=\"og:image\" content=\"https:\/\/jornalfatosenoticias.com.br\/wp-content\/uploads\/2026\/03\/lula-e-mauro-vieira.jpg\" \/>\n\t<meta property=\"og:image:width\" content=\"799\" \/>\n\t<meta property=\"og:image:height\" content=\"533\" \/>\n\t<meta property=\"og:image:type\" content=\"image\/jpeg\" \/>\n<meta name=\"author\" content=\"Luzimara Fernandes\" \/>\n<meta name=\"twitter:card\" content=\"summary_large_image\" \/>\n<meta name=\"twitter:label1\" content=\"Escrito por\" \/>\n\t<meta name=\"twitter:data1\" content=\"Luzimara Fernandes\" \/>\n\t<meta name=\"twitter:label2\" content=\"Est. tempo de leitura\" \/>\n\t<meta name=\"twitter:data2\" content=\"7 minutos\" \/>\n<script type=\"application\/ld+json\" class=\"yoast-schema-graph\">{\"@context\":\"https:\/\/schema.org\",\"@graph\":[{\"@type\":\"Article\",\"@id\":\"https:\/\/jornalfatosenoticias.com.br\/index.php\/2026\/03\/17\/pressao-dos-eua-por-classificacao-de-pcc-e-cv-como-terrorismo-cria-dilema-para-lula\/#article\",\"isPartOf\":{\"@id\":\"https:\/\/jornalfatosenoticias.com.br\/index.php\/2026\/03\/17\/pressao-dos-eua-por-classificacao-de-pcc-e-cv-como-terrorismo-cria-dilema-para-lula\/\"},\"author\":{\"name\":\"Luzimara Fernandes\",\"@id\":\"https:\/\/jornalfatosenoticias.com.br\/#\/schema\/person\/d63837fa13ac8666eb9e74e0985d6f81\"},\"headline\":\"Press\u00e3o dos EUA por classifica\u00e7\u00e3o de PCC e CV como terrorismo cria dilema para Lula\",\"datePublished\":\"2026-03-17T18:52:29+00:00\",\"dateModified\":\"2026-03-17T18:52:31+00:00\",\"mainEntityOfPage\":{\"@id\":\"https:\/\/jornalfatosenoticias.com.br\/index.php\/2026\/03\/17\/pressao-dos-eua-por-classificacao-de-pcc-e-cv-como-terrorismo-cria-dilema-para-lula\/\"},\"wordCount\":1246,\"commentCount\":0,\"publisher\":{\"@id\":\"https:\/\/jornalfatosenoticias.com.br\/#organization\"},\"image\":{\"@id\":\"https:\/\/jornalfatosenoticias.com.br\/index.php\/2026\/03\/17\/pressao-dos-eua-por-classificacao-de-pcc-e-cv-como-terrorismo-cria-dilema-para-lula\/#primaryimage\"},\"thumbnailUrl\":\"https:\/\/jornalfatosenoticias.com.br\/wp-content\/uploads\/2026\/03\/lula-e-mauro-vieira.jpg\",\"keywords\":[\"crime organizado\",\"CV\",\"Donald Trump\",\"EUA\",\"fac\u00e7\u00f5es\",\"impacto diplom\u00e1tico\",\"Lula\",\"Mauro Vieira\",\"organiza\u00e7\u00f5es terroristas\",\"PCC\",\"Rela\u00e7\u00f5es Exteriores\",\"san\u00e7\u00f5es\",\"tens\u00e3o diplom\u00e1tica\",\"terrorismo\"],\"articleSection\":[\"Rela\u00e7\u00f5es Internacionais\"],\"inLanguage\":\"pt-BR\",\"potentialAction\":[{\"@type\":\"CommentAction\",\"name\":\"Comment\",\"target\":[\"https:\/\/jornalfatosenoticias.com.br\/index.php\/2026\/03\/17\/pressao-dos-eua-por-classificacao-de-pcc-e-cv-como-terrorismo-cria-dilema-para-lula\/#respond\"]}]},{\"@type\":\"WebPage\",\"@id\":\"https:\/\/jornalfatosenoticias.com.br\/index.php\/2026\/03\/17\/pressao-dos-eua-por-classificacao-de-pcc-e-cv-como-terrorismo-cria-dilema-para-lula\/\",\"url\":\"https:\/\/jornalfatosenoticias.com.br\/index.php\/2026\/03\/17\/pressao-dos-eua-por-classificacao-de-pcc-e-cv-como-terrorismo-cria-dilema-para-lula\/\",\"name\":\"Press\u00e3o dos EUA por classifica\u00e7\u00e3o de PCC e CV como terrorismo cria dilema para Lula - Jornal Fatos e Not\u00edcias\",\"isPartOf\":{\"@id\":\"https:\/\/jornalfatosenoticias.com.br\/#website\"},\"primaryImageOfPage\":{\"@id\":\"https:\/\/jornalfatosenoticias.com.br\/index.php\/2026\/03\/17\/pressao-dos-eua-por-classificacao-de-pcc-e-cv-como-terrorismo-cria-dilema-para-lula\/#primaryimage\"},\"image\":{\"@id\":\"https:\/\/jornalfatosenoticias.com.br\/index.php\/2026\/03\/17\/pressao-dos-eua-por-classificacao-de-pcc-e-cv-como-terrorismo-cria-dilema-para-lula\/#primaryimage\"},\"thumbnailUrl\":\"https:\/\/jornalfatosenoticias.com.br\/wp-content\/uploads\/2026\/03\/lula-e-mauro-vieira.jpg\",\"datePublished\":\"2026-03-17T18:52:29+00:00\",\"dateModified\":\"2026-03-17T18:52:31+00:00\",\"breadcrumb\":{\"@id\":\"https:\/\/jornalfatosenoticias.com.br\/index.php\/2026\/03\/17\/pressao-dos-eua-por-classificacao-de-pcc-e-cv-como-terrorismo-cria-dilema-para-lula\/#breadcrumb\"},\"inLanguage\":\"pt-BR\",\"potentialAction\":[{\"@type\":\"ReadAction\",\"target\":[\"https:\/\/jornalfatosenoticias.com.br\/index.php\/2026\/03\/17\/pressao-dos-eua-por-classificacao-de-pcc-e-cv-como-terrorismo-cria-dilema-para-lula\/\"]}]},{\"@type\":\"ImageObject\",\"inLanguage\":\"pt-BR\",\"@id\":\"https:\/\/jornalfatosenoticias.com.br\/index.php\/2026\/03\/17\/pressao-dos-eua-por-classificacao-de-pcc-e-cv-como-terrorismo-cria-dilema-para-lula\/#primaryimage\",\"url\":\"https:\/\/jornalfatosenoticias.com.br\/wp-content\/uploads\/2026\/03\/lula-e-mauro-vieira.jpg\",\"contentUrl\":\"https:\/\/jornalfatosenoticias.com.br\/wp-content\/uploads\/2026\/03\/lula-e-mauro-vieira.jpg\",\"width\":799,\"height\":533},{\"@type\":\"BreadcrumbList\",\"@id\":\"https:\/\/jornalfatosenoticias.com.br\/index.php\/2026\/03\/17\/pressao-dos-eua-por-classificacao-de-pcc-e-cv-como-terrorismo-cria-dilema-para-lula\/#breadcrumb\",\"itemListElement\":[{\"@type\":\"ListItem\",\"position\":1,\"name\":\"In\u00edcio\",\"item\":\"https:\/\/jornalfatosenoticias.com.br\/\"},{\"@type\":\"ListItem\",\"position\":2,\"name\":\"Press\u00e3o dos EUA por classifica\u00e7\u00e3o de PCC e CV como terrorismo cria dilema para Lula\"}]},{\"@type\":\"WebSite\",\"@id\":\"https:\/\/jornalfatosenoticias.com.br\/#website\",\"url\":\"https:\/\/jornalfatosenoticias.com.br\/\",\"name\":\"Jornal Fatos e Not\u00edcias\",\"description\":\"Not\u00edcias em geral\",\"publisher\":{\"@id\":\"https:\/\/jornalfatosenoticias.com.br\/#organization\"},\"potentialAction\":[{\"@type\":\"SearchAction\",\"target\":{\"@type\":\"EntryPoint\",\"urlTemplate\":\"https:\/\/jornalfatosenoticias.com.br\/?s={search_term_string}\"},\"query-input\":{\"@type\":\"PropertyValueSpecification\",\"valueRequired\":true,\"valueName\":\"search_term_string\"}}],\"inLanguage\":\"pt-BR\"},{\"@type\":\"Organization\",\"@id\":\"https:\/\/jornalfatosenoticias.com.br\/#organization\",\"name\":\"Jornal Fatos e Not\u00edcias\",\"url\":\"https:\/\/jornalfatosenoticias.com.br\/\",\"logo\":{\"@type\":\"ImageObject\",\"inLanguage\":\"pt-BR\",\"@id\":\"https:\/\/jornalfatosenoticias.com.br\/#\/schema\/logo\/image\/\",\"url\":\"https:\/\/jornalfatosenoticias.com.br\/wp-content\/uploads\/2020\/02\/logo120.png\",\"contentUrl\":\"https:\/\/jornalfatosenoticias.com.br\/wp-content\/uploads\/2020\/02\/logo120.png\",\"width\":1227,\"height\":120,\"caption\":\"Jornal Fatos e Not\u00edcias\"},\"image\":{\"@id\":\"https:\/\/jornalfatosenoticias.com.br\/#\/schema\/logo\/image\/\"}},{\"@type\":\"Person\",\"@id\":\"https:\/\/jornalfatosenoticias.com.br\/#\/schema\/person\/d63837fa13ac8666eb9e74e0985d6f81\",\"name\":\"Luzimara Fernandes\",\"image\":{\"@type\":\"ImageObject\",\"inLanguage\":\"pt-BR\",\"@id\":\"https:\/\/jornalfatosenoticias.com.br\/#\/schema\/person\/image\/\",\"url\":\"https:\/\/jornalfatosenoticias.com.br\/wp-content\/uploads\/2025\/05\/EU_portal.jpg\",\"contentUrl\":\"https:\/\/jornalfatosenoticias.com.br\/wp-content\/uploads\/2025\/05\/EU_portal.jpg\",\"caption\":\"Luzimara Fernandes\"},\"description\":\"Jornalista MTB 2358-ES\",\"sameAs\":[\"https:\/\/jornalfatosenoticias.com.br\"],\"url\":\"https:\/\/jornalfatosenoticias.com.br\/index.php\/author\/luzimara\/\"}]}<\/script>\n<!-- \/ Yoast SEO plugin. -->","yoast_head_json":{"title":"Press\u00e3o dos EUA por classifica\u00e7\u00e3o de PCC e CV como terrorismo cria dilema para Lula - Jornal Fatos e Not\u00edcias","robots":{"index":"index","follow":"follow","max-snippet":"max-snippet:-1","max-image-preview":"max-image-preview:large","max-video-preview":"max-video-preview:-1"},"canonical":"https:\/\/jornalfatosenoticias.com.br\/index.php\/2026\/03\/17\/pressao-dos-eua-por-classificacao-de-pcc-e-cv-como-terrorismo-cria-dilema-para-lula\/","og_locale":"pt_BR","og_type":"article","og_title":"Press\u00e3o dos EUA por classifica\u00e7\u00e3o de PCC e CV como terrorismo cria dilema para Lula - Jornal Fatos e Not\u00edcias","og_description":"Lula e o ministro das Rela\u00e7\u00f5es Exteriores, Mauro Vieira, temem impacto diplom\u00e1tico Por Ana Carolina Curvello A proposta em discuss\u00e3o nos Estados Unidos de classificar o Primeiro Comando da Capital e o Comando Vermelho como organiza\u00e7\u00f5es terroristas colocou o governo de Luiz In\u00e1cio Lula da Silva diante de um dilema diplom\u00e1tico e pol\u00edtico. Ao mesmo [&hellip;]","og_url":"https:\/\/jornalfatosenoticias.com.br\/index.php\/2026\/03\/17\/pressao-dos-eua-por-classificacao-de-pcc-e-cv-como-terrorismo-cria-dilema-para-lula\/","og_site_name":"Jornal Fatos e Not\u00edcias","article_published_time":"2026-03-17T18:52:29+00:00","article_modified_time":"2026-03-17T18:52:31+00:00","og_image":[{"width":799,"height":533,"url":"https:\/\/jornalfatosenoticias.com.br\/wp-content\/uploads\/2026\/03\/lula-e-mauro-vieira.jpg","type":"image\/jpeg"}],"author":"Luzimara Fernandes","twitter_card":"summary_large_image","twitter_misc":{"Escrito por":"Luzimara Fernandes","Est. tempo de leitura":"7 minutos"},"schema":{"@context":"https:\/\/schema.org","@graph":[{"@type":"Article","@id":"https:\/\/jornalfatosenoticias.com.br\/index.php\/2026\/03\/17\/pressao-dos-eua-por-classificacao-de-pcc-e-cv-como-terrorismo-cria-dilema-para-lula\/#article","isPartOf":{"@id":"https:\/\/jornalfatosenoticias.com.br\/index.php\/2026\/03\/17\/pressao-dos-eua-por-classificacao-de-pcc-e-cv-como-terrorismo-cria-dilema-para-lula\/"},"author":{"name":"Luzimara Fernandes","@id":"https:\/\/jornalfatosenoticias.com.br\/#\/schema\/person\/d63837fa13ac8666eb9e74e0985d6f81"},"headline":"Press\u00e3o dos EUA por classifica\u00e7\u00e3o de PCC e CV como terrorismo cria dilema para Lula","datePublished":"2026-03-17T18:52:29+00:00","dateModified":"2026-03-17T18:52:31+00:00","mainEntityOfPage":{"@id":"https:\/\/jornalfatosenoticias.com.br\/index.php\/2026\/03\/17\/pressao-dos-eua-por-classificacao-de-pcc-e-cv-como-terrorismo-cria-dilema-para-lula\/"},"wordCount":1246,"commentCount":0,"publisher":{"@id":"https:\/\/jornalfatosenoticias.com.br\/#organization"},"image":{"@id":"https:\/\/jornalfatosenoticias.com.br\/index.php\/2026\/03\/17\/pressao-dos-eua-por-classificacao-de-pcc-e-cv-como-terrorismo-cria-dilema-para-lula\/#primaryimage"},"thumbnailUrl":"https:\/\/jornalfatosenoticias.com.br\/wp-content\/uploads\/2026\/03\/lula-e-mauro-vieira.jpg","keywords":["crime organizado","CV","Donald Trump","EUA","fac\u00e7\u00f5es","impacto diplom\u00e1tico","Lula","Mauro Vieira","organiza\u00e7\u00f5es terroristas","PCC","Rela\u00e7\u00f5es Exteriores","san\u00e7\u00f5es","tens\u00e3o diplom\u00e1tica","terrorismo"],"articleSection":["Rela\u00e7\u00f5es Internacionais"],"inLanguage":"pt-BR","potentialAction":[{"@type":"CommentAction","name":"Comment","target":["https:\/\/jornalfatosenoticias.com.br\/index.php\/2026\/03\/17\/pressao-dos-eua-por-classificacao-de-pcc-e-cv-como-terrorismo-cria-dilema-para-lula\/#respond"]}]},{"@type":"WebPage","@id":"https:\/\/jornalfatosenoticias.com.br\/index.php\/2026\/03\/17\/pressao-dos-eua-por-classificacao-de-pcc-e-cv-como-terrorismo-cria-dilema-para-lula\/","url":"https:\/\/jornalfatosenoticias.com.br\/index.php\/2026\/03\/17\/pressao-dos-eua-por-classificacao-de-pcc-e-cv-como-terrorismo-cria-dilema-para-lula\/","name":"Press\u00e3o dos EUA por classifica\u00e7\u00e3o de PCC e CV como terrorismo cria dilema para Lula - Jornal Fatos e Not\u00edcias","isPartOf":{"@id":"https:\/\/jornalfatosenoticias.com.br\/#website"},"primaryImageOfPage":{"@id":"https:\/\/jornalfatosenoticias.com.br\/index.php\/2026\/03\/17\/pressao-dos-eua-por-classificacao-de-pcc-e-cv-como-terrorismo-cria-dilema-para-lula\/#primaryimage"},"image":{"@id":"https:\/\/jornalfatosenoticias.com.br\/index.php\/2026\/03\/17\/pressao-dos-eua-por-classificacao-de-pcc-e-cv-como-terrorismo-cria-dilema-para-lula\/#primaryimage"},"thumbnailUrl":"https:\/\/jornalfatosenoticias.com.br\/wp-content\/uploads\/2026\/03\/lula-e-mauro-vieira.jpg","datePublished":"2026-03-17T18:52:29+00:00","dateModified":"2026-03-17T18:52:31+00:00","breadcrumb":{"@id":"https:\/\/jornalfatosenoticias.com.br\/index.php\/2026\/03\/17\/pressao-dos-eua-por-classificacao-de-pcc-e-cv-como-terrorismo-cria-dilema-para-lula\/#breadcrumb"},"inLanguage":"pt-BR","potentialAction":[{"@type":"ReadAction","target":["https:\/\/jornalfatosenoticias.com.br\/index.php\/2026\/03\/17\/pressao-dos-eua-por-classificacao-de-pcc-e-cv-como-terrorismo-cria-dilema-para-lula\/"]}]},{"@type":"ImageObject","inLanguage":"pt-BR","@id":"https:\/\/jornalfatosenoticias.com.br\/index.php\/2026\/03\/17\/pressao-dos-eua-por-classificacao-de-pcc-e-cv-como-terrorismo-cria-dilema-para-lula\/#primaryimage","url":"https:\/\/jornalfatosenoticias.com.br\/wp-content\/uploads\/2026\/03\/lula-e-mauro-vieira.jpg","contentUrl":"https:\/\/jornalfatosenoticias.com.br\/wp-content\/uploads\/2026\/03\/lula-e-mauro-vieira.jpg","width":799,"height":533},{"@type":"BreadcrumbList","@id":"https:\/\/jornalfatosenoticias.com.br\/index.php\/2026\/03\/17\/pressao-dos-eua-por-classificacao-de-pcc-e-cv-como-terrorismo-cria-dilema-para-lula\/#breadcrumb","itemListElement":[{"@type":"ListItem","position":1,"name":"In\u00edcio","item":"https:\/\/jornalfatosenoticias.com.br\/"},{"@type":"ListItem","position":2,"name":"Press\u00e3o dos EUA por classifica\u00e7\u00e3o de PCC e CV como terrorismo cria dilema para Lula"}]},{"@type":"WebSite","@id":"https:\/\/jornalfatosenoticias.com.br\/#website","url":"https:\/\/jornalfatosenoticias.com.br\/","name":"Jornal Fatos e Not\u00edcias","description":"Not\u00edcias em geral","publisher":{"@id":"https:\/\/jornalfatosenoticias.com.br\/#organization"},"potentialAction":[{"@type":"SearchAction","target":{"@type":"EntryPoint","urlTemplate":"https:\/\/jornalfatosenoticias.com.br\/?s={search_term_string}"},"query-input":{"@type":"PropertyValueSpecification","valueRequired":true,"valueName":"search_term_string"}}],"inLanguage":"pt-BR"},{"@type":"Organization","@id":"https:\/\/jornalfatosenoticias.com.br\/#organization","name":"Jornal Fatos e Not\u00edcias","url":"https:\/\/jornalfatosenoticias.com.br\/","logo":{"@type":"ImageObject","inLanguage":"pt-BR","@id":"https:\/\/jornalfatosenoticias.com.br\/#\/schema\/logo\/image\/","url":"https:\/\/jornalfatosenoticias.com.br\/wp-content\/uploads\/2020\/02\/logo120.png","contentUrl":"https:\/\/jornalfatosenoticias.com.br\/wp-content\/uploads\/2020\/02\/logo120.png","width":1227,"height":120,"caption":"Jornal Fatos e Not\u00edcias"},"image":{"@id":"https:\/\/jornalfatosenoticias.com.br\/#\/schema\/logo\/image\/"}},{"@type":"Person","@id":"https:\/\/jornalfatosenoticias.com.br\/#\/schema\/person\/d63837fa13ac8666eb9e74e0985d6f81","name":"Luzimara Fernandes","image":{"@type":"ImageObject","inLanguage":"pt-BR","@id":"https:\/\/jornalfatosenoticias.com.br\/#\/schema\/person\/image\/","url":"https:\/\/jornalfatosenoticias.com.br\/wp-content\/uploads\/2025\/05\/EU_portal.jpg","contentUrl":"https:\/\/jornalfatosenoticias.com.br\/wp-content\/uploads\/2025\/05\/EU_portal.jpg","caption":"Luzimara Fernandes"},"description":"Jornalista MTB 2358-ES","sameAs":["https:\/\/jornalfatosenoticias.com.br"],"url":"https:\/\/jornalfatosenoticias.com.br\/index.php\/author\/luzimara\/"}]}},"cc_featured_image_caption":{"caption_text":"(Foto: Marcelo Camargo\/Ag\u00eancia Brasil)","source_text":"","source_url":""},"jetpack_featured_media_url":"https:\/\/jornalfatosenoticias.com.br\/wp-content\/uploads\/2026\/03\/lula-e-mauro-vieira.jpg","_links":{"self":[{"href":"https:\/\/jornalfatosenoticias.com.br\/index.php\/wp-json\/wp\/v2\/posts\/65981","targetHints":{"allow":["GET"]}}],"collection":[{"href":"https:\/\/jornalfatosenoticias.com.br\/index.php\/wp-json\/wp\/v2\/posts"}],"about":[{"href":"https:\/\/jornalfatosenoticias.com.br\/index.php\/wp-json\/wp\/v2\/types\/post"}],"author":[{"embeddable":true,"href":"https:\/\/jornalfatosenoticias.com.br\/index.php\/wp-json\/wp\/v2\/users\/2"}],"replies":[{"embeddable":true,"href":"https:\/\/jornalfatosenoticias.com.br\/index.php\/wp-json\/wp\/v2\/comments?post=65981"}],"version-history":[{"count":1,"href":"https:\/\/jornalfatosenoticias.com.br\/index.php\/wp-json\/wp\/v2\/posts\/65981\/revisions"}],"predecessor-version":[{"id":65983,"href":"https:\/\/jornalfatosenoticias.com.br\/index.php\/wp-json\/wp\/v2\/posts\/65981\/revisions\/65983"}],"wp:featuredmedia":[{"embeddable":true,"href":"https:\/\/jornalfatosenoticias.com.br\/index.php\/wp-json\/wp\/v2\/media\/65982"}],"wp:attachment":[{"href":"https:\/\/jornalfatosenoticias.com.br\/index.php\/wp-json\/wp\/v2\/media?parent=65981"}],"wp:term":[{"taxonomy":"category","embeddable":true,"href":"https:\/\/jornalfatosenoticias.com.br\/index.php\/wp-json\/wp\/v2\/categories?post=65981"},{"taxonomy":"post_tag","embeddable":true,"href":"https:\/\/jornalfatosenoticias.com.br\/index.php\/wp-json\/wp\/v2\/tags?post=65981"}],"curies":[{"name":"wp","href":"https:\/\/api.w.org\/{rel}","templated":true}]}}