{"id":65984,"date":"2026-03-17T16:04:31","date_gmt":"2026-03-17T19:04:31","guid":{"rendered":"https:\/\/jornalfatosenoticias.com.br\/?p=65984"},"modified":"2026-03-17T16:04:34","modified_gmt":"2026-03-17T19:04:34","slug":"nova-resolucao-do-pt-ataca-flavio-bolsonaro-e-mira-congresso-master-e-faria-lima","status":"publish","type":"post","link":"https:\/\/jornalfatosenoticias.com.br\/index.php\/2026\/03\/17\/nova-resolucao-do-pt-ataca-flavio-bolsonaro-e-mira-congresso-master-e-faria-lima\/","title":{"rendered":"Nova resolu\u00e7\u00e3o do PT ataca Fl\u00e1vio Bolsonaro e mira Congresso, Master e Faria Lima"},"content":{"rendered":"\n<p><em><mark style=\"background-color:rgba(0, 0, 0, 0)\" class=\"has-inline-color has-black-color\">Partido adotou nova estrat\u00e9gia mais ofensiva contra senador ap\u00f3s pesquisas de inten\u00e7\u00e3o de voto apontarem empate t\u00e9cnico com Lula<\/mark><\/em><\/p>\n\n\n\n<p><mark style=\"background-color:rgba(0, 0, 0, 0)\" class=\"has-inline-color has-black-color\">Por <strong><a href=\"https:\/\/www.gazetadopovo.com.br\/autor\/guilherme-grandi\/\">Guilherme Grandi<\/a><\/strong><\/mark><\/p>\n\n\n\n<p>A dire\u00e7\u00e3o nacional do PT aprovou uma nova resolu\u00e7\u00e3o para as elei\u00e7\u00f5es gerais deste ano que coloca o senador e pr\u00e9-candidato \u00e0 presid\u00eancia, Fl\u00e1vio Bolsonaro (PL-RJ), como principal alvo da legenda. O documento afirma que a poss\u00edvel candidatura do parlamentar representa uma amea\u00e7a e associa o avan\u00e7o da direita a interesses financeiros e pol\u00edticos no Congresso. O texto foi aprovado em meio \u00e0s <a href=\"https:\/\/www.gazetadopovo.com.br\/eleicoes\/2026\/recados-pesquisa-datafolha-para-flavio-bolsonaro-e-lula\/\" target=\"_blank\" rel=\"noreferrer noopener\">mais recentes pesquisas de inten\u00e7\u00e3o de voto<\/a> que apontam empate t\u00e9cnico entre <a href=\"https:\/\/www.gazetadopovo.com.br\/tudo-sobre\/lula\/\" target=\"_blank\" rel=\"noreferrer noopener\">Luiz In\u00e1cio Lula da Silva<\/a> (PT) e o filho do ex-presidente <a href=\"https:\/\/www.gazetadopovo.com.br\/tudo-sobre\/jair-bolsonaro\/\" target=\"_blank\" rel=\"noreferrer noopener\">Jair Bolsonaro<\/a> (PL). Isso fez aumentar a press\u00e3o dentro do partido por uma postura mais ofensiva contra advers\u00e1rios da oposi\u00e7\u00e3o.<br><em>\u201cA candidatura de Fl\u00e1vio Bolsonaro representa a continuidade do mesmo projeto autorit\u00e1rio e antipopular que o Brasil derrotou nas urnas. [\u2026] Sua candidatura simboliza apenas a tentativa da extrema-direita de manter vivo um projeto pol\u00edtico baseado no ataque \u00e0 democracia\u201d,<\/em> afirmou o partido no documento divulgado nesta segunda (16) (<a href=\"https:\/\/pt.org.br\/resolucao-politica-da-comissao-executiva-nacional-do-pt-4\/\" target=\"_blank\" rel=\"noreferrer noopener\">veja na \u00edntegra<\/a>). O PT tamb\u00e9m aponta que a elei\u00e7\u00e3o de 2026 depender\u00e1 n\u00e3o apenas da vit\u00f3ria presidencial, mas da forma\u00e7\u00e3o de uma base s\u00f3lida no Congresso Nacional. Esse \u00e9 um dos principais problemas que o atual governo enfrenta no parlamento, e que leva a negocia\u00e7\u00f5es que acabam, por vezes, custando a popularidade de Lula.<\/p>\n\n\n<div class=\"wp-block-image\">\n<figure class=\"aligncenter size-full is-resized\"><a href=\"https:\/\/www.delpupometalmecanica.com.br\/\"><img loading=\"lazy\" decoding=\"async\" width=\"1000\" height=\"525\" src=\"https:\/\/jornalfatosenoticias.com.br\/wp-content\/uploads\/2026\/01\/delpupo-logo.jpg\" alt=\"\" class=\"wp-image-64770\" style=\"aspect-ratio:1.9048293944655068;width:478px;height:auto\" srcset=\"https:\/\/jornalfatosenoticias.com.br\/wp-content\/uploads\/2026\/01\/delpupo-logo.jpg 1000w, https:\/\/jornalfatosenoticias.com.br\/wp-content\/uploads\/2026\/01\/delpupo-logo-300x158.jpg 300w, https:\/\/jornalfatosenoticias.com.br\/wp-content\/uploads\/2026\/01\/delpupo-logo-768x403.jpg 768w\" sizes=\"auto, (max-width: 1000px) 100vw, 1000px\" \/><\/a><\/figure>\n<\/div>\n\n\n<p><em>\u201cEleger bancadas comprometidas com o povo brasileiro \u00e9 condi\u00e7\u00e3o fundamental para assegurar governabilidade, enfrentar o poder do rentismo e da extrema-direita no Parlamento e aprofundar as transforma\u00e7\u00f5es que o pa\u00eds necessita, ampliando direitos, fortalecendo pol\u00edticas p\u00fablicas e consolidando um projeto nacional de desenvolvimento com justi\u00e7a social\u201d<\/em>, pontua a nota. Outro ponto central da resolu\u00e7\u00e3o envolve o caso do Banco Master, citado como exemplo de rela\u00e7\u00e3o entre poder pol\u00edtico e interesses financeiros. O PT questiona a atua\u00e7\u00e3o do Banco Central na \u00e9poca em que a institui\u00e7\u00e3o era presidida por Roberto Campos Neto, desafeto declarado de Lula.<br><em>\u201cPor que o Banco Central, ent\u00e3o sob a gest\u00e3o de Roberto Campos Neto, indicado por Bolsonaro, n\u00e3o tomou as medidas necess\u00e1rias para intervir e proteger o sistema financeiro e os recursos p\u00fablicos?\u201d<\/em>, questiona o texto aprovado pela dire\u00e7\u00e3o petista. A resolu\u00e7\u00e3o afirma ainda que a expans\u00e3o do banco teria conex\u00f5es pol\u00edticas com setores da direita e aliados da fam\u00edlia Bolsonaro. Para o partido, o caso revelaria um sistema de prote\u00e7\u00e3o a privil\u00e9gios dentro da pol\u00edtica nacional. <em>\u201cEsses elementos revelam que n\u00e3o se trata de um epis\u00f3dio isolado, mas de um sistema de rela\u00e7\u00f5es prom\u00edscuas entre operadores pol\u00edticos, interesses financeiros e setores do Estado que protege privil\u00e9gios de poucos em detrimento do interesse nacional\u201d<\/em>, afirma o partido.<\/p>\n\n\n<div class=\"wp-block-image\">\n<figure class=\"aligncenter size-full is-resized\"><a href=\"https:\/\/premiertemperos.com.br\/novo\/\"><img loading=\"lazy\" decoding=\"async\" width=\"851\" height=\"315\" src=\"https:\/\/jornalfatosenoticias.com.br\/wp-content\/uploads\/2020\/02\/logo-Premier-Temperos.png\" alt=\"\" class=\"wp-image-64452\" style=\"aspect-ratio:2.7017790732736957;width:575px;height:auto\" srcset=\"https:\/\/jornalfatosenoticias.com.br\/wp-content\/uploads\/2020\/02\/logo-Premier-Temperos.png 851w, https:\/\/jornalfatosenoticias.com.br\/wp-content\/uploads\/2020\/02\/logo-Premier-Temperos-300x111.png 300w, https:\/\/jornalfatosenoticias.com.br\/wp-content\/uploads\/2020\/02\/logo-Premier-Temperos-768x284.png 768w\" sizes=\"auto, (max-width: 851px) 100vw, 851px\" \/><\/a><\/figure>\n<\/div>\n\n\n<p>O PT tamb\u00e9m critica a influ\u00eancia do mercado financeiro sobre o Congresso, frequentemente associado ao termo pol\u00edtico \u201cFaria Lima\u201d. Segundo o PT, esse grupo teria for\u00e7a para pressionar parlamentares e dificultar mudan\u00e7as econ\u00f4micas defendidas pelo governo. <em>\u201c\u00c9 fundamental estabelecer limites ao poder do rentismo, fortalecer a renda do trabalho e dinamizar o mercado interno, al\u00e9m de assegurar a redu\u00e7\u00e3o da taxa Selic pelo Banco Central\u201d<\/em>, diz o texto.<br>A resolu\u00e7\u00e3o conclui que a elei\u00e7\u00e3o de uma maioria alinhada ao projeto petista na C\u00e2mara e no Senado \u00e9 vista como essencial para garantir governabilidade em um eventual novo mandato. Para a legenda, mudar a composi\u00e7\u00e3o do Congresso \u00e9 condi\u00e7\u00e3o decisiva para aprofundar pol\u00edticas defendidas pelo governo.<\/p>\n\n\n\n<p><strong>Fonte: <a href=\"https:\/\/www.gazetadopovo.com.br\/eleicoes\/2026\/nova-resolucao-pt-ataca-flavio-bolsonaro-mira-congresso-master-faria-lima\/\">Gazeta do Povo<\/a><\/strong><\/p>\n","protected":false},"excerpt":{"rendered":"<p>Partido adotou nova estrat\u00e9gia mais ofensiva contra senador ap\u00f3s pesquisas de inten\u00e7\u00e3o de voto apontarem empate t\u00e9cnico com Lula Por Guilherme Grandi A dire\u00e7\u00e3o nacional do PT aprovou uma nova resolu\u00e7\u00e3o para as elei\u00e7\u00f5es gerais deste ano que coloca o senador e pr\u00e9-candidato \u00e0 presid\u00eancia, Fl\u00e1vio Bolsonaro (PL-RJ), como principal alvo da legenda. O documento [&hellip;]<\/p>\n","protected":false},"author":2,"featured_media":65985,"comment_status":"open","ping_status":"open","sticky":false,"template":"","format":"standard","meta":{"footnotes":""},"categories":[10],"tags":[489,26594,30028,19047,22739,7580,13186],"class_list":["post-65984","post","type-post","status-publish","format-standard","has-post-thumbnail","hentry","category-politica","tag-banco-central","tag-banco-master","tag-corrupcao-do-pt","tag-eleicoes-2026","tag-flavio-bolsonaro","tag-lula","tag-pt"],"yoast_head":"<!-- This site is optimized with the Yoast SEO plugin v26.5 - https:\/\/yoast.com\/wordpress\/plugins\/seo\/ -->\n<title>Nova resolu\u00e7\u00e3o do PT ataca Fl\u00e1vio Bolsonaro e mira Congresso, Master e Faria Lima - Jornal Fatos e Not\u00edcias<\/title>\n<meta name=\"robots\" content=\"index, follow, max-snippet:-1, max-image-preview:large, max-video-preview:-1\" \/>\n<link rel=\"canonical\" href=\"https:\/\/jornalfatosenoticias.com.br\/index.php\/2026\/03\/17\/nova-resolucao-do-pt-ataca-flavio-bolsonaro-e-mira-congresso-master-e-faria-lima\/\" \/>\n<meta property=\"og:locale\" content=\"pt_BR\" \/>\n<meta property=\"og:type\" content=\"article\" \/>\n<meta property=\"og:title\" content=\"Nova resolu\u00e7\u00e3o do PT ataca Fl\u00e1vio Bolsonaro e mira Congresso, Master e Faria Lima - Jornal Fatos e Not\u00edcias\" \/>\n<meta property=\"og:description\" content=\"Partido adotou nova estrat\u00e9gia mais ofensiva contra senador ap\u00f3s pesquisas de inten\u00e7\u00e3o de voto apontarem empate t\u00e9cnico com Lula Por Guilherme Grandi A dire\u00e7\u00e3o nacional do PT aprovou uma nova resolu\u00e7\u00e3o para as elei\u00e7\u00f5es gerais deste ano que coloca o senador e pr\u00e9-candidato \u00e0 presid\u00eancia, Fl\u00e1vio Bolsonaro (PL-RJ), como principal alvo da legenda. O documento [&hellip;]\" \/>\n<meta property=\"og:url\" content=\"https:\/\/jornalfatosenoticias.com.br\/index.php\/2026\/03\/17\/nova-resolucao-do-pt-ataca-flavio-bolsonaro-e-mira-congresso-master-e-faria-lima\/\" \/>\n<meta property=\"og:site_name\" content=\"Jornal Fatos e Not\u00edcias\" \/>\n<meta property=\"article:published_time\" content=\"2026-03-17T19:04:31+00:00\" \/>\n<meta property=\"article:modified_time\" content=\"2026-03-17T19:04:34+00:00\" \/>\n<meta property=\"og:image\" content=\"https:\/\/jornalfatosenoticias.com.br\/wp-content\/uploads\/2026\/03\/ataque-do-pt-a-bolsonaro_gettyimages.jpg\" \/>\n\t<meta property=\"og:image:width\" content=\"612\" \/>\n\t<meta property=\"og:image:height\" content=\"408\" \/>\n\t<meta property=\"og:image:type\" content=\"image\/jpeg\" \/>\n<meta name=\"author\" content=\"Luzimara Fernandes\" \/>\n<meta name=\"twitter:card\" content=\"summary_large_image\" \/>\n<meta name=\"twitter:label1\" content=\"Escrito por\" \/>\n\t<meta name=\"twitter:data1\" content=\"Luzimara Fernandes\" \/>\n\t<meta name=\"twitter:label2\" content=\"Est. tempo de leitura\" \/>\n\t<meta name=\"twitter:data2\" content=\"4 minutos\" \/>\n<script type=\"application\/ld+json\" class=\"yoast-schema-graph\">{\"@context\":\"https:\/\/schema.org\",\"@graph\":[{\"@type\":\"Article\",\"@id\":\"https:\/\/jornalfatosenoticias.com.br\/index.php\/2026\/03\/17\/nova-resolucao-do-pt-ataca-flavio-bolsonaro-e-mira-congresso-master-e-faria-lima\/#article\",\"isPartOf\":{\"@id\":\"https:\/\/jornalfatosenoticias.com.br\/index.php\/2026\/03\/17\/nova-resolucao-do-pt-ataca-flavio-bolsonaro-e-mira-congresso-master-e-faria-lima\/\"},\"author\":{\"name\":\"Luzimara Fernandes\",\"@id\":\"https:\/\/jornalfatosenoticias.com.br\/#\/schema\/person\/d63837fa13ac8666eb9e74e0985d6f81\"},\"headline\":\"Nova resolu\u00e7\u00e3o do PT ataca Fl\u00e1vio Bolsonaro e mira Congresso, Master e Faria Lima\",\"datePublished\":\"2026-03-17T19:04:31+00:00\",\"dateModified\":\"2026-03-17T19:04:34+00:00\",\"mainEntityOfPage\":{\"@id\":\"https:\/\/jornalfatosenoticias.com.br\/index.php\/2026\/03\/17\/nova-resolucao-do-pt-ataca-flavio-bolsonaro-e-mira-congresso-master-e-faria-lima\/\"},\"wordCount\":643,\"commentCount\":0,\"publisher\":{\"@id\":\"https:\/\/jornalfatosenoticias.com.br\/#organization\"},\"image\":{\"@id\":\"https:\/\/jornalfatosenoticias.com.br\/index.php\/2026\/03\/17\/nova-resolucao-do-pt-ataca-flavio-bolsonaro-e-mira-congresso-master-e-faria-lima\/#primaryimage\"},\"thumbnailUrl\":\"https:\/\/jornalfatosenoticias.com.br\/wp-content\/uploads\/2026\/03\/ataque-do-pt-a-bolsonaro_gettyimages.jpg\",\"keywords\":[\"Banco Central\",\"Banco Master\",\"corrup\u00e7\u00e3o do PT\",\"Elei\u00e7\u00f5es 2026\",\"Fl\u00e1vio Bolsonaro\",\"Lula\",\"PT\"],\"articleSection\":[\"Pol\u00edtica\"],\"inLanguage\":\"pt-BR\",\"potentialAction\":[{\"@type\":\"CommentAction\",\"name\":\"Comment\",\"target\":[\"https:\/\/jornalfatosenoticias.com.br\/index.php\/2026\/03\/17\/nova-resolucao-do-pt-ataca-flavio-bolsonaro-e-mira-congresso-master-e-faria-lima\/#respond\"]}]},{\"@type\":\"WebPage\",\"@id\":\"https:\/\/jornalfatosenoticias.com.br\/index.php\/2026\/03\/17\/nova-resolucao-do-pt-ataca-flavio-bolsonaro-e-mira-congresso-master-e-faria-lima\/\",\"url\":\"https:\/\/jornalfatosenoticias.com.br\/index.php\/2026\/03\/17\/nova-resolucao-do-pt-ataca-flavio-bolsonaro-e-mira-congresso-master-e-faria-lima\/\",\"name\":\"Nova resolu\u00e7\u00e3o do PT ataca Fl\u00e1vio Bolsonaro e mira Congresso, Master e Faria Lima - Jornal Fatos e Not\u00edcias\",\"isPartOf\":{\"@id\":\"https:\/\/jornalfatosenoticias.com.br\/#website\"},\"primaryImageOfPage\":{\"@id\":\"https:\/\/jornalfatosenoticias.com.br\/index.php\/2026\/03\/17\/nova-resolucao-do-pt-ataca-flavio-bolsonaro-e-mira-congresso-master-e-faria-lima\/#primaryimage\"},\"image\":{\"@id\":\"https:\/\/jornalfatosenoticias.com.br\/index.php\/2026\/03\/17\/nova-resolucao-do-pt-ataca-flavio-bolsonaro-e-mira-congresso-master-e-faria-lima\/#primaryimage\"},\"thumbnailUrl\":\"https:\/\/jornalfatosenoticias.com.br\/wp-content\/uploads\/2026\/03\/ataque-do-pt-a-bolsonaro_gettyimages.jpg\",\"datePublished\":\"2026-03-17T19:04:31+00:00\",\"dateModified\":\"2026-03-17T19:04:34+00:00\",\"breadcrumb\":{\"@id\":\"https:\/\/jornalfatosenoticias.com.br\/index.php\/2026\/03\/17\/nova-resolucao-do-pt-ataca-flavio-bolsonaro-e-mira-congresso-master-e-faria-lima\/#breadcrumb\"},\"inLanguage\":\"pt-BR\",\"potentialAction\":[{\"@type\":\"ReadAction\",\"target\":[\"https:\/\/jornalfatosenoticias.com.br\/index.php\/2026\/03\/17\/nova-resolucao-do-pt-ataca-flavio-bolsonaro-e-mira-congresso-master-e-faria-lima\/\"]}]},{\"@type\":\"ImageObject\",\"inLanguage\":\"pt-BR\",\"@id\":\"https:\/\/jornalfatosenoticias.com.br\/index.php\/2026\/03\/17\/nova-resolucao-do-pt-ataca-flavio-bolsonaro-e-mira-congresso-master-e-faria-lima\/#primaryimage\",\"url\":\"https:\/\/jornalfatosenoticias.com.br\/wp-content\/uploads\/2026\/03\/ataque-do-pt-a-bolsonaro_gettyimages.jpg\",\"contentUrl\":\"https:\/\/jornalfatosenoticias.com.br\/wp-content\/uploads\/2026\/03\/ataque-do-pt-a-bolsonaro_gettyimages.jpg\",\"width\":612,\"height\":408,\"caption\":\"Brazil's President Luiz Inacio Lula da Silva gestures during a press statement after meeting South African President Cyril Ramaphosa at the Planalto Palace in Brasilia, on March 9, 2026. (Photo by Evaristo Sa \/ AFP via Getty Images)\"},{\"@type\":\"BreadcrumbList\",\"@id\":\"https:\/\/jornalfatosenoticias.com.br\/index.php\/2026\/03\/17\/nova-resolucao-do-pt-ataca-flavio-bolsonaro-e-mira-congresso-master-e-faria-lima\/#breadcrumb\",\"itemListElement\":[{\"@type\":\"ListItem\",\"position\":1,\"name\":\"In\u00edcio\",\"item\":\"https:\/\/jornalfatosenoticias.com.br\/\"},{\"@type\":\"ListItem\",\"position\":2,\"name\":\"Nova resolu\u00e7\u00e3o do PT ataca Fl\u00e1vio Bolsonaro e mira Congresso, Master e Faria Lima\"}]},{\"@type\":\"WebSite\",\"@id\":\"https:\/\/jornalfatosenoticias.com.br\/#website\",\"url\":\"https:\/\/jornalfatosenoticias.com.br\/\",\"name\":\"Jornal Fatos e Not\u00edcias\",\"description\":\"Not\u00edcias em geral\",\"publisher\":{\"@id\":\"https:\/\/jornalfatosenoticias.com.br\/#organization\"},\"potentialAction\":[{\"@type\":\"SearchAction\",\"target\":{\"@type\":\"EntryPoint\",\"urlTemplate\":\"https:\/\/jornalfatosenoticias.com.br\/?s={search_term_string}\"},\"query-input\":{\"@type\":\"PropertyValueSpecification\",\"valueRequired\":true,\"valueName\":\"search_term_string\"}}],\"inLanguage\":\"pt-BR\"},{\"@type\":\"Organization\",\"@id\":\"https:\/\/jornalfatosenoticias.com.br\/#organization\",\"name\":\"Jornal Fatos e Not\u00edcias\",\"url\":\"https:\/\/jornalfatosenoticias.com.br\/\",\"logo\":{\"@type\":\"ImageObject\",\"inLanguage\":\"pt-BR\",\"@id\":\"https:\/\/jornalfatosenoticias.com.br\/#\/schema\/logo\/image\/\",\"url\":\"https:\/\/jornalfatosenoticias.com.br\/wp-content\/uploads\/2020\/02\/logo120.png\",\"contentUrl\":\"https:\/\/jornalfatosenoticias.com.br\/wp-content\/uploads\/2020\/02\/logo120.png\",\"width\":1227,\"height\":120,\"caption\":\"Jornal Fatos e Not\u00edcias\"},\"image\":{\"@id\":\"https:\/\/jornalfatosenoticias.com.br\/#\/schema\/logo\/image\/\"}},{\"@type\":\"Person\",\"@id\":\"https:\/\/jornalfatosenoticias.com.br\/#\/schema\/person\/d63837fa13ac8666eb9e74e0985d6f81\",\"name\":\"Luzimara Fernandes\",\"image\":{\"@type\":\"ImageObject\",\"inLanguage\":\"pt-BR\",\"@id\":\"https:\/\/jornalfatosenoticias.com.br\/#\/schema\/person\/image\/\",\"url\":\"https:\/\/jornalfatosenoticias.com.br\/wp-content\/uploads\/2025\/05\/EU_portal.jpg\",\"contentUrl\":\"https:\/\/jornalfatosenoticias.com.br\/wp-content\/uploads\/2025\/05\/EU_portal.jpg\",\"caption\":\"Luzimara Fernandes\"},\"description\":\"Jornalista MTB 2358-ES\",\"sameAs\":[\"https:\/\/jornalfatosenoticias.com.br\"],\"url\":\"https:\/\/jornalfatosenoticias.com.br\/index.php\/author\/luzimara\/\"}]}<\/script>\n<!-- \/ Yoast SEO plugin. -->","yoast_head_json":{"title":"Nova resolu\u00e7\u00e3o do PT ataca Fl\u00e1vio Bolsonaro e mira Congresso, Master e Faria Lima - Jornal Fatos e Not\u00edcias","robots":{"index":"index","follow":"follow","max-snippet":"max-snippet:-1","max-image-preview":"max-image-preview:large","max-video-preview":"max-video-preview:-1"},"canonical":"https:\/\/jornalfatosenoticias.com.br\/index.php\/2026\/03\/17\/nova-resolucao-do-pt-ataca-flavio-bolsonaro-e-mira-congresso-master-e-faria-lima\/","og_locale":"pt_BR","og_type":"article","og_title":"Nova resolu\u00e7\u00e3o do PT ataca Fl\u00e1vio Bolsonaro e mira Congresso, Master e Faria Lima - Jornal Fatos e Not\u00edcias","og_description":"Partido adotou nova estrat\u00e9gia mais ofensiva contra senador ap\u00f3s pesquisas de inten\u00e7\u00e3o de voto apontarem empate t\u00e9cnico com Lula Por Guilherme Grandi A dire\u00e7\u00e3o nacional do PT aprovou uma nova resolu\u00e7\u00e3o para as elei\u00e7\u00f5es gerais deste ano que coloca o senador e pr\u00e9-candidato \u00e0 presid\u00eancia, Fl\u00e1vio Bolsonaro (PL-RJ), como principal alvo da legenda. O documento [&hellip;]","og_url":"https:\/\/jornalfatosenoticias.com.br\/index.php\/2026\/03\/17\/nova-resolucao-do-pt-ataca-flavio-bolsonaro-e-mira-congresso-master-e-faria-lima\/","og_site_name":"Jornal Fatos e Not\u00edcias","article_published_time":"2026-03-17T19:04:31+00:00","article_modified_time":"2026-03-17T19:04:34+00:00","og_image":[{"width":612,"height":408,"url":"https:\/\/jornalfatosenoticias.com.br\/wp-content\/uploads\/2026\/03\/ataque-do-pt-a-bolsonaro_gettyimages.jpg","type":"image\/jpeg"}],"author":"Luzimara Fernandes","twitter_card":"summary_large_image","twitter_misc":{"Escrito por":"Luzimara Fernandes","Est. tempo de leitura":"4 minutos"},"schema":{"@context":"https:\/\/schema.org","@graph":[{"@type":"Article","@id":"https:\/\/jornalfatosenoticias.com.br\/index.php\/2026\/03\/17\/nova-resolucao-do-pt-ataca-flavio-bolsonaro-e-mira-congresso-master-e-faria-lima\/#article","isPartOf":{"@id":"https:\/\/jornalfatosenoticias.com.br\/index.php\/2026\/03\/17\/nova-resolucao-do-pt-ataca-flavio-bolsonaro-e-mira-congresso-master-e-faria-lima\/"},"author":{"name":"Luzimara Fernandes","@id":"https:\/\/jornalfatosenoticias.com.br\/#\/schema\/person\/d63837fa13ac8666eb9e74e0985d6f81"},"headline":"Nova resolu\u00e7\u00e3o do PT ataca Fl\u00e1vio Bolsonaro e mira Congresso, Master e Faria Lima","datePublished":"2026-03-17T19:04:31+00:00","dateModified":"2026-03-17T19:04:34+00:00","mainEntityOfPage":{"@id":"https:\/\/jornalfatosenoticias.com.br\/index.php\/2026\/03\/17\/nova-resolucao-do-pt-ataca-flavio-bolsonaro-e-mira-congresso-master-e-faria-lima\/"},"wordCount":643,"commentCount":0,"publisher":{"@id":"https:\/\/jornalfatosenoticias.com.br\/#organization"},"image":{"@id":"https:\/\/jornalfatosenoticias.com.br\/index.php\/2026\/03\/17\/nova-resolucao-do-pt-ataca-flavio-bolsonaro-e-mira-congresso-master-e-faria-lima\/#primaryimage"},"thumbnailUrl":"https:\/\/jornalfatosenoticias.com.br\/wp-content\/uploads\/2026\/03\/ataque-do-pt-a-bolsonaro_gettyimages.jpg","keywords":["Banco Central","Banco Master","corrup\u00e7\u00e3o do PT","Elei\u00e7\u00f5es 2026","Fl\u00e1vio Bolsonaro","Lula","PT"],"articleSection":["Pol\u00edtica"],"inLanguage":"pt-BR","potentialAction":[{"@type":"CommentAction","name":"Comment","target":["https:\/\/jornalfatosenoticias.com.br\/index.php\/2026\/03\/17\/nova-resolucao-do-pt-ataca-flavio-bolsonaro-e-mira-congresso-master-e-faria-lima\/#respond"]}]},{"@type":"WebPage","@id":"https:\/\/jornalfatosenoticias.com.br\/index.php\/2026\/03\/17\/nova-resolucao-do-pt-ataca-flavio-bolsonaro-e-mira-congresso-master-e-faria-lima\/","url":"https:\/\/jornalfatosenoticias.com.br\/index.php\/2026\/03\/17\/nova-resolucao-do-pt-ataca-flavio-bolsonaro-e-mira-congresso-master-e-faria-lima\/","name":"Nova resolu\u00e7\u00e3o do PT ataca Fl\u00e1vio Bolsonaro e mira Congresso, Master e Faria Lima - Jornal Fatos e Not\u00edcias","isPartOf":{"@id":"https:\/\/jornalfatosenoticias.com.br\/#website"},"primaryImageOfPage":{"@id":"https:\/\/jornalfatosenoticias.com.br\/index.php\/2026\/03\/17\/nova-resolucao-do-pt-ataca-flavio-bolsonaro-e-mira-congresso-master-e-faria-lima\/#primaryimage"},"image":{"@id":"https:\/\/jornalfatosenoticias.com.br\/index.php\/2026\/03\/17\/nova-resolucao-do-pt-ataca-flavio-bolsonaro-e-mira-congresso-master-e-faria-lima\/#primaryimage"},"thumbnailUrl":"https:\/\/jornalfatosenoticias.com.br\/wp-content\/uploads\/2026\/03\/ataque-do-pt-a-bolsonaro_gettyimages.jpg","datePublished":"2026-03-17T19:04:31+00:00","dateModified":"2026-03-17T19:04:34+00:00","breadcrumb":{"@id":"https:\/\/jornalfatosenoticias.com.br\/index.php\/2026\/03\/17\/nova-resolucao-do-pt-ataca-flavio-bolsonaro-e-mira-congresso-master-e-faria-lima\/#breadcrumb"},"inLanguage":"pt-BR","potentialAction":[{"@type":"ReadAction","target":["https:\/\/jornalfatosenoticias.com.br\/index.php\/2026\/03\/17\/nova-resolucao-do-pt-ataca-flavio-bolsonaro-e-mira-congresso-master-e-faria-lima\/"]}]},{"@type":"ImageObject","inLanguage":"pt-BR","@id":"https:\/\/jornalfatosenoticias.com.br\/index.php\/2026\/03\/17\/nova-resolucao-do-pt-ataca-flavio-bolsonaro-e-mira-congresso-master-e-faria-lima\/#primaryimage","url":"https:\/\/jornalfatosenoticias.com.br\/wp-content\/uploads\/2026\/03\/ataque-do-pt-a-bolsonaro_gettyimages.jpg","contentUrl":"https:\/\/jornalfatosenoticias.com.br\/wp-content\/uploads\/2026\/03\/ataque-do-pt-a-bolsonaro_gettyimages.jpg","width":612,"height":408,"caption":"Brazil's President Luiz Inacio Lula da Silva gestures during a press statement after meeting South African President Cyril Ramaphosa at the Planalto Palace in Brasilia, on March 9, 2026. (Photo by Evaristo Sa \/ AFP via Getty Images)"},{"@type":"BreadcrumbList","@id":"https:\/\/jornalfatosenoticias.com.br\/index.php\/2026\/03\/17\/nova-resolucao-do-pt-ataca-flavio-bolsonaro-e-mira-congresso-master-e-faria-lima\/#breadcrumb","itemListElement":[{"@type":"ListItem","position":1,"name":"In\u00edcio","item":"https:\/\/jornalfatosenoticias.com.br\/"},{"@type":"ListItem","position":2,"name":"Nova resolu\u00e7\u00e3o do PT ataca Fl\u00e1vio Bolsonaro e mira Congresso, Master e Faria Lima"}]},{"@type":"WebSite","@id":"https:\/\/jornalfatosenoticias.com.br\/#website","url":"https:\/\/jornalfatosenoticias.com.br\/","name":"Jornal Fatos e Not\u00edcias","description":"Not\u00edcias em geral","publisher":{"@id":"https:\/\/jornalfatosenoticias.com.br\/#organization"},"potentialAction":[{"@type":"SearchAction","target":{"@type":"EntryPoint","urlTemplate":"https:\/\/jornalfatosenoticias.com.br\/?s={search_term_string}"},"query-input":{"@type":"PropertyValueSpecification","valueRequired":true,"valueName":"search_term_string"}}],"inLanguage":"pt-BR"},{"@type":"Organization","@id":"https:\/\/jornalfatosenoticias.com.br\/#organization","name":"Jornal Fatos e Not\u00edcias","url":"https:\/\/jornalfatosenoticias.com.br\/","logo":{"@type":"ImageObject","inLanguage":"pt-BR","@id":"https:\/\/jornalfatosenoticias.com.br\/#\/schema\/logo\/image\/","url":"https:\/\/jornalfatosenoticias.com.br\/wp-content\/uploads\/2020\/02\/logo120.png","contentUrl":"https:\/\/jornalfatosenoticias.com.br\/wp-content\/uploads\/2020\/02\/logo120.png","width":1227,"height":120,"caption":"Jornal Fatos e Not\u00edcias"},"image":{"@id":"https:\/\/jornalfatosenoticias.com.br\/#\/schema\/logo\/image\/"}},{"@type":"Person","@id":"https:\/\/jornalfatosenoticias.com.br\/#\/schema\/person\/d63837fa13ac8666eb9e74e0985d6f81","name":"Luzimara Fernandes","image":{"@type":"ImageObject","inLanguage":"pt-BR","@id":"https:\/\/jornalfatosenoticias.com.br\/#\/schema\/person\/image\/","url":"https:\/\/jornalfatosenoticias.com.br\/wp-content\/uploads\/2025\/05\/EU_portal.jpg","contentUrl":"https:\/\/jornalfatosenoticias.com.br\/wp-content\/uploads\/2025\/05\/EU_portal.jpg","caption":"Luzimara Fernandes"},"description":"Jornalista MTB 2358-ES","sameAs":["https:\/\/jornalfatosenoticias.com.br"],"url":"https:\/\/jornalfatosenoticias.com.br\/index.php\/author\/luzimara\/"}]}},"cc_featured_image_caption":{"caption_text":"(Foto: Getty Images)","source_text":"","source_url":""},"jetpack_featured_media_url":"https:\/\/jornalfatosenoticias.com.br\/wp-content\/uploads\/2026\/03\/ataque-do-pt-a-bolsonaro_gettyimages.jpg","_links":{"self":[{"href":"https:\/\/jornalfatosenoticias.com.br\/index.php\/wp-json\/wp\/v2\/posts\/65984","targetHints":{"allow":["GET"]}}],"collection":[{"href":"https:\/\/jornalfatosenoticias.com.br\/index.php\/wp-json\/wp\/v2\/posts"}],"about":[{"href":"https:\/\/jornalfatosenoticias.com.br\/index.php\/wp-json\/wp\/v2\/types\/post"}],"author":[{"embeddable":true,"href":"https:\/\/jornalfatosenoticias.com.br\/index.php\/wp-json\/wp\/v2\/users\/2"}],"replies":[{"embeddable":true,"href":"https:\/\/jornalfatosenoticias.com.br\/index.php\/wp-json\/wp\/v2\/comments?post=65984"}],"version-history":[{"count":1,"href":"https:\/\/jornalfatosenoticias.com.br\/index.php\/wp-json\/wp\/v2\/posts\/65984\/revisions"}],"predecessor-version":[{"id":65986,"href":"https:\/\/jornalfatosenoticias.com.br\/index.php\/wp-json\/wp\/v2\/posts\/65984\/revisions\/65986"}],"wp:featuredmedia":[{"embeddable":true,"href":"https:\/\/jornalfatosenoticias.com.br\/index.php\/wp-json\/wp\/v2\/media\/65985"}],"wp:attachment":[{"href":"https:\/\/jornalfatosenoticias.com.br\/index.php\/wp-json\/wp\/v2\/media?parent=65984"}],"wp:term":[{"taxonomy":"category","embeddable":true,"href":"https:\/\/jornalfatosenoticias.com.br\/index.php\/wp-json\/wp\/v2\/categories?post=65984"},{"taxonomy":"post_tag","embeddable":true,"href":"https:\/\/jornalfatosenoticias.com.br\/index.php\/wp-json\/wp\/v2\/tags?post=65984"}],"curies":[{"name":"wp","href":"https:\/\/api.w.org\/{rel}","templated":true}]}}