{"id":6632,"date":"2020-07-20T17:14:03","date_gmt":"2020-07-20T20:14:03","guid":{"rendered":"https:\/\/jornalfatosenoticias.com.br\/?p=6632"},"modified":"2020-07-20T17:14:07","modified_gmt":"2020-07-20T20:14:07","slug":"laboratorio-de-producao-audiovisual-abre-chamada-para-jovens-da-periferia","status":"publish","type":"post","link":"https:\/\/jornalfatosenoticias.com.br\/index.php\/2020\/07\/20\/laboratorio-de-producao-audiovisual-abre-chamada-para-jovens-da-periferia\/","title":{"rendered":"Laborat\u00f3rio de produ\u00e7\u00e3o audiovisual abre chamada para jovens da periferia"},"content":{"rendered":"\n<h6 class=\"wp-block-heading\"><em>O Mov.Lab selecionar\u00e1 20 jovens da Grande Vit\u00f3ria que participar\u00e3o da produ\u00e7\u00e3o de um videoclipe com o rapper capixaba Vk Mac<\/em><\/h6>\n\n\n\n<p>O olhar da juventude para a cidade e o local onde vivem ser\u00e3o enredo para o MoV.Lab, laborat\u00f3rio imersivo de produ\u00e7\u00e3o de conte\u00fado audiovisual que faz parte da programa\u00e7\u00e3o do 2\u00ba MoV.Cidade (Mostra de Criatividade e Sustentabilidade Urbana de Vit\u00f3ria). A iniciativa vai abrir edital de chamada e selecionar 20 jovens da periferia da Grande Vit\u00f3ria, nesta segunda-feira (20), at\u00e9 o dia 07 de agosto pelo site <a href=\"http:\/\/www.movcidade.com.br\/\">www.movcidade.com.br<\/a>.<br>A produ\u00e7\u00e3o do conte\u00fado audiovisual ser\u00e1 orientada por profissionais do mercado capixaba, por meio de uma plataforma digital com conte\u00fados gravados sobre roteiriza\u00e7\u00e3o, produ\u00e7\u00e3o, edi\u00e7\u00e3o, monetiza\u00e7\u00e3o, redes sociais e muito mais. As aulas on-line ser\u00e3o divididas em cinco m\u00f3dulos, com mais de 20 horas de aprendizado e troca de conhecimentos. Os participantes receber\u00e3o ainda o incentivo de R$ 500 para a realiza\u00e7\u00e3o das atividades.<br>Os jovens selecionados pela curadoria do festival ter\u00e3o a miss\u00e3o de gravar a dist\u00e2ncia um videoclipe com o rapper capixaba Vk Mac. Os alunos ser\u00e3o codiretores do clipe e v\u00e3o produzir conte\u00fados que mostrem a criatividade audiovisual no meio urbano, criando, assim, uma conex\u00e3o com os territ\u00f3rios onde moram. O videoclipe ser\u00e1 divulgado nas redes sociais do MoV.Cidade e tamb\u00e9m no MoV.On, plataforma de streaming do evento, que ser\u00e1 lan\u00e7ada em setembro para a exibi\u00e7\u00e3o on-line da mostra.<br>O MoV.Lab \u00e9 uma iniciativa do MoV.Cidade com foco na produ\u00e7\u00e3o de conte\u00fado audiovisual on-line por jovens em situa\u00e7\u00e3o de vulnerabilidade social. Para participa\u00e7\u00e3o, os jovens devem ter comprovadamente entre 18 e 29 anos de idade e alguma experi\u00eancia com a produ\u00e7\u00e3o audiovisual. A produtora executiva do laborat\u00f3rio Lu\u00edsa Costa destaca que o objetivo da a\u00e7\u00e3o \u00e9 de fomentar o conhecimento e o empoderamento profissional por meio de experi\u00eancias pr\u00e1ticas e te\u00f3ricas do audiovisual. \u201cAcreditamos que as viv\u00eancias dos alunos s\u00e3o a base para o desenvolvimento da pluralidade criativa e para o despertar por novos neg\u00f3cios e iniciativas\u201d, ressalta Lu\u00edsa Costa.<br>O MoV.Cidade tamb\u00e9m abre, nesta segunda-feira (20), inscri\u00e7\u00f5es para a categoria de V\u00eddeo Caseiro. Os conte\u00fados escolhidos pela curadoria ser\u00e3o premiados com valores que chegam a R$ 3 mil. Os v\u00eddeos devem trazer tem\u00e1tica sobre a rela\u00e7\u00e3o das pessoas com os centros urbanos, sobretudo neste per\u00edodo de pandemia. As inscri\u00e7\u00f5es tamb\u00e9m s\u00e3o pelo site do evento at\u00e9 o dia 07 de agosto.<\/p>\n\n\n\n<p><strong><em>Fonte: <a href=\"https:\/\/secult.es.gov.br\/Not%C3%ADcia\/laboratorio-de-producao-audiovisual-abre-chamada-para-jovens-da-periferia\">Secult-ES<\/a><\/em><\/strong><\/p>\n","protected":false},"excerpt":{"rendered":"<p>O Mov.Lab selecionar\u00e1 20 jovens da Grande Vit\u00f3ria que participar\u00e3o da produ\u00e7\u00e3o de um videoclipe com o rapper capixaba Vk Mac O olhar da juventude para a cidade e o local onde vivem ser\u00e3o enredo para o MoV.Lab, laborat\u00f3rio imersivo de produ\u00e7\u00e3o de conte\u00fado audiovisual que faz parte da programa\u00e7\u00e3o do 2\u00ba MoV.Cidade (Mostra de [&hellip;]<\/p>\n","protected":false},"author":2,"featured_media":6633,"comment_status":"open","ping_status":"open","sticky":false,"template":"","format":"standard","meta":{"footnotes":""},"categories":[4],"tags":[412,3498,3862,3863,3865],"class_list":["post-6632","post","type-post","status-publish","format-standard","has-post-thumbnail","hentry","category-cultura","tag-criatividade","tag-jovens","tag-mov-lab","tag-periferia","tag-producao-audiovisual"],"yoast_head":"<!-- This site is optimized with the Yoast SEO plugin v26.5 - https:\/\/yoast.com\/wordpress\/plugins\/seo\/ -->\n<title>Laborat\u00f3rio de produ\u00e7\u00e3o audiovisual abre chamada para jovens da periferia - Jornal Fatos e Not\u00edcias<\/title>\n<meta name=\"robots\" content=\"index, follow, max-snippet:-1, max-image-preview:large, max-video-preview:-1\" \/>\n<link rel=\"canonical\" href=\"https:\/\/jornalfatosenoticias.com.br\/index.php\/2020\/07\/20\/laboratorio-de-producao-audiovisual-abre-chamada-para-jovens-da-periferia\/\" \/>\n<meta property=\"og:locale\" content=\"pt_BR\" \/>\n<meta property=\"og:type\" content=\"article\" \/>\n<meta property=\"og:title\" content=\"Laborat\u00f3rio de produ\u00e7\u00e3o audiovisual abre chamada para jovens da periferia - Jornal Fatos e Not\u00edcias\" \/>\n<meta property=\"og:description\" content=\"O Mov.Lab selecionar\u00e1 20 jovens da Grande Vit\u00f3ria que participar\u00e3o da produ\u00e7\u00e3o de um videoclipe com o rapper capixaba Vk Mac O olhar da juventude para a cidade e o local onde vivem ser\u00e3o enredo para o MoV.Lab, laborat\u00f3rio imersivo de produ\u00e7\u00e3o de conte\u00fado audiovisual que faz parte da programa\u00e7\u00e3o do 2\u00ba MoV.Cidade (Mostra de [&hellip;]\" \/>\n<meta property=\"og:url\" content=\"https:\/\/jornalfatosenoticias.com.br\/index.php\/2020\/07\/20\/laboratorio-de-producao-audiovisual-abre-chamada-para-jovens-da-periferia\/\" \/>\n<meta property=\"og:site_name\" content=\"Jornal Fatos e Not\u00edcias\" \/>\n<meta property=\"article:published_time\" content=\"2020-07-20T20:14:03+00:00\" \/>\n<meta property=\"article:modified_time\" content=\"2020-07-20T20:14:07+00:00\" \/>\n<meta property=\"og:image\" content=\"https:\/\/jornalfatosenoticias.com.br\/wp-content\/uploads\/2020\/07\/Grava\u00e7\u00e3o-MoV.Lab-Credito-Divulgacao-MoV.Cidade.jpeg\" \/>\n\t<meta property=\"og:image:width\" content=\"1000\" \/>\n\t<meta property=\"og:image:height\" content=\"667\" \/>\n\t<meta property=\"og:image:type\" content=\"image\/jpeg\" \/>\n<meta name=\"author\" content=\"Luzimara Fernandes\" \/>\n<meta name=\"twitter:card\" content=\"summary_large_image\" \/>\n<meta name=\"twitter:label1\" content=\"Escrito por\" \/>\n\t<meta name=\"twitter:data1\" content=\"Luzimara Fernandes\" \/>\n\t<meta name=\"twitter:label2\" content=\"Est. tempo de leitura\" \/>\n\t<meta name=\"twitter:data2\" content=\"2 minutos\" \/>\n<script type=\"application\/ld+json\" class=\"yoast-schema-graph\">{\"@context\":\"https:\/\/schema.org\",\"@graph\":[{\"@type\":\"Article\",\"@id\":\"https:\/\/jornalfatosenoticias.com.br\/index.php\/2020\/07\/20\/laboratorio-de-producao-audiovisual-abre-chamada-para-jovens-da-periferia\/#article\",\"isPartOf\":{\"@id\":\"https:\/\/jornalfatosenoticias.com.br\/index.php\/2020\/07\/20\/laboratorio-de-producao-audiovisual-abre-chamada-para-jovens-da-periferia\/\"},\"author\":{\"name\":\"Luzimara Fernandes\",\"@id\":\"https:\/\/jornalfatosenoticias.com.br\/#\/schema\/person\/d63837fa13ac8666eb9e74e0985d6f81\"},\"headline\":\"Laborat\u00f3rio de produ\u00e7\u00e3o audiovisual abre chamada para jovens da periferia\",\"datePublished\":\"2020-07-20T20:14:03+00:00\",\"dateModified\":\"2020-07-20T20:14:07+00:00\",\"mainEntityOfPage\":{\"@id\":\"https:\/\/jornalfatosenoticias.com.br\/index.php\/2020\/07\/20\/laboratorio-de-producao-audiovisual-abre-chamada-para-jovens-da-periferia\/\"},\"wordCount\":465,\"commentCount\":0,\"publisher\":{\"@id\":\"https:\/\/jornalfatosenoticias.com.br\/#organization\"},\"image\":{\"@id\":\"https:\/\/jornalfatosenoticias.com.br\/index.php\/2020\/07\/20\/laboratorio-de-producao-audiovisual-abre-chamada-para-jovens-da-periferia\/#primaryimage\"},\"thumbnailUrl\":\"https:\/\/jornalfatosenoticias.com.br\/wp-content\/uploads\/2020\/07\/Grava\u00e7\u00e3o-MoV.Lab-Credito-Divulgacao-MoV.Cidade.jpeg\",\"keywords\":[\"criatividade\",\"jovens\",\"Mov.Lab\",\"periferia\",\"produ\u00e7\u00e3o audiovisual\"],\"articleSection\":[\"Cultura\"],\"inLanguage\":\"pt-BR\",\"potentialAction\":[{\"@type\":\"CommentAction\",\"name\":\"Comment\",\"target\":[\"https:\/\/jornalfatosenoticias.com.br\/index.php\/2020\/07\/20\/laboratorio-de-producao-audiovisual-abre-chamada-para-jovens-da-periferia\/#respond\"]}]},{\"@type\":\"WebPage\",\"@id\":\"https:\/\/jornalfatosenoticias.com.br\/index.php\/2020\/07\/20\/laboratorio-de-producao-audiovisual-abre-chamada-para-jovens-da-periferia\/\",\"url\":\"https:\/\/jornalfatosenoticias.com.br\/index.php\/2020\/07\/20\/laboratorio-de-producao-audiovisual-abre-chamada-para-jovens-da-periferia\/\",\"name\":\"Laborat\u00f3rio de produ\u00e7\u00e3o audiovisual abre chamada para jovens da periferia - Jornal Fatos e Not\u00edcias\",\"isPartOf\":{\"@id\":\"https:\/\/jornalfatosenoticias.com.br\/#website\"},\"primaryImageOfPage\":{\"@id\":\"https:\/\/jornalfatosenoticias.com.br\/index.php\/2020\/07\/20\/laboratorio-de-producao-audiovisual-abre-chamada-para-jovens-da-periferia\/#primaryimage\"},\"image\":{\"@id\":\"https:\/\/jornalfatosenoticias.com.br\/index.php\/2020\/07\/20\/laboratorio-de-producao-audiovisual-abre-chamada-para-jovens-da-periferia\/#primaryimage\"},\"thumbnailUrl\":\"https:\/\/jornalfatosenoticias.com.br\/wp-content\/uploads\/2020\/07\/Grava\u00e7\u00e3o-MoV.Lab-Credito-Divulgacao-MoV.Cidade.jpeg\",\"datePublished\":\"2020-07-20T20:14:03+00:00\",\"dateModified\":\"2020-07-20T20:14:07+00:00\",\"breadcrumb\":{\"@id\":\"https:\/\/jornalfatosenoticias.com.br\/index.php\/2020\/07\/20\/laboratorio-de-producao-audiovisual-abre-chamada-para-jovens-da-periferia\/#breadcrumb\"},\"inLanguage\":\"pt-BR\",\"potentialAction\":[{\"@type\":\"ReadAction\",\"target\":[\"https:\/\/jornalfatosenoticias.com.br\/index.php\/2020\/07\/20\/laboratorio-de-producao-audiovisual-abre-chamada-para-jovens-da-periferia\/\"]}]},{\"@type\":\"ImageObject\",\"inLanguage\":\"pt-BR\",\"@id\":\"https:\/\/jornalfatosenoticias.com.br\/index.php\/2020\/07\/20\/laboratorio-de-producao-audiovisual-abre-chamada-para-jovens-da-periferia\/#primaryimage\",\"url\":\"https:\/\/jornalfatosenoticias.com.br\/wp-content\/uploads\/2020\/07\/Grava\u00e7\u00e3o-MoV.Lab-Credito-Divulgacao-MoV.Cidade.jpeg\",\"contentUrl\":\"https:\/\/jornalfatosenoticias.com.br\/wp-content\/uploads\/2020\/07\/Grava\u00e7\u00e3o-MoV.Lab-Credito-Divulgacao-MoV.Cidade.jpeg\",\"width\":1000,\"height\":667},{\"@type\":\"BreadcrumbList\",\"@id\":\"https:\/\/jornalfatosenoticias.com.br\/index.php\/2020\/07\/20\/laboratorio-de-producao-audiovisual-abre-chamada-para-jovens-da-periferia\/#breadcrumb\",\"itemListElement\":[{\"@type\":\"ListItem\",\"position\":1,\"name\":\"In\u00edcio\",\"item\":\"https:\/\/jornalfatosenoticias.com.br\/\"},{\"@type\":\"ListItem\",\"position\":2,\"name\":\"Laborat\u00f3rio de produ\u00e7\u00e3o audiovisual abre chamada para jovens da periferia\"}]},{\"@type\":\"WebSite\",\"@id\":\"https:\/\/jornalfatosenoticias.com.br\/#website\",\"url\":\"https:\/\/jornalfatosenoticias.com.br\/\",\"name\":\"Jornal Fatos e Not\u00edcias\",\"description\":\"Not\u00edcias em geral\",\"publisher\":{\"@id\":\"https:\/\/jornalfatosenoticias.com.br\/#organization\"},\"potentialAction\":[{\"@type\":\"SearchAction\",\"target\":{\"@type\":\"EntryPoint\",\"urlTemplate\":\"https:\/\/jornalfatosenoticias.com.br\/?s={search_term_string}\"},\"query-input\":{\"@type\":\"PropertyValueSpecification\",\"valueRequired\":true,\"valueName\":\"search_term_string\"}}],\"inLanguage\":\"pt-BR\"},{\"@type\":\"Organization\",\"@id\":\"https:\/\/jornalfatosenoticias.com.br\/#organization\",\"name\":\"Jornal Fatos e Not\u00edcias\",\"url\":\"https:\/\/jornalfatosenoticias.com.br\/\",\"logo\":{\"@type\":\"ImageObject\",\"inLanguage\":\"pt-BR\",\"@id\":\"https:\/\/jornalfatosenoticias.com.br\/#\/schema\/logo\/image\/\",\"url\":\"https:\/\/jornalfatosenoticias.com.br\/wp-content\/uploads\/2020\/02\/logo120.png\",\"contentUrl\":\"https:\/\/jornalfatosenoticias.com.br\/wp-content\/uploads\/2020\/02\/logo120.png\",\"width\":1227,\"height\":120,\"caption\":\"Jornal Fatos e Not\u00edcias\"},\"image\":{\"@id\":\"https:\/\/jornalfatosenoticias.com.br\/#\/schema\/logo\/image\/\"}},{\"@type\":\"Person\",\"@id\":\"https:\/\/jornalfatosenoticias.com.br\/#\/schema\/person\/d63837fa13ac8666eb9e74e0985d6f81\",\"name\":\"Luzimara Fernandes\",\"image\":{\"@type\":\"ImageObject\",\"inLanguage\":\"pt-BR\",\"@id\":\"https:\/\/jornalfatosenoticias.com.br\/#\/schema\/person\/image\/\",\"url\":\"https:\/\/jornalfatosenoticias.com.br\/wp-content\/uploads\/2025\/05\/EU_portal.jpg\",\"contentUrl\":\"https:\/\/jornalfatosenoticias.com.br\/wp-content\/uploads\/2025\/05\/EU_portal.jpg\",\"caption\":\"Luzimara Fernandes\"},\"description\":\"Jornalista MTB 2358-ES\",\"sameAs\":[\"https:\/\/jornalfatosenoticias.com.br\"],\"url\":\"https:\/\/jornalfatosenoticias.com.br\/index.php\/author\/luzimara\/\"}]}<\/script>\n<!-- \/ Yoast SEO plugin. -->","yoast_head_json":{"title":"Laborat\u00f3rio de produ\u00e7\u00e3o audiovisual abre chamada para jovens da periferia - Jornal Fatos e Not\u00edcias","robots":{"index":"index","follow":"follow","max-snippet":"max-snippet:-1","max-image-preview":"max-image-preview:large","max-video-preview":"max-video-preview:-1"},"canonical":"https:\/\/jornalfatosenoticias.com.br\/index.php\/2020\/07\/20\/laboratorio-de-producao-audiovisual-abre-chamada-para-jovens-da-periferia\/","og_locale":"pt_BR","og_type":"article","og_title":"Laborat\u00f3rio de produ\u00e7\u00e3o audiovisual abre chamada para jovens da periferia - Jornal Fatos e Not\u00edcias","og_description":"O Mov.Lab selecionar\u00e1 20 jovens da Grande Vit\u00f3ria que participar\u00e3o da produ\u00e7\u00e3o de um videoclipe com o rapper capixaba Vk Mac O olhar da juventude para a cidade e o local onde vivem ser\u00e3o enredo para o MoV.Lab, laborat\u00f3rio imersivo de produ\u00e7\u00e3o de conte\u00fado audiovisual que faz parte da programa\u00e7\u00e3o do 2\u00ba MoV.Cidade (Mostra de [&hellip;]","og_url":"https:\/\/jornalfatosenoticias.com.br\/index.php\/2020\/07\/20\/laboratorio-de-producao-audiovisual-abre-chamada-para-jovens-da-periferia\/","og_site_name":"Jornal Fatos e Not\u00edcias","article_published_time":"2020-07-20T20:14:03+00:00","article_modified_time":"2020-07-20T20:14:07+00:00","og_image":[{"width":1000,"height":667,"url":"https:\/\/jornalfatosenoticias.com.br\/wp-content\/uploads\/2020\/07\/Grava\u00e7\u00e3o-MoV.Lab-Credito-Divulgacao-MoV.Cidade.jpeg","type":"image\/jpeg"}],"author":"Luzimara Fernandes","twitter_card":"summary_large_image","twitter_misc":{"Escrito por":"Luzimara Fernandes","Est. tempo de leitura":"2 minutos"},"schema":{"@context":"https:\/\/schema.org","@graph":[{"@type":"Article","@id":"https:\/\/jornalfatosenoticias.com.br\/index.php\/2020\/07\/20\/laboratorio-de-producao-audiovisual-abre-chamada-para-jovens-da-periferia\/#article","isPartOf":{"@id":"https:\/\/jornalfatosenoticias.com.br\/index.php\/2020\/07\/20\/laboratorio-de-producao-audiovisual-abre-chamada-para-jovens-da-periferia\/"},"author":{"name":"Luzimara Fernandes","@id":"https:\/\/jornalfatosenoticias.com.br\/#\/schema\/person\/d63837fa13ac8666eb9e74e0985d6f81"},"headline":"Laborat\u00f3rio de produ\u00e7\u00e3o audiovisual abre chamada para jovens da periferia","datePublished":"2020-07-20T20:14:03+00:00","dateModified":"2020-07-20T20:14:07+00:00","mainEntityOfPage":{"@id":"https:\/\/jornalfatosenoticias.com.br\/index.php\/2020\/07\/20\/laboratorio-de-producao-audiovisual-abre-chamada-para-jovens-da-periferia\/"},"wordCount":465,"commentCount":0,"publisher":{"@id":"https:\/\/jornalfatosenoticias.com.br\/#organization"},"image":{"@id":"https:\/\/jornalfatosenoticias.com.br\/index.php\/2020\/07\/20\/laboratorio-de-producao-audiovisual-abre-chamada-para-jovens-da-periferia\/#primaryimage"},"thumbnailUrl":"https:\/\/jornalfatosenoticias.com.br\/wp-content\/uploads\/2020\/07\/Grava\u00e7\u00e3o-MoV.Lab-Credito-Divulgacao-MoV.Cidade.jpeg","keywords":["criatividade","jovens","Mov.Lab","periferia","produ\u00e7\u00e3o audiovisual"],"articleSection":["Cultura"],"inLanguage":"pt-BR","potentialAction":[{"@type":"CommentAction","name":"Comment","target":["https:\/\/jornalfatosenoticias.com.br\/index.php\/2020\/07\/20\/laboratorio-de-producao-audiovisual-abre-chamada-para-jovens-da-periferia\/#respond"]}]},{"@type":"WebPage","@id":"https:\/\/jornalfatosenoticias.com.br\/index.php\/2020\/07\/20\/laboratorio-de-producao-audiovisual-abre-chamada-para-jovens-da-periferia\/","url":"https:\/\/jornalfatosenoticias.com.br\/index.php\/2020\/07\/20\/laboratorio-de-producao-audiovisual-abre-chamada-para-jovens-da-periferia\/","name":"Laborat\u00f3rio de produ\u00e7\u00e3o audiovisual abre chamada para jovens da periferia - Jornal Fatos e Not\u00edcias","isPartOf":{"@id":"https:\/\/jornalfatosenoticias.com.br\/#website"},"primaryImageOfPage":{"@id":"https:\/\/jornalfatosenoticias.com.br\/index.php\/2020\/07\/20\/laboratorio-de-producao-audiovisual-abre-chamada-para-jovens-da-periferia\/#primaryimage"},"image":{"@id":"https:\/\/jornalfatosenoticias.com.br\/index.php\/2020\/07\/20\/laboratorio-de-producao-audiovisual-abre-chamada-para-jovens-da-periferia\/#primaryimage"},"thumbnailUrl":"https:\/\/jornalfatosenoticias.com.br\/wp-content\/uploads\/2020\/07\/Grava\u00e7\u00e3o-MoV.Lab-Credito-Divulgacao-MoV.Cidade.jpeg","datePublished":"2020-07-20T20:14:03+00:00","dateModified":"2020-07-20T20:14:07+00:00","breadcrumb":{"@id":"https:\/\/jornalfatosenoticias.com.br\/index.php\/2020\/07\/20\/laboratorio-de-producao-audiovisual-abre-chamada-para-jovens-da-periferia\/#breadcrumb"},"inLanguage":"pt-BR","potentialAction":[{"@type":"ReadAction","target":["https:\/\/jornalfatosenoticias.com.br\/index.php\/2020\/07\/20\/laboratorio-de-producao-audiovisual-abre-chamada-para-jovens-da-periferia\/"]}]},{"@type":"ImageObject","inLanguage":"pt-BR","@id":"https:\/\/jornalfatosenoticias.com.br\/index.php\/2020\/07\/20\/laboratorio-de-producao-audiovisual-abre-chamada-para-jovens-da-periferia\/#primaryimage","url":"https:\/\/jornalfatosenoticias.com.br\/wp-content\/uploads\/2020\/07\/Grava\u00e7\u00e3o-MoV.Lab-Credito-Divulgacao-MoV.Cidade.jpeg","contentUrl":"https:\/\/jornalfatosenoticias.com.br\/wp-content\/uploads\/2020\/07\/Grava\u00e7\u00e3o-MoV.Lab-Credito-Divulgacao-MoV.Cidade.jpeg","width":1000,"height":667},{"@type":"BreadcrumbList","@id":"https:\/\/jornalfatosenoticias.com.br\/index.php\/2020\/07\/20\/laboratorio-de-producao-audiovisual-abre-chamada-para-jovens-da-periferia\/#breadcrumb","itemListElement":[{"@type":"ListItem","position":1,"name":"In\u00edcio","item":"https:\/\/jornalfatosenoticias.com.br\/"},{"@type":"ListItem","position":2,"name":"Laborat\u00f3rio de produ\u00e7\u00e3o audiovisual abre chamada para jovens da periferia"}]},{"@type":"WebSite","@id":"https:\/\/jornalfatosenoticias.com.br\/#website","url":"https:\/\/jornalfatosenoticias.com.br\/","name":"Jornal Fatos e Not\u00edcias","description":"Not\u00edcias em geral","publisher":{"@id":"https:\/\/jornalfatosenoticias.com.br\/#organization"},"potentialAction":[{"@type":"SearchAction","target":{"@type":"EntryPoint","urlTemplate":"https:\/\/jornalfatosenoticias.com.br\/?s={search_term_string}"},"query-input":{"@type":"PropertyValueSpecification","valueRequired":true,"valueName":"search_term_string"}}],"inLanguage":"pt-BR"},{"@type":"Organization","@id":"https:\/\/jornalfatosenoticias.com.br\/#organization","name":"Jornal Fatos e Not\u00edcias","url":"https:\/\/jornalfatosenoticias.com.br\/","logo":{"@type":"ImageObject","inLanguage":"pt-BR","@id":"https:\/\/jornalfatosenoticias.com.br\/#\/schema\/logo\/image\/","url":"https:\/\/jornalfatosenoticias.com.br\/wp-content\/uploads\/2020\/02\/logo120.png","contentUrl":"https:\/\/jornalfatosenoticias.com.br\/wp-content\/uploads\/2020\/02\/logo120.png","width":1227,"height":120,"caption":"Jornal Fatos e Not\u00edcias"},"image":{"@id":"https:\/\/jornalfatosenoticias.com.br\/#\/schema\/logo\/image\/"}},{"@type":"Person","@id":"https:\/\/jornalfatosenoticias.com.br\/#\/schema\/person\/d63837fa13ac8666eb9e74e0985d6f81","name":"Luzimara Fernandes","image":{"@type":"ImageObject","inLanguage":"pt-BR","@id":"https:\/\/jornalfatosenoticias.com.br\/#\/schema\/person\/image\/","url":"https:\/\/jornalfatosenoticias.com.br\/wp-content\/uploads\/2025\/05\/EU_portal.jpg","contentUrl":"https:\/\/jornalfatosenoticias.com.br\/wp-content\/uploads\/2025\/05\/EU_portal.jpg","caption":"Luzimara Fernandes"},"description":"Jornalista MTB 2358-ES","sameAs":["https:\/\/jornalfatosenoticias.com.br"],"url":"https:\/\/jornalfatosenoticias.com.br\/index.php\/author\/luzimara\/"}]}},"cc_featured_image_caption":{"caption_text":"(Foto: Divulga\u00e7\u00e3o  MoV.Cidade)","source_text":"","source_url":""},"jetpack_featured_media_url":"https:\/\/jornalfatosenoticias.com.br\/wp-content\/uploads\/2020\/07\/Grava\u00e7\u00e3o-MoV.Lab-Credito-Divulgacao-MoV.Cidade.jpeg","_links":{"self":[{"href":"https:\/\/jornalfatosenoticias.com.br\/index.php\/wp-json\/wp\/v2\/posts\/6632","targetHints":{"allow":["GET"]}}],"collection":[{"href":"https:\/\/jornalfatosenoticias.com.br\/index.php\/wp-json\/wp\/v2\/posts"}],"about":[{"href":"https:\/\/jornalfatosenoticias.com.br\/index.php\/wp-json\/wp\/v2\/types\/post"}],"author":[{"embeddable":true,"href":"https:\/\/jornalfatosenoticias.com.br\/index.php\/wp-json\/wp\/v2\/users\/2"}],"replies":[{"embeddable":true,"href":"https:\/\/jornalfatosenoticias.com.br\/index.php\/wp-json\/wp\/v2\/comments?post=6632"}],"version-history":[{"count":0,"href":"https:\/\/jornalfatosenoticias.com.br\/index.php\/wp-json\/wp\/v2\/posts\/6632\/revisions"}],"wp:featuredmedia":[{"embeddable":true,"href":"https:\/\/jornalfatosenoticias.com.br\/index.php\/wp-json\/wp\/v2\/media\/6633"}],"wp:attachment":[{"href":"https:\/\/jornalfatosenoticias.com.br\/index.php\/wp-json\/wp\/v2\/media?parent=6632"}],"wp:term":[{"taxonomy":"category","embeddable":true,"href":"https:\/\/jornalfatosenoticias.com.br\/index.php\/wp-json\/wp\/v2\/categories?post=6632"},{"taxonomy":"post_tag","embeddable":true,"href":"https:\/\/jornalfatosenoticias.com.br\/index.php\/wp-json\/wp\/v2\/tags?post=6632"}],"curies":[{"name":"wp","href":"https:\/\/api.w.org\/{rel}","templated":true}]}}