{"id":66763,"date":"2026-04-29T15:49:39","date_gmt":"2026-04-29T18:49:39","guid":{"rendered":"https:\/\/jornalfatosenoticias.com.br\/?p=66763"},"modified":"2026-04-29T15:54:55","modified_gmt":"2026-04-29T18:54:55","slug":"cadastro-nacional-de-condenados-por-violencia-contra-mulheres-e-aprovado","status":"publish","type":"post","link":"https:\/\/jornalfatosenoticias.com.br\/index.php\/2026\/04\/29\/cadastro-nacional-de-condenados-por-violencia-contra-mulheres-e-aprovado\/","title":{"rendered":"Cadastro Nacional de Condenados por Viol\u00eancia contra Mulheres \u00e9 aprovado"},"content":{"rendered":"\n<p>O Cadastro Nacional de Pessoas Condenadas por Viol\u00eancia contra a Mulher foi aprovado em vota\u00e7\u00e3o simb\u00f3lica nesta ter\u00e7a-feira (28) no Plen\u00e1rio do Senado. O <a href=\"https:\/\/www25.senado.leg.br\/web\/atividade\/materias\/-\/materia\/164280\">PL 1.099\/2024<\/a> segue agora para san\u00e7\u00e3o presidencial.<br>O Cadastro Nacional de Condenados por Viol\u00eancia contra Mulheres \u00e9 um importante passo para o combate ao processo Continuado da viol\u00eancia contra a mulher, que tem seu \u00e1pice no Feminic\u00eddio. Precisa ser efetivado o acesso, com suas obstru\u00e7\u00f5es acobertadoras costumeiras, para que a norma perca a funcionalidade. Mas, urge tamb\u00e9m o cadastro nacional dos pedocriminosos, que \u00e9 t\u00e3o bem blindado para proteger esses predadores de crian\u00e7as.<\/p>\n\n\n\n<p>Leia mais em: <a href=\"https:\/\/www12.senado.leg.br\/noticias\/materias\/2026\/04\/28\/aprovado-cadastro-nacional-de-condenados-por-violencia-contra-mulheres\">https:\/\/www12.senado.leg.br\/noticias\/materias\/2026\/04\/28\/aprovado-cadastro-nacional-de-condenados-por-violencia-contra-mulheres<\/a> <\/p>\n\n\n<div class=\"wp-block-image\">\n<figure class=\"aligncenter size-large\"><a href=\"https:\/\/mizu.com.br\/\"><img loading=\"lazy\" decoding=\"async\" width=\"1024\" height=\"99\" src=\"https:\/\/jornalfatosenoticias.com.br\/wp-content\/uploads\/2020\/02\/Logo-Mizu-segunda-2-1024x99.png\" alt=\"\" class=\"wp-image-2353\" srcset=\"https:\/\/jornalfatosenoticias.com.br\/wp-content\/uploads\/2020\/02\/Logo-Mizu-segunda-2-1024x99.png 1024w, https:\/\/jornalfatosenoticias.com.br\/wp-content\/uploads\/2020\/02\/Logo-Mizu-segunda-2-300x29.png 300w, https:\/\/jornalfatosenoticias.com.br\/wp-content\/uploads\/2020\/02\/Logo-Mizu-segunda-2-768x74.png 768w, https:\/\/jornalfatosenoticias.com.br\/wp-content\/uploads\/2020\/02\/Logo-Mizu-segunda-2.png 1240w\" sizes=\"auto, (max-width: 1024px) 100vw, 1024px\" \/><\/a><\/figure>\n<\/div>","protected":false},"excerpt":{"rendered":"<p>O Cadastro Nacional de Pessoas Condenadas por Viol\u00eancia contra a Mulher foi aprovado em vota\u00e7\u00e3o simb\u00f3lica nesta ter\u00e7a-feira (28) no Plen\u00e1rio do Senado. O PL 1.099\/2024 segue agora para san\u00e7\u00e3o presidencial.O Cadastro Nacional de Condenados por Viol\u00eancia contra Mulheres \u00e9 um importante passo para o combate ao processo Continuado da viol\u00eancia contra a mulher, que [&hellip;]<\/p>\n","protected":false},"author":8,"featured_media":66764,"comment_status":"open","ping_status":"open","sticky":false,"template":"","format":"standard","meta":{"footnotes":""},"categories":[5],"tags":[30395,328,12121,4101,30394,2479,327],"class_list":["post-66763","post","type-post","status-publish","format-standard","has-post-thumbnail","hentry","category-geral","tag-comissao-de-constituicao-e-justica","tag-feminicidio","tag-plenario-do-senado","tag-seguranca-publica","tag-senadora-professora-dorinha-seabra","tag-violencia","tag-violencia-contra-a-mulher"],"yoast_head":"<!-- This site is optimized with the Yoast SEO plugin v26.5 - https:\/\/yoast.com\/wordpress\/plugins\/seo\/ -->\n<title>Cadastro Nacional de Condenados por Viol\u00eancia contra Mulheres \u00e9 aprovado - Jornal Fatos e Not\u00edcias<\/title>\n<meta name=\"robots\" content=\"index, follow, max-snippet:-1, max-image-preview:large, max-video-preview:-1\" \/>\n<link rel=\"canonical\" href=\"https:\/\/jornalfatosenoticias.com.br\/index.php\/2026\/04\/29\/cadastro-nacional-de-condenados-por-violencia-contra-mulheres-e-aprovado\/\" \/>\n<meta property=\"og:locale\" content=\"pt_BR\" \/>\n<meta property=\"og:type\" content=\"article\" \/>\n<meta property=\"og:title\" content=\"Cadastro Nacional de Condenados por Viol\u00eancia contra Mulheres \u00e9 aprovado - Jornal Fatos e Not\u00edcias\" \/>\n<meta property=\"og:description\" content=\"O Cadastro Nacional de Pessoas Condenadas por Viol\u00eancia contra a Mulher foi aprovado em vota\u00e7\u00e3o simb\u00f3lica nesta ter\u00e7a-feira (28) no Plen\u00e1rio do Senado. O PL 1.099\/2024 segue agora para san\u00e7\u00e3o presidencial.O Cadastro Nacional de Condenados por Viol\u00eancia contra Mulheres \u00e9 um importante passo para o combate ao processo Continuado da viol\u00eancia contra a mulher, que [&hellip;]\" \/>\n<meta property=\"og:url\" content=\"https:\/\/jornalfatosenoticias.com.br\/index.php\/2026\/04\/29\/cadastro-nacional-de-condenados-por-violencia-contra-mulheres-e-aprovado\/\" \/>\n<meta property=\"og:site_name\" content=\"Jornal Fatos e Not\u00edcias\" \/>\n<meta property=\"article:published_time\" content=\"2026-04-29T18:49:39+00:00\" \/>\n<meta property=\"article:modified_time\" content=\"2026-04-29T18:54:55+00:00\" \/>\n<meta property=\"og:image\" content=\"https:\/\/jornalfatosenoticias.com.br\/wp-content\/uploads\/2026\/04\/Cadastro-Nacional-de-Condenados-por-Violencia-contra-Mulheres.jpg\" \/>\n\t<meta property=\"og:image:width\" content=\"860\" \/>\n\t<meta property=\"og:image:height\" content=\"570\" \/>\n\t<meta property=\"og:image:type\" content=\"image\/jpeg\" \/>\n<meta name=\"author\" content=\"Ana Maria Iencarelli\" \/>\n<meta name=\"twitter:card\" content=\"summary_large_image\" \/>\n<meta name=\"twitter:label1\" content=\"Escrito por\" \/>\n\t<meta name=\"twitter:data1\" content=\"Ana Maria Iencarelli\" \/>\n\t<meta name=\"twitter:label2\" content=\"Est. tempo de leitura\" \/>\n\t<meta name=\"twitter:data2\" content=\"1 minuto\" \/>\n<script type=\"application\/ld+json\" class=\"yoast-schema-graph\">{\"@context\":\"https:\/\/schema.org\",\"@graph\":[{\"@type\":\"Article\",\"@id\":\"https:\/\/jornalfatosenoticias.com.br\/index.php\/2026\/04\/29\/cadastro-nacional-de-condenados-por-violencia-contra-mulheres-e-aprovado\/#article\",\"isPartOf\":{\"@id\":\"https:\/\/jornalfatosenoticias.com.br\/index.php\/2026\/04\/29\/cadastro-nacional-de-condenados-por-violencia-contra-mulheres-e-aprovado\/\"},\"author\":{\"name\":\"Ana Maria Iencarelli\",\"@id\":\"https:\/\/jornalfatosenoticias.com.br\/#\/schema\/person\/c33fcf5fb02d729d3fec92c6737a22d1\"},\"headline\":\"Cadastro Nacional de Condenados por Viol\u00eancia contra Mulheres \u00e9 aprovado\",\"datePublished\":\"2026-04-29T18:49:39+00:00\",\"dateModified\":\"2026-04-29T18:54:55+00:00\",\"mainEntityOfPage\":{\"@id\":\"https:\/\/jornalfatosenoticias.com.br\/index.php\/2026\/04\/29\/cadastro-nacional-de-condenados-por-violencia-contra-mulheres-e-aprovado\/\"},\"wordCount\":127,\"commentCount\":0,\"publisher\":{\"@id\":\"https:\/\/jornalfatosenoticias.com.br\/#organization\"},\"image\":{\"@id\":\"https:\/\/jornalfatosenoticias.com.br\/index.php\/2026\/04\/29\/cadastro-nacional-de-condenados-por-violencia-contra-mulheres-e-aprovado\/#primaryimage\"},\"thumbnailUrl\":\"https:\/\/jornalfatosenoticias.com.br\/wp-content\/uploads\/2026\/04\/Cadastro-Nacional-de-Condenados-por-Violencia-contra-Mulheres.jpg\",\"keywords\":[\"Comiss\u00e3o de Constitui\u00e7\u00e3o e Justi\u00e7a\",\"feminic\u00eddio\",\"Plen\u00e1rio do Senado\",\"seguran\u00e7a p\u00fablica\",\"senadora Professora Dorinha Seabra\",\"viol\u00eancia\",\"viol\u00eancia contra a mulher\"],\"articleSection\":[\"Geral\"],\"inLanguage\":\"pt-BR\",\"potentialAction\":[{\"@type\":\"CommentAction\",\"name\":\"Comment\",\"target\":[\"https:\/\/jornalfatosenoticias.com.br\/index.php\/2026\/04\/29\/cadastro-nacional-de-condenados-por-violencia-contra-mulheres-e-aprovado\/#respond\"]}]},{\"@type\":\"WebPage\",\"@id\":\"https:\/\/jornalfatosenoticias.com.br\/index.php\/2026\/04\/29\/cadastro-nacional-de-condenados-por-violencia-contra-mulheres-e-aprovado\/\",\"url\":\"https:\/\/jornalfatosenoticias.com.br\/index.php\/2026\/04\/29\/cadastro-nacional-de-condenados-por-violencia-contra-mulheres-e-aprovado\/\",\"name\":\"Cadastro Nacional de Condenados por Viol\u00eancia contra Mulheres \u00e9 aprovado - Jornal Fatos e Not\u00edcias\",\"isPartOf\":{\"@id\":\"https:\/\/jornalfatosenoticias.com.br\/#website\"},\"primaryImageOfPage\":{\"@id\":\"https:\/\/jornalfatosenoticias.com.br\/index.php\/2026\/04\/29\/cadastro-nacional-de-condenados-por-violencia-contra-mulheres-e-aprovado\/#primaryimage\"},\"image\":{\"@id\":\"https:\/\/jornalfatosenoticias.com.br\/index.php\/2026\/04\/29\/cadastro-nacional-de-condenados-por-violencia-contra-mulheres-e-aprovado\/#primaryimage\"},\"thumbnailUrl\":\"https:\/\/jornalfatosenoticias.com.br\/wp-content\/uploads\/2026\/04\/Cadastro-Nacional-de-Condenados-por-Violencia-contra-Mulheres.jpg\",\"datePublished\":\"2026-04-29T18:49:39+00:00\",\"dateModified\":\"2026-04-29T18:54:55+00:00\",\"breadcrumb\":{\"@id\":\"https:\/\/jornalfatosenoticias.com.br\/index.php\/2026\/04\/29\/cadastro-nacional-de-condenados-por-violencia-contra-mulheres-e-aprovado\/#breadcrumb\"},\"inLanguage\":\"pt-BR\",\"potentialAction\":[{\"@type\":\"ReadAction\",\"target\":[\"https:\/\/jornalfatosenoticias.com.br\/index.php\/2026\/04\/29\/cadastro-nacional-de-condenados-por-violencia-contra-mulheres-e-aprovado\/\"]}]},{\"@type\":\"ImageObject\",\"inLanguage\":\"pt-BR\",\"@id\":\"https:\/\/jornalfatosenoticias.com.br\/index.php\/2026\/04\/29\/cadastro-nacional-de-condenados-por-violencia-contra-mulheres-e-aprovado\/#primaryimage\",\"url\":\"https:\/\/jornalfatosenoticias.com.br\/wp-content\/uploads\/2026\/04\/Cadastro-Nacional-de-Condenados-por-Violencia-contra-Mulheres.jpg\",\"contentUrl\":\"https:\/\/jornalfatosenoticias.com.br\/wp-content\/uploads\/2026\/04\/Cadastro-Nacional-de-Condenados-por-Violencia-contra-Mulheres.jpg\",\"width\":860,\"height\":570},{\"@type\":\"BreadcrumbList\",\"@id\":\"https:\/\/jornalfatosenoticias.com.br\/index.php\/2026\/04\/29\/cadastro-nacional-de-condenados-por-violencia-contra-mulheres-e-aprovado\/#breadcrumb\",\"itemListElement\":[{\"@type\":\"ListItem\",\"position\":1,\"name\":\"In\u00edcio\",\"item\":\"https:\/\/jornalfatosenoticias.com.br\/\"},{\"@type\":\"ListItem\",\"position\":2,\"name\":\"Cadastro Nacional de Condenados por Viol\u00eancia contra Mulheres \u00e9 aprovado\"}]},{\"@type\":\"WebSite\",\"@id\":\"https:\/\/jornalfatosenoticias.com.br\/#website\",\"url\":\"https:\/\/jornalfatosenoticias.com.br\/\",\"name\":\"Jornal Fatos e Not\u00edcias\",\"description\":\"Not\u00edcias em geral\",\"publisher\":{\"@id\":\"https:\/\/jornalfatosenoticias.com.br\/#organization\"},\"potentialAction\":[{\"@type\":\"SearchAction\",\"target\":{\"@type\":\"EntryPoint\",\"urlTemplate\":\"https:\/\/jornalfatosenoticias.com.br\/?s={search_term_string}\"},\"query-input\":{\"@type\":\"PropertyValueSpecification\",\"valueRequired\":true,\"valueName\":\"search_term_string\"}}],\"inLanguage\":\"pt-BR\"},{\"@type\":\"Organization\",\"@id\":\"https:\/\/jornalfatosenoticias.com.br\/#organization\",\"name\":\"Jornal Fatos e Not\u00edcias\",\"url\":\"https:\/\/jornalfatosenoticias.com.br\/\",\"logo\":{\"@type\":\"ImageObject\",\"inLanguage\":\"pt-BR\",\"@id\":\"https:\/\/jornalfatosenoticias.com.br\/#\/schema\/logo\/image\/\",\"url\":\"https:\/\/jornalfatosenoticias.com.br\/wp-content\/uploads\/2020\/02\/logo120.png\",\"contentUrl\":\"https:\/\/jornalfatosenoticias.com.br\/wp-content\/uploads\/2020\/02\/logo120.png\",\"width\":1227,\"height\":120,\"caption\":\"Jornal Fatos e Not\u00edcias\"},\"image\":{\"@id\":\"https:\/\/jornalfatosenoticias.com.br\/#\/schema\/logo\/image\/\"}},{\"@type\":\"Person\",\"@id\":\"https:\/\/jornalfatosenoticias.com.br\/#\/schema\/person\/c33fcf5fb02d729d3fec92c6737a22d1\",\"name\":\"Ana Maria Iencarelli\",\"image\":{\"@type\":\"ImageObject\",\"inLanguage\":\"pt-BR\",\"@id\":\"https:\/\/jornalfatosenoticias.com.br\/#\/schema\/person\/image\/\",\"url\":\"https:\/\/jornalfatosenoticias.com.br\/wp-content\/uploads\/2020\/02\/Ana-Maria-Iencarelli-1-150x150.jpg\",\"contentUrl\":\"https:\/\/jornalfatosenoticias.com.br\/wp-content\/uploads\/2020\/02\/Ana-Maria-Iencarelli-1-150x150.jpg\",\"caption\":\"Ana Maria Iencarelli\"},\"description\":\"Psicanalista Cl\u00ednica, especializada no atendimento a Crian\u00e7as e Adolescentes. Presidente da ONG Vozes de Anjos.\",\"url\":\"https:\/\/jornalfatosenoticias.com.br\/index.php\/author\/anamaria\/\"}]}<\/script>\n<!-- \/ Yoast SEO plugin. -->","yoast_head_json":{"title":"Cadastro Nacional de Condenados por Viol\u00eancia contra Mulheres \u00e9 aprovado - Jornal Fatos e Not\u00edcias","robots":{"index":"index","follow":"follow","max-snippet":"max-snippet:-1","max-image-preview":"max-image-preview:large","max-video-preview":"max-video-preview:-1"},"canonical":"https:\/\/jornalfatosenoticias.com.br\/index.php\/2026\/04\/29\/cadastro-nacional-de-condenados-por-violencia-contra-mulheres-e-aprovado\/","og_locale":"pt_BR","og_type":"article","og_title":"Cadastro Nacional de Condenados por Viol\u00eancia contra Mulheres \u00e9 aprovado - Jornal Fatos e Not\u00edcias","og_description":"O Cadastro Nacional de Pessoas Condenadas por Viol\u00eancia contra a Mulher foi aprovado em vota\u00e7\u00e3o simb\u00f3lica nesta ter\u00e7a-feira (28) no Plen\u00e1rio do Senado. O PL 1.099\/2024 segue agora para san\u00e7\u00e3o presidencial.O Cadastro Nacional de Condenados por Viol\u00eancia contra Mulheres \u00e9 um importante passo para o combate ao processo Continuado da viol\u00eancia contra a mulher, que [&hellip;]","og_url":"https:\/\/jornalfatosenoticias.com.br\/index.php\/2026\/04\/29\/cadastro-nacional-de-condenados-por-violencia-contra-mulheres-e-aprovado\/","og_site_name":"Jornal Fatos e Not\u00edcias","article_published_time":"2026-04-29T18:49:39+00:00","article_modified_time":"2026-04-29T18:54:55+00:00","og_image":[{"width":860,"height":570,"url":"https:\/\/jornalfatosenoticias.com.br\/wp-content\/uploads\/2026\/04\/Cadastro-Nacional-de-Condenados-por-Violencia-contra-Mulheres.jpg","type":"image\/jpeg"}],"author":"Ana Maria Iencarelli","twitter_card":"summary_large_image","twitter_misc":{"Escrito por":"Ana Maria Iencarelli","Est. tempo de leitura":"1 minuto"},"schema":{"@context":"https:\/\/schema.org","@graph":[{"@type":"Article","@id":"https:\/\/jornalfatosenoticias.com.br\/index.php\/2026\/04\/29\/cadastro-nacional-de-condenados-por-violencia-contra-mulheres-e-aprovado\/#article","isPartOf":{"@id":"https:\/\/jornalfatosenoticias.com.br\/index.php\/2026\/04\/29\/cadastro-nacional-de-condenados-por-violencia-contra-mulheres-e-aprovado\/"},"author":{"name":"Ana Maria Iencarelli","@id":"https:\/\/jornalfatosenoticias.com.br\/#\/schema\/person\/c33fcf5fb02d729d3fec92c6737a22d1"},"headline":"Cadastro Nacional de Condenados por Viol\u00eancia contra Mulheres \u00e9 aprovado","datePublished":"2026-04-29T18:49:39+00:00","dateModified":"2026-04-29T18:54:55+00:00","mainEntityOfPage":{"@id":"https:\/\/jornalfatosenoticias.com.br\/index.php\/2026\/04\/29\/cadastro-nacional-de-condenados-por-violencia-contra-mulheres-e-aprovado\/"},"wordCount":127,"commentCount":0,"publisher":{"@id":"https:\/\/jornalfatosenoticias.com.br\/#organization"},"image":{"@id":"https:\/\/jornalfatosenoticias.com.br\/index.php\/2026\/04\/29\/cadastro-nacional-de-condenados-por-violencia-contra-mulheres-e-aprovado\/#primaryimage"},"thumbnailUrl":"https:\/\/jornalfatosenoticias.com.br\/wp-content\/uploads\/2026\/04\/Cadastro-Nacional-de-Condenados-por-Violencia-contra-Mulheres.jpg","keywords":["Comiss\u00e3o de Constitui\u00e7\u00e3o e Justi\u00e7a","feminic\u00eddio","Plen\u00e1rio do Senado","seguran\u00e7a p\u00fablica","senadora Professora Dorinha Seabra","viol\u00eancia","viol\u00eancia contra a mulher"],"articleSection":["Geral"],"inLanguage":"pt-BR","potentialAction":[{"@type":"CommentAction","name":"Comment","target":["https:\/\/jornalfatosenoticias.com.br\/index.php\/2026\/04\/29\/cadastro-nacional-de-condenados-por-violencia-contra-mulheres-e-aprovado\/#respond"]}]},{"@type":"WebPage","@id":"https:\/\/jornalfatosenoticias.com.br\/index.php\/2026\/04\/29\/cadastro-nacional-de-condenados-por-violencia-contra-mulheres-e-aprovado\/","url":"https:\/\/jornalfatosenoticias.com.br\/index.php\/2026\/04\/29\/cadastro-nacional-de-condenados-por-violencia-contra-mulheres-e-aprovado\/","name":"Cadastro Nacional de Condenados por Viol\u00eancia contra Mulheres \u00e9 aprovado - Jornal Fatos e Not\u00edcias","isPartOf":{"@id":"https:\/\/jornalfatosenoticias.com.br\/#website"},"primaryImageOfPage":{"@id":"https:\/\/jornalfatosenoticias.com.br\/index.php\/2026\/04\/29\/cadastro-nacional-de-condenados-por-violencia-contra-mulheres-e-aprovado\/#primaryimage"},"image":{"@id":"https:\/\/jornalfatosenoticias.com.br\/index.php\/2026\/04\/29\/cadastro-nacional-de-condenados-por-violencia-contra-mulheres-e-aprovado\/#primaryimage"},"thumbnailUrl":"https:\/\/jornalfatosenoticias.com.br\/wp-content\/uploads\/2026\/04\/Cadastro-Nacional-de-Condenados-por-Violencia-contra-Mulheres.jpg","datePublished":"2026-04-29T18:49:39+00:00","dateModified":"2026-04-29T18:54:55+00:00","breadcrumb":{"@id":"https:\/\/jornalfatosenoticias.com.br\/index.php\/2026\/04\/29\/cadastro-nacional-de-condenados-por-violencia-contra-mulheres-e-aprovado\/#breadcrumb"},"inLanguage":"pt-BR","potentialAction":[{"@type":"ReadAction","target":["https:\/\/jornalfatosenoticias.com.br\/index.php\/2026\/04\/29\/cadastro-nacional-de-condenados-por-violencia-contra-mulheres-e-aprovado\/"]}]},{"@type":"ImageObject","inLanguage":"pt-BR","@id":"https:\/\/jornalfatosenoticias.com.br\/index.php\/2026\/04\/29\/cadastro-nacional-de-condenados-por-violencia-contra-mulheres-e-aprovado\/#primaryimage","url":"https:\/\/jornalfatosenoticias.com.br\/wp-content\/uploads\/2026\/04\/Cadastro-Nacional-de-Condenados-por-Violencia-contra-Mulheres.jpg","contentUrl":"https:\/\/jornalfatosenoticias.com.br\/wp-content\/uploads\/2026\/04\/Cadastro-Nacional-de-Condenados-por-Violencia-contra-Mulheres.jpg","width":860,"height":570},{"@type":"BreadcrumbList","@id":"https:\/\/jornalfatosenoticias.com.br\/index.php\/2026\/04\/29\/cadastro-nacional-de-condenados-por-violencia-contra-mulheres-e-aprovado\/#breadcrumb","itemListElement":[{"@type":"ListItem","position":1,"name":"In\u00edcio","item":"https:\/\/jornalfatosenoticias.com.br\/"},{"@type":"ListItem","position":2,"name":"Cadastro Nacional de Condenados por Viol\u00eancia contra Mulheres \u00e9 aprovado"}]},{"@type":"WebSite","@id":"https:\/\/jornalfatosenoticias.com.br\/#website","url":"https:\/\/jornalfatosenoticias.com.br\/","name":"Jornal Fatos e Not\u00edcias","description":"Not\u00edcias em geral","publisher":{"@id":"https:\/\/jornalfatosenoticias.com.br\/#organization"},"potentialAction":[{"@type":"SearchAction","target":{"@type":"EntryPoint","urlTemplate":"https:\/\/jornalfatosenoticias.com.br\/?s={search_term_string}"},"query-input":{"@type":"PropertyValueSpecification","valueRequired":true,"valueName":"search_term_string"}}],"inLanguage":"pt-BR"},{"@type":"Organization","@id":"https:\/\/jornalfatosenoticias.com.br\/#organization","name":"Jornal Fatos e Not\u00edcias","url":"https:\/\/jornalfatosenoticias.com.br\/","logo":{"@type":"ImageObject","inLanguage":"pt-BR","@id":"https:\/\/jornalfatosenoticias.com.br\/#\/schema\/logo\/image\/","url":"https:\/\/jornalfatosenoticias.com.br\/wp-content\/uploads\/2020\/02\/logo120.png","contentUrl":"https:\/\/jornalfatosenoticias.com.br\/wp-content\/uploads\/2020\/02\/logo120.png","width":1227,"height":120,"caption":"Jornal Fatos e Not\u00edcias"},"image":{"@id":"https:\/\/jornalfatosenoticias.com.br\/#\/schema\/logo\/image\/"}},{"@type":"Person","@id":"https:\/\/jornalfatosenoticias.com.br\/#\/schema\/person\/c33fcf5fb02d729d3fec92c6737a22d1","name":"Ana Maria Iencarelli","image":{"@type":"ImageObject","inLanguage":"pt-BR","@id":"https:\/\/jornalfatosenoticias.com.br\/#\/schema\/person\/image\/","url":"https:\/\/jornalfatosenoticias.com.br\/wp-content\/uploads\/2020\/02\/Ana-Maria-Iencarelli-1-150x150.jpg","contentUrl":"https:\/\/jornalfatosenoticias.com.br\/wp-content\/uploads\/2020\/02\/Ana-Maria-Iencarelli-1-150x150.jpg","caption":"Ana Maria Iencarelli"},"description":"Psicanalista Cl\u00ednica, especializada no atendimento a Crian\u00e7as e Adolescentes. Presidente da ONG Vozes de Anjos.","url":"https:\/\/jornalfatosenoticias.com.br\/index.php\/author\/anamaria\/"}]}},"cc_featured_image_caption":{"caption_text":"(Foto: Waldemir Barreto\/Ag\u00eancia Senado)\r\n","source_text":"","source_url":""},"jetpack_featured_media_url":"https:\/\/jornalfatosenoticias.com.br\/wp-content\/uploads\/2026\/04\/Cadastro-Nacional-de-Condenados-por-Violencia-contra-Mulheres.jpg","_links":{"self":[{"href":"https:\/\/jornalfatosenoticias.com.br\/index.php\/wp-json\/wp\/v2\/posts\/66763","targetHints":{"allow":["GET"]}}],"collection":[{"href":"https:\/\/jornalfatosenoticias.com.br\/index.php\/wp-json\/wp\/v2\/posts"}],"about":[{"href":"https:\/\/jornalfatosenoticias.com.br\/index.php\/wp-json\/wp\/v2\/types\/post"}],"author":[{"embeddable":true,"href":"https:\/\/jornalfatosenoticias.com.br\/index.php\/wp-json\/wp\/v2\/users\/8"}],"replies":[{"embeddable":true,"href":"https:\/\/jornalfatosenoticias.com.br\/index.php\/wp-json\/wp\/v2\/comments?post=66763"}],"version-history":[{"count":2,"href":"https:\/\/jornalfatosenoticias.com.br\/index.php\/wp-json\/wp\/v2\/posts\/66763\/revisions"}],"predecessor-version":[{"id":66768,"href":"https:\/\/jornalfatosenoticias.com.br\/index.php\/wp-json\/wp\/v2\/posts\/66763\/revisions\/66768"}],"wp:featuredmedia":[{"embeddable":true,"href":"https:\/\/jornalfatosenoticias.com.br\/index.php\/wp-json\/wp\/v2\/media\/66764"}],"wp:attachment":[{"href":"https:\/\/jornalfatosenoticias.com.br\/index.php\/wp-json\/wp\/v2\/media?parent=66763"}],"wp:term":[{"taxonomy":"category","embeddable":true,"href":"https:\/\/jornalfatosenoticias.com.br\/index.php\/wp-json\/wp\/v2\/categories?post=66763"},{"taxonomy":"post_tag","embeddable":true,"href":"https:\/\/jornalfatosenoticias.com.br\/index.php\/wp-json\/wp\/v2\/tags?post=66763"}],"curies":[{"name":"wp","href":"https:\/\/api.w.org\/{rel}","templated":true}]}}