{"id":66769,"date":"2026-04-29T16:45:09","date_gmt":"2026-04-29T19:45:09","guid":{"rendered":"https:\/\/jornalfatosenoticias.com.br\/?p=66769"},"modified":"2026-04-29T16:45:11","modified_gmt":"2026-04-29T19:45:11","slug":"mais-uma-lei-de-protecao-de-homens-travestida-de-protecao-a-crianca","status":"publish","type":"post","link":"https:\/\/jornalfatosenoticias.com.br\/index.php\/2026\/04\/29\/mais-uma-lei-de-protecao-de-homens-travestida-de-protecao-a-crianca\/","title":{"rendered":"Mais uma lei de prote\u00e7\u00e3o de homens, travestida de prote\u00e7\u00e3o \u00e0 crian\u00e7a"},"content":{"rendered":"\n<p><em><mark style=\"background-color:rgba(0, 0, 0, 0)\" class=\"has-inline-color has-black-color\">Mais uma manobra jur\u00eddica muito bem-articulada politicamente. Disfar\u00e7ada em banho de bondade e empatia. Envelopada em comovente apresenta\u00e7\u00e3o enganosa<\/mark><\/em><\/p>\n\n\n\n<p>\u00c9 f\u00e1cil pegar uma \u00e1rea sens\u00edvel e dizer que \u00e9 para proteger a crian\u00e7a. Esse \u00e9 um Direito que est\u00e1 sendo garantido para os homens, os genitores, que v\u00e3o reivindicar a conviv\u00eancia coercitiva das crian\u00e7as. \u00c9 para legalizar o Direito do genitor nocivo com seus filhos para perpetrar suas pr\u00e1ticas. N\u00e3o apresentaram a fala conhecida de uma das psic\u00f3logas que defende que a crian\u00e7a \u00e9 obrigada a conviver com o genitor que abusa sexualmente dela, porque \u00e9 mais importante a conviv\u00eancia do que a viol\u00eancia sexual. Entenda-se como viol\u00eancia todo gesto, palavra, car\u00edcia ou a pr\u00e1tica de masturba\u00e7\u00e3o ou sexo oral, que, ali\u00e1s, \u00e9 desconsiderado como nocivo pela referida \u201cespecialista\u201d. Todos esses comportamentos est\u00e3o contidos, tipificados, no conceito jur\u00eddico de Estupro de Vulner\u00e1vel. Porque todos os tipos, da car\u00edcia de leve, passando pelas lambidas, at\u00e9 a penetra\u00e7\u00e3o, a digital e a peniana, vaginal ou anal, s\u00e3o adoecedores e prejudicam o desenvolvimento saud\u00e1vel de maneira perene.<br>Desviar a aten\u00e7\u00e3o para esse tema, \u201cabandono afetivo\u201d, uma falta que comove, \u00e9 uma manobra para esfriar a demanda, cada vez maior, pela Revoga\u00e7\u00e3o da lei de aliena\u00e7\u00e3o parental. Lei que serve de manto para o abrigo de pedocriminosos. Lei negacionista do sofrimento de crian\u00e7as que, por ela, s\u00e3o condenadas \u00e0 Priva\u00e7\u00e3o Materna Judicial. Lei que cont\u00e9m, em seu bojo, a Viol\u00eancia Institucional e a Viol\u00eancia Vic\u00e1ria perpetrada pelo Estado. A lei do abandono afetivo chega em tempo de aliviar a agonia que sentimos ao lermos, como escrevi acima, as aberra\u00e7\u00f5es de comportamento que em nenhum lugar se encaixam. Como sossegar depois de escutar que esses tipos de estupro s\u00e3o praticados em beb\u00eas, e, gravados em v\u00eddeo e negociados, bem negociados. Ganha-se muito dinheiro com esses v\u00eddeos.<br>Falar de pedopornografia provoca n\u00e1useas, nojos, revolta, produz ins\u00f4nia ou pesadelos. Enquanto que falar de abandono afetivo convida \u00e0 empatia, o que fica imposs\u00edvel quando nos confrontamos com as aberra\u00e7\u00f5es perversas. H\u00e1 uma rejei\u00e7\u00e3o pelo autor da atrocidade, mas h\u00e1 tamb\u00e9m uma rejei\u00e7\u00e3o pela crian\u00e7a, como se a empatia por ela fosse, de alguma maneira, nos contaminar. \u00c9 preciso dizer tamb\u00e9m que esse tipo de conte\u00fado desperta, n\u00e3o raro, os dem\u00f4nios adormecidos em nossa mente. Sim, pode ser que tenhamos alguns e que, uma vez despertados, eles fiquem rodopiando no nosso imagin\u00e1rio. E, como um sinal de alerta, nos afastamos da como\u00e7\u00e3o em rela\u00e7\u00e3o \u00e0 crian\u00e7a. \u00c9 o momento que apontamos culpados, a mais cl\u00e1ssica, a m\u00e3e. Onde ela estava? Por que n\u00e3o impediu? Ser\u00e1 que sabia e permitia? Etc., etc., etc.<\/p>\n\n\n<div class=\"wp-block-image\">\n<figure class=\"aligncenter size-full\"><a href=\"https:\/\/www.cesconetto.com.br\/\"><img loading=\"lazy\" decoding=\"async\" width=\"300\" height=\"250\" src=\"https:\/\/jornalfatosenoticias.com.br\/wp-content\/uploads\/2020\/02\/Banner-2.png\" alt=\"\" class=\"wp-image-43787\"\/><\/a><\/figure>\n<\/div>\n\n\n<p>Assim, o convite para a troca de crime, parece muito sedutor. Reclamar de pai que abandonou o afeto pelo filho, estamos falando de abra\u00e7os, beijinhos, colos, elogios, cuidados que foram subtra\u00eddos. N\u00e3o estou minimizando a import\u00e2ncia de uma presen\u00e7a afetiva cuidadora e respons\u00e1vel. Muito longe disso. Considero a dimens\u00e3o do afeto no desenvolvimento saud\u00e1vel de uma crian\u00e7a. \u00c9 ineg\u00e1vel.<br>No entanto, sabemos que a dosimetria judicializada do afeto n\u00e3o \u00e9 poss\u00edvel mensurar. Vamos medir e pesar o afeto quando a situa\u00e7\u00e3o \u00e9 intrafamiliar, \u00e9 dentro de casa? Quantos pais, por diversas raz\u00f5es, s\u00e3o pouqu\u00edssimos ou nada afetivos com seus filhos, fazendo-os sentir as mesmas dores que os que tiveram um afastamento concreto?<br>Ser\u00e1 que a justi\u00e7a vai obrigar os 70% dos pais das crian\u00e7as microcef\u00e1licas em consequ\u00eancia do v\u00edrus da Zica, que largaram para traz seus filhos, severamente sequelados? Ser\u00e1 que a justi\u00e7a vai procurar e trazer de volta, ou multar, ou prender, os pais das crian\u00e7as que s\u00e3o criadas pelas m\u00e3es solo no Brasil? S\u00e3o alguns milh\u00f5es que, ao ouvirem a not\u00edcia da gravidez da mulher, tomam a estrada para bem longe.<\/p>\n\n\n<div class=\"wp-block-image\">\n<figure class=\"aligncenter size-full is-resized\"><img loading=\"lazy\" decoding=\"async\" width=\"728\" height=\"728\" src=\"https:\/\/jornalfatosenoticias.com.br\/wp-content\/uploads\/2026\/04\/abuso-infantil_pinterest.jpg\" alt=\"\" class=\"wp-image-66770\" style=\"width:728px;height:auto\" srcset=\"https:\/\/jornalfatosenoticias.com.br\/wp-content\/uploads\/2026\/04\/abuso-infantil_pinterest.jpg 728w, https:\/\/jornalfatosenoticias.com.br\/wp-content\/uploads\/2026\/04\/abuso-infantil_pinterest-300x300.jpg 300w, https:\/\/jornalfatosenoticias.com.br\/wp-content\/uploads\/2026\/04\/abuso-infantil_pinterest-150x150.jpg 150w\" sizes=\"auto, (max-width: 728px) 100vw, 728px\" \/><figcaption class=\"wp-element-caption\"><em><mark style=\"background-color:rgba(0, 0, 0, 0)\" class=\"has-inline-color has-black-color\">(Foto: Pinterest)<\/mark><\/em><\/figcaption><\/figure>\n<\/div>\n\n\n<p>Ser\u00e1 que a justi\u00e7a vai obrigar a conviv\u00eancia do filho de um pai que deposita, pontualmente, uma pens\u00e3o aliment\u00edcia farta, contanto que aquela crian\u00e7a nunca venha a ser conhecida pela fam\u00edlia, esposa e filhos? S\u00e3o homens poderosos, que prezam e pagam pela imagem social de \u201cfam\u00edlia perfeita\u201d. A justi\u00e7a vai se comover com o abandono afetivo dessas crian\u00e7as?<br>Ser\u00e1 que a justi\u00e7a acredita mesmo que na condu\u00e7\u00e3o coercitiva do afeto, ela conseguir\u00e1 evitar o abandono afetivo? Ser\u00e1 que h\u00e1 como se obrigar algu\u00e9m a gostar de algu\u00e9m? Afeto \u00e9 gostar.<br>N\u00e3o posso deixar de pensar que essa lei que n\u00e3o vai servir aos abandonos, deve ter outra serventia. Ainda mais vendo quem e como est\u00e1 sendo publicitada, justamente, agora, a <strong><a href=\"https:\/\/www2.camara.leg.br\/legin\/fed\/lei\/2025\/lei-15240-28-outubro-2025-798199-publicacaooriginal-176854-pl.html\">Lei 15.240\/2025<\/a><\/strong>. A sensibiliza\u00e7\u00e3o, a como\u00e7\u00e3o da popula\u00e7\u00e3o, \u00e9 uma ferramenta de marketing conhecida, e aparece quando a lei de aliena\u00e7\u00e3o parental se aproxima de sua justa e sofrida Revoga\u00e7\u00e3o, que tamb\u00e9m foi vendida como \u201cprote\u00e7\u00e3o para crian\u00e7a\u201d. E \u00e9 um desastre que tem levado crian\u00e7as desesperadas \u00e0 Idea\u00e7\u00e3o Suicida. Vou escrever sobre na pr\u00f3xima semana.<br>A lei do abandono afetivo tem como prop\u00f3sito fornecer um portal aos genitores agressores, f\u00edsicos, sexuais e vic\u00e1rios, porque obedientes \u00e0 lei, os predadores reivindicar\u00e3o o conv\u00edvio com seus filhos, suas v\u00edtimas. Eles dir\u00e3o que n\u00e3o querem \u201cabandonar\u201d, que est\u00e3o sendo obrigados ao afastamento \u201cinjusto\u201d, afinal eles s\u00e3o \u201c\u00f3timos pais\u201d. O problema \u00e9 a m\u00e3e que \u00e9 louca e implantou falsas mem\u00f3rias na crian\u00e7a. Como se implanta conte\u00fado sexual com descri\u00e7\u00e3o pormenorizada pela crian\u00e7a sem o desenvolvimento cognitivo para tal, isso \u00e9 s\u00f3 um detalhe sem import\u00e2ncia. De posse da lei, at\u00e9 os abusadores sexuais, ganhar\u00e3o as benesses sob os ausp\u00edcios do Estado. De uma s\u00f3 cajadada, derruba-se as MPU, medidas protetivas de urg\u00eancia de mulheres espancadas e crian\u00e7as abusadas. Um pulo para a invers\u00e3o de guarda.<\/p>\n\n\n<div class=\"wp-block-image\">\n<figure class=\"aligncenter size-full\"><img loading=\"lazy\" decoding=\"async\" width=\"500\" height=\"500\" src=\"https:\/\/jornalfatosenoticias.com.br\/wp-content\/uploads\/2026\/04\/abandono-infantil.png\" alt=\"\" class=\"wp-image-66771\" srcset=\"https:\/\/jornalfatosenoticias.com.br\/wp-content\/uploads\/2026\/04\/abandono-infantil.png 500w, https:\/\/jornalfatosenoticias.com.br\/wp-content\/uploads\/2026\/04\/abandono-infantil-300x300.png 300w, https:\/\/jornalfatosenoticias.com.br\/wp-content\/uploads\/2026\/04\/abandono-infantil-150x150.png 150w\" sizes=\"auto, (max-width: 500px) 100vw, 500px\" \/><\/figure>\n<\/div>","protected":false},"excerpt":{"rendered":"<p>Mais uma manobra jur\u00eddica muito bem-articulada politicamente. Disfar\u00e7ada em banho de bondade e empatia. Envelopada em comovente apresenta\u00e7\u00e3o enganosa \u00c9 f\u00e1cil pegar uma \u00e1rea sens\u00edvel e dizer que \u00e9 para proteger a crian\u00e7a. Esse \u00e9 um Direito que est\u00e1 sendo garantido para os homens, os genitores, que v\u00e3o reivindicar a conviv\u00eancia coercitiva das crian\u00e7as. \u00c9 [&hellip;]<\/p>\n","protected":false},"author":8,"featured_media":66772,"comment_status":"open","ping_status":"open","sticky":false,"template":"","format":"standard","meta":{"footnotes":""},"categories":[2522],"tags":[30288,2768,4401,1345,464,30398,30397,30396,2479],"class_list":["post-66769","post","type-post","status-publish","format-standard","has-post-thumbnail","hentry","category-comportamento","tag-abandono-afetivo","tag-abuso-sexual","tag-estupro-de-vulneravel","tag-justica","tag-lei","tag-pedocriminosos","tag-pedopornografia","tag-proteger-a-crianca","tag-violencia"],"yoast_head":"<!-- This site is optimized with the Yoast SEO plugin v26.5 - https:\/\/yoast.com\/wordpress\/plugins\/seo\/ -->\n<title>Mais uma lei de prote\u00e7\u00e3o de homens, travestida de prote\u00e7\u00e3o \u00e0 crian\u00e7a - Jornal Fatos e Not\u00edcias<\/title>\n<meta name=\"robots\" content=\"index, follow, max-snippet:-1, max-image-preview:large, max-video-preview:-1\" \/>\n<link rel=\"canonical\" href=\"https:\/\/jornalfatosenoticias.com.br\/index.php\/2026\/04\/29\/mais-uma-lei-de-protecao-de-homens-travestida-de-protecao-a-crianca\/\" \/>\n<meta property=\"og:locale\" content=\"pt_BR\" \/>\n<meta property=\"og:type\" content=\"article\" \/>\n<meta property=\"og:title\" content=\"Mais uma lei de prote\u00e7\u00e3o de homens, travestida de prote\u00e7\u00e3o \u00e0 crian\u00e7a - Jornal Fatos e Not\u00edcias\" \/>\n<meta property=\"og:description\" content=\"Mais uma manobra jur\u00eddica muito bem-articulada politicamente. Disfar\u00e7ada em banho de bondade e empatia. Envelopada em comovente apresenta\u00e7\u00e3o enganosa \u00c9 f\u00e1cil pegar uma \u00e1rea sens\u00edvel e dizer que \u00e9 para proteger a crian\u00e7a. Esse \u00e9 um Direito que est\u00e1 sendo garantido para os homens, os genitores, que v\u00e3o reivindicar a conviv\u00eancia coercitiva das crian\u00e7as. \u00c9 [&hellip;]\" \/>\n<meta property=\"og:url\" content=\"https:\/\/jornalfatosenoticias.com.br\/index.php\/2026\/04\/29\/mais-uma-lei-de-protecao-de-homens-travestida-de-protecao-a-crianca\/\" \/>\n<meta property=\"og:site_name\" content=\"Jornal Fatos e Not\u00edcias\" \/>\n<meta property=\"article:published_time\" content=\"2026-04-29T19:45:09+00:00\" \/>\n<meta property=\"article:modified_time\" content=\"2026-04-29T19:45:11+00:00\" \/>\n<meta property=\"og:image\" content=\"https:\/\/jornalfatosenoticias.com.br\/wp-content\/uploads\/2026\/04\/abandono-infantil_istock.jpg\" \/>\n\t<meta property=\"og:image:width\" content=\"612\" \/>\n\t<meta property=\"og:image:height\" content=\"407\" \/>\n\t<meta property=\"og:image:type\" content=\"image\/jpeg\" \/>\n<meta name=\"author\" content=\"Ana Maria Iencarelli\" \/>\n<meta name=\"twitter:card\" content=\"summary_large_image\" \/>\n<meta name=\"twitter:label1\" content=\"Escrito por\" \/>\n\t<meta name=\"twitter:data1\" content=\"Ana Maria Iencarelli\" \/>\n\t<meta name=\"twitter:label2\" content=\"Est. tempo de leitura\" \/>\n\t<meta name=\"twitter:data2\" content=\"6 minutos\" \/>\n<script type=\"application\/ld+json\" class=\"yoast-schema-graph\">{\"@context\":\"https:\/\/schema.org\",\"@graph\":[{\"@type\":\"Article\",\"@id\":\"https:\/\/jornalfatosenoticias.com.br\/index.php\/2026\/04\/29\/mais-uma-lei-de-protecao-de-homens-travestida-de-protecao-a-crianca\/#article\",\"isPartOf\":{\"@id\":\"https:\/\/jornalfatosenoticias.com.br\/index.php\/2026\/04\/29\/mais-uma-lei-de-protecao-de-homens-travestida-de-protecao-a-crianca\/\"},\"author\":{\"name\":\"Ana Maria Iencarelli\",\"@id\":\"https:\/\/jornalfatosenoticias.com.br\/#\/schema\/person\/c33fcf5fb02d729d3fec92c6737a22d1\"},\"headline\":\"Mais uma lei de prote\u00e7\u00e3o de homens, travestida de prote\u00e7\u00e3o \u00e0 crian\u00e7a\",\"datePublished\":\"2026-04-29T19:45:09+00:00\",\"dateModified\":\"2026-04-29T19:45:11+00:00\",\"mainEntityOfPage\":{\"@id\":\"https:\/\/jornalfatosenoticias.com.br\/index.php\/2026\/04\/29\/mais-uma-lei-de-protecao-de-homens-travestida-de-protecao-a-crianca\/\"},\"wordCount\":1046,\"commentCount\":0,\"publisher\":{\"@id\":\"https:\/\/jornalfatosenoticias.com.br\/#organization\"},\"image\":{\"@id\":\"https:\/\/jornalfatosenoticias.com.br\/index.php\/2026\/04\/29\/mais-uma-lei-de-protecao-de-homens-travestida-de-protecao-a-crianca\/#primaryimage\"},\"thumbnailUrl\":\"https:\/\/jornalfatosenoticias.com.br\/wp-content\/uploads\/2026\/04\/abandono-infantil_istock.jpg\",\"keywords\":[\"abandono afetivo\",\"abuso sexual\",\"estupro de vulner\u00e1vel\",\"justi\u00e7a\",\"lei\",\"pedocriminosos\",\"pedopornografia\",\"proteger \u00e0 crian\u00e7a\",\"viol\u00eancia\"],\"articleSection\":[\"Comportamento &amp; Equil\u00edbrio\"],\"inLanguage\":\"pt-BR\",\"potentialAction\":[{\"@type\":\"CommentAction\",\"name\":\"Comment\",\"target\":[\"https:\/\/jornalfatosenoticias.com.br\/index.php\/2026\/04\/29\/mais-uma-lei-de-protecao-de-homens-travestida-de-protecao-a-crianca\/#respond\"]}]},{\"@type\":\"WebPage\",\"@id\":\"https:\/\/jornalfatosenoticias.com.br\/index.php\/2026\/04\/29\/mais-uma-lei-de-protecao-de-homens-travestida-de-protecao-a-crianca\/\",\"url\":\"https:\/\/jornalfatosenoticias.com.br\/index.php\/2026\/04\/29\/mais-uma-lei-de-protecao-de-homens-travestida-de-protecao-a-crianca\/\",\"name\":\"Mais uma lei de prote\u00e7\u00e3o de homens, travestida de prote\u00e7\u00e3o \u00e0 crian\u00e7a - Jornal Fatos e Not\u00edcias\",\"isPartOf\":{\"@id\":\"https:\/\/jornalfatosenoticias.com.br\/#website\"},\"primaryImageOfPage\":{\"@id\":\"https:\/\/jornalfatosenoticias.com.br\/index.php\/2026\/04\/29\/mais-uma-lei-de-protecao-de-homens-travestida-de-protecao-a-crianca\/#primaryimage\"},\"image\":{\"@id\":\"https:\/\/jornalfatosenoticias.com.br\/index.php\/2026\/04\/29\/mais-uma-lei-de-protecao-de-homens-travestida-de-protecao-a-crianca\/#primaryimage\"},\"thumbnailUrl\":\"https:\/\/jornalfatosenoticias.com.br\/wp-content\/uploads\/2026\/04\/abandono-infantil_istock.jpg\",\"datePublished\":\"2026-04-29T19:45:09+00:00\",\"dateModified\":\"2026-04-29T19:45:11+00:00\",\"breadcrumb\":{\"@id\":\"https:\/\/jornalfatosenoticias.com.br\/index.php\/2026\/04\/29\/mais-uma-lei-de-protecao-de-homens-travestida-de-protecao-a-crianca\/#breadcrumb\"},\"inLanguage\":\"pt-BR\",\"potentialAction\":[{\"@type\":\"ReadAction\",\"target\":[\"https:\/\/jornalfatosenoticias.com.br\/index.php\/2026\/04\/29\/mais-uma-lei-de-protecao-de-homens-travestida-de-protecao-a-crianca\/\"]}]},{\"@type\":\"ImageObject\",\"inLanguage\":\"pt-BR\",\"@id\":\"https:\/\/jornalfatosenoticias.com.br\/index.php\/2026\/04\/29\/mais-uma-lei-de-protecao-de-homens-travestida-de-protecao-a-crianca\/#primaryimage\",\"url\":\"https:\/\/jornalfatosenoticias.com.br\/wp-content\/uploads\/2026\/04\/abandono-infantil_istock.jpg\",\"contentUrl\":\"https:\/\/jornalfatosenoticias.com.br\/wp-content\/uploads\/2026\/04\/abandono-infantil_istock.jpg\",\"width\":612,\"height\":407,\"caption\":\"A young girl who is a victim of domestic violence walks a street alone and cuddles her teddy bear\"},{\"@type\":\"BreadcrumbList\",\"@id\":\"https:\/\/jornalfatosenoticias.com.br\/index.php\/2026\/04\/29\/mais-uma-lei-de-protecao-de-homens-travestida-de-protecao-a-crianca\/#breadcrumb\",\"itemListElement\":[{\"@type\":\"ListItem\",\"position\":1,\"name\":\"In\u00edcio\",\"item\":\"https:\/\/jornalfatosenoticias.com.br\/\"},{\"@type\":\"ListItem\",\"position\":2,\"name\":\"Mais uma lei de prote\u00e7\u00e3o de homens, travestida de prote\u00e7\u00e3o \u00e0 crian\u00e7a\"}]},{\"@type\":\"WebSite\",\"@id\":\"https:\/\/jornalfatosenoticias.com.br\/#website\",\"url\":\"https:\/\/jornalfatosenoticias.com.br\/\",\"name\":\"Jornal Fatos e Not\u00edcias\",\"description\":\"Not\u00edcias em geral\",\"publisher\":{\"@id\":\"https:\/\/jornalfatosenoticias.com.br\/#organization\"},\"potentialAction\":[{\"@type\":\"SearchAction\",\"target\":{\"@type\":\"EntryPoint\",\"urlTemplate\":\"https:\/\/jornalfatosenoticias.com.br\/?s={search_term_string}\"},\"query-input\":{\"@type\":\"PropertyValueSpecification\",\"valueRequired\":true,\"valueName\":\"search_term_string\"}}],\"inLanguage\":\"pt-BR\"},{\"@type\":\"Organization\",\"@id\":\"https:\/\/jornalfatosenoticias.com.br\/#organization\",\"name\":\"Jornal Fatos e Not\u00edcias\",\"url\":\"https:\/\/jornalfatosenoticias.com.br\/\",\"logo\":{\"@type\":\"ImageObject\",\"inLanguage\":\"pt-BR\",\"@id\":\"https:\/\/jornalfatosenoticias.com.br\/#\/schema\/logo\/image\/\",\"url\":\"https:\/\/jornalfatosenoticias.com.br\/wp-content\/uploads\/2020\/02\/logo120.png\",\"contentUrl\":\"https:\/\/jornalfatosenoticias.com.br\/wp-content\/uploads\/2020\/02\/logo120.png\",\"width\":1227,\"height\":120,\"caption\":\"Jornal Fatos e Not\u00edcias\"},\"image\":{\"@id\":\"https:\/\/jornalfatosenoticias.com.br\/#\/schema\/logo\/image\/\"}},{\"@type\":\"Person\",\"@id\":\"https:\/\/jornalfatosenoticias.com.br\/#\/schema\/person\/c33fcf5fb02d729d3fec92c6737a22d1\",\"name\":\"Ana Maria Iencarelli\",\"image\":{\"@type\":\"ImageObject\",\"inLanguage\":\"pt-BR\",\"@id\":\"https:\/\/jornalfatosenoticias.com.br\/#\/schema\/person\/image\/\",\"url\":\"https:\/\/jornalfatosenoticias.com.br\/wp-content\/uploads\/2020\/02\/Ana-Maria-Iencarelli-1-150x150.jpg\",\"contentUrl\":\"https:\/\/jornalfatosenoticias.com.br\/wp-content\/uploads\/2020\/02\/Ana-Maria-Iencarelli-1-150x150.jpg\",\"caption\":\"Ana Maria Iencarelli\"},\"description\":\"Psicanalista Cl\u00ednica, especializada no atendimento a Crian\u00e7as e Adolescentes. Presidente da ONG Vozes de Anjos.\",\"url\":\"https:\/\/jornalfatosenoticias.com.br\/index.php\/author\/anamaria\/\"}]}<\/script>\n<!-- \/ Yoast SEO plugin. -->","yoast_head_json":{"title":"Mais uma lei de prote\u00e7\u00e3o de homens, travestida de prote\u00e7\u00e3o \u00e0 crian\u00e7a - Jornal Fatos e Not\u00edcias","robots":{"index":"index","follow":"follow","max-snippet":"max-snippet:-1","max-image-preview":"max-image-preview:large","max-video-preview":"max-video-preview:-1"},"canonical":"https:\/\/jornalfatosenoticias.com.br\/index.php\/2026\/04\/29\/mais-uma-lei-de-protecao-de-homens-travestida-de-protecao-a-crianca\/","og_locale":"pt_BR","og_type":"article","og_title":"Mais uma lei de prote\u00e7\u00e3o de homens, travestida de prote\u00e7\u00e3o \u00e0 crian\u00e7a - Jornal Fatos e Not\u00edcias","og_description":"Mais uma manobra jur\u00eddica muito bem-articulada politicamente. Disfar\u00e7ada em banho de bondade e empatia. Envelopada em comovente apresenta\u00e7\u00e3o enganosa \u00c9 f\u00e1cil pegar uma \u00e1rea sens\u00edvel e dizer que \u00e9 para proteger a crian\u00e7a. Esse \u00e9 um Direito que est\u00e1 sendo garantido para os homens, os genitores, que v\u00e3o reivindicar a conviv\u00eancia coercitiva das crian\u00e7as. \u00c9 [&hellip;]","og_url":"https:\/\/jornalfatosenoticias.com.br\/index.php\/2026\/04\/29\/mais-uma-lei-de-protecao-de-homens-travestida-de-protecao-a-crianca\/","og_site_name":"Jornal Fatos e Not\u00edcias","article_published_time":"2026-04-29T19:45:09+00:00","article_modified_time":"2026-04-29T19:45:11+00:00","og_image":[{"width":612,"height":407,"url":"https:\/\/jornalfatosenoticias.com.br\/wp-content\/uploads\/2026\/04\/abandono-infantil_istock.jpg","type":"image\/jpeg"}],"author":"Ana Maria Iencarelli","twitter_card":"summary_large_image","twitter_misc":{"Escrito por":"Ana Maria Iencarelli","Est. tempo de leitura":"6 minutos"},"schema":{"@context":"https:\/\/schema.org","@graph":[{"@type":"Article","@id":"https:\/\/jornalfatosenoticias.com.br\/index.php\/2026\/04\/29\/mais-uma-lei-de-protecao-de-homens-travestida-de-protecao-a-crianca\/#article","isPartOf":{"@id":"https:\/\/jornalfatosenoticias.com.br\/index.php\/2026\/04\/29\/mais-uma-lei-de-protecao-de-homens-travestida-de-protecao-a-crianca\/"},"author":{"name":"Ana Maria Iencarelli","@id":"https:\/\/jornalfatosenoticias.com.br\/#\/schema\/person\/c33fcf5fb02d729d3fec92c6737a22d1"},"headline":"Mais uma lei de prote\u00e7\u00e3o de homens, travestida de prote\u00e7\u00e3o \u00e0 crian\u00e7a","datePublished":"2026-04-29T19:45:09+00:00","dateModified":"2026-04-29T19:45:11+00:00","mainEntityOfPage":{"@id":"https:\/\/jornalfatosenoticias.com.br\/index.php\/2026\/04\/29\/mais-uma-lei-de-protecao-de-homens-travestida-de-protecao-a-crianca\/"},"wordCount":1046,"commentCount":0,"publisher":{"@id":"https:\/\/jornalfatosenoticias.com.br\/#organization"},"image":{"@id":"https:\/\/jornalfatosenoticias.com.br\/index.php\/2026\/04\/29\/mais-uma-lei-de-protecao-de-homens-travestida-de-protecao-a-crianca\/#primaryimage"},"thumbnailUrl":"https:\/\/jornalfatosenoticias.com.br\/wp-content\/uploads\/2026\/04\/abandono-infantil_istock.jpg","keywords":["abandono afetivo","abuso sexual","estupro de vulner\u00e1vel","justi\u00e7a","lei","pedocriminosos","pedopornografia","proteger \u00e0 crian\u00e7a","viol\u00eancia"],"articleSection":["Comportamento &amp; Equil\u00edbrio"],"inLanguage":"pt-BR","potentialAction":[{"@type":"CommentAction","name":"Comment","target":["https:\/\/jornalfatosenoticias.com.br\/index.php\/2026\/04\/29\/mais-uma-lei-de-protecao-de-homens-travestida-de-protecao-a-crianca\/#respond"]}]},{"@type":"WebPage","@id":"https:\/\/jornalfatosenoticias.com.br\/index.php\/2026\/04\/29\/mais-uma-lei-de-protecao-de-homens-travestida-de-protecao-a-crianca\/","url":"https:\/\/jornalfatosenoticias.com.br\/index.php\/2026\/04\/29\/mais-uma-lei-de-protecao-de-homens-travestida-de-protecao-a-crianca\/","name":"Mais uma lei de prote\u00e7\u00e3o de homens, travestida de prote\u00e7\u00e3o \u00e0 crian\u00e7a - Jornal Fatos e Not\u00edcias","isPartOf":{"@id":"https:\/\/jornalfatosenoticias.com.br\/#website"},"primaryImageOfPage":{"@id":"https:\/\/jornalfatosenoticias.com.br\/index.php\/2026\/04\/29\/mais-uma-lei-de-protecao-de-homens-travestida-de-protecao-a-crianca\/#primaryimage"},"image":{"@id":"https:\/\/jornalfatosenoticias.com.br\/index.php\/2026\/04\/29\/mais-uma-lei-de-protecao-de-homens-travestida-de-protecao-a-crianca\/#primaryimage"},"thumbnailUrl":"https:\/\/jornalfatosenoticias.com.br\/wp-content\/uploads\/2026\/04\/abandono-infantil_istock.jpg","datePublished":"2026-04-29T19:45:09+00:00","dateModified":"2026-04-29T19:45:11+00:00","breadcrumb":{"@id":"https:\/\/jornalfatosenoticias.com.br\/index.php\/2026\/04\/29\/mais-uma-lei-de-protecao-de-homens-travestida-de-protecao-a-crianca\/#breadcrumb"},"inLanguage":"pt-BR","potentialAction":[{"@type":"ReadAction","target":["https:\/\/jornalfatosenoticias.com.br\/index.php\/2026\/04\/29\/mais-uma-lei-de-protecao-de-homens-travestida-de-protecao-a-crianca\/"]}]},{"@type":"ImageObject","inLanguage":"pt-BR","@id":"https:\/\/jornalfatosenoticias.com.br\/index.php\/2026\/04\/29\/mais-uma-lei-de-protecao-de-homens-travestida-de-protecao-a-crianca\/#primaryimage","url":"https:\/\/jornalfatosenoticias.com.br\/wp-content\/uploads\/2026\/04\/abandono-infantil_istock.jpg","contentUrl":"https:\/\/jornalfatosenoticias.com.br\/wp-content\/uploads\/2026\/04\/abandono-infantil_istock.jpg","width":612,"height":407,"caption":"A young girl who is a victim of domestic violence walks a street alone and cuddles her teddy bear"},{"@type":"BreadcrumbList","@id":"https:\/\/jornalfatosenoticias.com.br\/index.php\/2026\/04\/29\/mais-uma-lei-de-protecao-de-homens-travestida-de-protecao-a-crianca\/#breadcrumb","itemListElement":[{"@type":"ListItem","position":1,"name":"In\u00edcio","item":"https:\/\/jornalfatosenoticias.com.br\/"},{"@type":"ListItem","position":2,"name":"Mais uma lei de prote\u00e7\u00e3o de homens, travestida de prote\u00e7\u00e3o \u00e0 crian\u00e7a"}]},{"@type":"WebSite","@id":"https:\/\/jornalfatosenoticias.com.br\/#website","url":"https:\/\/jornalfatosenoticias.com.br\/","name":"Jornal Fatos e Not\u00edcias","description":"Not\u00edcias em geral","publisher":{"@id":"https:\/\/jornalfatosenoticias.com.br\/#organization"},"potentialAction":[{"@type":"SearchAction","target":{"@type":"EntryPoint","urlTemplate":"https:\/\/jornalfatosenoticias.com.br\/?s={search_term_string}"},"query-input":{"@type":"PropertyValueSpecification","valueRequired":true,"valueName":"search_term_string"}}],"inLanguage":"pt-BR"},{"@type":"Organization","@id":"https:\/\/jornalfatosenoticias.com.br\/#organization","name":"Jornal Fatos e Not\u00edcias","url":"https:\/\/jornalfatosenoticias.com.br\/","logo":{"@type":"ImageObject","inLanguage":"pt-BR","@id":"https:\/\/jornalfatosenoticias.com.br\/#\/schema\/logo\/image\/","url":"https:\/\/jornalfatosenoticias.com.br\/wp-content\/uploads\/2020\/02\/logo120.png","contentUrl":"https:\/\/jornalfatosenoticias.com.br\/wp-content\/uploads\/2020\/02\/logo120.png","width":1227,"height":120,"caption":"Jornal Fatos e Not\u00edcias"},"image":{"@id":"https:\/\/jornalfatosenoticias.com.br\/#\/schema\/logo\/image\/"}},{"@type":"Person","@id":"https:\/\/jornalfatosenoticias.com.br\/#\/schema\/person\/c33fcf5fb02d729d3fec92c6737a22d1","name":"Ana Maria Iencarelli","image":{"@type":"ImageObject","inLanguage":"pt-BR","@id":"https:\/\/jornalfatosenoticias.com.br\/#\/schema\/person\/image\/","url":"https:\/\/jornalfatosenoticias.com.br\/wp-content\/uploads\/2020\/02\/Ana-Maria-Iencarelli-1-150x150.jpg","contentUrl":"https:\/\/jornalfatosenoticias.com.br\/wp-content\/uploads\/2020\/02\/Ana-Maria-Iencarelli-1-150x150.jpg","caption":"Ana Maria Iencarelli"},"description":"Psicanalista Cl\u00ednica, especializada no atendimento a Crian\u00e7as e Adolescentes. Presidente da ONG Vozes de Anjos.","url":"https:\/\/jornalfatosenoticias.com.br\/index.php\/author\/anamaria\/"}]}},"cc_featured_image_caption":{"caption_text":"(Foto: iStock)","source_text":"","source_url":""},"jetpack_featured_media_url":"https:\/\/jornalfatosenoticias.com.br\/wp-content\/uploads\/2026\/04\/abandono-infantil_istock.jpg","_links":{"self":[{"href":"https:\/\/jornalfatosenoticias.com.br\/index.php\/wp-json\/wp\/v2\/posts\/66769","targetHints":{"allow":["GET"]}}],"collection":[{"href":"https:\/\/jornalfatosenoticias.com.br\/index.php\/wp-json\/wp\/v2\/posts"}],"about":[{"href":"https:\/\/jornalfatosenoticias.com.br\/index.php\/wp-json\/wp\/v2\/types\/post"}],"author":[{"embeddable":true,"href":"https:\/\/jornalfatosenoticias.com.br\/index.php\/wp-json\/wp\/v2\/users\/8"}],"replies":[{"embeddable":true,"href":"https:\/\/jornalfatosenoticias.com.br\/index.php\/wp-json\/wp\/v2\/comments?post=66769"}],"version-history":[{"count":1,"href":"https:\/\/jornalfatosenoticias.com.br\/index.php\/wp-json\/wp\/v2\/posts\/66769\/revisions"}],"predecessor-version":[{"id":66773,"href":"https:\/\/jornalfatosenoticias.com.br\/index.php\/wp-json\/wp\/v2\/posts\/66769\/revisions\/66773"}],"wp:featuredmedia":[{"embeddable":true,"href":"https:\/\/jornalfatosenoticias.com.br\/index.php\/wp-json\/wp\/v2\/media\/66772"}],"wp:attachment":[{"href":"https:\/\/jornalfatosenoticias.com.br\/index.php\/wp-json\/wp\/v2\/media?parent=66769"}],"wp:term":[{"taxonomy":"category","embeddable":true,"href":"https:\/\/jornalfatosenoticias.com.br\/index.php\/wp-json\/wp\/v2\/categories?post=66769"},{"taxonomy":"post_tag","embeddable":true,"href":"https:\/\/jornalfatosenoticias.com.br\/index.php\/wp-json\/wp\/v2\/tags?post=66769"}],"curies":[{"name":"wp","href":"https:\/\/api.w.org\/{rel}","templated":true}]}}