{"id":66777,"date":"2026-04-30T09:27:25","date_gmt":"2026-04-30T12:27:25","guid":{"rendered":"https:\/\/jornalfatosenoticias.com.br\/?p=66777"},"modified":"2026-04-30T09:27:27","modified_gmt":"2026-04-30T12:27:27","slug":"a-semana-no-brasil-e-no-mundo-senado-rejeita-jorge-messias-ao-stf-em-derrota-historica-para-lula","status":"publish","type":"post","link":"https:\/\/jornalfatosenoticias.com.br\/index.php\/2026\/04\/30\/a-semana-no-brasil-e-no-mundo-senado-rejeita-jorge-messias-ao-stf-em-derrota-historica-para-lula\/","title":{"rendered":"A Semana no Brasil e no Mundo \u2014 Senado rejeita Jorge Messias ao STF em derrota hist\u00f3rica para Lula"},"content":{"rendered":"\n<p>O Senado Federal rejeitou, na quarta-feira (29), a indica\u00e7\u00e3o do advogado-geral da Uni\u00e3o, Jorge Messias, ao Supremo Tribunal Federal. A decis\u00e3o marca um rev\u00e9s <a href=\"https:\/\/horabrasilia.com.br\/2026\/04\/urgente-senado-rejeita-jorge-messias-ao-stf-em-derrota-historica-para-lula\/#\">pol\u00edtico<\/a> relevante para Luiz In\u00e1cio Lula da Silva, que articulava a aprova\u00e7\u00e3o ap\u00f3s meses de resist\u00eancia no Congresso. Para ser confirmado, o indicado precisava de ao menos 41 votos no plen\u00e1rio \u2014 n\u00famero que n\u00e3o foi alcan\u00e7ado em vota\u00e7\u00e3o secreta.<br>A rejei\u00e7\u00e3o ocorre ap\u00f3s um processo prolongado de negocia\u00e7\u00e3o. A sabatina na Comiss\u00e3o de Constitui\u00e7\u00e3o e Justi\u00e7a (CCJ) durou cerca de oito horas e terminou com aprova\u00e7\u00e3o apertada (16 votos a 11), sinalizando desde ent\u00e3o um cen\u00e1rio adverso no plen\u00e1rio. Nos bastidores, o governo estimava contar com cerca de 45 votos favor\u00e1veis, enquanto a oposi\u00e7\u00e3o trabalhava com um bloco expressivo contr\u00e1rio, ampliando a incerteza sobre o resultado final.<br>Desde a indica\u00e7\u00e3o, em novembro do ano passado, o nome de Messias enfrentava resist\u00eancia, inclusive dentro do pr\u00f3prio Senado. O presidente da Casa, Davi Alcolumbre, defendia alternativas como o senador Rodrigo Pacheco para a vaga. Diante do risco de derrota, o Pal\u00e1cio do Planalto retardou o envio formal da indica\u00e7\u00e3o, que s\u00f3 foi oficializada em abril, numa tentativa de ganhar tempo e consolidar apoio pol\u00edtico \u2014 esfor\u00e7o que acabou frustrado.<br>Trata-se de um epis\u00f3dio raro na hist\u00f3ria institucional brasileira. O Senado n\u00e3o rejeitava um indicado ao STF h\u00e1 mais de um s\u00e9culo \u2014 as \u00faltimas recusas ocorreram ainda no governo de Floriano Peixoto, no fim do s\u00e9culo XIX. Messias era o terceiro nome indicado por Lula neste mandato, ap\u00f3s as aprova\u00e7\u00f5es de Cristiano Zanin e Fl\u00e1vio Dino. Com a rejei\u00e7\u00e3o, caber\u00e1 ao petista apresentar um novo indicado para a vaga na Suprema Corte. <strong>(Fonte: Hora Bras\u00edlia)<\/strong><\/p>\n\n\n<div class=\"wp-block-image\">\n<figure class=\"aligncenter size-full is-resized\"><a href=\"https:\/\/www.origestaofinanceira.com.br\/\"><img loading=\"lazy\" decoding=\"async\" width=\"841\" height=\"881\" src=\"https:\/\/jornalfatosenoticias.com.br\/wp-content\/uploads\/2020\/02\/Ori-Gestao-Financeira.jpeg\" alt=\"\" class=\"wp-image-64779\" style=\"aspect-ratio:0.9546132537822288;width:326px;height:auto\" srcset=\"https:\/\/jornalfatosenoticias.com.br\/wp-content\/uploads\/2020\/02\/Ori-Gestao-Financeira.jpeg 841w, https:\/\/jornalfatosenoticias.com.br\/wp-content\/uploads\/2020\/02\/Ori-Gestao-Financeira-286x300.jpeg 286w, https:\/\/jornalfatosenoticias.com.br\/wp-content\/uploads\/2020\/02\/Ori-Gestao-Financeira-768x805.jpeg 768w\" sizes=\"auto, (max-width: 841px) 100vw, 841px\" \/><\/a><\/figure>\n<\/div>\n\n\n<hr class=\"wp-block-separator has-alpha-channel-opacity\"\/>\n\n\n\n<h3 class=\"wp-block-heading\"><mark style=\"background-color:rgba(0, 0, 0, 0)\" class=\"has-inline-color has-black-color\">Imprensa internacional repercute rejei\u00e7\u00e3o a Messias no Senado: \u201cdura derrota para Lula\u201d<\/mark><\/h3>\n\n\n<div class=\"wp-block-image\">\n<figure class=\"aligncenter size-full is-resized\"><img loading=\"lazy\" decoding=\"async\" width=\"612\" height=\"408\" src=\"https:\/\/jornalfatosenoticias.com.br\/wp-content\/uploads\/2026\/04\/Jorge-Messias-internacional_gettyimages.jpg\" alt=\"\" class=\"wp-image-66782\" style=\"aspect-ratio:1.5000191490176553;width:831px;height:auto\" srcset=\"https:\/\/jornalfatosenoticias.com.br\/wp-content\/uploads\/2026\/04\/Jorge-Messias-internacional_gettyimages.jpg 612w, https:\/\/jornalfatosenoticias.com.br\/wp-content\/uploads\/2026\/04\/Jorge-Messias-internacional_gettyimages-300x200.jpg 300w\" sizes=\"auto, (max-width: 612px) 100vw, 612px\" \/><figcaption class=\"wp-element-caption\"><em><mark style=\"background-color:rgba(0, 0, 0, 0)\" class=\"has-inline-color has-black-color\">O advogado-geral da Uni\u00e3o, Jorge Messias, cuja indica\u00e7\u00e3o ao STF foi rejeitada pelo Senado (Foto: Getty Images)<\/mark><\/em><\/figcaption><\/figure>\n<\/div>\n\n\n<p><mark style=\"background-color:rgba(0, 0, 0, 0)\" class=\"has-inline-color has-black-color\">Por <strong><a href=\"https:\/\/www.gazetadopovo.com.br\/autor\/fabio-galao\/\">F\u00e1bio Gal\u00e3o<\/a><\/strong><br><\/mark>A imprensa internacional repercutiu a vota\u00e7\u00e3o no Senado <a href=\"https:\/\/www.gazetadopovo.com.br\/republica\/senado-rejeita-indicacao-de-jorge-messias-para-o-stf\/\">realizada na quarta-feira (29)<\/a> e na qual foi rejeitada a indica\u00e7\u00e3o do advogado-geral da Uni\u00e3o, Jorge Messias, ao Supremo Tribunal Federal (STF). Foram 34 votos favor\u00e1veis \u00e0 indica\u00e7\u00e3o, 42 contr\u00e1rios e uma absten\u00e7\u00e3o. Eram necess\u00e1rios, no m\u00ednimo, 41 votos favor\u00e1veis para que a indica\u00e7\u00e3o feita por Luiz In\u00e1cio Lula da Silva (PT) fosse aprovada. O jornal argentino Clar\u00edn destacou que Messias \u201c\u00e9 o primeiro indicado ao Supremo Tribunal Federal rejeitado pelo Senado em mais de cem anos\u201d \u2014 a \u00faltima vez que isso havia ocorrido havia sido em 1894.<\/p>\n\n\n\n<blockquote class=\"wp-block-quote is-layout-flow wp-block-quote-is-layout-flow\">\n<p><mark style=\"background-color:rgba(0, 0, 0, 0)\" class=\"has-inline-color has-luminous-vivid-orange-color\">Esse rev\u00e9s representa uma dura derrota para Lula e uma vit\u00f3ria para a oposi\u00e7\u00e3o, representada pelo senador e pr\u00e9-candidato \u00e0 presid\u00eancia Fl\u00e1vio Bolsonaro\u201d, acrescentou o peri\u00f3dico da Argentina.<\/mark><\/p>\n<\/blockquote>\n\n\n<div class=\"wp-block-image\">\n<figure class=\"aligncenter size-full is-resized\"><a href=\"https:\/\/www.instagram.com\/kalynecalais\/\"><img loading=\"lazy\" decoding=\"async\" width=\"969\" height=\"406\" src=\"https:\/\/jornalfatosenoticias.com.br\/wp-content\/uploads\/2024\/09\/Legis-Juris-Consultoria_logo.jpg\" alt=\"\" class=\"wp-image-53915\" style=\"aspect-ratio:2.3867874267448057;width:477px;height:auto\" srcset=\"https:\/\/jornalfatosenoticias.com.br\/wp-content\/uploads\/2024\/09\/Legis-Juris-Consultoria_logo.jpg 969w, https:\/\/jornalfatosenoticias.com.br\/wp-content\/uploads\/2024\/09\/Legis-Juris-Consultoria_logo-300x126.jpg 300w, https:\/\/jornalfatosenoticias.com.br\/wp-content\/uploads\/2024\/09\/Legis-Juris-Consultoria_logo-768x322.jpg 768w\" sizes=\"auto, (max-width: 969px) 100vw, 969px\" \/><\/a><\/figure>\n<\/div>\n\n\n<p>A ag\u00eancia espanhola EFE afirmou que, \u201cap\u00f3s o an\u00fancio do resultado, a oposi\u00e7\u00e3o de direita e centro-direita, que controla o Legislativo, comemorou a vit\u00f3ria com gritos de \u2018Rejeitado, rejeitado!\u2019\u201d.<\/p>\n\n\n\n<blockquote class=\"wp-block-quote is-layout-flow wp-block-quote-is-layout-flow\">\n<p><mark style=\"background-color:rgba(0, 0, 0, 0)\" class=\"has-inline-color has-luminous-vivid-orange-color\">Lula mant\u00e9m rela\u00e7\u00f5es tensas com o Legislativo e levou cinco meses para iniciar o processo de vota\u00e7\u00e3o, a fim de permitir tempo para longas negocia\u00e7\u00f5es que, no fim, se mostraram infrut\u00edferas\u201d, acrescentou a EFE.<\/mark><\/p>\n<\/blockquote>\n\n\n<div class=\"wp-block-image\">\n<figure class=\"aligncenter size-large is-resized\"><a href=\"https:\/\/www.instagram.com\/restaurantepegoretti\/\"><img loading=\"lazy\" decoding=\"async\" width=\"1024\" height=\"389\" src=\"https:\/\/jornalfatosenoticias.com.br\/wp-content\/uploads\/2023\/12\/pegoretti-logo-pdf-1024x389.jpg\" alt=\"\" class=\"wp-image-47536\" style=\"aspect-ratio:2.632455195377534;width:482px;height:auto\" srcset=\"https:\/\/jornalfatosenoticias.com.br\/wp-content\/uploads\/2023\/12\/pegoretti-logo-pdf-1024x389.jpg 1024w, https:\/\/jornalfatosenoticias.com.br\/wp-content\/uploads\/2023\/12\/pegoretti-logo-pdf-300x114.jpg 300w, https:\/\/jornalfatosenoticias.com.br\/wp-content\/uploads\/2023\/12\/pegoretti-logo-pdf-768x291.jpg 768w, https:\/\/jornalfatosenoticias.com.br\/wp-content\/uploads\/2023\/12\/pegoretti-logo-pdf.jpg 1120w\" sizes=\"auto, (max-width: 1024px) 100vw, 1024px\" \/><\/a><\/figure>\n<\/div>\n\n\n<p>A Reuters disse que a rejei\u00e7\u00e3o de Messias representou uma \u201cdura derrota\u201d para Lula. <em>\u201cA indica\u00e7\u00e3o de Messias enfrentou oposi\u00e7\u00e3o de senadores alinhados ao ex-presidente de direita Jair Bolsonaro e de alguns parlamentares pr\u00f3ximos a[o presidente do Senado, Davi] Alcolumbre, que havia apoiado o ex-presidente do Senado Rodrigo Pacheco para o cargo\u201d<\/em>, afirmou a ag\u00eancia brit\u00e2nica.<br>A Associated Press, por sua vez, disse que a vota\u00e7\u00e3o de quarta-feira traduz a rela\u00e7\u00e3o conturbada de Lula com o Legislativo, ao demonstrar \u201cque o veterano l\u00edder n\u00e3o \u00e9 popular entre muitos parlamentares importantes em sua busca pela reelei\u00e7\u00e3o\u201d. <em>\u201cO presidente do Brasil ter\u00e1 que indicar outra pessoa, que passar\u00e1 pelo mesmo escrut\u00ednio antes de uma nova vota\u00e7\u00e3o no Senado\u201d<\/em>, afirmou a ag\u00eancia americana. <strong>(Fonte: Gazeta do Povo)<\/strong><\/p>\n\n\n<div class=\"wp-block-image\">\n<figure class=\"aligncenter size-large is-resized\"><a href=\"https:\/\/www.facebook.com\/profile.php?id=100069289606145\"><img loading=\"lazy\" decoding=\"async\" width=\"1024\" height=\"714\" src=\"https:\/\/jornalfatosenoticias.com.br\/wp-content\/uploads\/2024\/11\/Guaitolini-Contabilidade-1024x714.jpeg\" alt=\"\" class=\"wp-image-55808\" style=\"aspect-ratio:1.4342119304236474;width:321px;height:auto\" srcset=\"https:\/\/jornalfatosenoticias.com.br\/wp-content\/uploads\/2024\/11\/Guaitolini-Contabilidade-1024x714.jpeg 1024w, https:\/\/jornalfatosenoticias.com.br\/wp-content\/uploads\/2024\/11\/Guaitolini-Contabilidade-300x209.jpeg 300w, https:\/\/jornalfatosenoticias.com.br\/wp-content\/uploads\/2024\/11\/Guaitolini-Contabilidade-768x535.jpeg 768w, https:\/\/jornalfatosenoticias.com.br\/wp-content\/uploads\/2024\/11\/Guaitolini-Contabilidade.jpeg 1280w\" sizes=\"auto, (max-width: 1024px) 100vw, 1024px\" \/><\/a><\/figure>\n<\/div>\n\n\n<hr class=\"wp-block-separator has-alpha-channel-opacity\"\/>\n\n\n\n<h3 class=\"wp-block-heading\"><mark style=\"background-color:rgba(0, 0, 0, 0)\" class=\"has-inline-color has-black-color\">Governo central registra rombo recorde de R$ 73,7 bilh\u00f5es em mar\u00e7o<\/mark><\/h3>\n\n\n<div class=\"wp-block-image\">\n<figure class=\"aligncenter size-full\"><img loading=\"lazy\" decoding=\"async\" width=\"780\" height=\"470\" src=\"https:\/\/jornalfatosenoticias.com.br\/wp-content\/uploads\/2026\/04\/lula-ROMBO.jpg\" alt=\"\" class=\"wp-image-66781\" srcset=\"https:\/\/jornalfatosenoticias.com.br\/wp-content\/uploads\/2026\/04\/lula-ROMBO.jpg 780w, https:\/\/jornalfatosenoticias.com.br\/wp-content\/uploads\/2026\/04\/lula-ROMBO-300x181.jpg 300w, https:\/\/jornalfatosenoticias.com.br\/wp-content\/uploads\/2026\/04\/lula-ROMBO-768x463.jpg 768w\" sizes=\"auto, (max-width: 780px) 100vw, 780px\" \/><figcaption class=\"wp-element-caption\"><em><mark style=\"background-color:rgba(0, 0, 0, 0)\" class=\"has-inline-color has-black-color\">(Foto: Ricardo Stuckert\/PR)<\/mark><\/em><\/figcaption><\/figure>\n<\/div>\n\n\n<p>As contas do governo central \u2014 que incluem Tesouro Nacional, Banco Central do Brasil e Previd\u00eancia \u2014 registraram <strong>d\u00e9ficit prim\u00e1rio<\/strong> de <strong>R$ 73,7 bilh\u00f5es em mar\u00e7o de 2026,<\/strong> o pior resultado para o m\u00eas desde 1997. O dado, divulgado no Relat\u00f3rio do Tesouro Nacional, evidencia uma deteriora\u00e7\u00e3o fiscal relevante mesmo diante de crescimento da arrecada\u00e7\u00e3o.<br>A compara\u00e7\u00e3o anual exp\u00f5e a mudan\u00e7a de cen\u00e1rio: em mar\u00e7o de 2025, havia super\u00e1vit de R$ 1,5 bilh\u00e3o. Agora, o resultado negativo reflete uma combina\u00e7\u00e3o de aumento expressivo de despesas e incapacidade da receita de acompanhar o mesmo ritmo. Em termos reais, a arrecada\u00e7\u00e3o l\u00edquida cresceu 7,5%, enquanto a despesa total disparou 49,2% no per\u00edodo.<\/p>\n\n\n<div class=\"wp-block-image\">\n<figure class=\"aligncenter size-full\"><a href=\"http:\/\/www.ferrarimaquinas.com.br\/\"><img loading=\"lazy\" decoding=\"async\" width=\"300\" height=\"250\" src=\"https:\/\/jornalfatosenoticias.com.br\/wp-content\/uploads\/2022\/02\/FERRARI_MAQUINAS-E-FERRAMENTAS2.jpg\" alt=\"\" class=\"wp-image-27860\"\/><\/a><\/figure>\n<\/div>\n\n\n<p>No acumulado de 12 meses, o d\u00e9ficit atinge R$ 136,5 bilh\u00f5es, equivalente a 1,03% do PIB. Embora o primeiro trimestre de 2026 mostre melhora frente ao mesmo per\u00edodo do ano anterior \u2014 d\u00e9ficit de R$ 17 bilh\u00f5es contra R$ 54 bilh\u00f5es em 2025 \u2014 o desempenho mensal pressiona o cumprimento da meta fiscal. A decomposi\u00e7\u00e3o do resultado revela o peso estrutural da Previd\u00eancia: foram R$ 49 bilh\u00f5es de d\u00e9ficit no sistema, enquanto Tesouro e Banco Central responderam por outros R$ 24 bilh\u00f5es negativos. Ou seja, o desequil\u00edbrio segue concentrado em despesas obrigat\u00f3rias, de dif\u00edcil ajuste no curto prazo.<br>Do lado das receitas, houve incremento relevante em tributos como Imposto de Importa\u00e7\u00e3o (+R$ 2,3 bilh\u00f5es), Imposto de Renda (+R$ 2,3 bilh\u00f5es) e IOF (+R$ 2,8 bilh\u00f5es), al\u00e9m do aumento na arrecada\u00e7\u00e3o do RGPS (+R$ 3,3 bilh\u00f5es). Ainda assim, a queda em dividendos e participa\u00e7\u00f5es (-R$ 1,8 bilh\u00e3o) e, principalmente, a expans\u00e3o acelerada do gasto p\u00fablico neutralizaram o ganho arrecadat\u00f3rio. O quadro cria tens\u00e3o adicional sobre a meta do governo, que prev\u00ea super\u00e1vit de 0,25% do PIB em 2026 \u2014 cerca de R$ 35 bilh\u00f5es. Com um d\u00e9ficit expressivo logo em mar\u00e7o, a trajet\u00f3ria exigir\u00e1 conten\u00e7\u00e3o de despesas ou novas receitas para evitar frustra\u00e7\u00e3o do objetivo fiscal. <strong>(Fonte: Hora Bras\u00edlia)<\/strong><\/p>\n\n\n<div class=\"wp-block-image\">\n<figure class=\"aligncenter size-full is-resized\"><a href=\"https:\/\/www.controlsystems.com.br\/\"><img loading=\"lazy\" decoding=\"async\" width=\"834\" height=\"1000\" src=\"https:\/\/jornalfatosenoticias.com.br\/wp-content\/uploads\/2020\/02\/CONTROL-CS.jpg\" alt=\"\" class=\"wp-image-44991\" style=\"aspect-ratio:0.8340104378261821;width:307px;height:auto\" srcset=\"https:\/\/jornalfatosenoticias.com.br\/wp-content\/uploads\/2020\/02\/CONTROL-CS.jpg 834w, https:\/\/jornalfatosenoticias.com.br\/wp-content\/uploads\/2020\/02\/CONTROL-CS-250x300.jpg 250w, https:\/\/jornalfatosenoticias.com.br\/wp-content\/uploads\/2020\/02\/CONTROL-CS-768x921.jpg 768w\" sizes=\"auto, (max-width: 834px) 100vw, 834px\" \/><\/a><\/figure>\n<\/div>\n\n\n<hr class=\"wp-block-separator has-alpha-channel-opacity\"\/>\n\n\n\n<h3 class=\"wp-block-heading\"><mark style=\"background-color:rgba(0, 0, 0, 0)\" class=\"has-inline-color has-black-color\">Press\u00e3o dos EUA gera colapso cambial, disparada de pre\u00e7os e demiss\u00f5es em massa no Ir\u00e3<\/mark><\/h3>\n\n\n<div class=\"wp-block-image\">\n<figure class=\"aligncenter size-full is-resized\"><img loading=\"lazy\" decoding=\"async\" width=\"612\" height=\"408\" src=\"https:\/\/jornalfatosenoticias.com.br\/wp-content\/uploads\/2026\/04\/colapso-cambial-Ira_gettyimages.jpg\" alt=\"\" class=\"wp-image-66780\" style=\"aspect-ratio:1.5000191490176553;width:804px;height:auto\" srcset=\"https:\/\/jornalfatosenoticias.com.br\/wp-content\/uploads\/2026\/04\/colapso-cambial-Ira_gettyimages.jpg 612w, https:\/\/jornalfatosenoticias.com.br\/wp-content\/uploads\/2026\/04\/colapso-cambial-Ira_gettyimages-300x200.jpg 300w\" sizes=\"auto, (max-width: 612px) 100vw, 612px\" \/><figcaption class=\"wp-element-caption\"><em><mark style=\"background-color:rgba(0, 0, 0, 0)\" class=\"has-inline-color has-black-color\">Popula\u00e7\u00e3o sente impacto econ\u00f4mico da guerra (Foto: Getty Images)<\/mark><\/em><\/figcaption><\/figure>\n<\/div>\n\n\n<p><mark style=\"background-color:rgba(0, 0, 0, 0)\" class=\"has-inline-color has-black-color\">Por <strong><a href=\"https:\/\/www.gazetadopovo.com.br\/autor\/isabella-de-paula\/\">Isabella de Paula<\/a><\/strong><br><\/mark>A moeda nacional do Ir\u00e3, o rial, registrou m\u00ednima hist\u00f3rica em rela\u00e7\u00e3o ao d\u00f3lar nesta quarta-feira (29), em meio \u00e0s negocia\u00e7\u00f5es travadas com os EUA para o fim da guerra. Atualmente, um d\u00f3lar equivale a 1,8 milh\u00e3o de unidades do rial. Essa press\u00e3o interna no pa\u00eds vem gerando novos impactos diretos na popula\u00e7\u00e3o, que j\u00e1 sofria com uma grave situa\u00e7\u00e3o econ\u00f4mica antes do conflito ter in\u00edcio. O novo cen\u00e1rio \u00e9 marcado por demiss\u00f5es em massa no setor p\u00fablico e uma infla\u00e7\u00e3o galopante de 71% no plano geral e at\u00e9 100% no setor aliment\u00edcio.<br>Segundo avalia\u00e7\u00e3o de analistas, essa situa\u00e7\u00e3o tende apenas a piorar, visto que o Ir\u00e3 \u00e9 dependente de importa\u00e7\u00f5es de alimentos, medicamentos e mat\u00e9rias-primas e seus portos permanecem sob o bloqueio americano. Alimentos como leite, p\u00e3o e arroz s\u00e3o os que mais registraram eleva\u00e7\u00e3o de pre\u00e7o nas \u00faltimas semanas. Al\u00e9m disso, segundo o jornal local <em>Shargh<\/em>, mais de mil trabalhadores de f\u00e1bricas t\u00eaxteis e de cal\u00e7ados em Rasht e Borujerd foram demitidos ap\u00f3s o t\u00e9rmino de seus contratos em mar\u00e7o, sinalizando uma fraca demanda da popula\u00e7\u00e3o por esses produtos. <strong>(Fonte: Gazeta do Povo)<\/strong><\/p>\n\n\n<div class=\"wp-block-image\">\n<figure class=\"aligncenter size-large is-resized\"><a href=\"https:\/\/www.instagram.com\/serra4x4cambioautomatico\/\"><img loading=\"lazy\" decoding=\"async\" width=\"886\" height=\"1024\" src=\"https:\/\/jornalfatosenoticias.com.br\/wp-content\/uploads\/2024\/08\/Serra-4x4-1-886x1024.jpg\" alt=\"\" class=\"wp-image-53632\" style=\"aspect-ratio:0.8652406933513592;width:285px;height:auto\" srcset=\"https:\/\/jornalfatosenoticias.com.br\/wp-content\/uploads\/2024\/08\/Serra-4x4-1-886x1024.jpg 886w, https:\/\/jornalfatosenoticias.com.br\/wp-content\/uploads\/2024\/08\/Serra-4x4-1-260x300.jpg 260w, https:\/\/jornalfatosenoticias.com.br\/wp-content\/uploads\/2024\/08\/Serra-4x4-1-768x888.jpg 768w, https:\/\/jornalfatosenoticias.com.br\/wp-content\/uploads\/2024\/08\/Serra-4x4-1.jpg 1181w\" sizes=\"auto, (max-width: 886px) 100vw, 886px\" \/><\/a><\/figure>\n<\/div>\n\n\n<hr class=\"wp-block-separator has-alpha-channel-opacity\"\/>\n\n\n\n<h3 class=\"wp-block-heading\"><mark style=\"background-color:rgba(0, 0, 0, 0)\" class=\"has-inline-color has-black-color\">Moraes reage \u00e0 press\u00e3o e mant\u00e9m inqu\u00e9rito das fake news com alerta sobre \u201cmil\u00edcias digitais\u201d<\/mark><\/h3>\n\n\n<div class=\"wp-block-image\">\n<figure class=\"aligncenter size-full is-resized\"><img loading=\"lazy\" decoding=\"async\" width=\"612\" height=\"409\" src=\"https:\/\/jornalfatosenoticias.com.br\/wp-content\/uploads\/2026\/04\/Alexandre-de-Moraes_gettyimages.jpg\" alt=\"\" class=\"wp-image-66779\" style=\"aspect-ratio:1.4963514804202482;width:738px;height:auto\" srcset=\"https:\/\/jornalfatosenoticias.com.br\/wp-content\/uploads\/2026\/04\/Alexandre-de-Moraes_gettyimages.jpg 612w, https:\/\/jornalfatosenoticias.com.br\/wp-content\/uploads\/2026\/04\/Alexandre-de-Moraes_gettyimages-300x200.jpg 300w\" sizes=\"auto, (max-width: 612px) 100vw, 612px\" \/><figcaption class=\"wp-element-caption\"><em><mark style=\"background-color:rgba(0, 0, 0, 0)\" class=\"has-inline-color has-black-color\">(Foto: Getty Images)<\/mark><\/em><\/figcaption><\/figure>\n<\/div>\n\n\n<p>O ministro Alexandre de Moraes, do Supremo Tribunal Federal, decidiu enfrentar diretamente as cr\u00edticas e pedidos de encerramento do inqu\u00e9rito das fake news e afirmou que as investiga\u00e7\u00f5es continuar\u00e3o em curso. Em manifesta\u00e7\u00e3o acompanhada de dados e balan\u00e7o das a\u00e7\u00f5es j\u00e1 realizadas, o magistrado sustentou que a apura\u00e7\u00e3o permanece necess\u00e1ria diante da persist\u00eancia de ataques \u00e0s institui\u00e7\u00f5es.<br>Segundo Moraes, o avan\u00e7o da desinforma\u00e7\u00e3o, especialmente nas redes sociais, consolidou um novo padr\u00e3o de press\u00e3o contra o Judici\u00e1rio. O ministro classificou a dissemina\u00e7\u00e3o de conte\u00fados fraudulentos como um dos principais vetores de tentativa de enfraquecimento da independ\u00eancia judicial, com impacto direto na estabilidade institucional.<\/p>\n\n\n<div class=\"wp-block-image\">\n<figure class=\"aligncenter size-full is-resized\"><a href=\"https:\/\/www.instagram.com\/paoeci3?igsh=MXdsdzUwdXU3bDZzcA==\"><img loading=\"lazy\" decoding=\"async\" width=\"644\" height=\"459\" src=\"https:\/\/jornalfatosenoticias.com.br\/wp-content\/uploads\/2020\/02\/Logo_PaoCia.jpeg\" alt=\"\" class=\"wp-image-66631\" style=\"aspect-ratio:1.403063829787234;width:361px;height:auto\" srcset=\"https:\/\/jornalfatosenoticias.com.br\/wp-content\/uploads\/2020\/02\/Logo_PaoCia.jpeg 644w, https:\/\/jornalfatosenoticias.com.br\/wp-content\/uploads\/2020\/02\/Logo_PaoCia-300x214.jpeg 300w\" sizes=\"auto, (max-width: 644px) 100vw, 644px\" \/><\/a><\/figure>\n<\/div>\n\n\n<p>O balan\u00e7o apresentado pelo gabinete tamb\u00e9m inclui resultados relacionados aos desdobramentos dos atos de 8 de janeiro de 2023, com foco na apura\u00e7\u00e3o, julgamento e execu\u00e7\u00e3o de penas. Moraes destacou que, apesar das a\u00e7\u00f5es j\u00e1 realizadas, os mecanismos de ataque continuam ativos e organizados.<br>Nesse contexto, o ministro refor\u00e7ou a exist\u00eancia e atua\u00e7\u00e3o de estruturas que classificou como \u201cmil\u00edcias digitais\u201d, respons\u00e1veis por manter campanhas coordenadas contra o Supremo e outras institui\u00e7\u00f5es. A leitura exposta indica que o inqu\u00e9rito segue como instrumento central para mapear, responsabilizar e conter essas pr\u00e1ticas. <strong>(Fonte: Hora Bras\u00edlia)<\/strong><\/p>\n\n\n<div class=\"wp-block-image\">\n<figure class=\"aligncenter size-large is-resized\"><a href=\"https:\/\/www.instagram.com\/esteio.churrascaria\/\"><img loading=\"lazy\" decoding=\"async\" width=\"1024\" height=\"730\" src=\"https:\/\/jornalfatosenoticias.com.br\/wp-content\/uploads\/2022\/02\/LOGO-ESTEIO-1024x730.png\" alt=\"\" class=\"wp-image-27942\" style=\"aspect-ratio:1.4027763281494625;width:332px;height:auto\" srcset=\"https:\/\/jornalfatosenoticias.com.br\/wp-content\/uploads\/2022\/02\/LOGO-ESTEIO-1024x730.png 1024w, https:\/\/jornalfatosenoticias.com.br\/wp-content\/uploads\/2022\/02\/LOGO-ESTEIO-300x214.png 300w, https:\/\/jornalfatosenoticias.com.br\/wp-content\/uploads\/2022\/02\/LOGO-ESTEIO-768x548.png 768w, https:\/\/jornalfatosenoticias.com.br\/wp-content\/uploads\/2022\/02\/LOGO-ESTEIO.png 1123w\" sizes=\"auto, (max-width: 1024px) 100vw, 1024px\" \/><\/a><\/figure>\n<\/div>\n\n\n<hr class=\"wp-block-separator has-alpha-channel-opacity\"\/>\n\n\n\n<h3 class=\"wp-block-heading\"><mark style=\"background-color:rgba(0, 0, 0, 0)\" class=\"has-inline-color has-black-color\">Governador de esquerda no M\u00e9xico \u00e9 acusado pelos EUA de narcotr\u00e1fico<\/mark><\/h3>\n\n\n<div class=\"wp-block-image\">\n<figure class=\"aligncenter size-full is-resized\"><img loading=\"lazy\" decoding=\"async\" width=\"612\" height=\"408\" src=\"https:\/\/jornalfatosenoticias.com.br\/wp-content\/uploads\/2026\/04\/Ruben-Rocha-Moya_gettyimages.jpg\" alt=\"\" class=\"wp-image-66778\" style=\"aspect-ratio:1.5000191490176553;width:786px;height:auto\" srcset=\"https:\/\/jornalfatosenoticias.com.br\/wp-content\/uploads\/2026\/04\/Ruben-Rocha-Moya_gettyimages.jpg 612w, https:\/\/jornalfatosenoticias.com.br\/wp-content\/uploads\/2026\/04\/Ruben-Rocha-Moya_gettyimages-300x200.jpg 300w\" sizes=\"auto, (max-width: 612px) 100vw, 612px\" \/><figcaption class=\"wp-element-caption\"><em><mark style=\"background-color:rgba(0, 0, 0, 0)\" class=\"has-inline-color has-black-color\">Governador de Sinaloa, Rub\u00e9n Rocha Moya (Foto: Getty Images)<\/mark><\/em><\/figcaption><\/figure>\n<\/div>\n\n\n<p><mark style=\"background-color:rgba(0, 0, 0, 0)\" class=\"has-inline-color has-black-color\">Por <strong><a href=\"https:\/\/www.gazetadopovo.com.br\/autor\/john-lucas\/\">John Lucas<\/a><\/strong><br><\/mark>O Departamento de Justi\u00e7a dos Estados Unidos acusou nesta quarta-feira (29) o governador do estado de Sinaloa, no M\u00e9xico, Rub\u00e9n Rocha Moya, do partido de esquerda Morena, o mesmo da presidente Claudia Sheinbaum, de envolvimento com o narcotr\u00e1fico e solicitou sua extradi\u00e7\u00e3o. Segundo as autoridades americanas, ele teria atuado em parceria com o Cartel de Sinaloa para facilitar o envio de drogas ao territ\u00f3rio dos EUA.<br>A acusa\u00e7\u00e3o contra o governador integra uma den\u00fancia mais ampla que envolve dez atuais e ex-integrantes do governo e das for\u00e7as de seguran\u00e7a de Sinaloa, todos suspeitos de colaborar com a organiza\u00e7\u00e3o criminosa Cartel de Sinaloa, classificada como uma organiza\u00e7\u00e3o terrorista pelos EUA no ano passado. Segundo o Departamento de Justi\u00e7a, os acusados teriam participado de uma rede de corrup\u00e7\u00e3o que permitia ao cartel operar com prote\u00e7\u00e3o institucional, em troca de apoio pol\u00edtico e pagamento de propinas. As investiga\u00e7\u00f5es apontam que os envolvidos ajudavam a proteger l\u00edderes da organiza\u00e7\u00e3o contra pris\u00f5es, al\u00e9m de repassar informa\u00e7\u00f5es sens\u00edveis sobre opera\u00e7\u00f5es policiais e militares.<\/p>\n\n\n<div class=\"wp-block-image\">\n<figure class=\"aligncenter size-full is-resized\"><a href=\"https:\/\/panper.com.br\/\"><img loading=\"lazy\" decoding=\"async\" width=\"400\" height=\"277\" src=\"https:\/\/jornalfatosenoticias.com.br\/wp-content\/uploads\/2023\/03\/logo-Panper_portal.jpg\" alt=\"\" class=\"wp-image-40208\" style=\"aspect-ratio:1.4441247814068934;width:334px;height:auto\" srcset=\"https:\/\/jornalfatosenoticias.com.br\/wp-content\/uploads\/2023\/03\/logo-Panper_portal.jpg 400w, https:\/\/jornalfatosenoticias.com.br\/wp-content\/uploads\/2023\/03\/logo-Panper_portal-300x208.jpg 300w\" sizes=\"auto, (max-width: 400px) 100vw, 400px\" \/><\/a><\/figure>\n<\/div>\n\n\n<p>Conforme a acusa\u00e7\u00e3o, Rocha Moya teria mantido contato direto com integrantes do grupo conhecido como <em>\u201cChapitos\u201d<\/em>, ligado aos filhos de Joaqu\u00edn \u201cEl Chapo\u201d Guzm\u00e1n, e prometido garantir liberdade de atua\u00e7\u00e3o ao cartel dentro do estado. Ainda segundo o documento, o pol\u00edtico teria se beneficiado do apoio do grupo criminoso durante sua elei\u00e7\u00e3o. As autoridades americanas tamb\u00e9m afirmam que parte dos acusados participou diretamente de a\u00e7\u00f5es violentas, incluindo sequestros e assassinatos, para proteger os interesses da organiza\u00e7\u00e3o criminosa. Em alguns casos, policiais teriam sido usados para executar opera\u00e7\u00f5es ilegais em benef\u00edcio do cartel, conforme a den\u00fancia.<br>Em paralelo, de acordo com informa\u00e7\u00f5es divulgadas pela imprensa americana, o governo dos EUA j\u00e1 formalizou o pedido de pris\u00e3o e extradi\u00e7\u00e3o do governador. Rocha Moya nega as acusa\u00e7\u00f5es e afirmou que elas \u201cn\u00e3o t\u00eam fundamento\u201d, classificando o caso como um ataque pol\u00edtico. O governo mexicano, por sua vez, questionou a base das acusa\u00e7\u00f5es. Segundo o Minist\u00e9rio das Rela\u00e7\u00f5es Exteriores do M\u00e9xico, o pedido de extradi\u00e7\u00e3o carece de provas suficientes e poder\u00e1 ser analisado pelas autoridades judiciais do pa\u00eds antes de qualquer decis\u00e3o. <strong>(Fonte: Gazeta do Povo)<\/strong><\/p>\n\n\n<div class=\"wp-block-image\">\n<figure class=\"aligncenter size-full is-resized\"><a href=\"https:\/\/www.instagram.com\/alhoroxao\/\"><img loading=\"lazy\" decoding=\"async\" width=\"960\" height=\"365\" src=\"https:\/\/jornalfatosenoticias.com.br\/wp-content\/uploads\/2026\/01\/logo-alho-Roxao.png\" alt=\"\" class=\"wp-image-64448\" style=\"width:592px;height:auto\" srcset=\"https:\/\/jornalfatosenoticias.com.br\/wp-content\/uploads\/2026\/01\/logo-alho-Roxao.png 960w, https:\/\/jornalfatosenoticias.com.br\/wp-content\/uploads\/2026\/01\/logo-alho-Roxao-300x114.png 300w, https:\/\/jornalfatosenoticias.com.br\/wp-content\/uploads\/2026\/01\/logo-alho-Roxao-768x292.png 768w\" sizes=\"auto, (max-width: 960px) 100vw, 960px\" \/><\/a><\/figure>\n<\/div>\n\n\n<hr class=\"wp-block-separator has-alpha-channel-opacity\"\/>\n","protected":false},"excerpt":{"rendered":"<p>O Senado Federal rejeitou, na quarta-feira (29), a indica\u00e7\u00e3o do advogado-geral da Uni\u00e3o, Jorge Messias, ao Supremo Tribunal Federal. A decis\u00e3o marca um rev\u00e9s pol\u00edtico relevante para Luiz In\u00e1cio Lula da Silva, que articulava a aprova\u00e7\u00e3o ap\u00f3s meses de resist\u00eancia no Congresso. Para ser confirmado, o indicado precisava de ao menos 41 votos no plen\u00e1rio [&hellip;]<\/p>\n","protected":false},"author":3,"featured_media":66783,"comment_status":"open","ping_status":"open","sticky":false,"template":"","format":"standard","meta":{"footnotes":""},"categories":[10],"tags":[13889,70,489,28897,19435,9775,159,22739,4182,5107,1795,24416,7580,156,4087,9450,13186,8580,30401,486,294],"class_list":["post-66777","post","type-post","status-publish","format-standard","has-post-thumbnail","hentry","category-politica","tag-alexandre-de-moraes","tag-alimentos","tag-banco-central","tag-cartel-de-sinaloa","tag-davi-alcolumbre","tag-dolar","tag-eua","tag-flavio-bolsonaro","tag-inflacao","tag-ira","tag-jair-bolsonaro","tag-jorge-messias","tag-lula","tag-mexico","tag-narcotrafico","tag-organizacao-criminosa","tag-pt","tag-rodrigo-pacheco","tag-ruben-rocha-moya","tag-senado","tag-stf"],"yoast_head":"<!-- This site is optimized with the Yoast SEO plugin v26.5 - https:\/\/yoast.com\/wordpress\/plugins\/seo\/ -->\n<title>A Semana no Brasil e no Mundo \u2014 Senado rejeita Jorge Messias ao STF em derrota hist\u00f3rica para Lula - Jornal Fatos e Not\u00edcias<\/title>\n<meta name=\"robots\" content=\"index, follow, max-snippet:-1, max-image-preview:large, max-video-preview:-1\" \/>\n<link rel=\"canonical\" href=\"https:\/\/jornalfatosenoticias.com.br\/index.php\/2026\/04\/30\/a-semana-no-brasil-e-no-mundo-senado-rejeita-jorge-messias-ao-stf-em-derrota-historica-para-lula\/\" \/>\n<meta property=\"og:locale\" content=\"pt_BR\" \/>\n<meta property=\"og:type\" content=\"article\" \/>\n<meta property=\"og:title\" content=\"A Semana no Brasil e no Mundo \u2014 Senado rejeita Jorge Messias ao STF em derrota hist\u00f3rica para Lula - Jornal Fatos e Not\u00edcias\" \/>\n<meta property=\"og:description\" content=\"O Senado Federal rejeitou, na quarta-feira (29), a indica\u00e7\u00e3o do advogado-geral da Uni\u00e3o, Jorge Messias, ao Supremo Tribunal Federal. A decis\u00e3o marca um rev\u00e9s pol\u00edtico relevante para Luiz In\u00e1cio Lula da Silva, que articulava a aprova\u00e7\u00e3o ap\u00f3s meses de resist\u00eancia no Congresso. Para ser confirmado, o indicado precisava de ao menos 41 votos no plen\u00e1rio [&hellip;]\" \/>\n<meta property=\"og:url\" content=\"https:\/\/jornalfatosenoticias.com.br\/index.php\/2026\/04\/30\/a-semana-no-brasil-e-no-mundo-senado-rejeita-jorge-messias-ao-stf-em-derrota-historica-para-lula\/\" \/>\n<meta property=\"og:site_name\" content=\"Jornal Fatos e Not\u00edcias\" \/>\n<meta property=\"article:published_time\" content=\"2026-04-30T12:27:25+00:00\" \/>\n<meta property=\"article:modified_time\" content=\"2026-04-30T12:27:27+00:00\" \/>\n<meta property=\"og:image\" content=\"https:\/\/jornalfatosenoticias.com.br\/wp-content\/uploads\/2026\/04\/Lula-e-Jorge-Messias.jpg\" \/>\n\t<meta property=\"og:image:width\" content=\"888\" \/>\n\t<meta property=\"og:image:height\" content=\"592\" \/>\n\t<meta property=\"og:image:type\" content=\"image\/jpeg\" \/>\n<meta name=\"author\" content=\"Haroldo Filho\" \/>\n<meta name=\"twitter:card\" content=\"summary_large_image\" \/>\n<meta name=\"twitter:label1\" content=\"Escrito por\" \/>\n\t<meta name=\"twitter:data1\" content=\"Haroldo Filho\" \/>\n\t<meta name=\"twitter:label2\" content=\"Est. tempo de leitura\" \/>\n\t<meta name=\"twitter:data2\" content=\"13 minutos\" \/>\n<script type=\"application\/ld+json\" class=\"yoast-schema-graph\">{\"@context\":\"https:\/\/schema.org\",\"@graph\":[{\"@type\":\"Article\",\"@id\":\"https:\/\/jornalfatosenoticias.com.br\/index.php\/2026\/04\/30\/a-semana-no-brasil-e-no-mundo-senado-rejeita-jorge-messias-ao-stf-em-derrota-historica-para-lula\/#article\",\"isPartOf\":{\"@id\":\"https:\/\/jornalfatosenoticias.com.br\/index.php\/2026\/04\/30\/a-semana-no-brasil-e-no-mundo-senado-rejeita-jorge-messias-ao-stf-em-derrota-historica-para-lula\/\"},\"author\":{\"name\":\"Haroldo Filho\",\"@id\":\"https:\/\/jornalfatosenoticias.com.br\/#\/schema\/person\/05c46cc25b42a5c27e004fb0fa6b4965\"},\"headline\":\"A Semana no Brasil e no Mundo \u2014 Senado rejeita Jorge Messias ao STF em derrota hist\u00f3rica para Lula\",\"datePublished\":\"2026-04-30T12:27:25+00:00\",\"dateModified\":\"2026-04-30T12:27:27+00:00\",\"mainEntityOfPage\":{\"@id\":\"https:\/\/jornalfatosenoticias.com.br\/index.php\/2026\/04\/30\/a-semana-no-brasil-e-no-mundo-senado-rejeita-jorge-messias-ao-stf-em-derrota-historica-para-lula\/\"},\"wordCount\":1992,\"commentCount\":0,\"publisher\":{\"@id\":\"https:\/\/jornalfatosenoticias.com.br\/#organization\"},\"image\":{\"@id\":\"https:\/\/jornalfatosenoticias.com.br\/index.php\/2026\/04\/30\/a-semana-no-brasil-e-no-mundo-senado-rejeita-jorge-messias-ao-stf-em-derrota-historica-para-lula\/#primaryimage\"},\"thumbnailUrl\":\"https:\/\/jornalfatosenoticias.com.br\/wp-content\/uploads\/2026\/04\/Lula-e-Jorge-Messias.jpg\",\"keywords\":[\"Alexandre de Moraes\",\"alimentos\",\"Banco Central\",\"Cartel de Sinaloa\",\"Davi Alcolumbre\",\"d\u00f3lar\",\"EUA\",\"Fl\u00e1vio Bolsonaro\",\"infla\u00e7\u00e3o\",\"Ir\u00e3\",\"Jair Bolsonaro\",\"Jorge Messias\",\"Lula\",\"M\u00e9xico\",\"narcotr\u00e1fico\",\"organiza\u00e7\u00e3o criminosa\",\"PT\",\"Rodrigo Pacheco\",\"Rub\u00e9n Rocha Moya\",\"Senado\",\"STF\"],\"articleSection\":[\"Pol\u00edtica\"],\"inLanguage\":\"pt-BR\",\"potentialAction\":[{\"@type\":\"CommentAction\",\"name\":\"Comment\",\"target\":[\"https:\/\/jornalfatosenoticias.com.br\/index.php\/2026\/04\/30\/a-semana-no-brasil-e-no-mundo-senado-rejeita-jorge-messias-ao-stf-em-derrota-historica-para-lula\/#respond\"]}]},{\"@type\":\"WebPage\",\"@id\":\"https:\/\/jornalfatosenoticias.com.br\/index.php\/2026\/04\/30\/a-semana-no-brasil-e-no-mundo-senado-rejeita-jorge-messias-ao-stf-em-derrota-historica-para-lula\/\",\"url\":\"https:\/\/jornalfatosenoticias.com.br\/index.php\/2026\/04\/30\/a-semana-no-brasil-e-no-mundo-senado-rejeita-jorge-messias-ao-stf-em-derrota-historica-para-lula\/\",\"name\":\"A Semana no Brasil e no Mundo \u2014 Senado rejeita Jorge Messias ao STF em derrota hist\u00f3rica para Lula - Jornal Fatos e Not\u00edcias\",\"isPartOf\":{\"@id\":\"https:\/\/jornalfatosenoticias.com.br\/#website\"},\"primaryImageOfPage\":{\"@id\":\"https:\/\/jornalfatosenoticias.com.br\/index.php\/2026\/04\/30\/a-semana-no-brasil-e-no-mundo-senado-rejeita-jorge-messias-ao-stf-em-derrota-historica-para-lula\/#primaryimage\"},\"image\":{\"@id\":\"https:\/\/jornalfatosenoticias.com.br\/index.php\/2026\/04\/30\/a-semana-no-brasil-e-no-mundo-senado-rejeita-jorge-messias-ao-stf-em-derrota-historica-para-lula\/#primaryimage\"},\"thumbnailUrl\":\"https:\/\/jornalfatosenoticias.com.br\/wp-content\/uploads\/2026\/04\/Lula-e-Jorge-Messias.jpg\",\"datePublished\":\"2026-04-30T12:27:25+00:00\",\"dateModified\":\"2026-04-30T12:27:27+00:00\",\"breadcrumb\":{\"@id\":\"https:\/\/jornalfatosenoticias.com.br\/index.php\/2026\/04\/30\/a-semana-no-brasil-e-no-mundo-senado-rejeita-jorge-messias-ao-stf-em-derrota-historica-para-lula\/#breadcrumb\"},\"inLanguage\":\"pt-BR\",\"potentialAction\":[{\"@type\":\"ReadAction\",\"target\":[\"https:\/\/jornalfatosenoticias.com.br\/index.php\/2026\/04\/30\/a-semana-no-brasil-e-no-mundo-senado-rejeita-jorge-messias-ao-stf-em-derrota-historica-para-lula\/\"]}]},{\"@type\":\"ImageObject\",\"inLanguage\":\"pt-BR\",\"@id\":\"https:\/\/jornalfatosenoticias.com.br\/index.php\/2026\/04\/30\/a-semana-no-brasil-e-no-mundo-senado-rejeita-jorge-messias-ao-stf-em-derrota-historica-para-lula\/#primaryimage\",\"url\":\"https:\/\/jornalfatosenoticias.com.br\/wp-content\/uploads\/2026\/04\/Lula-e-Jorge-Messias.jpg\",\"contentUrl\":\"https:\/\/jornalfatosenoticias.com.br\/wp-content\/uploads\/2026\/04\/Lula-e-Jorge-Messias.jpg\",\"width\":888,\"height\":592},{\"@type\":\"BreadcrumbList\",\"@id\":\"https:\/\/jornalfatosenoticias.com.br\/index.php\/2026\/04\/30\/a-semana-no-brasil-e-no-mundo-senado-rejeita-jorge-messias-ao-stf-em-derrota-historica-para-lula\/#breadcrumb\",\"itemListElement\":[{\"@type\":\"ListItem\",\"position\":1,\"name\":\"In\u00edcio\",\"item\":\"https:\/\/jornalfatosenoticias.com.br\/\"},{\"@type\":\"ListItem\",\"position\":2,\"name\":\"A Semana no Brasil e no Mundo \u2014 Senado rejeita Jorge Messias ao STF em derrota hist\u00f3rica para Lula\"}]},{\"@type\":\"WebSite\",\"@id\":\"https:\/\/jornalfatosenoticias.com.br\/#website\",\"url\":\"https:\/\/jornalfatosenoticias.com.br\/\",\"name\":\"Jornal Fatos e Not\u00edcias\",\"description\":\"Not\u00edcias em geral\",\"publisher\":{\"@id\":\"https:\/\/jornalfatosenoticias.com.br\/#organization\"},\"potentialAction\":[{\"@type\":\"SearchAction\",\"target\":{\"@type\":\"EntryPoint\",\"urlTemplate\":\"https:\/\/jornalfatosenoticias.com.br\/?s={search_term_string}\"},\"query-input\":{\"@type\":\"PropertyValueSpecification\",\"valueRequired\":true,\"valueName\":\"search_term_string\"}}],\"inLanguage\":\"pt-BR\"},{\"@type\":\"Organization\",\"@id\":\"https:\/\/jornalfatosenoticias.com.br\/#organization\",\"name\":\"Jornal Fatos e Not\u00edcias\",\"url\":\"https:\/\/jornalfatosenoticias.com.br\/\",\"logo\":{\"@type\":\"ImageObject\",\"inLanguage\":\"pt-BR\",\"@id\":\"https:\/\/jornalfatosenoticias.com.br\/#\/schema\/logo\/image\/\",\"url\":\"https:\/\/jornalfatosenoticias.com.br\/wp-content\/uploads\/2020\/02\/logo120.png\",\"contentUrl\":\"https:\/\/jornalfatosenoticias.com.br\/wp-content\/uploads\/2020\/02\/logo120.png\",\"width\":1227,\"height\":120,\"caption\":\"Jornal Fatos e Not\u00edcias\"},\"image\":{\"@id\":\"https:\/\/jornalfatosenoticias.com.br\/#\/schema\/logo\/image\/\"}},{\"@type\":\"Person\",\"@id\":\"https:\/\/jornalfatosenoticias.com.br\/#\/schema\/person\/05c46cc25b42a5c27e004fb0fa6b4965\",\"name\":\"Haroldo Filho\",\"image\":{\"@type\":\"ImageObject\",\"inLanguage\":\"pt-BR\",\"@id\":\"https:\/\/jornalfatosenoticias.com.br\/#\/schema\/person\/image\/\",\"url\":\"https:\/\/jornalfatosenoticias.com.br\/wp-content\/uploads\/2025\/08\/WhatsApp-Image-2025-08-18-at-15.30.28-150x150.jpeg\",\"contentUrl\":\"https:\/\/jornalfatosenoticias.com.br\/wp-content\/uploads\/2025\/08\/WhatsApp-Image-2025-08-18-at-15.30.28-150x150.jpeg\",\"caption\":\"Haroldo Filho\"},\"description\":\"Jornalista \u2013 DRT: 0003818\/ES Coordenador-geral da ONG Educar para Crescer\",\"url\":\"https:\/\/jornalfatosenoticias.com.br\/index.php\/author\/haroldo\/\"}]}<\/script>\n<!-- \/ Yoast SEO plugin. -->","yoast_head_json":{"title":"A Semana no Brasil e no Mundo \u2014 Senado rejeita Jorge Messias ao STF em derrota hist\u00f3rica para Lula - Jornal Fatos e Not\u00edcias","robots":{"index":"index","follow":"follow","max-snippet":"max-snippet:-1","max-image-preview":"max-image-preview:large","max-video-preview":"max-video-preview:-1"},"canonical":"https:\/\/jornalfatosenoticias.com.br\/index.php\/2026\/04\/30\/a-semana-no-brasil-e-no-mundo-senado-rejeita-jorge-messias-ao-stf-em-derrota-historica-para-lula\/","og_locale":"pt_BR","og_type":"article","og_title":"A Semana no Brasil e no Mundo \u2014 Senado rejeita Jorge Messias ao STF em derrota hist\u00f3rica para Lula - Jornal Fatos e Not\u00edcias","og_description":"O Senado Federal rejeitou, na quarta-feira (29), a indica\u00e7\u00e3o do advogado-geral da Uni\u00e3o, Jorge Messias, ao Supremo Tribunal Federal. A decis\u00e3o marca um rev\u00e9s pol\u00edtico relevante para Luiz In\u00e1cio Lula da Silva, que articulava a aprova\u00e7\u00e3o ap\u00f3s meses de resist\u00eancia no Congresso. Para ser confirmado, o indicado precisava de ao menos 41 votos no plen\u00e1rio [&hellip;]","og_url":"https:\/\/jornalfatosenoticias.com.br\/index.php\/2026\/04\/30\/a-semana-no-brasil-e-no-mundo-senado-rejeita-jorge-messias-ao-stf-em-derrota-historica-para-lula\/","og_site_name":"Jornal Fatos e Not\u00edcias","article_published_time":"2026-04-30T12:27:25+00:00","article_modified_time":"2026-04-30T12:27:27+00:00","og_image":[{"width":888,"height":592,"url":"https:\/\/jornalfatosenoticias.com.br\/wp-content\/uploads\/2026\/04\/Lula-e-Jorge-Messias.jpg","type":"image\/jpeg"}],"author":"Haroldo Filho","twitter_card":"summary_large_image","twitter_misc":{"Escrito por":"Haroldo Filho","Est. tempo de leitura":"13 minutos"},"schema":{"@context":"https:\/\/schema.org","@graph":[{"@type":"Article","@id":"https:\/\/jornalfatosenoticias.com.br\/index.php\/2026\/04\/30\/a-semana-no-brasil-e-no-mundo-senado-rejeita-jorge-messias-ao-stf-em-derrota-historica-para-lula\/#article","isPartOf":{"@id":"https:\/\/jornalfatosenoticias.com.br\/index.php\/2026\/04\/30\/a-semana-no-brasil-e-no-mundo-senado-rejeita-jorge-messias-ao-stf-em-derrota-historica-para-lula\/"},"author":{"name":"Haroldo Filho","@id":"https:\/\/jornalfatosenoticias.com.br\/#\/schema\/person\/05c46cc25b42a5c27e004fb0fa6b4965"},"headline":"A Semana no Brasil e no Mundo \u2014 Senado rejeita Jorge Messias ao STF em derrota hist\u00f3rica para Lula","datePublished":"2026-04-30T12:27:25+00:00","dateModified":"2026-04-30T12:27:27+00:00","mainEntityOfPage":{"@id":"https:\/\/jornalfatosenoticias.com.br\/index.php\/2026\/04\/30\/a-semana-no-brasil-e-no-mundo-senado-rejeita-jorge-messias-ao-stf-em-derrota-historica-para-lula\/"},"wordCount":1992,"commentCount":0,"publisher":{"@id":"https:\/\/jornalfatosenoticias.com.br\/#organization"},"image":{"@id":"https:\/\/jornalfatosenoticias.com.br\/index.php\/2026\/04\/30\/a-semana-no-brasil-e-no-mundo-senado-rejeita-jorge-messias-ao-stf-em-derrota-historica-para-lula\/#primaryimage"},"thumbnailUrl":"https:\/\/jornalfatosenoticias.com.br\/wp-content\/uploads\/2026\/04\/Lula-e-Jorge-Messias.jpg","keywords":["Alexandre de Moraes","alimentos","Banco Central","Cartel de Sinaloa","Davi Alcolumbre","d\u00f3lar","EUA","Fl\u00e1vio Bolsonaro","infla\u00e7\u00e3o","Ir\u00e3","Jair Bolsonaro","Jorge Messias","Lula","M\u00e9xico","narcotr\u00e1fico","organiza\u00e7\u00e3o criminosa","PT","Rodrigo Pacheco","Rub\u00e9n Rocha Moya","Senado","STF"],"articleSection":["Pol\u00edtica"],"inLanguage":"pt-BR","potentialAction":[{"@type":"CommentAction","name":"Comment","target":["https:\/\/jornalfatosenoticias.com.br\/index.php\/2026\/04\/30\/a-semana-no-brasil-e-no-mundo-senado-rejeita-jorge-messias-ao-stf-em-derrota-historica-para-lula\/#respond"]}]},{"@type":"WebPage","@id":"https:\/\/jornalfatosenoticias.com.br\/index.php\/2026\/04\/30\/a-semana-no-brasil-e-no-mundo-senado-rejeita-jorge-messias-ao-stf-em-derrota-historica-para-lula\/","url":"https:\/\/jornalfatosenoticias.com.br\/index.php\/2026\/04\/30\/a-semana-no-brasil-e-no-mundo-senado-rejeita-jorge-messias-ao-stf-em-derrota-historica-para-lula\/","name":"A Semana no Brasil e no Mundo \u2014 Senado rejeita Jorge Messias ao STF em derrota hist\u00f3rica para Lula - Jornal Fatos e Not\u00edcias","isPartOf":{"@id":"https:\/\/jornalfatosenoticias.com.br\/#website"},"primaryImageOfPage":{"@id":"https:\/\/jornalfatosenoticias.com.br\/index.php\/2026\/04\/30\/a-semana-no-brasil-e-no-mundo-senado-rejeita-jorge-messias-ao-stf-em-derrota-historica-para-lula\/#primaryimage"},"image":{"@id":"https:\/\/jornalfatosenoticias.com.br\/index.php\/2026\/04\/30\/a-semana-no-brasil-e-no-mundo-senado-rejeita-jorge-messias-ao-stf-em-derrota-historica-para-lula\/#primaryimage"},"thumbnailUrl":"https:\/\/jornalfatosenoticias.com.br\/wp-content\/uploads\/2026\/04\/Lula-e-Jorge-Messias.jpg","datePublished":"2026-04-30T12:27:25+00:00","dateModified":"2026-04-30T12:27:27+00:00","breadcrumb":{"@id":"https:\/\/jornalfatosenoticias.com.br\/index.php\/2026\/04\/30\/a-semana-no-brasil-e-no-mundo-senado-rejeita-jorge-messias-ao-stf-em-derrota-historica-para-lula\/#breadcrumb"},"inLanguage":"pt-BR","potentialAction":[{"@type":"ReadAction","target":["https:\/\/jornalfatosenoticias.com.br\/index.php\/2026\/04\/30\/a-semana-no-brasil-e-no-mundo-senado-rejeita-jorge-messias-ao-stf-em-derrota-historica-para-lula\/"]}]},{"@type":"ImageObject","inLanguage":"pt-BR","@id":"https:\/\/jornalfatosenoticias.com.br\/index.php\/2026\/04\/30\/a-semana-no-brasil-e-no-mundo-senado-rejeita-jorge-messias-ao-stf-em-derrota-historica-para-lula\/#primaryimage","url":"https:\/\/jornalfatosenoticias.com.br\/wp-content\/uploads\/2026\/04\/Lula-e-Jorge-Messias.jpg","contentUrl":"https:\/\/jornalfatosenoticias.com.br\/wp-content\/uploads\/2026\/04\/Lula-e-Jorge-Messias.jpg","width":888,"height":592},{"@type":"BreadcrumbList","@id":"https:\/\/jornalfatosenoticias.com.br\/index.php\/2026\/04\/30\/a-semana-no-brasil-e-no-mundo-senado-rejeita-jorge-messias-ao-stf-em-derrota-historica-para-lula\/#breadcrumb","itemListElement":[{"@type":"ListItem","position":1,"name":"In\u00edcio","item":"https:\/\/jornalfatosenoticias.com.br\/"},{"@type":"ListItem","position":2,"name":"A Semana no Brasil e no Mundo \u2014 Senado rejeita Jorge Messias ao STF em derrota hist\u00f3rica para Lula"}]},{"@type":"WebSite","@id":"https:\/\/jornalfatosenoticias.com.br\/#website","url":"https:\/\/jornalfatosenoticias.com.br\/","name":"Jornal Fatos e Not\u00edcias","description":"Not\u00edcias em geral","publisher":{"@id":"https:\/\/jornalfatosenoticias.com.br\/#organization"},"potentialAction":[{"@type":"SearchAction","target":{"@type":"EntryPoint","urlTemplate":"https:\/\/jornalfatosenoticias.com.br\/?s={search_term_string}"},"query-input":{"@type":"PropertyValueSpecification","valueRequired":true,"valueName":"search_term_string"}}],"inLanguage":"pt-BR"},{"@type":"Organization","@id":"https:\/\/jornalfatosenoticias.com.br\/#organization","name":"Jornal Fatos e Not\u00edcias","url":"https:\/\/jornalfatosenoticias.com.br\/","logo":{"@type":"ImageObject","inLanguage":"pt-BR","@id":"https:\/\/jornalfatosenoticias.com.br\/#\/schema\/logo\/image\/","url":"https:\/\/jornalfatosenoticias.com.br\/wp-content\/uploads\/2020\/02\/logo120.png","contentUrl":"https:\/\/jornalfatosenoticias.com.br\/wp-content\/uploads\/2020\/02\/logo120.png","width":1227,"height":120,"caption":"Jornal Fatos e Not\u00edcias"},"image":{"@id":"https:\/\/jornalfatosenoticias.com.br\/#\/schema\/logo\/image\/"}},{"@type":"Person","@id":"https:\/\/jornalfatosenoticias.com.br\/#\/schema\/person\/05c46cc25b42a5c27e004fb0fa6b4965","name":"Haroldo Filho","image":{"@type":"ImageObject","inLanguage":"pt-BR","@id":"https:\/\/jornalfatosenoticias.com.br\/#\/schema\/person\/image\/","url":"https:\/\/jornalfatosenoticias.com.br\/wp-content\/uploads\/2025\/08\/WhatsApp-Image-2025-08-18-at-15.30.28-150x150.jpeg","contentUrl":"https:\/\/jornalfatosenoticias.com.br\/wp-content\/uploads\/2025\/08\/WhatsApp-Image-2025-08-18-at-15.30.28-150x150.jpeg","caption":"Haroldo Filho"},"description":"Jornalista \u2013 DRT: 0003818\/ES Coordenador-geral da ONG Educar para Crescer","url":"https:\/\/jornalfatosenoticias.com.br\/index.php\/author\/haroldo\/"}]}},"cc_featured_image_caption":{"caption_text":"(Foto: Reprodu\u00e7\u00e3o\/Hora Bras\u00edlia)","source_text":"","source_url":""},"jetpack_featured_media_url":"https:\/\/jornalfatosenoticias.com.br\/wp-content\/uploads\/2026\/04\/Lula-e-Jorge-Messias.jpg","_links":{"self":[{"href":"https:\/\/jornalfatosenoticias.com.br\/index.php\/wp-json\/wp\/v2\/posts\/66777","targetHints":{"allow":["GET"]}}],"collection":[{"href":"https:\/\/jornalfatosenoticias.com.br\/index.php\/wp-json\/wp\/v2\/posts"}],"about":[{"href":"https:\/\/jornalfatosenoticias.com.br\/index.php\/wp-json\/wp\/v2\/types\/post"}],"author":[{"embeddable":true,"href":"https:\/\/jornalfatosenoticias.com.br\/index.php\/wp-json\/wp\/v2\/users\/3"}],"replies":[{"embeddable":true,"href":"https:\/\/jornalfatosenoticias.com.br\/index.php\/wp-json\/wp\/v2\/comments?post=66777"}],"version-history":[{"count":1,"href":"https:\/\/jornalfatosenoticias.com.br\/index.php\/wp-json\/wp\/v2\/posts\/66777\/revisions"}],"predecessor-version":[{"id":66784,"href":"https:\/\/jornalfatosenoticias.com.br\/index.php\/wp-json\/wp\/v2\/posts\/66777\/revisions\/66784"}],"wp:featuredmedia":[{"embeddable":true,"href":"https:\/\/jornalfatosenoticias.com.br\/index.php\/wp-json\/wp\/v2\/media\/66783"}],"wp:attachment":[{"href":"https:\/\/jornalfatosenoticias.com.br\/index.php\/wp-json\/wp\/v2\/media?parent=66777"}],"wp:term":[{"taxonomy":"category","embeddable":true,"href":"https:\/\/jornalfatosenoticias.com.br\/index.php\/wp-json\/wp\/v2\/categories?post=66777"},{"taxonomy":"post_tag","embeddable":true,"href":"https:\/\/jornalfatosenoticias.com.br\/index.php\/wp-json\/wp\/v2\/tags?post=66777"}],"curies":[{"name":"wp","href":"https:\/\/api.w.org\/{rel}","templated":true}]}}