{"id":66785,"date":"2026-04-30T09:42:18","date_gmt":"2026-04-30T12:42:18","guid":{"rendered":"https:\/\/jornalfatosenoticias.com.br\/?p=66785"},"modified":"2026-04-30T09:42:19","modified_gmt":"2026-04-30T12:42:19","slug":"indenizacao-em-contratos-de-locacao-entra-na-base-do-irpj-no-lucro-presumido","status":"publish","type":"post","link":"https:\/\/jornalfatosenoticias.com.br\/index.php\/2026\/04\/30\/indenizacao-em-contratos-de-locacao-entra-na-base-do-irpj-no-lucro-presumido\/","title":{"rendered":"Indeniza\u00e7\u00e3o em contratos de loca\u00e7\u00e3o entra na base do IRPJ no lucro presumido"},"content":{"rendered":"\n<p>Uma recente interpreta\u00e7\u00e3o da Receita Federal trouxe um alerta importante para empresas que atuam com loca\u00e7\u00e3o de im\u00f3veis pr\u00f3prios: valores recebidos na rescis\u00e3o contratual podem ter impacto direto na tributa\u00e7\u00e3o.<br>De acordo com a Solu\u00e7\u00e3o de Consulta COSIT n.\u00ba 61\/2026, quando a locat\u00e1ria paga valores \u00e0 pessoa jur\u00eddica locadora por descumprimento contratual especificamente nos casos em que o im\u00f3vel n\u00e3o \u00e9 devolvido nas mesmas condi\u00e7\u00f5es em que foi recebido esses montantes n\u00e3o s\u00e3o tratados como meras indeniza\u00e7\u00f5es isoladas.<br>Na pr\u00e1tica, a Receita Federal entende que tais valores est\u00e3o diretamente vinculados \u00e0 atividade principal da empresa locadora. Isso significa que esses recebimentos devem ser considerados como <strong>receita bruta,<\/strong> conforme previsto no art. 12 do Decreto-Lei n.\u00ba 1.598\/1977.<\/p>\n\n\n\n<p><strong><mark style=\"background-color:rgba(0, 0, 0, 0)\" class=\"has-inline-color has-black-color\"><span style=\"text-decoration: underline;\">Impacto direto no lucro presumido<br><\/span><\/mark><\/strong>Para empresas que apuram o IRPJ pelo regime de lucro presumido, o efeito \u00e9 imediato:<br>\u25cf Os valores recebidos passam a compor a base de c\u00e1lculo do imposto;<br>\u25cf N\u00e3o s\u00e3o tratados como receitas eventuais ou extraordin\u00e1rias fora da atividade operacional;<br>\u25cf Integram a receita bruta como parte da atividade de loca\u00e7\u00e3o.<br>Esse entendimento refor\u00e7a a linha j\u00e1 adotada pela Receita Federal em solu\u00e7\u00f5es anteriores, como a COSIT n.\u00ba 115\/2018, consolidando o posicionamento de que receitas vinculadas ao contrato de loca\u00e7\u00e3o ainda que decorrentes de penalidades fazem parte do faturamento da empresa.<\/p>\n\n\n\n<p><strong><mark style=\"background-color:rgba(0, 0, 0, 0)\" class=\"has-inline-color has-black-color\"><span style=\"text-decoration: underline;\">O que muda na pr\u00e1tica para as empresas<br><\/span><\/mark><\/strong>O principal ponto de aten\u00e7\u00e3o est\u00e1 na gest\u00e3o tribut\u00e1ria e contratual:<br>\u25cf Empresas devem revisar a classifica\u00e7\u00e3o cont\u00e1bil dessas receitas;<br>\u25cf \u00c9 necess\u00e1rio avaliar o impacto no c\u00e1lculo do IRPJ e da CSLL;<br>\u25cf Cl\u00e1usulas contratuais de indeniza\u00e7\u00e3o precisam ser analisadas tamb\u00e9m sob a \u00f3tica fiscal.<\/p>\n\n\n\n<p><strong><mark style=\"background-color:rgba(0, 0, 0, 0)\" class=\"has-inline-color has-black-color\"><span style=\"text-decoration: underline;\">Seguran\u00e7a jur\u00eddica e planejamento<br><\/span><\/mark><\/strong>A base legal para esse entendimento est\u00e1 no C\u00f3digo Tribut\u00e1rio Nacional (arts. 43 e 109) e na legisla\u00e7\u00e3o do imposto de renda, que vinculam a tributa\u00e7\u00e3o \u00e0 disponibilidade econ\u00f4mica ou jur\u00eddica de renda, independentemente da nomenclatura adotada no contrato.<br>Em outras palavras, n\u00e3o importa apenas como o valor \u00e9 chamado indeniza\u00e7\u00e3o ou multa, mas sim sua rela\u00e7\u00e3o com a atividade empresarial.<\/p>\n\n\n\n<p><strong><mark style=\"background-color:rgba(0, 0, 0, 0)\" class=\"has-inline-color has-black-color\"><span style=\"text-decoration: underline;\">Conclus\u00e3o<br><\/span><\/mark><\/strong>A mensagem \u00e9 clara: no contexto da loca\u00e7\u00e3o de im\u00f3veis, valores recebidos por descumprimento contratual pela N\u00c3O devolu\u00e7\u00e3o do im\u00f3vel no estado em que este o recebeu, devem ser considerados como receita bruta da locadora podem aumentar a carga tribut\u00e1ria da empresa. Por isso, mais do que nunca, o alinhamento entre \u00e1rea jur\u00eddica, cont\u00e1bil e fiscal \u00e9 essencial para evitar surpresas e garantir conformidade.<\/p>\n\n\n<div class=\"wp-block-image\">\n<figure class=\"aligncenter size-full is-resized\"><a href=\"https:\/\/www.instagram.com\/kalynecalais\/\"><img loading=\"lazy\" decoding=\"async\" width=\"969\" height=\"406\" src=\"https:\/\/jornalfatosenoticias.com.br\/wp-content\/uploads\/2024\/09\/Legis-Juris-Consultoria_logo.jpg\" alt=\"\" class=\"wp-image-53915\" style=\"aspect-ratio:2.3867874267448057;width:587px;height:auto\" srcset=\"https:\/\/jornalfatosenoticias.com.br\/wp-content\/uploads\/2024\/09\/Legis-Juris-Consultoria_logo.jpg 969w, https:\/\/jornalfatosenoticias.com.br\/wp-content\/uploads\/2024\/09\/Legis-Juris-Consultoria_logo-300x126.jpg 300w, https:\/\/jornalfatosenoticias.com.br\/wp-content\/uploads\/2024\/09\/Legis-Juris-Consultoria_logo-768x322.jpg 768w\" sizes=\"auto, (max-width: 969px) 100vw, 969px\" \/><\/a><\/figure>\n<\/div>","protected":false},"excerpt":{"rendered":"<p>Uma recente interpreta\u00e7\u00e3o da Receita Federal trouxe um alerta importante para empresas que atuam com loca\u00e7\u00e3o de im\u00f3veis pr\u00f3prios: valores recebidos na rescis\u00e3o contratual podem ter impacto direto na tributa\u00e7\u00e3o.De acordo com a Solu\u00e7\u00e3o de Consulta COSIT n.\u00ba 61\/2026, quando a locat\u00e1ria paga valores \u00e0 pessoa jur\u00eddica locadora por descumprimento contratual especificamente nos casos em [&hellip;]<\/p>\n","protected":false},"author":39,"featured_media":66786,"comment_status":"open","ping_status":"open","sticky":false,"template":"","format":"standard","meta":{"footnotes":""},"categories":[9],"tags":[22792,9986,29968,30402,27276,1404],"class_list":["post-66785","post","type-post","status-publish","format-standard","has-post-thumbnail","hentry","category-economia","tag-contratos","tag-indenizacao","tag-irpj","tag-locacao","tag-lucro-presumido","tag-receita-federal"],"yoast_head":"<!-- This site is optimized with the Yoast SEO plugin v26.5 - https:\/\/yoast.com\/wordpress\/plugins\/seo\/ -->\n<title>Indeniza\u00e7\u00e3o em contratos de loca\u00e7\u00e3o entra na base do IRPJ no lucro presumido - Jornal Fatos e Not\u00edcias<\/title>\n<meta name=\"robots\" content=\"index, follow, max-snippet:-1, max-image-preview:large, max-video-preview:-1\" \/>\n<link rel=\"canonical\" href=\"https:\/\/jornalfatosenoticias.com.br\/index.php\/2026\/04\/30\/indenizacao-em-contratos-de-locacao-entra-na-base-do-irpj-no-lucro-presumido\/\" \/>\n<meta property=\"og:locale\" content=\"pt_BR\" \/>\n<meta property=\"og:type\" content=\"article\" \/>\n<meta property=\"og:title\" content=\"Indeniza\u00e7\u00e3o em contratos de loca\u00e7\u00e3o entra na base do IRPJ no lucro presumido - Jornal Fatos e Not\u00edcias\" \/>\n<meta property=\"og:description\" content=\"Uma recente interpreta\u00e7\u00e3o da Receita Federal trouxe um alerta importante para empresas que atuam com loca\u00e7\u00e3o de im\u00f3veis pr\u00f3prios: valores recebidos na rescis\u00e3o contratual podem ter impacto direto na tributa\u00e7\u00e3o.De acordo com a Solu\u00e7\u00e3o de Consulta COSIT n.\u00ba 61\/2026, quando a locat\u00e1ria paga valores \u00e0 pessoa jur\u00eddica locadora por descumprimento contratual especificamente nos casos em [&hellip;]\" \/>\n<meta property=\"og:url\" content=\"https:\/\/jornalfatosenoticias.com.br\/index.php\/2026\/04\/30\/indenizacao-em-contratos-de-locacao-entra-na-base-do-irpj-no-lucro-presumido\/\" \/>\n<meta property=\"og:site_name\" content=\"Jornal Fatos e Not\u00edcias\" \/>\n<meta property=\"article:published_time\" content=\"2026-04-30T12:42:18+00:00\" \/>\n<meta property=\"article:modified_time\" content=\"2026-04-30T12:42:19+00:00\" \/>\n<meta property=\"og:image\" content=\"https:\/\/jornalfatosenoticias.com.br\/wp-content\/uploads\/2026\/04\/contratos-de-locacao-entra-na-base-do-IRPJ-no-lucro-presumido_istock.jpg\" \/>\n\t<meta property=\"og:image:width\" content=\"612\" \/>\n\t<meta property=\"og:image:height\" content=\"408\" \/>\n\t<meta property=\"og:image:type\" content=\"image\/jpeg\" \/>\n<meta name=\"author\" content=\"Rogerio Fernandes e Kalyne Calais\" \/>\n<meta name=\"twitter:card\" content=\"summary_large_image\" \/>\n<meta name=\"twitter:label1\" content=\"Escrito por\" \/>\n\t<meta name=\"twitter:data1\" content=\"Rogerio Fernandes e Kalyne Calais\" \/>\n\t<meta name=\"twitter:label2\" content=\"Est. tempo de leitura\" \/>\n\t<meta name=\"twitter:data2\" content=\"3 minutos\" \/>\n<script type=\"application\/ld+json\" class=\"yoast-schema-graph\">{\"@context\":\"https:\/\/schema.org\",\"@graph\":[{\"@type\":\"Article\",\"@id\":\"https:\/\/jornalfatosenoticias.com.br\/index.php\/2026\/04\/30\/indenizacao-em-contratos-de-locacao-entra-na-base-do-irpj-no-lucro-presumido\/#article\",\"isPartOf\":{\"@id\":\"https:\/\/jornalfatosenoticias.com.br\/index.php\/2026\/04\/30\/indenizacao-em-contratos-de-locacao-entra-na-base-do-irpj-no-lucro-presumido\/\"},\"author\":{\"name\":\"Rogerio Fernandes e Kalyne Calais\",\"@id\":\"https:\/\/jornalfatosenoticias.com.br\/#\/schema\/person\/dbe3a29c2a0ae01a892d7aef31d6c0b6\"},\"headline\":\"Indeniza\u00e7\u00e3o em contratos de loca\u00e7\u00e3o entra na base do IRPJ no lucro presumido\",\"datePublished\":\"2026-04-30T12:42:18+00:00\",\"dateModified\":\"2026-04-30T12:42:19+00:00\",\"mainEntityOfPage\":{\"@id\":\"https:\/\/jornalfatosenoticias.com.br\/index.php\/2026\/04\/30\/indenizacao-em-contratos-de-locacao-entra-na-base-do-irpj-no-lucro-presumido\/\"},\"wordCount\":447,\"commentCount\":0,\"publisher\":{\"@id\":\"https:\/\/jornalfatosenoticias.com.br\/#organization\"},\"image\":{\"@id\":\"https:\/\/jornalfatosenoticias.com.br\/index.php\/2026\/04\/30\/indenizacao-em-contratos-de-locacao-entra-na-base-do-irpj-no-lucro-presumido\/#primaryimage\"},\"thumbnailUrl\":\"https:\/\/jornalfatosenoticias.com.br\/wp-content\/uploads\/2026\/04\/contratos-de-locacao-entra-na-base-do-IRPJ-no-lucro-presumido_istock.jpg\",\"keywords\":[\"contratos\",\"indeniza\u00e7\u00e3o\",\"IRPJ\",\"loca\u00e7\u00e3o\",\"Lucro Presumido\",\"Receita Federal\"],\"articleSection\":[\"Economia\"],\"inLanguage\":\"pt-BR\",\"potentialAction\":[{\"@type\":\"CommentAction\",\"name\":\"Comment\",\"target\":[\"https:\/\/jornalfatosenoticias.com.br\/index.php\/2026\/04\/30\/indenizacao-em-contratos-de-locacao-entra-na-base-do-irpj-no-lucro-presumido\/#respond\"]}]},{\"@type\":\"WebPage\",\"@id\":\"https:\/\/jornalfatosenoticias.com.br\/index.php\/2026\/04\/30\/indenizacao-em-contratos-de-locacao-entra-na-base-do-irpj-no-lucro-presumido\/\",\"url\":\"https:\/\/jornalfatosenoticias.com.br\/index.php\/2026\/04\/30\/indenizacao-em-contratos-de-locacao-entra-na-base-do-irpj-no-lucro-presumido\/\",\"name\":\"Indeniza\u00e7\u00e3o em contratos de loca\u00e7\u00e3o entra na base do IRPJ no lucro presumido - Jornal Fatos e Not\u00edcias\",\"isPartOf\":{\"@id\":\"https:\/\/jornalfatosenoticias.com.br\/#website\"},\"primaryImageOfPage\":{\"@id\":\"https:\/\/jornalfatosenoticias.com.br\/index.php\/2026\/04\/30\/indenizacao-em-contratos-de-locacao-entra-na-base-do-irpj-no-lucro-presumido\/#primaryimage\"},\"image\":{\"@id\":\"https:\/\/jornalfatosenoticias.com.br\/index.php\/2026\/04\/30\/indenizacao-em-contratos-de-locacao-entra-na-base-do-irpj-no-lucro-presumido\/#primaryimage\"},\"thumbnailUrl\":\"https:\/\/jornalfatosenoticias.com.br\/wp-content\/uploads\/2026\/04\/contratos-de-locacao-entra-na-base-do-IRPJ-no-lucro-presumido_istock.jpg\",\"datePublished\":\"2026-04-30T12:42:18+00:00\",\"dateModified\":\"2026-04-30T12:42:19+00:00\",\"breadcrumb\":{\"@id\":\"https:\/\/jornalfatosenoticias.com.br\/index.php\/2026\/04\/30\/indenizacao-em-contratos-de-locacao-entra-na-base-do-irpj-no-lucro-presumido\/#breadcrumb\"},\"inLanguage\":\"pt-BR\",\"potentialAction\":[{\"@type\":\"ReadAction\",\"target\":[\"https:\/\/jornalfatosenoticias.com.br\/index.php\/2026\/04\/30\/indenizacao-em-contratos-de-locacao-entra-na-base-do-irpj-no-lucro-presumido\/\"]}]},{\"@type\":\"ImageObject\",\"inLanguage\":\"pt-BR\",\"@id\":\"https:\/\/jornalfatosenoticias.com.br\/index.php\/2026\/04\/30\/indenizacao-em-contratos-de-locacao-entra-na-base-do-irpj-no-lucro-presumido\/#primaryimage\",\"url\":\"https:\/\/jornalfatosenoticias.com.br\/wp-content\/uploads\/2026\/04\/contratos-de-locacao-entra-na-base-do-IRPJ-no-lucro-presumido_istock.jpg\",\"contentUrl\":\"https:\/\/jornalfatosenoticias.com.br\/wp-content\/uploads\/2026\/04\/contratos-de-locacao-entra-na-base-do-IRPJ-no-lucro-presumido_istock.jpg\",\"width\":612,\"height\":408,\"caption\":\"Calculator magnifying glass and charts\"},{\"@type\":\"BreadcrumbList\",\"@id\":\"https:\/\/jornalfatosenoticias.com.br\/index.php\/2026\/04\/30\/indenizacao-em-contratos-de-locacao-entra-na-base-do-irpj-no-lucro-presumido\/#breadcrumb\",\"itemListElement\":[{\"@type\":\"ListItem\",\"position\":1,\"name\":\"In\u00edcio\",\"item\":\"https:\/\/jornalfatosenoticias.com.br\/\"},{\"@type\":\"ListItem\",\"position\":2,\"name\":\"Indeniza\u00e7\u00e3o em contratos de loca\u00e7\u00e3o entra na base do IRPJ no lucro presumido\"}]},{\"@type\":\"WebSite\",\"@id\":\"https:\/\/jornalfatosenoticias.com.br\/#website\",\"url\":\"https:\/\/jornalfatosenoticias.com.br\/\",\"name\":\"Jornal Fatos e Not\u00edcias\",\"description\":\"Not\u00edcias em geral\",\"publisher\":{\"@id\":\"https:\/\/jornalfatosenoticias.com.br\/#organization\"},\"potentialAction\":[{\"@type\":\"SearchAction\",\"target\":{\"@type\":\"EntryPoint\",\"urlTemplate\":\"https:\/\/jornalfatosenoticias.com.br\/?s={search_term_string}\"},\"query-input\":{\"@type\":\"PropertyValueSpecification\",\"valueRequired\":true,\"valueName\":\"search_term_string\"}}],\"inLanguage\":\"pt-BR\"},{\"@type\":\"Organization\",\"@id\":\"https:\/\/jornalfatosenoticias.com.br\/#organization\",\"name\":\"Jornal Fatos e Not\u00edcias\",\"url\":\"https:\/\/jornalfatosenoticias.com.br\/\",\"logo\":{\"@type\":\"ImageObject\",\"inLanguage\":\"pt-BR\",\"@id\":\"https:\/\/jornalfatosenoticias.com.br\/#\/schema\/logo\/image\/\",\"url\":\"https:\/\/jornalfatosenoticias.com.br\/wp-content\/uploads\/2020\/02\/logo120.png\",\"contentUrl\":\"https:\/\/jornalfatosenoticias.com.br\/wp-content\/uploads\/2020\/02\/logo120.png\",\"width\":1227,\"height\":120,\"caption\":\"Jornal Fatos e Not\u00edcias\"},\"image\":{\"@id\":\"https:\/\/jornalfatosenoticias.com.br\/#\/schema\/logo\/image\/\"}},{\"@type\":\"Person\",\"@id\":\"https:\/\/jornalfatosenoticias.com.br\/#\/schema\/person\/dbe3a29c2a0ae01a892d7aef31d6c0b6\",\"name\":\"Rogerio Fernandes e Kalyne Calais\",\"image\":{\"@type\":\"ImageObject\",\"inLanguage\":\"pt-BR\",\"@id\":\"https:\/\/jornalfatosenoticias.com.br\/#\/schema\/person\/image\/\",\"url\":\"https:\/\/jornalfatosenoticias.com.br\/wp-content\/uploads\/2026\/01\/Rogerio-Kalyne_PORTAL-1-150x150.jpeg\",\"contentUrl\":\"https:\/\/jornalfatosenoticias.com.br\/wp-content\/uploads\/2026\/01\/Rogerio-Kalyne_PORTAL-1-150x150.jpeg\",\"caption\":\"Rogerio Fernandes e Kalyne Calais\"},\"description\":\"Especialistas em Direito Tribut\u00e1rio Legis Juris Consultoria https:\/\/www.instagram.com\/kalynecalais\/ https:\/\/www.linkedin.com\/company\/legis-juris\/\",\"url\":\"https:\/\/jornalfatosenoticias.com.br\/index.php\/author\/rogerio-e-kalyne\/\"}]}<\/script>\n<!-- \/ Yoast SEO plugin. -->","yoast_head_json":{"title":"Indeniza\u00e7\u00e3o em contratos de loca\u00e7\u00e3o entra na base do IRPJ no lucro presumido - Jornal Fatos e Not\u00edcias","robots":{"index":"index","follow":"follow","max-snippet":"max-snippet:-1","max-image-preview":"max-image-preview:large","max-video-preview":"max-video-preview:-1"},"canonical":"https:\/\/jornalfatosenoticias.com.br\/index.php\/2026\/04\/30\/indenizacao-em-contratos-de-locacao-entra-na-base-do-irpj-no-lucro-presumido\/","og_locale":"pt_BR","og_type":"article","og_title":"Indeniza\u00e7\u00e3o em contratos de loca\u00e7\u00e3o entra na base do IRPJ no lucro presumido - Jornal Fatos e Not\u00edcias","og_description":"Uma recente interpreta\u00e7\u00e3o da Receita Federal trouxe um alerta importante para empresas que atuam com loca\u00e7\u00e3o de im\u00f3veis pr\u00f3prios: valores recebidos na rescis\u00e3o contratual podem ter impacto direto na tributa\u00e7\u00e3o.De acordo com a Solu\u00e7\u00e3o de Consulta COSIT n.\u00ba 61\/2026, quando a locat\u00e1ria paga valores \u00e0 pessoa jur\u00eddica locadora por descumprimento contratual especificamente nos casos em [&hellip;]","og_url":"https:\/\/jornalfatosenoticias.com.br\/index.php\/2026\/04\/30\/indenizacao-em-contratos-de-locacao-entra-na-base-do-irpj-no-lucro-presumido\/","og_site_name":"Jornal Fatos e Not\u00edcias","article_published_time":"2026-04-30T12:42:18+00:00","article_modified_time":"2026-04-30T12:42:19+00:00","og_image":[{"width":612,"height":408,"url":"https:\/\/jornalfatosenoticias.com.br\/wp-content\/uploads\/2026\/04\/contratos-de-locacao-entra-na-base-do-IRPJ-no-lucro-presumido_istock.jpg","type":"image\/jpeg"}],"author":"Rogerio Fernandes e Kalyne Calais","twitter_card":"summary_large_image","twitter_misc":{"Escrito por":"Rogerio Fernandes e Kalyne Calais","Est. tempo de leitura":"3 minutos"},"schema":{"@context":"https:\/\/schema.org","@graph":[{"@type":"Article","@id":"https:\/\/jornalfatosenoticias.com.br\/index.php\/2026\/04\/30\/indenizacao-em-contratos-de-locacao-entra-na-base-do-irpj-no-lucro-presumido\/#article","isPartOf":{"@id":"https:\/\/jornalfatosenoticias.com.br\/index.php\/2026\/04\/30\/indenizacao-em-contratos-de-locacao-entra-na-base-do-irpj-no-lucro-presumido\/"},"author":{"name":"Rogerio Fernandes e Kalyne Calais","@id":"https:\/\/jornalfatosenoticias.com.br\/#\/schema\/person\/dbe3a29c2a0ae01a892d7aef31d6c0b6"},"headline":"Indeniza\u00e7\u00e3o em contratos de loca\u00e7\u00e3o entra na base do IRPJ no lucro presumido","datePublished":"2026-04-30T12:42:18+00:00","dateModified":"2026-04-30T12:42:19+00:00","mainEntityOfPage":{"@id":"https:\/\/jornalfatosenoticias.com.br\/index.php\/2026\/04\/30\/indenizacao-em-contratos-de-locacao-entra-na-base-do-irpj-no-lucro-presumido\/"},"wordCount":447,"commentCount":0,"publisher":{"@id":"https:\/\/jornalfatosenoticias.com.br\/#organization"},"image":{"@id":"https:\/\/jornalfatosenoticias.com.br\/index.php\/2026\/04\/30\/indenizacao-em-contratos-de-locacao-entra-na-base-do-irpj-no-lucro-presumido\/#primaryimage"},"thumbnailUrl":"https:\/\/jornalfatosenoticias.com.br\/wp-content\/uploads\/2026\/04\/contratos-de-locacao-entra-na-base-do-IRPJ-no-lucro-presumido_istock.jpg","keywords":["contratos","indeniza\u00e7\u00e3o","IRPJ","loca\u00e7\u00e3o","Lucro Presumido","Receita Federal"],"articleSection":["Economia"],"inLanguage":"pt-BR","potentialAction":[{"@type":"CommentAction","name":"Comment","target":["https:\/\/jornalfatosenoticias.com.br\/index.php\/2026\/04\/30\/indenizacao-em-contratos-de-locacao-entra-na-base-do-irpj-no-lucro-presumido\/#respond"]}]},{"@type":"WebPage","@id":"https:\/\/jornalfatosenoticias.com.br\/index.php\/2026\/04\/30\/indenizacao-em-contratos-de-locacao-entra-na-base-do-irpj-no-lucro-presumido\/","url":"https:\/\/jornalfatosenoticias.com.br\/index.php\/2026\/04\/30\/indenizacao-em-contratos-de-locacao-entra-na-base-do-irpj-no-lucro-presumido\/","name":"Indeniza\u00e7\u00e3o em contratos de loca\u00e7\u00e3o entra na base do IRPJ no lucro presumido - Jornal Fatos e Not\u00edcias","isPartOf":{"@id":"https:\/\/jornalfatosenoticias.com.br\/#website"},"primaryImageOfPage":{"@id":"https:\/\/jornalfatosenoticias.com.br\/index.php\/2026\/04\/30\/indenizacao-em-contratos-de-locacao-entra-na-base-do-irpj-no-lucro-presumido\/#primaryimage"},"image":{"@id":"https:\/\/jornalfatosenoticias.com.br\/index.php\/2026\/04\/30\/indenizacao-em-contratos-de-locacao-entra-na-base-do-irpj-no-lucro-presumido\/#primaryimage"},"thumbnailUrl":"https:\/\/jornalfatosenoticias.com.br\/wp-content\/uploads\/2026\/04\/contratos-de-locacao-entra-na-base-do-IRPJ-no-lucro-presumido_istock.jpg","datePublished":"2026-04-30T12:42:18+00:00","dateModified":"2026-04-30T12:42:19+00:00","breadcrumb":{"@id":"https:\/\/jornalfatosenoticias.com.br\/index.php\/2026\/04\/30\/indenizacao-em-contratos-de-locacao-entra-na-base-do-irpj-no-lucro-presumido\/#breadcrumb"},"inLanguage":"pt-BR","potentialAction":[{"@type":"ReadAction","target":["https:\/\/jornalfatosenoticias.com.br\/index.php\/2026\/04\/30\/indenizacao-em-contratos-de-locacao-entra-na-base-do-irpj-no-lucro-presumido\/"]}]},{"@type":"ImageObject","inLanguage":"pt-BR","@id":"https:\/\/jornalfatosenoticias.com.br\/index.php\/2026\/04\/30\/indenizacao-em-contratos-de-locacao-entra-na-base-do-irpj-no-lucro-presumido\/#primaryimage","url":"https:\/\/jornalfatosenoticias.com.br\/wp-content\/uploads\/2026\/04\/contratos-de-locacao-entra-na-base-do-IRPJ-no-lucro-presumido_istock.jpg","contentUrl":"https:\/\/jornalfatosenoticias.com.br\/wp-content\/uploads\/2026\/04\/contratos-de-locacao-entra-na-base-do-IRPJ-no-lucro-presumido_istock.jpg","width":612,"height":408,"caption":"Calculator magnifying glass and charts"},{"@type":"BreadcrumbList","@id":"https:\/\/jornalfatosenoticias.com.br\/index.php\/2026\/04\/30\/indenizacao-em-contratos-de-locacao-entra-na-base-do-irpj-no-lucro-presumido\/#breadcrumb","itemListElement":[{"@type":"ListItem","position":1,"name":"In\u00edcio","item":"https:\/\/jornalfatosenoticias.com.br\/"},{"@type":"ListItem","position":2,"name":"Indeniza\u00e7\u00e3o em contratos de loca\u00e7\u00e3o entra na base do IRPJ no lucro presumido"}]},{"@type":"WebSite","@id":"https:\/\/jornalfatosenoticias.com.br\/#website","url":"https:\/\/jornalfatosenoticias.com.br\/","name":"Jornal Fatos e Not\u00edcias","description":"Not\u00edcias em geral","publisher":{"@id":"https:\/\/jornalfatosenoticias.com.br\/#organization"},"potentialAction":[{"@type":"SearchAction","target":{"@type":"EntryPoint","urlTemplate":"https:\/\/jornalfatosenoticias.com.br\/?s={search_term_string}"},"query-input":{"@type":"PropertyValueSpecification","valueRequired":true,"valueName":"search_term_string"}}],"inLanguage":"pt-BR"},{"@type":"Organization","@id":"https:\/\/jornalfatosenoticias.com.br\/#organization","name":"Jornal Fatos e Not\u00edcias","url":"https:\/\/jornalfatosenoticias.com.br\/","logo":{"@type":"ImageObject","inLanguage":"pt-BR","@id":"https:\/\/jornalfatosenoticias.com.br\/#\/schema\/logo\/image\/","url":"https:\/\/jornalfatosenoticias.com.br\/wp-content\/uploads\/2020\/02\/logo120.png","contentUrl":"https:\/\/jornalfatosenoticias.com.br\/wp-content\/uploads\/2020\/02\/logo120.png","width":1227,"height":120,"caption":"Jornal Fatos e Not\u00edcias"},"image":{"@id":"https:\/\/jornalfatosenoticias.com.br\/#\/schema\/logo\/image\/"}},{"@type":"Person","@id":"https:\/\/jornalfatosenoticias.com.br\/#\/schema\/person\/dbe3a29c2a0ae01a892d7aef31d6c0b6","name":"Rogerio Fernandes e Kalyne Calais","image":{"@type":"ImageObject","inLanguage":"pt-BR","@id":"https:\/\/jornalfatosenoticias.com.br\/#\/schema\/person\/image\/","url":"https:\/\/jornalfatosenoticias.com.br\/wp-content\/uploads\/2026\/01\/Rogerio-Kalyne_PORTAL-1-150x150.jpeg","contentUrl":"https:\/\/jornalfatosenoticias.com.br\/wp-content\/uploads\/2026\/01\/Rogerio-Kalyne_PORTAL-1-150x150.jpeg","caption":"Rogerio Fernandes e Kalyne Calais"},"description":"Especialistas em Direito Tribut\u00e1rio Legis Juris Consultoria https:\/\/www.instagram.com\/kalynecalais\/ https:\/\/www.linkedin.com\/company\/legis-juris\/","url":"https:\/\/jornalfatosenoticias.com.br\/index.php\/author\/rogerio-e-kalyne\/"}]}},"cc_featured_image_caption":{"caption_text":"(Foto: iStock)","source_text":"","source_url":""},"jetpack_featured_media_url":"https:\/\/jornalfatosenoticias.com.br\/wp-content\/uploads\/2026\/04\/contratos-de-locacao-entra-na-base-do-IRPJ-no-lucro-presumido_istock.jpg","_links":{"self":[{"href":"https:\/\/jornalfatosenoticias.com.br\/index.php\/wp-json\/wp\/v2\/posts\/66785","targetHints":{"allow":["GET"]}}],"collection":[{"href":"https:\/\/jornalfatosenoticias.com.br\/index.php\/wp-json\/wp\/v2\/posts"}],"about":[{"href":"https:\/\/jornalfatosenoticias.com.br\/index.php\/wp-json\/wp\/v2\/types\/post"}],"author":[{"embeddable":true,"href":"https:\/\/jornalfatosenoticias.com.br\/index.php\/wp-json\/wp\/v2\/users\/39"}],"replies":[{"embeddable":true,"href":"https:\/\/jornalfatosenoticias.com.br\/index.php\/wp-json\/wp\/v2\/comments?post=66785"}],"version-history":[{"count":1,"href":"https:\/\/jornalfatosenoticias.com.br\/index.php\/wp-json\/wp\/v2\/posts\/66785\/revisions"}],"predecessor-version":[{"id":66787,"href":"https:\/\/jornalfatosenoticias.com.br\/index.php\/wp-json\/wp\/v2\/posts\/66785\/revisions\/66787"}],"wp:featuredmedia":[{"embeddable":true,"href":"https:\/\/jornalfatosenoticias.com.br\/index.php\/wp-json\/wp\/v2\/media\/66786"}],"wp:attachment":[{"href":"https:\/\/jornalfatosenoticias.com.br\/index.php\/wp-json\/wp\/v2\/media?parent=66785"}],"wp:term":[{"taxonomy":"category","embeddable":true,"href":"https:\/\/jornalfatosenoticias.com.br\/index.php\/wp-json\/wp\/v2\/categories?post=66785"},{"taxonomy":"post_tag","embeddable":true,"href":"https:\/\/jornalfatosenoticias.com.br\/index.php\/wp-json\/wp\/v2\/tags?post=66785"}],"curies":[{"name":"wp","href":"https:\/\/api.w.org\/{rel}","templated":true}]}}