{"id":66797,"date":"2026-04-30T10:30:06","date_gmt":"2026-04-30T13:30:06","guid":{"rendered":"https:\/\/jornalfatosenoticias.com.br\/?p=66797"},"modified":"2026-04-30T10:30:08","modified_gmt":"2026-04-30T13:30:08","slug":"setor-metalmecanico-no-espirito-santo","status":"publish","type":"post","link":"https:\/\/jornalfatosenoticias.com.br\/index.php\/2026\/04\/30\/setor-metalmecanico-no-espirito-santo\/","title":{"rendered":"Setor metalmec\u00e2nico no Esp\u00edrito Santo"},"content":{"rendered":"\n<p><em><mark style=\"background-color:rgba(0, 0, 0, 0)\" class=\"has-inline-color has-black-color\">Inova\u00e7\u00e3o, qualifica\u00e7\u00e3o e integra\u00e7\u00e3o tecnol\u00f3gica<\/mark><\/em><\/p>\n\n\n\n<p>O <strong><a href=\"https:\/\/online.fliphtml5.com\/ywlkz\/yqwp\/\">setor metalmec\u00e2nico capixaba<\/a><\/strong> vive um momento decisivo. Em meio a transforma\u00e7\u00f5es globais impulsionadas pela digitaliza\u00e7\u00e3o, pela transi\u00e7\u00e3o energ\u00e9tica e pela crescente exig\u00eancia por produtividade, as ind\u00fastrias do Esp\u00edrito Santo s\u00e3o desafiadas a ir al\u00e9m da efici\u00eancia operacional: precisam inovar, qualificar pessoas e integrar tecnologias de forma estrat\u00e9gica.<br>Historicamente, o Esp\u00edrito Santo consolidou sua relev\u00e2ncia industrial apoiado em cadeias robustas como siderurgia, minera\u00e7\u00e3o, petr\u00f3leo e log\u00edstica. Nesse contexto, o segmento metalmec\u00e2nico sempre desempenhou um papel essencial como elo entre grandes ind\u00fastrias e a cadeia de fornecedores. Hoje, por\u00e9m, esse papel evolui \u2014 deixa de ser apenas suporte e passa a ser protagonista na gera\u00e7\u00e3o de valor.<\/p>\n\n\n\n<p><strong><mark style=\"background-color:rgba(0, 0, 0, 0)\" class=\"has-inline-color has-black-color\">Inova\u00e7\u00e3o como diferencial competitivo<br><\/mark><\/strong>Falar em inova\u00e7\u00e3o no setor metalmec\u00e2nico n\u00e3o significa apenas adotar m\u00e1quinas mais modernas. Trata-se de repensar processos, modelos de neg\u00f3cio e at\u00e9 a forma como as empresas se posicionam no mercado. No Esp\u00edrito Santo, j\u00e1 \u00e9 poss\u00edvel observar movimentos consistentes nessa dire\u00e7\u00e3o. Empresas t\u00eam investido em automa\u00e7\u00e3o, manufatura avan\u00e7ada e uso de dados para tomada de decis\u00e3o. Tecnologias como Internet das Coisas (IoT), manuten\u00e7\u00e3o preditiva e integra\u00e7\u00e3o de sistemas produtivos come\u00e7am a deixar de ser tend\u00eancias e passam a compor a realidade de parte do setor.<br>Mas \u00e9 importante ser direto: inova\u00e7\u00e3o n\u00e3o \u00e9 sobre tecnologia cara \u2014 \u00e9 sobre resolver problemas reais. Muitas vezes, ganhos significativos v\u00eam de melhorias simples, quando h\u00e1 cultura de inova\u00e7\u00e3o instalada e lideran\u00e7a comprometida.<\/p>\n\n\n<div class=\"wp-block-image\">\n<figure class=\"aligncenter size-full is-resized\"><a href=\"https:\/\/www.delpupometalmecanica.com.br\/\"><img loading=\"lazy\" decoding=\"async\" width=\"1000\" height=\"525\" src=\"https:\/\/jornalfatosenoticias.com.br\/wp-content\/uploads\/2026\/01\/delpupo-logo.jpg\" alt=\"\" class=\"wp-image-64770\" style=\"aspect-ratio:1.9048293944655068;width:509px;height:auto\" srcset=\"https:\/\/jornalfatosenoticias.com.br\/wp-content\/uploads\/2026\/01\/delpupo-logo.jpg 1000w, https:\/\/jornalfatosenoticias.com.br\/wp-content\/uploads\/2026\/01\/delpupo-logo-300x158.jpg 300w, https:\/\/jornalfatosenoticias.com.br\/wp-content\/uploads\/2026\/01\/delpupo-logo-768x403.jpg 768w\" sizes=\"auto, (max-width: 1000px) 100vw, 1000px\" \/><\/a><\/figure>\n<\/div>\n\n\n<p><strong><mark style=\"background-color:rgba(0, 0, 0, 0)\" class=\"has-inline-color has-black-color\">O desafio da qualifica\u00e7\u00e3o profissional<br><\/mark><\/strong>Se h\u00e1 um ponto cr\u00edtico \u2014 e tamb\u00e9m uma grande oportunidade \u2014 \u00e9 a qualifica\u00e7\u00e3o da m\u00e3o de obra. A evolu\u00e7\u00e3o tecnol\u00f3gica exige profissionais com novas compet\u00eancias: n\u00e3o apenas t\u00e9cnicas, mas tamb\u00e9m anal\u00edticas, digitais e comportamentais. <br>O perfil do trabalhador metalmec\u00e2nico mudou. Hoje, ele precisa interpretar dados, operar sistemas integrados e entender processos de forma mais ampla. Isso exige um esfor\u00e7o conjunto entre empresas, institui\u00e7\u00f5es de ensino e entidades de classe.<br>No Esp\u00edrito Santo, iniciativas de capacita\u00e7\u00e3o v\u00eam ganhando for\u00e7a, mas ainda h\u00e1 um descompasso entre a velocidade das mudan\u00e7as tecnol\u00f3gicas e a forma\u00e7\u00e3o profissional dispon\u00edvel. Reduzir essa lacuna n\u00e3o \u00e9 opcional \u2014 \u00e9 condi\u00e7\u00e3o para a competitividade do setor.<br>Empresas que investem em treinamento cont\u00ednuo, aprendizagem interna e parcerias educacionais est\u00e3o, na pr\u00e1tica, garantindo sua sustentabilidade no m\u00e9dio e longo prazo.<\/p>\n\n\n<div class=\"wp-block-image\">\n<figure class=\"aligncenter size-full\"><img loading=\"lazy\" decoding=\"async\" width=\"666\" height=\"1000\" src=\"https:\/\/jornalfatosenoticias.com.br\/wp-content\/uploads\/2026\/04\/texto-Milena_ChatGPT-Image.png\" alt=\"\" class=\"wp-image-66798\" srcset=\"https:\/\/jornalfatosenoticias.com.br\/wp-content\/uploads\/2026\/04\/texto-Milena_ChatGPT-Image.png 666w, https:\/\/jornalfatosenoticias.com.br\/wp-content\/uploads\/2026\/04\/texto-Milena_ChatGPT-Image-200x300.png 200w\" sizes=\"auto, (max-width: 666px) 100vw, 666px\" \/><figcaption class=\"wp-element-caption\"><em><mark style=\"background-color:rgba(0, 0, 0, 0)\" class=\"has-inline-color has-black-color\">(Foto: ChatGPT)<\/mark><\/em><\/figcaption><\/figure>\n<\/div>\n\n\n<p><strong><mark style=\"background-color:rgba(0, 0, 0, 0)\" class=\"has-inline-color has-black-color\">Integra\u00e7\u00e3o tecnol\u00f3gica: o pr\u00f3ximo passo<br><\/mark><\/strong>Outro aspecto fundamental \u00e9 a integra\u00e7\u00e3o tecnol\u00f3gica. N\u00e3o basta adotar solu\u00e7\u00f5es isoladas \u2014 o verdadeiro ganho est\u00e1 na conex\u00e3o entre sistemas, processos e pessoas. A chamada Ind\u00fastria 4.0 traz exatamente essa proposta: criar ambientes produtivos inteligentes, onde m\u00e1quinas, softwares e equipes operam de forma sincronizada. No setor metalmec\u00e2nico capixaba, esse movimento ainda est\u00e1 em fase de amadurecimento, mas j\u00e1 mostra sinais claros de avan\u00e7o.<br>A integra\u00e7\u00e3o permite maior rastreabilidade, redu\u00e7\u00e3o de desperd\u00edcios, aumento da produtividade e tomada de decis\u00e3o em tempo real. Em um cen\u00e1rio competitivo, isso deixa de ser diferencial e passa a ser requisito.<\/p>\n\n\n\n<p><strong><mark style=\"background-color:rgba(0, 0, 0, 0)\" class=\"has-inline-color has-black-color\">Coopera\u00e7\u00e3o como estrat\u00e9gia<br><\/mark><\/strong>Um ponto que merece destaque \u00e9 a necessidade de maior integra\u00e7\u00e3o entre empresas. O fortalecimento de redes, clusters e parcerias pode acelerar o desenvolvimento tecnol\u00f3gico e ampliar a competitividade do setor como um todo.<br>Nenhuma empresa evolui sozinha. A troca de conhecimento, a colabora\u00e7\u00e3o entre fornecedores e a conex\u00e3o com centros de pesquisa s\u00e3o caminhos cada vez mais relevantes. O Esp\u00edrito Santo tem uma vantagem importante: seu tamanho permite articula\u00e7\u00e3o mais \u00e1gil entre os diferentes atores do ecossistema industrial. Aproveitar esse potencial pode ser um divisor de \u00e1guas.<\/p>\n\n\n<div class=\"wp-block-image\">\n<figure class=\"aligncenter size-full is-resized\"><a href=\"https:\/\/www.controlsystems.com.br\/\"><img loading=\"lazy\" decoding=\"async\" width=\"834\" height=\"1000\" src=\"https:\/\/jornalfatosenoticias.com.br\/wp-content\/uploads\/2020\/02\/CONTROL-CS.jpg\" alt=\"\" class=\"wp-image-44991\" style=\"aspect-ratio:0.8340104378261821;width:254px;height:auto\" srcset=\"https:\/\/jornalfatosenoticias.com.br\/wp-content\/uploads\/2020\/02\/CONTROL-CS.jpg 834w, https:\/\/jornalfatosenoticias.com.br\/wp-content\/uploads\/2020\/02\/CONTROL-CS-250x300.jpg 250w, https:\/\/jornalfatosenoticias.com.br\/wp-content\/uploads\/2020\/02\/CONTROL-CS-768x921.jpg 768w\" sizes=\"auto, (max-width: 834px) 100vw, 834px\" \/><\/a><\/figure>\n<\/div>\n\n\n<p><strong><mark style=\"background-color:rgba(0, 0, 0, 0)\" class=\"has-inline-color has-black-color\">Um setor em transforma\u00e7\u00e3o<br><\/mark><\/strong>O setor metalmec\u00e2nico no Esp\u00edrito Santo n\u00e3o est\u00e1 parado \u2014 est\u00e1 em transforma\u00e7\u00e3o. E essa transforma\u00e7\u00e3o n\u00e3o \u00e9 opcional, \u00e9 inevit\u00e1vel. Empresas que compreenderem o momento e agirem com estrat\u00e9gia tendem a se posicionar melhor em um mercado cada vez mais exigente. Isso passa por tr\u00eas pilares claros: inovar com prop\u00f3sito, qualificar pessoas continuamente e integrar tecnologias de forma inteligente.<br>No fim das contas, n\u00e3o se trata apenas de acompanhar tend\u00eancias, mas de construir um setor mais resiliente, competitivo e preparado para o futuro. O Esp\u00edrito Santo tem base industrial, tem capacidade t\u00e9cnica e tem potencial humano. O desafio agora \u00e9 alinhar esses ativos com uma vis\u00e3o moderna e integrada. Quem fizer isso primeiro n\u00e3o apenas sobreviver\u00e1 \u2014 liderar\u00e1.<\/p>\n","protected":false},"excerpt":{"rendered":"<p>Inova\u00e7\u00e3o, qualifica\u00e7\u00e3o e integra\u00e7\u00e3o tecnol\u00f3gica O setor metalmec\u00e2nico capixaba vive um momento decisivo. Em meio a transforma\u00e7\u00f5es globais impulsionadas pela digitaliza\u00e7\u00e3o, pela transi\u00e7\u00e3o energ\u00e9tica e pela crescente exig\u00eancia por produtividade, as ind\u00fastrias do Esp\u00edrito Santo s\u00e3o desafiadas a ir al\u00e9m da efici\u00eancia operacional: precisam inovar, qualificar pessoas e integrar tecnologias de forma estrat\u00e9gica.Historicamente, o Esp\u00edrito [&hellip;]<\/p>\n","protected":false},"author":37,"featured_media":66799,"comment_status":"open","ping_status":"open","sticky":false,"template":"","format":"standard","meta":{"footnotes":""},"categories":[29604],"tags":[100,2730,10600,736,13544,30407,26335],"class_list":["post-66797","post","type-post","status-publish","format-standard","has-post-thumbnail","hentry","category-siderurgia-metalurgia","tag-espirito-santo","tag-logistica","tag-mineracao","tag-petroleo","tag-qualificacao-profissional","tag-setor-metalmecanico-capixaba","tag-siderurgia"],"yoast_head":"<!-- This site is optimized with the Yoast SEO plugin v26.5 - https:\/\/yoast.com\/wordpress\/plugins\/seo\/ -->\n<title>Setor metalmec\u00e2nico no Esp\u00edrito Santo - Jornal Fatos e Not\u00edcias<\/title>\n<meta name=\"robots\" content=\"index, follow, max-snippet:-1, max-image-preview:large, max-video-preview:-1\" \/>\n<link rel=\"canonical\" href=\"https:\/\/jornalfatosenoticias.com.br\/index.php\/2026\/04\/30\/setor-metalmecanico-no-espirito-santo\/\" \/>\n<meta property=\"og:locale\" content=\"pt_BR\" \/>\n<meta property=\"og:type\" content=\"article\" \/>\n<meta property=\"og:title\" content=\"Setor metalmec\u00e2nico no Esp\u00edrito Santo - Jornal Fatos e Not\u00edcias\" \/>\n<meta property=\"og:description\" content=\"Inova\u00e7\u00e3o, qualifica\u00e7\u00e3o e integra\u00e7\u00e3o tecnol\u00f3gica O setor metalmec\u00e2nico capixaba vive um momento decisivo. Em meio a transforma\u00e7\u00f5es globais impulsionadas pela digitaliza\u00e7\u00e3o, pela transi\u00e7\u00e3o energ\u00e9tica e pela crescente exig\u00eancia por produtividade, as ind\u00fastrias do Esp\u00edrito Santo s\u00e3o desafiadas a ir al\u00e9m da efici\u00eancia operacional: precisam inovar, qualificar pessoas e integrar tecnologias de forma estrat\u00e9gica.Historicamente, o Esp\u00edrito [&hellip;]\" \/>\n<meta property=\"og:url\" content=\"https:\/\/jornalfatosenoticias.com.br\/index.php\/2026\/04\/30\/setor-metalmecanico-no-espirito-santo\/\" \/>\n<meta property=\"og:site_name\" content=\"Jornal Fatos e Not\u00edcias\" \/>\n<meta property=\"article:published_time\" content=\"2026-04-30T13:30:06+00:00\" \/>\n<meta property=\"article:modified_time\" content=\"2026-04-30T13:30:08+00:00\" \/>\n<meta property=\"og:image\" content=\"https:\/\/jornalfatosenoticias.com.br\/wp-content\/uploads\/2026\/04\/Texto-Milena_gerada-por-IA.png\" \/>\n\t<meta property=\"og:image:width\" content=\"1000\" \/>\n\t<meta property=\"og:image:height\" content=\"545\" \/>\n\t<meta property=\"og:image:type\" content=\"image\/png\" \/>\n<meta name=\"author\" content=\"Milena Rohr\" \/>\n<meta name=\"twitter:card\" content=\"summary_large_image\" \/>\n<meta name=\"twitter:label1\" content=\"Escrito por\" \/>\n\t<meta name=\"twitter:data1\" content=\"Milena Rohr\" \/>\n\t<meta name=\"twitter:label2\" content=\"Est. tempo de leitura\" \/>\n\t<meta name=\"twitter:data2\" content=\"5 minutos\" \/>\n<script type=\"application\/ld+json\" class=\"yoast-schema-graph\">{\"@context\":\"https:\/\/schema.org\",\"@graph\":[{\"@type\":\"Article\",\"@id\":\"https:\/\/jornalfatosenoticias.com.br\/index.php\/2026\/04\/30\/setor-metalmecanico-no-espirito-santo\/#article\",\"isPartOf\":{\"@id\":\"https:\/\/jornalfatosenoticias.com.br\/index.php\/2026\/04\/30\/setor-metalmecanico-no-espirito-santo\/\"},\"author\":{\"name\":\"Milena Rohr\",\"@id\":\"https:\/\/jornalfatosenoticias.com.br\/#\/schema\/person\/bd76a40517f387e41cc072b0d3c7d627\"},\"headline\":\"Setor metalmec\u00e2nico no Esp\u00edrito Santo\",\"datePublished\":\"2026-04-30T13:30:06+00:00\",\"dateModified\":\"2026-04-30T13:30:08+00:00\",\"mainEntityOfPage\":{\"@id\":\"https:\/\/jornalfatosenoticias.com.br\/index.php\/2026\/04\/30\/setor-metalmecanico-no-espirito-santo\/\"},\"wordCount\":794,\"commentCount\":0,\"publisher\":{\"@id\":\"https:\/\/jornalfatosenoticias.com.br\/#organization\"},\"image\":{\"@id\":\"https:\/\/jornalfatosenoticias.com.br\/index.php\/2026\/04\/30\/setor-metalmecanico-no-espirito-santo\/#primaryimage\"},\"thumbnailUrl\":\"https:\/\/jornalfatosenoticias.com.br\/wp-content\/uploads\/2026\/04\/Texto-Milena_gerada-por-IA.png\",\"keywords\":[\"Esp\u00edrito Santo\",\"log\u00edstica\",\"minera\u00e7\u00e3o\",\"petr\u00f3leo\",\"qualifica\u00e7\u00e3o profissional\",\"setor metalmec\u00e2nico capixaba\",\"SIDERURGIA\"],\"articleSection\":[\"Siderurgia &amp; Metalurgia\"],\"inLanguage\":\"pt-BR\",\"potentialAction\":[{\"@type\":\"CommentAction\",\"name\":\"Comment\",\"target\":[\"https:\/\/jornalfatosenoticias.com.br\/index.php\/2026\/04\/30\/setor-metalmecanico-no-espirito-santo\/#respond\"]}]},{\"@type\":\"WebPage\",\"@id\":\"https:\/\/jornalfatosenoticias.com.br\/index.php\/2026\/04\/30\/setor-metalmecanico-no-espirito-santo\/\",\"url\":\"https:\/\/jornalfatosenoticias.com.br\/index.php\/2026\/04\/30\/setor-metalmecanico-no-espirito-santo\/\",\"name\":\"Setor metalmec\u00e2nico no Esp\u00edrito Santo - Jornal Fatos e Not\u00edcias\",\"isPartOf\":{\"@id\":\"https:\/\/jornalfatosenoticias.com.br\/#website\"},\"primaryImageOfPage\":{\"@id\":\"https:\/\/jornalfatosenoticias.com.br\/index.php\/2026\/04\/30\/setor-metalmecanico-no-espirito-santo\/#primaryimage\"},\"image\":{\"@id\":\"https:\/\/jornalfatosenoticias.com.br\/index.php\/2026\/04\/30\/setor-metalmecanico-no-espirito-santo\/#primaryimage\"},\"thumbnailUrl\":\"https:\/\/jornalfatosenoticias.com.br\/wp-content\/uploads\/2026\/04\/Texto-Milena_gerada-por-IA.png\",\"datePublished\":\"2026-04-30T13:30:06+00:00\",\"dateModified\":\"2026-04-30T13:30:08+00:00\",\"breadcrumb\":{\"@id\":\"https:\/\/jornalfatosenoticias.com.br\/index.php\/2026\/04\/30\/setor-metalmecanico-no-espirito-santo\/#breadcrumb\"},\"inLanguage\":\"pt-BR\",\"potentialAction\":[{\"@type\":\"ReadAction\",\"target\":[\"https:\/\/jornalfatosenoticias.com.br\/index.php\/2026\/04\/30\/setor-metalmecanico-no-espirito-santo\/\"]}]},{\"@type\":\"ImageObject\",\"inLanguage\":\"pt-BR\",\"@id\":\"https:\/\/jornalfatosenoticias.com.br\/index.php\/2026\/04\/30\/setor-metalmecanico-no-espirito-santo\/#primaryimage\",\"url\":\"https:\/\/jornalfatosenoticias.com.br\/wp-content\/uploads\/2026\/04\/Texto-Milena_gerada-por-IA.png\",\"contentUrl\":\"https:\/\/jornalfatosenoticias.com.br\/wp-content\/uploads\/2026\/04\/Texto-Milena_gerada-por-IA.png\",\"width\":1000,\"height\":545},{\"@type\":\"BreadcrumbList\",\"@id\":\"https:\/\/jornalfatosenoticias.com.br\/index.php\/2026\/04\/30\/setor-metalmecanico-no-espirito-santo\/#breadcrumb\",\"itemListElement\":[{\"@type\":\"ListItem\",\"position\":1,\"name\":\"In\u00edcio\",\"item\":\"https:\/\/jornalfatosenoticias.com.br\/\"},{\"@type\":\"ListItem\",\"position\":2,\"name\":\"Setor metalmec\u00e2nico no Esp\u00edrito Santo\"}]},{\"@type\":\"WebSite\",\"@id\":\"https:\/\/jornalfatosenoticias.com.br\/#website\",\"url\":\"https:\/\/jornalfatosenoticias.com.br\/\",\"name\":\"Jornal Fatos e Not\u00edcias\",\"description\":\"Not\u00edcias em geral\",\"publisher\":{\"@id\":\"https:\/\/jornalfatosenoticias.com.br\/#organization\"},\"potentialAction\":[{\"@type\":\"SearchAction\",\"target\":{\"@type\":\"EntryPoint\",\"urlTemplate\":\"https:\/\/jornalfatosenoticias.com.br\/?s={search_term_string}\"},\"query-input\":{\"@type\":\"PropertyValueSpecification\",\"valueRequired\":true,\"valueName\":\"search_term_string\"}}],\"inLanguage\":\"pt-BR\"},{\"@type\":\"Organization\",\"@id\":\"https:\/\/jornalfatosenoticias.com.br\/#organization\",\"name\":\"Jornal Fatos e Not\u00edcias\",\"url\":\"https:\/\/jornalfatosenoticias.com.br\/\",\"logo\":{\"@type\":\"ImageObject\",\"inLanguage\":\"pt-BR\",\"@id\":\"https:\/\/jornalfatosenoticias.com.br\/#\/schema\/logo\/image\/\",\"url\":\"https:\/\/jornalfatosenoticias.com.br\/wp-content\/uploads\/2020\/02\/logo120.png\",\"contentUrl\":\"https:\/\/jornalfatosenoticias.com.br\/wp-content\/uploads\/2020\/02\/logo120.png\",\"width\":1227,\"height\":120,\"caption\":\"Jornal Fatos e Not\u00edcias\"},\"image\":{\"@id\":\"https:\/\/jornalfatosenoticias.com.br\/#\/schema\/logo\/image\/\"}},{\"@type\":\"Person\",\"@id\":\"https:\/\/jornalfatosenoticias.com.br\/#\/schema\/person\/bd76a40517f387e41cc072b0d3c7d627\",\"name\":\"Milena Rohr\",\"image\":{\"@type\":\"ImageObject\",\"inLanguage\":\"pt-BR\",\"@id\":\"https:\/\/jornalfatosenoticias.com.br\/#\/schema\/person\/image\/\",\"url\":\"https:\/\/jornalfatosenoticias.com.br\/wp-content\/uploads\/2026\/03\/Milena-Rohr_portal-150x150.jpg\",\"contentUrl\":\"https:\/\/jornalfatosenoticias.com.br\/wp-content\/uploads\/2026\/03\/Milena-Rohr_portal-150x150.jpg\",\"caption\":\"Milena Rohr\"},\"description\":\"Milena Rohr S\u00f3cia e diretora do MasterMind (Funda\u00e7\u00e3o Napoleon Hill), Gestora Empresarial, Embaixadora do BNI, Palestrante, Escritora, Colunista e Mentora FRST do Grupo Falconi\",\"url\":\"https:\/\/jornalfatosenoticias.com.br\/index.php\/author\/milena-rhor\/\"}]}<\/script>\n<!-- \/ Yoast SEO plugin. -->","yoast_head_json":{"title":"Setor metalmec\u00e2nico no Esp\u00edrito Santo - Jornal Fatos e Not\u00edcias","robots":{"index":"index","follow":"follow","max-snippet":"max-snippet:-1","max-image-preview":"max-image-preview:large","max-video-preview":"max-video-preview:-1"},"canonical":"https:\/\/jornalfatosenoticias.com.br\/index.php\/2026\/04\/30\/setor-metalmecanico-no-espirito-santo\/","og_locale":"pt_BR","og_type":"article","og_title":"Setor metalmec\u00e2nico no Esp\u00edrito Santo - Jornal Fatos e Not\u00edcias","og_description":"Inova\u00e7\u00e3o, qualifica\u00e7\u00e3o e integra\u00e7\u00e3o tecnol\u00f3gica O setor metalmec\u00e2nico capixaba vive um momento decisivo. Em meio a transforma\u00e7\u00f5es globais impulsionadas pela digitaliza\u00e7\u00e3o, pela transi\u00e7\u00e3o energ\u00e9tica e pela crescente exig\u00eancia por produtividade, as ind\u00fastrias do Esp\u00edrito Santo s\u00e3o desafiadas a ir al\u00e9m da efici\u00eancia operacional: precisam inovar, qualificar pessoas e integrar tecnologias de forma estrat\u00e9gica.Historicamente, o Esp\u00edrito [&hellip;]","og_url":"https:\/\/jornalfatosenoticias.com.br\/index.php\/2026\/04\/30\/setor-metalmecanico-no-espirito-santo\/","og_site_name":"Jornal Fatos e Not\u00edcias","article_published_time":"2026-04-30T13:30:06+00:00","article_modified_time":"2026-04-30T13:30:08+00:00","og_image":[{"width":1000,"height":545,"url":"https:\/\/jornalfatosenoticias.com.br\/wp-content\/uploads\/2026\/04\/Texto-Milena_gerada-por-IA.png","type":"image\/png"}],"author":"Milena Rohr","twitter_card":"summary_large_image","twitter_misc":{"Escrito por":"Milena Rohr","Est. tempo de leitura":"5 minutos"},"schema":{"@context":"https:\/\/schema.org","@graph":[{"@type":"Article","@id":"https:\/\/jornalfatosenoticias.com.br\/index.php\/2026\/04\/30\/setor-metalmecanico-no-espirito-santo\/#article","isPartOf":{"@id":"https:\/\/jornalfatosenoticias.com.br\/index.php\/2026\/04\/30\/setor-metalmecanico-no-espirito-santo\/"},"author":{"name":"Milena Rohr","@id":"https:\/\/jornalfatosenoticias.com.br\/#\/schema\/person\/bd76a40517f387e41cc072b0d3c7d627"},"headline":"Setor metalmec\u00e2nico no Esp\u00edrito Santo","datePublished":"2026-04-30T13:30:06+00:00","dateModified":"2026-04-30T13:30:08+00:00","mainEntityOfPage":{"@id":"https:\/\/jornalfatosenoticias.com.br\/index.php\/2026\/04\/30\/setor-metalmecanico-no-espirito-santo\/"},"wordCount":794,"commentCount":0,"publisher":{"@id":"https:\/\/jornalfatosenoticias.com.br\/#organization"},"image":{"@id":"https:\/\/jornalfatosenoticias.com.br\/index.php\/2026\/04\/30\/setor-metalmecanico-no-espirito-santo\/#primaryimage"},"thumbnailUrl":"https:\/\/jornalfatosenoticias.com.br\/wp-content\/uploads\/2026\/04\/Texto-Milena_gerada-por-IA.png","keywords":["Esp\u00edrito Santo","log\u00edstica","minera\u00e7\u00e3o","petr\u00f3leo","qualifica\u00e7\u00e3o profissional","setor metalmec\u00e2nico capixaba","SIDERURGIA"],"articleSection":["Siderurgia &amp; Metalurgia"],"inLanguage":"pt-BR","potentialAction":[{"@type":"CommentAction","name":"Comment","target":["https:\/\/jornalfatosenoticias.com.br\/index.php\/2026\/04\/30\/setor-metalmecanico-no-espirito-santo\/#respond"]}]},{"@type":"WebPage","@id":"https:\/\/jornalfatosenoticias.com.br\/index.php\/2026\/04\/30\/setor-metalmecanico-no-espirito-santo\/","url":"https:\/\/jornalfatosenoticias.com.br\/index.php\/2026\/04\/30\/setor-metalmecanico-no-espirito-santo\/","name":"Setor metalmec\u00e2nico no Esp\u00edrito Santo - Jornal Fatos e Not\u00edcias","isPartOf":{"@id":"https:\/\/jornalfatosenoticias.com.br\/#website"},"primaryImageOfPage":{"@id":"https:\/\/jornalfatosenoticias.com.br\/index.php\/2026\/04\/30\/setor-metalmecanico-no-espirito-santo\/#primaryimage"},"image":{"@id":"https:\/\/jornalfatosenoticias.com.br\/index.php\/2026\/04\/30\/setor-metalmecanico-no-espirito-santo\/#primaryimage"},"thumbnailUrl":"https:\/\/jornalfatosenoticias.com.br\/wp-content\/uploads\/2026\/04\/Texto-Milena_gerada-por-IA.png","datePublished":"2026-04-30T13:30:06+00:00","dateModified":"2026-04-30T13:30:08+00:00","breadcrumb":{"@id":"https:\/\/jornalfatosenoticias.com.br\/index.php\/2026\/04\/30\/setor-metalmecanico-no-espirito-santo\/#breadcrumb"},"inLanguage":"pt-BR","potentialAction":[{"@type":"ReadAction","target":["https:\/\/jornalfatosenoticias.com.br\/index.php\/2026\/04\/30\/setor-metalmecanico-no-espirito-santo\/"]}]},{"@type":"ImageObject","inLanguage":"pt-BR","@id":"https:\/\/jornalfatosenoticias.com.br\/index.php\/2026\/04\/30\/setor-metalmecanico-no-espirito-santo\/#primaryimage","url":"https:\/\/jornalfatosenoticias.com.br\/wp-content\/uploads\/2026\/04\/Texto-Milena_gerada-por-IA.png","contentUrl":"https:\/\/jornalfatosenoticias.com.br\/wp-content\/uploads\/2026\/04\/Texto-Milena_gerada-por-IA.png","width":1000,"height":545},{"@type":"BreadcrumbList","@id":"https:\/\/jornalfatosenoticias.com.br\/index.php\/2026\/04\/30\/setor-metalmecanico-no-espirito-santo\/#breadcrumb","itemListElement":[{"@type":"ListItem","position":1,"name":"In\u00edcio","item":"https:\/\/jornalfatosenoticias.com.br\/"},{"@type":"ListItem","position":2,"name":"Setor metalmec\u00e2nico no Esp\u00edrito Santo"}]},{"@type":"WebSite","@id":"https:\/\/jornalfatosenoticias.com.br\/#website","url":"https:\/\/jornalfatosenoticias.com.br\/","name":"Jornal Fatos e Not\u00edcias","description":"Not\u00edcias em geral","publisher":{"@id":"https:\/\/jornalfatosenoticias.com.br\/#organization"},"potentialAction":[{"@type":"SearchAction","target":{"@type":"EntryPoint","urlTemplate":"https:\/\/jornalfatosenoticias.com.br\/?s={search_term_string}"},"query-input":{"@type":"PropertyValueSpecification","valueRequired":true,"valueName":"search_term_string"}}],"inLanguage":"pt-BR"},{"@type":"Organization","@id":"https:\/\/jornalfatosenoticias.com.br\/#organization","name":"Jornal Fatos e Not\u00edcias","url":"https:\/\/jornalfatosenoticias.com.br\/","logo":{"@type":"ImageObject","inLanguage":"pt-BR","@id":"https:\/\/jornalfatosenoticias.com.br\/#\/schema\/logo\/image\/","url":"https:\/\/jornalfatosenoticias.com.br\/wp-content\/uploads\/2020\/02\/logo120.png","contentUrl":"https:\/\/jornalfatosenoticias.com.br\/wp-content\/uploads\/2020\/02\/logo120.png","width":1227,"height":120,"caption":"Jornal Fatos e Not\u00edcias"},"image":{"@id":"https:\/\/jornalfatosenoticias.com.br\/#\/schema\/logo\/image\/"}},{"@type":"Person","@id":"https:\/\/jornalfatosenoticias.com.br\/#\/schema\/person\/bd76a40517f387e41cc072b0d3c7d627","name":"Milena Rohr","image":{"@type":"ImageObject","inLanguage":"pt-BR","@id":"https:\/\/jornalfatosenoticias.com.br\/#\/schema\/person\/image\/","url":"https:\/\/jornalfatosenoticias.com.br\/wp-content\/uploads\/2026\/03\/Milena-Rohr_portal-150x150.jpg","contentUrl":"https:\/\/jornalfatosenoticias.com.br\/wp-content\/uploads\/2026\/03\/Milena-Rohr_portal-150x150.jpg","caption":"Milena Rohr"},"description":"Milena Rohr S\u00f3cia e diretora do MasterMind (Funda\u00e7\u00e3o Napoleon Hill), Gestora Empresarial, Embaixadora do BNI, Palestrante, Escritora, Colunista e Mentora FRST do Grupo Falconi","url":"https:\/\/jornalfatosenoticias.com.br\/index.php\/author\/milena-rhor\/"}]}},"cc_featured_image_caption":{"caption_text":"(Foto: Imagem gerada por IA)","source_text":"","source_url":""},"jetpack_featured_media_url":"https:\/\/jornalfatosenoticias.com.br\/wp-content\/uploads\/2026\/04\/Texto-Milena_gerada-por-IA.png","_links":{"self":[{"href":"https:\/\/jornalfatosenoticias.com.br\/index.php\/wp-json\/wp\/v2\/posts\/66797","targetHints":{"allow":["GET"]}}],"collection":[{"href":"https:\/\/jornalfatosenoticias.com.br\/index.php\/wp-json\/wp\/v2\/posts"}],"about":[{"href":"https:\/\/jornalfatosenoticias.com.br\/index.php\/wp-json\/wp\/v2\/types\/post"}],"author":[{"embeddable":true,"href":"https:\/\/jornalfatosenoticias.com.br\/index.php\/wp-json\/wp\/v2\/users\/37"}],"replies":[{"embeddable":true,"href":"https:\/\/jornalfatosenoticias.com.br\/index.php\/wp-json\/wp\/v2\/comments?post=66797"}],"version-history":[{"count":1,"href":"https:\/\/jornalfatosenoticias.com.br\/index.php\/wp-json\/wp\/v2\/posts\/66797\/revisions"}],"predecessor-version":[{"id":66800,"href":"https:\/\/jornalfatosenoticias.com.br\/index.php\/wp-json\/wp\/v2\/posts\/66797\/revisions\/66800"}],"wp:featuredmedia":[{"embeddable":true,"href":"https:\/\/jornalfatosenoticias.com.br\/index.php\/wp-json\/wp\/v2\/media\/66799"}],"wp:attachment":[{"href":"https:\/\/jornalfatosenoticias.com.br\/index.php\/wp-json\/wp\/v2\/media?parent=66797"}],"wp:term":[{"taxonomy":"category","embeddable":true,"href":"https:\/\/jornalfatosenoticias.com.br\/index.php\/wp-json\/wp\/v2\/categories?post=66797"},{"taxonomy":"post_tag","embeddable":true,"href":"https:\/\/jornalfatosenoticias.com.br\/index.php\/wp-json\/wp\/v2\/tags?post=66797"}],"curies":[{"name":"wp","href":"https:\/\/api.w.org\/{rel}","templated":true}]}}