{"id":66812,"date":"2026-04-30T14:22:42","date_gmt":"2026-04-30T17:22:42","guid":{"rendered":"https:\/\/jornalfatosenoticias.com.br\/?p=66812"},"modified":"2026-04-30T14:22:43","modified_gmt":"2026-04-30T17:22:43","slug":"abandono-afetivo-mais-uma-lei-armadilha-para-criancas","status":"publish","type":"post","link":"https:\/\/jornalfatosenoticias.com.br\/index.php\/2026\/04\/30\/abandono-afetivo-mais-uma-lei-armadilha-para-criancas\/","title":{"rendered":"Abandono afetivo, mais uma lei armadilha para crian\u00e7as"},"content":{"rendered":"\n<p><em><mark style=\"background-color:rgba(0, 0, 0, 0)\" class=\"has-inline-color has-black-color\">O lobby da nova lei, que se apresenta como se fosse uma devida preocupa\u00e7\u00e3o com a crian\u00e7a, \u00e9 um lobby forte que manipula todos, trazendo uma dramatiza\u00e7\u00e3o de sofrimento de um abandono afetivo<\/mark><\/em><\/p>\n\n\n\n<p>N\u00e3o somos ing\u00eanuos em pensar que a justi\u00e7a est\u00e1 preocupada, mesmo, com o bem-estar psicol\u00f3gico das crian\u00e7as, quando monta uma lei de abandono afetivo. Essa \u00e9 uma pe\u00e7a importante de uma engrenagem que \u00e9 o Grande Projeto. \u00c9 f\u00e1cil levar as pessoas \u00e0 solidariedade com a pobre crian\u00e7a que foi negada e rejeitada pelo pai. O lobby da nova lei, que se apresenta como se fosse uma devida preocupa\u00e7\u00e3o com a crian\u00e7a, \u00e9 um lobby forte que manipula todos, trazendo uma dramatiza\u00e7\u00e3o de sofrimento de um abandono afetivo.<br>Mas, n\u00e3o \u00e9 sobre o abandono, e sim sobre o controle e a posse da crian\u00e7a. N\u00e3o h\u00e1 preocupa\u00e7\u00e3o quanto \u00e0 dor afetiva de n\u00e3o ser querido, n\u00e3o ser cuidado por aquele genitor. Afinal, falamos aqui que o genitor j\u00e1 se utiliza do corpo da crian\u00e7a, praticando perversidades inimagin\u00e1veis, e ganhou uma cobertura blindada com essa lei. Esses genitores \u2014 infratores e criminosos \u2014 far\u00e3o uso dessa lei, exigindo a conviv\u00eancia coercitiva da crian\u00e7a. Assim, fica anulada a Prote\u00e7\u00e3o, sem barulho, ainda portando uma falsa maquiagem de cuidado com a crian\u00e7a. Espertamente, retira o termo \u201caliena\u00e7\u00e3o parental\u201d, termo inventado por um m\u00e9dico ped\u00f3filo, que defendia, abertamente, o incesto como saud\u00e1vel para a crian\u00e7a. N\u00f3s defendemos a pr\u00e1tica do incesto? Mas, caminhamos a passos largos para a naturaliza\u00e7\u00e3o do estupro de vulner\u00e1vel, j\u00e1 tipificado no nosso corol\u00e1rio jur\u00eddico. E, se uma lei se confronta com a outra, ningu\u00e9m se importa. Porque crian\u00e7a n\u00e3o importa. Se uma lei, o Estatuto da Crian\u00e7a e do Adolescente, reza a Prote\u00e7\u00e3o Integral da Crian\u00e7a, como promulgar uma lei que pretende garantir a conviv\u00eancia coercitiva crian\u00e7a e genitor, que j\u00e1 vem acontecendo, Crian\u00e7as relatam, desenham, e encenam atos libidinosos que est\u00e3o fora do conhecimento cognitivo. Mas isso n\u00e3o importa. Afirmar que a crian\u00e7a est\u00e1 mentindo \u00e9 um crime institucional. Mas n\u00e3o h\u00e1 dec\u00eancia profissional suficiente para n\u00e3o falar absurdos pegando carona em fragmentos de teorias. Pegar um pedacinho de uma tese correta e torcer e distorcer, leva as pessoas a se perderem no caminho e o fragmento \u00e9, estrategicamente, iluminado por esse grupo.<\/p>\n\n\n<div class=\"wp-block-image\">\n<figure class=\"aligncenter size-full\"><img loading=\"lazy\" decoding=\"async\" width=\"1000\" height=\"545\" src=\"https:\/\/jornalfatosenoticias.com.br\/wp-content\/uploads\/2026\/04\/abandono-afetivo_imagem-de-ia.png\" alt=\"\" class=\"wp-image-66813\" srcset=\"https:\/\/jornalfatosenoticias.com.br\/wp-content\/uploads\/2026\/04\/abandono-afetivo_imagem-de-ia.png 1000w, https:\/\/jornalfatosenoticias.com.br\/wp-content\/uploads\/2026\/04\/abandono-afetivo_imagem-de-ia-300x164.png 300w, https:\/\/jornalfatosenoticias.com.br\/wp-content\/uploads\/2026\/04\/abandono-afetivo_imagem-de-ia-768x419.png 768w\" sizes=\"auto, (max-width: 1000px) 100vw, 1000px\" \/><figcaption class=\"wp-element-caption\"><em><mark style=\"background-color:rgba(0, 0, 0, 0)\" class=\"has-inline-color has-black-color\">(Foto: Gerada por IA)<\/mark><\/em><\/figcaption><\/figure>\n<\/div>\n\n\n<p>A Revoga\u00e7\u00e3o da lei de aliena\u00e7\u00e3o parental tem sofrido ataques enormes. Uma invers\u00e3o de posicionamento \u00e9 uma praxe. Vender a ideia de que a m\u00e3e louca, todas s\u00e3o definidas assim, est\u00e1 maltratando a pobre crian\u00e7a, sua v\u00edtima, transforma um crime, o abuso intrafamiliar praticado pelo genitor, em \u201cconflito familiar\u201d. Ou seja, o objeto inicial que a justi\u00e7a entendeu como insuport\u00e1vel e, altamente, prejudicial para a crian\u00e7a, d\u00e1 uma pirueta e a Justi\u00e7a, essa mesma, passa a praticar, enquanto institui\u00e7\u00e3o, contra a m\u00e3e. A dita aliena\u00e7\u00e3o do genitor pela m\u00e3e, passa a ser imputada pela justi\u00e7a \u00e0 m\u00e3e. Genitor \u201calienado\u201d faz mal \u00e0 crian\u00e7a, mas a m\u00e3e ser \u201calienada\u201d, n\u00e3o tem problema nenhum. Como se a m\u00e3e que denuncia abusos do genitor, \u00e9 de alta periculosidade. Mas o genitor violar o corpo da crian\u00e7a, n\u00e3o tem problema. Ele at\u00e9 acaba por receber de b\u00f4nus a guarda da crian\u00e7a que ele viola.<br>Mas a defesa da manuten\u00e7\u00e3o dessa lei baseada em relativiza\u00e7\u00e3o da passagem ao ato do incesto, \u00e9 enaltecida, como se n\u00e3o tivesse uma rela\u00e7\u00e3o direta com o Feminic\u00eddio, tamb\u00e9m. Mas, mulheres, n\u00e3o importam. E at\u00e9 o professor de Direito, denunciado por 24 mulheres, pela pr\u00e1tica de torturas sexuais, mediante doping de suas v\u00edtimas, aparece fazendo um v\u00eddeo de defesa da lei de aliena\u00e7\u00e3o parental. Solto e fazendo campanha. Curioso. Por v\u00e1rios aspectos expl\u00edcitos.<br>Assim, o grupo que lucra muito com a lei de aliena\u00e7\u00e3o parental, ao perceber que o movimento de m\u00e3e que perdem a guarda dos filhos porque ousam denunciar um homem, com provas e tudo, decidiu dar uma volta estrat\u00e9gica. E surgiu a \u201cdoce lei da cobran\u00e7a do abandono afetivo. N\u00e3o acredito que a justi\u00e7a vai procurar e punir os pais das milh\u00f5es de crian\u00e7as que s\u00e3o criadas por m\u00e3e solo. Como j\u00e1 falei, duvido que a justi\u00e7a v\u00e1 buscar os pais das crian\u00e7as que nasceram com microcefalia severa, e que ficaram por conta s\u00f3 da m\u00e3e. Foi contabilizado que <strong>70%<\/strong> desses genitores abandonaram, totalmente, seus filhos com necessidades muito especiais.<br>Tamb\u00e9m n\u00e3o acredito que a justi\u00e7a v\u00e1 cobrar o exerc\u00edcio da fun\u00e7\u00e3o paterna daqueles homens que s\u00e3o \u201cmuito importantes e abastados\u201d e que tiveram o filho com a amante. Alguns at\u00e9 pagam r\u00e9gias pens\u00f5es em contratos de sil\u00eancio total sobre o filho, para n\u00e3o atrapalhar a imagem da \u201cfam\u00edlia feliz\u201d.<\/p>\n\n\n<div class=\"wp-block-image\">\n<figure class=\"aligncenter size-full is-resized\"><img loading=\"lazy\" decoding=\"async\" width=\"612\" height=\"408\" src=\"https:\/\/jornalfatosenoticias.com.br\/wp-content\/uploads\/2026\/04\/abandono-afetivo_istock.jpg\" alt=\"\" class=\"wp-image-66814\" style=\"aspect-ratio:1.5000191490176553;width:762px;height:auto\" srcset=\"https:\/\/jornalfatosenoticias.com.br\/wp-content\/uploads\/2026\/04\/abandono-afetivo_istock.jpg 612w, https:\/\/jornalfatosenoticias.com.br\/wp-content\/uploads\/2026\/04\/abandono-afetivo_istock-300x200.jpg 300w\" sizes=\"auto, (max-width: 612px) 100vw, 612px\" \/><figcaption class=\"wp-element-caption\"><em><mark style=\"background-color:rgba(0, 0, 0, 0)\" class=\"has-inline-color has-black-color\">(Foto: iStock)<\/mark><\/em><\/figcaption><\/figure>\n<\/div>\n\n\n<p>Curiosa, para n\u00e3o usar outro adjetivo, essa tese de exigir afeto monetizado. Como obrigar a gostar de algu\u00e9m? Ali\u00e1s, \u00e9 o que tem sido feito nas Varas de fam\u00edlia, obrigar uma crian\u00e7a \u00e0 conviv\u00eancia coercitiva n\u00e3o faz nascer o amor. Ao contr\u00e1rio, sentimentos odiosos nascem e crescem nessas condi\u00e7\u00f5es.<br>Ent\u00e3o, essa lei ser\u00e1 usada pelos genitores que precisam, por outros motivos, manter o controle da crian\u00e7a. E fica bem facilzinho chegar numa vara de fam\u00edlia e reclamar que est\u00e1 querendo a conviv\u00eancia com o filho, mas Vara da Inf\u00e2ncia ou a Criminal n\u00e3o est\u00e3o permitindo. Agora tem uma lei que lhe garante a conviv\u00eancia coercitiva. Mesmo que ele seja um pedocriminoso contumaz. Agora podem at\u00e9 Revogar a lei de aliena\u00e7\u00e3o parental, como j\u00e1 afirmam os autodeclarados seguidores do m\u00e9dico ped\u00f3filo. Mais uma armadilha para premiar genitores abusadores. Mais uma lei emboscada.<\/p>\n","protected":false},"excerpt":{"rendered":"<p>O lobby da nova lei, que se apresenta como se fosse uma devida preocupa\u00e7\u00e3o com a crian\u00e7a, \u00e9 um lobby forte que manipula todos, trazendo uma dramatiza\u00e7\u00e3o de sofrimento de um abandono afetivo N\u00e3o somos ing\u00eanuos em pensar que a justi\u00e7a est\u00e1 preocupada, mesmo, com o bem-estar psicol\u00f3gico das crian\u00e7as, quando monta uma lei de [&hellip;]<\/p>\n","protected":false},"author":8,"featured_media":66815,"comment_status":"open","ping_status":"open","sticky":false,"template":"","format":"standard","meta":{"footnotes":""},"categories":[2522],"tags":[30288,4402,4298,30414,26078,3737,4401,464,17127],"class_list":["post-66812","post","type-post","status-publish","format-standard","has-post-thumbnail","hentry","category-comportamento","tag-abandono-afetivo","tag-abuso-intrafamiliar","tag-alienacao-parental","tag-bem-estar-psicologico-das-criancas","tag-criminosos","tag-estatuto-da-crianca-e-do-adolescente","tag-estupro-de-vulneravel","tag-lei","tag-lobby"],"yoast_head":"<!-- This site is optimized with the Yoast SEO plugin v26.5 - https:\/\/yoast.com\/wordpress\/plugins\/seo\/ -->\n<title>Abandono afetivo, mais uma lei armadilha para crian\u00e7as - Jornal Fatos e Not\u00edcias<\/title>\n<meta name=\"robots\" content=\"index, follow, max-snippet:-1, max-image-preview:large, max-video-preview:-1\" \/>\n<link rel=\"canonical\" href=\"https:\/\/jornalfatosenoticias.com.br\/index.php\/2026\/04\/30\/abandono-afetivo-mais-uma-lei-armadilha-para-criancas\/\" \/>\n<meta property=\"og:locale\" content=\"pt_BR\" \/>\n<meta property=\"og:type\" content=\"article\" \/>\n<meta property=\"og:title\" content=\"Abandono afetivo, mais uma lei armadilha para crian\u00e7as - Jornal Fatos e Not\u00edcias\" \/>\n<meta property=\"og:description\" content=\"O lobby da nova lei, que se apresenta como se fosse uma devida preocupa\u00e7\u00e3o com a crian\u00e7a, \u00e9 um lobby forte que manipula todos, trazendo uma dramatiza\u00e7\u00e3o de sofrimento de um abandono afetivo N\u00e3o somos ing\u00eanuos em pensar que a justi\u00e7a est\u00e1 preocupada, mesmo, com o bem-estar psicol\u00f3gico das crian\u00e7as, quando monta uma lei de [&hellip;]\" \/>\n<meta property=\"og:url\" content=\"https:\/\/jornalfatosenoticias.com.br\/index.php\/2026\/04\/30\/abandono-afetivo-mais-uma-lei-armadilha-para-criancas\/\" \/>\n<meta property=\"og:site_name\" content=\"Jornal Fatos e Not\u00edcias\" \/>\n<meta property=\"article:published_time\" content=\"2026-04-30T17:22:42+00:00\" \/>\n<meta property=\"article:modified_time\" content=\"2026-04-30T17:22:43+00:00\" \/>\n<meta property=\"og:image\" content=\"https:\/\/jornalfatosenoticias.com.br\/wp-content\/uploads\/2026\/04\/abandono-afetivo1_istock.jpg\" \/>\n\t<meta property=\"og:image:width\" content=\"612\" \/>\n\t<meta property=\"og:image:height\" content=\"408\" \/>\n\t<meta property=\"og:image:type\" content=\"image\/jpeg\" \/>\n<meta name=\"author\" content=\"Ana Maria Iencarelli\" \/>\n<meta name=\"twitter:card\" content=\"summary_large_image\" \/>\n<meta name=\"twitter:label1\" content=\"Escrito por\" \/>\n\t<meta name=\"twitter:data1\" content=\"Ana Maria Iencarelli\" \/>\n\t<meta name=\"twitter:label2\" content=\"Est. tempo de leitura\" \/>\n\t<meta name=\"twitter:data2\" content=\"6 minutos\" \/>\n<script type=\"application\/ld+json\" class=\"yoast-schema-graph\">{\"@context\":\"https:\/\/schema.org\",\"@graph\":[{\"@type\":\"Article\",\"@id\":\"https:\/\/jornalfatosenoticias.com.br\/index.php\/2026\/04\/30\/abandono-afetivo-mais-uma-lei-armadilha-para-criancas\/#article\",\"isPartOf\":{\"@id\":\"https:\/\/jornalfatosenoticias.com.br\/index.php\/2026\/04\/30\/abandono-afetivo-mais-uma-lei-armadilha-para-criancas\/\"},\"author\":{\"name\":\"Ana Maria Iencarelli\",\"@id\":\"https:\/\/jornalfatosenoticias.com.br\/#\/schema\/person\/c33fcf5fb02d729d3fec92c6737a22d1\"},\"headline\":\"Abandono afetivo, mais uma lei armadilha para crian\u00e7as\",\"datePublished\":\"2026-04-30T17:22:42+00:00\",\"dateModified\":\"2026-04-30T17:22:43+00:00\",\"mainEntityOfPage\":{\"@id\":\"https:\/\/jornalfatosenoticias.com.br\/index.php\/2026\/04\/30\/abandono-afetivo-mais-uma-lei-armadilha-para-criancas\/\"},\"wordCount\":1031,\"commentCount\":0,\"publisher\":{\"@id\":\"https:\/\/jornalfatosenoticias.com.br\/#organization\"},\"image\":{\"@id\":\"https:\/\/jornalfatosenoticias.com.br\/index.php\/2026\/04\/30\/abandono-afetivo-mais-uma-lei-armadilha-para-criancas\/#primaryimage\"},\"thumbnailUrl\":\"https:\/\/jornalfatosenoticias.com.br\/wp-content\/uploads\/2026\/04\/abandono-afetivo1_istock.jpg\",\"keywords\":[\"abandono afetivo\",\"abuso intrafamiliar\",\"aliena\u00e7\u00e3o parental\",\"bem-estar psicol\u00f3gico das crian\u00e7as\",\"criminosos\",\"Estatuto da Crian\u00e7a e do Adolescente\",\"estupro de vulner\u00e1vel\",\"lei\",\"lobby\"],\"articleSection\":[\"Comportamento &amp; Equil\u00edbrio\"],\"inLanguage\":\"pt-BR\",\"potentialAction\":[{\"@type\":\"CommentAction\",\"name\":\"Comment\",\"target\":[\"https:\/\/jornalfatosenoticias.com.br\/index.php\/2026\/04\/30\/abandono-afetivo-mais-uma-lei-armadilha-para-criancas\/#respond\"]}]},{\"@type\":\"WebPage\",\"@id\":\"https:\/\/jornalfatosenoticias.com.br\/index.php\/2026\/04\/30\/abandono-afetivo-mais-uma-lei-armadilha-para-criancas\/\",\"url\":\"https:\/\/jornalfatosenoticias.com.br\/index.php\/2026\/04\/30\/abandono-afetivo-mais-uma-lei-armadilha-para-criancas\/\",\"name\":\"Abandono afetivo, mais uma lei armadilha para crian\u00e7as - Jornal Fatos e Not\u00edcias\",\"isPartOf\":{\"@id\":\"https:\/\/jornalfatosenoticias.com.br\/#website\"},\"primaryImageOfPage\":{\"@id\":\"https:\/\/jornalfatosenoticias.com.br\/index.php\/2026\/04\/30\/abandono-afetivo-mais-uma-lei-armadilha-para-criancas\/#primaryimage\"},\"image\":{\"@id\":\"https:\/\/jornalfatosenoticias.com.br\/index.php\/2026\/04\/30\/abandono-afetivo-mais-uma-lei-armadilha-para-criancas\/#primaryimage\"},\"thumbnailUrl\":\"https:\/\/jornalfatosenoticias.com.br\/wp-content\/uploads\/2026\/04\/abandono-afetivo1_istock.jpg\",\"datePublished\":\"2026-04-30T17:22:42+00:00\",\"dateModified\":\"2026-04-30T17:22:43+00:00\",\"breadcrumb\":{\"@id\":\"https:\/\/jornalfatosenoticias.com.br\/index.php\/2026\/04\/30\/abandono-afetivo-mais-uma-lei-armadilha-para-criancas\/#breadcrumb\"},\"inLanguage\":\"pt-BR\",\"potentialAction\":[{\"@type\":\"ReadAction\",\"target\":[\"https:\/\/jornalfatosenoticias.com.br\/index.php\/2026\/04\/30\/abandono-afetivo-mais-uma-lei-armadilha-para-criancas\/\"]}]},{\"@type\":\"ImageObject\",\"inLanguage\":\"pt-BR\",\"@id\":\"https:\/\/jornalfatosenoticias.com.br\/index.php\/2026\/04\/30\/abandono-afetivo-mais-uma-lei-armadilha-para-criancas\/#primaryimage\",\"url\":\"https:\/\/jornalfatosenoticias.com.br\/wp-content\/uploads\/2026\/04\/abandono-afetivo1_istock.jpg\",\"contentUrl\":\"https:\/\/jornalfatosenoticias.com.br\/wp-content\/uploads\/2026\/04\/abandono-afetivo1_istock.jpg\",\"width\":612,\"height\":408,\"caption\":\"Overhead shot of little boy drawing a picture of his family and feeling sad\"},{\"@type\":\"BreadcrumbList\",\"@id\":\"https:\/\/jornalfatosenoticias.com.br\/index.php\/2026\/04\/30\/abandono-afetivo-mais-uma-lei-armadilha-para-criancas\/#breadcrumb\",\"itemListElement\":[{\"@type\":\"ListItem\",\"position\":1,\"name\":\"In\u00edcio\",\"item\":\"https:\/\/jornalfatosenoticias.com.br\/\"},{\"@type\":\"ListItem\",\"position\":2,\"name\":\"Abandono afetivo, mais uma lei armadilha para crian\u00e7as\"}]},{\"@type\":\"WebSite\",\"@id\":\"https:\/\/jornalfatosenoticias.com.br\/#website\",\"url\":\"https:\/\/jornalfatosenoticias.com.br\/\",\"name\":\"Jornal Fatos e Not\u00edcias\",\"description\":\"Not\u00edcias em geral\",\"publisher\":{\"@id\":\"https:\/\/jornalfatosenoticias.com.br\/#organization\"},\"potentialAction\":[{\"@type\":\"SearchAction\",\"target\":{\"@type\":\"EntryPoint\",\"urlTemplate\":\"https:\/\/jornalfatosenoticias.com.br\/?s={search_term_string}\"},\"query-input\":{\"@type\":\"PropertyValueSpecification\",\"valueRequired\":true,\"valueName\":\"search_term_string\"}}],\"inLanguage\":\"pt-BR\"},{\"@type\":\"Organization\",\"@id\":\"https:\/\/jornalfatosenoticias.com.br\/#organization\",\"name\":\"Jornal Fatos e Not\u00edcias\",\"url\":\"https:\/\/jornalfatosenoticias.com.br\/\",\"logo\":{\"@type\":\"ImageObject\",\"inLanguage\":\"pt-BR\",\"@id\":\"https:\/\/jornalfatosenoticias.com.br\/#\/schema\/logo\/image\/\",\"url\":\"https:\/\/jornalfatosenoticias.com.br\/wp-content\/uploads\/2020\/02\/logo120.png\",\"contentUrl\":\"https:\/\/jornalfatosenoticias.com.br\/wp-content\/uploads\/2020\/02\/logo120.png\",\"width\":1227,\"height\":120,\"caption\":\"Jornal Fatos e Not\u00edcias\"},\"image\":{\"@id\":\"https:\/\/jornalfatosenoticias.com.br\/#\/schema\/logo\/image\/\"}},{\"@type\":\"Person\",\"@id\":\"https:\/\/jornalfatosenoticias.com.br\/#\/schema\/person\/c33fcf5fb02d729d3fec92c6737a22d1\",\"name\":\"Ana Maria Iencarelli\",\"image\":{\"@type\":\"ImageObject\",\"inLanguage\":\"pt-BR\",\"@id\":\"https:\/\/jornalfatosenoticias.com.br\/#\/schema\/person\/image\/\",\"url\":\"https:\/\/jornalfatosenoticias.com.br\/wp-content\/uploads\/2020\/02\/Ana-Maria-Iencarelli-1-150x150.jpg\",\"contentUrl\":\"https:\/\/jornalfatosenoticias.com.br\/wp-content\/uploads\/2020\/02\/Ana-Maria-Iencarelli-1-150x150.jpg\",\"caption\":\"Ana Maria Iencarelli\"},\"description\":\"Psicanalista Cl\u00ednica, especializada no atendimento a Crian\u00e7as e Adolescentes. Presidente da ONG Vozes de Anjos.\",\"url\":\"https:\/\/jornalfatosenoticias.com.br\/index.php\/author\/anamaria\/\"}]}<\/script>\n<!-- \/ Yoast SEO plugin. -->","yoast_head_json":{"title":"Abandono afetivo, mais uma lei armadilha para crian\u00e7as - Jornal Fatos e Not\u00edcias","robots":{"index":"index","follow":"follow","max-snippet":"max-snippet:-1","max-image-preview":"max-image-preview:large","max-video-preview":"max-video-preview:-1"},"canonical":"https:\/\/jornalfatosenoticias.com.br\/index.php\/2026\/04\/30\/abandono-afetivo-mais-uma-lei-armadilha-para-criancas\/","og_locale":"pt_BR","og_type":"article","og_title":"Abandono afetivo, mais uma lei armadilha para crian\u00e7as - Jornal Fatos e Not\u00edcias","og_description":"O lobby da nova lei, que se apresenta como se fosse uma devida preocupa\u00e7\u00e3o com a crian\u00e7a, \u00e9 um lobby forte que manipula todos, trazendo uma dramatiza\u00e7\u00e3o de sofrimento de um abandono afetivo N\u00e3o somos ing\u00eanuos em pensar que a justi\u00e7a est\u00e1 preocupada, mesmo, com o bem-estar psicol\u00f3gico das crian\u00e7as, quando monta uma lei de [&hellip;]","og_url":"https:\/\/jornalfatosenoticias.com.br\/index.php\/2026\/04\/30\/abandono-afetivo-mais-uma-lei-armadilha-para-criancas\/","og_site_name":"Jornal Fatos e Not\u00edcias","article_published_time":"2026-04-30T17:22:42+00:00","article_modified_time":"2026-04-30T17:22:43+00:00","og_image":[{"width":612,"height":408,"url":"https:\/\/jornalfatosenoticias.com.br\/wp-content\/uploads\/2026\/04\/abandono-afetivo1_istock.jpg","type":"image\/jpeg"}],"author":"Ana Maria Iencarelli","twitter_card":"summary_large_image","twitter_misc":{"Escrito por":"Ana Maria Iencarelli","Est. tempo de leitura":"6 minutos"},"schema":{"@context":"https:\/\/schema.org","@graph":[{"@type":"Article","@id":"https:\/\/jornalfatosenoticias.com.br\/index.php\/2026\/04\/30\/abandono-afetivo-mais-uma-lei-armadilha-para-criancas\/#article","isPartOf":{"@id":"https:\/\/jornalfatosenoticias.com.br\/index.php\/2026\/04\/30\/abandono-afetivo-mais-uma-lei-armadilha-para-criancas\/"},"author":{"name":"Ana Maria Iencarelli","@id":"https:\/\/jornalfatosenoticias.com.br\/#\/schema\/person\/c33fcf5fb02d729d3fec92c6737a22d1"},"headline":"Abandono afetivo, mais uma lei armadilha para crian\u00e7as","datePublished":"2026-04-30T17:22:42+00:00","dateModified":"2026-04-30T17:22:43+00:00","mainEntityOfPage":{"@id":"https:\/\/jornalfatosenoticias.com.br\/index.php\/2026\/04\/30\/abandono-afetivo-mais-uma-lei-armadilha-para-criancas\/"},"wordCount":1031,"commentCount":0,"publisher":{"@id":"https:\/\/jornalfatosenoticias.com.br\/#organization"},"image":{"@id":"https:\/\/jornalfatosenoticias.com.br\/index.php\/2026\/04\/30\/abandono-afetivo-mais-uma-lei-armadilha-para-criancas\/#primaryimage"},"thumbnailUrl":"https:\/\/jornalfatosenoticias.com.br\/wp-content\/uploads\/2026\/04\/abandono-afetivo1_istock.jpg","keywords":["abandono afetivo","abuso intrafamiliar","aliena\u00e7\u00e3o parental","bem-estar psicol\u00f3gico das crian\u00e7as","criminosos","Estatuto da Crian\u00e7a e do Adolescente","estupro de vulner\u00e1vel","lei","lobby"],"articleSection":["Comportamento &amp; Equil\u00edbrio"],"inLanguage":"pt-BR","potentialAction":[{"@type":"CommentAction","name":"Comment","target":["https:\/\/jornalfatosenoticias.com.br\/index.php\/2026\/04\/30\/abandono-afetivo-mais-uma-lei-armadilha-para-criancas\/#respond"]}]},{"@type":"WebPage","@id":"https:\/\/jornalfatosenoticias.com.br\/index.php\/2026\/04\/30\/abandono-afetivo-mais-uma-lei-armadilha-para-criancas\/","url":"https:\/\/jornalfatosenoticias.com.br\/index.php\/2026\/04\/30\/abandono-afetivo-mais-uma-lei-armadilha-para-criancas\/","name":"Abandono afetivo, mais uma lei armadilha para crian\u00e7as - Jornal Fatos e Not\u00edcias","isPartOf":{"@id":"https:\/\/jornalfatosenoticias.com.br\/#website"},"primaryImageOfPage":{"@id":"https:\/\/jornalfatosenoticias.com.br\/index.php\/2026\/04\/30\/abandono-afetivo-mais-uma-lei-armadilha-para-criancas\/#primaryimage"},"image":{"@id":"https:\/\/jornalfatosenoticias.com.br\/index.php\/2026\/04\/30\/abandono-afetivo-mais-uma-lei-armadilha-para-criancas\/#primaryimage"},"thumbnailUrl":"https:\/\/jornalfatosenoticias.com.br\/wp-content\/uploads\/2026\/04\/abandono-afetivo1_istock.jpg","datePublished":"2026-04-30T17:22:42+00:00","dateModified":"2026-04-30T17:22:43+00:00","breadcrumb":{"@id":"https:\/\/jornalfatosenoticias.com.br\/index.php\/2026\/04\/30\/abandono-afetivo-mais-uma-lei-armadilha-para-criancas\/#breadcrumb"},"inLanguage":"pt-BR","potentialAction":[{"@type":"ReadAction","target":["https:\/\/jornalfatosenoticias.com.br\/index.php\/2026\/04\/30\/abandono-afetivo-mais-uma-lei-armadilha-para-criancas\/"]}]},{"@type":"ImageObject","inLanguage":"pt-BR","@id":"https:\/\/jornalfatosenoticias.com.br\/index.php\/2026\/04\/30\/abandono-afetivo-mais-uma-lei-armadilha-para-criancas\/#primaryimage","url":"https:\/\/jornalfatosenoticias.com.br\/wp-content\/uploads\/2026\/04\/abandono-afetivo1_istock.jpg","contentUrl":"https:\/\/jornalfatosenoticias.com.br\/wp-content\/uploads\/2026\/04\/abandono-afetivo1_istock.jpg","width":612,"height":408,"caption":"Overhead shot of little boy drawing a picture of his family and feeling sad"},{"@type":"BreadcrumbList","@id":"https:\/\/jornalfatosenoticias.com.br\/index.php\/2026\/04\/30\/abandono-afetivo-mais-uma-lei-armadilha-para-criancas\/#breadcrumb","itemListElement":[{"@type":"ListItem","position":1,"name":"In\u00edcio","item":"https:\/\/jornalfatosenoticias.com.br\/"},{"@type":"ListItem","position":2,"name":"Abandono afetivo, mais uma lei armadilha para crian\u00e7as"}]},{"@type":"WebSite","@id":"https:\/\/jornalfatosenoticias.com.br\/#website","url":"https:\/\/jornalfatosenoticias.com.br\/","name":"Jornal Fatos e Not\u00edcias","description":"Not\u00edcias em geral","publisher":{"@id":"https:\/\/jornalfatosenoticias.com.br\/#organization"},"potentialAction":[{"@type":"SearchAction","target":{"@type":"EntryPoint","urlTemplate":"https:\/\/jornalfatosenoticias.com.br\/?s={search_term_string}"},"query-input":{"@type":"PropertyValueSpecification","valueRequired":true,"valueName":"search_term_string"}}],"inLanguage":"pt-BR"},{"@type":"Organization","@id":"https:\/\/jornalfatosenoticias.com.br\/#organization","name":"Jornal Fatos e Not\u00edcias","url":"https:\/\/jornalfatosenoticias.com.br\/","logo":{"@type":"ImageObject","inLanguage":"pt-BR","@id":"https:\/\/jornalfatosenoticias.com.br\/#\/schema\/logo\/image\/","url":"https:\/\/jornalfatosenoticias.com.br\/wp-content\/uploads\/2020\/02\/logo120.png","contentUrl":"https:\/\/jornalfatosenoticias.com.br\/wp-content\/uploads\/2020\/02\/logo120.png","width":1227,"height":120,"caption":"Jornal Fatos e Not\u00edcias"},"image":{"@id":"https:\/\/jornalfatosenoticias.com.br\/#\/schema\/logo\/image\/"}},{"@type":"Person","@id":"https:\/\/jornalfatosenoticias.com.br\/#\/schema\/person\/c33fcf5fb02d729d3fec92c6737a22d1","name":"Ana Maria Iencarelli","image":{"@type":"ImageObject","inLanguage":"pt-BR","@id":"https:\/\/jornalfatosenoticias.com.br\/#\/schema\/person\/image\/","url":"https:\/\/jornalfatosenoticias.com.br\/wp-content\/uploads\/2020\/02\/Ana-Maria-Iencarelli-1-150x150.jpg","contentUrl":"https:\/\/jornalfatosenoticias.com.br\/wp-content\/uploads\/2020\/02\/Ana-Maria-Iencarelli-1-150x150.jpg","caption":"Ana Maria Iencarelli"},"description":"Psicanalista Cl\u00ednica, especializada no atendimento a Crian\u00e7as e Adolescentes. Presidente da ONG Vozes de Anjos.","url":"https:\/\/jornalfatosenoticias.com.br\/index.php\/author\/anamaria\/"}]}},"cc_featured_image_caption":{"caption_text":"(Foto: iStock)","source_text":"","source_url":""},"jetpack_featured_media_url":"https:\/\/jornalfatosenoticias.com.br\/wp-content\/uploads\/2026\/04\/abandono-afetivo1_istock.jpg","_links":{"self":[{"href":"https:\/\/jornalfatosenoticias.com.br\/index.php\/wp-json\/wp\/v2\/posts\/66812","targetHints":{"allow":["GET"]}}],"collection":[{"href":"https:\/\/jornalfatosenoticias.com.br\/index.php\/wp-json\/wp\/v2\/posts"}],"about":[{"href":"https:\/\/jornalfatosenoticias.com.br\/index.php\/wp-json\/wp\/v2\/types\/post"}],"author":[{"embeddable":true,"href":"https:\/\/jornalfatosenoticias.com.br\/index.php\/wp-json\/wp\/v2\/users\/8"}],"replies":[{"embeddable":true,"href":"https:\/\/jornalfatosenoticias.com.br\/index.php\/wp-json\/wp\/v2\/comments?post=66812"}],"version-history":[{"count":1,"href":"https:\/\/jornalfatosenoticias.com.br\/index.php\/wp-json\/wp\/v2\/posts\/66812\/revisions"}],"predecessor-version":[{"id":66816,"href":"https:\/\/jornalfatosenoticias.com.br\/index.php\/wp-json\/wp\/v2\/posts\/66812\/revisions\/66816"}],"wp:featuredmedia":[{"embeddable":true,"href":"https:\/\/jornalfatosenoticias.com.br\/index.php\/wp-json\/wp\/v2\/media\/66815"}],"wp:attachment":[{"href":"https:\/\/jornalfatosenoticias.com.br\/index.php\/wp-json\/wp\/v2\/media?parent=66812"}],"wp:term":[{"taxonomy":"category","embeddable":true,"href":"https:\/\/jornalfatosenoticias.com.br\/index.php\/wp-json\/wp\/v2\/categories?post=66812"},{"taxonomy":"post_tag","embeddable":true,"href":"https:\/\/jornalfatosenoticias.com.br\/index.php\/wp-json\/wp\/v2\/tags?post=66812"}],"curies":[{"name":"wp","href":"https:\/\/api.w.org\/{rel}","templated":true}]}}