{"id":66824,"date":"2026-04-30T14:50:18","date_gmt":"2026-04-30T17:50:18","guid":{"rendered":"https:\/\/jornalfatosenoticias.com.br\/?p=66824"},"modified":"2026-04-30T14:50:19","modified_gmt":"2026-04-30T17:50:19","slug":"nr-1-o-novo-eixo-da-gestao-de-riscos-na-industria-brasileira","status":"publish","type":"post","link":"https:\/\/jornalfatosenoticias.com.br\/index.php\/2026\/04\/30\/nr-1-o-novo-eixo-da-gestao-de-riscos-na-industria-brasileira\/","title":{"rendered":"NR-1, o novo eixo da gest\u00e3o de riscos na ind\u00fastria brasileira"},"content":{"rendered":"\n<p>A <strong><a href=\"https:\/\/online.fliphtml5.com\/ywlkz\/yqwp\/#p=13\">atualiza\u00e7\u00e3o da NR-1<\/a><\/strong> n\u00e3o representa apenas uma revis\u00e3o normativa. Ela redefine o papel da gest\u00e3o dentro das organiza\u00e7\u00f5es industriais, deslocando o foco da rea\u00e7\u00e3o para a antecipa\u00e7\u00e3o. Ao estabelecer o gerenciamento de riscos ocupacionais (GRO) como elemento central, a norma exige que empresas deixem de tratar seguran\u00e7a como resposta a eventos e passem a estrutur\u00e1-la como processo cont\u00ednuo, integrado \u00e0 opera\u00e7\u00e3o e \u00e0 engenharia. Esse movimento n\u00e3o \u00e9 conceitual. \u00c9 operacional.<\/p>\n\n\n\n<p><strong><mark style=\"background-color:rgba(0, 0, 0, 0)\" class=\"has-inline-color has-black-color\">Da conformidade \u00e0 responsabilidade t\u00e9cnica<br><\/mark><\/strong>Historicamente, muitas organiza\u00e7\u00f5es interpretaram seguran\u00e7a do trabalho como cumprimento documental. Programas existiam, relat\u00f3rios eram emitidos e auditorias eram atendidas. No entanto, a efic\u00e1cia pr\u00e1tica dessas a\u00e7\u00f5es nem sempre acompanhava a complexidade dos riscos presentes nos ativos industriais. A <strong><a href=\"https:\/\/online.fliphtml5.com\/ywlkz\/yqwp\/#p=13\">NR-1 <\/a><\/strong>rompe com essa l\u00f3gica. <br>Ao exigir identifica\u00e7\u00e3o, avalia\u00e7\u00e3o e controle sistem\u00e1tico dos riscos, a norma transfere o centro da discuss\u00e3o para a tomada de decis\u00e3o t\u00e9cnica. O risco que n\u00e3o \u00e9 identificado passa a ser risco assumido. O risco que n\u00e3o \u00e9 controlado passa a ser responsabilidade direta da gest\u00e3o.<\/p>\n\n\n<div class=\"wp-block-image\">\n<figure class=\"aligncenter size-full is-resized\"><img loading=\"lazy\" decoding=\"async\" width=\"601\" height=\"401\" src=\"https:\/\/jornalfatosenoticias.com.br\/wp-content\/uploads\/2026\/04\/texto-Willians2.jpg\" alt=\"\" class=\"wp-image-66825\" style=\"aspect-ratio:1.498772551923002;width:790px;height:auto\" srcset=\"https:\/\/jornalfatosenoticias.com.br\/wp-content\/uploads\/2026\/04\/texto-Willians2.jpg 601w, https:\/\/jornalfatosenoticias.com.br\/wp-content\/uploads\/2026\/04\/texto-Willians2-300x200.jpg 300w\" sizes=\"auto, (max-width: 601px) 100vw, 601px\" \/><figcaption class=\"wp-element-caption\"><em><mark style=\"background-color:rgba(0, 0, 0, 0)\" class=\"has-inline-color has-black-color\">(Foto: Gerada por IA)<\/mark><\/em><\/figcaption><\/figure>\n<\/div>\n\n\n<p><strong><mark style=\"background-color:rgba(0, 0, 0, 0)\" class=\"has-inline-color has-black-color\">Corros\u00e3o: o risco silencioso dentro do GRO<br><\/mark><\/strong>Dentro desse novo cen\u00e1rio, a corros\u00e3o se destaca como um dos riscos mais negligenciados e, ao mesmo tempo, mais cr\u00edticos. Diferente de falhas abruptas, a corros\u00e3o evolui de forma progressiva. Ela reduz espessuras, altera propriedades mec\u00e2nicas e compromete a integridade de estruturas e equipamentos sem gerar sinais imediatos percept\u00edveis \u00e0 opera\u00e7\u00e3o.<br>Isso cria uma falsa sensa\u00e7\u00e3o de seguran\u00e7a.<br>Na pr\u00e1tica, ativos podem operar dentro de par\u00e2metros aparentemente normais enquanto acumulam degrada\u00e7\u00e3o significativa. Quando a falha se manifesta, ela n\u00e3o \u00e9 um evento inesperado. \u00c9 o resultado de um processo que n\u00e3o foi gerenciado. Sob a \u00f3tica da NR-1, isso caracteriza uma falha clara no gerenciamento de riscos.<\/p>\n\n\n<div class=\"wp-block-image\">\n<figure class=\"aligncenter size-full is-resized\"><img loading=\"lazy\" decoding=\"async\" width=\"475\" height=\"356\" src=\"https:\/\/jornalfatosenoticias.com.br\/wp-content\/uploads\/2026\/04\/texto-Willians5.jpg\" alt=\"\" class=\"wp-image-66826\" style=\"aspect-ratio:1.3343282271869377;width:531px;height:auto\" srcset=\"https:\/\/jornalfatosenoticias.com.br\/wp-content\/uploads\/2026\/04\/texto-Willians5.jpg 475w, https:\/\/jornalfatosenoticias.com.br\/wp-content\/uploads\/2026\/04\/texto-Willians5-300x225.jpg 300w\" sizes=\"auto, (max-width: 475px) 100vw, 475px\" \/><figcaption class=\"wp-element-caption\"><em><mark style=\"background-color:rgba(0, 0, 0, 0)\" class=\"has-inline-color has-black-color\">(Foto: Arquivo pessoal)<\/mark><\/em><\/figcaption><\/figure>\n<\/div>\n\n\n<p><strong><mark style=\"background-color:rgba(0, 0, 0, 0)\" class=\"has-inline-color has-black-color\">Integra\u00e7\u00e3o entre engenharia, inspe\u00e7\u00e3o e gest\u00e3o<br><\/mark><\/strong>A efetividade do GRO depende da integra\u00e7\u00e3o entre \u00e1reas que historicamente atuaram de forma isolada. A engenharia define crit\u00e9rios de projeto e limites operacionais. A inspe\u00e7\u00e3o identifica mecanismos de degrada\u00e7\u00e3o e monitora condi\u00e7\u00f5es reais.<br>A gest\u00e3o toma decis\u00f5es com base nesses dados.<br>Quando essa integra\u00e7\u00e3o n\u00e3o existe, o risco se fragmenta. Informa\u00e7\u00f5es t\u00e9cnicas deixam de influenciar decis\u00f5es estrat\u00e9gicas, e a organiza\u00e7\u00e3o passa a operar com lacunas cr\u00edticas de conhecimento. No caso da corros\u00e3o, isso se traduz em aus\u00eancia de planos de inspe\u00e7\u00e3o adequados, falhas na prioriza\u00e7\u00e3o de ativos cr\u00edticos e interven\u00e7\u00f5es tardias, muitas vezes j\u00e1 em cen\u00e1rio de dano avan\u00e7ado.<\/p>\n\n\n\n<p><strong><mark style=\"background-color:rgba(0, 0, 0, 0)\" class=\"has-inline-color has-black-color\">Preven\u00e7\u00e3o como estrat\u00e9gia de continuidade<br><\/mark><\/strong>A NR-1 estabelece que o gerenciamento de riscos deve considerar n\u00e3o apenas a seguran\u00e7a imediata, mas tamb\u00e9m as consequ\u00eancias potenciais das falhas. Nesse contexto, tratar a corros\u00e3o de forma estruturada deixa de ser uma quest\u00e3o de manuten\u00e7\u00e3o e passa a ser uma estrat\u00e9gia de continuidade operacional.<br>A degrada\u00e7\u00e3o de um equipamento n\u00e3o afeta apenas sua integridade f\u00edsica. Ela impacta produ\u00e7\u00e3o, custos, confiabilidade e, principalmente, a seguran\u00e7a das pessoas envolvidas. Empresas que incorporam a gest\u00e3o da corros\u00e3o ao GRO ampliam sua capacidade de antecipa\u00e7\u00e3o. Conseguem priorizar investimentos, reduzir interven\u00e7\u00f5es emergenciais e manter seus ativos dentro de condi\u00e7\u00f5es seguras de opera\u00e7\u00e3o.<\/p>\n\n\n<div class=\"wp-block-image\">\n<figure class=\"aligncenter size-full is-resized\"><img loading=\"lazy\" decoding=\"async\" width=\"300\" height=\"168\" src=\"https:\/\/jornalfatosenoticias.com.br\/wp-content\/uploads\/2026\/04\/texto-Willians4.jpg\" alt=\"\" class=\"wp-image-66827\" style=\"aspect-ratio:1.7858803832201655;width:661px;height:auto\"\/><figcaption class=\"wp-element-caption\"><em><mark style=\"background-color:rgba(0, 0, 0, 0)\" class=\"has-inline-color has-black-color\">(Foto: Arquivo pessoal)<\/mark><\/em><\/figcaption><\/figure>\n<\/div>\n\n\n<p><strong><mark style=\"background-color:rgba(0, 0, 0, 0)\" class=\"has-inline-color has-black-color\">O papel da lideran\u00e7a t\u00e9cnica<br><\/mark><\/strong>A implementa\u00e7\u00e3o efetiva da NR-1 depende de lideran\u00e7a t\u00e9cnica qualificada. N\u00e3o se trata apenas de conhecer a norma, mas de interpretar seus requisitos \u00e0 luz da realidade operacional de cada instala\u00e7\u00e3o. Isso exige experi\u00eancia, capacidade anal\u00edtica e dom\u00ednio dos mecanismos que afetam a integridade dos ativos.<br>A corros\u00e3o, por sua complexidade e variabilidade, exige esse n\u00edvel de maturidade t\u00e9cnica. Sem essa base, o GRO corre o risco de se tornar apenas mais um sistema formal, sem impacto real na redu\u00e7\u00e3o de riscos.<\/p>\n\n\n\n<p><strong><mark style=\"background-color:rgba(0, 0, 0, 0)\" class=\"has-inline-color has-black-color\">Conclus\u00e3o<br><\/mark><\/strong>A NR-1 consolida um princ\u00edpio essencial para a ind\u00fastria moderna: risco n\u00e3o gerenciado \u00e9 risco existente. Dentro desse princ\u00edpio, a corros\u00e3o ocupa uma posi\u00e7\u00e3o estrat\u00e9gica. Ela n\u00e3o pode ser tratada como evento eventual ou problema secund\u00e1rio. Deve ser reconhecida como vari\u00e1vel cr\u00edtica no gerenciamento de riscos ocupacionais.<br>Empresas que compreendem essa mudan\u00e7a deixam de operar no limite da rea\u00e7\u00e3o e passam a atuar no campo da previsibilidade.<br>E, na ind\u00fastria, previsibilidade \u00e9 sin\u00f4nimo de seguran\u00e7a, efici\u00eancia e longevidade operacional.<\/p>\n\n\n<div class=\"wp-block-image\">\n<figure class=\"aligncenter size-full\"><img loading=\"lazy\" decoding=\"async\" width=\"1000\" height=\"333\" src=\"https:\/\/jornalfatosenoticias.com.br\/wp-content\/uploads\/2026\/04\/texto-Willians3.jpg\" alt=\"\" class=\"wp-image-66828\" srcset=\"https:\/\/jornalfatosenoticias.com.br\/wp-content\/uploads\/2026\/04\/texto-Willians3.jpg 1000w, https:\/\/jornalfatosenoticias.com.br\/wp-content\/uploads\/2026\/04\/texto-Willians3-300x100.jpg 300w, https:\/\/jornalfatosenoticias.com.br\/wp-content\/uploads\/2026\/04\/texto-Willians3-768x256.jpg 768w\" sizes=\"auto, (max-width: 1000px) 100vw, 1000px\" \/><figcaption class=\"wp-element-caption\"><em><mark style=\"background-color:rgba(0, 0, 0, 0)\" class=\"has-inline-color has-black-color\">(Foto: resinar.com.br)<\/mark><\/em><\/figcaption><\/figure>\n<\/div>","protected":false},"excerpt":{"rendered":"<p>A atualiza\u00e7\u00e3o da NR-1 n\u00e3o representa apenas uma revis\u00e3o normativa. Ela redefine o papel da gest\u00e3o dentro das organiza\u00e7\u00f5es industriais, deslocando o foco da rea\u00e7\u00e3o para a antecipa\u00e7\u00e3o. Ao estabelecer o gerenciamento de riscos ocupacionais (GRO) como elemento central, a norma exige que empresas deixem de tratar seguran\u00e7a como resposta a eventos e passem a [&hellip;]<\/p>\n","protected":false},"author":41,"featured_media":66829,"comment_status":"open","ping_status":"open","sticky":false,"template":"","format":"standard","meta":{"footnotes":""},"categories":[29729],"tags":[30417,25250,6138,28730,30418,19225,30419,30416],"class_list":["post-66824","post","type-post","status-publish","format-standard","has-post-thumbnail","hentry","category-industria","tag-atualizacao-da-nr-1","tag-corrosao","tag-engenharia","tag-gestao-de-riscos","tag-gro","tag-industria-brasileira","tag-lideranca-tecnica","tag-nr-1"],"yoast_head":"<!-- This site is optimized with the Yoast SEO plugin v26.5 - https:\/\/yoast.com\/wordpress\/plugins\/seo\/ -->\n<title>NR-1, o novo eixo da gest\u00e3o de riscos na ind\u00fastria brasileira - Jornal Fatos e Not\u00edcias<\/title>\n<meta name=\"robots\" content=\"index, follow, max-snippet:-1, max-image-preview:large, max-video-preview:-1\" \/>\n<link rel=\"canonical\" href=\"https:\/\/jornalfatosenoticias.com.br\/index.php\/2026\/04\/30\/nr-1-o-novo-eixo-da-gestao-de-riscos-na-industria-brasileira\/\" \/>\n<meta property=\"og:locale\" content=\"pt_BR\" \/>\n<meta property=\"og:type\" content=\"article\" \/>\n<meta property=\"og:title\" content=\"NR-1, o novo eixo da gest\u00e3o de riscos na ind\u00fastria brasileira - Jornal Fatos e Not\u00edcias\" \/>\n<meta property=\"og:description\" content=\"A atualiza\u00e7\u00e3o da NR-1 n\u00e3o representa apenas uma revis\u00e3o normativa. Ela redefine o papel da gest\u00e3o dentro das organiza\u00e7\u00f5es industriais, deslocando o foco da rea\u00e7\u00e3o para a antecipa\u00e7\u00e3o. Ao estabelecer o gerenciamento de riscos ocupacionais (GRO) como elemento central, a norma exige que empresas deixem de tratar seguran\u00e7a como resposta a eventos e passem a [&hellip;]\" \/>\n<meta property=\"og:url\" content=\"https:\/\/jornalfatosenoticias.com.br\/index.php\/2026\/04\/30\/nr-1-o-novo-eixo-da-gestao-de-riscos-na-industria-brasileira\/\" \/>\n<meta property=\"og:site_name\" content=\"Jornal Fatos e Not\u00edcias\" \/>\n<meta property=\"article:published_time\" content=\"2026-04-30T17:50:18+00:00\" \/>\n<meta property=\"article:modified_time\" content=\"2026-04-30T17:50:19+00:00\" \/>\n<meta property=\"og:image\" content=\"https:\/\/jornalfatosenoticias.com.br\/wp-content\/uploads\/2026\/04\/texto-Willians.jpg\" \/>\n\t<meta property=\"og:image:width\" content=\"600\" \/>\n\t<meta property=\"og:image:height\" content=\"400\" \/>\n\t<meta property=\"og:image:type\" content=\"image\/jpeg\" \/>\n<meta name=\"author\" content=\"Willians Lima\" \/>\n<meta name=\"twitter:card\" content=\"summary_large_image\" \/>\n<meta name=\"twitter:label1\" content=\"Escrito por\" \/>\n\t<meta name=\"twitter:data1\" content=\"Willians Lima\" \/>\n\t<meta name=\"twitter:label2\" content=\"Est. tempo de leitura\" \/>\n\t<meta name=\"twitter:data2\" content=\"5 minutos\" \/>\n<script type=\"application\/ld+json\" class=\"yoast-schema-graph\">{\"@context\":\"https:\/\/schema.org\",\"@graph\":[{\"@type\":\"Article\",\"@id\":\"https:\/\/jornalfatosenoticias.com.br\/index.php\/2026\/04\/30\/nr-1-o-novo-eixo-da-gestao-de-riscos-na-industria-brasileira\/#article\",\"isPartOf\":{\"@id\":\"https:\/\/jornalfatosenoticias.com.br\/index.php\/2026\/04\/30\/nr-1-o-novo-eixo-da-gestao-de-riscos-na-industria-brasileira\/\"},\"author\":{\"name\":\"Willians Lima\",\"@id\":\"https:\/\/jornalfatosenoticias.com.br\/#\/schema\/person\/801eb756d1cb41aaffe5cb7641e7bdaa\"},\"headline\":\"NR-1, o novo eixo da gest\u00e3o de riscos na ind\u00fastria brasileira\",\"datePublished\":\"2026-04-30T17:50:18+00:00\",\"dateModified\":\"2026-04-30T17:50:19+00:00\",\"mainEntityOfPage\":{\"@id\":\"https:\/\/jornalfatosenoticias.com.br\/index.php\/2026\/04\/30\/nr-1-o-novo-eixo-da-gestao-de-riscos-na-industria-brasileira\/\"},\"wordCount\":794,\"commentCount\":0,\"publisher\":{\"@id\":\"https:\/\/jornalfatosenoticias.com.br\/#organization\"},\"image\":{\"@id\":\"https:\/\/jornalfatosenoticias.com.br\/index.php\/2026\/04\/30\/nr-1-o-novo-eixo-da-gestao-de-riscos-na-industria-brasileira\/#primaryimage\"},\"thumbnailUrl\":\"https:\/\/jornalfatosenoticias.com.br\/wp-content\/uploads\/2026\/04\/texto-Willians.jpg\",\"keywords\":[\"atualiza\u00e7\u00e3o da NR-1\",\"corros\u00e3o\",\"engenharia\",\"gest\u00e3o de riscos\",\"GRO\",\"ind\u00fastria brasileira\",\"lideran\u00e7a t\u00e9cnica\",\"NR-1\"],\"articleSection\":[\"Ind\u00fastria\"],\"inLanguage\":\"pt-BR\",\"potentialAction\":[{\"@type\":\"CommentAction\",\"name\":\"Comment\",\"target\":[\"https:\/\/jornalfatosenoticias.com.br\/index.php\/2026\/04\/30\/nr-1-o-novo-eixo-da-gestao-de-riscos-na-industria-brasileira\/#respond\"]}]},{\"@type\":\"WebPage\",\"@id\":\"https:\/\/jornalfatosenoticias.com.br\/index.php\/2026\/04\/30\/nr-1-o-novo-eixo-da-gestao-de-riscos-na-industria-brasileira\/\",\"url\":\"https:\/\/jornalfatosenoticias.com.br\/index.php\/2026\/04\/30\/nr-1-o-novo-eixo-da-gestao-de-riscos-na-industria-brasileira\/\",\"name\":\"NR-1, o novo eixo da gest\u00e3o de riscos na ind\u00fastria brasileira - Jornal Fatos e Not\u00edcias\",\"isPartOf\":{\"@id\":\"https:\/\/jornalfatosenoticias.com.br\/#website\"},\"primaryImageOfPage\":{\"@id\":\"https:\/\/jornalfatosenoticias.com.br\/index.php\/2026\/04\/30\/nr-1-o-novo-eixo-da-gestao-de-riscos-na-industria-brasileira\/#primaryimage\"},\"image\":{\"@id\":\"https:\/\/jornalfatosenoticias.com.br\/index.php\/2026\/04\/30\/nr-1-o-novo-eixo-da-gestao-de-riscos-na-industria-brasileira\/#primaryimage\"},\"thumbnailUrl\":\"https:\/\/jornalfatosenoticias.com.br\/wp-content\/uploads\/2026\/04\/texto-Willians.jpg\",\"datePublished\":\"2026-04-30T17:50:18+00:00\",\"dateModified\":\"2026-04-30T17:50:19+00:00\",\"breadcrumb\":{\"@id\":\"https:\/\/jornalfatosenoticias.com.br\/index.php\/2026\/04\/30\/nr-1-o-novo-eixo-da-gestao-de-riscos-na-industria-brasileira\/#breadcrumb\"},\"inLanguage\":\"pt-BR\",\"potentialAction\":[{\"@type\":\"ReadAction\",\"target\":[\"https:\/\/jornalfatosenoticias.com.br\/index.php\/2026\/04\/30\/nr-1-o-novo-eixo-da-gestao-de-riscos-na-industria-brasileira\/\"]}]},{\"@type\":\"ImageObject\",\"inLanguage\":\"pt-BR\",\"@id\":\"https:\/\/jornalfatosenoticias.com.br\/index.php\/2026\/04\/30\/nr-1-o-novo-eixo-da-gestao-de-riscos-na-industria-brasileira\/#primaryimage\",\"url\":\"https:\/\/jornalfatosenoticias.com.br\/wp-content\/uploads\/2026\/04\/texto-Willians.jpg\",\"contentUrl\":\"https:\/\/jornalfatosenoticias.com.br\/wp-content\/uploads\/2026\/04\/texto-Willians.jpg\",\"width\":600,\"height\":400},{\"@type\":\"BreadcrumbList\",\"@id\":\"https:\/\/jornalfatosenoticias.com.br\/index.php\/2026\/04\/30\/nr-1-o-novo-eixo-da-gestao-de-riscos-na-industria-brasileira\/#breadcrumb\",\"itemListElement\":[{\"@type\":\"ListItem\",\"position\":1,\"name\":\"In\u00edcio\",\"item\":\"https:\/\/jornalfatosenoticias.com.br\/\"},{\"@type\":\"ListItem\",\"position\":2,\"name\":\"NR-1, o novo eixo da gest\u00e3o de riscos na ind\u00fastria brasileira\"}]},{\"@type\":\"WebSite\",\"@id\":\"https:\/\/jornalfatosenoticias.com.br\/#website\",\"url\":\"https:\/\/jornalfatosenoticias.com.br\/\",\"name\":\"Jornal Fatos e Not\u00edcias\",\"description\":\"Not\u00edcias em geral\",\"publisher\":{\"@id\":\"https:\/\/jornalfatosenoticias.com.br\/#organization\"},\"potentialAction\":[{\"@type\":\"SearchAction\",\"target\":{\"@type\":\"EntryPoint\",\"urlTemplate\":\"https:\/\/jornalfatosenoticias.com.br\/?s={search_term_string}\"},\"query-input\":{\"@type\":\"PropertyValueSpecification\",\"valueRequired\":true,\"valueName\":\"search_term_string\"}}],\"inLanguage\":\"pt-BR\"},{\"@type\":\"Organization\",\"@id\":\"https:\/\/jornalfatosenoticias.com.br\/#organization\",\"name\":\"Jornal Fatos e Not\u00edcias\",\"url\":\"https:\/\/jornalfatosenoticias.com.br\/\",\"logo\":{\"@type\":\"ImageObject\",\"inLanguage\":\"pt-BR\",\"@id\":\"https:\/\/jornalfatosenoticias.com.br\/#\/schema\/logo\/image\/\",\"url\":\"https:\/\/jornalfatosenoticias.com.br\/wp-content\/uploads\/2020\/02\/logo120.png\",\"contentUrl\":\"https:\/\/jornalfatosenoticias.com.br\/wp-content\/uploads\/2020\/02\/logo120.png\",\"width\":1227,\"height\":120,\"caption\":\"Jornal Fatos e Not\u00edcias\"},\"image\":{\"@id\":\"https:\/\/jornalfatosenoticias.com.br\/#\/schema\/logo\/image\/\"}},{\"@type\":\"Person\",\"@id\":\"https:\/\/jornalfatosenoticias.com.br\/#\/schema\/person\/801eb756d1cb41aaffe5cb7641e7bdaa\",\"name\":\"Willians Lima\",\"image\":{\"@type\":\"ImageObject\",\"inLanguage\":\"pt-BR\",\"@id\":\"https:\/\/jornalfatosenoticias.com.br\/#\/schema\/person\/image\/\",\"url\":\"https:\/\/jornalfatosenoticias.com.br\/wp-content\/uploads\/2025\/09\/Willians_Lima_portal-removebg-preview-150x150.png\",\"contentUrl\":\"https:\/\/jornalfatosenoticias.com.br\/wp-content\/uploads\/2025\/09\/Willians_Lima_portal-removebg-preview-150x150.png\",\"caption\":\"Willians Lima\"},\"description\":\"Especialista em Revestimento Anticorrosivo\",\"url\":\"https:\/\/jornalfatosenoticias.com.br\/index.php\/author\/willians-lima\/\"}]}<\/script>\n<!-- \/ Yoast SEO plugin. -->","yoast_head_json":{"title":"NR-1, o novo eixo da gest\u00e3o de riscos na ind\u00fastria brasileira - Jornal Fatos e Not\u00edcias","robots":{"index":"index","follow":"follow","max-snippet":"max-snippet:-1","max-image-preview":"max-image-preview:large","max-video-preview":"max-video-preview:-1"},"canonical":"https:\/\/jornalfatosenoticias.com.br\/index.php\/2026\/04\/30\/nr-1-o-novo-eixo-da-gestao-de-riscos-na-industria-brasileira\/","og_locale":"pt_BR","og_type":"article","og_title":"NR-1, o novo eixo da gest\u00e3o de riscos na ind\u00fastria brasileira - Jornal Fatos e Not\u00edcias","og_description":"A atualiza\u00e7\u00e3o da NR-1 n\u00e3o representa apenas uma revis\u00e3o normativa. Ela redefine o papel da gest\u00e3o dentro das organiza\u00e7\u00f5es industriais, deslocando o foco da rea\u00e7\u00e3o para a antecipa\u00e7\u00e3o. Ao estabelecer o gerenciamento de riscos ocupacionais (GRO) como elemento central, a norma exige que empresas deixem de tratar seguran\u00e7a como resposta a eventos e passem a [&hellip;]","og_url":"https:\/\/jornalfatosenoticias.com.br\/index.php\/2026\/04\/30\/nr-1-o-novo-eixo-da-gestao-de-riscos-na-industria-brasileira\/","og_site_name":"Jornal Fatos e Not\u00edcias","article_published_time":"2026-04-30T17:50:18+00:00","article_modified_time":"2026-04-30T17:50:19+00:00","og_image":[{"width":600,"height":400,"url":"https:\/\/jornalfatosenoticias.com.br\/wp-content\/uploads\/2026\/04\/texto-Willians.jpg","type":"image\/jpeg"}],"author":"Willians Lima","twitter_card":"summary_large_image","twitter_misc":{"Escrito por":"Willians Lima","Est. tempo de leitura":"5 minutos"},"schema":{"@context":"https:\/\/schema.org","@graph":[{"@type":"Article","@id":"https:\/\/jornalfatosenoticias.com.br\/index.php\/2026\/04\/30\/nr-1-o-novo-eixo-da-gestao-de-riscos-na-industria-brasileira\/#article","isPartOf":{"@id":"https:\/\/jornalfatosenoticias.com.br\/index.php\/2026\/04\/30\/nr-1-o-novo-eixo-da-gestao-de-riscos-na-industria-brasileira\/"},"author":{"name":"Willians Lima","@id":"https:\/\/jornalfatosenoticias.com.br\/#\/schema\/person\/801eb756d1cb41aaffe5cb7641e7bdaa"},"headline":"NR-1, o novo eixo da gest\u00e3o de riscos na ind\u00fastria brasileira","datePublished":"2026-04-30T17:50:18+00:00","dateModified":"2026-04-30T17:50:19+00:00","mainEntityOfPage":{"@id":"https:\/\/jornalfatosenoticias.com.br\/index.php\/2026\/04\/30\/nr-1-o-novo-eixo-da-gestao-de-riscos-na-industria-brasileira\/"},"wordCount":794,"commentCount":0,"publisher":{"@id":"https:\/\/jornalfatosenoticias.com.br\/#organization"},"image":{"@id":"https:\/\/jornalfatosenoticias.com.br\/index.php\/2026\/04\/30\/nr-1-o-novo-eixo-da-gestao-de-riscos-na-industria-brasileira\/#primaryimage"},"thumbnailUrl":"https:\/\/jornalfatosenoticias.com.br\/wp-content\/uploads\/2026\/04\/texto-Willians.jpg","keywords":["atualiza\u00e7\u00e3o da NR-1","corros\u00e3o","engenharia","gest\u00e3o de riscos","GRO","ind\u00fastria brasileira","lideran\u00e7a t\u00e9cnica","NR-1"],"articleSection":["Ind\u00fastria"],"inLanguage":"pt-BR","potentialAction":[{"@type":"CommentAction","name":"Comment","target":["https:\/\/jornalfatosenoticias.com.br\/index.php\/2026\/04\/30\/nr-1-o-novo-eixo-da-gestao-de-riscos-na-industria-brasileira\/#respond"]}]},{"@type":"WebPage","@id":"https:\/\/jornalfatosenoticias.com.br\/index.php\/2026\/04\/30\/nr-1-o-novo-eixo-da-gestao-de-riscos-na-industria-brasileira\/","url":"https:\/\/jornalfatosenoticias.com.br\/index.php\/2026\/04\/30\/nr-1-o-novo-eixo-da-gestao-de-riscos-na-industria-brasileira\/","name":"NR-1, o novo eixo da gest\u00e3o de riscos na ind\u00fastria brasileira - Jornal Fatos e Not\u00edcias","isPartOf":{"@id":"https:\/\/jornalfatosenoticias.com.br\/#website"},"primaryImageOfPage":{"@id":"https:\/\/jornalfatosenoticias.com.br\/index.php\/2026\/04\/30\/nr-1-o-novo-eixo-da-gestao-de-riscos-na-industria-brasileira\/#primaryimage"},"image":{"@id":"https:\/\/jornalfatosenoticias.com.br\/index.php\/2026\/04\/30\/nr-1-o-novo-eixo-da-gestao-de-riscos-na-industria-brasileira\/#primaryimage"},"thumbnailUrl":"https:\/\/jornalfatosenoticias.com.br\/wp-content\/uploads\/2026\/04\/texto-Willians.jpg","datePublished":"2026-04-30T17:50:18+00:00","dateModified":"2026-04-30T17:50:19+00:00","breadcrumb":{"@id":"https:\/\/jornalfatosenoticias.com.br\/index.php\/2026\/04\/30\/nr-1-o-novo-eixo-da-gestao-de-riscos-na-industria-brasileira\/#breadcrumb"},"inLanguage":"pt-BR","potentialAction":[{"@type":"ReadAction","target":["https:\/\/jornalfatosenoticias.com.br\/index.php\/2026\/04\/30\/nr-1-o-novo-eixo-da-gestao-de-riscos-na-industria-brasileira\/"]}]},{"@type":"ImageObject","inLanguage":"pt-BR","@id":"https:\/\/jornalfatosenoticias.com.br\/index.php\/2026\/04\/30\/nr-1-o-novo-eixo-da-gestao-de-riscos-na-industria-brasileira\/#primaryimage","url":"https:\/\/jornalfatosenoticias.com.br\/wp-content\/uploads\/2026\/04\/texto-Willians.jpg","contentUrl":"https:\/\/jornalfatosenoticias.com.br\/wp-content\/uploads\/2026\/04\/texto-Willians.jpg","width":600,"height":400},{"@type":"BreadcrumbList","@id":"https:\/\/jornalfatosenoticias.com.br\/index.php\/2026\/04\/30\/nr-1-o-novo-eixo-da-gestao-de-riscos-na-industria-brasileira\/#breadcrumb","itemListElement":[{"@type":"ListItem","position":1,"name":"In\u00edcio","item":"https:\/\/jornalfatosenoticias.com.br\/"},{"@type":"ListItem","position":2,"name":"NR-1, o novo eixo da gest\u00e3o de riscos na ind\u00fastria brasileira"}]},{"@type":"WebSite","@id":"https:\/\/jornalfatosenoticias.com.br\/#website","url":"https:\/\/jornalfatosenoticias.com.br\/","name":"Jornal Fatos e Not\u00edcias","description":"Not\u00edcias em geral","publisher":{"@id":"https:\/\/jornalfatosenoticias.com.br\/#organization"},"potentialAction":[{"@type":"SearchAction","target":{"@type":"EntryPoint","urlTemplate":"https:\/\/jornalfatosenoticias.com.br\/?s={search_term_string}"},"query-input":{"@type":"PropertyValueSpecification","valueRequired":true,"valueName":"search_term_string"}}],"inLanguage":"pt-BR"},{"@type":"Organization","@id":"https:\/\/jornalfatosenoticias.com.br\/#organization","name":"Jornal Fatos e Not\u00edcias","url":"https:\/\/jornalfatosenoticias.com.br\/","logo":{"@type":"ImageObject","inLanguage":"pt-BR","@id":"https:\/\/jornalfatosenoticias.com.br\/#\/schema\/logo\/image\/","url":"https:\/\/jornalfatosenoticias.com.br\/wp-content\/uploads\/2020\/02\/logo120.png","contentUrl":"https:\/\/jornalfatosenoticias.com.br\/wp-content\/uploads\/2020\/02\/logo120.png","width":1227,"height":120,"caption":"Jornal Fatos e Not\u00edcias"},"image":{"@id":"https:\/\/jornalfatosenoticias.com.br\/#\/schema\/logo\/image\/"}},{"@type":"Person","@id":"https:\/\/jornalfatosenoticias.com.br\/#\/schema\/person\/801eb756d1cb41aaffe5cb7641e7bdaa","name":"Willians Lima","image":{"@type":"ImageObject","inLanguage":"pt-BR","@id":"https:\/\/jornalfatosenoticias.com.br\/#\/schema\/person\/image\/","url":"https:\/\/jornalfatosenoticias.com.br\/wp-content\/uploads\/2025\/09\/Willians_Lima_portal-removebg-preview-150x150.png","contentUrl":"https:\/\/jornalfatosenoticias.com.br\/wp-content\/uploads\/2025\/09\/Willians_Lima_portal-removebg-preview-150x150.png","caption":"Willians Lima"},"description":"Especialista em Revestimento Anticorrosivo","url":"https:\/\/jornalfatosenoticias.com.br\/index.php\/author\/willians-lima\/"}]}},"cc_featured_image_caption":{"caption_text":"(Foto: Gerada por IA)","source_text":"","source_url":""},"jetpack_featured_media_url":"https:\/\/jornalfatosenoticias.com.br\/wp-content\/uploads\/2026\/04\/texto-Willians.jpg","_links":{"self":[{"href":"https:\/\/jornalfatosenoticias.com.br\/index.php\/wp-json\/wp\/v2\/posts\/66824","targetHints":{"allow":["GET"]}}],"collection":[{"href":"https:\/\/jornalfatosenoticias.com.br\/index.php\/wp-json\/wp\/v2\/posts"}],"about":[{"href":"https:\/\/jornalfatosenoticias.com.br\/index.php\/wp-json\/wp\/v2\/types\/post"}],"author":[{"embeddable":true,"href":"https:\/\/jornalfatosenoticias.com.br\/index.php\/wp-json\/wp\/v2\/users\/41"}],"replies":[{"embeddable":true,"href":"https:\/\/jornalfatosenoticias.com.br\/index.php\/wp-json\/wp\/v2\/comments?post=66824"}],"version-history":[{"count":1,"href":"https:\/\/jornalfatosenoticias.com.br\/index.php\/wp-json\/wp\/v2\/posts\/66824\/revisions"}],"predecessor-version":[{"id":66830,"href":"https:\/\/jornalfatosenoticias.com.br\/index.php\/wp-json\/wp\/v2\/posts\/66824\/revisions\/66830"}],"wp:featuredmedia":[{"embeddable":true,"href":"https:\/\/jornalfatosenoticias.com.br\/index.php\/wp-json\/wp\/v2\/media\/66829"}],"wp:attachment":[{"href":"https:\/\/jornalfatosenoticias.com.br\/index.php\/wp-json\/wp\/v2\/media?parent=66824"}],"wp:term":[{"taxonomy":"category","embeddable":true,"href":"https:\/\/jornalfatosenoticias.com.br\/index.php\/wp-json\/wp\/v2\/categories?post=66824"},{"taxonomy":"post_tag","embeddable":true,"href":"https:\/\/jornalfatosenoticias.com.br\/index.php\/wp-json\/wp\/v2\/tags?post=66824"}],"curies":[{"name":"wp","href":"https:\/\/api.w.org\/{rel}","templated":true}]}}