{"id":6685,"date":"2020-07-21T17:18:13","date_gmt":"2020-07-21T20:18:13","guid":{"rendered":"https:\/\/jornalfatosenoticias.com.br\/?p=6685"},"modified":"2020-07-21T17:18:19","modified_gmt":"2020-07-21T20:18:19","slug":"croa-uma-conexao-com-o-paraiso-no-acre","status":"publish","type":"post","link":"https:\/\/jornalfatosenoticias.com.br\/index.php\/2020\/07\/21\/croa-uma-conexao-com-o-paraiso-no-acre\/","title":{"rendered":"Croa: uma conex\u00e3o com o para\u00edso no Acre"},"content":{"rendered":"\n<h6 class=\"wp-block-heading\"><em>Localizado em Cruzeiro do Sul, segundo maior munic\u00edpio do estado, o Croa \u00e9 de f\u00e1cil acesso<\/em><\/h6>\n\n\n\n<p>Suas \u00e1guas escuras e calmas, o verde intenso da vegeta\u00e7\u00e3o, imponentes \u00e1rvores centen\u00e1rias e fauna em abund\u00e2ncia s\u00e3o caracter\u00edsticas que fazem do Croa um local paradis\u00edaco e que chama aten\u00e7\u00e3o de turistas do mundo inteiro, atra\u00eddos por sua beleza fascinante. Observar o vai e vem de canoas, e acompanhar parte da rotina das 70 fam\u00edlias que vivem na comunidade ribeirinha \u00e9 um atrativo \u00e0 parte. Uma sensa\u00e7\u00e3o marcante, que ficar\u00e1 guardada para sempre na mem\u00f3ria de quem teve o privil\u00e9gio de contemplar essa maravilha natural.<br>Localizado em Cruzeiro do Sul (AC), segundo maior munic\u00edpio do estado, o Croa \u00e9 de f\u00e1cil acesso. Seguindo pela BR 364, no sentido Rio Branco, s\u00e3o apenas 22 quil\u00f4metros de dist\u00e2ncia totalmente asfaltados. Cada visitante paga, em m\u00e9dia, R$ 15 pelo passeio nas embarca\u00e7\u00f5es. Os guias s\u00e3o os pr\u00f3prios moradores da comunidade ribeirinha, um novo of\u00edcio que chegou para ficar e ainda complementa a renda mensal.<br>N\u00e3o \u00e9 qualquer pessoa que tem o privil\u00e9gio de trabalhar em um lugar assim. Sorte a do seu Jo\u00e3o Saraiva de Mendon\u00e7a. O homem, de 65 anos de idade, j\u00e1 perdeu as contas de quantas viagens fez subindo e descendo o rio com o barco cheio de turistas. No come\u00e7o, ele achou estranho aquela movimenta\u00e7\u00e3o e o interesse de tantas pessoas em conhecer o Croa. Morador do local h\u00e1 45 anos, Jo\u00e3o do Boi, como \u00e9 popularmente conhecido, entendeu que o para\u00edso em que vive era o motivo do alvoro\u00e7o.<br>&#8220;A gente achou estranho aquele monte de gente vindo aqui. De repente, era turista de todo lugar do Brasil e de outros pa\u00edses vindo conhecer esse lugar. Isso foi muito bom porque ajudou a melhorar nossos ganhos e deu emprego para muitos moradores do Croa, que vivem dessa renda do barco&#8221;, explicou.<br>Questionado sobre o local onde mora, o ribeirinho, nascido no Seringal Valpara\u00edso, no alto rio Juru\u00e1, \u00e9 enf\u00e1tico: &#8220;Para mim, o melhor lugar que tem para morar \u00e9 aqui. Um lugar tranquilo, calmo e f\u00e1cil de conseguir alimento. Vou viver aqui at\u00e9 o meu \u00faltimo dia de vida&#8221;.<\/p>\n\n\n\n<figure class=\"wp-block-image size-large\"><img loading=\"lazy\" decoding=\"async\" width=\"1000\" height=\"562\" src=\"https:\/\/jornalfatosenoticias.com.br\/wp-content\/uploads\/2020\/07\/croa_2.jpeg\" alt=\"\" class=\"wp-image-6686\" srcset=\"https:\/\/jornalfatosenoticias.com.br\/wp-content\/uploads\/2020\/07\/croa_2.jpeg 1000w, https:\/\/jornalfatosenoticias.com.br\/wp-content\/uploads\/2020\/07\/croa_2-300x169.jpeg 300w, https:\/\/jornalfatosenoticias.com.br\/wp-content\/uploads\/2020\/07\/croa_2-768x432.jpeg 768w\" sizes=\"auto, (max-width: 1000px) 100vw, 1000px\" \/><figcaption><em>(Foto: Marcos Vicentti\/Secom)<\/em><\/figcaption><\/figure>\n\n\n\n<h4 class=\"wp-block-heading\">Fauna e flora exuberantes do Croa<\/h4>\n\n\n\n<p>\u00c9 durante o ver\u00e3o amaz\u00f4nico, per\u00edodo em que as chuvas ficam mais escassas na regi\u00e3o, que um espet\u00e1culo natural invade o rio Croa, literalmente. Com o baixo n\u00edvel e a correnteza fraca, uma planta aqu\u00e1tica chamada &#8216;pasta&#8217; preenche longos trechos do manancial, formando uma esp\u00e9cie de tapete verde sobre as \u00e1guas. O fen\u00f4meno \u00e9 um dos atrativos do local e rendem registros fotogr\u00e1ficos de encher os olhos.<br>Segundo os moradores, no auge do ver\u00e3o, as pastas chegam a se estender por alguns quil\u00f4metros. Para n\u00e3o prejudicar a navega\u00e7\u00e3o das embarca\u00e7\u00f5es, mutir\u00f5es de limpeza s\u00e3o feitos no local. A vegeta\u00e7\u00e3o pode prejudicar o funcionamento dos motores. A retirada das pastas \u00e9 feita de maneira consciente, sem danos ao meio ambiente.<br>Outra planta aqu\u00e1tica que chama bastante aten\u00e7\u00e3o \u00e9 a vit\u00f3ria-r\u00e9gia. O Croa \u00e9 um dos poucos locais no Acre com incid\u00eancia natural da Estrela das \u00c1guas, como tamb\u00e9m \u00e9 conhecida. Mundialmente famosa, a planta faz parte do folclore brasileiro e do lend\u00e1rio ind\u00edgena da Amaz\u00f4nia. Na fase adulta, seu tamanho pode alcan\u00e7ar at\u00e9 dois metros de di\u00e2metro. J\u00e1 a flora\u00e7\u00e3o ocorre entre os meses de mar\u00e7o a julho. Com v\u00e1rias tonalidades de cores, a flor da vit\u00f3ria-r\u00e9gia est\u00e1 entre as maiores das Am\u00e9ricas.<br>Em terra firme, a selva amaz\u00f4nica mostra todo seu esplendor. Dona da maior biodiversidade do planeta, por aqui \u00e9 poss\u00edvel encontrar diversos tipos de \u00e1rvores nativas, como a majestosa sama\u00fama e a hist\u00f3rica seringueira. O Croa \u00e9 um grande produtor de chacrona. Suas folhas s\u00e3o utilizadas para o preparo do ch\u00e1 da Ayahuasca. A comunidade tamb\u00e9m \u00e9 conhecida pela espiritualidade. O local possui centros religiosos do Santo Daime, doutrina criada no Acre, no in\u00edcio do s\u00e9culo passado, pelo mestre Raimundo Irineu Serra.<br>A fauna do Croa \u00e9 rica. Seus mais de tr\u00eas mil hectares de floresta s\u00e3o o lar de diversos animais selvagens. Cobras, pacas, tatus, poraqu\u00eas (peixe-el\u00e9trico), arraias, gavi\u00f5es, ja\u00e7an\u00e3s, entre outras esp\u00e9cies s\u00e3o encontradas com facilidade no local. A conserva\u00e7\u00e3o da floresta e alimentos em abund\u00e2ncia s\u00e3o fatores positivos para a perman\u00eancia desses bichos em seu habitat natural.<\/p>\n\n\n\n<figure class=\"wp-block-image size-large\"><img loading=\"lazy\" decoding=\"async\" width=\"1000\" height=\"666\" src=\"https:\/\/jornalfatosenoticias.com.br\/wp-content\/uploads\/2020\/07\/croa_3_Fotos-Marcos-Vicentti.jpg\" alt=\"\" class=\"wp-image-6687\" srcset=\"https:\/\/jornalfatosenoticias.com.br\/wp-content\/uploads\/2020\/07\/croa_3_Fotos-Marcos-Vicentti.jpg 1000w, https:\/\/jornalfatosenoticias.com.br\/wp-content\/uploads\/2020\/07\/croa_3_Fotos-Marcos-Vicentti-300x200.jpg 300w, https:\/\/jornalfatosenoticias.com.br\/wp-content\/uploads\/2020\/07\/croa_3_Fotos-Marcos-Vicentti-768x511.jpg 768w\" sizes=\"auto, (max-width: 1000px) 100vw, 1000px\" \/><figcaption><em>(Foto: Marcos Vicentti\/Secom)<\/em><\/figcaption><\/figure>\n\n\n\n<h4 class=\"wp-block-heading\">Repara aqui o que o bicho t\u00e1 fazendo no remanso, dona Chaguinha!<\/h4>\n\n\n\n<p>Em mar\u00e7o de 2019, a aposentada Francisca da Silva Barros, mais conhecida como Chaguinha, vivenciou seus 15 minutos de fama. Um v\u00eddeo gravado no rio Croa viralizou na internet. Nas imagens, moradores registraram a \u00e1gua escura se movimentando de maneira at\u00edpica, formando uma onda e acompanhada de uma espuma branca.<br>Os moradores n\u00e3o chegaram a um consenso sobre o fen\u00f4meno. Cogitaram ser a presen\u00e7a de um bicho n\u00e3o identificado, de peixes, cobra e at\u00e9 mesmo um cavalo-marinho encantado. Apesar de n\u00e3o ter aparecido no v\u00eddeo, o nome de dona Chaguinha foi citado pela amiga e vizinha, Helena Siqueira.<br>Bastou apenas isso para ela virar mais um meme da rede mundial de computadores. O sucesso repentino assustou a ex-professora. &#8220;Em um dia de domingo, eu estava aqui na minha casa descansado e a\u00ed eu escutei gritar por mim: &#8220;Dona Chaguinha, repara aqui o que o bicho t\u00e1 fazendo no remanso! Depois de mais ou menos uma semana, eu comecei a receber liga\u00e7\u00f5es. Meus filhos que moram em Rond\u00f4nia entraram em contato e perguntaram o que estava acontecendo comigo. Minhas amigas e outras pessoas que moram na cidade tamb\u00e9m me ligaram. Esse v\u00eddeo foi postado e eu nem sabia&#8221;, revelou.<br>Perguntada sobre o que realmente tinha acontecido naquele dia nas profundezas do Croa, Chaguinha n\u00e3o hesitou. &#8220;At\u00e9 agora a gente ainda n\u00e3o sabe. N\u00e3o vimos cobra e nenhum outro animal. S\u00f3 ouvimos mesmo o barulho, vimos o rebojo, a espuma e que aquilo andava de um canto para o outro. Ainda hoje eu tenho medo&#8221;, confessa.<br>A hist\u00f3ria de Chaguinha com o Croa come\u00e7ou em 1982. Naquele ano, a rec\u00e9m-formada pedagoga foi lecionar em uma escola rural da comunidade. Por nove anos, ela exerceu uma das mais nobres profiss\u00f5es e ensinou muitas crian\u00e7as a ler e a escrever. Transferida para a zona urbana de Cruzeiro do Sul, ficou na cidade at\u00e9 se aposentar.<\/p>\n\n\n\n<figure class=\"wp-block-image size-large\"><img loading=\"lazy\" decoding=\"async\" width=\"1000\" height=\"561\" src=\"https:\/\/jornalfatosenoticias.com.br\/wp-content\/uploads\/2020\/07\/croa_4.jpeg\" alt=\"\" class=\"wp-image-6688\" srcset=\"https:\/\/jornalfatosenoticias.com.br\/wp-content\/uploads\/2020\/07\/croa_4.jpeg 1000w, https:\/\/jornalfatosenoticias.com.br\/wp-content\/uploads\/2020\/07\/croa_4-300x168.jpeg 300w, https:\/\/jornalfatosenoticias.com.br\/wp-content\/uploads\/2020\/07\/croa_4-768x431.jpeg 768w\" sizes=\"auto, (max-width: 1000px) 100vw, 1000px\" \/><figcaption><em>(Foto: Marcos Vicentti\/Secom)<\/em><\/figcaption><\/figure>\n\n\n\n<p>Vinte dois anos depois, ela decidiu retornar em definitivo. Comprou uma propriedade \u00e0s margens do rio e construiu a casa onde vive com a filha e o genro, desde 2013. A mulher de 67 anos de idade tem orgulho de ser uma moradora do Croa, apesar de jamais ter tomado banho em suas \u00e1guas turvas. Mas isso n\u00e3o tira o encanto que ela tem pelo lugar que escolheu viver at\u00e9 o seu \u00faltimo dia de vida.<br>&#8220;Eu sempre gostei daqui, sabe? O Croa \u00e9 uma maravilha e morar aqui \u00e9 uma b\u00ean\u00e7\u00e3o. Uma natureza bela e \u00e9 muito saud\u00e1vel pra gente. Morei um tempo na cidade, mas eu gosto mesmo \u00e9 daqui e \u00e9 onde eu me sinto muito bem. S\u00f3 vou sair daqui quando Deus quiser&#8221;, conta.<\/p>\n\n\n\n<h4 class=\"wp-block-heading\">Os empreendedores do Croa<\/h4>\n\n\n\n<p>O casal Reginaldo Costa da Cunha e Damiana Cunha enxergou em uma defici\u00eancia a oportunidade para melhorar a renda da fam\u00edlia. Com muitos turistas e poucos restaurantes, eles viam que muitas pessoas gostariam de permanecer por mais tempo no local, mas a falta de estrutura acabava atrapalhando.<br>Foi ent\u00e3o que Ded\u00e9, como \u00e9 popularmente chamado, chamou a esposa para abrir um empreendimento no quintal da casa onde vivem. Nascia o Restaurante Sabor e Lenha. As m\u00e3os talentosas de dona Damiana e o atendimento espont\u00e2neo do marido formaram uma combina\u00e7\u00e3o perfeita.<\/p>\n\n\n\n<figure class=\"wp-block-image size-large\"><img loading=\"lazy\" decoding=\"async\" width=\"1000\" height=\"666\" src=\"https:\/\/jornalfatosenoticias.com.br\/wp-content\/uploads\/2020\/07\/croa_5.jpg\" alt=\"\" class=\"wp-image-6689\" srcset=\"https:\/\/jornalfatosenoticias.com.br\/wp-content\/uploads\/2020\/07\/croa_5.jpg 1000w, https:\/\/jornalfatosenoticias.com.br\/wp-content\/uploads\/2020\/07\/croa_5-300x200.jpg 300w, https:\/\/jornalfatosenoticias.com.br\/wp-content\/uploads\/2020\/07\/croa_5-768x511.jpg 768w\" sizes=\"auto, (max-width: 1000px) 100vw, 1000px\" \/><figcaption><em>(Foto: Marcos Vicentti\/Secom)<\/em><\/figcaption><\/figure>\n\n\n\n<p>&#8220;Fazemos tudo com muito amor e carinho. O tempero que uso para fazer a comida da minha fam\u00edlia \u00e9 o mesmo para os nossos clientes. Gra\u00e7as a Deus, temos recebido muitos elogios pela qualidade dos nossos pratos e esse reconhecimento do nosso trabalho \u00e9 muito gratificante&#8221;, disse Damiana.<br>O local oferece v\u00e1rios pratos t\u00edpicos da culin\u00e1ria regional acreana. Galinha caipira e tambaqui assado na brasa est\u00e3o entre os pratos com sabor caseiro que fazem o maior sucesso entre os clientes. A demanda \u00e9 tamanha que Ded\u00e9 precisou deixar a fun\u00e7\u00e3o de guia tur\u00edstico para se dedicar ao restaurante e, constantemente, precisa contratar mais pessoas para dar conta do movimento.<br>&#8220;Al\u00e9m dos brasileiros, j\u00e1 recebemos pessoas da R\u00fassia, da China, Estados Unidos, Jap\u00e3o, Dinamarca, M\u00e9xico e do Peru. Eu acho muito bom esse movimento de turistas por aqui. Foi bom para todo mundo. Ajudou os catraieiros e a gente que tem esse restaurante. Sem contar que muitos produtos que usamos s\u00e3o comprados aqui mesmo na comunidade&#8221;, destacou.<br>Por conta da pandemia do novo coronav\u00edrus, o fluxo de turistas diminuiu. Com a reclassifica\u00e7\u00e3o para a cor Laranja (situa\u00e7\u00e3o de alerta), em Cruzeiro do Sul, o restaurante retomou suas atividades com os devidos cuidados de distanciamento f\u00edsico e de higiene. Agendamentos e informa\u00e7\u00f5es est\u00e3o dispon\u00edveis pelos telefones (68) 99966-5122 e 99924-2783.<\/p>\n\n\n\n<p><em><strong>Fonte: <a href=\"https:\/\/portalamazonia.com\/cultura\/turismo\/croa-uma-conexao-com-o-paraiso-no-acre\">Portal Amaz\u00f4nia<\/a><\/strong><\/em><\/p>\n","protected":false},"excerpt":{"rendered":"<p>Localizado em Cruzeiro do Sul, segundo maior munic\u00edpio do estado, o Croa \u00e9 de f\u00e1cil acesso Suas \u00e1guas escuras e calmas, o verde intenso da vegeta\u00e7\u00e3o, imponentes \u00e1rvores centen\u00e1rias e fauna em abund\u00e2ncia s\u00e3o caracter\u00edsticas que fazem do Croa um local paradis\u00edaco e que chama aten\u00e7\u00e3o de turistas do mundo inteiro, atra\u00eddos por sua beleza [&hellip;]<\/p>\n","protected":false},"author":2,"featured_media":6690,"comment_status":"open","ping_status":"open","sticky":false,"template":"","format":"standard","meta":{"footnotes":""},"categories":[746],"tags":[3886,3887,713,655,1853,3888,3889],"class_list":["post-6685","post","type-post","status-publish","format-standard","has-post-thumbnail","hentry","category-turismo","tag-acre","tag-croa","tag-cultura","tag-natureza","tag-turismo","tag-turismo-natural","tag-vegetacao"],"yoast_head":"<!-- This site is optimized with the Yoast SEO plugin v26.5 - https:\/\/yoast.com\/wordpress\/plugins\/seo\/ -->\n<title>Croa: uma conex\u00e3o com o para\u00edso no Acre - Jornal Fatos e Not\u00edcias<\/title>\n<meta name=\"robots\" content=\"index, follow, max-snippet:-1, max-image-preview:large, max-video-preview:-1\" \/>\n<link rel=\"canonical\" href=\"https:\/\/jornalfatosenoticias.com.br\/index.php\/2020\/07\/21\/croa-uma-conexao-com-o-paraiso-no-acre\/\" \/>\n<meta property=\"og:locale\" content=\"pt_BR\" \/>\n<meta property=\"og:type\" content=\"article\" \/>\n<meta property=\"og:title\" content=\"Croa: uma conex\u00e3o com o para\u00edso no Acre - Jornal Fatos e Not\u00edcias\" \/>\n<meta property=\"og:description\" content=\"Localizado em Cruzeiro do Sul, segundo maior munic\u00edpio do estado, o Croa \u00e9 de f\u00e1cil acesso Suas \u00e1guas escuras e calmas, o verde intenso da vegeta\u00e7\u00e3o, imponentes \u00e1rvores centen\u00e1rias e fauna em abund\u00e2ncia s\u00e3o caracter\u00edsticas que fazem do Croa um local paradis\u00edaco e que chama aten\u00e7\u00e3o de turistas do mundo inteiro, atra\u00eddos por sua beleza [&hellip;]\" \/>\n<meta property=\"og:url\" content=\"https:\/\/jornalfatosenoticias.com.br\/index.php\/2020\/07\/21\/croa-uma-conexao-com-o-paraiso-no-acre\/\" \/>\n<meta property=\"og:site_name\" content=\"Jornal Fatos e Not\u00edcias\" \/>\n<meta property=\"article:published_time\" content=\"2020-07-21T20:18:13+00:00\" \/>\n<meta property=\"article:modified_time\" content=\"2020-07-21T20:18:19+00:00\" \/>\n<meta property=\"og:image\" content=\"https:\/\/jornalfatosenoticias.com.br\/wp-content\/uploads\/2020\/07\/croa_capa.jpg\" \/>\n\t<meta property=\"og:image:width\" content=\"1000\" \/>\n\t<meta property=\"og:image:height\" content=\"750\" \/>\n\t<meta property=\"og:image:type\" content=\"image\/jpeg\" \/>\n<meta name=\"author\" content=\"Luzimara Fernandes\" \/>\n<meta name=\"twitter:card\" content=\"summary_large_image\" \/>\n<meta name=\"twitter:label1\" content=\"Escrito por\" \/>\n\t<meta name=\"twitter:data1\" content=\"Luzimara Fernandes\" \/>\n\t<meta name=\"twitter:label2\" content=\"Est. tempo de leitura\" \/>\n\t<meta name=\"twitter:data2\" content=\"8 minutos\" \/>\n<script type=\"application\/ld+json\" class=\"yoast-schema-graph\">{\"@context\":\"https:\/\/schema.org\",\"@graph\":[{\"@type\":\"Article\",\"@id\":\"https:\/\/jornalfatosenoticias.com.br\/index.php\/2020\/07\/21\/croa-uma-conexao-com-o-paraiso-no-acre\/#article\",\"isPartOf\":{\"@id\":\"https:\/\/jornalfatosenoticias.com.br\/index.php\/2020\/07\/21\/croa-uma-conexao-com-o-paraiso-no-acre\/\"},\"author\":{\"name\":\"Luzimara Fernandes\",\"@id\":\"https:\/\/jornalfatosenoticias.com.br\/#\/schema\/person\/d63837fa13ac8666eb9e74e0985d6f81\"},\"headline\":\"Croa: uma conex\u00e3o com o para\u00edso no Acre\",\"datePublished\":\"2020-07-21T20:18:13+00:00\",\"dateModified\":\"2020-07-21T20:18:19+00:00\",\"mainEntityOfPage\":{\"@id\":\"https:\/\/jornalfatosenoticias.com.br\/index.php\/2020\/07\/21\/croa-uma-conexao-com-o-paraiso-no-acre\/\"},\"wordCount\":1603,\"commentCount\":0,\"publisher\":{\"@id\":\"https:\/\/jornalfatosenoticias.com.br\/#organization\"},\"image\":{\"@id\":\"https:\/\/jornalfatosenoticias.com.br\/index.php\/2020\/07\/21\/croa-uma-conexao-com-o-paraiso-no-acre\/#primaryimage\"},\"thumbnailUrl\":\"https:\/\/jornalfatosenoticias.com.br\/wp-content\/uploads\/2020\/07\/croa_capa.jpg\",\"keywords\":[\"Acre\",\"Croa\",\"cultura\",\"natureza\",\"Turismo\",\"turismo natural\",\"vegeta\u00e7\u00e3o\"],\"articleSection\":[\"Turismo\"],\"inLanguage\":\"pt-BR\",\"potentialAction\":[{\"@type\":\"CommentAction\",\"name\":\"Comment\",\"target\":[\"https:\/\/jornalfatosenoticias.com.br\/index.php\/2020\/07\/21\/croa-uma-conexao-com-o-paraiso-no-acre\/#respond\"]}]},{\"@type\":\"WebPage\",\"@id\":\"https:\/\/jornalfatosenoticias.com.br\/index.php\/2020\/07\/21\/croa-uma-conexao-com-o-paraiso-no-acre\/\",\"url\":\"https:\/\/jornalfatosenoticias.com.br\/index.php\/2020\/07\/21\/croa-uma-conexao-com-o-paraiso-no-acre\/\",\"name\":\"Croa: uma conex\u00e3o com o para\u00edso no Acre - Jornal Fatos e Not\u00edcias\",\"isPartOf\":{\"@id\":\"https:\/\/jornalfatosenoticias.com.br\/#website\"},\"primaryImageOfPage\":{\"@id\":\"https:\/\/jornalfatosenoticias.com.br\/index.php\/2020\/07\/21\/croa-uma-conexao-com-o-paraiso-no-acre\/#primaryimage\"},\"image\":{\"@id\":\"https:\/\/jornalfatosenoticias.com.br\/index.php\/2020\/07\/21\/croa-uma-conexao-com-o-paraiso-no-acre\/#primaryimage\"},\"thumbnailUrl\":\"https:\/\/jornalfatosenoticias.com.br\/wp-content\/uploads\/2020\/07\/croa_capa.jpg\",\"datePublished\":\"2020-07-21T20:18:13+00:00\",\"dateModified\":\"2020-07-21T20:18:19+00:00\",\"breadcrumb\":{\"@id\":\"https:\/\/jornalfatosenoticias.com.br\/index.php\/2020\/07\/21\/croa-uma-conexao-com-o-paraiso-no-acre\/#breadcrumb\"},\"inLanguage\":\"pt-BR\",\"potentialAction\":[{\"@type\":\"ReadAction\",\"target\":[\"https:\/\/jornalfatosenoticias.com.br\/index.php\/2020\/07\/21\/croa-uma-conexao-com-o-paraiso-no-acre\/\"]}]},{\"@type\":\"ImageObject\",\"inLanguage\":\"pt-BR\",\"@id\":\"https:\/\/jornalfatosenoticias.com.br\/index.php\/2020\/07\/21\/croa-uma-conexao-com-o-paraiso-no-acre\/#primaryimage\",\"url\":\"https:\/\/jornalfatosenoticias.com.br\/wp-content\/uploads\/2020\/07\/croa_capa.jpg\",\"contentUrl\":\"https:\/\/jornalfatosenoticias.com.br\/wp-content\/uploads\/2020\/07\/croa_capa.jpg\",\"width\":1000,\"height\":750},{\"@type\":\"BreadcrumbList\",\"@id\":\"https:\/\/jornalfatosenoticias.com.br\/index.php\/2020\/07\/21\/croa-uma-conexao-com-o-paraiso-no-acre\/#breadcrumb\",\"itemListElement\":[{\"@type\":\"ListItem\",\"position\":1,\"name\":\"In\u00edcio\",\"item\":\"https:\/\/jornalfatosenoticias.com.br\/\"},{\"@type\":\"ListItem\",\"position\":2,\"name\":\"Croa: uma conex\u00e3o com o para\u00edso no Acre\"}]},{\"@type\":\"WebSite\",\"@id\":\"https:\/\/jornalfatosenoticias.com.br\/#website\",\"url\":\"https:\/\/jornalfatosenoticias.com.br\/\",\"name\":\"Jornal Fatos e Not\u00edcias\",\"description\":\"Not\u00edcias em geral\",\"publisher\":{\"@id\":\"https:\/\/jornalfatosenoticias.com.br\/#organization\"},\"potentialAction\":[{\"@type\":\"SearchAction\",\"target\":{\"@type\":\"EntryPoint\",\"urlTemplate\":\"https:\/\/jornalfatosenoticias.com.br\/?s={search_term_string}\"},\"query-input\":{\"@type\":\"PropertyValueSpecification\",\"valueRequired\":true,\"valueName\":\"search_term_string\"}}],\"inLanguage\":\"pt-BR\"},{\"@type\":\"Organization\",\"@id\":\"https:\/\/jornalfatosenoticias.com.br\/#organization\",\"name\":\"Jornal Fatos e Not\u00edcias\",\"url\":\"https:\/\/jornalfatosenoticias.com.br\/\",\"logo\":{\"@type\":\"ImageObject\",\"inLanguage\":\"pt-BR\",\"@id\":\"https:\/\/jornalfatosenoticias.com.br\/#\/schema\/logo\/image\/\",\"url\":\"https:\/\/jornalfatosenoticias.com.br\/wp-content\/uploads\/2020\/02\/logo120.png\",\"contentUrl\":\"https:\/\/jornalfatosenoticias.com.br\/wp-content\/uploads\/2020\/02\/logo120.png\",\"width\":1227,\"height\":120,\"caption\":\"Jornal Fatos e Not\u00edcias\"},\"image\":{\"@id\":\"https:\/\/jornalfatosenoticias.com.br\/#\/schema\/logo\/image\/\"}},{\"@type\":\"Person\",\"@id\":\"https:\/\/jornalfatosenoticias.com.br\/#\/schema\/person\/d63837fa13ac8666eb9e74e0985d6f81\",\"name\":\"Luzimara Fernandes\",\"image\":{\"@type\":\"ImageObject\",\"inLanguage\":\"pt-BR\",\"@id\":\"https:\/\/jornalfatosenoticias.com.br\/#\/schema\/person\/image\/\",\"url\":\"https:\/\/jornalfatosenoticias.com.br\/wp-content\/uploads\/2025\/05\/EU_portal.jpg\",\"contentUrl\":\"https:\/\/jornalfatosenoticias.com.br\/wp-content\/uploads\/2025\/05\/EU_portal.jpg\",\"caption\":\"Luzimara Fernandes\"},\"description\":\"Jornalista MTB 2358-ES\",\"sameAs\":[\"https:\/\/jornalfatosenoticias.com.br\"],\"url\":\"https:\/\/jornalfatosenoticias.com.br\/index.php\/author\/luzimara\/\"}]}<\/script>\n<!-- \/ Yoast SEO plugin. -->","yoast_head_json":{"title":"Croa: uma conex\u00e3o com o para\u00edso no Acre - Jornal Fatos e Not\u00edcias","robots":{"index":"index","follow":"follow","max-snippet":"max-snippet:-1","max-image-preview":"max-image-preview:large","max-video-preview":"max-video-preview:-1"},"canonical":"https:\/\/jornalfatosenoticias.com.br\/index.php\/2020\/07\/21\/croa-uma-conexao-com-o-paraiso-no-acre\/","og_locale":"pt_BR","og_type":"article","og_title":"Croa: uma conex\u00e3o com o para\u00edso no Acre - Jornal Fatos e Not\u00edcias","og_description":"Localizado em Cruzeiro do Sul, segundo maior munic\u00edpio do estado, o Croa \u00e9 de f\u00e1cil acesso Suas \u00e1guas escuras e calmas, o verde intenso da vegeta\u00e7\u00e3o, imponentes \u00e1rvores centen\u00e1rias e fauna em abund\u00e2ncia s\u00e3o caracter\u00edsticas que fazem do Croa um local paradis\u00edaco e que chama aten\u00e7\u00e3o de turistas do mundo inteiro, atra\u00eddos por sua beleza [&hellip;]","og_url":"https:\/\/jornalfatosenoticias.com.br\/index.php\/2020\/07\/21\/croa-uma-conexao-com-o-paraiso-no-acre\/","og_site_name":"Jornal Fatos e Not\u00edcias","article_published_time":"2020-07-21T20:18:13+00:00","article_modified_time":"2020-07-21T20:18:19+00:00","og_image":[{"width":1000,"height":750,"url":"https:\/\/jornalfatosenoticias.com.br\/wp-content\/uploads\/2020\/07\/croa_capa.jpg","type":"image\/jpeg"}],"author":"Luzimara Fernandes","twitter_card":"summary_large_image","twitter_misc":{"Escrito por":"Luzimara Fernandes","Est. tempo de leitura":"8 minutos"},"schema":{"@context":"https:\/\/schema.org","@graph":[{"@type":"Article","@id":"https:\/\/jornalfatosenoticias.com.br\/index.php\/2020\/07\/21\/croa-uma-conexao-com-o-paraiso-no-acre\/#article","isPartOf":{"@id":"https:\/\/jornalfatosenoticias.com.br\/index.php\/2020\/07\/21\/croa-uma-conexao-com-o-paraiso-no-acre\/"},"author":{"name":"Luzimara Fernandes","@id":"https:\/\/jornalfatosenoticias.com.br\/#\/schema\/person\/d63837fa13ac8666eb9e74e0985d6f81"},"headline":"Croa: uma conex\u00e3o com o para\u00edso no Acre","datePublished":"2020-07-21T20:18:13+00:00","dateModified":"2020-07-21T20:18:19+00:00","mainEntityOfPage":{"@id":"https:\/\/jornalfatosenoticias.com.br\/index.php\/2020\/07\/21\/croa-uma-conexao-com-o-paraiso-no-acre\/"},"wordCount":1603,"commentCount":0,"publisher":{"@id":"https:\/\/jornalfatosenoticias.com.br\/#organization"},"image":{"@id":"https:\/\/jornalfatosenoticias.com.br\/index.php\/2020\/07\/21\/croa-uma-conexao-com-o-paraiso-no-acre\/#primaryimage"},"thumbnailUrl":"https:\/\/jornalfatosenoticias.com.br\/wp-content\/uploads\/2020\/07\/croa_capa.jpg","keywords":["Acre","Croa","cultura","natureza","Turismo","turismo natural","vegeta\u00e7\u00e3o"],"articleSection":["Turismo"],"inLanguage":"pt-BR","potentialAction":[{"@type":"CommentAction","name":"Comment","target":["https:\/\/jornalfatosenoticias.com.br\/index.php\/2020\/07\/21\/croa-uma-conexao-com-o-paraiso-no-acre\/#respond"]}]},{"@type":"WebPage","@id":"https:\/\/jornalfatosenoticias.com.br\/index.php\/2020\/07\/21\/croa-uma-conexao-com-o-paraiso-no-acre\/","url":"https:\/\/jornalfatosenoticias.com.br\/index.php\/2020\/07\/21\/croa-uma-conexao-com-o-paraiso-no-acre\/","name":"Croa: uma conex\u00e3o com o para\u00edso no Acre - Jornal Fatos e Not\u00edcias","isPartOf":{"@id":"https:\/\/jornalfatosenoticias.com.br\/#website"},"primaryImageOfPage":{"@id":"https:\/\/jornalfatosenoticias.com.br\/index.php\/2020\/07\/21\/croa-uma-conexao-com-o-paraiso-no-acre\/#primaryimage"},"image":{"@id":"https:\/\/jornalfatosenoticias.com.br\/index.php\/2020\/07\/21\/croa-uma-conexao-com-o-paraiso-no-acre\/#primaryimage"},"thumbnailUrl":"https:\/\/jornalfatosenoticias.com.br\/wp-content\/uploads\/2020\/07\/croa_capa.jpg","datePublished":"2020-07-21T20:18:13+00:00","dateModified":"2020-07-21T20:18:19+00:00","breadcrumb":{"@id":"https:\/\/jornalfatosenoticias.com.br\/index.php\/2020\/07\/21\/croa-uma-conexao-com-o-paraiso-no-acre\/#breadcrumb"},"inLanguage":"pt-BR","potentialAction":[{"@type":"ReadAction","target":["https:\/\/jornalfatosenoticias.com.br\/index.php\/2020\/07\/21\/croa-uma-conexao-com-o-paraiso-no-acre\/"]}]},{"@type":"ImageObject","inLanguage":"pt-BR","@id":"https:\/\/jornalfatosenoticias.com.br\/index.php\/2020\/07\/21\/croa-uma-conexao-com-o-paraiso-no-acre\/#primaryimage","url":"https:\/\/jornalfatosenoticias.com.br\/wp-content\/uploads\/2020\/07\/croa_capa.jpg","contentUrl":"https:\/\/jornalfatosenoticias.com.br\/wp-content\/uploads\/2020\/07\/croa_capa.jpg","width":1000,"height":750},{"@type":"BreadcrumbList","@id":"https:\/\/jornalfatosenoticias.com.br\/index.php\/2020\/07\/21\/croa-uma-conexao-com-o-paraiso-no-acre\/#breadcrumb","itemListElement":[{"@type":"ListItem","position":1,"name":"In\u00edcio","item":"https:\/\/jornalfatosenoticias.com.br\/"},{"@type":"ListItem","position":2,"name":"Croa: uma conex\u00e3o com o para\u00edso no Acre"}]},{"@type":"WebSite","@id":"https:\/\/jornalfatosenoticias.com.br\/#website","url":"https:\/\/jornalfatosenoticias.com.br\/","name":"Jornal Fatos e Not\u00edcias","description":"Not\u00edcias em geral","publisher":{"@id":"https:\/\/jornalfatosenoticias.com.br\/#organization"},"potentialAction":[{"@type":"SearchAction","target":{"@type":"EntryPoint","urlTemplate":"https:\/\/jornalfatosenoticias.com.br\/?s={search_term_string}"},"query-input":{"@type":"PropertyValueSpecification","valueRequired":true,"valueName":"search_term_string"}}],"inLanguage":"pt-BR"},{"@type":"Organization","@id":"https:\/\/jornalfatosenoticias.com.br\/#organization","name":"Jornal Fatos e Not\u00edcias","url":"https:\/\/jornalfatosenoticias.com.br\/","logo":{"@type":"ImageObject","inLanguage":"pt-BR","@id":"https:\/\/jornalfatosenoticias.com.br\/#\/schema\/logo\/image\/","url":"https:\/\/jornalfatosenoticias.com.br\/wp-content\/uploads\/2020\/02\/logo120.png","contentUrl":"https:\/\/jornalfatosenoticias.com.br\/wp-content\/uploads\/2020\/02\/logo120.png","width":1227,"height":120,"caption":"Jornal Fatos e Not\u00edcias"},"image":{"@id":"https:\/\/jornalfatosenoticias.com.br\/#\/schema\/logo\/image\/"}},{"@type":"Person","@id":"https:\/\/jornalfatosenoticias.com.br\/#\/schema\/person\/d63837fa13ac8666eb9e74e0985d6f81","name":"Luzimara Fernandes","image":{"@type":"ImageObject","inLanguage":"pt-BR","@id":"https:\/\/jornalfatosenoticias.com.br\/#\/schema\/person\/image\/","url":"https:\/\/jornalfatosenoticias.com.br\/wp-content\/uploads\/2025\/05\/EU_portal.jpg","contentUrl":"https:\/\/jornalfatosenoticias.com.br\/wp-content\/uploads\/2025\/05\/EU_portal.jpg","caption":"Luzimara Fernandes"},"description":"Jornalista MTB 2358-ES","sameAs":["https:\/\/jornalfatosenoticias.com.br"],"url":"https:\/\/jornalfatosenoticias.com.br\/index.php\/author\/luzimara\/"}]}},"cc_featured_image_caption":{"caption_text":"(Foto: Marcos Vicentti\/Secom)","source_text":"","source_url":""},"jetpack_featured_media_url":"https:\/\/jornalfatosenoticias.com.br\/wp-content\/uploads\/2020\/07\/croa_capa.jpg","_links":{"self":[{"href":"https:\/\/jornalfatosenoticias.com.br\/index.php\/wp-json\/wp\/v2\/posts\/6685","targetHints":{"allow":["GET"]}}],"collection":[{"href":"https:\/\/jornalfatosenoticias.com.br\/index.php\/wp-json\/wp\/v2\/posts"}],"about":[{"href":"https:\/\/jornalfatosenoticias.com.br\/index.php\/wp-json\/wp\/v2\/types\/post"}],"author":[{"embeddable":true,"href":"https:\/\/jornalfatosenoticias.com.br\/index.php\/wp-json\/wp\/v2\/users\/2"}],"replies":[{"embeddable":true,"href":"https:\/\/jornalfatosenoticias.com.br\/index.php\/wp-json\/wp\/v2\/comments?post=6685"}],"version-history":[{"count":0,"href":"https:\/\/jornalfatosenoticias.com.br\/index.php\/wp-json\/wp\/v2\/posts\/6685\/revisions"}],"wp:featuredmedia":[{"embeddable":true,"href":"https:\/\/jornalfatosenoticias.com.br\/index.php\/wp-json\/wp\/v2\/media\/6690"}],"wp:attachment":[{"href":"https:\/\/jornalfatosenoticias.com.br\/index.php\/wp-json\/wp\/v2\/media?parent=6685"}],"wp:term":[{"taxonomy":"category","embeddable":true,"href":"https:\/\/jornalfatosenoticias.com.br\/index.php\/wp-json\/wp\/v2\/categories?post=6685"},{"taxonomy":"post_tag","embeddable":true,"href":"https:\/\/jornalfatosenoticias.com.br\/index.php\/wp-json\/wp\/v2\/tags?post=6685"}],"curies":[{"name":"wp","href":"https:\/\/api.w.org\/{rel}","templated":true}]}}