{"id":6716,"date":"2020-07-21T18:42:45","date_gmt":"2020-07-21T21:42:45","guid":{"rendered":"https:\/\/jornalfatosenoticias.com.br\/?p=6716"},"modified":"2020-07-21T19:31:23","modified_gmt":"2020-07-21T22:31:23","slug":"ouca-a-entrevista-com-a-secretaria-de-educacao-de-fundao","status":"publish","type":"post","link":"https:\/\/jornalfatosenoticias.com.br\/index.php\/2020\/07\/21\/ouca-a-entrevista-com-a-secretaria-de-educacao-de-fundao\/","title":{"rendered":"Ou\u00e7a a entrevista com a secret\u00e1ria de Educa\u00e7\u00e3o de Fund\u00e3o"},"content":{"rendered":"\n<p>A secret\u00e1ria de Educa\u00e7\u00e3o do munic\u00edpio de Fund\u00e3o, Magda Lu\u00edza Bertolini T\u00f3tola falou sobre a condu\u00e7\u00e3o da pasta nesse momento de pandemia.<br>&#8220;Estamos conduzindo as coisas de acordo com as normativas do Conselho Municipal de Educa\u00e7\u00e3o e dos \u00f3rg\u00e3os federais competentes&#8221;.<\/p>\n\n\n\n<h4 class=\"wp-block-heading\">Ou\u00e7a a \u00edntegra da entrevista:<\/h4>\n\n\n\n<figure class=\"wp-block-audio\"><audio controls src=\"https:\/\/jornalfatosenoticias.com.br\/wp-content\/uploads\/2020\/07\/Entrevista-Magda-T\u00f3tola-MP.mp3\"><\/audio><\/figure>\n","protected":false},"excerpt":{"rendered":"<p>A secret\u00e1ria de Educa\u00e7\u00e3o do munic\u00edpio de Fund\u00e3o, Magda Lu\u00edza Bertolini T\u00f3tola falou sobre a condu\u00e7\u00e3o da pasta nesse momento de pandemia.&#8220;Estamos conduzindo as coisas de acordo com as normativas do Conselho Municipal de Educa\u00e7\u00e3o e dos \u00f3rg\u00e3os federais competentes&#8221;. Ou\u00e7a a \u00edntegra da entrevista:<\/p>\n","protected":false},"author":3,"featured_media":6718,"comment_status":"open","ping_status":"open","sticky":false,"template":"","format":"standard","meta":{"footnotes":""},"categories":[7],"tags":[345,560,3893,330],"class_list":["post-6716","post","type-post","status-publish","format-standard","has-post-thumbnail","hentry","category-educacao","tag-educacao","tag-fundao","tag-magda-luiza-totola","tag-pandemia"],"yoast_head":"<!-- This site is optimized with the Yoast SEO plugin v26.5 - https:\/\/yoast.com\/wordpress\/plugins\/seo\/ -->\n<title>Ou\u00e7a a entrevista com a secret\u00e1ria de Educa\u00e7\u00e3o de Fund\u00e3o - Jornal Fatos e Not\u00edcias<\/title>\n<meta name=\"robots\" content=\"index, follow, max-snippet:-1, max-image-preview:large, max-video-preview:-1\" \/>\n<link rel=\"canonical\" href=\"https:\/\/jornalfatosenoticias.com.br\/index.php\/2020\/07\/21\/ouca-a-entrevista-com-a-secretaria-de-educacao-de-fundao\/\" \/>\n<meta property=\"og:locale\" content=\"pt_BR\" \/>\n<meta property=\"og:type\" content=\"article\" \/>\n<meta property=\"og:title\" content=\"Ou\u00e7a a entrevista com a secret\u00e1ria de Educa\u00e7\u00e3o de Fund\u00e3o - Jornal Fatos e Not\u00edcias\" \/>\n<meta property=\"og:description\" content=\"A secret\u00e1ria de Educa\u00e7\u00e3o do munic\u00edpio de Fund\u00e3o, Magda Lu\u00edza Bertolini T\u00f3tola falou sobre a condu\u00e7\u00e3o da pasta nesse momento de pandemia.&#8220;Estamos conduzindo as coisas de acordo com as normativas do Conselho Municipal de Educa\u00e7\u00e3o e dos \u00f3rg\u00e3os federais competentes&#8221;. Ou\u00e7a a \u00edntegra da entrevista:\" \/>\n<meta property=\"og:url\" content=\"https:\/\/jornalfatosenoticias.com.br\/index.php\/2020\/07\/21\/ouca-a-entrevista-com-a-secretaria-de-educacao-de-fundao\/\" \/>\n<meta property=\"og:site_name\" content=\"Jornal Fatos e Not\u00edcias\" \/>\n<meta property=\"article:published_time\" content=\"2020-07-21T21:42:45+00:00\" \/>\n<meta property=\"article:modified_time\" content=\"2020-07-21T22:31:23+00:00\" \/>\n<meta property=\"og:image\" content=\"https:\/\/jornalfatosenoticias.com.br\/wp-content\/uploads\/2020\/07\/sECRET\u00c1RIA-FUND\u00c3O.jpg\" \/>\n\t<meta property=\"og:image:width\" content=\"1000\" \/>\n\t<meta property=\"og:image:height\" content=\"841\" \/>\n\t<meta property=\"og:image:type\" content=\"image\/jpeg\" \/>\n<meta name=\"author\" content=\"Haroldo Filho\" \/>\n<meta name=\"twitter:card\" content=\"summary_large_image\" \/>\n<meta name=\"twitter:label1\" content=\"Escrito por\" \/>\n\t<meta name=\"twitter:data1\" content=\"Haroldo Filho\" \/>\n<script type=\"application\/ld+json\" class=\"yoast-schema-graph\">{\"@context\":\"https:\/\/schema.org\",\"@graph\":[{\"@type\":\"Article\",\"@id\":\"https:\/\/jornalfatosenoticias.com.br\/index.php\/2020\/07\/21\/ouca-a-entrevista-com-a-secretaria-de-educacao-de-fundao\/#article\",\"isPartOf\":{\"@id\":\"https:\/\/jornalfatosenoticias.com.br\/index.php\/2020\/07\/21\/ouca-a-entrevista-com-a-secretaria-de-educacao-de-fundao\/\"},\"author\":{\"name\":\"Haroldo Filho\",\"@id\":\"https:\/\/jornalfatosenoticias.com.br\/#\/schema\/person\/05c46cc25b42a5c27e004fb0fa6b4965\"},\"headline\":\"Ou\u00e7a a entrevista com a secret\u00e1ria de Educa\u00e7\u00e3o de Fund\u00e3o\",\"datePublished\":\"2020-07-21T21:42:45+00:00\",\"dateModified\":\"2020-07-21T22:31:23+00:00\",\"mainEntityOfPage\":{\"@id\":\"https:\/\/jornalfatosenoticias.com.br\/index.php\/2020\/07\/21\/ouca-a-entrevista-com-a-secretaria-de-educacao-de-fundao\/\"},\"wordCount\":70,\"commentCount\":0,\"publisher\":{\"@id\":\"https:\/\/jornalfatosenoticias.com.br\/#organization\"},\"image\":{\"@id\":\"https:\/\/jornalfatosenoticias.com.br\/index.php\/2020\/07\/21\/ouca-a-entrevista-com-a-secretaria-de-educacao-de-fundao\/#primaryimage\"},\"thumbnailUrl\":\"https:\/\/jornalfatosenoticias.com.br\/wp-content\/uploads\/2020\/07\/sECRET\u00c1RIA-FUND\u00c3O.jpg\",\"keywords\":[\"educa\u00e7\u00e3o\",\"Fund\u00e3o\",\"Magda Lu\u00edza T\u00f3tola\",\"pandemia\"],\"articleSection\":[\"Educa\u00e7\u00e3o\"],\"inLanguage\":\"pt-BR\",\"potentialAction\":[{\"@type\":\"CommentAction\",\"name\":\"Comment\",\"target\":[\"https:\/\/jornalfatosenoticias.com.br\/index.php\/2020\/07\/21\/ouca-a-entrevista-com-a-secretaria-de-educacao-de-fundao\/#respond\"]}]},{\"@type\":\"WebPage\",\"@id\":\"https:\/\/jornalfatosenoticias.com.br\/index.php\/2020\/07\/21\/ouca-a-entrevista-com-a-secretaria-de-educacao-de-fundao\/\",\"url\":\"https:\/\/jornalfatosenoticias.com.br\/index.php\/2020\/07\/21\/ouca-a-entrevista-com-a-secretaria-de-educacao-de-fundao\/\",\"name\":\"Ou\u00e7a a entrevista com a secret\u00e1ria de Educa\u00e7\u00e3o de Fund\u00e3o - Jornal Fatos e Not\u00edcias\",\"isPartOf\":{\"@id\":\"https:\/\/jornalfatosenoticias.com.br\/#website\"},\"primaryImageOfPage\":{\"@id\":\"https:\/\/jornalfatosenoticias.com.br\/index.php\/2020\/07\/21\/ouca-a-entrevista-com-a-secretaria-de-educacao-de-fundao\/#primaryimage\"},\"image\":{\"@id\":\"https:\/\/jornalfatosenoticias.com.br\/index.php\/2020\/07\/21\/ouca-a-entrevista-com-a-secretaria-de-educacao-de-fundao\/#primaryimage\"},\"thumbnailUrl\":\"https:\/\/jornalfatosenoticias.com.br\/wp-content\/uploads\/2020\/07\/sECRET\u00c1RIA-FUND\u00c3O.jpg\",\"datePublished\":\"2020-07-21T21:42:45+00:00\",\"dateModified\":\"2020-07-21T22:31:23+00:00\",\"breadcrumb\":{\"@id\":\"https:\/\/jornalfatosenoticias.com.br\/index.php\/2020\/07\/21\/ouca-a-entrevista-com-a-secretaria-de-educacao-de-fundao\/#breadcrumb\"},\"inLanguage\":\"pt-BR\",\"potentialAction\":[{\"@type\":\"ReadAction\",\"target\":[\"https:\/\/jornalfatosenoticias.com.br\/index.php\/2020\/07\/21\/ouca-a-entrevista-com-a-secretaria-de-educacao-de-fundao\/\"]}]},{\"@type\":\"ImageObject\",\"inLanguage\":\"pt-BR\",\"@id\":\"https:\/\/jornalfatosenoticias.com.br\/index.php\/2020\/07\/21\/ouca-a-entrevista-com-a-secretaria-de-educacao-de-fundao\/#primaryimage\",\"url\":\"https:\/\/jornalfatosenoticias.com.br\/wp-content\/uploads\/2020\/07\/sECRET\u00c1RIA-FUND\u00c3O.jpg\",\"contentUrl\":\"https:\/\/jornalfatosenoticias.com.br\/wp-content\/uploads\/2020\/07\/sECRET\u00c1RIA-FUND\u00c3O.jpg\",\"width\":1000,\"height\":841},{\"@type\":\"BreadcrumbList\",\"@id\":\"https:\/\/jornalfatosenoticias.com.br\/index.php\/2020\/07\/21\/ouca-a-entrevista-com-a-secretaria-de-educacao-de-fundao\/#breadcrumb\",\"itemListElement\":[{\"@type\":\"ListItem\",\"position\":1,\"name\":\"In\u00edcio\",\"item\":\"https:\/\/jornalfatosenoticias.com.br\/\"},{\"@type\":\"ListItem\",\"position\":2,\"name\":\"Ou\u00e7a a entrevista com a secret\u00e1ria de Educa\u00e7\u00e3o de Fund\u00e3o\"}]},{\"@type\":\"WebSite\",\"@id\":\"https:\/\/jornalfatosenoticias.com.br\/#website\",\"url\":\"https:\/\/jornalfatosenoticias.com.br\/\",\"name\":\"Jornal Fatos e Not\u00edcias\",\"description\":\"Not\u00edcias em geral\",\"publisher\":{\"@id\":\"https:\/\/jornalfatosenoticias.com.br\/#organization\"},\"potentialAction\":[{\"@type\":\"SearchAction\",\"target\":{\"@type\":\"EntryPoint\",\"urlTemplate\":\"https:\/\/jornalfatosenoticias.com.br\/?s={search_term_string}\"},\"query-input\":{\"@type\":\"PropertyValueSpecification\",\"valueRequired\":true,\"valueName\":\"search_term_string\"}}],\"inLanguage\":\"pt-BR\"},{\"@type\":\"Organization\",\"@id\":\"https:\/\/jornalfatosenoticias.com.br\/#organization\",\"name\":\"Jornal Fatos e Not\u00edcias\",\"url\":\"https:\/\/jornalfatosenoticias.com.br\/\",\"logo\":{\"@type\":\"ImageObject\",\"inLanguage\":\"pt-BR\",\"@id\":\"https:\/\/jornalfatosenoticias.com.br\/#\/schema\/logo\/image\/\",\"url\":\"https:\/\/jornalfatosenoticias.com.br\/wp-content\/uploads\/2020\/02\/logo120.png\",\"contentUrl\":\"https:\/\/jornalfatosenoticias.com.br\/wp-content\/uploads\/2020\/02\/logo120.png\",\"width\":1227,\"height\":120,\"caption\":\"Jornal Fatos e Not\u00edcias\"},\"image\":{\"@id\":\"https:\/\/jornalfatosenoticias.com.br\/#\/schema\/logo\/image\/\"}},{\"@type\":\"Person\",\"@id\":\"https:\/\/jornalfatosenoticias.com.br\/#\/schema\/person\/05c46cc25b42a5c27e004fb0fa6b4965\",\"name\":\"Haroldo Filho\",\"image\":{\"@type\":\"ImageObject\",\"inLanguage\":\"pt-BR\",\"@id\":\"https:\/\/jornalfatosenoticias.com.br\/#\/schema\/person\/image\/\",\"url\":\"https:\/\/jornalfatosenoticias.com.br\/wp-content\/uploads\/2025\/08\/WhatsApp-Image-2025-08-18-at-15.30.28-150x150.jpeg\",\"contentUrl\":\"https:\/\/jornalfatosenoticias.com.br\/wp-content\/uploads\/2025\/08\/WhatsApp-Image-2025-08-18-at-15.30.28-150x150.jpeg\",\"caption\":\"Haroldo Filho\"},\"description\":\"Jornalista \u2013 DRT: 0003818\/ES Coordenador-geral da ONG Educar para Crescer\",\"url\":\"https:\/\/jornalfatosenoticias.com.br\/index.php\/author\/haroldo\/\"}]}<\/script>\n<!-- \/ Yoast SEO plugin. -->","yoast_head_json":{"title":"Ou\u00e7a a entrevista com a secret\u00e1ria de Educa\u00e7\u00e3o de Fund\u00e3o - Jornal Fatos e Not\u00edcias","robots":{"index":"index","follow":"follow","max-snippet":"max-snippet:-1","max-image-preview":"max-image-preview:large","max-video-preview":"max-video-preview:-1"},"canonical":"https:\/\/jornalfatosenoticias.com.br\/index.php\/2020\/07\/21\/ouca-a-entrevista-com-a-secretaria-de-educacao-de-fundao\/","og_locale":"pt_BR","og_type":"article","og_title":"Ou\u00e7a a entrevista com a secret\u00e1ria de Educa\u00e7\u00e3o de Fund\u00e3o - Jornal Fatos e Not\u00edcias","og_description":"A secret\u00e1ria de Educa\u00e7\u00e3o do munic\u00edpio de Fund\u00e3o, Magda Lu\u00edza Bertolini T\u00f3tola falou sobre a condu\u00e7\u00e3o da pasta nesse momento de pandemia.&#8220;Estamos conduzindo as coisas de acordo com as normativas do Conselho Municipal de Educa\u00e7\u00e3o e dos \u00f3rg\u00e3os federais competentes&#8221;. Ou\u00e7a a \u00edntegra da entrevista:","og_url":"https:\/\/jornalfatosenoticias.com.br\/index.php\/2020\/07\/21\/ouca-a-entrevista-com-a-secretaria-de-educacao-de-fundao\/","og_site_name":"Jornal Fatos e Not\u00edcias","article_published_time":"2020-07-21T21:42:45+00:00","article_modified_time":"2020-07-21T22:31:23+00:00","og_image":[{"width":1000,"height":841,"url":"https:\/\/jornalfatosenoticias.com.br\/wp-content\/uploads\/2020\/07\/sECRET\u00c1RIA-FUND\u00c3O.jpg","type":"image\/jpeg"}],"author":"Haroldo Filho","twitter_card":"summary_large_image","twitter_misc":{"Escrito por":"Haroldo Filho"},"schema":{"@context":"https:\/\/schema.org","@graph":[{"@type":"Article","@id":"https:\/\/jornalfatosenoticias.com.br\/index.php\/2020\/07\/21\/ouca-a-entrevista-com-a-secretaria-de-educacao-de-fundao\/#article","isPartOf":{"@id":"https:\/\/jornalfatosenoticias.com.br\/index.php\/2020\/07\/21\/ouca-a-entrevista-com-a-secretaria-de-educacao-de-fundao\/"},"author":{"name":"Haroldo Filho","@id":"https:\/\/jornalfatosenoticias.com.br\/#\/schema\/person\/05c46cc25b42a5c27e004fb0fa6b4965"},"headline":"Ou\u00e7a a entrevista com a secret\u00e1ria de Educa\u00e7\u00e3o de Fund\u00e3o","datePublished":"2020-07-21T21:42:45+00:00","dateModified":"2020-07-21T22:31:23+00:00","mainEntityOfPage":{"@id":"https:\/\/jornalfatosenoticias.com.br\/index.php\/2020\/07\/21\/ouca-a-entrevista-com-a-secretaria-de-educacao-de-fundao\/"},"wordCount":70,"commentCount":0,"publisher":{"@id":"https:\/\/jornalfatosenoticias.com.br\/#organization"},"image":{"@id":"https:\/\/jornalfatosenoticias.com.br\/index.php\/2020\/07\/21\/ouca-a-entrevista-com-a-secretaria-de-educacao-de-fundao\/#primaryimage"},"thumbnailUrl":"https:\/\/jornalfatosenoticias.com.br\/wp-content\/uploads\/2020\/07\/sECRET\u00c1RIA-FUND\u00c3O.jpg","keywords":["educa\u00e7\u00e3o","Fund\u00e3o","Magda Lu\u00edza T\u00f3tola","pandemia"],"articleSection":["Educa\u00e7\u00e3o"],"inLanguage":"pt-BR","potentialAction":[{"@type":"CommentAction","name":"Comment","target":["https:\/\/jornalfatosenoticias.com.br\/index.php\/2020\/07\/21\/ouca-a-entrevista-com-a-secretaria-de-educacao-de-fundao\/#respond"]}]},{"@type":"WebPage","@id":"https:\/\/jornalfatosenoticias.com.br\/index.php\/2020\/07\/21\/ouca-a-entrevista-com-a-secretaria-de-educacao-de-fundao\/","url":"https:\/\/jornalfatosenoticias.com.br\/index.php\/2020\/07\/21\/ouca-a-entrevista-com-a-secretaria-de-educacao-de-fundao\/","name":"Ou\u00e7a a entrevista com a secret\u00e1ria de Educa\u00e7\u00e3o de Fund\u00e3o - Jornal Fatos e Not\u00edcias","isPartOf":{"@id":"https:\/\/jornalfatosenoticias.com.br\/#website"},"primaryImageOfPage":{"@id":"https:\/\/jornalfatosenoticias.com.br\/index.php\/2020\/07\/21\/ouca-a-entrevista-com-a-secretaria-de-educacao-de-fundao\/#primaryimage"},"image":{"@id":"https:\/\/jornalfatosenoticias.com.br\/index.php\/2020\/07\/21\/ouca-a-entrevista-com-a-secretaria-de-educacao-de-fundao\/#primaryimage"},"thumbnailUrl":"https:\/\/jornalfatosenoticias.com.br\/wp-content\/uploads\/2020\/07\/sECRET\u00c1RIA-FUND\u00c3O.jpg","datePublished":"2020-07-21T21:42:45+00:00","dateModified":"2020-07-21T22:31:23+00:00","breadcrumb":{"@id":"https:\/\/jornalfatosenoticias.com.br\/index.php\/2020\/07\/21\/ouca-a-entrevista-com-a-secretaria-de-educacao-de-fundao\/#breadcrumb"},"inLanguage":"pt-BR","potentialAction":[{"@type":"ReadAction","target":["https:\/\/jornalfatosenoticias.com.br\/index.php\/2020\/07\/21\/ouca-a-entrevista-com-a-secretaria-de-educacao-de-fundao\/"]}]},{"@type":"ImageObject","inLanguage":"pt-BR","@id":"https:\/\/jornalfatosenoticias.com.br\/index.php\/2020\/07\/21\/ouca-a-entrevista-com-a-secretaria-de-educacao-de-fundao\/#primaryimage","url":"https:\/\/jornalfatosenoticias.com.br\/wp-content\/uploads\/2020\/07\/sECRET\u00c1RIA-FUND\u00c3O.jpg","contentUrl":"https:\/\/jornalfatosenoticias.com.br\/wp-content\/uploads\/2020\/07\/sECRET\u00c1RIA-FUND\u00c3O.jpg","width":1000,"height":841},{"@type":"BreadcrumbList","@id":"https:\/\/jornalfatosenoticias.com.br\/index.php\/2020\/07\/21\/ouca-a-entrevista-com-a-secretaria-de-educacao-de-fundao\/#breadcrumb","itemListElement":[{"@type":"ListItem","position":1,"name":"In\u00edcio","item":"https:\/\/jornalfatosenoticias.com.br\/"},{"@type":"ListItem","position":2,"name":"Ou\u00e7a a entrevista com a secret\u00e1ria de Educa\u00e7\u00e3o de Fund\u00e3o"}]},{"@type":"WebSite","@id":"https:\/\/jornalfatosenoticias.com.br\/#website","url":"https:\/\/jornalfatosenoticias.com.br\/","name":"Jornal Fatos e Not\u00edcias","description":"Not\u00edcias em geral","publisher":{"@id":"https:\/\/jornalfatosenoticias.com.br\/#organization"},"potentialAction":[{"@type":"SearchAction","target":{"@type":"EntryPoint","urlTemplate":"https:\/\/jornalfatosenoticias.com.br\/?s={search_term_string}"},"query-input":{"@type":"PropertyValueSpecification","valueRequired":true,"valueName":"search_term_string"}}],"inLanguage":"pt-BR"},{"@type":"Organization","@id":"https:\/\/jornalfatosenoticias.com.br\/#organization","name":"Jornal Fatos e Not\u00edcias","url":"https:\/\/jornalfatosenoticias.com.br\/","logo":{"@type":"ImageObject","inLanguage":"pt-BR","@id":"https:\/\/jornalfatosenoticias.com.br\/#\/schema\/logo\/image\/","url":"https:\/\/jornalfatosenoticias.com.br\/wp-content\/uploads\/2020\/02\/logo120.png","contentUrl":"https:\/\/jornalfatosenoticias.com.br\/wp-content\/uploads\/2020\/02\/logo120.png","width":1227,"height":120,"caption":"Jornal Fatos e Not\u00edcias"},"image":{"@id":"https:\/\/jornalfatosenoticias.com.br\/#\/schema\/logo\/image\/"}},{"@type":"Person","@id":"https:\/\/jornalfatosenoticias.com.br\/#\/schema\/person\/05c46cc25b42a5c27e004fb0fa6b4965","name":"Haroldo Filho","image":{"@type":"ImageObject","inLanguage":"pt-BR","@id":"https:\/\/jornalfatosenoticias.com.br\/#\/schema\/person\/image\/","url":"https:\/\/jornalfatosenoticias.com.br\/wp-content\/uploads\/2025\/08\/WhatsApp-Image-2025-08-18-at-15.30.28-150x150.jpeg","contentUrl":"https:\/\/jornalfatosenoticias.com.br\/wp-content\/uploads\/2025\/08\/WhatsApp-Image-2025-08-18-at-15.30.28-150x150.jpeg","caption":"Haroldo Filho"},"description":"Jornalista \u2013 DRT: 0003818\/ES Coordenador-geral da ONG Educar para Crescer","url":"https:\/\/jornalfatosenoticias.com.br\/index.php\/author\/haroldo\/"}]}},"cc_featured_image_caption":{"caption_text":"(Foto: Reprodu\u00e7\u00e3o\/Facebook)","source_text":"","source_url":""},"jetpack_featured_media_url":"https:\/\/jornalfatosenoticias.com.br\/wp-content\/uploads\/2020\/07\/sECRET\u00c1RIA-FUND\u00c3O.jpg","_links":{"self":[{"href":"https:\/\/jornalfatosenoticias.com.br\/index.php\/wp-json\/wp\/v2\/posts\/6716","targetHints":{"allow":["GET"]}}],"collection":[{"href":"https:\/\/jornalfatosenoticias.com.br\/index.php\/wp-json\/wp\/v2\/posts"}],"about":[{"href":"https:\/\/jornalfatosenoticias.com.br\/index.php\/wp-json\/wp\/v2\/types\/post"}],"author":[{"embeddable":true,"href":"https:\/\/jornalfatosenoticias.com.br\/index.php\/wp-json\/wp\/v2\/users\/3"}],"replies":[{"embeddable":true,"href":"https:\/\/jornalfatosenoticias.com.br\/index.php\/wp-json\/wp\/v2\/comments?post=6716"}],"version-history":[{"count":0,"href":"https:\/\/jornalfatosenoticias.com.br\/index.php\/wp-json\/wp\/v2\/posts\/6716\/revisions"}],"wp:featuredmedia":[{"embeddable":true,"href":"https:\/\/jornalfatosenoticias.com.br\/index.php\/wp-json\/wp\/v2\/media\/6718"}],"wp:attachment":[{"href":"https:\/\/jornalfatosenoticias.com.br\/index.php\/wp-json\/wp\/v2\/media?parent=6716"}],"wp:term":[{"taxonomy":"category","embeddable":true,"href":"https:\/\/jornalfatosenoticias.com.br\/index.php\/wp-json\/wp\/v2\/categories?post=6716"},{"taxonomy":"post_tag","embeddable":true,"href":"https:\/\/jornalfatosenoticias.com.br\/index.php\/wp-json\/wp\/v2\/tags?post=6716"}],"curies":[{"name":"wp","href":"https:\/\/api.w.org\/{rel}","templated":true}]}}