{"id":6788,"date":"2020-07-23T21:19:48","date_gmt":"2020-07-24T00:19:48","guid":{"rendered":"https:\/\/jornalfatosenoticias.com.br\/?p=6788"},"modified":"2020-07-23T21:19:52","modified_gmt":"2020-07-24T00:19:52","slug":"o-novo-marco-do-saneamento","status":"publish","type":"post","link":"https:\/\/jornalfatosenoticias.com.br\/index.php\/2020\/07\/23\/o-novo-marco-do-saneamento\/","title":{"rendered":"O novo marco do saneamento"},"content":{"rendered":"\n<h6 class=\"wp-block-heading\"><em>O novo marco n\u00e3o \u00e9 sobre privatizar a \u00e1gua, mas \u00e9 dar a gest\u00e3o do recurso para uma empresa, privada ou n\u00e3o, que ter\u00e1 de oferecer uma contrapartida para fornecer o servi\u00e7o<\/em><\/h6>\n\n\n\n<p><em>Texto: *Luiz Felipe Magnago Blulm<\/em><\/p>\n\n\n\n<p>Recentemente foi aprovado o novo marco do saneamento. Como tudo que envolve uma quebra de monop\u00f3lio estatal, o novo marco tem sido alvo de grandes pol\u00eamicas. Majoritariamente criticado por partidos e entidades com vi\u00e9s mais \u00e0 esquerda, entre as principais cr\u00edticas est\u00e3o os argumentos de que \u00e1gua \u00e9 um direito e n\u00e3o pode ser privatizada e de que, com esse marco, os mais pobres ser\u00e3o prejudicados no acesso ao servi\u00e7o.<br>Antes de mais nada, vamos analisar a realidade do setor hoje. Apenas 6% da rede de \u00e1gua e esgoto \u00e9 gerida por empresas privadas, cerca de 104 milh\u00f5es de pessoas n\u00e3o t\u00eam acesso \u00e0 coleta de esgoto e 35 milh\u00f5es n\u00e3o t\u00eam acesso \u00e0 \u00e1gua pot\u00e1vel. Diante desse cen\u00e1rio, temos no Brasil 15 mil mortes por ano e 350 mil interna\u00e7\u00f5es gra\u00e7as \u00e0 falta de saneamento b\u00e1sico. Para reverter esse cen\u00e1rio, estima-se que seja necess\u00e1rio um investimento de R$ 500 bilh\u00f5es de reais, uma quantia que, atualmente, o governo n\u00e3o disp\u00f5e para investir e que n\u00e3o vai dispor t\u00e3o cedo. E o que o novo marco faz para tentar mudar isso?<br>O marco traz o fim do direito de prefer\u00eancia a empresas estatais de fornecer o servi\u00e7o. Al\u00e9m do fim da prefer\u00eancia, quem ganhar a licita\u00e7\u00e3o, seja uma empresa privada ou p\u00fablica, dever\u00e1 cumprir as metas estabelecidas pelo novo marco ou poder\u00e1 perder o contrato. Entre essas metas 99% da popula\u00e7\u00e3o dever\u00e3o ter \u00e1gua pot\u00e1vel em casa at\u00e9 dezembro de 2033 e 90% da popula\u00e7\u00e3o com coleta e tratamento de esgoto at\u00e9 dezembro de 2033. O marco ainda prev\u00ea a\u00e7\u00f5es para diminui\u00e7\u00e3o do desperd\u00edcio de \u00e1gua e aproveitamento da \u00e1gua da chuva.<br>Para a economia, o novo marco traz uma s\u00e9rie de benef\u00edcios, ainda mais agora com a crise causada pelo novo coronav\u00edrus. Com a falta de capacidade do governo para realizar investimentos t\u00e3o pesados, a abertura desse servi\u00e7o para iniciativa privada pode alcan\u00e7ar mais de 700 bilh\u00f5es de reais em investimentos e gerar por volta de 700 mil empregos no Pa\u00eds nos pr\u00f3ximos 14 anos. Sem contar os benef\u00edcios para sa\u00fade p\u00fablica e para a vida dos brasileiros mais pobres, que s\u00e3o os mais afetados com a falta desse servi\u00e7o chamado de b\u00e1sico. H\u00e1 tamb\u00e9m o benef\u00edcio ambiental, com a coleta de esgoto, a natureza deixar\u00e1 de ser o destino desses dejetos.<br>O novo marco n\u00e3o trata de uma privatiza\u00e7\u00e3o da \u00e1gua como alguns cr\u00edticos alegam. No cen\u00e1rio que temos hoje as op\u00e7\u00f5es que temos s\u00e3o ou abrir para o investimento privado ou deixar mais da metade da popula\u00e7\u00e3o brasileira desamparada. Chamar um servi\u00e7o de direito, por mais essencial que seja, n\u00e3o o torna universal, \u00e9 preciso investir, ter planejamento e metas, coisas que n\u00e3o t\u00ednhamos antes. O novo marco abre a possibilidade para que esses investimentos aconte\u00e7am. O novo marco n\u00e3o \u00e9 sobre privatizar a \u00e1gua, mas \u00e9 dar a gest\u00e3o do recurso para uma empresa, privada ou n\u00e3o, que ter\u00e1 de oferecer uma contrapartida para fornecer o servi\u00e7o, que s\u00e3o os investimentos e o cumprimento das metas. Quanto \u00e0 cr\u00edtica de que o novo marco vai prejudicar os mais pobres, vale ressaltar que s\u00e3o exatamente eles que s\u00e3o os mais prejudicados com a falta desse servi\u00e7o.<br>H\u00e1 uma famosa frase que diz \u201cInsanidade \u00e9 continuar fazendo sempre a mesma coisa e esperar resultados diferentes\u201d. O novo marco \u00e9 uma tentativa de obter resultados diferentes, visto que, ano ap\u00f3s ano, o investimento do governo nesse servi\u00e7o b\u00e1sico vem sendo reduzido. Pode ser que o novo marco n\u00e3o alcance totalmente as metas estabelecidas, mas certamente trar\u00e1 uma melhora muito bem vinda e necess\u00e1ria para a popula\u00e7\u00e3o brasileira.<\/p>\n\n\n\n<figure class=\"wp-block-image size-large is-resized\"><img loading=\"lazy\" decoding=\"async\" src=\"https:\/\/jornalfatosenoticias.com.br\/wp-content\/uploads\/2020\/07\/Luiz-Felipe-Magnago-Blulm_2.jpg\" alt=\"\" class=\"wp-image-6502\" width=\"201\" height=\"281\"\/><figcaption><strong>Luiz Felipe Magnago Blulm<br><\/strong><em>Administrador pela Ufes, Mestre em Administra\u00e7\u00e3o pela Fucape, graduando em Ci\u00eancias Econ\u00f4micas pela Ufes e membro do Grupo de Estudos de Pol\u00edticas P\u00fablicas<\/em><\/figcaption><\/figure>\n","protected":false},"excerpt":{"rendered":"<p>O novo marco n\u00e3o \u00e9 sobre privatizar a \u00e1gua, mas \u00e9 dar a gest\u00e3o do recurso para uma empresa, privada ou n\u00e3o, que ter\u00e1 de oferecer uma contrapartida para fornecer o servi\u00e7o Texto: *Luiz Felipe Magnago Blulm Recentemente foi aprovado o novo marco do saneamento. Como tudo que envolve uma quebra de monop\u00f3lio estatal, o [&hellip;]<\/p>\n","protected":false},"author":2,"featured_media":6789,"comment_status":"open","ping_status":"open","sticky":false,"template":"","format":"standard","meta":{"footnotes":""},"categories":[9],"tags":[3928,3927,3926,1166],"class_list":["post-6788","post","type-post","status-publish","format-standard","has-post-thumbnail","hentry","category-economia","tag-dejetos","tag-esgoto","tag-novo-marco-do-saneamento","tag-saneamento-basico"],"yoast_head":"<!-- This site is optimized with the Yoast SEO plugin v26.5 - https:\/\/yoast.com\/wordpress\/plugins\/seo\/ -->\n<title>O novo marco do saneamento - Jornal Fatos e Not\u00edcias<\/title>\n<meta name=\"robots\" content=\"index, follow, max-snippet:-1, max-image-preview:large, max-video-preview:-1\" \/>\n<link rel=\"canonical\" href=\"https:\/\/jornalfatosenoticias.com.br\/index.php\/2020\/07\/23\/o-novo-marco-do-saneamento\/\" \/>\n<meta property=\"og:locale\" content=\"pt_BR\" \/>\n<meta property=\"og:type\" content=\"article\" \/>\n<meta property=\"og:title\" content=\"O novo marco do saneamento - Jornal Fatos e Not\u00edcias\" \/>\n<meta property=\"og:description\" content=\"O novo marco n\u00e3o \u00e9 sobre privatizar a \u00e1gua, mas \u00e9 dar a gest\u00e3o do recurso para uma empresa, privada ou n\u00e3o, que ter\u00e1 de oferecer uma contrapartida para fornecer o servi\u00e7o Texto: *Luiz Felipe Magnago Blulm Recentemente foi aprovado o novo marco do saneamento. Como tudo que envolve uma quebra de monop\u00f3lio estatal, o [&hellip;]\" \/>\n<meta property=\"og:url\" content=\"https:\/\/jornalfatosenoticias.com.br\/index.php\/2020\/07\/23\/o-novo-marco-do-saneamento\/\" \/>\n<meta property=\"og:site_name\" content=\"Jornal Fatos e Not\u00edcias\" \/>\n<meta property=\"article:published_time\" content=\"2020-07-24T00:19:48+00:00\" \/>\n<meta property=\"article:modified_time\" content=\"2020-07-24T00:19:52+00:00\" \/>\n<meta property=\"og:image\" content=\"https:\/\/jornalfatosenoticias.com.br\/wp-content\/uploads\/2020\/07\/saneamento_Luiz.jpg\" \/>\n\t<meta property=\"og:image:width\" content=\"1000\" \/>\n\t<meta property=\"og:image:height\" content=\"666\" \/>\n\t<meta property=\"og:image:type\" content=\"image\/jpeg\" \/>\n<meta name=\"author\" content=\"Luzimara Fernandes\" \/>\n<meta name=\"twitter:card\" content=\"summary_large_image\" \/>\n<meta name=\"twitter:label1\" content=\"Escrito por\" \/>\n\t<meta name=\"twitter:data1\" content=\"Luzimara Fernandes\" \/>\n\t<meta name=\"twitter:label2\" content=\"Est. tempo de leitura\" \/>\n\t<meta name=\"twitter:data2\" content=\"4 minutos\" \/>\n<script type=\"application\/ld+json\" class=\"yoast-schema-graph\">{\"@context\":\"https:\/\/schema.org\",\"@graph\":[{\"@type\":\"Article\",\"@id\":\"https:\/\/jornalfatosenoticias.com.br\/index.php\/2020\/07\/23\/o-novo-marco-do-saneamento\/#article\",\"isPartOf\":{\"@id\":\"https:\/\/jornalfatosenoticias.com.br\/index.php\/2020\/07\/23\/o-novo-marco-do-saneamento\/\"},\"author\":{\"name\":\"Luzimara Fernandes\",\"@id\":\"https:\/\/jornalfatosenoticias.com.br\/#\/schema\/person\/d63837fa13ac8666eb9e74e0985d6f81\"},\"headline\":\"O novo marco do saneamento\",\"datePublished\":\"2020-07-24T00:19:48+00:00\",\"dateModified\":\"2020-07-24T00:19:52+00:00\",\"mainEntityOfPage\":{\"@id\":\"https:\/\/jornalfatosenoticias.com.br\/index.php\/2020\/07\/23\/o-novo-marco-do-saneamento\/\"},\"wordCount\":732,\"commentCount\":0,\"publisher\":{\"@id\":\"https:\/\/jornalfatosenoticias.com.br\/#organization\"},\"image\":{\"@id\":\"https:\/\/jornalfatosenoticias.com.br\/index.php\/2020\/07\/23\/o-novo-marco-do-saneamento\/#primaryimage\"},\"thumbnailUrl\":\"https:\/\/jornalfatosenoticias.com.br\/wp-content\/uploads\/2020\/07\/saneamento_Luiz.jpg\",\"keywords\":[\"dejetos\",\"esgoto\",\"Novo Marco do Saneamento\",\"saneamento b\u00e1sico\"],\"articleSection\":[\"Economia\"],\"inLanguage\":\"pt-BR\",\"potentialAction\":[{\"@type\":\"CommentAction\",\"name\":\"Comment\",\"target\":[\"https:\/\/jornalfatosenoticias.com.br\/index.php\/2020\/07\/23\/o-novo-marco-do-saneamento\/#respond\"]}]},{\"@type\":\"WebPage\",\"@id\":\"https:\/\/jornalfatosenoticias.com.br\/index.php\/2020\/07\/23\/o-novo-marco-do-saneamento\/\",\"url\":\"https:\/\/jornalfatosenoticias.com.br\/index.php\/2020\/07\/23\/o-novo-marco-do-saneamento\/\",\"name\":\"O novo marco do saneamento - Jornal Fatos e Not\u00edcias\",\"isPartOf\":{\"@id\":\"https:\/\/jornalfatosenoticias.com.br\/#website\"},\"primaryImageOfPage\":{\"@id\":\"https:\/\/jornalfatosenoticias.com.br\/index.php\/2020\/07\/23\/o-novo-marco-do-saneamento\/#primaryimage\"},\"image\":{\"@id\":\"https:\/\/jornalfatosenoticias.com.br\/index.php\/2020\/07\/23\/o-novo-marco-do-saneamento\/#primaryimage\"},\"thumbnailUrl\":\"https:\/\/jornalfatosenoticias.com.br\/wp-content\/uploads\/2020\/07\/saneamento_Luiz.jpg\",\"datePublished\":\"2020-07-24T00:19:48+00:00\",\"dateModified\":\"2020-07-24T00:19:52+00:00\",\"breadcrumb\":{\"@id\":\"https:\/\/jornalfatosenoticias.com.br\/index.php\/2020\/07\/23\/o-novo-marco-do-saneamento\/#breadcrumb\"},\"inLanguage\":\"pt-BR\",\"potentialAction\":[{\"@type\":\"ReadAction\",\"target\":[\"https:\/\/jornalfatosenoticias.com.br\/index.php\/2020\/07\/23\/o-novo-marco-do-saneamento\/\"]}]},{\"@type\":\"ImageObject\",\"inLanguage\":\"pt-BR\",\"@id\":\"https:\/\/jornalfatosenoticias.com.br\/index.php\/2020\/07\/23\/o-novo-marco-do-saneamento\/#primaryimage\",\"url\":\"https:\/\/jornalfatosenoticias.com.br\/wp-content\/uploads\/2020\/07\/saneamento_Luiz.jpg\",\"contentUrl\":\"https:\/\/jornalfatosenoticias.com.br\/wp-content\/uploads\/2020\/07\/saneamento_Luiz.jpg\",\"width\":1000,\"height\":666},{\"@type\":\"BreadcrumbList\",\"@id\":\"https:\/\/jornalfatosenoticias.com.br\/index.php\/2020\/07\/23\/o-novo-marco-do-saneamento\/#breadcrumb\",\"itemListElement\":[{\"@type\":\"ListItem\",\"position\":1,\"name\":\"In\u00edcio\",\"item\":\"https:\/\/jornalfatosenoticias.com.br\/\"},{\"@type\":\"ListItem\",\"position\":2,\"name\":\"O novo marco do saneamento\"}]},{\"@type\":\"WebSite\",\"@id\":\"https:\/\/jornalfatosenoticias.com.br\/#website\",\"url\":\"https:\/\/jornalfatosenoticias.com.br\/\",\"name\":\"Jornal Fatos e Not\u00edcias\",\"description\":\"Not\u00edcias em geral\",\"publisher\":{\"@id\":\"https:\/\/jornalfatosenoticias.com.br\/#organization\"},\"potentialAction\":[{\"@type\":\"SearchAction\",\"target\":{\"@type\":\"EntryPoint\",\"urlTemplate\":\"https:\/\/jornalfatosenoticias.com.br\/?s={search_term_string}\"},\"query-input\":{\"@type\":\"PropertyValueSpecification\",\"valueRequired\":true,\"valueName\":\"search_term_string\"}}],\"inLanguage\":\"pt-BR\"},{\"@type\":\"Organization\",\"@id\":\"https:\/\/jornalfatosenoticias.com.br\/#organization\",\"name\":\"Jornal Fatos e Not\u00edcias\",\"url\":\"https:\/\/jornalfatosenoticias.com.br\/\",\"logo\":{\"@type\":\"ImageObject\",\"inLanguage\":\"pt-BR\",\"@id\":\"https:\/\/jornalfatosenoticias.com.br\/#\/schema\/logo\/image\/\",\"url\":\"https:\/\/jornalfatosenoticias.com.br\/wp-content\/uploads\/2020\/02\/logo120.png\",\"contentUrl\":\"https:\/\/jornalfatosenoticias.com.br\/wp-content\/uploads\/2020\/02\/logo120.png\",\"width\":1227,\"height\":120,\"caption\":\"Jornal Fatos e Not\u00edcias\"},\"image\":{\"@id\":\"https:\/\/jornalfatosenoticias.com.br\/#\/schema\/logo\/image\/\"}},{\"@type\":\"Person\",\"@id\":\"https:\/\/jornalfatosenoticias.com.br\/#\/schema\/person\/d63837fa13ac8666eb9e74e0985d6f81\",\"name\":\"Luzimara Fernandes\",\"image\":{\"@type\":\"ImageObject\",\"inLanguage\":\"pt-BR\",\"@id\":\"https:\/\/jornalfatosenoticias.com.br\/#\/schema\/person\/image\/\",\"url\":\"https:\/\/jornalfatosenoticias.com.br\/wp-content\/uploads\/2025\/05\/EU_portal.jpg\",\"contentUrl\":\"https:\/\/jornalfatosenoticias.com.br\/wp-content\/uploads\/2025\/05\/EU_portal.jpg\",\"caption\":\"Luzimara Fernandes\"},\"description\":\"Jornalista MTB 2358-ES\",\"sameAs\":[\"https:\/\/jornalfatosenoticias.com.br\"],\"url\":\"https:\/\/jornalfatosenoticias.com.br\/index.php\/author\/luzimara\/\"}]}<\/script>\n<!-- \/ Yoast SEO plugin. -->","yoast_head_json":{"title":"O novo marco do saneamento - Jornal Fatos e Not\u00edcias","robots":{"index":"index","follow":"follow","max-snippet":"max-snippet:-1","max-image-preview":"max-image-preview:large","max-video-preview":"max-video-preview:-1"},"canonical":"https:\/\/jornalfatosenoticias.com.br\/index.php\/2020\/07\/23\/o-novo-marco-do-saneamento\/","og_locale":"pt_BR","og_type":"article","og_title":"O novo marco do saneamento - Jornal Fatos e Not\u00edcias","og_description":"O novo marco n\u00e3o \u00e9 sobre privatizar a \u00e1gua, mas \u00e9 dar a gest\u00e3o do recurso para uma empresa, privada ou n\u00e3o, que ter\u00e1 de oferecer uma contrapartida para fornecer o servi\u00e7o Texto: *Luiz Felipe Magnago Blulm Recentemente foi aprovado o novo marco do saneamento. Como tudo que envolve uma quebra de monop\u00f3lio estatal, o [&hellip;]","og_url":"https:\/\/jornalfatosenoticias.com.br\/index.php\/2020\/07\/23\/o-novo-marco-do-saneamento\/","og_site_name":"Jornal Fatos e Not\u00edcias","article_published_time":"2020-07-24T00:19:48+00:00","article_modified_time":"2020-07-24T00:19:52+00:00","og_image":[{"width":1000,"height":666,"url":"https:\/\/jornalfatosenoticias.com.br\/wp-content\/uploads\/2020\/07\/saneamento_Luiz.jpg","type":"image\/jpeg"}],"author":"Luzimara Fernandes","twitter_card":"summary_large_image","twitter_misc":{"Escrito por":"Luzimara Fernandes","Est. tempo de leitura":"4 minutos"},"schema":{"@context":"https:\/\/schema.org","@graph":[{"@type":"Article","@id":"https:\/\/jornalfatosenoticias.com.br\/index.php\/2020\/07\/23\/o-novo-marco-do-saneamento\/#article","isPartOf":{"@id":"https:\/\/jornalfatosenoticias.com.br\/index.php\/2020\/07\/23\/o-novo-marco-do-saneamento\/"},"author":{"name":"Luzimara Fernandes","@id":"https:\/\/jornalfatosenoticias.com.br\/#\/schema\/person\/d63837fa13ac8666eb9e74e0985d6f81"},"headline":"O novo marco do saneamento","datePublished":"2020-07-24T00:19:48+00:00","dateModified":"2020-07-24T00:19:52+00:00","mainEntityOfPage":{"@id":"https:\/\/jornalfatosenoticias.com.br\/index.php\/2020\/07\/23\/o-novo-marco-do-saneamento\/"},"wordCount":732,"commentCount":0,"publisher":{"@id":"https:\/\/jornalfatosenoticias.com.br\/#organization"},"image":{"@id":"https:\/\/jornalfatosenoticias.com.br\/index.php\/2020\/07\/23\/o-novo-marco-do-saneamento\/#primaryimage"},"thumbnailUrl":"https:\/\/jornalfatosenoticias.com.br\/wp-content\/uploads\/2020\/07\/saneamento_Luiz.jpg","keywords":["dejetos","esgoto","Novo Marco do Saneamento","saneamento b\u00e1sico"],"articleSection":["Economia"],"inLanguage":"pt-BR","potentialAction":[{"@type":"CommentAction","name":"Comment","target":["https:\/\/jornalfatosenoticias.com.br\/index.php\/2020\/07\/23\/o-novo-marco-do-saneamento\/#respond"]}]},{"@type":"WebPage","@id":"https:\/\/jornalfatosenoticias.com.br\/index.php\/2020\/07\/23\/o-novo-marco-do-saneamento\/","url":"https:\/\/jornalfatosenoticias.com.br\/index.php\/2020\/07\/23\/o-novo-marco-do-saneamento\/","name":"O novo marco do saneamento - Jornal Fatos e Not\u00edcias","isPartOf":{"@id":"https:\/\/jornalfatosenoticias.com.br\/#website"},"primaryImageOfPage":{"@id":"https:\/\/jornalfatosenoticias.com.br\/index.php\/2020\/07\/23\/o-novo-marco-do-saneamento\/#primaryimage"},"image":{"@id":"https:\/\/jornalfatosenoticias.com.br\/index.php\/2020\/07\/23\/o-novo-marco-do-saneamento\/#primaryimage"},"thumbnailUrl":"https:\/\/jornalfatosenoticias.com.br\/wp-content\/uploads\/2020\/07\/saneamento_Luiz.jpg","datePublished":"2020-07-24T00:19:48+00:00","dateModified":"2020-07-24T00:19:52+00:00","breadcrumb":{"@id":"https:\/\/jornalfatosenoticias.com.br\/index.php\/2020\/07\/23\/o-novo-marco-do-saneamento\/#breadcrumb"},"inLanguage":"pt-BR","potentialAction":[{"@type":"ReadAction","target":["https:\/\/jornalfatosenoticias.com.br\/index.php\/2020\/07\/23\/o-novo-marco-do-saneamento\/"]}]},{"@type":"ImageObject","inLanguage":"pt-BR","@id":"https:\/\/jornalfatosenoticias.com.br\/index.php\/2020\/07\/23\/o-novo-marco-do-saneamento\/#primaryimage","url":"https:\/\/jornalfatosenoticias.com.br\/wp-content\/uploads\/2020\/07\/saneamento_Luiz.jpg","contentUrl":"https:\/\/jornalfatosenoticias.com.br\/wp-content\/uploads\/2020\/07\/saneamento_Luiz.jpg","width":1000,"height":666},{"@type":"BreadcrumbList","@id":"https:\/\/jornalfatosenoticias.com.br\/index.php\/2020\/07\/23\/o-novo-marco-do-saneamento\/#breadcrumb","itemListElement":[{"@type":"ListItem","position":1,"name":"In\u00edcio","item":"https:\/\/jornalfatosenoticias.com.br\/"},{"@type":"ListItem","position":2,"name":"O novo marco do saneamento"}]},{"@type":"WebSite","@id":"https:\/\/jornalfatosenoticias.com.br\/#website","url":"https:\/\/jornalfatosenoticias.com.br\/","name":"Jornal Fatos e Not\u00edcias","description":"Not\u00edcias em geral","publisher":{"@id":"https:\/\/jornalfatosenoticias.com.br\/#organization"},"potentialAction":[{"@type":"SearchAction","target":{"@type":"EntryPoint","urlTemplate":"https:\/\/jornalfatosenoticias.com.br\/?s={search_term_string}"},"query-input":{"@type":"PropertyValueSpecification","valueRequired":true,"valueName":"search_term_string"}}],"inLanguage":"pt-BR"},{"@type":"Organization","@id":"https:\/\/jornalfatosenoticias.com.br\/#organization","name":"Jornal Fatos e Not\u00edcias","url":"https:\/\/jornalfatosenoticias.com.br\/","logo":{"@type":"ImageObject","inLanguage":"pt-BR","@id":"https:\/\/jornalfatosenoticias.com.br\/#\/schema\/logo\/image\/","url":"https:\/\/jornalfatosenoticias.com.br\/wp-content\/uploads\/2020\/02\/logo120.png","contentUrl":"https:\/\/jornalfatosenoticias.com.br\/wp-content\/uploads\/2020\/02\/logo120.png","width":1227,"height":120,"caption":"Jornal Fatos e Not\u00edcias"},"image":{"@id":"https:\/\/jornalfatosenoticias.com.br\/#\/schema\/logo\/image\/"}},{"@type":"Person","@id":"https:\/\/jornalfatosenoticias.com.br\/#\/schema\/person\/d63837fa13ac8666eb9e74e0985d6f81","name":"Luzimara Fernandes","image":{"@type":"ImageObject","inLanguage":"pt-BR","@id":"https:\/\/jornalfatosenoticias.com.br\/#\/schema\/person\/image\/","url":"https:\/\/jornalfatosenoticias.com.br\/wp-content\/uploads\/2025\/05\/EU_portal.jpg","contentUrl":"https:\/\/jornalfatosenoticias.com.br\/wp-content\/uploads\/2025\/05\/EU_portal.jpg","caption":"Luzimara Fernandes"},"description":"Jornalista MTB 2358-ES","sameAs":["https:\/\/jornalfatosenoticias.com.br"],"url":"https:\/\/jornalfatosenoticias.com.br\/index.php\/author\/luzimara\/"}]}},"cc_featured_image_caption":{"caption_text":"Falta de saneamento b\u00e1sico\r\n","source_text":"","source_url":""},"jetpack_featured_media_url":"https:\/\/jornalfatosenoticias.com.br\/wp-content\/uploads\/2020\/07\/saneamento_Luiz.jpg","_links":{"self":[{"href":"https:\/\/jornalfatosenoticias.com.br\/index.php\/wp-json\/wp\/v2\/posts\/6788","targetHints":{"allow":["GET"]}}],"collection":[{"href":"https:\/\/jornalfatosenoticias.com.br\/index.php\/wp-json\/wp\/v2\/posts"}],"about":[{"href":"https:\/\/jornalfatosenoticias.com.br\/index.php\/wp-json\/wp\/v2\/types\/post"}],"author":[{"embeddable":true,"href":"https:\/\/jornalfatosenoticias.com.br\/index.php\/wp-json\/wp\/v2\/users\/2"}],"replies":[{"embeddable":true,"href":"https:\/\/jornalfatosenoticias.com.br\/index.php\/wp-json\/wp\/v2\/comments?post=6788"}],"version-history":[{"count":0,"href":"https:\/\/jornalfatosenoticias.com.br\/index.php\/wp-json\/wp\/v2\/posts\/6788\/revisions"}],"wp:featuredmedia":[{"embeddable":true,"href":"https:\/\/jornalfatosenoticias.com.br\/index.php\/wp-json\/wp\/v2\/media\/6789"}],"wp:attachment":[{"href":"https:\/\/jornalfatosenoticias.com.br\/index.php\/wp-json\/wp\/v2\/media?parent=6788"}],"wp:term":[{"taxonomy":"category","embeddable":true,"href":"https:\/\/jornalfatosenoticias.com.br\/index.php\/wp-json\/wp\/v2\/categories?post=6788"},{"taxonomy":"post_tag","embeddable":true,"href":"https:\/\/jornalfatosenoticias.com.br\/index.php\/wp-json\/wp\/v2\/tags?post=6788"}],"curies":[{"name":"wp","href":"https:\/\/api.w.org\/{rel}","templated":true}]}}