{"id":6795,"date":"2020-07-23T21:27:02","date_gmt":"2020-07-24T00:27:02","guid":{"rendered":"https:\/\/jornalfatosenoticias.com.br\/?p=6795"},"modified":"2020-07-23T21:27:06","modified_gmt":"2020-07-24T00:27:06","slug":"omissao-animais-abandonados-na-serra","status":"publish","type":"post","link":"https:\/\/jornalfatosenoticias.com.br\/index.php\/2020\/07\/23\/omissao-animais-abandonados-na-serra\/","title":{"rendered":"Omiss\u00e3o \u2013 Animais abandonados na Serra"},"content":{"rendered":"\n<p>O Centro de Controle de Zoonoses da Serra, um \u00f3rg\u00e3o onde o funcionamento deveria ser um modelo, se tornou marca da inoper\u00e2ncia como tantos outros no munic\u00edpio. Animais mortos, abandonados, maltratados e sem qualquer tipo de amparo v\u00eam sendo presenciado pelo cidad\u00e3o serrano h\u00e1 anos. N\u00e3o existe nada que o \u00f3rg\u00e3o fa\u00e7a, as pessoas ligam, mas sempre informam que n\u00e3o podem fazer nada por causa das organiza\u00e7\u00f5es defensoras dos direitos dos animais.<br>Me propus a escrever esse artigo por ter tido uma triste experi\u00eancia, que me deixou indignado com a atual gest\u00e3o do munic\u00edpio no qual resido h\u00e1 mais de quarenta anos. Na rua onde moro em Bairro de F\u00e1tima, eu e alguns moradores adotamos um gato de rua que passou a fazer parte de cada fam\u00edlia da localidade.<br>Chamado por todos de Mum\u00fa Black\u2026 por\u00e9m, a alegria durou pouco, o animal acabou, depois de agonizar por v\u00e1rios dias na cal\u00e7ada de uma das casas, falecendo na minha garagem, onde mantinha um recipiente com \u00e1gua e outro com ra\u00e7\u00e3o e uma espuma que servia de cama para pernoitar, depois das suas andan\u00e7as noturnas.<\/p>\n\n\n\n<figure class=\"wp-block-image size-large\"><img loading=\"lazy\" decoding=\"async\" width=\"1000\" height=\"628\" src=\"https:\/\/jornalfatosenoticias.com.br\/wp-content\/uploads\/2020\/07\/DSC_0159.jpg\" alt=\"\" class=\"wp-image-6796\" srcset=\"https:\/\/jornalfatosenoticias.com.br\/wp-content\/uploads\/2020\/07\/DSC_0159.jpg 1000w, https:\/\/jornalfatosenoticias.com.br\/wp-content\/uploads\/2020\/07\/DSC_0159-300x188.jpg 300w, https:\/\/jornalfatosenoticias.com.br\/wp-content\/uploads\/2020\/07\/DSC_0159-768x482.jpg 768w, https:\/\/jornalfatosenoticias.com.br\/wp-content\/uploads\/2020\/07\/DSC_0159-350x220.jpg 350w\" sizes=\"auto, (max-width: 1000px) 100vw, 1000px\" \/><figcaption><em>O gato Mum\u00fa morreu por descaso (Foto: Haroldo Cordeiro Filho)<\/em><\/figcaption><\/figure>\n\n\n\n<p>O motivo dessa narrativa \u00e9 que, ap\u00f3s o encerramento do meu expediente de quarta-feira (22), ap\u00f3s 12 horas de intenso trabalho, tentei falar, por telefone, precisamente \u00e0s 16h38, com o senhor Gilberto M\u00e1rio, e a atendente me disse que ele j\u00e1 tinha ido embora. Queria que ele me respondesse sobre a finalidade de o munic\u00edpio manter um \u00f3rg\u00e3o com funcion\u00e1rios, energia, carros, combust\u00edvel entre outras despesas mantidas pelo cidad\u00e3o sem nenhuma efetividade.<br>Pelo amor e respeito que sempre tive pelos animais, princ\u00edpio herdado dos meus saudosos pais, gostaria de questionar o prefeito, o secret\u00e1rio ou mesmo o gerente do centro de zoonoses, mas, infelizmente, at\u00e9 o fechamento da minha coluna, n\u00e3o obtive nenhuma resposta.<br>A fal\u00eancia dessa gest\u00e3o \u00e9 t\u00e3o n\u00edtida que basta observar as baixas frequ\u00eancias de servi\u00e7os como o fumac\u00ea nas comunidades; da coloca\u00e7\u00e3o de rem\u00e9dios (venenos) nos bueiros para evitar a prolifera\u00e7\u00e3o de ratos que, segundo den\u00fancias, o centro de controle n\u00e3o disp\u00f5e desse rem\u00e9dio h\u00e1 anos; o de servi\u00e7os de castra\u00e7\u00e3o de cachorros e gatos, em que a sala de procedimentos cir\u00fargicos encontra-se trancada; de carros sem combust\u00edvel; da falta de material de seguran\u00e7a (luvas, botas, uniformes\u2026) para os funcion\u00e1rios e, por fim, o n\u00famero defasado de agentes para visita\u00e7\u00e3o nas casas no combate \u00e0 dengue.<\/p>\n\n\n\n<figure class=\"wp-block-image size-large\"><img loading=\"lazy\" decoding=\"async\" width=\"1000\" height=\"666\" src=\"https:\/\/jornalfatosenoticias.com.br\/wp-content\/uploads\/2020\/07\/animais-abandonados-01.jpg\" alt=\"\" class=\"wp-image-6797\" srcset=\"https:\/\/jornalfatosenoticias.com.br\/wp-content\/uploads\/2020\/07\/animais-abandonados-01.jpg 1000w, https:\/\/jornalfatosenoticias.com.br\/wp-content\/uploads\/2020\/07\/animais-abandonados-01-300x200.jpg 300w, https:\/\/jornalfatosenoticias.com.br\/wp-content\/uploads\/2020\/07\/animais-abandonados-01-768x511.jpg 768w\" sizes=\"auto, (max-width: 1000px) 100vw, 1000px\" \/><figcaption><em>C\u00e3o largado em uma periferia (Foto: Reprodu\u00e7\u00e3o internet)<\/em><\/figcaption><\/figure>\n\n\n\n<p>Por isso, insisto em perguntar e espero respostas dos respons\u00e1veis: \u201cqual a finalidade de se manter uma estrutura dessa, cara ao er\u00e1rio p\u00fablico e sem nenhuma efetividade\u2026 inoperante?\u201d.<\/p>\n","protected":false},"excerpt":{"rendered":"<p>O Centro de Controle de Zoonoses da Serra, um \u00f3rg\u00e3o onde o funcionamento deveria ser um modelo, se tornou marca da inoper\u00e2ncia como tantos outros no munic\u00edpio. Animais mortos, abandonados, maltratados e sem qualquer tipo de amparo v\u00eam sendo presenciado pelo cidad\u00e3o serrano h\u00e1 anos. N\u00e3o existe nada que o \u00f3rg\u00e3o fa\u00e7a, as pessoas ligam, [&hellip;]<\/p>\n","protected":false},"author":3,"featured_media":6798,"comment_status":"open","ping_status":"open","sticky":false,"template":"","format":"standard","meta":{"footnotes":""},"categories":[5],"tags":[3931,754,755,52,3932],"class_list":["post-6795","post","type-post","status-publish","format-standard","has-post-thumbnail","hentry","category-geral","tag-abandono-de-animais","tag-caes","tag-gatos","tag-maus-tratos","tag-zoonoses"],"yoast_head":"<!-- This site is optimized with the Yoast SEO plugin v26.5 - https:\/\/yoast.com\/wordpress\/plugins\/seo\/ -->\n<title>Omiss\u00e3o \u2013 Animais abandonados na Serra - Jornal Fatos e Not\u00edcias<\/title>\n<meta name=\"robots\" content=\"index, follow, max-snippet:-1, max-image-preview:large, max-video-preview:-1\" \/>\n<link rel=\"canonical\" href=\"https:\/\/jornalfatosenoticias.com.br\/index.php\/2020\/07\/23\/omissao-animais-abandonados-na-serra\/\" \/>\n<meta property=\"og:locale\" content=\"pt_BR\" \/>\n<meta property=\"og:type\" content=\"article\" \/>\n<meta property=\"og:title\" content=\"Omiss\u00e3o \u2013 Animais abandonados na Serra - Jornal Fatos e Not\u00edcias\" \/>\n<meta property=\"og:description\" content=\"O Centro de Controle de Zoonoses da Serra, um \u00f3rg\u00e3o onde o funcionamento deveria ser um modelo, se tornou marca da inoper\u00e2ncia como tantos outros no munic\u00edpio. Animais mortos, abandonados, maltratados e sem qualquer tipo de amparo v\u00eam sendo presenciado pelo cidad\u00e3o serrano h\u00e1 anos. N\u00e3o existe nada que o \u00f3rg\u00e3o fa\u00e7a, as pessoas ligam, [&hellip;]\" \/>\n<meta property=\"og:url\" content=\"https:\/\/jornalfatosenoticias.com.br\/index.php\/2020\/07\/23\/omissao-animais-abandonados-na-serra\/\" \/>\n<meta property=\"og:site_name\" content=\"Jornal Fatos e Not\u00edcias\" \/>\n<meta property=\"article:published_time\" content=\"2020-07-24T00:27:02+00:00\" \/>\n<meta property=\"article:modified_time\" content=\"2020-07-24T00:27:06+00:00\" \/>\n<meta property=\"og:image\" content=\"https:\/\/jornalfatosenoticias.com.br\/wp-content\/uploads\/2020\/07\/animal-abandonado-04.png\" \/>\n\t<meta property=\"og:image:width\" content=\"1000\" \/>\n\t<meta property=\"og:image:height\" content=\"523\" \/>\n\t<meta property=\"og:image:type\" content=\"image\/png\" \/>\n<meta name=\"author\" content=\"Haroldo Filho\" \/>\n<meta name=\"twitter:card\" content=\"summary_large_image\" \/>\n<meta name=\"twitter:label1\" content=\"Escrito por\" \/>\n\t<meta name=\"twitter:data1\" content=\"Haroldo Filho\" \/>\n\t<meta name=\"twitter:label2\" content=\"Est. tempo de leitura\" \/>\n\t<meta name=\"twitter:data2\" content=\"2 minutos\" \/>\n<script type=\"application\/ld+json\" class=\"yoast-schema-graph\">{\"@context\":\"https:\/\/schema.org\",\"@graph\":[{\"@type\":\"Article\",\"@id\":\"https:\/\/jornalfatosenoticias.com.br\/index.php\/2020\/07\/23\/omissao-animais-abandonados-na-serra\/#article\",\"isPartOf\":{\"@id\":\"https:\/\/jornalfatosenoticias.com.br\/index.php\/2020\/07\/23\/omissao-animais-abandonados-na-serra\/\"},\"author\":{\"name\":\"Haroldo Filho\",\"@id\":\"https:\/\/jornalfatosenoticias.com.br\/#\/schema\/person\/05c46cc25b42a5c27e004fb0fa6b4965\"},\"headline\":\"Omiss\u00e3o \u2013 Animais abandonados na Serra\",\"datePublished\":\"2020-07-24T00:27:02+00:00\",\"dateModified\":\"2020-07-24T00:27:06+00:00\",\"mainEntityOfPage\":{\"@id\":\"https:\/\/jornalfatosenoticias.com.br\/index.php\/2020\/07\/23\/omissao-animais-abandonados-na-serra\/\"},\"wordCount\":497,\"commentCount\":0,\"publisher\":{\"@id\":\"https:\/\/jornalfatosenoticias.com.br\/#organization\"},\"image\":{\"@id\":\"https:\/\/jornalfatosenoticias.com.br\/index.php\/2020\/07\/23\/omissao-animais-abandonados-na-serra\/#primaryimage\"},\"thumbnailUrl\":\"https:\/\/jornalfatosenoticias.com.br\/wp-content\/uploads\/2020\/07\/animal-abandonado-04.png\",\"keywords\":[\"abandono de animais\",\"c\u00e3es\",\"gatos\",\"maus-tratos\",\"zoonoses\"],\"articleSection\":[\"Geral\"],\"inLanguage\":\"pt-BR\",\"potentialAction\":[{\"@type\":\"CommentAction\",\"name\":\"Comment\",\"target\":[\"https:\/\/jornalfatosenoticias.com.br\/index.php\/2020\/07\/23\/omissao-animais-abandonados-na-serra\/#respond\"]}]},{\"@type\":\"WebPage\",\"@id\":\"https:\/\/jornalfatosenoticias.com.br\/index.php\/2020\/07\/23\/omissao-animais-abandonados-na-serra\/\",\"url\":\"https:\/\/jornalfatosenoticias.com.br\/index.php\/2020\/07\/23\/omissao-animais-abandonados-na-serra\/\",\"name\":\"Omiss\u00e3o \u2013 Animais abandonados na Serra - Jornal Fatos e Not\u00edcias\",\"isPartOf\":{\"@id\":\"https:\/\/jornalfatosenoticias.com.br\/#website\"},\"primaryImageOfPage\":{\"@id\":\"https:\/\/jornalfatosenoticias.com.br\/index.php\/2020\/07\/23\/omissao-animais-abandonados-na-serra\/#primaryimage\"},\"image\":{\"@id\":\"https:\/\/jornalfatosenoticias.com.br\/index.php\/2020\/07\/23\/omissao-animais-abandonados-na-serra\/#primaryimage\"},\"thumbnailUrl\":\"https:\/\/jornalfatosenoticias.com.br\/wp-content\/uploads\/2020\/07\/animal-abandonado-04.png\",\"datePublished\":\"2020-07-24T00:27:02+00:00\",\"dateModified\":\"2020-07-24T00:27:06+00:00\",\"breadcrumb\":{\"@id\":\"https:\/\/jornalfatosenoticias.com.br\/index.php\/2020\/07\/23\/omissao-animais-abandonados-na-serra\/#breadcrumb\"},\"inLanguage\":\"pt-BR\",\"potentialAction\":[{\"@type\":\"ReadAction\",\"target\":[\"https:\/\/jornalfatosenoticias.com.br\/index.php\/2020\/07\/23\/omissao-animais-abandonados-na-serra\/\"]}]},{\"@type\":\"ImageObject\",\"inLanguage\":\"pt-BR\",\"@id\":\"https:\/\/jornalfatosenoticias.com.br\/index.php\/2020\/07\/23\/omissao-animais-abandonados-na-serra\/#primaryimage\",\"url\":\"https:\/\/jornalfatosenoticias.com.br\/wp-content\/uploads\/2020\/07\/animal-abandonado-04.png\",\"contentUrl\":\"https:\/\/jornalfatosenoticias.com.br\/wp-content\/uploads\/2020\/07\/animal-abandonado-04.png\",\"width\":1000,\"height\":523},{\"@type\":\"BreadcrumbList\",\"@id\":\"https:\/\/jornalfatosenoticias.com.br\/index.php\/2020\/07\/23\/omissao-animais-abandonados-na-serra\/#breadcrumb\",\"itemListElement\":[{\"@type\":\"ListItem\",\"position\":1,\"name\":\"In\u00edcio\",\"item\":\"https:\/\/jornalfatosenoticias.com.br\/\"},{\"@type\":\"ListItem\",\"position\":2,\"name\":\"Omiss\u00e3o \u2013 Animais abandonados na Serra\"}]},{\"@type\":\"WebSite\",\"@id\":\"https:\/\/jornalfatosenoticias.com.br\/#website\",\"url\":\"https:\/\/jornalfatosenoticias.com.br\/\",\"name\":\"Jornal Fatos e Not\u00edcias\",\"description\":\"Not\u00edcias em geral\",\"publisher\":{\"@id\":\"https:\/\/jornalfatosenoticias.com.br\/#organization\"},\"potentialAction\":[{\"@type\":\"SearchAction\",\"target\":{\"@type\":\"EntryPoint\",\"urlTemplate\":\"https:\/\/jornalfatosenoticias.com.br\/?s={search_term_string}\"},\"query-input\":{\"@type\":\"PropertyValueSpecification\",\"valueRequired\":true,\"valueName\":\"search_term_string\"}}],\"inLanguage\":\"pt-BR\"},{\"@type\":\"Organization\",\"@id\":\"https:\/\/jornalfatosenoticias.com.br\/#organization\",\"name\":\"Jornal Fatos e Not\u00edcias\",\"url\":\"https:\/\/jornalfatosenoticias.com.br\/\",\"logo\":{\"@type\":\"ImageObject\",\"inLanguage\":\"pt-BR\",\"@id\":\"https:\/\/jornalfatosenoticias.com.br\/#\/schema\/logo\/image\/\",\"url\":\"https:\/\/jornalfatosenoticias.com.br\/wp-content\/uploads\/2020\/02\/logo120.png\",\"contentUrl\":\"https:\/\/jornalfatosenoticias.com.br\/wp-content\/uploads\/2020\/02\/logo120.png\",\"width\":1227,\"height\":120,\"caption\":\"Jornal Fatos e Not\u00edcias\"},\"image\":{\"@id\":\"https:\/\/jornalfatosenoticias.com.br\/#\/schema\/logo\/image\/\"}},{\"@type\":\"Person\",\"@id\":\"https:\/\/jornalfatosenoticias.com.br\/#\/schema\/person\/05c46cc25b42a5c27e004fb0fa6b4965\",\"name\":\"Haroldo Filho\",\"image\":{\"@type\":\"ImageObject\",\"inLanguage\":\"pt-BR\",\"@id\":\"https:\/\/jornalfatosenoticias.com.br\/#\/schema\/person\/image\/\",\"url\":\"https:\/\/jornalfatosenoticias.com.br\/wp-content\/uploads\/2025\/08\/WhatsApp-Image-2025-08-18-at-15.30.28-150x150.jpeg\",\"contentUrl\":\"https:\/\/jornalfatosenoticias.com.br\/wp-content\/uploads\/2025\/08\/WhatsApp-Image-2025-08-18-at-15.30.28-150x150.jpeg\",\"caption\":\"Haroldo Filho\"},\"description\":\"Jornalista \u2013 DRT: 0003818\/ES Coordenador-geral da ONG Educar para Crescer\",\"url\":\"https:\/\/jornalfatosenoticias.com.br\/index.php\/author\/haroldo\/\"}]}<\/script>\n<!-- \/ Yoast SEO plugin. -->","yoast_head_json":{"title":"Omiss\u00e3o \u2013 Animais abandonados na Serra - Jornal Fatos e Not\u00edcias","robots":{"index":"index","follow":"follow","max-snippet":"max-snippet:-1","max-image-preview":"max-image-preview:large","max-video-preview":"max-video-preview:-1"},"canonical":"https:\/\/jornalfatosenoticias.com.br\/index.php\/2020\/07\/23\/omissao-animais-abandonados-na-serra\/","og_locale":"pt_BR","og_type":"article","og_title":"Omiss\u00e3o \u2013 Animais abandonados na Serra - Jornal Fatos e Not\u00edcias","og_description":"O Centro de Controle de Zoonoses da Serra, um \u00f3rg\u00e3o onde o funcionamento deveria ser um modelo, se tornou marca da inoper\u00e2ncia como tantos outros no munic\u00edpio. Animais mortos, abandonados, maltratados e sem qualquer tipo de amparo v\u00eam sendo presenciado pelo cidad\u00e3o serrano h\u00e1 anos. N\u00e3o existe nada que o \u00f3rg\u00e3o fa\u00e7a, as pessoas ligam, [&hellip;]","og_url":"https:\/\/jornalfatosenoticias.com.br\/index.php\/2020\/07\/23\/omissao-animais-abandonados-na-serra\/","og_site_name":"Jornal Fatos e Not\u00edcias","article_published_time":"2020-07-24T00:27:02+00:00","article_modified_time":"2020-07-24T00:27:06+00:00","og_image":[{"width":1000,"height":523,"url":"https:\/\/jornalfatosenoticias.com.br\/wp-content\/uploads\/2020\/07\/animal-abandonado-04.png","type":"image\/png"}],"author":"Haroldo Filho","twitter_card":"summary_large_image","twitter_misc":{"Escrito por":"Haroldo Filho","Est. tempo de leitura":"2 minutos"},"schema":{"@context":"https:\/\/schema.org","@graph":[{"@type":"Article","@id":"https:\/\/jornalfatosenoticias.com.br\/index.php\/2020\/07\/23\/omissao-animais-abandonados-na-serra\/#article","isPartOf":{"@id":"https:\/\/jornalfatosenoticias.com.br\/index.php\/2020\/07\/23\/omissao-animais-abandonados-na-serra\/"},"author":{"name":"Haroldo Filho","@id":"https:\/\/jornalfatosenoticias.com.br\/#\/schema\/person\/05c46cc25b42a5c27e004fb0fa6b4965"},"headline":"Omiss\u00e3o \u2013 Animais abandonados na Serra","datePublished":"2020-07-24T00:27:02+00:00","dateModified":"2020-07-24T00:27:06+00:00","mainEntityOfPage":{"@id":"https:\/\/jornalfatosenoticias.com.br\/index.php\/2020\/07\/23\/omissao-animais-abandonados-na-serra\/"},"wordCount":497,"commentCount":0,"publisher":{"@id":"https:\/\/jornalfatosenoticias.com.br\/#organization"},"image":{"@id":"https:\/\/jornalfatosenoticias.com.br\/index.php\/2020\/07\/23\/omissao-animais-abandonados-na-serra\/#primaryimage"},"thumbnailUrl":"https:\/\/jornalfatosenoticias.com.br\/wp-content\/uploads\/2020\/07\/animal-abandonado-04.png","keywords":["abandono de animais","c\u00e3es","gatos","maus-tratos","zoonoses"],"articleSection":["Geral"],"inLanguage":"pt-BR","potentialAction":[{"@type":"CommentAction","name":"Comment","target":["https:\/\/jornalfatosenoticias.com.br\/index.php\/2020\/07\/23\/omissao-animais-abandonados-na-serra\/#respond"]}]},{"@type":"WebPage","@id":"https:\/\/jornalfatosenoticias.com.br\/index.php\/2020\/07\/23\/omissao-animais-abandonados-na-serra\/","url":"https:\/\/jornalfatosenoticias.com.br\/index.php\/2020\/07\/23\/omissao-animais-abandonados-na-serra\/","name":"Omiss\u00e3o \u2013 Animais abandonados na Serra - Jornal Fatos e Not\u00edcias","isPartOf":{"@id":"https:\/\/jornalfatosenoticias.com.br\/#website"},"primaryImageOfPage":{"@id":"https:\/\/jornalfatosenoticias.com.br\/index.php\/2020\/07\/23\/omissao-animais-abandonados-na-serra\/#primaryimage"},"image":{"@id":"https:\/\/jornalfatosenoticias.com.br\/index.php\/2020\/07\/23\/omissao-animais-abandonados-na-serra\/#primaryimage"},"thumbnailUrl":"https:\/\/jornalfatosenoticias.com.br\/wp-content\/uploads\/2020\/07\/animal-abandonado-04.png","datePublished":"2020-07-24T00:27:02+00:00","dateModified":"2020-07-24T00:27:06+00:00","breadcrumb":{"@id":"https:\/\/jornalfatosenoticias.com.br\/index.php\/2020\/07\/23\/omissao-animais-abandonados-na-serra\/#breadcrumb"},"inLanguage":"pt-BR","potentialAction":[{"@type":"ReadAction","target":["https:\/\/jornalfatosenoticias.com.br\/index.php\/2020\/07\/23\/omissao-animais-abandonados-na-serra\/"]}]},{"@type":"ImageObject","inLanguage":"pt-BR","@id":"https:\/\/jornalfatosenoticias.com.br\/index.php\/2020\/07\/23\/omissao-animais-abandonados-na-serra\/#primaryimage","url":"https:\/\/jornalfatosenoticias.com.br\/wp-content\/uploads\/2020\/07\/animal-abandonado-04.png","contentUrl":"https:\/\/jornalfatosenoticias.com.br\/wp-content\/uploads\/2020\/07\/animal-abandonado-04.png","width":1000,"height":523},{"@type":"BreadcrumbList","@id":"https:\/\/jornalfatosenoticias.com.br\/index.php\/2020\/07\/23\/omissao-animais-abandonados-na-serra\/#breadcrumb","itemListElement":[{"@type":"ListItem","position":1,"name":"In\u00edcio","item":"https:\/\/jornalfatosenoticias.com.br\/"},{"@type":"ListItem","position":2,"name":"Omiss\u00e3o \u2013 Animais abandonados na Serra"}]},{"@type":"WebSite","@id":"https:\/\/jornalfatosenoticias.com.br\/#website","url":"https:\/\/jornalfatosenoticias.com.br\/","name":"Jornal Fatos e Not\u00edcias","description":"Not\u00edcias em geral","publisher":{"@id":"https:\/\/jornalfatosenoticias.com.br\/#organization"},"potentialAction":[{"@type":"SearchAction","target":{"@type":"EntryPoint","urlTemplate":"https:\/\/jornalfatosenoticias.com.br\/?s={search_term_string}"},"query-input":{"@type":"PropertyValueSpecification","valueRequired":true,"valueName":"search_term_string"}}],"inLanguage":"pt-BR"},{"@type":"Organization","@id":"https:\/\/jornalfatosenoticias.com.br\/#organization","name":"Jornal Fatos e Not\u00edcias","url":"https:\/\/jornalfatosenoticias.com.br\/","logo":{"@type":"ImageObject","inLanguage":"pt-BR","@id":"https:\/\/jornalfatosenoticias.com.br\/#\/schema\/logo\/image\/","url":"https:\/\/jornalfatosenoticias.com.br\/wp-content\/uploads\/2020\/02\/logo120.png","contentUrl":"https:\/\/jornalfatosenoticias.com.br\/wp-content\/uploads\/2020\/02\/logo120.png","width":1227,"height":120,"caption":"Jornal Fatos e Not\u00edcias"},"image":{"@id":"https:\/\/jornalfatosenoticias.com.br\/#\/schema\/logo\/image\/"}},{"@type":"Person","@id":"https:\/\/jornalfatosenoticias.com.br\/#\/schema\/person\/05c46cc25b42a5c27e004fb0fa6b4965","name":"Haroldo Filho","image":{"@type":"ImageObject","inLanguage":"pt-BR","@id":"https:\/\/jornalfatosenoticias.com.br\/#\/schema\/person\/image\/","url":"https:\/\/jornalfatosenoticias.com.br\/wp-content\/uploads\/2025\/08\/WhatsApp-Image-2025-08-18-at-15.30.28-150x150.jpeg","contentUrl":"https:\/\/jornalfatosenoticias.com.br\/wp-content\/uploads\/2025\/08\/WhatsApp-Image-2025-08-18-at-15.30.28-150x150.jpeg","caption":"Haroldo Filho"},"description":"Jornalista \u2013 DRT: 0003818\/ES Coordenador-geral da ONG Educar para Crescer","url":"https:\/\/jornalfatosenoticias.com.br\/index.php\/author\/haroldo\/"}]}},"cc_featured_image_caption":{"caption_text":"(Foto: Reprodu\u00e7\u00e3o internet)","source_text":"","source_url":""},"jetpack_featured_media_url":"https:\/\/jornalfatosenoticias.com.br\/wp-content\/uploads\/2020\/07\/animal-abandonado-04.png","_links":{"self":[{"href":"https:\/\/jornalfatosenoticias.com.br\/index.php\/wp-json\/wp\/v2\/posts\/6795","targetHints":{"allow":["GET"]}}],"collection":[{"href":"https:\/\/jornalfatosenoticias.com.br\/index.php\/wp-json\/wp\/v2\/posts"}],"about":[{"href":"https:\/\/jornalfatosenoticias.com.br\/index.php\/wp-json\/wp\/v2\/types\/post"}],"author":[{"embeddable":true,"href":"https:\/\/jornalfatosenoticias.com.br\/index.php\/wp-json\/wp\/v2\/users\/3"}],"replies":[{"embeddable":true,"href":"https:\/\/jornalfatosenoticias.com.br\/index.php\/wp-json\/wp\/v2\/comments?post=6795"}],"version-history":[{"count":0,"href":"https:\/\/jornalfatosenoticias.com.br\/index.php\/wp-json\/wp\/v2\/posts\/6795\/revisions"}],"wp:featuredmedia":[{"embeddable":true,"href":"https:\/\/jornalfatosenoticias.com.br\/index.php\/wp-json\/wp\/v2\/media\/6798"}],"wp:attachment":[{"href":"https:\/\/jornalfatosenoticias.com.br\/index.php\/wp-json\/wp\/v2\/media?parent=6795"}],"wp:term":[{"taxonomy":"category","embeddable":true,"href":"https:\/\/jornalfatosenoticias.com.br\/index.php\/wp-json\/wp\/v2\/categories?post=6795"},{"taxonomy":"post_tag","embeddable":true,"href":"https:\/\/jornalfatosenoticias.com.br\/index.php\/wp-json\/wp\/v2\/tags?post=6795"}],"curies":[{"name":"wp","href":"https:\/\/api.w.org\/{rel}","templated":true}]}}