{"id":6814,"date":"2020-07-23T21:50:26","date_gmt":"2020-07-24T00:50:26","guid":{"rendered":"https:\/\/jornalfatosenoticias.com.br\/?p=6814"},"modified":"2020-07-23T21:50:30","modified_gmt":"2020-07-24T00:50:30","slug":"comunidade-de-fundao-exige-retirada-de-antena-de-telefonia-obsoleta","status":"publish","type":"post","link":"https:\/\/jornalfatosenoticias.com.br\/index.php\/2020\/07\/23\/comunidade-de-fundao-exige-retirada-de-antena-de-telefonia-obsoleta\/","title":{"rendered":"Comunidade de Fund\u00e3o exige retirada de antena de telefonia obsoleta"},"content":{"rendered":"\n<p>Moradores da comunidade de Enseada das Gar\u00e7as, munic\u00edpio de Fund\u00e3o\/ES, exigem das autoridades competentes a retirada imediata da torre de telefonia, localizada na rua dos Carcar\u00e1. Segundo eles, a torre os exp\u00f5em a radia\u00e7\u00f5es cancer\u00edgenas, problema j\u00e1 comprovado por pesquisadores.<br>Para Cl\u00e1udia Bernardo, professora aposentada e propriet\u00e1ria de casa na localidade h\u00e1 mais de 15 anos, eles est\u00e3o expostos \u00e0 radia\u00e7\u00e3o que essas antenas de telefonia celular emitem. \u201cNossa sa\u00fade est\u00e1 em risco e sabemos que este tipo de antena, al\u00e9m de obsoleta, n\u00e3o \u00e9 permitida a sua instala\u00e7\u00e3o em bairros residenciais, pr\u00f3ximo a hospitais, escolas, etc. Enseada \u00e9 um balne\u00e1rio de grande riqueza natural e procuramos desfrutar com consci\u00eancia o que nos tem a oferecer, apesar de estar abandonada por seus representantes municipais\u201d, reclama.<br>Irani Bustamante, pedagoga aposentada e que reside na Enseada das Gar\u00e7as, se diz favor\u00e1vel \u00e0 retirada. \u201cSou a favor da retirada da torre telef\u00f4nica\u2026 O respons\u00e1vel dever\u00e1 procurar um lugar adequado para a instala\u00e7\u00e3o da mesma, al\u00e9m dos preju\u00edzos que provoca \u00e0 nossa sa\u00fade ela interfere na beleza natural do local\u201d, finaliza.<br>Informa\u00e7\u00f5es t\u00e9cnicas: Segundo pesquisas, im\u00f3veis e terrenos que ficam a uma dist\u00e2ncia de at\u00e9 300 metros destas torres podem receber a influ\u00eancia negativa de ondas eletromagn\u00e9ticas emitidas pelas torres e cabos de alta tens\u00e3o. Casos como esses podem provocar s\u00e9rios problemas. Elas tamb\u00e9m t\u00eam sido associadas a dores de cabe\u00e7a, perda de mem\u00f3ria, c\u00e2ncer e doen\u00e7as card\u00edacas entre outras.<\/p>\n","protected":false},"excerpt":{"rendered":"<p>Moradores da comunidade de Enseada das Gar\u00e7as, munic\u00edpio de Fund\u00e3o\/ES, exigem das autoridades competentes a retirada imediata da torre de telefonia, localizada na rua dos Carcar\u00e1. Segundo eles, a torre os exp\u00f5em a radia\u00e7\u00f5es cancer\u00edgenas, problema j\u00e1 comprovado por pesquisadores.Para Cl\u00e1udia Bernardo, professora aposentada e propriet\u00e1ria de casa na localidade h\u00e1 mais de 15 anos, [&hellip;]<\/p>\n","protected":false},"author":3,"featured_media":6815,"comment_status":"open","ping_status":"open","sticky":false,"template":"","format":"standard","meta":{"footnotes":""},"categories":[10],"tags":[3940,2209,3941,560,3939],"class_list":["post-6814","post","type-post","status-publish","format-standard","has-post-thumbnail","hentry","category-politica","tag-cancerigeno","tag-celular","tag-enseada-das-garcas","tag-fundao","tag-torre-telefonia"],"yoast_head":"<!-- This site is optimized with the Yoast SEO plugin v26.5 - https:\/\/yoast.com\/wordpress\/plugins\/seo\/ -->\n<title>Comunidade de Fund\u00e3o exige retirada de antena de telefonia obsoleta - Jornal Fatos e Not\u00edcias<\/title>\n<meta name=\"robots\" content=\"index, follow, max-snippet:-1, max-image-preview:large, max-video-preview:-1\" \/>\n<link rel=\"canonical\" href=\"https:\/\/jornalfatosenoticias.com.br\/index.php\/2020\/07\/23\/comunidade-de-fundao-exige-retirada-de-antena-de-telefonia-obsoleta\/\" \/>\n<meta property=\"og:locale\" content=\"pt_BR\" \/>\n<meta property=\"og:type\" content=\"article\" \/>\n<meta property=\"og:title\" content=\"Comunidade de Fund\u00e3o exige retirada de antena de telefonia obsoleta - Jornal Fatos e Not\u00edcias\" \/>\n<meta property=\"og:description\" content=\"Moradores da comunidade de Enseada das Gar\u00e7as, munic\u00edpio de Fund\u00e3o\/ES, exigem das autoridades competentes a retirada imediata da torre de telefonia, localizada na rua dos Carcar\u00e1. Segundo eles, a torre os exp\u00f5em a radia\u00e7\u00f5es cancer\u00edgenas, problema j\u00e1 comprovado por pesquisadores.Para Cl\u00e1udia Bernardo, professora aposentada e propriet\u00e1ria de casa na localidade h\u00e1 mais de 15 anos, [&hellip;]\" \/>\n<meta property=\"og:url\" content=\"https:\/\/jornalfatosenoticias.com.br\/index.php\/2020\/07\/23\/comunidade-de-fundao-exige-retirada-de-antena-de-telefonia-obsoleta\/\" \/>\n<meta property=\"og:site_name\" content=\"Jornal Fatos e Not\u00edcias\" \/>\n<meta property=\"article:published_time\" content=\"2020-07-24T00:50:26+00:00\" \/>\n<meta property=\"article:modified_time\" content=\"2020-07-24T00:50:30+00:00\" \/>\n<meta property=\"og:image\" content=\"https:\/\/jornalfatosenoticias.com.br\/wp-content\/uploads\/2020\/07\/torre-359-B.jpg\" \/>\n\t<meta property=\"og:image:width\" content=\"869\" \/>\n\t<meta property=\"og:image:height\" content=\"1158\" \/>\n\t<meta property=\"og:image:type\" content=\"image\/jpeg\" \/>\n<meta name=\"author\" content=\"Haroldo Filho\" \/>\n<meta name=\"twitter:card\" content=\"summary_large_image\" \/>\n<meta name=\"twitter:label1\" content=\"Escrito por\" \/>\n\t<meta name=\"twitter:data1\" content=\"Haroldo Filho\" \/>\n\t<meta name=\"twitter:label2\" content=\"Est. tempo de leitura\" \/>\n\t<meta name=\"twitter:data2\" content=\"1 minuto\" \/>\n<script type=\"application\/ld+json\" class=\"yoast-schema-graph\">{\"@context\":\"https:\/\/schema.org\",\"@graph\":[{\"@type\":\"Article\",\"@id\":\"https:\/\/jornalfatosenoticias.com.br\/index.php\/2020\/07\/23\/comunidade-de-fundao-exige-retirada-de-antena-de-telefonia-obsoleta\/#article\",\"isPartOf\":{\"@id\":\"https:\/\/jornalfatosenoticias.com.br\/index.php\/2020\/07\/23\/comunidade-de-fundao-exige-retirada-de-antena-de-telefonia-obsoleta\/\"},\"author\":{\"name\":\"Haroldo Filho\",\"@id\":\"https:\/\/jornalfatosenoticias.com.br\/#\/schema\/person\/05c46cc25b42a5c27e004fb0fa6b4965\"},\"headline\":\"Comunidade de Fund\u00e3o exige retirada de antena de telefonia obsoleta\",\"datePublished\":\"2020-07-24T00:50:26+00:00\",\"dateModified\":\"2020-07-24T00:50:30+00:00\",\"mainEntityOfPage\":{\"@id\":\"https:\/\/jornalfatosenoticias.com.br\/index.php\/2020\/07\/23\/comunidade-de-fundao-exige-retirada-de-antena-de-telefonia-obsoleta\/\"},\"wordCount\":281,\"commentCount\":0,\"publisher\":{\"@id\":\"https:\/\/jornalfatosenoticias.com.br\/#organization\"},\"image\":{\"@id\":\"https:\/\/jornalfatosenoticias.com.br\/index.php\/2020\/07\/23\/comunidade-de-fundao-exige-retirada-de-antena-de-telefonia-obsoleta\/#primaryimage\"},\"thumbnailUrl\":\"https:\/\/jornalfatosenoticias.com.br\/wp-content\/uploads\/2020\/07\/torre-359-B.jpg\",\"keywords\":[\"cancer\u00edgeno\",\"celular\",\"Enseada das Gar\u00e7as\",\"Fund\u00e3o\",\"torre telefonia\"],\"articleSection\":[\"Pol\u00edtica\"],\"inLanguage\":\"pt-BR\",\"potentialAction\":[{\"@type\":\"CommentAction\",\"name\":\"Comment\",\"target\":[\"https:\/\/jornalfatosenoticias.com.br\/index.php\/2020\/07\/23\/comunidade-de-fundao-exige-retirada-de-antena-de-telefonia-obsoleta\/#respond\"]}]},{\"@type\":\"WebPage\",\"@id\":\"https:\/\/jornalfatosenoticias.com.br\/index.php\/2020\/07\/23\/comunidade-de-fundao-exige-retirada-de-antena-de-telefonia-obsoleta\/\",\"url\":\"https:\/\/jornalfatosenoticias.com.br\/index.php\/2020\/07\/23\/comunidade-de-fundao-exige-retirada-de-antena-de-telefonia-obsoleta\/\",\"name\":\"Comunidade de Fund\u00e3o exige retirada de antena de telefonia obsoleta - Jornal Fatos e Not\u00edcias\",\"isPartOf\":{\"@id\":\"https:\/\/jornalfatosenoticias.com.br\/#website\"},\"primaryImageOfPage\":{\"@id\":\"https:\/\/jornalfatosenoticias.com.br\/index.php\/2020\/07\/23\/comunidade-de-fundao-exige-retirada-de-antena-de-telefonia-obsoleta\/#primaryimage\"},\"image\":{\"@id\":\"https:\/\/jornalfatosenoticias.com.br\/index.php\/2020\/07\/23\/comunidade-de-fundao-exige-retirada-de-antena-de-telefonia-obsoleta\/#primaryimage\"},\"thumbnailUrl\":\"https:\/\/jornalfatosenoticias.com.br\/wp-content\/uploads\/2020\/07\/torre-359-B.jpg\",\"datePublished\":\"2020-07-24T00:50:26+00:00\",\"dateModified\":\"2020-07-24T00:50:30+00:00\",\"breadcrumb\":{\"@id\":\"https:\/\/jornalfatosenoticias.com.br\/index.php\/2020\/07\/23\/comunidade-de-fundao-exige-retirada-de-antena-de-telefonia-obsoleta\/#breadcrumb\"},\"inLanguage\":\"pt-BR\",\"potentialAction\":[{\"@type\":\"ReadAction\",\"target\":[\"https:\/\/jornalfatosenoticias.com.br\/index.php\/2020\/07\/23\/comunidade-de-fundao-exige-retirada-de-antena-de-telefonia-obsoleta\/\"]}]},{\"@type\":\"ImageObject\",\"inLanguage\":\"pt-BR\",\"@id\":\"https:\/\/jornalfatosenoticias.com.br\/index.php\/2020\/07\/23\/comunidade-de-fundao-exige-retirada-de-antena-de-telefonia-obsoleta\/#primaryimage\",\"url\":\"https:\/\/jornalfatosenoticias.com.br\/wp-content\/uploads\/2020\/07\/torre-359-B.jpg\",\"contentUrl\":\"https:\/\/jornalfatosenoticias.com.br\/wp-content\/uploads\/2020\/07\/torre-359-B.jpg\",\"width\":869,\"height\":1158},{\"@type\":\"BreadcrumbList\",\"@id\":\"https:\/\/jornalfatosenoticias.com.br\/index.php\/2020\/07\/23\/comunidade-de-fundao-exige-retirada-de-antena-de-telefonia-obsoleta\/#breadcrumb\",\"itemListElement\":[{\"@type\":\"ListItem\",\"position\":1,\"name\":\"In\u00edcio\",\"item\":\"https:\/\/jornalfatosenoticias.com.br\/\"},{\"@type\":\"ListItem\",\"position\":2,\"name\":\"Comunidade de Fund\u00e3o exige retirada de antena de telefonia obsoleta\"}]},{\"@type\":\"WebSite\",\"@id\":\"https:\/\/jornalfatosenoticias.com.br\/#website\",\"url\":\"https:\/\/jornalfatosenoticias.com.br\/\",\"name\":\"Jornal Fatos e Not\u00edcias\",\"description\":\"Not\u00edcias em geral\",\"publisher\":{\"@id\":\"https:\/\/jornalfatosenoticias.com.br\/#organization\"},\"potentialAction\":[{\"@type\":\"SearchAction\",\"target\":{\"@type\":\"EntryPoint\",\"urlTemplate\":\"https:\/\/jornalfatosenoticias.com.br\/?s={search_term_string}\"},\"query-input\":{\"@type\":\"PropertyValueSpecification\",\"valueRequired\":true,\"valueName\":\"search_term_string\"}}],\"inLanguage\":\"pt-BR\"},{\"@type\":\"Organization\",\"@id\":\"https:\/\/jornalfatosenoticias.com.br\/#organization\",\"name\":\"Jornal Fatos e Not\u00edcias\",\"url\":\"https:\/\/jornalfatosenoticias.com.br\/\",\"logo\":{\"@type\":\"ImageObject\",\"inLanguage\":\"pt-BR\",\"@id\":\"https:\/\/jornalfatosenoticias.com.br\/#\/schema\/logo\/image\/\",\"url\":\"https:\/\/jornalfatosenoticias.com.br\/wp-content\/uploads\/2020\/02\/logo120.png\",\"contentUrl\":\"https:\/\/jornalfatosenoticias.com.br\/wp-content\/uploads\/2020\/02\/logo120.png\",\"width\":1227,\"height\":120,\"caption\":\"Jornal Fatos e Not\u00edcias\"},\"image\":{\"@id\":\"https:\/\/jornalfatosenoticias.com.br\/#\/schema\/logo\/image\/\"}},{\"@type\":\"Person\",\"@id\":\"https:\/\/jornalfatosenoticias.com.br\/#\/schema\/person\/05c46cc25b42a5c27e004fb0fa6b4965\",\"name\":\"Haroldo Filho\",\"image\":{\"@type\":\"ImageObject\",\"inLanguage\":\"pt-BR\",\"@id\":\"https:\/\/jornalfatosenoticias.com.br\/#\/schema\/person\/image\/\",\"url\":\"https:\/\/jornalfatosenoticias.com.br\/wp-content\/uploads\/2025\/08\/WhatsApp-Image-2025-08-18-at-15.30.28-150x150.jpeg\",\"contentUrl\":\"https:\/\/jornalfatosenoticias.com.br\/wp-content\/uploads\/2025\/08\/WhatsApp-Image-2025-08-18-at-15.30.28-150x150.jpeg\",\"caption\":\"Haroldo Filho\"},\"description\":\"Jornalista \u2013 DRT: 0003818\/ES Coordenador-geral da ONG Educar para Crescer\",\"url\":\"https:\/\/jornalfatosenoticias.com.br\/index.php\/author\/haroldo\/\"}]}<\/script>\n<!-- \/ Yoast SEO plugin. -->","yoast_head_json":{"title":"Comunidade de Fund\u00e3o exige retirada de antena de telefonia obsoleta - Jornal Fatos e Not\u00edcias","robots":{"index":"index","follow":"follow","max-snippet":"max-snippet:-1","max-image-preview":"max-image-preview:large","max-video-preview":"max-video-preview:-1"},"canonical":"https:\/\/jornalfatosenoticias.com.br\/index.php\/2020\/07\/23\/comunidade-de-fundao-exige-retirada-de-antena-de-telefonia-obsoleta\/","og_locale":"pt_BR","og_type":"article","og_title":"Comunidade de Fund\u00e3o exige retirada de antena de telefonia obsoleta - Jornal Fatos e Not\u00edcias","og_description":"Moradores da comunidade de Enseada das Gar\u00e7as, munic\u00edpio de Fund\u00e3o\/ES, exigem das autoridades competentes a retirada imediata da torre de telefonia, localizada na rua dos Carcar\u00e1. Segundo eles, a torre os exp\u00f5em a radia\u00e7\u00f5es cancer\u00edgenas, problema j\u00e1 comprovado por pesquisadores.Para Cl\u00e1udia Bernardo, professora aposentada e propriet\u00e1ria de casa na localidade h\u00e1 mais de 15 anos, [&hellip;]","og_url":"https:\/\/jornalfatosenoticias.com.br\/index.php\/2020\/07\/23\/comunidade-de-fundao-exige-retirada-de-antena-de-telefonia-obsoleta\/","og_site_name":"Jornal Fatos e Not\u00edcias","article_published_time":"2020-07-24T00:50:26+00:00","article_modified_time":"2020-07-24T00:50:30+00:00","og_image":[{"width":869,"height":1158,"url":"https:\/\/jornalfatosenoticias.com.br\/wp-content\/uploads\/2020\/07\/torre-359-B.jpg","type":"image\/jpeg"}],"author":"Haroldo Filho","twitter_card":"summary_large_image","twitter_misc":{"Escrito por":"Haroldo Filho","Est. tempo de leitura":"1 minuto"},"schema":{"@context":"https:\/\/schema.org","@graph":[{"@type":"Article","@id":"https:\/\/jornalfatosenoticias.com.br\/index.php\/2020\/07\/23\/comunidade-de-fundao-exige-retirada-de-antena-de-telefonia-obsoleta\/#article","isPartOf":{"@id":"https:\/\/jornalfatosenoticias.com.br\/index.php\/2020\/07\/23\/comunidade-de-fundao-exige-retirada-de-antena-de-telefonia-obsoleta\/"},"author":{"name":"Haroldo Filho","@id":"https:\/\/jornalfatosenoticias.com.br\/#\/schema\/person\/05c46cc25b42a5c27e004fb0fa6b4965"},"headline":"Comunidade de Fund\u00e3o exige retirada de antena de telefonia obsoleta","datePublished":"2020-07-24T00:50:26+00:00","dateModified":"2020-07-24T00:50:30+00:00","mainEntityOfPage":{"@id":"https:\/\/jornalfatosenoticias.com.br\/index.php\/2020\/07\/23\/comunidade-de-fundao-exige-retirada-de-antena-de-telefonia-obsoleta\/"},"wordCount":281,"commentCount":0,"publisher":{"@id":"https:\/\/jornalfatosenoticias.com.br\/#organization"},"image":{"@id":"https:\/\/jornalfatosenoticias.com.br\/index.php\/2020\/07\/23\/comunidade-de-fundao-exige-retirada-de-antena-de-telefonia-obsoleta\/#primaryimage"},"thumbnailUrl":"https:\/\/jornalfatosenoticias.com.br\/wp-content\/uploads\/2020\/07\/torre-359-B.jpg","keywords":["cancer\u00edgeno","celular","Enseada das Gar\u00e7as","Fund\u00e3o","torre telefonia"],"articleSection":["Pol\u00edtica"],"inLanguage":"pt-BR","potentialAction":[{"@type":"CommentAction","name":"Comment","target":["https:\/\/jornalfatosenoticias.com.br\/index.php\/2020\/07\/23\/comunidade-de-fundao-exige-retirada-de-antena-de-telefonia-obsoleta\/#respond"]}]},{"@type":"WebPage","@id":"https:\/\/jornalfatosenoticias.com.br\/index.php\/2020\/07\/23\/comunidade-de-fundao-exige-retirada-de-antena-de-telefonia-obsoleta\/","url":"https:\/\/jornalfatosenoticias.com.br\/index.php\/2020\/07\/23\/comunidade-de-fundao-exige-retirada-de-antena-de-telefonia-obsoleta\/","name":"Comunidade de Fund\u00e3o exige retirada de antena de telefonia obsoleta - Jornal Fatos e Not\u00edcias","isPartOf":{"@id":"https:\/\/jornalfatosenoticias.com.br\/#website"},"primaryImageOfPage":{"@id":"https:\/\/jornalfatosenoticias.com.br\/index.php\/2020\/07\/23\/comunidade-de-fundao-exige-retirada-de-antena-de-telefonia-obsoleta\/#primaryimage"},"image":{"@id":"https:\/\/jornalfatosenoticias.com.br\/index.php\/2020\/07\/23\/comunidade-de-fundao-exige-retirada-de-antena-de-telefonia-obsoleta\/#primaryimage"},"thumbnailUrl":"https:\/\/jornalfatosenoticias.com.br\/wp-content\/uploads\/2020\/07\/torre-359-B.jpg","datePublished":"2020-07-24T00:50:26+00:00","dateModified":"2020-07-24T00:50:30+00:00","breadcrumb":{"@id":"https:\/\/jornalfatosenoticias.com.br\/index.php\/2020\/07\/23\/comunidade-de-fundao-exige-retirada-de-antena-de-telefonia-obsoleta\/#breadcrumb"},"inLanguage":"pt-BR","potentialAction":[{"@type":"ReadAction","target":["https:\/\/jornalfatosenoticias.com.br\/index.php\/2020\/07\/23\/comunidade-de-fundao-exige-retirada-de-antena-de-telefonia-obsoleta\/"]}]},{"@type":"ImageObject","inLanguage":"pt-BR","@id":"https:\/\/jornalfatosenoticias.com.br\/index.php\/2020\/07\/23\/comunidade-de-fundao-exige-retirada-de-antena-de-telefonia-obsoleta\/#primaryimage","url":"https:\/\/jornalfatosenoticias.com.br\/wp-content\/uploads\/2020\/07\/torre-359-B.jpg","contentUrl":"https:\/\/jornalfatosenoticias.com.br\/wp-content\/uploads\/2020\/07\/torre-359-B.jpg","width":869,"height":1158},{"@type":"BreadcrumbList","@id":"https:\/\/jornalfatosenoticias.com.br\/index.php\/2020\/07\/23\/comunidade-de-fundao-exige-retirada-de-antena-de-telefonia-obsoleta\/#breadcrumb","itemListElement":[{"@type":"ListItem","position":1,"name":"In\u00edcio","item":"https:\/\/jornalfatosenoticias.com.br\/"},{"@type":"ListItem","position":2,"name":"Comunidade de Fund\u00e3o exige retirada de antena de telefonia obsoleta"}]},{"@type":"WebSite","@id":"https:\/\/jornalfatosenoticias.com.br\/#website","url":"https:\/\/jornalfatosenoticias.com.br\/","name":"Jornal Fatos e Not\u00edcias","description":"Not\u00edcias em geral","publisher":{"@id":"https:\/\/jornalfatosenoticias.com.br\/#organization"},"potentialAction":[{"@type":"SearchAction","target":{"@type":"EntryPoint","urlTemplate":"https:\/\/jornalfatosenoticias.com.br\/?s={search_term_string}"},"query-input":{"@type":"PropertyValueSpecification","valueRequired":true,"valueName":"search_term_string"}}],"inLanguage":"pt-BR"},{"@type":"Organization","@id":"https:\/\/jornalfatosenoticias.com.br\/#organization","name":"Jornal Fatos e Not\u00edcias","url":"https:\/\/jornalfatosenoticias.com.br\/","logo":{"@type":"ImageObject","inLanguage":"pt-BR","@id":"https:\/\/jornalfatosenoticias.com.br\/#\/schema\/logo\/image\/","url":"https:\/\/jornalfatosenoticias.com.br\/wp-content\/uploads\/2020\/02\/logo120.png","contentUrl":"https:\/\/jornalfatosenoticias.com.br\/wp-content\/uploads\/2020\/02\/logo120.png","width":1227,"height":120,"caption":"Jornal Fatos e Not\u00edcias"},"image":{"@id":"https:\/\/jornalfatosenoticias.com.br\/#\/schema\/logo\/image\/"}},{"@type":"Person","@id":"https:\/\/jornalfatosenoticias.com.br\/#\/schema\/person\/05c46cc25b42a5c27e004fb0fa6b4965","name":"Haroldo Filho","image":{"@type":"ImageObject","inLanguage":"pt-BR","@id":"https:\/\/jornalfatosenoticias.com.br\/#\/schema\/person\/image\/","url":"https:\/\/jornalfatosenoticias.com.br\/wp-content\/uploads\/2025\/08\/WhatsApp-Image-2025-08-18-at-15.30.28-150x150.jpeg","contentUrl":"https:\/\/jornalfatosenoticias.com.br\/wp-content\/uploads\/2025\/08\/WhatsApp-Image-2025-08-18-at-15.30.28-150x150.jpeg","caption":"Haroldo Filho"},"description":"Jornalista \u2013 DRT: 0003818\/ES Coordenador-geral da ONG Educar para Crescer","url":"https:\/\/jornalfatosenoticias.com.br\/index.php\/author\/haroldo\/"}]}},"cc_featured_image_caption":{"caption_text":"(Foto: Reprodu\u00e7\u00e3o\/Moradora) ","source_text":"","source_url":""},"jetpack_featured_media_url":"https:\/\/jornalfatosenoticias.com.br\/wp-content\/uploads\/2020\/07\/torre-359-B.jpg","_links":{"self":[{"href":"https:\/\/jornalfatosenoticias.com.br\/index.php\/wp-json\/wp\/v2\/posts\/6814","targetHints":{"allow":["GET"]}}],"collection":[{"href":"https:\/\/jornalfatosenoticias.com.br\/index.php\/wp-json\/wp\/v2\/posts"}],"about":[{"href":"https:\/\/jornalfatosenoticias.com.br\/index.php\/wp-json\/wp\/v2\/types\/post"}],"author":[{"embeddable":true,"href":"https:\/\/jornalfatosenoticias.com.br\/index.php\/wp-json\/wp\/v2\/users\/3"}],"replies":[{"embeddable":true,"href":"https:\/\/jornalfatosenoticias.com.br\/index.php\/wp-json\/wp\/v2\/comments?post=6814"}],"version-history":[{"count":0,"href":"https:\/\/jornalfatosenoticias.com.br\/index.php\/wp-json\/wp\/v2\/posts\/6814\/revisions"}],"wp:featuredmedia":[{"embeddable":true,"href":"https:\/\/jornalfatosenoticias.com.br\/index.php\/wp-json\/wp\/v2\/media\/6815"}],"wp:attachment":[{"href":"https:\/\/jornalfatosenoticias.com.br\/index.php\/wp-json\/wp\/v2\/media?parent=6814"}],"wp:term":[{"taxonomy":"category","embeddable":true,"href":"https:\/\/jornalfatosenoticias.com.br\/index.php\/wp-json\/wp\/v2\/categories?post=6814"},{"taxonomy":"post_tag","embeddable":true,"href":"https:\/\/jornalfatosenoticias.com.br\/index.php\/wp-json\/wp\/v2\/tags?post=6814"}],"curies":[{"name":"wp","href":"https:\/\/api.w.org\/{rel}","templated":true}]}}