{"id":6854,"date":"2020-07-24T14:26:19","date_gmt":"2020-07-24T17:26:19","guid":{"rendered":"https:\/\/jornalfatosenoticias.com.br\/?p=6854"},"modified":"2020-07-24T14:26:25","modified_gmt":"2020-07-24T17:26:25","slug":"audi-testa-sistema-para-armazenar-energia-solar-em-carros-eletricos","status":"publish","type":"post","link":"https:\/\/jornalfatosenoticias.com.br\/index.php\/2020\/07\/24\/audi-testa-sistema-para-armazenar-energia-solar-em-carros-eletricos\/","title":{"rendered":"Audi testa sistema para armazenar energia solar em carros el\u00e9tricos"},"content":{"rendered":"\n<h6 class=\"wp-block-heading\"><em>Ve\u00edculos poder\u00e3o funcionar como uma bateria alimentando os aparelhos de uma casa em momentos em que a energia da rede el\u00e9trica \u00e9 mais cara<\/em><\/h6>\n\n\n\n<p>A Audi estabeleceu uma parceria com o Hager Group para desenvolver um novo &#8220;sistema de carga bidirecional&#8221; que permitir\u00e1 usar um carro el\u00e9trico para armazenar o &#8220;excesso&#8221; de energia solar produzida por pain\u00e9is fotovoltaicos e alimentar uma casa.<br>\u201cO carregamento bidirecional concentra-se principalmente nos casos de uso em que os propriet\u00e1rios de casas usam seu pr\u00f3prio sistema fotovoltaico para se beneficiar de um carregamento com custo reduzido com a eletricidade gerada domesticamente&#8221;, diz a montadora.<br>&#8220;O carro el\u00e9trico armazena o excesso de eletricidade do sistema fotovoltaico que n\u00e3o \u00e9 usado pelos aparelhos dom\u00e9sticos. Se o cliente tiver taxas vari\u00e1veis, o carro el\u00e9trico poder\u00e1 abastecer toda a casa em momentos em que os pre\u00e7os da eletricidade s\u00e3o altos. \u00c0 noite, ou em per\u00edodos de menor custo, o carro pode usar eletricidade barata para recarregar sua bateria at\u00e9 o estado desejado&#8221;, afirma.<br>Na pr\u00e1tica, a bateria do carro \u00e9 usada como se fosse uma Powerwall da Tesla. H\u00e1 outro benef\u00edcio al\u00e9m do custo. Segundo a Audi &#8220;o carregamento bidirecional tamb\u00e9m fornece uma seguran\u00e7a de suprimento que se estende al\u00e9m da otimiza\u00e7\u00e3o de custo: no caso de um blecaute, o sistema pode fornecer energia \u00e0 casa e pode at\u00e9 operar sem conex\u00e3o \u00e0 rede el\u00e9trica, o que \u00e9 conhecido como opera\u00e7\u00e3o aut\u00f4noma&#8221;.<br>Em testes com um Audi e-Tron, a montadora conseguiu carregar a bateria do carro a 12 kW usando um carregador DC (Corrente Cont\u00ednua) montado \u00e0 parede. Este mesmo carro pode fornecer at\u00e9 9 KWh para a casa. Segundo a empresa, a conex\u00e3o entre o sistema fotovoltaico e o carro \u00e9 feita sem a necessidade de um inversor, o que aumenta a efici\u00eancia do processo.<br>Ainda n\u00e3o h\u00e1 previs\u00e3o de comercializa\u00e7\u00e3o da tecnologia.<\/p>\n\n\n\n<p><em><strong>Fonte: <a href=\"https:\/\/olhardigital.com.br\/carros-e-tecnologia\/noticia\/audi-testa-sistema-para-armazenar-energia-solar-em-carros-eletricos\/104062\">Olhar Digital<\/a><\/strong><\/em><\/p>\n","protected":false},"excerpt":{"rendered":"<p>Ve\u00edculos poder\u00e3o funcionar como uma bateria alimentando os aparelhos de uma casa em momentos em que a energia da rede el\u00e9trica \u00e9 mais cara A Audi estabeleceu uma parceria com o Hager Group para desenvolver um novo &#8220;sistema de carga bidirecional&#8221; que permitir\u00e1 usar um carro el\u00e9trico para armazenar o &#8220;excesso&#8221; de energia solar produzida [&hellip;]<\/p>\n","protected":false},"author":2,"featured_media":6855,"comment_status":"open","ping_status":"open","sticky":false,"template":"","format":"standard","meta":{"footnotes":""},"categories":[3],"tags":[3963,3108,599,3321],"class_list":["post-6854","post","type-post","status-publish","format-standard","has-post-thumbnail","hentry","category-tecnologia","tag-audi","tag-carro-eletrico","tag-energia-solar","tag-painel-solar"],"yoast_head":"<!-- This site is optimized with the Yoast SEO plugin v26.5 - https:\/\/yoast.com\/wordpress\/plugins\/seo\/ -->\n<title>Audi testa sistema para armazenar energia solar em carros el\u00e9tricos - Jornal Fatos e Not\u00edcias<\/title>\n<meta name=\"robots\" content=\"index, follow, max-snippet:-1, max-image-preview:large, max-video-preview:-1\" \/>\n<link rel=\"canonical\" href=\"https:\/\/jornalfatosenoticias.com.br\/index.php\/2020\/07\/24\/audi-testa-sistema-para-armazenar-energia-solar-em-carros-eletricos\/\" \/>\n<meta property=\"og:locale\" content=\"pt_BR\" \/>\n<meta property=\"og:type\" content=\"article\" \/>\n<meta property=\"og:title\" content=\"Audi testa sistema para armazenar energia solar em carros el\u00e9tricos - Jornal Fatos e Not\u00edcias\" \/>\n<meta property=\"og:description\" content=\"Ve\u00edculos poder\u00e3o funcionar como uma bateria alimentando os aparelhos de uma casa em momentos em que a energia da rede el\u00e9trica \u00e9 mais cara A Audi estabeleceu uma parceria com o Hager Group para desenvolver um novo &#8220;sistema de carga bidirecional&#8221; que permitir\u00e1 usar um carro el\u00e9trico para armazenar o &#8220;excesso&#8221; de energia solar produzida [&hellip;]\" \/>\n<meta property=\"og:url\" content=\"https:\/\/jornalfatosenoticias.com.br\/index.php\/2020\/07\/24\/audi-testa-sistema-para-armazenar-energia-solar-em-carros-eletricos\/\" \/>\n<meta property=\"og:site_name\" content=\"Jornal Fatos e Not\u00edcias\" \/>\n<meta property=\"article:published_time\" content=\"2020-07-24T17:26:19+00:00\" \/>\n<meta property=\"article:modified_time\" content=\"2020-07-24T17:26:25+00:00\" \/>\n<meta property=\"og:image\" content=\"https:\/\/jornalfatosenoticias.com.br\/wp-content\/uploads\/2020\/07\/audi_e_tron.jpg\" \/>\n\t<meta property=\"og:image:width\" content=\"1000\" \/>\n\t<meta property=\"og:image:height\" content=\"561\" \/>\n\t<meta property=\"og:image:type\" content=\"image\/jpeg\" \/>\n<meta name=\"author\" content=\"Luzimara Fernandes\" \/>\n<meta name=\"twitter:card\" content=\"summary_large_image\" \/>\n<meta name=\"twitter:label1\" content=\"Escrito por\" \/>\n\t<meta name=\"twitter:data1\" content=\"Luzimara Fernandes\" \/>\n\t<meta name=\"twitter:label2\" content=\"Est. tempo de leitura\" \/>\n\t<meta name=\"twitter:data2\" content=\"2 minutos\" \/>\n<script type=\"application\/ld+json\" class=\"yoast-schema-graph\">{\"@context\":\"https:\/\/schema.org\",\"@graph\":[{\"@type\":\"Article\",\"@id\":\"https:\/\/jornalfatosenoticias.com.br\/index.php\/2020\/07\/24\/audi-testa-sistema-para-armazenar-energia-solar-em-carros-eletricos\/#article\",\"isPartOf\":{\"@id\":\"https:\/\/jornalfatosenoticias.com.br\/index.php\/2020\/07\/24\/audi-testa-sistema-para-armazenar-energia-solar-em-carros-eletricos\/\"},\"author\":{\"name\":\"Luzimara Fernandes\",\"@id\":\"https:\/\/jornalfatosenoticias.com.br\/#\/schema\/person\/d63837fa13ac8666eb9e74e0985d6f81\"},\"headline\":\"Audi testa sistema para armazenar energia solar em carros el\u00e9tricos\",\"datePublished\":\"2020-07-24T17:26:19+00:00\",\"dateModified\":\"2020-07-24T17:26:25+00:00\",\"mainEntityOfPage\":{\"@id\":\"https:\/\/jornalfatosenoticias.com.br\/index.php\/2020\/07\/24\/audi-testa-sistema-para-armazenar-energia-solar-em-carros-eletricos\/\"},\"wordCount\":340,\"commentCount\":0,\"publisher\":{\"@id\":\"https:\/\/jornalfatosenoticias.com.br\/#organization\"},\"image\":{\"@id\":\"https:\/\/jornalfatosenoticias.com.br\/index.php\/2020\/07\/24\/audi-testa-sistema-para-armazenar-energia-solar-em-carros-eletricos\/#primaryimage\"},\"thumbnailUrl\":\"https:\/\/jornalfatosenoticias.com.br\/wp-content\/uploads\/2020\/07\/audi_e_tron.jpg\",\"keywords\":[\"Audi\",\"carro el\u00e9trico\",\"energia solar\",\"painel solar\"],\"articleSection\":[\"Tecnologia &amp; Inova\u00e7\u00e3o\"],\"inLanguage\":\"pt-BR\",\"potentialAction\":[{\"@type\":\"CommentAction\",\"name\":\"Comment\",\"target\":[\"https:\/\/jornalfatosenoticias.com.br\/index.php\/2020\/07\/24\/audi-testa-sistema-para-armazenar-energia-solar-em-carros-eletricos\/#respond\"]}]},{\"@type\":\"WebPage\",\"@id\":\"https:\/\/jornalfatosenoticias.com.br\/index.php\/2020\/07\/24\/audi-testa-sistema-para-armazenar-energia-solar-em-carros-eletricos\/\",\"url\":\"https:\/\/jornalfatosenoticias.com.br\/index.php\/2020\/07\/24\/audi-testa-sistema-para-armazenar-energia-solar-em-carros-eletricos\/\",\"name\":\"Audi testa sistema para armazenar energia solar em carros el\u00e9tricos - Jornal Fatos e Not\u00edcias\",\"isPartOf\":{\"@id\":\"https:\/\/jornalfatosenoticias.com.br\/#website\"},\"primaryImageOfPage\":{\"@id\":\"https:\/\/jornalfatosenoticias.com.br\/index.php\/2020\/07\/24\/audi-testa-sistema-para-armazenar-energia-solar-em-carros-eletricos\/#primaryimage\"},\"image\":{\"@id\":\"https:\/\/jornalfatosenoticias.com.br\/index.php\/2020\/07\/24\/audi-testa-sistema-para-armazenar-energia-solar-em-carros-eletricos\/#primaryimage\"},\"thumbnailUrl\":\"https:\/\/jornalfatosenoticias.com.br\/wp-content\/uploads\/2020\/07\/audi_e_tron.jpg\",\"datePublished\":\"2020-07-24T17:26:19+00:00\",\"dateModified\":\"2020-07-24T17:26:25+00:00\",\"breadcrumb\":{\"@id\":\"https:\/\/jornalfatosenoticias.com.br\/index.php\/2020\/07\/24\/audi-testa-sistema-para-armazenar-energia-solar-em-carros-eletricos\/#breadcrumb\"},\"inLanguage\":\"pt-BR\",\"potentialAction\":[{\"@type\":\"ReadAction\",\"target\":[\"https:\/\/jornalfatosenoticias.com.br\/index.php\/2020\/07\/24\/audi-testa-sistema-para-armazenar-energia-solar-em-carros-eletricos\/\"]}]},{\"@type\":\"ImageObject\",\"inLanguage\":\"pt-BR\",\"@id\":\"https:\/\/jornalfatosenoticias.com.br\/index.php\/2020\/07\/24\/audi-testa-sistema-para-armazenar-energia-solar-em-carros-eletricos\/#primaryimage\",\"url\":\"https:\/\/jornalfatosenoticias.com.br\/wp-content\/uploads\/2020\/07\/audi_e_tron.jpg\",\"contentUrl\":\"https:\/\/jornalfatosenoticias.com.br\/wp-content\/uploads\/2020\/07\/audi_e_tron.jpg\",\"width\":1000,\"height\":561},{\"@type\":\"BreadcrumbList\",\"@id\":\"https:\/\/jornalfatosenoticias.com.br\/index.php\/2020\/07\/24\/audi-testa-sistema-para-armazenar-energia-solar-em-carros-eletricos\/#breadcrumb\",\"itemListElement\":[{\"@type\":\"ListItem\",\"position\":1,\"name\":\"In\u00edcio\",\"item\":\"https:\/\/jornalfatosenoticias.com.br\/\"},{\"@type\":\"ListItem\",\"position\":2,\"name\":\"Audi testa sistema para armazenar energia solar em carros el\u00e9tricos\"}]},{\"@type\":\"WebSite\",\"@id\":\"https:\/\/jornalfatosenoticias.com.br\/#website\",\"url\":\"https:\/\/jornalfatosenoticias.com.br\/\",\"name\":\"Jornal Fatos e Not\u00edcias\",\"description\":\"Not\u00edcias em geral\",\"publisher\":{\"@id\":\"https:\/\/jornalfatosenoticias.com.br\/#organization\"},\"potentialAction\":[{\"@type\":\"SearchAction\",\"target\":{\"@type\":\"EntryPoint\",\"urlTemplate\":\"https:\/\/jornalfatosenoticias.com.br\/?s={search_term_string}\"},\"query-input\":{\"@type\":\"PropertyValueSpecification\",\"valueRequired\":true,\"valueName\":\"search_term_string\"}}],\"inLanguage\":\"pt-BR\"},{\"@type\":\"Organization\",\"@id\":\"https:\/\/jornalfatosenoticias.com.br\/#organization\",\"name\":\"Jornal Fatos e Not\u00edcias\",\"url\":\"https:\/\/jornalfatosenoticias.com.br\/\",\"logo\":{\"@type\":\"ImageObject\",\"inLanguage\":\"pt-BR\",\"@id\":\"https:\/\/jornalfatosenoticias.com.br\/#\/schema\/logo\/image\/\",\"url\":\"https:\/\/jornalfatosenoticias.com.br\/wp-content\/uploads\/2020\/02\/logo120.png\",\"contentUrl\":\"https:\/\/jornalfatosenoticias.com.br\/wp-content\/uploads\/2020\/02\/logo120.png\",\"width\":1227,\"height\":120,\"caption\":\"Jornal Fatos e Not\u00edcias\"},\"image\":{\"@id\":\"https:\/\/jornalfatosenoticias.com.br\/#\/schema\/logo\/image\/\"}},{\"@type\":\"Person\",\"@id\":\"https:\/\/jornalfatosenoticias.com.br\/#\/schema\/person\/d63837fa13ac8666eb9e74e0985d6f81\",\"name\":\"Luzimara Fernandes\",\"image\":{\"@type\":\"ImageObject\",\"inLanguage\":\"pt-BR\",\"@id\":\"https:\/\/jornalfatosenoticias.com.br\/#\/schema\/person\/image\/\",\"url\":\"https:\/\/jornalfatosenoticias.com.br\/wp-content\/uploads\/2025\/05\/EU_portal.jpg\",\"contentUrl\":\"https:\/\/jornalfatosenoticias.com.br\/wp-content\/uploads\/2025\/05\/EU_portal.jpg\",\"caption\":\"Luzimara Fernandes\"},\"description\":\"Jornalista MTB 2358-ES\",\"sameAs\":[\"https:\/\/jornalfatosenoticias.com.br\"],\"url\":\"https:\/\/jornalfatosenoticias.com.br\/index.php\/author\/luzimara\/\"}]}<\/script>\n<!-- \/ Yoast SEO plugin. -->","yoast_head_json":{"title":"Audi testa sistema para armazenar energia solar em carros el\u00e9tricos - Jornal Fatos e Not\u00edcias","robots":{"index":"index","follow":"follow","max-snippet":"max-snippet:-1","max-image-preview":"max-image-preview:large","max-video-preview":"max-video-preview:-1"},"canonical":"https:\/\/jornalfatosenoticias.com.br\/index.php\/2020\/07\/24\/audi-testa-sistema-para-armazenar-energia-solar-em-carros-eletricos\/","og_locale":"pt_BR","og_type":"article","og_title":"Audi testa sistema para armazenar energia solar em carros el\u00e9tricos - Jornal Fatos e Not\u00edcias","og_description":"Ve\u00edculos poder\u00e3o funcionar como uma bateria alimentando os aparelhos de uma casa em momentos em que a energia da rede el\u00e9trica \u00e9 mais cara A Audi estabeleceu uma parceria com o Hager Group para desenvolver um novo &#8220;sistema de carga bidirecional&#8221; que permitir\u00e1 usar um carro el\u00e9trico para armazenar o &#8220;excesso&#8221; de energia solar produzida [&hellip;]","og_url":"https:\/\/jornalfatosenoticias.com.br\/index.php\/2020\/07\/24\/audi-testa-sistema-para-armazenar-energia-solar-em-carros-eletricos\/","og_site_name":"Jornal Fatos e Not\u00edcias","article_published_time":"2020-07-24T17:26:19+00:00","article_modified_time":"2020-07-24T17:26:25+00:00","og_image":[{"width":1000,"height":561,"url":"https:\/\/jornalfatosenoticias.com.br\/wp-content\/uploads\/2020\/07\/audi_e_tron.jpg","type":"image\/jpeg"}],"author":"Luzimara Fernandes","twitter_card":"summary_large_image","twitter_misc":{"Escrito por":"Luzimara Fernandes","Est. tempo de leitura":"2 minutos"},"schema":{"@context":"https:\/\/schema.org","@graph":[{"@type":"Article","@id":"https:\/\/jornalfatosenoticias.com.br\/index.php\/2020\/07\/24\/audi-testa-sistema-para-armazenar-energia-solar-em-carros-eletricos\/#article","isPartOf":{"@id":"https:\/\/jornalfatosenoticias.com.br\/index.php\/2020\/07\/24\/audi-testa-sistema-para-armazenar-energia-solar-em-carros-eletricos\/"},"author":{"name":"Luzimara Fernandes","@id":"https:\/\/jornalfatosenoticias.com.br\/#\/schema\/person\/d63837fa13ac8666eb9e74e0985d6f81"},"headline":"Audi testa sistema para armazenar energia solar em carros el\u00e9tricos","datePublished":"2020-07-24T17:26:19+00:00","dateModified":"2020-07-24T17:26:25+00:00","mainEntityOfPage":{"@id":"https:\/\/jornalfatosenoticias.com.br\/index.php\/2020\/07\/24\/audi-testa-sistema-para-armazenar-energia-solar-em-carros-eletricos\/"},"wordCount":340,"commentCount":0,"publisher":{"@id":"https:\/\/jornalfatosenoticias.com.br\/#organization"},"image":{"@id":"https:\/\/jornalfatosenoticias.com.br\/index.php\/2020\/07\/24\/audi-testa-sistema-para-armazenar-energia-solar-em-carros-eletricos\/#primaryimage"},"thumbnailUrl":"https:\/\/jornalfatosenoticias.com.br\/wp-content\/uploads\/2020\/07\/audi_e_tron.jpg","keywords":["Audi","carro el\u00e9trico","energia solar","painel solar"],"articleSection":["Tecnologia &amp; Inova\u00e7\u00e3o"],"inLanguage":"pt-BR","potentialAction":[{"@type":"CommentAction","name":"Comment","target":["https:\/\/jornalfatosenoticias.com.br\/index.php\/2020\/07\/24\/audi-testa-sistema-para-armazenar-energia-solar-em-carros-eletricos\/#respond"]}]},{"@type":"WebPage","@id":"https:\/\/jornalfatosenoticias.com.br\/index.php\/2020\/07\/24\/audi-testa-sistema-para-armazenar-energia-solar-em-carros-eletricos\/","url":"https:\/\/jornalfatosenoticias.com.br\/index.php\/2020\/07\/24\/audi-testa-sistema-para-armazenar-energia-solar-em-carros-eletricos\/","name":"Audi testa sistema para armazenar energia solar em carros el\u00e9tricos - Jornal Fatos e Not\u00edcias","isPartOf":{"@id":"https:\/\/jornalfatosenoticias.com.br\/#website"},"primaryImageOfPage":{"@id":"https:\/\/jornalfatosenoticias.com.br\/index.php\/2020\/07\/24\/audi-testa-sistema-para-armazenar-energia-solar-em-carros-eletricos\/#primaryimage"},"image":{"@id":"https:\/\/jornalfatosenoticias.com.br\/index.php\/2020\/07\/24\/audi-testa-sistema-para-armazenar-energia-solar-em-carros-eletricos\/#primaryimage"},"thumbnailUrl":"https:\/\/jornalfatosenoticias.com.br\/wp-content\/uploads\/2020\/07\/audi_e_tron.jpg","datePublished":"2020-07-24T17:26:19+00:00","dateModified":"2020-07-24T17:26:25+00:00","breadcrumb":{"@id":"https:\/\/jornalfatosenoticias.com.br\/index.php\/2020\/07\/24\/audi-testa-sistema-para-armazenar-energia-solar-em-carros-eletricos\/#breadcrumb"},"inLanguage":"pt-BR","potentialAction":[{"@type":"ReadAction","target":["https:\/\/jornalfatosenoticias.com.br\/index.php\/2020\/07\/24\/audi-testa-sistema-para-armazenar-energia-solar-em-carros-eletricos\/"]}]},{"@type":"ImageObject","inLanguage":"pt-BR","@id":"https:\/\/jornalfatosenoticias.com.br\/index.php\/2020\/07\/24\/audi-testa-sistema-para-armazenar-energia-solar-em-carros-eletricos\/#primaryimage","url":"https:\/\/jornalfatosenoticias.com.br\/wp-content\/uploads\/2020\/07\/audi_e_tron.jpg","contentUrl":"https:\/\/jornalfatosenoticias.com.br\/wp-content\/uploads\/2020\/07\/audi_e_tron.jpg","width":1000,"height":561},{"@type":"BreadcrumbList","@id":"https:\/\/jornalfatosenoticias.com.br\/index.php\/2020\/07\/24\/audi-testa-sistema-para-armazenar-energia-solar-em-carros-eletricos\/#breadcrumb","itemListElement":[{"@type":"ListItem","position":1,"name":"In\u00edcio","item":"https:\/\/jornalfatosenoticias.com.br\/"},{"@type":"ListItem","position":2,"name":"Audi testa sistema para armazenar energia solar em carros el\u00e9tricos"}]},{"@type":"WebSite","@id":"https:\/\/jornalfatosenoticias.com.br\/#website","url":"https:\/\/jornalfatosenoticias.com.br\/","name":"Jornal Fatos e Not\u00edcias","description":"Not\u00edcias em geral","publisher":{"@id":"https:\/\/jornalfatosenoticias.com.br\/#organization"},"potentialAction":[{"@type":"SearchAction","target":{"@type":"EntryPoint","urlTemplate":"https:\/\/jornalfatosenoticias.com.br\/?s={search_term_string}"},"query-input":{"@type":"PropertyValueSpecification","valueRequired":true,"valueName":"search_term_string"}}],"inLanguage":"pt-BR"},{"@type":"Organization","@id":"https:\/\/jornalfatosenoticias.com.br\/#organization","name":"Jornal Fatos e Not\u00edcias","url":"https:\/\/jornalfatosenoticias.com.br\/","logo":{"@type":"ImageObject","inLanguage":"pt-BR","@id":"https:\/\/jornalfatosenoticias.com.br\/#\/schema\/logo\/image\/","url":"https:\/\/jornalfatosenoticias.com.br\/wp-content\/uploads\/2020\/02\/logo120.png","contentUrl":"https:\/\/jornalfatosenoticias.com.br\/wp-content\/uploads\/2020\/02\/logo120.png","width":1227,"height":120,"caption":"Jornal Fatos e Not\u00edcias"},"image":{"@id":"https:\/\/jornalfatosenoticias.com.br\/#\/schema\/logo\/image\/"}},{"@type":"Person","@id":"https:\/\/jornalfatosenoticias.com.br\/#\/schema\/person\/d63837fa13ac8666eb9e74e0985d6f81","name":"Luzimara Fernandes","image":{"@type":"ImageObject","inLanguage":"pt-BR","@id":"https:\/\/jornalfatosenoticias.com.br\/#\/schema\/person\/image\/","url":"https:\/\/jornalfatosenoticias.com.br\/wp-content\/uploads\/2025\/05\/EU_portal.jpg","contentUrl":"https:\/\/jornalfatosenoticias.com.br\/wp-content\/uploads\/2025\/05\/EU_portal.jpg","caption":"Luzimara Fernandes"},"description":"Jornalista MTB 2358-ES","sameAs":["https:\/\/jornalfatosenoticias.com.br"],"url":"https:\/\/jornalfatosenoticias.com.br\/index.php\/author\/luzimara\/"}]}},"cc_featured_image_caption":{"caption_text":"Audi e-Tron (Foto: Audi)","source_text":"","source_url":""},"jetpack_featured_media_url":"https:\/\/jornalfatosenoticias.com.br\/wp-content\/uploads\/2020\/07\/audi_e_tron.jpg","_links":{"self":[{"href":"https:\/\/jornalfatosenoticias.com.br\/index.php\/wp-json\/wp\/v2\/posts\/6854","targetHints":{"allow":["GET"]}}],"collection":[{"href":"https:\/\/jornalfatosenoticias.com.br\/index.php\/wp-json\/wp\/v2\/posts"}],"about":[{"href":"https:\/\/jornalfatosenoticias.com.br\/index.php\/wp-json\/wp\/v2\/types\/post"}],"author":[{"embeddable":true,"href":"https:\/\/jornalfatosenoticias.com.br\/index.php\/wp-json\/wp\/v2\/users\/2"}],"replies":[{"embeddable":true,"href":"https:\/\/jornalfatosenoticias.com.br\/index.php\/wp-json\/wp\/v2\/comments?post=6854"}],"version-history":[{"count":0,"href":"https:\/\/jornalfatosenoticias.com.br\/index.php\/wp-json\/wp\/v2\/posts\/6854\/revisions"}],"wp:featuredmedia":[{"embeddable":true,"href":"https:\/\/jornalfatosenoticias.com.br\/index.php\/wp-json\/wp\/v2\/media\/6855"}],"wp:attachment":[{"href":"https:\/\/jornalfatosenoticias.com.br\/index.php\/wp-json\/wp\/v2\/media?parent=6854"}],"wp:term":[{"taxonomy":"category","embeddable":true,"href":"https:\/\/jornalfatosenoticias.com.br\/index.php\/wp-json\/wp\/v2\/categories?post=6854"},{"taxonomy":"post_tag","embeddable":true,"href":"https:\/\/jornalfatosenoticias.com.br\/index.php\/wp-json\/wp\/v2\/tags?post=6854"}],"curies":[{"name":"wp","href":"https:\/\/api.w.org\/{rel}","templated":true}]}}