{"id":6870,"date":"2020-07-27T10:34:11","date_gmt":"2020-07-27T13:34:11","guid":{"rendered":"https:\/\/jornalfatosenoticias.com.br\/?p=6870"},"modified":"2020-07-27T10:34:16","modified_gmt":"2020-07-27T13:34:16","slug":"tubaroes-estao-funcionalmente-extintos-em-seis-territorios-ao-redor-do-mundo","status":"publish","type":"post","link":"https:\/\/jornalfatosenoticias.com.br\/index.php\/2020\/07\/27\/tubaroes-estao-funcionalmente-extintos-em-seis-territorios-ao-redor-do-mundo\/","title":{"rendered":"Tubar\u00f5es est\u00e3o funcionalmente extintos em seis territ\u00f3rios ao redor do mundo"},"content":{"rendered":"\n<h6 class=\"wp-block-heading\"><em>Estudo indica que animais n\u00e3o est\u00e3o mais sendo vistos em recifes de diferentes continentes \u2013 e, por isso, n\u00e3o est\u00e3o mais agindo nesses ecossistemas<\/em><\/h6>\n\n\n\n<p>Uma nova pesquisa divulgada na publica\u00e7\u00e3o cient\u00edfica Nature indica que tubar\u00f5es n\u00e3o est\u00e3o mais sendo vistos em recifes marinhos de seis territ\u00f3rios ao redor do mundo \u2013 um sinal de alerta para a manuten\u00e7\u00e3o do equil\u00edbrio ecol\u00f3gico dessas regi\u00f5es.<br>Conduzido pela equipe do projeto Global FinPrint, que re\u00fane mais de 120 pesquisadores de diferentes pa\u00edses, o estudo procurou preencher uma lacuna no conhecimento que cientistas t\u00eam sobre as popula\u00e7\u00f5es de tubar\u00f5es na Terra. Como muito do que se sabe sobre o estado de conserva\u00e7\u00e3o desses animais baseia-se em n\u00fameros da pesca industrial, os pesquisadores investigaram \u00e1reas costeiras, que incluem ecossistemas de recifes.<br>Os pesquisadores instalaram mais de 15 mil c\u00e2meras submarinas em 371 recifes de 58 territ\u00f3rios para estimar a conserva\u00e7\u00e3o de tubar\u00f5es ao redor do mundo. Eles analisaram mais de 18 mil horas de v\u00eddeo ao longo de tr\u00eas anos, e acabaram percebendo que quase nenhum tubar\u00e3o foi visto em 69 dos recifes monitorados, em seis territ\u00f3rios: Rep\u00fablica Dominicana, Antilhas Francesas, Qu\u00eania, Vietn\u00e3, Antilhas Holandesas e Qatar. &#8220;Nesses locais, apenas tr\u00eas tubar\u00f5es foram observados durante mais de 800 horas de pesquisa&#8221;, revelou Colin Simpfendorfer, bi\u00f3logo marinho da Universidade James Cook, na Austr\u00e1lia, e coautor do estudo, em um comunicado.<\/p>\n\n\n\n<figure class=\"wp-block-image size-large\"><img loading=\"lazy\" decoding=\"async\" width=\"1000\" height=\"715\" src=\"https:\/\/jornalfatosenoticias.com.br\/wp-content\/uploads\/2020\/07\/kurt-cotoaga-unsplash.jpg\" alt=\"\" class=\"wp-image-6871\" srcset=\"https:\/\/jornalfatosenoticias.com.br\/wp-content\/uploads\/2020\/07\/kurt-cotoaga-unsplash.jpg 1000w, https:\/\/jornalfatosenoticias.com.br\/wp-content\/uploads\/2020\/07\/kurt-cotoaga-unsplash-300x215.jpg 300w, https:\/\/jornalfatosenoticias.com.br\/wp-content\/uploads\/2020\/07\/kurt-cotoaga-unsplash-768x549.jpg 768w\" sizes=\"auto, (max-width: 1000px) 100vw, 1000px\" \/><figcaption><em>Tubar\u00f5es t\u00eam papel fundamental no equil\u00edbrio ecol\u00f3gico dos oceanos (Foto: Kurt Cotoaga\/Unsplash)<\/em><\/figcaption><\/figure>\n\n\n\n<p>No entanto, as descobertas n\u00e3o querem dizer que tubar\u00f5es jamais apare\u00e7am por essas \u00e1reas. &#8220;O que isso significa \u00e9 que eles est\u00e3o &#8216;funcionalmente extintos&#8217; \u2013 eles n\u00e3o est\u00e3o desempenhando seu papel normal no ecossistema&#8221;, explicou Simpfendorfer.<br>Uma vez que s\u00e3o predadores naturais de diversas esp\u00e9cies marinhas, tubar\u00f5es s\u00e3o essenciais para controlar as popula\u00e7\u00f5es de animais nos oceanos. Sua extin\u00e7\u00e3o implica um grave desequil\u00edbrio ecol\u00f3gico.<br>Demian Chapman, professor do Departamento de Ci\u00eancias Biol\u00f3gicas da Universidade Internacional da Fl\u00f3rida, nos Estados Unidos, e um dos pesquisadores que lideram a Global FinPrint, acredita que o problema para o sumi\u00e7o dos tubar\u00f5es em muitos recifes seja a uni\u00e3o da alta densidade humana com a pesca destrutiva e a m\u00e1 a\u00e7\u00e3o do governo, e aponta que d\u00e1 para mudar essa situa\u00e7\u00e3o. &#8220;Descobrimos que grandes popula\u00e7\u00f5es de tubar\u00f5es podem coexistir com os humanos quando as pessoas t\u00eam vontade, recursos e um plano para agir pela conserva\u00e7\u00e3o&#8221;, considerou.<\/p>\n\n\n\n<figure class=\"wp-block-image size-large\"><img loading=\"lazy\" decoding=\"async\" width=\"1000\" height=\"645\" src=\"https:\/\/jornalfatosenoticias.com.br\/wp-content\/uploads\/2020\/07\/tubaroes-unsplash.jpg\" alt=\"\" class=\"wp-image-6872\" srcset=\"https:\/\/jornalfatosenoticias.com.br\/wp-content\/uploads\/2020\/07\/tubaroes-unsplash.jpg 1000w, https:\/\/jornalfatosenoticias.com.br\/wp-content\/uploads\/2020\/07\/tubaroes-unsplash-300x194.jpg 300w, https:\/\/jornalfatosenoticias.com.br\/wp-content\/uploads\/2020\/07\/tubaroes-unsplash-768x495.jpg 768w\" sizes=\"auto, (max-width: 1000px) 100vw, 1000px\" \/><figcaption><em>Tubar\u00e3o-touro (Foto: Chaloklum Diving\/Wikimedia Commons)<\/em><\/figcaption><\/figure>\n\n\n\n<p>Segundo os pesquisadores, Austr\u00e1lia, Estados Federados da Micron\u00e9sia e Estados Unidos est\u00e3o entre os pa\u00edses que t\u00eam adotado boas medidas para proteger as popula\u00e7\u00f5es de tubar\u00f5es, como a proibi\u00e7\u00e3o da ca\u00e7a desses animais. E ainda pode existir esperan\u00e7a para os locais em que os tubar\u00f5es est\u00e3o desaparecendo. &#8220;Os dados coletados pela primeira pesquisa mundial de tubar\u00f5es em recifes de coral podem orientar planos de conserva\u00e7\u00e3o significativos e de longo prazo para proteger os tubar\u00f5es que ainda sobrevivem&#8221;, disse Jody Allen, cofundadora da Funda\u00e7\u00e3o Paul G. Allen Family, que apoia o projeto Global FinPrint.<\/p>\n\n\n\n<p><em><strong>Fonte: <a href=\"https:\/\/revistagalileu.globo.com\/Ciencia\/Meio-Ambiente\/noticia\/2020\/07\/tubaroes-estao-funcionalmente-extintos-em-seis-territorios-ao-redor-do-mundo.html\">Revista Galileu<\/a><\/strong><\/em><\/p>\n","protected":false},"excerpt":{"rendered":"<p>Estudo indica que animais n\u00e3o est\u00e3o mais sendo vistos em recifes de diferentes continentes \u2013 e, por isso, n\u00e3o est\u00e3o mais agindo nesses ecossistemas Uma nova pesquisa divulgada na publica\u00e7\u00e3o cient\u00edfica Nature indica que tubar\u00f5es n\u00e3o est\u00e3o mais sendo vistos em recifes marinhos de seis territ\u00f3rios ao redor do mundo \u2013 um sinal de alerta [&hellip;]<\/p>\n","protected":false},"author":2,"featured_media":6873,"comment_status":"open","ping_status":"open","sticky":false,"template":"","format":"standard","meta":{"footnotes":""},"categories":[8],"tags":[1909,3972,219,3973,3971],"class_list":["post-6870","post","type-post","status-publish","format-standard","has-post-thumbnail","hentry","category-meio-ambiente","tag-ecossistemas","tag-equilibrio-ecologico","tag-extincao","tag-recifes","tag-tubaroes"],"yoast_head":"<!-- This site is optimized with the Yoast SEO plugin v26.5 - https:\/\/yoast.com\/wordpress\/plugins\/seo\/ -->\n<title>Tubar\u00f5es est\u00e3o funcionalmente extintos em seis territ\u00f3rios ao redor do mundo - Jornal Fatos e Not\u00edcias<\/title>\n<meta name=\"robots\" content=\"index, follow, max-snippet:-1, max-image-preview:large, max-video-preview:-1\" \/>\n<link rel=\"canonical\" href=\"https:\/\/jornalfatosenoticias.com.br\/index.php\/2020\/07\/27\/tubaroes-estao-funcionalmente-extintos-em-seis-territorios-ao-redor-do-mundo\/\" \/>\n<meta property=\"og:locale\" content=\"pt_BR\" \/>\n<meta property=\"og:type\" content=\"article\" \/>\n<meta property=\"og:title\" content=\"Tubar\u00f5es est\u00e3o funcionalmente extintos em seis territ\u00f3rios ao redor do mundo - Jornal Fatos e Not\u00edcias\" \/>\n<meta property=\"og:description\" content=\"Estudo indica que animais n\u00e3o est\u00e3o mais sendo vistos em recifes de diferentes continentes \u2013 e, por isso, n\u00e3o est\u00e3o mais agindo nesses ecossistemas Uma nova pesquisa divulgada na publica\u00e7\u00e3o cient\u00edfica Nature indica que tubar\u00f5es n\u00e3o est\u00e3o mais sendo vistos em recifes marinhos de seis territ\u00f3rios ao redor do mundo \u2013 um sinal de alerta [&hellip;]\" \/>\n<meta property=\"og:url\" content=\"https:\/\/jornalfatosenoticias.com.br\/index.php\/2020\/07\/27\/tubaroes-estao-funcionalmente-extintos-em-seis-territorios-ao-redor-do-mundo\/\" \/>\n<meta property=\"og:site_name\" content=\"Jornal Fatos e Not\u00edcias\" \/>\n<meta property=\"article:published_time\" content=\"2020-07-27T13:34:11+00:00\" \/>\n<meta property=\"article:modified_time\" content=\"2020-07-27T13:34:16+00:00\" \/>\n<meta property=\"og:image\" content=\"https:\/\/jornalfatosenoticias.com.br\/wp-content\/uploads\/2020\/07\/tubarao_3.jpg\" \/>\n\t<meta property=\"og:image:width\" content=\"1000\" \/>\n\t<meta property=\"og:image:height\" content=\"750\" \/>\n\t<meta property=\"og:image:type\" content=\"image\/jpeg\" \/>\n<meta name=\"author\" content=\"Luzimara Fernandes\" \/>\n<meta name=\"twitter:card\" content=\"summary_large_image\" \/>\n<meta name=\"twitter:label1\" content=\"Escrito por\" \/>\n\t<meta name=\"twitter:data1\" content=\"Luzimara Fernandes\" \/>\n\t<meta name=\"twitter:label2\" content=\"Est. tempo de leitura\" \/>\n\t<meta name=\"twitter:data2\" content=\"3 minutos\" \/>\n<script type=\"application\/ld+json\" class=\"yoast-schema-graph\">{\"@context\":\"https:\/\/schema.org\",\"@graph\":[{\"@type\":\"Article\",\"@id\":\"https:\/\/jornalfatosenoticias.com.br\/index.php\/2020\/07\/27\/tubaroes-estao-funcionalmente-extintos-em-seis-territorios-ao-redor-do-mundo\/#article\",\"isPartOf\":{\"@id\":\"https:\/\/jornalfatosenoticias.com.br\/index.php\/2020\/07\/27\/tubaroes-estao-funcionalmente-extintos-em-seis-territorios-ao-redor-do-mundo\/\"},\"author\":{\"name\":\"Luzimara Fernandes\",\"@id\":\"https:\/\/jornalfatosenoticias.com.br\/#\/schema\/person\/d63837fa13ac8666eb9e74e0985d6f81\"},\"headline\":\"Tubar\u00f5es est\u00e3o funcionalmente extintos em seis territ\u00f3rios ao redor do mundo\",\"datePublished\":\"2020-07-27T13:34:11+00:00\",\"dateModified\":\"2020-07-27T13:34:16+00:00\",\"mainEntityOfPage\":{\"@id\":\"https:\/\/jornalfatosenoticias.com.br\/index.php\/2020\/07\/27\/tubaroes-estao-funcionalmente-extintos-em-seis-territorios-ao-redor-do-mundo\/\"},\"wordCount\":575,\"commentCount\":0,\"publisher\":{\"@id\":\"https:\/\/jornalfatosenoticias.com.br\/#organization\"},\"image\":{\"@id\":\"https:\/\/jornalfatosenoticias.com.br\/index.php\/2020\/07\/27\/tubaroes-estao-funcionalmente-extintos-em-seis-territorios-ao-redor-do-mundo\/#primaryimage\"},\"thumbnailUrl\":\"https:\/\/jornalfatosenoticias.com.br\/wp-content\/uploads\/2020\/07\/tubarao_3.jpg\",\"keywords\":[\"ecossistemas\",\"equil\u00edbrio ecol\u00f3gico\",\"extin\u00e7\u00e3o\",\"recifes\",\"tubar\u00f5es\"],\"articleSection\":[\"Meio ambiente\"],\"inLanguage\":\"pt-BR\",\"potentialAction\":[{\"@type\":\"CommentAction\",\"name\":\"Comment\",\"target\":[\"https:\/\/jornalfatosenoticias.com.br\/index.php\/2020\/07\/27\/tubaroes-estao-funcionalmente-extintos-em-seis-territorios-ao-redor-do-mundo\/#respond\"]}]},{\"@type\":\"WebPage\",\"@id\":\"https:\/\/jornalfatosenoticias.com.br\/index.php\/2020\/07\/27\/tubaroes-estao-funcionalmente-extintos-em-seis-territorios-ao-redor-do-mundo\/\",\"url\":\"https:\/\/jornalfatosenoticias.com.br\/index.php\/2020\/07\/27\/tubaroes-estao-funcionalmente-extintos-em-seis-territorios-ao-redor-do-mundo\/\",\"name\":\"Tubar\u00f5es est\u00e3o funcionalmente extintos em seis territ\u00f3rios ao redor do mundo - Jornal Fatos e Not\u00edcias\",\"isPartOf\":{\"@id\":\"https:\/\/jornalfatosenoticias.com.br\/#website\"},\"primaryImageOfPage\":{\"@id\":\"https:\/\/jornalfatosenoticias.com.br\/index.php\/2020\/07\/27\/tubaroes-estao-funcionalmente-extintos-em-seis-territorios-ao-redor-do-mundo\/#primaryimage\"},\"image\":{\"@id\":\"https:\/\/jornalfatosenoticias.com.br\/index.php\/2020\/07\/27\/tubaroes-estao-funcionalmente-extintos-em-seis-territorios-ao-redor-do-mundo\/#primaryimage\"},\"thumbnailUrl\":\"https:\/\/jornalfatosenoticias.com.br\/wp-content\/uploads\/2020\/07\/tubarao_3.jpg\",\"datePublished\":\"2020-07-27T13:34:11+00:00\",\"dateModified\":\"2020-07-27T13:34:16+00:00\",\"breadcrumb\":{\"@id\":\"https:\/\/jornalfatosenoticias.com.br\/index.php\/2020\/07\/27\/tubaroes-estao-funcionalmente-extintos-em-seis-territorios-ao-redor-do-mundo\/#breadcrumb\"},\"inLanguage\":\"pt-BR\",\"potentialAction\":[{\"@type\":\"ReadAction\",\"target\":[\"https:\/\/jornalfatosenoticias.com.br\/index.php\/2020\/07\/27\/tubaroes-estao-funcionalmente-extintos-em-seis-territorios-ao-redor-do-mundo\/\"]}]},{\"@type\":\"ImageObject\",\"inLanguage\":\"pt-BR\",\"@id\":\"https:\/\/jornalfatosenoticias.com.br\/index.php\/2020\/07\/27\/tubaroes-estao-funcionalmente-extintos-em-seis-territorios-ao-redor-do-mundo\/#primaryimage\",\"url\":\"https:\/\/jornalfatosenoticias.com.br\/wp-content\/uploads\/2020\/07\/tubarao_3.jpg\",\"contentUrl\":\"https:\/\/jornalfatosenoticias.com.br\/wp-content\/uploads\/2020\/07\/tubarao_3.jpg\",\"width\":1000,\"height\":750},{\"@type\":\"BreadcrumbList\",\"@id\":\"https:\/\/jornalfatosenoticias.com.br\/index.php\/2020\/07\/27\/tubaroes-estao-funcionalmente-extintos-em-seis-territorios-ao-redor-do-mundo\/#breadcrumb\",\"itemListElement\":[{\"@type\":\"ListItem\",\"position\":1,\"name\":\"In\u00edcio\",\"item\":\"https:\/\/jornalfatosenoticias.com.br\/\"},{\"@type\":\"ListItem\",\"position\":2,\"name\":\"Tubar\u00f5es est\u00e3o funcionalmente extintos em seis territ\u00f3rios ao redor do mundo\"}]},{\"@type\":\"WebSite\",\"@id\":\"https:\/\/jornalfatosenoticias.com.br\/#website\",\"url\":\"https:\/\/jornalfatosenoticias.com.br\/\",\"name\":\"Jornal Fatos e Not\u00edcias\",\"description\":\"Not\u00edcias em geral\",\"publisher\":{\"@id\":\"https:\/\/jornalfatosenoticias.com.br\/#organization\"},\"potentialAction\":[{\"@type\":\"SearchAction\",\"target\":{\"@type\":\"EntryPoint\",\"urlTemplate\":\"https:\/\/jornalfatosenoticias.com.br\/?s={search_term_string}\"},\"query-input\":{\"@type\":\"PropertyValueSpecification\",\"valueRequired\":true,\"valueName\":\"search_term_string\"}}],\"inLanguage\":\"pt-BR\"},{\"@type\":\"Organization\",\"@id\":\"https:\/\/jornalfatosenoticias.com.br\/#organization\",\"name\":\"Jornal Fatos e Not\u00edcias\",\"url\":\"https:\/\/jornalfatosenoticias.com.br\/\",\"logo\":{\"@type\":\"ImageObject\",\"inLanguage\":\"pt-BR\",\"@id\":\"https:\/\/jornalfatosenoticias.com.br\/#\/schema\/logo\/image\/\",\"url\":\"https:\/\/jornalfatosenoticias.com.br\/wp-content\/uploads\/2020\/02\/logo120.png\",\"contentUrl\":\"https:\/\/jornalfatosenoticias.com.br\/wp-content\/uploads\/2020\/02\/logo120.png\",\"width\":1227,\"height\":120,\"caption\":\"Jornal Fatos e Not\u00edcias\"},\"image\":{\"@id\":\"https:\/\/jornalfatosenoticias.com.br\/#\/schema\/logo\/image\/\"}},{\"@type\":\"Person\",\"@id\":\"https:\/\/jornalfatosenoticias.com.br\/#\/schema\/person\/d63837fa13ac8666eb9e74e0985d6f81\",\"name\":\"Luzimara Fernandes\",\"image\":{\"@type\":\"ImageObject\",\"inLanguage\":\"pt-BR\",\"@id\":\"https:\/\/jornalfatosenoticias.com.br\/#\/schema\/person\/image\/\",\"url\":\"https:\/\/jornalfatosenoticias.com.br\/wp-content\/uploads\/2025\/05\/EU_portal.jpg\",\"contentUrl\":\"https:\/\/jornalfatosenoticias.com.br\/wp-content\/uploads\/2025\/05\/EU_portal.jpg\",\"caption\":\"Luzimara Fernandes\"},\"description\":\"Jornalista MTB 2358-ES\",\"sameAs\":[\"https:\/\/jornalfatosenoticias.com.br\"],\"url\":\"https:\/\/jornalfatosenoticias.com.br\/index.php\/author\/luzimara\/\"}]}<\/script>\n<!-- \/ Yoast SEO plugin. -->","yoast_head_json":{"title":"Tubar\u00f5es est\u00e3o funcionalmente extintos em seis territ\u00f3rios ao redor do mundo - Jornal Fatos e Not\u00edcias","robots":{"index":"index","follow":"follow","max-snippet":"max-snippet:-1","max-image-preview":"max-image-preview:large","max-video-preview":"max-video-preview:-1"},"canonical":"https:\/\/jornalfatosenoticias.com.br\/index.php\/2020\/07\/27\/tubaroes-estao-funcionalmente-extintos-em-seis-territorios-ao-redor-do-mundo\/","og_locale":"pt_BR","og_type":"article","og_title":"Tubar\u00f5es est\u00e3o funcionalmente extintos em seis territ\u00f3rios ao redor do mundo - Jornal Fatos e Not\u00edcias","og_description":"Estudo indica que animais n\u00e3o est\u00e3o mais sendo vistos em recifes de diferentes continentes \u2013 e, por isso, n\u00e3o est\u00e3o mais agindo nesses ecossistemas Uma nova pesquisa divulgada na publica\u00e7\u00e3o cient\u00edfica Nature indica que tubar\u00f5es n\u00e3o est\u00e3o mais sendo vistos em recifes marinhos de seis territ\u00f3rios ao redor do mundo \u2013 um sinal de alerta [&hellip;]","og_url":"https:\/\/jornalfatosenoticias.com.br\/index.php\/2020\/07\/27\/tubaroes-estao-funcionalmente-extintos-em-seis-territorios-ao-redor-do-mundo\/","og_site_name":"Jornal Fatos e Not\u00edcias","article_published_time":"2020-07-27T13:34:11+00:00","article_modified_time":"2020-07-27T13:34:16+00:00","og_image":[{"width":1000,"height":750,"url":"https:\/\/jornalfatosenoticias.com.br\/wp-content\/uploads\/2020\/07\/tubarao_3.jpg","type":"image\/jpeg"}],"author":"Luzimara Fernandes","twitter_card":"summary_large_image","twitter_misc":{"Escrito por":"Luzimara Fernandes","Est. tempo de leitura":"3 minutos"},"schema":{"@context":"https:\/\/schema.org","@graph":[{"@type":"Article","@id":"https:\/\/jornalfatosenoticias.com.br\/index.php\/2020\/07\/27\/tubaroes-estao-funcionalmente-extintos-em-seis-territorios-ao-redor-do-mundo\/#article","isPartOf":{"@id":"https:\/\/jornalfatosenoticias.com.br\/index.php\/2020\/07\/27\/tubaroes-estao-funcionalmente-extintos-em-seis-territorios-ao-redor-do-mundo\/"},"author":{"name":"Luzimara Fernandes","@id":"https:\/\/jornalfatosenoticias.com.br\/#\/schema\/person\/d63837fa13ac8666eb9e74e0985d6f81"},"headline":"Tubar\u00f5es est\u00e3o funcionalmente extintos em seis territ\u00f3rios ao redor do mundo","datePublished":"2020-07-27T13:34:11+00:00","dateModified":"2020-07-27T13:34:16+00:00","mainEntityOfPage":{"@id":"https:\/\/jornalfatosenoticias.com.br\/index.php\/2020\/07\/27\/tubaroes-estao-funcionalmente-extintos-em-seis-territorios-ao-redor-do-mundo\/"},"wordCount":575,"commentCount":0,"publisher":{"@id":"https:\/\/jornalfatosenoticias.com.br\/#organization"},"image":{"@id":"https:\/\/jornalfatosenoticias.com.br\/index.php\/2020\/07\/27\/tubaroes-estao-funcionalmente-extintos-em-seis-territorios-ao-redor-do-mundo\/#primaryimage"},"thumbnailUrl":"https:\/\/jornalfatosenoticias.com.br\/wp-content\/uploads\/2020\/07\/tubarao_3.jpg","keywords":["ecossistemas","equil\u00edbrio ecol\u00f3gico","extin\u00e7\u00e3o","recifes","tubar\u00f5es"],"articleSection":["Meio ambiente"],"inLanguage":"pt-BR","potentialAction":[{"@type":"CommentAction","name":"Comment","target":["https:\/\/jornalfatosenoticias.com.br\/index.php\/2020\/07\/27\/tubaroes-estao-funcionalmente-extintos-em-seis-territorios-ao-redor-do-mundo\/#respond"]}]},{"@type":"WebPage","@id":"https:\/\/jornalfatosenoticias.com.br\/index.php\/2020\/07\/27\/tubaroes-estao-funcionalmente-extintos-em-seis-territorios-ao-redor-do-mundo\/","url":"https:\/\/jornalfatosenoticias.com.br\/index.php\/2020\/07\/27\/tubaroes-estao-funcionalmente-extintos-em-seis-territorios-ao-redor-do-mundo\/","name":"Tubar\u00f5es est\u00e3o funcionalmente extintos em seis territ\u00f3rios ao redor do mundo - Jornal Fatos e Not\u00edcias","isPartOf":{"@id":"https:\/\/jornalfatosenoticias.com.br\/#website"},"primaryImageOfPage":{"@id":"https:\/\/jornalfatosenoticias.com.br\/index.php\/2020\/07\/27\/tubaroes-estao-funcionalmente-extintos-em-seis-territorios-ao-redor-do-mundo\/#primaryimage"},"image":{"@id":"https:\/\/jornalfatosenoticias.com.br\/index.php\/2020\/07\/27\/tubaroes-estao-funcionalmente-extintos-em-seis-territorios-ao-redor-do-mundo\/#primaryimage"},"thumbnailUrl":"https:\/\/jornalfatosenoticias.com.br\/wp-content\/uploads\/2020\/07\/tubarao_3.jpg","datePublished":"2020-07-27T13:34:11+00:00","dateModified":"2020-07-27T13:34:16+00:00","breadcrumb":{"@id":"https:\/\/jornalfatosenoticias.com.br\/index.php\/2020\/07\/27\/tubaroes-estao-funcionalmente-extintos-em-seis-territorios-ao-redor-do-mundo\/#breadcrumb"},"inLanguage":"pt-BR","potentialAction":[{"@type":"ReadAction","target":["https:\/\/jornalfatosenoticias.com.br\/index.php\/2020\/07\/27\/tubaroes-estao-funcionalmente-extintos-em-seis-territorios-ao-redor-do-mundo\/"]}]},{"@type":"ImageObject","inLanguage":"pt-BR","@id":"https:\/\/jornalfatosenoticias.com.br\/index.php\/2020\/07\/27\/tubaroes-estao-funcionalmente-extintos-em-seis-territorios-ao-redor-do-mundo\/#primaryimage","url":"https:\/\/jornalfatosenoticias.com.br\/wp-content\/uploads\/2020\/07\/tubarao_3.jpg","contentUrl":"https:\/\/jornalfatosenoticias.com.br\/wp-content\/uploads\/2020\/07\/tubarao_3.jpg","width":1000,"height":750},{"@type":"BreadcrumbList","@id":"https:\/\/jornalfatosenoticias.com.br\/index.php\/2020\/07\/27\/tubaroes-estao-funcionalmente-extintos-em-seis-territorios-ao-redor-do-mundo\/#breadcrumb","itemListElement":[{"@type":"ListItem","position":1,"name":"In\u00edcio","item":"https:\/\/jornalfatosenoticias.com.br\/"},{"@type":"ListItem","position":2,"name":"Tubar\u00f5es est\u00e3o funcionalmente extintos em seis territ\u00f3rios ao redor do mundo"}]},{"@type":"WebSite","@id":"https:\/\/jornalfatosenoticias.com.br\/#website","url":"https:\/\/jornalfatosenoticias.com.br\/","name":"Jornal Fatos e Not\u00edcias","description":"Not\u00edcias em geral","publisher":{"@id":"https:\/\/jornalfatosenoticias.com.br\/#organization"},"potentialAction":[{"@type":"SearchAction","target":{"@type":"EntryPoint","urlTemplate":"https:\/\/jornalfatosenoticias.com.br\/?s={search_term_string}"},"query-input":{"@type":"PropertyValueSpecification","valueRequired":true,"valueName":"search_term_string"}}],"inLanguage":"pt-BR"},{"@type":"Organization","@id":"https:\/\/jornalfatosenoticias.com.br\/#organization","name":"Jornal Fatos e Not\u00edcias","url":"https:\/\/jornalfatosenoticias.com.br\/","logo":{"@type":"ImageObject","inLanguage":"pt-BR","@id":"https:\/\/jornalfatosenoticias.com.br\/#\/schema\/logo\/image\/","url":"https:\/\/jornalfatosenoticias.com.br\/wp-content\/uploads\/2020\/02\/logo120.png","contentUrl":"https:\/\/jornalfatosenoticias.com.br\/wp-content\/uploads\/2020\/02\/logo120.png","width":1227,"height":120,"caption":"Jornal Fatos e Not\u00edcias"},"image":{"@id":"https:\/\/jornalfatosenoticias.com.br\/#\/schema\/logo\/image\/"}},{"@type":"Person","@id":"https:\/\/jornalfatosenoticias.com.br\/#\/schema\/person\/d63837fa13ac8666eb9e74e0985d6f81","name":"Luzimara Fernandes","image":{"@type":"ImageObject","inLanguage":"pt-BR","@id":"https:\/\/jornalfatosenoticias.com.br\/#\/schema\/person\/image\/","url":"https:\/\/jornalfatosenoticias.com.br\/wp-content\/uploads\/2025\/05\/EU_portal.jpg","contentUrl":"https:\/\/jornalfatosenoticias.com.br\/wp-content\/uploads\/2025\/05\/EU_portal.jpg","caption":"Luzimara Fernandes"},"description":"Jornalista MTB 2358-ES","sameAs":["https:\/\/jornalfatosenoticias.com.br"],"url":"https:\/\/jornalfatosenoticias.com.br\/index.php\/author\/luzimara\/"}]}},"cc_featured_image_caption":{"caption_text":"(Foto: Gerald Sch\u00f6mbs\/Unsplash)","source_text":"","source_url":""},"jetpack_featured_media_url":"https:\/\/jornalfatosenoticias.com.br\/wp-content\/uploads\/2020\/07\/tubarao_3.jpg","_links":{"self":[{"href":"https:\/\/jornalfatosenoticias.com.br\/index.php\/wp-json\/wp\/v2\/posts\/6870","targetHints":{"allow":["GET"]}}],"collection":[{"href":"https:\/\/jornalfatosenoticias.com.br\/index.php\/wp-json\/wp\/v2\/posts"}],"about":[{"href":"https:\/\/jornalfatosenoticias.com.br\/index.php\/wp-json\/wp\/v2\/types\/post"}],"author":[{"embeddable":true,"href":"https:\/\/jornalfatosenoticias.com.br\/index.php\/wp-json\/wp\/v2\/users\/2"}],"replies":[{"embeddable":true,"href":"https:\/\/jornalfatosenoticias.com.br\/index.php\/wp-json\/wp\/v2\/comments?post=6870"}],"version-history":[{"count":0,"href":"https:\/\/jornalfatosenoticias.com.br\/index.php\/wp-json\/wp\/v2\/posts\/6870\/revisions"}],"wp:featuredmedia":[{"embeddable":true,"href":"https:\/\/jornalfatosenoticias.com.br\/index.php\/wp-json\/wp\/v2\/media\/6873"}],"wp:attachment":[{"href":"https:\/\/jornalfatosenoticias.com.br\/index.php\/wp-json\/wp\/v2\/media?parent=6870"}],"wp:term":[{"taxonomy":"category","embeddable":true,"href":"https:\/\/jornalfatosenoticias.com.br\/index.php\/wp-json\/wp\/v2\/categories?post=6870"},{"taxonomy":"post_tag","embeddable":true,"href":"https:\/\/jornalfatosenoticias.com.br\/index.php\/wp-json\/wp\/v2\/tags?post=6870"}],"curies":[{"name":"wp","href":"https:\/\/api.w.org\/{rel}","templated":true}]}}