{"id":6898,"date":"2020-07-27T12:21:39","date_gmt":"2020-07-27T15:21:39","guid":{"rendered":"https:\/\/jornalfatosenoticias.com.br\/?p=6898"},"modified":"2020-07-27T12:21:43","modified_gmt":"2020-07-27T15:21:43","slug":"temperatura-no-sudeste-do-brasil-aumentou-devido-a-gases-estufa","status":"publish","type":"post","link":"https:\/\/jornalfatosenoticias.com.br\/index.php\/2020\/07\/27\/temperatura-no-sudeste-do-brasil-aumentou-devido-a-gases-estufa\/","title":{"rendered":"Temperatura no Sudeste do Brasil aumentou devido a gases estufa"},"content":{"rendered":"\n<h6 class=\"wp-block-heading\"><em>Estudo in\u00e9dito na Am\u00e9rica do Sul explica aumento de 1,1\u00b0C em nove anos<\/em><\/h6>\n\n\n\n<p>Um estudo realizado no Instituto de Astronomia, Geof\u00edsica e Ci\u00eancias Atmosf\u00e9ricas (IAG) da USP constatou que houve um aumento de 1,1\u00ba Celsius (C) na temperatura do Sudeste do Brasil entre os anos de 1995 e 2004 causado dominantemente pelos gases de efeito estufa.<br>A pesquisa traz como novidade a an\u00e1lise de varia\u00e7\u00e3o da temperatura de um local espec\u00edfico do mundo, neste caso o Sudeste brasileiro. As medi\u00e7\u00f5es de temperatura feitas por \u00f3rg\u00e3os internacionais calculam um valor para o mundo todo, por\u00e9m regionalmente\/localmente esse n\u00famero pode ser diferente. O estudo \u00e9 in\u00e9dito na Am\u00e9rica do Sul, e os resultados foram publicados na revista cient\u00edfica Cartas de Pesquisa Geof\u00edsica.<br>De acordo com o professor Humberto Ribeiro da Rocha, orientador da pesquisa de doutorado, \u201cos resultados v\u00eam para corroborar que as mudan\u00e7as clim\u00e1ticas est\u00e3o em andamento, a despeito do momento atual ainda suscitar d\u00favidas sobre isso e de v\u00e1rios brasileiros questionarem at\u00e9 hoje\u201d.<br>O aumento da temperatura no Sudeste foi atribu\u00eddo aos gases de efeito estufa emitidos pelo ser humano predominantemente. Esse resultado teve origem na an\u00e1lise de 34 modelos atrav\u00e9s de um m\u00e9todo estat\u00edstico. De acordo com Rocha, os modelos utilizados foram os mesmos usados pelo Painel Intergovernamental sobre Mudan\u00e7as Clim\u00e1ticas (IPCC, sigla em ingl\u00eas) para an\u00e1lises globais\/continentais.<br>Rafael Ces\u00e1rio de Abreu, formado em Meteorologia pelo IAG e autor da pesquisa, explica que foram feitas simula\u00e7\u00f5es da temperatura do Sudeste entre 1995 e 2004 levando-se em conta apenas o efeito de tr\u00eas for\u00e7antes, separadamente, sendo elas: causas naturais, efeito estufa antropog\u00eanico (causado pelo ser humano) e outros aeross\u00f3is.<br>A partir da metodologia estat\u00edstica, as temperaturas geradas pelas simula\u00e7\u00f5es foram comparadas \u00e0s medi\u00e7\u00f5es de temperatura feitas no Sudeste, obtidas por meio de uma m\u00e9dia entre v\u00e1rias esta\u00e7\u00f5es de medi\u00e7\u00e3o. Dentre as tr\u00eas tend\u00eancias, a varia\u00e7\u00e3o de temperatura causada predominantemente pelo efeito estufa antropog\u00eanico foi a que mais se aproximou da varia\u00e7\u00e3o observada no Sudeste.<br>De acordo com Abreu, \u00e9 poss\u00edvel observar no globo inteiro o aumento de temperatura em fun\u00e7\u00e3o dos gases estufa, entretanto, com este estudo, tamb\u00e9m \u00e9 poss\u00edvel enxergar que esse efeito \u00e9 muito significativo em pequenas regi\u00f5es, como \u00e9 o caso do Sudeste. \u201cEsse aumento \u00e9 cada vez mais observado em escalas mais localizadas e isso \u00e9 bem importante para a atividade humana\u201d, explica.<br>De acordo com o orientador da pesquisa, existem outros fatores locais que impactam a temperatura. \u201cA urbaniza\u00e7\u00e3o \u00e9 um forte vetor de aquecimento que ajuda a amplificar esse aumento de temperatura, al\u00e9m do desmatamento\u201d, exemplifica.<br>Como perspectiva futura, o pesquisador conta que tem como objetivo fazer uma an\u00e1lise dos efeitos locais como a mudan\u00e7a no uso do solo e a urbaniza\u00e7\u00e3o. Houve, ao longo de d\u00e9cadas, uma expans\u00e3o urbana em S\u00e3o Paulo e outras metr\u00f3poles no Sudeste, e uma grande mudan\u00e7a na forma como o solo \u00e9 utilizado. Al\u00e9m disso, florestas foram transformadas em \u00e1reas agricult\u00e1veis, por exemplo. Todos esses fatores locais influenciam a varia\u00e7\u00f5es de temperatura.<br>\u201cChegamos a um n\u00famero relacionado ao efeito estufa, mas n\u00e3o conseguimos atribuir direito essa variabilidade que \u00e9 um pouco mais localizada. Queremos tentar separar essas outras for\u00e7antes para ver suas contribui\u00e7\u00f5es\u201d, comenta Abreu.<br>Rocha ainda complementa explicando que esses efeitos locais, geralmente, n\u00e3o s\u00e3o capturados pelos modelos do IPCC, que fazem simula\u00e7\u00f5es de maneira global.<\/p>\n\n\n\n<p><strong><em>Fonte: <a href=\"https:\/\/ciclovivo.com.br\/planeta\/crise-climatica\/temperatura-no-sudeste-gases-estufa\/\">CicloVivo<\/a><\/em><\/strong><\/p>\n","protected":false},"excerpt":{"rendered":"<p>Estudo in\u00e9dito na Am\u00e9rica do Sul explica aumento de 1,1\u00b0C em nove anos Um estudo realizado no Instituto de Astronomia, Geof\u00edsica e Ci\u00eancias Atmosf\u00e9ricas (IAG) da USP constatou que houve um aumento de 1,1\u00ba Celsius (C) na temperatura do Sudeste do Brasil entre os anos de 1995 e 2004 causado dominantemente pelos gases de efeito [&hellip;]<\/p>\n","protected":false},"author":2,"featured_media":6899,"comment_status":"open","ping_status":"open","sticky":false,"template":"","format":"standard","meta":{"footnotes":""},"categories":[8],"tags":[1844,3994,1180],"class_list":["post-6898","post","type-post","status-publish","format-standard","has-post-thumbnail","hentry","category-meio-ambiente","tag-desmatamento","tag-gases-estufa","tag-temperatura"],"yoast_head":"<!-- This site is optimized with the Yoast SEO plugin v26.5 - https:\/\/yoast.com\/wordpress\/plugins\/seo\/ -->\n<title>Temperatura no Sudeste do Brasil aumentou devido a gases estufa - Jornal Fatos e Not\u00edcias<\/title>\n<meta name=\"robots\" content=\"index, follow, max-snippet:-1, max-image-preview:large, max-video-preview:-1\" \/>\n<link rel=\"canonical\" href=\"https:\/\/jornalfatosenoticias.com.br\/index.php\/2020\/07\/27\/temperatura-no-sudeste-do-brasil-aumentou-devido-a-gases-estufa\/\" \/>\n<meta property=\"og:locale\" content=\"pt_BR\" \/>\n<meta property=\"og:type\" content=\"article\" \/>\n<meta property=\"og:title\" content=\"Temperatura no Sudeste do Brasil aumentou devido a gases estufa - Jornal Fatos e Not\u00edcias\" \/>\n<meta property=\"og:description\" content=\"Estudo in\u00e9dito na Am\u00e9rica do Sul explica aumento de 1,1\u00b0C em nove anos Um estudo realizado no Instituto de Astronomia, Geof\u00edsica e Ci\u00eancias Atmosf\u00e9ricas (IAG) da USP constatou que houve um aumento de 1,1\u00ba Celsius (C) na temperatura do Sudeste do Brasil entre os anos de 1995 e 2004 causado dominantemente pelos gases de efeito [&hellip;]\" \/>\n<meta property=\"og:url\" content=\"https:\/\/jornalfatosenoticias.com.br\/index.php\/2020\/07\/27\/temperatura-no-sudeste-do-brasil-aumentou-devido-a-gases-estufa\/\" \/>\n<meta property=\"og:site_name\" content=\"Jornal Fatos e Not\u00edcias\" \/>\n<meta property=\"article:published_time\" content=\"2020-07-27T15:21:39+00:00\" \/>\n<meta property=\"article:modified_time\" content=\"2020-07-27T15:21:43+00:00\" \/>\n<meta property=\"og:image\" content=\"https:\/\/jornalfatosenoticias.com.br\/wp-content\/uploads\/2020\/07\/aumento-temperatura-sudeste.jpg\" \/>\n\t<meta property=\"og:image:width\" content=\"1000\" \/>\n\t<meta property=\"og:image:height\" content=\"666\" \/>\n\t<meta property=\"og:image:type\" content=\"image\/jpeg\" \/>\n<meta name=\"author\" content=\"Luzimara Fernandes\" \/>\n<meta name=\"twitter:card\" content=\"summary_large_image\" \/>\n<meta name=\"twitter:label1\" content=\"Escrito por\" \/>\n\t<meta name=\"twitter:data1\" content=\"Luzimara Fernandes\" \/>\n\t<meta name=\"twitter:label2\" content=\"Est. tempo de leitura\" \/>\n\t<meta name=\"twitter:data2\" content=\"3 minutos\" \/>\n<script type=\"application\/ld+json\" class=\"yoast-schema-graph\">{\"@context\":\"https:\/\/schema.org\",\"@graph\":[{\"@type\":\"Article\",\"@id\":\"https:\/\/jornalfatosenoticias.com.br\/index.php\/2020\/07\/27\/temperatura-no-sudeste-do-brasil-aumentou-devido-a-gases-estufa\/#article\",\"isPartOf\":{\"@id\":\"https:\/\/jornalfatosenoticias.com.br\/index.php\/2020\/07\/27\/temperatura-no-sudeste-do-brasil-aumentou-devido-a-gases-estufa\/\"},\"author\":{\"name\":\"Luzimara Fernandes\",\"@id\":\"https:\/\/jornalfatosenoticias.com.br\/#\/schema\/person\/d63837fa13ac8666eb9e74e0985d6f81\"},\"headline\":\"Temperatura no Sudeste do Brasil aumentou devido a gases estufa\",\"datePublished\":\"2020-07-27T15:21:39+00:00\",\"dateModified\":\"2020-07-27T15:21:43+00:00\",\"mainEntityOfPage\":{\"@id\":\"https:\/\/jornalfatosenoticias.com.br\/index.php\/2020\/07\/27\/temperatura-no-sudeste-do-brasil-aumentou-devido-a-gases-estufa\/\"},\"wordCount\":621,\"commentCount\":0,\"publisher\":{\"@id\":\"https:\/\/jornalfatosenoticias.com.br\/#organization\"},\"image\":{\"@id\":\"https:\/\/jornalfatosenoticias.com.br\/index.php\/2020\/07\/27\/temperatura-no-sudeste-do-brasil-aumentou-devido-a-gases-estufa\/#primaryimage\"},\"thumbnailUrl\":\"https:\/\/jornalfatosenoticias.com.br\/wp-content\/uploads\/2020\/07\/aumento-temperatura-sudeste.jpg\",\"keywords\":[\"desmatamento\",\"gases estufa\",\"temperatura\"],\"articleSection\":[\"Meio ambiente\"],\"inLanguage\":\"pt-BR\",\"potentialAction\":[{\"@type\":\"CommentAction\",\"name\":\"Comment\",\"target\":[\"https:\/\/jornalfatosenoticias.com.br\/index.php\/2020\/07\/27\/temperatura-no-sudeste-do-brasil-aumentou-devido-a-gases-estufa\/#respond\"]}]},{\"@type\":\"WebPage\",\"@id\":\"https:\/\/jornalfatosenoticias.com.br\/index.php\/2020\/07\/27\/temperatura-no-sudeste-do-brasil-aumentou-devido-a-gases-estufa\/\",\"url\":\"https:\/\/jornalfatosenoticias.com.br\/index.php\/2020\/07\/27\/temperatura-no-sudeste-do-brasil-aumentou-devido-a-gases-estufa\/\",\"name\":\"Temperatura no Sudeste do Brasil aumentou devido a gases estufa - Jornal Fatos e Not\u00edcias\",\"isPartOf\":{\"@id\":\"https:\/\/jornalfatosenoticias.com.br\/#website\"},\"primaryImageOfPage\":{\"@id\":\"https:\/\/jornalfatosenoticias.com.br\/index.php\/2020\/07\/27\/temperatura-no-sudeste-do-brasil-aumentou-devido-a-gases-estufa\/#primaryimage\"},\"image\":{\"@id\":\"https:\/\/jornalfatosenoticias.com.br\/index.php\/2020\/07\/27\/temperatura-no-sudeste-do-brasil-aumentou-devido-a-gases-estufa\/#primaryimage\"},\"thumbnailUrl\":\"https:\/\/jornalfatosenoticias.com.br\/wp-content\/uploads\/2020\/07\/aumento-temperatura-sudeste.jpg\",\"datePublished\":\"2020-07-27T15:21:39+00:00\",\"dateModified\":\"2020-07-27T15:21:43+00:00\",\"breadcrumb\":{\"@id\":\"https:\/\/jornalfatosenoticias.com.br\/index.php\/2020\/07\/27\/temperatura-no-sudeste-do-brasil-aumentou-devido-a-gases-estufa\/#breadcrumb\"},\"inLanguage\":\"pt-BR\",\"potentialAction\":[{\"@type\":\"ReadAction\",\"target\":[\"https:\/\/jornalfatosenoticias.com.br\/index.php\/2020\/07\/27\/temperatura-no-sudeste-do-brasil-aumentou-devido-a-gases-estufa\/\"]}]},{\"@type\":\"ImageObject\",\"inLanguage\":\"pt-BR\",\"@id\":\"https:\/\/jornalfatosenoticias.com.br\/index.php\/2020\/07\/27\/temperatura-no-sudeste-do-brasil-aumentou-devido-a-gases-estufa\/#primaryimage\",\"url\":\"https:\/\/jornalfatosenoticias.com.br\/wp-content\/uploads\/2020\/07\/aumento-temperatura-sudeste.jpg\",\"contentUrl\":\"https:\/\/jornalfatosenoticias.com.br\/wp-content\/uploads\/2020\/07\/aumento-temperatura-sudeste.jpg\",\"width\":1000,\"height\":666},{\"@type\":\"BreadcrumbList\",\"@id\":\"https:\/\/jornalfatosenoticias.com.br\/index.php\/2020\/07\/27\/temperatura-no-sudeste-do-brasil-aumentou-devido-a-gases-estufa\/#breadcrumb\",\"itemListElement\":[{\"@type\":\"ListItem\",\"position\":1,\"name\":\"In\u00edcio\",\"item\":\"https:\/\/jornalfatosenoticias.com.br\/\"},{\"@type\":\"ListItem\",\"position\":2,\"name\":\"Temperatura no Sudeste do Brasil aumentou devido a gases estufa\"}]},{\"@type\":\"WebSite\",\"@id\":\"https:\/\/jornalfatosenoticias.com.br\/#website\",\"url\":\"https:\/\/jornalfatosenoticias.com.br\/\",\"name\":\"Jornal Fatos e Not\u00edcias\",\"description\":\"Not\u00edcias em geral\",\"publisher\":{\"@id\":\"https:\/\/jornalfatosenoticias.com.br\/#organization\"},\"potentialAction\":[{\"@type\":\"SearchAction\",\"target\":{\"@type\":\"EntryPoint\",\"urlTemplate\":\"https:\/\/jornalfatosenoticias.com.br\/?s={search_term_string}\"},\"query-input\":{\"@type\":\"PropertyValueSpecification\",\"valueRequired\":true,\"valueName\":\"search_term_string\"}}],\"inLanguage\":\"pt-BR\"},{\"@type\":\"Organization\",\"@id\":\"https:\/\/jornalfatosenoticias.com.br\/#organization\",\"name\":\"Jornal Fatos e Not\u00edcias\",\"url\":\"https:\/\/jornalfatosenoticias.com.br\/\",\"logo\":{\"@type\":\"ImageObject\",\"inLanguage\":\"pt-BR\",\"@id\":\"https:\/\/jornalfatosenoticias.com.br\/#\/schema\/logo\/image\/\",\"url\":\"https:\/\/jornalfatosenoticias.com.br\/wp-content\/uploads\/2020\/02\/logo120.png\",\"contentUrl\":\"https:\/\/jornalfatosenoticias.com.br\/wp-content\/uploads\/2020\/02\/logo120.png\",\"width\":1227,\"height\":120,\"caption\":\"Jornal Fatos e Not\u00edcias\"},\"image\":{\"@id\":\"https:\/\/jornalfatosenoticias.com.br\/#\/schema\/logo\/image\/\"}},{\"@type\":\"Person\",\"@id\":\"https:\/\/jornalfatosenoticias.com.br\/#\/schema\/person\/d63837fa13ac8666eb9e74e0985d6f81\",\"name\":\"Luzimara Fernandes\",\"image\":{\"@type\":\"ImageObject\",\"inLanguage\":\"pt-BR\",\"@id\":\"https:\/\/jornalfatosenoticias.com.br\/#\/schema\/person\/image\/\",\"url\":\"https:\/\/jornalfatosenoticias.com.br\/wp-content\/uploads\/2025\/05\/EU_portal.jpg\",\"contentUrl\":\"https:\/\/jornalfatosenoticias.com.br\/wp-content\/uploads\/2025\/05\/EU_portal.jpg\",\"caption\":\"Luzimara Fernandes\"},\"description\":\"Jornalista MTB 2358-ES\",\"sameAs\":[\"https:\/\/jornalfatosenoticias.com.br\"],\"url\":\"https:\/\/jornalfatosenoticias.com.br\/index.php\/author\/luzimara\/\"}]}<\/script>\n<!-- \/ Yoast SEO plugin. -->","yoast_head_json":{"title":"Temperatura no Sudeste do Brasil aumentou devido a gases estufa - Jornal Fatos e Not\u00edcias","robots":{"index":"index","follow":"follow","max-snippet":"max-snippet:-1","max-image-preview":"max-image-preview:large","max-video-preview":"max-video-preview:-1"},"canonical":"https:\/\/jornalfatosenoticias.com.br\/index.php\/2020\/07\/27\/temperatura-no-sudeste-do-brasil-aumentou-devido-a-gases-estufa\/","og_locale":"pt_BR","og_type":"article","og_title":"Temperatura no Sudeste do Brasil aumentou devido a gases estufa - Jornal Fatos e Not\u00edcias","og_description":"Estudo in\u00e9dito na Am\u00e9rica do Sul explica aumento de 1,1\u00b0C em nove anos Um estudo realizado no Instituto de Astronomia, Geof\u00edsica e Ci\u00eancias Atmosf\u00e9ricas (IAG) da USP constatou que houve um aumento de 1,1\u00ba Celsius (C) na temperatura do Sudeste do Brasil entre os anos de 1995 e 2004 causado dominantemente pelos gases de efeito [&hellip;]","og_url":"https:\/\/jornalfatosenoticias.com.br\/index.php\/2020\/07\/27\/temperatura-no-sudeste-do-brasil-aumentou-devido-a-gases-estufa\/","og_site_name":"Jornal Fatos e Not\u00edcias","article_published_time":"2020-07-27T15:21:39+00:00","article_modified_time":"2020-07-27T15:21:43+00:00","og_image":[{"width":1000,"height":666,"url":"https:\/\/jornalfatosenoticias.com.br\/wp-content\/uploads\/2020\/07\/aumento-temperatura-sudeste.jpg","type":"image\/jpeg"}],"author":"Luzimara Fernandes","twitter_card":"summary_large_image","twitter_misc":{"Escrito por":"Luzimara Fernandes","Est. tempo de leitura":"3 minutos"},"schema":{"@context":"https:\/\/schema.org","@graph":[{"@type":"Article","@id":"https:\/\/jornalfatosenoticias.com.br\/index.php\/2020\/07\/27\/temperatura-no-sudeste-do-brasil-aumentou-devido-a-gases-estufa\/#article","isPartOf":{"@id":"https:\/\/jornalfatosenoticias.com.br\/index.php\/2020\/07\/27\/temperatura-no-sudeste-do-brasil-aumentou-devido-a-gases-estufa\/"},"author":{"name":"Luzimara Fernandes","@id":"https:\/\/jornalfatosenoticias.com.br\/#\/schema\/person\/d63837fa13ac8666eb9e74e0985d6f81"},"headline":"Temperatura no Sudeste do Brasil aumentou devido a gases estufa","datePublished":"2020-07-27T15:21:39+00:00","dateModified":"2020-07-27T15:21:43+00:00","mainEntityOfPage":{"@id":"https:\/\/jornalfatosenoticias.com.br\/index.php\/2020\/07\/27\/temperatura-no-sudeste-do-brasil-aumentou-devido-a-gases-estufa\/"},"wordCount":621,"commentCount":0,"publisher":{"@id":"https:\/\/jornalfatosenoticias.com.br\/#organization"},"image":{"@id":"https:\/\/jornalfatosenoticias.com.br\/index.php\/2020\/07\/27\/temperatura-no-sudeste-do-brasil-aumentou-devido-a-gases-estufa\/#primaryimage"},"thumbnailUrl":"https:\/\/jornalfatosenoticias.com.br\/wp-content\/uploads\/2020\/07\/aumento-temperatura-sudeste.jpg","keywords":["desmatamento","gases estufa","temperatura"],"articleSection":["Meio ambiente"],"inLanguage":"pt-BR","potentialAction":[{"@type":"CommentAction","name":"Comment","target":["https:\/\/jornalfatosenoticias.com.br\/index.php\/2020\/07\/27\/temperatura-no-sudeste-do-brasil-aumentou-devido-a-gases-estufa\/#respond"]}]},{"@type":"WebPage","@id":"https:\/\/jornalfatosenoticias.com.br\/index.php\/2020\/07\/27\/temperatura-no-sudeste-do-brasil-aumentou-devido-a-gases-estufa\/","url":"https:\/\/jornalfatosenoticias.com.br\/index.php\/2020\/07\/27\/temperatura-no-sudeste-do-brasil-aumentou-devido-a-gases-estufa\/","name":"Temperatura no Sudeste do Brasil aumentou devido a gases estufa - Jornal Fatos e Not\u00edcias","isPartOf":{"@id":"https:\/\/jornalfatosenoticias.com.br\/#website"},"primaryImageOfPage":{"@id":"https:\/\/jornalfatosenoticias.com.br\/index.php\/2020\/07\/27\/temperatura-no-sudeste-do-brasil-aumentou-devido-a-gases-estufa\/#primaryimage"},"image":{"@id":"https:\/\/jornalfatosenoticias.com.br\/index.php\/2020\/07\/27\/temperatura-no-sudeste-do-brasil-aumentou-devido-a-gases-estufa\/#primaryimage"},"thumbnailUrl":"https:\/\/jornalfatosenoticias.com.br\/wp-content\/uploads\/2020\/07\/aumento-temperatura-sudeste.jpg","datePublished":"2020-07-27T15:21:39+00:00","dateModified":"2020-07-27T15:21:43+00:00","breadcrumb":{"@id":"https:\/\/jornalfatosenoticias.com.br\/index.php\/2020\/07\/27\/temperatura-no-sudeste-do-brasil-aumentou-devido-a-gases-estufa\/#breadcrumb"},"inLanguage":"pt-BR","potentialAction":[{"@type":"ReadAction","target":["https:\/\/jornalfatosenoticias.com.br\/index.php\/2020\/07\/27\/temperatura-no-sudeste-do-brasil-aumentou-devido-a-gases-estufa\/"]}]},{"@type":"ImageObject","inLanguage":"pt-BR","@id":"https:\/\/jornalfatosenoticias.com.br\/index.php\/2020\/07\/27\/temperatura-no-sudeste-do-brasil-aumentou-devido-a-gases-estufa\/#primaryimage","url":"https:\/\/jornalfatosenoticias.com.br\/wp-content\/uploads\/2020\/07\/aumento-temperatura-sudeste.jpg","contentUrl":"https:\/\/jornalfatosenoticias.com.br\/wp-content\/uploads\/2020\/07\/aumento-temperatura-sudeste.jpg","width":1000,"height":666},{"@type":"BreadcrumbList","@id":"https:\/\/jornalfatosenoticias.com.br\/index.php\/2020\/07\/27\/temperatura-no-sudeste-do-brasil-aumentou-devido-a-gases-estufa\/#breadcrumb","itemListElement":[{"@type":"ListItem","position":1,"name":"In\u00edcio","item":"https:\/\/jornalfatosenoticias.com.br\/"},{"@type":"ListItem","position":2,"name":"Temperatura no Sudeste do Brasil aumentou devido a gases estufa"}]},{"@type":"WebSite","@id":"https:\/\/jornalfatosenoticias.com.br\/#website","url":"https:\/\/jornalfatosenoticias.com.br\/","name":"Jornal Fatos e Not\u00edcias","description":"Not\u00edcias em geral","publisher":{"@id":"https:\/\/jornalfatosenoticias.com.br\/#organization"},"potentialAction":[{"@type":"SearchAction","target":{"@type":"EntryPoint","urlTemplate":"https:\/\/jornalfatosenoticias.com.br\/?s={search_term_string}"},"query-input":{"@type":"PropertyValueSpecification","valueRequired":true,"valueName":"search_term_string"}}],"inLanguage":"pt-BR"},{"@type":"Organization","@id":"https:\/\/jornalfatosenoticias.com.br\/#organization","name":"Jornal Fatos e Not\u00edcias","url":"https:\/\/jornalfatosenoticias.com.br\/","logo":{"@type":"ImageObject","inLanguage":"pt-BR","@id":"https:\/\/jornalfatosenoticias.com.br\/#\/schema\/logo\/image\/","url":"https:\/\/jornalfatosenoticias.com.br\/wp-content\/uploads\/2020\/02\/logo120.png","contentUrl":"https:\/\/jornalfatosenoticias.com.br\/wp-content\/uploads\/2020\/02\/logo120.png","width":1227,"height":120,"caption":"Jornal Fatos e Not\u00edcias"},"image":{"@id":"https:\/\/jornalfatosenoticias.com.br\/#\/schema\/logo\/image\/"}},{"@type":"Person","@id":"https:\/\/jornalfatosenoticias.com.br\/#\/schema\/person\/d63837fa13ac8666eb9e74e0985d6f81","name":"Luzimara Fernandes","image":{"@type":"ImageObject","inLanguage":"pt-BR","@id":"https:\/\/jornalfatosenoticias.com.br\/#\/schema\/person\/image\/","url":"https:\/\/jornalfatosenoticias.com.br\/wp-content\/uploads\/2025\/05\/EU_portal.jpg","contentUrl":"https:\/\/jornalfatosenoticias.com.br\/wp-content\/uploads\/2025\/05\/EU_portal.jpg","caption":"Luzimara Fernandes"},"description":"Jornalista MTB 2358-ES","sameAs":["https:\/\/jornalfatosenoticias.com.br"],"url":"https:\/\/jornalfatosenoticias.com.br\/index.php\/author\/luzimara\/"}]}},"cc_featured_image_caption":{"caption_text":"(Foto: Fernando Fraz\u00e3o\/Ag\u00eancia Brasil)","source_text":"","source_url":""},"jetpack_featured_media_url":"https:\/\/jornalfatosenoticias.com.br\/wp-content\/uploads\/2020\/07\/aumento-temperatura-sudeste.jpg","_links":{"self":[{"href":"https:\/\/jornalfatosenoticias.com.br\/index.php\/wp-json\/wp\/v2\/posts\/6898","targetHints":{"allow":["GET"]}}],"collection":[{"href":"https:\/\/jornalfatosenoticias.com.br\/index.php\/wp-json\/wp\/v2\/posts"}],"about":[{"href":"https:\/\/jornalfatosenoticias.com.br\/index.php\/wp-json\/wp\/v2\/types\/post"}],"author":[{"embeddable":true,"href":"https:\/\/jornalfatosenoticias.com.br\/index.php\/wp-json\/wp\/v2\/users\/2"}],"replies":[{"embeddable":true,"href":"https:\/\/jornalfatosenoticias.com.br\/index.php\/wp-json\/wp\/v2\/comments?post=6898"}],"version-history":[{"count":0,"href":"https:\/\/jornalfatosenoticias.com.br\/index.php\/wp-json\/wp\/v2\/posts\/6898\/revisions"}],"wp:featuredmedia":[{"embeddable":true,"href":"https:\/\/jornalfatosenoticias.com.br\/index.php\/wp-json\/wp\/v2\/media\/6899"}],"wp:attachment":[{"href":"https:\/\/jornalfatosenoticias.com.br\/index.php\/wp-json\/wp\/v2\/media?parent=6898"}],"wp:term":[{"taxonomy":"category","embeddable":true,"href":"https:\/\/jornalfatosenoticias.com.br\/index.php\/wp-json\/wp\/v2\/categories?post=6898"},{"taxonomy":"post_tag","embeddable":true,"href":"https:\/\/jornalfatosenoticias.com.br\/index.php\/wp-json\/wp\/v2\/tags?post=6898"}],"curies":[{"name":"wp","href":"https:\/\/api.w.org\/{rel}","templated":true}]}}