{"id":6935,"date":"2020-07-28T09:55:27","date_gmt":"2020-07-28T12:55:27","guid":{"rendered":"https:\/\/jornalfatosenoticias.com.br\/?p=6935"},"modified":"2020-07-28T09:55:31","modified_gmt":"2020-07-28T12:55:31","slug":"cientistas-registram-movimento-de-ondas-de-areia-gigantes-em-marte","status":"publish","type":"post","link":"https:\/\/jornalfatosenoticias.com.br\/index.php\/2020\/07\/28\/cientistas-registram-movimento-de-ondas-de-areia-gigantes-em-marte\/","title":{"rendered":"Cientistas registram movimento de ondas de areia gigantes em Marte"},"content":{"rendered":"\n<h6 class=\"wp-block-heading\"><em>Imagens capturadas pelo Mars Reconnaissance Orbiter, da Nasa, identificaram que algumas megaondula\u00e7\u00f5es se arrastam muito lentamente; fen\u00f4meno tamb\u00e9m acontece na Terra, mas em escala muito menor<\/em><\/h6>\n\n\n\n<p>Pesquisadores encontraram evid\u00eancias de que ondas gigantes de areia, geralmente chamadas de &#8220;megaondula\u00e7\u00f5es&#8221;, movem-se lentamente pela superf\u00edcie de <a target=\"_blank\" rel=\"noreferrer noopener\" href=\"https:\/\/olhardigital.com.br\/ciencia-e-espaco\/noticia\/china-entra-na-corrida-rumo-a-marte-ao-enviar-primeira-missao-ao-planeta\/103962\">Marte<\/a>. Foi o primeiro avistamento desse tipo de movimento no planeta, dissipando a cren\u00e7a de longa data de que essas ondas n\u00e3o se moviam desde sua forma\u00e7\u00e3o, centenas de milhares de anos atr\u00e1s, e evidenciando ventos mais fortes do que o esperado.<br>Essas megaondula\u00e7\u00f5es n\u00e3o s\u00e3o exclusivas de Marte; elas tamb\u00e9m podem ser encontradas em desertos na <a target=\"_blank\" rel=\"noreferrer noopener\" href=\"https:\/\/olhardigital.com.br\/ciencia-e-espaco\/noticia\/robo-fotografa-venus-e-a-terra-no-ceu-de-marte-veja\/102253\">Terra<\/a>, geralmente entre dunas. S\u00e3o ondas na areia que ondulam a cada dez cent\u00edmetros ou mais em muitas dunas. O mesmo ocorre no Planeta Vermelho, mas, l\u00e1, as ondula\u00e7\u00f5es s\u00e3o muito maiores \u2014 com dezenas de metros de dist\u00e2ncia entre si.<br>No entanto, diferentemente das dunas, as megaondula\u00e7\u00f5es s\u00e3o compostas por dois tamanhos de gr\u00e3os de areia. As cristas das megaondula\u00e7\u00f5es s\u00e3o cobertas por gr\u00e3os mais grossos e pesados, caracter\u00edsticas que dificultam a movimenta\u00e7\u00e3o pelo vento, segundo Simone Silvestro, cientista planet\u00e1rio do Instituto Nacional de Astrof\u00edsica da It\u00e1lia, em N\u00e1poles.<br>Os <a target=\"_blank\" rel=\"noreferrer noopener\" href=\"https:\/\/olhardigital.com.br\/ciencia-e-espaco\/noticia\/-perseverance-e-o-nome-do-mais-novo-rover-da-nasa\/97684\">rovers<\/a> e orbitadores de Marte <a target=\"_blank\" rel=\"noreferrer noopener\" href=\"https:\/\/www.sciencemag.org\/news\/2016\/03\/rover-reveals-puzzling-sand-dunes-mars\">avistaram repetidamente<\/a> as megaondula\u00e7\u00f5es na superf\u00edcie do planeta, desde o in\u00edcio dos anos 2000. Entretanto, eles n\u00e3o pareciam mudar de maneira mensur\u00e1vel, o que levou os cientistas a acreditar que eram rel\u00edquias do passado marciano, quando sua atmosfera mais espessa permitia ventos mais fortes. Agora, usando imagens capturadas pelo Mars Reconnaissance Orbiter, da <a target=\"_blank\" rel=\"noreferrer noopener\" href=\"https:\/\/olhardigital.com.br\/ciencia-e-espaco\/noticia\/rover-da-nasa-recebe-reator-nuclear-e-esta-pronto-para-viagem-a-marte\/104052\">Nasa<\/a>, Silvestro e seus colegas mostraram que algumas megaondula\u00e7\u00f5es se arrastam \u2014 muito lentamente.<\/p>\n\n\n\n<figure class=\"wp-block-image size-large\"><img loading=\"lazy\" decoding=\"async\" width=\"1000\" height=\"636\" src=\"https:\/\/jornalfatosenoticias.com.br\/wp-content\/uploads\/2020\/07\/megaondulacoes-na-terra.jpg\" alt=\"\" class=\"wp-image-6936\" srcset=\"https:\/\/jornalfatosenoticias.com.br\/wp-content\/uploads\/2020\/07\/megaondulacoes-na-terra.jpg 1000w, https:\/\/jornalfatosenoticias.com.br\/wp-content\/uploads\/2020\/07\/megaondulacoes-na-terra-300x191.jpg 300w, https:\/\/jornalfatosenoticias.com.br\/wp-content\/uploads\/2020\/07\/megaondulacoes-na-terra-768x488.jpg 768w\" sizes=\"auto, (max-width: 1000px) 100vw, 1000px\" \/><figcaption><em>Megaondula\u00e7\u00f5es tamb\u00e9m acontecem na Terra, mas em menor escala (Foto: Reprodu\u00e7\u00e3o)<\/em><\/figcaption><\/figure>\n\n\n\n<p>Os cientistas se concentraram em dois locais pr\u00f3ximos ao equador de Marte. Eles analisaram cerca de 1.100 megaondula\u00e7\u00f5es na cratera McLaughlin e 300 na regi\u00e3o de Nili Fossae. Comparando imagens de lapso temporal de cada local, separados por 7,6 e 9,4 anos, respectivamente, eles procuraram por sinais de movimento. A equipe percebeu que as megaondula\u00e7\u00f5es se moviam cerca de dez cent\u00edmetros por ano, quase a mesma velocidade que as ondas nas dunas do <a target=\"_blank\" rel=\"noreferrer noopener\" href=\"https:\/\/www.sciencedirect.com\/science\/article\/abs\/pii\/S001910351630481X\">deserto de Lut, no Ir\u00e3<\/a>. A pesquisa foi publicada no Journal of Geophysical Research: Planets.<\/p>\n\n\n\n<h4 class=\"wp-block-heading\">Flu\u00eancia pelo impacto<\/h4>\n\n\n\n<p>Silvestro e seus colegas sugerem que os ventos marcianos podem estar acelerando pequenos gr\u00e3os de areia. Quando os gr\u00e3os pequenos come\u00e7am a rolar e saltar, eles podem bater em gr\u00e3os maiores e empurr\u00e1-los. Esse processo, conhecido como flu\u00eancia pelo impacto, j\u00e1 foi observado na Terra.<br>A equipe percebeu que as dunas pr\u00f3ximas se moviam na mesma dire\u00e7\u00e3o das megaondula\u00e7\u00f5es, sugerindo que \u00e9 a areia dessas dunas que empurra as megaondula\u00e7\u00f5es. Modelos atmosf\u00e9ricos de Marte sugerem que ventos capazes de mover areia s\u00e3o raros. Essa descoberta de migra\u00e7\u00e3o das megaondula\u00e7\u00f5es provavelmente for\u00e7ar\u00e1 a revis\u00e3o desses modelos.<br>Agora, Silvestro planeja expandir sua busca pela movimenta\u00e7\u00e3o das dunas marcianas por todo o planeta. Ele suspeita que as megaondula\u00e7\u00f5es mais r\u00e1pidas estejam pr\u00f3ximas \u00e0s dunas de maior movimento em Marte. Megaondula\u00e7\u00f5es em movimento s\u00e3o sinais de ventos fortes, que por sua vez podem desencadear tempestades de poeira.<br>Esta, por sua vez, pode cobrir <a target=\"_blank\" rel=\"noreferrer noopener\" href=\"https:\/\/olhardigital.com.br\/noticia\/aneel-quer-impedir-producao-de-energia-eletrica-com-paineis-solares\/94431\">pain\u00e9is solares<\/a>, reduzindo sua efici\u00eancia, e tamb\u00e9m pode emperrar pe\u00e7as mec\u00e2nicas, como engrenagens. Isso pode ser um problema para os rovers e para eventuais habita\u00e7\u00f5es humanas, segundo os cientistas.<\/p>\n\n\n\n<p><em><strong>Fonte: <a href=\"https:\/\/olhardigital.com.br\/ciencia-e-espaco\/noticia\/cientistas-registram-movimento-de-ondas-de-areia-gigantes-em-marte\/104161\">Olhar Digital<\/a><\/strong><\/em><\/p>\n","protected":false},"excerpt":{"rendered":"<p>Imagens capturadas pelo Mars Reconnaissance Orbiter, da Nasa, identificaram que algumas megaondula\u00e7\u00f5es se arrastam muito lentamente; fen\u00f4meno tamb\u00e9m acontece na Terra, mas em escala muito menor Pesquisadores encontraram evid\u00eancias de que ondas gigantes de areia, geralmente chamadas de &#8220;megaondula\u00e7\u00f5es&#8221;, movem-se lentamente pela superf\u00edcie de Marte. Foi o primeiro avistamento desse tipo de movimento no planeta, [&hellip;]<\/p>\n","protected":false},"author":2,"featured_media":6937,"comment_status":"open","ping_status":"open","sticky":false,"template":"","format":"standard","meta":{"footnotes":""},"categories":[2],"tags":[86,434,164,94],"class_list":["post-6935","post","type-post","status-publish","format-standard","has-post-thumbnail","hentry","category-ciencia","tag-espaco","tag-marte","tag-nasa","tag-terra"],"yoast_head":"<!-- This site is optimized with the Yoast SEO plugin v26.5 - https:\/\/yoast.com\/wordpress\/plugins\/seo\/ -->\n<title>Cientistas registram movimento de ondas de areia gigantes em Marte - Jornal Fatos e Not\u00edcias<\/title>\n<meta name=\"robots\" content=\"index, follow, max-snippet:-1, max-image-preview:large, max-video-preview:-1\" \/>\n<link rel=\"canonical\" href=\"https:\/\/jornalfatosenoticias.com.br\/index.php\/2020\/07\/28\/cientistas-registram-movimento-de-ondas-de-areia-gigantes-em-marte\/\" \/>\n<meta property=\"og:locale\" content=\"pt_BR\" \/>\n<meta property=\"og:type\" content=\"article\" \/>\n<meta property=\"og:title\" content=\"Cientistas registram movimento de ondas de areia gigantes em Marte - Jornal Fatos e Not\u00edcias\" \/>\n<meta property=\"og:description\" content=\"Imagens capturadas pelo Mars Reconnaissance Orbiter, da Nasa, identificaram que algumas megaondula\u00e7\u00f5es se arrastam muito lentamente; fen\u00f4meno tamb\u00e9m acontece na Terra, mas em escala muito menor Pesquisadores encontraram evid\u00eancias de que ondas gigantes de areia, geralmente chamadas de &#8220;megaondula\u00e7\u00f5es&#8221;, movem-se lentamente pela superf\u00edcie de Marte. Foi o primeiro avistamento desse tipo de movimento no planeta, [&hellip;]\" \/>\n<meta property=\"og:url\" content=\"https:\/\/jornalfatosenoticias.com.br\/index.php\/2020\/07\/28\/cientistas-registram-movimento-de-ondas-de-areia-gigantes-em-marte\/\" \/>\n<meta property=\"og:site_name\" content=\"Jornal Fatos e Not\u00edcias\" \/>\n<meta property=\"article:published_time\" content=\"2020-07-28T12:55:27+00:00\" \/>\n<meta property=\"article:modified_time\" content=\"2020-07-28T12:55:31+00:00\" \/>\n<meta property=\"og:image\" content=\"https:\/\/jornalfatosenoticias.com.br\/wp-content\/uploads\/2020\/07\/megaondulacoes_em_marte.jpg\" \/>\n\t<meta property=\"og:image:width\" content=\"1000\" \/>\n\t<meta property=\"og:image:height\" content=\"563\" \/>\n\t<meta property=\"og:image:type\" content=\"image\/jpeg\" \/>\n<meta name=\"author\" content=\"Luzimara Fernandes\" \/>\n<meta name=\"twitter:card\" content=\"summary_large_image\" \/>\n<meta name=\"twitter:label1\" content=\"Escrito por\" \/>\n\t<meta name=\"twitter:data1\" content=\"Luzimara Fernandes\" \/>\n\t<meta name=\"twitter:label2\" content=\"Est. tempo de leitura\" \/>\n\t<meta name=\"twitter:data2\" content=\"3 minutos\" \/>\n<script type=\"application\/ld+json\" class=\"yoast-schema-graph\">{\"@context\":\"https:\/\/schema.org\",\"@graph\":[{\"@type\":\"Article\",\"@id\":\"https:\/\/jornalfatosenoticias.com.br\/index.php\/2020\/07\/28\/cientistas-registram-movimento-de-ondas-de-areia-gigantes-em-marte\/#article\",\"isPartOf\":{\"@id\":\"https:\/\/jornalfatosenoticias.com.br\/index.php\/2020\/07\/28\/cientistas-registram-movimento-de-ondas-de-areia-gigantes-em-marte\/\"},\"author\":{\"name\":\"Luzimara Fernandes\",\"@id\":\"https:\/\/jornalfatosenoticias.com.br\/#\/schema\/person\/d63837fa13ac8666eb9e74e0985d6f81\"},\"headline\":\"Cientistas registram movimento de ondas de areia gigantes em Marte\",\"datePublished\":\"2020-07-28T12:55:27+00:00\",\"dateModified\":\"2020-07-28T12:55:31+00:00\",\"mainEntityOfPage\":{\"@id\":\"https:\/\/jornalfatosenoticias.com.br\/index.php\/2020\/07\/28\/cientistas-registram-movimento-de-ondas-de-areia-gigantes-em-marte\/\"},\"wordCount\":624,\"commentCount\":0,\"publisher\":{\"@id\":\"https:\/\/jornalfatosenoticias.com.br\/#organization\"},\"image\":{\"@id\":\"https:\/\/jornalfatosenoticias.com.br\/index.php\/2020\/07\/28\/cientistas-registram-movimento-de-ondas-de-areia-gigantes-em-marte\/#primaryimage\"},\"thumbnailUrl\":\"https:\/\/jornalfatosenoticias.com.br\/wp-content\/uploads\/2020\/07\/megaondulacoes_em_marte.jpg\",\"keywords\":[\"espa\u00e7o\",\"Marte\",\"Nasa\",\"Terra\"],\"articleSection\":[\"Ci\u00eancia\"],\"inLanguage\":\"pt-BR\",\"potentialAction\":[{\"@type\":\"CommentAction\",\"name\":\"Comment\",\"target\":[\"https:\/\/jornalfatosenoticias.com.br\/index.php\/2020\/07\/28\/cientistas-registram-movimento-de-ondas-de-areia-gigantes-em-marte\/#respond\"]}]},{\"@type\":\"WebPage\",\"@id\":\"https:\/\/jornalfatosenoticias.com.br\/index.php\/2020\/07\/28\/cientistas-registram-movimento-de-ondas-de-areia-gigantes-em-marte\/\",\"url\":\"https:\/\/jornalfatosenoticias.com.br\/index.php\/2020\/07\/28\/cientistas-registram-movimento-de-ondas-de-areia-gigantes-em-marte\/\",\"name\":\"Cientistas registram movimento de ondas de areia gigantes em Marte - Jornal Fatos e Not\u00edcias\",\"isPartOf\":{\"@id\":\"https:\/\/jornalfatosenoticias.com.br\/#website\"},\"primaryImageOfPage\":{\"@id\":\"https:\/\/jornalfatosenoticias.com.br\/index.php\/2020\/07\/28\/cientistas-registram-movimento-de-ondas-de-areia-gigantes-em-marte\/#primaryimage\"},\"image\":{\"@id\":\"https:\/\/jornalfatosenoticias.com.br\/index.php\/2020\/07\/28\/cientistas-registram-movimento-de-ondas-de-areia-gigantes-em-marte\/#primaryimage\"},\"thumbnailUrl\":\"https:\/\/jornalfatosenoticias.com.br\/wp-content\/uploads\/2020\/07\/megaondulacoes_em_marte.jpg\",\"datePublished\":\"2020-07-28T12:55:27+00:00\",\"dateModified\":\"2020-07-28T12:55:31+00:00\",\"breadcrumb\":{\"@id\":\"https:\/\/jornalfatosenoticias.com.br\/index.php\/2020\/07\/28\/cientistas-registram-movimento-de-ondas-de-areia-gigantes-em-marte\/#breadcrumb\"},\"inLanguage\":\"pt-BR\",\"potentialAction\":[{\"@type\":\"ReadAction\",\"target\":[\"https:\/\/jornalfatosenoticias.com.br\/index.php\/2020\/07\/28\/cientistas-registram-movimento-de-ondas-de-areia-gigantes-em-marte\/\"]}]},{\"@type\":\"ImageObject\",\"inLanguage\":\"pt-BR\",\"@id\":\"https:\/\/jornalfatosenoticias.com.br\/index.php\/2020\/07\/28\/cientistas-registram-movimento-de-ondas-de-areia-gigantes-em-marte\/#primaryimage\",\"url\":\"https:\/\/jornalfatosenoticias.com.br\/wp-content\/uploads\/2020\/07\/megaondulacoes_em_marte.jpg\",\"contentUrl\":\"https:\/\/jornalfatosenoticias.com.br\/wp-content\/uploads\/2020\/07\/megaondulacoes_em_marte.jpg\",\"width\":1000,\"height\":563},{\"@type\":\"BreadcrumbList\",\"@id\":\"https:\/\/jornalfatosenoticias.com.br\/index.php\/2020\/07\/28\/cientistas-registram-movimento-de-ondas-de-areia-gigantes-em-marte\/#breadcrumb\",\"itemListElement\":[{\"@type\":\"ListItem\",\"position\":1,\"name\":\"In\u00edcio\",\"item\":\"https:\/\/jornalfatosenoticias.com.br\/\"},{\"@type\":\"ListItem\",\"position\":2,\"name\":\"Cientistas registram movimento de ondas de areia gigantes em Marte\"}]},{\"@type\":\"WebSite\",\"@id\":\"https:\/\/jornalfatosenoticias.com.br\/#website\",\"url\":\"https:\/\/jornalfatosenoticias.com.br\/\",\"name\":\"Jornal Fatos e Not\u00edcias\",\"description\":\"Not\u00edcias em geral\",\"publisher\":{\"@id\":\"https:\/\/jornalfatosenoticias.com.br\/#organization\"},\"potentialAction\":[{\"@type\":\"SearchAction\",\"target\":{\"@type\":\"EntryPoint\",\"urlTemplate\":\"https:\/\/jornalfatosenoticias.com.br\/?s={search_term_string}\"},\"query-input\":{\"@type\":\"PropertyValueSpecification\",\"valueRequired\":true,\"valueName\":\"search_term_string\"}}],\"inLanguage\":\"pt-BR\"},{\"@type\":\"Organization\",\"@id\":\"https:\/\/jornalfatosenoticias.com.br\/#organization\",\"name\":\"Jornal Fatos e Not\u00edcias\",\"url\":\"https:\/\/jornalfatosenoticias.com.br\/\",\"logo\":{\"@type\":\"ImageObject\",\"inLanguage\":\"pt-BR\",\"@id\":\"https:\/\/jornalfatosenoticias.com.br\/#\/schema\/logo\/image\/\",\"url\":\"https:\/\/jornalfatosenoticias.com.br\/wp-content\/uploads\/2020\/02\/logo120.png\",\"contentUrl\":\"https:\/\/jornalfatosenoticias.com.br\/wp-content\/uploads\/2020\/02\/logo120.png\",\"width\":1227,\"height\":120,\"caption\":\"Jornal Fatos e Not\u00edcias\"},\"image\":{\"@id\":\"https:\/\/jornalfatosenoticias.com.br\/#\/schema\/logo\/image\/\"}},{\"@type\":\"Person\",\"@id\":\"https:\/\/jornalfatosenoticias.com.br\/#\/schema\/person\/d63837fa13ac8666eb9e74e0985d6f81\",\"name\":\"Luzimara Fernandes\",\"image\":{\"@type\":\"ImageObject\",\"inLanguage\":\"pt-BR\",\"@id\":\"https:\/\/jornalfatosenoticias.com.br\/#\/schema\/person\/image\/\",\"url\":\"https:\/\/jornalfatosenoticias.com.br\/wp-content\/uploads\/2025\/05\/EU_portal.jpg\",\"contentUrl\":\"https:\/\/jornalfatosenoticias.com.br\/wp-content\/uploads\/2025\/05\/EU_portal.jpg\",\"caption\":\"Luzimara Fernandes\"},\"description\":\"Jornalista MTB 2358-ES\",\"sameAs\":[\"https:\/\/jornalfatosenoticias.com.br\"],\"url\":\"https:\/\/jornalfatosenoticias.com.br\/index.php\/author\/luzimara\/\"}]}<\/script>\n<!-- \/ Yoast SEO plugin. -->","yoast_head_json":{"title":"Cientistas registram movimento de ondas de areia gigantes em Marte - Jornal Fatos e Not\u00edcias","robots":{"index":"index","follow":"follow","max-snippet":"max-snippet:-1","max-image-preview":"max-image-preview:large","max-video-preview":"max-video-preview:-1"},"canonical":"https:\/\/jornalfatosenoticias.com.br\/index.php\/2020\/07\/28\/cientistas-registram-movimento-de-ondas-de-areia-gigantes-em-marte\/","og_locale":"pt_BR","og_type":"article","og_title":"Cientistas registram movimento de ondas de areia gigantes em Marte - Jornal Fatos e Not\u00edcias","og_description":"Imagens capturadas pelo Mars Reconnaissance Orbiter, da Nasa, identificaram que algumas megaondula\u00e7\u00f5es se arrastam muito lentamente; fen\u00f4meno tamb\u00e9m acontece na Terra, mas em escala muito menor Pesquisadores encontraram evid\u00eancias de que ondas gigantes de areia, geralmente chamadas de &#8220;megaondula\u00e7\u00f5es&#8221;, movem-se lentamente pela superf\u00edcie de Marte. Foi o primeiro avistamento desse tipo de movimento no planeta, [&hellip;]","og_url":"https:\/\/jornalfatosenoticias.com.br\/index.php\/2020\/07\/28\/cientistas-registram-movimento-de-ondas-de-areia-gigantes-em-marte\/","og_site_name":"Jornal Fatos e Not\u00edcias","article_published_time":"2020-07-28T12:55:27+00:00","article_modified_time":"2020-07-28T12:55:31+00:00","og_image":[{"width":1000,"height":563,"url":"https:\/\/jornalfatosenoticias.com.br\/wp-content\/uploads\/2020\/07\/megaondulacoes_em_marte.jpg","type":"image\/jpeg"}],"author":"Luzimara Fernandes","twitter_card":"summary_large_image","twitter_misc":{"Escrito por":"Luzimara Fernandes","Est. tempo de leitura":"3 minutos"},"schema":{"@context":"https:\/\/schema.org","@graph":[{"@type":"Article","@id":"https:\/\/jornalfatosenoticias.com.br\/index.php\/2020\/07\/28\/cientistas-registram-movimento-de-ondas-de-areia-gigantes-em-marte\/#article","isPartOf":{"@id":"https:\/\/jornalfatosenoticias.com.br\/index.php\/2020\/07\/28\/cientistas-registram-movimento-de-ondas-de-areia-gigantes-em-marte\/"},"author":{"name":"Luzimara Fernandes","@id":"https:\/\/jornalfatosenoticias.com.br\/#\/schema\/person\/d63837fa13ac8666eb9e74e0985d6f81"},"headline":"Cientistas registram movimento de ondas de areia gigantes em Marte","datePublished":"2020-07-28T12:55:27+00:00","dateModified":"2020-07-28T12:55:31+00:00","mainEntityOfPage":{"@id":"https:\/\/jornalfatosenoticias.com.br\/index.php\/2020\/07\/28\/cientistas-registram-movimento-de-ondas-de-areia-gigantes-em-marte\/"},"wordCount":624,"commentCount":0,"publisher":{"@id":"https:\/\/jornalfatosenoticias.com.br\/#organization"},"image":{"@id":"https:\/\/jornalfatosenoticias.com.br\/index.php\/2020\/07\/28\/cientistas-registram-movimento-de-ondas-de-areia-gigantes-em-marte\/#primaryimage"},"thumbnailUrl":"https:\/\/jornalfatosenoticias.com.br\/wp-content\/uploads\/2020\/07\/megaondulacoes_em_marte.jpg","keywords":["espa\u00e7o","Marte","Nasa","Terra"],"articleSection":["Ci\u00eancia"],"inLanguage":"pt-BR","potentialAction":[{"@type":"CommentAction","name":"Comment","target":["https:\/\/jornalfatosenoticias.com.br\/index.php\/2020\/07\/28\/cientistas-registram-movimento-de-ondas-de-areia-gigantes-em-marte\/#respond"]}]},{"@type":"WebPage","@id":"https:\/\/jornalfatosenoticias.com.br\/index.php\/2020\/07\/28\/cientistas-registram-movimento-de-ondas-de-areia-gigantes-em-marte\/","url":"https:\/\/jornalfatosenoticias.com.br\/index.php\/2020\/07\/28\/cientistas-registram-movimento-de-ondas-de-areia-gigantes-em-marte\/","name":"Cientistas registram movimento de ondas de areia gigantes em Marte - Jornal Fatos e Not\u00edcias","isPartOf":{"@id":"https:\/\/jornalfatosenoticias.com.br\/#website"},"primaryImageOfPage":{"@id":"https:\/\/jornalfatosenoticias.com.br\/index.php\/2020\/07\/28\/cientistas-registram-movimento-de-ondas-de-areia-gigantes-em-marte\/#primaryimage"},"image":{"@id":"https:\/\/jornalfatosenoticias.com.br\/index.php\/2020\/07\/28\/cientistas-registram-movimento-de-ondas-de-areia-gigantes-em-marte\/#primaryimage"},"thumbnailUrl":"https:\/\/jornalfatosenoticias.com.br\/wp-content\/uploads\/2020\/07\/megaondulacoes_em_marte.jpg","datePublished":"2020-07-28T12:55:27+00:00","dateModified":"2020-07-28T12:55:31+00:00","breadcrumb":{"@id":"https:\/\/jornalfatosenoticias.com.br\/index.php\/2020\/07\/28\/cientistas-registram-movimento-de-ondas-de-areia-gigantes-em-marte\/#breadcrumb"},"inLanguage":"pt-BR","potentialAction":[{"@type":"ReadAction","target":["https:\/\/jornalfatosenoticias.com.br\/index.php\/2020\/07\/28\/cientistas-registram-movimento-de-ondas-de-areia-gigantes-em-marte\/"]}]},{"@type":"ImageObject","inLanguage":"pt-BR","@id":"https:\/\/jornalfatosenoticias.com.br\/index.php\/2020\/07\/28\/cientistas-registram-movimento-de-ondas-de-areia-gigantes-em-marte\/#primaryimage","url":"https:\/\/jornalfatosenoticias.com.br\/wp-content\/uploads\/2020\/07\/megaondulacoes_em_marte.jpg","contentUrl":"https:\/\/jornalfatosenoticias.com.br\/wp-content\/uploads\/2020\/07\/megaondulacoes_em_marte.jpg","width":1000,"height":563},{"@type":"BreadcrumbList","@id":"https:\/\/jornalfatosenoticias.com.br\/index.php\/2020\/07\/28\/cientistas-registram-movimento-de-ondas-de-areia-gigantes-em-marte\/#breadcrumb","itemListElement":[{"@type":"ListItem","position":1,"name":"In\u00edcio","item":"https:\/\/jornalfatosenoticias.com.br\/"},{"@type":"ListItem","position":2,"name":"Cientistas registram movimento de ondas de areia gigantes em Marte"}]},{"@type":"WebSite","@id":"https:\/\/jornalfatosenoticias.com.br\/#website","url":"https:\/\/jornalfatosenoticias.com.br\/","name":"Jornal Fatos e Not\u00edcias","description":"Not\u00edcias em geral","publisher":{"@id":"https:\/\/jornalfatosenoticias.com.br\/#organization"},"potentialAction":[{"@type":"SearchAction","target":{"@type":"EntryPoint","urlTemplate":"https:\/\/jornalfatosenoticias.com.br\/?s={search_term_string}"},"query-input":{"@type":"PropertyValueSpecification","valueRequired":true,"valueName":"search_term_string"}}],"inLanguage":"pt-BR"},{"@type":"Organization","@id":"https:\/\/jornalfatosenoticias.com.br\/#organization","name":"Jornal Fatos e Not\u00edcias","url":"https:\/\/jornalfatosenoticias.com.br\/","logo":{"@type":"ImageObject","inLanguage":"pt-BR","@id":"https:\/\/jornalfatosenoticias.com.br\/#\/schema\/logo\/image\/","url":"https:\/\/jornalfatosenoticias.com.br\/wp-content\/uploads\/2020\/02\/logo120.png","contentUrl":"https:\/\/jornalfatosenoticias.com.br\/wp-content\/uploads\/2020\/02\/logo120.png","width":1227,"height":120,"caption":"Jornal Fatos e Not\u00edcias"},"image":{"@id":"https:\/\/jornalfatosenoticias.com.br\/#\/schema\/logo\/image\/"}},{"@type":"Person","@id":"https:\/\/jornalfatosenoticias.com.br\/#\/schema\/person\/d63837fa13ac8666eb9e74e0985d6f81","name":"Luzimara Fernandes","image":{"@type":"ImageObject","inLanguage":"pt-BR","@id":"https:\/\/jornalfatosenoticias.com.br\/#\/schema\/person\/image\/","url":"https:\/\/jornalfatosenoticias.com.br\/wp-content\/uploads\/2025\/05\/EU_portal.jpg","contentUrl":"https:\/\/jornalfatosenoticias.com.br\/wp-content\/uploads\/2025\/05\/EU_portal.jpg","caption":"Luzimara Fernandes"},"description":"Jornalista MTB 2358-ES","sameAs":["https:\/\/jornalfatosenoticias.com.br"],"url":"https:\/\/jornalfatosenoticias.com.br\/index.php\/author\/luzimara\/"}]}},"cc_featured_image_caption":{"caption_text":"Megaondula\u00e7\u00f5es em Marte","source_text":"","source_url":""},"jetpack_featured_media_url":"https:\/\/jornalfatosenoticias.com.br\/wp-content\/uploads\/2020\/07\/megaondulacoes_em_marte.jpg","_links":{"self":[{"href":"https:\/\/jornalfatosenoticias.com.br\/index.php\/wp-json\/wp\/v2\/posts\/6935","targetHints":{"allow":["GET"]}}],"collection":[{"href":"https:\/\/jornalfatosenoticias.com.br\/index.php\/wp-json\/wp\/v2\/posts"}],"about":[{"href":"https:\/\/jornalfatosenoticias.com.br\/index.php\/wp-json\/wp\/v2\/types\/post"}],"author":[{"embeddable":true,"href":"https:\/\/jornalfatosenoticias.com.br\/index.php\/wp-json\/wp\/v2\/users\/2"}],"replies":[{"embeddable":true,"href":"https:\/\/jornalfatosenoticias.com.br\/index.php\/wp-json\/wp\/v2\/comments?post=6935"}],"version-history":[{"count":0,"href":"https:\/\/jornalfatosenoticias.com.br\/index.php\/wp-json\/wp\/v2\/posts\/6935\/revisions"}],"wp:featuredmedia":[{"embeddable":true,"href":"https:\/\/jornalfatosenoticias.com.br\/index.php\/wp-json\/wp\/v2\/media\/6937"}],"wp:attachment":[{"href":"https:\/\/jornalfatosenoticias.com.br\/index.php\/wp-json\/wp\/v2\/media?parent=6935"}],"wp:term":[{"taxonomy":"category","embeddable":true,"href":"https:\/\/jornalfatosenoticias.com.br\/index.php\/wp-json\/wp\/v2\/categories?post=6935"},{"taxonomy":"post_tag","embeddable":true,"href":"https:\/\/jornalfatosenoticias.com.br\/index.php\/wp-json\/wp\/v2\/tags?post=6935"}],"curies":[{"name":"wp","href":"https:\/\/api.w.org\/{rel}","templated":true}]}}