{"id":69502,"date":"2026-08-31T15:05:19","date_gmt":"2026-08-31T18:05:19","guid":{"rendered":"https:\/\/jornalfatosenoticias.com.br\/?p=69502"},"modified":"2026-08-31T15:05:20","modified_gmt":"2026-08-31T18:05:20","slug":"canetada-de-dino-pode-travar-investigacao-sobre-lulinha-e-enfraquecer-mendonca","status":"publish","type":"post","link":"https:\/\/jornalfatosenoticias.com.br\/index.php\/2026\/08\/31\/canetada-de-dino-pode-travar-investigacao-sobre-lulinha-e-enfraquecer-mendonca\/","title":{"rendered":"Canetada de Dino pode travar investiga\u00e7\u00e3o sobre Lulinha e enfraquecer Mendon\u00e7a"},"content":{"rendered":"\n<p><em><mark style=\"background-color:rgba(0, 0, 0, 0)\" class=\"has-inline-color has-black-color\">Com novo inqu\u00e9rito sob relatoria de Fl\u00e1vio Dino, investiga\u00e7\u00f5es envolvendo Lulinha ficam divididas entre dois ministros do STF<\/mark><\/em><\/p>\n\n\n\n<p><mark style=\"background-color:rgba(0, 0, 0, 0)\" class=\"has-inline-color has-black-color\">Por <strong><a href=\"https:\/\/www.gazetadopovo.com.br\/autor\/juliet-manfrin\/\">Juliet Manfrin<\/a>\/<a href=\"https:\/\/www.gazetadopovo.com.br\/autor\/aline-rechmann\/\">Aline Rechmann<\/a><\/strong><\/mark><\/p>\n\n\n\n<p>A decis\u00e3o do ministro Fl\u00e1vio Dino de <a href=\"https:\/\/www.gazetadopovo.com.br\/republica\/dino-e-sorteado-relator-do-3o-inquerito-da-pf-sobre-corrupcao-e-trafico-de-influencia-contra-lulinha\/\">autorizar o terceiro inqu\u00e9rito contra F\u00e1bio Lu\u00eds Lula da Silva<\/a>, o Lulinha, colocou nas m\u00e3os do pr\u00f3prio magistrado uma pe\u00e7a capaz de alterar os rumos de toda a investiga\u00e7\u00e3o, segundo an\u00e1lise de especialistas ouvidos pela reportagem. Isso porque, al\u00e9m de abrir uma nova frente para apurar suspeitas envolvendo o filho de Luiz In\u00e1cio Lula da Silva (PT), Dino determinou uma apura\u00e7\u00e3o paralela sobre o vazamento de informa\u00e7\u00f5es sigilosas do caso, tema que tamb\u00e9m j\u00e1 <a href=\"https:\/\/www.gazetadopovo.com.br\/republica\/mendonca-determina-que-pf-investigue-origem-de-vazamento-de-investigacoes-sobre-lulinha\/\">mobiliza o ministro Andr\u00e9 Mendon\u00e7a<\/a>.<br>Analistas ouvidos pela Gazeta do Povo alertam que, a depender da interpreta\u00e7\u00e3o de Dino sobre os vazamentos, o processo investigado pode ser parcialmente travado. A hip\u00f3tese mais grave, segundo analistas, \u00e9 Dino avaliar que os vazamentos de provas ou dados sens\u00edveis foram ilegais, podendo fazer com que o processo em andamento trave por completo ou se prolongue a perder de vista.<br>Tamb\u00e9m haveria a possibilidade de invalida\u00e7\u00e3o de informa\u00e7\u00f5es nos autos que tiveram vazamentos que possam ser identificados como seletivos, abrindo brechas para pedidos de anula\u00e7\u00e3o da defesa.<\/p>\n\n\n\n<blockquote class=\"wp-block-quote is-layout-flow wp-block-quote-is-layout-flow\">\n<p><mark style=\"background-color:rgba(0, 0, 0, 0)\" class=\"has-inline-color has-luminous-vivid-orange-color\">A depender da interpreta\u00e7\u00e3o de Dino sobre a conex\u00e3o entre os procedimentos, o alcance das provas e a compet\u00eancia de cada relator, uma decis\u00e3o do ministro pode travar ou redirecionar o conjunto das investiga\u00e7\u00f5es que hoje avan\u00e7am no STF contra Lulinha\u201d, alerta o constitucionalista Andr\u00e9 Marsiglia.<\/mark><\/p>\n<\/blockquote>\n\n\n\n<p>Entre exemplos do que poderia ser invalidado est\u00e3o di\u00e1logos extra\u00eddos do celular da lobista Roberta Luchsinger que indicam suposta sociedade secreta com Lulinha e o empres\u00e1rio Fernando <a href=\"https:\/\/www.gazetadopovo.com.br\/republica\/pf-mira-sociedade-oculta-entre-lulinha-e-dono-do-sitio-de-atibaia\/\">Bittar, dono do s\u00edtio em Atibaia<\/a>. Para investigadores, h\u00e1 um entendimento de que, caso fique evidenciado vazamento indevido, essas conversas ficariam comprometidas para a condu\u00e7\u00e3o do processo. A Gazeta do Povo buscou o posicionamento dos ministros Dino e Mendon\u00e7a, mas n\u00e3o obteve retorno at\u00e9 o fechamento da mat\u00e9ria.<\/p>\n\n\n<div class=\"wp-block-image\">\n<figure class=\"aligncenter size-large is-resized\"><a href=\"https:\/\/www.facebook.com\/profile.php?id=100069289606145\"><img loading=\"lazy\" decoding=\"async\" width=\"1024\" height=\"714\" src=\"https:\/\/jornalfatosenoticias.com.br\/wp-content\/uploads\/2024\/11\/Guaitolini-Contabilidade-1024x714.jpeg\" alt=\"\" class=\"wp-image-55808\" style=\"width:338px;height:auto\" srcset=\"https:\/\/jornalfatosenoticias.com.br\/wp-content\/uploads\/2024\/11\/Guaitolini-Contabilidade-1024x714.jpeg 1024w, https:\/\/jornalfatosenoticias.com.br\/wp-content\/uploads\/2024\/11\/Guaitolini-Contabilidade-300x209.jpeg 300w, https:\/\/jornalfatosenoticias.com.br\/wp-content\/uploads\/2024\/11\/Guaitolini-Contabilidade-768x535.jpeg 768w, https:\/\/jornalfatosenoticias.com.br\/wp-content\/uploads\/2024\/11\/Guaitolini-Contabilidade.jpeg 1280w\" sizes=\"auto, (max-width: 1024px) 100vw, 1024px\" \/><\/a><\/figure>\n<\/div>\n\n\n<p><strong><mark style=\"background-color:rgba(0, 0, 0, 0)\" class=\"has-inline-color has-black-color\">Inqu\u00e9ritos com Mendon\u00e7a n\u00e3o ser\u00e3o invalidados, mas podem perder for\u00e7a<br><\/mark><\/strong>Os dois inqu\u00e9ritos envolvendo Lulinha, sob condu\u00e7\u00e3o de Mendon\u00e7a, podem perder for\u00e7a caso provas relacionadas \u00e0s investiga\u00e7\u00f5es sejam invalidadas no inqu\u00e9rito conduzido por Dino. Seria o caso, por exemplo, das conversas atribu\u00eddas ao celular de Roberta Luchsinger que envolvem o filho de Lula e que foram divulgadas no contexto dessas apura\u00e7\u00f5es.<br>A eventual invalida\u00e7\u00e3o do material vazado, por\u00e9m, n\u00e3o significa necessariamente o esvaziamento completo dos procedimentos: novas provas, ainda n\u00e3o tornadas p\u00fablicas, que tenham surgido a partir das mesmas conversas, poder\u00e3o ser preservadas e mantidas no processo, desde que consideradas v\u00e1lidas e possam contribuir para dar sustenta\u00e7\u00e3o \u00e0s investiga\u00e7\u00f5es conduzidas por Mendon\u00e7a.<br>O ministro tem em m\u00e3os as investiga\u00e7\u00f5es que nasceram de elementos da Opera\u00e7\u00e3o Sem Desconto, que <a href=\"https:\/\/www.gazetadopovo.com.br\/republica\/ultimato-de-mendonca-fara-pf-desmembrar-caso-do-inss-para-ganhar-tempo\/\">investiga os descontos indevidos de aposentados e pensionistas do INSS.<\/a> Lulinha n\u00e3o \u00e9 investigado por causa dos descontos irregulares nos benef\u00edcios, mas sim em raz\u00e3o do suposto tr\u00e1fico de influ\u00eancia envolvendo o governo federal.<br>Segundo especialistas, al\u00e9m da decis\u00e3o a ser tomada por Dino sobre supostos vazamentos, o ponto central \u00e9 saber se os procedimentos permanecer\u00e3o separados ou se os fatos, personagens e elementos de prova ser\u00e3o reunidos em um \u00fanico inqu\u00e9rito. A fragmenta\u00e7\u00e3o pode produzir conflitos sobre compet\u00eancia, validade de provas e ritmo das dilig\u00eancias e, no limite, abrir espa\u00e7os j\u00e1 explorados para questionamentos t\u00e9cnicos da defesa antes mesmo de se chegar ao m\u00e9rito das suspeitas.<\/p>\n\n\n<div class=\"wp-block-image\">\n<figure class=\"aligncenter size-full\"><a href=\"http:\/\/www.ferrarimaquinas.com.br\/\"><img loading=\"lazy\" decoding=\"async\" width=\"300\" height=\"250\" src=\"https:\/\/jornalfatosenoticias.com.br\/wp-content\/uploads\/2022\/02\/FERRARI_MAQUINAS-E-FERRAMENTAS2.jpg\" alt=\"\" class=\"wp-image-27860\"\/><\/a><\/figure>\n<\/div>\n\n\n<blockquote class=\"wp-block-quote is-layout-flow wp-block-quote-is-layout-flow\">\n<p><mark style=\"background-color:rgba(0, 0, 0, 0)\" class=\"has-inline-color has-luminous-vivid-orange-color\">Tudo depende do que foi supostamente vazado e do que foi preservado na chamada cadeia de cust\u00f3dia para qualquer um dos inqu\u00e9ritos ou eventuais novas informa\u00e7\u00f5es que possam surgir no decorrer das apura\u00e7\u00f5es\u201d, descreve o criminalista M\u00e1rcio Nunes.<\/mark><\/p>\n<\/blockquote>\n\n\n\n<p>Na \u00faltima semana, Mendon\u00e7a tamb\u00e9m determinou investiga\u00e7\u00e3o sobre vazamentos de dados sigilosos envolvendo os inqu\u00e9ritos que preside. Um deles apura suspeitas de tr\u00e1fico de influ\u00eancia e corrup\u00e7\u00e3o relacionadas a negocia\u00e7\u00f5es envolvendo Lulinha com o Minist\u00e9rio da Sa\u00fade e produtos \u00e0 base de &#8220;cannabis medicinal&#8221;. O neg\u00f3cio n\u00e3o prosperou. O outro examina poss\u00edveis favorecimentos a empres\u00e1rios interessados em neg\u00f3cios com a Dataprev e outros \u00f3rg\u00e3os p\u00fablicos. A defesa de Lulinha nega irregularidades. Os advogados questionam juridicamente os vazamentos de informa\u00e7\u00f5es e sustentam que o filho do presidente n\u00e3o participou, nem direta nem indiretamente, de nenhum ato il\u00edcito.<\/p>\n\n\n<div class=\"wp-block-image\">\n<figure class=\"aligncenter size-full is-resized\"><a href=\"https:\/\/www.instagram.com\/kalynecalais\/\"><img loading=\"lazy\" decoding=\"async\" width=\"969\" height=\"406\" src=\"https:\/\/jornalfatosenoticias.com.br\/wp-content\/uploads\/2024\/09\/Legis-Juris-Consultoria_logo.jpg\" alt=\"\" class=\"wp-image-53915\" style=\"aspect-ratio:2.3867874267448057;width:492px;height:auto\" srcset=\"https:\/\/jornalfatosenoticias.com.br\/wp-content\/uploads\/2024\/09\/Legis-Juris-Consultoria_logo.jpg 969w, https:\/\/jornalfatosenoticias.com.br\/wp-content\/uploads\/2024\/09\/Legis-Juris-Consultoria_logo-300x126.jpg 300w, https:\/\/jornalfatosenoticias.com.br\/wp-content\/uploads\/2024\/09\/Legis-Juris-Consultoria_logo-768x322.jpg 768w\" sizes=\"auto, (max-width: 969px) 100vw, 969px\" \/><\/a><\/figure>\n<\/div>\n\n\n<p><strong><mark style=\"background-color:rgba(0, 0, 0, 0)\" class=\"has-inline-color has-black-color\">A decis\u00e3o que colocou Dino no centro do caso<br><\/mark><\/strong>A distribui\u00e7\u00e3o dos inqu\u00e9ritos no STF chamou aten\u00e7\u00e3o porque os tr\u00eas procedimentos t\u00eam pontos comuns e de contato. O constitucionalista Alessandro Chiarottino avaliou que existe um n\u00facleo comum entre as investiga\u00e7\u00f5es: suspeitas de tr\u00e1fico de influ\u00eancia envolvendo Lulinha e empres\u00e1rios que apareceram nas apura\u00e7\u00f5es derivadas da Sem Desconto. Embora os casos envolvam \u00f3rg\u00e3os diferentes, como o Minist\u00e9rio da Sa\u00fade e a Dataprev, a hip\u00f3tese investigativa mant\u00e9m elementos em comum, o que significaria remeter tudo a um mesmo relator, no caso, Mendon\u00e7a, que era o juiz de preven\u00e7\u00e3o do caso.<br>A consequ\u00eancia pr\u00e1tica \u00e9 que dois inqu\u00e9ritos permanecem sob Mendon\u00e7a, enquanto o terceiro passou a ser conduzido por Dino. O analista levanta a possibilidade de que os procedimentos pudessem ser reunidos sob a relatoria de Mendon\u00e7a justamente em raz\u00e3o das conex\u00f5es entre os fatos. \u201cO risco apontado n\u00e3o \u00e9 apenas pol\u00edtico. Com dois ministros analisando investiga\u00e7\u00f5es relacionadas, podem surgir decis\u00f5es diferentes sobre produ\u00e7\u00e3o, compartilhamento e aproveitamento de provas\u201d, descreve.<br>Especialistas ouvidos pela Gazeta do Povo alertaram que esse tipo de fragmenta\u00e7\u00e3o pode resultar em conflitos de compet\u00eancia, recursos e pedidos de reuni\u00e3o dos processos, prolongando ou travando a apura\u00e7\u00e3o.<\/p>\n\n\n\n<blockquote class=\"wp-block-quote is-layout-flow wp-block-quote-is-layout-flow\">\n<p><mark style=\"background-color:rgba(0, 0, 0, 0)\" class=\"has-inline-color has-luminous-vivid-orange-color\">\u00c9 nesse ponto que uma decis\u00e3o de Dino pode se tornar decisiva. N\u00e3o necessariamente porque interromperia automaticamente a investiga\u00e7\u00e3o, mas porque pode dificultar uma estrat\u00e9gia \u00fanica de apura\u00e7\u00e3o, caso os fatos realmente sejam conexos\u201d, destaca Marsiglia.<\/mark><\/p>\n<\/blockquote>\n\n\n<div class=\"wp-block-image\">\n<figure class=\"aligncenter size-full is-resized\"><a href=\"https:\/\/www.controlsystems.com.br\/\"><img loading=\"lazy\" decoding=\"async\" width=\"834\" height=\"1000\" src=\"https:\/\/jornalfatosenoticias.com.br\/wp-content\/uploads\/2020\/02\/CONTROL-CS.jpg\" alt=\"\" class=\"wp-image-44991\" style=\"aspect-ratio:0.8340042300607219;width:289px;height:auto\" srcset=\"https:\/\/jornalfatosenoticias.com.br\/wp-content\/uploads\/2020\/02\/CONTROL-CS.jpg 834w, https:\/\/jornalfatosenoticias.com.br\/wp-content\/uploads\/2020\/02\/CONTROL-CS-250x300.jpg 250w, https:\/\/jornalfatosenoticias.com.br\/wp-content\/uploads\/2020\/02\/CONTROL-CS-768x921.jpg 768w\" sizes=\"auto, (max-width: 834px) 100vw, 834px\" \/><\/a><\/figure>\n<\/div>\n\n\n<p><strong><mark style=\"background-color:rgba(0, 0, 0, 0)\" class=\"has-inline-color has-black-color\">O isolamento de Mendon\u00e7a dentro do STF<br><\/mark><\/strong>Andr\u00e9 Marsiglia vem acompanhando a disputa em torno da relatoria e, em diferentes an\u00e1lises, chamou aten\u00e7\u00e3o para o que considera um processo de esvaziamento da posi\u00e7\u00e3o de Mendon\u00e7a dentro do STF. O constitucionalista afirmou que a cria\u00e7\u00e3o de relatorias paralelas poderia, na pr\u00e1tica, reduzir a autoridade do relator originalmente sorteado. \u201cMendon\u00e7a est\u00e1 \u00e0 frente de investiga\u00e7\u00f5es particularmente sens\u00edveis, incluindo os desdobramentos da CPMI do INSS e quest\u00f5es relacionadas a Lulinha. A cria\u00e7\u00e3o de relatorias alternativas poderia funcionar como forma de contornar a atua\u00e7\u00e3o do ministro\u201d, destaca.<br>Segundo Chiarottino, Mendon\u00e7a parece estar isolado em suas a\u00e7\u00f5es dentro do Supremo. <em>\u201cE isso n\u00e3o seria de hoje, temos visto que ele \u00e9 o \u00fanico, por exemplo, a enfrentar Moraes [o ministro Alexandre de Moraes]\u201d.<\/em><br>Marsiglia questionou ainda se Dino teria \u201cindepend\u00eancia e tranquilidade\u201d para conduzir a investiga\u00e7\u00e3o envolvendo o filho do Lula, pois foi ministro do atual governo e indicado pelo petista para compor a Corte. Ele afirmou ainda esperar que a apura\u00e7\u00e3o n\u00e3o tivesse um \u201cvoo de galinha\u201d &#8211; express\u00e3o usada para se referir a algo que come\u00e7a, mas n\u00e3o tem continuidade &#8211; ao defender o prosseguimento das dilig\u00eancias.<\/p>\n\n\n<div class=\"wp-block-image\">\n<figure class=\"aligncenter size-full\"><a href=\"https:\/\/www.cesconetto.com.br\/\"><img loading=\"lazy\" decoding=\"async\" width=\"300\" height=\"250\" src=\"https:\/\/jornalfatosenoticias.com.br\/wp-content\/uploads\/2020\/02\/Banner-2.png\" alt=\"\" class=\"wp-image-43787\"\/><\/a><\/figure>\n<\/div>\n\n\n<p>Na semana passada, ao analisar a movimenta\u00e7\u00e3o da <a href=\"https:\/\/www.gazetadopovo.com.br\/republica\/pgr-solicita-transferencia-de-investigacao-contra-lulinha-para-a-primeira-instancia\/\">Procuradoria-Geral da Rep\u00fablica para levar parte do caso \u00e0 primeira inst\u00e2ncia<\/a>, o constitucionalista sustentou que a mudan\u00e7a poderia retirar das m\u00e3os de Mendon\u00e7a justamente a investiga\u00e7\u00e3o que, segundo ele, estaria mais avan\u00e7ada no Supremo, a que investiga suposto lobby na Sa\u00fade. \u201cTrata-se de uma hip\u00f3tese, e n\u00e3o como conclus\u00e3o sobre a inten\u00e7\u00e3o da PGR\u201d.<br>Chiarottino tamb\u00e9m colocou a quest\u00e3o em termos institucionais. Ao analisar o pedido para retirar o caso do STF, o constitucionalista tamb\u00e9m destacou que Mendon\u00e7a enfrenta um isolamento dentro da Corte e relacionou esse cen\u00e1rio \u00e0 sua atua\u00e7\u00e3o em temas que envolvem o governo e outros ministros. Em sua avalia\u00e7\u00e3o, a abertura de novas frentes pode testar justamente a chamada preven\u00e7\u00e3o, princ\u00edpio pelo qual um ministro que j\u00e1 conduz uma investiga\u00e7\u00e3o relacionada pode ter prefer\u00eancia para analisar os desdobramentos dela.<\/p>\n\n\n<div class=\"wp-block-image\">\n<figure class=\"aligncenter size-full is-resized\"><a href=\"https:\/\/panper.com.br\/\"><img loading=\"lazy\" decoding=\"async\" width=\"400\" height=\"277\" src=\"https:\/\/jornalfatosenoticias.com.br\/wp-content\/uploads\/2023\/03\/logo-Panper_portal.jpg\" alt=\"\" class=\"wp-image-40208\" style=\"width:339px;height:auto\" srcset=\"https:\/\/jornalfatosenoticias.com.br\/wp-content\/uploads\/2023\/03\/logo-Panper_portal.jpg 400w, https:\/\/jornalfatosenoticias.com.br\/wp-content\/uploads\/2023\/03\/logo-Panper_portal-300x208.jpg 300w\" sizes=\"auto, (max-width: 400px) 100vw, 400px\" \/><\/a><\/figure>\n<\/div>\n\n\n<p><strong><mark style=\"background-color:rgba(0, 0, 0, 0)\" class=\"has-inline-color has-black-color\">O que pode acontecer agora<br><\/mark><\/strong>Analistas alertam que, quaisquer que sejam as decis\u00f5es de Dino, isoladamente, n\u00e3o significa que as investiga\u00e7\u00f5es contra Lulinha devam ser paralisadas. Tampouco existe, neste momento, uma decis\u00e3o que determine o encerramento das dilig\u00eancias conduzidas por Mendon\u00e7a. O problema apontado seria outro. \u201cQuanto mais fragmentadas estiverem as apura\u00e7\u00f5es, maior poder\u00e1 ser a disputa sobre quem pode determinar as pr\u00f3ximas medidas e como as provas produzidas em um inqu\u00e9rito poder\u00e3o ser utilizadas nos demais\u201d, lembra Marsiglia.<br>Esse cen\u00e1rio pode se tornar especialmente sens\u00edvel se surgirem elementos que conectem os diferentes n\u00facleos investigados. \u201cNesse caso, poder\u00e3o voltar \u00e0 mesa pedidos de reuni\u00e3o dos procedimentos, discuss\u00f5es sobre preven\u00e7\u00e3o e questionamentos sobre a compet\u00eancia de cada relator\u201d, descreve o criminalista M\u00e1rcio Nunes.<br>Para Marsiglia, \u00e9 por isso que uma poss\u00edvel \u201ccanetada\u201d de Dino teria peso maior do que a abertura de um novo inqu\u00e9rito. Ela consolidaria uma investiga\u00e7\u00e3o paralela justamente quando Mendon\u00e7a j\u00e1 conduz duas apura\u00e7\u00f5es relacionadas. \u201cSe as linhas de investiga\u00e7\u00e3o permanecerem separadas, a defesa poder\u00e1 explorar eventuais diverg\u00eancias entre decis\u00f5es e procedimentos. Se forem reunidas, voltar\u00e1 ao centro do debate a possibilidade de concentra\u00e7\u00e3o do caso sob Mendon\u00e7a\u201d.<br>Para analistas, o que j\u00e1 est\u00e1 posto \u00e9 uma disputa sobre a arquitetura da investiga\u00e7\u00e3o e, nesse desenho, a posi\u00e7\u00e3o de Andr\u00e9 Mendon\u00e7a teria se tornado, segundo analistas, um dos principais pontos de tens\u00e3o do caso.<\/p>\n\n\n<div class=\"wp-block-image\">\n<figure class=\"aligncenter size-large is-resized\"><a href=\"https:\/\/hotelmarquetti.com.br\/\"><img loading=\"lazy\" decoding=\"async\" width=\"1024\" height=\"680\" src=\"https:\/\/jornalfatosenoticias.com.br\/wp-content\/uploads\/2020\/02\/LOGO-MQ-1024x680.jpg\" alt=\"\" class=\"wp-image-58299\" style=\"width:370px;height:auto\" srcset=\"https:\/\/jornalfatosenoticias.com.br\/wp-content\/uploads\/2020\/02\/LOGO-MQ-1024x680.jpg 1024w, https:\/\/jornalfatosenoticias.com.br\/wp-content\/uploads\/2020\/02\/LOGO-MQ-300x199.jpg 300w, https:\/\/jornalfatosenoticias.com.br\/wp-content\/uploads\/2020\/02\/LOGO-MQ-768x510.jpg 768w, https:\/\/jornalfatosenoticias.com.br\/wp-content\/uploads\/2020\/02\/LOGO-MQ-1536x1020.jpg 1536w, https:\/\/jornalfatosenoticias.com.br\/wp-content\/uploads\/2020\/02\/LOGO-MQ-2048x1360.jpg 2048w\" sizes=\"auto, (max-width: 1024px) 100vw, 1024px\" \/><\/a><\/figure>\n<\/div>\n\n\n<p><strong>Fonte: <a href=\"https:\/\/www.gazetadopovo.com.br\/republica\/canetada-dino-fragmentar-investigacao-lulinha-enfraquecer-mendonca\/\">Gazeta do Povo<\/a><\/strong><\/p>\n","protected":false},"excerpt":{"rendered":"<p>Com novo inqu\u00e9rito sob relatoria de Fl\u00e1vio Dino, investiga\u00e7\u00f5es envolvendo Lulinha ficam divididas entre dois ministros do STF Por Juliet Manfrin\/Aline Rechmann A decis\u00e3o do ministro Fl\u00e1vio Dino de autorizar o terceiro inqu\u00e9rito contra F\u00e1bio Lu\u00eds Lula da Silva, o Lulinha, colocou nas m\u00e3os do pr\u00f3prio magistrado uma pe\u00e7a capaz de alterar os rumos de [&hellip;]<\/p>\n","protected":false},"author":2,"featured_media":69503,"comment_status":"open","ping_status":"open","sticky":false,"template":"","format":"standard","meta":{"footnotes":""},"categories":[5],"tags":[],"class_list":["post-69502","post","type-post","status-publish","format-standard","has-post-thumbnail","hentry","category-geral"],"yoast_head":"<!-- This site is optimized with the Yoast SEO plugin v26.5 - https:\/\/yoast.com\/wordpress\/plugins\/seo\/ -->\n<title>Canetada de Dino pode travar investiga\u00e7\u00e3o sobre Lulinha e enfraquecer Mendon\u00e7a - Jornal Fatos e Not\u00edcias<\/title>\n<meta name=\"robots\" content=\"index, follow, max-snippet:-1, max-image-preview:large, max-video-preview:-1\" \/>\n<link rel=\"canonical\" href=\"https:\/\/jornalfatosenoticias.com.br\/index.php\/2026\/08\/31\/canetada-de-dino-pode-travar-investigacao-sobre-lulinha-e-enfraquecer-mendonca\/\" \/>\n<meta property=\"og:locale\" content=\"pt_BR\" \/>\n<meta property=\"og:type\" content=\"article\" \/>\n<meta property=\"og:title\" content=\"Canetada de Dino pode travar investiga\u00e7\u00e3o sobre Lulinha e enfraquecer Mendon\u00e7a - Jornal Fatos e Not\u00edcias\" \/>\n<meta property=\"og:description\" content=\"Com novo inqu\u00e9rito sob relatoria de Fl\u00e1vio Dino, investiga\u00e7\u00f5es envolvendo Lulinha ficam divididas entre dois ministros do STF Por Juliet Manfrin\/Aline Rechmann A decis\u00e3o do ministro Fl\u00e1vio Dino de autorizar o terceiro inqu\u00e9rito contra F\u00e1bio Lu\u00eds Lula da Silva, o Lulinha, colocou nas m\u00e3os do pr\u00f3prio magistrado uma pe\u00e7a capaz de alterar os rumos de [&hellip;]\" \/>\n<meta property=\"og:url\" content=\"https:\/\/jornalfatosenoticias.com.br\/index.php\/2026\/08\/31\/canetada-de-dino-pode-travar-investigacao-sobre-lulinha-e-enfraquecer-mendonca\/\" \/>\n<meta property=\"og:site_name\" content=\"Jornal Fatos e Not\u00edcias\" \/>\n<meta property=\"article:published_time\" content=\"2026-08-31T18:05:19+00:00\" \/>\n<meta property=\"article:modified_time\" content=\"2026-08-31T18:05:20+00:00\" \/>\n<meta property=\"og:image\" content=\"https:\/\/jornalfatosenoticias.com.br\/wp-content\/uploads\/2026\/08\/sapodino.jpg\" \/>\n\t<meta property=\"og:image:width\" content=\"960\" \/>\n\t<meta property=\"og:image:height\" content=\"540\" \/>\n\t<meta property=\"og:image:type\" content=\"image\/jpeg\" \/>\n<meta name=\"author\" content=\"Luzimara Fernandes\" \/>\n<meta name=\"twitter:card\" content=\"summary_large_image\" \/>\n<meta name=\"twitter:label1\" content=\"Escrito por\" \/>\n\t<meta name=\"twitter:data1\" content=\"Luzimara Fernandes\" \/>\n\t<meta name=\"twitter:label2\" content=\"Est. tempo de leitura\" \/>\n\t<meta name=\"twitter:data2\" content=\"10 minutos\" \/>\n<script type=\"application\/ld+json\" class=\"yoast-schema-graph\">{\"@context\":\"https:\/\/schema.org\",\"@graph\":[{\"@type\":\"Article\",\"@id\":\"https:\/\/jornalfatosenoticias.com.br\/index.php\/2026\/08\/31\/canetada-de-dino-pode-travar-investigacao-sobre-lulinha-e-enfraquecer-mendonca\/#article\",\"isPartOf\":{\"@id\":\"https:\/\/jornalfatosenoticias.com.br\/index.php\/2026\/08\/31\/canetada-de-dino-pode-travar-investigacao-sobre-lulinha-e-enfraquecer-mendonca\/\"},\"author\":{\"name\":\"Luzimara Fernandes\",\"@id\":\"https:\/\/jornalfatosenoticias.com.br\/#\/schema\/person\/d63837fa13ac8666eb9e74e0985d6f81\"},\"headline\":\"Canetada de Dino pode travar investiga\u00e7\u00e3o sobre Lulinha e enfraquecer Mendon\u00e7a\",\"datePublished\":\"2026-08-31T18:05:19+00:00\",\"dateModified\":\"2026-08-31T18:05:20+00:00\",\"mainEntityOfPage\":{\"@id\":\"https:\/\/jornalfatosenoticias.com.br\/index.php\/2026\/08\/31\/canetada-de-dino-pode-travar-investigacao-sobre-lulinha-e-enfraquecer-mendonca\/\"},\"wordCount\":1713,\"commentCount\":0,\"publisher\":{\"@id\":\"https:\/\/jornalfatosenoticias.com.br\/#organization\"},\"image\":{\"@id\":\"https:\/\/jornalfatosenoticias.com.br\/index.php\/2026\/08\/31\/canetada-de-dino-pode-travar-investigacao-sobre-lulinha-e-enfraquecer-mendonca\/#primaryimage\"},\"thumbnailUrl\":\"https:\/\/jornalfatosenoticias.com.br\/wp-content\/uploads\/2026\/08\/sapodino.jpg\",\"articleSection\":[\"Geral\"],\"inLanguage\":\"pt-BR\",\"potentialAction\":[{\"@type\":\"CommentAction\",\"name\":\"Comment\",\"target\":[\"https:\/\/jornalfatosenoticias.com.br\/index.php\/2026\/08\/31\/canetada-de-dino-pode-travar-investigacao-sobre-lulinha-e-enfraquecer-mendonca\/#respond\"]}]},{\"@type\":\"WebPage\",\"@id\":\"https:\/\/jornalfatosenoticias.com.br\/index.php\/2026\/08\/31\/canetada-de-dino-pode-travar-investigacao-sobre-lulinha-e-enfraquecer-mendonca\/\",\"url\":\"https:\/\/jornalfatosenoticias.com.br\/index.php\/2026\/08\/31\/canetada-de-dino-pode-travar-investigacao-sobre-lulinha-e-enfraquecer-mendonca\/\",\"name\":\"Canetada de Dino pode travar investiga\u00e7\u00e3o sobre Lulinha e enfraquecer Mendon\u00e7a - Jornal Fatos e Not\u00edcias\",\"isPartOf\":{\"@id\":\"https:\/\/jornalfatosenoticias.com.br\/#website\"},\"primaryImageOfPage\":{\"@id\":\"https:\/\/jornalfatosenoticias.com.br\/index.php\/2026\/08\/31\/canetada-de-dino-pode-travar-investigacao-sobre-lulinha-e-enfraquecer-mendonca\/#primaryimage\"},\"image\":{\"@id\":\"https:\/\/jornalfatosenoticias.com.br\/index.php\/2026\/08\/31\/canetada-de-dino-pode-travar-investigacao-sobre-lulinha-e-enfraquecer-mendonca\/#primaryimage\"},\"thumbnailUrl\":\"https:\/\/jornalfatosenoticias.com.br\/wp-content\/uploads\/2026\/08\/sapodino.jpg\",\"datePublished\":\"2026-08-31T18:05:19+00:00\",\"dateModified\":\"2026-08-31T18:05:20+00:00\",\"breadcrumb\":{\"@id\":\"https:\/\/jornalfatosenoticias.com.br\/index.php\/2026\/08\/31\/canetada-de-dino-pode-travar-investigacao-sobre-lulinha-e-enfraquecer-mendonca\/#breadcrumb\"},\"inLanguage\":\"pt-BR\",\"potentialAction\":[{\"@type\":\"ReadAction\",\"target\":[\"https:\/\/jornalfatosenoticias.com.br\/index.php\/2026\/08\/31\/canetada-de-dino-pode-travar-investigacao-sobre-lulinha-e-enfraquecer-mendonca\/\"]}]},{\"@type\":\"ImageObject\",\"inLanguage\":\"pt-BR\",\"@id\":\"https:\/\/jornalfatosenoticias.com.br\/index.php\/2026\/08\/31\/canetada-de-dino-pode-travar-investigacao-sobre-lulinha-e-enfraquecer-mendonca\/#primaryimage\",\"url\":\"https:\/\/jornalfatosenoticias.com.br\/wp-content\/uploads\/2026\/08\/sapodino.jpg\",\"contentUrl\":\"https:\/\/jornalfatosenoticias.com.br\/wp-content\/uploads\/2026\/08\/sapodino.jpg\",\"width\":960,\"height\":540},{\"@type\":\"BreadcrumbList\",\"@id\":\"https:\/\/jornalfatosenoticias.com.br\/index.php\/2026\/08\/31\/canetada-de-dino-pode-travar-investigacao-sobre-lulinha-e-enfraquecer-mendonca\/#breadcrumb\",\"itemListElement\":[{\"@type\":\"ListItem\",\"position\":1,\"name\":\"In\u00edcio\",\"item\":\"https:\/\/jornalfatosenoticias.com.br\/\"},{\"@type\":\"ListItem\",\"position\":2,\"name\":\"Canetada de Dino pode travar investiga\u00e7\u00e3o sobre Lulinha e enfraquecer Mendon\u00e7a\"}]},{\"@type\":\"WebSite\",\"@id\":\"https:\/\/jornalfatosenoticias.com.br\/#website\",\"url\":\"https:\/\/jornalfatosenoticias.com.br\/\",\"name\":\"Jornal Fatos e Not\u00edcias\",\"description\":\"Not\u00edcias em geral\",\"publisher\":{\"@id\":\"https:\/\/jornalfatosenoticias.com.br\/#organization\"},\"potentialAction\":[{\"@type\":\"SearchAction\",\"target\":{\"@type\":\"EntryPoint\",\"urlTemplate\":\"https:\/\/jornalfatosenoticias.com.br\/?s={search_term_string}\"},\"query-input\":{\"@type\":\"PropertyValueSpecification\",\"valueRequired\":true,\"valueName\":\"search_term_string\"}}],\"inLanguage\":\"pt-BR\"},{\"@type\":\"Organization\",\"@id\":\"https:\/\/jornalfatosenoticias.com.br\/#organization\",\"name\":\"Jornal Fatos e Not\u00edcias\",\"url\":\"https:\/\/jornalfatosenoticias.com.br\/\",\"logo\":{\"@type\":\"ImageObject\",\"inLanguage\":\"pt-BR\",\"@id\":\"https:\/\/jornalfatosenoticias.com.br\/#\/schema\/logo\/image\/\",\"url\":\"https:\/\/jornalfatosenoticias.com.br\/wp-content\/uploads\/2020\/02\/logo120.png\",\"contentUrl\":\"https:\/\/jornalfatosenoticias.com.br\/wp-content\/uploads\/2020\/02\/logo120.png\",\"width\":1227,\"height\":120,\"caption\":\"Jornal Fatos e Not\u00edcias\"},\"image\":{\"@id\":\"https:\/\/jornalfatosenoticias.com.br\/#\/schema\/logo\/image\/\"}},{\"@type\":\"Person\",\"@id\":\"https:\/\/jornalfatosenoticias.com.br\/#\/schema\/person\/d63837fa13ac8666eb9e74e0985d6f81\",\"name\":\"Luzimara Fernandes\",\"image\":{\"@type\":\"ImageObject\",\"inLanguage\":\"pt-BR\",\"@id\":\"https:\/\/jornalfatosenoticias.com.br\/#\/schema\/person\/image\/\",\"url\":\"https:\/\/jornalfatosenoticias.com.br\/wp-content\/uploads\/2025\/05\/EU_portal.jpg\",\"contentUrl\":\"https:\/\/jornalfatosenoticias.com.br\/wp-content\/uploads\/2025\/05\/EU_portal.jpg\",\"caption\":\"Luzimara Fernandes\"},\"description\":\"Jornalista MTB 2358-ES\",\"sameAs\":[\"https:\/\/jornalfatosenoticias.com.br\"],\"url\":\"https:\/\/jornalfatosenoticias.com.br\/index.php\/author\/luzimara\/\"}]}<\/script>\n<!-- \/ Yoast SEO plugin. -->","yoast_head_json":{"title":"Canetada de Dino pode travar investiga\u00e7\u00e3o sobre Lulinha e enfraquecer Mendon\u00e7a - Jornal Fatos e Not\u00edcias","robots":{"index":"index","follow":"follow","max-snippet":"max-snippet:-1","max-image-preview":"max-image-preview:large","max-video-preview":"max-video-preview:-1"},"canonical":"https:\/\/jornalfatosenoticias.com.br\/index.php\/2026\/08\/31\/canetada-de-dino-pode-travar-investigacao-sobre-lulinha-e-enfraquecer-mendonca\/","og_locale":"pt_BR","og_type":"article","og_title":"Canetada de Dino pode travar investiga\u00e7\u00e3o sobre Lulinha e enfraquecer Mendon\u00e7a - Jornal Fatos e Not\u00edcias","og_description":"Com novo inqu\u00e9rito sob relatoria de Fl\u00e1vio Dino, investiga\u00e7\u00f5es envolvendo Lulinha ficam divididas entre dois ministros do STF Por Juliet Manfrin\/Aline Rechmann A decis\u00e3o do ministro Fl\u00e1vio Dino de autorizar o terceiro inqu\u00e9rito contra F\u00e1bio Lu\u00eds Lula da Silva, o Lulinha, colocou nas m\u00e3os do pr\u00f3prio magistrado uma pe\u00e7a capaz de alterar os rumos de [&hellip;]","og_url":"https:\/\/jornalfatosenoticias.com.br\/index.php\/2026\/08\/31\/canetada-de-dino-pode-travar-investigacao-sobre-lulinha-e-enfraquecer-mendonca\/","og_site_name":"Jornal Fatos e Not\u00edcias","article_published_time":"2026-08-31T18:05:19+00:00","article_modified_time":"2026-08-31T18:05:20+00:00","og_image":[{"width":960,"height":540,"url":"https:\/\/jornalfatosenoticias.com.br\/wp-content\/uploads\/2026\/08\/sapodino.jpg","type":"image\/jpeg"}],"author":"Luzimara Fernandes","twitter_card":"summary_large_image","twitter_misc":{"Escrito por":"Luzimara Fernandes","Est. tempo de leitura":"10 minutos"},"schema":{"@context":"https:\/\/schema.org","@graph":[{"@type":"Article","@id":"https:\/\/jornalfatosenoticias.com.br\/index.php\/2026\/08\/31\/canetada-de-dino-pode-travar-investigacao-sobre-lulinha-e-enfraquecer-mendonca\/#article","isPartOf":{"@id":"https:\/\/jornalfatosenoticias.com.br\/index.php\/2026\/08\/31\/canetada-de-dino-pode-travar-investigacao-sobre-lulinha-e-enfraquecer-mendonca\/"},"author":{"name":"Luzimara Fernandes","@id":"https:\/\/jornalfatosenoticias.com.br\/#\/schema\/person\/d63837fa13ac8666eb9e74e0985d6f81"},"headline":"Canetada de Dino pode travar investiga\u00e7\u00e3o sobre Lulinha e enfraquecer Mendon\u00e7a","datePublished":"2026-08-31T18:05:19+00:00","dateModified":"2026-08-31T18:05:20+00:00","mainEntityOfPage":{"@id":"https:\/\/jornalfatosenoticias.com.br\/index.php\/2026\/08\/31\/canetada-de-dino-pode-travar-investigacao-sobre-lulinha-e-enfraquecer-mendonca\/"},"wordCount":1713,"commentCount":0,"publisher":{"@id":"https:\/\/jornalfatosenoticias.com.br\/#organization"},"image":{"@id":"https:\/\/jornalfatosenoticias.com.br\/index.php\/2026\/08\/31\/canetada-de-dino-pode-travar-investigacao-sobre-lulinha-e-enfraquecer-mendonca\/#primaryimage"},"thumbnailUrl":"https:\/\/jornalfatosenoticias.com.br\/wp-content\/uploads\/2026\/08\/sapodino.jpg","articleSection":["Geral"],"inLanguage":"pt-BR","potentialAction":[{"@type":"CommentAction","name":"Comment","target":["https:\/\/jornalfatosenoticias.com.br\/index.php\/2026\/08\/31\/canetada-de-dino-pode-travar-investigacao-sobre-lulinha-e-enfraquecer-mendonca\/#respond"]}]},{"@type":"WebPage","@id":"https:\/\/jornalfatosenoticias.com.br\/index.php\/2026\/08\/31\/canetada-de-dino-pode-travar-investigacao-sobre-lulinha-e-enfraquecer-mendonca\/","url":"https:\/\/jornalfatosenoticias.com.br\/index.php\/2026\/08\/31\/canetada-de-dino-pode-travar-investigacao-sobre-lulinha-e-enfraquecer-mendonca\/","name":"Canetada de Dino pode travar investiga\u00e7\u00e3o sobre Lulinha e enfraquecer Mendon\u00e7a - Jornal Fatos e Not\u00edcias","isPartOf":{"@id":"https:\/\/jornalfatosenoticias.com.br\/#website"},"primaryImageOfPage":{"@id":"https:\/\/jornalfatosenoticias.com.br\/index.php\/2026\/08\/31\/canetada-de-dino-pode-travar-investigacao-sobre-lulinha-e-enfraquecer-mendonca\/#primaryimage"},"image":{"@id":"https:\/\/jornalfatosenoticias.com.br\/index.php\/2026\/08\/31\/canetada-de-dino-pode-travar-investigacao-sobre-lulinha-e-enfraquecer-mendonca\/#primaryimage"},"thumbnailUrl":"https:\/\/jornalfatosenoticias.com.br\/wp-content\/uploads\/2026\/08\/sapodino.jpg","datePublished":"2026-08-31T18:05:19+00:00","dateModified":"2026-08-31T18:05:20+00:00","breadcrumb":{"@id":"https:\/\/jornalfatosenoticias.com.br\/index.php\/2026\/08\/31\/canetada-de-dino-pode-travar-investigacao-sobre-lulinha-e-enfraquecer-mendonca\/#breadcrumb"},"inLanguage":"pt-BR","potentialAction":[{"@type":"ReadAction","target":["https:\/\/jornalfatosenoticias.com.br\/index.php\/2026\/08\/31\/canetada-de-dino-pode-travar-investigacao-sobre-lulinha-e-enfraquecer-mendonca\/"]}]},{"@type":"ImageObject","inLanguage":"pt-BR","@id":"https:\/\/jornalfatosenoticias.com.br\/index.php\/2026\/08\/31\/canetada-de-dino-pode-travar-investigacao-sobre-lulinha-e-enfraquecer-mendonca\/#primaryimage","url":"https:\/\/jornalfatosenoticias.com.br\/wp-content\/uploads\/2026\/08\/sapodino.jpg","contentUrl":"https:\/\/jornalfatosenoticias.com.br\/wp-content\/uploads\/2026\/08\/sapodino.jpg","width":960,"height":540},{"@type":"BreadcrumbList","@id":"https:\/\/jornalfatosenoticias.com.br\/index.php\/2026\/08\/31\/canetada-de-dino-pode-travar-investigacao-sobre-lulinha-e-enfraquecer-mendonca\/#breadcrumb","itemListElement":[{"@type":"ListItem","position":1,"name":"In\u00edcio","item":"https:\/\/jornalfatosenoticias.com.br\/"},{"@type":"ListItem","position":2,"name":"Canetada de Dino pode travar investiga\u00e7\u00e3o sobre Lulinha e enfraquecer Mendon\u00e7a"}]},{"@type":"WebSite","@id":"https:\/\/jornalfatosenoticias.com.br\/#website","url":"https:\/\/jornalfatosenoticias.com.br\/","name":"Jornal Fatos e Not\u00edcias","description":"Not\u00edcias em geral","publisher":{"@id":"https:\/\/jornalfatosenoticias.com.br\/#organization"},"potentialAction":[{"@type":"SearchAction","target":{"@type":"EntryPoint","urlTemplate":"https:\/\/jornalfatosenoticias.com.br\/?s={search_term_string}"},"query-input":{"@type":"PropertyValueSpecification","valueRequired":true,"valueName":"search_term_string"}}],"inLanguage":"pt-BR"},{"@type":"Organization","@id":"https:\/\/jornalfatosenoticias.com.br\/#organization","name":"Jornal Fatos e Not\u00edcias","url":"https:\/\/jornalfatosenoticias.com.br\/","logo":{"@type":"ImageObject","inLanguage":"pt-BR","@id":"https:\/\/jornalfatosenoticias.com.br\/#\/schema\/logo\/image\/","url":"https:\/\/jornalfatosenoticias.com.br\/wp-content\/uploads\/2020\/02\/logo120.png","contentUrl":"https:\/\/jornalfatosenoticias.com.br\/wp-content\/uploads\/2020\/02\/logo120.png","width":1227,"height":120,"caption":"Jornal Fatos e Not\u00edcias"},"image":{"@id":"https:\/\/jornalfatosenoticias.com.br\/#\/schema\/logo\/image\/"}},{"@type":"Person","@id":"https:\/\/jornalfatosenoticias.com.br\/#\/schema\/person\/d63837fa13ac8666eb9e74e0985d6f81","name":"Luzimara Fernandes","image":{"@type":"ImageObject","inLanguage":"pt-BR","@id":"https:\/\/jornalfatosenoticias.com.br\/#\/schema\/person\/image\/","url":"https:\/\/jornalfatosenoticias.com.br\/wp-content\/uploads\/2025\/05\/EU_portal.jpg","contentUrl":"https:\/\/jornalfatosenoticias.com.br\/wp-content\/uploads\/2025\/05\/EU_portal.jpg","caption":"Luzimara Fernandes"},"description":"Jornalista MTB 2358-ES","sameAs":["https:\/\/jornalfatosenoticias.com.br"],"url":"https:\/\/jornalfatosenoticias.com.br\/index.php\/author\/luzimara\/"}]}},"cc_featured_image_caption":{"caption_text":"(Foto: Antonio Augusto\/STF)","source_text":"","source_url":""},"jetpack_featured_media_url":"https:\/\/jornalfatosenoticias.com.br\/wp-content\/uploads\/2026\/08\/sapodino.jpg","_links":{"self":[{"href":"https:\/\/jornalfatosenoticias.com.br\/index.php\/wp-json\/wp\/v2\/posts\/69502","targetHints":{"allow":["GET"]}}],"collection":[{"href":"https:\/\/jornalfatosenoticias.com.br\/index.php\/wp-json\/wp\/v2\/posts"}],"about":[{"href":"https:\/\/jornalfatosenoticias.com.br\/index.php\/wp-json\/wp\/v2\/types\/post"}],"author":[{"embeddable":true,"href":"https:\/\/jornalfatosenoticias.com.br\/index.php\/wp-json\/wp\/v2\/users\/2"}],"replies":[{"embeddable":true,"href":"https:\/\/jornalfatosenoticias.com.br\/index.php\/wp-json\/wp\/v2\/comments?post=69502"}],"version-history":[{"count":1,"href":"https:\/\/jornalfatosenoticias.com.br\/index.php\/wp-json\/wp\/v2\/posts\/69502\/revisions"}],"predecessor-version":[{"id":69504,"href":"https:\/\/jornalfatosenoticias.com.br\/index.php\/wp-json\/wp\/v2\/posts\/69502\/revisions\/69504"}],"wp:featuredmedia":[{"embeddable":true,"href":"https:\/\/jornalfatosenoticias.com.br\/index.php\/wp-json\/wp\/v2\/media\/69503"}],"wp:attachment":[{"href":"https:\/\/jornalfatosenoticias.com.br\/index.php\/wp-json\/wp\/v2\/media?parent=69502"}],"wp:term":[{"taxonomy":"category","embeddable":true,"href":"https:\/\/jornalfatosenoticias.com.br\/index.php\/wp-json\/wp\/v2\/categories?post=69502"},{"taxonomy":"post_tag","embeddable":true,"href":"https:\/\/jornalfatosenoticias.com.br\/index.php\/wp-json\/wp\/v2\/tags?post=69502"}],"curies":[{"name":"wp","href":"https:\/\/api.w.org\/{rel}","templated":true}]}}