{"id":69505,"date":"2026-08-31T15:35:23","date_gmt":"2026-08-31T18:35:23","guid":{"rendered":"https:\/\/jornalfatosenoticias.com.br\/?p=69505"},"modified":"2026-08-31T15:36:13","modified_gmt":"2026-08-31T18:36:13","slug":"a-fruta-asiatica-que-se-adaptou-ao-brasil-e-que-ajuda-a-combater-o-envelhecimento","status":"publish","type":"post","link":"https:\/\/jornalfatosenoticias.com.br\/index.php\/2026\/08\/31\/a-fruta-asiatica-que-se-adaptou-ao-brasil-e-que-ajuda-a-combater-o-envelhecimento\/","title":{"rendered":"A fruta asi\u00e1tica que se adaptou ao Brasil e ajuda a combater o envelhecimento"},"content":{"rendered":"\n<p><em><mark style=\"background-color:rgba(0, 0, 0, 0)\" class=\"has-inline-color has-black-color\">Rico em antioxidantes, o jambo \u00e9 nativo da \u00c1sia e mais cultivado no Norte e Nordeste do Brasil<\/mark><\/em><\/p>\n\n\n\n<p><mark style=\"background-color:rgba(0, 0, 0, 0)\" class=\"has-inline-color has-black-color\">Por <\/mark><a href=\"https:\/\/www.gazetadopovo.com.br\/autor\/bruno-maffi\/\"><strong>Bruno Maffi<\/strong><\/a><\/p>\n\n\n\n<p>Famoso nas regi\u00f5es Norte e Nordeste do Brasil pela beleza de sua florada e pelo sabor adocicado, o <strong>jambo<\/strong> \u2014 fruta de origem asi\u00e1tica adaptada ao clima brasileiro \u2014 atrai a aten\u00e7\u00e3o da ci\u00eancia nacional pelas propriedades medicinais e nutricionais. O jambeiro (<em>Syzygium malaccense<\/em>) pertence \u00e0 <strong>mesma fam\u00edlia bot\u00e2nica da goiaba e da jabuticaba.<\/strong> De acordo com pesquisadores, o seu fruto guarda um poderoso arsenal de vitaminas. S\u00e3o fibras e antioxidantes com potencial de combater os radicais livres e frear o envelhecimento precoce das c\u00e9lulas.<br>Al\u00e9m do uso tradicional no paisagismo urbano e na culin\u00e1ria, pesquisas recentes de universidades brasileiras associam os extratos do vegetal ao controle do diabetes, \u00e0 prote\u00e7\u00e3o do sistema nervoso e \u00e0 preven\u00e7\u00e3o de marcadores do Alzheimer. &#8220;O jambo \u00e9 rico em vitaminas A, C e complexo B, al\u00e9m de minerais como ferro, c\u00e1lcio e f\u00f3sforo. Suas propriedades incluem a\u00e7\u00e3o antioxidante, antidiab\u00e9tica, adstringente e diur\u00e9tica. A casca e a polpa ajudam a proteger os vasos sangu\u00edneos, combater radicais livres e auxiliar na digest\u00e3o&#8221;, explica o bi\u00f3logo Valdely Kinupp, especialista em Plantas Aliment\u00edcias N\u00e3o Convencionais (Pancs).<\/p>\n\n\n<div class=\"wp-block-image\">\n<figure class=\"aligncenter size-full is-resized\"><img loading=\"lazy\" decoding=\"async\" width=\"660\" height=\"372\" src=\"https:\/\/jornalfatosenoticias.com.br\/wp-content\/uploads\/2026\/08\/jambo2.jpg\" alt=\"\" class=\"wp-image-69506\" style=\"width:813px;height:auto\" srcset=\"https:\/\/jornalfatosenoticias.com.br\/wp-content\/uploads\/2026\/08\/jambo2.jpg 660w, https:\/\/jornalfatosenoticias.com.br\/wp-content\/uploads\/2026\/08\/jambo2-300x169.jpg 300w\" sizes=\"auto, (max-width: 660px) 100vw, 660px\" \/><figcaption class=\"wp-element-caption\"><mark style=\"background-color:rgba(0, 0, 0, 0)\" class=\"has-inline-color has-black-color\">O jambo pertence \u00e0 mesma fam\u00edlia bot\u00e2nica da goiaba e da jabuticaba (Foto: Antonio Scarpinetti\/Unicamp)<\/mark><\/figcaption><\/figure>\n<\/div>\n\n\n<p><strong><mark style=\"background-color:rgba(0, 0, 0, 0)\" class=\"has-inline-color has-vivid-purple-color\">Jambo \u00e9 destaque no Norte e Nordeste com variedades de cores<br><\/mark><\/strong>De acordo com o Instituto Brasileiro de Florestas (IBF), o jambeiro \u00e9 uma planta ex\u00f3tica, origin\u00e1ria do continente asi\u00e1tico, especificamente da \u00cdndia e da Mal\u00e1sia. Seu cultivo \u00e9 comum em estados como Acre, Amazonas, Par\u00e1, Maranh\u00e3o, Pernambuco, Bahia e Alagoas. A \u00e1rvore atinge portes que variam de 10 a 20 metros de altura. No per\u00edodo de agosto a fevereiro, ocorre a florada. O processo cobre a \u00e1rvore com flores brancas, de cor creme ou rosas, formadas por infloresc\u00eancias de p\u00e9talas arredondadas em forma de capuz.<br>J\u00e1 a colheita dos frutos transcorre de janeiro a maio. Segundo o IBF, o jambo possui variedades de cores vermelha, rosa, branca e amarela. A op\u00e7\u00e3o vermelha apresenta casca fina, formato robusto e sabor doce com leve acidez. A variedade branca exibe sabor mais suave e menor teor de a\u00e7\u00facar.<\/p>\n\n\n<div class=\"wp-block-image\">\n<figure class=\"aligncenter size-full is-resized\"><img loading=\"lazy\" decoding=\"async\" width=\"660\" height=\"372\" src=\"https:\/\/jornalfatosenoticias.com.br\/wp-content\/uploads\/2026\/08\/jambo3.jpg\" alt=\"\" class=\"wp-image-69507\" style=\"width:840px;height:auto\" srcset=\"https:\/\/jornalfatosenoticias.com.br\/wp-content\/uploads\/2026\/08\/jambo3.jpg 660w, https:\/\/jornalfatosenoticias.com.br\/wp-content\/uploads\/2026\/08\/jambo3-300x169.jpg 300w\" sizes=\"auto, (max-width: 660px) 100vw, 660px\" \/><figcaption class=\"wp-element-caption\"><mark style=\"background-color:rgba(0, 0, 0, 0)\" class=\"has-inline-color has-black-color\">Congelada, a flor do jambeiro n\u00e3o perde a estrutura. No freezer, seus estames mant\u00eam a textura e a cor vibrante para colorir pratos e drinques o ano todo (Foto: Reprodu\u00e7\u00e3o)<\/mark><\/figcaption><\/figure>\n<\/div>\n\n\n<p><strong><mark style=\"background-color:rgba(0, 0, 0, 0)\" class=\"has-inline-color has-vivid-purple-color\">Flor de jambeiro pode ser congelada e folhas ajudam a controlar o diabetes<br><\/mark><\/strong>Knupp explica que o jambo se enquadra em uma categoria especial de alimentos devido ao seu uso restrito no cotidiano. &#8220;A esp\u00e9cie \u00e9 considerada uma planta aliment\u00edcia n\u00e3o convencional. Se o consumo do fruto j\u00e1 n\u00e3o \u00e9 corriqueiro, o das flores e folhas comest\u00edveis \u00e9 ainda mais ignorado. Elas podem <strong>enriquecer saladas, caipirinhas, sucos e at\u00e9 o arroz<\/strong>&#8220;, elenca. O especialista ressalta que a flor do jambeiro possui uma resist\u00eancia incomum, podendo ser congelada sem perder a estrutura. <em>&#8220;\u00c9 uma das poucas flores do planeta que podem ser armazenadas em saquinhos ou potinhos no freezer mantendo um visual surpreendente para o momento de servir&#8221;<\/em>, afirma.<br>Knupp destaca ainda as propriedades medicinais da planta. &#8220;Com propriedades protetoras surpreendentes, a folha ajuda no controle e tratamento do diabetes mellitus gra\u00e7as \u00e0 a\u00e7\u00e3o anti-hiperglic\u00eamica. E h\u00e1 quem brinque que o uso na caipirinha \u00e9 quase um brinde \u00e0 sa\u00fade, devido ao seu potencial hepatoprotetor, ou seja, de regenera\u00e7\u00e3o das c\u00e9lulas do f\u00edgado&#8221;.<\/p>\n\n\n<div class=\"wp-block-image\">\n<figure class=\"aligncenter size-full is-resized\"><img loading=\"lazy\" decoding=\"async\" width=\"660\" height=\"372\" src=\"https:\/\/jornalfatosenoticias.com.br\/wp-content\/uploads\/2026\/08\/jambo4.jpg\" alt=\"\" class=\"wp-image-69508\" style=\"width:840px;height:auto\" srcset=\"https:\/\/jornalfatosenoticias.com.br\/wp-content\/uploads\/2026\/08\/jambo4.jpg 660w, https:\/\/jornalfatosenoticias.com.br\/wp-content\/uploads\/2026\/08\/jambo4-300x169.jpg 300w\" sizes=\"auto, (max-width: 660px) 100vw, 660px\" \/><figcaption class=\"wp-element-caption\"><mark style=\"background-color:rgba(0, 0, 0, 0)\" class=\"has-inline-color has-black-color\">Cientistas da Unicamp utilizam casca e polpa desidratadas para avaliar os impactos da fruta no sistema nervoso de animais (Foto: Antonio Scarpinetti\/Unicamp)<\/mark><\/figcaption><\/figure>\n<\/div>\n\n\n<p><strong><mark style=\"background-color:rgba(0, 0, 0, 0)\" class=\"has-inline-color has-vivid-purple-color\">Pesquisa da Unicamp indica benef\u00edcios do jambo \u00e0 sa\u00fade<br><\/mark><\/strong>Uma pesquisa de doutorado da Universidade Estadual de Campinas (Unicamp) conduzida por \u00c2ngela Giovana Batista avaliou os benef\u00edcios do jambo \u00e0 sa\u00fade. A cientista secou a casca e a polpa da fruta e misturou o ingrediente na ra\u00e7\u00e3o de camundongos sob dietas com pouca e muita gordura.<br>\u201cEm testes anteriores detectamos compostos importantes para a sa\u00fade, como fibras alimentares, e compostos antioxidantes, como as antocianinas (pigmento vermelho, natural de algumas plantas) e taninos\u201d, destaca \u00c2ngela. De acordo com a pesquisadora, o tratamento de dez semanas melhorou a capacidade dos animais de processar o a\u00e7\u00facar no sangue, reduziu inflama\u00e7\u00f5es corporais e aumentou as defesas contra o envelhecimento celular.<br>Em um teste de mem\u00f3ria em piscina com sa\u00edda oculta, os roedores que comeram jambo nadaram direto para o local correto, enquanto os outros ficaram perdidos. \u201cOs animais que consumiram as frutas mostraram assim melhor desempenho de aprendizado e mem\u00f3ria\u201d, refor\u00e7a ela.<br>Os exames comprovaram que o c\u00e9rebro dos camundongos alimentados com a fruta aproveitou melhor a insulina na regi\u00e3o que controla o aprendizado. A pesquisadora explica que esse funcionamento correto protege os neur\u00f4nios e evita o desgaste mental. \u201cAl\u00e9m disso, a maior sensibilidade \u00e0 insulina no hipocampo est\u00e1 ligada \u00e0 preven\u00e7\u00e3o de marcadores da doen\u00e7a de Alzheimer\u201d, enfatiza.<\/p>\n\n\n<div class=\"wp-block-image\">\n<figure class=\"aligncenter size-large is-resized\"><a href=\"https:\/\/www.instagram.com\/esteio.churrascaria\/\"><img loading=\"lazy\" decoding=\"async\" width=\"1024\" height=\"730\" src=\"https:\/\/jornalfatosenoticias.com.br\/wp-content\/uploads\/2022\/02\/LOGO-ESTEIO-1024x730.png\" alt=\"\" class=\"wp-image-27942\" style=\"width:313px;height:auto\" srcset=\"https:\/\/jornalfatosenoticias.com.br\/wp-content\/uploads\/2022\/02\/LOGO-ESTEIO-1024x730.png 1024w, https:\/\/jornalfatosenoticias.com.br\/wp-content\/uploads\/2022\/02\/LOGO-ESTEIO-300x214.png 300w, https:\/\/jornalfatosenoticias.com.br\/wp-content\/uploads\/2022\/02\/LOGO-ESTEIO-768x548.png 768w, https:\/\/jornalfatosenoticias.com.br\/wp-content\/uploads\/2022\/02\/LOGO-ESTEIO.png 1123w\" sizes=\"auto, (max-width: 1024px) 100vw, 1024px\" \/><\/a><\/figure>\n<\/div>\n\n\n<p><strong>Fonte: <a href=\"https:\/\/www.gazetadopovo.com.br\/brasil\/jambo-fruta-asiatica-que-se-adaptou-ao-brasil-combate-envelhecimento\/#cxrecs_s\">Gazeta do Povo<\/a><\/strong><\/p>\n","protected":false},"excerpt":{"rendered":"<p>Rico em antioxidantes, o jambo \u00e9 nativo da \u00c1sia e mais cultivado no Norte e Nordeste do Brasil Por Bruno Maffi Famoso nas regi\u00f5es Norte e Nordeste do Brasil pela beleza de sua florada e pelo sabor adocicado, o jambo \u2014 fruta de origem asi\u00e1tica adaptada ao clima brasileiro \u2014 atrai a aten\u00e7\u00e3o da ci\u00eancia [&hellip;]<\/p>\n","protected":false},"author":2,"featured_media":69509,"comment_status":"open","ping_status":"open","sticky":false,"template":"","format":"standard","meta":{"footnotes":""},"categories":[29656],"tags":[3886,58,3708,13599,876,74],"class_list":["post-69505","post","type-post","status-publish","format-standard","has-post-thumbnail","hentry","category-alimentos-bebidas","tag-acre","tag-diabetes","tag-fruta","tag-jambo","tag-pesquisas","tag-saude"],"yoast_head":"<!-- This site is optimized with the Yoast SEO plugin v26.5 - https:\/\/yoast.com\/wordpress\/plugins\/seo\/ -->\n<title>A fruta asi\u00e1tica que se adaptou ao Brasil e ajuda a combater o envelhecimento - Jornal Fatos e Not\u00edcias<\/title>\n<meta name=\"robots\" content=\"index, follow, max-snippet:-1, max-image-preview:large, max-video-preview:-1\" \/>\n<link rel=\"canonical\" href=\"https:\/\/jornalfatosenoticias.com.br\/index.php\/2026\/08\/31\/a-fruta-asiatica-que-se-adaptou-ao-brasil-e-que-ajuda-a-combater-o-envelhecimento\/\" \/>\n<meta property=\"og:locale\" content=\"pt_BR\" \/>\n<meta property=\"og:type\" content=\"article\" \/>\n<meta property=\"og:title\" content=\"A fruta asi\u00e1tica que se adaptou ao Brasil e ajuda a combater o envelhecimento - Jornal Fatos e Not\u00edcias\" \/>\n<meta property=\"og:description\" content=\"Rico em antioxidantes, o jambo \u00e9 nativo da \u00c1sia e mais cultivado no Norte e Nordeste do Brasil Por Bruno Maffi Famoso nas regi\u00f5es Norte e Nordeste do Brasil pela beleza de sua florada e pelo sabor adocicado, o jambo \u2014 fruta de origem asi\u00e1tica adaptada ao clima brasileiro \u2014 atrai a aten\u00e7\u00e3o da ci\u00eancia [&hellip;]\" \/>\n<meta property=\"og:url\" content=\"https:\/\/jornalfatosenoticias.com.br\/index.php\/2026\/08\/31\/a-fruta-asiatica-que-se-adaptou-ao-brasil-e-que-ajuda-a-combater-o-envelhecimento\/\" \/>\n<meta property=\"og:site_name\" content=\"Jornal Fatos e Not\u00edcias\" \/>\n<meta property=\"article:published_time\" content=\"2026-08-31T18:35:23+00:00\" \/>\n<meta property=\"article:modified_time\" content=\"2026-08-31T18:36:13+00:00\" \/>\n<meta property=\"og:image\" content=\"https:\/\/jornalfatosenoticias.com.br\/wp-content\/uploads\/2026\/08\/image_73379bd7.png\" \/>\n\t<meta property=\"og:image:width\" content=\"1000\" \/>\n\t<meta property=\"og:image:height\" content=\"545\" \/>\n\t<meta property=\"og:image:type\" content=\"image\/png\" \/>\n<meta name=\"author\" content=\"Luzimara Fernandes\" \/>\n<meta name=\"twitter:card\" content=\"summary_large_image\" \/>\n<meta name=\"twitter:label1\" content=\"Escrito por\" \/>\n\t<meta name=\"twitter:data1\" content=\"Luzimara Fernandes\" \/>\n\t<meta name=\"twitter:label2\" content=\"Est. tempo de leitura\" \/>\n\t<meta name=\"twitter:data2\" content=\"6 minutos\" \/>\n<script type=\"application\/ld+json\" class=\"yoast-schema-graph\">{\"@context\":\"https:\/\/schema.org\",\"@graph\":[{\"@type\":\"Article\",\"@id\":\"https:\/\/jornalfatosenoticias.com.br\/index.php\/2026\/08\/31\/a-fruta-asiatica-que-se-adaptou-ao-brasil-e-que-ajuda-a-combater-o-envelhecimento\/#article\",\"isPartOf\":{\"@id\":\"https:\/\/jornalfatosenoticias.com.br\/index.php\/2026\/08\/31\/a-fruta-asiatica-que-se-adaptou-ao-brasil-e-que-ajuda-a-combater-o-envelhecimento\/\"},\"author\":{\"name\":\"Luzimara Fernandes\",\"@id\":\"https:\/\/jornalfatosenoticias.com.br\/#\/schema\/person\/d63837fa13ac8666eb9e74e0985d6f81\"},\"headline\":\"A fruta asi\u00e1tica que se adaptou ao Brasil e ajuda a combater o envelhecimento\",\"datePublished\":\"2026-08-31T18:35:23+00:00\",\"dateModified\":\"2026-08-31T18:36:13+00:00\",\"mainEntityOfPage\":{\"@id\":\"https:\/\/jornalfatosenoticias.com.br\/index.php\/2026\/08\/31\/a-fruta-asiatica-que-se-adaptou-ao-brasil-e-que-ajuda-a-combater-o-envelhecimento\/\"},\"wordCount\":866,\"commentCount\":0,\"publisher\":{\"@id\":\"https:\/\/jornalfatosenoticias.com.br\/#organization\"},\"image\":{\"@id\":\"https:\/\/jornalfatosenoticias.com.br\/index.php\/2026\/08\/31\/a-fruta-asiatica-que-se-adaptou-ao-brasil-e-que-ajuda-a-combater-o-envelhecimento\/#primaryimage\"},\"thumbnailUrl\":\"https:\/\/jornalfatosenoticias.com.br\/wp-content\/uploads\/2026\/08\/image_73379bd7.png\",\"keywords\":[\"Acre\",\"diabetes\",\"fruta\",\"jambo\",\"pesquisas\",\"sa\u00fade\"],\"articleSection\":[\"Alimentos &amp; Bebidas\"],\"inLanguage\":\"pt-BR\",\"potentialAction\":[{\"@type\":\"CommentAction\",\"name\":\"Comment\",\"target\":[\"https:\/\/jornalfatosenoticias.com.br\/index.php\/2026\/08\/31\/a-fruta-asiatica-que-se-adaptou-ao-brasil-e-que-ajuda-a-combater-o-envelhecimento\/#respond\"]}]},{\"@type\":\"WebPage\",\"@id\":\"https:\/\/jornalfatosenoticias.com.br\/index.php\/2026\/08\/31\/a-fruta-asiatica-que-se-adaptou-ao-brasil-e-que-ajuda-a-combater-o-envelhecimento\/\",\"url\":\"https:\/\/jornalfatosenoticias.com.br\/index.php\/2026\/08\/31\/a-fruta-asiatica-que-se-adaptou-ao-brasil-e-que-ajuda-a-combater-o-envelhecimento\/\",\"name\":\"A fruta asi\u00e1tica que se adaptou ao Brasil e ajuda a combater o envelhecimento - Jornal Fatos e Not\u00edcias\",\"isPartOf\":{\"@id\":\"https:\/\/jornalfatosenoticias.com.br\/#website\"},\"primaryImageOfPage\":{\"@id\":\"https:\/\/jornalfatosenoticias.com.br\/index.php\/2026\/08\/31\/a-fruta-asiatica-que-se-adaptou-ao-brasil-e-que-ajuda-a-combater-o-envelhecimento\/#primaryimage\"},\"image\":{\"@id\":\"https:\/\/jornalfatosenoticias.com.br\/index.php\/2026\/08\/31\/a-fruta-asiatica-que-se-adaptou-ao-brasil-e-que-ajuda-a-combater-o-envelhecimento\/#primaryimage\"},\"thumbnailUrl\":\"https:\/\/jornalfatosenoticias.com.br\/wp-content\/uploads\/2026\/08\/image_73379bd7.png\",\"datePublished\":\"2026-08-31T18:35:23+00:00\",\"dateModified\":\"2026-08-31T18:36:13+00:00\",\"breadcrumb\":{\"@id\":\"https:\/\/jornalfatosenoticias.com.br\/index.php\/2026\/08\/31\/a-fruta-asiatica-que-se-adaptou-ao-brasil-e-que-ajuda-a-combater-o-envelhecimento\/#breadcrumb\"},\"inLanguage\":\"pt-BR\",\"potentialAction\":[{\"@type\":\"ReadAction\",\"target\":[\"https:\/\/jornalfatosenoticias.com.br\/index.php\/2026\/08\/31\/a-fruta-asiatica-que-se-adaptou-ao-brasil-e-que-ajuda-a-combater-o-envelhecimento\/\"]}]},{\"@type\":\"ImageObject\",\"inLanguage\":\"pt-BR\",\"@id\":\"https:\/\/jornalfatosenoticias.com.br\/index.php\/2026\/08\/31\/a-fruta-asiatica-que-se-adaptou-ao-brasil-e-que-ajuda-a-combater-o-envelhecimento\/#primaryimage\",\"url\":\"https:\/\/jornalfatosenoticias.com.br\/wp-content\/uploads\/2026\/08\/image_73379bd7.png\",\"contentUrl\":\"https:\/\/jornalfatosenoticias.com.br\/wp-content\/uploads\/2026\/08\/image_73379bd7.png\",\"width\":1000,\"height\":545},{\"@type\":\"BreadcrumbList\",\"@id\":\"https:\/\/jornalfatosenoticias.com.br\/index.php\/2026\/08\/31\/a-fruta-asiatica-que-se-adaptou-ao-brasil-e-que-ajuda-a-combater-o-envelhecimento\/#breadcrumb\",\"itemListElement\":[{\"@type\":\"ListItem\",\"position\":1,\"name\":\"In\u00edcio\",\"item\":\"https:\/\/jornalfatosenoticias.com.br\/\"},{\"@type\":\"ListItem\",\"position\":2,\"name\":\"A fruta asi\u00e1tica que se adaptou ao Brasil e ajuda a combater o envelhecimento\"}]},{\"@type\":\"WebSite\",\"@id\":\"https:\/\/jornalfatosenoticias.com.br\/#website\",\"url\":\"https:\/\/jornalfatosenoticias.com.br\/\",\"name\":\"Jornal Fatos e Not\u00edcias\",\"description\":\"Not\u00edcias em geral\",\"publisher\":{\"@id\":\"https:\/\/jornalfatosenoticias.com.br\/#organization\"},\"potentialAction\":[{\"@type\":\"SearchAction\",\"target\":{\"@type\":\"EntryPoint\",\"urlTemplate\":\"https:\/\/jornalfatosenoticias.com.br\/?s={search_term_string}\"},\"query-input\":{\"@type\":\"PropertyValueSpecification\",\"valueRequired\":true,\"valueName\":\"search_term_string\"}}],\"inLanguage\":\"pt-BR\"},{\"@type\":\"Organization\",\"@id\":\"https:\/\/jornalfatosenoticias.com.br\/#organization\",\"name\":\"Jornal Fatos e Not\u00edcias\",\"url\":\"https:\/\/jornalfatosenoticias.com.br\/\",\"logo\":{\"@type\":\"ImageObject\",\"inLanguage\":\"pt-BR\",\"@id\":\"https:\/\/jornalfatosenoticias.com.br\/#\/schema\/logo\/image\/\",\"url\":\"https:\/\/jornalfatosenoticias.com.br\/wp-content\/uploads\/2020\/02\/logo120.png\",\"contentUrl\":\"https:\/\/jornalfatosenoticias.com.br\/wp-content\/uploads\/2020\/02\/logo120.png\",\"width\":1227,\"height\":120,\"caption\":\"Jornal Fatos e Not\u00edcias\"},\"image\":{\"@id\":\"https:\/\/jornalfatosenoticias.com.br\/#\/schema\/logo\/image\/\"}},{\"@type\":\"Person\",\"@id\":\"https:\/\/jornalfatosenoticias.com.br\/#\/schema\/person\/d63837fa13ac8666eb9e74e0985d6f81\",\"name\":\"Luzimara Fernandes\",\"image\":{\"@type\":\"ImageObject\",\"inLanguage\":\"pt-BR\",\"@id\":\"https:\/\/jornalfatosenoticias.com.br\/#\/schema\/person\/image\/\",\"url\":\"https:\/\/jornalfatosenoticias.com.br\/wp-content\/uploads\/2025\/05\/EU_portal.jpg\",\"contentUrl\":\"https:\/\/jornalfatosenoticias.com.br\/wp-content\/uploads\/2025\/05\/EU_portal.jpg\",\"caption\":\"Luzimara Fernandes\"},\"description\":\"Jornalista MTB 2358-ES\",\"sameAs\":[\"https:\/\/jornalfatosenoticias.com.br\"],\"url\":\"https:\/\/jornalfatosenoticias.com.br\/index.php\/author\/luzimara\/\"}]}<\/script>\n<!-- \/ Yoast SEO plugin. -->","yoast_head_json":{"title":"A fruta asi\u00e1tica que se adaptou ao Brasil e ajuda a combater o envelhecimento - Jornal Fatos e Not\u00edcias","robots":{"index":"index","follow":"follow","max-snippet":"max-snippet:-1","max-image-preview":"max-image-preview:large","max-video-preview":"max-video-preview:-1"},"canonical":"https:\/\/jornalfatosenoticias.com.br\/index.php\/2026\/08\/31\/a-fruta-asiatica-que-se-adaptou-ao-brasil-e-que-ajuda-a-combater-o-envelhecimento\/","og_locale":"pt_BR","og_type":"article","og_title":"A fruta asi\u00e1tica que se adaptou ao Brasil e ajuda a combater o envelhecimento - Jornal Fatos e Not\u00edcias","og_description":"Rico em antioxidantes, o jambo \u00e9 nativo da \u00c1sia e mais cultivado no Norte e Nordeste do Brasil Por Bruno Maffi Famoso nas regi\u00f5es Norte e Nordeste do Brasil pela beleza de sua florada e pelo sabor adocicado, o jambo \u2014 fruta de origem asi\u00e1tica adaptada ao clima brasileiro \u2014 atrai a aten\u00e7\u00e3o da ci\u00eancia [&hellip;]","og_url":"https:\/\/jornalfatosenoticias.com.br\/index.php\/2026\/08\/31\/a-fruta-asiatica-que-se-adaptou-ao-brasil-e-que-ajuda-a-combater-o-envelhecimento\/","og_site_name":"Jornal Fatos e Not\u00edcias","article_published_time":"2026-08-31T18:35:23+00:00","article_modified_time":"2026-08-31T18:36:13+00:00","og_image":[{"width":1000,"height":545,"url":"https:\/\/jornalfatosenoticias.com.br\/wp-content\/uploads\/2026\/08\/image_73379bd7.png","type":"image\/png"}],"author":"Luzimara Fernandes","twitter_card":"summary_large_image","twitter_misc":{"Escrito por":"Luzimara Fernandes","Est. tempo de leitura":"6 minutos"},"schema":{"@context":"https:\/\/schema.org","@graph":[{"@type":"Article","@id":"https:\/\/jornalfatosenoticias.com.br\/index.php\/2026\/08\/31\/a-fruta-asiatica-que-se-adaptou-ao-brasil-e-que-ajuda-a-combater-o-envelhecimento\/#article","isPartOf":{"@id":"https:\/\/jornalfatosenoticias.com.br\/index.php\/2026\/08\/31\/a-fruta-asiatica-que-se-adaptou-ao-brasil-e-que-ajuda-a-combater-o-envelhecimento\/"},"author":{"name":"Luzimara Fernandes","@id":"https:\/\/jornalfatosenoticias.com.br\/#\/schema\/person\/d63837fa13ac8666eb9e74e0985d6f81"},"headline":"A fruta asi\u00e1tica que se adaptou ao Brasil e ajuda a combater o envelhecimento","datePublished":"2026-08-31T18:35:23+00:00","dateModified":"2026-08-31T18:36:13+00:00","mainEntityOfPage":{"@id":"https:\/\/jornalfatosenoticias.com.br\/index.php\/2026\/08\/31\/a-fruta-asiatica-que-se-adaptou-ao-brasil-e-que-ajuda-a-combater-o-envelhecimento\/"},"wordCount":866,"commentCount":0,"publisher":{"@id":"https:\/\/jornalfatosenoticias.com.br\/#organization"},"image":{"@id":"https:\/\/jornalfatosenoticias.com.br\/index.php\/2026\/08\/31\/a-fruta-asiatica-que-se-adaptou-ao-brasil-e-que-ajuda-a-combater-o-envelhecimento\/#primaryimage"},"thumbnailUrl":"https:\/\/jornalfatosenoticias.com.br\/wp-content\/uploads\/2026\/08\/image_73379bd7.png","keywords":["Acre","diabetes","fruta","jambo","pesquisas","sa\u00fade"],"articleSection":["Alimentos &amp; Bebidas"],"inLanguage":"pt-BR","potentialAction":[{"@type":"CommentAction","name":"Comment","target":["https:\/\/jornalfatosenoticias.com.br\/index.php\/2026\/08\/31\/a-fruta-asiatica-que-se-adaptou-ao-brasil-e-que-ajuda-a-combater-o-envelhecimento\/#respond"]}]},{"@type":"WebPage","@id":"https:\/\/jornalfatosenoticias.com.br\/index.php\/2026\/08\/31\/a-fruta-asiatica-que-se-adaptou-ao-brasil-e-que-ajuda-a-combater-o-envelhecimento\/","url":"https:\/\/jornalfatosenoticias.com.br\/index.php\/2026\/08\/31\/a-fruta-asiatica-que-se-adaptou-ao-brasil-e-que-ajuda-a-combater-o-envelhecimento\/","name":"A fruta asi\u00e1tica que se adaptou ao Brasil e ajuda a combater o envelhecimento - Jornal Fatos e Not\u00edcias","isPartOf":{"@id":"https:\/\/jornalfatosenoticias.com.br\/#website"},"primaryImageOfPage":{"@id":"https:\/\/jornalfatosenoticias.com.br\/index.php\/2026\/08\/31\/a-fruta-asiatica-que-se-adaptou-ao-brasil-e-que-ajuda-a-combater-o-envelhecimento\/#primaryimage"},"image":{"@id":"https:\/\/jornalfatosenoticias.com.br\/index.php\/2026\/08\/31\/a-fruta-asiatica-que-se-adaptou-ao-brasil-e-que-ajuda-a-combater-o-envelhecimento\/#primaryimage"},"thumbnailUrl":"https:\/\/jornalfatosenoticias.com.br\/wp-content\/uploads\/2026\/08\/image_73379bd7.png","datePublished":"2026-08-31T18:35:23+00:00","dateModified":"2026-08-31T18:36:13+00:00","breadcrumb":{"@id":"https:\/\/jornalfatosenoticias.com.br\/index.php\/2026\/08\/31\/a-fruta-asiatica-que-se-adaptou-ao-brasil-e-que-ajuda-a-combater-o-envelhecimento\/#breadcrumb"},"inLanguage":"pt-BR","potentialAction":[{"@type":"ReadAction","target":["https:\/\/jornalfatosenoticias.com.br\/index.php\/2026\/08\/31\/a-fruta-asiatica-que-se-adaptou-ao-brasil-e-que-ajuda-a-combater-o-envelhecimento\/"]}]},{"@type":"ImageObject","inLanguage":"pt-BR","@id":"https:\/\/jornalfatosenoticias.com.br\/index.php\/2026\/08\/31\/a-fruta-asiatica-que-se-adaptou-ao-brasil-e-que-ajuda-a-combater-o-envelhecimento\/#primaryimage","url":"https:\/\/jornalfatosenoticias.com.br\/wp-content\/uploads\/2026\/08\/image_73379bd7.png","contentUrl":"https:\/\/jornalfatosenoticias.com.br\/wp-content\/uploads\/2026\/08\/image_73379bd7.png","width":1000,"height":545},{"@type":"BreadcrumbList","@id":"https:\/\/jornalfatosenoticias.com.br\/index.php\/2026\/08\/31\/a-fruta-asiatica-que-se-adaptou-ao-brasil-e-que-ajuda-a-combater-o-envelhecimento\/#breadcrumb","itemListElement":[{"@type":"ListItem","position":1,"name":"In\u00edcio","item":"https:\/\/jornalfatosenoticias.com.br\/"},{"@type":"ListItem","position":2,"name":"A fruta asi\u00e1tica que se adaptou ao Brasil e ajuda a combater o envelhecimento"}]},{"@type":"WebSite","@id":"https:\/\/jornalfatosenoticias.com.br\/#website","url":"https:\/\/jornalfatosenoticias.com.br\/","name":"Jornal Fatos e Not\u00edcias","description":"Not\u00edcias em geral","publisher":{"@id":"https:\/\/jornalfatosenoticias.com.br\/#organization"},"potentialAction":[{"@type":"SearchAction","target":{"@type":"EntryPoint","urlTemplate":"https:\/\/jornalfatosenoticias.com.br\/?s={search_term_string}"},"query-input":{"@type":"PropertyValueSpecification","valueRequired":true,"valueName":"search_term_string"}}],"inLanguage":"pt-BR"},{"@type":"Organization","@id":"https:\/\/jornalfatosenoticias.com.br\/#organization","name":"Jornal Fatos e Not\u00edcias","url":"https:\/\/jornalfatosenoticias.com.br\/","logo":{"@type":"ImageObject","inLanguage":"pt-BR","@id":"https:\/\/jornalfatosenoticias.com.br\/#\/schema\/logo\/image\/","url":"https:\/\/jornalfatosenoticias.com.br\/wp-content\/uploads\/2020\/02\/logo120.png","contentUrl":"https:\/\/jornalfatosenoticias.com.br\/wp-content\/uploads\/2020\/02\/logo120.png","width":1227,"height":120,"caption":"Jornal Fatos e Not\u00edcias"},"image":{"@id":"https:\/\/jornalfatosenoticias.com.br\/#\/schema\/logo\/image\/"}},{"@type":"Person","@id":"https:\/\/jornalfatosenoticias.com.br\/#\/schema\/person\/d63837fa13ac8666eb9e74e0985d6f81","name":"Luzimara Fernandes","image":{"@type":"ImageObject","inLanguage":"pt-BR","@id":"https:\/\/jornalfatosenoticias.com.br\/#\/schema\/person\/image\/","url":"https:\/\/jornalfatosenoticias.com.br\/wp-content\/uploads\/2025\/05\/EU_portal.jpg","contentUrl":"https:\/\/jornalfatosenoticias.com.br\/wp-content\/uploads\/2025\/05\/EU_portal.jpg","caption":"Luzimara Fernandes"},"description":"Jornalista MTB 2358-ES","sameAs":["https:\/\/jornalfatosenoticias.com.br"],"url":"https:\/\/jornalfatosenoticias.com.br\/index.php\/author\/luzimara\/"}]}},"cc_featured_image_caption":{"caption_text":"(Foto: Gerada por IA)\r\n","source_text":"","source_url":""},"jetpack_featured_media_url":"https:\/\/jornalfatosenoticias.com.br\/wp-content\/uploads\/2026\/08\/image_73379bd7.png","_links":{"self":[{"href":"https:\/\/jornalfatosenoticias.com.br\/index.php\/wp-json\/wp\/v2\/posts\/69505","targetHints":{"allow":["GET"]}}],"collection":[{"href":"https:\/\/jornalfatosenoticias.com.br\/index.php\/wp-json\/wp\/v2\/posts"}],"about":[{"href":"https:\/\/jornalfatosenoticias.com.br\/index.php\/wp-json\/wp\/v2\/types\/post"}],"author":[{"embeddable":true,"href":"https:\/\/jornalfatosenoticias.com.br\/index.php\/wp-json\/wp\/v2\/users\/2"}],"replies":[{"embeddable":true,"href":"https:\/\/jornalfatosenoticias.com.br\/index.php\/wp-json\/wp\/v2\/comments?post=69505"}],"version-history":[{"count":2,"href":"https:\/\/jornalfatosenoticias.com.br\/index.php\/wp-json\/wp\/v2\/posts\/69505\/revisions"}],"predecessor-version":[{"id":69511,"href":"https:\/\/jornalfatosenoticias.com.br\/index.php\/wp-json\/wp\/v2\/posts\/69505\/revisions\/69511"}],"wp:featuredmedia":[{"embeddable":true,"href":"https:\/\/jornalfatosenoticias.com.br\/index.php\/wp-json\/wp\/v2\/media\/69509"}],"wp:attachment":[{"href":"https:\/\/jornalfatosenoticias.com.br\/index.php\/wp-json\/wp\/v2\/media?parent=69505"}],"wp:term":[{"taxonomy":"category","embeddable":true,"href":"https:\/\/jornalfatosenoticias.com.br\/index.php\/wp-json\/wp\/v2\/categories?post=69505"},{"taxonomy":"post_tag","embeddable":true,"href":"https:\/\/jornalfatosenoticias.com.br\/index.php\/wp-json\/wp\/v2\/tags?post=69505"}],"curies":[{"name":"wp","href":"https:\/\/api.w.org\/{rel}","templated":true}]}}