{"id":69512,"date":"2026-08-31T15:45:54","date_gmt":"2026-08-31T18:45:54","guid":{"rendered":"https:\/\/jornalfatosenoticias.com.br\/?p=69512"},"modified":"2026-08-31T15:45:56","modified_gmt":"2026-08-31T18:45:56","slug":"lula-muda-regra-e-pode-retirar-ate-r-166-bilhoes-da-saude-e-da-educacao-em-2027","status":"publish","type":"post","link":"https:\/\/jornalfatosenoticias.com.br\/index.php\/2026\/08\/31\/lula-muda-regra-e-pode-retirar-ate-r-166-bilhoes-da-saude-e-da-educacao-em-2027\/","title":{"rendered":"Lula muda regra e pode retirar at\u00e9 R$ 16,6 bilh\u00f5es da sa\u00fade e da educa\u00e7\u00e3o em 2027"},"content":{"rendered":"\n<p><mark style=\"background-color:rgba(0, 0, 0, 0)\" class=\"has-inline-color has-black-color\"><em>Sancionada por Lula, Lei Complementar 235\/2026 altera regras fiscais e pode reduzir at\u00e9 R$ 16,6 bilh\u00f5es os recursos para sa\u00fade e educa\u00e7\u00e3o<\/em><\/mark><\/p>\n\n\n\n<p><mark style=\"background-color:rgba(0, 0, 0, 0)\" class=\"has-inline-color has-black-color\">Por <\/mark><a href=\"https:\/\/www.gazetadopovo.com.br\/autor\/marlice-pinto-vilela\/\"><strong>Marlice Pinto Vilela<\/strong><\/a><\/p>\n\n\n\n<p>Lula sancionou, na \u00faltima sexta-feira (28), a Lei Complementar n.\u00ba 235\/2026, que altera regras fiscais com impacto sobre os recursos destinados \u00e0 sa\u00fade e \u00e0 educa\u00e7\u00e3o. Segundo estimativas de economistas, os efeitos da medida podem variar de R$ 8,6 bilh\u00f5es a R$ 16,6 bilh\u00f5es em 2027. A lei foi criada com o objetivo de conceder incentivos a setores como o de combust\u00edveis, etanol e fertilizantes, al\u00e9m de permitir a\u00e7\u00f5es para mitigar os impactos econ\u00f4micos da crise energ\u00e9tica internacional. Durante a tramita\u00e7\u00e3o no Congresso Nacional, no entanto, parlamentares inclu\u00edram dispositivos que alteram a forma de c\u00e1lculo de receitas e despesas vinculadas \u00e0s \u00e1reas de sa\u00fade e educa\u00e7\u00e3o.<br>Segundo an\u00e1lise da Institui\u00e7\u00e3o Fiscal Independente (IFI), \u00f3rg\u00e3o t\u00e9cnico ligado ao Senado, a exclus\u00e3o de receitas relacionadas \u00e0 explora\u00e7\u00e3o de petr\u00f3leo e g\u00e1s da base de c\u00e1lculo utilizada para determinadas vincula\u00e7\u00f5es or\u00e7ament\u00e1rias reduz o valor destinado ao piso federal da sa\u00fade. Entre essas receitas est\u00e3o royalties, participa\u00e7\u00f5es especiais e recursos da comercializa\u00e7\u00e3o de petr\u00f3leo e g\u00e1s pertencentes \u00e0 Uni\u00e3o.<br>A Lei Complementar 235 tamb\u00e9m antecipou recursos originalmente previstos para 2027 e estabeleceu regras que restringem o crescimento de determinadas despesas obrigat\u00f3rias quando o governo registra d\u00e9ficit fiscal. Na pr\u00e1tica, essas mudan\u00e7as reduzem o volume de recursos que, pelas regras anteriores, seriam destinados a \u00e1reas como sa\u00fade e educa\u00e7\u00e3o nos pr\u00f3ximos anos, criando espa\u00e7o no Or\u00e7amento da Uni\u00e3o para outras despesas.<br>De <a href=\"https:\/\/www12.senado.leg.br\/ifi\/noticias\/ifi-divulga-nota-sobre-e-o-plp-114-2026\" target=\"_blank\" rel=\"noreferrer noopener\">acordo com a IFI<\/a>, a estimativa \u00e9 que a LC 235 reduzir\u00e1 em cerca de R$ 4,7 bilh\u00f5es o piso federal da sa\u00fade em 2027. A institui\u00e7\u00e3o tamb\u00e9m registra a antecipa\u00e7\u00e3o de R$ 3 bilh\u00f5es destinados a despesas tempor\u00e1rias de sa\u00fade e educa\u00e7\u00e3o de 2027 para 2026. Para a educa\u00e7\u00e3o, contudo, a nota n\u00e3o apresenta uma estimativa isolada de perda de recursos.<br>J\u00e1 uma nota t\u00e9cnica do Instituto de Finan\u00e7as Funcionais para o Desenvolvimento (IFFD), citada em reportagem do <em>Estad\u00e3o<\/em>, estima que a nova legisla\u00e7\u00e3o poder\u00e1 reduzir entre R$ 8,6 bilh\u00f5es e R$ 14,3 bilh\u00f5es os recursos destinados \u00e0 sa\u00fade e \u00e0 educa\u00e7\u00e3o em 2027. Considerando os impactos combinados das mudan\u00e7as aprovadas, a perda potencial pode chegar a R$ 16,6 bilh\u00f5es.<\/p>\n\n\n<div class=\"wp-block-image\">\n<figure class=\"aligncenter size-large is-resized\"><a href=\"https:\/\/www.instagram.com\/serra4x4cambioautomatico\/\"><img loading=\"lazy\" decoding=\"async\" width=\"886\" height=\"1024\" src=\"https:\/\/jornalfatosenoticias.com.br\/wp-content\/uploads\/2024\/08\/Serra-4x4-1-886x1024.jpg\" alt=\"\" class=\"wp-image-53632\" style=\"aspect-ratio:0.8652406933513592;width:368px;height:auto\" srcset=\"https:\/\/jornalfatosenoticias.com.br\/wp-content\/uploads\/2024\/08\/Serra-4x4-1-886x1024.jpg 886w, https:\/\/jornalfatosenoticias.com.br\/wp-content\/uploads\/2024\/08\/Serra-4x4-1-260x300.jpg 260w, https:\/\/jornalfatosenoticias.com.br\/wp-content\/uploads\/2024\/08\/Serra-4x4-1-768x888.jpg 768w, https:\/\/jornalfatosenoticias.com.br\/wp-content\/uploads\/2024\/08\/Serra-4x4-1.jpg 1181w\" sizes=\"auto, (max-width: 886px) 100vw, 886px\" \/><\/a><\/figure>\n<\/div>\n\n\n<p><strong><mark style=\"background-color:rgba(0, 0, 0, 0)\" class=\"has-inline-color has-black-color\">Projeto foi aprovado no mesmo dia pela C\u00e2mara e Senado<br><\/mark><\/strong>O projeto que deu origem \u00e0 LC 235\/2026 foi apresentado pelo l\u00edder do governo na C\u00e2mara, deputado Paulo Pimenta (PT-RS), e aprovado pela C\u00e2mara dos Deputados e pelo Senado Federal no mesmo dia, em 12 de agosto. A proposta, apoiada diretamente pela base do governo, foi inicialmente elaborada para enfrentar os efeitos da volatilidade dos pre\u00e7os internacionais da energia, mas recebeu diversos acr\u00e9scimos durante sua tramita\u00e7\u00e3o, incluindo dispositivos de impacto fiscal que provocaram questionamentos de especialistas sobre os efeitos para a sa\u00fade e a educa\u00e7\u00e3o.<\/p>\n\n\n<div class=\"wp-block-image\">\n<figure class=\"aligncenter size-full is-resized\"><a href=\"https:\/\/www.facebook.com\/people\/Churrascaria-Espeto-de-Ouro\/61575932105245\/\"><img loading=\"lazy\" decoding=\"async\" width=\"995\" height=\"416\" src=\"https:\/\/jornalfatosenoticias.com.br\/wp-content\/uploads\/2026\/07\/logo-fundo-preto.png\" alt=\"\" class=\"wp-image-68438\" style=\"aspect-ratio:2.3918846769887883;width:519px;height:auto\" srcset=\"https:\/\/jornalfatosenoticias.com.br\/wp-content\/uploads\/2026\/07\/logo-fundo-preto.png 995w, https:\/\/jornalfatosenoticias.com.br\/wp-content\/uploads\/2026\/07\/logo-fundo-preto-300x125.png 300w, https:\/\/jornalfatosenoticias.com.br\/wp-content\/uploads\/2026\/07\/logo-fundo-preto-768x321.png 768w\" sizes=\"auto, (max-width: 995px) 100vw, 995px\" \/><\/a><\/figure>\n<\/div>\n\n\n<p><strong>Fonte: <a href=\"https:\/\/www.gazetadopovo.com.br\/vida-e-cidadania\/lula-muda-regra-retira-16-bi-saude-educacao-2027\/\">Gazeta do Povo<\/a><\/strong><\/p>\n","protected":false},"excerpt":{"rendered":"<p>Sancionada por Lula, Lei Complementar 235\/2026 altera regras fiscais e pode reduzir at\u00e9 R$ 16,6 bilh\u00f5es os recursos para sa\u00fade e educa\u00e7\u00e3o Por Marlice Pinto Vilela Lula sancionou, na \u00faltima sexta-feira (28), a Lei Complementar n.\u00ba 235\/2026, que altera regras fiscais com impacto sobre os recursos destinados \u00e0 sa\u00fade e \u00e0 educa\u00e7\u00e3o. Segundo estimativas de [&hellip;]<\/p>\n","protected":false},"author":2,"featured_media":68434,"comment_status":"open","ping_status":"open","sticky":false,"template":"","format":"standard","meta":{"footnotes":""},"categories":[7,11],"tags":[],"class_list":["post-69512","post","type-post","status-publish","format-standard","has-post-thumbnail","hentry","category-educacao","category-saude"],"yoast_head":"<!-- This site is optimized with the Yoast SEO plugin v26.5 - https:\/\/yoast.com\/wordpress\/plugins\/seo\/ -->\n<title>Lula muda regra e pode retirar at\u00e9 R$ 16,6 bilh\u00f5es da sa\u00fade e da educa\u00e7\u00e3o em 2027 - Jornal Fatos e Not\u00edcias<\/title>\n<meta name=\"robots\" content=\"index, follow, max-snippet:-1, max-image-preview:large, max-video-preview:-1\" \/>\n<link rel=\"canonical\" href=\"https:\/\/jornalfatosenoticias.com.br\/index.php\/2026\/08\/31\/lula-muda-regra-e-pode-retirar-ate-r-166-bilhoes-da-saude-e-da-educacao-em-2027\/\" \/>\n<meta property=\"og:locale\" content=\"pt_BR\" \/>\n<meta property=\"og:type\" content=\"article\" \/>\n<meta property=\"og:title\" content=\"Lula muda regra e pode retirar at\u00e9 R$ 16,6 bilh\u00f5es da sa\u00fade e da educa\u00e7\u00e3o em 2027 - Jornal Fatos e Not\u00edcias\" \/>\n<meta property=\"og:description\" content=\"Sancionada por Lula, Lei Complementar 235\/2026 altera regras fiscais e pode reduzir at\u00e9 R$ 16,6 bilh\u00f5es os recursos para sa\u00fade e educa\u00e7\u00e3o Por Marlice Pinto Vilela Lula sancionou, na \u00faltima sexta-feira (28), a Lei Complementar n.\u00ba 235\/2026, que altera regras fiscais com impacto sobre os recursos destinados \u00e0 sa\u00fade e \u00e0 educa\u00e7\u00e3o. Segundo estimativas de [&hellip;]\" \/>\n<meta property=\"og:url\" content=\"https:\/\/jornalfatosenoticias.com.br\/index.php\/2026\/08\/31\/lula-muda-regra-e-pode-retirar-ate-r-166-bilhoes-da-saude-e-da-educacao-em-2027\/\" \/>\n<meta property=\"og:site_name\" content=\"Jornal Fatos e Not\u00edcias\" \/>\n<meta property=\"article:published_time\" content=\"2026-08-31T18:45:54+00:00\" \/>\n<meta property=\"article:modified_time\" content=\"2026-08-31T18:45:56+00:00\" \/>\n<meta property=\"og:image\" content=\"https:\/\/jornalfatosenoticias.com.br\/wp-content\/uploads\/2026\/07\/reprovacao-molusco_gettyimages.jpg\" \/>\n\t<meta property=\"og:image:width\" content=\"612\" \/>\n\t<meta property=\"og:image:height\" content=\"422\" \/>\n\t<meta property=\"og:image:type\" content=\"image\/jpeg\" \/>\n<meta name=\"author\" content=\"Luzimara Fernandes\" \/>\n<meta name=\"twitter:card\" content=\"summary_large_image\" \/>\n<meta name=\"twitter:label1\" content=\"Escrito por\" \/>\n\t<meta name=\"twitter:data1\" content=\"Luzimara Fernandes\" \/>\n\t<meta name=\"twitter:label2\" content=\"Est. tempo de leitura\" \/>\n\t<meta name=\"twitter:data2\" content=\"4 minutos\" \/>\n<script type=\"application\/ld+json\" class=\"yoast-schema-graph\">{\"@context\":\"https:\/\/schema.org\",\"@graph\":[{\"@type\":\"Article\",\"@id\":\"https:\/\/jornalfatosenoticias.com.br\/index.php\/2026\/08\/31\/lula-muda-regra-e-pode-retirar-ate-r-166-bilhoes-da-saude-e-da-educacao-em-2027\/#article\",\"isPartOf\":{\"@id\":\"https:\/\/jornalfatosenoticias.com.br\/index.php\/2026\/08\/31\/lula-muda-regra-e-pode-retirar-ate-r-166-bilhoes-da-saude-e-da-educacao-em-2027\/\"},\"author\":{\"name\":\"Luzimara Fernandes\",\"@id\":\"https:\/\/jornalfatosenoticias.com.br\/#\/schema\/person\/d63837fa13ac8666eb9e74e0985d6f81\"},\"headline\":\"Lula muda regra e pode retirar at\u00e9 R$ 16,6 bilh\u00f5es da sa\u00fade e da educa\u00e7\u00e3o em 2027\",\"datePublished\":\"2026-08-31T18:45:54+00:00\",\"dateModified\":\"2026-08-31T18:45:56+00:00\",\"mainEntityOfPage\":{\"@id\":\"https:\/\/jornalfatosenoticias.com.br\/index.php\/2026\/08\/31\/lula-muda-regra-e-pode-retirar-ate-r-166-bilhoes-da-saude-e-da-educacao-em-2027\/\"},\"wordCount\":539,\"commentCount\":0,\"publisher\":{\"@id\":\"https:\/\/jornalfatosenoticias.com.br\/#organization\"},\"image\":{\"@id\":\"https:\/\/jornalfatosenoticias.com.br\/index.php\/2026\/08\/31\/lula-muda-regra-e-pode-retirar-ate-r-166-bilhoes-da-saude-e-da-educacao-em-2027\/#primaryimage\"},\"thumbnailUrl\":\"https:\/\/jornalfatosenoticias.com.br\/wp-content\/uploads\/2026\/07\/reprovacao-molusco_gettyimages.jpg\",\"articleSection\":[\"Educa\u00e7\u00e3o\",\"Sa\u00fade\"],\"inLanguage\":\"pt-BR\",\"potentialAction\":[{\"@type\":\"CommentAction\",\"name\":\"Comment\",\"target\":[\"https:\/\/jornalfatosenoticias.com.br\/index.php\/2026\/08\/31\/lula-muda-regra-e-pode-retirar-ate-r-166-bilhoes-da-saude-e-da-educacao-em-2027\/#respond\"]}]},{\"@type\":\"WebPage\",\"@id\":\"https:\/\/jornalfatosenoticias.com.br\/index.php\/2026\/08\/31\/lula-muda-regra-e-pode-retirar-ate-r-166-bilhoes-da-saude-e-da-educacao-em-2027\/\",\"url\":\"https:\/\/jornalfatosenoticias.com.br\/index.php\/2026\/08\/31\/lula-muda-regra-e-pode-retirar-ate-r-166-bilhoes-da-saude-e-da-educacao-em-2027\/\",\"name\":\"Lula muda regra e pode retirar at\u00e9 R$ 16,6 bilh\u00f5es da sa\u00fade e da educa\u00e7\u00e3o em 2027 - Jornal Fatos e Not\u00edcias\",\"isPartOf\":{\"@id\":\"https:\/\/jornalfatosenoticias.com.br\/#website\"},\"primaryImageOfPage\":{\"@id\":\"https:\/\/jornalfatosenoticias.com.br\/index.php\/2026\/08\/31\/lula-muda-regra-e-pode-retirar-ate-r-166-bilhoes-da-saude-e-da-educacao-em-2027\/#primaryimage\"},\"image\":{\"@id\":\"https:\/\/jornalfatosenoticias.com.br\/index.php\/2026\/08\/31\/lula-muda-regra-e-pode-retirar-ate-r-166-bilhoes-da-saude-e-da-educacao-em-2027\/#primaryimage\"},\"thumbnailUrl\":\"https:\/\/jornalfatosenoticias.com.br\/wp-content\/uploads\/2026\/07\/reprovacao-molusco_gettyimages.jpg\",\"datePublished\":\"2026-08-31T18:45:54+00:00\",\"dateModified\":\"2026-08-31T18:45:56+00:00\",\"breadcrumb\":{\"@id\":\"https:\/\/jornalfatosenoticias.com.br\/index.php\/2026\/08\/31\/lula-muda-regra-e-pode-retirar-ate-r-166-bilhoes-da-saude-e-da-educacao-em-2027\/#breadcrumb\"},\"inLanguage\":\"pt-BR\",\"potentialAction\":[{\"@type\":\"ReadAction\",\"target\":[\"https:\/\/jornalfatosenoticias.com.br\/index.php\/2026\/08\/31\/lula-muda-regra-e-pode-retirar-ate-r-166-bilhoes-da-saude-e-da-educacao-em-2027\/\"]}]},{\"@type\":\"ImageObject\",\"inLanguage\":\"pt-BR\",\"@id\":\"https:\/\/jornalfatosenoticias.com.br\/index.php\/2026\/08\/31\/lula-muda-regra-e-pode-retirar-ate-r-166-bilhoes-da-saude-e-da-educacao-em-2027\/#primaryimage\",\"url\":\"https:\/\/jornalfatosenoticias.com.br\/wp-content\/uploads\/2026\/07\/reprovacao-molusco_gettyimages.jpg\",\"contentUrl\":\"https:\/\/jornalfatosenoticias.com.br\/wp-content\/uploads\/2026\/07\/reprovacao-molusco_gettyimages.jpg\",\"width\":612,\"height\":422,\"caption\":\"30 June 2026, Paraguay, Asunci\u00f3n: Lula da Silva, President of Brazil, is attending the Mercosur summit. Photo: Boris Roessler\/dpa (Photo by Boris Roessler\/picture alliance via Getty Images)\"},{\"@type\":\"BreadcrumbList\",\"@id\":\"https:\/\/jornalfatosenoticias.com.br\/index.php\/2026\/08\/31\/lula-muda-regra-e-pode-retirar-ate-r-166-bilhoes-da-saude-e-da-educacao-em-2027\/#breadcrumb\",\"itemListElement\":[{\"@type\":\"ListItem\",\"position\":1,\"name\":\"In\u00edcio\",\"item\":\"https:\/\/jornalfatosenoticias.com.br\/\"},{\"@type\":\"ListItem\",\"position\":2,\"name\":\"Lula muda regra e pode retirar at\u00e9 R$ 16,6 bilh\u00f5es da sa\u00fade e da educa\u00e7\u00e3o em 2027\"}]},{\"@type\":\"WebSite\",\"@id\":\"https:\/\/jornalfatosenoticias.com.br\/#website\",\"url\":\"https:\/\/jornalfatosenoticias.com.br\/\",\"name\":\"Jornal Fatos e Not\u00edcias\",\"description\":\"Not\u00edcias em geral\",\"publisher\":{\"@id\":\"https:\/\/jornalfatosenoticias.com.br\/#organization\"},\"potentialAction\":[{\"@type\":\"SearchAction\",\"target\":{\"@type\":\"EntryPoint\",\"urlTemplate\":\"https:\/\/jornalfatosenoticias.com.br\/?s={search_term_string}\"},\"query-input\":{\"@type\":\"PropertyValueSpecification\",\"valueRequired\":true,\"valueName\":\"search_term_string\"}}],\"inLanguage\":\"pt-BR\"},{\"@type\":\"Organization\",\"@id\":\"https:\/\/jornalfatosenoticias.com.br\/#organization\",\"name\":\"Jornal Fatos e Not\u00edcias\",\"url\":\"https:\/\/jornalfatosenoticias.com.br\/\",\"logo\":{\"@type\":\"ImageObject\",\"inLanguage\":\"pt-BR\",\"@id\":\"https:\/\/jornalfatosenoticias.com.br\/#\/schema\/logo\/image\/\",\"url\":\"https:\/\/jornalfatosenoticias.com.br\/wp-content\/uploads\/2020\/02\/logo120.png\",\"contentUrl\":\"https:\/\/jornalfatosenoticias.com.br\/wp-content\/uploads\/2020\/02\/logo120.png\",\"width\":1227,\"height\":120,\"caption\":\"Jornal Fatos e Not\u00edcias\"},\"image\":{\"@id\":\"https:\/\/jornalfatosenoticias.com.br\/#\/schema\/logo\/image\/\"}},{\"@type\":\"Person\",\"@id\":\"https:\/\/jornalfatosenoticias.com.br\/#\/schema\/person\/d63837fa13ac8666eb9e74e0985d6f81\",\"name\":\"Luzimara Fernandes\",\"image\":{\"@type\":\"ImageObject\",\"inLanguage\":\"pt-BR\",\"@id\":\"https:\/\/jornalfatosenoticias.com.br\/#\/schema\/person\/image\/\",\"url\":\"https:\/\/jornalfatosenoticias.com.br\/wp-content\/uploads\/2025\/05\/EU_portal.jpg\",\"contentUrl\":\"https:\/\/jornalfatosenoticias.com.br\/wp-content\/uploads\/2025\/05\/EU_portal.jpg\",\"caption\":\"Luzimara Fernandes\"},\"description\":\"Jornalista MTB 2358-ES\",\"sameAs\":[\"https:\/\/jornalfatosenoticias.com.br\"],\"url\":\"https:\/\/jornalfatosenoticias.com.br\/index.php\/author\/luzimara\/\"}]}<\/script>\n<!-- \/ Yoast SEO plugin. -->","yoast_head_json":{"title":"Lula muda regra e pode retirar at\u00e9 R$ 16,6 bilh\u00f5es da sa\u00fade e da educa\u00e7\u00e3o em 2027 - Jornal Fatos e Not\u00edcias","robots":{"index":"index","follow":"follow","max-snippet":"max-snippet:-1","max-image-preview":"max-image-preview:large","max-video-preview":"max-video-preview:-1"},"canonical":"https:\/\/jornalfatosenoticias.com.br\/index.php\/2026\/08\/31\/lula-muda-regra-e-pode-retirar-ate-r-166-bilhoes-da-saude-e-da-educacao-em-2027\/","og_locale":"pt_BR","og_type":"article","og_title":"Lula muda regra e pode retirar at\u00e9 R$ 16,6 bilh\u00f5es da sa\u00fade e da educa\u00e7\u00e3o em 2027 - Jornal Fatos e Not\u00edcias","og_description":"Sancionada por Lula, Lei Complementar 235\/2026 altera regras fiscais e pode reduzir at\u00e9 R$ 16,6 bilh\u00f5es os recursos para sa\u00fade e educa\u00e7\u00e3o Por Marlice Pinto Vilela Lula sancionou, na \u00faltima sexta-feira (28), a Lei Complementar n.\u00ba 235\/2026, que altera regras fiscais com impacto sobre os recursos destinados \u00e0 sa\u00fade e \u00e0 educa\u00e7\u00e3o. Segundo estimativas de [&hellip;]","og_url":"https:\/\/jornalfatosenoticias.com.br\/index.php\/2026\/08\/31\/lula-muda-regra-e-pode-retirar-ate-r-166-bilhoes-da-saude-e-da-educacao-em-2027\/","og_site_name":"Jornal Fatos e Not\u00edcias","article_published_time":"2026-08-31T18:45:54+00:00","article_modified_time":"2026-08-31T18:45:56+00:00","og_image":[{"width":612,"height":422,"url":"https:\/\/jornalfatosenoticias.com.br\/wp-content\/uploads\/2026\/07\/reprovacao-molusco_gettyimages.jpg","type":"image\/jpeg"}],"author":"Luzimara Fernandes","twitter_card":"summary_large_image","twitter_misc":{"Escrito por":"Luzimara Fernandes","Est. tempo de leitura":"4 minutos"},"schema":{"@context":"https:\/\/schema.org","@graph":[{"@type":"Article","@id":"https:\/\/jornalfatosenoticias.com.br\/index.php\/2026\/08\/31\/lula-muda-regra-e-pode-retirar-ate-r-166-bilhoes-da-saude-e-da-educacao-em-2027\/#article","isPartOf":{"@id":"https:\/\/jornalfatosenoticias.com.br\/index.php\/2026\/08\/31\/lula-muda-regra-e-pode-retirar-ate-r-166-bilhoes-da-saude-e-da-educacao-em-2027\/"},"author":{"name":"Luzimara Fernandes","@id":"https:\/\/jornalfatosenoticias.com.br\/#\/schema\/person\/d63837fa13ac8666eb9e74e0985d6f81"},"headline":"Lula muda regra e pode retirar at\u00e9 R$ 16,6 bilh\u00f5es da sa\u00fade e da educa\u00e7\u00e3o em 2027","datePublished":"2026-08-31T18:45:54+00:00","dateModified":"2026-08-31T18:45:56+00:00","mainEntityOfPage":{"@id":"https:\/\/jornalfatosenoticias.com.br\/index.php\/2026\/08\/31\/lula-muda-regra-e-pode-retirar-ate-r-166-bilhoes-da-saude-e-da-educacao-em-2027\/"},"wordCount":539,"commentCount":0,"publisher":{"@id":"https:\/\/jornalfatosenoticias.com.br\/#organization"},"image":{"@id":"https:\/\/jornalfatosenoticias.com.br\/index.php\/2026\/08\/31\/lula-muda-regra-e-pode-retirar-ate-r-166-bilhoes-da-saude-e-da-educacao-em-2027\/#primaryimage"},"thumbnailUrl":"https:\/\/jornalfatosenoticias.com.br\/wp-content\/uploads\/2026\/07\/reprovacao-molusco_gettyimages.jpg","articleSection":["Educa\u00e7\u00e3o","Sa\u00fade"],"inLanguage":"pt-BR","potentialAction":[{"@type":"CommentAction","name":"Comment","target":["https:\/\/jornalfatosenoticias.com.br\/index.php\/2026\/08\/31\/lula-muda-regra-e-pode-retirar-ate-r-166-bilhoes-da-saude-e-da-educacao-em-2027\/#respond"]}]},{"@type":"WebPage","@id":"https:\/\/jornalfatosenoticias.com.br\/index.php\/2026\/08\/31\/lula-muda-regra-e-pode-retirar-ate-r-166-bilhoes-da-saude-e-da-educacao-em-2027\/","url":"https:\/\/jornalfatosenoticias.com.br\/index.php\/2026\/08\/31\/lula-muda-regra-e-pode-retirar-ate-r-166-bilhoes-da-saude-e-da-educacao-em-2027\/","name":"Lula muda regra e pode retirar at\u00e9 R$ 16,6 bilh\u00f5es da sa\u00fade e da educa\u00e7\u00e3o em 2027 - Jornal Fatos e Not\u00edcias","isPartOf":{"@id":"https:\/\/jornalfatosenoticias.com.br\/#website"},"primaryImageOfPage":{"@id":"https:\/\/jornalfatosenoticias.com.br\/index.php\/2026\/08\/31\/lula-muda-regra-e-pode-retirar-ate-r-166-bilhoes-da-saude-e-da-educacao-em-2027\/#primaryimage"},"image":{"@id":"https:\/\/jornalfatosenoticias.com.br\/index.php\/2026\/08\/31\/lula-muda-regra-e-pode-retirar-ate-r-166-bilhoes-da-saude-e-da-educacao-em-2027\/#primaryimage"},"thumbnailUrl":"https:\/\/jornalfatosenoticias.com.br\/wp-content\/uploads\/2026\/07\/reprovacao-molusco_gettyimages.jpg","datePublished":"2026-08-31T18:45:54+00:00","dateModified":"2026-08-31T18:45:56+00:00","breadcrumb":{"@id":"https:\/\/jornalfatosenoticias.com.br\/index.php\/2026\/08\/31\/lula-muda-regra-e-pode-retirar-ate-r-166-bilhoes-da-saude-e-da-educacao-em-2027\/#breadcrumb"},"inLanguage":"pt-BR","potentialAction":[{"@type":"ReadAction","target":["https:\/\/jornalfatosenoticias.com.br\/index.php\/2026\/08\/31\/lula-muda-regra-e-pode-retirar-ate-r-166-bilhoes-da-saude-e-da-educacao-em-2027\/"]}]},{"@type":"ImageObject","inLanguage":"pt-BR","@id":"https:\/\/jornalfatosenoticias.com.br\/index.php\/2026\/08\/31\/lula-muda-regra-e-pode-retirar-ate-r-166-bilhoes-da-saude-e-da-educacao-em-2027\/#primaryimage","url":"https:\/\/jornalfatosenoticias.com.br\/wp-content\/uploads\/2026\/07\/reprovacao-molusco_gettyimages.jpg","contentUrl":"https:\/\/jornalfatosenoticias.com.br\/wp-content\/uploads\/2026\/07\/reprovacao-molusco_gettyimages.jpg","width":612,"height":422,"caption":"30 June 2026, Paraguay, Asunci\u00f3n: Lula da Silva, President of Brazil, is attending the Mercosur summit. Photo: Boris Roessler\/dpa (Photo by Boris Roessler\/picture alliance via Getty Images)"},{"@type":"BreadcrumbList","@id":"https:\/\/jornalfatosenoticias.com.br\/index.php\/2026\/08\/31\/lula-muda-regra-e-pode-retirar-ate-r-166-bilhoes-da-saude-e-da-educacao-em-2027\/#breadcrumb","itemListElement":[{"@type":"ListItem","position":1,"name":"In\u00edcio","item":"https:\/\/jornalfatosenoticias.com.br\/"},{"@type":"ListItem","position":2,"name":"Lula muda regra e pode retirar at\u00e9 R$ 16,6 bilh\u00f5es da sa\u00fade e da educa\u00e7\u00e3o em 2027"}]},{"@type":"WebSite","@id":"https:\/\/jornalfatosenoticias.com.br\/#website","url":"https:\/\/jornalfatosenoticias.com.br\/","name":"Jornal Fatos e Not\u00edcias","description":"Not\u00edcias em geral","publisher":{"@id":"https:\/\/jornalfatosenoticias.com.br\/#organization"},"potentialAction":[{"@type":"SearchAction","target":{"@type":"EntryPoint","urlTemplate":"https:\/\/jornalfatosenoticias.com.br\/?s={search_term_string}"},"query-input":{"@type":"PropertyValueSpecification","valueRequired":true,"valueName":"search_term_string"}}],"inLanguage":"pt-BR"},{"@type":"Organization","@id":"https:\/\/jornalfatosenoticias.com.br\/#organization","name":"Jornal Fatos e Not\u00edcias","url":"https:\/\/jornalfatosenoticias.com.br\/","logo":{"@type":"ImageObject","inLanguage":"pt-BR","@id":"https:\/\/jornalfatosenoticias.com.br\/#\/schema\/logo\/image\/","url":"https:\/\/jornalfatosenoticias.com.br\/wp-content\/uploads\/2020\/02\/logo120.png","contentUrl":"https:\/\/jornalfatosenoticias.com.br\/wp-content\/uploads\/2020\/02\/logo120.png","width":1227,"height":120,"caption":"Jornal Fatos e Not\u00edcias"},"image":{"@id":"https:\/\/jornalfatosenoticias.com.br\/#\/schema\/logo\/image\/"}},{"@type":"Person","@id":"https:\/\/jornalfatosenoticias.com.br\/#\/schema\/person\/d63837fa13ac8666eb9e74e0985d6f81","name":"Luzimara Fernandes","image":{"@type":"ImageObject","inLanguage":"pt-BR","@id":"https:\/\/jornalfatosenoticias.com.br\/#\/schema\/person\/image\/","url":"https:\/\/jornalfatosenoticias.com.br\/wp-content\/uploads\/2025\/05\/EU_portal.jpg","contentUrl":"https:\/\/jornalfatosenoticias.com.br\/wp-content\/uploads\/2025\/05\/EU_portal.jpg","caption":"Luzimara Fernandes"},"description":"Jornalista MTB 2358-ES","sameAs":["https:\/\/jornalfatosenoticias.com.br"],"url":"https:\/\/jornalfatosenoticias.com.br\/index.php\/author\/luzimara\/"}]}},"cc_featured_image_caption":{"caption_text":"(Foto: Getty Images)","source_text":"","source_url":""},"jetpack_featured_media_url":"https:\/\/jornalfatosenoticias.com.br\/wp-content\/uploads\/2026\/07\/reprovacao-molusco_gettyimages.jpg","_links":{"self":[{"href":"https:\/\/jornalfatosenoticias.com.br\/index.php\/wp-json\/wp\/v2\/posts\/69512","targetHints":{"allow":["GET"]}}],"collection":[{"href":"https:\/\/jornalfatosenoticias.com.br\/index.php\/wp-json\/wp\/v2\/posts"}],"about":[{"href":"https:\/\/jornalfatosenoticias.com.br\/index.php\/wp-json\/wp\/v2\/types\/post"}],"author":[{"embeddable":true,"href":"https:\/\/jornalfatosenoticias.com.br\/index.php\/wp-json\/wp\/v2\/users\/2"}],"replies":[{"embeddable":true,"href":"https:\/\/jornalfatosenoticias.com.br\/index.php\/wp-json\/wp\/v2\/comments?post=69512"}],"version-history":[{"count":1,"href":"https:\/\/jornalfatosenoticias.com.br\/index.php\/wp-json\/wp\/v2\/posts\/69512\/revisions"}],"predecessor-version":[{"id":69513,"href":"https:\/\/jornalfatosenoticias.com.br\/index.php\/wp-json\/wp\/v2\/posts\/69512\/revisions\/69513"}],"wp:featuredmedia":[{"embeddable":true,"href":"https:\/\/jornalfatosenoticias.com.br\/index.php\/wp-json\/wp\/v2\/media\/68434"}],"wp:attachment":[{"href":"https:\/\/jornalfatosenoticias.com.br\/index.php\/wp-json\/wp\/v2\/media?parent=69512"}],"wp:term":[{"taxonomy":"category","embeddable":true,"href":"https:\/\/jornalfatosenoticias.com.br\/index.php\/wp-json\/wp\/v2\/categories?post=69512"},{"taxonomy":"post_tag","embeddable":true,"href":"https:\/\/jornalfatosenoticias.com.br\/index.php\/wp-json\/wp\/v2\/tags?post=69512"}],"curies":[{"name":"wp","href":"https:\/\/api.w.org\/{rel}","templated":true}]}}