{"id":69517,"date":"2026-08-31T16:25:55","date_gmt":"2026-08-31T19:25:55","guid":{"rendered":"https:\/\/jornalfatosenoticias.com.br\/?p=69517"},"modified":"2026-08-31T16:25:57","modified_gmt":"2026-08-31T19:25:57","slug":"industria-estima-que-brasil-pode-levar-ate-30-anos-para-compensar-jornada-de-40-horas","status":"publish","type":"post","link":"https:\/\/jornalfatosenoticias.com.br\/index.php\/2026\/08\/31\/industria-estima-que-brasil-pode-levar-ate-30-anos-para-compensar-jornada-de-40-horas\/","title":{"rendered":"Ind\u00fastria estima que Brasil pode levar at\u00e9 30 anos para compensar jornada de 40 horas"},"content":{"rendered":"\n<p><em><mark style=\"background-color:rgba(0, 0, 0, 0)\" class=\"has-inline-color has-black-color\">Estimativa da CNI aponta um longo per\u00edodo necess\u00e1rio para compensar redu\u00e7\u00e3o da jornada de 44 horas para 40 horas<\/mark><\/em><\/p>\n\n\n\n<p><mark style=\"background-color:rgba(0, 0, 0, 0)\" class=\"has-inline-color has-black-color\">Por <strong><a href=\"https:\/\/www.gazetadopovo.com.br\/autor\/guilherme-grandi\/\">Guilherme Grandi<\/a><\/strong><\/mark><\/p>\n\n\n\n<p>O Brasil pode levar de 17 a 30 anos para obter o ganho de produtividade necess\u00e1rio para compensar uma eventual redu\u00e7\u00e3o da jornada semanal para 40 horas, associada ao fim da escala 6&#215;1, de acordo com um estudo divulgado nesta segunda-feira (31) pela Confedera\u00e7\u00e3o Nacional da Ind\u00fastria (CNI). A entidade simulou os impactos da mudan\u00e7a sobre produtividade, emprego formal e massa salarial. A proje\u00e7\u00e3o considera um cen\u00e1rio em que as empresas mant\u00eam os empregos e os sal\u00e1rios, absorvendo integralmente a redu\u00e7\u00e3o das horas trabalhadas sem cortar a remunera\u00e7\u00e3o. Nesse caso, o n\u00famero total de horas trabalhadas cairia cerca de 7,8%, enquanto a produtividade por hora teria de crescer entre 8,3% e 8,5% para compensar a perda.<\/p>\n\n\n\n<blockquote class=\"wp-block-quote is-layout-flow wp-block-quote-is-layout-flow\">\n<p><mark style=\"background-color:rgba(0, 0, 0, 0)\" class=\"has-inline-color has-luminous-vivid-orange-color\">N\u00e3o existe pa\u00eds que sustente sua competitividade sem produtividade. Ela \u00e9 o que permite produzir mais e gerar mais valor com os recursos dispon\u00edveis. Quando ela \u00e9 afetada, as empresas sentem mais dificuldade na capacidade de investir, competir e remunerar melhor os trabalhadores\u201d, afirmou Ricardo Alban, presidente da CNI.<\/mark><\/p>\n<\/blockquote>\n\n\n<div class=\"wp-block-image\">\n<figure class=\"aligncenter size-full is-resized\"><a href=\"https:\/\/www.instagram.com\/kalynecalais\/\"><img loading=\"lazy\" decoding=\"async\" width=\"969\" height=\"406\" src=\"https:\/\/jornalfatosenoticias.com.br\/wp-content\/uploads\/2024\/09\/Legis-Juris-Consultoria_logo.jpg\" alt=\"\" class=\"wp-image-53915\" style=\"aspect-ratio:2.3867874267448057;width:458px;height:auto\" srcset=\"https:\/\/jornalfatosenoticias.com.br\/wp-content\/uploads\/2024\/09\/Legis-Juris-Consultoria_logo.jpg 969w, https:\/\/jornalfatosenoticias.com.br\/wp-content\/uploads\/2024\/09\/Legis-Juris-Consultoria_logo-300x126.jpg 300w, https:\/\/jornalfatosenoticias.com.br\/wp-content\/uploads\/2024\/09\/Legis-Juris-Consultoria_logo-768x322.jpg 768w\" sizes=\"auto, (max-width: 969px) 100vw, 969px\" \/><\/a><\/figure>\n<\/div>\n\n\n<p>O estudo da CNI atribuiu esse longo per\u00edodo de compensa\u00e7\u00e3o ao lento avan\u00e7o da produtividade brasileira. Entre 1981 e 2024, a produ\u00e7\u00e3o por hora trabalhada cresceu, em m\u00e9dia, 0,5% ao ano, ritmo que levaria aproximadamente 17 anos para alcan\u00e7ar o ganho necess\u00e1rio. Considerando apenas os \u00faltimos seis anos, por\u00e9m, a situa\u00e7\u00e3o fica mais distante: a produtividade avan\u00e7ou em m\u00e9dia 0,28% ao ano. Mantido esse ritmo, diz a entidade, o per\u00edodo necess\u00e1rio para compensar a redu\u00e7\u00e3o da jornada se aproximaria de 30 anos.<br>A produtividade tamb\u00e9m \u00e9 influenciada por fatores como tecnologia, qualifica\u00e7\u00e3o profissional, infraestrutura, inova\u00e7\u00e3o e organiza\u00e7\u00e3o dos processos. Um desempenho baixo nessa \u00e1rea dificulta o crescimento da economia, a eleva\u00e7\u00e3o dos sal\u00e1rios e a amplia\u00e7\u00e3o dos investimentos, al\u00e9m de aumentar custos e reduzir a capacidade de competi\u00e7\u00e3o das empresas.<\/p>\n\n\n<div class=\"wp-block-image\">\n<figure class=\"aligncenter size-full\"><a href=\"http:\/\/www.ferrarimaquinas.com.br\/\"><img loading=\"lazy\" decoding=\"async\" width=\"300\" height=\"250\" src=\"https:\/\/jornalfatosenoticias.com.br\/wp-content\/uploads\/2022\/02\/FERRARI_MAQUINAS-E-FERRAMENTAS2.jpg\" alt=\"\" class=\"wp-image-27860\"\/><\/a><\/figure>\n<\/div>\n\n\n<p><strong><mark style=\"background-color:rgba(0, 0, 0, 0)\" class=\"has-inline-color has-black-color\">Baixa produtividade do Brasil<br><\/mark><\/strong>Na compara\u00e7\u00e3o internacional apresentada no estudo, o Brasil aparece entre os pa\u00edses de menor produtividade. Segundo os dados da Organiza\u00e7\u00e3o Internacional do Trabalho (OIT), o pa\u00eds ocupa a 100\u00aa posi\u00e7\u00e3o mundial em produtividade por trabalhador e a 91\u00aa em produtividade por hora trabalhada. Economias como Irlanda, Noruega, Estados Unidos e B\u00e9lgica apresentam n\u00edveis de produtividade entre tr\u00eas e seis vezes superiores aos brasileiros. Para Alban, os n\u00fameros mostram que a dura\u00e7\u00e3o da jornada n\u00e3o pode ser analisada separadamente da capacidade de produzir mais em menos tempo.<\/p>\n\n\n\n<blockquote class=\"wp-block-quote is-layout-flow wp-block-quote-is-layout-flow\">\n<p><mark style=\"background-color:rgba(0, 0, 0, 0)\" class=\"has-inline-color has-luminous-vivid-orange-color\">O desempenho brasileiro mostra que a redu\u00e7\u00e3o do tempo de trabalho s\u00f3 \u00e9 sustent\u00e1vel se houver condi\u00e7\u00f5es que permitam elevar a efici\u00eancia econ\u00f4mica. O desafio \u00e9 bem maior do que condensar em menos tempo o mesmo esfor\u00e7o. S\u00e3o necess\u00e1rias condi\u00e7\u00f5es estruturais capazes de tornar o trabalho mais eficiente. E esse ainda \u00e9 um desafio importante para o Brasil\u201d, disse.<\/mark><\/p>\n<\/blockquote>\n\n\n<div class=\"wp-block-image\">\n<figure class=\"aligncenter size-full is-resized\"><a href=\"https:\/\/panper.com.br\/\"><img loading=\"lazy\" decoding=\"async\" width=\"400\" height=\"277\" src=\"https:\/\/jornalfatosenoticias.com.br\/wp-content\/uploads\/2023\/03\/logo-Panper_portal.jpg\" alt=\"\" class=\"wp-image-40208\" style=\"width:339px;height:auto\" srcset=\"https:\/\/jornalfatosenoticias.com.br\/wp-content\/uploads\/2023\/03\/logo-Panper_portal.jpg 400w, https:\/\/jornalfatosenoticias.com.br\/wp-content\/uploads\/2023\/03\/logo-Panper_portal-300x208.jpg 300w\" sizes=\"auto, (max-width: 400px) 100vw, 400px\" \/><\/a><\/figure>\n<\/div>\n\n\n<p>O impacto tamb\u00e9m varia conforme o setor, j\u00e1 que atividades mais dependentes de m\u00e3o de obra ou com menor capacidade de reorganiza\u00e7\u00e3o dos processos podem precisar de ganhos maiores de produtividade para preservar o n\u00edvel de produ\u00e7\u00e3o. Entre os setores analisados, os avan\u00e7os necess\u00e1rios seriam:<br><strong>\u2b9a<\/strong> Agropecu\u00e1ria: at\u00e9 13,6%;<br><strong>\u2b9a<\/strong> Com\u00e9rcio: 10,6%;<br><strong>\u2b9a<\/strong> Ind\u00fastria extrativa: 10,4%;<br><strong>\u2b9a<\/strong> Constru\u00e7\u00e3o: 9,8%;<br><strong>\u2b9a<\/strong> Ind\u00fastria de transforma\u00e7\u00e3o: 9,3%.<br>A Proposta de Emenda \u00e0 Constitui\u00e7\u00e3o (PEC) que reduz a jornada m\u00e1xima de 44 para 40 horas semanais e acaba com a escala 6&#215;1 est\u00e1 pautada para ser votada na Comiss\u00e3o de Constitui\u00e7\u00e3o e Justi\u00e7a (CCJ) do Senado nesta semana, com expectativa de an\u00e1lise na quarta-feira (2) antes de seguir para o plen\u00e1rio. A mat\u00e9ria j\u00e1 foi aprovada na C\u00e2mara dos Deputados em maio e ficou parada at\u00e9 o acordo pol\u00edtico de Luiz In\u00e1cio Lula da Silva (PT) com o presidente do Congresso, Davi Alcolumbre (Uni\u00e3o-AP).<br>Se aprovada na comiss\u00e3o, a proposta precisar\u00e1 ser votada em dois turnos no plen\u00e1rio do Senado, exigindo o voto favor\u00e1vel de pelo menos 49 dos 81 senadores. Em uma eventual aprova\u00e7\u00e3o, o texto \u00e9 promulgado e prev\u00ea um prazo de implanta\u00e7\u00e3o, com redu\u00e7\u00e3o para 42 horas semanais ap\u00f3s 60 dias e de 40 horas semanais ap\u00f3s um ano.<\/p>\n\n\n<div class=\"wp-block-image\">\n<figure class=\"aligncenter size-large is-resized\"><a href=\"https:\/\/www.facebook.com\/profile.php?id=100069289606145\"><img loading=\"lazy\" decoding=\"async\" width=\"1024\" height=\"714\" src=\"https:\/\/jornalfatosenoticias.com.br\/wp-content\/uploads\/2024\/11\/Guaitolini-Contabilidade-1024x714.jpeg\" alt=\"\" class=\"wp-image-55808\" style=\"width:321px;height:auto\" srcset=\"https:\/\/jornalfatosenoticias.com.br\/wp-content\/uploads\/2024\/11\/Guaitolini-Contabilidade-1024x714.jpeg 1024w, https:\/\/jornalfatosenoticias.com.br\/wp-content\/uploads\/2024\/11\/Guaitolini-Contabilidade-300x209.jpeg 300w, https:\/\/jornalfatosenoticias.com.br\/wp-content\/uploads\/2024\/11\/Guaitolini-Contabilidade-768x535.jpeg 768w, https:\/\/jornalfatosenoticias.com.br\/wp-content\/uploads\/2024\/11\/Guaitolini-Contabilidade.jpeg 1280w\" sizes=\"auto, (max-width: 1024px) 100vw, 1024px\" \/><\/a><\/figure>\n<\/div>\n\n\n<p><strong>Fonte: <a href=\"https:\/\/www.gazetadopovo.com.br\/economia\/jornada-40-horas-30-anos-ganho-produtividade-brasil\/\">Gazeta do Povo<\/a><\/strong><\/p>\n","protected":false},"excerpt":{"rendered":"<p>Estimativa da CNI aponta um longo per\u00edodo necess\u00e1rio para compensar redu\u00e7\u00e3o da jornada de 44 horas para 40 horas Por Guilherme Grandi O Brasil pode levar de 17 a 30 anos para obter o ganho de produtividade necess\u00e1rio para compensar uma eventual redu\u00e7\u00e3o da jornada semanal para 40 horas, associada ao fim da escala 6&#215;1, [&hellip;]<\/p>\n","protected":false},"author":2,"featured_media":69518,"comment_status":"open","ping_status":"open","sticky":false,"template":"","format":"standard","meta":{"footnotes":""},"categories":[9],"tags":[3419,19435,30230,280,7580,967,30931,29755,245],"class_list":["post-69517","post","type-post","status-publish","format-standard","has-post-thumbnail","hentry","category-economia","tag-cni","tag-davi-alcolumbre","tag-escala-6x1","tag-industria","tag-lula","tag-produtividade","tag-reducao-da-jornada-de-trabalho","tag-ricardo-alban","tag-trabalho"],"yoast_head":"<!-- This site is optimized with the Yoast SEO plugin v26.5 - https:\/\/yoast.com\/wordpress\/plugins\/seo\/ -->\n<title>Ind\u00fastria estima que Brasil pode levar at\u00e9 30 anos para compensar jornada de 40 horas - Jornal Fatos e Not\u00edcias<\/title>\n<meta name=\"robots\" content=\"index, follow, max-snippet:-1, max-image-preview:large, max-video-preview:-1\" \/>\n<link rel=\"canonical\" href=\"https:\/\/jornalfatosenoticias.com.br\/index.php\/2026\/08\/31\/industria-estima-que-brasil-pode-levar-ate-30-anos-para-compensar-jornada-de-40-horas\/\" \/>\n<meta property=\"og:locale\" content=\"pt_BR\" \/>\n<meta property=\"og:type\" content=\"article\" \/>\n<meta property=\"og:title\" content=\"Ind\u00fastria estima que Brasil pode levar at\u00e9 30 anos para compensar jornada de 40 horas - Jornal Fatos e Not\u00edcias\" \/>\n<meta property=\"og:description\" content=\"Estimativa da CNI aponta um longo per\u00edodo necess\u00e1rio para compensar redu\u00e7\u00e3o da jornada de 44 horas para 40 horas Por Guilherme Grandi O Brasil pode levar de 17 a 30 anos para obter o ganho de produtividade necess\u00e1rio para compensar uma eventual redu\u00e7\u00e3o da jornada semanal para 40 horas, associada ao fim da escala 6&#215;1, [&hellip;]\" \/>\n<meta property=\"og:url\" content=\"https:\/\/jornalfatosenoticias.com.br\/index.php\/2026\/08\/31\/industria-estima-que-brasil-pode-levar-ate-30-anos-para-compensar-jornada-de-40-horas\/\" \/>\n<meta property=\"og:site_name\" content=\"Jornal Fatos e Not\u00edcias\" \/>\n<meta property=\"article:published_time\" content=\"2026-08-31T19:25:55+00:00\" \/>\n<meta property=\"article:modified_time\" content=\"2026-08-31T19:25:57+00:00\" \/>\n<meta property=\"og:image\" content=\"https:\/\/jornalfatosenoticias.com.br\/wp-content\/uploads\/2026\/08\/industria_Magnific.jpg\" \/>\n\t<meta property=\"og:image:width\" content=\"1000\" \/>\n\t<meta property=\"og:image:height\" content=\"666\" \/>\n\t<meta property=\"og:image:type\" content=\"image\/jpeg\" \/>\n<meta name=\"author\" content=\"Luzimara Fernandes\" \/>\n<meta name=\"twitter:card\" content=\"summary_large_image\" \/>\n<meta name=\"twitter:label1\" content=\"Escrito por\" \/>\n\t<meta name=\"twitter:data1\" content=\"Luzimara Fernandes\" \/>\n\t<meta name=\"twitter:label2\" content=\"Est. tempo de leitura\" \/>\n\t<meta name=\"twitter:data2\" content=\"5 minutos\" \/>\n<script type=\"application\/ld+json\" class=\"yoast-schema-graph\">{\"@context\":\"https:\/\/schema.org\",\"@graph\":[{\"@type\":\"Article\",\"@id\":\"https:\/\/jornalfatosenoticias.com.br\/index.php\/2026\/08\/31\/industria-estima-que-brasil-pode-levar-ate-30-anos-para-compensar-jornada-de-40-horas\/#article\",\"isPartOf\":{\"@id\":\"https:\/\/jornalfatosenoticias.com.br\/index.php\/2026\/08\/31\/industria-estima-que-brasil-pode-levar-ate-30-anos-para-compensar-jornada-de-40-horas\/\"},\"author\":{\"name\":\"Luzimara Fernandes\",\"@id\":\"https:\/\/jornalfatosenoticias.com.br\/#\/schema\/person\/d63837fa13ac8666eb9e74e0985d6f81\"},\"headline\":\"Ind\u00fastria estima que Brasil pode levar at\u00e9 30 anos para compensar jornada de 40 horas\",\"datePublished\":\"2026-08-31T19:25:55+00:00\",\"dateModified\":\"2026-08-31T19:25:57+00:00\",\"mainEntityOfPage\":{\"@id\":\"https:\/\/jornalfatosenoticias.com.br\/index.php\/2026\/08\/31\/industria-estima-que-brasil-pode-levar-ate-30-anos-para-compensar-jornada-de-40-horas\/\"},\"wordCount\":743,\"commentCount\":0,\"publisher\":{\"@id\":\"https:\/\/jornalfatosenoticias.com.br\/#organization\"},\"image\":{\"@id\":\"https:\/\/jornalfatosenoticias.com.br\/index.php\/2026\/08\/31\/industria-estima-que-brasil-pode-levar-ate-30-anos-para-compensar-jornada-de-40-horas\/#primaryimage\"},\"thumbnailUrl\":\"https:\/\/jornalfatosenoticias.com.br\/wp-content\/uploads\/2026\/08\/industria_Magnific.jpg\",\"keywords\":[\"CNI\",\"Davi Alcolumbre\",\"escala 6x1\",\"ind\u00fastria\",\"Lula\",\"produtividade\",\"redu\u00e7\u00e3o da jornada de trabalho\",\"Ricardo Alban\",\"trabalho\"],\"articleSection\":[\"Economia\"],\"inLanguage\":\"pt-BR\",\"potentialAction\":[{\"@type\":\"CommentAction\",\"name\":\"Comment\",\"target\":[\"https:\/\/jornalfatosenoticias.com.br\/index.php\/2026\/08\/31\/industria-estima-que-brasil-pode-levar-ate-30-anos-para-compensar-jornada-de-40-horas\/#respond\"]}]},{\"@type\":\"WebPage\",\"@id\":\"https:\/\/jornalfatosenoticias.com.br\/index.php\/2026\/08\/31\/industria-estima-que-brasil-pode-levar-ate-30-anos-para-compensar-jornada-de-40-horas\/\",\"url\":\"https:\/\/jornalfatosenoticias.com.br\/index.php\/2026\/08\/31\/industria-estima-que-brasil-pode-levar-ate-30-anos-para-compensar-jornada-de-40-horas\/\",\"name\":\"Ind\u00fastria estima que Brasil pode levar at\u00e9 30 anos para compensar jornada de 40 horas - Jornal Fatos e Not\u00edcias\",\"isPartOf\":{\"@id\":\"https:\/\/jornalfatosenoticias.com.br\/#website\"},\"primaryImageOfPage\":{\"@id\":\"https:\/\/jornalfatosenoticias.com.br\/index.php\/2026\/08\/31\/industria-estima-que-brasil-pode-levar-ate-30-anos-para-compensar-jornada-de-40-horas\/#primaryimage\"},\"image\":{\"@id\":\"https:\/\/jornalfatosenoticias.com.br\/index.php\/2026\/08\/31\/industria-estima-que-brasil-pode-levar-ate-30-anos-para-compensar-jornada-de-40-horas\/#primaryimage\"},\"thumbnailUrl\":\"https:\/\/jornalfatosenoticias.com.br\/wp-content\/uploads\/2026\/08\/industria_Magnific.jpg\",\"datePublished\":\"2026-08-31T19:25:55+00:00\",\"dateModified\":\"2026-08-31T19:25:57+00:00\",\"breadcrumb\":{\"@id\":\"https:\/\/jornalfatosenoticias.com.br\/index.php\/2026\/08\/31\/industria-estima-que-brasil-pode-levar-ate-30-anos-para-compensar-jornada-de-40-horas\/#breadcrumb\"},\"inLanguage\":\"pt-BR\",\"potentialAction\":[{\"@type\":\"ReadAction\",\"target\":[\"https:\/\/jornalfatosenoticias.com.br\/index.php\/2026\/08\/31\/industria-estima-que-brasil-pode-levar-ate-30-anos-para-compensar-jornada-de-40-horas\/\"]}]},{\"@type\":\"ImageObject\",\"inLanguage\":\"pt-BR\",\"@id\":\"https:\/\/jornalfatosenoticias.com.br\/index.php\/2026\/08\/31\/industria-estima-que-brasil-pode-levar-ate-30-anos-para-compensar-jornada-de-40-horas\/#primaryimage\",\"url\":\"https:\/\/jornalfatosenoticias.com.br\/wp-content\/uploads\/2026\/08\/industria_Magnific.jpg\",\"contentUrl\":\"https:\/\/jornalfatosenoticias.com.br\/wp-content\/uploads\/2026\/08\/industria_Magnific.jpg\",\"width\":1000,\"height\":666,\"caption\":\"Photo of automobile production line. Modern car assembly plant. Auto industry. Interior of a high-tech factory, modern production.\"},{\"@type\":\"BreadcrumbList\",\"@id\":\"https:\/\/jornalfatosenoticias.com.br\/index.php\/2026\/08\/31\/industria-estima-que-brasil-pode-levar-ate-30-anos-para-compensar-jornada-de-40-horas\/#breadcrumb\",\"itemListElement\":[{\"@type\":\"ListItem\",\"position\":1,\"name\":\"In\u00edcio\",\"item\":\"https:\/\/jornalfatosenoticias.com.br\/\"},{\"@type\":\"ListItem\",\"position\":2,\"name\":\"Ind\u00fastria estima que Brasil pode levar at\u00e9 30 anos para compensar jornada de 40 horas\"}]},{\"@type\":\"WebSite\",\"@id\":\"https:\/\/jornalfatosenoticias.com.br\/#website\",\"url\":\"https:\/\/jornalfatosenoticias.com.br\/\",\"name\":\"Jornal Fatos e Not\u00edcias\",\"description\":\"Not\u00edcias em geral\",\"publisher\":{\"@id\":\"https:\/\/jornalfatosenoticias.com.br\/#organization\"},\"potentialAction\":[{\"@type\":\"SearchAction\",\"target\":{\"@type\":\"EntryPoint\",\"urlTemplate\":\"https:\/\/jornalfatosenoticias.com.br\/?s={search_term_string}\"},\"query-input\":{\"@type\":\"PropertyValueSpecification\",\"valueRequired\":true,\"valueName\":\"search_term_string\"}}],\"inLanguage\":\"pt-BR\"},{\"@type\":\"Organization\",\"@id\":\"https:\/\/jornalfatosenoticias.com.br\/#organization\",\"name\":\"Jornal Fatos e Not\u00edcias\",\"url\":\"https:\/\/jornalfatosenoticias.com.br\/\",\"logo\":{\"@type\":\"ImageObject\",\"inLanguage\":\"pt-BR\",\"@id\":\"https:\/\/jornalfatosenoticias.com.br\/#\/schema\/logo\/image\/\",\"url\":\"https:\/\/jornalfatosenoticias.com.br\/wp-content\/uploads\/2020\/02\/logo120.png\",\"contentUrl\":\"https:\/\/jornalfatosenoticias.com.br\/wp-content\/uploads\/2020\/02\/logo120.png\",\"width\":1227,\"height\":120,\"caption\":\"Jornal Fatos e Not\u00edcias\"},\"image\":{\"@id\":\"https:\/\/jornalfatosenoticias.com.br\/#\/schema\/logo\/image\/\"}},{\"@type\":\"Person\",\"@id\":\"https:\/\/jornalfatosenoticias.com.br\/#\/schema\/person\/d63837fa13ac8666eb9e74e0985d6f81\",\"name\":\"Luzimara Fernandes\",\"image\":{\"@type\":\"ImageObject\",\"inLanguage\":\"pt-BR\",\"@id\":\"https:\/\/jornalfatosenoticias.com.br\/#\/schema\/person\/image\/\",\"url\":\"https:\/\/jornalfatosenoticias.com.br\/wp-content\/uploads\/2025\/05\/EU_portal.jpg\",\"contentUrl\":\"https:\/\/jornalfatosenoticias.com.br\/wp-content\/uploads\/2025\/05\/EU_portal.jpg\",\"caption\":\"Luzimara Fernandes\"},\"description\":\"Jornalista MTB 2358-ES\",\"sameAs\":[\"https:\/\/jornalfatosenoticias.com.br\"],\"url\":\"https:\/\/jornalfatosenoticias.com.br\/index.php\/author\/luzimara\/\"}]}<\/script>\n<!-- \/ Yoast SEO plugin. -->","yoast_head_json":{"title":"Ind\u00fastria estima que Brasil pode levar at\u00e9 30 anos para compensar jornada de 40 horas - Jornal Fatos e Not\u00edcias","robots":{"index":"index","follow":"follow","max-snippet":"max-snippet:-1","max-image-preview":"max-image-preview:large","max-video-preview":"max-video-preview:-1"},"canonical":"https:\/\/jornalfatosenoticias.com.br\/index.php\/2026\/08\/31\/industria-estima-que-brasil-pode-levar-ate-30-anos-para-compensar-jornada-de-40-horas\/","og_locale":"pt_BR","og_type":"article","og_title":"Ind\u00fastria estima que Brasil pode levar at\u00e9 30 anos para compensar jornada de 40 horas - Jornal Fatos e Not\u00edcias","og_description":"Estimativa da CNI aponta um longo per\u00edodo necess\u00e1rio para compensar redu\u00e7\u00e3o da jornada de 44 horas para 40 horas Por Guilherme Grandi O Brasil pode levar de 17 a 30 anos para obter o ganho de produtividade necess\u00e1rio para compensar uma eventual redu\u00e7\u00e3o da jornada semanal para 40 horas, associada ao fim da escala 6&#215;1, [&hellip;]","og_url":"https:\/\/jornalfatosenoticias.com.br\/index.php\/2026\/08\/31\/industria-estima-que-brasil-pode-levar-ate-30-anos-para-compensar-jornada-de-40-horas\/","og_site_name":"Jornal Fatos e Not\u00edcias","article_published_time":"2026-08-31T19:25:55+00:00","article_modified_time":"2026-08-31T19:25:57+00:00","og_image":[{"width":1000,"height":666,"url":"https:\/\/jornalfatosenoticias.com.br\/wp-content\/uploads\/2026\/08\/industria_Magnific.jpg","type":"image\/jpeg"}],"author":"Luzimara Fernandes","twitter_card":"summary_large_image","twitter_misc":{"Escrito por":"Luzimara Fernandes","Est. tempo de leitura":"5 minutos"},"schema":{"@context":"https:\/\/schema.org","@graph":[{"@type":"Article","@id":"https:\/\/jornalfatosenoticias.com.br\/index.php\/2026\/08\/31\/industria-estima-que-brasil-pode-levar-ate-30-anos-para-compensar-jornada-de-40-horas\/#article","isPartOf":{"@id":"https:\/\/jornalfatosenoticias.com.br\/index.php\/2026\/08\/31\/industria-estima-que-brasil-pode-levar-ate-30-anos-para-compensar-jornada-de-40-horas\/"},"author":{"name":"Luzimara Fernandes","@id":"https:\/\/jornalfatosenoticias.com.br\/#\/schema\/person\/d63837fa13ac8666eb9e74e0985d6f81"},"headline":"Ind\u00fastria estima que Brasil pode levar at\u00e9 30 anos para compensar jornada de 40 horas","datePublished":"2026-08-31T19:25:55+00:00","dateModified":"2026-08-31T19:25:57+00:00","mainEntityOfPage":{"@id":"https:\/\/jornalfatosenoticias.com.br\/index.php\/2026\/08\/31\/industria-estima-que-brasil-pode-levar-ate-30-anos-para-compensar-jornada-de-40-horas\/"},"wordCount":743,"commentCount":0,"publisher":{"@id":"https:\/\/jornalfatosenoticias.com.br\/#organization"},"image":{"@id":"https:\/\/jornalfatosenoticias.com.br\/index.php\/2026\/08\/31\/industria-estima-que-brasil-pode-levar-ate-30-anos-para-compensar-jornada-de-40-horas\/#primaryimage"},"thumbnailUrl":"https:\/\/jornalfatosenoticias.com.br\/wp-content\/uploads\/2026\/08\/industria_Magnific.jpg","keywords":["CNI","Davi Alcolumbre","escala 6x1","ind\u00fastria","Lula","produtividade","redu\u00e7\u00e3o da jornada de trabalho","Ricardo Alban","trabalho"],"articleSection":["Economia"],"inLanguage":"pt-BR","potentialAction":[{"@type":"CommentAction","name":"Comment","target":["https:\/\/jornalfatosenoticias.com.br\/index.php\/2026\/08\/31\/industria-estima-que-brasil-pode-levar-ate-30-anos-para-compensar-jornada-de-40-horas\/#respond"]}]},{"@type":"WebPage","@id":"https:\/\/jornalfatosenoticias.com.br\/index.php\/2026\/08\/31\/industria-estima-que-brasil-pode-levar-ate-30-anos-para-compensar-jornada-de-40-horas\/","url":"https:\/\/jornalfatosenoticias.com.br\/index.php\/2026\/08\/31\/industria-estima-que-brasil-pode-levar-ate-30-anos-para-compensar-jornada-de-40-horas\/","name":"Ind\u00fastria estima que Brasil pode levar at\u00e9 30 anos para compensar jornada de 40 horas - Jornal Fatos e Not\u00edcias","isPartOf":{"@id":"https:\/\/jornalfatosenoticias.com.br\/#website"},"primaryImageOfPage":{"@id":"https:\/\/jornalfatosenoticias.com.br\/index.php\/2026\/08\/31\/industria-estima-que-brasil-pode-levar-ate-30-anos-para-compensar-jornada-de-40-horas\/#primaryimage"},"image":{"@id":"https:\/\/jornalfatosenoticias.com.br\/index.php\/2026\/08\/31\/industria-estima-que-brasil-pode-levar-ate-30-anos-para-compensar-jornada-de-40-horas\/#primaryimage"},"thumbnailUrl":"https:\/\/jornalfatosenoticias.com.br\/wp-content\/uploads\/2026\/08\/industria_Magnific.jpg","datePublished":"2026-08-31T19:25:55+00:00","dateModified":"2026-08-31T19:25:57+00:00","breadcrumb":{"@id":"https:\/\/jornalfatosenoticias.com.br\/index.php\/2026\/08\/31\/industria-estima-que-brasil-pode-levar-ate-30-anos-para-compensar-jornada-de-40-horas\/#breadcrumb"},"inLanguage":"pt-BR","potentialAction":[{"@type":"ReadAction","target":["https:\/\/jornalfatosenoticias.com.br\/index.php\/2026\/08\/31\/industria-estima-que-brasil-pode-levar-ate-30-anos-para-compensar-jornada-de-40-horas\/"]}]},{"@type":"ImageObject","inLanguage":"pt-BR","@id":"https:\/\/jornalfatosenoticias.com.br\/index.php\/2026\/08\/31\/industria-estima-que-brasil-pode-levar-ate-30-anos-para-compensar-jornada-de-40-horas\/#primaryimage","url":"https:\/\/jornalfatosenoticias.com.br\/wp-content\/uploads\/2026\/08\/industria_Magnific.jpg","contentUrl":"https:\/\/jornalfatosenoticias.com.br\/wp-content\/uploads\/2026\/08\/industria_Magnific.jpg","width":1000,"height":666,"caption":"Photo of automobile production line. Modern car assembly plant. Auto industry. Interior of a high-tech factory, modern production."},{"@type":"BreadcrumbList","@id":"https:\/\/jornalfatosenoticias.com.br\/index.php\/2026\/08\/31\/industria-estima-que-brasil-pode-levar-ate-30-anos-para-compensar-jornada-de-40-horas\/#breadcrumb","itemListElement":[{"@type":"ListItem","position":1,"name":"In\u00edcio","item":"https:\/\/jornalfatosenoticias.com.br\/"},{"@type":"ListItem","position":2,"name":"Ind\u00fastria estima que Brasil pode levar at\u00e9 30 anos para compensar jornada de 40 horas"}]},{"@type":"WebSite","@id":"https:\/\/jornalfatosenoticias.com.br\/#website","url":"https:\/\/jornalfatosenoticias.com.br\/","name":"Jornal Fatos e Not\u00edcias","description":"Not\u00edcias em geral","publisher":{"@id":"https:\/\/jornalfatosenoticias.com.br\/#organization"},"potentialAction":[{"@type":"SearchAction","target":{"@type":"EntryPoint","urlTemplate":"https:\/\/jornalfatosenoticias.com.br\/?s={search_term_string}"},"query-input":{"@type":"PropertyValueSpecification","valueRequired":true,"valueName":"search_term_string"}}],"inLanguage":"pt-BR"},{"@type":"Organization","@id":"https:\/\/jornalfatosenoticias.com.br\/#organization","name":"Jornal Fatos e Not\u00edcias","url":"https:\/\/jornalfatosenoticias.com.br\/","logo":{"@type":"ImageObject","inLanguage":"pt-BR","@id":"https:\/\/jornalfatosenoticias.com.br\/#\/schema\/logo\/image\/","url":"https:\/\/jornalfatosenoticias.com.br\/wp-content\/uploads\/2020\/02\/logo120.png","contentUrl":"https:\/\/jornalfatosenoticias.com.br\/wp-content\/uploads\/2020\/02\/logo120.png","width":1227,"height":120,"caption":"Jornal Fatos e Not\u00edcias"},"image":{"@id":"https:\/\/jornalfatosenoticias.com.br\/#\/schema\/logo\/image\/"}},{"@type":"Person","@id":"https:\/\/jornalfatosenoticias.com.br\/#\/schema\/person\/d63837fa13ac8666eb9e74e0985d6f81","name":"Luzimara Fernandes","image":{"@type":"ImageObject","inLanguage":"pt-BR","@id":"https:\/\/jornalfatosenoticias.com.br\/#\/schema\/person\/image\/","url":"https:\/\/jornalfatosenoticias.com.br\/wp-content\/uploads\/2025\/05\/EU_portal.jpg","contentUrl":"https:\/\/jornalfatosenoticias.com.br\/wp-content\/uploads\/2025\/05\/EU_portal.jpg","caption":"Luzimara Fernandes"},"description":"Jornalista MTB 2358-ES","sameAs":["https:\/\/jornalfatosenoticias.com.br"],"url":"https:\/\/jornalfatosenoticias.com.br\/index.php\/author\/luzimara\/"}]}},"cc_featured_image_caption":{"caption_text":"(Foto: Magnific)\r\n","source_text":"","source_url":""},"jetpack_featured_media_url":"https:\/\/jornalfatosenoticias.com.br\/wp-content\/uploads\/2026\/08\/industria_Magnific.jpg","_links":{"self":[{"href":"https:\/\/jornalfatosenoticias.com.br\/index.php\/wp-json\/wp\/v2\/posts\/69517","targetHints":{"allow":["GET"]}}],"collection":[{"href":"https:\/\/jornalfatosenoticias.com.br\/index.php\/wp-json\/wp\/v2\/posts"}],"about":[{"href":"https:\/\/jornalfatosenoticias.com.br\/index.php\/wp-json\/wp\/v2\/types\/post"}],"author":[{"embeddable":true,"href":"https:\/\/jornalfatosenoticias.com.br\/index.php\/wp-json\/wp\/v2\/users\/2"}],"replies":[{"embeddable":true,"href":"https:\/\/jornalfatosenoticias.com.br\/index.php\/wp-json\/wp\/v2\/comments?post=69517"}],"version-history":[{"count":1,"href":"https:\/\/jornalfatosenoticias.com.br\/index.php\/wp-json\/wp\/v2\/posts\/69517\/revisions"}],"predecessor-version":[{"id":69519,"href":"https:\/\/jornalfatosenoticias.com.br\/index.php\/wp-json\/wp\/v2\/posts\/69517\/revisions\/69519"}],"wp:featuredmedia":[{"embeddable":true,"href":"https:\/\/jornalfatosenoticias.com.br\/index.php\/wp-json\/wp\/v2\/media\/69518"}],"wp:attachment":[{"href":"https:\/\/jornalfatosenoticias.com.br\/index.php\/wp-json\/wp\/v2\/media?parent=69517"}],"wp:term":[{"taxonomy":"category","embeddable":true,"href":"https:\/\/jornalfatosenoticias.com.br\/index.php\/wp-json\/wp\/v2\/categories?post=69517"},{"taxonomy":"post_tag","embeddable":true,"href":"https:\/\/jornalfatosenoticias.com.br\/index.php\/wp-json\/wp\/v2\/tags?post=69517"}],"curies":[{"name":"wp","href":"https:\/\/api.w.org\/{rel}","templated":true}]}}