{"id":69523,"date":"2026-09-01T17:06:28","date_gmt":"2026-09-01T20:06:28","guid":{"rendered":"https:\/\/jornalfatosenoticias.com.br\/?p=69523"},"modified":"2026-09-01T17:06:29","modified_gmt":"2026-09-01T20:06:29","slug":"arcelormittal-anuncia-investimentos-de-ate-r-5-bilhoes-em-novas-linhas-de-producao-na-serra","status":"publish","type":"post","link":"https:\/\/jornalfatosenoticias.com.br\/index.php\/2026\/09\/01\/arcelormittal-anuncia-investimentos-de-ate-r-5-bilhoes-em-novas-linhas-de-producao-na-serra\/","title":{"rendered":"ArcelorMittal anuncia investimentos de at\u00e9 R$ 5 bilh\u00f5es em novas linhas de produ\u00e7\u00e3o na Serra"},"content":{"rendered":"\n<p><em><mark style=\"background-color:rgba(0, 0, 0, 0)\" class=\"has-inline-color has-black-color\">Investimento ser\u00e1 para diversificar sua oferta de a\u00e7os de alto valor agregado<\/mark><\/em><\/p>\n\n\n\n<p>A ArcelorMittal anunciou a aprova\u00e7\u00e3o final de investimento estimado entre R$ 4 bilh\u00f5es e R$ 5 bilh\u00f5es para a instala\u00e7\u00e3o de um Laminador de Tiras a Frio e uma Linha de Revestimento Cont\u00ednuo na Unidade Tubar\u00e3o, localizada no munic\u00edpio de Serra, Esp\u00edrito Santo. O Laminador de Tiras a Frio e a Linha de Revestimento Cont\u00ednuo na unidade capixaba v\u00e3o permitir \u00e0 empresa oferecer produtos de elevado valor agregado para setores como automotivo, constru\u00e7\u00e3o civil e linha branca.<br>A iniciativa posiciona a unidade como um polo estrat\u00e9gico de inova\u00e7\u00e3o e desenvolvimento para a ind\u00fastria brasileira, al\u00e9m de impulsionar o desenvolvimento econ\u00f4mico no Esp\u00edrito Santo. Com foco na produ\u00e7\u00e3o de a\u00e7o de alta qualidade, a linha de Revestimento Cont\u00ednuo ter\u00e1 capacidade anual de 560 mil toneladas de produtos, processados a partir das bobinas a quente j\u00e1 produzidas na unidade. S\u00e3o produtos laminados a frio e com revestimento met\u00e1lico, proporcionando maior resist\u00eancia \u00e0 corros\u00e3o e um acabamento diferenciado.<br>A expectativa \u00e9 que as obras tenham in\u00edcio ainda em 2026, com dura\u00e7\u00e3o aproximada de tr\u00eas anos e meio, e gerem durante o pico de constru\u00e7\u00e3o cerca de tr\u00eas mil empregos. Na fase operacional contar\u00e1 com aproximadamente 450 profissionais. O in\u00edcio das opera\u00e7\u00f5es est\u00e1 previsto para primeiro semestre de 2030. <\/p>\n\n\n<div class=\"wp-block-image\">\n<figure class=\"aligncenter size-full\"><img loading=\"lazy\" decoding=\"async\" width=\"1000\" height=\"667\" src=\"https:\/\/jornalfatosenoticias.com.br\/wp-content\/uploads\/2026\/09\/Jorge-Oliveira-Credito-Mosaico-Imagem-presidente-da-ArcelorMittal-Brasil_portal.jpg\" alt=\"\" class=\"wp-image-69524\" srcset=\"https:\/\/jornalfatosenoticias.com.br\/wp-content\/uploads\/2026\/09\/Jorge-Oliveira-Credito-Mosaico-Imagem-presidente-da-ArcelorMittal-Brasil_portal.jpg 1000w, https:\/\/jornalfatosenoticias.com.br\/wp-content\/uploads\/2026\/09\/Jorge-Oliveira-Credito-Mosaico-Imagem-presidente-da-ArcelorMittal-Brasil_portal-300x200.jpg 300w, https:\/\/jornalfatosenoticias.com.br\/wp-content\/uploads\/2026\/09\/Jorge-Oliveira-Credito-Mosaico-Imagem-presidente-da-ArcelorMittal-Brasil_portal-768x512.jpg 768w\" sizes=\"auto, (max-width: 1000px) 100vw, 1000px\" \/><figcaption class=\"wp-element-caption\"><mark style=\"background-color:rgba(0, 0, 0, 0)\" class=\"has-inline-color has-black-color\">Jorge Oliveira, presidente da ArcelorMittal Brasil e CEO da ArcelorMittal A\u00e7os Planos LATAM<\/mark><code><mark style=\"background-color:rgba(0, 0, 0, 0)\" class=\"has-inline-color has-black-color\"> (Foto: Mosaico Imagem)<\/mark><\/code><\/figcaption><\/figure>\n<\/div>\n\n\n<blockquote class=\"wp-block-quote is-layout-flow wp-block-quote-is-layout-flow\">\n<p><mark style=\"background-color:rgba(0, 0, 0, 0)\" class=\"has-inline-color has-luminous-vivid-orange-color\">O investimento na Unidade de Tubar\u00e3o \u00e9 um marco que refor\u00e7a nosso compromisso com o desenvolvimento do Esp\u00edrito Santo. Ao gerar oportunidades, atrair novos neg\u00f3cios e criar um efeito multiplicador positivo em toda a cadeia de valor, este projeto contribuir\u00e1 para o crescimento econ\u00f4mico do Estado e reflete nossa confian\u00e7a no futuro do Brasil. Por meio deste investimento, fortaleceremos nossa presen\u00e7a em mercados de alto valor agregado, como os setores automotivo, da linha branca e da constru\u00e7\u00e3o civil&#8221;, afirmou Jorge Oliveira, presidente da ArcelorMittal Brasil e CEO da ArcelorMittal A\u00e7os Planos LATAM.<\/mark><\/p>\n<\/blockquote>\n\n\n<div class=\"wp-block-image\">\n<figure class=\"aligncenter size-full\"><img loading=\"lazy\" decoding=\"async\" width=\"1000\" height=\"663\" src=\"https:\/\/jornalfatosenoticias.com.br\/wp-content\/uploads\/2026\/09\/Cedisa.png\" alt=\"\" class=\"wp-image-69525\" srcset=\"https:\/\/jornalfatosenoticias.com.br\/wp-content\/uploads\/2026\/09\/Cedisa.png 1000w, https:\/\/jornalfatosenoticias.com.br\/wp-content\/uploads\/2026\/09\/Cedisa-300x199.png 300w, https:\/\/jornalfatosenoticias.com.br\/wp-content\/uploads\/2026\/09\/Cedisa-768x509.png 768w\" sizes=\"auto, (max-width: 1000px) 100vw, 1000px\" \/><figcaption class=\"wp-element-caption\"><mark style=\"background-color:rgba(0, 0, 0, 0)\" class=\"has-inline-color has-black-color\">(Foto: Luzimara Fernandes\/A\u00e7o5.0)<\/mark><\/figcaption><\/figure>\n<\/div>\n\n\n<p>A ArcelorMittal tem como estrat\u00e9gia diversificar o portf\u00f3lio, com foco em <em>downstream<\/em>, e ao potencial de crescimento do mercado brasileiro. O consumo per capita de a\u00e7o no Brasil gira em torno de 122,5 kg ao ano, 41% abaixo da m\u00e9dia global, de 209 kg. O foco em downstream j\u00e1 havia sido colocada em pr\u00e1tica em 2025, quando a ArcelorMittal realizou a aquisi\u00e7\u00e3o de empresas como Tuper (segmentos automotivo, \u00f3leo e g\u00e1s, constru\u00e7\u00e3o civil e energia fotovoltaica), Tekno (a\u00e7os pr\u00e9-pintados), D\u00e2nica e Perfilor (solu\u00e7\u00f5es para o segmento da constru\u00e7\u00e3o). Com isso, consolidou o maior portf\u00f3lio de produtos e solu\u00e7\u00f5es em a\u00e7o no Brasil. O investimento no Esp\u00edrito Santo consolida este processo.<\/p>\n\n\n\n<p><strong>Fonte: <a href=\"https:\/\/brasilmineral.com.br\/noticias\/investimentos-de-ate-r-5-bilhoes-de-olho-na-diversificacao\">Brasil Mineral<\/a><\/strong><\/p>\n","protected":false},"excerpt":{"rendered":"<p>Investimento ser\u00e1 para diversificar sua oferta de a\u00e7os de alto valor agregado A ArcelorMittal anunciou a aprova\u00e7\u00e3o final de investimento estimado entre R$ 4 bilh\u00f5es e R$ 5 bilh\u00f5es para a instala\u00e7\u00e3o de um Laminador de Tiras a Frio e uma Linha de Revestimento Cont\u00ednuo na Unidade Tubar\u00e3o, localizada no munic\u00edpio de Serra, Esp\u00edrito Santo. [&hellip;]<\/p>\n","protected":false},"author":2,"featured_media":69526,"comment_status":"open","ping_status":"open","sticky":false,"template":"","format":"standard","meta":{"footnotes":""},"categories":[9,29604],"tags":[10780,9765,31808,100,946],"class_list":["post-69523","post","type-post","status-publish","format-standard","has-post-thumbnail","hentry","category-economia","category-siderurgia-metalurgia","tag-aco","tag-arcelormittal","tag-diversificacao","tag-espirito-santo","tag-investimentos"],"yoast_head":"<!-- This site is optimized with the Yoast SEO plugin v26.5 - https:\/\/yoast.com\/wordpress\/plugins\/seo\/ -->\n<title>ArcelorMittal anuncia investimentos de at\u00e9 R$ 5 bilh\u00f5es em novas linhas de produ\u00e7\u00e3o na Serra - Jornal Fatos e Not\u00edcias<\/title>\n<meta name=\"robots\" content=\"index, follow, max-snippet:-1, max-image-preview:large, max-video-preview:-1\" \/>\n<link rel=\"canonical\" href=\"https:\/\/jornalfatosenoticias.com.br\/index.php\/2026\/09\/01\/arcelormittal-anuncia-investimentos-de-ate-r-5-bilhoes-em-novas-linhas-de-producao-na-serra\/\" \/>\n<meta property=\"og:locale\" content=\"pt_BR\" \/>\n<meta property=\"og:type\" content=\"article\" \/>\n<meta property=\"og:title\" content=\"ArcelorMittal anuncia investimentos de at\u00e9 R$ 5 bilh\u00f5es em novas linhas de produ\u00e7\u00e3o na Serra - Jornal Fatos e Not\u00edcias\" \/>\n<meta property=\"og:description\" content=\"Investimento ser\u00e1 para diversificar sua oferta de a\u00e7os de alto valor agregado A ArcelorMittal anunciou a aprova\u00e7\u00e3o final de investimento estimado entre R$ 4 bilh\u00f5es e R$ 5 bilh\u00f5es para a instala\u00e7\u00e3o de um Laminador de Tiras a Frio e uma Linha de Revestimento Cont\u00ednuo na Unidade Tubar\u00e3o, localizada no munic\u00edpio de Serra, Esp\u00edrito Santo. [&hellip;]\" \/>\n<meta property=\"og:url\" content=\"https:\/\/jornalfatosenoticias.com.br\/index.php\/2026\/09\/01\/arcelormittal-anuncia-investimentos-de-ate-r-5-bilhoes-em-novas-linhas-de-producao-na-serra\/\" \/>\n<meta property=\"og:site_name\" content=\"Jornal Fatos e Not\u00edcias\" \/>\n<meta property=\"article:published_time\" content=\"2026-09-01T20:06:28+00:00\" \/>\n<meta property=\"article:modified_time\" content=\"2026-09-01T20:06:29+00:00\" \/>\n<meta property=\"og:image\" content=\"https:\/\/jornalfatosenoticias.com.br\/wp-content\/uploads\/2026\/09\/Cedisa-2.png\" \/>\n\t<meta property=\"og:image:width\" content=\"1000\" \/>\n\t<meta property=\"og:image:height\" content=\"663\" \/>\n\t<meta property=\"og:image:type\" content=\"image\/png\" \/>\n<meta name=\"author\" content=\"Luzimara Fernandes\" \/>\n<meta name=\"twitter:card\" content=\"summary_large_image\" \/>\n<meta name=\"twitter:label1\" content=\"Escrito por\" \/>\n\t<meta name=\"twitter:data1\" content=\"Luzimara Fernandes\" \/>\n\t<meta name=\"twitter:label2\" content=\"Est. tempo de leitura\" \/>\n\t<meta name=\"twitter:data2\" content=\"3 minutos\" \/>\n<script type=\"application\/ld+json\" class=\"yoast-schema-graph\">{\"@context\":\"https:\/\/schema.org\",\"@graph\":[{\"@type\":\"Article\",\"@id\":\"https:\/\/jornalfatosenoticias.com.br\/index.php\/2026\/09\/01\/arcelormittal-anuncia-investimentos-de-ate-r-5-bilhoes-em-novas-linhas-de-producao-na-serra\/#article\",\"isPartOf\":{\"@id\":\"https:\/\/jornalfatosenoticias.com.br\/index.php\/2026\/09\/01\/arcelormittal-anuncia-investimentos-de-ate-r-5-bilhoes-em-novas-linhas-de-producao-na-serra\/\"},\"author\":{\"name\":\"Luzimara Fernandes\",\"@id\":\"https:\/\/jornalfatosenoticias.com.br\/#\/schema\/person\/d63837fa13ac8666eb9e74e0985d6f81\"},\"headline\":\"ArcelorMittal anuncia investimentos de at\u00e9 R$ 5 bilh\u00f5es em novas linhas de produ\u00e7\u00e3o na Serra\",\"datePublished\":\"2026-09-01T20:06:28+00:00\",\"dateModified\":\"2026-09-01T20:06:29+00:00\",\"mainEntityOfPage\":{\"@id\":\"https:\/\/jornalfatosenoticias.com.br\/index.php\/2026\/09\/01\/arcelormittal-anuncia-investimentos-de-ate-r-5-bilhoes-em-novas-linhas-de-producao-na-serra\/\"},\"wordCount\":501,\"commentCount\":0,\"publisher\":{\"@id\":\"https:\/\/jornalfatosenoticias.com.br\/#organization\"},\"image\":{\"@id\":\"https:\/\/jornalfatosenoticias.com.br\/index.php\/2026\/09\/01\/arcelormittal-anuncia-investimentos-de-ate-r-5-bilhoes-em-novas-linhas-de-producao-na-serra\/#primaryimage\"},\"thumbnailUrl\":\"https:\/\/jornalfatosenoticias.com.br\/wp-content\/uploads\/2026\/09\/Cedisa-2.png\",\"keywords\":[\"a\u00e7o\",\"ArcelorMittal\",\"diversifica\u00e7\u00e3o\",\"Esp\u00edrito Santo\",\"investimentos\"],\"articleSection\":[\"Economia\",\"Siderurgia &amp; Metalurgia\"],\"inLanguage\":\"pt-BR\",\"potentialAction\":[{\"@type\":\"CommentAction\",\"name\":\"Comment\",\"target\":[\"https:\/\/jornalfatosenoticias.com.br\/index.php\/2026\/09\/01\/arcelormittal-anuncia-investimentos-de-ate-r-5-bilhoes-em-novas-linhas-de-producao-na-serra\/#respond\"]}]},{\"@type\":\"WebPage\",\"@id\":\"https:\/\/jornalfatosenoticias.com.br\/index.php\/2026\/09\/01\/arcelormittal-anuncia-investimentos-de-ate-r-5-bilhoes-em-novas-linhas-de-producao-na-serra\/\",\"url\":\"https:\/\/jornalfatosenoticias.com.br\/index.php\/2026\/09\/01\/arcelormittal-anuncia-investimentos-de-ate-r-5-bilhoes-em-novas-linhas-de-producao-na-serra\/\",\"name\":\"ArcelorMittal anuncia investimentos de at\u00e9 R$ 5 bilh\u00f5es em novas linhas de produ\u00e7\u00e3o na Serra - Jornal Fatos e Not\u00edcias\",\"isPartOf\":{\"@id\":\"https:\/\/jornalfatosenoticias.com.br\/#website\"},\"primaryImageOfPage\":{\"@id\":\"https:\/\/jornalfatosenoticias.com.br\/index.php\/2026\/09\/01\/arcelormittal-anuncia-investimentos-de-ate-r-5-bilhoes-em-novas-linhas-de-producao-na-serra\/#primaryimage\"},\"image\":{\"@id\":\"https:\/\/jornalfatosenoticias.com.br\/index.php\/2026\/09\/01\/arcelormittal-anuncia-investimentos-de-ate-r-5-bilhoes-em-novas-linhas-de-producao-na-serra\/#primaryimage\"},\"thumbnailUrl\":\"https:\/\/jornalfatosenoticias.com.br\/wp-content\/uploads\/2026\/09\/Cedisa-2.png\",\"datePublished\":\"2026-09-01T20:06:28+00:00\",\"dateModified\":\"2026-09-01T20:06:29+00:00\",\"breadcrumb\":{\"@id\":\"https:\/\/jornalfatosenoticias.com.br\/index.php\/2026\/09\/01\/arcelormittal-anuncia-investimentos-de-ate-r-5-bilhoes-em-novas-linhas-de-producao-na-serra\/#breadcrumb\"},\"inLanguage\":\"pt-BR\",\"potentialAction\":[{\"@type\":\"ReadAction\",\"target\":[\"https:\/\/jornalfatosenoticias.com.br\/index.php\/2026\/09\/01\/arcelormittal-anuncia-investimentos-de-ate-r-5-bilhoes-em-novas-linhas-de-producao-na-serra\/\"]}]},{\"@type\":\"ImageObject\",\"inLanguage\":\"pt-BR\",\"@id\":\"https:\/\/jornalfatosenoticias.com.br\/index.php\/2026\/09\/01\/arcelormittal-anuncia-investimentos-de-ate-r-5-bilhoes-em-novas-linhas-de-producao-na-serra\/#primaryimage\",\"url\":\"https:\/\/jornalfatosenoticias.com.br\/wp-content\/uploads\/2026\/09\/Cedisa-2.png\",\"contentUrl\":\"https:\/\/jornalfatosenoticias.com.br\/wp-content\/uploads\/2026\/09\/Cedisa-2.png\",\"width\":1000,\"height\":663},{\"@type\":\"BreadcrumbList\",\"@id\":\"https:\/\/jornalfatosenoticias.com.br\/index.php\/2026\/09\/01\/arcelormittal-anuncia-investimentos-de-ate-r-5-bilhoes-em-novas-linhas-de-producao-na-serra\/#breadcrumb\",\"itemListElement\":[{\"@type\":\"ListItem\",\"position\":1,\"name\":\"In\u00edcio\",\"item\":\"https:\/\/jornalfatosenoticias.com.br\/\"},{\"@type\":\"ListItem\",\"position\":2,\"name\":\"ArcelorMittal anuncia investimentos de at\u00e9 R$ 5 bilh\u00f5es em novas linhas de produ\u00e7\u00e3o na Serra\"}]},{\"@type\":\"WebSite\",\"@id\":\"https:\/\/jornalfatosenoticias.com.br\/#website\",\"url\":\"https:\/\/jornalfatosenoticias.com.br\/\",\"name\":\"Jornal Fatos e Not\u00edcias\",\"description\":\"Not\u00edcias em geral\",\"publisher\":{\"@id\":\"https:\/\/jornalfatosenoticias.com.br\/#organization\"},\"potentialAction\":[{\"@type\":\"SearchAction\",\"target\":{\"@type\":\"EntryPoint\",\"urlTemplate\":\"https:\/\/jornalfatosenoticias.com.br\/?s={search_term_string}\"},\"query-input\":{\"@type\":\"PropertyValueSpecification\",\"valueRequired\":true,\"valueName\":\"search_term_string\"}}],\"inLanguage\":\"pt-BR\"},{\"@type\":\"Organization\",\"@id\":\"https:\/\/jornalfatosenoticias.com.br\/#organization\",\"name\":\"Jornal Fatos e Not\u00edcias\",\"url\":\"https:\/\/jornalfatosenoticias.com.br\/\",\"logo\":{\"@type\":\"ImageObject\",\"inLanguage\":\"pt-BR\",\"@id\":\"https:\/\/jornalfatosenoticias.com.br\/#\/schema\/logo\/image\/\",\"url\":\"https:\/\/jornalfatosenoticias.com.br\/wp-content\/uploads\/2020\/02\/logo120.png\",\"contentUrl\":\"https:\/\/jornalfatosenoticias.com.br\/wp-content\/uploads\/2020\/02\/logo120.png\",\"width\":1227,\"height\":120,\"caption\":\"Jornal Fatos e Not\u00edcias\"},\"image\":{\"@id\":\"https:\/\/jornalfatosenoticias.com.br\/#\/schema\/logo\/image\/\"}},{\"@type\":\"Person\",\"@id\":\"https:\/\/jornalfatosenoticias.com.br\/#\/schema\/person\/d63837fa13ac8666eb9e74e0985d6f81\",\"name\":\"Luzimara Fernandes\",\"image\":{\"@type\":\"ImageObject\",\"inLanguage\":\"pt-BR\",\"@id\":\"https:\/\/jornalfatosenoticias.com.br\/#\/schema\/person\/image\/\",\"url\":\"https:\/\/jornalfatosenoticias.com.br\/wp-content\/uploads\/2025\/05\/EU_portal.jpg\",\"contentUrl\":\"https:\/\/jornalfatosenoticias.com.br\/wp-content\/uploads\/2025\/05\/EU_portal.jpg\",\"caption\":\"Luzimara Fernandes\"},\"description\":\"Jornalista MTB 2358-ES\",\"sameAs\":[\"https:\/\/jornalfatosenoticias.com.br\"],\"url\":\"https:\/\/jornalfatosenoticias.com.br\/index.php\/author\/luzimara\/\"}]}<\/script>\n<!-- \/ Yoast SEO plugin. -->","yoast_head_json":{"title":"ArcelorMittal anuncia investimentos de at\u00e9 R$ 5 bilh\u00f5es em novas linhas de produ\u00e7\u00e3o na Serra - Jornal Fatos e Not\u00edcias","robots":{"index":"index","follow":"follow","max-snippet":"max-snippet:-1","max-image-preview":"max-image-preview:large","max-video-preview":"max-video-preview:-1"},"canonical":"https:\/\/jornalfatosenoticias.com.br\/index.php\/2026\/09\/01\/arcelormittal-anuncia-investimentos-de-ate-r-5-bilhoes-em-novas-linhas-de-producao-na-serra\/","og_locale":"pt_BR","og_type":"article","og_title":"ArcelorMittal anuncia investimentos de at\u00e9 R$ 5 bilh\u00f5es em novas linhas de produ\u00e7\u00e3o na Serra - Jornal Fatos e Not\u00edcias","og_description":"Investimento ser\u00e1 para diversificar sua oferta de a\u00e7os de alto valor agregado A ArcelorMittal anunciou a aprova\u00e7\u00e3o final de investimento estimado entre R$ 4 bilh\u00f5es e R$ 5 bilh\u00f5es para a instala\u00e7\u00e3o de um Laminador de Tiras a Frio e uma Linha de Revestimento Cont\u00ednuo na Unidade Tubar\u00e3o, localizada no munic\u00edpio de Serra, Esp\u00edrito Santo. [&hellip;]","og_url":"https:\/\/jornalfatosenoticias.com.br\/index.php\/2026\/09\/01\/arcelormittal-anuncia-investimentos-de-ate-r-5-bilhoes-em-novas-linhas-de-producao-na-serra\/","og_site_name":"Jornal Fatos e Not\u00edcias","article_published_time":"2026-09-01T20:06:28+00:00","article_modified_time":"2026-09-01T20:06:29+00:00","og_image":[{"width":1000,"height":663,"url":"https:\/\/jornalfatosenoticias.com.br\/wp-content\/uploads\/2026\/09\/Cedisa-2.png","type":"image\/png"}],"author":"Luzimara Fernandes","twitter_card":"summary_large_image","twitter_misc":{"Escrito por":"Luzimara Fernandes","Est. tempo de leitura":"3 minutos"},"schema":{"@context":"https:\/\/schema.org","@graph":[{"@type":"Article","@id":"https:\/\/jornalfatosenoticias.com.br\/index.php\/2026\/09\/01\/arcelormittal-anuncia-investimentos-de-ate-r-5-bilhoes-em-novas-linhas-de-producao-na-serra\/#article","isPartOf":{"@id":"https:\/\/jornalfatosenoticias.com.br\/index.php\/2026\/09\/01\/arcelormittal-anuncia-investimentos-de-ate-r-5-bilhoes-em-novas-linhas-de-producao-na-serra\/"},"author":{"name":"Luzimara Fernandes","@id":"https:\/\/jornalfatosenoticias.com.br\/#\/schema\/person\/d63837fa13ac8666eb9e74e0985d6f81"},"headline":"ArcelorMittal anuncia investimentos de at\u00e9 R$ 5 bilh\u00f5es em novas linhas de produ\u00e7\u00e3o na Serra","datePublished":"2026-09-01T20:06:28+00:00","dateModified":"2026-09-01T20:06:29+00:00","mainEntityOfPage":{"@id":"https:\/\/jornalfatosenoticias.com.br\/index.php\/2026\/09\/01\/arcelormittal-anuncia-investimentos-de-ate-r-5-bilhoes-em-novas-linhas-de-producao-na-serra\/"},"wordCount":501,"commentCount":0,"publisher":{"@id":"https:\/\/jornalfatosenoticias.com.br\/#organization"},"image":{"@id":"https:\/\/jornalfatosenoticias.com.br\/index.php\/2026\/09\/01\/arcelormittal-anuncia-investimentos-de-ate-r-5-bilhoes-em-novas-linhas-de-producao-na-serra\/#primaryimage"},"thumbnailUrl":"https:\/\/jornalfatosenoticias.com.br\/wp-content\/uploads\/2026\/09\/Cedisa-2.png","keywords":["a\u00e7o","ArcelorMittal","diversifica\u00e7\u00e3o","Esp\u00edrito Santo","investimentos"],"articleSection":["Economia","Siderurgia &amp; Metalurgia"],"inLanguage":"pt-BR","potentialAction":[{"@type":"CommentAction","name":"Comment","target":["https:\/\/jornalfatosenoticias.com.br\/index.php\/2026\/09\/01\/arcelormittal-anuncia-investimentos-de-ate-r-5-bilhoes-em-novas-linhas-de-producao-na-serra\/#respond"]}]},{"@type":"WebPage","@id":"https:\/\/jornalfatosenoticias.com.br\/index.php\/2026\/09\/01\/arcelormittal-anuncia-investimentos-de-ate-r-5-bilhoes-em-novas-linhas-de-producao-na-serra\/","url":"https:\/\/jornalfatosenoticias.com.br\/index.php\/2026\/09\/01\/arcelormittal-anuncia-investimentos-de-ate-r-5-bilhoes-em-novas-linhas-de-producao-na-serra\/","name":"ArcelorMittal anuncia investimentos de at\u00e9 R$ 5 bilh\u00f5es em novas linhas de produ\u00e7\u00e3o na Serra - Jornal Fatos e Not\u00edcias","isPartOf":{"@id":"https:\/\/jornalfatosenoticias.com.br\/#website"},"primaryImageOfPage":{"@id":"https:\/\/jornalfatosenoticias.com.br\/index.php\/2026\/09\/01\/arcelormittal-anuncia-investimentos-de-ate-r-5-bilhoes-em-novas-linhas-de-producao-na-serra\/#primaryimage"},"image":{"@id":"https:\/\/jornalfatosenoticias.com.br\/index.php\/2026\/09\/01\/arcelormittal-anuncia-investimentos-de-ate-r-5-bilhoes-em-novas-linhas-de-producao-na-serra\/#primaryimage"},"thumbnailUrl":"https:\/\/jornalfatosenoticias.com.br\/wp-content\/uploads\/2026\/09\/Cedisa-2.png","datePublished":"2026-09-01T20:06:28+00:00","dateModified":"2026-09-01T20:06:29+00:00","breadcrumb":{"@id":"https:\/\/jornalfatosenoticias.com.br\/index.php\/2026\/09\/01\/arcelormittal-anuncia-investimentos-de-ate-r-5-bilhoes-em-novas-linhas-de-producao-na-serra\/#breadcrumb"},"inLanguage":"pt-BR","potentialAction":[{"@type":"ReadAction","target":["https:\/\/jornalfatosenoticias.com.br\/index.php\/2026\/09\/01\/arcelormittal-anuncia-investimentos-de-ate-r-5-bilhoes-em-novas-linhas-de-producao-na-serra\/"]}]},{"@type":"ImageObject","inLanguage":"pt-BR","@id":"https:\/\/jornalfatosenoticias.com.br\/index.php\/2026\/09\/01\/arcelormittal-anuncia-investimentos-de-ate-r-5-bilhoes-em-novas-linhas-de-producao-na-serra\/#primaryimage","url":"https:\/\/jornalfatosenoticias.com.br\/wp-content\/uploads\/2026\/09\/Cedisa-2.png","contentUrl":"https:\/\/jornalfatosenoticias.com.br\/wp-content\/uploads\/2026\/09\/Cedisa-2.png","width":1000,"height":663},{"@type":"BreadcrumbList","@id":"https:\/\/jornalfatosenoticias.com.br\/index.php\/2026\/09\/01\/arcelormittal-anuncia-investimentos-de-ate-r-5-bilhoes-em-novas-linhas-de-producao-na-serra\/#breadcrumb","itemListElement":[{"@type":"ListItem","position":1,"name":"In\u00edcio","item":"https:\/\/jornalfatosenoticias.com.br\/"},{"@type":"ListItem","position":2,"name":"ArcelorMittal anuncia investimentos de at\u00e9 R$ 5 bilh\u00f5es em novas linhas de produ\u00e7\u00e3o na Serra"}]},{"@type":"WebSite","@id":"https:\/\/jornalfatosenoticias.com.br\/#website","url":"https:\/\/jornalfatosenoticias.com.br\/","name":"Jornal Fatos e Not\u00edcias","description":"Not\u00edcias em geral","publisher":{"@id":"https:\/\/jornalfatosenoticias.com.br\/#organization"},"potentialAction":[{"@type":"SearchAction","target":{"@type":"EntryPoint","urlTemplate":"https:\/\/jornalfatosenoticias.com.br\/?s={search_term_string}"},"query-input":{"@type":"PropertyValueSpecification","valueRequired":true,"valueName":"search_term_string"}}],"inLanguage":"pt-BR"},{"@type":"Organization","@id":"https:\/\/jornalfatosenoticias.com.br\/#organization","name":"Jornal Fatos e Not\u00edcias","url":"https:\/\/jornalfatosenoticias.com.br\/","logo":{"@type":"ImageObject","inLanguage":"pt-BR","@id":"https:\/\/jornalfatosenoticias.com.br\/#\/schema\/logo\/image\/","url":"https:\/\/jornalfatosenoticias.com.br\/wp-content\/uploads\/2020\/02\/logo120.png","contentUrl":"https:\/\/jornalfatosenoticias.com.br\/wp-content\/uploads\/2020\/02\/logo120.png","width":1227,"height":120,"caption":"Jornal Fatos e Not\u00edcias"},"image":{"@id":"https:\/\/jornalfatosenoticias.com.br\/#\/schema\/logo\/image\/"}},{"@type":"Person","@id":"https:\/\/jornalfatosenoticias.com.br\/#\/schema\/person\/d63837fa13ac8666eb9e74e0985d6f81","name":"Luzimara Fernandes","image":{"@type":"ImageObject","inLanguage":"pt-BR","@id":"https:\/\/jornalfatosenoticias.com.br\/#\/schema\/person\/image\/","url":"https:\/\/jornalfatosenoticias.com.br\/wp-content\/uploads\/2025\/05\/EU_portal.jpg","contentUrl":"https:\/\/jornalfatosenoticias.com.br\/wp-content\/uploads\/2025\/05\/EU_portal.jpg","caption":"Luzimara Fernandes"},"description":"Jornalista MTB 2358-ES","sameAs":["https:\/\/jornalfatosenoticias.com.br"],"url":"https:\/\/jornalfatosenoticias.com.br\/index.php\/author\/luzimara\/"}]}},"cc_featured_image_caption":{"caption_text":"(Foto: Luzimara Fernandes\/A\u00e7o5.0)\r\n","source_text":"","source_url":""},"jetpack_featured_media_url":"https:\/\/jornalfatosenoticias.com.br\/wp-content\/uploads\/2026\/09\/Cedisa-2.png","_links":{"self":[{"href":"https:\/\/jornalfatosenoticias.com.br\/index.php\/wp-json\/wp\/v2\/posts\/69523","targetHints":{"allow":["GET"]}}],"collection":[{"href":"https:\/\/jornalfatosenoticias.com.br\/index.php\/wp-json\/wp\/v2\/posts"}],"about":[{"href":"https:\/\/jornalfatosenoticias.com.br\/index.php\/wp-json\/wp\/v2\/types\/post"}],"author":[{"embeddable":true,"href":"https:\/\/jornalfatosenoticias.com.br\/index.php\/wp-json\/wp\/v2\/users\/2"}],"replies":[{"embeddable":true,"href":"https:\/\/jornalfatosenoticias.com.br\/index.php\/wp-json\/wp\/v2\/comments?post=69523"}],"version-history":[{"count":1,"href":"https:\/\/jornalfatosenoticias.com.br\/index.php\/wp-json\/wp\/v2\/posts\/69523\/revisions"}],"predecessor-version":[{"id":69528,"href":"https:\/\/jornalfatosenoticias.com.br\/index.php\/wp-json\/wp\/v2\/posts\/69523\/revisions\/69528"}],"wp:featuredmedia":[{"embeddable":true,"href":"https:\/\/jornalfatosenoticias.com.br\/index.php\/wp-json\/wp\/v2\/media\/69526"}],"wp:attachment":[{"href":"https:\/\/jornalfatosenoticias.com.br\/index.php\/wp-json\/wp\/v2\/media?parent=69523"}],"wp:term":[{"taxonomy":"category","embeddable":true,"href":"https:\/\/jornalfatosenoticias.com.br\/index.php\/wp-json\/wp\/v2\/categories?post=69523"},{"taxonomy":"post_tag","embeddable":true,"href":"https:\/\/jornalfatosenoticias.com.br\/index.php\/wp-json\/wp\/v2\/tags?post=69523"}],"curies":[{"name":"wp","href":"https:\/\/api.w.org\/{rel}","templated":true}]}}