{"id":69529,"date":"2026-09-01T17:42:52","date_gmt":"2026-09-01T20:42:52","guid":{"rendered":"https:\/\/jornalfatosenoticias.com.br\/?p=69529"},"modified":"2026-09-01T17:52:18","modified_gmt":"2026-09-01T20:52:18","slug":"moraes-teria-editado-contrato-de-r-131-milhoes-de-viviane-com-vorcaro","status":"publish","type":"post","link":"https:\/\/jornalfatosenoticias.com.br\/index.php\/2026\/09\/01\/moraes-teria-editado-contrato-de-r-131-milhoes-de-viviane-com-vorcaro\/","title":{"rendered":"Moraes teria editado contrato de R$ 131 milh\u00f5es de Viviane com Vorcaro"},"content":{"rendered":"\n<p><em><mark style=\"background-color:rgba(0, 0, 0, 0)\" class=\"has-inline-color has-black-color\">Metadados de documento apontam edi\u00e7\u00e3o atribu\u00edda ao ministro do STF em contrato com o escrit\u00f3rio de sua mulher<\/mark><\/em><\/p>\n\n\n\n<p><mark style=\"background-color:rgba(0, 0, 0, 0)\" class=\"has-inline-color has-black-color\">Por <\/mark><a href=\"https:\/\/www.gazetadopovo.com.br\/autor\/guilherme-grandi\/\"><strong>Guilherme Grandi<\/strong><\/a><\/p>\n\n\n\n<p>O ministro Alexandre de Moraes, do Supremo Tribunal Federal (STF), teria aberto e editado uma vers\u00e3o do contrato de R$ 131,2 milh\u00f5es firmado entre o <a href=\"https:\/\/www.gazetadopovo.com.br\/tudo-sobre\/banco-master\/\" target=\"_blank\" rel=\"noreferrer noopener\">liquidado Banco Master<\/a>, do ex-banqueiro Daniel Vorcaro, e o escrit\u00f3rio de sua mulher, a advogada Viviane Barci de Moraes, de acordo com apura\u00e7\u00f5es publicadas nesta ter\u00e7a-feira (1.\u00ba) pelos jornais <em>Estad\u00e3o<\/em> e <em>O Globo<\/em>. A informa\u00e7\u00e3o consta dos metadados do documento extra\u00eddo do celular de Vorcaro e foi confirmada pelo pr\u00f3prio escrit\u00f3rio de Viviane, que afirmou que o ministro acessou e editou o arquivo.<br>As investiga\u00e7\u00f5es da Pol\u00edcia Federal apontam que o <a href=\"https:\/\/www.gazetadopovo.com.br\/republica\/escritorio-esposa-moraes-contrato-129-milhoes-banco-master\/\" target=\"_blank\" rel=\"noreferrer noopener\">escrit\u00f3rio de Viviane Barci foi contratado para defender os interesses do Banco Master<\/a> \u201conde for necess\u00e1rio\u201d sempre que solicitado. Inicialmente, era previsto um pagamento de R$ 129 milh\u00f5es, valor aumentado agora com o andamento da apura\u00e7\u00e3o. Em nota, o escrit\u00f3rio Barci de Moraes afirmou que Moraes foi procurado pelo setor de compliance para prestar informa\u00e7\u00f5es sobre poss\u00edveis impedimentos legais \u00e0 contrata\u00e7\u00e3o da banca pelo Banco Master.<br>\u201cDiante da inexist\u00eancia de previs\u00e3o de atua\u00e7\u00e3o no STF ou de qualquer impedimento legal, uma vez que o Ministro Alexandre de Moraes jamais julgou qualquer causa envolvendo o Banco Master, o contrato foi assinado e os servi\u00e7os advocat\u00edcios devidamente prestados\u201d, pontuou a nota (veja na \u00edntegra mais abaixo). A Gazeta do Povo procurou tamb\u00e9m a pr\u00f3pria defesa de Vorcaro e o gabinete de Moraes no STF e aguarda retorno.<\/p>\n\n\n<div class=\"wp-block-image\">\n<figure class=\"aligncenter size-large is-resized\"><a href=\"https:\/\/www.facebook.com\/profile.php?id=100069289606145\"><img loading=\"lazy\" decoding=\"async\" width=\"1024\" height=\"714\" src=\"https:\/\/jornalfatosenoticias.com.br\/wp-content\/uploads\/2024\/11\/Guaitolini-Contabilidade-1024x714.jpeg\" alt=\"\" class=\"wp-image-55808\" style=\"aspect-ratio:1.4341980171125899;width:387px;height:auto\" srcset=\"https:\/\/jornalfatosenoticias.com.br\/wp-content\/uploads\/2024\/11\/Guaitolini-Contabilidade-1024x714.jpeg 1024w, https:\/\/jornalfatosenoticias.com.br\/wp-content\/uploads\/2024\/11\/Guaitolini-Contabilidade-300x209.jpeg 300w, https:\/\/jornalfatosenoticias.com.br\/wp-content\/uploads\/2024\/11\/Guaitolini-Contabilidade-768x535.jpeg 768w, https:\/\/jornalfatosenoticias.com.br\/wp-content\/uploads\/2024\/11\/Guaitolini-Contabilidade.jpeg 1280w\" sizes=\"auto, (max-width: 1024px) 100vw, 1024px\" \/><\/a><\/figure>\n<\/div>\n\n\n<p><strong><mark style=\"background-color:rgba(0, 0, 0, 0)\" class=\"has-inline-color has-black-color\">Como foi a edi\u00e7\u00e3o do contrato por Moraes<br><\/mark><\/strong>Segundo as apura\u00e7\u00f5es, o contrato come\u00e7ou a ser discutido em janeiro de 2024, quando Viviane enviou uma minuta a Vorcaro pelo WhatsApp. \u201cPrezado Daniel, boa tarde. Conforme conversamos, estou enviando minuta de contrato de presta\u00e7\u00e3o de servi\u00e7os para sua an\u00e1lise\u201d, escreveu a advogada em 11 de janeiro. Quatro dias depois, Vorcaro devolveu o documento com altera\u00e7\u00f5es, afirmando que \u201cfoi inclu\u00edda apenas a cl\u00e1usula I.3. Por favor, nos indique se est\u00e1 adequada\u201d. \u201cCaso estejam de acordo, combinamos a assinatura!\u201d, afirmou o banqueiro.<br>Essa \u00e9 a vers\u00e3o que, segundo os metadados extra\u00eddos pela investiga\u00e7\u00e3o, foi posteriormente aberta e modificada em uma conta do Office 365 identificada como \u201cMinistro Alexandre de Moraes\u201d. A altera\u00e7\u00e3o aparece registrada \u00e0s 23h04 de 15 de janeiro, cerca de uma hora e 40 minutos depois de Vorcaro devolver o arquivo a Viviane. Os metadados s\u00e3o informa\u00e7\u00f5es t\u00e9cnicas armazenadas dentro do pr\u00f3prio documento e podem registrar dados como autor, datas e hor\u00e1rios de altera\u00e7\u00f5es. Na vers\u00e3o analisada, o administrador do escrit\u00f3rio Barci de Moraes, Guilherme de Toledo Benazzi, aparece como autor original do arquivo. O acordo previa 36 pagamentos mensais de R$ 3 milh\u00f5es l\u00edquidos ao escrit\u00f3rio de Viviane, totalizando R$ 108 milh\u00f5es l\u00edquidos. Como o contrato estabelecia que os valores seriam livres de impostos, o desembolso bruto previsto chegava a R$ 131,2 milh\u00f5es.<\/p>\n\n\n<div class=\"wp-block-image\">\n<figure class=\"aligncenter size-full\"><a href=\"http:\/\/www.ferrarimaquinas.com.br\/\"><img loading=\"lazy\" decoding=\"async\" width=\"300\" height=\"250\" src=\"https:\/\/jornalfatosenoticias.com.br\/wp-content\/uploads\/2022\/02\/FERRARI_MAQUINAS-E-FERRAMENTAS2.jpg\" alt=\"\" class=\"wp-image-27860\"\/><\/a><\/figure>\n<\/div>\n\n\n<p><strong><mark style=\"background-color:rgba(0, 0, 0, 0)\" class=\"has-inline-color has-black-color\">Escrit\u00f3rio recebeu R$ 80 milh\u00f5es<br><\/mark><\/strong>Os pagamentos come\u00e7aram em 2024 e foram interrompidos ap\u00f3s a <a href=\"https:\/\/www.gazetadopovo.com.br\/economia\/pf-prende-daniel-vorcaro-dono-do-banco-master\/\" target=\"_blank\" rel=\"noreferrer noopener\">primeira pris\u00e3o de Vorcaro, em 17 de novembro de 2025<\/a>, no Aeroporto Internacional de S\u00e3o Paulo, em Guarulhos, quando supostamente viajaria para os Emirados \u00c1rabes Unidos para vender parte do Master a investidores. Documentos enviados \u00e0 CPI do Crime Organizado apontaram que o escrit\u00f3rio de Viviane Barci recebeu R$ 80,2 milh\u00f5es do Master entre 2024 e 2025. Foram realizados 22 pagamentos de aproximadamente R$ 3,6 milh\u00f5es cada entre fevereiro de 2024 e novembro de 2025. Antes da edi\u00e7\u00e3o atribu\u00edda a Moraes, a equipe jur\u00eddica de Vorcaro havia feito altera\u00e7\u00f5es no contrato conduzidas pelo advogado Leonardo Palhares, <a href=\"https:\/\/www.gazetadopovo.com.br\/republica\/daniel-vorcaro-preso-novamente-pf\/\" target=\"_blank\" rel=\"noreferrer noopener\">alvo da terceira fase da Opera\u00e7\u00e3o Compliance Zero<\/a>, em mar\u00e7o deste ano.<\/p>\n\n\n\n<p>\u25cf Esta fase da opera\u00e7\u00e3o abrangeu a suposta corrup\u00e7\u00e3o de servidores do Banco Central para atuarem como informantes e consultores de Vorcaro em assuntos internos.<br>\u25cf Foi tamb\u00e9m nesta terceira fase que <a href=\"https:\/\/www.gazetadopovo.com.br\/republica\/daniel-vorcaro-preso-novamente-pf\/\" target=\"_blank\" rel=\"noreferrer noopener\">Daniel Vorcaro foi preso pela segunda vez<\/a> e, desde ent\u00e3o, segue detido.<br>\u25cf O ex-banqueiro j\u00e1 ofereceu duas propostas de dela\u00e7\u00e3o premiada sobre todo o esquema, mas que foram <a href=\"https:\/\/www.gazetadopovo.com.br\/cafe-com-a-gazeta\/pgr-rejeita-segunda-tentativa-de-delacao-de-daniel-vorcaro\/\" target=\"_blank\" rel=\"noreferrer noopener\">rejeitadas pela Pol\u00edcia Federal e pela Procuradoria-Geral da Rep\u00fablica (PGR)<\/a> por n\u00e3o avan\u00e7arem em informa\u00e7\u00f5es que a investiga\u00e7\u00e3o j\u00e1 apurou.<br>\u25cf <a href=\"https:\/\/www.gazetadopovo.com.br\/republica\/compliance-zero-alvos-pf-envolvimento-banco-master\/\" target=\"_blank\" rel=\"noreferrer noopener\">Relembre quais foram todos os alvos da Opera\u00e7\u00e3o Compliance Zero<\/a> em suas 10 fases at\u00e9 o momento.<\/p>\n\n\n\n<p>As apura\u00e7\u00f5es apontam que, em 17 de janeiro de 2024, Viviane enviou a vers\u00e3o final do contrato a Vorcaro mantendo o acordo de 36 parcelas de R$ 3 milh\u00f5es l\u00edquidos. <em>\u201cBom dia! Segue a minuta do contrato. Abra\u00e7o\u201d<\/em>, escreveu. Em 23 de janeiro, o contrato foi efetivado e Viviane, que estava fora do Brasil, orientou Vorcaro a encaminhar as vias f\u00edsicas para Benazzi \u201cem um envelope lacrado e confidencial. Obrigada\u201d. O documento foi assinado pelo ex-banqueiro no mesmo dia e encaminhado digitalmente em 24 de janeiro para que as partes conclu\u00edssem a assinatura eletr\u00f4nica.<\/p>\n\n\n<div class=\"wp-block-image\">\n<figure class=\"aligncenter size-full is-resized\"><a href=\"https:\/\/www.instagram.com\/kalynecalais\/\"><img loading=\"lazy\" decoding=\"async\" width=\"969\" height=\"406\" src=\"https:\/\/jornalfatosenoticias.com.br\/wp-content\/uploads\/2024\/09\/Legis-Juris-Consultoria_logo.jpg\" alt=\"\" class=\"wp-image-53915\" style=\"aspect-ratio:2.3867874267448057;width:477px;height:auto\" srcset=\"https:\/\/jornalfatosenoticias.com.br\/wp-content\/uploads\/2024\/09\/Legis-Juris-Consultoria_logo.jpg 969w, https:\/\/jornalfatosenoticias.com.br\/wp-content\/uploads\/2024\/09\/Legis-Juris-Consultoria_logo-300x126.jpg 300w, https:\/\/jornalfatosenoticias.com.br\/wp-content\/uploads\/2024\/09\/Legis-Juris-Consultoria_logo-768x322.jpg 768w\" sizes=\"auto, (max-width: 969px) 100vw, 969px\" \/><\/a><\/figure>\n<\/div>\n\n\n<p><strong><mark style=\"background-color:rgba(0, 0, 0, 0)\" class=\"has-inline-color has-black-color\">STF sob press\u00e3o<br><\/mark><\/strong>Desde que as primeiras informa\u00e7\u00f5es sobre o contrato foram tornadas p\u00fablicas, Moraes e o STF como um todo passaram a ser fortemente pressionados para darem uma resposta plaus\u00edvel sobre o envolvimento no caso Master. Al\u00e9m do magistrado, o ministro Dias Toffoli tamb\u00e9m foi tragado para a investiga\u00e7\u00e3o, com a descoberta de que <a href=\"https:\/\/www.gazetadopovo.com.br\/republica\/toffoli-confirma-socio-resort-pr-nega-relacoes-vorcaro\/\" target=\"_blank\" rel=\"noreferrer noopener\">era s\u00f3cio dos irm\u00e3os em um resort no interior do Paran\u00e1<\/a> que teve cotas acion\u00e1rias negociadas pelo pastor e empres\u00e1rio Fabiano Zettel, cunhado de Vorcaro e apontado como operador financeiro do esquema de fraude bilion\u00e1ria cometida atrav\u00e9s do Master.<br>Os dois casos, principalmente, levaram o ministro Edson Fachin, presidente da Corte, a tentar implementar um c\u00f3digo de \u00e9tica para restringir as rela\u00e7\u00f5es dos magistrados com entres privados. A proposta, no entanto, enfrenta forte resist\u00eancia justamente de <a href=\"https:\/\/www.gazetadopovo.com.br\/republica\/toffoli-e-moraes-divergem-de-codigo-de-etica-de-fachin-e-expoem-racha-do-stf\/\" target=\"_blank\" rel=\"noreferrer noopener\">Moraes e Toffoli, que afirmam que as atuais regras j\u00e1 s\u00e3o suficientes<\/a>.<\/p>\n\n\n<div class=\"wp-block-image\">\n<figure class=\"aligncenter size-full is-resized\"><a href=\"https:\/\/www.controlsystems.com.br\/\"><img loading=\"lazy\" decoding=\"async\" width=\"834\" height=\"1000\" src=\"https:\/\/jornalfatosenoticias.com.br\/wp-content\/uploads\/2020\/02\/CONTROL-CS.jpg\" alt=\"\" class=\"wp-image-44991\" style=\"aspect-ratio:0.8340000792173328;width:250px;height:auto\" srcset=\"https:\/\/jornalfatosenoticias.com.br\/wp-content\/uploads\/2020\/02\/CONTROL-CS.jpg 834w, https:\/\/jornalfatosenoticias.com.br\/wp-content\/uploads\/2020\/02\/CONTROL-CS-250x300.jpg 250w, https:\/\/jornalfatosenoticias.com.br\/wp-content\/uploads\/2020\/02\/CONTROL-CS-768x921.jpg 768w\" sizes=\"auto, (max-width: 834px) 100vw, 834px\" \/><\/a><\/figure>\n<\/div>\n\n\n<p><strong><mark style=\"background-color:rgba(0, 0, 0, 0)\" class=\"has-inline-color has-black-color\">O que dizem os citados<br><\/mark><\/strong>Veja abaixo o que disse o <strong>escrit\u00f3rio Barci de Moraes<\/strong> sobre a apura\u00e7\u00e3o:<br><em>Em virtude da abrang\u00eancia do pedido de contrata\u00e7\u00e3o de presta\u00e7\u00e3o de servi\u00e7os advocat\u00edcios pelo Banco Master ao BARCI DE MORAES, o setor de compliance do escrit\u00f3rio, como faz em outros casos semelhantes, solicitou informa\u00e7\u00f5es ao Ministro Alexandre de Moraes, na condi\u00e7\u00e3o de marido da s\u00f3cia diretora do referido escrit\u00f3rio, sobre a eventual exist\u00eancia de impedimentos legais para a contrata\u00e7\u00e3o nos termos propostos na minuta contratual, tais como a\u00e7\u00f5es no STF sobre sua relatoria ou mesmo participa\u00e7\u00e3o em julgamentos de interesse do poss\u00edvel cliente.<br>Diante da inexist\u00eancia de previs\u00e3o de atua\u00e7\u00e3o no STF ou de qualquer impedimento legal, uma vez que o Ministro Alexandre de Moraes jamais julgou qualquer causa envolvendo o Banco Master, o contrato foi assinado e os servi\u00e7os advocat\u00edcios devidamente prestados.<\/em><\/p>\n\n\n<div class=\"wp-block-image\">\n<figure class=\"aligncenter size-full is-resized\"><a href=\"https:\/\/panper.com.br\/\"><img loading=\"lazy\" decoding=\"async\" width=\"400\" height=\"277\" src=\"https:\/\/jornalfatosenoticias.com.br\/wp-content\/uploads\/2023\/03\/logo-Panper_portal.jpg\" alt=\"\" class=\"wp-image-40208\" style=\"width:305px;height:auto\" srcset=\"https:\/\/jornalfatosenoticias.com.br\/wp-content\/uploads\/2023\/03\/logo-Panper_portal.jpg 400w, https:\/\/jornalfatosenoticias.com.br\/wp-content\/uploads\/2023\/03\/logo-Panper_portal-300x208.jpg 300w\" sizes=\"auto, (max-width: 400px) 100vw, 400px\" \/><\/a><\/figure>\n<\/div>\n\n\n<p><strong>Fonte: <a href=\"https:\/\/www.gazetadopovo.com.br\/republica\/moraes-teria-editado-contrato-de-r-131-milhoes-de-viviane-com-vorcaro\/\">Gazeta do Povo<\/a><\/strong><\/p>\n","protected":false},"excerpt":{"rendered":"<p>Metadados de documento apontam edi\u00e7\u00e3o atribu\u00edda ao ministro do STF em contrato com o escrit\u00f3rio de sua mulher Por Guilherme Grandi O ministro Alexandre de Moraes, do Supremo Tribunal Federal (STF), teria aberto e editado uma vers\u00e3o do contrato de R$ 131,2 milh\u00f5es firmado entre o liquidado Banco Master, do ex-banqueiro Daniel Vorcaro, e o [&hellip;]<\/p>\n","protected":false},"author":2,"featured_media":69530,"comment_status":"open","ping_status":"open","sticky":false,"template":"","format":"standard","meta":{"footnotes":""},"categories":[5],"tags":[13889,26594,28937,31810,31809,29843,2146,294,28311],"class_list":["post-69529","post","type-post","status-publish","format-standard","has-post-thumbnail","hentry","category-geral","tag-alexandre-de-moraes","tag-banco-master","tag-daniel-vorcaro","tag-fraude-bilionaria","tag-metadados","tag-notificar","tag-policia-federal","tag-stf","tag-viviane-barci-de-moraes"],"yoast_head":"<!-- This site is optimized with the Yoast SEO plugin v26.5 - https:\/\/yoast.com\/wordpress\/plugins\/seo\/ -->\n<title>Moraes teria editado contrato de R$ 131 milh\u00f5es de Viviane com Vorcaro - Jornal Fatos e Not\u00edcias<\/title>\n<meta name=\"robots\" content=\"index, follow, max-snippet:-1, max-image-preview:large, max-video-preview:-1\" \/>\n<link rel=\"canonical\" href=\"https:\/\/jornalfatosenoticias.com.br\/index.php\/2026\/09\/01\/moraes-teria-editado-contrato-de-r-131-milhoes-de-viviane-com-vorcaro\/\" \/>\n<meta property=\"og:locale\" content=\"pt_BR\" \/>\n<meta property=\"og:type\" content=\"article\" \/>\n<meta property=\"og:title\" content=\"Moraes teria editado contrato de R$ 131 milh\u00f5es de Viviane com Vorcaro - Jornal Fatos e Not\u00edcias\" \/>\n<meta property=\"og:description\" content=\"Metadados de documento apontam edi\u00e7\u00e3o atribu\u00edda ao ministro do STF em contrato com o escrit\u00f3rio de sua mulher Por Guilherme Grandi O ministro Alexandre de Moraes, do Supremo Tribunal Federal (STF), teria aberto e editado uma vers\u00e3o do contrato de R$ 131,2 milh\u00f5es firmado entre o liquidado Banco Master, do ex-banqueiro Daniel Vorcaro, e o [&hellip;]\" \/>\n<meta property=\"og:url\" content=\"https:\/\/jornalfatosenoticias.com.br\/index.php\/2026\/09\/01\/moraes-teria-editado-contrato-de-r-131-milhoes-de-viviane-com-vorcaro\/\" \/>\n<meta property=\"og:site_name\" content=\"Jornal Fatos e Not\u00edcias\" \/>\n<meta property=\"article:published_time\" content=\"2026-09-01T20:42:52+00:00\" \/>\n<meta property=\"article:modified_time\" content=\"2026-09-01T20:52:18+00:00\" \/>\n<meta property=\"og:image\" content=\"https:\/\/jornalfatosenoticias.com.br\/wp-content\/uploads\/2026\/09\/xandy-e-viviane_gettyimages.jpg\" \/>\n\t<meta property=\"og:image:width\" content=\"612\" \/>\n\t<meta property=\"og:image:height\" content=\"408\" \/>\n\t<meta property=\"og:image:type\" content=\"image\/jpeg\" \/>\n<meta name=\"author\" content=\"Luzimara Fernandes\" \/>\n<meta name=\"twitter:card\" content=\"summary_large_image\" \/>\n<meta name=\"twitter:label1\" content=\"Escrito por\" \/>\n\t<meta name=\"twitter:data1\" content=\"Luzimara Fernandes\" \/>\n\t<meta name=\"twitter:label2\" content=\"Est. tempo de leitura\" \/>\n\t<meta name=\"twitter:data2\" content=\"8 minutos\" \/>\n<script type=\"application\/ld+json\" class=\"yoast-schema-graph\">{\"@context\":\"https:\/\/schema.org\",\"@graph\":[{\"@type\":\"Article\",\"@id\":\"https:\/\/jornalfatosenoticias.com.br\/index.php\/2026\/09\/01\/moraes-teria-editado-contrato-de-r-131-milhoes-de-viviane-com-vorcaro\/#article\",\"isPartOf\":{\"@id\":\"https:\/\/jornalfatosenoticias.com.br\/index.php\/2026\/09\/01\/moraes-teria-editado-contrato-de-r-131-milhoes-de-viviane-com-vorcaro\/\"},\"author\":{\"name\":\"Luzimara Fernandes\",\"@id\":\"https:\/\/jornalfatosenoticias.com.br\/#\/schema\/person\/d63837fa13ac8666eb9e74e0985d6f81\"},\"headline\":\"Moraes teria editado contrato de R$ 131 milh\u00f5es de Viviane com Vorcaro\",\"datePublished\":\"2026-09-01T20:42:52+00:00\",\"dateModified\":\"2026-09-01T20:52:18+00:00\",\"mainEntityOfPage\":{\"@id\":\"https:\/\/jornalfatosenoticias.com.br\/index.php\/2026\/09\/01\/moraes-teria-editado-contrato-de-r-131-milhoes-de-viviane-com-vorcaro\/\"},\"wordCount\":1185,\"commentCount\":0,\"publisher\":{\"@id\":\"https:\/\/jornalfatosenoticias.com.br\/#organization\"},\"image\":{\"@id\":\"https:\/\/jornalfatosenoticias.com.br\/index.php\/2026\/09\/01\/moraes-teria-editado-contrato-de-r-131-milhoes-de-viviane-com-vorcaro\/#primaryimage\"},\"thumbnailUrl\":\"https:\/\/jornalfatosenoticias.com.br\/wp-content\/uploads\/2026\/09\/xandy-e-viviane_gettyimages.jpg\",\"keywords\":[\"Alexandre de Moraes\",\"Banco Master\",\"Daniel Vorcaro\",\"fraude bilion\u00e1ria\",\"metadados\",\"Notificar\",\"Pol\u00edcia Federal\",\"STF\",\"Viviane Barci de Moraes\"],\"articleSection\":[\"Geral\"],\"inLanguage\":\"pt-BR\",\"potentialAction\":[{\"@type\":\"CommentAction\",\"name\":\"Comment\",\"target\":[\"https:\/\/jornalfatosenoticias.com.br\/index.php\/2026\/09\/01\/moraes-teria-editado-contrato-de-r-131-milhoes-de-viviane-com-vorcaro\/#respond\"]}]},{\"@type\":\"WebPage\",\"@id\":\"https:\/\/jornalfatosenoticias.com.br\/index.php\/2026\/09\/01\/moraes-teria-editado-contrato-de-r-131-milhoes-de-viviane-com-vorcaro\/\",\"url\":\"https:\/\/jornalfatosenoticias.com.br\/index.php\/2026\/09\/01\/moraes-teria-editado-contrato-de-r-131-milhoes-de-viviane-com-vorcaro\/\",\"name\":\"Moraes teria editado contrato de R$ 131 milh\u00f5es de Viviane com Vorcaro - Jornal Fatos e Not\u00edcias\",\"isPartOf\":{\"@id\":\"https:\/\/jornalfatosenoticias.com.br\/#website\"},\"primaryImageOfPage\":{\"@id\":\"https:\/\/jornalfatosenoticias.com.br\/index.php\/2026\/09\/01\/moraes-teria-editado-contrato-de-r-131-milhoes-de-viviane-com-vorcaro\/#primaryimage\"},\"image\":{\"@id\":\"https:\/\/jornalfatosenoticias.com.br\/index.php\/2026\/09\/01\/moraes-teria-editado-contrato-de-r-131-milhoes-de-viviane-com-vorcaro\/#primaryimage\"},\"thumbnailUrl\":\"https:\/\/jornalfatosenoticias.com.br\/wp-content\/uploads\/2026\/09\/xandy-e-viviane_gettyimages.jpg\",\"datePublished\":\"2026-09-01T20:42:52+00:00\",\"dateModified\":\"2026-09-01T20:52:18+00:00\",\"breadcrumb\":{\"@id\":\"https:\/\/jornalfatosenoticias.com.br\/index.php\/2026\/09\/01\/moraes-teria-editado-contrato-de-r-131-milhoes-de-viviane-com-vorcaro\/#breadcrumb\"},\"inLanguage\":\"pt-BR\",\"potentialAction\":[{\"@type\":\"ReadAction\",\"target\":[\"https:\/\/jornalfatosenoticias.com.br\/index.php\/2026\/09\/01\/moraes-teria-editado-contrato-de-r-131-milhoes-de-viviane-com-vorcaro\/\"]}]},{\"@type\":\"ImageObject\",\"inLanguage\":\"pt-BR\",\"@id\":\"https:\/\/jornalfatosenoticias.com.br\/index.php\/2026\/09\/01\/moraes-teria-editado-contrato-de-r-131-milhoes-de-viviane-com-vorcaro\/#primaryimage\",\"url\":\"https:\/\/jornalfatosenoticias.com.br\/wp-content\/uploads\/2026\/09\/xandy-e-viviane_gettyimages.jpg\",\"contentUrl\":\"https:\/\/jornalfatosenoticias.com.br\/wp-content\/uploads\/2026\/09\/xandy-e-viviane_gettyimages.jpg\",\"width\":612,\"height\":408,\"caption\":\"Brazil's Supreme Court Justice Minister Alexandre de Moraes and his wife, Viviane Barci de Moraes, attend the 24th LIDE Business Forum in Rio de Janeiro, Brazil on August 22, 2025. (Photo by Mauro PIMENTEL \/ AFP) (Photo by MAURO PIMENTEL\/AFP via Getty Images)\"},{\"@type\":\"BreadcrumbList\",\"@id\":\"https:\/\/jornalfatosenoticias.com.br\/index.php\/2026\/09\/01\/moraes-teria-editado-contrato-de-r-131-milhoes-de-viviane-com-vorcaro\/#breadcrumb\",\"itemListElement\":[{\"@type\":\"ListItem\",\"position\":1,\"name\":\"In\u00edcio\",\"item\":\"https:\/\/jornalfatosenoticias.com.br\/\"},{\"@type\":\"ListItem\",\"position\":2,\"name\":\"Moraes teria editado contrato de R$ 131 milh\u00f5es de Viviane com Vorcaro\"}]},{\"@type\":\"WebSite\",\"@id\":\"https:\/\/jornalfatosenoticias.com.br\/#website\",\"url\":\"https:\/\/jornalfatosenoticias.com.br\/\",\"name\":\"Jornal Fatos e Not\u00edcias\",\"description\":\"Not\u00edcias em geral\",\"publisher\":{\"@id\":\"https:\/\/jornalfatosenoticias.com.br\/#organization\"},\"potentialAction\":[{\"@type\":\"SearchAction\",\"target\":{\"@type\":\"EntryPoint\",\"urlTemplate\":\"https:\/\/jornalfatosenoticias.com.br\/?s={search_term_string}\"},\"query-input\":{\"@type\":\"PropertyValueSpecification\",\"valueRequired\":true,\"valueName\":\"search_term_string\"}}],\"inLanguage\":\"pt-BR\"},{\"@type\":\"Organization\",\"@id\":\"https:\/\/jornalfatosenoticias.com.br\/#organization\",\"name\":\"Jornal Fatos e Not\u00edcias\",\"url\":\"https:\/\/jornalfatosenoticias.com.br\/\",\"logo\":{\"@type\":\"ImageObject\",\"inLanguage\":\"pt-BR\",\"@id\":\"https:\/\/jornalfatosenoticias.com.br\/#\/schema\/logo\/image\/\",\"url\":\"https:\/\/jornalfatosenoticias.com.br\/wp-content\/uploads\/2020\/02\/logo120.png\",\"contentUrl\":\"https:\/\/jornalfatosenoticias.com.br\/wp-content\/uploads\/2020\/02\/logo120.png\",\"width\":1227,\"height\":120,\"caption\":\"Jornal Fatos e Not\u00edcias\"},\"image\":{\"@id\":\"https:\/\/jornalfatosenoticias.com.br\/#\/schema\/logo\/image\/\"}},{\"@type\":\"Person\",\"@id\":\"https:\/\/jornalfatosenoticias.com.br\/#\/schema\/person\/d63837fa13ac8666eb9e74e0985d6f81\",\"name\":\"Luzimara Fernandes\",\"image\":{\"@type\":\"ImageObject\",\"inLanguage\":\"pt-BR\",\"@id\":\"https:\/\/jornalfatosenoticias.com.br\/#\/schema\/person\/image\/\",\"url\":\"https:\/\/jornalfatosenoticias.com.br\/wp-content\/uploads\/2025\/05\/EU_portal.jpg\",\"contentUrl\":\"https:\/\/jornalfatosenoticias.com.br\/wp-content\/uploads\/2025\/05\/EU_portal.jpg\",\"caption\":\"Luzimara Fernandes\"},\"description\":\"Jornalista MTB 2358-ES\",\"sameAs\":[\"https:\/\/jornalfatosenoticias.com.br\"],\"url\":\"https:\/\/jornalfatosenoticias.com.br\/index.php\/author\/luzimara\/\"}]}<\/script>\n<!-- \/ Yoast SEO plugin. -->","yoast_head_json":{"title":"Moraes teria editado contrato de R$ 131 milh\u00f5es de Viviane com Vorcaro - Jornal Fatos e Not\u00edcias","robots":{"index":"index","follow":"follow","max-snippet":"max-snippet:-1","max-image-preview":"max-image-preview:large","max-video-preview":"max-video-preview:-1"},"canonical":"https:\/\/jornalfatosenoticias.com.br\/index.php\/2026\/09\/01\/moraes-teria-editado-contrato-de-r-131-milhoes-de-viviane-com-vorcaro\/","og_locale":"pt_BR","og_type":"article","og_title":"Moraes teria editado contrato de R$ 131 milh\u00f5es de Viviane com Vorcaro - Jornal Fatos e Not\u00edcias","og_description":"Metadados de documento apontam edi\u00e7\u00e3o atribu\u00edda ao ministro do STF em contrato com o escrit\u00f3rio de sua mulher Por Guilherme Grandi O ministro Alexandre de Moraes, do Supremo Tribunal Federal (STF), teria aberto e editado uma vers\u00e3o do contrato de R$ 131,2 milh\u00f5es firmado entre o liquidado Banco Master, do ex-banqueiro Daniel Vorcaro, e o [&hellip;]","og_url":"https:\/\/jornalfatosenoticias.com.br\/index.php\/2026\/09\/01\/moraes-teria-editado-contrato-de-r-131-milhoes-de-viviane-com-vorcaro\/","og_site_name":"Jornal Fatos e Not\u00edcias","article_published_time":"2026-09-01T20:42:52+00:00","article_modified_time":"2026-09-01T20:52:18+00:00","og_image":[{"width":612,"height":408,"url":"https:\/\/jornalfatosenoticias.com.br\/wp-content\/uploads\/2026\/09\/xandy-e-viviane_gettyimages.jpg","type":"image\/jpeg"}],"author":"Luzimara Fernandes","twitter_card":"summary_large_image","twitter_misc":{"Escrito por":"Luzimara Fernandes","Est. tempo de leitura":"8 minutos"},"schema":{"@context":"https:\/\/schema.org","@graph":[{"@type":"Article","@id":"https:\/\/jornalfatosenoticias.com.br\/index.php\/2026\/09\/01\/moraes-teria-editado-contrato-de-r-131-milhoes-de-viviane-com-vorcaro\/#article","isPartOf":{"@id":"https:\/\/jornalfatosenoticias.com.br\/index.php\/2026\/09\/01\/moraes-teria-editado-contrato-de-r-131-milhoes-de-viviane-com-vorcaro\/"},"author":{"name":"Luzimara Fernandes","@id":"https:\/\/jornalfatosenoticias.com.br\/#\/schema\/person\/d63837fa13ac8666eb9e74e0985d6f81"},"headline":"Moraes teria editado contrato de R$ 131 milh\u00f5es de Viviane com Vorcaro","datePublished":"2026-09-01T20:42:52+00:00","dateModified":"2026-09-01T20:52:18+00:00","mainEntityOfPage":{"@id":"https:\/\/jornalfatosenoticias.com.br\/index.php\/2026\/09\/01\/moraes-teria-editado-contrato-de-r-131-milhoes-de-viviane-com-vorcaro\/"},"wordCount":1185,"commentCount":0,"publisher":{"@id":"https:\/\/jornalfatosenoticias.com.br\/#organization"},"image":{"@id":"https:\/\/jornalfatosenoticias.com.br\/index.php\/2026\/09\/01\/moraes-teria-editado-contrato-de-r-131-milhoes-de-viviane-com-vorcaro\/#primaryimage"},"thumbnailUrl":"https:\/\/jornalfatosenoticias.com.br\/wp-content\/uploads\/2026\/09\/xandy-e-viviane_gettyimages.jpg","keywords":["Alexandre de Moraes","Banco Master","Daniel Vorcaro","fraude bilion\u00e1ria","metadados","Notificar","Pol\u00edcia Federal","STF","Viviane Barci de Moraes"],"articleSection":["Geral"],"inLanguage":"pt-BR","potentialAction":[{"@type":"CommentAction","name":"Comment","target":["https:\/\/jornalfatosenoticias.com.br\/index.php\/2026\/09\/01\/moraes-teria-editado-contrato-de-r-131-milhoes-de-viviane-com-vorcaro\/#respond"]}]},{"@type":"WebPage","@id":"https:\/\/jornalfatosenoticias.com.br\/index.php\/2026\/09\/01\/moraes-teria-editado-contrato-de-r-131-milhoes-de-viviane-com-vorcaro\/","url":"https:\/\/jornalfatosenoticias.com.br\/index.php\/2026\/09\/01\/moraes-teria-editado-contrato-de-r-131-milhoes-de-viviane-com-vorcaro\/","name":"Moraes teria editado contrato de R$ 131 milh\u00f5es de Viviane com Vorcaro - Jornal Fatos e Not\u00edcias","isPartOf":{"@id":"https:\/\/jornalfatosenoticias.com.br\/#website"},"primaryImageOfPage":{"@id":"https:\/\/jornalfatosenoticias.com.br\/index.php\/2026\/09\/01\/moraes-teria-editado-contrato-de-r-131-milhoes-de-viviane-com-vorcaro\/#primaryimage"},"image":{"@id":"https:\/\/jornalfatosenoticias.com.br\/index.php\/2026\/09\/01\/moraes-teria-editado-contrato-de-r-131-milhoes-de-viviane-com-vorcaro\/#primaryimage"},"thumbnailUrl":"https:\/\/jornalfatosenoticias.com.br\/wp-content\/uploads\/2026\/09\/xandy-e-viviane_gettyimages.jpg","datePublished":"2026-09-01T20:42:52+00:00","dateModified":"2026-09-01T20:52:18+00:00","breadcrumb":{"@id":"https:\/\/jornalfatosenoticias.com.br\/index.php\/2026\/09\/01\/moraes-teria-editado-contrato-de-r-131-milhoes-de-viviane-com-vorcaro\/#breadcrumb"},"inLanguage":"pt-BR","potentialAction":[{"@type":"ReadAction","target":["https:\/\/jornalfatosenoticias.com.br\/index.php\/2026\/09\/01\/moraes-teria-editado-contrato-de-r-131-milhoes-de-viviane-com-vorcaro\/"]}]},{"@type":"ImageObject","inLanguage":"pt-BR","@id":"https:\/\/jornalfatosenoticias.com.br\/index.php\/2026\/09\/01\/moraes-teria-editado-contrato-de-r-131-milhoes-de-viviane-com-vorcaro\/#primaryimage","url":"https:\/\/jornalfatosenoticias.com.br\/wp-content\/uploads\/2026\/09\/xandy-e-viviane_gettyimages.jpg","contentUrl":"https:\/\/jornalfatosenoticias.com.br\/wp-content\/uploads\/2026\/09\/xandy-e-viviane_gettyimages.jpg","width":612,"height":408,"caption":"Brazil's Supreme Court Justice Minister Alexandre de Moraes and his wife, Viviane Barci de Moraes, attend the 24th LIDE Business Forum in Rio de Janeiro, Brazil on August 22, 2025. (Photo by Mauro PIMENTEL \/ AFP) (Photo by MAURO PIMENTEL\/AFP via Getty Images)"},{"@type":"BreadcrumbList","@id":"https:\/\/jornalfatosenoticias.com.br\/index.php\/2026\/09\/01\/moraes-teria-editado-contrato-de-r-131-milhoes-de-viviane-com-vorcaro\/#breadcrumb","itemListElement":[{"@type":"ListItem","position":1,"name":"In\u00edcio","item":"https:\/\/jornalfatosenoticias.com.br\/"},{"@type":"ListItem","position":2,"name":"Moraes teria editado contrato de R$ 131 milh\u00f5es de Viviane com Vorcaro"}]},{"@type":"WebSite","@id":"https:\/\/jornalfatosenoticias.com.br\/#website","url":"https:\/\/jornalfatosenoticias.com.br\/","name":"Jornal Fatos e Not\u00edcias","description":"Not\u00edcias em geral","publisher":{"@id":"https:\/\/jornalfatosenoticias.com.br\/#organization"},"potentialAction":[{"@type":"SearchAction","target":{"@type":"EntryPoint","urlTemplate":"https:\/\/jornalfatosenoticias.com.br\/?s={search_term_string}"},"query-input":{"@type":"PropertyValueSpecification","valueRequired":true,"valueName":"search_term_string"}}],"inLanguage":"pt-BR"},{"@type":"Organization","@id":"https:\/\/jornalfatosenoticias.com.br\/#organization","name":"Jornal Fatos e Not\u00edcias","url":"https:\/\/jornalfatosenoticias.com.br\/","logo":{"@type":"ImageObject","inLanguage":"pt-BR","@id":"https:\/\/jornalfatosenoticias.com.br\/#\/schema\/logo\/image\/","url":"https:\/\/jornalfatosenoticias.com.br\/wp-content\/uploads\/2020\/02\/logo120.png","contentUrl":"https:\/\/jornalfatosenoticias.com.br\/wp-content\/uploads\/2020\/02\/logo120.png","width":1227,"height":120,"caption":"Jornal Fatos e Not\u00edcias"},"image":{"@id":"https:\/\/jornalfatosenoticias.com.br\/#\/schema\/logo\/image\/"}},{"@type":"Person","@id":"https:\/\/jornalfatosenoticias.com.br\/#\/schema\/person\/d63837fa13ac8666eb9e74e0985d6f81","name":"Luzimara Fernandes","image":{"@type":"ImageObject","inLanguage":"pt-BR","@id":"https:\/\/jornalfatosenoticias.com.br\/#\/schema\/person\/image\/","url":"https:\/\/jornalfatosenoticias.com.br\/wp-content\/uploads\/2025\/05\/EU_portal.jpg","contentUrl":"https:\/\/jornalfatosenoticias.com.br\/wp-content\/uploads\/2025\/05\/EU_portal.jpg","caption":"Luzimara Fernandes"},"description":"Jornalista MTB 2358-ES","sameAs":["https:\/\/jornalfatosenoticias.com.br"],"url":"https:\/\/jornalfatosenoticias.com.br\/index.php\/author\/luzimara\/"}]}},"cc_featured_image_caption":{"caption_text":"(Foto: Getty Images)\r\n","source_text":"","source_url":""},"jetpack_featured_media_url":"https:\/\/jornalfatosenoticias.com.br\/wp-content\/uploads\/2026\/09\/xandy-e-viviane_gettyimages.jpg","_links":{"self":[{"href":"https:\/\/jornalfatosenoticias.com.br\/index.php\/wp-json\/wp\/v2\/posts\/69529","targetHints":{"allow":["GET"]}}],"collection":[{"href":"https:\/\/jornalfatosenoticias.com.br\/index.php\/wp-json\/wp\/v2\/posts"}],"about":[{"href":"https:\/\/jornalfatosenoticias.com.br\/index.php\/wp-json\/wp\/v2\/types\/post"}],"author":[{"embeddable":true,"href":"https:\/\/jornalfatosenoticias.com.br\/index.php\/wp-json\/wp\/v2\/users\/2"}],"replies":[{"embeddable":true,"href":"https:\/\/jornalfatosenoticias.com.br\/index.php\/wp-json\/wp\/v2\/comments?post=69529"}],"version-history":[{"count":2,"href":"https:\/\/jornalfatosenoticias.com.br\/index.php\/wp-json\/wp\/v2\/posts\/69529\/revisions"}],"predecessor-version":[{"id":69535,"href":"https:\/\/jornalfatosenoticias.com.br\/index.php\/wp-json\/wp\/v2\/posts\/69529\/revisions\/69535"}],"wp:featuredmedia":[{"embeddable":true,"href":"https:\/\/jornalfatosenoticias.com.br\/index.php\/wp-json\/wp\/v2\/media\/69530"}],"wp:attachment":[{"href":"https:\/\/jornalfatosenoticias.com.br\/index.php\/wp-json\/wp\/v2\/media?parent=69529"}],"wp:term":[{"taxonomy":"category","embeddable":true,"href":"https:\/\/jornalfatosenoticias.com.br\/index.php\/wp-json\/wp\/v2\/categories?post=69529"},{"taxonomy":"post_tag","embeddable":true,"href":"https:\/\/jornalfatosenoticias.com.br\/index.php\/wp-json\/wp\/v2\/tags?post=69529"}],"curies":[{"name":"wp","href":"https:\/\/api.w.org\/{rel}","templated":true}]}}