{"id":69532,"date":"2026-09-01T17:49:31","date_gmt":"2026-09-01T20:49:31","guid":{"rendered":"https:\/\/jornalfatosenoticias.com.br\/?p=69532"},"modified":"2026-09-01T17:52:30","modified_gmt":"2026-09-01T20:52:30","slug":"mendonca-derruba-sigilo-de-acao-sobre-relacao-entre-vorcaro-e-moraes","status":"publish","type":"post","link":"https:\/\/jornalfatosenoticias.com.br\/index.php\/2026\/09\/01\/mendonca-derruba-sigilo-de-acao-sobre-relacao-entre-vorcaro-e-moraes\/","title":{"rendered":"Mendon\u00e7a derruba sigilo de a\u00e7\u00e3o sobre rela\u00e7\u00e3o entre Vorcaro e Moraes"},"content":{"rendered":"\n<p><em><mark style=\"background-color:rgba(0, 0, 0, 0)\" class=\"has-inline-color has-black-color\">Mensagens detalham proximidade que envolve ajustes em minuta e fala sobre fuga do pa\u00eds<\/mark><\/em><\/p>\n\n\n\n<p><mark style=\"background-color:rgba(0, 0, 0, 0)\" class=\"has-inline-color has-black-color\">Por <strong><a href=\"https:\/\/www.gazetadopovo.com.br\/autor\/vinicius-macia\/\">Vinicius Macia<\/a>\/<\/strong><\/mark><a href=\"https:\/\/www.gazetadopovo.com.br\/autor\/aline-rechmann\/\"><strong>Aline Rechmann<\/strong><\/a><\/p>\n\n\n\n<p>O ministro do Supremo Tribunal Federal (STF) Andr\u00e9 Mendon\u00e7a retirou, nesta ter\u00e7a-feira (1.\u00ba), o sigilo de um processo envolvendo as rela\u00e7\u00f5es entre Daniel Vorcaro e o ministro Alexandre de Moraes. O material foi extra\u00eddo do celular do dono do Banco Master no \u00e2mbito da Opera\u00e7\u00e3o Compliance Zero e inclui mensagens, registros de encontros e documentos relacionados ao escrit\u00f3rio de advocacia de Viviane de Moraes.<br>Mendon\u00e7a abriu vista dos autos \u00e0 Procuradoria-Geral da Rep\u00fablica (PGR) para manifesta\u00e7\u00e3o e afirmou que, independentemente do parecer do \u00f3rg\u00e3o, os novos elementos ser\u00e3o analisados pelo Plen\u00e1rio do STF. A sess\u00e3o dever\u00e1 ser presencial e p\u00fablica, em data a ser definida pelo presidente da Corte, Edson Fachin.<\/p>\n\n\n\n<blockquote class=\"wp-block-quote is-layout-flow wp-block-quote-is-layout-flow\">\n<p><mark style=\"background-color:rgba(0, 0, 0, 0)\" class=\"has-inline-color has-luminous-vivid-orange-color\">Ao se analisar o teor das informa\u00e7\u00f5es apresentadas a partir de tais premissas, \u00fanicas pass\u00edveis de aplica\u00e7\u00e3o ao caso \u2014porque estabelecidas pela exclusiva b\u00fassola de orienta\u00e7\u00e3o da conduta dos Ministros integrantes deste Supremo Tribunal Federal, qual seja, a Constitui\u00e7\u00e3o da Rep\u00fablica Federativa do Brasil\u2014, diante da inevit\u00e1vel forma e do inexor\u00e1vel locus de delibera\u00e7\u00e3o, ainda com maior raz\u00e3o se imp\u00f5e, seja, desde logo, levantado o sigilo dos presentes autos&#8221;, justifica Mendon\u00e7a.<\/mark><\/p>\n<\/blockquote>\n\n\n<div class=\"wp-block-image\">\n<figure class=\"aligncenter size-full\"><a href=\"https:\/\/www.cesconetto.com.br\/\"><img loading=\"lazy\" decoding=\"async\" width=\"300\" height=\"250\" src=\"https:\/\/jornalfatosenoticias.com.br\/wp-content\/uploads\/2020\/02\/Banner-2.png\" alt=\"\" class=\"wp-image-43787\"\/><\/a><\/figure>\n<\/div>\n\n\n<p>Vorcaro tinha um contato em seu celular com o nome &#8220;Alexandre de Moraes BRAS\u00cdLIA&#8221;, destinat\u00e1rio de uma s\u00e9rie de mensagens que envolveriam apura\u00e7\u00f5es das fraudes do Banco Master. O contato atribu\u00eddo ao ministro receberia informa\u00e7\u00f5es vazadas do Banco Central (BC) logo depois que o banqueiro as escrevia em um aplicativo de notas e tirava prints.<br>O documento cita de sete a dez reuni\u00f5es entre Moraes e Vorcaro. Em uma delas, o ex-ministro das Comunica\u00e7\u00f5es Fabio Faria diz qu confirmou o jantar com &#8220;o careca&#8221;, e a Pol\u00edcia Federal (PF) faz a conex\u00e3o. O banqueiro ainda teria consultado o ministro sobre a conveni\u00eancia de deixar o pa\u00eds antes que as investiga\u00e7\u00f5es culminassem em sua pris\u00e3o.<br>Por meio de nota, o escrit\u00f3rio Barci de Moraes admitiu que o setor de compliance solicitou informa\u00e7\u00f5es de Alexandre de Moraes como marido de sua s\u00f3cia diretora. A nota afirma que o objetivo era entender se haveria algum problema na contrata\u00e7\u00e3o pelo cargo do ministro e fecha argumentando que a contrata\u00e7\u00e3o ocorreu, uma vez que Moraes &#8220;jamais julgou qualquer causa envolvendo o Banco Master&#8221;.<\/p>\n\n\n<div class=\"wp-block-image\">\n<figure class=\"aligncenter size-full is-resized\"><a href=\"https:\/\/www.instagram.com\/paoeci3?igsh=MXdsdzUwdXU3bDZzcA==\"><img loading=\"lazy\" decoding=\"async\" width=\"644\" height=\"459\" src=\"https:\/\/jornalfatosenoticias.com.br\/wp-content\/uploads\/2020\/02\/Logo_PaoCia.jpeg\" alt=\"\" class=\"wp-image-66631\" style=\"width:318px;height:auto\" srcset=\"https:\/\/jornalfatosenoticias.com.br\/wp-content\/uploads\/2020\/02\/Logo_PaoCia.jpeg 644w, https:\/\/jornalfatosenoticias.com.br\/wp-content\/uploads\/2020\/02\/Logo_PaoCia-300x214.jpeg 300w\" sizes=\"auto, (max-width: 644px) 100vw, 644px\" \/><\/a><\/figure>\n<\/div>\n\n\n<p><strong>Fonte: <a href=\"https:\/\/www.gazetadopovo.com.br\/republica\/mendonca-derruba-sigilo-de-acao-sobre-relacao-entre-vorcaro-e-moraes\/\">Gazeta do Povo<\/a><\/strong><\/p>\n","protected":false},"excerpt":{"rendered":"<p>Mensagens detalham proximidade que envolve ajustes em minuta e fala sobre fuga do pa\u00eds Por Vinicius Macia\/Aline Rechmann O ministro do Supremo Tribunal Federal (STF) Andr\u00e9 Mendon\u00e7a retirou, nesta ter\u00e7a-feira (1.\u00ba), o sigilo de um processo envolvendo as rela\u00e7\u00f5es entre Daniel Vorcaro e o ministro Alexandre de Moraes. O material foi extra\u00eddo do celular do [&hellip;]<\/p>\n","protected":false},"author":2,"featured_media":69533,"comment_status":"open","ping_status":"open","sticky":false,"template":"","format":"standard","meta":{"footnotes":""},"categories":[5],"tags":[13889,2144,26594,28937,29843,294],"class_list":["post-69532","post","type-post","status-publish","format-standard","has-post-thumbnail","hentry","category-geral","tag-alexandre-de-moraes","tag-andre-mendonca-2","tag-banco-master","tag-daniel-vorcaro","tag-notificar","tag-stf"],"yoast_head":"<!-- This site is optimized with the Yoast SEO plugin v26.5 - https:\/\/yoast.com\/wordpress\/plugins\/seo\/ -->\n<title>Mendon\u00e7a derruba sigilo de a\u00e7\u00e3o sobre rela\u00e7\u00e3o entre Vorcaro e Moraes - Jornal Fatos e Not\u00edcias<\/title>\n<meta name=\"robots\" content=\"index, follow, max-snippet:-1, max-image-preview:large, max-video-preview:-1\" \/>\n<link rel=\"canonical\" href=\"https:\/\/jornalfatosenoticias.com.br\/index.php\/2026\/09\/01\/mendonca-derruba-sigilo-de-acao-sobre-relacao-entre-vorcaro-e-moraes\/\" \/>\n<meta property=\"og:locale\" content=\"pt_BR\" \/>\n<meta property=\"og:type\" content=\"article\" \/>\n<meta property=\"og:title\" content=\"Mendon\u00e7a derruba sigilo de a\u00e7\u00e3o sobre rela\u00e7\u00e3o entre Vorcaro e Moraes - Jornal Fatos e Not\u00edcias\" \/>\n<meta property=\"og:description\" content=\"Mensagens detalham proximidade que envolve ajustes em minuta e fala sobre fuga do pa\u00eds Por Vinicius Macia\/Aline Rechmann O ministro do Supremo Tribunal Federal (STF) Andr\u00e9 Mendon\u00e7a retirou, nesta ter\u00e7a-feira (1.\u00ba), o sigilo de um processo envolvendo as rela\u00e7\u00f5es entre Daniel Vorcaro e o ministro Alexandre de Moraes. O material foi extra\u00eddo do celular do [&hellip;]\" \/>\n<meta property=\"og:url\" content=\"https:\/\/jornalfatosenoticias.com.br\/index.php\/2026\/09\/01\/mendonca-derruba-sigilo-de-acao-sobre-relacao-entre-vorcaro-e-moraes\/\" \/>\n<meta property=\"og:site_name\" content=\"Jornal Fatos e Not\u00edcias\" \/>\n<meta property=\"article:published_time\" content=\"2026-09-01T20:49:31+00:00\" \/>\n<meta property=\"article:modified_time\" content=\"2026-09-01T20:52:30+00:00\" \/>\n<meta property=\"og:image\" content=\"https:\/\/jornalfatosenoticias.com.br\/wp-content\/uploads\/2026\/09\/xandoca_gettyimages.jpg\" \/>\n\t<meta property=\"og:image:width\" content=\"612\" \/>\n\t<meta property=\"og:image:height\" content=\"408\" \/>\n\t<meta property=\"og:image:type\" content=\"image\/jpeg\" \/>\n<meta name=\"author\" content=\"Luzimara Fernandes\" \/>\n<meta name=\"twitter:card\" content=\"summary_large_image\" \/>\n<meta name=\"twitter:label1\" content=\"Escrito por\" \/>\n\t<meta name=\"twitter:data1\" content=\"Luzimara Fernandes\" \/>\n\t<meta name=\"twitter:label2\" content=\"Est. tempo de leitura\" \/>\n\t<meta name=\"twitter:data2\" content=\"1 minuto\" \/>\n<script type=\"application\/ld+json\" class=\"yoast-schema-graph\">{\"@context\":\"https:\/\/schema.org\",\"@graph\":[{\"@type\":\"Article\",\"@id\":\"https:\/\/jornalfatosenoticias.com.br\/index.php\/2026\/09\/01\/mendonca-derruba-sigilo-de-acao-sobre-relacao-entre-vorcaro-e-moraes\/#article\",\"isPartOf\":{\"@id\":\"https:\/\/jornalfatosenoticias.com.br\/index.php\/2026\/09\/01\/mendonca-derruba-sigilo-de-acao-sobre-relacao-entre-vorcaro-e-moraes\/\"},\"author\":{\"name\":\"Luzimara Fernandes\",\"@id\":\"https:\/\/jornalfatosenoticias.com.br\/#\/schema\/person\/d63837fa13ac8666eb9e74e0985d6f81\"},\"headline\":\"Mendon\u00e7a derruba sigilo de a\u00e7\u00e3o sobre rela\u00e7\u00e3o entre Vorcaro e Moraes\",\"datePublished\":\"2026-09-01T20:49:31+00:00\",\"dateModified\":\"2026-09-01T20:52:30+00:00\",\"mainEntityOfPage\":{\"@id\":\"https:\/\/jornalfatosenoticias.com.br\/index.php\/2026\/09\/01\/mendonca-derruba-sigilo-de-acao-sobre-relacao-entre-vorcaro-e-moraes\/\"},\"wordCount\":442,\"commentCount\":0,\"publisher\":{\"@id\":\"https:\/\/jornalfatosenoticias.com.br\/#organization\"},\"image\":{\"@id\":\"https:\/\/jornalfatosenoticias.com.br\/index.php\/2026\/09\/01\/mendonca-derruba-sigilo-de-acao-sobre-relacao-entre-vorcaro-e-moraes\/#primaryimage\"},\"thumbnailUrl\":\"https:\/\/jornalfatosenoticias.com.br\/wp-content\/uploads\/2026\/09\/xandoca_gettyimages.jpg\",\"keywords\":[\"Alexandre de Moraes\",\"Andr\u00e9 Mendon\u00e7a\",\"Banco Master\",\"Daniel Vorcaro\",\"Notificar\",\"STF\"],\"articleSection\":[\"Geral\"],\"inLanguage\":\"pt-BR\",\"potentialAction\":[{\"@type\":\"CommentAction\",\"name\":\"Comment\",\"target\":[\"https:\/\/jornalfatosenoticias.com.br\/index.php\/2026\/09\/01\/mendonca-derruba-sigilo-de-acao-sobre-relacao-entre-vorcaro-e-moraes\/#respond\"]}]},{\"@type\":\"WebPage\",\"@id\":\"https:\/\/jornalfatosenoticias.com.br\/index.php\/2026\/09\/01\/mendonca-derruba-sigilo-de-acao-sobre-relacao-entre-vorcaro-e-moraes\/\",\"url\":\"https:\/\/jornalfatosenoticias.com.br\/index.php\/2026\/09\/01\/mendonca-derruba-sigilo-de-acao-sobre-relacao-entre-vorcaro-e-moraes\/\",\"name\":\"Mendon\u00e7a derruba sigilo de a\u00e7\u00e3o sobre rela\u00e7\u00e3o entre Vorcaro e Moraes - Jornal Fatos e Not\u00edcias\",\"isPartOf\":{\"@id\":\"https:\/\/jornalfatosenoticias.com.br\/#website\"},\"primaryImageOfPage\":{\"@id\":\"https:\/\/jornalfatosenoticias.com.br\/index.php\/2026\/09\/01\/mendonca-derruba-sigilo-de-acao-sobre-relacao-entre-vorcaro-e-moraes\/#primaryimage\"},\"image\":{\"@id\":\"https:\/\/jornalfatosenoticias.com.br\/index.php\/2026\/09\/01\/mendonca-derruba-sigilo-de-acao-sobre-relacao-entre-vorcaro-e-moraes\/#primaryimage\"},\"thumbnailUrl\":\"https:\/\/jornalfatosenoticias.com.br\/wp-content\/uploads\/2026\/09\/xandoca_gettyimages.jpg\",\"datePublished\":\"2026-09-01T20:49:31+00:00\",\"dateModified\":\"2026-09-01T20:52:30+00:00\",\"breadcrumb\":{\"@id\":\"https:\/\/jornalfatosenoticias.com.br\/index.php\/2026\/09\/01\/mendonca-derruba-sigilo-de-acao-sobre-relacao-entre-vorcaro-e-moraes\/#breadcrumb\"},\"inLanguage\":\"pt-BR\",\"potentialAction\":[{\"@type\":\"ReadAction\",\"target\":[\"https:\/\/jornalfatosenoticias.com.br\/index.php\/2026\/09\/01\/mendonca-derruba-sigilo-de-acao-sobre-relacao-entre-vorcaro-e-moraes\/\"]}]},{\"@type\":\"ImageObject\",\"inLanguage\":\"pt-BR\",\"@id\":\"https:\/\/jornalfatosenoticias.com.br\/index.php\/2026\/09\/01\/mendonca-derruba-sigilo-de-acao-sobre-relacao-entre-vorcaro-e-moraes\/#primaryimage\",\"url\":\"https:\/\/jornalfatosenoticias.com.br\/wp-content\/uploads\/2026\/09\/xandoca_gettyimages.jpg\",\"contentUrl\":\"https:\/\/jornalfatosenoticias.com.br\/wp-content\/uploads\/2026\/09\/xandoca_gettyimages.jpg\",\"width\":612,\"height\":408,\"caption\":\"Brazilian Supreme Federal Court (STF) Justice Alexandre de Moraes looks on during a session of the First Chamber of the STF in Brasilia on June 16, 2026. A Brazilian Supreme Court justice on June 16, 2026 ordered the defence of former president Jair Bolsonaro (2019-2022), under house arrest, to explain within 24 hours why he allegedly possessed a firearm that was seized during a police check. (Photo by Sergio Lima \/ AFP via Getty Images)\"},{\"@type\":\"BreadcrumbList\",\"@id\":\"https:\/\/jornalfatosenoticias.com.br\/index.php\/2026\/09\/01\/mendonca-derruba-sigilo-de-acao-sobre-relacao-entre-vorcaro-e-moraes\/#breadcrumb\",\"itemListElement\":[{\"@type\":\"ListItem\",\"position\":1,\"name\":\"In\u00edcio\",\"item\":\"https:\/\/jornalfatosenoticias.com.br\/\"},{\"@type\":\"ListItem\",\"position\":2,\"name\":\"Mendon\u00e7a derruba sigilo de a\u00e7\u00e3o sobre rela\u00e7\u00e3o entre Vorcaro e Moraes\"}]},{\"@type\":\"WebSite\",\"@id\":\"https:\/\/jornalfatosenoticias.com.br\/#website\",\"url\":\"https:\/\/jornalfatosenoticias.com.br\/\",\"name\":\"Jornal Fatos e Not\u00edcias\",\"description\":\"Not\u00edcias em geral\",\"publisher\":{\"@id\":\"https:\/\/jornalfatosenoticias.com.br\/#organization\"},\"potentialAction\":[{\"@type\":\"SearchAction\",\"target\":{\"@type\":\"EntryPoint\",\"urlTemplate\":\"https:\/\/jornalfatosenoticias.com.br\/?s={search_term_string}\"},\"query-input\":{\"@type\":\"PropertyValueSpecification\",\"valueRequired\":true,\"valueName\":\"search_term_string\"}}],\"inLanguage\":\"pt-BR\"},{\"@type\":\"Organization\",\"@id\":\"https:\/\/jornalfatosenoticias.com.br\/#organization\",\"name\":\"Jornal Fatos e Not\u00edcias\",\"url\":\"https:\/\/jornalfatosenoticias.com.br\/\",\"logo\":{\"@type\":\"ImageObject\",\"inLanguage\":\"pt-BR\",\"@id\":\"https:\/\/jornalfatosenoticias.com.br\/#\/schema\/logo\/image\/\",\"url\":\"https:\/\/jornalfatosenoticias.com.br\/wp-content\/uploads\/2020\/02\/logo120.png\",\"contentUrl\":\"https:\/\/jornalfatosenoticias.com.br\/wp-content\/uploads\/2020\/02\/logo120.png\",\"width\":1227,\"height\":120,\"caption\":\"Jornal Fatos e Not\u00edcias\"},\"image\":{\"@id\":\"https:\/\/jornalfatosenoticias.com.br\/#\/schema\/logo\/image\/\"}},{\"@type\":\"Person\",\"@id\":\"https:\/\/jornalfatosenoticias.com.br\/#\/schema\/person\/d63837fa13ac8666eb9e74e0985d6f81\",\"name\":\"Luzimara Fernandes\",\"image\":{\"@type\":\"ImageObject\",\"inLanguage\":\"pt-BR\",\"@id\":\"https:\/\/jornalfatosenoticias.com.br\/#\/schema\/person\/image\/\",\"url\":\"https:\/\/jornalfatosenoticias.com.br\/wp-content\/uploads\/2025\/05\/EU_portal.jpg\",\"contentUrl\":\"https:\/\/jornalfatosenoticias.com.br\/wp-content\/uploads\/2025\/05\/EU_portal.jpg\",\"caption\":\"Luzimara Fernandes\"},\"description\":\"Jornalista MTB 2358-ES\",\"sameAs\":[\"https:\/\/jornalfatosenoticias.com.br\"],\"url\":\"https:\/\/jornalfatosenoticias.com.br\/index.php\/author\/luzimara\/\"}]}<\/script>\n<!-- \/ Yoast SEO plugin. -->","yoast_head_json":{"title":"Mendon\u00e7a derruba sigilo de a\u00e7\u00e3o sobre rela\u00e7\u00e3o entre Vorcaro e Moraes - Jornal Fatos e Not\u00edcias","robots":{"index":"index","follow":"follow","max-snippet":"max-snippet:-1","max-image-preview":"max-image-preview:large","max-video-preview":"max-video-preview:-1"},"canonical":"https:\/\/jornalfatosenoticias.com.br\/index.php\/2026\/09\/01\/mendonca-derruba-sigilo-de-acao-sobre-relacao-entre-vorcaro-e-moraes\/","og_locale":"pt_BR","og_type":"article","og_title":"Mendon\u00e7a derruba sigilo de a\u00e7\u00e3o sobre rela\u00e7\u00e3o entre Vorcaro e Moraes - Jornal Fatos e Not\u00edcias","og_description":"Mensagens detalham proximidade que envolve ajustes em minuta e fala sobre fuga do pa\u00eds Por Vinicius Macia\/Aline Rechmann O ministro do Supremo Tribunal Federal (STF) Andr\u00e9 Mendon\u00e7a retirou, nesta ter\u00e7a-feira (1.\u00ba), o sigilo de um processo envolvendo as rela\u00e7\u00f5es entre Daniel Vorcaro e o ministro Alexandre de Moraes. O material foi extra\u00eddo do celular do [&hellip;]","og_url":"https:\/\/jornalfatosenoticias.com.br\/index.php\/2026\/09\/01\/mendonca-derruba-sigilo-de-acao-sobre-relacao-entre-vorcaro-e-moraes\/","og_site_name":"Jornal Fatos e Not\u00edcias","article_published_time":"2026-09-01T20:49:31+00:00","article_modified_time":"2026-09-01T20:52:30+00:00","og_image":[{"width":612,"height":408,"url":"https:\/\/jornalfatosenoticias.com.br\/wp-content\/uploads\/2026\/09\/xandoca_gettyimages.jpg","type":"image\/jpeg"}],"author":"Luzimara Fernandes","twitter_card":"summary_large_image","twitter_misc":{"Escrito por":"Luzimara Fernandes","Est. tempo de leitura":"1 minuto"},"schema":{"@context":"https:\/\/schema.org","@graph":[{"@type":"Article","@id":"https:\/\/jornalfatosenoticias.com.br\/index.php\/2026\/09\/01\/mendonca-derruba-sigilo-de-acao-sobre-relacao-entre-vorcaro-e-moraes\/#article","isPartOf":{"@id":"https:\/\/jornalfatosenoticias.com.br\/index.php\/2026\/09\/01\/mendonca-derruba-sigilo-de-acao-sobre-relacao-entre-vorcaro-e-moraes\/"},"author":{"name":"Luzimara Fernandes","@id":"https:\/\/jornalfatosenoticias.com.br\/#\/schema\/person\/d63837fa13ac8666eb9e74e0985d6f81"},"headline":"Mendon\u00e7a derruba sigilo de a\u00e7\u00e3o sobre rela\u00e7\u00e3o entre Vorcaro e Moraes","datePublished":"2026-09-01T20:49:31+00:00","dateModified":"2026-09-01T20:52:30+00:00","mainEntityOfPage":{"@id":"https:\/\/jornalfatosenoticias.com.br\/index.php\/2026\/09\/01\/mendonca-derruba-sigilo-de-acao-sobre-relacao-entre-vorcaro-e-moraes\/"},"wordCount":442,"commentCount":0,"publisher":{"@id":"https:\/\/jornalfatosenoticias.com.br\/#organization"},"image":{"@id":"https:\/\/jornalfatosenoticias.com.br\/index.php\/2026\/09\/01\/mendonca-derruba-sigilo-de-acao-sobre-relacao-entre-vorcaro-e-moraes\/#primaryimage"},"thumbnailUrl":"https:\/\/jornalfatosenoticias.com.br\/wp-content\/uploads\/2026\/09\/xandoca_gettyimages.jpg","keywords":["Alexandre de Moraes","Andr\u00e9 Mendon\u00e7a","Banco Master","Daniel Vorcaro","Notificar","STF"],"articleSection":["Geral"],"inLanguage":"pt-BR","potentialAction":[{"@type":"CommentAction","name":"Comment","target":["https:\/\/jornalfatosenoticias.com.br\/index.php\/2026\/09\/01\/mendonca-derruba-sigilo-de-acao-sobre-relacao-entre-vorcaro-e-moraes\/#respond"]}]},{"@type":"WebPage","@id":"https:\/\/jornalfatosenoticias.com.br\/index.php\/2026\/09\/01\/mendonca-derruba-sigilo-de-acao-sobre-relacao-entre-vorcaro-e-moraes\/","url":"https:\/\/jornalfatosenoticias.com.br\/index.php\/2026\/09\/01\/mendonca-derruba-sigilo-de-acao-sobre-relacao-entre-vorcaro-e-moraes\/","name":"Mendon\u00e7a derruba sigilo de a\u00e7\u00e3o sobre rela\u00e7\u00e3o entre Vorcaro e Moraes - Jornal Fatos e Not\u00edcias","isPartOf":{"@id":"https:\/\/jornalfatosenoticias.com.br\/#website"},"primaryImageOfPage":{"@id":"https:\/\/jornalfatosenoticias.com.br\/index.php\/2026\/09\/01\/mendonca-derruba-sigilo-de-acao-sobre-relacao-entre-vorcaro-e-moraes\/#primaryimage"},"image":{"@id":"https:\/\/jornalfatosenoticias.com.br\/index.php\/2026\/09\/01\/mendonca-derruba-sigilo-de-acao-sobre-relacao-entre-vorcaro-e-moraes\/#primaryimage"},"thumbnailUrl":"https:\/\/jornalfatosenoticias.com.br\/wp-content\/uploads\/2026\/09\/xandoca_gettyimages.jpg","datePublished":"2026-09-01T20:49:31+00:00","dateModified":"2026-09-01T20:52:30+00:00","breadcrumb":{"@id":"https:\/\/jornalfatosenoticias.com.br\/index.php\/2026\/09\/01\/mendonca-derruba-sigilo-de-acao-sobre-relacao-entre-vorcaro-e-moraes\/#breadcrumb"},"inLanguage":"pt-BR","potentialAction":[{"@type":"ReadAction","target":["https:\/\/jornalfatosenoticias.com.br\/index.php\/2026\/09\/01\/mendonca-derruba-sigilo-de-acao-sobre-relacao-entre-vorcaro-e-moraes\/"]}]},{"@type":"ImageObject","inLanguage":"pt-BR","@id":"https:\/\/jornalfatosenoticias.com.br\/index.php\/2026\/09\/01\/mendonca-derruba-sigilo-de-acao-sobre-relacao-entre-vorcaro-e-moraes\/#primaryimage","url":"https:\/\/jornalfatosenoticias.com.br\/wp-content\/uploads\/2026\/09\/xandoca_gettyimages.jpg","contentUrl":"https:\/\/jornalfatosenoticias.com.br\/wp-content\/uploads\/2026\/09\/xandoca_gettyimages.jpg","width":612,"height":408,"caption":"Brazilian Supreme Federal Court (STF) Justice Alexandre de Moraes looks on during a session of the First Chamber of the STF in Brasilia on June 16, 2026. A Brazilian Supreme Court justice on June 16, 2026 ordered the defence of former president Jair Bolsonaro (2019-2022), under house arrest, to explain within 24 hours why he allegedly possessed a firearm that was seized during a police check. (Photo by Sergio Lima \/ AFP via Getty Images)"},{"@type":"BreadcrumbList","@id":"https:\/\/jornalfatosenoticias.com.br\/index.php\/2026\/09\/01\/mendonca-derruba-sigilo-de-acao-sobre-relacao-entre-vorcaro-e-moraes\/#breadcrumb","itemListElement":[{"@type":"ListItem","position":1,"name":"In\u00edcio","item":"https:\/\/jornalfatosenoticias.com.br\/"},{"@type":"ListItem","position":2,"name":"Mendon\u00e7a derruba sigilo de a\u00e7\u00e3o sobre rela\u00e7\u00e3o entre Vorcaro e Moraes"}]},{"@type":"WebSite","@id":"https:\/\/jornalfatosenoticias.com.br\/#website","url":"https:\/\/jornalfatosenoticias.com.br\/","name":"Jornal Fatos e Not\u00edcias","description":"Not\u00edcias em geral","publisher":{"@id":"https:\/\/jornalfatosenoticias.com.br\/#organization"},"potentialAction":[{"@type":"SearchAction","target":{"@type":"EntryPoint","urlTemplate":"https:\/\/jornalfatosenoticias.com.br\/?s={search_term_string}"},"query-input":{"@type":"PropertyValueSpecification","valueRequired":true,"valueName":"search_term_string"}}],"inLanguage":"pt-BR"},{"@type":"Organization","@id":"https:\/\/jornalfatosenoticias.com.br\/#organization","name":"Jornal Fatos e Not\u00edcias","url":"https:\/\/jornalfatosenoticias.com.br\/","logo":{"@type":"ImageObject","inLanguage":"pt-BR","@id":"https:\/\/jornalfatosenoticias.com.br\/#\/schema\/logo\/image\/","url":"https:\/\/jornalfatosenoticias.com.br\/wp-content\/uploads\/2020\/02\/logo120.png","contentUrl":"https:\/\/jornalfatosenoticias.com.br\/wp-content\/uploads\/2020\/02\/logo120.png","width":1227,"height":120,"caption":"Jornal Fatos e Not\u00edcias"},"image":{"@id":"https:\/\/jornalfatosenoticias.com.br\/#\/schema\/logo\/image\/"}},{"@type":"Person","@id":"https:\/\/jornalfatosenoticias.com.br\/#\/schema\/person\/d63837fa13ac8666eb9e74e0985d6f81","name":"Luzimara Fernandes","image":{"@type":"ImageObject","inLanguage":"pt-BR","@id":"https:\/\/jornalfatosenoticias.com.br\/#\/schema\/person\/image\/","url":"https:\/\/jornalfatosenoticias.com.br\/wp-content\/uploads\/2025\/05\/EU_portal.jpg","contentUrl":"https:\/\/jornalfatosenoticias.com.br\/wp-content\/uploads\/2025\/05\/EU_portal.jpg","caption":"Luzimara Fernandes"},"description":"Jornalista MTB 2358-ES","sameAs":["https:\/\/jornalfatosenoticias.com.br"],"url":"https:\/\/jornalfatosenoticias.com.br\/index.php\/author\/luzimara\/"}]}},"cc_featured_image_caption":{"caption_text":"(Foto: Getty Images)\r\n","source_text":"","source_url":""},"jetpack_featured_media_url":"https:\/\/jornalfatosenoticias.com.br\/wp-content\/uploads\/2026\/09\/xandoca_gettyimages.jpg","_links":{"self":[{"href":"https:\/\/jornalfatosenoticias.com.br\/index.php\/wp-json\/wp\/v2\/posts\/69532","targetHints":{"allow":["GET"]}}],"collection":[{"href":"https:\/\/jornalfatosenoticias.com.br\/index.php\/wp-json\/wp\/v2\/posts"}],"about":[{"href":"https:\/\/jornalfatosenoticias.com.br\/index.php\/wp-json\/wp\/v2\/types\/post"}],"author":[{"embeddable":true,"href":"https:\/\/jornalfatosenoticias.com.br\/index.php\/wp-json\/wp\/v2\/users\/2"}],"replies":[{"embeddable":true,"href":"https:\/\/jornalfatosenoticias.com.br\/index.php\/wp-json\/wp\/v2\/comments?post=69532"}],"version-history":[{"count":2,"href":"https:\/\/jornalfatosenoticias.com.br\/index.php\/wp-json\/wp\/v2\/posts\/69532\/revisions"}],"predecessor-version":[{"id":69536,"href":"https:\/\/jornalfatosenoticias.com.br\/index.php\/wp-json\/wp\/v2\/posts\/69532\/revisions\/69536"}],"wp:featuredmedia":[{"embeddable":true,"href":"https:\/\/jornalfatosenoticias.com.br\/index.php\/wp-json\/wp\/v2\/media\/69533"}],"wp:attachment":[{"href":"https:\/\/jornalfatosenoticias.com.br\/index.php\/wp-json\/wp\/v2\/media?parent=69532"}],"wp:term":[{"taxonomy":"category","embeddable":true,"href":"https:\/\/jornalfatosenoticias.com.br\/index.php\/wp-json\/wp\/v2\/categories?post=69532"},{"taxonomy":"post_tag","embeddable":true,"href":"https:\/\/jornalfatosenoticias.com.br\/index.php\/wp-json\/wp\/v2\/tags?post=69532"}],"curies":[{"name":"wp","href":"https:\/\/api.w.org\/{rel}","templated":true}]}}