{"id":69540,"date":"2026-09-01T18:13:39","date_gmt":"2026-09-01T21:13:39","guid":{"rendered":"https:\/\/jornalfatosenoticias.com.br\/?p=69540"},"modified":"2026-09-01T18:13:41","modified_gmt":"2026-09-01T21:13:41","slug":"entrada-na-bolsa-da-mais-forca-a-gigante-chinesa-e-poe-varejo-brasileiro-contra-a-parede","status":"publish","type":"post","link":"https:\/\/jornalfatosenoticias.com.br\/index.php\/2026\/09\/01\/entrada-na-bolsa-da-mais-forca-a-gigante-chinesa-e-poe-varejo-brasileiro-contra-a-parede\/","title":{"rendered":"Entrada na Bolsa d\u00e1 mais for\u00e7a a gigante chinesa e p\u00f5e varejo brasileiro contra a parede"},"content":{"rendered":"\n<p><em><mark style=\"background-color:rgba(0, 0, 0, 0)\" class=\"has-inline-color has-black-color\">Capta\u00e7\u00e3o de bilh\u00f5es pode refor\u00e7ar expans\u00e3o da gigante chinesa em meio ao cr\u00e9dito caro e \u00e0 crise das empresas brasileiras<\/mark><\/em><\/p>\n\n\n\n<p><mark style=\"background-color:rgba(0, 0, 0, 0)\" class=\"has-inline-color has-black-color\">Por <strong>Ricardo Prado<\/strong><\/mark><\/p>\n\n\n\n<p>A abertura de capital da Shein, prevista para hoje (1.\u00ba), pode dar \u00e0 gigante chinesa bilh\u00f5es de d\u00f3lares para ampliar sua presen\u00e7a no Brasil justamente quando o varejo nacional enfrenta uma crise marcada por juros elevados, cr\u00e9dito caro, <a href=\"https:\/\/www.gazetadopovo.com.br\/economia\/endividamento-familias-ameaca-consumo-202\/\">consumidores endividados<\/a>\u00a0e dificuldades para financiar novos investimentos \u2013 o que tem levado\u00a0<a href=\"https:\/\/www.gazetadopovo.com.br\/economia\/recuperacao-judicial-varejo-casas-bahia-marabraz-2\/?utm_source=salesforce&amp;utm_medium=emkt&amp;utm_campaign=newsletter-economia&amp;utm_content=economi\">uma s\u00e9rie de grandes empresas \u00e0 recupera\u00e7\u00e3o judicial<\/a>.<br>A diferen\u00e7a de acesso ao capital pode ampliar uma dist\u00e2ncia que j\u00e1 existe. Para fontes ouvidas pela Gazeta do Povo, o resultado do IPO \u2013 quando uma empresa passa a vender a\u00e7\u00f5es ao mercado pela primeira vez \u2013 deve ser uma disputa ainda mais desigual por pre\u00e7o, variedade, tecnologia e rapidez na entrega.<br>A disputa ganha for\u00e7a em um mercado em que as plataformas chinesas j\u00e1 conquistaram espa\u00e7o relevante. Empresas como Shein, Shopee e TikTok passaram a responder por 41,5% do e-commerce brasileiro em 2025, enquanto empresas tradicionais perderam participa\u00e7\u00e3o de mercado. A expans\u00e3o ocorre mesmo com o t\u00edquete m\u00e9dio menor das plataformas asi\u00e1ticas, compensado pela maior frequ\u00eancia de compras e por mecanismos de engajamento que mant\u00eam o consumidor circulando pelos aplicativos.<\/p>\n\n\n\n<blockquote class=\"wp-block-quote is-layout-flow wp-block-quote-is-layout-flow\">\n<p><mark style=\"background-color:rgba(0, 0, 0, 0)\" class=\"has-inline-color has-luminous-vivid-orange-color\">O IPO da Shein pode mudar consideravelmente a concorr\u00eancia no varejo brasileiro, obrigando outras empresas eventualmente a se fundirem ou a se fortalecerem, uma vez que essa abertura de capital vai dar \u00e0 empresa uma capacidade competitiva muito grande\u201d, explica o professor de Economia da Universidade Federal de Mato Grosso do Sul (UFMS), Odirlei Dal Moro.<\/mark><\/p>\n<\/blockquote>\n\n\n\n<p>O refor\u00e7o no caixa da Shein, segundo o economista, pode ser utilizado em v\u00e1rias frentes capazes de ampliar a presen\u00e7a da companhia: distribui\u00e7\u00e3o, publicidade, produ\u00e7\u00e3o local e atra\u00e7\u00e3o de vendedores nacionais. Para Dal Moro, os segmentos mais vulner\u00e1veis ao \u201cefeito Shein\u201d tendem a ser aqueles mais expostos ao com\u00e9rcio digital e aos produtos de baixo custo, como vestu\u00e1rio, cal\u00e7ados, acess\u00f3rios e cosm\u00e9ticos.<\/p>\n\n\n<div class=\"wp-block-image\">\n<figure class=\"aligncenter size-full is-resized\"><a href=\"https:\/\/www.origestaofinanceira.com.br\/\"><img loading=\"lazy\" decoding=\"async\" width=\"841\" height=\"881\" src=\"https:\/\/jornalfatosenoticias.com.br\/wp-content\/uploads\/2020\/02\/Ori-Gestao-Financeira.jpeg\" alt=\"\" class=\"wp-image-64779\" style=\"aspect-ratio:0.9546132537822288;width:305px;height:auto\" srcset=\"https:\/\/jornalfatosenoticias.com.br\/wp-content\/uploads\/2020\/02\/Ori-Gestao-Financeira.jpeg 841w, https:\/\/jornalfatosenoticias.com.br\/wp-content\/uploads\/2020\/02\/Ori-Gestao-Financeira-286x300.jpeg 286w, https:\/\/jornalfatosenoticias.com.br\/wp-content\/uploads\/2020\/02\/Ori-Gestao-Financeira-768x805.jpeg 768w\" sizes=\"auto, (max-width: 841px) 100vw, 841px\" \/><\/a><\/figure>\n<\/div>\n\n\n<p><strong><mark style=\"background-color:rgba(0, 0, 0, 0)\" class=\"has-inline-color has-black-color\">Disputa desigual pelo consumidor<br><\/mark><\/strong>A economista Cristiane Mancini avalia que o principal problema para o varejo brasileiro \u00e9 a diferen\u00e7a entre o custo de capital das empresas nacionais e a capacidade de investimento de uma companhia global que pode captar recursos no exterior.<\/p>\n\n\n\n<blockquote class=\"wp-block-quote is-layout-flow wp-block-quote-is-layout-flow\">\n<p><mark style=\"background-color:rgba(0, 0, 0, 0)\" class=\"has-inline-color has-luminous-vivid-orange-color\">Para considerar fazer um investimento em publicidade, em engajamento, em digitaliza\u00e7\u00e3o, as empresas brasileiras n\u00e3o conseguem competir nesse sentido, porque a taxa de juros est\u00e1 extremamente alta, enquanto a Shein n\u00e3o passa por isso. Ent\u00e3o \u00e9 uma amea\u00e7a bastante consider\u00e1vel para as varejistas brasileiras\u201d, afirma.<\/mark><\/p>\n<\/blockquote>\n\n\n\n<p>Como informaram <a href=\"https:\/\/www.gazetadopovo.com.br\/economia\/recuperacao-judicial-varejo-casas-bahia-marabraz-2\/\">v\u00e1rias empresas que solicitaram recupera\u00e7\u00e3o judicial recentemente<\/a>, como Casas Bahia, Marabraz e grupo Toky, a alta taxa de juros brasileira, atualmente em 14%, foi o principal ponto para a deteriora\u00e7\u00e3o financeira.<\/p>\n\n\n<div class=\"wp-block-image\">\n<figure class=\"aligncenter size-full is-resized\"><a href=\"https:\/\/www.delpupometalmecanica.com.br\/\"><img loading=\"lazy\" decoding=\"async\" width=\"1000\" height=\"525\" src=\"https:\/\/jornalfatosenoticias.com.br\/wp-content\/uploads\/2026\/01\/delpupo-logo.jpg\" alt=\"\" class=\"wp-image-64770\" style=\"width:375px;height:auto\" srcset=\"https:\/\/jornalfatosenoticias.com.br\/wp-content\/uploads\/2026\/01\/delpupo-logo.jpg 1000w, https:\/\/jornalfatosenoticias.com.br\/wp-content\/uploads\/2026\/01\/delpupo-logo-300x158.jpg 300w, https:\/\/jornalfatosenoticias.com.br\/wp-content\/uploads\/2026\/01\/delpupo-logo-768x403.jpg 768w\" sizes=\"auto, (max-width: 1000px) 100vw, 1000px\" \/><\/a><\/figure>\n<\/div>\n\n\n<p><strong><mark style=\"background-color:rgba(0, 0, 0, 0)\" class=\"has-inline-color has-black-color\">Competi\u00e7\u00e3o brasileira com produ\u00e7\u00e3o em escala e pre\u00e7os muito baixos<br><\/mark><\/strong>Al\u00e9m da crise do varejo brasileiro, as empresas nacionais enfrentam a dificuldade de competir com a escala de produ\u00e7\u00e3o chinesa, encabe\u00e7ada pela Shein. Tributos, regula\u00e7\u00e3o das importa\u00e7\u00f5es e custos log\u00edsticos podem reduzir parte da vantagem competitiva das plataformas estrangeiras, mas n\u00e3o necessariamente impedir sua expans\u00e3o. \u201c\u00c9 muito dif\u00edcil competir com uma ind\u00fastria que consegue produzir em larga escala a um baixo custo unit\u00e1rio\u201d, diz Dal Moro.<br>A Shein tamb\u00e9m j\u00e1 adotou estrat\u00e9gias para reduzir obst\u00e1culos no mercado brasileiro, com ajustes de pre\u00e7os, produ\u00e7\u00e3o local, centros de distribui\u00e7\u00e3o e marketplace para vendedores nacionais. Um caixa maior ap\u00f3s o IPO poderia ampliar esses investimentos e acelerar as entregas, aumentar a publicidade e refor\u00e7ar a personaliza\u00e7\u00e3o das ofertas.<br>Para os especialistas, a sa\u00edda para as empresas brasileiras tende a passar menos por uma guerra direta de pre\u00e7os e mais pela diferencia\u00e7\u00e3o: marca, qualidade, conhecimento do consumidor local, rapidez, integra\u00e7\u00e3o entre lojas f\u00edsicas e canais digitais e experi\u00eancia de compra podem se tornar vantagens importantes.<\/p>\n\n\n<div class=\"wp-block-image\">\n<figure class=\"aligncenter size-full is-resized\"><a href=\"https:\/\/www.ithbrasil.com.br\/\"><img loading=\"lazy\" decoding=\"async\" width=\"800\" height=\"650\" src=\"https:\/\/jornalfatosenoticias.com.br\/wp-content\/uploads\/2023\/08\/ITH.jpeg\" alt=\"\" class=\"wp-image-44638\" style=\"width:330px;height:auto\" srcset=\"https:\/\/jornalfatosenoticias.com.br\/wp-content\/uploads\/2023\/08\/ITH.jpeg 800w, https:\/\/jornalfatosenoticias.com.br\/wp-content\/uploads\/2023\/08\/ITH-300x244.jpeg 300w, https:\/\/jornalfatosenoticias.com.br\/wp-content\/uploads\/2023\/08\/ITH-768x624.jpeg 768w\" sizes=\"auto, (max-width: 800px) 100vw, 800px\" \/><\/a><\/figure>\n<\/div>\n\n\n<p><strong><mark style=\"background-color:rgba(0, 0, 0, 0)\" class=\"has-inline-color has-black-color\">Ruim para o varejo, bom para o consumidor<br><\/mark><\/strong>A press\u00e3o, contudo, pode ser ben\u00e9fica para o consumidor, j\u00e1 que uma concorr\u00eancia mais intensa pode resultar em pre\u00e7os menores, maior variedade e acesso a produtos antes pouco dispon\u00edveis no mercado nacional. \u201cPensando exclusivamente no consumidor, ele, sim, vai ter pre\u00e7o mais baixo, mais variedade e mais rapidez para fazer a sua compra\u201d, afirma Dal Moro.<br>Cristiane, por outro lado, pondera que a facilidade de compra pode estimular gastos frequentes e ampliar o endividamento das fam\u00edlias, <a href=\"https:\/\/www.gazetadopovo.com.br\/economia\/endividamento-familias-ameaca-consumo-202\/\">que em julho alcan\u00e7ou o recorde hist\u00f3rico<\/a>. \u201cO consumidor brasileiro, sim, vai ser favorecido. Existe uma experi\u00eancia muito melhor. No entanto, vai precisar ter muito cuidado com o maior endividamento da popula\u00e7\u00e3o\u201d, alerta.<br>Para a especialista, no longo prazo o \u201cefeito Shein\u201d pode ir muito al\u00e9m de uma disputa entre uma plataforma chinesa e as grandes varejistas brasileiras. \u201cEu acredito que n\u00e3o ser\u00e1 somente a entrada dela, o investimento, a expans\u00e3o da marca no pa\u00eds, mas sim uma altera\u00e7\u00e3o completa da forma de se fazer neg\u00f3cio no varejo brasileiro\u201d, finaliza.<\/p>\n\n\n<div class=\"wp-block-image\">\n<figure class=\"aligncenter size-full is-resized\"><a href=\"https:\/\/www.facebook.com\/people\/Churrascaria-Espeto-de-Ouro\/61575932105245\/\"><img loading=\"lazy\" decoding=\"async\" width=\"995\" height=\"416\" src=\"https:\/\/jornalfatosenoticias.com.br\/wp-content\/uploads\/2026\/07\/logo-fundo-preto.png\" alt=\"\" class=\"wp-image-68438\" style=\"aspect-ratio:2.3918846769887883;width:519px;height:auto\" srcset=\"https:\/\/jornalfatosenoticias.com.br\/wp-content\/uploads\/2026\/07\/logo-fundo-preto.png 995w, https:\/\/jornalfatosenoticias.com.br\/wp-content\/uploads\/2026\/07\/logo-fundo-preto-300x125.png 300w, https:\/\/jornalfatosenoticias.com.br\/wp-content\/uploads\/2026\/07\/logo-fundo-preto-768x321.png 768w\" sizes=\"auto, (max-width: 995px) 100vw, 995px\" \/><\/a><\/figure>\n<\/div>\n\n\n<p><strong>Fonte: <a href=\"https:\/\/www.gazetadopovo.com.br\/economia\/shein-ipo-bolsa-pressiona-varejo-brasileiro\/\">Gazeta do Povo<\/a><\/strong><\/p>\n","protected":false},"excerpt":{"rendered":"<p>Capta\u00e7\u00e3o de bilh\u00f5es pode refor\u00e7ar expans\u00e3o da gigante chinesa em meio ao cr\u00e9dito caro e \u00e0 crise das empresas brasileiras Por Ricardo Prado A abertura de capital da Shein, prevista para hoje (1.\u00ba), pode dar \u00e0 gigante chinesa bilh\u00f5es de d\u00f3lares para ampliar sua presen\u00e7a no Brasil justamente quando o varejo nacional enfrenta uma crise [&hellip;]<\/p>\n","protected":false},"author":2,"featured_media":69541,"comment_status":"open","ping_status":"open","sticky":false,"template":"","format":"standard","meta":{"footnotes":""},"categories":[9],"tags":[17634,1013,946,3553,17366,30361,19463],"class_list":["post-69540","post","type-post","status-publish","format-standard","has-post-thumbnail","hentry","category-economia","tag-bolsa-de-valores","tag-consumo","tag-investimentos","tag-mercado","tag-recuperacao-judicial","tag-shein","tag-varejo"],"yoast_head":"<!-- This site is optimized with the Yoast SEO plugin v26.5 - https:\/\/yoast.com\/wordpress\/plugins\/seo\/ -->\n<title>Entrada na Bolsa d\u00e1 mais for\u00e7a a gigante chinesa e p\u00f5e varejo brasileiro contra a parede - Jornal Fatos e Not\u00edcias<\/title>\n<meta name=\"robots\" content=\"index, follow, max-snippet:-1, max-image-preview:large, max-video-preview:-1\" \/>\n<link rel=\"canonical\" href=\"https:\/\/jornalfatosenoticias.com.br\/index.php\/2026\/09\/01\/entrada-na-bolsa-da-mais-forca-a-gigante-chinesa-e-poe-varejo-brasileiro-contra-a-parede\/\" \/>\n<meta property=\"og:locale\" content=\"pt_BR\" \/>\n<meta property=\"og:type\" content=\"article\" \/>\n<meta property=\"og:title\" content=\"Entrada na Bolsa d\u00e1 mais for\u00e7a a gigante chinesa e p\u00f5e varejo brasileiro contra a parede - Jornal Fatos e Not\u00edcias\" \/>\n<meta property=\"og:description\" content=\"Capta\u00e7\u00e3o de bilh\u00f5es pode refor\u00e7ar expans\u00e3o da gigante chinesa em meio ao cr\u00e9dito caro e \u00e0 crise das empresas brasileiras Por Ricardo Prado A abertura de capital da Shein, prevista para hoje (1.\u00ba), pode dar \u00e0 gigante chinesa bilh\u00f5es de d\u00f3lares para ampliar sua presen\u00e7a no Brasil justamente quando o varejo nacional enfrenta uma crise [&hellip;]\" \/>\n<meta property=\"og:url\" content=\"https:\/\/jornalfatosenoticias.com.br\/index.php\/2026\/09\/01\/entrada-na-bolsa-da-mais-forca-a-gigante-chinesa-e-poe-varejo-brasileiro-contra-a-parede\/\" \/>\n<meta property=\"og:site_name\" content=\"Jornal Fatos e Not\u00edcias\" \/>\n<meta property=\"article:published_time\" content=\"2026-09-01T21:13:39+00:00\" \/>\n<meta property=\"article:modified_time\" content=\"2026-09-01T21:13:41+00:00\" \/>\n<meta property=\"og:image\" content=\"https:\/\/jornalfatosenoticias.com.br\/wp-content\/uploads\/2026\/09\/shein_gettyimages.jpg\" \/>\n\t<meta property=\"og:image:width\" content=\"612\" \/>\n\t<meta property=\"og:image:height\" content=\"408\" \/>\n\t<meta property=\"og:image:type\" content=\"image\/jpeg\" \/>\n<meta name=\"author\" content=\"Luzimara Fernandes\" \/>\n<meta name=\"twitter:card\" content=\"summary_large_image\" \/>\n<meta name=\"twitter:label1\" content=\"Escrito por\" \/>\n\t<meta name=\"twitter:data1\" content=\"Luzimara Fernandes\" \/>\n\t<meta name=\"twitter:label2\" content=\"Est. tempo de leitura\" \/>\n\t<meta name=\"twitter:data2\" content=\"5 minutos\" \/>\n<script type=\"application\/ld+json\" class=\"yoast-schema-graph\">{\"@context\":\"https:\/\/schema.org\",\"@graph\":[{\"@type\":\"Article\",\"@id\":\"https:\/\/jornalfatosenoticias.com.br\/index.php\/2026\/09\/01\/entrada-na-bolsa-da-mais-forca-a-gigante-chinesa-e-poe-varejo-brasileiro-contra-a-parede\/#article\",\"isPartOf\":{\"@id\":\"https:\/\/jornalfatosenoticias.com.br\/index.php\/2026\/09\/01\/entrada-na-bolsa-da-mais-forca-a-gigante-chinesa-e-poe-varejo-brasileiro-contra-a-parede\/\"},\"author\":{\"name\":\"Luzimara Fernandes\",\"@id\":\"https:\/\/jornalfatosenoticias.com.br\/#\/schema\/person\/d63837fa13ac8666eb9e74e0985d6f81\"},\"headline\":\"Entrada na Bolsa d\u00e1 mais for\u00e7a a gigante chinesa e p\u00f5e varejo brasileiro contra a parede\",\"datePublished\":\"2026-09-01T21:13:39+00:00\",\"dateModified\":\"2026-09-01T21:13:41+00:00\",\"mainEntityOfPage\":{\"@id\":\"https:\/\/jornalfatosenoticias.com.br\/index.php\/2026\/09\/01\/entrada-na-bolsa-da-mais-forca-a-gigante-chinesa-e-poe-varejo-brasileiro-contra-a-parede\/\"},\"wordCount\":889,\"commentCount\":0,\"publisher\":{\"@id\":\"https:\/\/jornalfatosenoticias.com.br\/#organization\"},\"image\":{\"@id\":\"https:\/\/jornalfatosenoticias.com.br\/index.php\/2026\/09\/01\/entrada-na-bolsa-da-mais-forca-a-gigante-chinesa-e-poe-varejo-brasileiro-contra-a-parede\/#primaryimage\"},\"thumbnailUrl\":\"https:\/\/jornalfatosenoticias.com.br\/wp-content\/uploads\/2026\/09\/shein_gettyimages.jpg\",\"keywords\":[\"Bolsa de Valores\",\"consumo\",\"investimentos\",\"mercado\",\"recupera\u00e7\u00e3o judicial\",\"Shein\",\"varejo\"],\"articleSection\":[\"Economia\"],\"inLanguage\":\"pt-BR\",\"potentialAction\":[{\"@type\":\"CommentAction\",\"name\":\"Comment\",\"target\":[\"https:\/\/jornalfatosenoticias.com.br\/index.php\/2026\/09\/01\/entrada-na-bolsa-da-mais-forca-a-gigante-chinesa-e-poe-varejo-brasileiro-contra-a-parede\/#respond\"]}]},{\"@type\":\"WebPage\",\"@id\":\"https:\/\/jornalfatosenoticias.com.br\/index.php\/2026\/09\/01\/entrada-na-bolsa-da-mais-forca-a-gigante-chinesa-e-poe-varejo-brasileiro-contra-a-parede\/\",\"url\":\"https:\/\/jornalfatosenoticias.com.br\/index.php\/2026\/09\/01\/entrada-na-bolsa-da-mais-forca-a-gigante-chinesa-e-poe-varejo-brasileiro-contra-a-parede\/\",\"name\":\"Entrada na Bolsa d\u00e1 mais for\u00e7a a gigante chinesa e p\u00f5e varejo brasileiro contra a parede - Jornal Fatos e Not\u00edcias\",\"isPartOf\":{\"@id\":\"https:\/\/jornalfatosenoticias.com.br\/#website\"},\"primaryImageOfPage\":{\"@id\":\"https:\/\/jornalfatosenoticias.com.br\/index.php\/2026\/09\/01\/entrada-na-bolsa-da-mais-forca-a-gigante-chinesa-e-poe-varejo-brasileiro-contra-a-parede\/#primaryimage\"},\"image\":{\"@id\":\"https:\/\/jornalfatosenoticias.com.br\/index.php\/2026\/09\/01\/entrada-na-bolsa-da-mais-forca-a-gigante-chinesa-e-poe-varejo-brasileiro-contra-a-parede\/#primaryimage\"},\"thumbnailUrl\":\"https:\/\/jornalfatosenoticias.com.br\/wp-content\/uploads\/2026\/09\/shein_gettyimages.jpg\",\"datePublished\":\"2026-09-01T21:13:39+00:00\",\"dateModified\":\"2026-09-01T21:13:41+00:00\",\"breadcrumb\":{\"@id\":\"https:\/\/jornalfatosenoticias.com.br\/index.php\/2026\/09\/01\/entrada-na-bolsa-da-mais-forca-a-gigante-chinesa-e-poe-varejo-brasileiro-contra-a-parede\/#breadcrumb\"},\"inLanguage\":\"pt-BR\",\"potentialAction\":[{\"@type\":\"ReadAction\",\"target\":[\"https:\/\/jornalfatosenoticias.com.br\/index.php\/2026\/09\/01\/entrada-na-bolsa-da-mais-forca-a-gigante-chinesa-e-poe-varejo-brasileiro-contra-a-parede\/\"]}]},{\"@type\":\"ImageObject\",\"inLanguage\":\"pt-BR\",\"@id\":\"https:\/\/jornalfatosenoticias.com.br\/index.php\/2026\/09\/01\/entrada-na-bolsa-da-mais-forca-a-gigante-chinesa-e-poe-varejo-brasileiro-contra-a-parede\/#primaryimage\",\"url\":\"https:\/\/jornalfatosenoticias.com.br\/wp-content\/uploads\/2026\/09\/shein_gettyimages.jpg\",\"contentUrl\":\"https:\/\/jornalfatosenoticias.com.br\/wp-content\/uploads\/2026\/09\/shein_gettyimages.jpg\",\"width\":612,\"height\":408,\"caption\":\"HONG KONG, CHINA - SEPTEMBER 01: Tang Jiacheng, Chairman of the Hong Kong Stock Exchange (center), poses for a photo with guests from Shein International Holdings during the company's listing ceremony on September 1, 2026 in Hong Kong, China. China's Shein (0625) and Mech-Mind Robotics (9615) both opened flat in their Hong Kong debut on Tuesday. (Photo by Zhang Xiangyi\/China News Service\/VCG via Getty Images)\"},{\"@type\":\"BreadcrumbList\",\"@id\":\"https:\/\/jornalfatosenoticias.com.br\/index.php\/2026\/09\/01\/entrada-na-bolsa-da-mais-forca-a-gigante-chinesa-e-poe-varejo-brasileiro-contra-a-parede\/#breadcrumb\",\"itemListElement\":[{\"@type\":\"ListItem\",\"position\":1,\"name\":\"In\u00edcio\",\"item\":\"https:\/\/jornalfatosenoticias.com.br\/\"},{\"@type\":\"ListItem\",\"position\":2,\"name\":\"Entrada na Bolsa d\u00e1 mais for\u00e7a a gigante chinesa e p\u00f5e varejo brasileiro contra a parede\"}]},{\"@type\":\"WebSite\",\"@id\":\"https:\/\/jornalfatosenoticias.com.br\/#website\",\"url\":\"https:\/\/jornalfatosenoticias.com.br\/\",\"name\":\"Jornal Fatos e Not\u00edcias\",\"description\":\"Not\u00edcias em geral\",\"publisher\":{\"@id\":\"https:\/\/jornalfatosenoticias.com.br\/#organization\"},\"potentialAction\":[{\"@type\":\"SearchAction\",\"target\":{\"@type\":\"EntryPoint\",\"urlTemplate\":\"https:\/\/jornalfatosenoticias.com.br\/?s={search_term_string}\"},\"query-input\":{\"@type\":\"PropertyValueSpecification\",\"valueRequired\":true,\"valueName\":\"search_term_string\"}}],\"inLanguage\":\"pt-BR\"},{\"@type\":\"Organization\",\"@id\":\"https:\/\/jornalfatosenoticias.com.br\/#organization\",\"name\":\"Jornal Fatos e Not\u00edcias\",\"url\":\"https:\/\/jornalfatosenoticias.com.br\/\",\"logo\":{\"@type\":\"ImageObject\",\"inLanguage\":\"pt-BR\",\"@id\":\"https:\/\/jornalfatosenoticias.com.br\/#\/schema\/logo\/image\/\",\"url\":\"https:\/\/jornalfatosenoticias.com.br\/wp-content\/uploads\/2020\/02\/logo120.png\",\"contentUrl\":\"https:\/\/jornalfatosenoticias.com.br\/wp-content\/uploads\/2020\/02\/logo120.png\",\"width\":1227,\"height\":120,\"caption\":\"Jornal Fatos e Not\u00edcias\"},\"image\":{\"@id\":\"https:\/\/jornalfatosenoticias.com.br\/#\/schema\/logo\/image\/\"}},{\"@type\":\"Person\",\"@id\":\"https:\/\/jornalfatosenoticias.com.br\/#\/schema\/person\/d63837fa13ac8666eb9e74e0985d6f81\",\"name\":\"Luzimara Fernandes\",\"image\":{\"@type\":\"ImageObject\",\"inLanguage\":\"pt-BR\",\"@id\":\"https:\/\/jornalfatosenoticias.com.br\/#\/schema\/person\/image\/\",\"url\":\"https:\/\/jornalfatosenoticias.com.br\/wp-content\/uploads\/2025\/05\/EU_portal.jpg\",\"contentUrl\":\"https:\/\/jornalfatosenoticias.com.br\/wp-content\/uploads\/2025\/05\/EU_portal.jpg\",\"caption\":\"Luzimara Fernandes\"},\"description\":\"Jornalista MTB 2358-ES\",\"sameAs\":[\"https:\/\/jornalfatosenoticias.com.br\"],\"url\":\"https:\/\/jornalfatosenoticias.com.br\/index.php\/author\/luzimara\/\"}]}<\/script>\n<!-- \/ Yoast SEO plugin. -->","yoast_head_json":{"title":"Entrada na Bolsa d\u00e1 mais for\u00e7a a gigante chinesa e p\u00f5e varejo brasileiro contra a parede - Jornal Fatos e Not\u00edcias","robots":{"index":"index","follow":"follow","max-snippet":"max-snippet:-1","max-image-preview":"max-image-preview:large","max-video-preview":"max-video-preview:-1"},"canonical":"https:\/\/jornalfatosenoticias.com.br\/index.php\/2026\/09\/01\/entrada-na-bolsa-da-mais-forca-a-gigante-chinesa-e-poe-varejo-brasileiro-contra-a-parede\/","og_locale":"pt_BR","og_type":"article","og_title":"Entrada na Bolsa d\u00e1 mais for\u00e7a a gigante chinesa e p\u00f5e varejo brasileiro contra a parede - Jornal Fatos e Not\u00edcias","og_description":"Capta\u00e7\u00e3o de bilh\u00f5es pode refor\u00e7ar expans\u00e3o da gigante chinesa em meio ao cr\u00e9dito caro e \u00e0 crise das empresas brasileiras Por Ricardo Prado A abertura de capital da Shein, prevista para hoje (1.\u00ba), pode dar \u00e0 gigante chinesa bilh\u00f5es de d\u00f3lares para ampliar sua presen\u00e7a no Brasil justamente quando o varejo nacional enfrenta uma crise [&hellip;]","og_url":"https:\/\/jornalfatosenoticias.com.br\/index.php\/2026\/09\/01\/entrada-na-bolsa-da-mais-forca-a-gigante-chinesa-e-poe-varejo-brasileiro-contra-a-parede\/","og_site_name":"Jornal Fatos e Not\u00edcias","article_published_time":"2026-09-01T21:13:39+00:00","article_modified_time":"2026-09-01T21:13:41+00:00","og_image":[{"width":612,"height":408,"url":"https:\/\/jornalfatosenoticias.com.br\/wp-content\/uploads\/2026\/09\/shein_gettyimages.jpg","type":"image\/jpeg"}],"author":"Luzimara Fernandes","twitter_card":"summary_large_image","twitter_misc":{"Escrito por":"Luzimara Fernandes","Est. tempo de leitura":"5 minutos"},"schema":{"@context":"https:\/\/schema.org","@graph":[{"@type":"Article","@id":"https:\/\/jornalfatosenoticias.com.br\/index.php\/2026\/09\/01\/entrada-na-bolsa-da-mais-forca-a-gigante-chinesa-e-poe-varejo-brasileiro-contra-a-parede\/#article","isPartOf":{"@id":"https:\/\/jornalfatosenoticias.com.br\/index.php\/2026\/09\/01\/entrada-na-bolsa-da-mais-forca-a-gigante-chinesa-e-poe-varejo-brasileiro-contra-a-parede\/"},"author":{"name":"Luzimara Fernandes","@id":"https:\/\/jornalfatosenoticias.com.br\/#\/schema\/person\/d63837fa13ac8666eb9e74e0985d6f81"},"headline":"Entrada na Bolsa d\u00e1 mais for\u00e7a a gigante chinesa e p\u00f5e varejo brasileiro contra a parede","datePublished":"2026-09-01T21:13:39+00:00","dateModified":"2026-09-01T21:13:41+00:00","mainEntityOfPage":{"@id":"https:\/\/jornalfatosenoticias.com.br\/index.php\/2026\/09\/01\/entrada-na-bolsa-da-mais-forca-a-gigante-chinesa-e-poe-varejo-brasileiro-contra-a-parede\/"},"wordCount":889,"commentCount":0,"publisher":{"@id":"https:\/\/jornalfatosenoticias.com.br\/#organization"},"image":{"@id":"https:\/\/jornalfatosenoticias.com.br\/index.php\/2026\/09\/01\/entrada-na-bolsa-da-mais-forca-a-gigante-chinesa-e-poe-varejo-brasileiro-contra-a-parede\/#primaryimage"},"thumbnailUrl":"https:\/\/jornalfatosenoticias.com.br\/wp-content\/uploads\/2026\/09\/shein_gettyimages.jpg","keywords":["Bolsa de Valores","consumo","investimentos","mercado","recupera\u00e7\u00e3o judicial","Shein","varejo"],"articleSection":["Economia"],"inLanguage":"pt-BR","potentialAction":[{"@type":"CommentAction","name":"Comment","target":["https:\/\/jornalfatosenoticias.com.br\/index.php\/2026\/09\/01\/entrada-na-bolsa-da-mais-forca-a-gigante-chinesa-e-poe-varejo-brasileiro-contra-a-parede\/#respond"]}]},{"@type":"WebPage","@id":"https:\/\/jornalfatosenoticias.com.br\/index.php\/2026\/09\/01\/entrada-na-bolsa-da-mais-forca-a-gigante-chinesa-e-poe-varejo-brasileiro-contra-a-parede\/","url":"https:\/\/jornalfatosenoticias.com.br\/index.php\/2026\/09\/01\/entrada-na-bolsa-da-mais-forca-a-gigante-chinesa-e-poe-varejo-brasileiro-contra-a-parede\/","name":"Entrada na Bolsa d\u00e1 mais for\u00e7a a gigante chinesa e p\u00f5e varejo brasileiro contra a parede - Jornal Fatos e Not\u00edcias","isPartOf":{"@id":"https:\/\/jornalfatosenoticias.com.br\/#website"},"primaryImageOfPage":{"@id":"https:\/\/jornalfatosenoticias.com.br\/index.php\/2026\/09\/01\/entrada-na-bolsa-da-mais-forca-a-gigante-chinesa-e-poe-varejo-brasileiro-contra-a-parede\/#primaryimage"},"image":{"@id":"https:\/\/jornalfatosenoticias.com.br\/index.php\/2026\/09\/01\/entrada-na-bolsa-da-mais-forca-a-gigante-chinesa-e-poe-varejo-brasileiro-contra-a-parede\/#primaryimage"},"thumbnailUrl":"https:\/\/jornalfatosenoticias.com.br\/wp-content\/uploads\/2026\/09\/shein_gettyimages.jpg","datePublished":"2026-09-01T21:13:39+00:00","dateModified":"2026-09-01T21:13:41+00:00","breadcrumb":{"@id":"https:\/\/jornalfatosenoticias.com.br\/index.php\/2026\/09\/01\/entrada-na-bolsa-da-mais-forca-a-gigante-chinesa-e-poe-varejo-brasileiro-contra-a-parede\/#breadcrumb"},"inLanguage":"pt-BR","potentialAction":[{"@type":"ReadAction","target":["https:\/\/jornalfatosenoticias.com.br\/index.php\/2026\/09\/01\/entrada-na-bolsa-da-mais-forca-a-gigante-chinesa-e-poe-varejo-brasileiro-contra-a-parede\/"]}]},{"@type":"ImageObject","inLanguage":"pt-BR","@id":"https:\/\/jornalfatosenoticias.com.br\/index.php\/2026\/09\/01\/entrada-na-bolsa-da-mais-forca-a-gigante-chinesa-e-poe-varejo-brasileiro-contra-a-parede\/#primaryimage","url":"https:\/\/jornalfatosenoticias.com.br\/wp-content\/uploads\/2026\/09\/shein_gettyimages.jpg","contentUrl":"https:\/\/jornalfatosenoticias.com.br\/wp-content\/uploads\/2026\/09\/shein_gettyimages.jpg","width":612,"height":408,"caption":"HONG KONG, CHINA - SEPTEMBER 01: Tang Jiacheng, Chairman of the Hong Kong Stock Exchange (center), poses for a photo with guests from Shein International Holdings during the company's listing ceremony on September 1, 2026 in Hong Kong, China. China's Shein (0625) and Mech-Mind Robotics (9615) both opened flat in their Hong Kong debut on Tuesday. (Photo by Zhang Xiangyi\/China News Service\/VCG via Getty Images)"},{"@type":"BreadcrumbList","@id":"https:\/\/jornalfatosenoticias.com.br\/index.php\/2026\/09\/01\/entrada-na-bolsa-da-mais-forca-a-gigante-chinesa-e-poe-varejo-brasileiro-contra-a-parede\/#breadcrumb","itemListElement":[{"@type":"ListItem","position":1,"name":"In\u00edcio","item":"https:\/\/jornalfatosenoticias.com.br\/"},{"@type":"ListItem","position":2,"name":"Entrada na Bolsa d\u00e1 mais for\u00e7a a gigante chinesa e p\u00f5e varejo brasileiro contra a parede"}]},{"@type":"WebSite","@id":"https:\/\/jornalfatosenoticias.com.br\/#website","url":"https:\/\/jornalfatosenoticias.com.br\/","name":"Jornal Fatos e Not\u00edcias","description":"Not\u00edcias em geral","publisher":{"@id":"https:\/\/jornalfatosenoticias.com.br\/#organization"},"potentialAction":[{"@type":"SearchAction","target":{"@type":"EntryPoint","urlTemplate":"https:\/\/jornalfatosenoticias.com.br\/?s={search_term_string}"},"query-input":{"@type":"PropertyValueSpecification","valueRequired":true,"valueName":"search_term_string"}}],"inLanguage":"pt-BR"},{"@type":"Organization","@id":"https:\/\/jornalfatosenoticias.com.br\/#organization","name":"Jornal Fatos e Not\u00edcias","url":"https:\/\/jornalfatosenoticias.com.br\/","logo":{"@type":"ImageObject","inLanguage":"pt-BR","@id":"https:\/\/jornalfatosenoticias.com.br\/#\/schema\/logo\/image\/","url":"https:\/\/jornalfatosenoticias.com.br\/wp-content\/uploads\/2020\/02\/logo120.png","contentUrl":"https:\/\/jornalfatosenoticias.com.br\/wp-content\/uploads\/2020\/02\/logo120.png","width":1227,"height":120,"caption":"Jornal Fatos e Not\u00edcias"},"image":{"@id":"https:\/\/jornalfatosenoticias.com.br\/#\/schema\/logo\/image\/"}},{"@type":"Person","@id":"https:\/\/jornalfatosenoticias.com.br\/#\/schema\/person\/d63837fa13ac8666eb9e74e0985d6f81","name":"Luzimara Fernandes","image":{"@type":"ImageObject","inLanguage":"pt-BR","@id":"https:\/\/jornalfatosenoticias.com.br\/#\/schema\/person\/image\/","url":"https:\/\/jornalfatosenoticias.com.br\/wp-content\/uploads\/2025\/05\/EU_portal.jpg","contentUrl":"https:\/\/jornalfatosenoticias.com.br\/wp-content\/uploads\/2025\/05\/EU_portal.jpg","caption":"Luzimara Fernandes"},"description":"Jornalista MTB 2358-ES","sameAs":["https:\/\/jornalfatosenoticias.com.br"],"url":"https:\/\/jornalfatosenoticias.com.br\/index.php\/author\/luzimara\/"}]}},"cc_featured_image_caption":{"caption_text":"(Foto: Getty Images)\r\n","source_text":"","source_url":""},"jetpack_featured_media_url":"https:\/\/jornalfatosenoticias.com.br\/wp-content\/uploads\/2026\/09\/shein_gettyimages.jpg","_links":{"self":[{"href":"https:\/\/jornalfatosenoticias.com.br\/index.php\/wp-json\/wp\/v2\/posts\/69540","targetHints":{"allow":["GET"]}}],"collection":[{"href":"https:\/\/jornalfatosenoticias.com.br\/index.php\/wp-json\/wp\/v2\/posts"}],"about":[{"href":"https:\/\/jornalfatosenoticias.com.br\/index.php\/wp-json\/wp\/v2\/types\/post"}],"author":[{"embeddable":true,"href":"https:\/\/jornalfatosenoticias.com.br\/index.php\/wp-json\/wp\/v2\/users\/2"}],"replies":[{"embeddable":true,"href":"https:\/\/jornalfatosenoticias.com.br\/index.php\/wp-json\/wp\/v2\/comments?post=69540"}],"version-history":[{"count":1,"href":"https:\/\/jornalfatosenoticias.com.br\/index.php\/wp-json\/wp\/v2\/posts\/69540\/revisions"}],"predecessor-version":[{"id":69542,"href":"https:\/\/jornalfatosenoticias.com.br\/index.php\/wp-json\/wp\/v2\/posts\/69540\/revisions\/69542"}],"wp:featuredmedia":[{"embeddable":true,"href":"https:\/\/jornalfatosenoticias.com.br\/index.php\/wp-json\/wp\/v2\/media\/69541"}],"wp:attachment":[{"href":"https:\/\/jornalfatosenoticias.com.br\/index.php\/wp-json\/wp\/v2\/media?parent=69540"}],"wp:term":[{"taxonomy":"category","embeddable":true,"href":"https:\/\/jornalfatosenoticias.com.br\/index.php\/wp-json\/wp\/v2\/categories?post=69540"},{"taxonomy":"post_tag","embeddable":true,"href":"https:\/\/jornalfatosenoticias.com.br\/index.php\/wp-json\/wp\/v2\/tags?post=69540"}],"curies":[{"name":"wp","href":"https:\/\/api.w.org\/{rel}","templated":true}]}}