{"id":69546,"date":"2026-09-01T18:37:15","date_gmt":"2026-09-01T21:37:15","guid":{"rendered":"https:\/\/jornalfatosenoticias.com.br\/?p=69546"},"modified":"2026-09-01T18:37:16","modified_gmt":"2026-09-01T21:37:16","slug":"no-brasil-maioria-esmagadora-dos-jornalistas-assume-ser-de-esquerda","status":"publish","type":"post","link":"https:\/\/jornalfatosenoticias.com.br\/index.php\/2026\/09\/01\/no-brasil-maioria-esmagadora-dos-jornalistas-assume-ser-de-esquerda\/","title":{"rendered":"No Brasil, maioria esmagadora dos jornalistas assume ser de esquerda"},"content":{"rendered":"\n<p><mark style=\"background-color:rgba(0, 0, 0, 0)\" class=\"has-inline-color has-black-color\"><em>Entre os jornalistas filiados a partidos pol\u00edticos, maioria est\u00e1 ligada ao PT<\/em><\/mark><\/p>\n\n\n\n<p><mark style=\"background-color:rgba(0, 0, 0, 0)\" class=\"has-inline-color has-black-color\">Por <\/mark><a href=\"https:\/\/www.gazetadopovo.com.br\/autor\/fabio-calsavara\/\"><strong>Fabio Calsavara<\/strong><\/a><\/p>\n\n\n\n<p>A maioria dos brasileiros se identifica como sendo de direita, mas essa identifica\u00e7\u00e3o continua sendo uma minoria quase residual entre os jornalistas. Essa \u00e9 uma das principais conclus\u00f5es do cruzamento dos dados do Perfil do Jornalista, um levantamento coordenado pela Universidade Federal de Santa Catarina (UFSC), com pesquisas recentes sobre o posicionamento pol\u00edtico da popula\u00e7\u00e3o brasileira.<br>Entre os jornalistas, segundo o levantamento da universidade, a esquerda, centro-esquerda ou at\u00e9 mesmo a extrema-esquerda re\u00fanem, somadas, pelo menos 70% dos profissionais em todos os nove estados analisados pela pesquisa. No Cear\u00e1, esse percentual chega a 90,1%; no Rio de Janeiro, a 87,5%; no Rio Grande do Sul, a 80,5%; no Distrito Federal, a 80,1%; em S\u00e3o Paulo, a 79,9%. As maiores propor\u00e7\u00f5es de jornalistas identificados com a direita ou centro-direita aparecem no Paran\u00e1 e Santa Catarina \u2014 e ainda assim s\u00e3o apenas 6,8% e 6,4%, respectivamente.<br>Considerando os nove estados, a m\u00e9dia \u00e9 de, aproximadamente, 79,7% de jornalistas identificados com a esquerda, contra apenas 4,1% identificados com a direita ou centro-direita. Os estados que est\u00e3o abaixo da m\u00e9dia nacional s\u00e3o Minas Gerais, com 79,5%; Bahia, com 75,6%; Paran\u00e1, com 73,4%; e Santa Catarina, com 70,4% dos jornalistas se identificando como sendo de esquerda.<\/p>\n\n\n<div class=\"wp-block-image\">\n<figure class=\"aligncenter size-large is-resized\"><a href=\"https:\/\/www.instagram.com\/restaurantepegoretti\/\"><img loading=\"lazy\" decoding=\"async\" width=\"1024\" height=\"389\" src=\"https:\/\/jornalfatosenoticias.com.br\/wp-content\/uploads\/2023\/12\/pegoretti-logo-pdf-1024x389.jpg\" alt=\"\" class=\"wp-image-47536\" style=\"aspect-ratio:2.632455195377534;width:461px;height:auto\" srcset=\"https:\/\/jornalfatosenoticias.com.br\/wp-content\/uploads\/2023\/12\/pegoretti-logo-pdf-1024x389.jpg 1024w, https:\/\/jornalfatosenoticias.com.br\/wp-content\/uploads\/2023\/12\/pegoretti-logo-pdf-300x114.jpg 300w, https:\/\/jornalfatosenoticias.com.br\/wp-content\/uploads\/2023\/12\/pegoretti-logo-pdf-768x291.jpg 768w, https:\/\/jornalfatosenoticias.com.br\/wp-content\/uploads\/2023\/12\/pegoretti-logo-pdf.jpg 1120w\" sizes=\"auto, (max-width: 1024px) 100vw, 1024px\" \/><\/a><\/figure>\n<\/div>\n\n\n<p><strong><mark style=\"background-color:rgba(0, 0, 0, 0)\" class=\"has-inline-color has-black-color\">Dados da UFSC contrastam com pesquisas do Senado e Datafolha<br><\/mark><\/strong>O contraste com o conjunto da popula\u00e7\u00e3o \u00e9 expressivo. Uma pesquisa do Instituto Datafolha realizada com 2.004 eleitores em 139 munic\u00edpios brasileiros entre 17 e 18 de junho de 2026 apontou que 44% dos brasileiros se identificavam com a direita ou centro-direita, enquanto 39% se colocavam \u00e0 esquerda ou centro-esquerda. Os restantes se posicionavam no centro.<br>Outro levantamento, <a href=\"https:\/\/www2.senado.leg.br\/bdsf\/bitstream\/handle\/id\/816339\/Panorama_politico_2024_posicionamento_politico_brasileiro_09-2024.pdf?isAllowed=y&amp;sequence=1&amp;utm_source=chatgpt.com\" target=\"_blank\" rel=\"noreferrer noopener\">feito pelo\u00a0DataSenado<\/a> em 2024 com mais de 21,8 mil entrevistados, encontrou um eleitorado no qual a direita superava a esquerda em todos os nove estados que aparecem no levantamento da UFSC. No Paran\u00e1, por exemplo, 36% dos entrevistados se declararam de direita, contra 11% de esquerda. Em Santa Catarina, eram 37% contra 10%. Em S\u00e3o Paulo, 30% contra 16%. No Cear\u00e1, mesmo um dos estados com maior propor\u00e7\u00e3o de eleitores de esquerda, a direita aparecia com 23%, contra 17% de esquerda.<br>O perfil pol\u00edtico dos jornalistas n\u00e3o acompanha a distribui\u00e7\u00e3o ideol\u00f3gica encontrada entre os cidad\u00e3os em nenhum dos estados cobertos pela pesquisa da UFSC. No Cear\u00e1, por exemplo, onde 23% da popula\u00e7\u00e3o se declarava de direita em 2024 segundo o DataSenado, apenas 0,8% dos jornalistas pesquisados pela universidade se identificavam com esse campo. No Paran\u00e1, a diferen\u00e7a tamb\u00e9m \u00e9 grande: 36% da popula\u00e7\u00e3o se dizia de direita, contra 6,8% dos jornalistas.<\/p>\n\n\n<div class=\"wp-block-image\">\n<figure class=\"aligncenter size-full is-resized\"><a href=\"https:\/\/premiertemperos.com.br\/novo\/\"><img loading=\"lazy\" decoding=\"async\" width=\"851\" height=\"315\" src=\"https:\/\/jornalfatosenoticias.com.br\/wp-content\/uploads\/2020\/02\/logo-Premier-Temperos.png\" alt=\"\" class=\"wp-image-64452\" style=\"aspect-ratio:2.701643298658224;width:597px;height:auto\" srcset=\"https:\/\/jornalfatosenoticias.com.br\/wp-content\/uploads\/2020\/02\/logo-Premier-Temperos.png 851w, https:\/\/jornalfatosenoticias.com.br\/wp-content\/uploads\/2020\/02\/logo-Premier-Temperos-300x111.png 300w, https:\/\/jornalfatosenoticias.com.br\/wp-content\/uploads\/2020\/02\/logo-Premier-Temperos-768x284.png 768w\" sizes=\"auto, (max-width: 851px) 100vw, 851px\" \/><\/a><\/figure>\n<\/div>\n\n\n<p>Os n\u00fameros n\u00e3o significam que quatro em cada cinco jornalistas sejam filiados a partidos de esquerda, como bem detalha o levantamento da UFSC. Em todos os estados pesquisados no Perfil dos Jornalistas, pelo menos 80% dos profissionais n\u00e3o s\u00e3o filiados a partidos pol\u00edticos. Ainda assim, entre aqueles que vincularam seus nomes \u00e0s agremia\u00e7\u00f5es, o partido mais escolhido \u00e9 o PT \u2013 a exce\u00e7\u00e3o \u00e9 a Bahia, onde as filia\u00e7\u00f5es petistas perdem apenas para aquelas feitas no PCdoB.<br>Os n\u00fameros mais recentes do Perfil dos Jornalistas da UFSC, levantados em nove estados, seguem uma tend\u00eancia que havia sido registrada em n\u00edvel nacional em 2022. Naquele ano, a pesquisa mostrou que a maioria esmagadora (81%) dos que responderam sobre convic\u00e7\u00f5es pol\u00edticas se declararam de esquerda (52,8%) ou centro-esquerda (29%). Por outro lado, apenas 4% dos jornalistas disseram ter posicionamento mais \u00e0 direita (sendo 1,4% de direita e 2,5% de centro-direita). At\u00e9 mesmo os que se identificam como extrema-esquerda (2%) superam os que os que se dizem de direita. Apenas 0,1% classificam-se como de extrema-direita.<\/p>\n\n\n<div class=\"wp-block-image\">\n<figure class=\"aligncenter size-full\"><a href=\"https:\/\/www.cesconetto.com.br\/\"><img loading=\"lazy\" decoding=\"async\" width=\"300\" height=\"250\" src=\"https:\/\/jornalfatosenoticias.com.br\/wp-content\/uploads\/2020\/02\/Banner-2.png\" alt=\"\" class=\"wp-image-43787\"\/><\/a><\/figure>\n<\/div>\n\n\n<p><mark style=\"background-color:rgba(0, 0, 0, 0)\" class=\"has-inline-color has-black-color\"><strong>Alinhamento \u00e0 esquerda tamb\u00e9m aparece em dados do TSE<br><\/strong><\/mark>Os jornalistas est\u00e3o entre as profiss\u00f5es com mais candidatos por partidos de esquerda no Brasil. Um <a href=\"https:\/\/www.gazetadopovo.com.br\/ideias\/maioria-dos-professores-candidatos-e-de-esquerda-veja-a-lista\/\" target=\"_blank\" rel=\"noreferrer noopener\">levantamento feito pela\u00a0<strong>Gazeta do Povo<\/strong><\/a> com as mais de 20 mil candidaturas registradas junto ao Tribunal Superior Eleitoral (TSE) mostra que 28,1% dos jornalistas candidatos s\u00e3o filiados a partidos de esquerda, contra 15,1% candidatos por partidos de direita. No campo da esquerda, os partidos que mais atraem os candidatos jornalistas s\u00e3o, nessa ordem, PDT (26), PSB (23), PSOL (16) e PT (15). Na direita, o Novo (27), PL (22) e Miss\u00e3o (4) registram mais candidaturas.<\/p>\n\n\n<div class=\"wp-block-image\">\n<figure class=\"aligncenter size-full is-resized\"><a href=\"https:\/\/www.instagram.com\/alhoroxao\/\"><img loading=\"lazy\" decoding=\"async\" width=\"960\" height=\"365\" src=\"https:\/\/jornalfatosenoticias.com.br\/wp-content\/uploads\/2026\/01\/logo-alho-Roxao.png\" alt=\"\" class=\"wp-image-64448\" style=\"aspect-ratio:2.6302153131421426;width:544px;height:auto\" srcset=\"https:\/\/jornalfatosenoticias.com.br\/wp-content\/uploads\/2026\/01\/logo-alho-Roxao.png 960w, https:\/\/jornalfatosenoticias.com.br\/wp-content\/uploads\/2026\/01\/logo-alho-Roxao-300x114.png 300w, https:\/\/jornalfatosenoticias.com.br\/wp-content\/uploads\/2026\/01\/logo-alho-Roxao-768x292.png 768w\" sizes=\"auto, (max-width: 960px) 100vw, 960px\" \/><\/a><\/figure>\n<\/div>\n\n\n<p><strong>Fonte: <a href=\"https:\/\/www.gazetadopovo.com.br\/ideias\/no-brasil-maioria-esmagadora-dos-jornalistas-assume-ser-de-esquerda-veja-numeros\/\">Gazeta do Povo<\/a><\/strong><\/p>\n","protected":false},"excerpt":{"rendered":"<p>Entre os jornalistas filiados a partidos pol\u00edticos, maioria est\u00e1 ligada ao PT Por Fabio Calsavara A maioria dos brasileiros se identifica como sendo de direita, mas essa identifica\u00e7\u00e3o continua sendo uma minoria quase residual entre os jornalistas. Essa \u00e9 uma das principais conclus\u00f5es do cruzamento dos dados do Perfil do Jornalista, um levantamento coordenado pela [&hellip;]<\/p>\n","protected":false},"author":2,"featured_media":69547,"comment_status":"open","ping_status":"open","sticky":false,"template":"","format":"standard","meta":{"footnotes":""},"categories":[10],"tags":[19381,1245,23021,876,1514,425,27877],"class_list":["post-69546","post","type-post","status-publish","format-standard","has-post-thumbnail","hentry","category-politica","tag-esquerdistas","tag-ideologias","tag-jornalistas","tag-pesquisas","tag-tse","tag-universidade","tag-vies-ideologico"],"yoast_head":"<!-- This site is optimized with the Yoast SEO plugin v26.5 - https:\/\/yoast.com\/wordpress\/plugins\/seo\/ -->\n<title>No Brasil, maioria esmagadora dos jornalistas assume ser de esquerda - Jornal Fatos e Not\u00edcias<\/title>\n<meta name=\"robots\" content=\"index, follow, max-snippet:-1, max-image-preview:large, max-video-preview:-1\" \/>\n<link rel=\"canonical\" href=\"https:\/\/jornalfatosenoticias.com.br\/index.php\/2026\/09\/01\/no-brasil-maioria-esmagadora-dos-jornalistas-assume-ser-de-esquerda\/\" \/>\n<meta property=\"og:locale\" content=\"pt_BR\" \/>\n<meta property=\"og:type\" content=\"article\" \/>\n<meta property=\"og:title\" content=\"No Brasil, maioria esmagadora dos jornalistas assume ser de esquerda - Jornal Fatos e Not\u00edcias\" \/>\n<meta property=\"og:description\" content=\"Entre os jornalistas filiados a partidos pol\u00edticos, maioria est\u00e1 ligada ao PT Por Fabio Calsavara A maioria dos brasileiros se identifica como sendo de direita, mas essa identifica\u00e7\u00e3o continua sendo uma minoria quase residual entre os jornalistas. Essa \u00e9 uma das principais conclus\u00f5es do cruzamento dos dados do Perfil do Jornalista, um levantamento coordenado pela [&hellip;]\" \/>\n<meta property=\"og:url\" content=\"https:\/\/jornalfatosenoticias.com.br\/index.php\/2026\/09\/01\/no-brasil-maioria-esmagadora-dos-jornalistas-assume-ser-de-esquerda\/\" \/>\n<meta property=\"og:site_name\" content=\"Jornal Fatos e Not\u00edcias\" \/>\n<meta property=\"article:published_time\" content=\"2026-09-01T21:37:15+00:00\" \/>\n<meta property=\"article:modified_time\" content=\"2026-09-01T21:37:16+00:00\" \/>\n<meta property=\"og:image\" content=\"https:\/\/jornalfatosenoticias.com.br\/wp-content\/uploads\/2026\/09\/pt.jpg\" \/>\n\t<meta property=\"og:image:width\" content=\"960\" \/>\n\t<meta property=\"og:image:height\" content=\"540\" \/>\n\t<meta property=\"og:image:type\" content=\"image\/jpeg\" \/>\n<meta name=\"author\" content=\"Luzimara Fernandes\" \/>\n<meta name=\"twitter:card\" content=\"summary_large_image\" \/>\n<meta name=\"twitter:label1\" content=\"Escrito por\" \/>\n\t<meta name=\"twitter:data1\" content=\"Luzimara Fernandes\" \/>\n\t<meta name=\"twitter:label2\" content=\"Est. tempo de leitura\" \/>\n\t<meta name=\"twitter:data2\" content=\"5 minutos\" \/>\n<script type=\"application\/ld+json\" class=\"yoast-schema-graph\">{\"@context\":\"https:\/\/schema.org\",\"@graph\":[{\"@type\":\"Article\",\"@id\":\"https:\/\/jornalfatosenoticias.com.br\/index.php\/2026\/09\/01\/no-brasil-maioria-esmagadora-dos-jornalistas-assume-ser-de-esquerda\/#article\",\"isPartOf\":{\"@id\":\"https:\/\/jornalfatosenoticias.com.br\/index.php\/2026\/09\/01\/no-brasil-maioria-esmagadora-dos-jornalistas-assume-ser-de-esquerda\/\"},\"author\":{\"name\":\"Luzimara Fernandes\",\"@id\":\"https:\/\/jornalfatosenoticias.com.br\/#\/schema\/person\/d63837fa13ac8666eb9e74e0985d6f81\"},\"headline\":\"No Brasil, maioria esmagadora dos jornalistas assume ser de esquerda\",\"datePublished\":\"2026-09-01T21:37:15+00:00\",\"dateModified\":\"2026-09-01T21:37:16+00:00\",\"mainEntityOfPage\":{\"@id\":\"https:\/\/jornalfatosenoticias.com.br\/index.php\/2026\/09\/01\/no-brasil-maioria-esmagadora-dos-jornalistas-assume-ser-de-esquerda\/\"},\"wordCount\":701,\"commentCount\":0,\"publisher\":{\"@id\":\"https:\/\/jornalfatosenoticias.com.br\/#organization\"},\"image\":{\"@id\":\"https:\/\/jornalfatosenoticias.com.br\/index.php\/2026\/09\/01\/no-brasil-maioria-esmagadora-dos-jornalistas-assume-ser-de-esquerda\/#primaryimage\"},\"thumbnailUrl\":\"https:\/\/jornalfatosenoticias.com.br\/wp-content\/uploads\/2026\/09\/pt.jpg\",\"keywords\":[\"esquerdistas\",\"ideologias\",\"jornalistas\",\"pesquisas\",\"TSE\",\"Universidade\",\"vi\u00e9s ideol\u00f3gico\"],\"articleSection\":[\"Pol\u00edtica\"],\"inLanguage\":\"pt-BR\",\"potentialAction\":[{\"@type\":\"CommentAction\",\"name\":\"Comment\",\"target\":[\"https:\/\/jornalfatosenoticias.com.br\/index.php\/2026\/09\/01\/no-brasil-maioria-esmagadora-dos-jornalistas-assume-ser-de-esquerda\/#respond\"]}]},{\"@type\":\"WebPage\",\"@id\":\"https:\/\/jornalfatosenoticias.com.br\/index.php\/2026\/09\/01\/no-brasil-maioria-esmagadora-dos-jornalistas-assume-ser-de-esquerda\/\",\"url\":\"https:\/\/jornalfatosenoticias.com.br\/index.php\/2026\/09\/01\/no-brasil-maioria-esmagadora-dos-jornalistas-assume-ser-de-esquerda\/\",\"name\":\"No Brasil, maioria esmagadora dos jornalistas assume ser de esquerda - Jornal Fatos e Not\u00edcias\",\"isPartOf\":{\"@id\":\"https:\/\/jornalfatosenoticias.com.br\/#website\"},\"primaryImageOfPage\":{\"@id\":\"https:\/\/jornalfatosenoticias.com.br\/index.php\/2026\/09\/01\/no-brasil-maioria-esmagadora-dos-jornalistas-assume-ser-de-esquerda\/#primaryimage\"},\"image\":{\"@id\":\"https:\/\/jornalfatosenoticias.com.br\/index.php\/2026\/09\/01\/no-brasil-maioria-esmagadora-dos-jornalistas-assume-ser-de-esquerda\/#primaryimage\"},\"thumbnailUrl\":\"https:\/\/jornalfatosenoticias.com.br\/wp-content\/uploads\/2026\/09\/pt.jpg\",\"datePublished\":\"2026-09-01T21:37:15+00:00\",\"dateModified\":\"2026-09-01T21:37:16+00:00\",\"breadcrumb\":{\"@id\":\"https:\/\/jornalfatosenoticias.com.br\/index.php\/2026\/09\/01\/no-brasil-maioria-esmagadora-dos-jornalistas-assume-ser-de-esquerda\/#breadcrumb\"},\"inLanguage\":\"pt-BR\",\"potentialAction\":[{\"@type\":\"ReadAction\",\"target\":[\"https:\/\/jornalfatosenoticias.com.br\/index.php\/2026\/09\/01\/no-brasil-maioria-esmagadora-dos-jornalistas-assume-ser-de-esquerda\/\"]}]},{\"@type\":\"ImageObject\",\"inLanguage\":\"pt-BR\",\"@id\":\"https:\/\/jornalfatosenoticias.com.br\/index.php\/2026\/09\/01\/no-brasil-maioria-esmagadora-dos-jornalistas-assume-ser-de-esquerda\/#primaryimage\",\"url\":\"https:\/\/jornalfatosenoticias.com.br\/wp-content\/uploads\/2026\/09\/pt.jpg\",\"contentUrl\":\"https:\/\/jornalfatosenoticias.com.br\/wp-content\/uploads\/2026\/09\/pt.jpg\",\"width\":960,\"height\":540},{\"@type\":\"BreadcrumbList\",\"@id\":\"https:\/\/jornalfatosenoticias.com.br\/index.php\/2026\/09\/01\/no-brasil-maioria-esmagadora-dos-jornalistas-assume-ser-de-esquerda\/#breadcrumb\",\"itemListElement\":[{\"@type\":\"ListItem\",\"position\":1,\"name\":\"In\u00edcio\",\"item\":\"https:\/\/jornalfatosenoticias.com.br\/\"},{\"@type\":\"ListItem\",\"position\":2,\"name\":\"No Brasil, maioria esmagadora dos jornalistas assume ser de esquerda\"}]},{\"@type\":\"WebSite\",\"@id\":\"https:\/\/jornalfatosenoticias.com.br\/#website\",\"url\":\"https:\/\/jornalfatosenoticias.com.br\/\",\"name\":\"Jornal Fatos e Not\u00edcias\",\"description\":\"Not\u00edcias em geral\",\"publisher\":{\"@id\":\"https:\/\/jornalfatosenoticias.com.br\/#organization\"},\"potentialAction\":[{\"@type\":\"SearchAction\",\"target\":{\"@type\":\"EntryPoint\",\"urlTemplate\":\"https:\/\/jornalfatosenoticias.com.br\/?s={search_term_string}\"},\"query-input\":{\"@type\":\"PropertyValueSpecification\",\"valueRequired\":true,\"valueName\":\"search_term_string\"}}],\"inLanguage\":\"pt-BR\"},{\"@type\":\"Organization\",\"@id\":\"https:\/\/jornalfatosenoticias.com.br\/#organization\",\"name\":\"Jornal Fatos e Not\u00edcias\",\"url\":\"https:\/\/jornalfatosenoticias.com.br\/\",\"logo\":{\"@type\":\"ImageObject\",\"inLanguage\":\"pt-BR\",\"@id\":\"https:\/\/jornalfatosenoticias.com.br\/#\/schema\/logo\/image\/\",\"url\":\"https:\/\/jornalfatosenoticias.com.br\/wp-content\/uploads\/2020\/02\/logo120.png\",\"contentUrl\":\"https:\/\/jornalfatosenoticias.com.br\/wp-content\/uploads\/2020\/02\/logo120.png\",\"width\":1227,\"height\":120,\"caption\":\"Jornal Fatos e Not\u00edcias\"},\"image\":{\"@id\":\"https:\/\/jornalfatosenoticias.com.br\/#\/schema\/logo\/image\/\"}},{\"@type\":\"Person\",\"@id\":\"https:\/\/jornalfatosenoticias.com.br\/#\/schema\/person\/d63837fa13ac8666eb9e74e0985d6f81\",\"name\":\"Luzimara Fernandes\",\"image\":{\"@type\":\"ImageObject\",\"inLanguage\":\"pt-BR\",\"@id\":\"https:\/\/jornalfatosenoticias.com.br\/#\/schema\/person\/image\/\",\"url\":\"https:\/\/jornalfatosenoticias.com.br\/wp-content\/uploads\/2025\/05\/EU_portal.jpg\",\"contentUrl\":\"https:\/\/jornalfatosenoticias.com.br\/wp-content\/uploads\/2025\/05\/EU_portal.jpg\",\"caption\":\"Luzimara Fernandes\"},\"description\":\"Jornalista MTB 2358-ES\",\"sameAs\":[\"https:\/\/jornalfatosenoticias.com.br\"],\"url\":\"https:\/\/jornalfatosenoticias.com.br\/index.php\/author\/luzimara\/\"}]}<\/script>\n<!-- \/ Yoast SEO plugin. -->","yoast_head_json":{"title":"No Brasil, maioria esmagadora dos jornalistas assume ser de esquerda - Jornal Fatos e Not\u00edcias","robots":{"index":"index","follow":"follow","max-snippet":"max-snippet:-1","max-image-preview":"max-image-preview:large","max-video-preview":"max-video-preview:-1"},"canonical":"https:\/\/jornalfatosenoticias.com.br\/index.php\/2026\/09\/01\/no-brasil-maioria-esmagadora-dos-jornalistas-assume-ser-de-esquerda\/","og_locale":"pt_BR","og_type":"article","og_title":"No Brasil, maioria esmagadora dos jornalistas assume ser de esquerda - Jornal Fatos e Not\u00edcias","og_description":"Entre os jornalistas filiados a partidos pol\u00edticos, maioria est\u00e1 ligada ao PT Por Fabio Calsavara A maioria dos brasileiros se identifica como sendo de direita, mas essa identifica\u00e7\u00e3o continua sendo uma minoria quase residual entre os jornalistas. Essa \u00e9 uma das principais conclus\u00f5es do cruzamento dos dados do Perfil do Jornalista, um levantamento coordenado pela [&hellip;]","og_url":"https:\/\/jornalfatosenoticias.com.br\/index.php\/2026\/09\/01\/no-brasil-maioria-esmagadora-dos-jornalistas-assume-ser-de-esquerda\/","og_site_name":"Jornal Fatos e Not\u00edcias","article_published_time":"2026-09-01T21:37:15+00:00","article_modified_time":"2026-09-01T21:37:16+00:00","og_image":[{"width":960,"height":540,"url":"https:\/\/jornalfatosenoticias.com.br\/wp-content\/uploads\/2026\/09\/pt.jpg","type":"image\/jpeg"}],"author":"Luzimara Fernandes","twitter_card":"summary_large_image","twitter_misc":{"Escrito por":"Luzimara Fernandes","Est. tempo de leitura":"5 minutos"},"schema":{"@context":"https:\/\/schema.org","@graph":[{"@type":"Article","@id":"https:\/\/jornalfatosenoticias.com.br\/index.php\/2026\/09\/01\/no-brasil-maioria-esmagadora-dos-jornalistas-assume-ser-de-esquerda\/#article","isPartOf":{"@id":"https:\/\/jornalfatosenoticias.com.br\/index.php\/2026\/09\/01\/no-brasil-maioria-esmagadora-dos-jornalistas-assume-ser-de-esquerda\/"},"author":{"name":"Luzimara Fernandes","@id":"https:\/\/jornalfatosenoticias.com.br\/#\/schema\/person\/d63837fa13ac8666eb9e74e0985d6f81"},"headline":"No Brasil, maioria esmagadora dos jornalistas assume ser de esquerda","datePublished":"2026-09-01T21:37:15+00:00","dateModified":"2026-09-01T21:37:16+00:00","mainEntityOfPage":{"@id":"https:\/\/jornalfatosenoticias.com.br\/index.php\/2026\/09\/01\/no-brasil-maioria-esmagadora-dos-jornalistas-assume-ser-de-esquerda\/"},"wordCount":701,"commentCount":0,"publisher":{"@id":"https:\/\/jornalfatosenoticias.com.br\/#organization"},"image":{"@id":"https:\/\/jornalfatosenoticias.com.br\/index.php\/2026\/09\/01\/no-brasil-maioria-esmagadora-dos-jornalistas-assume-ser-de-esquerda\/#primaryimage"},"thumbnailUrl":"https:\/\/jornalfatosenoticias.com.br\/wp-content\/uploads\/2026\/09\/pt.jpg","keywords":["esquerdistas","ideologias","jornalistas","pesquisas","TSE","Universidade","vi\u00e9s ideol\u00f3gico"],"articleSection":["Pol\u00edtica"],"inLanguage":"pt-BR","potentialAction":[{"@type":"CommentAction","name":"Comment","target":["https:\/\/jornalfatosenoticias.com.br\/index.php\/2026\/09\/01\/no-brasil-maioria-esmagadora-dos-jornalistas-assume-ser-de-esquerda\/#respond"]}]},{"@type":"WebPage","@id":"https:\/\/jornalfatosenoticias.com.br\/index.php\/2026\/09\/01\/no-brasil-maioria-esmagadora-dos-jornalistas-assume-ser-de-esquerda\/","url":"https:\/\/jornalfatosenoticias.com.br\/index.php\/2026\/09\/01\/no-brasil-maioria-esmagadora-dos-jornalistas-assume-ser-de-esquerda\/","name":"No Brasil, maioria esmagadora dos jornalistas assume ser de esquerda - Jornal Fatos e Not\u00edcias","isPartOf":{"@id":"https:\/\/jornalfatosenoticias.com.br\/#website"},"primaryImageOfPage":{"@id":"https:\/\/jornalfatosenoticias.com.br\/index.php\/2026\/09\/01\/no-brasil-maioria-esmagadora-dos-jornalistas-assume-ser-de-esquerda\/#primaryimage"},"image":{"@id":"https:\/\/jornalfatosenoticias.com.br\/index.php\/2026\/09\/01\/no-brasil-maioria-esmagadora-dos-jornalistas-assume-ser-de-esquerda\/#primaryimage"},"thumbnailUrl":"https:\/\/jornalfatosenoticias.com.br\/wp-content\/uploads\/2026\/09\/pt.jpg","datePublished":"2026-09-01T21:37:15+00:00","dateModified":"2026-09-01T21:37:16+00:00","breadcrumb":{"@id":"https:\/\/jornalfatosenoticias.com.br\/index.php\/2026\/09\/01\/no-brasil-maioria-esmagadora-dos-jornalistas-assume-ser-de-esquerda\/#breadcrumb"},"inLanguage":"pt-BR","potentialAction":[{"@type":"ReadAction","target":["https:\/\/jornalfatosenoticias.com.br\/index.php\/2026\/09\/01\/no-brasil-maioria-esmagadora-dos-jornalistas-assume-ser-de-esquerda\/"]}]},{"@type":"ImageObject","inLanguage":"pt-BR","@id":"https:\/\/jornalfatosenoticias.com.br\/index.php\/2026\/09\/01\/no-brasil-maioria-esmagadora-dos-jornalistas-assume-ser-de-esquerda\/#primaryimage","url":"https:\/\/jornalfatosenoticias.com.br\/wp-content\/uploads\/2026\/09\/pt.jpg","contentUrl":"https:\/\/jornalfatosenoticias.com.br\/wp-content\/uploads\/2026\/09\/pt.jpg","width":960,"height":540},{"@type":"BreadcrumbList","@id":"https:\/\/jornalfatosenoticias.com.br\/index.php\/2026\/09\/01\/no-brasil-maioria-esmagadora-dos-jornalistas-assume-ser-de-esquerda\/#breadcrumb","itemListElement":[{"@type":"ListItem","position":1,"name":"In\u00edcio","item":"https:\/\/jornalfatosenoticias.com.br\/"},{"@type":"ListItem","position":2,"name":"No Brasil, maioria esmagadora dos jornalistas assume ser de esquerda"}]},{"@type":"WebSite","@id":"https:\/\/jornalfatosenoticias.com.br\/#website","url":"https:\/\/jornalfatosenoticias.com.br\/","name":"Jornal Fatos e Not\u00edcias","description":"Not\u00edcias em geral","publisher":{"@id":"https:\/\/jornalfatosenoticias.com.br\/#organization"},"potentialAction":[{"@type":"SearchAction","target":{"@type":"EntryPoint","urlTemplate":"https:\/\/jornalfatosenoticias.com.br\/?s={search_term_string}"},"query-input":{"@type":"PropertyValueSpecification","valueRequired":true,"valueName":"search_term_string"}}],"inLanguage":"pt-BR"},{"@type":"Organization","@id":"https:\/\/jornalfatosenoticias.com.br\/#organization","name":"Jornal Fatos e Not\u00edcias","url":"https:\/\/jornalfatosenoticias.com.br\/","logo":{"@type":"ImageObject","inLanguage":"pt-BR","@id":"https:\/\/jornalfatosenoticias.com.br\/#\/schema\/logo\/image\/","url":"https:\/\/jornalfatosenoticias.com.br\/wp-content\/uploads\/2020\/02\/logo120.png","contentUrl":"https:\/\/jornalfatosenoticias.com.br\/wp-content\/uploads\/2020\/02\/logo120.png","width":1227,"height":120,"caption":"Jornal Fatos e Not\u00edcias"},"image":{"@id":"https:\/\/jornalfatosenoticias.com.br\/#\/schema\/logo\/image\/"}},{"@type":"Person","@id":"https:\/\/jornalfatosenoticias.com.br\/#\/schema\/person\/d63837fa13ac8666eb9e74e0985d6f81","name":"Luzimara Fernandes","image":{"@type":"ImageObject","inLanguage":"pt-BR","@id":"https:\/\/jornalfatosenoticias.com.br\/#\/schema\/person\/image\/","url":"https:\/\/jornalfatosenoticias.com.br\/wp-content\/uploads\/2025\/05\/EU_portal.jpg","contentUrl":"https:\/\/jornalfatosenoticias.com.br\/wp-content\/uploads\/2025\/05\/EU_portal.jpg","caption":"Luzimara Fernandes"},"description":"Jornalista MTB 2358-ES","sameAs":["https:\/\/jornalfatosenoticias.com.br"],"url":"https:\/\/jornalfatosenoticias.com.br\/index.php\/author\/luzimara\/"}]}},"cc_featured_image_caption":{"caption_text":"(Foto: Ricardo Stuckert\/PT)","source_text":"","source_url":""},"jetpack_featured_media_url":"https:\/\/jornalfatosenoticias.com.br\/wp-content\/uploads\/2026\/09\/pt.jpg","_links":{"self":[{"href":"https:\/\/jornalfatosenoticias.com.br\/index.php\/wp-json\/wp\/v2\/posts\/69546","targetHints":{"allow":["GET"]}}],"collection":[{"href":"https:\/\/jornalfatosenoticias.com.br\/index.php\/wp-json\/wp\/v2\/posts"}],"about":[{"href":"https:\/\/jornalfatosenoticias.com.br\/index.php\/wp-json\/wp\/v2\/types\/post"}],"author":[{"embeddable":true,"href":"https:\/\/jornalfatosenoticias.com.br\/index.php\/wp-json\/wp\/v2\/users\/2"}],"replies":[{"embeddable":true,"href":"https:\/\/jornalfatosenoticias.com.br\/index.php\/wp-json\/wp\/v2\/comments?post=69546"}],"version-history":[{"count":1,"href":"https:\/\/jornalfatosenoticias.com.br\/index.php\/wp-json\/wp\/v2\/posts\/69546\/revisions"}],"predecessor-version":[{"id":69548,"href":"https:\/\/jornalfatosenoticias.com.br\/index.php\/wp-json\/wp\/v2\/posts\/69546\/revisions\/69548"}],"wp:featuredmedia":[{"embeddable":true,"href":"https:\/\/jornalfatosenoticias.com.br\/index.php\/wp-json\/wp\/v2\/media\/69547"}],"wp:attachment":[{"href":"https:\/\/jornalfatosenoticias.com.br\/index.php\/wp-json\/wp\/v2\/media?parent=69546"}],"wp:term":[{"taxonomy":"category","embeddable":true,"href":"https:\/\/jornalfatosenoticias.com.br\/index.php\/wp-json\/wp\/v2\/categories?post=69546"},{"taxonomy":"post_tag","embeddable":true,"href":"https:\/\/jornalfatosenoticias.com.br\/index.php\/wp-json\/wp\/v2\/tags?post=69546"}],"curies":[{"name":"wp","href":"https:\/\/api.w.org\/{rel}","templated":true}]}}