{"id":69549,"date":"2026-09-01T18:50:04","date_gmt":"2026-09-01T21:50:04","guid":{"rendered":"https:\/\/jornalfatosenoticias.com.br\/?p=69549"},"modified":"2026-09-01T18:50:05","modified_gmt":"2026-09-01T21:50:05","slug":"oposicao-articula-impeachment-de-moraes-no-congresso-e-fala-em-colocar-alcolumbre-sob-pressao","status":"publish","type":"post","link":"https:\/\/jornalfatosenoticias.com.br\/index.php\/2026\/09\/01\/oposicao-articula-impeachment-de-moraes-no-congresso-e-fala-em-colocar-alcolumbre-sob-pressao\/","title":{"rendered":"Oposi\u00e7\u00e3o articula impeachment de Moraes no Congresso e fala em colocar Alcolumbre sob press\u00e3o"},"content":{"rendered":"\n<p><em><mark style=\"background-color:rgba(0, 0, 0, 0)\" class=\"has-inline-color has-black-color\">Ministro Alexandre de Moraes, em sess\u00e3o da Primeira Turma do STF<\/mark><\/em><\/p>\n\n\n\n<p><mark style=\"background-color:rgba(0, 0, 0, 0)\" class=\"has-inline-color has-black-color\">Por <strong><a href=\"https:\/\/www.gazetadopovo.com.br\/autor\/hermano-freitas\/\">Hermano Freitas<\/a><\/strong>\/<strong><a href=\"https:\/\/www.gazetadopovo.com.br\/autor\/ana-carolina-curvello\/\">Ana Carolina Curvello<\/a><\/strong><\/mark><\/p>\n\n\n\n<p>O senador Carlos Viana (PSD-MG) informou, nesta ter\u00e7a-feira (1.\u00ba), ter solicitado ao presidente do Congresso Nacional, Davi Alcolumbre (Uni\u00e3o-AP), a realiza\u00e7\u00e3o de uma sess\u00e3o no plen\u00e1rio da Casa. De acordo com o parlamentar, a inten\u00e7\u00e3o \u00e9 de contar com a presen\u00e7a do ministro do Supremo Alexandre de Moraes, para que tenha oportunidade de se defender de um pedido de impeachment que tramita na Casa.<br>Al\u00e9m de Viana, outros parlamentares de oposi\u00e7\u00e3o ao governo Lula falam em colocar o presidente do Senado \u201csob press\u00e3o\u201d para pautar o impedimento do magistrado. A inten\u00e7\u00e3o \u00e9 obrigar Moraes a prestar esclarecimentos sobre os fatos noticiados que envolvem ele e a fam\u00edlia ao Banco Master. Mensagens de Daniel Vorcaro indicam que Moraes teria <a href=\"https:\/\/www.gazetadopovo.com.br\/republica\/moraes-teria-editado-contrato-de-r-131-milhoes-de-viviane-com-vorcaro\/\">participado diretamente da elabora\u00e7\u00e3o do contrato<\/a> do escrit\u00f3rio Barci de Moraes com o Master.<\/p>\n\n\n\n<p><strong><mark style=\"background-color:rgba(0, 0, 0, 0)\" class=\"has-inline-color has-black-color\">Fatos novos<br><\/mark><\/strong>As novas revela\u00e7\u00f5es sobre as mensagens, que a investiga\u00e7\u00e3o da Pol\u00edcia Federal atribui ao ex-banqueiro Daniel Vorcaro provocaram esta rea\u00e7\u00e3o dos parlamentares da oposi\u00e7\u00e3o. Nestas conversas, Vorcaro <a href=\"https:\/\/www.gazetadopovo.com.br\/republica\/vorcaro-perguntou-a-moraes-se-deveria-estar-fora-dois-dias-antes-de-ser-preso\/\">teria pedido ajuda ao ministro antes de sua pris\u00e3o<\/a> e demonstrado tamb\u00e9m preocupa\u00e7\u00e3o com poss\u00edveis a\u00e7\u00f5es da PF e da Procuradoria-Geral da Rep\u00fablica (PGR).<\/p>\n\n\n\n<blockquote class=\"wp-block-quote is-layout-flow wp-block-quote-is-layout-flow\">\n<p><mark style=\"background-color:rgba(0, 0, 0, 0)\" class=\"has-inline-color has-luminous-vivid-orange-color\">N\u00e3o podemos mais esperar, acabo de pedir o impeachment de Alexandre de Moraes. Alcolumbre ter\u00e1 de escolher, ou pauta o impeachment ou assume publicamente que atua para blindar o ministro\u201d, disse Viana no X. Para o senador, o ministro deve ter assegurado o direito de defesa, mas as den\u00fancias precisam ser apuradas pelo Congresso.<\/mark><\/p>\n<\/blockquote>\n\n\n<div class=\"wp-block-image\">\n<figure class=\"aligncenter size-full\"><a href=\"http:\/\/www.ferrarimaquinas.com.br\/\"><img loading=\"lazy\" decoding=\"async\" width=\"300\" height=\"250\" src=\"https:\/\/jornalfatosenoticias.com.br\/wp-content\/uploads\/2022\/02\/FERRARI_MAQUINAS-E-FERRAMENTAS2.jpg\" alt=\"\" class=\"wp-image-27860\"\/><\/a><\/figure>\n<\/div>\n\n\n<p>A senadora Damares Alves (Republicanos-DF) prop\u00f4s que a oposi\u00e7\u00e3o fa\u00e7a uma &#8220;obstru\u00e7\u00e3o total&#8221; no Senado.<\/p>\n\n\n\n<blockquote class=\"wp-block-quote is-layout-flow wp-block-quote-is-layout-flow\">\n<p><mark style=\"background-color:rgba(0, 0, 0, 0)\" class=\"has-inline-color has-luminous-vivid-orange-color\">A REP\u00daBLICA EST\u00c1 EM XEQUE! Propus hoje uma obstru\u00e7\u00e3o total no Senado. N\u00e3o vamos votar NENHUMA PEC ou projeto de lei at\u00e9 que o ministro Alexandre de Moraes renuncie ou sofra impeachment. As den\u00fancias de hoje sobre o contrato de R$ 131 milh\u00f5es e a blindagem institucional s\u00e3o inadmiss\u00edveis. Chega de omiss\u00e3o!\u201d, escreveu ela no X.<\/mark><\/p>\n<\/blockquote>\n\n\n\n<p>L\u00edder da oposi\u00e7\u00e3o na C\u00e2mara, o deputado Cabo Gilberto Silva (PL-PB), afirmou que as mensagens refor\u00e7am a necessidade de um novo pedido de impeachment contra Moraes. \u201cS\u00e3o provas concretas da sua atua\u00e7\u00e3o ilegal com o banqueiro Vorcaro\u201d, declarou. De acordo com ele, a oposi\u00e7\u00e3o pretende apresentar uma nova solicita\u00e7\u00e3o e cobra que o Senado avance sobre o tema: <em>\u201cesperamos que o Senado Federal agora fa\u00e7a sua parte. N\u00e3o d\u00e1 mais\u201d.<\/em><\/p>\n\n\n<div class=\"wp-block-image\">\n<figure class=\"aligncenter size-full is-resized\"><a href=\"https:\/\/www.controlsystems.com.br\/\"><img loading=\"lazy\" decoding=\"async\" width=\"834\" height=\"1000\" src=\"https:\/\/jornalfatosenoticias.com.br\/wp-content\/uploads\/2020\/02\/CONTROL-CS.jpg\" alt=\"\" class=\"wp-image-44991\" style=\"aspect-ratio:0.834000330742517;width:350px;height:auto\" srcset=\"https:\/\/jornalfatosenoticias.com.br\/wp-content\/uploads\/2020\/02\/CONTROL-CS.jpg 834w, https:\/\/jornalfatosenoticias.com.br\/wp-content\/uploads\/2020\/02\/CONTROL-CS-250x300.jpg 250w, https:\/\/jornalfatosenoticias.com.br\/wp-content\/uploads\/2020\/02\/CONTROL-CS-768x921.jpg 768w\" sizes=\"auto, (max-width: 834px) 100vw, 834px\" \/><\/a><\/figure>\n<\/div>\n\n\n<p><strong><mark style=\"background-color:rgba(0, 0, 0, 0)\" class=\"has-inline-color has-black-color\">Gaspar defende afastamento cautelar<br><\/mark><\/strong>J\u00e1 o deputado Alfredo Gaspar (PL-AL), candidato a vice-presidente na chapa de Fl\u00e1vio Bolsonaro, defendeu o afastamento cautelar de Moraes diante da gravidade dos ind\u00edcios.<\/p>\n\n\n\n<blockquote class=\"wp-block-quote is-layout-flow wp-block-quote-is-layout-flow\">\n<p><mark style=\"background-color:rgba(0, 0, 0, 0)\" class=\"has-inline-color has-luminous-vivid-orange-color\">Diante de ind\u00edcios t\u00e3o s\u00e9rios, o afastamento cautelar de Alexandre de Moraes seria o caminho mais acertado para garantir a independ\u00eancia e a transpar\u00eancia das investiga\u00e7\u00f5es\u201d, declarou. Ele tamb\u00e9m manifestou solidariedade ao ministro Andr\u00e9 Mendon\u00e7a, que teria sido confrontado ap\u00f3s determinar o aprofundamento das investiga\u00e7\u00f5es: \u201cNingu\u00e9m pode estar acima da lei. Ningu\u00e9m!\u201d.<\/mark><\/p>\n<\/blockquote>\n\n\n<div class=\"wp-block-image\">\n<figure class=\"aligncenter size-full is-resized\"><a href=\"https:\/\/www.instagram.com\/paoeci3?igsh=MXdsdzUwdXU3bDZzcA==\"><img loading=\"lazy\" decoding=\"async\" width=\"644\" height=\"459\" src=\"https:\/\/jornalfatosenoticias.com.br\/wp-content\/uploads\/2020\/02\/Logo_PaoCia.jpeg\" alt=\"\" class=\"wp-image-66631\" style=\"width:335px;height:auto\" srcset=\"https:\/\/jornalfatosenoticias.com.br\/wp-content\/uploads\/2020\/02\/Logo_PaoCia.jpeg 644w, https:\/\/jornalfatosenoticias.com.br\/wp-content\/uploads\/2020\/02\/Logo_PaoCia-300x214.jpeg 300w\" sizes=\"auto, (max-width: 644px) 100vw, 644px\" \/><\/a><\/figure>\n<\/div>\n\n\n<p>O deputado Sanderson (PL-RS), candidato ao Senado pelo Rio Grande do Sul, afirmou que a Casa \u201cn\u00e3o pode mais se esconder\u201d diante de den\u00fancias sobre contratos milion\u00e1rios, autoridades e mensagens atribu\u00eddas a Vorcaro sobre uma suposta \u201cprote\u00e7\u00e3o\u201d junto \u00e0 PF e \u00e0 PGR. Para ele, \u00e9 necess\u00e1rio investigar os fatos com transpar\u00eancia para garantir que \u201cningu\u00e9m esteja acima da lei\u201d.<br>Na mesma linha, o deputado Rodrigo Valadares (PL-SE), candidato ao Senado por Sergipe, classificou as revela\u00e7\u00f5es como \u201cgrav\u00edssimas\u201d e defendeu uma investiga\u00e7\u00e3o rigorosa, com respeito ao devido processo legal. Segundo ele, Moraes deve sofrer impeachment e, caso sejam comprovados os crimes atribu\u00eddos a ele, responder na forma da lei. \u201cO Senado Federal n\u00e3o pode se omitir e precisa cumprir o seu papel constitucional\u201d, afirmou.<br>A deputada Adriana Ventura (Novo-SP) tamb\u00e9m classificou os vazamentos envolvendo o Banco Master como \u201cgrav\u00edssimos\u201d e citou, al\u00e9m das mensagens atribu\u00eddas a Vorcaro, outras den\u00fancias envolvendo pessoas pr\u00f3ximas a autoridades. Para ela, o presidente do Senado, Davi Alcolumbre, deveria abrir o processo de impeachment contra Moraes. <em>\u201cDiante de tudo o que est\u00e1 vindo \u00e0 tona, n\u00e3o basta pedir explica\u00e7\u00f5es. Davi Alcolumbre precisa honrar o Senado e abrir o processo de impeachment de Alexandre de Moraes\u201d,<\/em> declarou.<br>O senador Izalci Lucas (PL-DF) tamb\u00e9m defendeu a apura\u00e7\u00e3o das den\u00fancias, mas avaliou que um processo de impeachment no momento n\u00e3o teria votos suficientes para avan\u00e7ar. Segundo ele, a oposi\u00e7\u00e3o conta atualmente com 26 senadores, enquanto seriam necess\u00e1rios 41 votos para a abertura do processo e 54 para o afastamento. \u201cQualquer pedido de impeachment votado agora s\u00f3 vai fortalecer [o ministro], porque n\u00f3s vamos perder no voto\u201d, afirmou. Para Izalci, a estrat\u00e9gia deve ser ampliar a bancada de oposi\u00e7\u00e3o nas pr\u00f3ximas elei\u00e7\u00f5es a fim de criar condi\u00e7\u00f5es pol\u00edticas para pautar o processo.<\/p>\n\n\n<div class=\"wp-block-image\">\n<figure class=\"aligncenter size-full is-resized\"><a href=\"https:\/\/panper.com.br\/\"><img loading=\"lazy\" decoding=\"async\" width=\"400\" height=\"277\" src=\"https:\/\/jornalfatosenoticias.com.br\/wp-content\/uploads\/2023\/03\/logo-Panper_portal.jpg\" alt=\"\" class=\"wp-image-40208\" style=\"width:351px;height:auto\" srcset=\"https:\/\/jornalfatosenoticias.com.br\/wp-content\/uploads\/2023\/03\/logo-Panper_portal.jpg 400w, https:\/\/jornalfatosenoticias.com.br\/wp-content\/uploads\/2023\/03\/logo-Panper_portal-300x208.jpg 300w\" sizes=\"auto, (max-width: 400px) 100vw, 400px\" \/><\/a><\/figure>\n<\/div>\n\n\n<p><strong>Fonte: <a href=\"https:\/\/www.gazetadopovo.com.br\/republica\/oposicao-articula-impeachment-de-moraes-e-fala-em-colocar-alcolumbre-sob-pressao\/\">Gazeta do Povo<\/a><\/strong><\/p>\n","protected":false},"excerpt":{"rendered":"<p>Ministro Alexandre de Moraes, em sess\u00e3o da Primeira Turma do STF Por Hermano Freitas\/Ana Carolina Curvello O senador Carlos Viana (PSD-MG) informou, nesta ter\u00e7a-feira (1.\u00ba), ter solicitado ao presidente do Congresso Nacional, Davi Alcolumbre (Uni\u00e3o-AP), a realiza\u00e7\u00e3o de uma sess\u00e3o no plen\u00e1rio da Casa. De acordo com o parlamentar, a inten\u00e7\u00e3o \u00e9 de contar com [&hellip;]<\/p>\n","protected":false},"author":2,"featured_media":69550,"comment_status":"open","ping_status":"open","sticky":false,"template":"","format":"standard","meta":{"footnotes":""},"categories":[10],"tags":[13889,2144,26594,27436,10224,28937,19435,1039,22739,2140,28119,2146,294,245],"class_list":["post-69549","post","type-post","status-publish","format-standard","has-post-thumbnail","hentry","category-politica","tag-alexandre-de-moraes","tag-andre-mendonca-2","tag-banco-master","tag-carlos-viana","tag-congresso-nacional","tag-daniel-vorcaro","tag-davi-alcolumbre","tag-eleicoes","tag-flavio-bolsonaro","tag-impeachment","tag-impeachment-de-moraes","tag-policia-federal","tag-stf","tag-trabalho"],"yoast_head":"<!-- This site is optimized with the Yoast SEO plugin v26.5 - https:\/\/yoast.com\/wordpress\/plugins\/seo\/ -->\n<title>Oposi\u00e7\u00e3o articula impeachment de Moraes no Congresso e fala em colocar Alcolumbre sob press\u00e3o - Jornal Fatos e Not\u00edcias<\/title>\n<meta name=\"robots\" content=\"index, follow, max-snippet:-1, max-image-preview:large, max-video-preview:-1\" \/>\n<link rel=\"canonical\" href=\"https:\/\/jornalfatosenoticias.com.br\/index.php\/2026\/09\/01\/oposicao-articula-impeachment-de-moraes-no-congresso-e-fala-em-colocar-alcolumbre-sob-pressao\/\" \/>\n<meta property=\"og:locale\" content=\"pt_BR\" \/>\n<meta property=\"og:type\" content=\"article\" \/>\n<meta property=\"og:title\" content=\"Oposi\u00e7\u00e3o articula impeachment de Moraes no Congresso e fala em colocar Alcolumbre sob press\u00e3o - Jornal Fatos e Not\u00edcias\" \/>\n<meta property=\"og:description\" content=\"Ministro Alexandre de Moraes, em sess\u00e3o da Primeira Turma do STF Por Hermano Freitas\/Ana Carolina Curvello O senador Carlos Viana (PSD-MG) informou, nesta ter\u00e7a-feira (1.\u00ba), ter solicitado ao presidente do Congresso Nacional, Davi Alcolumbre (Uni\u00e3o-AP), a realiza\u00e7\u00e3o de uma sess\u00e3o no plen\u00e1rio da Casa. De acordo com o parlamentar, a inten\u00e7\u00e3o \u00e9 de contar com [&hellip;]\" \/>\n<meta property=\"og:url\" content=\"https:\/\/jornalfatosenoticias.com.br\/index.php\/2026\/09\/01\/oposicao-articula-impeachment-de-moraes-no-congresso-e-fala-em-colocar-alcolumbre-sob-pressao\/\" \/>\n<meta property=\"og:site_name\" content=\"Jornal Fatos e Not\u00edcias\" \/>\n<meta property=\"article:published_time\" content=\"2026-09-01T21:50:04+00:00\" \/>\n<meta property=\"article:modified_time\" content=\"2026-09-01T21:50:05+00:00\" \/>\n<meta property=\"og:image\" content=\"https:\/\/jornalfatosenoticias.com.br\/wp-content\/uploads\/2026\/09\/impeachment-de-Moraes_gettyimages.jpg\" \/>\n\t<meta property=\"og:image:width\" content=\"612\" \/>\n\t<meta property=\"og:image:height\" content=\"408\" \/>\n\t<meta property=\"og:image:type\" content=\"image\/jpeg\" \/>\n<meta name=\"author\" content=\"Luzimara Fernandes\" \/>\n<meta name=\"twitter:card\" content=\"summary_large_image\" \/>\n<meta name=\"twitter:label1\" content=\"Escrito por\" \/>\n\t<meta name=\"twitter:data1\" content=\"Luzimara Fernandes\" \/>\n\t<meta name=\"twitter:label2\" content=\"Est. tempo de leitura\" \/>\n\t<meta name=\"twitter:data2\" content=\"5 minutos\" \/>\n<script type=\"application\/ld+json\" class=\"yoast-schema-graph\">{\"@context\":\"https:\/\/schema.org\",\"@graph\":[{\"@type\":\"Article\",\"@id\":\"https:\/\/jornalfatosenoticias.com.br\/index.php\/2026\/09\/01\/oposicao-articula-impeachment-de-moraes-no-congresso-e-fala-em-colocar-alcolumbre-sob-pressao\/#article\",\"isPartOf\":{\"@id\":\"https:\/\/jornalfatosenoticias.com.br\/index.php\/2026\/09\/01\/oposicao-articula-impeachment-de-moraes-no-congresso-e-fala-em-colocar-alcolumbre-sob-pressao\/\"},\"author\":{\"name\":\"Luzimara Fernandes\",\"@id\":\"https:\/\/jornalfatosenoticias.com.br\/#\/schema\/person\/d63837fa13ac8666eb9e74e0985d6f81\"},\"headline\":\"Oposi\u00e7\u00e3o articula impeachment de Moraes no Congresso e fala em colocar Alcolumbre sob press\u00e3o\",\"datePublished\":\"2026-09-01T21:50:04+00:00\",\"dateModified\":\"2026-09-01T21:50:05+00:00\",\"mainEntityOfPage\":{\"@id\":\"https:\/\/jornalfatosenoticias.com.br\/index.php\/2026\/09\/01\/oposicao-articula-impeachment-de-moraes-no-congresso-e-fala-em-colocar-alcolumbre-sob-pressao\/\"},\"wordCount\":878,\"commentCount\":0,\"publisher\":{\"@id\":\"https:\/\/jornalfatosenoticias.com.br\/#organization\"},\"image\":{\"@id\":\"https:\/\/jornalfatosenoticias.com.br\/index.php\/2026\/09\/01\/oposicao-articula-impeachment-de-moraes-no-congresso-e-fala-em-colocar-alcolumbre-sob-pressao\/#primaryimage\"},\"thumbnailUrl\":\"https:\/\/jornalfatosenoticias.com.br\/wp-content\/uploads\/2026\/09\/impeachment-de-Moraes_gettyimages.jpg\",\"keywords\":[\"Alexandre de Moraes\",\"Andr\u00e9 Mendon\u00e7a\",\"Banco Master\",\"Carlos Viana\",\"Congresso Nacional\",\"Daniel Vorcaro\",\"Davi Alcolumbre\",\"elei\u00e7\u00f5es\",\"Fl\u00e1vio Bolsonaro\",\"impeachment\",\"impeachment de Moraes\",\"Pol\u00edcia Federal\",\"STF\",\"trabalho\"],\"articleSection\":[\"Pol\u00edtica\"],\"inLanguage\":\"pt-BR\",\"potentialAction\":[{\"@type\":\"CommentAction\",\"name\":\"Comment\",\"target\":[\"https:\/\/jornalfatosenoticias.com.br\/index.php\/2026\/09\/01\/oposicao-articula-impeachment-de-moraes-no-congresso-e-fala-em-colocar-alcolumbre-sob-pressao\/#respond\"]}]},{\"@type\":\"WebPage\",\"@id\":\"https:\/\/jornalfatosenoticias.com.br\/index.php\/2026\/09\/01\/oposicao-articula-impeachment-de-moraes-no-congresso-e-fala-em-colocar-alcolumbre-sob-pressao\/\",\"url\":\"https:\/\/jornalfatosenoticias.com.br\/index.php\/2026\/09\/01\/oposicao-articula-impeachment-de-moraes-no-congresso-e-fala-em-colocar-alcolumbre-sob-pressao\/\",\"name\":\"Oposi\u00e7\u00e3o articula impeachment de Moraes no Congresso e fala em colocar Alcolumbre sob press\u00e3o - Jornal Fatos e Not\u00edcias\",\"isPartOf\":{\"@id\":\"https:\/\/jornalfatosenoticias.com.br\/#website\"},\"primaryImageOfPage\":{\"@id\":\"https:\/\/jornalfatosenoticias.com.br\/index.php\/2026\/09\/01\/oposicao-articula-impeachment-de-moraes-no-congresso-e-fala-em-colocar-alcolumbre-sob-pressao\/#primaryimage\"},\"image\":{\"@id\":\"https:\/\/jornalfatosenoticias.com.br\/index.php\/2026\/09\/01\/oposicao-articula-impeachment-de-moraes-no-congresso-e-fala-em-colocar-alcolumbre-sob-pressao\/#primaryimage\"},\"thumbnailUrl\":\"https:\/\/jornalfatosenoticias.com.br\/wp-content\/uploads\/2026\/09\/impeachment-de-Moraes_gettyimages.jpg\",\"datePublished\":\"2026-09-01T21:50:04+00:00\",\"dateModified\":\"2026-09-01T21:50:05+00:00\",\"breadcrumb\":{\"@id\":\"https:\/\/jornalfatosenoticias.com.br\/index.php\/2026\/09\/01\/oposicao-articula-impeachment-de-moraes-no-congresso-e-fala-em-colocar-alcolumbre-sob-pressao\/#breadcrumb\"},\"inLanguage\":\"pt-BR\",\"potentialAction\":[{\"@type\":\"ReadAction\",\"target\":[\"https:\/\/jornalfatosenoticias.com.br\/index.php\/2026\/09\/01\/oposicao-articula-impeachment-de-moraes-no-congresso-e-fala-em-colocar-alcolumbre-sob-pressao\/\"]}]},{\"@type\":\"ImageObject\",\"inLanguage\":\"pt-BR\",\"@id\":\"https:\/\/jornalfatosenoticias.com.br\/index.php\/2026\/09\/01\/oposicao-articula-impeachment-de-moraes-no-congresso-e-fala-em-colocar-alcolumbre-sob-pressao\/#primaryimage\",\"url\":\"https:\/\/jornalfatosenoticias.com.br\/wp-content\/uploads\/2026\/09\/impeachment-de-Moraes_gettyimages.jpg\",\"contentUrl\":\"https:\/\/jornalfatosenoticias.com.br\/wp-content\/uploads\/2026\/09\/impeachment-de-Moraes_gettyimages.jpg\",\"width\":612,\"height\":408,\"caption\":\"Alexandre de Moraes, justice of Brazil's Supreme Federal Court, speaks during a session at the Supreme Court building in Brasilia, Brazil, on Thursday, Aug. 15, 2024. Moraes pushed back against allegations of impropriety on Wednesday after the publication of leaked messages fueled the latest effort from allies of former President Jair Bolsonaro to impeach him. Photographer: Ton Molina\/Bloomberg via Getty Images\"},{\"@type\":\"BreadcrumbList\",\"@id\":\"https:\/\/jornalfatosenoticias.com.br\/index.php\/2026\/09\/01\/oposicao-articula-impeachment-de-moraes-no-congresso-e-fala-em-colocar-alcolumbre-sob-pressao\/#breadcrumb\",\"itemListElement\":[{\"@type\":\"ListItem\",\"position\":1,\"name\":\"In\u00edcio\",\"item\":\"https:\/\/jornalfatosenoticias.com.br\/\"},{\"@type\":\"ListItem\",\"position\":2,\"name\":\"Oposi\u00e7\u00e3o articula impeachment de Moraes no Congresso e fala em colocar Alcolumbre sob press\u00e3o\"}]},{\"@type\":\"WebSite\",\"@id\":\"https:\/\/jornalfatosenoticias.com.br\/#website\",\"url\":\"https:\/\/jornalfatosenoticias.com.br\/\",\"name\":\"Jornal Fatos e Not\u00edcias\",\"description\":\"Not\u00edcias em geral\",\"publisher\":{\"@id\":\"https:\/\/jornalfatosenoticias.com.br\/#organization\"},\"potentialAction\":[{\"@type\":\"SearchAction\",\"target\":{\"@type\":\"EntryPoint\",\"urlTemplate\":\"https:\/\/jornalfatosenoticias.com.br\/?s={search_term_string}\"},\"query-input\":{\"@type\":\"PropertyValueSpecification\",\"valueRequired\":true,\"valueName\":\"search_term_string\"}}],\"inLanguage\":\"pt-BR\"},{\"@type\":\"Organization\",\"@id\":\"https:\/\/jornalfatosenoticias.com.br\/#organization\",\"name\":\"Jornal Fatos e Not\u00edcias\",\"url\":\"https:\/\/jornalfatosenoticias.com.br\/\",\"logo\":{\"@type\":\"ImageObject\",\"inLanguage\":\"pt-BR\",\"@id\":\"https:\/\/jornalfatosenoticias.com.br\/#\/schema\/logo\/image\/\",\"url\":\"https:\/\/jornalfatosenoticias.com.br\/wp-content\/uploads\/2020\/02\/logo120.png\",\"contentUrl\":\"https:\/\/jornalfatosenoticias.com.br\/wp-content\/uploads\/2020\/02\/logo120.png\",\"width\":1227,\"height\":120,\"caption\":\"Jornal Fatos e Not\u00edcias\"},\"image\":{\"@id\":\"https:\/\/jornalfatosenoticias.com.br\/#\/schema\/logo\/image\/\"}},{\"@type\":\"Person\",\"@id\":\"https:\/\/jornalfatosenoticias.com.br\/#\/schema\/person\/d63837fa13ac8666eb9e74e0985d6f81\",\"name\":\"Luzimara Fernandes\",\"image\":{\"@type\":\"ImageObject\",\"inLanguage\":\"pt-BR\",\"@id\":\"https:\/\/jornalfatosenoticias.com.br\/#\/schema\/person\/image\/\",\"url\":\"https:\/\/jornalfatosenoticias.com.br\/wp-content\/uploads\/2025\/05\/EU_portal.jpg\",\"contentUrl\":\"https:\/\/jornalfatosenoticias.com.br\/wp-content\/uploads\/2025\/05\/EU_portal.jpg\",\"caption\":\"Luzimara Fernandes\"},\"description\":\"Jornalista MTB 2358-ES\",\"sameAs\":[\"https:\/\/jornalfatosenoticias.com.br\"],\"url\":\"https:\/\/jornalfatosenoticias.com.br\/index.php\/author\/luzimara\/\"}]}<\/script>\n<!-- \/ Yoast SEO plugin. -->","yoast_head_json":{"title":"Oposi\u00e7\u00e3o articula impeachment de Moraes no Congresso e fala em colocar Alcolumbre sob press\u00e3o - Jornal Fatos e Not\u00edcias","robots":{"index":"index","follow":"follow","max-snippet":"max-snippet:-1","max-image-preview":"max-image-preview:large","max-video-preview":"max-video-preview:-1"},"canonical":"https:\/\/jornalfatosenoticias.com.br\/index.php\/2026\/09\/01\/oposicao-articula-impeachment-de-moraes-no-congresso-e-fala-em-colocar-alcolumbre-sob-pressao\/","og_locale":"pt_BR","og_type":"article","og_title":"Oposi\u00e7\u00e3o articula impeachment de Moraes no Congresso e fala em colocar Alcolumbre sob press\u00e3o - Jornal Fatos e Not\u00edcias","og_description":"Ministro Alexandre de Moraes, em sess\u00e3o da Primeira Turma do STF Por Hermano Freitas\/Ana Carolina Curvello O senador Carlos Viana (PSD-MG) informou, nesta ter\u00e7a-feira (1.\u00ba), ter solicitado ao presidente do Congresso Nacional, Davi Alcolumbre (Uni\u00e3o-AP), a realiza\u00e7\u00e3o de uma sess\u00e3o no plen\u00e1rio da Casa. De acordo com o parlamentar, a inten\u00e7\u00e3o \u00e9 de contar com [&hellip;]","og_url":"https:\/\/jornalfatosenoticias.com.br\/index.php\/2026\/09\/01\/oposicao-articula-impeachment-de-moraes-no-congresso-e-fala-em-colocar-alcolumbre-sob-pressao\/","og_site_name":"Jornal Fatos e Not\u00edcias","article_published_time":"2026-09-01T21:50:04+00:00","article_modified_time":"2026-09-01T21:50:05+00:00","og_image":[{"width":612,"height":408,"url":"https:\/\/jornalfatosenoticias.com.br\/wp-content\/uploads\/2026\/09\/impeachment-de-Moraes_gettyimages.jpg","type":"image\/jpeg"}],"author":"Luzimara Fernandes","twitter_card":"summary_large_image","twitter_misc":{"Escrito por":"Luzimara Fernandes","Est. tempo de leitura":"5 minutos"},"schema":{"@context":"https:\/\/schema.org","@graph":[{"@type":"Article","@id":"https:\/\/jornalfatosenoticias.com.br\/index.php\/2026\/09\/01\/oposicao-articula-impeachment-de-moraes-no-congresso-e-fala-em-colocar-alcolumbre-sob-pressao\/#article","isPartOf":{"@id":"https:\/\/jornalfatosenoticias.com.br\/index.php\/2026\/09\/01\/oposicao-articula-impeachment-de-moraes-no-congresso-e-fala-em-colocar-alcolumbre-sob-pressao\/"},"author":{"name":"Luzimara Fernandes","@id":"https:\/\/jornalfatosenoticias.com.br\/#\/schema\/person\/d63837fa13ac8666eb9e74e0985d6f81"},"headline":"Oposi\u00e7\u00e3o articula impeachment de Moraes no Congresso e fala em colocar Alcolumbre sob press\u00e3o","datePublished":"2026-09-01T21:50:04+00:00","dateModified":"2026-09-01T21:50:05+00:00","mainEntityOfPage":{"@id":"https:\/\/jornalfatosenoticias.com.br\/index.php\/2026\/09\/01\/oposicao-articula-impeachment-de-moraes-no-congresso-e-fala-em-colocar-alcolumbre-sob-pressao\/"},"wordCount":878,"commentCount":0,"publisher":{"@id":"https:\/\/jornalfatosenoticias.com.br\/#organization"},"image":{"@id":"https:\/\/jornalfatosenoticias.com.br\/index.php\/2026\/09\/01\/oposicao-articula-impeachment-de-moraes-no-congresso-e-fala-em-colocar-alcolumbre-sob-pressao\/#primaryimage"},"thumbnailUrl":"https:\/\/jornalfatosenoticias.com.br\/wp-content\/uploads\/2026\/09\/impeachment-de-Moraes_gettyimages.jpg","keywords":["Alexandre de Moraes","Andr\u00e9 Mendon\u00e7a","Banco Master","Carlos Viana","Congresso Nacional","Daniel Vorcaro","Davi Alcolumbre","elei\u00e7\u00f5es","Fl\u00e1vio Bolsonaro","impeachment","impeachment de Moraes","Pol\u00edcia Federal","STF","trabalho"],"articleSection":["Pol\u00edtica"],"inLanguage":"pt-BR","potentialAction":[{"@type":"CommentAction","name":"Comment","target":["https:\/\/jornalfatosenoticias.com.br\/index.php\/2026\/09\/01\/oposicao-articula-impeachment-de-moraes-no-congresso-e-fala-em-colocar-alcolumbre-sob-pressao\/#respond"]}]},{"@type":"WebPage","@id":"https:\/\/jornalfatosenoticias.com.br\/index.php\/2026\/09\/01\/oposicao-articula-impeachment-de-moraes-no-congresso-e-fala-em-colocar-alcolumbre-sob-pressao\/","url":"https:\/\/jornalfatosenoticias.com.br\/index.php\/2026\/09\/01\/oposicao-articula-impeachment-de-moraes-no-congresso-e-fala-em-colocar-alcolumbre-sob-pressao\/","name":"Oposi\u00e7\u00e3o articula impeachment de Moraes no Congresso e fala em colocar Alcolumbre sob press\u00e3o - Jornal Fatos e Not\u00edcias","isPartOf":{"@id":"https:\/\/jornalfatosenoticias.com.br\/#website"},"primaryImageOfPage":{"@id":"https:\/\/jornalfatosenoticias.com.br\/index.php\/2026\/09\/01\/oposicao-articula-impeachment-de-moraes-no-congresso-e-fala-em-colocar-alcolumbre-sob-pressao\/#primaryimage"},"image":{"@id":"https:\/\/jornalfatosenoticias.com.br\/index.php\/2026\/09\/01\/oposicao-articula-impeachment-de-moraes-no-congresso-e-fala-em-colocar-alcolumbre-sob-pressao\/#primaryimage"},"thumbnailUrl":"https:\/\/jornalfatosenoticias.com.br\/wp-content\/uploads\/2026\/09\/impeachment-de-Moraes_gettyimages.jpg","datePublished":"2026-09-01T21:50:04+00:00","dateModified":"2026-09-01T21:50:05+00:00","breadcrumb":{"@id":"https:\/\/jornalfatosenoticias.com.br\/index.php\/2026\/09\/01\/oposicao-articula-impeachment-de-moraes-no-congresso-e-fala-em-colocar-alcolumbre-sob-pressao\/#breadcrumb"},"inLanguage":"pt-BR","potentialAction":[{"@type":"ReadAction","target":["https:\/\/jornalfatosenoticias.com.br\/index.php\/2026\/09\/01\/oposicao-articula-impeachment-de-moraes-no-congresso-e-fala-em-colocar-alcolumbre-sob-pressao\/"]}]},{"@type":"ImageObject","inLanguage":"pt-BR","@id":"https:\/\/jornalfatosenoticias.com.br\/index.php\/2026\/09\/01\/oposicao-articula-impeachment-de-moraes-no-congresso-e-fala-em-colocar-alcolumbre-sob-pressao\/#primaryimage","url":"https:\/\/jornalfatosenoticias.com.br\/wp-content\/uploads\/2026\/09\/impeachment-de-Moraes_gettyimages.jpg","contentUrl":"https:\/\/jornalfatosenoticias.com.br\/wp-content\/uploads\/2026\/09\/impeachment-de-Moraes_gettyimages.jpg","width":612,"height":408,"caption":"Alexandre de Moraes, justice of Brazil's Supreme Federal Court, speaks during a session at the Supreme Court building in Brasilia, Brazil, on Thursday, Aug. 15, 2024. Moraes pushed back against allegations of impropriety on Wednesday after the publication of leaked messages fueled the latest effort from allies of former President Jair Bolsonaro to impeach him. Photographer: Ton Molina\/Bloomberg via Getty Images"},{"@type":"BreadcrumbList","@id":"https:\/\/jornalfatosenoticias.com.br\/index.php\/2026\/09\/01\/oposicao-articula-impeachment-de-moraes-no-congresso-e-fala-em-colocar-alcolumbre-sob-pressao\/#breadcrumb","itemListElement":[{"@type":"ListItem","position":1,"name":"In\u00edcio","item":"https:\/\/jornalfatosenoticias.com.br\/"},{"@type":"ListItem","position":2,"name":"Oposi\u00e7\u00e3o articula impeachment de Moraes no Congresso e fala em colocar Alcolumbre sob press\u00e3o"}]},{"@type":"WebSite","@id":"https:\/\/jornalfatosenoticias.com.br\/#website","url":"https:\/\/jornalfatosenoticias.com.br\/","name":"Jornal Fatos e Not\u00edcias","description":"Not\u00edcias em geral","publisher":{"@id":"https:\/\/jornalfatosenoticias.com.br\/#organization"},"potentialAction":[{"@type":"SearchAction","target":{"@type":"EntryPoint","urlTemplate":"https:\/\/jornalfatosenoticias.com.br\/?s={search_term_string}"},"query-input":{"@type":"PropertyValueSpecification","valueRequired":true,"valueName":"search_term_string"}}],"inLanguage":"pt-BR"},{"@type":"Organization","@id":"https:\/\/jornalfatosenoticias.com.br\/#organization","name":"Jornal Fatos e Not\u00edcias","url":"https:\/\/jornalfatosenoticias.com.br\/","logo":{"@type":"ImageObject","inLanguage":"pt-BR","@id":"https:\/\/jornalfatosenoticias.com.br\/#\/schema\/logo\/image\/","url":"https:\/\/jornalfatosenoticias.com.br\/wp-content\/uploads\/2020\/02\/logo120.png","contentUrl":"https:\/\/jornalfatosenoticias.com.br\/wp-content\/uploads\/2020\/02\/logo120.png","width":1227,"height":120,"caption":"Jornal Fatos e Not\u00edcias"},"image":{"@id":"https:\/\/jornalfatosenoticias.com.br\/#\/schema\/logo\/image\/"}},{"@type":"Person","@id":"https:\/\/jornalfatosenoticias.com.br\/#\/schema\/person\/d63837fa13ac8666eb9e74e0985d6f81","name":"Luzimara Fernandes","image":{"@type":"ImageObject","inLanguage":"pt-BR","@id":"https:\/\/jornalfatosenoticias.com.br\/#\/schema\/person\/image\/","url":"https:\/\/jornalfatosenoticias.com.br\/wp-content\/uploads\/2025\/05\/EU_portal.jpg","contentUrl":"https:\/\/jornalfatosenoticias.com.br\/wp-content\/uploads\/2025\/05\/EU_portal.jpg","caption":"Luzimara Fernandes"},"description":"Jornalista MTB 2358-ES","sameAs":["https:\/\/jornalfatosenoticias.com.br"],"url":"https:\/\/jornalfatosenoticias.com.br\/index.php\/author\/luzimara\/"}]}},"cc_featured_image_caption":{"caption_text":"(Foto: Getty Images)\r\n","source_text":"","source_url":""},"jetpack_featured_media_url":"https:\/\/jornalfatosenoticias.com.br\/wp-content\/uploads\/2026\/09\/impeachment-de-Moraes_gettyimages.jpg","_links":{"self":[{"href":"https:\/\/jornalfatosenoticias.com.br\/index.php\/wp-json\/wp\/v2\/posts\/69549","targetHints":{"allow":["GET"]}}],"collection":[{"href":"https:\/\/jornalfatosenoticias.com.br\/index.php\/wp-json\/wp\/v2\/posts"}],"about":[{"href":"https:\/\/jornalfatosenoticias.com.br\/index.php\/wp-json\/wp\/v2\/types\/post"}],"author":[{"embeddable":true,"href":"https:\/\/jornalfatosenoticias.com.br\/index.php\/wp-json\/wp\/v2\/users\/2"}],"replies":[{"embeddable":true,"href":"https:\/\/jornalfatosenoticias.com.br\/index.php\/wp-json\/wp\/v2\/comments?post=69549"}],"version-history":[{"count":1,"href":"https:\/\/jornalfatosenoticias.com.br\/index.php\/wp-json\/wp\/v2\/posts\/69549\/revisions"}],"predecessor-version":[{"id":69551,"href":"https:\/\/jornalfatosenoticias.com.br\/index.php\/wp-json\/wp\/v2\/posts\/69549\/revisions\/69551"}],"wp:featuredmedia":[{"embeddable":true,"href":"https:\/\/jornalfatosenoticias.com.br\/index.php\/wp-json\/wp\/v2\/media\/69550"}],"wp:attachment":[{"href":"https:\/\/jornalfatosenoticias.com.br\/index.php\/wp-json\/wp\/v2\/media?parent=69549"}],"wp:term":[{"taxonomy":"category","embeddable":true,"href":"https:\/\/jornalfatosenoticias.com.br\/index.php\/wp-json\/wp\/v2\/categories?post=69549"},{"taxonomy":"post_tag","embeddable":true,"href":"https:\/\/jornalfatosenoticias.com.br\/index.php\/wp-json\/wp\/v2\/tags?post=69549"}],"curies":[{"name":"wp","href":"https:\/\/api.w.org\/{rel}","templated":true}]}}