{"id":69555,"date":"2026-09-01T19:18:10","date_gmt":"2026-09-01T22:18:10","guid":{"rendered":"https:\/\/jornalfatosenoticias.com.br\/?p=69555"},"modified":"2026-09-01T19:18:11","modified_gmt":"2026-09-01T22:18:11","slug":"miniaturas-de-onibus-recontam-80-anos-da-viacao-aguia-branca-em-exposicao-itinerante-pelo-brasil","status":"publish","type":"post","link":"https:\/\/jornalfatosenoticias.com.br\/index.php\/2026\/09\/01\/miniaturas-de-onibus-recontam-80-anos-da-viacao-aguia-branca-em-exposicao-itinerante-pelo-brasil\/","title":{"rendered":"Miniaturas de \u00f4nibus recontam 80 anos da Via\u00e7\u00e3o \u00c1guia Branca em exposi\u00e7\u00e3o itinerante pelo Brasil"},"content":{"rendered":"\n<p><em><mark style=\"background-color:rgba(0, 0, 0, 0)\" class=\"has-inline-color has-black-color\">Mostra gratuita come\u00e7a em Vit\u00f3ria, no Esp\u00edrito Santo, no dia 4 de setembro, e percorrer\u00e1 outros estados at\u00e9 dezembro de 2026<\/mark><\/em><\/p>\n\n\n\n<p><mark style=\"background-color:rgba(0, 0, 0, 0)\" class=\"has-inline-color has-black-color\">Por <strong>Assessoria<\/strong><\/mark><\/p>\n\n\n\n<p>A partir de sexta-feira (4), passageiros que passarem pelas Salas VIP da Via\u00e7\u00e3o \u00c1guia Branca, instaladas em rodovi\u00e1rias de v\u00e1rias cidades do pa\u00eds, poder\u00e3o conhecer 10 miniaturas de \u00f4nibus que representam diferentes fases da frota da empresa ao longo de seus 80 anos, completados em julho. A exposi\u00e7\u00e3o \u00e9 gratuita e aberta ao p\u00fablico.<br>O roteiro come\u00e7a na Rodovi\u00e1ria de Vit\u00f3ria (ES) e depois segue para a Rodovi\u00e1ria de Carapina, na Serra (ES), no dia 11 de setembro. As miniaturas ficar\u00e3o expostas para o p\u00fablico das 10h \u00e0s 16h. Depois do Esp\u00edrito Santo, a exposi\u00e7\u00e3o vai seguir para outros estados, como Bahia, S\u00e3o Paulo, Minas Gerais e Rio de Janeiro, at\u00e9 dezembro de 2026.<br>Integrada \u00e0 programa\u00e7\u00e3o de anivers\u00e1rio da Via\u00e7\u00e3o \u00c1guia Branca, a mostra re\u00fane ve\u00edculos de diferentes per\u00edodos da companhia e revela a evolu\u00e7\u00e3o das carrocerias, dos desenhos e dos padr\u00f5es visuais dos \u00f4nibus ao longo de oito d\u00e9cadas. Entre os modelos representados est\u00e3o \u00f4nibus antigos que circularam em estradas brasileiras ainda em desenvolvimento e ve\u00edculos mais recentes, como o Paradiso G8 1800 Double Decker, da Marcopolo, cuja Gera\u00e7\u00e3o 8 teve a \u00c1guia Branca como primeira cliente.<br>Segundo a gerente de Comunica\u00e7\u00e3o Corporativa, Daniella Escocard, da \u00c1guia Branca, a exposi\u00e7\u00e3o foi pensada para despertar lembran\u00e7as e aproximar diferentes gera\u00e7\u00f5es da trajet\u00f3ria da empresa, um verdadeiro convite pela hist\u00f3ria. <\/p>\n\n\n<div class=\"wp-block-image\">\n<figure class=\"aligncenter size-full is-resized\"><a href=\"https:\/\/www.origestaofinanceira.com.br\/\"><img loading=\"lazy\" decoding=\"async\" width=\"841\" height=\"881\" src=\"https:\/\/jornalfatosenoticias.com.br\/wp-content\/uploads\/2020\/02\/Ori-Gestao-Financeira.jpeg\" alt=\"\" class=\"wp-image-64779\" style=\"aspect-ratio:0.9546132537822288;width:343px;height:auto\" srcset=\"https:\/\/jornalfatosenoticias.com.br\/wp-content\/uploads\/2020\/02\/Ori-Gestao-Financeira.jpeg 841w, https:\/\/jornalfatosenoticias.com.br\/wp-content\/uploads\/2020\/02\/Ori-Gestao-Financeira-286x300.jpeg 286w, https:\/\/jornalfatosenoticias.com.br\/wp-content\/uploads\/2020\/02\/Ori-Gestao-Financeira-768x805.jpeg 768w\" sizes=\"auto, (max-width: 841px) 100vw, 841px\" \/><\/a><\/figure>\n<\/div>\n\n\n<blockquote class=\"wp-block-quote is-layout-flow wp-block-quote-is-layout-flow\">\n<p><mark style=\"background-color:rgba(0, 0, 0, 0)\" class=\"has-inline-color has-luminous-vivid-orange-color\">Para quem viajou em alguns dos modelos representados, as miniaturas podem remeter a viagens da inf\u00e2ncia, recome\u00e7os ou outros momentos marcantes. Para os mais jovens, a mostra permite conhecer como eram os \u00f4nibus e as viagens em outras \u00e9pocas. Para n\u00f3s, da Via\u00e7\u00e3o \u00c1guia Branca, olhar para essa trajet\u00f3ria tamb\u00e9m \u00e9 reconhecer que legado, inova\u00e7\u00e3o e seguran\u00e7a sempre fizeram parte da nossa hist\u00f3ria e continuar\u00e3o orientando as escolhas que faremos para os pr\u00f3ximos 80 anos\u201d, destaca Escocard.<\/mark><\/p>\n<\/blockquote>\n\n\n<div class=\"wp-block-image\">\n<figure class=\"aligncenter size-full\"><img loading=\"lazy\" decoding=\"async\" width=\"800\" height=\"533\" src=\"https:\/\/jornalfatosenoticias.com.br\/wp-content\/uploads\/2026\/09\/Miniaturas-de-onibus-da-Viacao-Aguia-Branca-2.jpg\" alt=\"\" class=\"wp-image-69556\" srcset=\"https:\/\/jornalfatosenoticias.com.br\/wp-content\/uploads\/2026\/09\/Miniaturas-de-onibus-da-Viacao-Aguia-Branca-2.jpg 800w, https:\/\/jornalfatosenoticias.com.br\/wp-content\/uploads\/2026\/09\/Miniaturas-de-onibus-da-Viacao-Aguia-Branca-2-300x200.jpg 300w, https:\/\/jornalfatosenoticias.com.br\/wp-content\/uploads\/2026\/09\/Miniaturas-de-onibus-da-Viacao-Aguia-Branca-2-768x512.jpg 768w\" sizes=\"auto, (max-width: 800px) 100vw, 800px\" \/><figcaption class=\"wp-element-caption\"><mark style=\"background-color:rgba(0, 0, 0, 0)\" class=\"has-inline-color has-black-color\">Miniaturas de \u00f4nibus recontam 80 anos da Via\u00e7\u00e3o \u00c1guia Branca em exposi\u00e7\u00e3o itinerante pelo Brasil<\/mark> <mark style=\"background-color:rgba(0, 0, 0, 0)\" class=\"has-inline-color has-black-color\">(Foto: Divulga\u00e7\u00e3o\/Via\u00e7\u00e3o \u00c1guia Branca)<\/mark><\/figcaption><\/figure>\n<\/div>\n\n\n<p><strong><mark style=\"background-color:rgba(0, 0, 0, 0)\" class=\"has-inline-color has-black-color\"><span style=\"text-decoration: underline;\">Servi\u00e7o<br><\/span><\/mark><\/strong><em>Exposi\u00e7\u00e3o itinerante 80 anos Via\u00e7\u00e3o \u00c1guia Branca<br><\/em><strong>In\u00edcio: <\/strong>4 de setembro de 2026, das 10h \u00e0s 16h<br><strong>Primeiro local: <\/strong>Sala VIP da Via\u00e7\u00e3o \u00c1guia Branca na Rodovi\u00e1ria de Vit\u00f3ria (ES)<br><strong>Segunda par(Foto: Divulga\u00e7\u00e3o\/Via\u00e7\u00e3o \u00c1guia Branca)ada: <\/strong>11 de setembro, das 10h \u00e0s 16h \u2013 Sala VIP de Carapina, Serra (ES)<br><strong>Per\u00edodo da exposi\u00e7\u00e3o: <\/strong>setembro a dezembro de 2026<br><strong>Entrada: <\/strong><em>gratuita<\/em><\/p>\n\n\n\n<p><strong><mark style=\"background-color:rgba(0, 0, 0, 0)\" class=\"has-inline-color has-black-color\">Sobre a \u00c1guia Branca<br><\/mark><\/strong>A Via\u00e7\u00e3o \u00c1guia Branca, empresa de transporte rodovi\u00e1rio de passageiros do Grupo \u00c1guia Branca, tem o prop\u00f3sito de mover o mundo com excel\u00eancia e respeito \u00e0s pessoas. Fundada h\u00e1 80 anos, a empresa \u00e9 l\u00edder em todos os mercados em que atua. Investindo continuamente em seguran\u00e7a, conforto e qualidade, a \u00c1guia Branca promove excel\u00eancia em experi\u00eancias de viagem para cerca de 9 milh\u00f5es de passageiros por ano e atua em mais de 750 localidades em nove estados &#8211; Esp\u00edrito Santo, Bahia, Rio de Janeiro, S\u00e3o Paulo, Minas Gerais, Paran\u00e1, Alagoas, Sergipe e Pernambuco.<\/p>\n\n\n<div class=\"wp-block-image\">\n<figure class=\"aligncenter size-full\"><img loading=\"lazy\" decoding=\"async\" width=\"800\" height=\"533\" src=\"https:\/\/jornalfatosenoticias.com.br\/wp-content\/uploads\/2026\/09\/Miniaturas-de-onibus-da-Viacao-Aguia-Branca-3.jpg\" alt=\"\" class=\"wp-image-69557\" srcset=\"https:\/\/jornalfatosenoticias.com.br\/wp-content\/uploads\/2026\/09\/Miniaturas-de-onibus-da-Viacao-Aguia-Branca-3.jpg 800w, https:\/\/jornalfatosenoticias.com.br\/wp-content\/uploads\/2026\/09\/Miniaturas-de-onibus-da-Viacao-Aguia-Branca-3-300x200.jpg 300w, https:\/\/jornalfatosenoticias.com.br\/wp-content\/uploads\/2026\/09\/Miniaturas-de-onibus-da-Viacao-Aguia-Branca-3-768x512.jpg 768w\" sizes=\"auto, (max-width: 800px) 100vw, 800px\" \/><figcaption class=\"wp-element-caption\"><mark style=\"background-color:rgba(0, 0, 0, 0)\" class=\"has-inline-color has-black-color\">Miniaturas de \u00f4nibus recontam 80 anos da Via\u00e7\u00e3o \u00c1guia Branca em exposi\u00e7\u00e3o itinerante pelo Brasil (Foto: Divulga\u00e7\u00e3o\/Via\u00e7\u00e3o \u00c1guia Branca)<\/mark><\/figcaption><\/figure>\n<\/div>","protected":false},"excerpt":{"rendered":"<p>Mostra gratuita come\u00e7a em Vit\u00f3ria, no Esp\u00edrito Santo, no dia 4 de setembro, e percorrer\u00e1 outros estados at\u00e9 dezembro de 2026 Por Assessoria A partir de sexta-feira (4), passageiros que passarem pelas Salas VIP da Via\u00e7\u00e3o \u00c1guia Branca, instaladas em rodovi\u00e1rias de v\u00e1rias cidades do pa\u00eds, poder\u00e3o conhecer 10 miniaturas de \u00f4nibus que representam diferentes [&hellip;]<\/p>\n","protected":false},"author":2,"featured_media":69558,"comment_status":"open","ping_status":"open","sticky":false,"template":"","format":"standard","meta":{"footnotes":""},"categories":[4],"tags":[499,31816,31817,12307,31247,882],"class_list":["post-69555","post","type-post","status-publish","format-standard","has-post-thumbnail","hentry","category-cultura","tag-exposicao","tag-miniaturas","tag-miniaturas-de-onibus","tag-onibus","tag-viacao-aguia-branca","tag-vitoria"],"yoast_head":"<!-- This site is optimized with the Yoast SEO plugin v26.5 - https:\/\/yoast.com\/wordpress\/plugins\/seo\/ -->\n<title>Miniaturas de \u00f4nibus recontam 80 anos da Via\u00e7\u00e3o \u00c1guia Branca em exposi\u00e7\u00e3o itinerante pelo Brasil - Jornal Fatos e Not\u00edcias<\/title>\n<meta name=\"robots\" content=\"index, follow, max-snippet:-1, max-image-preview:large, max-video-preview:-1\" \/>\n<link rel=\"canonical\" href=\"https:\/\/jornalfatosenoticias.com.br\/index.php\/2026\/09\/01\/miniaturas-de-onibus-recontam-80-anos-da-viacao-aguia-branca-em-exposicao-itinerante-pelo-brasil\/\" \/>\n<meta property=\"og:locale\" content=\"pt_BR\" \/>\n<meta property=\"og:type\" content=\"article\" \/>\n<meta property=\"og:title\" content=\"Miniaturas de \u00f4nibus recontam 80 anos da Via\u00e7\u00e3o \u00c1guia Branca em exposi\u00e7\u00e3o itinerante pelo Brasil - Jornal Fatos e Not\u00edcias\" \/>\n<meta property=\"og:description\" content=\"Mostra gratuita come\u00e7a em Vit\u00f3ria, no Esp\u00edrito Santo, no dia 4 de setembro, e percorrer\u00e1 outros estados at\u00e9 dezembro de 2026 Por Assessoria A partir de sexta-feira (4), passageiros que passarem pelas Salas VIP da Via\u00e7\u00e3o \u00c1guia Branca, instaladas em rodovi\u00e1rias de v\u00e1rias cidades do pa\u00eds, poder\u00e3o conhecer 10 miniaturas de \u00f4nibus que representam diferentes [&hellip;]\" \/>\n<meta property=\"og:url\" content=\"https:\/\/jornalfatosenoticias.com.br\/index.php\/2026\/09\/01\/miniaturas-de-onibus-recontam-80-anos-da-viacao-aguia-branca-em-exposicao-itinerante-pelo-brasil\/\" \/>\n<meta property=\"og:site_name\" content=\"Jornal Fatos e Not\u00edcias\" \/>\n<meta property=\"article:published_time\" content=\"2026-09-01T22:18:10+00:00\" \/>\n<meta property=\"article:modified_time\" content=\"2026-09-01T22:18:11+00:00\" \/>\n<meta property=\"og:image\" content=\"https:\/\/jornalfatosenoticias.com.br\/wp-content\/uploads\/2026\/09\/Miniaturas-de-onibus-da-Viacao-Aguia-Branca.jpg\" \/>\n\t<meta property=\"og:image:width\" content=\"800\" \/>\n\t<meta property=\"og:image:height\" content=\"425\" \/>\n\t<meta property=\"og:image:type\" content=\"image\/jpeg\" \/>\n<meta name=\"author\" content=\"Luzimara Fernandes\" \/>\n<meta name=\"twitter:card\" content=\"summary_large_image\" \/>\n<meta name=\"twitter:label1\" content=\"Escrito por\" \/>\n\t<meta name=\"twitter:data1\" content=\"Luzimara Fernandes\" \/>\n\t<meta name=\"twitter:label2\" content=\"Est. tempo de leitura\" \/>\n\t<meta name=\"twitter:data2\" content=\"4 minutos\" \/>\n<script type=\"application\/ld+json\" class=\"yoast-schema-graph\">{\"@context\":\"https:\/\/schema.org\",\"@graph\":[{\"@type\":\"Article\",\"@id\":\"https:\/\/jornalfatosenoticias.com.br\/index.php\/2026\/09\/01\/miniaturas-de-onibus-recontam-80-anos-da-viacao-aguia-branca-em-exposicao-itinerante-pelo-brasil\/#article\",\"isPartOf\":{\"@id\":\"https:\/\/jornalfatosenoticias.com.br\/index.php\/2026\/09\/01\/miniaturas-de-onibus-recontam-80-anos-da-viacao-aguia-branca-em-exposicao-itinerante-pelo-brasil\/\"},\"author\":{\"name\":\"Luzimara Fernandes\",\"@id\":\"https:\/\/jornalfatosenoticias.com.br\/#\/schema\/person\/d63837fa13ac8666eb9e74e0985d6f81\"},\"headline\":\"Miniaturas de \u00f4nibus recontam 80 anos da Via\u00e7\u00e3o \u00c1guia Branca em exposi\u00e7\u00e3o itinerante pelo Brasil\",\"datePublished\":\"2026-09-01T22:18:10+00:00\",\"dateModified\":\"2026-09-01T22:18:11+00:00\",\"mainEntityOfPage\":{\"@id\":\"https:\/\/jornalfatosenoticias.com.br\/index.php\/2026\/09\/01\/miniaturas-de-onibus-recontam-80-anos-da-viacao-aguia-branca-em-exposicao-itinerante-pelo-brasil\/\"},\"wordCount\":589,\"commentCount\":0,\"publisher\":{\"@id\":\"https:\/\/jornalfatosenoticias.com.br\/#organization\"},\"image\":{\"@id\":\"https:\/\/jornalfatosenoticias.com.br\/index.php\/2026\/09\/01\/miniaturas-de-onibus-recontam-80-anos-da-viacao-aguia-branca-em-exposicao-itinerante-pelo-brasil\/#primaryimage\"},\"thumbnailUrl\":\"https:\/\/jornalfatosenoticias.com.br\/wp-content\/uploads\/2026\/09\/Miniaturas-de-onibus-da-Viacao-Aguia-Branca.jpg\",\"keywords\":[\"exposi\u00e7\u00e3o\",\"miniaturas\",\"miniaturas de \u00f4nibus\",\"\u00f4nibus\",\"Via\u00e7\u00e3o \u00c1guia Branca\",\"Vit\u00f3ria\"],\"articleSection\":[\"Cultura\"],\"inLanguage\":\"pt-BR\",\"potentialAction\":[{\"@type\":\"CommentAction\",\"name\":\"Comment\",\"target\":[\"https:\/\/jornalfatosenoticias.com.br\/index.php\/2026\/09\/01\/miniaturas-de-onibus-recontam-80-anos-da-viacao-aguia-branca-em-exposicao-itinerante-pelo-brasil\/#respond\"]}]},{\"@type\":\"WebPage\",\"@id\":\"https:\/\/jornalfatosenoticias.com.br\/index.php\/2026\/09\/01\/miniaturas-de-onibus-recontam-80-anos-da-viacao-aguia-branca-em-exposicao-itinerante-pelo-brasil\/\",\"url\":\"https:\/\/jornalfatosenoticias.com.br\/index.php\/2026\/09\/01\/miniaturas-de-onibus-recontam-80-anos-da-viacao-aguia-branca-em-exposicao-itinerante-pelo-brasil\/\",\"name\":\"Miniaturas de \u00f4nibus recontam 80 anos da Via\u00e7\u00e3o \u00c1guia Branca em exposi\u00e7\u00e3o itinerante pelo Brasil - Jornal Fatos e Not\u00edcias\",\"isPartOf\":{\"@id\":\"https:\/\/jornalfatosenoticias.com.br\/#website\"},\"primaryImageOfPage\":{\"@id\":\"https:\/\/jornalfatosenoticias.com.br\/index.php\/2026\/09\/01\/miniaturas-de-onibus-recontam-80-anos-da-viacao-aguia-branca-em-exposicao-itinerante-pelo-brasil\/#primaryimage\"},\"image\":{\"@id\":\"https:\/\/jornalfatosenoticias.com.br\/index.php\/2026\/09\/01\/miniaturas-de-onibus-recontam-80-anos-da-viacao-aguia-branca-em-exposicao-itinerante-pelo-brasil\/#primaryimage\"},\"thumbnailUrl\":\"https:\/\/jornalfatosenoticias.com.br\/wp-content\/uploads\/2026\/09\/Miniaturas-de-onibus-da-Viacao-Aguia-Branca.jpg\",\"datePublished\":\"2026-09-01T22:18:10+00:00\",\"dateModified\":\"2026-09-01T22:18:11+00:00\",\"breadcrumb\":{\"@id\":\"https:\/\/jornalfatosenoticias.com.br\/index.php\/2026\/09\/01\/miniaturas-de-onibus-recontam-80-anos-da-viacao-aguia-branca-em-exposicao-itinerante-pelo-brasil\/#breadcrumb\"},\"inLanguage\":\"pt-BR\",\"potentialAction\":[{\"@type\":\"ReadAction\",\"target\":[\"https:\/\/jornalfatosenoticias.com.br\/index.php\/2026\/09\/01\/miniaturas-de-onibus-recontam-80-anos-da-viacao-aguia-branca-em-exposicao-itinerante-pelo-brasil\/\"]}]},{\"@type\":\"ImageObject\",\"inLanguage\":\"pt-BR\",\"@id\":\"https:\/\/jornalfatosenoticias.com.br\/index.php\/2026\/09\/01\/miniaturas-de-onibus-recontam-80-anos-da-viacao-aguia-branca-em-exposicao-itinerante-pelo-brasil\/#primaryimage\",\"url\":\"https:\/\/jornalfatosenoticias.com.br\/wp-content\/uploads\/2026\/09\/Miniaturas-de-onibus-da-Viacao-Aguia-Branca.jpg\",\"contentUrl\":\"https:\/\/jornalfatosenoticias.com.br\/wp-content\/uploads\/2026\/09\/Miniaturas-de-onibus-da-Viacao-Aguia-Branca.jpg\",\"width\":800,\"height\":425},{\"@type\":\"BreadcrumbList\",\"@id\":\"https:\/\/jornalfatosenoticias.com.br\/index.php\/2026\/09\/01\/miniaturas-de-onibus-recontam-80-anos-da-viacao-aguia-branca-em-exposicao-itinerante-pelo-brasil\/#breadcrumb\",\"itemListElement\":[{\"@type\":\"ListItem\",\"position\":1,\"name\":\"In\u00edcio\",\"item\":\"https:\/\/jornalfatosenoticias.com.br\/\"},{\"@type\":\"ListItem\",\"position\":2,\"name\":\"Miniaturas de \u00f4nibus recontam 80 anos da Via\u00e7\u00e3o \u00c1guia Branca em exposi\u00e7\u00e3o itinerante pelo Brasil\"}]},{\"@type\":\"WebSite\",\"@id\":\"https:\/\/jornalfatosenoticias.com.br\/#website\",\"url\":\"https:\/\/jornalfatosenoticias.com.br\/\",\"name\":\"Jornal Fatos e Not\u00edcias\",\"description\":\"Not\u00edcias em geral\",\"publisher\":{\"@id\":\"https:\/\/jornalfatosenoticias.com.br\/#organization\"},\"potentialAction\":[{\"@type\":\"SearchAction\",\"target\":{\"@type\":\"EntryPoint\",\"urlTemplate\":\"https:\/\/jornalfatosenoticias.com.br\/?s={search_term_string}\"},\"query-input\":{\"@type\":\"PropertyValueSpecification\",\"valueRequired\":true,\"valueName\":\"search_term_string\"}}],\"inLanguage\":\"pt-BR\"},{\"@type\":\"Organization\",\"@id\":\"https:\/\/jornalfatosenoticias.com.br\/#organization\",\"name\":\"Jornal Fatos e Not\u00edcias\",\"url\":\"https:\/\/jornalfatosenoticias.com.br\/\",\"logo\":{\"@type\":\"ImageObject\",\"inLanguage\":\"pt-BR\",\"@id\":\"https:\/\/jornalfatosenoticias.com.br\/#\/schema\/logo\/image\/\",\"url\":\"https:\/\/jornalfatosenoticias.com.br\/wp-content\/uploads\/2020\/02\/logo120.png\",\"contentUrl\":\"https:\/\/jornalfatosenoticias.com.br\/wp-content\/uploads\/2020\/02\/logo120.png\",\"width\":1227,\"height\":120,\"caption\":\"Jornal Fatos e Not\u00edcias\"},\"image\":{\"@id\":\"https:\/\/jornalfatosenoticias.com.br\/#\/schema\/logo\/image\/\"}},{\"@type\":\"Person\",\"@id\":\"https:\/\/jornalfatosenoticias.com.br\/#\/schema\/person\/d63837fa13ac8666eb9e74e0985d6f81\",\"name\":\"Luzimara Fernandes\",\"image\":{\"@type\":\"ImageObject\",\"inLanguage\":\"pt-BR\",\"@id\":\"https:\/\/jornalfatosenoticias.com.br\/#\/schema\/person\/image\/\",\"url\":\"https:\/\/jornalfatosenoticias.com.br\/wp-content\/uploads\/2025\/05\/EU_portal.jpg\",\"contentUrl\":\"https:\/\/jornalfatosenoticias.com.br\/wp-content\/uploads\/2025\/05\/EU_portal.jpg\",\"caption\":\"Luzimara Fernandes\"},\"description\":\"Jornalista MTB 2358-ES\",\"sameAs\":[\"https:\/\/jornalfatosenoticias.com.br\"],\"url\":\"https:\/\/jornalfatosenoticias.com.br\/index.php\/author\/luzimara\/\"}]}<\/script>\n<!-- \/ Yoast SEO plugin. -->","yoast_head_json":{"title":"Miniaturas de \u00f4nibus recontam 80 anos da Via\u00e7\u00e3o \u00c1guia Branca em exposi\u00e7\u00e3o itinerante pelo Brasil - Jornal Fatos e Not\u00edcias","robots":{"index":"index","follow":"follow","max-snippet":"max-snippet:-1","max-image-preview":"max-image-preview:large","max-video-preview":"max-video-preview:-1"},"canonical":"https:\/\/jornalfatosenoticias.com.br\/index.php\/2026\/09\/01\/miniaturas-de-onibus-recontam-80-anos-da-viacao-aguia-branca-em-exposicao-itinerante-pelo-brasil\/","og_locale":"pt_BR","og_type":"article","og_title":"Miniaturas de \u00f4nibus recontam 80 anos da Via\u00e7\u00e3o \u00c1guia Branca em exposi\u00e7\u00e3o itinerante pelo Brasil - Jornal Fatos e Not\u00edcias","og_description":"Mostra gratuita come\u00e7a em Vit\u00f3ria, no Esp\u00edrito Santo, no dia 4 de setembro, e percorrer\u00e1 outros estados at\u00e9 dezembro de 2026 Por Assessoria A partir de sexta-feira (4), passageiros que passarem pelas Salas VIP da Via\u00e7\u00e3o \u00c1guia Branca, instaladas em rodovi\u00e1rias de v\u00e1rias cidades do pa\u00eds, poder\u00e3o conhecer 10 miniaturas de \u00f4nibus que representam diferentes [&hellip;]","og_url":"https:\/\/jornalfatosenoticias.com.br\/index.php\/2026\/09\/01\/miniaturas-de-onibus-recontam-80-anos-da-viacao-aguia-branca-em-exposicao-itinerante-pelo-brasil\/","og_site_name":"Jornal Fatos e Not\u00edcias","article_published_time":"2026-09-01T22:18:10+00:00","article_modified_time":"2026-09-01T22:18:11+00:00","og_image":[{"width":800,"height":425,"url":"https:\/\/jornalfatosenoticias.com.br\/wp-content\/uploads\/2026\/09\/Miniaturas-de-onibus-da-Viacao-Aguia-Branca.jpg","type":"image\/jpeg"}],"author":"Luzimara Fernandes","twitter_card":"summary_large_image","twitter_misc":{"Escrito por":"Luzimara Fernandes","Est. tempo de leitura":"4 minutos"},"schema":{"@context":"https:\/\/schema.org","@graph":[{"@type":"Article","@id":"https:\/\/jornalfatosenoticias.com.br\/index.php\/2026\/09\/01\/miniaturas-de-onibus-recontam-80-anos-da-viacao-aguia-branca-em-exposicao-itinerante-pelo-brasil\/#article","isPartOf":{"@id":"https:\/\/jornalfatosenoticias.com.br\/index.php\/2026\/09\/01\/miniaturas-de-onibus-recontam-80-anos-da-viacao-aguia-branca-em-exposicao-itinerante-pelo-brasil\/"},"author":{"name":"Luzimara Fernandes","@id":"https:\/\/jornalfatosenoticias.com.br\/#\/schema\/person\/d63837fa13ac8666eb9e74e0985d6f81"},"headline":"Miniaturas de \u00f4nibus recontam 80 anos da Via\u00e7\u00e3o \u00c1guia Branca em exposi\u00e7\u00e3o itinerante pelo Brasil","datePublished":"2026-09-01T22:18:10+00:00","dateModified":"2026-09-01T22:18:11+00:00","mainEntityOfPage":{"@id":"https:\/\/jornalfatosenoticias.com.br\/index.php\/2026\/09\/01\/miniaturas-de-onibus-recontam-80-anos-da-viacao-aguia-branca-em-exposicao-itinerante-pelo-brasil\/"},"wordCount":589,"commentCount":0,"publisher":{"@id":"https:\/\/jornalfatosenoticias.com.br\/#organization"},"image":{"@id":"https:\/\/jornalfatosenoticias.com.br\/index.php\/2026\/09\/01\/miniaturas-de-onibus-recontam-80-anos-da-viacao-aguia-branca-em-exposicao-itinerante-pelo-brasil\/#primaryimage"},"thumbnailUrl":"https:\/\/jornalfatosenoticias.com.br\/wp-content\/uploads\/2026\/09\/Miniaturas-de-onibus-da-Viacao-Aguia-Branca.jpg","keywords":["exposi\u00e7\u00e3o","miniaturas","miniaturas de \u00f4nibus","\u00f4nibus","Via\u00e7\u00e3o \u00c1guia Branca","Vit\u00f3ria"],"articleSection":["Cultura"],"inLanguage":"pt-BR","potentialAction":[{"@type":"CommentAction","name":"Comment","target":["https:\/\/jornalfatosenoticias.com.br\/index.php\/2026\/09\/01\/miniaturas-de-onibus-recontam-80-anos-da-viacao-aguia-branca-em-exposicao-itinerante-pelo-brasil\/#respond"]}]},{"@type":"WebPage","@id":"https:\/\/jornalfatosenoticias.com.br\/index.php\/2026\/09\/01\/miniaturas-de-onibus-recontam-80-anos-da-viacao-aguia-branca-em-exposicao-itinerante-pelo-brasil\/","url":"https:\/\/jornalfatosenoticias.com.br\/index.php\/2026\/09\/01\/miniaturas-de-onibus-recontam-80-anos-da-viacao-aguia-branca-em-exposicao-itinerante-pelo-brasil\/","name":"Miniaturas de \u00f4nibus recontam 80 anos da Via\u00e7\u00e3o \u00c1guia Branca em exposi\u00e7\u00e3o itinerante pelo Brasil - Jornal Fatos e Not\u00edcias","isPartOf":{"@id":"https:\/\/jornalfatosenoticias.com.br\/#website"},"primaryImageOfPage":{"@id":"https:\/\/jornalfatosenoticias.com.br\/index.php\/2026\/09\/01\/miniaturas-de-onibus-recontam-80-anos-da-viacao-aguia-branca-em-exposicao-itinerante-pelo-brasil\/#primaryimage"},"image":{"@id":"https:\/\/jornalfatosenoticias.com.br\/index.php\/2026\/09\/01\/miniaturas-de-onibus-recontam-80-anos-da-viacao-aguia-branca-em-exposicao-itinerante-pelo-brasil\/#primaryimage"},"thumbnailUrl":"https:\/\/jornalfatosenoticias.com.br\/wp-content\/uploads\/2026\/09\/Miniaturas-de-onibus-da-Viacao-Aguia-Branca.jpg","datePublished":"2026-09-01T22:18:10+00:00","dateModified":"2026-09-01T22:18:11+00:00","breadcrumb":{"@id":"https:\/\/jornalfatosenoticias.com.br\/index.php\/2026\/09\/01\/miniaturas-de-onibus-recontam-80-anos-da-viacao-aguia-branca-em-exposicao-itinerante-pelo-brasil\/#breadcrumb"},"inLanguage":"pt-BR","potentialAction":[{"@type":"ReadAction","target":["https:\/\/jornalfatosenoticias.com.br\/index.php\/2026\/09\/01\/miniaturas-de-onibus-recontam-80-anos-da-viacao-aguia-branca-em-exposicao-itinerante-pelo-brasil\/"]}]},{"@type":"ImageObject","inLanguage":"pt-BR","@id":"https:\/\/jornalfatosenoticias.com.br\/index.php\/2026\/09\/01\/miniaturas-de-onibus-recontam-80-anos-da-viacao-aguia-branca-em-exposicao-itinerante-pelo-brasil\/#primaryimage","url":"https:\/\/jornalfatosenoticias.com.br\/wp-content\/uploads\/2026\/09\/Miniaturas-de-onibus-da-Viacao-Aguia-Branca.jpg","contentUrl":"https:\/\/jornalfatosenoticias.com.br\/wp-content\/uploads\/2026\/09\/Miniaturas-de-onibus-da-Viacao-Aguia-Branca.jpg","width":800,"height":425},{"@type":"BreadcrumbList","@id":"https:\/\/jornalfatosenoticias.com.br\/index.php\/2026\/09\/01\/miniaturas-de-onibus-recontam-80-anos-da-viacao-aguia-branca-em-exposicao-itinerante-pelo-brasil\/#breadcrumb","itemListElement":[{"@type":"ListItem","position":1,"name":"In\u00edcio","item":"https:\/\/jornalfatosenoticias.com.br\/"},{"@type":"ListItem","position":2,"name":"Miniaturas de \u00f4nibus recontam 80 anos da Via\u00e7\u00e3o \u00c1guia Branca em exposi\u00e7\u00e3o itinerante pelo Brasil"}]},{"@type":"WebSite","@id":"https:\/\/jornalfatosenoticias.com.br\/#website","url":"https:\/\/jornalfatosenoticias.com.br\/","name":"Jornal Fatos e Not\u00edcias","description":"Not\u00edcias em geral","publisher":{"@id":"https:\/\/jornalfatosenoticias.com.br\/#organization"},"potentialAction":[{"@type":"SearchAction","target":{"@type":"EntryPoint","urlTemplate":"https:\/\/jornalfatosenoticias.com.br\/?s={search_term_string}"},"query-input":{"@type":"PropertyValueSpecification","valueRequired":true,"valueName":"search_term_string"}}],"inLanguage":"pt-BR"},{"@type":"Organization","@id":"https:\/\/jornalfatosenoticias.com.br\/#organization","name":"Jornal Fatos e Not\u00edcias","url":"https:\/\/jornalfatosenoticias.com.br\/","logo":{"@type":"ImageObject","inLanguage":"pt-BR","@id":"https:\/\/jornalfatosenoticias.com.br\/#\/schema\/logo\/image\/","url":"https:\/\/jornalfatosenoticias.com.br\/wp-content\/uploads\/2020\/02\/logo120.png","contentUrl":"https:\/\/jornalfatosenoticias.com.br\/wp-content\/uploads\/2020\/02\/logo120.png","width":1227,"height":120,"caption":"Jornal Fatos e Not\u00edcias"},"image":{"@id":"https:\/\/jornalfatosenoticias.com.br\/#\/schema\/logo\/image\/"}},{"@type":"Person","@id":"https:\/\/jornalfatosenoticias.com.br\/#\/schema\/person\/d63837fa13ac8666eb9e74e0985d6f81","name":"Luzimara Fernandes","image":{"@type":"ImageObject","inLanguage":"pt-BR","@id":"https:\/\/jornalfatosenoticias.com.br\/#\/schema\/person\/image\/","url":"https:\/\/jornalfatosenoticias.com.br\/wp-content\/uploads\/2025\/05\/EU_portal.jpg","contentUrl":"https:\/\/jornalfatosenoticias.com.br\/wp-content\/uploads\/2025\/05\/EU_portal.jpg","caption":"Luzimara Fernandes"},"description":"Jornalista MTB 2358-ES","sameAs":["https:\/\/jornalfatosenoticias.com.br"],"url":"https:\/\/jornalfatosenoticias.com.br\/index.php\/author\/luzimara\/"}]}},"cc_featured_image_caption":{"caption_text":"(Foto: Divulga\u00e7\u00e3o\/Via\u00e7\u00e3o \u00c1guia Branca)","source_text":"","source_url":""},"jetpack_featured_media_url":"https:\/\/jornalfatosenoticias.com.br\/wp-content\/uploads\/2026\/09\/Miniaturas-de-onibus-da-Viacao-Aguia-Branca.jpg","_links":{"self":[{"href":"https:\/\/jornalfatosenoticias.com.br\/index.php\/wp-json\/wp\/v2\/posts\/69555","targetHints":{"allow":["GET"]}}],"collection":[{"href":"https:\/\/jornalfatosenoticias.com.br\/index.php\/wp-json\/wp\/v2\/posts"}],"about":[{"href":"https:\/\/jornalfatosenoticias.com.br\/index.php\/wp-json\/wp\/v2\/types\/post"}],"author":[{"embeddable":true,"href":"https:\/\/jornalfatosenoticias.com.br\/index.php\/wp-json\/wp\/v2\/users\/2"}],"replies":[{"embeddable":true,"href":"https:\/\/jornalfatosenoticias.com.br\/index.php\/wp-json\/wp\/v2\/comments?post=69555"}],"version-history":[{"count":1,"href":"https:\/\/jornalfatosenoticias.com.br\/index.php\/wp-json\/wp\/v2\/posts\/69555\/revisions"}],"predecessor-version":[{"id":69559,"href":"https:\/\/jornalfatosenoticias.com.br\/index.php\/wp-json\/wp\/v2\/posts\/69555\/revisions\/69559"}],"wp:featuredmedia":[{"embeddable":true,"href":"https:\/\/jornalfatosenoticias.com.br\/index.php\/wp-json\/wp\/v2\/media\/69558"}],"wp:attachment":[{"href":"https:\/\/jornalfatosenoticias.com.br\/index.php\/wp-json\/wp\/v2\/media?parent=69555"}],"wp:term":[{"taxonomy":"category","embeddable":true,"href":"https:\/\/jornalfatosenoticias.com.br\/index.php\/wp-json\/wp\/v2\/categories?post=69555"},{"taxonomy":"post_tag","embeddable":true,"href":"https:\/\/jornalfatosenoticias.com.br\/index.php\/wp-json\/wp\/v2\/tags?post=69555"}],"curies":[{"name":"wp","href":"https:\/\/api.w.org\/{rel}","templated":true}]}}