{"id":69560,"date":"2026-09-01T19:37:16","date_gmt":"2026-09-01T22:37:16","guid":{"rendered":"https:\/\/jornalfatosenoticias.com.br\/?p=69560"},"modified":"2026-09-01T19:37:17","modified_gmt":"2026-09-01T22:37:17","slug":"vale-apresenta-estudo-para-destravar-mineracao-brasileira-e-gerar-23-milhoes-de-empregos-ate-2035","status":"publish","type":"post","link":"https:\/\/jornalfatosenoticias.com.br\/index.php\/2026\/09\/01\/vale-apresenta-estudo-para-destravar-mineracao-brasileira-e-gerar-23-milhoes-de-empregos-ate-2035\/","title":{"rendered":"Vale apresenta estudo para destravar minera\u00e7\u00e3o brasileira e gerar 2,3 milh\u00f5es de empregos at\u00e9 2035"},"content":{"rendered":"\n<p><em><mark style=\"background-color:rgba(0, 0, 0, 0)\" class=\"has-inline-color has-black-color\">Proposta re\u00fane 15 medidas para ampliar investimentos, produ\u00e7\u00e3o mineral e competitividade do Brasil<\/mark><\/em><\/p>\n\n\n\n<p><mark style=\"background-color:rgba(0, 0, 0, 0)\" class=\"has-inline-color has-black-color\">Por <strong><a href=\"https:\/\/revistamineracao.com.br\/author\/tamires\/\">Tamires Oliveira<\/a><\/strong><\/mark><\/p>\n\n\n\n<p>A <strong>Vale<\/strong> apresentou um conjunto de propostas para ampliar o potencial da minera\u00e7\u00e3o brasileira e estimular novos investimentos no setor. Elaborado com participa\u00e7\u00e3o da consultoria Accenture, o plano prev\u00ea a cria\u00e7\u00e3o de at\u00e9 2,3 milh\u00f5es de novos empregos, elevando para aproximadamente 5,3 milh\u00f5es o total de postos de trabalho diretos, indiretos e induzidos relacionados \u00e0 minera\u00e7\u00e3o at\u00e9 2035. Batizado de \u201cDestravando o Potencial da Minera\u00e7\u00e3o no Brasil\u201d, o estudo foi apresentado durante um f\u00f3rum realizado em Bras\u00edlia. O evento reuniu representantes do governo federal, empresas do setor mineral e especialistas em infraestrutura e competitividade.<br>A proposta tamb\u00e9m estima um avan\u00e7o expressivo na arrecada\u00e7\u00e3o de impostos. Segundo a Vale, o setor poderia elevar a contribui\u00e7\u00e3o fiscal de R$ 750 bilh\u00f5es registrados na \u00faltima d\u00e9cada para R$ 1,3 trilh\u00e3o entre 2026 e 2035. O relat\u00f3rio ser\u00e1 encaminhado aos candidatos \u00e0 Presid\u00eancia da Rep\u00fablica nas elei\u00e7\u00f5es de 2026.<br>De acordo com as proje\u00e7\u00f5es apresentadas pela companhia, a produ\u00e7\u00e3o mineral anual brasileira poderia avan\u00e7ar dos atuais R$ 300 bilh\u00f5es para at\u00e9 R$ 535 bilh\u00f5es em 2035, caso sejam adotadas medidas coordenadas entre governo, empresas e sociedade. A Vale avalia que esse crescimento teria reflexos sobre o mercado de trabalho e sobre a capacidade de gera\u00e7\u00e3o de renda e arrecada\u00e7\u00e3o do pa\u00eds. O impacto total da minera\u00e7\u00e3o sobre o emprego, estimado atualmente em cerca de tr\u00eas milh\u00f5es de postos, poderia chegar a at\u00e9 5,3 milh\u00f5es de vagas no horizonte projetado.<br>A empresa tamb\u00e9m destacou o potencial de transforma\u00e7\u00e3o da arrecada\u00e7\u00e3o adicional em investimentos p\u00fablicos. Segundo o estudo, os R$ 550 bilh\u00f5es de diferen\u00e7a entre os valores poderiam equivaler, por exemplo, \u00e0 constru\u00e7\u00e3o de 23,1 milh\u00f5es de vagas em escolas de per\u00edodo integral, 17,2 milh\u00f5es de vagas em creches, 478 mil quil\u00f4metros de vias asfaltadas ou 870 mil leitos hospitalares.<\/p>\n\n\n<div class=\"wp-block-image\">\n<figure class=\"aligncenter size-full is-resized\"><a href=\"https:\/\/www.delpupometalmecanica.com.br\/\"><img loading=\"lazy\" decoding=\"async\" width=\"1000\" height=\"525\" src=\"https:\/\/jornalfatosenoticias.com.br\/wp-content\/uploads\/2026\/01\/delpupo-logo.jpg\" alt=\"\" class=\"wp-image-64770\" style=\"width:451px;height:auto\" srcset=\"https:\/\/jornalfatosenoticias.com.br\/wp-content\/uploads\/2026\/01\/delpupo-logo.jpg 1000w, https:\/\/jornalfatosenoticias.com.br\/wp-content\/uploads\/2026\/01\/delpupo-logo-300x158.jpg 300w, https:\/\/jornalfatosenoticias.com.br\/wp-content\/uploads\/2026\/01\/delpupo-logo-768x403.jpg 768w\" sizes=\"auto, (max-width: 1000px) 100vw, 1000px\" \/><\/a><\/figure>\n<\/div>\n\n\n<p>O documento apresenta 15 iniciativas estrat\u00e9gicas distribu\u00eddas em quatro agendas priorit\u00e1rias. Entre os temas est\u00e3o o aperfei\u00e7oamento do licenciamento ambiental, infraestrutura, energia, seguran\u00e7a regulat\u00f3ria, tributa\u00e7\u00e3o e desenvolvimento das comunidades onde existem opera\u00e7\u00f5es miner\u00e1rias. Na \u00e1rea de licenciamento e fundamentos da minera\u00e7\u00e3o, a proposta prev\u00ea a padroniza\u00e7\u00e3o e otimiza\u00e7\u00e3o dos processos, al\u00e9m do fortalecimento de \u00f3rg\u00e3os como Ibama, Iphan, ICMBio, Funai e secretarias estaduais de Meio Ambiente.<br>O plano tamb\u00e9m prop\u00f5e modernizar a an\u00e1lise dos processos miner\u00e1rios e ampliar a parceria entre o Servi\u00e7o Geol\u00f3gico Brasileiro (SGB) e empresas para o mapeamento geol\u00f3gico do territ\u00f3rio nacional. Na agenda de cadeia mineral integrada, as medidas incluem a cria\u00e7\u00e3o de mecanismos para estimular a transforma\u00e7\u00e3o mineral, melhores condi\u00e7\u00f5es de energia para uma minera\u00e7\u00e3o de baixo carbono e um plano diretor de infraestrutura espec\u00edfico para o setor.<br>J\u00e1 no eixo de ambiente de neg\u00f3cios e seguran\u00e7a institucional, a Vale defende a implementa\u00e7\u00e3o de uma Pol\u00edtica Nacional de Minerais Cr\u00edticos e Estrat\u00e9gicos, a moderniza\u00e7\u00e3o das regras relacionadas a cavidades, a atualiza\u00e7\u00e3o das normas de seguran\u00e7a para est\u00e9reis e rejeitos e o fortalecimento da Ag\u00eancia Nacional de Minera\u00e7\u00e3o (ANM).<\/p>\n\n\n<div class=\"wp-block-image\">\n<figure class=\"aligncenter size-full\"><img loading=\"lazy\" decoding=\"async\" width=\"1000\" height=\"750\" src=\"https:\/\/jornalfatosenoticias.com.br\/wp-content\/uploads\/2026\/09\/gustavo-pimenta.jpg\" alt=\"\" class=\"wp-image-69561\" srcset=\"https:\/\/jornalfatosenoticias.com.br\/wp-content\/uploads\/2026\/09\/gustavo-pimenta.jpg 1000w, https:\/\/jornalfatosenoticias.com.br\/wp-content\/uploads\/2026\/09\/gustavo-pimenta-300x225.jpg 300w, https:\/\/jornalfatosenoticias.com.br\/wp-content\/uploads\/2026\/09\/gustavo-pimenta-768x576.jpg 768w\" sizes=\"auto, (max-width: 1000px) 100vw, 1000px\" \/><figcaption class=\"wp-element-caption\"><mark style=\"background-color:rgba(0, 0, 0, 0)\" class=\"has-inline-color has-black-color\">Gustavo Pimenta, presidente da Vale (Foto: Divulga\u00e7\u00e3o Vale)<\/mark><\/figcaption><\/figure>\n<\/div>\n\n\n<p>O quarto eixo, chamado de valor compartilhado, contempla a cria\u00e7\u00e3o de um programa para melhorar a aplica\u00e7\u00e3o da CFEM, defini\u00e7\u00e3o de projetos estruturantes com contrapartidas socioambientais e fortalecimento de pr\u00e1ticas de minera\u00e7\u00e3o respons\u00e1vel. O estudo tamb\u00e9m aborda a import\u00e2ncia de minerais considerados estrat\u00e9gicos para a transi\u00e7\u00e3o energ\u00e9tica e para o desenvolvimento tecnol\u00f3gico. Entre eles est\u00e3o l\u00edtio, n\u00edquel, grafite, cobre, cobalto e terras raras, utilizados em baterias, energias renov\u00e1veis e diferentes tecnologias avan\u00e7adas.<br>O governo federal tamb\u00e9m considera estrat\u00e9gicos minerais utilizados na produ\u00e7\u00e3o de fertilizantes, como pot\u00e1ssio e fosfato. O Minist\u00e9rio de Minas e Energia (MME) avalia que investimentos estrangeiros e coopera\u00e7\u00e3o internacional podem ajudar a fortalecer cadeias produtivas, ampliar a inova\u00e7\u00e3o e impulsionar o desenvolvimento industrial e tecnol\u00f3gico brasileiro. Outro ponto considerado estrat\u00e9gico \u00e9 o desenvolvimento do chamado <em>Midstream,<\/em> etapa que envolve separa\u00e7\u00e3o, purifica\u00e7\u00e3o, refino e transforma\u00e7\u00e3o dos minerais em \u00f3xidos, metais e ligas.<br>Segundo levantamento do MME divulgado em junho, o fortalecimento dessa etapa \u00e9 necess\u00e1rio para ampliar a participa\u00e7\u00e3o do Brasil nas cadeias globais de minerais cr\u00edticos. No curto prazo, entre as prioridades est\u00e3o o fortalecimento da minera\u00e7\u00e3o, o avan\u00e7o da intelig\u00eancia geol\u00f3gica e a cria\u00e7\u00e3o de mecanismos para reduzir riscos dos investimentos. O governo tamb\u00e9m aguarda a aprova\u00e7\u00e3o do marco legal dos minerais cr\u00edticos, que ainda tramita no Congresso Nacional. Para Gustavo Pimenta, presidente da Vale, a minera\u00e7\u00e3o pode contribuir para que o Brasil aproveite a atual janela de oportunidade do mercado global, combinando gera\u00e7\u00e3o de empregos e renda com crescimento econ\u00f4mico e prote\u00e7\u00e3o ambiental.<\/p>\n\n\n<div class=\"wp-block-image\">\n<figure class=\"aligncenter size-large\"><a href=\"https:\/\/mizu.com.br\/\"><img loading=\"lazy\" decoding=\"async\" width=\"1024\" height=\"99\" src=\"https:\/\/jornalfatosenoticias.com.br\/wp-content\/uploads\/2020\/02\/Logo-Mizu-segunda-2-1024x99.png\" alt=\"\" class=\"wp-image-2353\" srcset=\"https:\/\/jornalfatosenoticias.com.br\/wp-content\/uploads\/2020\/02\/Logo-Mizu-segunda-2-1024x99.png 1024w, https:\/\/jornalfatosenoticias.com.br\/wp-content\/uploads\/2020\/02\/Logo-Mizu-segunda-2-300x29.png 300w, https:\/\/jornalfatosenoticias.com.br\/wp-content\/uploads\/2020\/02\/Logo-Mizu-segunda-2-768x74.png 768w, https:\/\/jornalfatosenoticias.com.br\/wp-content\/uploads\/2020\/02\/Logo-Mizu-segunda-2.png 1240w\" sizes=\"auto, (max-width: 1024px) 100vw, 1024px\" \/><\/a><\/figure>\n<\/div>\n\n\n<p><strong>Fonte: <a href=\"https:\/\/revistamineracao.com.br\/2026\/08\/19\/vale-apresenta-estudo-para-destravar-mineracao-brasileira-e-gerar-23-milhoes-de-empregos-ate-2035\/\">Revista Minera\u00e7\u00e3o<\/a><\/strong><\/p>\n","protected":false},"excerpt":{"rendered":"<p>Proposta re\u00fane 15 medidas para ampliar investimentos, produ\u00e7\u00e3o mineral e competitividade do Brasil Por Tamires Oliveira A Vale apresentou um conjunto de propostas para ampliar o potencial da minera\u00e7\u00e3o brasileira e estimular novos investimentos no setor. Elaborado com participa\u00e7\u00e3o da consultoria Accenture, o plano prev\u00ea a cria\u00e7\u00e3o de at\u00e9 2,3 milh\u00f5es de novos empregos, elevando [&hellip;]<\/p>\n","protected":false},"author":2,"featured_media":69562,"comment_status":"open","ping_status":"open","sticky":false,"template":"","format":"standard","meta":{"footnotes":""},"categories":[9,29603],"tags":[31819,31818,30550,31821,10600,31802,31820,28015,31822,290],"class_list":["post-69560","post","type-post","status-publish","format-standard","has-post-thumbnail","hentry","category-economia","category-mineracao","tag-empregos-na-mineracao","tag-fundo-vale","tag-gustavo-pimenta","tag-investimentos-em-mineracao","tag-mineracao","tag-mineracao-brasileira","tag-mineracao-no-brasil","tag-minerais-criticos","tag-producao-mineral","tag-vale"],"yoast_head":"<!-- This site is optimized with the Yoast SEO plugin v26.5 - https:\/\/yoast.com\/wordpress\/plugins\/seo\/ -->\n<title>Vale apresenta estudo para destravar minera\u00e7\u00e3o brasileira e gerar 2,3 milh\u00f5es de empregos at\u00e9 2035 - Jornal Fatos e Not\u00edcias<\/title>\n<meta name=\"robots\" content=\"index, follow, max-snippet:-1, max-image-preview:large, max-video-preview:-1\" \/>\n<link rel=\"canonical\" href=\"https:\/\/jornalfatosenoticias.com.br\/index.php\/2026\/09\/01\/vale-apresenta-estudo-para-destravar-mineracao-brasileira-e-gerar-23-milhoes-de-empregos-ate-2035\/\" \/>\n<meta property=\"og:locale\" content=\"pt_BR\" \/>\n<meta property=\"og:type\" content=\"article\" \/>\n<meta property=\"og:title\" content=\"Vale apresenta estudo para destravar minera\u00e7\u00e3o brasileira e gerar 2,3 milh\u00f5es de empregos at\u00e9 2035 - Jornal Fatos e Not\u00edcias\" \/>\n<meta property=\"og:description\" content=\"Proposta re\u00fane 15 medidas para ampliar investimentos, produ\u00e7\u00e3o mineral e competitividade do Brasil Por Tamires Oliveira A Vale apresentou um conjunto de propostas para ampliar o potencial da minera\u00e7\u00e3o brasileira e estimular novos investimentos no setor. Elaborado com participa\u00e7\u00e3o da consultoria Accenture, o plano prev\u00ea a cria\u00e7\u00e3o de at\u00e9 2,3 milh\u00f5es de novos empregos, elevando [&hellip;]\" \/>\n<meta property=\"og:url\" content=\"https:\/\/jornalfatosenoticias.com.br\/index.php\/2026\/09\/01\/vale-apresenta-estudo-para-destravar-mineracao-brasileira-e-gerar-23-milhoes-de-empregos-ate-2035\/\" \/>\n<meta property=\"og:site_name\" content=\"Jornal Fatos e Not\u00edcias\" \/>\n<meta property=\"article:published_time\" content=\"2026-09-01T22:37:16+00:00\" \/>\n<meta property=\"article:modified_time\" content=\"2026-09-01T22:37:17+00:00\" \/>\n<meta property=\"og:image\" content=\"https:\/\/jornalfatosenoticias.com.br\/wp-content\/uploads\/2026\/09\/Vale-destravar-mineracao-brasileira.png\" \/>\n\t<meta property=\"og:image:width\" content=\"1000\" \/>\n\t<meta property=\"og:image:height\" content=\"667\" \/>\n\t<meta property=\"og:image:type\" content=\"image\/png\" \/>\n<meta name=\"author\" content=\"Luzimara Fernandes\" \/>\n<meta name=\"twitter:card\" content=\"summary_large_image\" \/>\n<meta name=\"twitter:label1\" content=\"Escrito por\" \/>\n\t<meta name=\"twitter:data1\" content=\"Luzimara Fernandes\" \/>\n\t<meta name=\"twitter:label2\" content=\"Est. tempo de leitura\" \/>\n\t<meta name=\"twitter:data2\" content=\"5 minutos\" \/>\n<script type=\"application\/ld+json\" class=\"yoast-schema-graph\">{\"@context\":\"https:\/\/schema.org\",\"@graph\":[{\"@type\":\"Article\",\"@id\":\"https:\/\/jornalfatosenoticias.com.br\/index.php\/2026\/09\/01\/vale-apresenta-estudo-para-destravar-mineracao-brasileira-e-gerar-23-milhoes-de-empregos-ate-2035\/#article\",\"isPartOf\":{\"@id\":\"https:\/\/jornalfatosenoticias.com.br\/index.php\/2026\/09\/01\/vale-apresenta-estudo-para-destravar-mineracao-brasileira-e-gerar-23-milhoes-de-empregos-ate-2035\/\"},\"author\":{\"name\":\"Luzimara Fernandes\",\"@id\":\"https:\/\/jornalfatosenoticias.com.br\/#\/schema\/person\/d63837fa13ac8666eb9e74e0985d6f81\"},\"headline\":\"Vale apresenta estudo para destravar minera\u00e7\u00e3o brasileira e gerar 2,3 milh\u00f5es de empregos at\u00e9 2035\",\"datePublished\":\"2026-09-01T22:37:16+00:00\",\"dateModified\":\"2026-09-01T22:37:17+00:00\",\"mainEntityOfPage\":{\"@id\":\"https:\/\/jornalfatosenoticias.com.br\/index.php\/2026\/09\/01\/vale-apresenta-estudo-para-destravar-mineracao-brasileira-e-gerar-23-milhoes-de-empregos-ate-2035\/\"},\"wordCount\":875,\"commentCount\":0,\"publisher\":{\"@id\":\"https:\/\/jornalfatosenoticias.com.br\/#organization\"},\"image\":{\"@id\":\"https:\/\/jornalfatosenoticias.com.br\/index.php\/2026\/09\/01\/vale-apresenta-estudo-para-destravar-mineracao-brasileira-e-gerar-23-milhoes-de-empregos-ate-2035\/#primaryimage\"},\"thumbnailUrl\":\"https:\/\/jornalfatosenoticias.com.br\/wp-content\/uploads\/2026\/09\/Vale-destravar-mineracao-brasileira.png\",\"keywords\":[\"empregos na minera\u00e7\u00e3o\",\"Fundo Vale\",\"Gustavo Pimenta\",\"investimentos em minera\u00e7\u00e3o\",\"minera\u00e7\u00e3o\",\"minera\u00e7\u00e3o brasileira\",\"minera\u00e7\u00e3o no Brasil\",\"minerais cr\u00edticos\",\"produ\u00e7\u00e3o mineral\",\"Vale\"],\"articleSection\":[\"Economia\",\"Minera\u00e7\u00e3o\"],\"inLanguage\":\"pt-BR\",\"potentialAction\":[{\"@type\":\"CommentAction\",\"name\":\"Comment\",\"target\":[\"https:\/\/jornalfatosenoticias.com.br\/index.php\/2026\/09\/01\/vale-apresenta-estudo-para-destravar-mineracao-brasileira-e-gerar-23-milhoes-de-empregos-ate-2035\/#respond\"]}]},{\"@type\":\"WebPage\",\"@id\":\"https:\/\/jornalfatosenoticias.com.br\/index.php\/2026\/09\/01\/vale-apresenta-estudo-para-destravar-mineracao-brasileira-e-gerar-23-milhoes-de-empregos-ate-2035\/\",\"url\":\"https:\/\/jornalfatosenoticias.com.br\/index.php\/2026\/09\/01\/vale-apresenta-estudo-para-destravar-mineracao-brasileira-e-gerar-23-milhoes-de-empregos-ate-2035\/\",\"name\":\"Vale apresenta estudo para destravar minera\u00e7\u00e3o brasileira e gerar 2,3 milh\u00f5es de empregos at\u00e9 2035 - Jornal Fatos e Not\u00edcias\",\"isPartOf\":{\"@id\":\"https:\/\/jornalfatosenoticias.com.br\/#website\"},\"primaryImageOfPage\":{\"@id\":\"https:\/\/jornalfatosenoticias.com.br\/index.php\/2026\/09\/01\/vale-apresenta-estudo-para-destravar-mineracao-brasileira-e-gerar-23-milhoes-de-empregos-ate-2035\/#primaryimage\"},\"image\":{\"@id\":\"https:\/\/jornalfatosenoticias.com.br\/index.php\/2026\/09\/01\/vale-apresenta-estudo-para-destravar-mineracao-brasileira-e-gerar-23-milhoes-de-empregos-ate-2035\/#primaryimage\"},\"thumbnailUrl\":\"https:\/\/jornalfatosenoticias.com.br\/wp-content\/uploads\/2026\/09\/Vale-destravar-mineracao-brasileira.png\",\"datePublished\":\"2026-09-01T22:37:16+00:00\",\"dateModified\":\"2026-09-01T22:37:17+00:00\",\"breadcrumb\":{\"@id\":\"https:\/\/jornalfatosenoticias.com.br\/index.php\/2026\/09\/01\/vale-apresenta-estudo-para-destravar-mineracao-brasileira-e-gerar-23-milhoes-de-empregos-ate-2035\/#breadcrumb\"},\"inLanguage\":\"pt-BR\",\"potentialAction\":[{\"@type\":\"ReadAction\",\"target\":[\"https:\/\/jornalfatosenoticias.com.br\/index.php\/2026\/09\/01\/vale-apresenta-estudo-para-destravar-mineracao-brasileira-e-gerar-23-milhoes-de-empregos-ate-2035\/\"]}]},{\"@type\":\"ImageObject\",\"inLanguage\":\"pt-BR\",\"@id\":\"https:\/\/jornalfatosenoticias.com.br\/index.php\/2026\/09\/01\/vale-apresenta-estudo-para-destravar-mineracao-brasileira-e-gerar-23-milhoes-de-empregos-ate-2035\/#primaryimage\",\"url\":\"https:\/\/jornalfatosenoticias.com.br\/wp-content\/uploads\/2026\/09\/Vale-destravar-mineracao-brasileira.png\",\"contentUrl\":\"https:\/\/jornalfatosenoticias.com.br\/wp-content\/uploads\/2026\/09\/Vale-destravar-mineracao-brasileira.png\",\"width\":1000,\"height\":667},{\"@type\":\"BreadcrumbList\",\"@id\":\"https:\/\/jornalfatosenoticias.com.br\/index.php\/2026\/09\/01\/vale-apresenta-estudo-para-destravar-mineracao-brasileira-e-gerar-23-milhoes-de-empregos-ate-2035\/#breadcrumb\",\"itemListElement\":[{\"@type\":\"ListItem\",\"position\":1,\"name\":\"In\u00edcio\",\"item\":\"https:\/\/jornalfatosenoticias.com.br\/\"},{\"@type\":\"ListItem\",\"position\":2,\"name\":\"Vale apresenta estudo para destravar minera\u00e7\u00e3o brasileira e gerar 2,3 milh\u00f5es de empregos at\u00e9 2035\"}]},{\"@type\":\"WebSite\",\"@id\":\"https:\/\/jornalfatosenoticias.com.br\/#website\",\"url\":\"https:\/\/jornalfatosenoticias.com.br\/\",\"name\":\"Jornal Fatos e Not\u00edcias\",\"description\":\"Not\u00edcias em geral\",\"publisher\":{\"@id\":\"https:\/\/jornalfatosenoticias.com.br\/#organization\"},\"potentialAction\":[{\"@type\":\"SearchAction\",\"target\":{\"@type\":\"EntryPoint\",\"urlTemplate\":\"https:\/\/jornalfatosenoticias.com.br\/?s={search_term_string}\"},\"query-input\":{\"@type\":\"PropertyValueSpecification\",\"valueRequired\":true,\"valueName\":\"search_term_string\"}}],\"inLanguage\":\"pt-BR\"},{\"@type\":\"Organization\",\"@id\":\"https:\/\/jornalfatosenoticias.com.br\/#organization\",\"name\":\"Jornal Fatos e Not\u00edcias\",\"url\":\"https:\/\/jornalfatosenoticias.com.br\/\",\"logo\":{\"@type\":\"ImageObject\",\"inLanguage\":\"pt-BR\",\"@id\":\"https:\/\/jornalfatosenoticias.com.br\/#\/schema\/logo\/image\/\",\"url\":\"https:\/\/jornalfatosenoticias.com.br\/wp-content\/uploads\/2020\/02\/logo120.png\",\"contentUrl\":\"https:\/\/jornalfatosenoticias.com.br\/wp-content\/uploads\/2020\/02\/logo120.png\",\"width\":1227,\"height\":120,\"caption\":\"Jornal Fatos e Not\u00edcias\"},\"image\":{\"@id\":\"https:\/\/jornalfatosenoticias.com.br\/#\/schema\/logo\/image\/\"}},{\"@type\":\"Person\",\"@id\":\"https:\/\/jornalfatosenoticias.com.br\/#\/schema\/person\/d63837fa13ac8666eb9e74e0985d6f81\",\"name\":\"Luzimara Fernandes\",\"image\":{\"@type\":\"ImageObject\",\"inLanguage\":\"pt-BR\",\"@id\":\"https:\/\/jornalfatosenoticias.com.br\/#\/schema\/person\/image\/\",\"url\":\"https:\/\/jornalfatosenoticias.com.br\/wp-content\/uploads\/2025\/05\/EU_portal.jpg\",\"contentUrl\":\"https:\/\/jornalfatosenoticias.com.br\/wp-content\/uploads\/2025\/05\/EU_portal.jpg\",\"caption\":\"Luzimara Fernandes\"},\"description\":\"Jornalista MTB 2358-ES\",\"sameAs\":[\"https:\/\/jornalfatosenoticias.com.br\"],\"url\":\"https:\/\/jornalfatosenoticias.com.br\/index.php\/author\/luzimara\/\"}]}<\/script>\n<!-- \/ Yoast SEO plugin. -->","yoast_head_json":{"title":"Vale apresenta estudo para destravar minera\u00e7\u00e3o brasileira e gerar 2,3 milh\u00f5es de empregos at\u00e9 2035 - Jornal Fatos e Not\u00edcias","robots":{"index":"index","follow":"follow","max-snippet":"max-snippet:-1","max-image-preview":"max-image-preview:large","max-video-preview":"max-video-preview:-1"},"canonical":"https:\/\/jornalfatosenoticias.com.br\/index.php\/2026\/09\/01\/vale-apresenta-estudo-para-destravar-mineracao-brasileira-e-gerar-23-milhoes-de-empregos-ate-2035\/","og_locale":"pt_BR","og_type":"article","og_title":"Vale apresenta estudo para destravar minera\u00e7\u00e3o brasileira e gerar 2,3 milh\u00f5es de empregos at\u00e9 2035 - Jornal Fatos e Not\u00edcias","og_description":"Proposta re\u00fane 15 medidas para ampliar investimentos, produ\u00e7\u00e3o mineral e competitividade do Brasil Por Tamires Oliveira A Vale apresentou um conjunto de propostas para ampliar o potencial da minera\u00e7\u00e3o brasileira e estimular novos investimentos no setor. Elaborado com participa\u00e7\u00e3o da consultoria Accenture, o plano prev\u00ea a cria\u00e7\u00e3o de at\u00e9 2,3 milh\u00f5es de novos empregos, elevando [&hellip;]","og_url":"https:\/\/jornalfatosenoticias.com.br\/index.php\/2026\/09\/01\/vale-apresenta-estudo-para-destravar-mineracao-brasileira-e-gerar-23-milhoes-de-empregos-ate-2035\/","og_site_name":"Jornal Fatos e Not\u00edcias","article_published_time":"2026-09-01T22:37:16+00:00","article_modified_time":"2026-09-01T22:37:17+00:00","og_image":[{"width":1000,"height":667,"url":"https:\/\/jornalfatosenoticias.com.br\/wp-content\/uploads\/2026\/09\/Vale-destravar-mineracao-brasileira.png","type":"image\/png"}],"author":"Luzimara Fernandes","twitter_card":"summary_large_image","twitter_misc":{"Escrito por":"Luzimara Fernandes","Est. tempo de leitura":"5 minutos"},"schema":{"@context":"https:\/\/schema.org","@graph":[{"@type":"Article","@id":"https:\/\/jornalfatosenoticias.com.br\/index.php\/2026\/09\/01\/vale-apresenta-estudo-para-destravar-mineracao-brasileira-e-gerar-23-milhoes-de-empregos-ate-2035\/#article","isPartOf":{"@id":"https:\/\/jornalfatosenoticias.com.br\/index.php\/2026\/09\/01\/vale-apresenta-estudo-para-destravar-mineracao-brasileira-e-gerar-23-milhoes-de-empregos-ate-2035\/"},"author":{"name":"Luzimara Fernandes","@id":"https:\/\/jornalfatosenoticias.com.br\/#\/schema\/person\/d63837fa13ac8666eb9e74e0985d6f81"},"headline":"Vale apresenta estudo para destravar minera\u00e7\u00e3o brasileira e gerar 2,3 milh\u00f5es de empregos at\u00e9 2035","datePublished":"2026-09-01T22:37:16+00:00","dateModified":"2026-09-01T22:37:17+00:00","mainEntityOfPage":{"@id":"https:\/\/jornalfatosenoticias.com.br\/index.php\/2026\/09\/01\/vale-apresenta-estudo-para-destravar-mineracao-brasileira-e-gerar-23-milhoes-de-empregos-ate-2035\/"},"wordCount":875,"commentCount":0,"publisher":{"@id":"https:\/\/jornalfatosenoticias.com.br\/#organization"},"image":{"@id":"https:\/\/jornalfatosenoticias.com.br\/index.php\/2026\/09\/01\/vale-apresenta-estudo-para-destravar-mineracao-brasileira-e-gerar-23-milhoes-de-empregos-ate-2035\/#primaryimage"},"thumbnailUrl":"https:\/\/jornalfatosenoticias.com.br\/wp-content\/uploads\/2026\/09\/Vale-destravar-mineracao-brasileira.png","keywords":["empregos na minera\u00e7\u00e3o","Fundo Vale","Gustavo Pimenta","investimentos em minera\u00e7\u00e3o","minera\u00e7\u00e3o","minera\u00e7\u00e3o brasileira","minera\u00e7\u00e3o no Brasil","minerais cr\u00edticos","produ\u00e7\u00e3o mineral","Vale"],"articleSection":["Economia","Minera\u00e7\u00e3o"],"inLanguage":"pt-BR","potentialAction":[{"@type":"CommentAction","name":"Comment","target":["https:\/\/jornalfatosenoticias.com.br\/index.php\/2026\/09\/01\/vale-apresenta-estudo-para-destravar-mineracao-brasileira-e-gerar-23-milhoes-de-empregos-ate-2035\/#respond"]}]},{"@type":"WebPage","@id":"https:\/\/jornalfatosenoticias.com.br\/index.php\/2026\/09\/01\/vale-apresenta-estudo-para-destravar-mineracao-brasileira-e-gerar-23-milhoes-de-empregos-ate-2035\/","url":"https:\/\/jornalfatosenoticias.com.br\/index.php\/2026\/09\/01\/vale-apresenta-estudo-para-destravar-mineracao-brasileira-e-gerar-23-milhoes-de-empregos-ate-2035\/","name":"Vale apresenta estudo para destravar minera\u00e7\u00e3o brasileira e gerar 2,3 milh\u00f5es de empregos at\u00e9 2035 - Jornal Fatos e Not\u00edcias","isPartOf":{"@id":"https:\/\/jornalfatosenoticias.com.br\/#website"},"primaryImageOfPage":{"@id":"https:\/\/jornalfatosenoticias.com.br\/index.php\/2026\/09\/01\/vale-apresenta-estudo-para-destravar-mineracao-brasileira-e-gerar-23-milhoes-de-empregos-ate-2035\/#primaryimage"},"image":{"@id":"https:\/\/jornalfatosenoticias.com.br\/index.php\/2026\/09\/01\/vale-apresenta-estudo-para-destravar-mineracao-brasileira-e-gerar-23-milhoes-de-empregos-ate-2035\/#primaryimage"},"thumbnailUrl":"https:\/\/jornalfatosenoticias.com.br\/wp-content\/uploads\/2026\/09\/Vale-destravar-mineracao-brasileira.png","datePublished":"2026-09-01T22:37:16+00:00","dateModified":"2026-09-01T22:37:17+00:00","breadcrumb":{"@id":"https:\/\/jornalfatosenoticias.com.br\/index.php\/2026\/09\/01\/vale-apresenta-estudo-para-destravar-mineracao-brasileira-e-gerar-23-milhoes-de-empregos-ate-2035\/#breadcrumb"},"inLanguage":"pt-BR","potentialAction":[{"@type":"ReadAction","target":["https:\/\/jornalfatosenoticias.com.br\/index.php\/2026\/09\/01\/vale-apresenta-estudo-para-destravar-mineracao-brasileira-e-gerar-23-milhoes-de-empregos-ate-2035\/"]}]},{"@type":"ImageObject","inLanguage":"pt-BR","@id":"https:\/\/jornalfatosenoticias.com.br\/index.php\/2026\/09\/01\/vale-apresenta-estudo-para-destravar-mineracao-brasileira-e-gerar-23-milhoes-de-empregos-ate-2035\/#primaryimage","url":"https:\/\/jornalfatosenoticias.com.br\/wp-content\/uploads\/2026\/09\/Vale-destravar-mineracao-brasileira.png","contentUrl":"https:\/\/jornalfatosenoticias.com.br\/wp-content\/uploads\/2026\/09\/Vale-destravar-mineracao-brasileira.png","width":1000,"height":667},{"@type":"BreadcrumbList","@id":"https:\/\/jornalfatosenoticias.com.br\/index.php\/2026\/09\/01\/vale-apresenta-estudo-para-destravar-mineracao-brasileira-e-gerar-23-milhoes-de-empregos-ate-2035\/#breadcrumb","itemListElement":[{"@type":"ListItem","position":1,"name":"In\u00edcio","item":"https:\/\/jornalfatosenoticias.com.br\/"},{"@type":"ListItem","position":2,"name":"Vale apresenta estudo para destravar minera\u00e7\u00e3o brasileira e gerar 2,3 milh\u00f5es de empregos at\u00e9 2035"}]},{"@type":"WebSite","@id":"https:\/\/jornalfatosenoticias.com.br\/#website","url":"https:\/\/jornalfatosenoticias.com.br\/","name":"Jornal Fatos e Not\u00edcias","description":"Not\u00edcias em geral","publisher":{"@id":"https:\/\/jornalfatosenoticias.com.br\/#organization"},"potentialAction":[{"@type":"SearchAction","target":{"@type":"EntryPoint","urlTemplate":"https:\/\/jornalfatosenoticias.com.br\/?s={search_term_string}"},"query-input":{"@type":"PropertyValueSpecification","valueRequired":true,"valueName":"search_term_string"}}],"inLanguage":"pt-BR"},{"@type":"Organization","@id":"https:\/\/jornalfatosenoticias.com.br\/#organization","name":"Jornal Fatos e Not\u00edcias","url":"https:\/\/jornalfatosenoticias.com.br\/","logo":{"@type":"ImageObject","inLanguage":"pt-BR","@id":"https:\/\/jornalfatosenoticias.com.br\/#\/schema\/logo\/image\/","url":"https:\/\/jornalfatosenoticias.com.br\/wp-content\/uploads\/2020\/02\/logo120.png","contentUrl":"https:\/\/jornalfatosenoticias.com.br\/wp-content\/uploads\/2020\/02\/logo120.png","width":1227,"height":120,"caption":"Jornal Fatos e Not\u00edcias"},"image":{"@id":"https:\/\/jornalfatosenoticias.com.br\/#\/schema\/logo\/image\/"}},{"@type":"Person","@id":"https:\/\/jornalfatosenoticias.com.br\/#\/schema\/person\/d63837fa13ac8666eb9e74e0985d6f81","name":"Luzimara Fernandes","image":{"@type":"ImageObject","inLanguage":"pt-BR","@id":"https:\/\/jornalfatosenoticias.com.br\/#\/schema\/person\/image\/","url":"https:\/\/jornalfatosenoticias.com.br\/wp-content\/uploads\/2025\/05\/EU_portal.jpg","contentUrl":"https:\/\/jornalfatosenoticias.com.br\/wp-content\/uploads\/2025\/05\/EU_portal.jpg","caption":"Luzimara Fernandes"},"description":"Jornalista MTB 2358-ES","sameAs":["https:\/\/jornalfatosenoticias.com.br"],"url":"https:\/\/jornalfatosenoticias.com.br\/index.php\/author\/luzimara\/"}]}},"cc_featured_image_caption":{"caption_text":"(Foto: Divulga\u00e7\u00e3o Vale)\r\n","source_text":"","source_url":""},"jetpack_featured_media_url":"https:\/\/jornalfatosenoticias.com.br\/wp-content\/uploads\/2026\/09\/Vale-destravar-mineracao-brasileira.png","_links":{"self":[{"href":"https:\/\/jornalfatosenoticias.com.br\/index.php\/wp-json\/wp\/v2\/posts\/69560","targetHints":{"allow":["GET"]}}],"collection":[{"href":"https:\/\/jornalfatosenoticias.com.br\/index.php\/wp-json\/wp\/v2\/posts"}],"about":[{"href":"https:\/\/jornalfatosenoticias.com.br\/index.php\/wp-json\/wp\/v2\/types\/post"}],"author":[{"embeddable":true,"href":"https:\/\/jornalfatosenoticias.com.br\/index.php\/wp-json\/wp\/v2\/users\/2"}],"replies":[{"embeddable":true,"href":"https:\/\/jornalfatosenoticias.com.br\/index.php\/wp-json\/wp\/v2\/comments?post=69560"}],"version-history":[{"count":1,"href":"https:\/\/jornalfatosenoticias.com.br\/index.php\/wp-json\/wp\/v2\/posts\/69560\/revisions"}],"predecessor-version":[{"id":69563,"href":"https:\/\/jornalfatosenoticias.com.br\/index.php\/wp-json\/wp\/v2\/posts\/69560\/revisions\/69563"}],"wp:featuredmedia":[{"embeddable":true,"href":"https:\/\/jornalfatosenoticias.com.br\/index.php\/wp-json\/wp\/v2\/media\/69562"}],"wp:attachment":[{"href":"https:\/\/jornalfatosenoticias.com.br\/index.php\/wp-json\/wp\/v2\/media?parent=69560"}],"wp:term":[{"taxonomy":"category","embeddable":true,"href":"https:\/\/jornalfatosenoticias.com.br\/index.php\/wp-json\/wp\/v2\/categories?post=69560"},{"taxonomy":"post_tag","embeddable":true,"href":"https:\/\/jornalfatosenoticias.com.br\/index.php\/wp-json\/wp\/v2\/tags?post=69560"}],"curies":[{"name":"wp","href":"https:\/\/api.w.org\/{rel}","templated":true}]}}