{"id":69564,"date":"2026-09-01T20:36:01","date_gmt":"2026-09-01T23:36:01","guid":{"rendered":"https:\/\/jornalfatosenoticias.com.br\/?p=69564"},"modified":"2026-09-01T20:36:03","modified_gmt":"2026-09-01T23:36:03","slug":"juros-e-importacoes-agravam-desempenho-da-industria-de-transformacao-no-2o-trimestre-avalia-cni","status":"publish","type":"post","link":"https:\/\/jornalfatosenoticias.com.br\/index.php\/2026\/09\/01\/juros-e-importacoes-agravam-desempenho-da-industria-de-transformacao-no-2o-trimestre-avalia-cni\/","title":{"rendered":"Juros e importa\u00e7\u00f5es agravam desempenho da ind\u00fastria de transforma\u00e7\u00e3o no 2\u00ba trimestre, avalia CNI"},"content":{"rendered":"\n<p><em><mark style=\"background-color:rgba(0, 0, 0, 0)\" class=\"has-inline-color has-black-color\">Avan\u00e7o de medidas, como a redu\u00e7\u00e3o da jornada de trabalho, o fim do Imposto de Importa\u00e7\u00e3o sobre compras de pequeno valor e os n\u00edveis de endividamento tornam perspectivas ainda mais preocupantes<\/mark><\/em><\/p>\n\n\n\n<p><mark style=\"background-color:rgba(0, 0, 0, 0)\" class=\"has-inline-color has-black-color\">Por <strong><a href=\"https:\/\/noticias.portaldaindustria.com.br\/autores\/felipe-moura\/\">Felipe Moura<\/a><\/strong><\/mark><\/p>\n\n\n\n<p>O desempenho da ind\u00fastria de transforma\u00e7\u00e3o no segundo trimestre do ano refor\u00e7a o processo de desindustrializa\u00e7\u00e3o da economia brasileira e traz expectativas preocupantes para o restante de 2026, avalia a <a href=\"https:\/\/cni.portaldaindustria.com.br\/?utm_source=jor&amp;utm_medium=comunique&amp;utm_campaign=release\">Confedera\u00e7\u00e3o Nacional da Ind\u00fastria (CNI)<\/a>. De acordo com o IBGE, o Produto Interno Bruto (PIB) do setor caiu 0,4% no segundo trimestre, acumulando queda de 1,1% nos \u00faltimos quatro trimestres. Em 2025, o setor encolheu 0,2%. Para a CNI, o resultado da ind\u00fastria de transforma\u00e7\u00e3o deve-se, principalmente, a dois fatores: o patamar elevado dos juros \u2014 apesar do ciclo de flexibiliza\u00e7\u00e3o da Selic \u2014 e a entrada desproporcional de produtos importados. O volume importado de bens de consumo cresceu 16% no primeiro semestre de 2026 em rela\u00e7\u00e3o ao mesmo per\u00edodo do ano passado.<\/p>\n\n\n\n<blockquote class=\"wp-block-quote is-layout-flow wp-block-quote-is-layout-flow\">\n<p><mark style=\"background-color:rgba(0, 0, 0, 0)\" class=\"has-inline-color has-luminous-vivid-orange-color\">Os juros altos desestimularam os investimentos, encareceram o cr\u00e9dito aos consumidores, aumentando o endividamento e a inadimpl\u00eancia das pessoas e, consequentemente, restringiram a demanda por bens industriais. Esse quadro se agrava com a forte entrada das importa\u00e7\u00f5es, que acabam por capturar grande parte dessa demanda em queda&#8221;, avalia Mario Sergio Telles, diretor de Desenvolvimento Industrial da CNI.<\/mark><\/p>\n<\/blockquote>\n\n\n<div class=\"wp-block-image\">\n<figure class=\"aligncenter size-full is-resized\"><a href=\"https:\/\/www.instagram.com\/kalynecalais\/\"><img loading=\"lazy\" decoding=\"async\" width=\"969\" height=\"406\" src=\"https:\/\/jornalfatosenoticias.com.br\/wp-content\/uploads\/2024\/09\/Legis-Juris-Consultoria_logo.jpg\" alt=\"\" class=\"wp-image-53915\" style=\"aspect-ratio:2.3867874267448057;width:487px;height:auto\" srcset=\"https:\/\/jornalfatosenoticias.com.br\/wp-content\/uploads\/2024\/09\/Legis-Juris-Consultoria_logo.jpg 969w, https:\/\/jornalfatosenoticias.com.br\/wp-content\/uploads\/2024\/09\/Legis-Juris-Consultoria_logo-300x126.jpg 300w, https:\/\/jornalfatosenoticias.com.br\/wp-content\/uploads\/2024\/09\/Legis-Juris-Consultoria_logo-768x322.jpg 768w\" sizes=\"auto, (max-width: 969px) 100vw, 969px\" \/><\/a><\/figure>\n<\/div>\n\n\n<p>Al\u00e9m da ind\u00fastria da transforma\u00e7\u00e3o, a ind\u00fastria da constru\u00e7\u00e3o recuou 0,4%, e o segmento de eletricidade e g\u00e1s, \u00e1gua e esgoto registrou perda de 1,1%. O desempenho da ind\u00fastria, no geral, s\u00f3 n\u00e3o foi negativo gra\u00e7as \u00e0 ind\u00fastria extrativa, \u00fanico segmento a registrar alta, de 3,4%. Segundo o Indicador Ipea de Consumo Aparente, a demanda por bens nacionais caiu 1,2% em 12 meses at\u00e9 maio de 2026, enquanto a procura por bens importados cresceu 2,6% no mesmo per\u00edodo. A perda de competitividade da ind\u00fastria de transforma\u00e7\u00e3o ocorreu em meio \u00e0 queda do consumo das fam\u00edlias, que recuou 0,4% no segundo trimestre, de acordo com o IBGE.<br>A retra\u00e7\u00e3o do consumo chama a aten\u00e7\u00e3o por outro aspecto: ocorre mesmo com o crescimento cont\u00ednuo da massa de rendimento, sinalizando que a renda das fam\u00edlias tem sido drenada por outras despesas, especialmente pelo pagamento de d\u00edvidas. O quadro geral se torna ainda mais preocupante devido a uma s\u00e9rie de medidas que aumentam as incertezas para o setor produtivo, como a redu\u00e7\u00e3o da jornada de trabalho, a elimina\u00e7\u00e3o do Imposto de Importa\u00e7\u00e3o sobre compras de at\u00e9 US$ 50 e o tabelamento do frete. Diante desse cen\u00e1rio, a CNI pode rever a proje\u00e7\u00e3o de alta de 0,5% para a ind\u00fastria de transforma\u00e7\u00e3o em 2026, feita no fim do ano passado.<br>Na avalia\u00e7\u00e3o da CNI, a flexibiliza\u00e7\u00e3o da taxa de juros \u00e9 acertada, mas ainda \u00e9 muito branda diante do elevado n\u00edvel de juros do pa\u00eds. Al\u00e9m disso, a perda de mercado para os importados passa, impreterivelmente, por uma agenda de competitividade que reduza o Custo Brasil e assegure condi\u00e7\u00f5es m\u00ednimas de igualdade na competi\u00e7\u00e3o com o produto estrangeiro.<\/p>\n\n\n<div class=\"wp-block-image\">\n<figure class=\"aligncenter size-full is-resized\"><a href=\"https:\/\/www.ithbrasil.com.br\/\"><img loading=\"lazy\" decoding=\"async\" width=\"800\" height=\"650\" src=\"https:\/\/jornalfatosenoticias.com.br\/wp-content\/uploads\/2023\/08\/ITH.jpeg\" alt=\"\" class=\"wp-image-44638\" style=\"width:330px;height:auto\" srcset=\"https:\/\/jornalfatosenoticias.com.br\/wp-content\/uploads\/2023\/08\/ITH.jpeg 800w, https:\/\/jornalfatosenoticias.com.br\/wp-content\/uploads\/2023\/08\/ITH-300x244.jpeg 300w, https:\/\/jornalfatosenoticias.com.br\/wp-content\/uploads\/2023\/08\/ITH-768x624.jpeg 768w\" sizes=\"auto, (max-width: 800px) 100vw, 800px\" \/><\/a><\/figure>\n<\/div>\n\n\n<p><strong>Fonte: <a href=\"https:\/\/noticias.portaldaindustria.com.br\/noticias\/economia\/juros-e-importacoes-agravam-desempenho-da-industria-de-transformacao-no-2o-trimestre-avalia-cni\/\">Ag\u00eancia de Not\u00edcias da Ind\u00fastria<\/a><\/strong><\/p>\n","protected":false},"excerpt":{"rendered":"<p>Avan\u00e7o de medidas, como a redu\u00e7\u00e3o da jornada de trabalho, o fim do Imposto de Importa\u00e7\u00e3o sobre compras de pequeno valor e os n\u00edveis de endividamento tornam perspectivas ainda mais preocupantes Por Felipe Moura O desempenho da ind\u00fastria de transforma\u00e7\u00e3o no segundo trimestre do ano refor\u00e7a o processo de desindustrializa\u00e7\u00e3o da economia brasileira e traz [&hellip;]<\/p>\n","protected":false},"author":2,"featured_media":69565,"comment_status":"open","ping_status":"open","sticky":false,"template":"","format":"standard","meta":{"footnotes":""},"categories":[9,29729],"tags":[],"class_list":["post-69564","post","type-post","status-publish","format-standard","has-post-thumbnail","hentry","category-economia","category-industria"],"yoast_head":"<!-- This site is optimized with the Yoast SEO plugin v26.5 - https:\/\/yoast.com\/wordpress\/plugins\/seo\/ -->\n<title>Juros e importa\u00e7\u00f5es agravam desempenho da ind\u00fastria de transforma\u00e7\u00e3o no 2\u00ba trimestre, avalia CNI - Jornal Fatos e Not\u00edcias<\/title>\n<meta name=\"robots\" content=\"index, follow, max-snippet:-1, max-image-preview:large, max-video-preview:-1\" \/>\n<link rel=\"canonical\" href=\"https:\/\/jornalfatosenoticias.com.br\/index.php\/2026\/09\/01\/juros-e-importacoes-agravam-desempenho-da-industria-de-transformacao-no-2o-trimestre-avalia-cni\/\" \/>\n<meta property=\"og:locale\" content=\"pt_BR\" \/>\n<meta property=\"og:type\" content=\"article\" \/>\n<meta property=\"og:title\" content=\"Juros e importa\u00e7\u00f5es agravam desempenho da ind\u00fastria de transforma\u00e7\u00e3o no 2\u00ba trimestre, avalia CNI - Jornal Fatos e Not\u00edcias\" \/>\n<meta property=\"og:description\" content=\"Avan\u00e7o de medidas, como a redu\u00e7\u00e3o da jornada de trabalho, o fim do Imposto de Importa\u00e7\u00e3o sobre compras de pequeno valor e os n\u00edveis de endividamento tornam perspectivas ainda mais preocupantes Por Felipe Moura O desempenho da ind\u00fastria de transforma\u00e7\u00e3o no segundo trimestre do ano refor\u00e7a o processo de desindustrializa\u00e7\u00e3o da economia brasileira e traz [&hellip;]\" \/>\n<meta property=\"og:url\" content=\"https:\/\/jornalfatosenoticias.com.br\/index.php\/2026\/09\/01\/juros-e-importacoes-agravam-desempenho-da-industria-de-transformacao-no-2o-trimestre-avalia-cni\/\" \/>\n<meta property=\"og:site_name\" content=\"Jornal Fatos e Not\u00edcias\" \/>\n<meta property=\"article:published_time\" content=\"2026-09-01T23:36:01+00:00\" \/>\n<meta property=\"article:modified_time\" content=\"2026-09-01T23:36:03+00:00\" \/>\n<meta property=\"og:image\" content=\"https:\/\/jornalfatosenoticias.com.br\/wp-content\/uploads\/2026\/09\/industria-de-transformacao-cni_shutterstock.jpg\" \/>\n\t<meta property=\"og:image:width\" content=\"1000\" \/>\n\t<meta property=\"og:image:height\" content=\"500\" \/>\n\t<meta property=\"og:image:type\" content=\"image\/jpeg\" \/>\n<meta name=\"author\" content=\"Luzimara Fernandes\" \/>\n<meta name=\"twitter:card\" content=\"summary_large_image\" \/>\n<meta name=\"twitter:label1\" content=\"Escrito por\" \/>\n\t<meta name=\"twitter:data1\" content=\"Luzimara Fernandes\" \/>\n\t<meta name=\"twitter:label2\" content=\"Est. tempo de leitura\" \/>\n\t<meta name=\"twitter:data2\" content=\"3 minutos\" \/>\n<script type=\"application\/ld+json\" class=\"yoast-schema-graph\">{\"@context\":\"https:\/\/schema.org\",\"@graph\":[{\"@type\":\"Article\",\"@id\":\"https:\/\/jornalfatosenoticias.com.br\/index.php\/2026\/09\/01\/juros-e-importacoes-agravam-desempenho-da-industria-de-transformacao-no-2o-trimestre-avalia-cni\/#article\",\"isPartOf\":{\"@id\":\"https:\/\/jornalfatosenoticias.com.br\/index.php\/2026\/09\/01\/juros-e-importacoes-agravam-desempenho-da-industria-de-transformacao-no-2o-trimestre-avalia-cni\/\"},\"author\":{\"name\":\"Luzimara Fernandes\",\"@id\":\"https:\/\/jornalfatosenoticias.com.br\/#\/schema\/person\/d63837fa13ac8666eb9e74e0985d6f81\"},\"headline\":\"Juros e importa\u00e7\u00f5es agravam desempenho da ind\u00fastria de transforma\u00e7\u00e3o no 2\u00ba trimestre, avalia CNI\",\"datePublished\":\"2026-09-01T23:36:01+00:00\",\"dateModified\":\"2026-09-01T23:36:03+00:00\",\"mainEntityOfPage\":{\"@id\":\"https:\/\/jornalfatosenoticias.com.br\/index.php\/2026\/09\/01\/juros-e-importacoes-agravam-desempenho-da-industria-de-transformacao-no-2o-trimestre-avalia-cni\/\"},\"wordCount\":541,\"commentCount\":0,\"publisher\":{\"@id\":\"https:\/\/jornalfatosenoticias.com.br\/#organization\"},\"image\":{\"@id\":\"https:\/\/jornalfatosenoticias.com.br\/index.php\/2026\/09\/01\/juros-e-importacoes-agravam-desempenho-da-industria-de-transformacao-no-2o-trimestre-avalia-cni\/#primaryimage\"},\"thumbnailUrl\":\"https:\/\/jornalfatosenoticias.com.br\/wp-content\/uploads\/2026\/09\/industria-de-transformacao-cni_shutterstock.jpg\",\"articleSection\":[\"Economia\",\"Ind\u00fastria\"],\"inLanguage\":\"pt-BR\",\"potentialAction\":[{\"@type\":\"CommentAction\",\"name\":\"Comment\",\"target\":[\"https:\/\/jornalfatosenoticias.com.br\/index.php\/2026\/09\/01\/juros-e-importacoes-agravam-desempenho-da-industria-de-transformacao-no-2o-trimestre-avalia-cni\/#respond\"]}]},{\"@type\":\"WebPage\",\"@id\":\"https:\/\/jornalfatosenoticias.com.br\/index.php\/2026\/09\/01\/juros-e-importacoes-agravam-desempenho-da-industria-de-transformacao-no-2o-trimestre-avalia-cni\/\",\"url\":\"https:\/\/jornalfatosenoticias.com.br\/index.php\/2026\/09\/01\/juros-e-importacoes-agravam-desempenho-da-industria-de-transformacao-no-2o-trimestre-avalia-cni\/\",\"name\":\"Juros e importa\u00e7\u00f5es agravam desempenho da ind\u00fastria de transforma\u00e7\u00e3o no 2\u00ba trimestre, avalia CNI - Jornal Fatos e Not\u00edcias\",\"isPartOf\":{\"@id\":\"https:\/\/jornalfatosenoticias.com.br\/#website\"},\"primaryImageOfPage\":{\"@id\":\"https:\/\/jornalfatosenoticias.com.br\/index.php\/2026\/09\/01\/juros-e-importacoes-agravam-desempenho-da-industria-de-transformacao-no-2o-trimestre-avalia-cni\/#primaryimage\"},\"image\":{\"@id\":\"https:\/\/jornalfatosenoticias.com.br\/index.php\/2026\/09\/01\/juros-e-importacoes-agravam-desempenho-da-industria-de-transformacao-no-2o-trimestre-avalia-cni\/#primaryimage\"},\"thumbnailUrl\":\"https:\/\/jornalfatosenoticias.com.br\/wp-content\/uploads\/2026\/09\/industria-de-transformacao-cni_shutterstock.jpg\",\"datePublished\":\"2026-09-01T23:36:01+00:00\",\"dateModified\":\"2026-09-01T23:36:03+00:00\",\"breadcrumb\":{\"@id\":\"https:\/\/jornalfatosenoticias.com.br\/index.php\/2026\/09\/01\/juros-e-importacoes-agravam-desempenho-da-industria-de-transformacao-no-2o-trimestre-avalia-cni\/#breadcrumb\"},\"inLanguage\":\"pt-BR\",\"potentialAction\":[{\"@type\":\"ReadAction\",\"target\":[\"https:\/\/jornalfatosenoticias.com.br\/index.php\/2026\/09\/01\/juros-e-importacoes-agravam-desempenho-da-industria-de-transformacao-no-2o-trimestre-avalia-cni\/\"]}]},{\"@type\":\"ImageObject\",\"inLanguage\":\"pt-BR\",\"@id\":\"https:\/\/jornalfatosenoticias.com.br\/index.php\/2026\/09\/01\/juros-e-importacoes-agravam-desempenho-da-industria-de-transformacao-no-2o-trimestre-avalia-cni\/#primaryimage\",\"url\":\"https:\/\/jornalfatosenoticias.com.br\/wp-content\/uploads\/2026\/09\/industria-de-transformacao-cni_shutterstock.jpg\",\"contentUrl\":\"https:\/\/jornalfatosenoticias.com.br\/wp-content\/uploads\/2026\/09\/industria-de-transformacao-cni_shutterstock.jpg\",\"width\":1000,\"height\":500},{\"@type\":\"BreadcrumbList\",\"@id\":\"https:\/\/jornalfatosenoticias.com.br\/index.php\/2026\/09\/01\/juros-e-importacoes-agravam-desempenho-da-industria-de-transformacao-no-2o-trimestre-avalia-cni\/#breadcrumb\",\"itemListElement\":[{\"@type\":\"ListItem\",\"position\":1,\"name\":\"In\u00edcio\",\"item\":\"https:\/\/jornalfatosenoticias.com.br\/\"},{\"@type\":\"ListItem\",\"position\":2,\"name\":\"Juros e importa\u00e7\u00f5es agravam desempenho da ind\u00fastria de transforma\u00e7\u00e3o no 2\u00ba trimestre, avalia CNI\"}]},{\"@type\":\"WebSite\",\"@id\":\"https:\/\/jornalfatosenoticias.com.br\/#website\",\"url\":\"https:\/\/jornalfatosenoticias.com.br\/\",\"name\":\"Jornal Fatos e Not\u00edcias\",\"description\":\"Not\u00edcias em geral\",\"publisher\":{\"@id\":\"https:\/\/jornalfatosenoticias.com.br\/#organization\"},\"potentialAction\":[{\"@type\":\"SearchAction\",\"target\":{\"@type\":\"EntryPoint\",\"urlTemplate\":\"https:\/\/jornalfatosenoticias.com.br\/?s={search_term_string}\"},\"query-input\":{\"@type\":\"PropertyValueSpecification\",\"valueRequired\":true,\"valueName\":\"search_term_string\"}}],\"inLanguage\":\"pt-BR\"},{\"@type\":\"Organization\",\"@id\":\"https:\/\/jornalfatosenoticias.com.br\/#organization\",\"name\":\"Jornal Fatos e Not\u00edcias\",\"url\":\"https:\/\/jornalfatosenoticias.com.br\/\",\"logo\":{\"@type\":\"ImageObject\",\"inLanguage\":\"pt-BR\",\"@id\":\"https:\/\/jornalfatosenoticias.com.br\/#\/schema\/logo\/image\/\",\"url\":\"https:\/\/jornalfatosenoticias.com.br\/wp-content\/uploads\/2020\/02\/logo120.png\",\"contentUrl\":\"https:\/\/jornalfatosenoticias.com.br\/wp-content\/uploads\/2020\/02\/logo120.png\",\"width\":1227,\"height\":120,\"caption\":\"Jornal Fatos e Not\u00edcias\"},\"image\":{\"@id\":\"https:\/\/jornalfatosenoticias.com.br\/#\/schema\/logo\/image\/\"}},{\"@type\":\"Person\",\"@id\":\"https:\/\/jornalfatosenoticias.com.br\/#\/schema\/person\/d63837fa13ac8666eb9e74e0985d6f81\",\"name\":\"Luzimara Fernandes\",\"image\":{\"@type\":\"ImageObject\",\"inLanguage\":\"pt-BR\",\"@id\":\"https:\/\/jornalfatosenoticias.com.br\/#\/schema\/person\/image\/\",\"url\":\"https:\/\/jornalfatosenoticias.com.br\/wp-content\/uploads\/2025\/05\/EU_portal.jpg\",\"contentUrl\":\"https:\/\/jornalfatosenoticias.com.br\/wp-content\/uploads\/2025\/05\/EU_portal.jpg\",\"caption\":\"Luzimara Fernandes\"},\"description\":\"Jornalista MTB 2358-ES\",\"sameAs\":[\"https:\/\/jornalfatosenoticias.com.br\"],\"url\":\"https:\/\/jornalfatosenoticias.com.br\/index.php\/author\/luzimara\/\"}]}<\/script>\n<!-- \/ Yoast SEO plugin. -->","yoast_head_json":{"title":"Juros e importa\u00e7\u00f5es agravam desempenho da ind\u00fastria de transforma\u00e7\u00e3o no 2\u00ba trimestre, avalia CNI - Jornal Fatos e Not\u00edcias","robots":{"index":"index","follow":"follow","max-snippet":"max-snippet:-1","max-image-preview":"max-image-preview:large","max-video-preview":"max-video-preview:-1"},"canonical":"https:\/\/jornalfatosenoticias.com.br\/index.php\/2026\/09\/01\/juros-e-importacoes-agravam-desempenho-da-industria-de-transformacao-no-2o-trimestre-avalia-cni\/","og_locale":"pt_BR","og_type":"article","og_title":"Juros e importa\u00e7\u00f5es agravam desempenho da ind\u00fastria de transforma\u00e7\u00e3o no 2\u00ba trimestre, avalia CNI - Jornal Fatos e Not\u00edcias","og_description":"Avan\u00e7o de medidas, como a redu\u00e7\u00e3o da jornada de trabalho, o fim do Imposto de Importa\u00e7\u00e3o sobre compras de pequeno valor e os n\u00edveis de endividamento tornam perspectivas ainda mais preocupantes Por Felipe Moura O desempenho da ind\u00fastria de transforma\u00e7\u00e3o no segundo trimestre do ano refor\u00e7a o processo de desindustrializa\u00e7\u00e3o da economia brasileira e traz [&hellip;]","og_url":"https:\/\/jornalfatosenoticias.com.br\/index.php\/2026\/09\/01\/juros-e-importacoes-agravam-desempenho-da-industria-de-transformacao-no-2o-trimestre-avalia-cni\/","og_site_name":"Jornal Fatos e Not\u00edcias","article_published_time":"2026-09-01T23:36:01+00:00","article_modified_time":"2026-09-01T23:36:03+00:00","og_image":[{"width":1000,"height":500,"url":"https:\/\/jornalfatosenoticias.com.br\/wp-content\/uploads\/2026\/09\/industria-de-transformacao-cni_shutterstock.jpg","type":"image\/jpeg"}],"author":"Luzimara Fernandes","twitter_card":"summary_large_image","twitter_misc":{"Escrito por":"Luzimara Fernandes","Est. tempo de leitura":"3 minutos"},"schema":{"@context":"https:\/\/schema.org","@graph":[{"@type":"Article","@id":"https:\/\/jornalfatosenoticias.com.br\/index.php\/2026\/09\/01\/juros-e-importacoes-agravam-desempenho-da-industria-de-transformacao-no-2o-trimestre-avalia-cni\/#article","isPartOf":{"@id":"https:\/\/jornalfatosenoticias.com.br\/index.php\/2026\/09\/01\/juros-e-importacoes-agravam-desempenho-da-industria-de-transformacao-no-2o-trimestre-avalia-cni\/"},"author":{"name":"Luzimara Fernandes","@id":"https:\/\/jornalfatosenoticias.com.br\/#\/schema\/person\/d63837fa13ac8666eb9e74e0985d6f81"},"headline":"Juros e importa\u00e7\u00f5es agravam desempenho da ind\u00fastria de transforma\u00e7\u00e3o no 2\u00ba trimestre, avalia CNI","datePublished":"2026-09-01T23:36:01+00:00","dateModified":"2026-09-01T23:36:03+00:00","mainEntityOfPage":{"@id":"https:\/\/jornalfatosenoticias.com.br\/index.php\/2026\/09\/01\/juros-e-importacoes-agravam-desempenho-da-industria-de-transformacao-no-2o-trimestre-avalia-cni\/"},"wordCount":541,"commentCount":0,"publisher":{"@id":"https:\/\/jornalfatosenoticias.com.br\/#organization"},"image":{"@id":"https:\/\/jornalfatosenoticias.com.br\/index.php\/2026\/09\/01\/juros-e-importacoes-agravam-desempenho-da-industria-de-transformacao-no-2o-trimestre-avalia-cni\/#primaryimage"},"thumbnailUrl":"https:\/\/jornalfatosenoticias.com.br\/wp-content\/uploads\/2026\/09\/industria-de-transformacao-cni_shutterstock.jpg","articleSection":["Economia","Ind\u00fastria"],"inLanguage":"pt-BR","potentialAction":[{"@type":"CommentAction","name":"Comment","target":["https:\/\/jornalfatosenoticias.com.br\/index.php\/2026\/09\/01\/juros-e-importacoes-agravam-desempenho-da-industria-de-transformacao-no-2o-trimestre-avalia-cni\/#respond"]}]},{"@type":"WebPage","@id":"https:\/\/jornalfatosenoticias.com.br\/index.php\/2026\/09\/01\/juros-e-importacoes-agravam-desempenho-da-industria-de-transformacao-no-2o-trimestre-avalia-cni\/","url":"https:\/\/jornalfatosenoticias.com.br\/index.php\/2026\/09\/01\/juros-e-importacoes-agravam-desempenho-da-industria-de-transformacao-no-2o-trimestre-avalia-cni\/","name":"Juros e importa\u00e7\u00f5es agravam desempenho da ind\u00fastria de transforma\u00e7\u00e3o no 2\u00ba trimestre, avalia CNI - Jornal Fatos e Not\u00edcias","isPartOf":{"@id":"https:\/\/jornalfatosenoticias.com.br\/#website"},"primaryImageOfPage":{"@id":"https:\/\/jornalfatosenoticias.com.br\/index.php\/2026\/09\/01\/juros-e-importacoes-agravam-desempenho-da-industria-de-transformacao-no-2o-trimestre-avalia-cni\/#primaryimage"},"image":{"@id":"https:\/\/jornalfatosenoticias.com.br\/index.php\/2026\/09\/01\/juros-e-importacoes-agravam-desempenho-da-industria-de-transformacao-no-2o-trimestre-avalia-cni\/#primaryimage"},"thumbnailUrl":"https:\/\/jornalfatosenoticias.com.br\/wp-content\/uploads\/2026\/09\/industria-de-transformacao-cni_shutterstock.jpg","datePublished":"2026-09-01T23:36:01+00:00","dateModified":"2026-09-01T23:36:03+00:00","breadcrumb":{"@id":"https:\/\/jornalfatosenoticias.com.br\/index.php\/2026\/09\/01\/juros-e-importacoes-agravam-desempenho-da-industria-de-transformacao-no-2o-trimestre-avalia-cni\/#breadcrumb"},"inLanguage":"pt-BR","potentialAction":[{"@type":"ReadAction","target":["https:\/\/jornalfatosenoticias.com.br\/index.php\/2026\/09\/01\/juros-e-importacoes-agravam-desempenho-da-industria-de-transformacao-no-2o-trimestre-avalia-cni\/"]}]},{"@type":"ImageObject","inLanguage":"pt-BR","@id":"https:\/\/jornalfatosenoticias.com.br\/index.php\/2026\/09\/01\/juros-e-importacoes-agravam-desempenho-da-industria-de-transformacao-no-2o-trimestre-avalia-cni\/#primaryimage","url":"https:\/\/jornalfatosenoticias.com.br\/wp-content\/uploads\/2026\/09\/industria-de-transformacao-cni_shutterstock.jpg","contentUrl":"https:\/\/jornalfatosenoticias.com.br\/wp-content\/uploads\/2026\/09\/industria-de-transformacao-cni_shutterstock.jpg","width":1000,"height":500},{"@type":"BreadcrumbList","@id":"https:\/\/jornalfatosenoticias.com.br\/index.php\/2026\/09\/01\/juros-e-importacoes-agravam-desempenho-da-industria-de-transformacao-no-2o-trimestre-avalia-cni\/#breadcrumb","itemListElement":[{"@type":"ListItem","position":1,"name":"In\u00edcio","item":"https:\/\/jornalfatosenoticias.com.br\/"},{"@type":"ListItem","position":2,"name":"Juros e importa\u00e7\u00f5es agravam desempenho da ind\u00fastria de transforma\u00e7\u00e3o no 2\u00ba trimestre, avalia CNI"}]},{"@type":"WebSite","@id":"https:\/\/jornalfatosenoticias.com.br\/#website","url":"https:\/\/jornalfatosenoticias.com.br\/","name":"Jornal Fatos e Not\u00edcias","description":"Not\u00edcias em geral","publisher":{"@id":"https:\/\/jornalfatosenoticias.com.br\/#organization"},"potentialAction":[{"@type":"SearchAction","target":{"@type":"EntryPoint","urlTemplate":"https:\/\/jornalfatosenoticias.com.br\/?s={search_term_string}"},"query-input":{"@type":"PropertyValueSpecification","valueRequired":true,"valueName":"search_term_string"}}],"inLanguage":"pt-BR"},{"@type":"Organization","@id":"https:\/\/jornalfatosenoticias.com.br\/#organization","name":"Jornal Fatos e Not\u00edcias","url":"https:\/\/jornalfatosenoticias.com.br\/","logo":{"@type":"ImageObject","inLanguage":"pt-BR","@id":"https:\/\/jornalfatosenoticias.com.br\/#\/schema\/logo\/image\/","url":"https:\/\/jornalfatosenoticias.com.br\/wp-content\/uploads\/2020\/02\/logo120.png","contentUrl":"https:\/\/jornalfatosenoticias.com.br\/wp-content\/uploads\/2020\/02\/logo120.png","width":1227,"height":120,"caption":"Jornal Fatos e Not\u00edcias"},"image":{"@id":"https:\/\/jornalfatosenoticias.com.br\/#\/schema\/logo\/image\/"}},{"@type":"Person","@id":"https:\/\/jornalfatosenoticias.com.br\/#\/schema\/person\/d63837fa13ac8666eb9e74e0985d6f81","name":"Luzimara Fernandes","image":{"@type":"ImageObject","inLanguage":"pt-BR","@id":"https:\/\/jornalfatosenoticias.com.br\/#\/schema\/person\/image\/","url":"https:\/\/jornalfatosenoticias.com.br\/wp-content\/uploads\/2025\/05\/EU_portal.jpg","contentUrl":"https:\/\/jornalfatosenoticias.com.br\/wp-content\/uploads\/2025\/05\/EU_portal.jpg","caption":"Luzimara Fernandes"},"description":"Jornalista MTB 2358-ES","sameAs":["https:\/\/jornalfatosenoticias.com.br"],"url":"https:\/\/jornalfatosenoticias.com.br\/index.php\/author\/luzimara\/"}]}},"cc_featured_image_caption":{"caption_text":"(Foto: Shutterstock)\r\n","source_text":"","source_url":""},"jetpack_featured_media_url":"https:\/\/jornalfatosenoticias.com.br\/wp-content\/uploads\/2026\/09\/industria-de-transformacao-cni_shutterstock.jpg","_links":{"self":[{"href":"https:\/\/jornalfatosenoticias.com.br\/index.php\/wp-json\/wp\/v2\/posts\/69564","targetHints":{"allow":["GET"]}}],"collection":[{"href":"https:\/\/jornalfatosenoticias.com.br\/index.php\/wp-json\/wp\/v2\/posts"}],"about":[{"href":"https:\/\/jornalfatosenoticias.com.br\/index.php\/wp-json\/wp\/v2\/types\/post"}],"author":[{"embeddable":true,"href":"https:\/\/jornalfatosenoticias.com.br\/index.php\/wp-json\/wp\/v2\/users\/2"}],"replies":[{"embeddable":true,"href":"https:\/\/jornalfatosenoticias.com.br\/index.php\/wp-json\/wp\/v2\/comments?post=69564"}],"version-history":[{"count":1,"href":"https:\/\/jornalfatosenoticias.com.br\/index.php\/wp-json\/wp\/v2\/posts\/69564\/revisions"}],"predecessor-version":[{"id":69566,"href":"https:\/\/jornalfatosenoticias.com.br\/index.php\/wp-json\/wp\/v2\/posts\/69564\/revisions\/69566"}],"wp:featuredmedia":[{"embeddable":true,"href":"https:\/\/jornalfatosenoticias.com.br\/index.php\/wp-json\/wp\/v2\/media\/69565"}],"wp:attachment":[{"href":"https:\/\/jornalfatosenoticias.com.br\/index.php\/wp-json\/wp\/v2\/media?parent=69564"}],"wp:term":[{"taxonomy":"category","embeddable":true,"href":"https:\/\/jornalfatosenoticias.com.br\/index.php\/wp-json\/wp\/v2\/categories?post=69564"},{"taxonomy":"post_tag","embeddable":true,"href":"https:\/\/jornalfatosenoticias.com.br\/index.php\/wp-json\/wp\/v2\/tags?post=69564"}],"curies":[{"name":"wp","href":"https:\/\/api.w.org\/{rel}","templated":true}]}}