{"id":69570,"date":"2026-09-03T10:08:52","date_gmt":"2026-09-03T13:08:52","guid":{"rendered":"https:\/\/jornalfatosenoticias.com.br\/?p=69570"},"modified":"2026-09-03T10:30:22","modified_gmt":"2026-09-03T13:30:22","slug":"como-os-materiais-compositos-estao-construindo-o-futuro-da-mobilidade","status":"publish","type":"post","link":"https:\/\/jornalfatosenoticias.com.br\/index.php\/2026\/09\/03\/como-os-materiais-compositos-estao-construindo-o-futuro-da-mobilidade\/","title":{"rendered":"Como os materiais comp\u00f3sitos est\u00e3o construindo o futuro da mobilidade"},"content":{"rendered":"\n<p><mark style=\"background-color:rgba(0, 0, 0, 0)\" class=\"has-inline-color has-black-color\">Por <strong><a href=\"https:\/\/online.fliphtml5.com\/ywlkz\/dvxt\/#p=90\">Rafael Ferreira Oliveira dos Santos<\/a><\/strong><\/mark><\/p>\n\n\n<div class=\"wp-block-image is-style-rounded\">\n<figure class=\"alignleft size-full\"><img loading=\"lazy\" decoding=\"async\" width=\"102\" height=\"136\" src=\"https:\/\/jornalfatosenoticias.com.br\/wp-content\/uploads\/2026\/07\/Rafael-Ferreira-Oliveira-dos-Santos_portal.jpg\" alt=\"\" class=\"wp-image-68828\"\/><\/figure>\n<\/div>\n\n\n<p><em><mark style=\"background-color:rgba(0, 0, 0, 0)\" class=\"has-inline-color has-black-color\">Engenheiro de Desenvolvimento de Processos na Embraer. Graduado em Engenharia de Produ\u00e7\u00e3o e p\u00f3s-graduado em Engenharia de Comp\u00f3sitos, atualmente, integra a \u00e1rea de Desenvolvimento de Anteprojetos da Embraer Brasil<\/mark><\/em><\/p>\n\n\n\n<p><strong><mark style=\"background-color:rgba(0, 0, 0, 0)\" class=\"has-inline-color has-black-color\">Introdu\u00e7\u00e3o<\/mark><\/strong><br>O voo n\u00e3o \u00e9 apenas um marco da engenhosidade humana \u2013 \u00e9 a prova de que a evolu\u00e7\u00e3o da ci\u00eancia dos materiais e dos processos de fabrica\u00e7\u00e3o transformam o complexo em realidade. Baseado neste argumento a <strong><a href=\"https:\/\/online.fliphtml5.com\/ywlkz\/dvxt\/#p=90\">ind\u00fastria aeron\u00e1utica<\/a><\/strong> tem buscado incessantemente a evolu\u00e7\u00e3o de suas aeronaves e dos meios de aeronavegabilidade procurando, ao m\u00e1ximo, otimiza\u00e7\u00e3o dos voos, redu\u00e7\u00f5es expressivas de peso de produto para que seus alcances sejam ainda maiores em performance, autonomia e alcance. Consolidando, assim, um mercado com caracter\u00edsticas \u00fanicas em colocar poltronas nos c\u00e9us e trazer a maior seguran\u00e7a e efici\u00eancia em todas as suas atividades surgem os eVTOLs (Electric Vertical Take-off and Landing) ve\u00edculos criados para deslocamentos em m\u00e9dias dist\u00e2ncias.<\/p>\n\n\n\n<p><strong><mark style=\"background-color:rgba(0, 0, 0, 0)\" class=\"has-inline-color has-black-color\">1. A express\u00e3o \u201ccarro voador\u201d seria a mais adequada?<br><\/mark><\/strong>A express\u00e3o \u201ccarro voador\u201d tem sido disseminada pelos meios de comunica\u00e7\u00e3o como um jarg\u00e3o para designar esses novos modelos de aeronaves. Embora possa parecer atrativa ao p\u00fablico n\u00e3o familiarizado com conceitos aeron\u00e1uticos, essa denomina\u00e7\u00e3o possui importantes implica\u00e7\u00f5es t\u00e9cnicas.<br>Em suma, temos quatro principais tipos de opera\u00e7\u00e3o de aeronaves: CTOL, STOL, VTOl e eVTOLs:<br>CTOL \u2013 Conventional Take-off and Landing \u2013 (decolagem e pouso convencionais). Esta categoria trata dos modelos com asa fixa que utilizam o m\u00e9todo tradicional de uma aeronave que rola por uma pista horizontal para ganhar velocidade para arremeter ou que perde velocidade ao tocar o solo e acionar os freios. S\u00e3o os modelos comerciais e executivos com passageiros.<br>STOL &#8211; Short Take-off and Landing \u2013 (decolagem e pouso curto). S\u00e3o aeronaves com asa fixa e capacidade de operar em pistas reduzidas e pouca dist\u00e2ncia de percurso para sair do ch\u00e3o ou aterrissar.<br>VTOL &#8211; Vertical Take-off and Landing \u2013 (decolagem e pouso vertical). S\u00e3o ve\u00edculos com asas rotativas, em sua maioria, que sobem e descem sem necessidade de pista longa. Nesta categoria est\u00e3o os helic\u00f3pteros.<br>eVTOL &#8211; Electric Vertical Take-off and Landing \u2013 (decolagem e pouso vertical el\u00e9trico). S\u00e3o as aeronaves el\u00e9tricas que decolam e pousam sem necessidade de pistas longas, semelhantes aos helic\u00f3pteros, por\u00e9m realizam voos de cruzeiro de forma mais eficiente como os avi\u00f5es. Este tem como uma das principais caracter\u00edsticas o transporte urbano sustent\u00e1vel.<\/p>\n\n\n<div class=\"wp-block-image\">\n<figure class=\"aligncenter size-full\"><img loading=\"lazy\" decoding=\"async\" width=\"1000\" height=\"562\" src=\"https:\/\/jornalfatosenoticias.com.br\/wp-content\/uploads\/2026\/09\/Projeto.png\" alt=\"\" class=\"wp-image-69573\" srcset=\"https:\/\/jornalfatosenoticias.com.br\/wp-content\/uploads\/2026\/09\/Projeto.png 1000w, https:\/\/jornalfatosenoticias.com.br\/wp-content\/uploads\/2026\/09\/Projeto-300x169.png 300w, https:\/\/jornalfatosenoticias.com.br\/wp-content\/uploads\/2026\/09\/Projeto-768x432.png 768w\" sizes=\"auto, (max-width: 1000px) 100vw, 1000px\" \/><figcaption class=\"wp-element-caption\"><mark style=\"background-color:rgba(0, 0, 0, 0)\" class=\"has-inline-color has-black-color\">(Foto: Gerada por IA)<\/mark><\/figcaption><\/figure>\n<\/div>\n\n\n<p><strong><mark style=\"background-color:rgba(0, 0, 0, 0)\" class=\"has-inline-color has-black-color\">2. A oportunidade dos comp\u00f3sitos<br><\/mark><\/strong>A demanda por eVTOLs imp\u00f4s desafios adicionais relacionados ao desempenho da aeronave e \u00e0 efici\u00eancia de suas superf\u00edcies aerodin\u00e2micas. A necessidade de estruturas complexas, por\u00e9m mais leves e capazes de suportar as cargas com maior efici\u00eancia, fortaleceu o uso de materiais comp\u00f3sitos. Assim, o alum\u00ednio, que impulsionou a expans\u00e3o da ind\u00fastria aeron\u00e1utica nas \u00faltimas d\u00e9cadas, passou a enfrentar um concorrente de peso.<br>A Anisotropia dos materiais comp\u00f3sitos (suas propriedades mec\u00e2nicas e f\u00edsicas como rigidez , resist\u00eancia e dilata\u00e7\u00e3o t\u00e9rmica, mudam de acordo com a dire\u00e7\u00e3o em que a for\u00e7a \u00e9 aplicada) trouxe benef\u00edcios al\u00e9m dos esperados quando comparado ao alum\u00ednio que \u00e9 um material anisotr\u00f3pico (tem a mesma propriedade f\u00edsica em suas dire\u00e7\u00f5es) em seu estado bruto e necessite de processos especiais para ganhar anisotropia, porem acarreta em uma necessidade de acumulo de peso em regi\u00f5es onde os comp\u00f3sitos conseguem otimizar suas geometrias.<br>Esta efici\u00eancia dos comp\u00f3sitos acarreta uma redu\u00e7\u00e3o significativa de peso para a aeronave. Em um impacto direto nos comp\u00f3sitos temos uma resist\u00eancia espec\u00edfica aproximadamente cinco vezes maior que os metais e um potencial de redu\u00e7\u00e3o de peso entre 45% a 60% de uma estrutura.<\/p>\n\n\n<div class=\"wp-block-image\">\n<figure class=\"aligncenter size-full\"><img loading=\"lazy\" decoding=\"async\" width=\"1000\" height=\"562\" src=\"https:\/\/jornalfatosenoticias.com.br\/wp-content\/uploads\/2026\/09\/Trafego-aereo-futuro.png\" alt=\"\" class=\"wp-image-69574\" srcset=\"https:\/\/jornalfatosenoticias.com.br\/wp-content\/uploads\/2026\/09\/Trafego-aereo-futuro.png 1000w, https:\/\/jornalfatosenoticias.com.br\/wp-content\/uploads\/2026\/09\/Trafego-aereo-futuro-300x169.png 300w, https:\/\/jornalfatosenoticias.com.br\/wp-content\/uploads\/2026\/09\/Trafego-aereo-futuro-768x432.png 768w\" sizes=\"auto, (max-width: 1000px) 100vw, 1000px\" \/><figcaption class=\"wp-element-caption\"><mark style=\"background-color:rgba(0, 0, 0, 0)\" class=\"has-inline-color has-black-color\">(Foto: Gerada por IA)<\/mark><\/figcaption><\/figure>\n<\/div>\n\n\n<p><strong><mark style=\"background-color:rgba(0, 0, 0, 0)\" class=\"has-inline-color has-black-color\">3. Proje\u00e7\u00f5es do mercado de eVTOLs<br><\/mark><\/strong>Para os pr\u00f3ximos anos a mobilidade a\u00e9rea urbana deixar\u00e1 de ser um nicho para se tornar uma ind\u00fastria de $50 bilh\u00f5es, impulsionada por comp\u00f3sitos. Esta afirma\u00e7\u00e3o est\u00e1 relacionada as proje\u00e7\u00f5es de mercado para comp\u00f3sitos para eVTOLs nos pr\u00f3ximos anos, segundo as informa\u00e7\u00f5es de mercado em 2025, mercado global de aeronaves fechou o ano com aproximadamente US$ 1,04 bilh\u00e3o e com uma proje\u00e7\u00e3o para 2040 de aproximadamente US$ 51,2 bilh\u00f5es, o que representa um crescimento expressivo tornando a mobilidade humana um nicho para se tornar uma ind\u00fastria de US$ 50 bilh\u00f5es, impulsionada por comp\u00f3sitos.<br>Outro ponto relevante \u00e9 que a demanda em toneladas de consumo para comp\u00f3sitos para eVTOLs parte de 500 toneladas ano em 2025 para 38.500 toneladas ano em 2040. Para simplificar a an\u00e1lise, isto equivale a aproximadamente 7.700 elefantes de cinco toneladas ou 25.600 carros populares de 1,5 tonelada ou ainda 2.570 caminh\u00f5es carregados de 15 toneladas, a ind\u00fastria precisar\u00e1 se movimentar de forma significativa para absorver esta demanda.<\/p>\n\n\n<div class=\"wp-block-image\">\n<figure class=\"aligncenter size-full\"><img loading=\"lazy\" decoding=\"async\" width=\"742\" height=\"319\" src=\"https:\/\/jornalfatosenoticias.com.br\/wp-content\/uploads\/2026\/09\/ademir.jpg\" alt=\"\" class=\"wp-image-69571\" srcset=\"https:\/\/jornalfatosenoticias.com.br\/wp-content\/uploads\/2026\/09\/ademir.jpg 742w, https:\/\/jornalfatosenoticias.com.br\/wp-content\/uploads\/2026\/09\/ademir-300x129.jpg 300w\" sizes=\"auto, (max-width: 742px) 100vw, 742px\" \/><\/figure>\n<\/div>\n\n\n<p>O mercado de fibra de carbono para eVTOLs encerrou 2025 com um valo $ 3.67 bilh\u00f5es, as pesquisas indicam que o crescimento esperado para 2040 \u00e9 de 96%, o que levaria o mercado para uma proje\u00e7\u00e3o de $ 7.91 bilh\u00f5es, trazendo uma Taxa de crescimento anual (CAGR) de 7% p.a. Isto significa que a transi\u00e7\u00e3o para materiais leves n\u00e3o \u00e9 uma tend\u00eancia de mercado: \u00e9 um vetor de crescimento sustent\u00e1vel.<\/p>\n\n\n<div class=\"wp-block-image\">\n<figure class=\"aligncenter size-full\"><img loading=\"lazy\" decoding=\"async\" width=\"365\" height=\"319\" src=\"https:\/\/jornalfatosenoticias.com.br\/wp-content\/uploads\/2026\/09\/ademir2.jpg\" alt=\"\" class=\"wp-image-69572\" srcset=\"https:\/\/jornalfatosenoticias.com.br\/wp-content\/uploads\/2026\/09\/ademir2.jpg 365w, https:\/\/jornalfatosenoticias.com.br\/wp-content\/uploads\/2026\/09\/ademir2-300x262.jpg 300w\" sizes=\"auto, (max-width: 365px) 100vw, 365px\" \/><\/figure>\n<\/div>\n\n\n<p><strong><mark style=\"background-color:rgba(0, 0, 0, 0)\" class=\"has-inline-color has-black-color\">4. Conclus\u00e3o<br><\/mark><\/strong>Os materiais comp\u00f3sitos s\u00e3o essenciais para o futuro da mobilidade a\u00e9rea, pois oferecem leveza, efici\u00eancia e resist\u00eancia compat\u00edveis com as exig\u00eancias das novas aeronaves. Nesse cen\u00e1rio, o dom\u00ednio de sua manufatura r\u00e1pida e em escala ser\u00e1 decisivo para o avan\u00e7o da ind\u00fastria, tornando-os n\u00e3o apenas uma alternativa, mas um material estrat\u00e9gico e cada vez mais indispens\u00e1vel. Em resumo: H\u00e1 50 anos, os comp\u00f3sitos eram vistos como um material alternativo. Hoje eles s\u00e3o um material estrat\u00e9gico. Amanh\u00e3 ser\u00e3o simplesmente o material esperado.<\/p>\n\n\n<div class=\"wp-block-image\">\n<figure class=\"aligncenter size-full\"><img loading=\"lazy\" decoding=\"async\" width=\"1000\" height=\"562\" src=\"https:\/\/jornalfatosenoticias.com.br\/wp-content\/uploads\/2026\/09\/Exemplo-de-Produto.png\" alt=\"\" class=\"wp-image-69575\" srcset=\"https:\/\/jornalfatosenoticias.com.br\/wp-content\/uploads\/2026\/09\/Exemplo-de-Produto.png 1000w, https:\/\/jornalfatosenoticias.com.br\/wp-content\/uploads\/2026\/09\/Exemplo-de-Produto-300x169.png 300w, https:\/\/jornalfatosenoticias.com.br\/wp-content\/uploads\/2026\/09\/Exemplo-de-Produto-768x432.png 768w\" sizes=\"auto, (max-width: 1000px) 100vw, 1000px\" \/><figcaption class=\"wp-element-caption\"><mark style=\"background-color:rgba(0, 0, 0, 0)\" class=\"has-inline-color has-black-color\">(Foto: Gerada por IA)<\/mark><\/figcaption><\/figure>\n<\/div>","protected":false},"excerpt":{"rendered":"<p>Por Rafael Ferreira Oliveira dos Santos Engenheiro de Desenvolvimento de Processos na Embraer. Graduado em Engenharia de Produ\u00e7\u00e3o e p\u00f3s-graduado em Engenharia de Comp\u00f3sitos, atualmente, integra a \u00e1rea de Desenvolvimento de Anteprojetos da Embraer Brasil Introdu\u00e7\u00e3oO voo n\u00e3o \u00e9 apenas um marco da engenhosidade humana \u2013 \u00e9 a prova de que a evolu\u00e7\u00e3o da ci\u00eancia [&hellip;]<\/p>\n","protected":false},"author":2,"featured_media":69576,"comment_status":"open","ping_status":"open","sticky":false,"template":"","format":"standard","meta":{"footnotes":""},"categories":[9923],"tags":[3363,31836,798,31834,31422,803,31835],"class_list":["post-69570","post","type-post","status-publish","format-standard","has-post-thumbnail","hentry","category-mobilidade","tag-carro-voador","tag-evtols","tag-fibra-de-carbono","tag-futuro-da-mobilidade","tag-materiais-compositos","tag-mobilidade","tag-mobilidade-aerea-urbana"],"yoast_head":"<!-- This site is optimized with the Yoast SEO plugin v26.5 - https:\/\/yoast.com\/wordpress\/plugins\/seo\/ -->\n<title>Como os materiais comp\u00f3sitos est\u00e3o construindo o futuro da mobilidade - Jornal Fatos e Not\u00edcias<\/title>\n<meta name=\"robots\" content=\"index, follow, max-snippet:-1, max-image-preview:large, max-video-preview:-1\" \/>\n<link rel=\"canonical\" href=\"https:\/\/jornalfatosenoticias.com.br\/index.php\/2026\/09\/03\/como-os-materiais-compositos-estao-construindo-o-futuro-da-mobilidade\/\" \/>\n<meta property=\"og:locale\" content=\"pt_BR\" \/>\n<meta property=\"og:type\" content=\"article\" \/>\n<meta property=\"og:title\" content=\"Como os materiais comp\u00f3sitos est\u00e3o construindo o futuro da mobilidade - Jornal Fatos e Not\u00edcias\" \/>\n<meta property=\"og:description\" content=\"Por Rafael Ferreira Oliveira dos Santos Engenheiro de Desenvolvimento de Processos na Embraer. Graduado em Engenharia de Produ\u00e7\u00e3o e p\u00f3s-graduado em Engenharia de Comp\u00f3sitos, atualmente, integra a \u00e1rea de Desenvolvimento de Anteprojetos da Embraer Brasil Introdu\u00e7\u00e3oO voo n\u00e3o \u00e9 apenas um marco da engenhosidade humana \u2013 \u00e9 a prova de que a evolu\u00e7\u00e3o da ci\u00eancia [&hellip;]\" \/>\n<meta property=\"og:url\" content=\"https:\/\/jornalfatosenoticias.com.br\/index.php\/2026\/09\/03\/como-os-materiais-compositos-estao-construindo-o-futuro-da-mobilidade\/\" \/>\n<meta property=\"og:site_name\" content=\"Jornal Fatos e Not\u00edcias\" \/>\n<meta property=\"article:published_time\" content=\"2026-09-03T13:08:52+00:00\" \/>\n<meta property=\"article:modified_time\" content=\"2026-09-03T13:30:22+00:00\" \/>\n<meta property=\"og:image\" content=\"https:\/\/jornalfatosenoticias.com.br\/wp-content\/uploads\/2026\/09\/Futuro-da-mobilidade.png\" \/>\n\t<meta property=\"og:image:width\" content=\"1000\" \/>\n\t<meta property=\"og:image:height\" content=\"562\" \/>\n\t<meta property=\"og:image:type\" content=\"image\/png\" \/>\n<meta name=\"author\" content=\"Luzimara Fernandes\" \/>\n<meta name=\"twitter:card\" content=\"summary_large_image\" \/>\n<meta name=\"twitter:label1\" content=\"Escrito por\" \/>\n\t<meta name=\"twitter:data1\" content=\"Luzimara Fernandes\" \/>\n\t<meta name=\"twitter:label2\" content=\"Est. tempo de leitura\" \/>\n\t<meta name=\"twitter:data2\" content=\"7 minutos\" \/>\n<script type=\"application\/ld+json\" class=\"yoast-schema-graph\">{\"@context\":\"https:\/\/schema.org\",\"@graph\":[{\"@type\":\"Article\",\"@id\":\"https:\/\/jornalfatosenoticias.com.br\/index.php\/2026\/09\/03\/como-os-materiais-compositos-estao-construindo-o-futuro-da-mobilidade\/#article\",\"isPartOf\":{\"@id\":\"https:\/\/jornalfatosenoticias.com.br\/index.php\/2026\/09\/03\/como-os-materiais-compositos-estao-construindo-o-futuro-da-mobilidade\/\"},\"author\":{\"name\":\"Luzimara Fernandes\",\"@id\":\"https:\/\/jornalfatosenoticias.com.br\/#\/schema\/person\/d63837fa13ac8666eb9e74e0985d6f81\"},\"headline\":\"Como os materiais comp\u00f3sitos est\u00e3o construindo o futuro da mobilidade\",\"datePublished\":\"2026-09-03T13:08:52+00:00\",\"dateModified\":\"2026-09-03T13:30:22+00:00\",\"mainEntityOfPage\":{\"@id\":\"https:\/\/jornalfatosenoticias.com.br\/index.php\/2026\/09\/03\/como-os-materiais-compositos-estao-construindo-o-futuro-da-mobilidade\/\"},\"wordCount\":1013,\"commentCount\":0,\"publisher\":{\"@id\":\"https:\/\/jornalfatosenoticias.com.br\/#organization\"},\"image\":{\"@id\":\"https:\/\/jornalfatosenoticias.com.br\/index.php\/2026\/09\/03\/como-os-materiais-compositos-estao-construindo-o-futuro-da-mobilidade\/#primaryimage\"},\"thumbnailUrl\":\"https:\/\/jornalfatosenoticias.com.br\/wp-content\/uploads\/2026\/09\/Futuro-da-mobilidade.png\",\"keywords\":[\"carro voador\",\"eVTOLs\",\"fibra de carbono\",\"futuro da mobilidade\",\"materiais comp\u00f3sitos\",\"mobilidade\",\"mobilidade a\u00e9rea urbana\"],\"articleSection\":[\"Mobilidade\"],\"inLanguage\":\"pt-BR\",\"potentialAction\":[{\"@type\":\"CommentAction\",\"name\":\"Comment\",\"target\":[\"https:\/\/jornalfatosenoticias.com.br\/index.php\/2026\/09\/03\/como-os-materiais-compositos-estao-construindo-o-futuro-da-mobilidade\/#respond\"]}]},{\"@type\":\"WebPage\",\"@id\":\"https:\/\/jornalfatosenoticias.com.br\/index.php\/2026\/09\/03\/como-os-materiais-compositos-estao-construindo-o-futuro-da-mobilidade\/\",\"url\":\"https:\/\/jornalfatosenoticias.com.br\/index.php\/2026\/09\/03\/como-os-materiais-compositos-estao-construindo-o-futuro-da-mobilidade\/\",\"name\":\"Como os materiais comp\u00f3sitos est\u00e3o construindo o futuro da mobilidade - Jornal Fatos e Not\u00edcias\",\"isPartOf\":{\"@id\":\"https:\/\/jornalfatosenoticias.com.br\/#website\"},\"primaryImageOfPage\":{\"@id\":\"https:\/\/jornalfatosenoticias.com.br\/index.php\/2026\/09\/03\/como-os-materiais-compositos-estao-construindo-o-futuro-da-mobilidade\/#primaryimage\"},\"image\":{\"@id\":\"https:\/\/jornalfatosenoticias.com.br\/index.php\/2026\/09\/03\/como-os-materiais-compositos-estao-construindo-o-futuro-da-mobilidade\/#primaryimage\"},\"thumbnailUrl\":\"https:\/\/jornalfatosenoticias.com.br\/wp-content\/uploads\/2026\/09\/Futuro-da-mobilidade.png\",\"datePublished\":\"2026-09-03T13:08:52+00:00\",\"dateModified\":\"2026-09-03T13:30:22+00:00\",\"breadcrumb\":{\"@id\":\"https:\/\/jornalfatosenoticias.com.br\/index.php\/2026\/09\/03\/como-os-materiais-compositos-estao-construindo-o-futuro-da-mobilidade\/#breadcrumb\"},\"inLanguage\":\"pt-BR\",\"potentialAction\":[{\"@type\":\"ReadAction\",\"target\":[\"https:\/\/jornalfatosenoticias.com.br\/index.php\/2026\/09\/03\/como-os-materiais-compositos-estao-construindo-o-futuro-da-mobilidade\/\"]}]},{\"@type\":\"ImageObject\",\"inLanguage\":\"pt-BR\",\"@id\":\"https:\/\/jornalfatosenoticias.com.br\/index.php\/2026\/09\/03\/como-os-materiais-compositos-estao-construindo-o-futuro-da-mobilidade\/#primaryimage\",\"url\":\"https:\/\/jornalfatosenoticias.com.br\/wp-content\/uploads\/2026\/09\/Futuro-da-mobilidade.png\",\"contentUrl\":\"https:\/\/jornalfatosenoticias.com.br\/wp-content\/uploads\/2026\/09\/Futuro-da-mobilidade.png\",\"width\":1000,\"height\":562},{\"@type\":\"BreadcrumbList\",\"@id\":\"https:\/\/jornalfatosenoticias.com.br\/index.php\/2026\/09\/03\/como-os-materiais-compositos-estao-construindo-o-futuro-da-mobilidade\/#breadcrumb\",\"itemListElement\":[{\"@type\":\"ListItem\",\"position\":1,\"name\":\"In\u00edcio\",\"item\":\"https:\/\/jornalfatosenoticias.com.br\/\"},{\"@type\":\"ListItem\",\"position\":2,\"name\":\"Como os materiais comp\u00f3sitos est\u00e3o construindo o futuro da mobilidade\"}]},{\"@type\":\"WebSite\",\"@id\":\"https:\/\/jornalfatosenoticias.com.br\/#website\",\"url\":\"https:\/\/jornalfatosenoticias.com.br\/\",\"name\":\"Jornal Fatos e Not\u00edcias\",\"description\":\"Not\u00edcias em geral\",\"publisher\":{\"@id\":\"https:\/\/jornalfatosenoticias.com.br\/#organization\"},\"potentialAction\":[{\"@type\":\"SearchAction\",\"target\":{\"@type\":\"EntryPoint\",\"urlTemplate\":\"https:\/\/jornalfatosenoticias.com.br\/?s={search_term_string}\"},\"query-input\":{\"@type\":\"PropertyValueSpecification\",\"valueRequired\":true,\"valueName\":\"search_term_string\"}}],\"inLanguage\":\"pt-BR\"},{\"@type\":\"Organization\",\"@id\":\"https:\/\/jornalfatosenoticias.com.br\/#organization\",\"name\":\"Jornal Fatos e Not\u00edcias\",\"url\":\"https:\/\/jornalfatosenoticias.com.br\/\",\"logo\":{\"@type\":\"ImageObject\",\"inLanguage\":\"pt-BR\",\"@id\":\"https:\/\/jornalfatosenoticias.com.br\/#\/schema\/logo\/image\/\",\"url\":\"https:\/\/jornalfatosenoticias.com.br\/wp-content\/uploads\/2020\/02\/logo120.png\",\"contentUrl\":\"https:\/\/jornalfatosenoticias.com.br\/wp-content\/uploads\/2020\/02\/logo120.png\",\"width\":1227,\"height\":120,\"caption\":\"Jornal Fatos e Not\u00edcias\"},\"image\":{\"@id\":\"https:\/\/jornalfatosenoticias.com.br\/#\/schema\/logo\/image\/\"}},{\"@type\":\"Person\",\"@id\":\"https:\/\/jornalfatosenoticias.com.br\/#\/schema\/person\/d63837fa13ac8666eb9e74e0985d6f81\",\"name\":\"Luzimara Fernandes\",\"image\":{\"@type\":\"ImageObject\",\"inLanguage\":\"pt-BR\",\"@id\":\"https:\/\/jornalfatosenoticias.com.br\/#\/schema\/person\/image\/\",\"url\":\"https:\/\/jornalfatosenoticias.com.br\/wp-content\/uploads\/2025\/05\/EU_portal.jpg\",\"contentUrl\":\"https:\/\/jornalfatosenoticias.com.br\/wp-content\/uploads\/2025\/05\/EU_portal.jpg\",\"caption\":\"Luzimara Fernandes\"},\"description\":\"Jornalista MTB 2358-ES\",\"sameAs\":[\"https:\/\/jornalfatosenoticias.com.br\"],\"url\":\"https:\/\/jornalfatosenoticias.com.br\/index.php\/author\/luzimara\/\"}]}<\/script>\n<!-- \/ Yoast SEO plugin. -->","yoast_head_json":{"title":"Como os materiais comp\u00f3sitos est\u00e3o construindo o futuro da mobilidade - Jornal Fatos e Not\u00edcias","robots":{"index":"index","follow":"follow","max-snippet":"max-snippet:-1","max-image-preview":"max-image-preview:large","max-video-preview":"max-video-preview:-1"},"canonical":"https:\/\/jornalfatosenoticias.com.br\/index.php\/2026\/09\/03\/como-os-materiais-compositos-estao-construindo-o-futuro-da-mobilidade\/","og_locale":"pt_BR","og_type":"article","og_title":"Como os materiais comp\u00f3sitos est\u00e3o construindo o futuro da mobilidade - Jornal Fatos e Not\u00edcias","og_description":"Por Rafael Ferreira Oliveira dos Santos Engenheiro de Desenvolvimento de Processos na Embraer. Graduado em Engenharia de Produ\u00e7\u00e3o e p\u00f3s-graduado em Engenharia de Comp\u00f3sitos, atualmente, integra a \u00e1rea de Desenvolvimento de Anteprojetos da Embraer Brasil Introdu\u00e7\u00e3oO voo n\u00e3o \u00e9 apenas um marco da engenhosidade humana \u2013 \u00e9 a prova de que a evolu\u00e7\u00e3o da ci\u00eancia [&hellip;]","og_url":"https:\/\/jornalfatosenoticias.com.br\/index.php\/2026\/09\/03\/como-os-materiais-compositos-estao-construindo-o-futuro-da-mobilidade\/","og_site_name":"Jornal Fatos e Not\u00edcias","article_published_time":"2026-09-03T13:08:52+00:00","article_modified_time":"2026-09-03T13:30:22+00:00","og_image":[{"width":1000,"height":562,"url":"https:\/\/jornalfatosenoticias.com.br\/wp-content\/uploads\/2026\/09\/Futuro-da-mobilidade.png","type":"image\/png"}],"author":"Luzimara Fernandes","twitter_card":"summary_large_image","twitter_misc":{"Escrito por":"Luzimara Fernandes","Est. tempo de leitura":"7 minutos"},"schema":{"@context":"https:\/\/schema.org","@graph":[{"@type":"Article","@id":"https:\/\/jornalfatosenoticias.com.br\/index.php\/2026\/09\/03\/como-os-materiais-compositos-estao-construindo-o-futuro-da-mobilidade\/#article","isPartOf":{"@id":"https:\/\/jornalfatosenoticias.com.br\/index.php\/2026\/09\/03\/como-os-materiais-compositos-estao-construindo-o-futuro-da-mobilidade\/"},"author":{"name":"Luzimara Fernandes","@id":"https:\/\/jornalfatosenoticias.com.br\/#\/schema\/person\/d63837fa13ac8666eb9e74e0985d6f81"},"headline":"Como os materiais comp\u00f3sitos est\u00e3o construindo o futuro da mobilidade","datePublished":"2026-09-03T13:08:52+00:00","dateModified":"2026-09-03T13:30:22+00:00","mainEntityOfPage":{"@id":"https:\/\/jornalfatosenoticias.com.br\/index.php\/2026\/09\/03\/como-os-materiais-compositos-estao-construindo-o-futuro-da-mobilidade\/"},"wordCount":1013,"commentCount":0,"publisher":{"@id":"https:\/\/jornalfatosenoticias.com.br\/#organization"},"image":{"@id":"https:\/\/jornalfatosenoticias.com.br\/index.php\/2026\/09\/03\/como-os-materiais-compositos-estao-construindo-o-futuro-da-mobilidade\/#primaryimage"},"thumbnailUrl":"https:\/\/jornalfatosenoticias.com.br\/wp-content\/uploads\/2026\/09\/Futuro-da-mobilidade.png","keywords":["carro voador","eVTOLs","fibra de carbono","futuro da mobilidade","materiais comp\u00f3sitos","mobilidade","mobilidade a\u00e9rea urbana"],"articleSection":["Mobilidade"],"inLanguage":"pt-BR","potentialAction":[{"@type":"CommentAction","name":"Comment","target":["https:\/\/jornalfatosenoticias.com.br\/index.php\/2026\/09\/03\/como-os-materiais-compositos-estao-construindo-o-futuro-da-mobilidade\/#respond"]}]},{"@type":"WebPage","@id":"https:\/\/jornalfatosenoticias.com.br\/index.php\/2026\/09\/03\/como-os-materiais-compositos-estao-construindo-o-futuro-da-mobilidade\/","url":"https:\/\/jornalfatosenoticias.com.br\/index.php\/2026\/09\/03\/como-os-materiais-compositos-estao-construindo-o-futuro-da-mobilidade\/","name":"Como os materiais comp\u00f3sitos est\u00e3o construindo o futuro da mobilidade - Jornal Fatos e Not\u00edcias","isPartOf":{"@id":"https:\/\/jornalfatosenoticias.com.br\/#website"},"primaryImageOfPage":{"@id":"https:\/\/jornalfatosenoticias.com.br\/index.php\/2026\/09\/03\/como-os-materiais-compositos-estao-construindo-o-futuro-da-mobilidade\/#primaryimage"},"image":{"@id":"https:\/\/jornalfatosenoticias.com.br\/index.php\/2026\/09\/03\/como-os-materiais-compositos-estao-construindo-o-futuro-da-mobilidade\/#primaryimage"},"thumbnailUrl":"https:\/\/jornalfatosenoticias.com.br\/wp-content\/uploads\/2026\/09\/Futuro-da-mobilidade.png","datePublished":"2026-09-03T13:08:52+00:00","dateModified":"2026-09-03T13:30:22+00:00","breadcrumb":{"@id":"https:\/\/jornalfatosenoticias.com.br\/index.php\/2026\/09\/03\/como-os-materiais-compositos-estao-construindo-o-futuro-da-mobilidade\/#breadcrumb"},"inLanguage":"pt-BR","potentialAction":[{"@type":"ReadAction","target":["https:\/\/jornalfatosenoticias.com.br\/index.php\/2026\/09\/03\/como-os-materiais-compositos-estao-construindo-o-futuro-da-mobilidade\/"]}]},{"@type":"ImageObject","inLanguage":"pt-BR","@id":"https:\/\/jornalfatosenoticias.com.br\/index.php\/2026\/09\/03\/como-os-materiais-compositos-estao-construindo-o-futuro-da-mobilidade\/#primaryimage","url":"https:\/\/jornalfatosenoticias.com.br\/wp-content\/uploads\/2026\/09\/Futuro-da-mobilidade.png","contentUrl":"https:\/\/jornalfatosenoticias.com.br\/wp-content\/uploads\/2026\/09\/Futuro-da-mobilidade.png","width":1000,"height":562},{"@type":"BreadcrumbList","@id":"https:\/\/jornalfatosenoticias.com.br\/index.php\/2026\/09\/03\/como-os-materiais-compositos-estao-construindo-o-futuro-da-mobilidade\/#breadcrumb","itemListElement":[{"@type":"ListItem","position":1,"name":"In\u00edcio","item":"https:\/\/jornalfatosenoticias.com.br\/"},{"@type":"ListItem","position":2,"name":"Como os materiais comp\u00f3sitos est\u00e3o construindo o futuro da mobilidade"}]},{"@type":"WebSite","@id":"https:\/\/jornalfatosenoticias.com.br\/#website","url":"https:\/\/jornalfatosenoticias.com.br\/","name":"Jornal Fatos e Not\u00edcias","description":"Not\u00edcias em geral","publisher":{"@id":"https:\/\/jornalfatosenoticias.com.br\/#organization"},"potentialAction":[{"@type":"SearchAction","target":{"@type":"EntryPoint","urlTemplate":"https:\/\/jornalfatosenoticias.com.br\/?s={search_term_string}"},"query-input":{"@type":"PropertyValueSpecification","valueRequired":true,"valueName":"search_term_string"}}],"inLanguage":"pt-BR"},{"@type":"Organization","@id":"https:\/\/jornalfatosenoticias.com.br\/#organization","name":"Jornal Fatos e Not\u00edcias","url":"https:\/\/jornalfatosenoticias.com.br\/","logo":{"@type":"ImageObject","inLanguage":"pt-BR","@id":"https:\/\/jornalfatosenoticias.com.br\/#\/schema\/logo\/image\/","url":"https:\/\/jornalfatosenoticias.com.br\/wp-content\/uploads\/2020\/02\/logo120.png","contentUrl":"https:\/\/jornalfatosenoticias.com.br\/wp-content\/uploads\/2020\/02\/logo120.png","width":1227,"height":120,"caption":"Jornal Fatos e Not\u00edcias"},"image":{"@id":"https:\/\/jornalfatosenoticias.com.br\/#\/schema\/logo\/image\/"}},{"@type":"Person","@id":"https:\/\/jornalfatosenoticias.com.br\/#\/schema\/person\/d63837fa13ac8666eb9e74e0985d6f81","name":"Luzimara Fernandes","image":{"@type":"ImageObject","inLanguage":"pt-BR","@id":"https:\/\/jornalfatosenoticias.com.br\/#\/schema\/person\/image\/","url":"https:\/\/jornalfatosenoticias.com.br\/wp-content\/uploads\/2025\/05\/EU_portal.jpg","contentUrl":"https:\/\/jornalfatosenoticias.com.br\/wp-content\/uploads\/2025\/05\/EU_portal.jpg","caption":"Luzimara Fernandes"},"description":"Jornalista MTB 2358-ES","sameAs":["https:\/\/jornalfatosenoticias.com.br"],"url":"https:\/\/jornalfatosenoticias.com.br\/index.php\/author\/luzimara\/"}]}},"cc_featured_image_caption":{"caption_text":"(Foto: Gerada por IA)\r\n","source_text":"","source_url":""},"jetpack_featured_media_url":"https:\/\/jornalfatosenoticias.com.br\/wp-content\/uploads\/2026\/09\/Futuro-da-mobilidade.png","_links":{"self":[{"href":"https:\/\/jornalfatosenoticias.com.br\/index.php\/wp-json\/wp\/v2\/posts\/69570","targetHints":{"allow":["GET"]}}],"collection":[{"href":"https:\/\/jornalfatosenoticias.com.br\/index.php\/wp-json\/wp\/v2\/posts"}],"about":[{"href":"https:\/\/jornalfatosenoticias.com.br\/index.php\/wp-json\/wp\/v2\/types\/post"}],"author":[{"embeddable":true,"href":"https:\/\/jornalfatosenoticias.com.br\/index.php\/wp-json\/wp\/v2\/users\/2"}],"replies":[{"embeddable":true,"href":"https:\/\/jornalfatosenoticias.com.br\/index.php\/wp-json\/wp\/v2\/comments?post=69570"}],"version-history":[{"count":2,"href":"https:\/\/jornalfatosenoticias.com.br\/index.php\/wp-json\/wp\/v2\/posts\/69570\/revisions"}],"predecessor-version":[{"id":69585,"href":"https:\/\/jornalfatosenoticias.com.br\/index.php\/wp-json\/wp\/v2\/posts\/69570\/revisions\/69585"}],"wp:featuredmedia":[{"embeddable":true,"href":"https:\/\/jornalfatosenoticias.com.br\/index.php\/wp-json\/wp\/v2\/media\/69576"}],"wp:attachment":[{"href":"https:\/\/jornalfatosenoticias.com.br\/index.php\/wp-json\/wp\/v2\/media?parent=69570"}],"wp:term":[{"taxonomy":"category","embeddable":true,"href":"https:\/\/jornalfatosenoticias.com.br\/index.php\/wp-json\/wp\/v2\/categories?post=69570"},{"taxonomy":"post_tag","embeddable":true,"href":"https:\/\/jornalfatosenoticias.com.br\/index.php\/wp-json\/wp\/v2\/tags?post=69570"}],"curies":[{"name":"wp","href":"https:\/\/api.w.org\/{rel}","templated":true}]}}