{"id":6959,"date":"2020-07-28T14:15:01","date_gmt":"2020-07-28T17:15:01","guid":{"rendered":"https:\/\/jornalfatosenoticias.com.br\/?p=6959"},"modified":"2020-07-28T14:15:06","modified_gmt":"2020-07-28T17:15:06","slug":"eleicao-popular-para-a-calcada-da-fama-ultrapassa-os-24-mil-votos-na-terceira-semana","status":"publish","type":"post","link":"https:\/\/jornalfatosenoticias.com.br\/index.php\/2020\/07\/28\/eleicao-popular-para-a-calcada-da-fama-ultrapassa-os-24-mil-votos-na-terceira-semana\/","title":{"rendered":"Elei\u00e7\u00e3o popular para a Cal\u00e7ada da Fama ultrapassa os 24 mil votos na terceira semana"},"content":{"rendered":"\n<p>A vota\u00e7\u00e3o on-line que vai definir dois dos cinco homenageados na segunda edi\u00e7\u00e3o da Cal\u00e7ada da Fama, da Secretaria de Esportes e Lazer (Sesport), chega na terceira semana com o total de 24.794 votos. Na elei\u00e7\u00e3o popular, que estar\u00e1 dispon\u00edvel at\u00e9 o dia 06 de agosto, participam 13 personalidades que representam o esporte capixaba.<br>Concorrem \u00e0 homenagem atletas, paratletas e t\u00e9cnicos. Nomes como Carlos Germano, ex-goleiro vice-campe\u00e3o da Copa do Mundo, na Fran\u00e7a, em 1998; Esquiva Falc\u00e3o, medalhista de prata no boxe, na Olimp\u00edada de Londres, em 2012; e Pierre, pentacampe\u00e3o mundial e bicampe\u00e3o brasileiro de futebol de areia.<br>Para aqueles que desejam votar, basta acessar o site <a href=\"https:\/\/calcadadafama.es.gov.br\/\">www.calcadadafama.es.gov.br<\/a>, escolher a personalidade desejada e ter em m\u00e3os o CPF, para validar e confirmar o voto. S\u00f3 \u00e9 permitido um voto por dia para cada pessoa.<br>Entusiasmado com a resposta positiva do p\u00fablico para com a elei\u00e7\u00e3o, o secret\u00e1rio de Estado de Esportes e Lazer, J\u00fanior Abreu, comentou sobre a vota\u00e7\u00e3o e o engajamento dos candidatos nas campanhas.<br>\u201cEstamos chegando na reta final da elei\u00e7\u00e3o da Cal\u00e7ada da Fama de forma muito positiva, pois toda comunidade esportiva se envolveu nessa decis\u00e3o. Vemos, desde o in\u00edcio, o desempenho da maioria dos candidatos nas redes sociais, promovendo suas campanhas e interagindo com o p\u00fablico. Gostaria de parabeniz\u00e1-los por todo esfor\u00e7o. Isso, com certeza, motiva o eleitor e faz a diferen\u00e7a\u201d, afirmou o secret\u00e1rio.<br>Al\u00e9m das duas personalidades definidas na elei\u00e7\u00e3o, outros tr\u00eas nomes, os mais lembrados pela comiss\u00e3o avaliadora, tamb\u00e9m ser\u00e3o homenageados nesta edi\u00e7\u00e3o. O resultado final com os cinco escolhidos ser\u00e1 divulgado at\u00e9 o dia 10 de agosto.<\/p>\n\n\n\n<h4 class=\"wp-block-heading\">Cal\u00e7ada da Fama<\/h4>\n\n\n\n<p>Constru\u00edda no entorno do Gin\u00e1sio Poliesportivo Paulo Valiate Pimenta, na Sesport, em Bento Ferreira, a Cal\u00e7ada da Fama tem o objetivo de eternizar os nomes de atletas, paratletas, t\u00e9cnicos e profissionais que contribu\u00edram e contribuem positivamente com o esporte capixaba, elevando o nome do Estado no cen\u00e1rio nacional e internacional.<br>Em sua primeira edi\u00e7\u00e3o, a Cal\u00e7ada rendeu homenagens \u00e0s seguintes personalidades do esporte capixaba: Alison Cerutti (v\u00f4lei de praia), Buru (futebol de areia), Daniel Mendes (paratletismo), F\u00e1bio Luiz (v\u00f4lei de praia), Frank Brown (voo livre), Geovani Silva (futebol), Julietty Tesch (vela), Neymara Carvalho (bodyboard), Nilo Etinne Duarte (futsal) e Tayanne Mantovanelli (gin\u00e1stica).<\/p>\n\n\n\n<p>Conhe\u00e7a os finalistas da edi\u00e7\u00e3o de 2020 (em ordem alfab\u00e9tica):<\/p>\n\n\n\n<p><strong>Adalberto Rodrigues (t\u00eanis em cadeira de rodas):<\/strong> Campe\u00e3o sul-americano e mundial, em 2006, Adalberto Rodrigues \u00e9 um dos paratletas mais vencedores e de maior destaque no Estado. Campe\u00e3o brasileiro em 2018, ele tamb\u00e9m foi respons\u00e1vel por organizar torneios de t\u00eanis em cadeira de rodas durante 16 anos no Esp\u00edrito Santo.<\/p>\n\n\n\n<p><strong>Alexandra Nascimento (handebol):<\/strong> Eleita em 2012 como a melhor jogadora do mundo, Alexandra Nascimento foi campe\u00e3 mundial de handebol em 2013 pela Sele\u00e7\u00e3o Brasileira. Al\u00e9m disso, conquistou quatro medalhas de ouros em Jogos Pan-Americanos (2003, 2007, 2011 e 2014).<\/p>\n\n\n\n<p><strong>Anderson Varej\u00e3o (basquete):<\/strong> Campe\u00e3o Pan-Americano em 2003, Varej\u00e3o iniciou sua carreira atuando pelo Saldanha da Gama. Figura frequente na Sele\u00e7\u00e3o Brasileira, chegou \u00e0 NBA, principal liga de basquete do mundo, da qual foi campe\u00e3o em 2017 e vice-campe\u00e3o em tr\u00eas oportunidades (2007, 2015 e 2016).<\/p>\n\n\n\n<p><strong>Carlos Germano (futebol):<\/strong> Campe\u00e3o da Copa Am\u00e9rica com a Sele\u00e7\u00e3o Brasileira, em 1997, e vice-campe\u00e3o da Copa do Mundo da Fran\u00e7a, em 1998. O ex-goleiro conquistou seus principais t\u00edtulos com a camisa do Vasco da Gama, sagrando-se campe\u00e3o brasileiro e da Libertadores, em 1997 e 1998, respectivamente.<\/p>\n\n\n\n<p><strong>Esquiva Falc\u00e3o (boxe):<\/strong> Lutador da categoria peso m\u00e9dio at\u00e9 76 kg, Esquiva Falc\u00e3o conquistou a medalha de prata nas Olimp\u00edadas de Londres, em 2012, a primeira do Brasil na modalidade desde 1968. Outras conquistas relevantes nos ringues s\u00e3o a medalha de bronze nos Jogos Sul-Americanos, em 2010, e no Campeonato Mundial Amador, em 2011.<\/p>\n\n\n\n<p><strong>Fontana \u2013 in memorian (futebol):<\/strong> Jos\u00e9 de Anchieta Fontana \u00e9, at\u00e9 hoje, o \u00fanico capixaba a ganhar uma Copa do Mundo, em 1970, atuando ao lado de grandes nomes do futebol como Pel\u00e9, Tost\u00e3o e Jairzinho. Bicampe\u00e3o capixaba pelo Rio Branco, em 1959 e 1962, tamb\u00e9m conquistou t\u00edtulos estaduais com a camisa do Vasco da Gama e do Cruzeiro.<\/p>\n\n\n\n<p><strong>H\u00e9lio Demoner (basquete):<\/strong> Um dos grandes nomes do basquete capixaba, H\u00e9lio Demoner \u00e9 um dos principais incentivadores da modalidade no Esp\u00edrito Santo. Tricampe\u00e3o estadual de basquete, Demoner foi o criador dos Jogos Abertos Jer\u00f4nimo Monteiro (Jajem), competi\u00e7\u00e3o que revelou diversos talentos durante seus anos de disputa.<\/p>\n\n\n\n<p><strong>Maxwell (futebol):<\/strong> O capixaba Maxwell \u00e9 um dos jogadores de futebol com mais t\u00edtulos em todo mundo da bola, somando onze conquistas nacionais por clubes como Ajax, Inter de Mil\u00e3o, Barcelona e PSG. O lateral-esquerdo, que defendeu a Sele\u00e7\u00e3o Brasileira na Copa do Mundo de 2014, no Brasil, ainda ostenta um t\u00edtulo da Liga dos Campe\u00f5es.<\/p>\n\n\n\n<p><strong>Monika Queiroz (gin\u00e1stica): <\/strong>Trabalhando com gin\u00e1stica r\u00edtmica h\u00e1 30 anos, Monika foi treinadora da Sele\u00e7\u00e3o Brasileira nas Olimp\u00edadas de 2008 e 2016 e \u00e9 considerada uma das principais t\u00e9cnicas em atividade no Brasil. Refer\u00eancia na modalidade, j\u00e1 trabalhou com diversos talentos do esporte, como Deborah Medrado, Thayanne Mantovanelli e Nat\u00e1lia Gaudio.<\/p>\n\n\n\n<p><strong>Nat\u00e1lia Gaudio (gin\u00e1stica):<\/strong> Homenageada no Pr\u00eamio Brasil Ol\u00edmpico como melhor atleta de gin\u00e1stica r\u00edtmica, na temporada 2018, Nat\u00e1lia tem no curr\u00edculo conquistas importantes, como a medalha de bronze nos Jogos Pan-Americanos, em 2019. Hexacampe\u00e3 brasileira e heptacampe\u00e3 sul-americana, est\u00e1 entre os principais nomes da gin\u00e1stica brasileira da atualidade.<\/p>\n\n\n\n<p><strong>Paulo Andr\u00e9 Camilo (atletismo): <\/strong>Campe\u00e3o mundial e Pan-Americano no revezamento 4&#215;100 livre, Paulo Andr\u00e9 Camilo \u00e9 um dos principais nomes do atletismo mundial atualmente. Vice-campe\u00e3o Pan-Americano na prova dos 100 metros rasos, est\u00e1 pr\u00f3ximo de conseguir correr a prova em menos de 10 segundos, podendo se tornar o primeiro sul-americano a conquistar tal feito.<\/p>\n\n\n\n<p><strong>Pierre (futebol de areia):<\/strong> Um dos principais nomes do futebol de areia no Brasil, Pierre coleciona t\u00edtulos na modalidade que ajudou a difundir ainda mais no Estado e no Brasil. Pentacampe\u00e3o mundial e bicampe\u00e3o brasileiro, o goleiro acumula outros diversos t\u00edtulos pela Sele\u00e7\u00e3o Brasileira e por clubes que defendeu.<\/p>\n\n\n\n<p><strong>Richarlison (futebol):<\/strong> Um dos mais novos entre os finalistas, com 23 anos, Richarlison surgiu no Real Noroeste e, ap\u00f3s passagens por Am\u00e9rica-MG e Fluminense, chegou \u00e0 Europa, onde atua no futebol ingl\u00eas. Campe\u00e3o da Copa Am\u00e9rica, em 2019, \u00e9 o capixaba de maior destaque na Premier League.<\/p>\n\n\n\n<p><em>*A elei\u00e7\u00e3o inicial contava com 15 nomes, mas os atletas Bruno Xavier (futebol de areia) e S\u00e1vio (futebol) solicitaram, por motivos pessoais, a retirada de seus nomes da homenagem.<\/em><\/p>\n\n\n\n<p><strong><em>Fonte: <a href=\"https:\/\/www.es.gov.br\/Noticia\/eleicao-popular-para-a-calcada-da-fama-ultrapassa-os-24-mil-votos-na-terceira-semana\">Governo ES<\/a><\/em><\/strong><\/p>\n","protected":false},"excerpt":{"rendered":"<p>A vota\u00e7\u00e3o on-line que vai definir dois dos cinco homenageados na segunda edi\u00e7\u00e3o da Cal\u00e7ada da Fama, da Secretaria de Esportes e Lazer (Sesport), chega na terceira semana com o total de 24.794 votos. Na elei\u00e7\u00e3o popular, que estar\u00e1 dispon\u00edvel at\u00e9 o dia 06 de agosto, participam 13 personalidades que representam o esporte capixaba.Concorrem \u00e0 [&hellip;]<\/p>\n","protected":false},"author":2,"featured_media":6960,"comment_status":"open","ping_status":"open","sticky":false,"template":"","format":"standard","meta":{"footnotes":""},"categories":[12],"tags":[4014,1730,4015,4016],"class_list":["post-6959","post","type-post","status-publish","format-standard","has-post-thumbnail","hentry","category-esportes","tag-calcada-da-fama-es","tag-eleicao","tag-personalidades","tag-sesport"],"yoast_head":"<!-- This site is optimized with the Yoast SEO plugin v26.5 - https:\/\/yoast.com\/wordpress\/plugins\/seo\/ -->\n<title>Elei\u00e7\u00e3o popular para a Cal\u00e7ada da Fama ultrapassa os 24 mil votos na terceira semana - Jornal Fatos e Not\u00edcias<\/title>\n<meta name=\"robots\" content=\"index, follow, max-snippet:-1, max-image-preview:large, max-video-preview:-1\" \/>\n<link rel=\"canonical\" href=\"https:\/\/jornalfatosenoticias.com.br\/index.php\/2020\/07\/28\/eleicao-popular-para-a-calcada-da-fama-ultrapassa-os-24-mil-votos-na-terceira-semana\/\" \/>\n<meta property=\"og:locale\" content=\"pt_BR\" \/>\n<meta property=\"og:type\" content=\"article\" \/>\n<meta property=\"og:title\" content=\"Elei\u00e7\u00e3o popular para a Cal\u00e7ada da Fama ultrapassa os 24 mil votos na terceira semana - Jornal Fatos e Not\u00edcias\" \/>\n<meta property=\"og:description\" content=\"A vota\u00e7\u00e3o on-line que vai definir dois dos cinco homenageados na segunda edi\u00e7\u00e3o da Cal\u00e7ada da Fama, da Secretaria de Esportes e Lazer (Sesport), chega na terceira semana com o total de 24.794 votos. Na elei\u00e7\u00e3o popular, que estar\u00e1 dispon\u00edvel at\u00e9 o dia 06 de agosto, participam 13 personalidades que representam o esporte capixaba.Concorrem \u00e0 [&hellip;]\" \/>\n<meta property=\"og:url\" content=\"https:\/\/jornalfatosenoticias.com.br\/index.php\/2020\/07\/28\/eleicao-popular-para-a-calcada-da-fama-ultrapassa-os-24-mil-votos-na-terceira-semana\/\" \/>\n<meta property=\"og:site_name\" content=\"Jornal Fatos e Not\u00edcias\" \/>\n<meta property=\"article:published_time\" content=\"2020-07-28T17:15:01+00:00\" \/>\n<meta property=\"article:modified_time\" content=\"2020-07-28T17:15:06+00:00\" \/>\n<meta property=\"og:image\" content=\"https:\/\/jornalfatosenoticias.com.br\/wp-content\/uploads\/2020\/07\/calcada-da-fama_es.jpeg\" \/>\n\t<meta property=\"og:image:width\" content=\"1000\" \/>\n\t<meta property=\"og:image:height\" content=\"538\" \/>\n\t<meta property=\"og:image:type\" content=\"image\/jpeg\" \/>\n<meta name=\"author\" content=\"Luzimara Fernandes\" \/>\n<meta name=\"twitter:card\" content=\"summary_large_image\" \/>\n<meta name=\"twitter:label1\" content=\"Escrito por\" \/>\n\t<meta name=\"twitter:data1\" content=\"Luzimara Fernandes\" \/>\n\t<meta name=\"twitter:label2\" content=\"Est. tempo de leitura\" \/>\n\t<meta name=\"twitter:data2\" content=\"6 minutos\" \/>\n<script type=\"application\/ld+json\" class=\"yoast-schema-graph\">{\"@context\":\"https:\/\/schema.org\",\"@graph\":[{\"@type\":\"Article\",\"@id\":\"https:\/\/jornalfatosenoticias.com.br\/index.php\/2020\/07\/28\/eleicao-popular-para-a-calcada-da-fama-ultrapassa-os-24-mil-votos-na-terceira-semana\/#article\",\"isPartOf\":{\"@id\":\"https:\/\/jornalfatosenoticias.com.br\/index.php\/2020\/07\/28\/eleicao-popular-para-a-calcada-da-fama-ultrapassa-os-24-mil-votos-na-terceira-semana\/\"},\"author\":{\"name\":\"Luzimara Fernandes\",\"@id\":\"https:\/\/jornalfatosenoticias.com.br\/#\/schema\/person\/d63837fa13ac8666eb9e74e0985d6f81\"},\"headline\":\"Elei\u00e7\u00e3o popular para a Cal\u00e7ada da Fama ultrapassa os 24 mil votos na terceira semana\",\"datePublished\":\"2020-07-28T17:15:01+00:00\",\"dateModified\":\"2020-07-28T17:15:06+00:00\",\"mainEntityOfPage\":{\"@id\":\"https:\/\/jornalfatosenoticias.com.br\/index.php\/2020\/07\/28\/eleicao-popular-para-a-calcada-da-fama-ultrapassa-os-24-mil-votos-na-terceira-semana\/\"},\"wordCount\":1147,\"commentCount\":0,\"publisher\":{\"@id\":\"https:\/\/jornalfatosenoticias.com.br\/#organization\"},\"image\":{\"@id\":\"https:\/\/jornalfatosenoticias.com.br\/index.php\/2020\/07\/28\/eleicao-popular-para-a-calcada-da-fama-ultrapassa-os-24-mil-votos-na-terceira-semana\/#primaryimage\"},\"thumbnailUrl\":\"https:\/\/jornalfatosenoticias.com.br\/wp-content\/uploads\/2020\/07\/calcada-da-fama_es.jpeg\",\"keywords\":[\"Cal\u00e7ada da Fama ES\",\"elei\u00e7\u00e3o\",\"personalidades\",\"Sesport\"],\"articleSection\":[\"Esportes\"],\"inLanguage\":\"pt-BR\",\"potentialAction\":[{\"@type\":\"CommentAction\",\"name\":\"Comment\",\"target\":[\"https:\/\/jornalfatosenoticias.com.br\/index.php\/2020\/07\/28\/eleicao-popular-para-a-calcada-da-fama-ultrapassa-os-24-mil-votos-na-terceira-semana\/#respond\"]}]},{\"@type\":\"WebPage\",\"@id\":\"https:\/\/jornalfatosenoticias.com.br\/index.php\/2020\/07\/28\/eleicao-popular-para-a-calcada-da-fama-ultrapassa-os-24-mil-votos-na-terceira-semana\/\",\"url\":\"https:\/\/jornalfatosenoticias.com.br\/index.php\/2020\/07\/28\/eleicao-popular-para-a-calcada-da-fama-ultrapassa-os-24-mil-votos-na-terceira-semana\/\",\"name\":\"Elei\u00e7\u00e3o popular para a Cal\u00e7ada da Fama ultrapassa os 24 mil votos na terceira semana - Jornal Fatos e Not\u00edcias\",\"isPartOf\":{\"@id\":\"https:\/\/jornalfatosenoticias.com.br\/#website\"},\"primaryImageOfPage\":{\"@id\":\"https:\/\/jornalfatosenoticias.com.br\/index.php\/2020\/07\/28\/eleicao-popular-para-a-calcada-da-fama-ultrapassa-os-24-mil-votos-na-terceira-semana\/#primaryimage\"},\"image\":{\"@id\":\"https:\/\/jornalfatosenoticias.com.br\/index.php\/2020\/07\/28\/eleicao-popular-para-a-calcada-da-fama-ultrapassa-os-24-mil-votos-na-terceira-semana\/#primaryimage\"},\"thumbnailUrl\":\"https:\/\/jornalfatosenoticias.com.br\/wp-content\/uploads\/2020\/07\/calcada-da-fama_es.jpeg\",\"datePublished\":\"2020-07-28T17:15:01+00:00\",\"dateModified\":\"2020-07-28T17:15:06+00:00\",\"breadcrumb\":{\"@id\":\"https:\/\/jornalfatosenoticias.com.br\/index.php\/2020\/07\/28\/eleicao-popular-para-a-calcada-da-fama-ultrapassa-os-24-mil-votos-na-terceira-semana\/#breadcrumb\"},\"inLanguage\":\"pt-BR\",\"potentialAction\":[{\"@type\":\"ReadAction\",\"target\":[\"https:\/\/jornalfatosenoticias.com.br\/index.php\/2020\/07\/28\/eleicao-popular-para-a-calcada-da-fama-ultrapassa-os-24-mil-votos-na-terceira-semana\/\"]}]},{\"@type\":\"ImageObject\",\"inLanguage\":\"pt-BR\",\"@id\":\"https:\/\/jornalfatosenoticias.com.br\/index.php\/2020\/07\/28\/eleicao-popular-para-a-calcada-da-fama-ultrapassa-os-24-mil-votos-na-terceira-semana\/#primaryimage\",\"url\":\"https:\/\/jornalfatosenoticias.com.br\/wp-content\/uploads\/2020\/07\/calcada-da-fama_es.jpeg\",\"contentUrl\":\"https:\/\/jornalfatosenoticias.com.br\/wp-content\/uploads\/2020\/07\/calcada-da-fama_es.jpeg\",\"width\":1000,\"height\":538},{\"@type\":\"BreadcrumbList\",\"@id\":\"https:\/\/jornalfatosenoticias.com.br\/index.php\/2020\/07\/28\/eleicao-popular-para-a-calcada-da-fama-ultrapassa-os-24-mil-votos-na-terceira-semana\/#breadcrumb\",\"itemListElement\":[{\"@type\":\"ListItem\",\"position\":1,\"name\":\"In\u00edcio\",\"item\":\"https:\/\/jornalfatosenoticias.com.br\/\"},{\"@type\":\"ListItem\",\"position\":2,\"name\":\"Elei\u00e7\u00e3o popular para a Cal\u00e7ada da Fama ultrapassa os 24 mil votos na terceira semana\"}]},{\"@type\":\"WebSite\",\"@id\":\"https:\/\/jornalfatosenoticias.com.br\/#website\",\"url\":\"https:\/\/jornalfatosenoticias.com.br\/\",\"name\":\"Jornal Fatos e Not\u00edcias\",\"description\":\"Not\u00edcias em geral\",\"publisher\":{\"@id\":\"https:\/\/jornalfatosenoticias.com.br\/#organization\"},\"potentialAction\":[{\"@type\":\"SearchAction\",\"target\":{\"@type\":\"EntryPoint\",\"urlTemplate\":\"https:\/\/jornalfatosenoticias.com.br\/?s={search_term_string}\"},\"query-input\":{\"@type\":\"PropertyValueSpecification\",\"valueRequired\":true,\"valueName\":\"search_term_string\"}}],\"inLanguage\":\"pt-BR\"},{\"@type\":\"Organization\",\"@id\":\"https:\/\/jornalfatosenoticias.com.br\/#organization\",\"name\":\"Jornal Fatos e Not\u00edcias\",\"url\":\"https:\/\/jornalfatosenoticias.com.br\/\",\"logo\":{\"@type\":\"ImageObject\",\"inLanguage\":\"pt-BR\",\"@id\":\"https:\/\/jornalfatosenoticias.com.br\/#\/schema\/logo\/image\/\",\"url\":\"https:\/\/jornalfatosenoticias.com.br\/wp-content\/uploads\/2020\/02\/logo120.png\",\"contentUrl\":\"https:\/\/jornalfatosenoticias.com.br\/wp-content\/uploads\/2020\/02\/logo120.png\",\"width\":1227,\"height\":120,\"caption\":\"Jornal Fatos e Not\u00edcias\"},\"image\":{\"@id\":\"https:\/\/jornalfatosenoticias.com.br\/#\/schema\/logo\/image\/\"}},{\"@type\":\"Person\",\"@id\":\"https:\/\/jornalfatosenoticias.com.br\/#\/schema\/person\/d63837fa13ac8666eb9e74e0985d6f81\",\"name\":\"Luzimara Fernandes\",\"image\":{\"@type\":\"ImageObject\",\"inLanguage\":\"pt-BR\",\"@id\":\"https:\/\/jornalfatosenoticias.com.br\/#\/schema\/person\/image\/\",\"url\":\"https:\/\/jornalfatosenoticias.com.br\/wp-content\/uploads\/2025\/05\/EU_portal.jpg\",\"contentUrl\":\"https:\/\/jornalfatosenoticias.com.br\/wp-content\/uploads\/2025\/05\/EU_portal.jpg\",\"caption\":\"Luzimara Fernandes\"},\"description\":\"Jornalista MTB 2358-ES\",\"sameAs\":[\"https:\/\/jornalfatosenoticias.com.br\"],\"url\":\"https:\/\/jornalfatosenoticias.com.br\/index.php\/author\/luzimara\/\"}]}<\/script>\n<!-- \/ Yoast SEO plugin. -->","yoast_head_json":{"title":"Elei\u00e7\u00e3o popular para a Cal\u00e7ada da Fama ultrapassa os 24 mil votos na terceira semana - Jornal Fatos e Not\u00edcias","robots":{"index":"index","follow":"follow","max-snippet":"max-snippet:-1","max-image-preview":"max-image-preview:large","max-video-preview":"max-video-preview:-1"},"canonical":"https:\/\/jornalfatosenoticias.com.br\/index.php\/2020\/07\/28\/eleicao-popular-para-a-calcada-da-fama-ultrapassa-os-24-mil-votos-na-terceira-semana\/","og_locale":"pt_BR","og_type":"article","og_title":"Elei\u00e7\u00e3o popular para a Cal\u00e7ada da Fama ultrapassa os 24 mil votos na terceira semana - Jornal Fatos e Not\u00edcias","og_description":"A vota\u00e7\u00e3o on-line que vai definir dois dos cinco homenageados na segunda edi\u00e7\u00e3o da Cal\u00e7ada da Fama, da Secretaria de Esportes e Lazer (Sesport), chega na terceira semana com o total de 24.794 votos. Na elei\u00e7\u00e3o popular, que estar\u00e1 dispon\u00edvel at\u00e9 o dia 06 de agosto, participam 13 personalidades que representam o esporte capixaba.Concorrem \u00e0 [&hellip;]","og_url":"https:\/\/jornalfatosenoticias.com.br\/index.php\/2020\/07\/28\/eleicao-popular-para-a-calcada-da-fama-ultrapassa-os-24-mil-votos-na-terceira-semana\/","og_site_name":"Jornal Fatos e Not\u00edcias","article_published_time":"2020-07-28T17:15:01+00:00","article_modified_time":"2020-07-28T17:15:06+00:00","og_image":[{"width":1000,"height":538,"url":"https:\/\/jornalfatosenoticias.com.br\/wp-content\/uploads\/2020\/07\/calcada-da-fama_es.jpeg","type":"image\/jpeg"}],"author":"Luzimara Fernandes","twitter_card":"summary_large_image","twitter_misc":{"Escrito por":"Luzimara Fernandes","Est. tempo de leitura":"6 minutos"},"schema":{"@context":"https:\/\/schema.org","@graph":[{"@type":"Article","@id":"https:\/\/jornalfatosenoticias.com.br\/index.php\/2020\/07\/28\/eleicao-popular-para-a-calcada-da-fama-ultrapassa-os-24-mil-votos-na-terceira-semana\/#article","isPartOf":{"@id":"https:\/\/jornalfatosenoticias.com.br\/index.php\/2020\/07\/28\/eleicao-popular-para-a-calcada-da-fama-ultrapassa-os-24-mil-votos-na-terceira-semana\/"},"author":{"name":"Luzimara Fernandes","@id":"https:\/\/jornalfatosenoticias.com.br\/#\/schema\/person\/d63837fa13ac8666eb9e74e0985d6f81"},"headline":"Elei\u00e7\u00e3o popular para a Cal\u00e7ada da Fama ultrapassa os 24 mil votos na terceira semana","datePublished":"2020-07-28T17:15:01+00:00","dateModified":"2020-07-28T17:15:06+00:00","mainEntityOfPage":{"@id":"https:\/\/jornalfatosenoticias.com.br\/index.php\/2020\/07\/28\/eleicao-popular-para-a-calcada-da-fama-ultrapassa-os-24-mil-votos-na-terceira-semana\/"},"wordCount":1147,"commentCount":0,"publisher":{"@id":"https:\/\/jornalfatosenoticias.com.br\/#organization"},"image":{"@id":"https:\/\/jornalfatosenoticias.com.br\/index.php\/2020\/07\/28\/eleicao-popular-para-a-calcada-da-fama-ultrapassa-os-24-mil-votos-na-terceira-semana\/#primaryimage"},"thumbnailUrl":"https:\/\/jornalfatosenoticias.com.br\/wp-content\/uploads\/2020\/07\/calcada-da-fama_es.jpeg","keywords":["Cal\u00e7ada da Fama ES","elei\u00e7\u00e3o","personalidades","Sesport"],"articleSection":["Esportes"],"inLanguage":"pt-BR","potentialAction":[{"@type":"CommentAction","name":"Comment","target":["https:\/\/jornalfatosenoticias.com.br\/index.php\/2020\/07\/28\/eleicao-popular-para-a-calcada-da-fama-ultrapassa-os-24-mil-votos-na-terceira-semana\/#respond"]}]},{"@type":"WebPage","@id":"https:\/\/jornalfatosenoticias.com.br\/index.php\/2020\/07\/28\/eleicao-popular-para-a-calcada-da-fama-ultrapassa-os-24-mil-votos-na-terceira-semana\/","url":"https:\/\/jornalfatosenoticias.com.br\/index.php\/2020\/07\/28\/eleicao-popular-para-a-calcada-da-fama-ultrapassa-os-24-mil-votos-na-terceira-semana\/","name":"Elei\u00e7\u00e3o popular para a Cal\u00e7ada da Fama ultrapassa os 24 mil votos na terceira semana - Jornal Fatos e Not\u00edcias","isPartOf":{"@id":"https:\/\/jornalfatosenoticias.com.br\/#website"},"primaryImageOfPage":{"@id":"https:\/\/jornalfatosenoticias.com.br\/index.php\/2020\/07\/28\/eleicao-popular-para-a-calcada-da-fama-ultrapassa-os-24-mil-votos-na-terceira-semana\/#primaryimage"},"image":{"@id":"https:\/\/jornalfatosenoticias.com.br\/index.php\/2020\/07\/28\/eleicao-popular-para-a-calcada-da-fama-ultrapassa-os-24-mil-votos-na-terceira-semana\/#primaryimage"},"thumbnailUrl":"https:\/\/jornalfatosenoticias.com.br\/wp-content\/uploads\/2020\/07\/calcada-da-fama_es.jpeg","datePublished":"2020-07-28T17:15:01+00:00","dateModified":"2020-07-28T17:15:06+00:00","breadcrumb":{"@id":"https:\/\/jornalfatosenoticias.com.br\/index.php\/2020\/07\/28\/eleicao-popular-para-a-calcada-da-fama-ultrapassa-os-24-mil-votos-na-terceira-semana\/#breadcrumb"},"inLanguage":"pt-BR","potentialAction":[{"@type":"ReadAction","target":["https:\/\/jornalfatosenoticias.com.br\/index.php\/2020\/07\/28\/eleicao-popular-para-a-calcada-da-fama-ultrapassa-os-24-mil-votos-na-terceira-semana\/"]}]},{"@type":"ImageObject","inLanguage":"pt-BR","@id":"https:\/\/jornalfatosenoticias.com.br\/index.php\/2020\/07\/28\/eleicao-popular-para-a-calcada-da-fama-ultrapassa-os-24-mil-votos-na-terceira-semana\/#primaryimage","url":"https:\/\/jornalfatosenoticias.com.br\/wp-content\/uploads\/2020\/07\/calcada-da-fama_es.jpeg","contentUrl":"https:\/\/jornalfatosenoticias.com.br\/wp-content\/uploads\/2020\/07\/calcada-da-fama_es.jpeg","width":1000,"height":538},{"@type":"BreadcrumbList","@id":"https:\/\/jornalfatosenoticias.com.br\/index.php\/2020\/07\/28\/eleicao-popular-para-a-calcada-da-fama-ultrapassa-os-24-mil-votos-na-terceira-semana\/#breadcrumb","itemListElement":[{"@type":"ListItem","position":1,"name":"In\u00edcio","item":"https:\/\/jornalfatosenoticias.com.br\/"},{"@type":"ListItem","position":2,"name":"Elei\u00e7\u00e3o popular para a Cal\u00e7ada da Fama ultrapassa os 24 mil votos na terceira semana"}]},{"@type":"WebSite","@id":"https:\/\/jornalfatosenoticias.com.br\/#website","url":"https:\/\/jornalfatosenoticias.com.br\/","name":"Jornal Fatos e Not\u00edcias","description":"Not\u00edcias em geral","publisher":{"@id":"https:\/\/jornalfatosenoticias.com.br\/#organization"},"potentialAction":[{"@type":"SearchAction","target":{"@type":"EntryPoint","urlTemplate":"https:\/\/jornalfatosenoticias.com.br\/?s={search_term_string}"},"query-input":{"@type":"PropertyValueSpecification","valueRequired":true,"valueName":"search_term_string"}}],"inLanguage":"pt-BR"},{"@type":"Organization","@id":"https:\/\/jornalfatosenoticias.com.br\/#organization","name":"Jornal Fatos e Not\u00edcias","url":"https:\/\/jornalfatosenoticias.com.br\/","logo":{"@type":"ImageObject","inLanguage":"pt-BR","@id":"https:\/\/jornalfatosenoticias.com.br\/#\/schema\/logo\/image\/","url":"https:\/\/jornalfatosenoticias.com.br\/wp-content\/uploads\/2020\/02\/logo120.png","contentUrl":"https:\/\/jornalfatosenoticias.com.br\/wp-content\/uploads\/2020\/02\/logo120.png","width":1227,"height":120,"caption":"Jornal Fatos e Not\u00edcias"},"image":{"@id":"https:\/\/jornalfatosenoticias.com.br\/#\/schema\/logo\/image\/"}},{"@type":"Person","@id":"https:\/\/jornalfatosenoticias.com.br\/#\/schema\/person\/d63837fa13ac8666eb9e74e0985d6f81","name":"Luzimara Fernandes","image":{"@type":"ImageObject","inLanguage":"pt-BR","@id":"https:\/\/jornalfatosenoticias.com.br\/#\/schema\/person\/image\/","url":"https:\/\/jornalfatosenoticias.com.br\/wp-content\/uploads\/2025\/05\/EU_portal.jpg","contentUrl":"https:\/\/jornalfatosenoticias.com.br\/wp-content\/uploads\/2025\/05\/EU_portal.jpg","caption":"Luzimara Fernandes"},"description":"Jornalista MTB 2358-ES","sameAs":["https:\/\/jornalfatosenoticias.com.br"],"url":"https:\/\/jornalfatosenoticias.com.br\/index.php\/author\/luzimara\/"}]}},"cc_featured_image_caption":{"caption_text":" (Foto: Ascom da Sesport)","source_text":"","source_url":""},"jetpack_featured_media_url":"https:\/\/jornalfatosenoticias.com.br\/wp-content\/uploads\/2020\/07\/calcada-da-fama_es.jpeg","_links":{"self":[{"href":"https:\/\/jornalfatosenoticias.com.br\/index.php\/wp-json\/wp\/v2\/posts\/6959","targetHints":{"allow":["GET"]}}],"collection":[{"href":"https:\/\/jornalfatosenoticias.com.br\/index.php\/wp-json\/wp\/v2\/posts"}],"about":[{"href":"https:\/\/jornalfatosenoticias.com.br\/index.php\/wp-json\/wp\/v2\/types\/post"}],"author":[{"embeddable":true,"href":"https:\/\/jornalfatosenoticias.com.br\/index.php\/wp-json\/wp\/v2\/users\/2"}],"replies":[{"embeddable":true,"href":"https:\/\/jornalfatosenoticias.com.br\/index.php\/wp-json\/wp\/v2\/comments?post=6959"}],"version-history":[{"count":0,"href":"https:\/\/jornalfatosenoticias.com.br\/index.php\/wp-json\/wp\/v2\/posts\/6959\/revisions"}],"wp:featuredmedia":[{"embeddable":true,"href":"https:\/\/jornalfatosenoticias.com.br\/index.php\/wp-json\/wp\/v2\/media\/6960"}],"wp:attachment":[{"href":"https:\/\/jornalfatosenoticias.com.br\/index.php\/wp-json\/wp\/v2\/media?parent=6959"}],"wp:term":[{"taxonomy":"category","embeddable":true,"href":"https:\/\/jornalfatosenoticias.com.br\/index.php\/wp-json\/wp\/v2\/categories?post=6959"},{"taxonomy":"post_tag","embeddable":true,"href":"https:\/\/jornalfatosenoticias.com.br\/index.php\/wp-json\/wp\/v2\/tags?post=6959"}],"curies":[{"name":"wp","href":"https:\/\/api.w.org\/{rel}","templated":true}]}}