{"id":69597,"date":"2026-09-03T11:03:55","date_gmt":"2026-09-03T14:03:55","guid":{"rendered":"https:\/\/jornalfatosenoticias.com.br\/?p=69597"},"modified":"2026-09-03T11:04:54","modified_gmt":"2026-09-03T14:04:54","slug":"revisao-da-nr-10-e-impactos-sobre-as-responsabilidades-das-empresas-o-que-muda","status":"publish","type":"post","link":"https:\/\/jornalfatosenoticias.com.br\/index.php\/2026\/09\/03\/revisao-da-nr-10-e-impactos-sobre-as-responsabilidades-das-empresas-o-que-muda\/","title":{"rendered":"Revis\u00e3o da NR-10 e impactos sobre as responsabilidades das empresas. O que muda?"},"content":{"rendered":"\n<p>Engenheiros e gestores que tomam decis\u00e3o se encontram em um perigoso conforto em olhar para um painel de m\u00e9dia tens\u00e3o e achar que, se ningu\u00e9m encostar, est\u00e1 tudo bem. A <strong><a href=\"https:\/\/online.fliphtml5.com\/ywlkz\/dvxt\/#p=80\">nova NR-10<\/a><\/strong>, publicada pela Portaria MTE n.\u00ba 737\/2026, avisa de forma contundente: a explos\u00e3o n\u00e3o precisa de toque para matar. E essa mensagem chegou exatamente quando os parques industriais apresentam fragilidades recorrentes \u2014 muitas empresas ainda operam com infraestrutura el\u00e9trica que deveria ter sido modernizada h\u00e1 d\u00e9cadas.<\/p>\n\n\n\n<h3 class=\"wp-block-heading\"><strong><mark style=\"background-color:rgba(0, 0, 0, 0)\" class=\"has-inline-color has-black-color\">1. Arco el\u00e9trico<\/mark><\/strong><\/h3>\n\n\n<div class=\"wp-block-image\">\n<figure class=\"aligncenter size-full\"><img loading=\"lazy\" decoding=\"async\" width=\"1000\" height=\"652\" src=\"https:\/\/jornalfatosenoticias.com.br\/wp-content\/uploads\/2026\/09\/arco-eletrico.png\" alt=\"\" class=\"wp-image-69598\" srcset=\"https:\/\/jornalfatosenoticias.com.br\/wp-content\/uploads\/2026\/09\/arco-eletrico.png 1000w, https:\/\/jornalfatosenoticias.com.br\/wp-content\/uploads\/2026\/09\/arco-eletrico-300x196.png 300w, https:\/\/jornalfatosenoticias.com.br\/wp-content\/uploads\/2026\/09\/arco-eletrico-768x501.png 768w\" sizes=\"auto, (max-width: 1000px) 100vw, 1000px\" \/><figcaption class=\"wp-element-caption\"><mark style=\"background-color:rgba(0, 0, 0, 0)\" class=\"has-inline-color has-black-color\">(Foto: Reprodu\u00e7\u00e3o)<\/mark><\/figcaption><\/figure>\n<\/div>\n\n\n<p>A norma agora enxerga o arco el\u00e9trico como um perigo aut\u00f4nomo, distinto do choque el\u00e9trico. Isso n\u00e3o \u00e9 uma nuance sem\u00e2ntica, \u00e9 uma mudan\u00e7a estrutural que impacta diretamente a engenharia de prote\u00e7\u00e3o, a sele\u00e7\u00e3o de EPIs e a an\u00e1lise de risco. O arco el\u00e9trico exige estudos de energia incidente. N\u00e3o \u00e9 recomenda\u00e7\u00e3o. \u00c9 exig\u00eancia obrigat\u00f3ria em instala\u00e7\u00f5es onde h\u00e1 risco de ocorr\u00eancia. Para uma ind\u00fastria pesada com pain\u00e9is de m\u00e9dia tens\u00e3o, isso significa ter que quantificar a energia incidente em cada ponto cr\u00edtico, determinar as zonas de risco e ajustar os procedimentos de trabalho de acordo. Quem n\u00e3o tiver esse estudo documentado em 2027 vai enfrentar autua\u00e7\u00e3o.<br>A exig\u00eancia n\u00e3o \u00e9 trivial. Um estudo de energia incidente envolve an\u00e1lise de coordena\u00e7\u00e3o de prote\u00e7\u00e3o, c\u00e1lculo de correntes de falta, tempo de abertura de disjuntores e c\u00e1lculo de energia t\u00e9rmica. Para instala\u00e7\u00f5es complexas, isso exige consultoria especializada. E uma vez que o estudo est\u00e1 pronto, os resultados precisam ser incorporados ao PGR, aos procedimentos de trabalho e \u00e0 sele\u00e7\u00e3o de EPIs. N\u00e3o \u00e9 um documento que fica na gaveta. \u00c9 um insumo que muda como voc\u00ea trabalha.<\/p>\n\n\n\n<p><strong><mark style=\"background-color:rgba(0, 0, 0, 0)\" class=\"has-inline-color has-black-color\">2. DDR<br><\/mark><\/strong>Somado a isso, h\u00e1 a obrigatoriedade de instala\u00e7\u00e3o de Dispositivos Diferenciais Residuais (DDRs) em circuitos de tomadas em edifica\u00e7\u00f5es n\u00e3o residenciais. O prazo \u00e9 at\u00e9 junho de 2028. Para uma ind\u00fastria pesada com centenas de circuitos espalhados por galp\u00f5es, subesta\u00e7\u00f5es e \u00e1reas de opera\u00e7\u00e3o, essa adequa\u00e7\u00e3o exige diagn\u00f3stico pr\u00e9vio de capacidade de infraestrutura, planejamento de paradas e poss\u00edvel refor\u00e7o de alimenta\u00e7\u00e3o. Deixar para 2027 significa fazer isso em emerg\u00eancia, com custos inflacionados e risco de n\u00e3o conseguir se adequar a tempo.<\/p>\n\n\n<div class=\"wp-block-image\">\n<figure class=\"aligncenter size-full\"><img loading=\"lazy\" decoding=\"async\" width=\"900\" height=\"465\" src=\"https:\/\/jornalfatosenoticias.com.br\/wp-content\/uploads\/2026\/09\/nr-10-como-funciona-o-treinamento-para-nr-10.png\" alt=\"\" class=\"wp-image-69599\" srcset=\"https:\/\/jornalfatosenoticias.com.br\/wp-content\/uploads\/2026\/09\/nr-10-como-funciona-o-treinamento-para-nr-10.png 900w, https:\/\/jornalfatosenoticias.com.br\/wp-content\/uploads\/2026\/09\/nr-10-como-funciona-o-treinamento-para-nr-10-300x155.png 300w, https:\/\/jornalfatosenoticias.com.br\/wp-content\/uploads\/2026\/09\/nr-10-como-funciona-o-treinamento-para-nr-10-768x397.png 768w\" sizes=\"auto, (max-width: 900px) 100vw, 900px\" \/><figcaption class=\"wp-element-caption\"><mark style=\"background-color:rgba(0, 0, 0, 0)\" class=\"has-inline-color has-black-color\">(Foto: Reprodu\u00e7\u00e3o)<\/mark><\/figcaption><\/figure>\n<\/div>\n\n\n<p><strong><mark style=\"background-color:rgba(0, 0, 0, 0)\" class=\"has-inline-color has-black-color\">3. GRO<br><\/mark><\/strong>Mas o custo financeiro \u00e9 apenas a metade da equa\u00e7\u00e3o. A outra metade \u00e9 a gest\u00e3o cont\u00ednua de riscos. A integra\u00e7\u00e3o da NR-10 ao Gerenciamento de Riscos Ocupacionais (GRO) da NR-1 destr\u00f3i a l\u00f3gica do procedimento est\u00e1tico. O risco el\u00e9trico agora precisa estar formalizado no Programa de Gerenciamento de Riscos (PGR) e submetido \u00e0 mesma metodologia de avalia\u00e7\u00e3o cont\u00ednua que voc\u00ea aplica a outros riscos ocupacionais. Isso significa an\u00e1lise de risco documentada antes de cada atividade em instala\u00e7\u00f5es energizadas, justificativa t\u00e9cnica se voc\u00ea decidir trabalhar com a instala\u00e7\u00e3o energizada (porque desenergiza\u00e7\u00e3o \u00e9 agora a regra), rastreabilidade completa e auditoria peri\u00f3dica. N\u00e3o \u00e9 um documento que voc\u00ea assina e arquiva. \u00c9 um processo vivo.<\/p>\n\n\n<div class=\"wp-block-image\">\n<figure class=\"aligncenter size-large is-resized\"><a href=\"https:\/\/www.facebook.com\/profile.php?id=100069289606145\"><img loading=\"lazy\" decoding=\"async\" width=\"1024\" height=\"714\" src=\"https:\/\/jornalfatosenoticias.com.br\/wp-content\/uploads\/2024\/11\/Guaitolini-Contabilidade-1024x714.jpeg\" alt=\"\" class=\"wp-image-55808\" style=\"width:284px;height:auto\" srcset=\"https:\/\/jornalfatosenoticias.com.br\/wp-content\/uploads\/2024\/11\/Guaitolini-Contabilidade-1024x714.jpeg 1024w, https:\/\/jornalfatosenoticias.com.br\/wp-content\/uploads\/2024\/11\/Guaitolini-Contabilidade-300x209.jpeg 300w, https:\/\/jornalfatosenoticias.com.br\/wp-content\/uploads\/2024\/11\/Guaitolini-Contabilidade-768x535.jpeg 768w, https:\/\/jornalfatosenoticias.com.br\/wp-content\/uploads\/2024\/11\/Guaitolini-Contabilidade.jpeg 1280w\" sizes=\"auto, (max-width: 1024px) 100vw, 1024px\" \/><\/a><\/figure>\n<\/div>\n\n\n<p><strong><mark style=\"background-color:rgba(0, 0, 0, 0)\" class=\"has-inline-color has-black-color\">4. Responsabilidade solid\u00e1ria<br><\/mark><\/strong>E aqui entra o que realmente preocupa os diretores: a responsabilidade solid\u00e1ria. Voc\u00ea n\u00e3o pode mais terceirizar o risco. Se voc\u00ea contrata uma empresa para fazer manuten\u00e7\u00e3o no painel de m\u00e9dia tens\u00e3o e essa empresa n\u00e3o tem profissional devidamente capacitado, ou n\u00e3o segue o procedimento correto, ou n\u00e3o audita o risco de arco el\u00e9trico \u2014 a responsabilidade \u00e9 sua. Perante a lei, perante a fiscaliza\u00e7\u00e3o, perante a justi\u00e7a trabalhista. O contrato de presta\u00e7\u00e3o de servi\u00e7os n\u00e3o blinda seu CNPJ. Se o terceirizado errar e houver acidente, voc\u00ea vai responder. Isso n\u00e3o \u00e9 interpreta\u00e7\u00e3o. \u00c9 o texto expl\u00edcito da norma.<br>A nova NR-10 exige que voc\u00ea audite seus fornecedores de forma estruturada. Voc\u00ea precisa verificar se o profissional que vai atuar no seu painel tem certifica\u00e7\u00e3o v\u00e1lida em NR-10, se a empresa terceirizada tem procedimentos documentados alinhados com a norma, e se ela segue o mesmo PGR que voc\u00ea. Se n\u00e3o fizer isso e houver um acidente, a fiscaliza\u00e7\u00e3o vai questionar: &#8220;Por que voc\u00ea n\u00e3o auditou?&#8221;. E n\u00e3o h\u00e1 resposta que justifique essa neglig\u00eancia. A responsabilidade solid\u00e1ria n\u00e3o \u00e9 um conceito novo, mas a NR-10 2026 torna a auditoria de terceiros uma obriga\u00e7\u00e3o expl\u00edcita e audit\u00e1vel.<\/p>\n\n\n<div class=\"wp-block-image\">\n<figure class=\"aligncenter size-full\"><img loading=\"lazy\" decoding=\"async\" width=\"1000\" height=\"667\" src=\"https:\/\/jornalfatosenoticias.com.br\/wp-content\/uploads\/2026\/09\/onda-eletrica.png\" alt=\"\" class=\"wp-image-69600\" srcset=\"https:\/\/jornalfatosenoticias.com.br\/wp-content\/uploads\/2026\/09\/onda-eletrica.png 1000w, https:\/\/jornalfatosenoticias.com.br\/wp-content\/uploads\/2026\/09\/onda-eletrica-300x200.png 300w, https:\/\/jornalfatosenoticias.com.br\/wp-content\/uploads\/2026\/09\/onda-eletrica-768x512.png 768w\" sizes=\"auto, (max-width: 1000px) 100vw, 1000px\" \/><figcaption class=\"wp-element-caption\"><mark style=\"background-color:rgba(0, 0, 0, 0)\" class=\"has-inline-color has-black-color\">(Foto: Reprodu\u00e7\u00e3o)<\/mark><\/figcaption><\/figure>\n<\/div>\n\n\n<p><strong><mark style=\"background-color:rgba(0, 0, 0, 0)\" class=\"has-inline-color has-black-color\">5. Em que p\u00e9 estamos?<br><\/mark><\/strong>Voc\u00ea tem uma situa\u00e7\u00e3o concreta: sua infraestrutura el\u00e9trica precisa de diagn\u00f3stico urgente, voc\u00ea precisa investir em estudos de arco el\u00e9trico e DDRs, voc\u00ea precisa integrar tudo isso ao seu PGR, voc\u00ea precisa formalizar a auditoria de terceiros, e voc\u00ea tem at\u00e9 2027 (e 2028 para DDR) para fazer isso. A sequ\u00eancia importa. Se voc\u00ea come\u00e7ar com o diagn\u00f3stico agora, consegue fazer os estudos de arco el\u00e9trico em paralelo com o planejamento de DDRs. Se deixar para 2027, vai precisar fazer tudo simultaneamente.<br>Enquanto isso, a fiscaliza\u00e7\u00e3o do Minist\u00e9rio do Trabalho j\u00e1 come\u00e7ou a se preparar. Os auditores j\u00e1 est\u00e3o sendo treinados. As primeiras multas vir\u00e3o em 2027 ou 2028, quando a norma entrar em vigor. Ser\u00e3o multas que refletem a gravidade de neglig\u00eancia em seguran\u00e7a el\u00e9trica \u2014 potencialmente centenas de milhares de reais. Al\u00e9m das multas administrativas, h\u00e1 o risco de interdi\u00e7\u00e3o de atividades (a fiscaliza\u00e7\u00e3o pode fechar uma \u00e1rea inteira se considerar grave risco), processos trabalhistas (se houver acidente), e perda de contratos (porque grandes clientes v\u00e3o exigir prova de conformidade).<br>O custo da ina\u00e7\u00e3o \u00e9 mensur\u00e1vel. Uma ind\u00fastria que deixa para 2027 vai precisar fazer diagn\u00f3stico em tempo recorde, contratar consultores em emerg\u00eancia, fazer estudos de arco el\u00e9trico simultaneamente em toda a opera\u00e7\u00e3o, e instalar DDRs sob press\u00e3o. Isso significa parada de produ\u00e7\u00e3o concentrada, custos de consultoria inflacionados, e risco real de n\u00e3o conseguir se adequar a tempo. Uma ind\u00fastria que come\u00e7a agora pode fazer isso de forma planejada, aproveitando paradas programadas, negociando melhor com fornecedores, e tendo tempo para integrar as mudan\u00e7as aos procedimentos operacionais sem impacto catastr\u00f3fico.<\/p>\n\n\n<div class=\"wp-block-image\">\n<figure class=\"aligncenter size-full is-resized\"><a href=\"https:\/\/www.delpupometalmecanica.com.br\/\"><img loading=\"lazy\" decoding=\"async\" width=\"1000\" height=\"525\" src=\"https:\/\/jornalfatosenoticias.com.br\/wp-content\/uploads\/2026\/01\/delpupo-logo.jpg\" alt=\"\" class=\"wp-image-64770\" style=\"aspect-ratio:1.9048662466904045;width:451px;height:auto\" srcset=\"https:\/\/jornalfatosenoticias.com.br\/wp-content\/uploads\/2026\/01\/delpupo-logo.jpg 1000w, https:\/\/jornalfatosenoticias.com.br\/wp-content\/uploads\/2026\/01\/delpupo-logo-300x158.jpg 300w, https:\/\/jornalfatosenoticias.com.br\/wp-content\/uploads\/2026\/01\/delpupo-logo-768x403.jpg 768w\" sizes=\"auto, (max-width: 1000px) 100vw, 1000px\" \/><\/a><\/figure>\n<\/div>\n\n\n<p><strong><mark style=\"background-color:rgba(0, 0, 0, 0)\" class=\"has-inline-color has-black-color\">6. Oportunidades<br><\/mark><\/strong>H\u00e1 uma oportunidade que poucos est\u00e3o vendo. O mercado inteiro ter\u00e1 que se mover na mesma dire\u00e7\u00e3o. Quem modernizar sua infraestrutura el\u00e9trica primeiro, quem integrar o GRO com clareza e documenta\u00e7\u00e3o robusta, quem formalizar a auditoria de terceiros \u2014 vai ganhar espa\u00e7o. Vai ganhar contratos que exigem esse novo patamar de conformidade. Grandes clientes, especialmente no setor de \u00f3leo e g\u00e1s, v\u00e3o come\u00e7ar a exigir prova de conformidade como crit\u00e9rio de homologa\u00e7\u00e3o de fornecedores.<br>A quest\u00e3o \u00e9 simples: voc\u00ea vai tratar isso como um problema de compliance que precisa ser resolvido em 2027, ou vai usar esse prazo para modernizar sua gest\u00e3o de ativos e sua cadeia de suprimentos? Quem escolher a primeira op\u00e7\u00e3o vai sofrer. Vai correr contra o rel\u00f3gio, vai fazer adequa\u00e7\u00f5es emergenciais, vai perder produ\u00e7\u00e3o, vai gastar mais. Quem escolher a segunda op\u00e7\u00e3o vai sair na frente, com infraestrutura modernizada, processos documentados e fornecedores qualificados.<br>O rel\u00f3gio da fiscaliza\u00e7\u00e3o j\u00e1 come\u00e7ou a contar. A infraestrutura defasada continua sendo um passivo. A diferen\u00e7a agora \u00e9 que voc\u00ea tem prazo definido e consequ\u00eancias claras. A quest\u00e3o \u00e9 o que voc\u00ea vai fazer com essa informa\u00e7\u00e3o.<\/p>\n\n\n<div class=\"wp-block-image\">\n<figure class=\"aligncenter size-full is-resized\"><a href=\"https:\/\/www.ithbrasil.com.br\/\"><img loading=\"lazy\" decoding=\"async\" width=\"800\" height=\"650\" src=\"https:\/\/jornalfatosenoticias.com.br\/wp-content\/uploads\/2023\/08\/ITH.jpeg\" alt=\"\" class=\"wp-image-44638\" style=\"width:300px;height:auto\" srcset=\"https:\/\/jornalfatosenoticias.com.br\/wp-content\/uploads\/2023\/08\/ITH.jpeg 800w, https:\/\/jornalfatosenoticias.com.br\/wp-content\/uploads\/2023\/08\/ITH-300x244.jpeg 300w, https:\/\/jornalfatosenoticias.com.br\/wp-content\/uploads\/2023\/08\/ITH-768x624.jpeg 768w\" sizes=\"auto, (max-width: 800px) 100vw, 800px\" \/><\/a><\/figure>\n<\/div>\n\n\n<h3 class=\"wp-block-heading\"><mark style=\"background-color:rgba(0, 0, 0, 0)\" class=\"has-inline-color has-black-color\">Documentos Oficiais<\/mark><\/h3>\n\n\n\n<ol class=\"wp-block-list\">\n<li>Portaria MTE n.\u00ba 737, de 29 de maio de 2026<br>\u2022 URL: <a href=\"https:\/\/www.in.gov.br\/en\/web\/dou\/-\/portaria-mte-n-737-de-29-de-maio-de-2026-709524662\">https:\/\/www.in.gov.br\/en\/web\/dou\/-\/portaria-mte-n-737-de-29-de-maio-de-2026-709524662<\/a><br>\u2022 Publica\u00e7\u00e3o: Di\u00e1rio Oficial da Uni\u00e3o, Edi\u00e7\u00e3o 101, Se\u00e7\u00e3o 1, p. 167, em 01\/06\/2026<br>\u2022 Conte\u00fado: Texto completo da nova NR-10 \u2014 Seguran\u00e7a em Instala\u00e7\u00f5es El\u00e9tricas e Servi\u00e7os em Eletricidade<br>\u2022 Vig\u00eancia: 01\/06\/2027 (com per\u00edodo de transi\u00e7\u00e3o de 12 meses)<\/li>\n\n\n\n<li>NR-10 (PDF Oficial do Governo)<br>\u2022 URL: <a href=\"https:\/\/www.gov.br\/trabalho-e-emprego\/pt-br\/acesso-a-informacao\/participacao-social\/conselhos-e-orgaos-colegiados\/comissao-tripartite-partitaria-permanente\/arquivos\/normas-regulamentadoras\/nr-10.pdf\">https:\/\/www.gov.br\/trabalho-e-emprego\/pt-br\/acesso-a-informacao\/participacao-social\/conselhos-e-orgaos-colegiados\/comissao-tripartite-partitaria-permanente\/arquivos\/normas-regulamentadoras\/nr-10.pdf<\/a><br>\u2022 <strong>Fonte: <\/strong>Minist\u00e9rio do Trabalho e Emprego (MTE).<\/li>\n<\/ol>\n","protected":false},"excerpt":{"rendered":"<p>Engenheiros e gestores que tomam decis\u00e3o se encontram em um perigoso conforto em olhar para um painel de m\u00e9dia tens\u00e3o e achar que, se ningu\u00e9m encostar, est\u00e1 tudo bem. A nova NR-10, publicada pela Portaria MTE n.\u00ba 737\/2026, avisa de forma contundente: a explos\u00e3o n\u00e3o precisa de toque para matar. E essa mensagem chegou exatamente [&hellip;]<\/p>\n","protected":false},"author":44,"featured_media":69601,"comment_status":"open","ping_status":"open","sticky":false,"template":"","format":"standard","meta":{"footnotes":""},"categories":[30078],"tags":[31842,29010,2539,3851,30440,31845,31844,31843],"class_list":["post-69597","post","type-post","status-publish","format-standard","has-post-thumbnail","hentry","category-carreiras-negocios","tag-arco-eletrico","tag-eletrica","tag-energia","tag-epis","tag-infraestrutura-eletrica","tag-instalacoes-eletricas","tag-nova-nr-10","tag-nr-10"],"yoast_head":"<!-- This site is optimized with the Yoast SEO plugin v26.5 - https:\/\/yoast.com\/wordpress\/plugins\/seo\/ -->\n<title>Revis\u00e3o da NR-10 e impactos sobre as responsabilidades das empresas. O que muda? - Jornal Fatos e Not\u00edcias<\/title>\n<meta name=\"robots\" content=\"index, follow, max-snippet:-1, max-image-preview:large, max-video-preview:-1\" \/>\n<link rel=\"canonical\" href=\"https:\/\/jornalfatosenoticias.com.br\/index.php\/2026\/09\/03\/revisao-da-nr-10-e-impactos-sobre-as-responsabilidades-das-empresas-o-que-muda\/\" \/>\n<meta property=\"og:locale\" content=\"pt_BR\" \/>\n<meta property=\"og:type\" content=\"article\" \/>\n<meta property=\"og:title\" content=\"Revis\u00e3o da NR-10 e impactos sobre as responsabilidades das empresas. O que muda? - Jornal Fatos e Not\u00edcias\" \/>\n<meta property=\"og:description\" content=\"Engenheiros e gestores que tomam decis\u00e3o se encontram em um perigoso conforto em olhar para um painel de m\u00e9dia tens\u00e3o e achar que, se ningu\u00e9m encostar, est\u00e1 tudo bem. A nova NR-10, publicada pela Portaria MTE n.\u00ba 737\/2026, avisa de forma contundente: a explos\u00e3o n\u00e3o precisa de toque para matar. E essa mensagem chegou exatamente [&hellip;]\" \/>\n<meta property=\"og:url\" content=\"https:\/\/jornalfatosenoticias.com.br\/index.php\/2026\/09\/03\/revisao-da-nr-10-e-impactos-sobre-as-responsabilidades-das-empresas-o-que-muda\/\" \/>\n<meta property=\"og:site_name\" content=\"Jornal Fatos e Not\u00edcias\" \/>\n<meta property=\"article:published_time\" content=\"2026-09-03T14:03:55+00:00\" \/>\n<meta property=\"article:modified_time\" content=\"2026-09-03T14:04:54+00:00\" \/>\n<meta property=\"og:image\" content=\"https:\/\/jornalfatosenoticias.com.br\/wp-content\/uploads\/2026\/09\/treinamento-NR-10_Reproducao.png\" \/>\n\t<meta property=\"og:image:width\" content=\"720\" \/>\n\t<meta property=\"og:image:height\" content=\"435\" \/>\n\t<meta property=\"og:image:type\" content=\"image\/png\" \/>\n<meta name=\"author\" content=\"Francisco Neto\" \/>\n<meta name=\"twitter:card\" content=\"summary_large_image\" \/>\n<meta name=\"twitter:label1\" content=\"Escrito por\" \/>\n\t<meta name=\"twitter:data1\" content=\"Francisco Neto\" \/>\n\t<meta name=\"twitter:label2\" content=\"Est. tempo de leitura\" \/>\n\t<meta name=\"twitter:data2\" content=\"8 minutos\" \/>\n<script type=\"application\/ld+json\" class=\"yoast-schema-graph\">{\"@context\":\"https:\/\/schema.org\",\"@graph\":[{\"@type\":\"Article\",\"@id\":\"https:\/\/jornalfatosenoticias.com.br\/index.php\/2026\/09\/03\/revisao-da-nr-10-e-impactos-sobre-as-responsabilidades-das-empresas-o-que-muda\/#article\",\"isPartOf\":{\"@id\":\"https:\/\/jornalfatosenoticias.com.br\/index.php\/2026\/09\/03\/revisao-da-nr-10-e-impactos-sobre-as-responsabilidades-das-empresas-o-que-muda\/\"},\"author\":{\"name\":\"Francisco Neto\",\"@id\":\"https:\/\/jornalfatosenoticias.com.br\/#\/schema\/person\/d3d464ddbcaf3c3ddfb099ca10ab2cc6\"},\"headline\":\"Revis\u00e3o da NR-10 e impactos sobre as responsabilidades das empresas. O que muda?\",\"datePublished\":\"2026-09-03T14:03:55+00:00\",\"dateModified\":\"2026-09-03T14:04:54+00:00\",\"mainEntityOfPage\":{\"@id\":\"https:\/\/jornalfatosenoticias.com.br\/index.php\/2026\/09\/03\/revisao-da-nr-10-e-impactos-sobre-as-responsabilidades-das-empresas-o-que-muda\/\"},\"wordCount\":1351,\"commentCount\":0,\"publisher\":{\"@id\":\"https:\/\/jornalfatosenoticias.com.br\/#organization\"},\"image\":{\"@id\":\"https:\/\/jornalfatosenoticias.com.br\/index.php\/2026\/09\/03\/revisao-da-nr-10-e-impactos-sobre-as-responsabilidades-das-empresas-o-que-muda\/#primaryimage\"},\"thumbnailUrl\":\"https:\/\/jornalfatosenoticias.com.br\/wp-content\/uploads\/2026\/09\/treinamento-NR-10_Reproducao.png\",\"keywords\":[\"arco el\u00e9trico\",\"el\u00e9trica\",\"energia\",\"EPIs\",\"infraestrutura el\u00e9trica\",\"instala\u00e7\u00f5es el\u00e9tricas\",\"nova NR-10\",\"NR-10\"],\"articleSection\":[\"Carreiras &amp; Neg\u00f3cios\"],\"inLanguage\":\"pt-BR\",\"potentialAction\":[{\"@type\":\"CommentAction\",\"name\":\"Comment\",\"target\":[\"https:\/\/jornalfatosenoticias.com.br\/index.php\/2026\/09\/03\/revisao-da-nr-10-e-impactos-sobre-as-responsabilidades-das-empresas-o-que-muda\/#respond\"]}]},{\"@type\":\"WebPage\",\"@id\":\"https:\/\/jornalfatosenoticias.com.br\/index.php\/2026\/09\/03\/revisao-da-nr-10-e-impactos-sobre-as-responsabilidades-das-empresas-o-que-muda\/\",\"url\":\"https:\/\/jornalfatosenoticias.com.br\/index.php\/2026\/09\/03\/revisao-da-nr-10-e-impactos-sobre-as-responsabilidades-das-empresas-o-que-muda\/\",\"name\":\"Revis\u00e3o da NR-10 e impactos sobre as responsabilidades das empresas. O que muda? - Jornal Fatos e Not\u00edcias\",\"isPartOf\":{\"@id\":\"https:\/\/jornalfatosenoticias.com.br\/#website\"},\"primaryImageOfPage\":{\"@id\":\"https:\/\/jornalfatosenoticias.com.br\/index.php\/2026\/09\/03\/revisao-da-nr-10-e-impactos-sobre-as-responsabilidades-das-empresas-o-que-muda\/#primaryimage\"},\"image\":{\"@id\":\"https:\/\/jornalfatosenoticias.com.br\/index.php\/2026\/09\/03\/revisao-da-nr-10-e-impactos-sobre-as-responsabilidades-das-empresas-o-que-muda\/#primaryimage\"},\"thumbnailUrl\":\"https:\/\/jornalfatosenoticias.com.br\/wp-content\/uploads\/2026\/09\/treinamento-NR-10_Reproducao.png\",\"datePublished\":\"2026-09-03T14:03:55+00:00\",\"dateModified\":\"2026-09-03T14:04:54+00:00\",\"breadcrumb\":{\"@id\":\"https:\/\/jornalfatosenoticias.com.br\/index.php\/2026\/09\/03\/revisao-da-nr-10-e-impactos-sobre-as-responsabilidades-das-empresas-o-que-muda\/#breadcrumb\"},\"inLanguage\":\"pt-BR\",\"potentialAction\":[{\"@type\":\"ReadAction\",\"target\":[\"https:\/\/jornalfatosenoticias.com.br\/index.php\/2026\/09\/03\/revisao-da-nr-10-e-impactos-sobre-as-responsabilidades-das-empresas-o-que-muda\/\"]}]},{\"@type\":\"ImageObject\",\"inLanguage\":\"pt-BR\",\"@id\":\"https:\/\/jornalfatosenoticias.com.br\/index.php\/2026\/09\/03\/revisao-da-nr-10-e-impactos-sobre-as-responsabilidades-das-empresas-o-que-muda\/#primaryimage\",\"url\":\"https:\/\/jornalfatosenoticias.com.br\/wp-content\/uploads\/2026\/09\/treinamento-NR-10_Reproducao.png\",\"contentUrl\":\"https:\/\/jornalfatosenoticias.com.br\/wp-content\/uploads\/2026\/09\/treinamento-NR-10_Reproducao.png\",\"width\":720,\"height\":435},{\"@type\":\"BreadcrumbList\",\"@id\":\"https:\/\/jornalfatosenoticias.com.br\/index.php\/2026\/09\/03\/revisao-da-nr-10-e-impactos-sobre-as-responsabilidades-das-empresas-o-que-muda\/#breadcrumb\",\"itemListElement\":[{\"@type\":\"ListItem\",\"position\":1,\"name\":\"In\u00edcio\",\"item\":\"https:\/\/jornalfatosenoticias.com.br\/\"},{\"@type\":\"ListItem\",\"position\":2,\"name\":\"Revis\u00e3o da NR-10 e impactos sobre as responsabilidades das empresas. O que muda?\"}]},{\"@type\":\"WebSite\",\"@id\":\"https:\/\/jornalfatosenoticias.com.br\/#website\",\"url\":\"https:\/\/jornalfatosenoticias.com.br\/\",\"name\":\"Jornal Fatos e Not\u00edcias\",\"description\":\"Not\u00edcias em geral\",\"publisher\":{\"@id\":\"https:\/\/jornalfatosenoticias.com.br\/#organization\"},\"potentialAction\":[{\"@type\":\"SearchAction\",\"target\":{\"@type\":\"EntryPoint\",\"urlTemplate\":\"https:\/\/jornalfatosenoticias.com.br\/?s={search_term_string}\"},\"query-input\":{\"@type\":\"PropertyValueSpecification\",\"valueRequired\":true,\"valueName\":\"search_term_string\"}}],\"inLanguage\":\"pt-BR\"},{\"@type\":\"Organization\",\"@id\":\"https:\/\/jornalfatosenoticias.com.br\/#organization\",\"name\":\"Jornal Fatos e Not\u00edcias\",\"url\":\"https:\/\/jornalfatosenoticias.com.br\/\",\"logo\":{\"@type\":\"ImageObject\",\"inLanguage\":\"pt-BR\",\"@id\":\"https:\/\/jornalfatosenoticias.com.br\/#\/schema\/logo\/image\/\",\"url\":\"https:\/\/jornalfatosenoticias.com.br\/wp-content\/uploads\/2020\/02\/logo120.png\",\"contentUrl\":\"https:\/\/jornalfatosenoticias.com.br\/wp-content\/uploads\/2020\/02\/logo120.png\",\"width\":1227,\"height\":120,\"caption\":\"Jornal Fatos e Not\u00edcias\"},\"image\":{\"@id\":\"https:\/\/jornalfatosenoticias.com.br\/#\/schema\/logo\/image\/\"}},{\"@type\":\"Person\",\"@id\":\"https:\/\/jornalfatosenoticias.com.br\/#\/schema\/person\/d3d464ddbcaf3c3ddfb099ca10ab2cc6\",\"name\":\"Francisco Neto\",\"image\":{\"@type\":\"ImageObject\",\"inLanguage\":\"pt-BR\",\"@id\":\"https:\/\/jornalfatosenoticias.com.br\/#\/schema\/person\/image\/\",\"url\":\"https:\/\/jornalfatosenoticias.com.br\/wp-content\/uploads\/2025\/10\/Francisco.jpeg\",\"contentUrl\":\"https:\/\/jornalfatosenoticias.com.br\/wp-content\/uploads\/2025\/10\/Francisco.jpeg\",\"caption\":\"Francisco Neto\"},\"description\":\"Engenheiro eletricista da Conexa Engenharia Transformo solu\u00e7\u00f5es inteligentes em energia, efici\u00eancia e seguran\u00e7a. Instagram: @sou.conexa\",\"url\":\"https:\/\/jornalfatosenoticias.com.br\/index.php\/author\/francisco-neto\/\"}]}<\/script>\n<!-- \/ Yoast SEO plugin. -->","yoast_head_json":{"title":"Revis\u00e3o da NR-10 e impactos sobre as responsabilidades das empresas. O que muda? - Jornal Fatos e Not\u00edcias","robots":{"index":"index","follow":"follow","max-snippet":"max-snippet:-1","max-image-preview":"max-image-preview:large","max-video-preview":"max-video-preview:-1"},"canonical":"https:\/\/jornalfatosenoticias.com.br\/index.php\/2026\/09\/03\/revisao-da-nr-10-e-impactos-sobre-as-responsabilidades-das-empresas-o-que-muda\/","og_locale":"pt_BR","og_type":"article","og_title":"Revis\u00e3o da NR-10 e impactos sobre as responsabilidades das empresas. O que muda? - Jornal Fatos e Not\u00edcias","og_description":"Engenheiros e gestores que tomam decis\u00e3o se encontram em um perigoso conforto em olhar para um painel de m\u00e9dia tens\u00e3o e achar que, se ningu\u00e9m encostar, est\u00e1 tudo bem. A nova NR-10, publicada pela Portaria MTE n.\u00ba 737\/2026, avisa de forma contundente: a explos\u00e3o n\u00e3o precisa de toque para matar. E essa mensagem chegou exatamente [&hellip;]","og_url":"https:\/\/jornalfatosenoticias.com.br\/index.php\/2026\/09\/03\/revisao-da-nr-10-e-impactos-sobre-as-responsabilidades-das-empresas-o-que-muda\/","og_site_name":"Jornal Fatos e Not\u00edcias","article_published_time":"2026-09-03T14:03:55+00:00","article_modified_time":"2026-09-03T14:04:54+00:00","og_image":[{"width":720,"height":435,"url":"https:\/\/jornalfatosenoticias.com.br\/wp-content\/uploads\/2026\/09\/treinamento-NR-10_Reproducao.png","type":"image\/png"}],"author":"Francisco Neto","twitter_card":"summary_large_image","twitter_misc":{"Escrito por":"Francisco Neto","Est. tempo de leitura":"8 minutos"},"schema":{"@context":"https:\/\/schema.org","@graph":[{"@type":"Article","@id":"https:\/\/jornalfatosenoticias.com.br\/index.php\/2026\/09\/03\/revisao-da-nr-10-e-impactos-sobre-as-responsabilidades-das-empresas-o-que-muda\/#article","isPartOf":{"@id":"https:\/\/jornalfatosenoticias.com.br\/index.php\/2026\/09\/03\/revisao-da-nr-10-e-impactos-sobre-as-responsabilidades-das-empresas-o-que-muda\/"},"author":{"name":"Francisco Neto","@id":"https:\/\/jornalfatosenoticias.com.br\/#\/schema\/person\/d3d464ddbcaf3c3ddfb099ca10ab2cc6"},"headline":"Revis\u00e3o da NR-10 e impactos sobre as responsabilidades das empresas. O que muda?","datePublished":"2026-09-03T14:03:55+00:00","dateModified":"2026-09-03T14:04:54+00:00","mainEntityOfPage":{"@id":"https:\/\/jornalfatosenoticias.com.br\/index.php\/2026\/09\/03\/revisao-da-nr-10-e-impactos-sobre-as-responsabilidades-das-empresas-o-que-muda\/"},"wordCount":1351,"commentCount":0,"publisher":{"@id":"https:\/\/jornalfatosenoticias.com.br\/#organization"},"image":{"@id":"https:\/\/jornalfatosenoticias.com.br\/index.php\/2026\/09\/03\/revisao-da-nr-10-e-impactos-sobre-as-responsabilidades-das-empresas-o-que-muda\/#primaryimage"},"thumbnailUrl":"https:\/\/jornalfatosenoticias.com.br\/wp-content\/uploads\/2026\/09\/treinamento-NR-10_Reproducao.png","keywords":["arco el\u00e9trico","el\u00e9trica","energia","EPIs","infraestrutura el\u00e9trica","instala\u00e7\u00f5es el\u00e9tricas","nova NR-10","NR-10"],"articleSection":["Carreiras &amp; Neg\u00f3cios"],"inLanguage":"pt-BR","potentialAction":[{"@type":"CommentAction","name":"Comment","target":["https:\/\/jornalfatosenoticias.com.br\/index.php\/2026\/09\/03\/revisao-da-nr-10-e-impactos-sobre-as-responsabilidades-das-empresas-o-que-muda\/#respond"]}]},{"@type":"WebPage","@id":"https:\/\/jornalfatosenoticias.com.br\/index.php\/2026\/09\/03\/revisao-da-nr-10-e-impactos-sobre-as-responsabilidades-das-empresas-o-que-muda\/","url":"https:\/\/jornalfatosenoticias.com.br\/index.php\/2026\/09\/03\/revisao-da-nr-10-e-impactos-sobre-as-responsabilidades-das-empresas-o-que-muda\/","name":"Revis\u00e3o da NR-10 e impactos sobre as responsabilidades das empresas. O que muda? - Jornal Fatos e Not\u00edcias","isPartOf":{"@id":"https:\/\/jornalfatosenoticias.com.br\/#website"},"primaryImageOfPage":{"@id":"https:\/\/jornalfatosenoticias.com.br\/index.php\/2026\/09\/03\/revisao-da-nr-10-e-impactos-sobre-as-responsabilidades-das-empresas-o-que-muda\/#primaryimage"},"image":{"@id":"https:\/\/jornalfatosenoticias.com.br\/index.php\/2026\/09\/03\/revisao-da-nr-10-e-impactos-sobre-as-responsabilidades-das-empresas-o-que-muda\/#primaryimage"},"thumbnailUrl":"https:\/\/jornalfatosenoticias.com.br\/wp-content\/uploads\/2026\/09\/treinamento-NR-10_Reproducao.png","datePublished":"2026-09-03T14:03:55+00:00","dateModified":"2026-09-03T14:04:54+00:00","breadcrumb":{"@id":"https:\/\/jornalfatosenoticias.com.br\/index.php\/2026\/09\/03\/revisao-da-nr-10-e-impactos-sobre-as-responsabilidades-das-empresas-o-que-muda\/#breadcrumb"},"inLanguage":"pt-BR","potentialAction":[{"@type":"ReadAction","target":["https:\/\/jornalfatosenoticias.com.br\/index.php\/2026\/09\/03\/revisao-da-nr-10-e-impactos-sobre-as-responsabilidades-das-empresas-o-que-muda\/"]}]},{"@type":"ImageObject","inLanguage":"pt-BR","@id":"https:\/\/jornalfatosenoticias.com.br\/index.php\/2026\/09\/03\/revisao-da-nr-10-e-impactos-sobre-as-responsabilidades-das-empresas-o-que-muda\/#primaryimage","url":"https:\/\/jornalfatosenoticias.com.br\/wp-content\/uploads\/2026\/09\/treinamento-NR-10_Reproducao.png","contentUrl":"https:\/\/jornalfatosenoticias.com.br\/wp-content\/uploads\/2026\/09\/treinamento-NR-10_Reproducao.png","width":720,"height":435},{"@type":"BreadcrumbList","@id":"https:\/\/jornalfatosenoticias.com.br\/index.php\/2026\/09\/03\/revisao-da-nr-10-e-impactos-sobre-as-responsabilidades-das-empresas-o-que-muda\/#breadcrumb","itemListElement":[{"@type":"ListItem","position":1,"name":"In\u00edcio","item":"https:\/\/jornalfatosenoticias.com.br\/"},{"@type":"ListItem","position":2,"name":"Revis\u00e3o da NR-10 e impactos sobre as responsabilidades das empresas. O que muda?"}]},{"@type":"WebSite","@id":"https:\/\/jornalfatosenoticias.com.br\/#website","url":"https:\/\/jornalfatosenoticias.com.br\/","name":"Jornal Fatos e Not\u00edcias","description":"Not\u00edcias em geral","publisher":{"@id":"https:\/\/jornalfatosenoticias.com.br\/#organization"},"potentialAction":[{"@type":"SearchAction","target":{"@type":"EntryPoint","urlTemplate":"https:\/\/jornalfatosenoticias.com.br\/?s={search_term_string}"},"query-input":{"@type":"PropertyValueSpecification","valueRequired":true,"valueName":"search_term_string"}}],"inLanguage":"pt-BR"},{"@type":"Organization","@id":"https:\/\/jornalfatosenoticias.com.br\/#organization","name":"Jornal Fatos e Not\u00edcias","url":"https:\/\/jornalfatosenoticias.com.br\/","logo":{"@type":"ImageObject","inLanguage":"pt-BR","@id":"https:\/\/jornalfatosenoticias.com.br\/#\/schema\/logo\/image\/","url":"https:\/\/jornalfatosenoticias.com.br\/wp-content\/uploads\/2020\/02\/logo120.png","contentUrl":"https:\/\/jornalfatosenoticias.com.br\/wp-content\/uploads\/2020\/02\/logo120.png","width":1227,"height":120,"caption":"Jornal Fatos e Not\u00edcias"},"image":{"@id":"https:\/\/jornalfatosenoticias.com.br\/#\/schema\/logo\/image\/"}},{"@type":"Person","@id":"https:\/\/jornalfatosenoticias.com.br\/#\/schema\/person\/d3d464ddbcaf3c3ddfb099ca10ab2cc6","name":"Francisco Neto","image":{"@type":"ImageObject","inLanguage":"pt-BR","@id":"https:\/\/jornalfatosenoticias.com.br\/#\/schema\/person\/image\/","url":"https:\/\/jornalfatosenoticias.com.br\/wp-content\/uploads\/2025\/10\/Francisco.jpeg","contentUrl":"https:\/\/jornalfatosenoticias.com.br\/wp-content\/uploads\/2025\/10\/Francisco.jpeg","caption":"Francisco Neto"},"description":"Engenheiro eletricista da Conexa Engenharia Transformo solu\u00e7\u00f5es inteligentes em energia, efici\u00eancia e seguran\u00e7a. Instagram: @sou.conexa","url":"https:\/\/jornalfatosenoticias.com.br\/index.php\/author\/francisco-neto\/"}]}},"cc_featured_image_caption":{"caption_text":"(Foto: Reprodu\u00e7\u00e3o)\r\n","source_text":"","source_url":""},"jetpack_featured_media_url":"https:\/\/jornalfatosenoticias.com.br\/wp-content\/uploads\/2026\/09\/treinamento-NR-10_Reproducao.png","_links":{"self":[{"href":"https:\/\/jornalfatosenoticias.com.br\/index.php\/wp-json\/wp\/v2\/posts\/69597","targetHints":{"allow":["GET"]}}],"collection":[{"href":"https:\/\/jornalfatosenoticias.com.br\/index.php\/wp-json\/wp\/v2\/posts"}],"about":[{"href":"https:\/\/jornalfatosenoticias.com.br\/index.php\/wp-json\/wp\/v2\/types\/post"}],"author":[{"embeddable":true,"href":"https:\/\/jornalfatosenoticias.com.br\/index.php\/wp-json\/wp\/v2\/users\/44"}],"replies":[{"embeddable":true,"href":"https:\/\/jornalfatosenoticias.com.br\/index.php\/wp-json\/wp\/v2\/comments?post=69597"}],"version-history":[{"count":2,"href":"https:\/\/jornalfatosenoticias.com.br\/index.php\/wp-json\/wp\/v2\/posts\/69597\/revisions"}],"predecessor-version":[{"id":69604,"href":"https:\/\/jornalfatosenoticias.com.br\/index.php\/wp-json\/wp\/v2\/posts\/69597\/revisions\/69604"}],"wp:featuredmedia":[{"embeddable":true,"href":"https:\/\/jornalfatosenoticias.com.br\/index.php\/wp-json\/wp\/v2\/media\/69601"}],"wp:attachment":[{"href":"https:\/\/jornalfatosenoticias.com.br\/index.php\/wp-json\/wp\/v2\/media?parent=69597"}],"wp:term":[{"taxonomy":"category","embeddable":true,"href":"https:\/\/jornalfatosenoticias.com.br\/index.php\/wp-json\/wp\/v2\/categories?post=69597"},{"taxonomy":"post_tag","embeddable":true,"href":"https:\/\/jornalfatosenoticias.com.br\/index.php\/wp-json\/wp\/v2\/tags?post=69597"}],"curies":[{"name":"wp","href":"https:\/\/api.w.org\/{rel}","templated":true}]}}