{"id":69605,"date":"2026-09-03T15:14:51","date_gmt":"2026-09-03T18:14:51","guid":{"rendered":"https:\/\/jornalfatosenoticias.com.br\/?p=69605"},"modified":"2026-09-03T15:14:52","modified_gmt":"2026-09-03T18:14:52","slug":"viacao-aguia-branca-oitenta-anos-de-historia","status":"publish","type":"post","link":"https:\/\/jornalfatosenoticias.com.br\/index.php\/2026\/09\/03\/viacao-aguia-branca-oitenta-anos-de-historia\/","title":{"rendered":"Via\u00e7\u00e3o \u00c1guia Branca, oitenta anos de hist\u00f3ria"},"content":{"rendered":"\n<p>H\u00e1 80 anos, viajar de \u00f4nibus significava percorrer estradas de terra em um pa\u00eds cuja <strong><a href=\"https:\/\/online.fliphtml5.com\/ywlkz\/dvxt\/#p=6\">malha rodovi\u00e1ria <\/a><\/strong>ainda come\u00e7ava a se desenvolver. Fundada em 1946, em Colatina (ES), a Via\u00e7\u00e3o \u00c1guia Branca, hoje, faz parte de um dos maiores conglomerados de transporte e log\u00edstica da Am\u00e9rica Latina \u2013 <strong><a href=\"https:\/\/gab.com.br\/\">Grupo \u00c1guia Branca<\/a><\/strong>, consolidando-se pela excel\u00eancia em atendimento, seguran\u00e7a e inova\u00e7\u00e3o. Ao longo dos anos, a marca se tornou sin\u00f4nimo de confian\u00e7a, conectando pessoas e destinos com qualidade e pontualidade.<br>Sempre \u00e0 frente do tempo, em 1987, tornou-se a primeira operadora rodovi\u00e1ria do pa\u00eds a comercializar passagens eletronicamente; em 1998, implantou a impress\u00e3o de cupom fiscal no transporte rodovi\u00e1rio j\u00e1 em 2019, foi pioneira na ado\u00e7\u00e3o da passagem 100% digital, eliminando o papel e simplificando o embarque.<br>Outra inova\u00e7\u00e3o surgiu dentro das garagens da companhia, em 2013, com um sistema que reaproveita a \u00e1gua produzida pelos aparelhos de ar-condicionado dos \u00f4nibus para abastecer limpadores de para-brisa e sanit\u00e1rios. Posteriormente, a solu\u00e7\u00e3o foi incorporada pela Marcopolo \u00e0s carrocerias fabricadas pela empresa.<br>Atualmente, atendendo mais de 750 localidades em nove estados, transportando cerca de nove milh\u00f5es de passageiros por ano e operando uma frota de aproximadamente 700 \u00f4nibus, a Via\u00e7\u00e3o \u00c1guia Branca tem \u00e0 sua frente a CEO Paula Barcellos Tommasi Corr\u00eaa que, em entrevista \u00e0 A\u00e7o 5.0, fala um pouco sobre desafios, lideran\u00e7a, sustentabilidade, inova\u00e7\u00e3o e sua trajet\u00f3ria na empresa.<\/p>\n\n\n\n<p><strong><mark style=\"background-color:rgba(0, 0, 0, 0)\" class=\"has-inline-color has-black-color\"><span style=\"text-decoration: underline;\">Inova\u00e7\u00e3o<\/span><br>Como a senhora equilibra tradi\u00e7\u00e3o e o peso da marca \u2013 que recentemente completou oito d\u00e9cadas \u2013 com as novas demandas de digitaliza\u00e7\u00e3o e mobilidade?<br><\/mark><\/strong>Quando uma empresa completa 80 anos, ela precisa fazer uma escolha: viver da hist\u00f3ria que construiu ou continuar escrevendo novos cap\u00edtulos. Eu acredito que o verdadeiro segredo da longevidade \u00e9 continuar aprendendo e se reinventando. \u00c9 isso que procuramos fazer todos os dias na \u00c1guia Branca.<br>Essa disposi\u00e7\u00e3o para evoluir faz parte da nossa hist\u00f3ria h\u00e1 d\u00e9cadas. Fomos pioneiros na informatiza\u00e7\u00e3o da venda de passagens ainda nos anos 1980 e seguimos investindo continuamente em novas formas de atender o cliente. Hoje, mais de 50% das nossas vendas j\u00e1 acontecem pelos canais digitais. Somos muito fortes na venda pelo WhatsApp e seguimos atentos \u00e0s novas tecnologias.<br>Mas inova\u00e7\u00e3o, para n\u00f3s, nunca foi um fim em si mesma. Ela s\u00f3 faz sentido quando melhora a experi\u00eancia dos clientes. \u00c9 assim que conciliamos tradi\u00e7\u00e3o e futuro: preservando aquilo que nunca muda \u2013 a seguran\u00e7a, o cuidado e a confian\u00e7a \u2013 enquanto reinventamos continuamente a forma de atender e transportar nossos clientes.<\/p>\n\n\n\n<p><strong><mark style=\"background-color:rgba(0, 0, 0, 0)\" class=\"has-inline-color has-black-color\"><span style=\"text-decoration: underline;\">Desafios<br><\/span><\/mark><\/strong><mark style=\"background-color:rgba(0, 0, 0, 0)\" class=\"has-inline-color has-black-color\"><strong>Qual \u00e9 a vis\u00e3o da empresa frente \u00e0 concorr\u00eancia crescente das companhias a\u00e9reas low cost e quais estrat\u00e9gias est\u00e3o sendo adotadas para atrair o passageiro para as viagens rodovi\u00e1rias de longa dist\u00e2ncia?<br><\/strong><\/mark>Eu acredito que a compara\u00e7\u00e3o entre \u00f4nibus e avi\u00e3o precisa considerar a experi\u00eancia completa da viagem. Em trajetos de at\u00e9 cerca de 500 quil\u00f4metros, o transporte rodovi\u00e1rio \u00e9 extremamente competitivo e, muitas vezes, imbat\u00edvel. Quando consideramos o  deslocamento at\u00e9 o aeroporto, a anteced\u00eancia para embarque, os procedimentos de seguran\u00e7a e a retirada de bagagens, o tempo total da viagem pode ser igual ou at\u00e9 superior ao de uma viagem de \u00f4nibus.<br>Al\u00e9m disso, o passageiro tem buscado cada vez mais conforto. As empresas do setor v\u00eam investindo continuamente em categorias como o leito-cama, que permitem viajar durante a noite com muito conforto, descansando e aproveitando melhor o tempo para trabalho ou lazer no destino. Soma-se a isso uma tarifa mais acess\u00edvel e uma excelente rela\u00e7\u00e3o entre custo e benef\u00edcio.<br>Mas eu acredito que o passageiro n\u00e3o escolhe apenas um meio de transporte. Ele escolhe a experi\u00eancia que faz mais sentido para aquele momento da vida dele. Por isso, nunca enxerguei a competi\u00e7\u00e3o apenas entre \u00f4nibus e avi\u00e3o. O nosso desafio \u00e9 oferecer uma viagem segura, conveniente e com uma rela\u00e7\u00e3o de valor que fa\u00e7a sentido para cada cliente.<br>O transporte rodovi\u00e1rio tem uma caracter\u00edstica \u00fanica no Brasil: conecta pessoas e lugares onde muitas vezes nenhum outro modal chega. Na \u00c1guia Branca, buscamos ampliar essa vantagem oferecendo diferentes categorias de servi\u00e7o, canais de compra cada vez mais simples e uma experi\u00eancia que come\u00e7a antes mesmo do embarque. Investimos em tecnologia, renova\u00e7\u00e3o de frota e solu\u00e7\u00f5es como o Flex Passagens porque queremos dar mais op\u00e7\u00f5es ao cliente, respeitando a forma como ele prefere viajar.<br>Somos l\u00edderes em participa\u00e7\u00e3o de mercado em todos os mercados onde atuamos, o que demonstra a confian\u00e7a e a prefer\u00eancia dos nossos clientes quando escolhem viajar de \u00f4nibus.<\/p>\n\n\n<div class=\"wp-block-image\">\n<figure class=\"aligncenter size-full\"><img loading=\"lazy\" decoding=\"async\" width=\"800\" height=\"600\" src=\"https:\/\/jornalfatosenoticias.com.br\/wp-content\/uploads\/2026\/09\/Aguia-Branca_Divulgacao.jpg\" alt=\"\" class=\"wp-image-69609\" srcset=\"https:\/\/jornalfatosenoticias.com.br\/wp-content\/uploads\/2026\/09\/Aguia-Branca_Divulgacao.jpg 800w, https:\/\/jornalfatosenoticias.com.br\/wp-content\/uploads\/2026\/09\/Aguia-Branca_Divulgacao-300x225.jpg 300w, https:\/\/jornalfatosenoticias.com.br\/wp-content\/uploads\/2026\/09\/Aguia-Branca_Divulgacao-768x576.jpg 768w\" sizes=\"auto, (max-width: 800px) 100vw, 800px\" \/><figcaption class=\"wp-element-caption\"><mark style=\"background-color:rgba(0, 0, 0, 0)\" class=\"has-inline-color has-black-color\">Sede Via\u00e7\u00e3o \u00c1guia Branca, Cariacica (ES) (Foto: Divulga\u00e7\u00e3o)<\/mark><\/figcaption><\/figure>\n<\/div>\n\n\n<p><strong><mark style=\"background-color:rgba(0, 0, 0, 0)\" class=\"has-inline-color has-black-color\"><span style=\"text-decoration: underline;\">Lideran\u00e7a e cultura organizacional<br><\/span>Tendo constru\u00eddo sua carreira dentro da pr\u00f3pria empresa at\u00e9 chegar ao cargo m\u00e1ximo, como a lideran\u00e7a feminina e a humaniza\u00e7\u00e3o da gest\u00e3o impactam a reten\u00e7\u00e3o de talentos e o plano de carreira dos motoristas e agentes?<br><\/mark><\/strong>Eu comecei minha carreira na \u00c1guia Branca h\u00e1 24 anos como prestadora de servi\u00e7o. Depois fui contratada, assumi a ger\u00eancia comercial, atuei por nove anos como diretora Comercial e de Marketing e, desde 2019, tenho a honra de liderar a empresa como CEO. Ter vivido diferentes etapas dessa trajet\u00f3ria me ensinou que ningu\u00e9m permanece em uma organiza\u00e7\u00e3o apenas pelo cargo ou pelo sal\u00e1rio. As pessoas permanecem quando encontram prop\u00f3sito, oportunidades para crescer e l\u00edderes que verdadeiramente se importam com o seu desenvolvimento.<br>Na \u00c1guia Branca, acreditamos que liderar \u00e9 desenvolver pessoas. Esperamos que nossos l\u00edderes ensinem, deem o exemplo, preparem sucessores e criem um ambiente onde seja poss\u00edvel aprender, assumir desafios e evoluir. O l\u00edder precisa ter coragem para cobrar resultados, mas tamb\u00e9m disponibilidade para ouvir, orientar e reconhecer. Resultado e cuidado n\u00e3o competem entre si; eles se fortalecem mutuamente.<br>Isso faz diferen\u00e7a para quem est\u00e1 na linha de frente. Motoristas e agentes querem trabalhar em uma empresa onde sejam respeitados, tenham seguran\u00e7a para exercer seu trabalho, sejam reconhecidos pelo desempenho e enxerguem possibilidades reais de crescimento. Temos in\u00fameras hist\u00f3rias de pessoas que iniciaram suas carreiras na opera\u00e7\u00e3o e hoje ocupam posi\u00e7\u00f5es de lideran\u00e7a. Isso mostra que valorizamos quem aprende, se desenvolve e compartilha dos nossos valores.<br>Ver a \u00c1guia Branca ser reconhecida, pelo quarto ano consecutivo, como uma empresa certificada pelo Great Place to Work nos enche de orgulho. Mas esse reconhecimento \u00e9 consequ\u00eancia. O que realmente buscamos \u00e9 construir um ambiente onde as pessoas queiram permanecer, crescer e ajudar a escrever os pr\u00f3ximos cap\u00edtulos da nossa hist\u00f3ria.<\/p>\n\n\n<div class=\"wp-block-image\">\n<figure class=\"aligncenter size-full\"><img loading=\"lazy\" decoding=\"async\" width=\"1000\" height=\"666\" src=\"https:\/\/jornalfatosenoticias.com.br\/wp-content\/uploads\/2026\/09\/Onibus-2.jpg\" alt=\"\" class=\"wp-image-69607\" srcset=\"https:\/\/jornalfatosenoticias.com.br\/wp-content\/uploads\/2026\/09\/Onibus-2.jpg 1000w, https:\/\/jornalfatosenoticias.com.br\/wp-content\/uploads\/2026\/09\/Onibus-2-300x200.jpg 300w, https:\/\/jornalfatosenoticias.com.br\/wp-content\/uploads\/2026\/09\/Onibus-2-768x511.jpg 768w\" sizes=\"auto, (max-width: 1000px) 100vw, 1000px\" \/><figcaption class=\"wp-element-caption\"><mark style=\"background-color:rgba(0, 0, 0, 0)\" class=\"has-inline-color has-black-color\">(Foto: Divulga\u00e7\u00e3o\/Via\u00e7\u00e3o \u00c1guia Branca)<\/mark><\/figcaption><\/figure>\n<\/div>\n\n\n<p><mark style=\"background-color:rgba(0, 0, 0, 0)\" class=\"has-inline-color has-black-color\"><strong><span style=\"text-decoration: underline;\">Sustentabilidade<br><\/span><\/strong><\/mark><strong><mark style=\"background-color:rgba(0, 0, 0, 0)\" class=\"has-inline-color has-black-color\">De que maneira o Grupo \u00c1guia Branca planeja a transi\u00e7\u00e3o de sua rota para ve\u00edculos mais sustent\u00e1veis e redu\u00e7\u00e3o da pegada de carbono nos pr\u00f3ximos anos?<br><\/mark><\/strong>Essa transi\u00e7\u00e3o acontece por meio de muitas escolhas consistentes. Investimos continuamente na renova\u00e7\u00e3o da frota com ve\u00edculos mais eficientes, adotamos tecnologias que reduzem emiss\u00f5es, utilizamos energia de fontes renov\u00e1veis, reaproveitamos recursos naturais e desenvolvemos programas que tornam nossa opera\u00e7\u00e3o mais sustent\u00e1vel. Cada iniciativa pode parecer pequena  isoladamente, mas juntas constroem uma transforma\u00e7\u00e3o importante. N\u00e3o existe uma solu\u00e7\u00e3o \u00fanica para a mobilidade sustent\u00e1vel. Existe compromisso, investimento e disposi\u00e7\u00e3o para evoluir continuamente.<\/p>\n\n\n\n<p><strong><mark style=\"background-color:rgba(0, 0, 0, 0)\" class=\"has-inline-color has-black-color\"><span style=\"text-decoration: underline;\">Lideran\u00e7a t\u00e9cnica<br><\/span>A senhora tem uma forma\u00e7\u00e3o s\u00f3lida em Engenharia da Computa\u00e7\u00e3o. Como essa bagagem tem influenciado a tomada de decis\u00f5es estrat\u00e9gicas dos servi\u00e7os da empresa?<br><\/mark><\/strong>A Engenharia da Computa\u00e7\u00e3o me ensinou a destrinchar problemas, estruturar processos e construir decis\u00f5es baseadas em evid\u00eancias. Essa forma de pensar continua muito presente na minha atua\u00e7\u00e3o como CEO. Gosto de transformar desafios complexos em caminhos poss\u00edveis, definir prioridades, dar clareza sobre pap\u00e9is e acompanhar a execu\u00e7\u00e3o com disciplina. Talvez seja um pouco da minha mentalidade de engenheira organizando as entregas para que o time consiga alcan\u00e7ar grandes resultados. Aprendi que alto desempenho n\u00e3o se constr\u00f3i apenas com m\u00e9todo. Constr\u00f3i-se com confian\u00e7a.<br>Times extraordin\u00e1rios acertam e erram juntos, porque sabem que confian\u00e7a n\u00e3o se negocia. \u00c9 por isso que procuro exercer uma lideran\u00e7a presente e aut\u00eantica, que combina clareza na dire\u00e7\u00e3o, proximidade com as pessoas e responsabilidade compartilhada. Quando iniciamos um projeto, gosto de definir ciclos, responsabilidades e acompanhar de perto a execu\u00e7\u00e3o, mas tamb\u00e9m de provocar cada pessoa a colocar o seu pr\u00f3prio crach\u00e1 naquela entrega, assumindo o compromisso com o resultado como se o neg\u00f3cio fosse seu.<br>Costumo resumir essa forma de liderar em uma frase que me acompanha todos os dias: ser firme com o prop\u00f3sito e suave com as pessoas. Para mim, esse \u00e9 o grande desafio da lideran\u00e7a: manter o foco nos indicadores, entregas e resultados sem abrir m\u00e3o do respeito, da escuta e da confian\u00e7a. \u00c9 nesse equil\u00edbrio que acredito que as organiza\u00e7\u00f5es alcan\u00e7am sua melhor performance.<\/p>\n\n\n\n<h3 class=\"wp-block-heading\"><strong><mark style=\"background-color:rgba(0, 0, 0, 0)\" class=\"has-inline-color has-black-color\"><span style=\"text-decoration: underline;\">Ecossistema BusCo<\/span><\/mark><\/strong><\/h3>\n\n\n<div class=\"wp-block-image\">\n<figure class=\"aligncenter size-full\"><img loading=\"lazy\" decoding=\"async\" width=\"711\" height=\"564\" src=\"https:\/\/jornalfatosenoticias.com.br\/wp-content\/uploads\/2026\/09\/Group-Aguia-Branca_BusCo.png\" alt=\"\" class=\"wp-image-69606\" srcset=\"https:\/\/jornalfatosenoticias.com.br\/wp-content\/uploads\/2026\/09\/Group-Aguia-Branca_BusCo.png 711w, https:\/\/jornalfatosenoticias.com.br\/wp-content\/uploads\/2026\/09\/Group-Aguia-Branca_BusCo-300x238.png 300w, https:\/\/jornalfatosenoticias.com.br\/wp-content\/uploads\/2026\/09\/Group-Aguia-Branca_BusCo-580x460.png 580w\" sizes=\"auto, (max-width: 711px) 100vw, 711px\" \/><figcaption class=\"wp-element-caption\"><mark style=\"background-color:rgba(0, 0, 0, 0)\" class=\"has-inline-color has-black-color\">(Foto: Reprodu\u00e7\u00e3o)<\/mark><\/figcaption><\/figure>\n<\/div>\n\n\n<p><mark style=\"background-color:rgba(0, 0, 0, 0)\" class=\"has-inline-color has-black-color\"><strong>O grupo lan\u00e7ou a BusCo, uma plataforma de mobilidade focada em alta efici\u00eancia e na velocidade de uma startup. Qual \u00e9 a estrat\u00e9gia por tr\u00e1s dessa empresa e como ela complementa a opera\u00e7\u00e3o tradicional da Via\u00e7\u00e3o \u00c1guia Branca?<br><\/strong><\/mark>Inovar significa, para n\u00f3s, criar novos modelos de neg\u00f3cio quando percebemos que o mercado est\u00e1 mudando. E nem toda inova\u00e7\u00e3o precisa acontecer dentro da estrutura tradicional de uma empresa. A BusCo nasceu exatamente com esse prop\u00f3sito: combinar a experi\u00eancia de dois grandes grupos do transporte rodovi\u00e1rio com a velocidade e a capacidade de experimenta\u00e7\u00e3o de uma startup. Ela nos permite testar solu\u00e7\u00f5es, utilizar tecnologia e intelig\u00eancia artificial, explorar novos modelos operacionais e acelerar aprendizados. Criamos um ambiente onde podemos experimentar, validar ideias e aprender em ciclos muito mais curtos.<\/p>\n\n\n<div class=\"wp-block-image\">\n<figure class=\"aligncenter size-full\"><img loading=\"lazy\" decoding=\"async\" width=\"1000\" height=\"666\" src=\"https:\/\/jornalfatosenoticias.com.br\/wp-content\/uploads\/2026\/09\/Embarque-4.jpg\" alt=\"\" class=\"wp-image-69608\" srcset=\"https:\/\/jornalfatosenoticias.com.br\/wp-content\/uploads\/2026\/09\/Embarque-4.jpg 1000w, https:\/\/jornalfatosenoticias.com.br\/wp-content\/uploads\/2026\/09\/Embarque-4-300x200.jpg 300w, https:\/\/jornalfatosenoticias.com.br\/wp-content\/uploads\/2026\/09\/Embarque-4-768x511.jpg 768w\" sizes=\"auto, (max-width: 1000px) 100vw, 1000px\" \/><figcaption class=\"wp-element-caption\"><mark style=\"background-color:rgba(0, 0, 0, 0)\" class=\"has-inline-color has-black-color\">(Foto: Divulga\u00e7\u00e3o\/Via\u00e7\u00e3o \u00c1guia Branca)<\/mark><\/figcaption><\/figure>\n<\/div>\n\n\n<p><strong><mark style=\"background-color:rgba(0, 0, 0, 0)\" class=\"has-inline-color has-black-color\"><span style=\"text-decoration: underline;\">Gest\u00e3o de cr\u00e9ditos<br><\/span>A empresa foi premiada pelo Embarque J\u00e1, um sistema de carteira digital corporativa. Quais s\u00e3o os pr\u00f3ximos passos tecnol\u00f3gicos para simplificar a jornada financeira do passageiro?<br><\/mark><\/strong>O <strong>Embarque J\u00e1<\/strong> \u00e9 uma carteira digital de cr\u00e9ditos para viagens, que permite ao passageiro comprar, armazenar e utilizar seus cr\u00e9ditos de forma simples, tanto nos canais digitais quanto as ag\u00eancias f\u00edsicas. \u00c9 uma solu\u00e7\u00e3o que amplia o acesso ao transporte, facilita a gest\u00e3o dos cr\u00e9ditos e oferece mais autonomia para pessoas e empresas que viajam com frequ\u00eancia. Al\u00e9m do uso individual, o <strong>Embarque J\u00e1<\/strong> tamb\u00e9m facilita a gest\u00e3o de viagens corporativas, oferecendo \u00e0s empresas uma forma simples e segura de disponibilizar cr\u00e9ditos para deslocamentos de colaboradores.<br>O reconhecimento que o Embarque J\u00e1 recebeu nos mostra que estamos no caminho certo, mas inova\u00e7\u00e3o nunca \u00e9 um ponto de chegada. Estamos continuamente simplificando a jornada financeira do passageiro para que a tecnologia desapare\u00e7a e a experi\u00eancia apare\u00e7a. No fim, a melhor tecnologia \u00e9 aquela que elimina barreiras e faz com que viajar seja cada vez mais f\u00e1cil.<\/p>\n\n\n\n<p><strong><mark style=\"background-color:rgba(0, 0, 0, 0)\" class=\"has-inline-color has-black-color\"><span style=\"text-decoration: underline;\">Opera\u00e7\u00e3o, seguran\u00e7a e log\u00edstica<br><\/span>O uso da internet das Coisas (IoT) na telemetria e manuten\u00e7\u00e3o preventiva da frota \u00e9 uma realidade. Como isso impacta a pontualidade e a seguran\u00e7a nas estradas?<br><\/mark><\/strong>Seguran\u00e7a \u00e9 um valor inegoci\u00e1vel na \u00c1guia Branca. Mais do que um processo ou um indicador, ela faz parte da forma como tomamos decis\u00f5es todos os dias. Costumo dizer que temos uma \u201cobsess\u00e3o boa\u201d pela seguran\u00e7a. Existe uma pergunta que nos acompanha: o que ainda n\u00e3o estamos fazendo para tornar cada viagem ainda mais segura? \u00c9 essa inquieta\u00e7\u00e3o que nos impede de acreditar que j\u00e1 fizemos o suficiente.<br>Enxergamos a seguran\u00e7a como um sistema integrado que combina tecnologia, ci\u00eancia e pessoas. Um exemplo disso \u00e9 a WeSafety, empresa criada a partir da expertise da Via\u00e7\u00e3o \u00c1guia Branca para desenvolver solu\u00e7\u00f5es de tecnologia voltadas para a seguran\u00e7a vi\u00e1ria e gest\u00e3o de riscos.<br>J\u00e1 temos implantados nos ve\u00edculos c\u00e2meras com intelig\u00eancia artificial e dispositivos para coleta de dados gerados por telemetria e IoT embarcados que possibilitam identificar o comportamento dos motoristas ao volante, gerar uma nota na condu\u00e7\u00e3o daquela viagem e alertar sobre poss\u00edveis desvios, possibilitando uma melhor gest\u00e3o da frota e dos motoristas.<br>Al\u00e9m disso, realizamos an\u00e1lise de seguran\u00e7a associado aos dados dos sensores j\u00e1 existentes ou instalados em ve\u00edculos que nos permite fazer an\u00e1lises preditivas e realizar manuten\u00e7\u00f5es antes mesmo que falhas aconte\u00e7am. O passageiro talvez nunca veja toda essa estrutura funcionando nos bastidores. Mas ele percebe o resultado quando embarca com confian\u00e7a e chega ao destino em seguran\u00e7a. E, para n\u00f3s, n\u00e3o existe inova\u00e7\u00e3o mais importante do que aquela que protege vidas.<\/p>\n\n\n<div class=\"wp-block-image\">\n<figure class=\"aligncenter size-full\"><img loading=\"lazy\" decoding=\"async\" width=\"1000\" height=\"666\" src=\"https:\/\/jornalfatosenoticias.com.br\/wp-content\/uploads\/2026\/09\/CCO-2.jpg\" alt=\"\" class=\"wp-image-69610\" srcset=\"https:\/\/jornalfatosenoticias.com.br\/wp-content\/uploads\/2026\/09\/CCO-2.jpg 1000w, https:\/\/jornalfatosenoticias.com.br\/wp-content\/uploads\/2026\/09\/CCO-2-300x200.jpg 300w, https:\/\/jornalfatosenoticias.com.br\/wp-content\/uploads\/2026\/09\/CCO-2-768x511.jpg 768w\" sizes=\"auto, (max-width: 1000px) 100vw, 1000px\" \/><figcaption class=\"wp-element-caption\"><mark style=\"background-color:rgba(0, 0, 0, 0)\" class=\"has-inline-color has-black-color\">(Foto: Divulga\u00e7\u00e3o\/Via\u00e7\u00e3o \u00c1guia Branca)<\/mark><\/figcaption><\/figure>\n<\/div>\n\n\n<p><strong><mark style=\"background-color:rgba(0, 0, 0, 0)\" class=\"has-inline-color has-black-color\">Considerando o hist\u00f3rico do grupo com neg\u00f3cios como o V1, qual \u00e9 a vis\u00e3o da senhora sobre a ado\u00e7\u00e3o de \u00f4nibus el\u00e9tricos e rotas aut\u00f4nomas no transporte rodovi\u00e1rio brasileiro?<br><\/mark><\/strong>Temos acompanhado de perto a evolu\u00e7\u00e3o da mobilidade el\u00e9trica. No transporte rodovi\u00e1rio de longa dist\u00e2ncia, ainda existem desafios importantes relacionados \u00e0 infraestrutura, autonomia e viabilidade econ\u00f4mica. O mesmo acontece com a condu\u00e7\u00e3o aut\u00f4noma, que ainda depende de avan\u00e7os tecnol\u00f3gicos e regulat\u00f3rios.<\/p>\n","protected":false},"excerpt":{"rendered":"<p>H\u00e1 80 anos, viajar de \u00f4nibus significava percorrer estradas de terra em um pa\u00eds cuja malha rodovi\u00e1ria ainda come\u00e7ava a se desenvolver. Fundada em 1946, em Colatina (ES), a Via\u00e7\u00e3o \u00c1guia Branca, hoje, faz parte de um dos maiores conglomerados de transporte e log\u00edstica da Am\u00e9rica Latina \u2013 Grupo \u00c1guia Branca, consolidando-se pela excel\u00eancia em [&hellip;]<\/p>\n","protected":false},"author":3,"featured_media":69611,"comment_status":"open","ping_status":"open","sticky":false,"template":"","format":"standard","meta":{"footnotes":""},"categories":[9923,29606],"tags":[31846,8037,31847,25893,31247,2408,31848],"class_list":["post-69605","post","type-post","status-publish","format-standard","has-post-thumbnail","hentry","category-mobilidade","category-transporte-logistica","tag-busco","tag-mobilidade-eletrica","tag-paula-barcellos-tommasi-correa","tag-transporte-rodoviario","tag-viacao-aguia-branca","tag-viagens","tag-viajar-de-onibus"],"yoast_head":"<!-- This site is optimized with the Yoast SEO plugin v26.5 - https:\/\/yoast.com\/wordpress\/plugins\/seo\/ -->\n<title>Via\u00e7\u00e3o \u00c1guia Branca, oitenta anos de hist\u00f3ria - Jornal Fatos e Not\u00edcias<\/title>\n<meta name=\"robots\" content=\"index, follow, max-snippet:-1, max-image-preview:large, max-video-preview:-1\" \/>\n<link rel=\"canonical\" href=\"https:\/\/jornalfatosenoticias.com.br\/index.php\/2026\/09\/03\/viacao-aguia-branca-oitenta-anos-de-historia\/\" \/>\n<meta property=\"og:locale\" content=\"pt_BR\" \/>\n<meta property=\"og:type\" content=\"article\" \/>\n<meta property=\"og:title\" content=\"Via\u00e7\u00e3o \u00c1guia Branca, oitenta anos de hist\u00f3ria - Jornal Fatos e Not\u00edcias\" \/>\n<meta property=\"og:description\" content=\"H\u00e1 80 anos, viajar de \u00f4nibus significava percorrer estradas de terra em um pa\u00eds cuja malha rodovi\u00e1ria ainda come\u00e7ava a se desenvolver. Fundada em 1946, em Colatina (ES), a Via\u00e7\u00e3o \u00c1guia Branca, hoje, faz parte de um dos maiores conglomerados de transporte e log\u00edstica da Am\u00e9rica Latina \u2013 Grupo \u00c1guia Branca, consolidando-se pela excel\u00eancia em [&hellip;]\" \/>\n<meta property=\"og:url\" content=\"https:\/\/jornalfatosenoticias.com.br\/index.php\/2026\/09\/03\/viacao-aguia-branca-oitenta-anos-de-historia\/\" \/>\n<meta property=\"og:site_name\" content=\"Jornal Fatos e Not\u00edcias\" \/>\n<meta property=\"article:published_time\" content=\"2026-09-03T18:14:51+00:00\" \/>\n<meta property=\"article:modified_time\" content=\"2026-09-03T18:14:52+00:00\" \/>\n<meta property=\"og:image\" content=\"https:\/\/jornalfatosenoticias.com.br\/wp-content\/uploads\/2026\/09\/Paula-Barcellos-Tommasi-Correa_CEO.jpg\" \/>\n\t<meta property=\"og:image:width\" content=\"1000\" \/>\n\t<meta property=\"og:image:height\" content=\"666\" \/>\n\t<meta property=\"og:image:type\" content=\"image\/jpeg\" \/>\n<meta name=\"author\" content=\"Haroldo Filho\" \/>\n<meta name=\"twitter:card\" content=\"summary_large_image\" \/>\n<meta name=\"twitter:label1\" content=\"Escrito por\" \/>\n\t<meta name=\"twitter:data1\" content=\"Haroldo Filho\" \/>\n\t<meta name=\"twitter:label2\" content=\"Est. tempo de leitura\" \/>\n\t<meta name=\"twitter:data2\" content=\"13 minutos\" \/>\n<script type=\"application\/ld+json\" class=\"yoast-schema-graph\">{\"@context\":\"https:\/\/schema.org\",\"@graph\":[{\"@type\":\"Article\",\"@id\":\"https:\/\/jornalfatosenoticias.com.br\/index.php\/2026\/09\/03\/viacao-aguia-branca-oitenta-anos-de-historia\/#article\",\"isPartOf\":{\"@id\":\"https:\/\/jornalfatosenoticias.com.br\/index.php\/2026\/09\/03\/viacao-aguia-branca-oitenta-anos-de-historia\/\"},\"author\":{\"name\":\"Haroldo Filho\",\"@id\":\"https:\/\/jornalfatosenoticias.com.br\/#\/schema\/person\/05c46cc25b42a5c27e004fb0fa6b4965\"},\"headline\":\"Via\u00e7\u00e3o \u00c1guia Branca, oitenta anos de hist\u00f3ria\",\"datePublished\":\"2026-09-03T18:14:51+00:00\",\"dateModified\":\"2026-09-03T18:14:52+00:00\",\"mainEntityOfPage\":{\"@id\":\"https:\/\/jornalfatosenoticias.com.br\/index.php\/2026\/09\/03\/viacao-aguia-branca-oitenta-anos-de-historia\/\"},\"wordCount\":2270,\"commentCount\":0,\"publisher\":{\"@id\":\"https:\/\/jornalfatosenoticias.com.br\/#organization\"},\"image\":{\"@id\":\"https:\/\/jornalfatosenoticias.com.br\/index.php\/2026\/09\/03\/viacao-aguia-branca-oitenta-anos-de-historia\/#primaryimage\"},\"thumbnailUrl\":\"https:\/\/jornalfatosenoticias.com.br\/wp-content\/uploads\/2026\/09\/Paula-Barcellos-Tommasi-Correa_CEO.jpg\",\"keywords\":[\"BusCo\",\"mobilidade el\u00e9trica\",\"Paula Barcellos Tommasi Corr\u00eaa\",\"transporte rodovi\u00e1rio\",\"Via\u00e7\u00e3o \u00c1guia Branca\",\"viagens\",\"viajar de \u00f4nibus\"],\"articleSection\":[\"Mobilidade\",\"Transporte, Infraestrutura &amp; Log\u00edstica\"],\"inLanguage\":\"pt-BR\",\"potentialAction\":[{\"@type\":\"CommentAction\",\"name\":\"Comment\",\"target\":[\"https:\/\/jornalfatosenoticias.com.br\/index.php\/2026\/09\/03\/viacao-aguia-branca-oitenta-anos-de-historia\/#respond\"]}]},{\"@type\":\"WebPage\",\"@id\":\"https:\/\/jornalfatosenoticias.com.br\/index.php\/2026\/09\/03\/viacao-aguia-branca-oitenta-anos-de-historia\/\",\"url\":\"https:\/\/jornalfatosenoticias.com.br\/index.php\/2026\/09\/03\/viacao-aguia-branca-oitenta-anos-de-historia\/\",\"name\":\"Via\u00e7\u00e3o \u00c1guia Branca, oitenta anos de hist\u00f3ria - Jornal Fatos e Not\u00edcias\",\"isPartOf\":{\"@id\":\"https:\/\/jornalfatosenoticias.com.br\/#website\"},\"primaryImageOfPage\":{\"@id\":\"https:\/\/jornalfatosenoticias.com.br\/index.php\/2026\/09\/03\/viacao-aguia-branca-oitenta-anos-de-historia\/#primaryimage\"},\"image\":{\"@id\":\"https:\/\/jornalfatosenoticias.com.br\/index.php\/2026\/09\/03\/viacao-aguia-branca-oitenta-anos-de-historia\/#primaryimage\"},\"thumbnailUrl\":\"https:\/\/jornalfatosenoticias.com.br\/wp-content\/uploads\/2026\/09\/Paula-Barcellos-Tommasi-Correa_CEO.jpg\",\"datePublished\":\"2026-09-03T18:14:51+00:00\",\"dateModified\":\"2026-09-03T18:14:52+00:00\",\"breadcrumb\":{\"@id\":\"https:\/\/jornalfatosenoticias.com.br\/index.php\/2026\/09\/03\/viacao-aguia-branca-oitenta-anos-de-historia\/#breadcrumb\"},\"inLanguage\":\"pt-BR\",\"potentialAction\":[{\"@type\":\"ReadAction\",\"target\":[\"https:\/\/jornalfatosenoticias.com.br\/index.php\/2026\/09\/03\/viacao-aguia-branca-oitenta-anos-de-historia\/\"]}]},{\"@type\":\"ImageObject\",\"inLanguage\":\"pt-BR\",\"@id\":\"https:\/\/jornalfatosenoticias.com.br\/index.php\/2026\/09\/03\/viacao-aguia-branca-oitenta-anos-de-historia\/#primaryimage\",\"url\":\"https:\/\/jornalfatosenoticias.com.br\/wp-content\/uploads\/2026\/09\/Paula-Barcellos-Tommasi-Correa_CEO.jpg\",\"contentUrl\":\"https:\/\/jornalfatosenoticias.com.br\/wp-content\/uploads\/2026\/09\/Paula-Barcellos-Tommasi-Correa_CEO.jpg\",\"width\":1000,\"height\":666},{\"@type\":\"BreadcrumbList\",\"@id\":\"https:\/\/jornalfatosenoticias.com.br\/index.php\/2026\/09\/03\/viacao-aguia-branca-oitenta-anos-de-historia\/#breadcrumb\",\"itemListElement\":[{\"@type\":\"ListItem\",\"position\":1,\"name\":\"In\u00edcio\",\"item\":\"https:\/\/jornalfatosenoticias.com.br\/\"},{\"@type\":\"ListItem\",\"position\":2,\"name\":\"Via\u00e7\u00e3o \u00c1guia Branca, oitenta anos de hist\u00f3ria\"}]},{\"@type\":\"WebSite\",\"@id\":\"https:\/\/jornalfatosenoticias.com.br\/#website\",\"url\":\"https:\/\/jornalfatosenoticias.com.br\/\",\"name\":\"Jornal Fatos e Not\u00edcias\",\"description\":\"Not\u00edcias em geral\",\"publisher\":{\"@id\":\"https:\/\/jornalfatosenoticias.com.br\/#organization\"},\"potentialAction\":[{\"@type\":\"SearchAction\",\"target\":{\"@type\":\"EntryPoint\",\"urlTemplate\":\"https:\/\/jornalfatosenoticias.com.br\/?s={search_term_string}\"},\"query-input\":{\"@type\":\"PropertyValueSpecification\",\"valueRequired\":true,\"valueName\":\"search_term_string\"}}],\"inLanguage\":\"pt-BR\"},{\"@type\":\"Organization\",\"@id\":\"https:\/\/jornalfatosenoticias.com.br\/#organization\",\"name\":\"Jornal Fatos e Not\u00edcias\",\"url\":\"https:\/\/jornalfatosenoticias.com.br\/\",\"logo\":{\"@type\":\"ImageObject\",\"inLanguage\":\"pt-BR\",\"@id\":\"https:\/\/jornalfatosenoticias.com.br\/#\/schema\/logo\/image\/\",\"url\":\"https:\/\/jornalfatosenoticias.com.br\/wp-content\/uploads\/2020\/02\/logo120.png\",\"contentUrl\":\"https:\/\/jornalfatosenoticias.com.br\/wp-content\/uploads\/2020\/02\/logo120.png\",\"width\":1227,\"height\":120,\"caption\":\"Jornal Fatos e Not\u00edcias\"},\"image\":{\"@id\":\"https:\/\/jornalfatosenoticias.com.br\/#\/schema\/logo\/image\/\"}},{\"@type\":\"Person\",\"@id\":\"https:\/\/jornalfatosenoticias.com.br\/#\/schema\/person\/05c46cc25b42a5c27e004fb0fa6b4965\",\"name\":\"Haroldo Filho\",\"image\":{\"@type\":\"ImageObject\",\"inLanguage\":\"pt-BR\",\"@id\":\"https:\/\/jornalfatosenoticias.com.br\/#\/schema\/person\/image\/\",\"url\":\"https:\/\/jornalfatosenoticias.com.br\/wp-content\/uploads\/2025\/08\/WhatsApp-Image-2025-08-18-at-15.30.28-150x150.jpeg\",\"contentUrl\":\"https:\/\/jornalfatosenoticias.com.br\/wp-content\/uploads\/2025\/08\/WhatsApp-Image-2025-08-18-at-15.30.28-150x150.jpeg\",\"caption\":\"Haroldo Filho\"},\"description\":\"Jornalista \u2013 DRT: 0003818\/ES Coordenador-geral da ONG Educar para Crescer\",\"url\":\"https:\/\/jornalfatosenoticias.com.br\/index.php\/author\/haroldo\/\"}]}<\/script>\n<!-- \/ Yoast SEO plugin. -->","yoast_head_json":{"title":"Via\u00e7\u00e3o \u00c1guia Branca, oitenta anos de hist\u00f3ria - Jornal Fatos e Not\u00edcias","robots":{"index":"index","follow":"follow","max-snippet":"max-snippet:-1","max-image-preview":"max-image-preview:large","max-video-preview":"max-video-preview:-1"},"canonical":"https:\/\/jornalfatosenoticias.com.br\/index.php\/2026\/09\/03\/viacao-aguia-branca-oitenta-anos-de-historia\/","og_locale":"pt_BR","og_type":"article","og_title":"Via\u00e7\u00e3o \u00c1guia Branca, oitenta anos de hist\u00f3ria - Jornal Fatos e Not\u00edcias","og_description":"H\u00e1 80 anos, viajar de \u00f4nibus significava percorrer estradas de terra em um pa\u00eds cuja malha rodovi\u00e1ria ainda come\u00e7ava a se desenvolver. Fundada em 1946, em Colatina (ES), a Via\u00e7\u00e3o \u00c1guia Branca, hoje, faz parte de um dos maiores conglomerados de transporte e log\u00edstica da Am\u00e9rica Latina \u2013 Grupo \u00c1guia Branca, consolidando-se pela excel\u00eancia em [&hellip;]","og_url":"https:\/\/jornalfatosenoticias.com.br\/index.php\/2026\/09\/03\/viacao-aguia-branca-oitenta-anos-de-historia\/","og_site_name":"Jornal Fatos e Not\u00edcias","article_published_time":"2026-09-03T18:14:51+00:00","article_modified_time":"2026-09-03T18:14:52+00:00","og_image":[{"width":1000,"height":666,"url":"https:\/\/jornalfatosenoticias.com.br\/wp-content\/uploads\/2026\/09\/Paula-Barcellos-Tommasi-Correa_CEO.jpg","type":"image\/jpeg"}],"author":"Haroldo Filho","twitter_card":"summary_large_image","twitter_misc":{"Escrito por":"Haroldo Filho","Est. tempo de leitura":"13 minutos"},"schema":{"@context":"https:\/\/schema.org","@graph":[{"@type":"Article","@id":"https:\/\/jornalfatosenoticias.com.br\/index.php\/2026\/09\/03\/viacao-aguia-branca-oitenta-anos-de-historia\/#article","isPartOf":{"@id":"https:\/\/jornalfatosenoticias.com.br\/index.php\/2026\/09\/03\/viacao-aguia-branca-oitenta-anos-de-historia\/"},"author":{"name":"Haroldo Filho","@id":"https:\/\/jornalfatosenoticias.com.br\/#\/schema\/person\/05c46cc25b42a5c27e004fb0fa6b4965"},"headline":"Via\u00e7\u00e3o \u00c1guia Branca, oitenta anos de hist\u00f3ria","datePublished":"2026-09-03T18:14:51+00:00","dateModified":"2026-09-03T18:14:52+00:00","mainEntityOfPage":{"@id":"https:\/\/jornalfatosenoticias.com.br\/index.php\/2026\/09\/03\/viacao-aguia-branca-oitenta-anos-de-historia\/"},"wordCount":2270,"commentCount":0,"publisher":{"@id":"https:\/\/jornalfatosenoticias.com.br\/#organization"},"image":{"@id":"https:\/\/jornalfatosenoticias.com.br\/index.php\/2026\/09\/03\/viacao-aguia-branca-oitenta-anos-de-historia\/#primaryimage"},"thumbnailUrl":"https:\/\/jornalfatosenoticias.com.br\/wp-content\/uploads\/2026\/09\/Paula-Barcellos-Tommasi-Correa_CEO.jpg","keywords":["BusCo","mobilidade el\u00e9trica","Paula Barcellos Tommasi Corr\u00eaa","transporte rodovi\u00e1rio","Via\u00e7\u00e3o \u00c1guia Branca","viagens","viajar de \u00f4nibus"],"articleSection":["Mobilidade","Transporte, Infraestrutura &amp; Log\u00edstica"],"inLanguage":"pt-BR","potentialAction":[{"@type":"CommentAction","name":"Comment","target":["https:\/\/jornalfatosenoticias.com.br\/index.php\/2026\/09\/03\/viacao-aguia-branca-oitenta-anos-de-historia\/#respond"]}]},{"@type":"WebPage","@id":"https:\/\/jornalfatosenoticias.com.br\/index.php\/2026\/09\/03\/viacao-aguia-branca-oitenta-anos-de-historia\/","url":"https:\/\/jornalfatosenoticias.com.br\/index.php\/2026\/09\/03\/viacao-aguia-branca-oitenta-anos-de-historia\/","name":"Via\u00e7\u00e3o \u00c1guia Branca, oitenta anos de hist\u00f3ria - Jornal Fatos e Not\u00edcias","isPartOf":{"@id":"https:\/\/jornalfatosenoticias.com.br\/#website"},"primaryImageOfPage":{"@id":"https:\/\/jornalfatosenoticias.com.br\/index.php\/2026\/09\/03\/viacao-aguia-branca-oitenta-anos-de-historia\/#primaryimage"},"image":{"@id":"https:\/\/jornalfatosenoticias.com.br\/index.php\/2026\/09\/03\/viacao-aguia-branca-oitenta-anos-de-historia\/#primaryimage"},"thumbnailUrl":"https:\/\/jornalfatosenoticias.com.br\/wp-content\/uploads\/2026\/09\/Paula-Barcellos-Tommasi-Correa_CEO.jpg","datePublished":"2026-09-03T18:14:51+00:00","dateModified":"2026-09-03T18:14:52+00:00","breadcrumb":{"@id":"https:\/\/jornalfatosenoticias.com.br\/index.php\/2026\/09\/03\/viacao-aguia-branca-oitenta-anos-de-historia\/#breadcrumb"},"inLanguage":"pt-BR","potentialAction":[{"@type":"ReadAction","target":["https:\/\/jornalfatosenoticias.com.br\/index.php\/2026\/09\/03\/viacao-aguia-branca-oitenta-anos-de-historia\/"]}]},{"@type":"ImageObject","inLanguage":"pt-BR","@id":"https:\/\/jornalfatosenoticias.com.br\/index.php\/2026\/09\/03\/viacao-aguia-branca-oitenta-anos-de-historia\/#primaryimage","url":"https:\/\/jornalfatosenoticias.com.br\/wp-content\/uploads\/2026\/09\/Paula-Barcellos-Tommasi-Correa_CEO.jpg","contentUrl":"https:\/\/jornalfatosenoticias.com.br\/wp-content\/uploads\/2026\/09\/Paula-Barcellos-Tommasi-Correa_CEO.jpg","width":1000,"height":666},{"@type":"BreadcrumbList","@id":"https:\/\/jornalfatosenoticias.com.br\/index.php\/2026\/09\/03\/viacao-aguia-branca-oitenta-anos-de-historia\/#breadcrumb","itemListElement":[{"@type":"ListItem","position":1,"name":"In\u00edcio","item":"https:\/\/jornalfatosenoticias.com.br\/"},{"@type":"ListItem","position":2,"name":"Via\u00e7\u00e3o \u00c1guia Branca, oitenta anos de hist\u00f3ria"}]},{"@type":"WebSite","@id":"https:\/\/jornalfatosenoticias.com.br\/#website","url":"https:\/\/jornalfatosenoticias.com.br\/","name":"Jornal Fatos e Not\u00edcias","description":"Not\u00edcias em geral","publisher":{"@id":"https:\/\/jornalfatosenoticias.com.br\/#organization"},"potentialAction":[{"@type":"SearchAction","target":{"@type":"EntryPoint","urlTemplate":"https:\/\/jornalfatosenoticias.com.br\/?s={search_term_string}"},"query-input":{"@type":"PropertyValueSpecification","valueRequired":true,"valueName":"search_term_string"}}],"inLanguage":"pt-BR"},{"@type":"Organization","@id":"https:\/\/jornalfatosenoticias.com.br\/#organization","name":"Jornal Fatos e Not\u00edcias","url":"https:\/\/jornalfatosenoticias.com.br\/","logo":{"@type":"ImageObject","inLanguage":"pt-BR","@id":"https:\/\/jornalfatosenoticias.com.br\/#\/schema\/logo\/image\/","url":"https:\/\/jornalfatosenoticias.com.br\/wp-content\/uploads\/2020\/02\/logo120.png","contentUrl":"https:\/\/jornalfatosenoticias.com.br\/wp-content\/uploads\/2020\/02\/logo120.png","width":1227,"height":120,"caption":"Jornal Fatos e Not\u00edcias"},"image":{"@id":"https:\/\/jornalfatosenoticias.com.br\/#\/schema\/logo\/image\/"}},{"@type":"Person","@id":"https:\/\/jornalfatosenoticias.com.br\/#\/schema\/person\/05c46cc25b42a5c27e004fb0fa6b4965","name":"Haroldo Filho","image":{"@type":"ImageObject","inLanguage":"pt-BR","@id":"https:\/\/jornalfatosenoticias.com.br\/#\/schema\/person\/image\/","url":"https:\/\/jornalfatosenoticias.com.br\/wp-content\/uploads\/2025\/08\/WhatsApp-Image-2025-08-18-at-15.30.28-150x150.jpeg","contentUrl":"https:\/\/jornalfatosenoticias.com.br\/wp-content\/uploads\/2025\/08\/WhatsApp-Image-2025-08-18-at-15.30.28-150x150.jpeg","caption":"Haroldo Filho"},"description":"Jornalista \u2013 DRT: 0003818\/ES Coordenador-geral da ONG Educar para Crescer","url":"https:\/\/jornalfatosenoticias.com.br\/index.php\/author\/haroldo\/"}]}},"cc_featured_image_caption":{"caption_text":"CEO Paula Barcellos Tommasi Corr\u00eaa (Foto: Divulga\u00e7\u00e3o)\r\n","source_text":"","source_url":""},"jetpack_featured_media_url":"https:\/\/jornalfatosenoticias.com.br\/wp-content\/uploads\/2026\/09\/Paula-Barcellos-Tommasi-Correa_CEO.jpg","_links":{"self":[{"href":"https:\/\/jornalfatosenoticias.com.br\/index.php\/wp-json\/wp\/v2\/posts\/69605","targetHints":{"allow":["GET"]}}],"collection":[{"href":"https:\/\/jornalfatosenoticias.com.br\/index.php\/wp-json\/wp\/v2\/posts"}],"about":[{"href":"https:\/\/jornalfatosenoticias.com.br\/index.php\/wp-json\/wp\/v2\/types\/post"}],"author":[{"embeddable":true,"href":"https:\/\/jornalfatosenoticias.com.br\/index.php\/wp-json\/wp\/v2\/users\/3"}],"replies":[{"embeddable":true,"href":"https:\/\/jornalfatosenoticias.com.br\/index.php\/wp-json\/wp\/v2\/comments?post=69605"}],"version-history":[{"count":1,"href":"https:\/\/jornalfatosenoticias.com.br\/index.php\/wp-json\/wp\/v2\/posts\/69605\/revisions"}],"predecessor-version":[{"id":69612,"href":"https:\/\/jornalfatosenoticias.com.br\/index.php\/wp-json\/wp\/v2\/posts\/69605\/revisions\/69612"}],"wp:featuredmedia":[{"embeddable":true,"href":"https:\/\/jornalfatosenoticias.com.br\/index.php\/wp-json\/wp\/v2\/media\/69611"}],"wp:attachment":[{"href":"https:\/\/jornalfatosenoticias.com.br\/index.php\/wp-json\/wp\/v2\/media?parent=69605"}],"wp:term":[{"taxonomy":"category","embeddable":true,"href":"https:\/\/jornalfatosenoticias.com.br\/index.php\/wp-json\/wp\/v2\/categories?post=69605"},{"taxonomy":"post_tag","embeddable":true,"href":"https:\/\/jornalfatosenoticias.com.br\/index.php\/wp-json\/wp\/v2\/tags?post=69605"}],"curies":[{"name":"wp","href":"https:\/\/api.w.org\/{rel}","templated":true}]}}