{"id":69619,"date":"2026-09-03T15:52:51","date_gmt":"2026-09-03T18:52:51","guid":{"rendered":"https:\/\/jornalfatosenoticias.com.br\/?p=69619"},"modified":"2026-09-03T15:52:53","modified_gmt":"2026-09-03T18:52:53","slug":"tecnologia-quimica-e-passo-fundamental-para-o-agro-capixaba","status":"publish","type":"post","link":"https:\/\/jornalfatosenoticias.com.br\/index.php\/2026\/09\/03\/tecnologia-quimica-e-passo-fundamental-para-o-agro-capixaba\/","title":{"rendered":"Tecnologia qu\u00edmica \u00e9 passo fundamental para o agro capixaba"},"content":{"rendered":"\n<p>O <strong><a href=\"https:\/\/online.fliphtml5.com\/ywlkz\/dvxt\/#p=45\">Esp\u00edrito Santo<\/a><\/strong> \u00e9 destaque no agroneg\u00f3cio nacional e um dos produtos que colocam o Estado no topo \u00e9 a pimenta-do-reino (<em>Piper nigrum<\/em>, conhecida como pimenta-redonda ou pimenta-preta), sendo uma das especiarias mais antigas e conhecidas da culin\u00e1ria. Sua caracter\u00edstica picante \u00e9 atribu\u00edda ao seu principal composto ativo, a piperina. Este alcaloide \u00e9 respons\u00e1vel pela absor\u00e7\u00e3o de vitaminas, al\u00e9m de possuir propriedades antioxidantes e anti-inflamat\u00f3rias.<br>O Brasil \u00e9 o segundo maior produtor e exportador de pimenta-do-reino do mundo, com o Esp\u00edrito Santo e o Par\u00e1 respondendo por mais de 90% de todo o volume nacional. A produ\u00e7\u00e3o capixaba lidera o ranking nacional com cerca de 60% da produ\u00e7\u00e3o do pa\u00eds, sendo o munic\u00edpio de S\u00e3o Mateus um dos maiores destaques no norte do Estado (fonte: <a href=\"https:\/\/agrocontexto.com.br\/agronegocio\/maiores-produtores-pimenta-do-reino\/\">https:\/\/agrocontexto.com.br\/agronegocio\/maiores-produtores-pimenta-do-reino\/<\/a>).<br>Apesar dessa enorme relev\u00e2ncia econ\u00f4mica, este importante ativo do agroneg\u00f3cio \u00e9 tratado basicamente como uma <em>commodity<\/em> (um produto prim\u00e1rio sem diferencia\u00e7\u00e3o) perdendo oportunidades de maiores retornos por causa do seu beneficiamento (esteriliza\u00e7\u00e3o) ocorrer no exterior, permitindo, portanto, comercializa\u00e7\u00e3o para um exigente mercado consumidor final.<\/p>\n\n\n<div class=\"wp-block-image\">\n<figure class=\"aligncenter size-full is-resized\"><img loading=\"lazy\" decoding=\"async\" width=\"585\" height=\"233\" src=\"https:\/\/jornalfatosenoticias.com.br\/wp-content\/uploads\/2026\/09\/piperina.jpg\" alt=\"\" class=\"wp-image-69620\" style=\"width:771px;height:auto\" srcset=\"https:\/\/jornalfatosenoticias.com.br\/wp-content\/uploads\/2026\/09\/piperina.jpg 585w, https:\/\/jornalfatosenoticias.com.br\/wp-content\/uploads\/2026\/09\/piperina-300x119.jpg 300w\" sizes=\"auto, (max-width: 585px) 100vw, 585px\" \/><figcaption class=\"wp-element-caption\"><mark style=\"background-color:rgba(0, 0, 0, 0)\" class=\"has-inline-color has-black-color\">Estrutura qu\u00edmica da piperina<\/mark><\/figcaption><\/figure>\n<\/div>\n\n\n<p>Felizmente, este cen\u00e1rio poder\u00e1 sofrer inflex\u00e3o favor\u00e1vel \u00e0 economia capixaba em virtude de um projeto de beneficiamento da pimenta-do-reino em S\u00e3o Mateus, conforme divulgado pelo jornal A Gazeta (F\u00e1brica em S\u00e3o Mateus \u00e9 passo fundamental para o agro do ES). Segundo a mat\u00e9ria, que pode ser acessada atrav\u00e9s do endere\u00e7o <a href=\"https:\/\/www.agazeta.com.br\/colunas\/abdo-filho\/fabrica-em-sao-mateus-e-passo-fundamental-para-o-agro-do-es-0826\">https:\/\/www.agazeta.com.br\/colunas\/abdo-filho\/fabrica-em-sao-mateus-e-passo-fundamental-para-o-agro-do-es-0826<\/a>, esta planta industrial, inaugurada no in\u00edcio de agosto de 2026, representa um investimento inicial de R$ 45 milh\u00f5es, para uma capacidade de processamento de 20 toneladas\/dia.<\/p>\n\n\n<div class=\"wp-block-image\">\n<figure class=\"aligncenter size-full\"><img loading=\"lazy\" decoding=\"async\" width=\"466\" height=\"595\" src=\"https:\/\/jornalfatosenoticias.com.br\/wp-content\/uploads\/2026\/09\/Piper_nigrum_pimenta-do-reino_Wikipedia.jpg\" alt=\"\" class=\"wp-image-69621\" srcset=\"https:\/\/jornalfatosenoticias.com.br\/wp-content\/uploads\/2026\/09\/Piper_nigrum_pimenta-do-reino_Wikipedia.jpg 466w, https:\/\/jornalfatosenoticias.com.br\/wp-content\/uploads\/2026\/09\/Piper_nigrum_pimenta-do-reino_Wikipedia-235x300.jpg 235w\" sizes=\"auto, (max-width: 466px) 100vw, 466px\" \/><figcaption class=\"wp-element-caption\"><mark style=\"background-color:rgba(0, 0, 0, 0)\" class=\"has-inline-color has-black-color\">Fonte: https:\/\/pt.wikipedia.org\/wiki\/Pimenta-preta<\/mark><\/figcaption><\/figure>\n<\/div>\n\n\n<p>O beneficiamento prim\u00e1rio desta especiaria consiste basicamente em um bom manejo agr\u00edcola que evite contamina\u00e7\u00f5es biol\u00f3gicas, f\u00edsicas ou qu\u00edmicas, sendo posteriormente realizada a secagem dos gr\u00e3os ao tempo ou em pequenos secadores movidos a lenha (fonte: <a href=\"https:\/\/agriconline.com.br\/portal\/artigo\/colheita-e-beneficiamento-da-pimenta-do-reino\/\">https:\/\/agriconline.com.br\/portal\/artigo\/colheita-e-beneficiamento-da-pimenta-do-reino\/<\/a> ). Esta etapa, apesar de simples, \u00e9 fundamental para que o material possa ser destinado posteriormente ao processo de esteriliza\u00e7\u00e3o.<br>A esteriliza\u00e7\u00e3o \u00e9 um processo mais sofisticado, sendo realizada por meio de vapor sob press\u00e3o em autoclaves, que s\u00e3o aparelhos de fechamento herm\u00e9tico usados para esterilizar instrumentos e materiais por meio de calor \u00famido sob press\u00e3o. Desta forma, eliminam-se micro-organismos como a <em>Salmonella<\/em> sem a necessidade de usar produtos agroqu\u00edmicos.<br>O funcionamento de um autoclave combina vapor de \u00e1gua saturado, temperatura elevada (geralmente entre 121 \u00b0C e 134 \u00b0C) e press\u00e3o, sendo capaz de destruir estruturas de bact\u00e9rias, v\u00edrus, fungos e esporos de forma r\u00e1pida e segura. O ciclo completo de esteriliza\u00e7\u00e3o costuma durar de 15 a 90 minutos, dependendo da carga e do modelo (fonte: https:\/\/pt.wikipedia.org\/wiki\/Autoclave).<br>Este processo pode ser visualizado atrav\u00e9s de <a href=\"https:\/\/www.youtube.com\/watch?v=JAlzj5z-w5c&amp;t=139s\">https:\/\/www.youtube.com\/watch?v=JAlzj5z-w5c&amp;t=139s<\/a>. Ap\u00f3s a esteriliza\u00e7\u00e3o \u00e9 necess\u00e1ria uma etapa posterior de secagem, que \u00e9 realizada atrav\u00e9s de press\u00e3o negativa (v\u00e1cuo), para garantir a esterilidade dos materiais tratados e de aera\u00e7\u00e3o, que consiste em entrada de ar atrav\u00e9s de filtro microbiol\u00f3gico para retirada do v\u00e1cuo.<\/p>\n\n\n<div class=\"wp-block-image\">\n<figure class=\"aligncenter size-full is-resized\"><img loading=\"lazy\" decoding=\"async\" width=\"469\" height=\"345\" src=\"https:\/\/jornalfatosenoticias.com.br\/wp-content\/uploads\/2026\/09\/autoclave.jpg\" alt=\"\" class=\"wp-image-69622\" style=\"width:676px;height:auto\" srcset=\"https:\/\/jornalfatosenoticias.com.br\/wp-content\/uploads\/2026\/09\/autoclave.jpg 469w, https:\/\/jornalfatosenoticias.com.br\/wp-content\/uploads\/2026\/09\/autoclave-300x221.jpg 300w\" sizes=\"auto, (max-width: 469px) 100vw, 469px\" \/><figcaption class=\"wp-element-caption\"><mark style=\"background-color:rgba(0, 0, 0, 0)\" class=\"has-inline-color has-black-color\">Autoclave industrial (Fonte: https:\/\/hermasa.com\/en\/productos\/autoclave\/)<\/mark><\/figcaption><\/figure>\n<\/div>\n\n\n<p>Ao fim do processo \u00e9 poss\u00edvel uma redu\u00e7\u00e3o logar\u00edtmica em \u201c5 logs\u201d, que significa que o processo de desinfec\u00e7\u00e3o eliminou 99,999% dos microrganismos ou contaminantes presentes. Ou seja, se uma superf\u00edcie possu\u00eda 1.000.000 de bact\u00e9rias iniciais, a redu\u00e7\u00e3o de \u201c5 logs\u201d retirou 999.990 bact\u00e9rias, sobrando apenas 10 bact\u00e9rias vivas ap\u00f3s a limpeza.<br>De forma complementar, este processo industrial deve ser monitorado por an\u00e1lises f\u00edsico-qu\u00edmicas internas que atestem a qualidade final do produto obtido. N\u00e3o resta d\u00favidas, portanto, que a tecnologia qu\u00edmica \u00e9 elemento fundamental para o agroneg\u00f3cio capixaba, ao elevar sua produtividade e agregar valor para seus produtos. Ao transformar produtos b\u00e1sicos em itens processados ou certificados, aumenta-se a rentabilidade do produtor rural capixaba, por reduzir os riscos financeiros de depender apenas das flutua\u00e7\u00f5es do pre\u00e7o de produtos comercializados como <em>commodities<\/em>.<br>A pimenta-do-reino, que j\u00e1 \u00e9 destaque nas exporta\u00e7\u00f5es capixabas (alcan\u00e7ando quase 350 milh\u00f5es de d\u00f3lares e 56 mil toneladas, em 2025), passa agora a ficar um pouco mais ardida.<\/p>\n","protected":false},"excerpt":{"rendered":"<p>O Esp\u00edrito Santo \u00e9 destaque no agroneg\u00f3cio nacional e um dos produtos que colocam o Estado no topo \u00e9 a pimenta-do-reino (Piper nigrum, conhecida como pimenta-redonda ou pimenta-preta), sendo uma das especiarias mais antigas e conhecidas da culin\u00e1ria. Sua caracter\u00edstica picante \u00e9 atribu\u00edda ao seu principal composto ativo, a piperina. Este alcaloide \u00e9 respons\u00e1vel pela [&hellip;]<\/p>\n","protected":false},"author":42,"featured_media":69623,"comment_status":"open","ping_status":"open","sticky":false,"template":"","format":"standard","meta":{"footnotes":""},"categories":[3],"tags":[31853,31854,28195,100,26736,31855,31856],"class_list":["post-69619","post","type-post","status-publish","format-standard","has-post-thumbnail","hentry","category-tecnologia","tag-agro-capixaba","tag-agronegocio-nacional","tag-commodity","tag-espirito-santo","tag-pimenta-do-reino","tag-piperina","tag-tecnologia-quimica"],"yoast_head":"<!-- This site is optimized with the Yoast SEO plugin v26.5 - https:\/\/yoast.com\/wordpress\/plugins\/seo\/ -->\n<title>Tecnologia qu\u00edmica \u00e9 passo fundamental para o agro capixaba - Jornal Fatos e Not\u00edcias<\/title>\n<meta name=\"robots\" content=\"index, follow, max-snippet:-1, max-image-preview:large, max-video-preview:-1\" \/>\n<link rel=\"canonical\" href=\"https:\/\/jornalfatosenoticias.com.br\/index.php\/2026\/09\/03\/tecnologia-quimica-e-passo-fundamental-para-o-agro-capixaba\/\" \/>\n<meta property=\"og:locale\" content=\"pt_BR\" \/>\n<meta property=\"og:type\" content=\"article\" \/>\n<meta property=\"og:title\" content=\"Tecnologia qu\u00edmica \u00e9 passo fundamental para o agro capixaba - Jornal Fatos e Not\u00edcias\" \/>\n<meta property=\"og:description\" content=\"O Esp\u00edrito Santo \u00e9 destaque no agroneg\u00f3cio nacional e um dos produtos que colocam o Estado no topo \u00e9 a pimenta-do-reino (Piper nigrum, conhecida como pimenta-redonda ou pimenta-preta), sendo uma das especiarias mais antigas e conhecidas da culin\u00e1ria. Sua caracter\u00edstica picante \u00e9 atribu\u00edda ao seu principal composto ativo, a piperina. Este alcaloide \u00e9 respons\u00e1vel pela [&hellip;]\" \/>\n<meta property=\"og:url\" content=\"https:\/\/jornalfatosenoticias.com.br\/index.php\/2026\/09\/03\/tecnologia-quimica-e-passo-fundamental-para-o-agro-capixaba\/\" \/>\n<meta property=\"og:site_name\" content=\"Jornal Fatos e Not\u00edcias\" \/>\n<meta property=\"article:published_time\" content=\"2026-09-03T18:52:51+00:00\" \/>\n<meta property=\"article:modified_time\" content=\"2026-09-03T18:52:53+00:00\" \/>\n<meta property=\"og:image\" content=\"https:\/\/jornalfatosenoticias.com.br\/wp-content\/uploads\/2026\/09\/tecnologia-quimica_pimenta-do-reino.jpg\" \/>\n\t<meta property=\"og:image:width\" content=\"600\" \/>\n\t<meta property=\"og:image:height\" content=\"337\" \/>\n\t<meta property=\"og:image:type\" content=\"image\/jpeg\" \/>\n<meta name=\"author\" content=\"Robson Valle\" \/>\n<meta name=\"twitter:card\" content=\"summary_large_image\" \/>\n<meta name=\"twitter:label1\" content=\"Escrito por\" \/>\n\t<meta name=\"twitter:data1\" content=\"Robson Valle\" \/>\n\t<meta name=\"twitter:label2\" content=\"Est. tempo de leitura\" \/>\n\t<meta name=\"twitter:data2\" content=\"5 minutos\" \/>\n<script type=\"application\/ld+json\" class=\"yoast-schema-graph\">{\"@context\":\"https:\/\/schema.org\",\"@graph\":[{\"@type\":\"Article\",\"@id\":\"https:\/\/jornalfatosenoticias.com.br\/index.php\/2026\/09\/03\/tecnologia-quimica-e-passo-fundamental-para-o-agro-capixaba\/#article\",\"isPartOf\":{\"@id\":\"https:\/\/jornalfatosenoticias.com.br\/index.php\/2026\/09\/03\/tecnologia-quimica-e-passo-fundamental-para-o-agro-capixaba\/\"},\"author\":{\"name\":\"Robson Valle\",\"@id\":\"https:\/\/jornalfatosenoticias.com.br\/#\/schema\/person\/1a227def4020333ce7943f6896c25e22\"},\"headline\":\"Tecnologia qu\u00edmica \u00e9 passo fundamental para o agro capixaba\",\"datePublished\":\"2026-09-03T18:52:51+00:00\",\"dateModified\":\"2026-09-03T18:52:53+00:00\",\"mainEntityOfPage\":{\"@id\":\"https:\/\/jornalfatosenoticias.com.br\/index.php\/2026\/09\/03\/tecnologia-quimica-e-passo-fundamental-para-o-agro-capixaba\/\"},\"wordCount\":740,\"commentCount\":0,\"publisher\":{\"@id\":\"https:\/\/jornalfatosenoticias.com.br\/#organization\"},\"image\":{\"@id\":\"https:\/\/jornalfatosenoticias.com.br\/index.php\/2026\/09\/03\/tecnologia-quimica-e-passo-fundamental-para-o-agro-capixaba\/#primaryimage\"},\"thumbnailUrl\":\"https:\/\/jornalfatosenoticias.com.br\/wp-content\/uploads\/2026\/09\/tecnologia-quimica_pimenta-do-reino.jpg\",\"keywords\":[\"agro capixaba\",\"agroneg\u00f3cio nacional\",\"commodity\",\"Esp\u00edrito Santo\",\"pimenta-do-reino\",\"piperina\",\"tecnologia qu\u00edmica\"],\"articleSection\":[\"Tecnologia &amp; Inova\u00e7\u00e3o\"],\"inLanguage\":\"pt-BR\",\"potentialAction\":[{\"@type\":\"CommentAction\",\"name\":\"Comment\",\"target\":[\"https:\/\/jornalfatosenoticias.com.br\/index.php\/2026\/09\/03\/tecnologia-quimica-e-passo-fundamental-para-o-agro-capixaba\/#respond\"]}]},{\"@type\":\"WebPage\",\"@id\":\"https:\/\/jornalfatosenoticias.com.br\/index.php\/2026\/09\/03\/tecnologia-quimica-e-passo-fundamental-para-o-agro-capixaba\/\",\"url\":\"https:\/\/jornalfatosenoticias.com.br\/index.php\/2026\/09\/03\/tecnologia-quimica-e-passo-fundamental-para-o-agro-capixaba\/\",\"name\":\"Tecnologia qu\u00edmica \u00e9 passo fundamental para o agro capixaba - Jornal Fatos e Not\u00edcias\",\"isPartOf\":{\"@id\":\"https:\/\/jornalfatosenoticias.com.br\/#website\"},\"primaryImageOfPage\":{\"@id\":\"https:\/\/jornalfatosenoticias.com.br\/index.php\/2026\/09\/03\/tecnologia-quimica-e-passo-fundamental-para-o-agro-capixaba\/#primaryimage\"},\"image\":{\"@id\":\"https:\/\/jornalfatosenoticias.com.br\/index.php\/2026\/09\/03\/tecnologia-quimica-e-passo-fundamental-para-o-agro-capixaba\/#primaryimage\"},\"thumbnailUrl\":\"https:\/\/jornalfatosenoticias.com.br\/wp-content\/uploads\/2026\/09\/tecnologia-quimica_pimenta-do-reino.jpg\",\"datePublished\":\"2026-09-03T18:52:51+00:00\",\"dateModified\":\"2026-09-03T18:52:53+00:00\",\"breadcrumb\":{\"@id\":\"https:\/\/jornalfatosenoticias.com.br\/index.php\/2026\/09\/03\/tecnologia-quimica-e-passo-fundamental-para-o-agro-capixaba\/#breadcrumb\"},\"inLanguage\":\"pt-BR\",\"potentialAction\":[{\"@type\":\"ReadAction\",\"target\":[\"https:\/\/jornalfatosenoticias.com.br\/index.php\/2026\/09\/03\/tecnologia-quimica-e-passo-fundamental-para-o-agro-capixaba\/\"]}]},{\"@type\":\"ImageObject\",\"inLanguage\":\"pt-BR\",\"@id\":\"https:\/\/jornalfatosenoticias.com.br\/index.php\/2026\/09\/03\/tecnologia-quimica-e-passo-fundamental-para-o-agro-capixaba\/#primaryimage\",\"url\":\"https:\/\/jornalfatosenoticias.com.br\/wp-content\/uploads\/2026\/09\/tecnologia-quimica_pimenta-do-reino.jpg\",\"contentUrl\":\"https:\/\/jornalfatosenoticias.com.br\/wp-content\/uploads\/2026\/09\/tecnologia-quimica_pimenta-do-reino.jpg\",\"width\":600,\"height\":337},{\"@type\":\"BreadcrumbList\",\"@id\":\"https:\/\/jornalfatosenoticias.com.br\/index.php\/2026\/09\/03\/tecnologia-quimica-e-passo-fundamental-para-o-agro-capixaba\/#breadcrumb\",\"itemListElement\":[{\"@type\":\"ListItem\",\"position\":1,\"name\":\"In\u00edcio\",\"item\":\"https:\/\/jornalfatosenoticias.com.br\/\"},{\"@type\":\"ListItem\",\"position\":2,\"name\":\"Tecnologia qu\u00edmica \u00e9 passo fundamental para o agro capixaba\"}]},{\"@type\":\"WebSite\",\"@id\":\"https:\/\/jornalfatosenoticias.com.br\/#website\",\"url\":\"https:\/\/jornalfatosenoticias.com.br\/\",\"name\":\"Jornal Fatos e Not\u00edcias\",\"description\":\"Not\u00edcias em geral\",\"publisher\":{\"@id\":\"https:\/\/jornalfatosenoticias.com.br\/#organization\"},\"potentialAction\":[{\"@type\":\"SearchAction\",\"target\":{\"@type\":\"EntryPoint\",\"urlTemplate\":\"https:\/\/jornalfatosenoticias.com.br\/?s={search_term_string}\"},\"query-input\":{\"@type\":\"PropertyValueSpecification\",\"valueRequired\":true,\"valueName\":\"search_term_string\"}}],\"inLanguage\":\"pt-BR\"},{\"@type\":\"Organization\",\"@id\":\"https:\/\/jornalfatosenoticias.com.br\/#organization\",\"name\":\"Jornal Fatos e Not\u00edcias\",\"url\":\"https:\/\/jornalfatosenoticias.com.br\/\",\"logo\":{\"@type\":\"ImageObject\",\"inLanguage\":\"pt-BR\",\"@id\":\"https:\/\/jornalfatosenoticias.com.br\/#\/schema\/logo\/image\/\",\"url\":\"https:\/\/jornalfatosenoticias.com.br\/wp-content\/uploads\/2020\/02\/logo120.png\",\"contentUrl\":\"https:\/\/jornalfatosenoticias.com.br\/wp-content\/uploads\/2020\/02\/logo120.png\",\"width\":1227,\"height\":120,\"caption\":\"Jornal Fatos e Not\u00edcias\"},\"image\":{\"@id\":\"https:\/\/jornalfatosenoticias.com.br\/#\/schema\/logo\/image\/\"}},{\"@type\":\"Person\",\"@id\":\"https:\/\/jornalfatosenoticias.com.br\/#\/schema\/person\/1a227def4020333ce7943f6896c25e22\",\"name\":\"Robson Valle\",\"image\":{\"@type\":\"ImageObject\",\"inLanguage\":\"pt-BR\",\"@id\":\"https:\/\/jornalfatosenoticias.com.br\/#\/schema\/person\/image\/\",\"url\":\"https:\/\/jornalfatosenoticias.com.br\/wp-content\/uploads\/2025\/07\/Robson-Valle_portal-135x150.jpg\",\"contentUrl\":\"https:\/\/jornalfatosenoticias.com.br\/wp-content\/uploads\/2025\/07\/Robson-Valle_portal-135x150.jpg\",\"caption\":\"Robson Valle\"},\"description\":\"Engenheiro qu\u00edmico, vice-presidente da Associa\u00e7\u00e3o Profissional dos Qu\u00edmicos do ES (Aproquimes) P\u00e1gina pessoal: https:\/\/rvalle.com.br\/eqes\/\",\"url\":\"https:\/\/jornalfatosenoticias.com.br\/index.php\/author\/robson-valle\/\"}]}<\/script>\n<!-- \/ Yoast SEO plugin. -->","yoast_head_json":{"title":"Tecnologia qu\u00edmica \u00e9 passo fundamental para o agro capixaba - Jornal Fatos e Not\u00edcias","robots":{"index":"index","follow":"follow","max-snippet":"max-snippet:-1","max-image-preview":"max-image-preview:large","max-video-preview":"max-video-preview:-1"},"canonical":"https:\/\/jornalfatosenoticias.com.br\/index.php\/2026\/09\/03\/tecnologia-quimica-e-passo-fundamental-para-o-agro-capixaba\/","og_locale":"pt_BR","og_type":"article","og_title":"Tecnologia qu\u00edmica \u00e9 passo fundamental para o agro capixaba - Jornal Fatos e Not\u00edcias","og_description":"O Esp\u00edrito Santo \u00e9 destaque no agroneg\u00f3cio nacional e um dos produtos que colocam o Estado no topo \u00e9 a pimenta-do-reino (Piper nigrum, conhecida como pimenta-redonda ou pimenta-preta), sendo uma das especiarias mais antigas e conhecidas da culin\u00e1ria. Sua caracter\u00edstica picante \u00e9 atribu\u00edda ao seu principal composto ativo, a piperina. Este alcaloide \u00e9 respons\u00e1vel pela [&hellip;]","og_url":"https:\/\/jornalfatosenoticias.com.br\/index.php\/2026\/09\/03\/tecnologia-quimica-e-passo-fundamental-para-o-agro-capixaba\/","og_site_name":"Jornal Fatos e Not\u00edcias","article_published_time":"2026-09-03T18:52:51+00:00","article_modified_time":"2026-09-03T18:52:53+00:00","og_image":[{"width":600,"height":337,"url":"https:\/\/jornalfatosenoticias.com.br\/wp-content\/uploads\/2026\/09\/tecnologia-quimica_pimenta-do-reino.jpg","type":"image\/jpeg"}],"author":"Robson Valle","twitter_card":"summary_large_image","twitter_misc":{"Escrito por":"Robson Valle","Est. tempo de leitura":"5 minutos"},"schema":{"@context":"https:\/\/schema.org","@graph":[{"@type":"Article","@id":"https:\/\/jornalfatosenoticias.com.br\/index.php\/2026\/09\/03\/tecnologia-quimica-e-passo-fundamental-para-o-agro-capixaba\/#article","isPartOf":{"@id":"https:\/\/jornalfatosenoticias.com.br\/index.php\/2026\/09\/03\/tecnologia-quimica-e-passo-fundamental-para-o-agro-capixaba\/"},"author":{"name":"Robson Valle","@id":"https:\/\/jornalfatosenoticias.com.br\/#\/schema\/person\/1a227def4020333ce7943f6896c25e22"},"headline":"Tecnologia qu\u00edmica \u00e9 passo fundamental para o agro capixaba","datePublished":"2026-09-03T18:52:51+00:00","dateModified":"2026-09-03T18:52:53+00:00","mainEntityOfPage":{"@id":"https:\/\/jornalfatosenoticias.com.br\/index.php\/2026\/09\/03\/tecnologia-quimica-e-passo-fundamental-para-o-agro-capixaba\/"},"wordCount":740,"commentCount":0,"publisher":{"@id":"https:\/\/jornalfatosenoticias.com.br\/#organization"},"image":{"@id":"https:\/\/jornalfatosenoticias.com.br\/index.php\/2026\/09\/03\/tecnologia-quimica-e-passo-fundamental-para-o-agro-capixaba\/#primaryimage"},"thumbnailUrl":"https:\/\/jornalfatosenoticias.com.br\/wp-content\/uploads\/2026\/09\/tecnologia-quimica_pimenta-do-reino.jpg","keywords":["agro capixaba","agroneg\u00f3cio nacional","commodity","Esp\u00edrito Santo","pimenta-do-reino","piperina","tecnologia qu\u00edmica"],"articleSection":["Tecnologia &amp; Inova\u00e7\u00e3o"],"inLanguage":"pt-BR","potentialAction":[{"@type":"CommentAction","name":"Comment","target":["https:\/\/jornalfatosenoticias.com.br\/index.php\/2026\/09\/03\/tecnologia-quimica-e-passo-fundamental-para-o-agro-capixaba\/#respond"]}]},{"@type":"WebPage","@id":"https:\/\/jornalfatosenoticias.com.br\/index.php\/2026\/09\/03\/tecnologia-quimica-e-passo-fundamental-para-o-agro-capixaba\/","url":"https:\/\/jornalfatosenoticias.com.br\/index.php\/2026\/09\/03\/tecnologia-quimica-e-passo-fundamental-para-o-agro-capixaba\/","name":"Tecnologia qu\u00edmica \u00e9 passo fundamental para o agro capixaba - Jornal Fatos e Not\u00edcias","isPartOf":{"@id":"https:\/\/jornalfatosenoticias.com.br\/#website"},"primaryImageOfPage":{"@id":"https:\/\/jornalfatosenoticias.com.br\/index.php\/2026\/09\/03\/tecnologia-quimica-e-passo-fundamental-para-o-agro-capixaba\/#primaryimage"},"image":{"@id":"https:\/\/jornalfatosenoticias.com.br\/index.php\/2026\/09\/03\/tecnologia-quimica-e-passo-fundamental-para-o-agro-capixaba\/#primaryimage"},"thumbnailUrl":"https:\/\/jornalfatosenoticias.com.br\/wp-content\/uploads\/2026\/09\/tecnologia-quimica_pimenta-do-reino.jpg","datePublished":"2026-09-03T18:52:51+00:00","dateModified":"2026-09-03T18:52:53+00:00","breadcrumb":{"@id":"https:\/\/jornalfatosenoticias.com.br\/index.php\/2026\/09\/03\/tecnologia-quimica-e-passo-fundamental-para-o-agro-capixaba\/#breadcrumb"},"inLanguage":"pt-BR","potentialAction":[{"@type":"ReadAction","target":["https:\/\/jornalfatosenoticias.com.br\/index.php\/2026\/09\/03\/tecnologia-quimica-e-passo-fundamental-para-o-agro-capixaba\/"]}]},{"@type":"ImageObject","inLanguage":"pt-BR","@id":"https:\/\/jornalfatosenoticias.com.br\/index.php\/2026\/09\/03\/tecnologia-quimica-e-passo-fundamental-para-o-agro-capixaba\/#primaryimage","url":"https:\/\/jornalfatosenoticias.com.br\/wp-content\/uploads\/2026\/09\/tecnologia-quimica_pimenta-do-reino.jpg","contentUrl":"https:\/\/jornalfatosenoticias.com.br\/wp-content\/uploads\/2026\/09\/tecnologia-quimica_pimenta-do-reino.jpg","width":600,"height":337},{"@type":"BreadcrumbList","@id":"https:\/\/jornalfatosenoticias.com.br\/index.php\/2026\/09\/03\/tecnologia-quimica-e-passo-fundamental-para-o-agro-capixaba\/#breadcrumb","itemListElement":[{"@type":"ListItem","position":1,"name":"In\u00edcio","item":"https:\/\/jornalfatosenoticias.com.br\/"},{"@type":"ListItem","position":2,"name":"Tecnologia qu\u00edmica \u00e9 passo fundamental para o agro capixaba"}]},{"@type":"WebSite","@id":"https:\/\/jornalfatosenoticias.com.br\/#website","url":"https:\/\/jornalfatosenoticias.com.br\/","name":"Jornal Fatos e Not\u00edcias","description":"Not\u00edcias em geral","publisher":{"@id":"https:\/\/jornalfatosenoticias.com.br\/#organization"},"potentialAction":[{"@type":"SearchAction","target":{"@type":"EntryPoint","urlTemplate":"https:\/\/jornalfatosenoticias.com.br\/?s={search_term_string}"},"query-input":{"@type":"PropertyValueSpecification","valueRequired":true,"valueName":"search_term_string"}}],"inLanguage":"pt-BR"},{"@type":"Organization","@id":"https:\/\/jornalfatosenoticias.com.br\/#organization","name":"Jornal Fatos e Not\u00edcias","url":"https:\/\/jornalfatosenoticias.com.br\/","logo":{"@type":"ImageObject","inLanguage":"pt-BR","@id":"https:\/\/jornalfatosenoticias.com.br\/#\/schema\/logo\/image\/","url":"https:\/\/jornalfatosenoticias.com.br\/wp-content\/uploads\/2020\/02\/logo120.png","contentUrl":"https:\/\/jornalfatosenoticias.com.br\/wp-content\/uploads\/2020\/02\/logo120.png","width":1227,"height":120,"caption":"Jornal Fatos e Not\u00edcias"},"image":{"@id":"https:\/\/jornalfatosenoticias.com.br\/#\/schema\/logo\/image\/"}},{"@type":"Person","@id":"https:\/\/jornalfatosenoticias.com.br\/#\/schema\/person\/1a227def4020333ce7943f6896c25e22","name":"Robson Valle","image":{"@type":"ImageObject","inLanguage":"pt-BR","@id":"https:\/\/jornalfatosenoticias.com.br\/#\/schema\/person\/image\/","url":"https:\/\/jornalfatosenoticias.com.br\/wp-content\/uploads\/2025\/07\/Robson-Valle_portal-135x150.jpg","contentUrl":"https:\/\/jornalfatosenoticias.com.br\/wp-content\/uploads\/2025\/07\/Robson-Valle_portal-135x150.jpg","caption":"Robson Valle"},"description":"Engenheiro qu\u00edmico, vice-presidente da Associa\u00e7\u00e3o Profissional dos Qu\u00edmicos do ES (Aproquimes) P\u00e1gina pessoal: https:\/\/rvalle.com.br\/eqes\/","url":"https:\/\/jornalfatosenoticias.com.br\/index.php\/author\/robson-valle\/"}]}},"cc_featured_image_caption":{"caption_text":"","source_text":"","source_url":""},"jetpack_featured_media_url":"https:\/\/jornalfatosenoticias.com.br\/wp-content\/uploads\/2026\/09\/tecnologia-quimica_pimenta-do-reino.jpg","_links":{"self":[{"href":"https:\/\/jornalfatosenoticias.com.br\/index.php\/wp-json\/wp\/v2\/posts\/69619","targetHints":{"allow":["GET"]}}],"collection":[{"href":"https:\/\/jornalfatosenoticias.com.br\/index.php\/wp-json\/wp\/v2\/posts"}],"about":[{"href":"https:\/\/jornalfatosenoticias.com.br\/index.php\/wp-json\/wp\/v2\/types\/post"}],"author":[{"embeddable":true,"href":"https:\/\/jornalfatosenoticias.com.br\/index.php\/wp-json\/wp\/v2\/users\/42"}],"replies":[{"embeddable":true,"href":"https:\/\/jornalfatosenoticias.com.br\/index.php\/wp-json\/wp\/v2\/comments?post=69619"}],"version-history":[{"count":1,"href":"https:\/\/jornalfatosenoticias.com.br\/index.php\/wp-json\/wp\/v2\/posts\/69619\/revisions"}],"predecessor-version":[{"id":69624,"href":"https:\/\/jornalfatosenoticias.com.br\/index.php\/wp-json\/wp\/v2\/posts\/69619\/revisions\/69624"}],"wp:featuredmedia":[{"embeddable":true,"href":"https:\/\/jornalfatosenoticias.com.br\/index.php\/wp-json\/wp\/v2\/media\/69623"}],"wp:attachment":[{"href":"https:\/\/jornalfatosenoticias.com.br\/index.php\/wp-json\/wp\/v2\/media?parent=69619"}],"wp:term":[{"taxonomy":"category","embeddable":true,"href":"https:\/\/jornalfatosenoticias.com.br\/index.php\/wp-json\/wp\/v2\/categories?post=69619"},{"taxonomy":"post_tag","embeddable":true,"href":"https:\/\/jornalfatosenoticias.com.br\/index.php\/wp-json\/wp\/v2\/tags?post=69619"}],"curies":[{"name":"wp","href":"https:\/\/api.w.org\/{rel}","templated":true}]}}