{"id":6963,"date":"2020-07-28T15:32:36","date_gmt":"2020-07-28T18:32:36","guid":{"rendered":"https:\/\/jornalfatosenoticias.com.br\/?p=6963"},"modified":"2020-07-28T15:32:41","modified_gmt":"2020-07-28T18:32:41","slug":"saude-divulga-dados-atualizados-sobre-hepatites-no-brasil","status":"publish","type":"post","link":"https:\/\/jornalfatosenoticias.com.br\/index.php\/2020\/07\/28\/saude-divulga-dados-atualizados-sobre-hepatites-no-brasil\/","title":{"rendered":"Sa\u00fade divulga dados atualizados sobre hepatites no Brasil"},"content":{"rendered":"\n<h6 class=\"wp-block-heading\"><em>Boletim mostra a\u00e7\u00f5es e prioridades no combate \u00e0 doen\u00e7a<\/em><\/h6>\n\n\n\n<p>O Departamento de Doen\u00e7as de Condi\u00e7\u00f5es Cr\u00f4nicas e Infec\u00e7\u00f5es Sexualmente Transmiss\u00edveis, da secretaria de Vigil\u00e2ncia em Sa\u00fade, do Minist\u00e9rio da Sa\u00fade publica hoje (28), Dia Mundial de Luta Contra Hepatites Virais, o boletim epidemiol\u00f3gico de 2020. O caderno traz a\u00e7\u00f5es, n\u00fameros e orienta\u00e7\u00f5es sobre a doen\u00e7a no Brasil. A campanha de luta contra as hepatites virais \u00e9 conhecida como Junho Amarelo.<br>Segundo o documento, as a\u00e7\u00f5es de combate aos diferentes tipos de hepatites fazem parte da lista de prioridades do departamento. O documento mostra que, na \u00faltima d\u00e9cada (1999-2019), foram notificados 673.389 casos de hepatites virais diversas no Brasil. A hepatite C \u00e9 a forma mais comum, e responde por 37,6% de todos os casos registrados, concentrando-se principalmente na Regi\u00e3o Sudeste.<br>Segundo dados da Organiza\u00e7\u00e3o Mundial da Sa\u00fade (OMS), as hepatites virais causam cerca de 1,7 milh\u00e3o de mortes no mundo a cada ano.<\/p>\n\n\n\n<h4 class=\"wp-block-heading\">Veja o lan\u00e7amento do boletim sobre o Julho Amarelo na \u00edntegra:<\/h4>\n\n\n\n<figure class=\"wp-block-embed-youtube wp-block-embed is-type-video is-provider-youtube wp-embed-aspect-16-9 wp-has-aspect-ratio\"><div class=\"wp-block-embed__wrapper\">\n<iframe loading=\"lazy\" title=\"Atualiza\u00e7\u00e3o sobre casos de hepatites no Brasil\" width=\"660\" height=\"371\" src=\"https:\/\/www.youtube.com\/embed\/TtLzfTbpJJI?feature=oembed\" frameborder=\"0\" allow=\"accelerometer; autoplay; clipboard-write; encrypted-media; gyroscope; picture-in-picture; web-share\" referrerpolicy=\"strict-origin-when-cross-origin\" allowfullscreen><\/iframe>\n<\/div><\/figure>\n\n\n\n<h4 class=\"wp-block-heading\">O que s\u00e3o hepatites?<\/h4>\n\n\n\n<p>Caracterizadas principalmente por inflama\u00e7\u00f5es no f\u00edgado, as hepatites constituem o segundo maior grupo de doen\u00e7as infecciosas letais no mundo. As hepatites s\u00e3o causadas por v\u00edrus, mas outras condi\u00e7\u00f5es, como consumido excessivo de bebidas alco\u00f3licas, tamb\u00e9m podem causar o quadro. As hepatites virais se dividem em 5 doen\u00e7as diferentes: tipo A, B, C, D e E.<br>O Brasil \u00e9 faz parte da iniciativa criada pela OMS chamada &#8220;Estrat\u00e9gia Global para Elimina\u00e7\u00e3o das Hepatites Virais como Problema de Sa\u00fade P\u00fablica&#8221;, que visa reduzir novas infec\u00e7\u00f5es em 80% e a taxa de mortalidade para 65% em rela\u00e7\u00e3o \u00e0s m\u00e9dias atuais ao ano.<\/p>\n\n\n\n<h4 class=\"wp-block-heading\">Os tipos de hepatite<\/h4>\n\n\n\n<p>Segundo os dados publicados, o Minist\u00e9rio da Sa\u00fade distribuiu 1,9 milh\u00e3o de doses de vacina para hepatite A em 2020. A hepatite A \u00e9 alimentar, e ocorre geralmente por falta de higieniza\u00e7\u00e3o de alimentos. A hepatite A \u00e9 considerada uma doen\u00e7a benigna, entretanto pode ser letal em pessoas com mais idade. Condi\u00e7\u00f5es sanit\u00e1rias prec\u00e1rias tamb\u00e9m podem transmitir essa varia\u00e7\u00e3o da doen\u00e7a.<br>A hepatite B n\u00e3o tem cura, e \u00e9 uma doen\u00e7a silenciosa &#8211; transmitida sexualmente. O Sistema \u00danico de Sa\u00fade fornece a vacina para a hepatite B. Segundo a pasta, 7,2 milh\u00f5es de doses de vacina para hepatite B foram levados aos postos de sa\u00fade neste ano. O boletim informa que h\u00e1 medicamentos para combater a hepatite B em estoque suficiente para suprir a demanda at\u00e9 o primeiro trimestre de 2021.<br>J\u00e1 a hepatite C, que tamb\u00e9m \u00e9 transmitida sexualmente, n\u00e3o tem vacina. A medida profil\u00e1tica recomendada pela OMS \u00e9 o uso de preservativos durante a rela\u00e7\u00e3o sexual. Procedimentos de sa\u00fade invasivos, que utilizem seringas ou objetos cortantes-perfurantes tamb\u00e9m podem transmitir a hepatite C.<\/p>\n\n\n\n<p><strong><em>Fonte: <a href=\"https:\/\/agenciabrasil.ebc.com.br\/saude\/noticia\/2020-07\/saude-divulga-dados-atualizados-sobre-hepatites-no-brasil\">Ag\u00eancia Brasil<\/a><\/em><\/strong><\/p>\n","protected":false},"excerpt":{"rendered":"<p>Boletim mostra a\u00e7\u00f5es e prioridades no combate \u00e0 doen\u00e7a O Departamento de Doen\u00e7as de Condi\u00e7\u00f5es Cr\u00f4nicas e Infec\u00e7\u00f5es Sexualmente Transmiss\u00edveis, da secretaria de Vigil\u00e2ncia em Sa\u00fade, do Minist\u00e9rio da Sa\u00fade publica hoje (28), Dia Mundial de Luta Contra Hepatites Virais, o boletim epidemiol\u00f3gico de 2020. O caderno traz a\u00e7\u00f5es, n\u00fameros e orienta\u00e7\u00f5es sobre a doen\u00e7a [&hellip;]<\/p>\n","protected":false},"author":2,"featured_media":6964,"comment_status":"open","ping_status":"open","sticky":false,"template":"","format":"standard","meta":{"footnotes":""},"categories":[11],"tags":[1472,4017,3606,74],"class_list":["post-6963","post","type-post","status-publish","format-standard","has-post-thumbnail","hentry","category-saude","tag-boletim-epidemiologico","tag-doencas-contagiosas","tag-hepatites-virais","tag-saude"],"yoast_head":"<!-- This site is optimized with the Yoast SEO plugin v26.5 - https:\/\/yoast.com\/wordpress\/plugins\/seo\/ -->\n<title>Sa\u00fade divulga dados atualizados sobre hepatites no Brasil - Jornal Fatos e Not\u00edcias<\/title>\n<meta name=\"robots\" content=\"index, follow, max-snippet:-1, max-image-preview:large, max-video-preview:-1\" \/>\n<link rel=\"canonical\" href=\"https:\/\/jornalfatosenoticias.com.br\/index.php\/2020\/07\/28\/saude-divulga-dados-atualizados-sobre-hepatites-no-brasil\/\" \/>\n<meta property=\"og:locale\" content=\"pt_BR\" \/>\n<meta property=\"og:type\" content=\"article\" \/>\n<meta property=\"og:title\" content=\"Sa\u00fade divulga dados atualizados sobre hepatites no Brasil - Jornal Fatos e Not\u00edcias\" \/>\n<meta property=\"og:description\" content=\"Boletim mostra a\u00e7\u00f5es e prioridades no combate \u00e0 doen\u00e7a O Departamento de Doen\u00e7as de Condi\u00e7\u00f5es Cr\u00f4nicas e Infec\u00e7\u00f5es Sexualmente Transmiss\u00edveis, da secretaria de Vigil\u00e2ncia em Sa\u00fade, do Minist\u00e9rio da Sa\u00fade publica hoje (28), Dia Mundial de Luta Contra Hepatites Virais, o boletim epidemiol\u00f3gico de 2020. O caderno traz a\u00e7\u00f5es, n\u00fameros e orienta\u00e7\u00f5es sobre a doen\u00e7a [&hellip;]\" \/>\n<meta property=\"og:url\" content=\"https:\/\/jornalfatosenoticias.com.br\/index.php\/2020\/07\/28\/saude-divulga-dados-atualizados-sobre-hepatites-no-brasil\/\" \/>\n<meta property=\"og:site_name\" content=\"Jornal Fatos e Not\u00edcias\" \/>\n<meta property=\"article:published_time\" content=\"2020-07-28T18:32:36+00:00\" \/>\n<meta property=\"article:modified_time\" content=\"2020-07-28T18:32:41+00:00\" \/>\n<meta property=\"og:image\" content=\"https:\/\/jornalfatosenoticias.com.br\/wp-content\/uploads\/2020\/07\/hepatite.jpg\" \/>\n\t<meta property=\"og:image:width\" content=\"1000\" \/>\n\t<meta property=\"og:image:height\" content=\"598\" \/>\n\t<meta property=\"og:image:type\" content=\"image\/jpeg\" \/>\n<meta name=\"author\" content=\"Luzimara Fernandes\" \/>\n<meta name=\"twitter:card\" content=\"summary_large_image\" \/>\n<meta name=\"twitter:label1\" content=\"Escrito por\" \/>\n\t<meta name=\"twitter:data1\" content=\"Luzimara Fernandes\" \/>\n\t<meta name=\"twitter:label2\" content=\"Est. tempo de leitura\" \/>\n\t<meta name=\"twitter:data2\" content=\"3 minutos\" \/>\n<script type=\"application\/ld+json\" class=\"yoast-schema-graph\">{\"@context\":\"https:\/\/schema.org\",\"@graph\":[{\"@type\":\"Article\",\"@id\":\"https:\/\/jornalfatosenoticias.com.br\/index.php\/2020\/07\/28\/saude-divulga-dados-atualizados-sobre-hepatites-no-brasil\/#article\",\"isPartOf\":{\"@id\":\"https:\/\/jornalfatosenoticias.com.br\/index.php\/2020\/07\/28\/saude-divulga-dados-atualizados-sobre-hepatites-no-brasil\/\"},\"author\":{\"name\":\"Luzimara Fernandes\",\"@id\":\"https:\/\/jornalfatosenoticias.com.br\/#\/schema\/person\/d63837fa13ac8666eb9e74e0985d6f81\"},\"headline\":\"Sa\u00fade divulga dados atualizados sobre hepatites no Brasil\",\"datePublished\":\"2020-07-28T18:32:36+00:00\",\"dateModified\":\"2020-07-28T18:32:41+00:00\",\"mainEntityOfPage\":{\"@id\":\"https:\/\/jornalfatosenoticias.com.br\/index.php\/2020\/07\/28\/saude-divulga-dados-atualizados-sobre-hepatites-no-brasil\/\"},\"wordCount\":510,\"commentCount\":0,\"publisher\":{\"@id\":\"https:\/\/jornalfatosenoticias.com.br\/#organization\"},\"image\":{\"@id\":\"https:\/\/jornalfatosenoticias.com.br\/index.php\/2020\/07\/28\/saude-divulga-dados-atualizados-sobre-hepatites-no-brasil\/#primaryimage\"},\"thumbnailUrl\":\"https:\/\/jornalfatosenoticias.com.br\/wp-content\/uploads\/2020\/07\/hepatite.jpg\",\"keywords\":[\"Boletim Epidemiol\u00f3gico\",\"doen\u00e7as contagiosas\",\"hepatites virais\",\"sa\u00fade\"],\"articleSection\":[\"Sa\u00fade\"],\"inLanguage\":\"pt-BR\",\"potentialAction\":[{\"@type\":\"CommentAction\",\"name\":\"Comment\",\"target\":[\"https:\/\/jornalfatosenoticias.com.br\/index.php\/2020\/07\/28\/saude-divulga-dados-atualizados-sobre-hepatites-no-brasil\/#respond\"]}]},{\"@type\":\"WebPage\",\"@id\":\"https:\/\/jornalfatosenoticias.com.br\/index.php\/2020\/07\/28\/saude-divulga-dados-atualizados-sobre-hepatites-no-brasil\/\",\"url\":\"https:\/\/jornalfatosenoticias.com.br\/index.php\/2020\/07\/28\/saude-divulga-dados-atualizados-sobre-hepatites-no-brasil\/\",\"name\":\"Sa\u00fade divulga dados atualizados sobre hepatites no Brasil - Jornal Fatos e Not\u00edcias\",\"isPartOf\":{\"@id\":\"https:\/\/jornalfatosenoticias.com.br\/#website\"},\"primaryImageOfPage\":{\"@id\":\"https:\/\/jornalfatosenoticias.com.br\/index.php\/2020\/07\/28\/saude-divulga-dados-atualizados-sobre-hepatites-no-brasil\/#primaryimage\"},\"image\":{\"@id\":\"https:\/\/jornalfatosenoticias.com.br\/index.php\/2020\/07\/28\/saude-divulga-dados-atualizados-sobre-hepatites-no-brasil\/#primaryimage\"},\"thumbnailUrl\":\"https:\/\/jornalfatosenoticias.com.br\/wp-content\/uploads\/2020\/07\/hepatite.jpg\",\"datePublished\":\"2020-07-28T18:32:36+00:00\",\"dateModified\":\"2020-07-28T18:32:41+00:00\",\"breadcrumb\":{\"@id\":\"https:\/\/jornalfatosenoticias.com.br\/index.php\/2020\/07\/28\/saude-divulga-dados-atualizados-sobre-hepatites-no-brasil\/#breadcrumb\"},\"inLanguage\":\"pt-BR\",\"potentialAction\":[{\"@type\":\"ReadAction\",\"target\":[\"https:\/\/jornalfatosenoticias.com.br\/index.php\/2020\/07\/28\/saude-divulga-dados-atualizados-sobre-hepatites-no-brasil\/\"]}]},{\"@type\":\"ImageObject\",\"inLanguage\":\"pt-BR\",\"@id\":\"https:\/\/jornalfatosenoticias.com.br\/index.php\/2020\/07\/28\/saude-divulga-dados-atualizados-sobre-hepatites-no-brasil\/#primaryimage\",\"url\":\"https:\/\/jornalfatosenoticias.com.br\/wp-content\/uploads\/2020\/07\/hepatite.jpg\",\"contentUrl\":\"https:\/\/jornalfatosenoticias.com.br\/wp-content\/uploads\/2020\/07\/hepatite.jpg\",\"width\":1000,\"height\":598},{\"@type\":\"BreadcrumbList\",\"@id\":\"https:\/\/jornalfatosenoticias.com.br\/index.php\/2020\/07\/28\/saude-divulga-dados-atualizados-sobre-hepatites-no-brasil\/#breadcrumb\",\"itemListElement\":[{\"@type\":\"ListItem\",\"position\":1,\"name\":\"In\u00edcio\",\"item\":\"https:\/\/jornalfatosenoticias.com.br\/\"},{\"@type\":\"ListItem\",\"position\":2,\"name\":\"Sa\u00fade divulga dados atualizados sobre hepatites no Brasil\"}]},{\"@type\":\"WebSite\",\"@id\":\"https:\/\/jornalfatosenoticias.com.br\/#website\",\"url\":\"https:\/\/jornalfatosenoticias.com.br\/\",\"name\":\"Jornal Fatos e Not\u00edcias\",\"description\":\"Not\u00edcias em geral\",\"publisher\":{\"@id\":\"https:\/\/jornalfatosenoticias.com.br\/#organization\"},\"potentialAction\":[{\"@type\":\"SearchAction\",\"target\":{\"@type\":\"EntryPoint\",\"urlTemplate\":\"https:\/\/jornalfatosenoticias.com.br\/?s={search_term_string}\"},\"query-input\":{\"@type\":\"PropertyValueSpecification\",\"valueRequired\":true,\"valueName\":\"search_term_string\"}}],\"inLanguage\":\"pt-BR\"},{\"@type\":\"Organization\",\"@id\":\"https:\/\/jornalfatosenoticias.com.br\/#organization\",\"name\":\"Jornal Fatos e Not\u00edcias\",\"url\":\"https:\/\/jornalfatosenoticias.com.br\/\",\"logo\":{\"@type\":\"ImageObject\",\"inLanguage\":\"pt-BR\",\"@id\":\"https:\/\/jornalfatosenoticias.com.br\/#\/schema\/logo\/image\/\",\"url\":\"https:\/\/jornalfatosenoticias.com.br\/wp-content\/uploads\/2020\/02\/logo120.png\",\"contentUrl\":\"https:\/\/jornalfatosenoticias.com.br\/wp-content\/uploads\/2020\/02\/logo120.png\",\"width\":1227,\"height\":120,\"caption\":\"Jornal Fatos e Not\u00edcias\"},\"image\":{\"@id\":\"https:\/\/jornalfatosenoticias.com.br\/#\/schema\/logo\/image\/\"}},{\"@type\":\"Person\",\"@id\":\"https:\/\/jornalfatosenoticias.com.br\/#\/schema\/person\/d63837fa13ac8666eb9e74e0985d6f81\",\"name\":\"Luzimara Fernandes\",\"image\":{\"@type\":\"ImageObject\",\"inLanguage\":\"pt-BR\",\"@id\":\"https:\/\/jornalfatosenoticias.com.br\/#\/schema\/person\/image\/\",\"url\":\"https:\/\/jornalfatosenoticias.com.br\/wp-content\/uploads\/2025\/05\/EU_portal.jpg\",\"contentUrl\":\"https:\/\/jornalfatosenoticias.com.br\/wp-content\/uploads\/2025\/05\/EU_portal.jpg\",\"caption\":\"Luzimara Fernandes\"},\"description\":\"Jornalista MTB 2358-ES\",\"sameAs\":[\"https:\/\/jornalfatosenoticias.com.br\"],\"url\":\"https:\/\/jornalfatosenoticias.com.br\/index.php\/author\/luzimara\/\"}]}<\/script>\n<!-- \/ Yoast SEO plugin. -->","yoast_head_json":{"title":"Sa\u00fade divulga dados atualizados sobre hepatites no Brasil - Jornal Fatos e Not\u00edcias","robots":{"index":"index","follow":"follow","max-snippet":"max-snippet:-1","max-image-preview":"max-image-preview:large","max-video-preview":"max-video-preview:-1"},"canonical":"https:\/\/jornalfatosenoticias.com.br\/index.php\/2020\/07\/28\/saude-divulga-dados-atualizados-sobre-hepatites-no-brasil\/","og_locale":"pt_BR","og_type":"article","og_title":"Sa\u00fade divulga dados atualizados sobre hepatites no Brasil - Jornal Fatos e Not\u00edcias","og_description":"Boletim mostra a\u00e7\u00f5es e prioridades no combate \u00e0 doen\u00e7a O Departamento de Doen\u00e7as de Condi\u00e7\u00f5es Cr\u00f4nicas e Infec\u00e7\u00f5es Sexualmente Transmiss\u00edveis, da secretaria de Vigil\u00e2ncia em Sa\u00fade, do Minist\u00e9rio da Sa\u00fade publica hoje (28), Dia Mundial de Luta Contra Hepatites Virais, o boletim epidemiol\u00f3gico de 2020. O caderno traz a\u00e7\u00f5es, n\u00fameros e orienta\u00e7\u00f5es sobre a doen\u00e7a [&hellip;]","og_url":"https:\/\/jornalfatosenoticias.com.br\/index.php\/2020\/07\/28\/saude-divulga-dados-atualizados-sobre-hepatites-no-brasil\/","og_site_name":"Jornal Fatos e Not\u00edcias","article_published_time":"2020-07-28T18:32:36+00:00","article_modified_time":"2020-07-28T18:32:41+00:00","og_image":[{"width":1000,"height":598,"url":"https:\/\/jornalfatosenoticias.com.br\/wp-content\/uploads\/2020\/07\/hepatite.jpg","type":"image\/jpeg"}],"author":"Luzimara Fernandes","twitter_card":"summary_large_image","twitter_misc":{"Escrito por":"Luzimara Fernandes","Est. tempo de leitura":"3 minutos"},"schema":{"@context":"https:\/\/schema.org","@graph":[{"@type":"Article","@id":"https:\/\/jornalfatosenoticias.com.br\/index.php\/2020\/07\/28\/saude-divulga-dados-atualizados-sobre-hepatites-no-brasil\/#article","isPartOf":{"@id":"https:\/\/jornalfatosenoticias.com.br\/index.php\/2020\/07\/28\/saude-divulga-dados-atualizados-sobre-hepatites-no-brasil\/"},"author":{"name":"Luzimara Fernandes","@id":"https:\/\/jornalfatosenoticias.com.br\/#\/schema\/person\/d63837fa13ac8666eb9e74e0985d6f81"},"headline":"Sa\u00fade divulga dados atualizados sobre hepatites no Brasil","datePublished":"2020-07-28T18:32:36+00:00","dateModified":"2020-07-28T18:32:41+00:00","mainEntityOfPage":{"@id":"https:\/\/jornalfatosenoticias.com.br\/index.php\/2020\/07\/28\/saude-divulga-dados-atualizados-sobre-hepatites-no-brasil\/"},"wordCount":510,"commentCount":0,"publisher":{"@id":"https:\/\/jornalfatosenoticias.com.br\/#organization"},"image":{"@id":"https:\/\/jornalfatosenoticias.com.br\/index.php\/2020\/07\/28\/saude-divulga-dados-atualizados-sobre-hepatites-no-brasil\/#primaryimage"},"thumbnailUrl":"https:\/\/jornalfatosenoticias.com.br\/wp-content\/uploads\/2020\/07\/hepatite.jpg","keywords":["Boletim Epidemiol\u00f3gico","doen\u00e7as contagiosas","hepatites virais","sa\u00fade"],"articleSection":["Sa\u00fade"],"inLanguage":"pt-BR","potentialAction":[{"@type":"CommentAction","name":"Comment","target":["https:\/\/jornalfatosenoticias.com.br\/index.php\/2020\/07\/28\/saude-divulga-dados-atualizados-sobre-hepatites-no-brasil\/#respond"]}]},{"@type":"WebPage","@id":"https:\/\/jornalfatosenoticias.com.br\/index.php\/2020\/07\/28\/saude-divulga-dados-atualizados-sobre-hepatites-no-brasil\/","url":"https:\/\/jornalfatosenoticias.com.br\/index.php\/2020\/07\/28\/saude-divulga-dados-atualizados-sobre-hepatites-no-brasil\/","name":"Sa\u00fade divulga dados atualizados sobre hepatites no Brasil - Jornal Fatos e Not\u00edcias","isPartOf":{"@id":"https:\/\/jornalfatosenoticias.com.br\/#website"},"primaryImageOfPage":{"@id":"https:\/\/jornalfatosenoticias.com.br\/index.php\/2020\/07\/28\/saude-divulga-dados-atualizados-sobre-hepatites-no-brasil\/#primaryimage"},"image":{"@id":"https:\/\/jornalfatosenoticias.com.br\/index.php\/2020\/07\/28\/saude-divulga-dados-atualizados-sobre-hepatites-no-brasil\/#primaryimage"},"thumbnailUrl":"https:\/\/jornalfatosenoticias.com.br\/wp-content\/uploads\/2020\/07\/hepatite.jpg","datePublished":"2020-07-28T18:32:36+00:00","dateModified":"2020-07-28T18:32:41+00:00","breadcrumb":{"@id":"https:\/\/jornalfatosenoticias.com.br\/index.php\/2020\/07\/28\/saude-divulga-dados-atualizados-sobre-hepatites-no-brasil\/#breadcrumb"},"inLanguage":"pt-BR","potentialAction":[{"@type":"ReadAction","target":["https:\/\/jornalfatosenoticias.com.br\/index.php\/2020\/07\/28\/saude-divulga-dados-atualizados-sobre-hepatites-no-brasil\/"]}]},{"@type":"ImageObject","inLanguage":"pt-BR","@id":"https:\/\/jornalfatosenoticias.com.br\/index.php\/2020\/07\/28\/saude-divulga-dados-atualizados-sobre-hepatites-no-brasil\/#primaryimage","url":"https:\/\/jornalfatosenoticias.com.br\/wp-content\/uploads\/2020\/07\/hepatite.jpg","contentUrl":"https:\/\/jornalfatosenoticias.com.br\/wp-content\/uploads\/2020\/07\/hepatite.jpg","width":1000,"height":598},{"@type":"BreadcrumbList","@id":"https:\/\/jornalfatosenoticias.com.br\/index.php\/2020\/07\/28\/saude-divulga-dados-atualizados-sobre-hepatites-no-brasil\/#breadcrumb","itemListElement":[{"@type":"ListItem","position":1,"name":"In\u00edcio","item":"https:\/\/jornalfatosenoticias.com.br\/"},{"@type":"ListItem","position":2,"name":"Sa\u00fade divulga dados atualizados sobre hepatites no Brasil"}]},{"@type":"WebSite","@id":"https:\/\/jornalfatosenoticias.com.br\/#website","url":"https:\/\/jornalfatosenoticias.com.br\/","name":"Jornal Fatos e Not\u00edcias","description":"Not\u00edcias em geral","publisher":{"@id":"https:\/\/jornalfatosenoticias.com.br\/#organization"},"potentialAction":[{"@type":"SearchAction","target":{"@type":"EntryPoint","urlTemplate":"https:\/\/jornalfatosenoticias.com.br\/?s={search_term_string}"},"query-input":{"@type":"PropertyValueSpecification","valueRequired":true,"valueName":"search_term_string"}}],"inLanguage":"pt-BR"},{"@type":"Organization","@id":"https:\/\/jornalfatosenoticias.com.br\/#organization","name":"Jornal Fatos e Not\u00edcias","url":"https:\/\/jornalfatosenoticias.com.br\/","logo":{"@type":"ImageObject","inLanguage":"pt-BR","@id":"https:\/\/jornalfatosenoticias.com.br\/#\/schema\/logo\/image\/","url":"https:\/\/jornalfatosenoticias.com.br\/wp-content\/uploads\/2020\/02\/logo120.png","contentUrl":"https:\/\/jornalfatosenoticias.com.br\/wp-content\/uploads\/2020\/02\/logo120.png","width":1227,"height":120,"caption":"Jornal Fatos e Not\u00edcias"},"image":{"@id":"https:\/\/jornalfatosenoticias.com.br\/#\/schema\/logo\/image\/"}},{"@type":"Person","@id":"https:\/\/jornalfatosenoticias.com.br\/#\/schema\/person\/d63837fa13ac8666eb9e74e0985d6f81","name":"Luzimara Fernandes","image":{"@type":"ImageObject","inLanguage":"pt-BR","@id":"https:\/\/jornalfatosenoticias.com.br\/#\/schema\/person\/image\/","url":"https:\/\/jornalfatosenoticias.com.br\/wp-content\/uploads\/2025\/05\/EU_portal.jpg","contentUrl":"https:\/\/jornalfatosenoticias.com.br\/wp-content\/uploads\/2025\/05\/EU_portal.jpg","caption":"Luzimara Fernandes"},"description":"Jornalista MTB 2358-ES","sameAs":["https:\/\/jornalfatosenoticias.com.br"],"url":"https:\/\/jornalfatosenoticias.com.br\/index.php\/author\/luzimara\/"}]}},"cc_featured_image_caption":{"caption_text":"(Foto: Arquivo\/Ag\u00eancia Brasil)","source_text":"","source_url":""},"jetpack_featured_media_url":"https:\/\/jornalfatosenoticias.com.br\/wp-content\/uploads\/2020\/07\/hepatite.jpg","_links":{"self":[{"href":"https:\/\/jornalfatosenoticias.com.br\/index.php\/wp-json\/wp\/v2\/posts\/6963","targetHints":{"allow":["GET"]}}],"collection":[{"href":"https:\/\/jornalfatosenoticias.com.br\/index.php\/wp-json\/wp\/v2\/posts"}],"about":[{"href":"https:\/\/jornalfatosenoticias.com.br\/index.php\/wp-json\/wp\/v2\/types\/post"}],"author":[{"embeddable":true,"href":"https:\/\/jornalfatosenoticias.com.br\/index.php\/wp-json\/wp\/v2\/users\/2"}],"replies":[{"embeddable":true,"href":"https:\/\/jornalfatosenoticias.com.br\/index.php\/wp-json\/wp\/v2\/comments?post=6963"}],"version-history":[{"count":0,"href":"https:\/\/jornalfatosenoticias.com.br\/index.php\/wp-json\/wp\/v2\/posts\/6963\/revisions"}],"wp:featuredmedia":[{"embeddable":true,"href":"https:\/\/jornalfatosenoticias.com.br\/index.php\/wp-json\/wp\/v2\/media\/6964"}],"wp:attachment":[{"href":"https:\/\/jornalfatosenoticias.com.br\/index.php\/wp-json\/wp\/v2\/media?parent=6963"}],"wp:term":[{"taxonomy":"category","embeddable":true,"href":"https:\/\/jornalfatosenoticias.com.br\/index.php\/wp-json\/wp\/v2\/categories?post=6963"},{"taxonomy":"post_tag","embeddable":true,"href":"https:\/\/jornalfatosenoticias.com.br\/index.php\/wp-json\/wp\/v2\/tags?post=6963"}],"curies":[{"name":"wp","href":"https:\/\/api.w.org\/{rel}","templated":true}]}}