{"id":69633,"date":"2026-09-03T20:22:55","date_gmt":"2026-09-03T23:22:55","guid":{"rendered":"https:\/\/jornalfatosenoticias.com.br\/?p=69633"},"modified":"2026-09-03T20:22:56","modified_gmt":"2026-09-03T23:22:56","slug":"tecnologia-de-estrutura-fixa-da-brametal-integra-nova-usina-solar-de-fernando-de-noronha","status":"publish","type":"post","link":"https:\/\/jornalfatosenoticias.com.br\/index.php\/2026\/09\/03\/tecnologia-de-estrutura-fixa-da-brametal-integra-nova-usina-solar-de-fernando-de-noronha\/","title":{"rendered":"Tecnologia de estrutura fixa da Brametal integra nova usina solar de Fernando de Noronha"},"content":{"rendered":"\n<p><em><mark style=\"background-color:rgba(0, 0, 0, 0)\" class=\"has-inline-color has-black-color\">Com mais de 30 mil m\u00f3dulos fotovoltaicos integrados a sistemas de armazenamento por baterias no projeto Noronha Verde, empresa \u00e9 respons\u00e1vel pelo desenvolvimento e fabrica\u00e7\u00e3o das estruturas em solo do empreendimento<\/mark><\/em><\/p>\n\n\n\n<p><mark style=\"background-color:rgba(0, 0, 0, 0)\" class=\"has-inline-color has-black-color\">Por <strong>Assessoria<\/strong><\/mark><\/p>\n\n\n\n<p>A Brametal, empresa brasileira com 50 anos de atua\u00e7\u00e3o no mercado de gera\u00e7\u00e3o, transmiss\u00e3o e distribui\u00e7\u00e3o de energia integra, com a instala\u00e7\u00e3o de altas tecnologias de estruturas fixas, um dos mais relevantes projetos de transi\u00e7\u00e3o energ\u00e9tica em curso no Brasil: o Noronha Verde, iniciativa que est\u00e1 transformando a matriz el\u00e9trica de Fernando de Noronha (PE) por meio da expans\u00e3o da gera\u00e7\u00e3o solar associada a sistemas de armazenamento de energia.<br>O projeto completo prev\u00ea investimentos de aproximadamente R$ 350 milh\u00f5es e a instala\u00e7\u00e3o de mais de 30 mil m\u00f3dulos fotovoltaicos, contribuindo para reduzir gradualmente a depend\u00eancia da gera\u00e7\u00e3o baseada em combust\u00edveis f\u00f3sseis no arquip\u00e9lago. A import\u00e2ncia do projeto e as exig\u00eancias do local demandaram aten\u00e7\u00e3o especial a alguns pontos cr\u00edticos de parques solares. Segundo Rafael Rodrigues de Souza, gerente comercial da Unidade Solar da Brametal, o ambiente mar\u00edtimo da ilha, por exemplo, exige cuidado redobrado com a prote\u00e7\u00e3o contra corros\u00e3o. <\/p>\n\n\n\n<blockquote class=\"wp-block-quote is-layout-flow wp-block-quote-is-layout-flow\">\n<p><mark style=\"background-color:rgba(0, 0, 0, 0)\" class=\"has-inline-color has-luminous-vivid-orange-color\">Nesse sentido, todas as estruturas da Brametal s\u00e3o galvanizadas a fogo, com camada de zinco dimensionada de acordo com o ambiente e as caracter\u00edsticas do material, um processo que a empresa domina com linhas pr\u00f3prias de galvaniza\u00e7\u00e3o e mais de 50 anos de experi\u00eancia\u201d, comenta.<\/mark><\/p>\n<\/blockquote>\n\n\n<div class=\"wp-block-image\">\n<figure class=\"aligncenter size-full\"><img loading=\"lazy\" decoding=\"async\" width=\"1000\" height=\"562\" src=\"https:\/\/jornalfatosenoticias.com.br\/wp-content\/uploads\/2026\/09\/WhatsApp-Image-2026-09-03-at-15.58.00.jpeg\" alt=\"\" class=\"wp-image-69634\" srcset=\"https:\/\/jornalfatosenoticias.com.br\/wp-content\/uploads\/2026\/09\/WhatsApp-Image-2026-09-03-at-15.58.00.jpeg 1000w, https:\/\/jornalfatosenoticias.com.br\/wp-content\/uploads\/2026\/09\/WhatsApp-Image-2026-09-03-at-15.58.00-300x169.jpeg 300w, https:\/\/jornalfatosenoticias.com.br\/wp-content\/uploads\/2026\/09\/WhatsApp-Image-2026-09-03-at-15.58.00-768x432.jpeg 768w\" sizes=\"auto, (max-width: 1000px) 100vw, 1000px\" \/><figcaption class=\"wp-element-caption\"><mark style=\"background-color:rgba(0, 0, 0, 0)\" class=\"has-inline-color has-black-color\">(Foto: Divulga\u00e7\u00e3o)<\/mark><\/figcaption><\/figure>\n<\/div>\n\n\n<p>A solu\u00e7\u00e3o de funda\u00e7\u00e3o tamb\u00e9m foi desenvolvida com base nos dados do local e nas diferentes caracter\u00edsticas do solo nas diversas \u00e1reas da ilha, buscando equil\u00edbrio entre custo, seguran\u00e7a e facilidade de execu\u00e7\u00e3o. O arranjo e a distribui\u00e7\u00e3o das mesas tamb\u00e9m exigiram aten\u00e7\u00e3o, justamente por se tratar de um projeto de grande escala, mas com restri\u00e7\u00f5es de \u00e1rea impostas pela geografia da ilha, sendo necess\u00e1ria uma an\u00e1lise cuidadosa de diferentes configura\u00e7\u00f5es para otimizar o aproveitamento do terreno.<br>Segundo Souza, outro ponto relevante do projeto foi a disposi\u00e7\u00e3o das mesas. Diferentemente do arranjo convencional (mesa fixa no eixo Leste\/Oeste, voltada para o Norte), em Noronha, as mesas foram posicionadas no eixo Norte\/Sul, com duas mesas espelhadas formando um &#8220;V&#8221; invertido (arranjo tamb\u00e9m conhecido como delta). \u201cEsse tipo de configura\u00e7\u00e3o \u00e9 conhecido por proporcionar uma curva de gera\u00e7\u00e3o mais distribu\u00edda ao longo do dia e por permitir maior densidade de ocupa\u00e7\u00e3o do terreno. A ado\u00e7\u00e3o dessa solu\u00e7\u00e3o exigiu um trabalho de engenharia espec\u00edfico da Brametal para adaptar projeto e fabrica\u00e7\u00e3o a essa necessidade\u201d, diz o gerente comercial da Unidade Solar da Brametal.<\/p>\n\n\n<div class=\"wp-block-image\">\n<figure class=\"aligncenter size-full is-resized\"><a href=\"https:\/\/www.ithbrasil.com.br\/\"><img loading=\"lazy\" decoding=\"async\" width=\"800\" height=\"650\" src=\"https:\/\/jornalfatosenoticias.com.br\/wp-content\/uploads\/2023\/08\/ITH.jpeg\" alt=\"\" class=\"wp-image-44638\" style=\"width:352px;height:auto\" srcset=\"https:\/\/jornalfatosenoticias.com.br\/wp-content\/uploads\/2023\/08\/ITH.jpeg 800w, https:\/\/jornalfatosenoticias.com.br\/wp-content\/uploads\/2023\/08\/ITH-300x244.jpeg 300w, https:\/\/jornalfatosenoticias.com.br\/wp-content\/uploads\/2023\/08\/ITH-768x624.jpeg 768w\" sizes=\"auto, (max-width: 800px) 100vw, 800px\" \/><\/a><\/figure>\n<\/div>\n\n\n<blockquote class=\"wp-block-quote is-layout-flow wp-block-quote-is-layout-flow\">\n<p><mark style=\"background-color:rgba(0, 0, 0, 0)\" class=\"has-inline-color has-luminous-vivid-orange-color\">Integrar o projeto de Fernando de Noronha refor\u00e7a a import\u00e2ncia da capacidade fabril da Brametal e tamb\u00e9m de seu capital humano, com um time t\u00e9cnico experiente e multidisciplinar, comprometido em encontrar solu\u00e7\u00f5es que otimizem os projetos para os nossos clientes. Temas cr\u00edticos como funda\u00e7\u00e3o, layout e prote\u00e7\u00e3o contra corros\u00e3o s\u00e3o sempre tratados com muita aten\u00e7\u00e3o&#8221;, explica Souza. &#8220;A participa\u00e7\u00e3o da Brametal consolida a posi\u00e7\u00e3o da empresa como protagonista em projetos estrat\u00e9gicos para a expans\u00e3o das energias renov\u00e1veis no Brasil, contribuindo com engenharia especializada e solu\u00e7\u00f5es desenvolvidas para atender desafios complexos de implanta\u00e7\u00e3o, especialmente em \u00e1reas ambientalmente sens\u00edveis e de elevada relev\u00e2ncia para a transi\u00e7\u00e3o energ\u00e9tica nacional&#8221;, conclui.<\/mark><\/p>\n<\/blockquote>\n\n\n<div class=\"wp-block-image\">\n<figure class=\"aligncenter size-full\"><img loading=\"lazy\" decoding=\"async\" width=\"1000\" height=\"562\" src=\"https:\/\/jornalfatosenoticias.com.br\/wp-content\/uploads\/2026\/09\/WhatsApp-Image-2026-09-03-at-15.58.00-1.jpeg\" alt=\"\" class=\"wp-image-69635\" srcset=\"https:\/\/jornalfatosenoticias.com.br\/wp-content\/uploads\/2026\/09\/WhatsApp-Image-2026-09-03-at-15.58.00-1.jpeg 1000w, https:\/\/jornalfatosenoticias.com.br\/wp-content\/uploads\/2026\/09\/WhatsApp-Image-2026-09-03-at-15.58.00-1-300x169.jpeg 300w, https:\/\/jornalfatosenoticias.com.br\/wp-content\/uploads\/2026\/09\/WhatsApp-Image-2026-09-03-at-15.58.00-1-768x432.jpeg 768w\" sizes=\"auto, (max-width: 1000px) 100vw, 1000px\" \/><figcaption class=\"wp-element-caption\"><mark style=\"background-color:rgba(0, 0, 0, 0)\" class=\"has-inline-color has-black-color\">(Foto: Divulga\u00e7\u00e3o)<\/mark><\/figcaption><\/figure>\n<\/div>\n\n\n<p><strong><mark style=\"background-color:rgba(0, 0, 0, 0)\" class=\"has-inline-color has-black-color\">Sobre a Brametal<br><\/mark><\/strong>Fundada no Brasil em 1975 na cidade de Crici\u00fama, em Santa Catarina, pelo engenheiro Ayrton Eg\u00eddio de Mattos Brand\u00e3o, a Brametal foi inicialmente criada para atender ao mercado de constru\u00e7\u00e3o civil e construiu sua hist\u00f3ria e valores a partir das atitudes empreendedoras do seu idealizador e depois do seu filho, o engenheiro Ricardo Minatto Brand\u00e3o.<br>Atualmente a empresa \u00e9 considerada a maior das Am\u00e9ricas na fabrica\u00e7\u00e3o de torres treli\u00e7adas para transmiss\u00e3o de energia, al\u00e9m de produzir estruturas met\u00e1licas para energia solar fotovoltaica. Tamb\u00e9m oferece solu\u00e7\u00f5es para galvaniza\u00e7\u00e3o e servi\u00e7os de Engenharia.<br>Possui duas modernas unidades fabris, localizadas em Linhares\/ES e Crici\u00fama\/SC, para produ\u00e7\u00e3o de Torres Treli\u00e7adas, Torres Met\u00e1licas Monotubulares (postes met\u00e1licos), colunas, vigas e suportes para Subesta\u00e7\u00e3o e Suportes para M\u00f3dulos Fotovoltaicos para Energia Solar. Al\u00e9m de um escrit\u00f3rio de neg\u00f3cios em S\u00e3o Paulo\/SP.<\/p>\n\n\n<div class=\"wp-block-image\">\n<figure class=\"aligncenter size-full is-resized\"><a href=\"https:\/\/www.instagram.com\/kalynecalais\/\"><img loading=\"lazy\" decoding=\"async\" width=\"969\" height=\"406\" src=\"https:\/\/jornalfatosenoticias.com.br\/wp-content\/uploads\/2024\/09\/Legis-Juris-Consultoria_logo.jpg\" alt=\"\" class=\"wp-image-53915\" style=\"aspect-ratio:2.3867874267448057;width:439px;height:auto\" srcset=\"https:\/\/jornalfatosenoticias.com.br\/wp-content\/uploads\/2024\/09\/Legis-Juris-Consultoria_logo.jpg 969w, https:\/\/jornalfatosenoticias.com.br\/wp-content\/uploads\/2024\/09\/Legis-Juris-Consultoria_logo-300x126.jpg 300w, https:\/\/jornalfatosenoticias.com.br\/wp-content\/uploads\/2024\/09\/Legis-Juris-Consultoria_logo-768x322.jpg 768w\" sizes=\"auto, (max-width: 969px) 100vw, 969px\" \/><\/a><\/figure>\n<\/div>","protected":false},"excerpt":{"rendered":"<p>Com mais de 30 mil m\u00f3dulos fotovoltaicos integrados a sistemas de armazenamento por baterias no projeto Noronha Verde, empresa \u00e9 respons\u00e1vel pelo desenvolvimento e fabrica\u00e7\u00e3o das estruturas em solo do empreendimento Por Assessoria A Brametal, empresa brasileira com 50 anos de atua\u00e7\u00e3o no mercado de gera\u00e7\u00e3o, transmiss\u00e3o e distribui\u00e7\u00e3o de energia integra, com a instala\u00e7\u00e3o [&hellip;]<\/p>\n","protected":false},"author":2,"featured_media":69636,"comment_status":"open","ping_status":"open","sticky":false,"template":"","format":"standard","meta":{"footnotes":""},"categories":[29598],"tags":[31858,599,2012,11250,533],"class_list":["post-69633","post","type-post","status-publish","format-standard","has-post-thumbnail","hentry","category-petroleo-gas-energia","tag-brametal","tag-energia-solar","tag-fernando-de-noronha","tag-modulos-fotovoltaicos","tag-usina-solar"],"yoast_head":"<!-- This site is optimized with the Yoast SEO plugin v26.5 - https:\/\/yoast.com\/wordpress\/plugins\/seo\/ -->\n<title>Tecnologia de estrutura fixa da Brametal integra nova usina solar de Fernando de Noronha - Jornal Fatos e Not\u00edcias<\/title>\n<meta name=\"robots\" content=\"index, follow, max-snippet:-1, max-image-preview:large, max-video-preview:-1\" \/>\n<link rel=\"canonical\" href=\"https:\/\/jornalfatosenoticias.com.br\/index.php\/2026\/09\/03\/tecnologia-de-estrutura-fixa-da-brametal-integra-nova-usina-solar-de-fernando-de-noronha\/\" \/>\n<meta property=\"og:locale\" content=\"pt_BR\" \/>\n<meta property=\"og:type\" content=\"article\" \/>\n<meta property=\"og:title\" content=\"Tecnologia de estrutura fixa da Brametal integra nova usina solar de Fernando de Noronha - Jornal Fatos e Not\u00edcias\" \/>\n<meta property=\"og:description\" content=\"Com mais de 30 mil m\u00f3dulos fotovoltaicos integrados a sistemas de armazenamento por baterias no projeto Noronha Verde, empresa \u00e9 respons\u00e1vel pelo desenvolvimento e fabrica\u00e7\u00e3o das estruturas em solo do empreendimento Por Assessoria A Brametal, empresa brasileira com 50 anos de atua\u00e7\u00e3o no mercado de gera\u00e7\u00e3o, transmiss\u00e3o e distribui\u00e7\u00e3o de energia integra, com a instala\u00e7\u00e3o [&hellip;]\" \/>\n<meta property=\"og:url\" content=\"https:\/\/jornalfatosenoticias.com.br\/index.php\/2026\/09\/03\/tecnologia-de-estrutura-fixa-da-brametal-integra-nova-usina-solar-de-fernando-de-noronha\/\" \/>\n<meta property=\"og:site_name\" content=\"Jornal Fatos e Not\u00edcias\" \/>\n<meta property=\"article:published_time\" content=\"2026-09-03T23:22:55+00:00\" \/>\n<meta property=\"article:modified_time\" content=\"2026-09-03T23:22:56+00:00\" \/>\n<meta property=\"og:image\" content=\"https:\/\/jornalfatosenoticias.com.br\/wp-content\/uploads\/2026\/09\/WhatsApp-Image-2026-09-03-at-15.58.00-2.jpeg\" \/>\n\t<meta property=\"og:image:width\" content=\"1000\" \/>\n\t<meta property=\"og:image:height\" content=\"562\" \/>\n\t<meta property=\"og:image:type\" content=\"image\/jpeg\" \/>\n<meta name=\"author\" content=\"Luzimara Fernandes\" \/>\n<meta name=\"twitter:card\" content=\"summary_large_image\" \/>\n<meta name=\"twitter:label1\" content=\"Escrito por\" \/>\n\t<meta name=\"twitter:data1\" content=\"Luzimara Fernandes\" \/>\n\t<meta name=\"twitter:label2\" content=\"Est. tempo de leitura\" \/>\n\t<meta name=\"twitter:data2\" content=\"4 minutos\" \/>\n<script type=\"application\/ld+json\" class=\"yoast-schema-graph\">{\"@context\":\"https:\/\/schema.org\",\"@graph\":[{\"@type\":\"Article\",\"@id\":\"https:\/\/jornalfatosenoticias.com.br\/index.php\/2026\/09\/03\/tecnologia-de-estrutura-fixa-da-brametal-integra-nova-usina-solar-de-fernando-de-noronha\/#article\",\"isPartOf\":{\"@id\":\"https:\/\/jornalfatosenoticias.com.br\/index.php\/2026\/09\/03\/tecnologia-de-estrutura-fixa-da-brametal-integra-nova-usina-solar-de-fernando-de-noronha\/\"},\"author\":{\"name\":\"Luzimara Fernandes\",\"@id\":\"https:\/\/jornalfatosenoticias.com.br\/#\/schema\/person\/d63837fa13ac8666eb9e74e0985d6f81\"},\"headline\":\"Tecnologia de estrutura fixa da Brametal integra nova usina solar de Fernando de Noronha\",\"datePublished\":\"2026-09-03T23:22:55+00:00\",\"dateModified\":\"2026-09-03T23:22:56+00:00\",\"mainEntityOfPage\":{\"@id\":\"https:\/\/jornalfatosenoticias.com.br\/index.php\/2026\/09\/03\/tecnologia-de-estrutura-fixa-da-brametal-integra-nova-usina-solar-de-fernando-de-noronha\/\"},\"wordCount\":773,\"commentCount\":0,\"publisher\":{\"@id\":\"https:\/\/jornalfatosenoticias.com.br\/#organization\"},\"image\":{\"@id\":\"https:\/\/jornalfatosenoticias.com.br\/index.php\/2026\/09\/03\/tecnologia-de-estrutura-fixa-da-brametal-integra-nova-usina-solar-de-fernando-de-noronha\/#primaryimage\"},\"thumbnailUrl\":\"https:\/\/jornalfatosenoticias.com.br\/wp-content\/uploads\/2026\/09\/WhatsApp-Image-2026-09-03-at-15.58.00-2.jpeg\",\"keywords\":[\"Brametal\",\"energia solar\",\"Fernando de Noronha\",\"m\u00f3dulos fotovoltaicos\",\"usina solar\"],\"articleSection\":[\"Petr\u00f3leo, G\u00e1s &amp; Energia\"],\"inLanguage\":\"pt-BR\",\"potentialAction\":[{\"@type\":\"CommentAction\",\"name\":\"Comment\",\"target\":[\"https:\/\/jornalfatosenoticias.com.br\/index.php\/2026\/09\/03\/tecnologia-de-estrutura-fixa-da-brametal-integra-nova-usina-solar-de-fernando-de-noronha\/#respond\"]}]},{\"@type\":\"WebPage\",\"@id\":\"https:\/\/jornalfatosenoticias.com.br\/index.php\/2026\/09\/03\/tecnologia-de-estrutura-fixa-da-brametal-integra-nova-usina-solar-de-fernando-de-noronha\/\",\"url\":\"https:\/\/jornalfatosenoticias.com.br\/index.php\/2026\/09\/03\/tecnologia-de-estrutura-fixa-da-brametal-integra-nova-usina-solar-de-fernando-de-noronha\/\",\"name\":\"Tecnologia de estrutura fixa da Brametal integra nova usina solar de Fernando de Noronha - Jornal Fatos e Not\u00edcias\",\"isPartOf\":{\"@id\":\"https:\/\/jornalfatosenoticias.com.br\/#website\"},\"primaryImageOfPage\":{\"@id\":\"https:\/\/jornalfatosenoticias.com.br\/index.php\/2026\/09\/03\/tecnologia-de-estrutura-fixa-da-brametal-integra-nova-usina-solar-de-fernando-de-noronha\/#primaryimage\"},\"image\":{\"@id\":\"https:\/\/jornalfatosenoticias.com.br\/index.php\/2026\/09\/03\/tecnologia-de-estrutura-fixa-da-brametal-integra-nova-usina-solar-de-fernando-de-noronha\/#primaryimage\"},\"thumbnailUrl\":\"https:\/\/jornalfatosenoticias.com.br\/wp-content\/uploads\/2026\/09\/WhatsApp-Image-2026-09-03-at-15.58.00-2.jpeg\",\"datePublished\":\"2026-09-03T23:22:55+00:00\",\"dateModified\":\"2026-09-03T23:22:56+00:00\",\"breadcrumb\":{\"@id\":\"https:\/\/jornalfatosenoticias.com.br\/index.php\/2026\/09\/03\/tecnologia-de-estrutura-fixa-da-brametal-integra-nova-usina-solar-de-fernando-de-noronha\/#breadcrumb\"},\"inLanguage\":\"pt-BR\",\"potentialAction\":[{\"@type\":\"ReadAction\",\"target\":[\"https:\/\/jornalfatosenoticias.com.br\/index.php\/2026\/09\/03\/tecnologia-de-estrutura-fixa-da-brametal-integra-nova-usina-solar-de-fernando-de-noronha\/\"]}]},{\"@type\":\"ImageObject\",\"inLanguage\":\"pt-BR\",\"@id\":\"https:\/\/jornalfatosenoticias.com.br\/index.php\/2026\/09\/03\/tecnologia-de-estrutura-fixa-da-brametal-integra-nova-usina-solar-de-fernando-de-noronha\/#primaryimage\",\"url\":\"https:\/\/jornalfatosenoticias.com.br\/wp-content\/uploads\/2026\/09\/WhatsApp-Image-2026-09-03-at-15.58.00-2.jpeg\",\"contentUrl\":\"https:\/\/jornalfatosenoticias.com.br\/wp-content\/uploads\/2026\/09\/WhatsApp-Image-2026-09-03-at-15.58.00-2.jpeg\",\"width\":1000,\"height\":562},{\"@type\":\"BreadcrumbList\",\"@id\":\"https:\/\/jornalfatosenoticias.com.br\/index.php\/2026\/09\/03\/tecnologia-de-estrutura-fixa-da-brametal-integra-nova-usina-solar-de-fernando-de-noronha\/#breadcrumb\",\"itemListElement\":[{\"@type\":\"ListItem\",\"position\":1,\"name\":\"In\u00edcio\",\"item\":\"https:\/\/jornalfatosenoticias.com.br\/\"},{\"@type\":\"ListItem\",\"position\":2,\"name\":\"Tecnologia de estrutura fixa da Brametal integra nova usina solar de Fernando de Noronha\"}]},{\"@type\":\"WebSite\",\"@id\":\"https:\/\/jornalfatosenoticias.com.br\/#website\",\"url\":\"https:\/\/jornalfatosenoticias.com.br\/\",\"name\":\"Jornal Fatos e Not\u00edcias\",\"description\":\"Not\u00edcias em geral\",\"publisher\":{\"@id\":\"https:\/\/jornalfatosenoticias.com.br\/#organization\"},\"potentialAction\":[{\"@type\":\"SearchAction\",\"target\":{\"@type\":\"EntryPoint\",\"urlTemplate\":\"https:\/\/jornalfatosenoticias.com.br\/?s={search_term_string}\"},\"query-input\":{\"@type\":\"PropertyValueSpecification\",\"valueRequired\":true,\"valueName\":\"search_term_string\"}}],\"inLanguage\":\"pt-BR\"},{\"@type\":\"Organization\",\"@id\":\"https:\/\/jornalfatosenoticias.com.br\/#organization\",\"name\":\"Jornal Fatos e Not\u00edcias\",\"url\":\"https:\/\/jornalfatosenoticias.com.br\/\",\"logo\":{\"@type\":\"ImageObject\",\"inLanguage\":\"pt-BR\",\"@id\":\"https:\/\/jornalfatosenoticias.com.br\/#\/schema\/logo\/image\/\",\"url\":\"https:\/\/jornalfatosenoticias.com.br\/wp-content\/uploads\/2020\/02\/logo120.png\",\"contentUrl\":\"https:\/\/jornalfatosenoticias.com.br\/wp-content\/uploads\/2020\/02\/logo120.png\",\"width\":1227,\"height\":120,\"caption\":\"Jornal Fatos e Not\u00edcias\"},\"image\":{\"@id\":\"https:\/\/jornalfatosenoticias.com.br\/#\/schema\/logo\/image\/\"}},{\"@type\":\"Person\",\"@id\":\"https:\/\/jornalfatosenoticias.com.br\/#\/schema\/person\/d63837fa13ac8666eb9e74e0985d6f81\",\"name\":\"Luzimara Fernandes\",\"image\":{\"@type\":\"ImageObject\",\"inLanguage\":\"pt-BR\",\"@id\":\"https:\/\/jornalfatosenoticias.com.br\/#\/schema\/person\/image\/\",\"url\":\"https:\/\/jornalfatosenoticias.com.br\/wp-content\/uploads\/2025\/05\/EU_portal.jpg\",\"contentUrl\":\"https:\/\/jornalfatosenoticias.com.br\/wp-content\/uploads\/2025\/05\/EU_portal.jpg\",\"caption\":\"Luzimara Fernandes\"},\"description\":\"Jornalista MTB 2358-ES\",\"sameAs\":[\"https:\/\/jornalfatosenoticias.com.br\"],\"url\":\"https:\/\/jornalfatosenoticias.com.br\/index.php\/author\/luzimara\/\"}]}<\/script>\n<!-- \/ Yoast SEO plugin. -->","yoast_head_json":{"title":"Tecnologia de estrutura fixa da Brametal integra nova usina solar de Fernando de Noronha - Jornal Fatos e Not\u00edcias","robots":{"index":"index","follow":"follow","max-snippet":"max-snippet:-1","max-image-preview":"max-image-preview:large","max-video-preview":"max-video-preview:-1"},"canonical":"https:\/\/jornalfatosenoticias.com.br\/index.php\/2026\/09\/03\/tecnologia-de-estrutura-fixa-da-brametal-integra-nova-usina-solar-de-fernando-de-noronha\/","og_locale":"pt_BR","og_type":"article","og_title":"Tecnologia de estrutura fixa da Brametal integra nova usina solar de Fernando de Noronha - Jornal Fatos e Not\u00edcias","og_description":"Com mais de 30 mil m\u00f3dulos fotovoltaicos integrados a sistemas de armazenamento por baterias no projeto Noronha Verde, empresa \u00e9 respons\u00e1vel pelo desenvolvimento e fabrica\u00e7\u00e3o das estruturas em solo do empreendimento Por Assessoria A Brametal, empresa brasileira com 50 anos de atua\u00e7\u00e3o no mercado de gera\u00e7\u00e3o, transmiss\u00e3o e distribui\u00e7\u00e3o de energia integra, com a instala\u00e7\u00e3o [&hellip;]","og_url":"https:\/\/jornalfatosenoticias.com.br\/index.php\/2026\/09\/03\/tecnologia-de-estrutura-fixa-da-brametal-integra-nova-usina-solar-de-fernando-de-noronha\/","og_site_name":"Jornal Fatos e Not\u00edcias","article_published_time":"2026-09-03T23:22:55+00:00","article_modified_time":"2026-09-03T23:22:56+00:00","og_image":[{"width":1000,"height":562,"url":"https:\/\/jornalfatosenoticias.com.br\/wp-content\/uploads\/2026\/09\/WhatsApp-Image-2026-09-03-at-15.58.00-2.jpeg","type":"image\/jpeg"}],"author":"Luzimara Fernandes","twitter_card":"summary_large_image","twitter_misc":{"Escrito por":"Luzimara Fernandes","Est. tempo de leitura":"4 minutos"},"schema":{"@context":"https:\/\/schema.org","@graph":[{"@type":"Article","@id":"https:\/\/jornalfatosenoticias.com.br\/index.php\/2026\/09\/03\/tecnologia-de-estrutura-fixa-da-brametal-integra-nova-usina-solar-de-fernando-de-noronha\/#article","isPartOf":{"@id":"https:\/\/jornalfatosenoticias.com.br\/index.php\/2026\/09\/03\/tecnologia-de-estrutura-fixa-da-brametal-integra-nova-usina-solar-de-fernando-de-noronha\/"},"author":{"name":"Luzimara Fernandes","@id":"https:\/\/jornalfatosenoticias.com.br\/#\/schema\/person\/d63837fa13ac8666eb9e74e0985d6f81"},"headline":"Tecnologia de estrutura fixa da Brametal integra nova usina solar de Fernando de Noronha","datePublished":"2026-09-03T23:22:55+00:00","dateModified":"2026-09-03T23:22:56+00:00","mainEntityOfPage":{"@id":"https:\/\/jornalfatosenoticias.com.br\/index.php\/2026\/09\/03\/tecnologia-de-estrutura-fixa-da-brametal-integra-nova-usina-solar-de-fernando-de-noronha\/"},"wordCount":773,"commentCount":0,"publisher":{"@id":"https:\/\/jornalfatosenoticias.com.br\/#organization"},"image":{"@id":"https:\/\/jornalfatosenoticias.com.br\/index.php\/2026\/09\/03\/tecnologia-de-estrutura-fixa-da-brametal-integra-nova-usina-solar-de-fernando-de-noronha\/#primaryimage"},"thumbnailUrl":"https:\/\/jornalfatosenoticias.com.br\/wp-content\/uploads\/2026\/09\/WhatsApp-Image-2026-09-03-at-15.58.00-2.jpeg","keywords":["Brametal","energia solar","Fernando de Noronha","m\u00f3dulos fotovoltaicos","usina solar"],"articleSection":["Petr\u00f3leo, G\u00e1s &amp; Energia"],"inLanguage":"pt-BR","potentialAction":[{"@type":"CommentAction","name":"Comment","target":["https:\/\/jornalfatosenoticias.com.br\/index.php\/2026\/09\/03\/tecnologia-de-estrutura-fixa-da-brametal-integra-nova-usina-solar-de-fernando-de-noronha\/#respond"]}]},{"@type":"WebPage","@id":"https:\/\/jornalfatosenoticias.com.br\/index.php\/2026\/09\/03\/tecnologia-de-estrutura-fixa-da-brametal-integra-nova-usina-solar-de-fernando-de-noronha\/","url":"https:\/\/jornalfatosenoticias.com.br\/index.php\/2026\/09\/03\/tecnologia-de-estrutura-fixa-da-brametal-integra-nova-usina-solar-de-fernando-de-noronha\/","name":"Tecnologia de estrutura fixa da Brametal integra nova usina solar de Fernando de Noronha - Jornal Fatos e Not\u00edcias","isPartOf":{"@id":"https:\/\/jornalfatosenoticias.com.br\/#website"},"primaryImageOfPage":{"@id":"https:\/\/jornalfatosenoticias.com.br\/index.php\/2026\/09\/03\/tecnologia-de-estrutura-fixa-da-brametal-integra-nova-usina-solar-de-fernando-de-noronha\/#primaryimage"},"image":{"@id":"https:\/\/jornalfatosenoticias.com.br\/index.php\/2026\/09\/03\/tecnologia-de-estrutura-fixa-da-brametal-integra-nova-usina-solar-de-fernando-de-noronha\/#primaryimage"},"thumbnailUrl":"https:\/\/jornalfatosenoticias.com.br\/wp-content\/uploads\/2026\/09\/WhatsApp-Image-2026-09-03-at-15.58.00-2.jpeg","datePublished":"2026-09-03T23:22:55+00:00","dateModified":"2026-09-03T23:22:56+00:00","breadcrumb":{"@id":"https:\/\/jornalfatosenoticias.com.br\/index.php\/2026\/09\/03\/tecnologia-de-estrutura-fixa-da-brametal-integra-nova-usina-solar-de-fernando-de-noronha\/#breadcrumb"},"inLanguage":"pt-BR","potentialAction":[{"@type":"ReadAction","target":["https:\/\/jornalfatosenoticias.com.br\/index.php\/2026\/09\/03\/tecnologia-de-estrutura-fixa-da-brametal-integra-nova-usina-solar-de-fernando-de-noronha\/"]}]},{"@type":"ImageObject","inLanguage":"pt-BR","@id":"https:\/\/jornalfatosenoticias.com.br\/index.php\/2026\/09\/03\/tecnologia-de-estrutura-fixa-da-brametal-integra-nova-usina-solar-de-fernando-de-noronha\/#primaryimage","url":"https:\/\/jornalfatosenoticias.com.br\/wp-content\/uploads\/2026\/09\/WhatsApp-Image-2026-09-03-at-15.58.00-2.jpeg","contentUrl":"https:\/\/jornalfatosenoticias.com.br\/wp-content\/uploads\/2026\/09\/WhatsApp-Image-2026-09-03-at-15.58.00-2.jpeg","width":1000,"height":562},{"@type":"BreadcrumbList","@id":"https:\/\/jornalfatosenoticias.com.br\/index.php\/2026\/09\/03\/tecnologia-de-estrutura-fixa-da-brametal-integra-nova-usina-solar-de-fernando-de-noronha\/#breadcrumb","itemListElement":[{"@type":"ListItem","position":1,"name":"In\u00edcio","item":"https:\/\/jornalfatosenoticias.com.br\/"},{"@type":"ListItem","position":2,"name":"Tecnologia de estrutura fixa da Brametal integra nova usina solar de Fernando de Noronha"}]},{"@type":"WebSite","@id":"https:\/\/jornalfatosenoticias.com.br\/#website","url":"https:\/\/jornalfatosenoticias.com.br\/","name":"Jornal Fatos e Not\u00edcias","description":"Not\u00edcias em geral","publisher":{"@id":"https:\/\/jornalfatosenoticias.com.br\/#organization"},"potentialAction":[{"@type":"SearchAction","target":{"@type":"EntryPoint","urlTemplate":"https:\/\/jornalfatosenoticias.com.br\/?s={search_term_string}"},"query-input":{"@type":"PropertyValueSpecification","valueRequired":true,"valueName":"search_term_string"}}],"inLanguage":"pt-BR"},{"@type":"Organization","@id":"https:\/\/jornalfatosenoticias.com.br\/#organization","name":"Jornal Fatos e Not\u00edcias","url":"https:\/\/jornalfatosenoticias.com.br\/","logo":{"@type":"ImageObject","inLanguage":"pt-BR","@id":"https:\/\/jornalfatosenoticias.com.br\/#\/schema\/logo\/image\/","url":"https:\/\/jornalfatosenoticias.com.br\/wp-content\/uploads\/2020\/02\/logo120.png","contentUrl":"https:\/\/jornalfatosenoticias.com.br\/wp-content\/uploads\/2020\/02\/logo120.png","width":1227,"height":120,"caption":"Jornal Fatos e Not\u00edcias"},"image":{"@id":"https:\/\/jornalfatosenoticias.com.br\/#\/schema\/logo\/image\/"}},{"@type":"Person","@id":"https:\/\/jornalfatosenoticias.com.br\/#\/schema\/person\/d63837fa13ac8666eb9e74e0985d6f81","name":"Luzimara Fernandes","image":{"@type":"ImageObject","inLanguage":"pt-BR","@id":"https:\/\/jornalfatosenoticias.com.br\/#\/schema\/person\/image\/","url":"https:\/\/jornalfatosenoticias.com.br\/wp-content\/uploads\/2025\/05\/EU_portal.jpg","contentUrl":"https:\/\/jornalfatosenoticias.com.br\/wp-content\/uploads\/2025\/05\/EU_portal.jpg","caption":"Luzimara Fernandes"},"description":"Jornalista MTB 2358-ES","sameAs":["https:\/\/jornalfatosenoticias.com.br"],"url":"https:\/\/jornalfatosenoticias.com.br\/index.php\/author\/luzimara\/"}]}},"cc_featured_image_caption":{"caption_text":"(Foto: Divulga\u00e7\u00e3o)\r\n","source_text":"","source_url":""},"jetpack_featured_media_url":"https:\/\/jornalfatosenoticias.com.br\/wp-content\/uploads\/2026\/09\/WhatsApp-Image-2026-09-03-at-15.58.00-2.jpeg","_links":{"self":[{"href":"https:\/\/jornalfatosenoticias.com.br\/index.php\/wp-json\/wp\/v2\/posts\/69633","targetHints":{"allow":["GET"]}}],"collection":[{"href":"https:\/\/jornalfatosenoticias.com.br\/index.php\/wp-json\/wp\/v2\/posts"}],"about":[{"href":"https:\/\/jornalfatosenoticias.com.br\/index.php\/wp-json\/wp\/v2\/types\/post"}],"author":[{"embeddable":true,"href":"https:\/\/jornalfatosenoticias.com.br\/index.php\/wp-json\/wp\/v2\/users\/2"}],"replies":[{"embeddable":true,"href":"https:\/\/jornalfatosenoticias.com.br\/index.php\/wp-json\/wp\/v2\/comments?post=69633"}],"version-history":[{"count":1,"href":"https:\/\/jornalfatosenoticias.com.br\/index.php\/wp-json\/wp\/v2\/posts\/69633\/revisions"}],"predecessor-version":[{"id":69637,"href":"https:\/\/jornalfatosenoticias.com.br\/index.php\/wp-json\/wp\/v2\/posts\/69633\/revisions\/69637"}],"wp:featuredmedia":[{"embeddable":true,"href":"https:\/\/jornalfatosenoticias.com.br\/index.php\/wp-json\/wp\/v2\/media\/69636"}],"wp:attachment":[{"href":"https:\/\/jornalfatosenoticias.com.br\/index.php\/wp-json\/wp\/v2\/media?parent=69633"}],"wp:term":[{"taxonomy":"category","embeddable":true,"href":"https:\/\/jornalfatosenoticias.com.br\/index.php\/wp-json\/wp\/v2\/categories?post=69633"},{"taxonomy":"post_tag","embeddable":true,"href":"https:\/\/jornalfatosenoticias.com.br\/index.php\/wp-json\/wp\/v2\/tags?post=69633"}],"curies":[{"name":"wp","href":"https:\/\/api.w.org\/{rel}","templated":true}]}}