{"id":69638,"date":"2026-09-03T20:36:13","date_gmt":"2026-09-03T23:36:13","guid":{"rendered":"https:\/\/jornalfatosenoticias.com.br\/?p=69638"},"modified":"2026-09-03T20:36:14","modified_gmt":"2026-09-03T23:36:14","slug":"europa-enfrenta-queda-de-natalidade-e-amplia-medidas-para-evitar-o-encolhimento-da-populacao","status":"publish","type":"post","link":"https:\/\/jornalfatosenoticias.com.br\/index.php\/2026\/09\/03\/europa-enfrenta-queda-de-natalidade-e-amplia-medidas-para-evitar-o-encolhimento-da-populacao\/","title":{"rendered":"Europa enfrenta queda de natalidade e amplia medidas para evitar o encolhimento da popula\u00e7\u00e3o"},"content":{"rendered":"\n<p><em><mark style=\"background-color:rgba(0, 0, 0, 0)\" class=\"has-inline-color has-black-color\">Governos europeus ampliam b\u00f4nus, reduzem impostos e criam benef\u00edcios para tentar conter a queda no n\u00famero de nascimentos<\/mark><\/em><\/p>\n\n\n\n<p><mark style=\"background-color:rgba(0, 0, 0, 0)\" class=\"has-inline-color has-black-color\">Por <strong><a href=\"https:\/\/www.gazetadopovo.com.br\/autor\/john-lucas\/\">John Lucas<\/a><\/strong><\/mark><\/p>\n\n\n\n<p>A queda no n\u00famero de nascimentos e o r\u00e1pido envelhecimento da popula\u00e7\u00e3o est\u00e3o levando governos europeus a ampliar incentivos financeiros, reduzir impostos e criar novos benef\u00edcios para fam\u00edlias com filhos. Um novo alerta veio da It\u00e1lia nesta semana. O pa\u00eds pode perder quase quatro milh\u00f5es de habitantes at\u00e9 2050 caso a atual tend\u00eancia demogr\u00e1fica continue. Segundo proje\u00e7\u00f5es divulgadas na segunda-feira (31) pelo Instituto Nacional de Estat\u00edstica da It\u00e1lia (Istat), a popula\u00e7\u00e3o italiana deve cair dos atuais 58,9 milh\u00f5es para cerca de 55 milh\u00f5es em 2050. At\u00e9 2080, o n\u00famero pode recuar para 45,8 milh\u00f5es. O pa\u00eds registrou apenas 355 mil nascimentos em 2025, o menor total desde a unifica\u00e7\u00e3o italiana, em 1861.<br>Ao mesmo tempo, a parcela de idosos continuar\u00e1 crescendo no pa\u00eds. Pessoas com 65 anos ou mais, que atualmente representam 24,7% da popula\u00e7\u00e3o italiana, devem chegar a 34,5% em 2050. J\u00e1 a parcela de pessoas entre 15 e 64 anos deve cair de 63,4% para 55,3%, aumentando a press\u00e3o sobre o mercado de trabalho e os sistemas de aposentadoria e sa\u00fade. O problema de natalidade e envelhecimento n\u00e3o se limita apenas \u00e0 It\u00e1lia. Dados divulgados neste ano pelo Eurostat, servi\u00e7o de estat\u00edsticas da Uni\u00e3o Europeia (UE), mostram que apenas 3,55 milh\u00f5es de crian\u00e7as nasceram no bloco em 2024, uma queda de 3,3% em rela\u00e7\u00e3o ao ano anterior. A m\u00e9dia caiu para 1,34 filho por mulher, o menor n\u00edvel registrado desde o in\u00edcio da s\u00e9rie do bloco, em 2001, e muito abaixo dos cerca de 2,1 necess\u00e1rios para que uma popula\u00e7\u00e3o se mantenha est\u00e1vel sem depender da imigra\u00e7\u00e3o. Dados mais recentes do Eurostat mostram que o bloco chegou a 452 milh\u00f5es de habitantes no in\u00edcio de 2026, 706 mil a mais do que um ano antes. O crescimento, por\u00e9m, continua dependendo da imigra\u00e7\u00e3o.<\/p>\n\n\n<div class=\"wp-block-image\">\n<figure class=\"aligncenter size-large is-resized\"><a href=\"https:\/\/www.instagram.com\/esteio.churrascaria\/\"><img loading=\"lazy\" decoding=\"async\" width=\"1024\" height=\"730\" src=\"https:\/\/jornalfatosenoticias.com.br\/wp-content\/uploads\/2022\/02\/LOGO-ESTEIO-1024x730.png\" alt=\"\" class=\"wp-image-27942\" style=\"width:316px;height:auto\" srcset=\"https:\/\/jornalfatosenoticias.com.br\/wp-content\/uploads\/2022\/02\/LOGO-ESTEIO-1024x730.png 1024w, https:\/\/jornalfatosenoticias.com.br\/wp-content\/uploads\/2022\/02\/LOGO-ESTEIO-300x214.png 300w, https:\/\/jornalfatosenoticias.com.br\/wp-content\/uploads\/2022\/02\/LOGO-ESTEIO-768x548.png 768w, https:\/\/jornalfatosenoticias.com.br\/wp-content\/uploads\/2022\/02\/LOGO-ESTEIO.png 1123w\" sizes=\"auto, (max-width: 1024px) 100vw, 1024px\" \/><\/a><\/figure>\n<\/div>\n\n\n<p>Diante desse cen\u00e1rio, diferentes governos do bloco passaram a tentar reduzir o custo financeiro de formar fam\u00edlias. Na pr\u00f3pria It\u00e1lia, o governo da primeira-ministra Giorgia Meloni manteve neste ano o pagamento de um benef\u00edcio de mil euros (R$ 5,9 mil) por cada crian\u00e7a nascida ou adotada para fam\u00edlias do pa\u00eds que atendam aos crit\u00e9rios de renda. O benef\u00edcio \u00e9 destinado a fam\u00edlias com renda e patrim\u00f4nio dentro do limite estabelecido pelo governo, equivalente a at\u00e9 40 mil euros anuais pelo indicador usado pelo pa\u00eds para calcular a situa\u00e7\u00e3o econ\u00f4mica de cada n\u00facleo familiar. A medida foi apresentada oficialmente pelo governo como uma forma de incentivar os nascimentos e ajudar nas despesas iniciais com os filhos.<br>Na Hungria, desde janeiro deste ano, m\u00e3es com dois filhos e menos de 40 anos deixaram de pagar imposto de renda sobre rendimentos do trabalho. O benef\u00edcio ser\u00e1 ampliado gradualmente at\u00e9 alcan\u00e7ar todas as m\u00e3es com dois filhos em 2029. M\u00e3es com tr\u00eas ou quatro filhos j\u00e1 contam com isen\u00e7\u00f5es, e o governo tamb\u00e9m dobrou, em rela\u00e7\u00e3o ao in\u00edcio de 2025, o valor do abatimento tribut\u00e1rio concedido \u00e0s fam\u00edlias por filho.<\/p>\n\n\n<div class=\"wp-block-image\">\n<figure class=\"aligncenter size-full is-resized\"><a href=\"https:\/\/www.instagram.com\/paoeci3?igsh=MXdsdzUwdXU3bDZzcA==\"><img loading=\"lazy\" decoding=\"async\" width=\"644\" height=\"459\" src=\"https:\/\/jornalfatosenoticias.com.br\/wp-content\/uploads\/2020\/02\/Logo_PaoCia.jpeg\" alt=\"\" class=\"wp-image-66631\" style=\"width:330px;height:auto\" srcset=\"https:\/\/jornalfatosenoticias.com.br\/wp-content\/uploads\/2020\/02\/Logo_PaoCia.jpeg 644w, https:\/\/jornalfatosenoticias.com.br\/wp-content\/uploads\/2020\/02\/Logo_PaoCia-300x214.jpeg 300w\" sizes=\"auto, (max-width: 644px) 100vw, 644px\" \/><\/a><\/figure>\n<\/div>\n\n\n<p>Na Gr\u00e9cia, uma nova tabela de imposto de renda que entrou em vigor em janeiro tamb\u00e9m passou a favorecer diretamente quem tem mais filhos. Para rendimentos entre 10 mil e 20 mil euros por ano, a al\u00edquota cai de 20% para 18% para quem tem um filho, 16% para dois e 9% para tr\u00eas. Fam\u00edlias com quatro ou mais filhos ficam isentas nessa faixa de renda. O pa\u00eds tamb\u00e9m paga um benef\u00edcio por nascimento que vai de 2,4 mil euros (R$ 14,2 mil) no primeiro filho a 3,5 mil (R$ 20,7 mil) a partir do quarto.<br>Na Fran\u00e7a, desde 1\u00ba de julho deste ano, cada pai ou m\u00e3e passou a poder tirar um ou dois meses adicionais de licen\u00e7a remunerada ap\u00f3s o nascimento ou ado\u00e7\u00e3o de uma crian\u00e7a, al\u00e9m das licen\u00e7as que j\u00e1 existiam. Segundo o governo franc\u00eas, a medida busca aumentar o apoio \u00e0s fam\u00edlias e facilitar a concilia\u00e7\u00e3o entre a vida profissional e os cuidados com os filhos.<br>Al\u00e9m de menos crian\u00e7as nascerem, os europeus tamb\u00e9m est\u00e3o tendo filhos mais tarde. Segundo o Eurostat, a idade m\u00e9dia das mulheres no nascimento do primeiro filho passou de 28,9 anos em 2014 para 29,9 anos em 2024. Na It\u00e1lia, chegou a 31,9 anos, a maior m\u00e9dia da Uni\u00e3o Europeia.<br>Mesmo com incentivos financeiros cada vez maiores, ainda n\u00e3o h\u00e1 sinal de uma revers\u00e3o dos n\u00fameros. Proje\u00e7\u00f5es demogr\u00e1ficas da Comiss\u00e3o Europeia \u2013 bra\u00e7o executivo da UE \u2013 indicam que, em 2038, os europeus com mais de 65 anos dever\u00e3o superar em n\u00famero aqueles com idade entre 20 e 40 anos.<\/p>\n\n\n<div class=\"wp-block-image\">\n<figure class=\"aligncenter size-large is-resized\"><a href=\"https:\/\/hotelmarquetti.com.br\/\"><img loading=\"lazy\" decoding=\"async\" width=\"1024\" height=\"680\" src=\"https:\/\/jornalfatosenoticias.com.br\/wp-content\/uploads\/2020\/02\/LOGO-MQ-1024x680.jpg\" alt=\"\" class=\"wp-image-58299\" style=\"width:313px;height:auto\" srcset=\"https:\/\/jornalfatosenoticias.com.br\/wp-content\/uploads\/2020\/02\/LOGO-MQ-1024x680.jpg 1024w, https:\/\/jornalfatosenoticias.com.br\/wp-content\/uploads\/2020\/02\/LOGO-MQ-300x199.jpg 300w, https:\/\/jornalfatosenoticias.com.br\/wp-content\/uploads\/2020\/02\/LOGO-MQ-768x510.jpg 768w, https:\/\/jornalfatosenoticias.com.br\/wp-content\/uploads\/2020\/02\/LOGO-MQ-1536x1020.jpg 1536w, https:\/\/jornalfatosenoticias.com.br\/wp-content\/uploads\/2020\/02\/LOGO-MQ-2048x1360.jpg 2048w\" sizes=\"auto, (max-width: 1024px) 100vw, 1024px\" \/><\/a><\/figure>\n<\/div>\n\n\n<p><strong>Fonte: <a href=\"https:\/\/www.gazetadopovo.com.br\/mundo\/europa-enfrenta-queda-de-natalidade-e-amplia-medidas-para-evitar-encolhimento-da-populacao\/\">Gazeta do Povo<\/a><\/strong><\/p>\n","protected":false},"excerpt":{"rendered":"<p>Governos europeus ampliam b\u00f4nus, reduzem impostos e criam benef\u00edcios para tentar conter a queda no n\u00famero de nascimentos Por John Lucas A queda no n\u00famero de nascimentos e o r\u00e1pido envelhecimento da popula\u00e7\u00e3o est\u00e3o levando governos europeus a ampliar incentivos financeiros, reduzir impostos e criar novos benef\u00edcios para fam\u00edlias com filhos. Um novo alerta veio [&hellip;]<\/p>\n","protected":false},"author":2,"featured_media":69639,"comment_status":"open","ping_status":"open","sticky":false,"template":"","format":"standard","meta":{"footnotes":""},"categories":[41],"tags":[31859,2586,125,31860,14378],"class_list":["post-69638","post","type-post","status-publish","format-standard","has-post-thumbnail","hentry","category-internacional","tag-encolhimento-da-populacao","tag-envelhecimento","tag-europa","tag-queda-de-natalidade","tag-ue"],"yoast_head":"<!-- This site is optimized with the Yoast SEO plugin v26.5 - https:\/\/yoast.com\/wordpress\/plugins\/seo\/ -->\n<title>Europa enfrenta queda de natalidade e amplia medidas para evitar o encolhimento da popula\u00e7\u00e3o - Jornal Fatos e Not\u00edcias<\/title>\n<meta name=\"robots\" content=\"index, follow, max-snippet:-1, max-image-preview:large, max-video-preview:-1\" \/>\n<link rel=\"canonical\" href=\"https:\/\/jornalfatosenoticias.com.br\/index.php\/2026\/09\/03\/europa-enfrenta-queda-de-natalidade-e-amplia-medidas-para-evitar-o-encolhimento-da-populacao\/\" \/>\n<meta property=\"og:locale\" content=\"pt_BR\" \/>\n<meta property=\"og:type\" content=\"article\" \/>\n<meta property=\"og:title\" content=\"Europa enfrenta queda de natalidade e amplia medidas para evitar o encolhimento da popula\u00e7\u00e3o - Jornal Fatos e Not\u00edcias\" \/>\n<meta property=\"og:description\" content=\"Governos europeus ampliam b\u00f4nus, reduzem impostos e criam benef\u00edcios para tentar conter a queda no n\u00famero de nascimentos Por John Lucas A queda no n\u00famero de nascimentos e o r\u00e1pido envelhecimento da popula\u00e7\u00e3o est\u00e3o levando governos europeus a ampliar incentivos financeiros, reduzir impostos e criar novos benef\u00edcios para fam\u00edlias com filhos. Um novo alerta veio [&hellip;]\" \/>\n<meta property=\"og:url\" content=\"https:\/\/jornalfatosenoticias.com.br\/index.php\/2026\/09\/03\/europa-enfrenta-queda-de-natalidade-e-amplia-medidas-para-evitar-o-encolhimento-da-populacao\/\" \/>\n<meta property=\"og:site_name\" content=\"Jornal Fatos e Not\u00edcias\" \/>\n<meta property=\"article:published_time\" content=\"2026-09-03T23:36:13+00:00\" \/>\n<meta property=\"article:modified_time\" content=\"2026-09-03T23:36:14+00:00\" \/>\n<meta property=\"og:image\" content=\"https:\/\/jornalfatosenoticias.com.br\/wp-content\/uploads\/2026\/09\/queda-natalidade-Europa_gettyimages.jpg\" \/>\n\t<meta property=\"og:image:width\" content=\"976\" \/>\n\t<meta property=\"og:image:height\" content=\"549\" \/>\n\t<meta property=\"og:image:type\" content=\"image\/jpeg\" \/>\n<meta name=\"author\" content=\"Luzimara Fernandes\" \/>\n<meta name=\"twitter:card\" content=\"summary_large_image\" \/>\n<meta name=\"twitter:label1\" content=\"Escrito por\" \/>\n\t<meta name=\"twitter:data1\" content=\"Luzimara Fernandes\" \/>\n\t<meta name=\"twitter:label2\" content=\"Est. tempo de leitura\" \/>\n\t<meta name=\"twitter:data2\" content=\"6 minutos\" \/>\n<script type=\"application\/ld+json\" class=\"yoast-schema-graph\">{\"@context\":\"https:\/\/schema.org\",\"@graph\":[{\"@type\":\"Article\",\"@id\":\"https:\/\/jornalfatosenoticias.com.br\/index.php\/2026\/09\/03\/europa-enfrenta-queda-de-natalidade-e-amplia-medidas-para-evitar-o-encolhimento-da-populacao\/#article\",\"isPartOf\":{\"@id\":\"https:\/\/jornalfatosenoticias.com.br\/index.php\/2026\/09\/03\/europa-enfrenta-queda-de-natalidade-e-amplia-medidas-para-evitar-o-encolhimento-da-populacao\/\"},\"author\":{\"name\":\"Luzimara Fernandes\",\"@id\":\"https:\/\/jornalfatosenoticias.com.br\/#\/schema\/person\/d63837fa13ac8666eb9e74e0985d6f81\"},\"headline\":\"Europa enfrenta queda de natalidade e amplia medidas para evitar o encolhimento da popula\u00e7\u00e3o\",\"datePublished\":\"2026-09-03T23:36:13+00:00\",\"dateModified\":\"2026-09-03T23:36:14+00:00\",\"mainEntityOfPage\":{\"@id\":\"https:\/\/jornalfatosenoticias.com.br\/index.php\/2026\/09\/03\/europa-enfrenta-queda-de-natalidade-e-amplia-medidas-para-evitar-o-encolhimento-da-populacao\/\"},\"wordCount\":835,\"commentCount\":0,\"publisher\":{\"@id\":\"https:\/\/jornalfatosenoticias.com.br\/#organization\"},\"image\":{\"@id\":\"https:\/\/jornalfatosenoticias.com.br\/index.php\/2026\/09\/03\/europa-enfrenta-queda-de-natalidade-e-amplia-medidas-para-evitar-o-encolhimento-da-populacao\/#primaryimage\"},\"thumbnailUrl\":\"https:\/\/jornalfatosenoticias.com.br\/wp-content\/uploads\/2026\/09\/queda-natalidade-Europa_gettyimages.jpg\",\"keywords\":[\"encolhimento da popula\u00e7\u00e3o\",\"envelhecimento\",\"Europa\",\"queda de natalidade\",\"UE\"],\"articleSection\":[\"Internacional\"],\"inLanguage\":\"pt-BR\",\"potentialAction\":[{\"@type\":\"CommentAction\",\"name\":\"Comment\",\"target\":[\"https:\/\/jornalfatosenoticias.com.br\/index.php\/2026\/09\/03\/europa-enfrenta-queda-de-natalidade-e-amplia-medidas-para-evitar-o-encolhimento-da-populacao\/#respond\"]}]},{\"@type\":\"WebPage\",\"@id\":\"https:\/\/jornalfatosenoticias.com.br\/index.php\/2026\/09\/03\/europa-enfrenta-queda-de-natalidade-e-amplia-medidas-para-evitar-o-encolhimento-da-populacao\/\",\"url\":\"https:\/\/jornalfatosenoticias.com.br\/index.php\/2026\/09\/03\/europa-enfrenta-queda-de-natalidade-e-amplia-medidas-para-evitar-o-encolhimento-da-populacao\/\",\"name\":\"Europa enfrenta queda de natalidade e amplia medidas para evitar o encolhimento da popula\u00e7\u00e3o - Jornal Fatos e Not\u00edcias\",\"isPartOf\":{\"@id\":\"https:\/\/jornalfatosenoticias.com.br\/#website\"},\"primaryImageOfPage\":{\"@id\":\"https:\/\/jornalfatosenoticias.com.br\/index.php\/2026\/09\/03\/europa-enfrenta-queda-de-natalidade-e-amplia-medidas-para-evitar-o-encolhimento-da-populacao\/#primaryimage\"},\"image\":{\"@id\":\"https:\/\/jornalfatosenoticias.com.br\/index.php\/2026\/09\/03\/europa-enfrenta-queda-de-natalidade-e-amplia-medidas-para-evitar-o-encolhimento-da-populacao\/#primaryimage\"},\"thumbnailUrl\":\"https:\/\/jornalfatosenoticias.com.br\/wp-content\/uploads\/2026\/09\/queda-natalidade-Europa_gettyimages.jpg\",\"datePublished\":\"2026-09-03T23:36:13+00:00\",\"dateModified\":\"2026-09-03T23:36:14+00:00\",\"breadcrumb\":{\"@id\":\"https:\/\/jornalfatosenoticias.com.br\/index.php\/2026\/09\/03\/europa-enfrenta-queda-de-natalidade-e-amplia-medidas-para-evitar-o-encolhimento-da-populacao\/#breadcrumb\"},\"inLanguage\":\"pt-BR\",\"potentialAction\":[{\"@type\":\"ReadAction\",\"target\":[\"https:\/\/jornalfatosenoticias.com.br\/index.php\/2026\/09\/03\/europa-enfrenta-queda-de-natalidade-e-amplia-medidas-para-evitar-o-encolhimento-da-populacao\/\"]}]},{\"@type\":\"ImageObject\",\"inLanguage\":\"pt-BR\",\"@id\":\"https:\/\/jornalfatosenoticias.com.br\/index.php\/2026\/09\/03\/europa-enfrenta-queda-de-natalidade-e-amplia-medidas-para-evitar-o-encolhimento-da-populacao\/#primaryimage\",\"url\":\"https:\/\/jornalfatosenoticias.com.br\/wp-content\/uploads\/2026\/09\/queda-natalidade-Europa_gettyimages.jpg\",\"contentUrl\":\"https:\/\/jornalfatosenoticias.com.br\/wp-content\/uploads\/2026\/09\/queda-natalidade-Europa_gettyimages.jpg\",\"width\":976,\"height\":549},{\"@type\":\"BreadcrumbList\",\"@id\":\"https:\/\/jornalfatosenoticias.com.br\/index.php\/2026\/09\/03\/europa-enfrenta-queda-de-natalidade-e-amplia-medidas-para-evitar-o-encolhimento-da-populacao\/#breadcrumb\",\"itemListElement\":[{\"@type\":\"ListItem\",\"position\":1,\"name\":\"In\u00edcio\",\"item\":\"https:\/\/jornalfatosenoticias.com.br\/\"},{\"@type\":\"ListItem\",\"position\":2,\"name\":\"Europa enfrenta queda de natalidade e amplia medidas para evitar o encolhimento da popula\u00e7\u00e3o\"}]},{\"@type\":\"WebSite\",\"@id\":\"https:\/\/jornalfatosenoticias.com.br\/#website\",\"url\":\"https:\/\/jornalfatosenoticias.com.br\/\",\"name\":\"Jornal Fatos e Not\u00edcias\",\"description\":\"Not\u00edcias em geral\",\"publisher\":{\"@id\":\"https:\/\/jornalfatosenoticias.com.br\/#organization\"},\"potentialAction\":[{\"@type\":\"SearchAction\",\"target\":{\"@type\":\"EntryPoint\",\"urlTemplate\":\"https:\/\/jornalfatosenoticias.com.br\/?s={search_term_string}\"},\"query-input\":{\"@type\":\"PropertyValueSpecification\",\"valueRequired\":true,\"valueName\":\"search_term_string\"}}],\"inLanguage\":\"pt-BR\"},{\"@type\":\"Organization\",\"@id\":\"https:\/\/jornalfatosenoticias.com.br\/#organization\",\"name\":\"Jornal Fatos e Not\u00edcias\",\"url\":\"https:\/\/jornalfatosenoticias.com.br\/\",\"logo\":{\"@type\":\"ImageObject\",\"inLanguage\":\"pt-BR\",\"@id\":\"https:\/\/jornalfatosenoticias.com.br\/#\/schema\/logo\/image\/\",\"url\":\"https:\/\/jornalfatosenoticias.com.br\/wp-content\/uploads\/2020\/02\/logo120.png\",\"contentUrl\":\"https:\/\/jornalfatosenoticias.com.br\/wp-content\/uploads\/2020\/02\/logo120.png\",\"width\":1227,\"height\":120,\"caption\":\"Jornal Fatos e Not\u00edcias\"},\"image\":{\"@id\":\"https:\/\/jornalfatosenoticias.com.br\/#\/schema\/logo\/image\/\"}},{\"@type\":\"Person\",\"@id\":\"https:\/\/jornalfatosenoticias.com.br\/#\/schema\/person\/d63837fa13ac8666eb9e74e0985d6f81\",\"name\":\"Luzimara Fernandes\",\"image\":{\"@type\":\"ImageObject\",\"inLanguage\":\"pt-BR\",\"@id\":\"https:\/\/jornalfatosenoticias.com.br\/#\/schema\/person\/image\/\",\"url\":\"https:\/\/jornalfatosenoticias.com.br\/wp-content\/uploads\/2025\/05\/EU_portal.jpg\",\"contentUrl\":\"https:\/\/jornalfatosenoticias.com.br\/wp-content\/uploads\/2025\/05\/EU_portal.jpg\",\"caption\":\"Luzimara Fernandes\"},\"description\":\"Jornalista MTB 2358-ES\",\"sameAs\":[\"https:\/\/jornalfatosenoticias.com.br\"],\"url\":\"https:\/\/jornalfatosenoticias.com.br\/index.php\/author\/luzimara\/\"}]}<\/script>\n<!-- \/ Yoast SEO plugin. -->","yoast_head_json":{"title":"Europa enfrenta queda de natalidade e amplia medidas para evitar o encolhimento da popula\u00e7\u00e3o - Jornal Fatos e Not\u00edcias","robots":{"index":"index","follow":"follow","max-snippet":"max-snippet:-1","max-image-preview":"max-image-preview:large","max-video-preview":"max-video-preview:-1"},"canonical":"https:\/\/jornalfatosenoticias.com.br\/index.php\/2026\/09\/03\/europa-enfrenta-queda-de-natalidade-e-amplia-medidas-para-evitar-o-encolhimento-da-populacao\/","og_locale":"pt_BR","og_type":"article","og_title":"Europa enfrenta queda de natalidade e amplia medidas para evitar o encolhimento da popula\u00e7\u00e3o - Jornal Fatos e Not\u00edcias","og_description":"Governos europeus ampliam b\u00f4nus, reduzem impostos e criam benef\u00edcios para tentar conter a queda no n\u00famero de nascimentos Por John Lucas A queda no n\u00famero de nascimentos e o r\u00e1pido envelhecimento da popula\u00e7\u00e3o est\u00e3o levando governos europeus a ampliar incentivos financeiros, reduzir impostos e criar novos benef\u00edcios para fam\u00edlias com filhos. Um novo alerta veio [&hellip;]","og_url":"https:\/\/jornalfatosenoticias.com.br\/index.php\/2026\/09\/03\/europa-enfrenta-queda-de-natalidade-e-amplia-medidas-para-evitar-o-encolhimento-da-populacao\/","og_site_name":"Jornal Fatos e Not\u00edcias","article_published_time":"2026-09-03T23:36:13+00:00","article_modified_time":"2026-09-03T23:36:14+00:00","og_image":[{"width":976,"height":549,"url":"https:\/\/jornalfatosenoticias.com.br\/wp-content\/uploads\/2026\/09\/queda-natalidade-Europa_gettyimages.jpg","type":"image\/jpeg"}],"author":"Luzimara Fernandes","twitter_card":"summary_large_image","twitter_misc":{"Escrito por":"Luzimara Fernandes","Est. tempo de leitura":"6 minutos"},"schema":{"@context":"https:\/\/schema.org","@graph":[{"@type":"Article","@id":"https:\/\/jornalfatosenoticias.com.br\/index.php\/2026\/09\/03\/europa-enfrenta-queda-de-natalidade-e-amplia-medidas-para-evitar-o-encolhimento-da-populacao\/#article","isPartOf":{"@id":"https:\/\/jornalfatosenoticias.com.br\/index.php\/2026\/09\/03\/europa-enfrenta-queda-de-natalidade-e-amplia-medidas-para-evitar-o-encolhimento-da-populacao\/"},"author":{"name":"Luzimara Fernandes","@id":"https:\/\/jornalfatosenoticias.com.br\/#\/schema\/person\/d63837fa13ac8666eb9e74e0985d6f81"},"headline":"Europa enfrenta queda de natalidade e amplia medidas para evitar o encolhimento da popula\u00e7\u00e3o","datePublished":"2026-09-03T23:36:13+00:00","dateModified":"2026-09-03T23:36:14+00:00","mainEntityOfPage":{"@id":"https:\/\/jornalfatosenoticias.com.br\/index.php\/2026\/09\/03\/europa-enfrenta-queda-de-natalidade-e-amplia-medidas-para-evitar-o-encolhimento-da-populacao\/"},"wordCount":835,"commentCount":0,"publisher":{"@id":"https:\/\/jornalfatosenoticias.com.br\/#organization"},"image":{"@id":"https:\/\/jornalfatosenoticias.com.br\/index.php\/2026\/09\/03\/europa-enfrenta-queda-de-natalidade-e-amplia-medidas-para-evitar-o-encolhimento-da-populacao\/#primaryimage"},"thumbnailUrl":"https:\/\/jornalfatosenoticias.com.br\/wp-content\/uploads\/2026\/09\/queda-natalidade-Europa_gettyimages.jpg","keywords":["encolhimento da popula\u00e7\u00e3o","envelhecimento","Europa","queda de natalidade","UE"],"articleSection":["Internacional"],"inLanguage":"pt-BR","potentialAction":[{"@type":"CommentAction","name":"Comment","target":["https:\/\/jornalfatosenoticias.com.br\/index.php\/2026\/09\/03\/europa-enfrenta-queda-de-natalidade-e-amplia-medidas-para-evitar-o-encolhimento-da-populacao\/#respond"]}]},{"@type":"WebPage","@id":"https:\/\/jornalfatosenoticias.com.br\/index.php\/2026\/09\/03\/europa-enfrenta-queda-de-natalidade-e-amplia-medidas-para-evitar-o-encolhimento-da-populacao\/","url":"https:\/\/jornalfatosenoticias.com.br\/index.php\/2026\/09\/03\/europa-enfrenta-queda-de-natalidade-e-amplia-medidas-para-evitar-o-encolhimento-da-populacao\/","name":"Europa enfrenta queda de natalidade e amplia medidas para evitar o encolhimento da popula\u00e7\u00e3o - Jornal Fatos e Not\u00edcias","isPartOf":{"@id":"https:\/\/jornalfatosenoticias.com.br\/#website"},"primaryImageOfPage":{"@id":"https:\/\/jornalfatosenoticias.com.br\/index.php\/2026\/09\/03\/europa-enfrenta-queda-de-natalidade-e-amplia-medidas-para-evitar-o-encolhimento-da-populacao\/#primaryimage"},"image":{"@id":"https:\/\/jornalfatosenoticias.com.br\/index.php\/2026\/09\/03\/europa-enfrenta-queda-de-natalidade-e-amplia-medidas-para-evitar-o-encolhimento-da-populacao\/#primaryimage"},"thumbnailUrl":"https:\/\/jornalfatosenoticias.com.br\/wp-content\/uploads\/2026\/09\/queda-natalidade-Europa_gettyimages.jpg","datePublished":"2026-09-03T23:36:13+00:00","dateModified":"2026-09-03T23:36:14+00:00","breadcrumb":{"@id":"https:\/\/jornalfatosenoticias.com.br\/index.php\/2026\/09\/03\/europa-enfrenta-queda-de-natalidade-e-amplia-medidas-para-evitar-o-encolhimento-da-populacao\/#breadcrumb"},"inLanguage":"pt-BR","potentialAction":[{"@type":"ReadAction","target":["https:\/\/jornalfatosenoticias.com.br\/index.php\/2026\/09\/03\/europa-enfrenta-queda-de-natalidade-e-amplia-medidas-para-evitar-o-encolhimento-da-populacao\/"]}]},{"@type":"ImageObject","inLanguage":"pt-BR","@id":"https:\/\/jornalfatosenoticias.com.br\/index.php\/2026\/09\/03\/europa-enfrenta-queda-de-natalidade-e-amplia-medidas-para-evitar-o-encolhimento-da-populacao\/#primaryimage","url":"https:\/\/jornalfatosenoticias.com.br\/wp-content\/uploads\/2026\/09\/queda-natalidade-Europa_gettyimages.jpg","contentUrl":"https:\/\/jornalfatosenoticias.com.br\/wp-content\/uploads\/2026\/09\/queda-natalidade-Europa_gettyimages.jpg","width":976,"height":549},{"@type":"BreadcrumbList","@id":"https:\/\/jornalfatosenoticias.com.br\/index.php\/2026\/09\/03\/europa-enfrenta-queda-de-natalidade-e-amplia-medidas-para-evitar-o-encolhimento-da-populacao\/#breadcrumb","itemListElement":[{"@type":"ListItem","position":1,"name":"In\u00edcio","item":"https:\/\/jornalfatosenoticias.com.br\/"},{"@type":"ListItem","position":2,"name":"Europa enfrenta queda de natalidade e amplia medidas para evitar o encolhimento da popula\u00e7\u00e3o"}]},{"@type":"WebSite","@id":"https:\/\/jornalfatosenoticias.com.br\/#website","url":"https:\/\/jornalfatosenoticias.com.br\/","name":"Jornal Fatos e Not\u00edcias","description":"Not\u00edcias em geral","publisher":{"@id":"https:\/\/jornalfatosenoticias.com.br\/#organization"},"potentialAction":[{"@type":"SearchAction","target":{"@type":"EntryPoint","urlTemplate":"https:\/\/jornalfatosenoticias.com.br\/?s={search_term_string}"},"query-input":{"@type":"PropertyValueSpecification","valueRequired":true,"valueName":"search_term_string"}}],"inLanguage":"pt-BR"},{"@type":"Organization","@id":"https:\/\/jornalfatosenoticias.com.br\/#organization","name":"Jornal Fatos e Not\u00edcias","url":"https:\/\/jornalfatosenoticias.com.br\/","logo":{"@type":"ImageObject","inLanguage":"pt-BR","@id":"https:\/\/jornalfatosenoticias.com.br\/#\/schema\/logo\/image\/","url":"https:\/\/jornalfatosenoticias.com.br\/wp-content\/uploads\/2020\/02\/logo120.png","contentUrl":"https:\/\/jornalfatosenoticias.com.br\/wp-content\/uploads\/2020\/02\/logo120.png","width":1227,"height":120,"caption":"Jornal Fatos e Not\u00edcias"},"image":{"@id":"https:\/\/jornalfatosenoticias.com.br\/#\/schema\/logo\/image\/"}},{"@type":"Person","@id":"https:\/\/jornalfatosenoticias.com.br\/#\/schema\/person\/d63837fa13ac8666eb9e74e0985d6f81","name":"Luzimara Fernandes","image":{"@type":"ImageObject","inLanguage":"pt-BR","@id":"https:\/\/jornalfatosenoticias.com.br\/#\/schema\/person\/image\/","url":"https:\/\/jornalfatosenoticias.com.br\/wp-content\/uploads\/2025\/05\/EU_portal.jpg","contentUrl":"https:\/\/jornalfatosenoticias.com.br\/wp-content\/uploads\/2025\/05\/EU_portal.jpg","caption":"Luzimara Fernandes"},"description":"Jornalista MTB 2358-ES","sameAs":["https:\/\/jornalfatosenoticias.com.br"],"url":"https:\/\/jornalfatosenoticias.com.br\/index.php\/author\/luzimara\/"}]}},"cc_featured_image_caption":{"caption_text":"(Foto: Getty Images)\r\n","source_text":"","source_url":""},"jetpack_featured_media_url":"https:\/\/jornalfatosenoticias.com.br\/wp-content\/uploads\/2026\/09\/queda-natalidade-Europa_gettyimages.jpg","_links":{"self":[{"href":"https:\/\/jornalfatosenoticias.com.br\/index.php\/wp-json\/wp\/v2\/posts\/69638","targetHints":{"allow":["GET"]}}],"collection":[{"href":"https:\/\/jornalfatosenoticias.com.br\/index.php\/wp-json\/wp\/v2\/posts"}],"about":[{"href":"https:\/\/jornalfatosenoticias.com.br\/index.php\/wp-json\/wp\/v2\/types\/post"}],"author":[{"embeddable":true,"href":"https:\/\/jornalfatosenoticias.com.br\/index.php\/wp-json\/wp\/v2\/users\/2"}],"replies":[{"embeddable":true,"href":"https:\/\/jornalfatosenoticias.com.br\/index.php\/wp-json\/wp\/v2\/comments?post=69638"}],"version-history":[{"count":1,"href":"https:\/\/jornalfatosenoticias.com.br\/index.php\/wp-json\/wp\/v2\/posts\/69638\/revisions"}],"predecessor-version":[{"id":69640,"href":"https:\/\/jornalfatosenoticias.com.br\/index.php\/wp-json\/wp\/v2\/posts\/69638\/revisions\/69640"}],"wp:featuredmedia":[{"embeddable":true,"href":"https:\/\/jornalfatosenoticias.com.br\/index.php\/wp-json\/wp\/v2\/media\/69639"}],"wp:attachment":[{"href":"https:\/\/jornalfatosenoticias.com.br\/index.php\/wp-json\/wp\/v2\/media?parent=69638"}],"wp:term":[{"taxonomy":"category","embeddable":true,"href":"https:\/\/jornalfatosenoticias.com.br\/index.php\/wp-json\/wp\/v2\/categories?post=69638"},{"taxonomy":"post_tag","embeddable":true,"href":"https:\/\/jornalfatosenoticias.com.br\/index.php\/wp-json\/wp\/v2\/tags?post=69638"}],"curies":[{"name":"wp","href":"https:\/\/api.w.org\/{rel}","templated":true}]}}