{"id":69641,"date":"2026-09-03T20:56:40","date_gmt":"2026-09-03T23:56:40","guid":{"rendered":"https:\/\/jornalfatosenoticias.com.br\/?p=69641"},"modified":"2026-09-03T20:56:42","modified_gmt":"2026-09-03T23:56:42","slug":"o-associativismo-como-opcao-para-fortalecer-empresas-e-pessoas","status":"publish","type":"post","link":"https:\/\/jornalfatosenoticias.com.br\/index.php\/2026\/09\/03\/o-associativismo-como-opcao-para-fortalecer-empresas-e-pessoas\/","title":{"rendered":"O associativismo como op\u00e7\u00e3o para fortalecer empresas e pessoas"},"content":{"rendered":"\n<p><em><mark style=\"background-color:rgba(0, 0, 0, 0)\" class=\"has-inline-color has-black-color\">As associa\u00e7\u00f5es possuem diversas finalidades, como atuar no \u00e2mbito social, pol\u00edtico, cient\u00edfico, econ\u00f4mico, conforme o interesse dos seus participantes<\/mark><\/em><\/p>\n\n\n\n<p>Em termos pr\u00e1ticos, o <strong><a href=\"https:\/\/online.fliphtml5.com\/ywlkz\/dvxt\/#p=54\">associativismo<\/a><\/strong> visa criar conex\u00f5es de apoio, onde seus membros se ajudam mutuamente a alcan\u00e7ar suas metas. O conceito est\u00e1 profundamente enraizado na ideia de que a uni\u00e3o de for\u00e7as pode trazer mais benef\u00edcios do que a atua\u00e7\u00e3o isolada. Essa colabora\u00e7\u00e3o entre empresas, resulta em compartilhamento de informa\u00e7\u00f5es, redu\u00e7\u00e3o de custos e aumento da competitividade, o que resulta em maior poder de negocia\u00e7\u00e3o.<br>Esse modelo de neg\u00f3cios pode ocorrer em diversos segmentos e \u00e9 uma ferramenta importante para o desenvolvimento econ\u00f4mico e social porque busca melhorar as condi\u00e7\u00f5es de mercado, promovendo pol\u00edticas p\u00fablicas e criando oportunidades de networking.<br>Em entrevista \u00e0 <strong><a href=\"https:\/\/online.fliphtml5.com\/ywlkz\/dvxt\/#p=54\">Revista A\u00e7o 5.0<\/a><\/strong>, <strong>Luiz Alberto Teixeira<\/strong>, presidente do Sindicato das Empresas de Transportes de Cargas no Estado do Esp\u00edrito Santo (Transcares), discorre sobre como \u00e9 importante uma entidade representar os interesses dos seus associados e contribuir para o fortalecimento do segmento. E \u00e9 com essa miss\u00e3o que o Transcares tem atuado para fortalecer o segmento do transporte rodovi\u00e1rio de cargas e log\u00edstica, contribuindo para o desenvolvimento do Esp\u00edrito Santo.<\/p>\n\n\n\n<p><strong><mark style=\"background-color:rgba(0, 0, 0, 0)\" class=\"has-inline-color has-black-color\">Como o associativismo ajuda a superar a desuni\u00e3o hist\u00f3rica entre pequenas e grandes empresas de transporte no Esp\u00edrito Santo?<br><\/mark><\/strong>O associativismo tem justamente a capacidade de transformar diferen\u00e7as em for\u00e7a coletiva. No Transcares, empresas de diferentes portes compartilham o mesmo ambiente de di\u00e1logo e trabalham por objetivos comuns, como melhores condi\u00e7\u00f5es para o desenvolvimento do setor, seguran\u00e7a jur\u00eddica, qualifica\u00e7\u00e3o profissional e defesa de interesses junto aos poderes p\u00fablicos.<br>Quando os desafios s\u00e3o tratados de forma coletiva, percebemos que as necessidades convergem muito mais do que divergem. Uma empresa de pequeno porte pode enfrentar dificuldades diferentes das de uma grande transportadora, mas ambas dependem de um ambiente de neg\u00f3cios mais equilibrado, de infraestrutura adequada, de legisla\u00e7\u00e3o clara e de m\u00e3o de obra qualificada. O sindicato atua como esse ponto de converg\u00eancia, fortalecendo a representatividade do segmento do transporte rodovi\u00e1rio de cargas e log\u00edstica, e mostrando que a uni\u00e3o gera resultados que nenhuma empresa conseguiria alcan\u00e7ar sozinha.<\/p>\n\n\n<div class=\"wp-block-image\">\n<figure class=\"aligncenter size-full\"><img loading=\"lazy\" decoding=\"async\" width=\"1000\" height=\"666\" src=\"https:\/\/jornalfatosenoticias.com.br\/wp-content\/uploads\/2026\/09\/associativismo_Magnific2.jpg\" alt=\"\" class=\"wp-image-69642\" srcset=\"https:\/\/jornalfatosenoticias.com.br\/wp-content\/uploads\/2026\/09\/associativismo_Magnific2.jpg 1000w, https:\/\/jornalfatosenoticias.com.br\/wp-content\/uploads\/2026\/09\/associativismo_Magnific2-300x200.jpg 300w, https:\/\/jornalfatosenoticias.com.br\/wp-content\/uploads\/2026\/09\/associativismo_Magnific2-768x511.jpg 768w\" sizes=\"auto, (max-width: 1000px) 100vw, 1000px\" \/><figcaption class=\"wp-element-caption\"><mark style=\"background-color:rgba(0, 0, 0, 0)\" class=\"has-inline-color has-black-color\">(Foto: Magnific)<\/mark><\/figcaption><\/figure>\n<\/div>\n\n\n<p><strong><mark style=\"background-color:rgba(0, 0, 0, 0)\" class=\"has-inline-color has-black-color\">Quais foram as maiores vit\u00f3rias conquistadas pela entidade gra\u00e7as \u00e0 for\u00e7a conjunta dos associados nos \u00faltimos anos?<br><\/mark><\/strong>O Transcares, junto a outros sindicatos do Sistema Fetransportes (GVBus, Sindliqes e Sinfres), colaborou na constru\u00e7\u00e3o do Banco de Dados do setor e essa discuss\u00e3o resultou na Intelig\u00eancia de Neg\u00f3cios da Fetransportes, fruto de uma parceria com o Observat\u00f3rio de Dados da Findes. O BI est\u00e1 sendo usado para apresentar o setor, evidenciar sua import\u00e2ncia e orientar na tomada de decis\u00f5es estrat\u00e9gicas.<br>O Transcares tamb\u00e9m integrou o grupo que acompanhou a constru\u00e7\u00e3o do Plano de Descarboniza\u00e7\u00e3o do ES. Acompanhamos o plano junto a outros sindicatos do Sistema e temos defendido uma transi\u00e7\u00e3o flex\u00edvel.<br>Em 2024, passamos a integrar o Comex-ES, comit\u00ea que re\u00fane entidades envolvidas na opera\u00e7\u00e3o log\u00edstica e que tem trabalhado de forma conjunta para minimizar os desafios do setor. Tamb\u00e9m integramos o Recomex, criado e liderado pelo Sindiex para discutir projetos e pensar o futuro do Estado ap\u00f3s 2032.<br>Por meio da Instru\u00e7\u00e3o de Servi\u00e7o 09\/2023, do DER, ve\u00edculos de transporte de carga com mais de 23 toneladas estavam proibidos de trafegar em trecho da Rodovia do Sol (ES 060) \u2014 entre a Barra do Jucu e o in\u00edcio da Rodovia Darly Santos \u2014 no in\u00edcio de 2024. A norma causou preocupa\u00e7\u00e3o e nos juntamos \u00e0 Findes, Fecom\u00e9rcio, Sindiex, Sindaes e Sindliqes para discutir o tema. O resultado da articula\u00e7\u00e3o foi a suspens\u00e3o da norma.<br>Solicitamos a regulariza\u00e7\u00e3o e sinaliza\u00e7\u00e3o horizontal e vertical, bem como a correta identifica\u00e7\u00e3o do cerco eletr\u00f4nico nas rodovias federais e estaduais da malha vi\u00e1ria local e, por meio de um trabalho conjunto do segmento, demos \u00eanfase \u00e0 necessidade de sinaliza\u00e7\u00e3o da Rodovia Leste-Oeste e do Contorno do Mestre \u00c1lvaro. Outra conquista intimamente ligada \u00e0 for\u00e7a conjunta dos associados \u00e9 a consolida\u00e7\u00e3o dos nossos treinamentos para qualifica\u00e7\u00e3o do segmento, especialmente tendo em vista a nossa preocupa\u00e7\u00e3o com a falta de m\u00e3o de obra e maior profissionaliza\u00e7\u00e3o.<\/p>\n\n\n<div class=\"wp-block-image\">\n<figure class=\"aligncenter size-large\"><a href=\"https:\/\/mizu.com.br\/\"><img loading=\"lazy\" decoding=\"async\" width=\"1024\" height=\"99\" src=\"https:\/\/jornalfatosenoticias.com.br\/wp-content\/uploads\/2020\/02\/Logo-Mizu-segunda-2-1024x99.png\" alt=\"\" class=\"wp-image-2353\" srcset=\"https:\/\/jornalfatosenoticias.com.br\/wp-content\/uploads\/2020\/02\/Logo-Mizu-segunda-2-1024x99.png 1024w, https:\/\/jornalfatosenoticias.com.br\/wp-content\/uploads\/2020\/02\/Logo-Mizu-segunda-2-300x29.png 300w, https:\/\/jornalfatosenoticias.com.br\/wp-content\/uploads\/2020\/02\/Logo-Mizu-segunda-2-768x74.png 768w, https:\/\/jornalfatosenoticias.com.br\/wp-content\/uploads\/2020\/02\/Logo-Mizu-segunda-2.png 1240w\" sizes=\"auto, (max-width: 1024px) 100vw, 1024px\" \/><\/a><\/figure>\n<\/div>\n\n\n<p><strong><mark style=\"background-color:rgba(0, 0, 0, 0)\" class=\"has-inline-color has-black-color\">De que maneira o sindicato atua para atrair novos empres\u00e1rios que ainda n\u00e3o conhecem os benef\u00edcios da filia\u00e7\u00e3o?<br><\/mark><\/strong>O primeiro passo \u00e9 mostrar que o sindicato vai muito al\u00e9m da representa\u00e7\u00e3o institucional. Trabalhamos para estar presentes no dia a dia das empresas, oferecendo capacita\u00e7\u00f5es, eventos t\u00e9cnicos, encontros de networking, orienta\u00e7\u00f5es jur\u00eddicas, informa\u00e7\u00f5es estrat\u00e9gicas e oportunidades de atualiza\u00e7\u00e3o sobre temas que impactam diretamente a gest\u00e3o dos neg\u00f3cios.<br>Tamb\u00e9m buscamos aproximar o sindicato dos empres\u00e1rios por meio de iniciativas itinerantes, visitas \u00e0s empresas e projetos que favorecem a troca de experi\u00eancias entre os associados. Quando o empres\u00e1rio percebe que o Transcares contribui para tornar sua empresa mais preparada, mais conectada e mais competitiva, ele compreende que a filia\u00e7\u00e3o representa um investimento no fortalecimento do seu pr\u00f3prio neg\u00f3cio e de todo o segmento.<\/p>\n\n\n<div class=\"wp-block-image\">\n<figure class=\"aligncenter size-full\"><img loading=\"lazy\" decoding=\"async\" width=\"1000\" height=\"666\" src=\"https:\/\/jornalfatosenoticias.com.br\/wp-content\/uploads\/2026\/09\/associativismo_Magnific.png\" alt=\"\" class=\"wp-image-69643\" srcset=\"https:\/\/jornalfatosenoticias.com.br\/wp-content\/uploads\/2026\/09\/associativismo_Magnific.png 1000w, https:\/\/jornalfatosenoticias.com.br\/wp-content\/uploads\/2026\/09\/associativismo_Magnific-300x200.png 300w, https:\/\/jornalfatosenoticias.com.br\/wp-content\/uploads\/2026\/09\/associativismo_Magnific-768x511.png 768w\" sizes=\"auto, (max-width: 1000px) 100vw, 1000px\" \/><figcaption class=\"wp-element-caption\"><mark style=\"background-color:rgba(0, 0, 0, 0)\" class=\"has-inline-color has-black-color\">(Foto: Magnific)<\/mark><\/figcaption><\/figure>\n<\/div>\n\n\n<p><strong><mark style=\"background-color:rgba(0, 0, 0, 0)\" class=\"has-inline-color has-black-color\">Como a atual diretoria planeja manter as empresas atualizadas frente \u00e0s novas demandas de desenvolvimento econ\u00f4mico?<br><\/mark><\/strong>Vivemos um momento de profundas transforma\u00e7\u00f5es na log\u00edstica e no transporte de cargas. Digitaliza\u00e7\u00e3o, intelig\u00eancia artificial, sustentabilidade, mudan\u00e7as regulat\u00f3rias e novos modelos de neg\u00f3cios exigem atualiza\u00e7\u00e3o constante das empresas. Isso, sem falar no momento diferenciado pelo qual passa o Esp\u00edrito Santo. Estamos acompanhando os avan\u00e7os do nosso Estado no sentido de se transformar num hub log\u00edstico que tende a se tornar solu\u00e7\u00e3o para o Brasil e o mundo.<br>A atua\u00e7\u00e3o da diretoria est\u00e1 voltada justamente para aproximar essas discuss\u00f5es dos empres\u00e1rios, promovendo uma agenda permanente de conhecimento. Por meio de nossa agenda institucional, antecipamos tend\u00eancias e ajudamos as transportadoras associadas a compreenderem os impactos dessas mudan\u00e7as sobre suas opera\u00e7\u00f5es.<br>Quem faz parte da \u2018casa do transportador\u2019, que \u00e9 a maneira como chamamos nosso Transcares, acompanha transforma\u00e7\u00f5es, mas nosso prop\u00f3sito \u00e9 ir al\u00e9m! Queremos criar um ambiente em que os associados tenham acesso \u00e0 informa\u00e7\u00e3o qualificada, possam trocar experi\u00eancias e estejam preparados para tomar decis\u00f5es com mais seguran\u00e7a e vis\u00e3o de futuro.<br>Os eventos e a\u00e7\u00f5es que integram nosso calend\u00e1rio anual s\u00e3o exemplos disso. Estamos falando da Modal Expo, do F\u00f3rum de Preven\u00e7\u00e3o e Combate ao Roubo de Cargas, dos almo\u00e7os executivos, dos projetos Rota &amp; Caf\u00e9, Ponto de Parada e podcasts Transcares e, tamb\u00e9m, dos cursos que nascem a partir de um levantamento feito com o pr\u00f3prio segmento. Nessa pesquisa, as empresas elencam os temas que s\u00e3o suas maiores \u201cdores\u201d e n\u00f3s os transformamos em treinamento.<\/p>\n\n\n<div class=\"wp-block-image\">\n<figure class=\"aligncenter size-full is-resized\"><a href=\"https:\/\/www.origestaofinanceira.com.br\/\"><img loading=\"lazy\" decoding=\"async\" width=\"841\" height=\"881\" src=\"https:\/\/jornalfatosenoticias.com.br\/wp-content\/uploads\/2020\/02\/Ori-Gestao-Financeira.jpeg\" alt=\"\" class=\"wp-image-64779\" style=\"aspect-ratio:0.9546132537822288;width:311px;height:auto\" srcset=\"https:\/\/jornalfatosenoticias.com.br\/wp-content\/uploads\/2020\/02\/Ori-Gestao-Financeira.jpeg 841w, https:\/\/jornalfatosenoticias.com.br\/wp-content\/uploads\/2020\/02\/Ori-Gestao-Financeira-286x300.jpeg 286w, https:\/\/jornalfatosenoticias.com.br\/wp-content\/uploads\/2020\/02\/Ori-Gestao-Financeira-768x805.jpeg 768w\" sizes=\"auto, (max-width: 841px) 100vw, 841px\" \/><\/a><\/figure>\n<\/div>\n\n\n<p><strong><mark style=\"background-color:rgba(0, 0, 0, 0)\" class=\"has-inline-color has-black-color\">Qual \u00e9 o papel dos diretores regionais na descentraliza\u00e7\u00e3o e no fortalecimento do associativismo no interior do Estado?<br><\/mark><\/strong>Os diretores regionais exercem um papel fundamental porque aproximam o sindicato da realidade de cada regi\u00e3o do Esp\u00edrito Santo. Eles atuam como representantes do Transcares no interior, identificando demandas locais, fortalecendo o relacionamento com os empres\u00e1rios e ampliando o di\u00e1logo com institui\u00e7\u00f5es e lideran\u00e7as regionais.<br>Essa presen\u00e7a permite que o associativismo aconte\u00e7a de forma mais efetiva, respeitando as caracter\u00edsticas de cada territ\u00f3rio e garantindo que as necessidades das empresas do interior tamb\u00e9m fa\u00e7am parte das pautas defendidas pelo sindicato. Quanto mais pr\u00f3ximo o sindicato estiver dos empres\u00e1rios, maior ser\u00e1 sua capacidade de representar o setor de forma leg\u00edtima e abrangente.<\/p>\n\n\n<div class=\"wp-block-image\">\n<figure class=\"aligncenter size-full\"><img loading=\"lazy\" decoding=\"async\" width=\"1000\" height=\"520\" src=\"https:\/\/jornalfatosenoticias.com.br\/wp-content\/uploads\/2026\/09\/Carreta-Transcares.jpg\" alt=\"\" class=\"wp-image-69644\" srcset=\"https:\/\/jornalfatosenoticias.com.br\/wp-content\/uploads\/2026\/09\/Carreta-Transcares.jpg 1000w, https:\/\/jornalfatosenoticias.com.br\/wp-content\/uploads\/2026\/09\/Carreta-Transcares-300x156.jpg 300w, https:\/\/jornalfatosenoticias.com.br\/wp-content\/uploads\/2026\/09\/Carreta-Transcares-768x399.jpg 768w\" sizes=\"auto, (max-width: 1000px) 100vw, 1000px\" \/><figcaption class=\"wp-element-caption\"><mark style=\"background-color:rgba(0, 0, 0, 0)\" class=\"has-inline-color has-black-color\">(Foto: Transcares\/Divulga\u00e7\u00e3o)<\/mark><\/figcaption><\/figure>\n<\/div>\n\n\n<p><strong><mark style=\"background-color:rgba(0, 0, 0, 0)\" class=\"has-inline-color has-black-color\">De que forma comiss\u00f5es espec\u00edficas, como a Comjovem-ES, auxiliam na renova\u00e7\u00e3o das lideran\u00e7as associativistas do setor?<br><\/mark><\/strong>A renova\u00e7\u00e3o das lideran\u00e7as acontece quando criamos espa\u00e7os para que novas gera\u00e7\u00f5es participem das decis\u00f5es, desenvolvam compet\u00eancias e compreendam a import\u00e2ncia da atua\u00e7\u00e3o coletiva. A Comjovem-ES \u00e9 um excelente exemplo desse processo.<br>Ao reunir jovens empres\u00e1rios e sucessores do transporte, a comiss\u00e3o estimula o compartilhamento de experi\u00eancias, promove capacita\u00e7\u00f5es e incentiva uma participa\u00e7\u00e3o cada vez mais ativa na constru\u00e7\u00e3o das pautas do setor. \u00c9 um ambiente onde se desenvolvem lideran\u00e7as preparadas para os desafios atuais, mas tamb\u00e9m comprometidas com os princ\u00edpios do associativismo.<br>Iniciativas como a Comjovem-ES n\u00e3o existem apenas para formar futuros dirigentes, elas fortalecem a cultura da participa\u00e7\u00e3o, garantindo que o sindicato continue representando um setor cada vez mais moderno, inovador e conectado \u00e0s transforma\u00e7\u00f5es do mercado.<\/p>\n\n\n<div class=\"wp-block-image\">\n<figure class=\"aligncenter size-full is-resized\"><a href=\"https:\/\/premiertemperos.com.br\/novo\/\"><img loading=\"lazy\" decoding=\"async\" width=\"851\" height=\"315\" src=\"https:\/\/jornalfatosenoticias.com.br\/wp-content\/uploads\/2020\/02\/logo-Premier-Temperos.png\" alt=\"\" class=\"wp-image-64452\" style=\"aspect-ratio:2.701643298658224;width:500px;height:auto\" srcset=\"https:\/\/jornalfatosenoticias.com.br\/wp-content\/uploads\/2020\/02\/logo-Premier-Temperos.png 851w, https:\/\/jornalfatosenoticias.com.br\/wp-content\/uploads\/2020\/02\/logo-Premier-Temperos-300x111.png 300w, https:\/\/jornalfatosenoticias.com.br\/wp-content\/uploads\/2020\/02\/logo-Premier-Temperos-768x284.png 768w\" sizes=\"auto, (max-width: 851px) 100vw, 851px\" \/><\/a><\/figure>\n<\/div>","protected":false},"excerpt":{"rendered":"<p>As associa\u00e7\u00f5es possuem diversas finalidades, como atuar no \u00e2mbito social, pol\u00edtico, cient\u00edfico, econ\u00f4mico, conforme o interesse dos seus participantes Em termos pr\u00e1ticos, o associativismo visa criar conex\u00f5es de apoio, onde seus membros se ajudam mutuamente a alcan\u00e7ar suas metas. O conceito est\u00e1 profundamente enraizado na ideia de que a uni\u00e3o de for\u00e7as pode trazer mais [&hellip;]<\/p>\n","protected":false},"author":2,"featured_media":69645,"comment_status":"open","ping_status":"open","sticky":false,"template":"","format":"standard","meta":{"footnotes":""},"categories":[29606],"tags":[26864,28660,11007,100,29713,2730,27288,26241,26845],"class_list":["post-69641","post","type-post","status-publish","format-standard","has-post-thumbnail","hentry","category-transporte-logistica","tag-associacoes","tag-associativismo","tag-competitividade","tag-espirito-santo","tag-fetransportes","tag-logistica","tag-luiz-alberto-teixeira","tag-transcares","tag-transporte-rodoviario-de-cargas"],"yoast_head":"<!-- This site is optimized with the Yoast SEO plugin v26.5 - https:\/\/yoast.com\/wordpress\/plugins\/seo\/ -->\n<title>O associativismo como op\u00e7\u00e3o para fortalecer empresas e pessoas - Jornal Fatos e Not\u00edcias<\/title>\n<meta name=\"robots\" content=\"index, follow, max-snippet:-1, max-image-preview:large, max-video-preview:-1\" \/>\n<link rel=\"canonical\" href=\"https:\/\/jornalfatosenoticias.com.br\/index.php\/2026\/09\/03\/o-associativismo-como-opcao-para-fortalecer-empresas-e-pessoas\/\" \/>\n<meta property=\"og:locale\" content=\"pt_BR\" \/>\n<meta property=\"og:type\" content=\"article\" \/>\n<meta property=\"og:title\" content=\"O associativismo como op\u00e7\u00e3o para fortalecer empresas e pessoas - Jornal Fatos e Not\u00edcias\" \/>\n<meta property=\"og:description\" content=\"As associa\u00e7\u00f5es possuem diversas finalidades, como atuar no \u00e2mbito social, pol\u00edtico, cient\u00edfico, econ\u00f4mico, conforme o interesse dos seus participantes Em termos pr\u00e1ticos, o associativismo visa criar conex\u00f5es de apoio, onde seus membros se ajudam mutuamente a alcan\u00e7ar suas metas. O conceito est\u00e1 profundamente enraizado na ideia de que a uni\u00e3o de for\u00e7as pode trazer mais [&hellip;]\" \/>\n<meta property=\"og:url\" content=\"https:\/\/jornalfatosenoticias.com.br\/index.php\/2026\/09\/03\/o-associativismo-como-opcao-para-fortalecer-empresas-e-pessoas\/\" \/>\n<meta property=\"og:site_name\" content=\"Jornal Fatos e Not\u00edcias\" \/>\n<meta property=\"article:published_time\" content=\"2026-09-03T23:56:40+00:00\" \/>\n<meta property=\"article:modified_time\" content=\"2026-09-03T23:56:42+00:00\" \/>\n<meta property=\"og:image\" content=\"https:\/\/jornalfatosenoticias.com.br\/wp-content\/uploads\/2026\/09\/Luiz-Alberto-Texeira-Transcares.jpg\" \/>\n\t<meta property=\"og:image:width\" content=\"1000\" \/>\n\t<meta property=\"og:image:height\" content=\"625\" \/>\n\t<meta property=\"og:image:type\" content=\"image\/jpeg\" \/>\n<meta name=\"author\" content=\"Luzimara Fernandes\" \/>\n<meta name=\"twitter:card\" content=\"summary_large_image\" \/>\n<meta name=\"twitter:label1\" content=\"Escrito por\" \/>\n\t<meta name=\"twitter:data1\" content=\"Luzimara Fernandes\" \/>\n\t<meta name=\"twitter:label2\" content=\"Est. tempo de leitura\" \/>\n\t<meta name=\"twitter:data2\" content=\"9 minutos\" \/>\n<script type=\"application\/ld+json\" class=\"yoast-schema-graph\">{\"@context\":\"https:\/\/schema.org\",\"@graph\":[{\"@type\":\"Article\",\"@id\":\"https:\/\/jornalfatosenoticias.com.br\/index.php\/2026\/09\/03\/o-associativismo-como-opcao-para-fortalecer-empresas-e-pessoas\/#article\",\"isPartOf\":{\"@id\":\"https:\/\/jornalfatosenoticias.com.br\/index.php\/2026\/09\/03\/o-associativismo-como-opcao-para-fortalecer-empresas-e-pessoas\/\"},\"author\":{\"name\":\"Luzimara Fernandes\",\"@id\":\"https:\/\/jornalfatosenoticias.com.br\/#\/schema\/person\/d63837fa13ac8666eb9e74e0985d6f81\"},\"headline\":\"O associativismo como op\u00e7\u00e3o para fortalecer empresas e pessoas\",\"datePublished\":\"2026-09-03T23:56:40+00:00\",\"dateModified\":\"2026-09-03T23:56:42+00:00\",\"mainEntityOfPage\":{\"@id\":\"https:\/\/jornalfatosenoticias.com.br\/index.php\/2026\/09\/03\/o-associativismo-como-opcao-para-fortalecer-empresas-e-pessoas\/\"},\"wordCount\":1481,\"commentCount\":0,\"publisher\":{\"@id\":\"https:\/\/jornalfatosenoticias.com.br\/#organization\"},\"image\":{\"@id\":\"https:\/\/jornalfatosenoticias.com.br\/index.php\/2026\/09\/03\/o-associativismo-como-opcao-para-fortalecer-empresas-e-pessoas\/#primaryimage\"},\"thumbnailUrl\":\"https:\/\/jornalfatosenoticias.com.br\/wp-content\/uploads\/2026\/09\/Luiz-Alberto-Texeira-Transcares.jpg\",\"keywords\":[\"associa\u00e7\u00f5es\",\"associativismo\",\"competitividade\",\"Esp\u00edrito Santo\",\"Fetransportes\",\"log\u00edstica\",\"Luiz Alberto Teixeira\",\"Transcares\",\"transporte rodovi\u00e1rio de cargas\"],\"articleSection\":[\"Transporte, Infraestrutura &amp; Log\u00edstica\"],\"inLanguage\":\"pt-BR\",\"potentialAction\":[{\"@type\":\"CommentAction\",\"name\":\"Comment\",\"target\":[\"https:\/\/jornalfatosenoticias.com.br\/index.php\/2026\/09\/03\/o-associativismo-como-opcao-para-fortalecer-empresas-e-pessoas\/#respond\"]}]},{\"@type\":\"WebPage\",\"@id\":\"https:\/\/jornalfatosenoticias.com.br\/index.php\/2026\/09\/03\/o-associativismo-como-opcao-para-fortalecer-empresas-e-pessoas\/\",\"url\":\"https:\/\/jornalfatosenoticias.com.br\/index.php\/2026\/09\/03\/o-associativismo-como-opcao-para-fortalecer-empresas-e-pessoas\/\",\"name\":\"O associativismo como op\u00e7\u00e3o para fortalecer empresas e pessoas - Jornal Fatos e Not\u00edcias\",\"isPartOf\":{\"@id\":\"https:\/\/jornalfatosenoticias.com.br\/#website\"},\"primaryImageOfPage\":{\"@id\":\"https:\/\/jornalfatosenoticias.com.br\/index.php\/2026\/09\/03\/o-associativismo-como-opcao-para-fortalecer-empresas-e-pessoas\/#primaryimage\"},\"image\":{\"@id\":\"https:\/\/jornalfatosenoticias.com.br\/index.php\/2026\/09\/03\/o-associativismo-como-opcao-para-fortalecer-empresas-e-pessoas\/#primaryimage\"},\"thumbnailUrl\":\"https:\/\/jornalfatosenoticias.com.br\/wp-content\/uploads\/2026\/09\/Luiz-Alberto-Texeira-Transcares.jpg\",\"datePublished\":\"2026-09-03T23:56:40+00:00\",\"dateModified\":\"2026-09-03T23:56:42+00:00\",\"breadcrumb\":{\"@id\":\"https:\/\/jornalfatosenoticias.com.br\/index.php\/2026\/09\/03\/o-associativismo-como-opcao-para-fortalecer-empresas-e-pessoas\/#breadcrumb\"},\"inLanguage\":\"pt-BR\",\"potentialAction\":[{\"@type\":\"ReadAction\",\"target\":[\"https:\/\/jornalfatosenoticias.com.br\/index.php\/2026\/09\/03\/o-associativismo-como-opcao-para-fortalecer-empresas-e-pessoas\/\"]}]},{\"@type\":\"ImageObject\",\"inLanguage\":\"pt-BR\",\"@id\":\"https:\/\/jornalfatosenoticias.com.br\/index.php\/2026\/09\/03\/o-associativismo-como-opcao-para-fortalecer-empresas-e-pessoas\/#primaryimage\",\"url\":\"https:\/\/jornalfatosenoticias.com.br\/wp-content\/uploads\/2026\/09\/Luiz-Alberto-Texeira-Transcares.jpg\",\"contentUrl\":\"https:\/\/jornalfatosenoticias.com.br\/wp-content\/uploads\/2026\/09\/Luiz-Alberto-Texeira-Transcares.jpg\",\"width\":1000,\"height\":625},{\"@type\":\"BreadcrumbList\",\"@id\":\"https:\/\/jornalfatosenoticias.com.br\/index.php\/2026\/09\/03\/o-associativismo-como-opcao-para-fortalecer-empresas-e-pessoas\/#breadcrumb\",\"itemListElement\":[{\"@type\":\"ListItem\",\"position\":1,\"name\":\"In\u00edcio\",\"item\":\"https:\/\/jornalfatosenoticias.com.br\/\"},{\"@type\":\"ListItem\",\"position\":2,\"name\":\"O associativismo como op\u00e7\u00e3o para fortalecer empresas e pessoas\"}]},{\"@type\":\"WebSite\",\"@id\":\"https:\/\/jornalfatosenoticias.com.br\/#website\",\"url\":\"https:\/\/jornalfatosenoticias.com.br\/\",\"name\":\"Jornal Fatos e Not\u00edcias\",\"description\":\"Not\u00edcias em geral\",\"publisher\":{\"@id\":\"https:\/\/jornalfatosenoticias.com.br\/#organization\"},\"potentialAction\":[{\"@type\":\"SearchAction\",\"target\":{\"@type\":\"EntryPoint\",\"urlTemplate\":\"https:\/\/jornalfatosenoticias.com.br\/?s={search_term_string}\"},\"query-input\":{\"@type\":\"PropertyValueSpecification\",\"valueRequired\":true,\"valueName\":\"search_term_string\"}}],\"inLanguage\":\"pt-BR\"},{\"@type\":\"Organization\",\"@id\":\"https:\/\/jornalfatosenoticias.com.br\/#organization\",\"name\":\"Jornal Fatos e Not\u00edcias\",\"url\":\"https:\/\/jornalfatosenoticias.com.br\/\",\"logo\":{\"@type\":\"ImageObject\",\"inLanguage\":\"pt-BR\",\"@id\":\"https:\/\/jornalfatosenoticias.com.br\/#\/schema\/logo\/image\/\",\"url\":\"https:\/\/jornalfatosenoticias.com.br\/wp-content\/uploads\/2020\/02\/logo120.png\",\"contentUrl\":\"https:\/\/jornalfatosenoticias.com.br\/wp-content\/uploads\/2020\/02\/logo120.png\",\"width\":1227,\"height\":120,\"caption\":\"Jornal Fatos e Not\u00edcias\"},\"image\":{\"@id\":\"https:\/\/jornalfatosenoticias.com.br\/#\/schema\/logo\/image\/\"}},{\"@type\":\"Person\",\"@id\":\"https:\/\/jornalfatosenoticias.com.br\/#\/schema\/person\/d63837fa13ac8666eb9e74e0985d6f81\",\"name\":\"Luzimara Fernandes\",\"image\":{\"@type\":\"ImageObject\",\"inLanguage\":\"pt-BR\",\"@id\":\"https:\/\/jornalfatosenoticias.com.br\/#\/schema\/person\/image\/\",\"url\":\"https:\/\/jornalfatosenoticias.com.br\/wp-content\/uploads\/2025\/05\/EU_portal.jpg\",\"contentUrl\":\"https:\/\/jornalfatosenoticias.com.br\/wp-content\/uploads\/2025\/05\/EU_portal.jpg\",\"caption\":\"Luzimara Fernandes\"},\"description\":\"Jornalista MTB 2358-ES\",\"sameAs\":[\"https:\/\/jornalfatosenoticias.com.br\"],\"url\":\"https:\/\/jornalfatosenoticias.com.br\/index.php\/author\/luzimara\/\"}]}<\/script>\n<!-- \/ Yoast SEO plugin. -->","yoast_head_json":{"title":"O associativismo como op\u00e7\u00e3o para fortalecer empresas e pessoas - Jornal Fatos e Not\u00edcias","robots":{"index":"index","follow":"follow","max-snippet":"max-snippet:-1","max-image-preview":"max-image-preview:large","max-video-preview":"max-video-preview:-1"},"canonical":"https:\/\/jornalfatosenoticias.com.br\/index.php\/2026\/09\/03\/o-associativismo-como-opcao-para-fortalecer-empresas-e-pessoas\/","og_locale":"pt_BR","og_type":"article","og_title":"O associativismo como op\u00e7\u00e3o para fortalecer empresas e pessoas - Jornal Fatos e Not\u00edcias","og_description":"As associa\u00e7\u00f5es possuem diversas finalidades, como atuar no \u00e2mbito social, pol\u00edtico, cient\u00edfico, econ\u00f4mico, conforme o interesse dos seus participantes Em termos pr\u00e1ticos, o associativismo visa criar conex\u00f5es de apoio, onde seus membros se ajudam mutuamente a alcan\u00e7ar suas metas. O conceito est\u00e1 profundamente enraizado na ideia de que a uni\u00e3o de for\u00e7as pode trazer mais [&hellip;]","og_url":"https:\/\/jornalfatosenoticias.com.br\/index.php\/2026\/09\/03\/o-associativismo-como-opcao-para-fortalecer-empresas-e-pessoas\/","og_site_name":"Jornal Fatos e Not\u00edcias","article_published_time":"2026-09-03T23:56:40+00:00","article_modified_time":"2026-09-03T23:56:42+00:00","og_image":[{"width":1000,"height":625,"url":"https:\/\/jornalfatosenoticias.com.br\/wp-content\/uploads\/2026\/09\/Luiz-Alberto-Texeira-Transcares.jpg","type":"image\/jpeg"}],"author":"Luzimara Fernandes","twitter_card":"summary_large_image","twitter_misc":{"Escrito por":"Luzimara Fernandes","Est. tempo de leitura":"9 minutos"},"schema":{"@context":"https:\/\/schema.org","@graph":[{"@type":"Article","@id":"https:\/\/jornalfatosenoticias.com.br\/index.php\/2026\/09\/03\/o-associativismo-como-opcao-para-fortalecer-empresas-e-pessoas\/#article","isPartOf":{"@id":"https:\/\/jornalfatosenoticias.com.br\/index.php\/2026\/09\/03\/o-associativismo-como-opcao-para-fortalecer-empresas-e-pessoas\/"},"author":{"name":"Luzimara Fernandes","@id":"https:\/\/jornalfatosenoticias.com.br\/#\/schema\/person\/d63837fa13ac8666eb9e74e0985d6f81"},"headline":"O associativismo como op\u00e7\u00e3o para fortalecer empresas e pessoas","datePublished":"2026-09-03T23:56:40+00:00","dateModified":"2026-09-03T23:56:42+00:00","mainEntityOfPage":{"@id":"https:\/\/jornalfatosenoticias.com.br\/index.php\/2026\/09\/03\/o-associativismo-como-opcao-para-fortalecer-empresas-e-pessoas\/"},"wordCount":1481,"commentCount":0,"publisher":{"@id":"https:\/\/jornalfatosenoticias.com.br\/#organization"},"image":{"@id":"https:\/\/jornalfatosenoticias.com.br\/index.php\/2026\/09\/03\/o-associativismo-como-opcao-para-fortalecer-empresas-e-pessoas\/#primaryimage"},"thumbnailUrl":"https:\/\/jornalfatosenoticias.com.br\/wp-content\/uploads\/2026\/09\/Luiz-Alberto-Texeira-Transcares.jpg","keywords":["associa\u00e7\u00f5es","associativismo","competitividade","Esp\u00edrito Santo","Fetransportes","log\u00edstica","Luiz Alberto Teixeira","Transcares","transporte rodovi\u00e1rio de cargas"],"articleSection":["Transporte, Infraestrutura &amp; Log\u00edstica"],"inLanguage":"pt-BR","potentialAction":[{"@type":"CommentAction","name":"Comment","target":["https:\/\/jornalfatosenoticias.com.br\/index.php\/2026\/09\/03\/o-associativismo-como-opcao-para-fortalecer-empresas-e-pessoas\/#respond"]}]},{"@type":"WebPage","@id":"https:\/\/jornalfatosenoticias.com.br\/index.php\/2026\/09\/03\/o-associativismo-como-opcao-para-fortalecer-empresas-e-pessoas\/","url":"https:\/\/jornalfatosenoticias.com.br\/index.php\/2026\/09\/03\/o-associativismo-como-opcao-para-fortalecer-empresas-e-pessoas\/","name":"O associativismo como op\u00e7\u00e3o para fortalecer empresas e pessoas - Jornal Fatos e Not\u00edcias","isPartOf":{"@id":"https:\/\/jornalfatosenoticias.com.br\/#website"},"primaryImageOfPage":{"@id":"https:\/\/jornalfatosenoticias.com.br\/index.php\/2026\/09\/03\/o-associativismo-como-opcao-para-fortalecer-empresas-e-pessoas\/#primaryimage"},"image":{"@id":"https:\/\/jornalfatosenoticias.com.br\/index.php\/2026\/09\/03\/o-associativismo-como-opcao-para-fortalecer-empresas-e-pessoas\/#primaryimage"},"thumbnailUrl":"https:\/\/jornalfatosenoticias.com.br\/wp-content\/uploads\/2026\/09\/Luiz-Alberto-Texeira-Transcares.jpg","datePublished":"2026-09-03T23:56:40+00:00","dateModified":"2026-09-03T23:56:42+00:00","breadcrumb":{"@id":"https:\/\/jornalfatosenoticias.com.br\/index.php\/2026\/09\/03\/o-associativismo-como-opcao-para-fortalecer-empresas-e-pessoas\/#breadcrumb"},"inLanguage":"pt-BR","potentialAction":[{"@type":"ReadAction","target":["https:\/\/jornalfatosenoticias.com.br\/index.php\/2026\/09\/03\/o-associativismo-como-opcao-para-fortalecer-empresas-e-pessoas\/"]}]},{"@type":"ImageObject","inLanguage":"pt-BR","@id":"https:\/\/jornalfatosenoticias.com.br\/index.php\/2026\/09\/03\/o-associativismo-como-opcao-para-fortalecer-empresas-e-pessoas\/#primaryimage","url":"https:\/\/jornalfatosenoticias.com.br\/wp-content\/uploads\/2026\/09\/Luiz-Alberto-Texeira-Transcares.jpg","contentUrl":"https:\/\/jornalfatosenoticias.com.br\/wp-content\/uploads\/2026\/09\/Luiz-Alberto-Texeira-Transcares.jpg","width":1000,"height":625},{"@type":"BreadcrumbList","@id":"https:\/\/jornalfatosenoticias.com.br\/index.php\/2026\/09\/03\/o-associativismo-como-opcao-para-fortalecer-empresas-e-pessoas\/#breadcrumb","itemListElement":[{"@type":"ListItem","position":1,"name":"In\u00edcio","item":"https:\/\/jornalfatosenoticias.com.br\/"},{"@type":"ListItem","position":2,"name":"O associativismo como op\u00e7\u00e3o para fortalecer empresas e pessoas"}]},{"@type":"WebSite","@id":"https:\/\/jornalfatosenoticias.com.br\/#website","url":"https:\/\/jornalfatosenoticias.com.br\/","name":"Jornal Fatos e Not\u00edcias","description":"Not\u00edcias em geral","publisher":{"@id":"https:\/\/jornalfatosenoticias.com.br\/#organization"},"potentialAction":[{"@type":"SearchAction","target":{"@type":"EntryPoint","urlTemplate":"https:\/\/jornalfatosenoticias.com.br\/?s={search_term_string}"},"query-input":{"@type":"PropertyValueSpecification","valueRequired":true,"valueName":"search_term_string"}}],"inLanguage":"pt-BR"},{"@type":"Organization","@id":"https:\/\/jornalfatosenoticias.com.br\/#organization","name":"Jornal Fatos e Not\u00edcias","url":"https:\/\/jornalfatosenoticias.com.br\/","logo":{"@type":"ImageObject","inLanguage":"pt-BR","@id":"https:\/\/jornalfatosenoticias.com.br\/#\/schema\/logo\/image\/","url":"https:\/\/jornalfatosenoticias.com.br\/wp-content\/uploads\/2020\/02\/logo120.png","contentUrl":"https:\/\/jornalfatosenoticias.com.br\/wp-content\/uploads\/2020\/02\/logo120.png","width":1227,"height":120,"caption":"Jornal Fatos e Not\u00edcias"},"image":{"@id":"https:\/\/jornalfatosenoticias.com.br\/#\/schema\/logo\/image\/"}},{"@type":"Person","@id":"https:\/\/jornalfatosenoticias.com.br\/#\/schema\/person\/d63837fa13ac8666eb9e74e0985d6f81","name":"Luzimara Fernandes","image":{"@type":"ImageObject","inLanguage":"pt-BR","@id":"https:\/\/jornalfatosenoticias.com.br\/#\/schema\/person\/image\/","url":"https:\/\/jornalfatosenoticias.com.br\/wp-content\/uploads\/2025\/05\/EU_portal.jpg","contentUrl":"https:\/\/jornalfatosenoticias.com.br\/wp-content\/uploads\/2025\/05\/EU_portal.jpg","caption":"Luzimara Fernandes"},"description":"Jornalista MTB 2358-ES","sameAs":["https:\/\/jornalfatosenoticias.com.br"],"url":"https:\/\/jornalfatosenoticias.com.br\/index.php\/author\/luzimara\/"}]}},"cc_featured_image_caption":{"caption_text":"Luiz Alberto Teixeira (Foto: Transcares\/Divulga\u00e7\u00e3o)\r\n","source_text":"","source_url":""},"jetpack_featured_media_url":"https:\/\/jornalfatosenoticias.com.br\/wp-content\/uploads\/2026\/09\/Luiz-Alberto-Texeira-Transcares.jpg","_links":{"self":[{"href":"https:\/\/jornalfatosenoticias.com.br\/index.php\/wp-json\/wp\/v2\/posts\/69641","targetHints":{"allow":["GET"]}}],"collection":[{"href":"https:\/\/jornalfatosenoticias.com.br\/index.php\/wp-json\/wp\/v2\/posts"}],"about":[{"href":"https:\/\/jornalfatosenoticias.com.br\/index.php\/wp-json\/wp\/v2\/types\/post"}],"author":[{"embeddable":true,"href":"https:\/\/jornalfatosenoticias.com.br\/index.php\/wp-json\/wp\/v2\/users\/2"}],"replies":[{"embeddable":true,"href":"https:\/\/jornalfatosenoticias.com.br\/index.php\/wp-json\/wp\/v2\/comments?post=69641"}],"version-history":[{"count":1,"href":"https:\/\/jornalfatosenoticias.com.br\/index.php\/wp-json\/wp\/v2\/posts\/69641\/revisions"}],"predecessor-version":[{"id":69646,"href":"https:\/\/jornalfatosenoticias.com.br\/index.php\/wp-json\/wp\/v2\/posts\/69641\/revisions\/69646"}],"wp:featuredmedia":[{"embeddable":true,"href":"https:\/\/jornalfatosenoticias.com.br\/index.php\/wp-json\/wp\/v2\/media\/69645"}],"wp:attachment":[{"href":"https:\/\/jornalfatosenoticias.com.br\/index.php\/wp-json\/wp\/v2\/media?parent=69641"}],"wp:term":[{"taxonomy":"category","embeddable":true,"href":"https:\/\/jornalfatosenoticias.com.br\/index.php\/wp-json\/wp\/v2\/categories?post=69641"},{"taxonomy":"post_tag","embeddable":true,"href":"https:\/\/jornalfatosenoticias.com.br\/index.php\/wp-json\/wp\/v2\/tags?post=69641"}],"curies":[{"name":"wp","href":"https:\/\/api.w.org\/{rel}","templated":true}]}}