{"id":6980,"date":"2020-07-29T09:45:01","date_gmt":"2020-07-29T12:45:01","guid":{"rendered":"https:\/\/jornalfatosenoticias.com.br\/?p=6980"},"modified":"2020-07-29T09:45:05","modified_gmt":"2020-07-29T12:45:05","slug":"poluicao-do-ar-reduz-em-dois-anos-expectativa-de-vida-em-todo-o-mundo","status":"publish","type":"post","link":"https:\/\/jornalfatosenoticias.com.br\/index.php\/2020\/07\/29\/poluicao-do-ar-reduz-em-dois-anos-expectativa-de-vida-em-todo-o-mundo\/","title":{"rendered":"Polui\u00e7\u00e3o do ar reduz em dois anos expectativa de vida em todo o mundo"},"content":{"rendered":"\n<h6 class=\"wp-block-heading\"><em>S\u00e3o Paulo supera em quase tr\u00eas vezes recomenda\u00e7\u00e3o da OMS para material particulado no ar<\/em><\/h6>\n\n\n\n<p>Um relat\u00f3rio lan\u00e7ado ontem (28) mostra que a polui\u00e7\u00e3o do ar por material particulado reduz em dois anos a expectativa m\u00e9dia de vida das pessoas em todo o mundo. O Air Quality Life Index (AQLI) destaca ainda que a polui\u00e7\u00e3o particulada era o maior risco para a sa\u00fade humana antes da Covid-19 \u2014 e deve voltar a ser se n\u00e3o houver pol\u00edticas p\u00fablicas voltadas a uma redu\u00e7\u00e3o permanente ap\u00f3s a pandemia.<br>\u201cEmbora a amea\u00e7a do coronav\u00edrus seja grave e mere\u00e7a toda a aten\u00e7\u00e3o que est\u00e1 recebendo \u2014 talvez mais em alguns lugares \u2013 enfrentar a gravidade da polui\u00e7\u00e3o do ar com um vigor semelhante permitiria que bilh\u00f5es de pessoas em todo o mundo levassem vidas mais longas e saud\u00e1veis\u201d, diz Michael Greenstone, professor de economia do Milton Friedman Distinguished Service e criador do AQLI junto com colegas do Energy Policy Institute da Universidade de Chicago (EPIC).<br>O documento afirma que se todos os pa\u00edses mantiverem a polui\u00e7\u00e3o particulada dentro dos limites recomendados pela Organiza\u00e7\u00e3o Mundial da Sa\u00fade, que \u00e9 de 10 \u03bcg\/m\u00b3, a expectativa de vida atual subiria de 72 anos para 74. Em m\u00e9dia, os seres humanos est\u00e3o expostos a uma concentra\u00e7\u00e3o de 29 \u03bcg\/m\u00b3 desse tipo de contamina\u00e7\u00e3o.<\/p>\n\n\n\n<blockquote class=\"wp-block-quote is-layout-flow wp-block-quote-is-layout-flow\"><p><em>A REALIDADE \u00c9 QUE N\u00c3O H\u00c1 VACINA QUE ALIVIE A POLUI\u00c7\u00c3O DO AR. A SOLU\u00c7\u00c3O EST\u00c1 NUMA POL\u00cdTICA P\u00daBLICA ROBUSTA<\/em><\/p><\/blockquote>\n\n\n\n<p>Trabalhando dentro do corpo humano sem ser percebida, a polui\u00e7\u00e3o particulada tem um impacto mais devastador na expectativa de vida do que doen\u00e7as transmiss\u00edveis como tuberculose e HIV\/aids, assassinos comportamentais como o fumo e at\u00e9 mesmo a guerra.<br>O tabagismo leva a uma redu\u00e7\u00e3o na expectativa m\u00e9dia de vida global de cerca de 1,8 ano. O uso de \u00e1lcool e drogas reduz a expectativa de vida em 11 meses. A falta de \u00e1gua pot\u00e1vel e de saneamento subtraem sete meses. Na m\u00e9dia, HIV\/aids reduz a vida em quatro meses, e a mal\u00e1ria em tr\u00eas meses. Conflitos e terrorismo cortam 18 dias de vida.<\/p>\n\n\n\n<figure class=\"wp-block-image size-large\"><img loading=\"lazy\" decoding=\"async\" width=\"1000\" height=\"666\" src=\"https:\/\/jornalfatosenoticias.com.br\/wp-content\/uploads\/2020\/07\/poluicao.jpg\" alt=\"\" class=\"wp-image-6982\" srcset=\"https:\/\/jornalfatosenoticias.com.br\/wp-content\/uploads\/2020\/07\/poluicao.jpg 1000w, https:\/\/jornalfatosenoticias.com.br\/wp-content\/uploads\/2020\/07\/poluicao-300x200.jpg 300w, https:\/\/jornalfatosenoticias.com.br\/wp-content\/uploads\/2020\/07\/poluicao-768x511.jpg 768w\" sizes=\"auto, (max-width: 1000px) 100vw, 1000px\" \/><figcaption><em>Tr\u00e1fego pesado (Foto: Pixabay)<\/em><\/figcaption><\/figure>\n\n\n\n<h4 class=\"wp-block-heading\">Polui\u00e7\u00e3o em S\u00e3o Paulo<\/h4>\n\n\n\n<p>Mariana Veras, coordenadora do Laborat\u00f3rio de Polui\u00e7\u00e3o Atmosf\u00e9rica Experimental do Hospital das Cl\u00ednicas, teve acesso ao relat\u00f3rio e explica que os n\u00fameros referentes ao Brasil est\u00e3o longe de refletir a realidade nos grandes centros urbanos do Pa\u00eds, muitos deles sem monitoramento adequado de poluentes.<br>\u201cNo estado de S\u00e3o Paulo, a quest\u00e3o do monitoramento \u00e9 um pouco melhor, j\u00e1 que contamos com uma rede ampla da Cetesb\u201d, destaca a pesquisadora. \u201cDados dos \u00faltimos relat\u00f3rios da qualidade do ar mostram que a m\u00e9dia da concentra\u00e7\u00e3o de PM2.5 est\u00e1 em torno de 28 ug\/m\u00b3\u201d. O dado citado por Veras \u00e9 quase o triplo do recomendado pela OMS.<br>A pesquisadora explica que a polui\u00e7\u00e3o \u00e9 uma amea\u00e7a mais grave a idosos e crian\u00e7as, e que moradores da periferia, que gastam mais tempo no tr\u00e2nsito, s\u00e3o mais impactados. \u201cOs n\u00edveis atuais de polui\u00e7\u00e3o em S\u00e3o Paulo reduzem a expectativa de vida em cerca de um ano e meio, principalmente devido a c\u00e2ncer de pulm\u00e3o e de vias a\u00e9reas superiores, infarto agudo do mioc\u00e1rdio e arritmias, bronquite cr\u00f4nica e asma\u201d, afirma.<\/p>\n\n\n\n<figure class=\"wp-block-image size-large\"><img loading=\"lazy\" decoding=\"async\" width=\"1000\" height=\"365\" src=\"https:\/\/jornalfatosenoticias.com.br\/wp-content\/uploads\/2020\/07\/poluicao3.jpg\" alt=\"\" class=\"wp-image-6983\" srcset=\"https:\/\/jornalfatosenoticias.com.br\/wp-content\/uploads\/2020\/07\/poluicao3.jpg 1000w, https:\/\/jornalfatosenoticias.com.br\/wp-content\/uploads\/2020\/07\/poluicao3-300x110.jpg 300w, https:\/\/jornalfatosenoticias.com.br\/wp-content\/uploads\/2020\/07\/poluicao3-768x280.jpg 768w\" sizes=\"auto, (max-width: 1000px) 100vw, 1000px\" \/><figcaption><em>Capital paulista (Foto: Pixabay)<\/em><\/figcaption><\/figure>\n\n\n\n<p>Na capital paulista, Veras diz que a estimativa \u00e9 que morre-se por polui\u00e7\u00e3o mais do que por acidentes de tr\u00e2nsito (1.556 no ano), tr\u00eas vezes e meia do que c\u00e2ncer de mama (1.277), quase seis vezes por aids (874) ou c\u00e2ncer de pr\u00f3stata (828).<br>A bi\u00f3loga afirma que as pol\u00edticas p\u00fablicas brasileiras carecem de aplica\u00e7\u00e3o efetiva, e cita o Proconve e a Pol\u00edtica Municipal da Mudan\u00e7a do Clima de S\u00e3o Paulo. \u201cN\u00f3s fizemos um estudo na \u00e9poca do adiamento de uma das fases do Proconve. Os resultados mostraram que o adiamento por tr\u00eas anos da implementa\u00e7\u00e3o em rela\u00e7\u00e3o ao diesel provoca um excesso estimado de 13.984 mortes at\u00e9 2040 e as despesas previstas com sa\u00fade aumentam em quase US$ 11,5 bilh\u00f5es no mesmo per\u00edodo\u201d.<\/p>\n\n\n\n<h4 class=\"wp-block-heading\">Redu\u00e7\u00f5es na China<\/h4>\n\n\n\n<p>Calcula-se que 75% de toda a redu\u00e7\u00e3o mundial da polui\u00e7\u00e3o atmosf\u00e9rica foi feita na China. Desde que o pa\u00eds come\u00e7ou a chamada \u201cguerra contra a polui\u00e7\u00e3o\u201d, em 2013, o pa\u00eds reduziu a polui\u00e7\u00e3o em quase 40% em cinco anos, adicionando cerca de dois anos \u00e0 expectativa m\u00e9dia de vida da popula\u00e7\u00e3o.<\/p>\n\n\n\n<figure class=\"wp-block-image size-large\"><img loading=\"lazy\" decoding=\"async\" width=\"1000\" height=\"666\" src=\"https:\/\/jornalfatosenoticias.com.br\/wp-content\/uploads\/2020\/07\/poluicao4.jpg\" alt=\"\" class=\"wp-image-6984\" srcset=\"https:\/\/jornalfatosenoticias.com.br\/wp-content\/uploads\/2020\/07\/poluicao4.jpg 1000w, https:\/\/jornalfatosenoticias.com.br\/wp-content\/uploads\/2020\/07\/poluicao4-300x200.jpg 300w, https:\/\/jornalfatosenoticias.com.br\/wp-content\/uploads\/2020\/07\/poluicao4-768x511.jpg 768w\" sizes=\"auto, (max-width: 1000px) 100vw, 1000px\" \/><figcaption><em>Imagem de Shangai, China (Foto: Holger Link | Unsplash)<\/em><\/figcaption><\/figure>\n\n\n\n<p>Para se ter uma ideia da magnitude dessas medidas, foram necess\u00e1rias v\u00e1rias d\u00e9cadas de redu\u00e7\u00e3o da polui\u00e7\u00e3o \u2014 e at\u00e9 de recess\u00f5es econ\u00f4micas \u2014 para que os Estados Unidos e a Europa conseguissem o mesmo al\u00edvio que a China conquistou em cinco anos, sem interromper o crescimento de sua economia.<br>A redu\u00e7\u00e3o da polui\u00e7\u00e3o atmosf\u00e9rica em alguns pa\u00edses foi anulada globalmente pelo agravamento das condi\u00e7\u00f5es em outras regi\u00f5es. A situa\u00e7\u00e3o mais alarmante \u00e9 a do Sul da \u00c1sia, que registou um aumento de 44% na polui\u00e7\u00e3o, reduzindo a expectativa de vida em cinco anos em m\u00e9dia em Bangladesh, \u00cdndia, Nepal e Paquist\u00e3o. Cerca de um quarto da popula\u00e7\u00e3o mundial vive nestes quatro pa\u00edses, mas eles representam 60% dos anos de vida perdidos devido \u00e0 polui\u00e7\u00e3o.<br>Bangladesh \u00e9 o pa\u00eds mais polu\u00eddo do mundo, mas uma regi\u00e3o espec\u00edfica da \u00cdndia \u2014 Uttar Pradesh, com quase 250 milh\u00f5es de habitantes \u2014 est\u00e1 expondo a popula\u00e7\u00e3o a um n\u00edvel de contamina\u00e7\u00e3o que n\u00e3o \u00e9 compar\u00e1vel a nenhum outro lugar do planeta e pode custar at\u00e9 oito anos de vida de seus moradores.<\/p>\n\n\n\n<figure class=\"wp-block-image size-large\"><img loading=\"lazy\" decoding=\"async\" width=\"1000\" height=\"427\" src=\"https:\/\/jornalfatosenoticias.com.br\/wp-content\/uploads\/2020\/07\/poluicao5.jpg\" alt=\"\" class=\"wp-image-6985\" srcset=\"https:\/\/jornalfatosenoticias.com.br\/wp-content\/uploads\/2020\/07\/poluicao5.jpg 1000w, https:\/\/jornalfatosenoticias.com.br\/wp-content\/uploads\/2020\/07\/poluicao5-300x128.jpg 300w, https:\/\/jornalfatosenoticias.com.br\/wp-content\/uploads\/2020\/07\/poluicao5-768x328.jpg 768w\" sizes=\"auto, (max-width: 1000px) 100vw, 1000px\" \/><\/figure>\n\n\n\n<h4 class=\"wp-block-heading\">\u00cdndice de Qualidade de Vida do Ar<\/h4>\n\n\n\n<p>O AQLI \u00e9 um \u00edndice de polui\u00e7\u00e3o que traduz a polui\u00e7\u00e3o atmosf\u00e9rica particulada na m\u00e9trica mais importante que existe: seu impacto na expectativa de vida. Esse par\u00e2metro foi desenvolvido por Michael Greenstone, professor de Economia do Milton Friedman Distinguished Service e criador do AQLI junto com colegas do Energy Policy Institute da Universidade de Chicago (EPIC).<br>O AQLI \u00e9 embasado em pesquisas que quantificam a rela\u00e7\u00e3o causal entre a exposi\u00e7\u00e3o humana de longo prazo \u00e0 polui\u00e7\u00e3o do ar e a expectativa de vida. O \u00edndice, ent\u00e3o, combina medi\u00e7\u00f5es de part\u00edculas hiperlocalizadas e globais, produzindo uma percep\u00e7\u00e3o sem precedentes do verdadeiro custo da polui\u00e7\u00e3o por part\u00edculas em comunidades ao redor do mundo.<\/p>\n\n\n\n<figure class=\"wp-block-image size-large\"><img loading=\"lazy\" decoding=\"async\" width=\"1000\" height=\"666\" src=\"https:\/\/jornalfatosenoticias.com.br\/wp-content\/uploads\/2020\/07\/poluicao6.jpg\" alt=\"\" class=\"wp-image-6986\" srcset=\"https:\/\/jornalfatosenoticias.com.br\/wp-content\/uploads\/2020\/07\/poluicao6.jpg 1000w, https:\/\/jornalfatosenoticias.com.br\/wp-content\/uploads\/2020\/07\/poluicao6-300x200.jpg 300w, https:\/\/jornalfatosenoticias.com.br\/wp-content\/uploads\/2020\/07\/poluicao6-768x511.jpg 768w\" sizes=\"auto, (max-width: 1000px) 100vw, 1000px\" \/><figcaption><em>S\u00e3o Paulo (Foto: Pixabay)<\/em><\/figcaption><\/figure>\n\n\n\n<p>O \u00cdndice tamb\u00e9m ilustra como as pol\u00edticas de polui\u00e7\u00e3o do ar podem aumentar a expectativa de vida quando cumprem as diretrizes da Organiza\u00e7\u00e3o Mundial da Sa\u00fade para o que \u00e9 considerado um n\u00edvel seguro de exposi\u00e7\u00e3o, padr\u00f5es nacionais de qualidade do ar existentes ou n\u00edveis de qualidade do ar definidos pelo usu\u00e1rio.<br>Estas informa\u00e7\u00f5es podem ajudar a informar as comunidades locais e os formuladores de pol\u00edticas sobre a import\u00e2ncia das pol\u00edticas de polui\u00e7\u00e3o do ar em termos concretos.<\/p>\n\n\n\n<p><em><strong>Fonte: <a href=\"https:\/\/ciclovivo.com.br\/planeta\/meio-ambiente\/poluicao-do-ar-reduz-em-2-anos-expectativa-de-vida-em-todo-o-mundo\/\">CicloVivo<\/a><\/strong><\/em><\/p>\n","protected":false},"excerpt":{"rendered":"<p>S\u00e3o Paulo supera em quase tr\u00eas vezes recomenda\u00e7\u00e3o da OMS para material particulado no ar Um relat\u00f3rio lan\u00e7ado ontem (28) mostra que a polui\u00e7\u00e3o do ar por material particulado reduz em dois anos a expectativa m\u00e9dia de vida das pessoas em todo o mundo. O Air Quality Life Index (AQLI) destaca ainda que a polui\u00e7\u00e3o [&hellip;]<\/p>\n","protected":false},"author":2,"featured_media":6987,"comment_status":"open","ping_status":"open","sticky":false,"template":"","format":"standard","meta":{"footnotes":""},"categories":[8],"tags":[4025,89,4024,74],"class_list":["post-6980","post","type-post","status-publish","format-standard","has-post-thumbnail","hentry","category-meio-ambiente","tag-expectativa-de-vida","tag-oms","tag-poluicao-do-ar","tag-saude"],"yoast_head":"<!-- This site is optimized with the Yoast SEO plugin v26.5 - https:\/\/yoast.com\/wordpress\/plugins\/seo\/ -->\n<title>Polui\u00e7\u00e3o do ar reduz em dois anos expectativa de vida em todo o mundo - Jornal Fatos e Not\u00edcias<\/title>\n<meta name=\"robots\" content=\"index, follow, max-snippet:-1, max-image-preview:large, max-video-preview:-1\" \/>\n<link rel=\"canonical\" href=\"https:\/\/jornalfatosenoticias.com.br\/index.php\/2020\/07\/29\/poluicao-do-ar-reduz-em-dois-anos-expectativa-de-vida-em-todo-o-mundo\/\" \/>\n<meta property=\"og:locale\" content=\"pt_BR\" \/>\n<meta property=\"og:type\" content=\"article\" \/>\n<meta property=\"og:title\" content=\"Polui\u00e7\u00e3o do ar reduz em dois anos expectativa de vida em todo o mundo - Jornal Fatos e Not\u00edcias\" \/>\n<meta property=\"og:description\" content=\"S\u00e3o Paulo supera em quase tr\u00eas vezes recomenda\u00e7\u00e3o da OMS para material particulado no ar Um relat\u00f3rio lan\u00e7ado ontem (28) mostra que a polui\u00e7\u00e3o do ar por material particulado reduz em dois anos a expectativa m\u00e9dia de vida das pessoas em todo o mundo. O Air Quality Life Index (AQLI) destaca ainda que a polui\u00e7\u00e3o [&hellip;]\" \/>\n<meta property=\"og:url\" content=\"https:\/\/jornalfatosenoticias.com.br\/index.php\/2020\/07\/29\/poluicao-do-ar-reduz-em-dois-anos-expectativa-de-vida-em-todo-o-mundo\/\" \/>\n<meta property=\"og:site_name\" content=\"Jornal Fatos e Not\u00edcias\" \/>\n<meta property=\"article:published_time\" content=\"2020-07-29T12:45:01+00:00\" \/>\n<meta property=\"article:modified_time\" content=\"2020-07-29T12:45:05+00:00\" \/>\n<meta property=\"og:image\" content=\"https:\/\/jornalfatosenoticias.com.br\/wp-content\/uploads\/2020\/07\/ivan-aleksic-unsplash-poluicao.jpg\" \/>\n\t<meta property=\"og:image:width\" content=\"1000\" \/>\n\t<meta property=\"og:image:height\" content=\"618\" \/>\n\t<meta property=\"og:image:type\" content=\"image\/jpeg\" \/>\n<meta name=\"author\" content=\"Luzimara Fernandes\" \/>\n<meta name=\"twitter:card\" content=\"summary_large_image\" \/>\n<meta name=\"twitter:label1\" content=\"Escrito por\" \/>\n\t<meta name=\"twitter:data1\" content=\"Luzimara Fernandes\" \/>\n\t<meta name=\"twitter:label2\" content=\"Est. tempo de leitura\" \/>\n\t<meta name=\"twitter:data2\" content=\"6 minutos\" \/>\n<script type=\"application\/ld+json\" class=\"yoast-schema-graph\">{\"@context\":\"https:\/\/schema.org\",\"@graph\":[{\"@type\":\"Article\",\"@id\":\"https:\/\/jornalfatosenoticias.com.br\/index.php\/2020\/07\/29\/poluicao-do-ar-reduz-em-dois-anos-expectativa-de-vida-em-todo-o-mundo\/#article\",\"isPartOf\":{\"@id\":\"https:\/\/jornalfatosenoticias.com.br\/index.php\/2020\/07\/29\/poluicao-do-ar-reduz-em-dois-anos-expectativa-de-vida-em-todo-o-mundo\/\"},\"author\":{\"name\":\"Luzimara Fernandes\",\"@id\":\"https:\/\/jornalfatosenoticias.com.br\/#\/schema\/person\/d63837fa13ac8666eb9e74e0985d6f81\"},\"headline\":\"Polui\u00e7\u00e3o do ar reduz em dois anos expectativa de vida em todo o mundo\",\"datePublished\":\"2020-07-29T12:45:01+00:00\",\"dateModified\":\"2020-07-29T12:45:05+00:00\",\"mainEntityOfPage\":{\"@id\":\"https:\/\/jornalfatosenoticias.com.br\/index.php\/2020\/07\/29\/poluicao-do-ar-reduz-em-dois-anos-expectativa-de-vida-em-todo-o-mundo\/\"},\"wordCount\":1232,\"commentCount\":0,\"publisher\":{\"@id\":\"https:\/\/jornalfatosenoticias.com.br\/#organization\"},\"image\":{\"@id\":\"https:\/\/jornalfatosenoticias.com.br\/index.php\/2020\/07\/29\/poluicao-do-ar-reduz-em-dois-anos-expectativa-de-vida-em-todo-o-mundo\/#primaryimage\"},\"thumbnailUrl\":\"https:\/\/jornalfatosenoticias.com.br\/wp-content\/uploads\/2020\/07\/ivan-aleksic-unsplash-poluicao.jpg\",\"keywords\":[\"expectativa de vida\",\"oms\",\"polui\u00e7\u00e3o do ar\",\"sa\u00fade\"],\"articleSection\":[\"Meio ambiente\"],\"inLanguage\":\"pt-BR\",\"potentialAction\":[{\"@type\":\"CommentAction\",\"name\":\"Comment\",\"target\":[\"https:\/\/jornalfatosenoticias.com.br\/index.php\/2020\/07\/29\/poluicao-do-ar-reduz-em-dois-anos-expectativa-de-vida-em-todo-o-mundo\/#respond\"]}]},{\"@type\":\"WebPage\",\"@id\":\"https:\/\/jornalfatosenoticias.com.br\/index.php\/2020\/07\/29\/poluicao-do-ar-reduz-em-dois-anos-expectativa-de-vida-em-todo-o-mundo\/\",\"url\":\"https:\/\/jornalfatosenoticias.com.br\/index.php\/2020\/07\/29\/poluicao-do-ar-reduz-em-dois-anos-expectativa-de-vida-em-todo-o-mundo\/\",\"name\":\"Polui\u00e7\u00e3o do ar reduz em dois anos expectativa de vida em todo o mundo - Jornal Fatos e Not\u00edcias\",\"isPartOf\":{\"@id\":\"https:\/\/jornalfatosenoticias.com.br\/#website\"},\"primaryImageOfPage\":{\"@id\":\"https:\/\/jornalfatosenoticias.com.br\/index.php\/2020\/07\/29\/poluicao-do-ar-reduz-em-dois-anos-expectativa-de-vida-em-todo-o-mundo\/#primaryimage\"},\"image\":{\"@id\":\"https:\/\/jornalfatosenoticias.com.br\/index.php\/2020\/07\/29\/poluicao-do-ar-reduz-em-dois-anos-expectativa-de-vida-em-todo-o-mundo\/#primaryimage\"},\"thumbnailUrl\":\"https:\/\/jornalfatosenoticias.com.br\/wp-content\/uploads\/2020\/07\/ivan-aleksic-unsplash-poluicao.jpg\",\"datePublished\":\"2020-07-29T12:45:01+00:00\",\"dateModified\":\"2020-07-29T12:45:05+00:00\",\"breadcrumb\":{\"@id\":\"https:\/\/jornalfatosenoticias.com.br\/index.php\/2020\/07\/29\/poluicao-do-ar-reduz-em-dois-anos-expectativa-de-vida-em-todo-o-mundo\/#breadcrumb\"},\"inLanguage\":\"pt-BR\",\"potentialAction\":[{\"@type\":\"ReadAction\",\"target\":[\"https:\/\/jornalfatosenoticias.com.br\/index.php\/2020\/07\/29\/poluicao-do-ar-reduz-em-dois-anos-expectativa-de-vida-em-todo-o-mundo\/\"]}]},{\"@type\":\"ImageObject\",\"inLanguage\":\"pt-BR\",\"@id\":\"https:\/\/jornalfatosenoticias.com.br\/index.php\/2020\/07\/29\/poluicao-do-ar-reduz-em-dois-anos-expectativa-de-vida-em-todo-o-mundo\/#primaryimage\",\"url\":\"https:\/\/jornalfatosenoticias.com.br\/wp-content\/uploads\/2020\/07\/ivan-aleksic-unsplash-poluicao.jpg\",\"contentUrl\":\"https:\/\/jornalfatosenoticias.com.br\/wp-content\/uploads\/2020\/07\/ivan-aleksic-unsplash-poluicao.jpg\",\"width\":1000,\"height\":618},{\"@type\":\"BreadcrumbList\",\"@id\":\"https:\/\/jornalfatosenoticias.com.br\/index.php\/2020\/07\/29\/poluicao-do-ar-reduz-em-dois-anos-expectativa-de-vida-em-todo-o-mundo\/#breadcrumb\",\"itemListElement\":[{\"@type\":\"ListItem\",\"position\":1,\"name\":\"In\u00edcio\",\"item\":\"https:\/\/jornalfatosenoticias.com.br\/\"},{\"@type\":\"ListItem\",\"position\":2,\"name\":\"Polui\u00e7\u00e3o do ar reduz em dois anos expectativa de vida em todo o mundo\"}]},{\"@type\":\"WebSite\",\"@id\":\"https:\/\/jornalfatosenoticias.com.br\/#website\",\"url\":\"https:\/\/jornalfatosenoticias.com.br\/\",\"name\":\"Jornal Fatos e Not\u00edcias\",\"description\":\"Not\u00edcias em geral\",\"publisher\":{\"@id\":\"https:\/\/jornalfatosenoticias.com.br\/#organization\"},\"potentialAction\":[{\"@type\":\"SearchAction\",\"target\":{\"@type\":\"EntryPoint\",\"urlTemplate\":\"https:\/\/jornalfatosenoticias.com.br\/?s={search_term_string}\"},\"query-input\":{\"@type\":\"PropertyValueSpecification\",\"valueRequired\":true,\"valueName\":\"search_term_string\"}}],\"inLanguage\":\"pt-BR\"},{\"@type\":\"Organization\",\"@id\":\"https:\/\/jornalfatosenoticias.com.br\/#organization\",\"name\":\"Jornal Fatos e Not\u00edcias\",\"url\":\"https:\/\/jornalfatosenoticias.com.br\/\",\"logo\":{\"@type\":\"ImageObject\",\"inLanguage\":\"pt-BR\",\"@id\":\"https:\/\/jornalfatosenoticias.com.br\/#\/schema\/logo\/image\/\",\"url\":\"https:\/\/jornalfatosenoticias.com.br\/wp-content\/uploads\/2020\/02\/logo120.png\",\"contentUrl\":\"https:\/\/jornalfatosenoticias.com.br\/wp-content\/uploads\/2020\/02\/logo120.png\",\"width\":1227,\"height\":120,\"caption\":\"Jornal Fatos e Not\u00edcias\"},\"image\":{\"@id\":\"https:\/\/jornalfatosenoticias.com.br\/#\/schema\/logo\/image\/\"}},{\"@type\":\"Person\",\"@id\":\"https:\/\/jornalfatosenoticias.com.br\/#\/schema\/person\/d63837fa13ac8666eb9e74e0985d6f81\",\"name\":\"Luzimara Fernandes\",\"image\":{\"@type\":\"ImageObject\",\"inLanguage\":\"pt-BR\",\"@id\":\"https:\/\/jornalfatosenoticias.com.br\/#\/schema\/person\/image\/\",\"url\":\"https:\/\/jornalfatosenoticias.com.br\/wp-content\/uploads\/2025\/05\/EU_portal.jpg\",\"contentUrl\":\"https:\/\/jornalfatosenoticias.com.br\/wp-content\/uploads\/2025\/05\/EU_portal.jpg\",\"caption\":\"Luzimara Fernandes\"},\"description\":\"Jornalista MTB 2358-ES\",\"sameAs\":[\"https:\/\/jornalfatosenoticias.com.br\"],\"url\":\"https:\/\/jornalfatosenoticias.com.br\/index.php\/author\/luzimara\/\"}]}<\/script>\n<!-- \/ Yoast SEO plugin. -->","yoast_head_json":{"title":"Polui\u00e7\u00e3o do ar reduz em dois anos expectativa de vida em todo o mundo - Jornal Fatos e Not\u00edcias","robots":{"index":"index","follow":"follow","max-snippet":"max-snippet:-1","max-image-preview":"max-image-preview:large","max-video-preview":"max-video-preview:-1"},"canonical":"https:\/\/jornalfatosenoticias.com.br\/index.php\/2020\/07\/29\/poluicao-do-ar-reduz-em-dois-anos-expectativa-de-vida-em-todo-o-mundo\/","og_locale":"pt_BR","og_type":"article","og_title":"Polui\u00e7\u00e3o do ar reduz em dois anos expectativa de vida em todo o mundo - Jornal Fatos e Not\u00edcias","og_description":"S\u00e3o Paulo supera em quase tr\u00eas vezes recomenda\u00e7\u00e3o da OMS para material particulado no ar Um relat\u00f3rio lan\u00e7ado ontem (28) mostra que a polui\u00e7\u00e3o do ar por material particulado reduz em dois anos a expectativa m\u00e9dia de vida das pessoas em todo o mundo. O Air Quality Life Index (AQLI) destaca ainda que a polui\u00e7\u00e3o [&hellip;]","og_url":"https:\/\/jornalfatosenoticias.com.br\/index.php\/2020\/07\/29\/poluicao-do-ar-reduz-em-dois-anos-expectativa-de-vida-em-todo-o-mundo\/","og_site_name":"Jornal Fatos e Not\u00edcias","article_published_time":"2020-07-29T12:45:01+00:00","article_modified_time":"2020-07-29T12:45:05+00:00","og_image":[{"width":1000,"height":618,"url":"https:\/\/jornalfatosenoticias.com.br\/wp-content\/uploads\/2020\/07\/ivan-aleksic-unsplash-poluicao.jpg","type":"image\/jpeg"}],"author":"Luzimara Fernandes","twitter_card":"summary_large_image","twitter_misc":{"Escrito por":"Luzimara Fernandes","Est. tempo de leitura":"6 minutos"},"schema":{"@context":"https:\/\/schema.org","@graph":[{"@type":"Article","@id":"https:\/\/jornalfatosenoticias.com.br\/index.php\/2020\/07\/29\/poluicao-do-ar-reduz-em-dois-anos-expectativa-de-vida-em-todo-o-mundo\/#article","isPartOf":{"@id":"https:\/\/jornalfatosenoticias.com.br\/index.php\/2020\/07\/29\/poluicao-do-ar-reduz-em-dois-anos-expectativa-de-vida-em-todo-o-mundo\/"},"author":{"name":"Luzimara Fernandes","@id":"https:\/\/jornalfatosenoticias.com.br\/#\/schema\/person\/d63837fa13ac8666eb9e74e0985d6f81"},"headline":"Polui\u00e7\u00e3o do ar reduz em dois anos expectativa de vida em todo o mundo","datePublished":"2020-07-29T12:45:01+00:00","dateModified":"2020-07-29T12:45:05+00:00","mainEntityOfPage":{"@id":"https:\/\/jornalfatosenoticias.com.br\/index.php\/2020\/07\/29\/poluicao-do-ar-reduz-em-dois-anos-expectativa-de-vida-em-todo-o-mundo\/"},"wordCount":1232,"commentCount":0,"publisher":{"@id":"https:\/\/jornalfatosenoticias.com.br\/#organization"},"image":{"@id":"https:\/\/jornalfatosenoticias.com.br\/index.php\/2020\/07\/29\/poluicao-do-ar-reduz-em-dois-anos-expectativa-de-vida-em-todo-o-mundo\/#primaryimage"},"thumbnailUrl":"https:\/\/jornalfatosenoticias.com.br\/wp-content\/uploads\/2020\/07\/ivan-aleksic-unsplash-poluicao.jpg","keywords":["expectativa de vida","oms","polui\u00e7\u00e3o do ar","sa\u00fade"],"articleSection":["Meio ambiente"],"inLanguage":"pt-BR","potentialAction":[{"@type":"CommentAction","name":"Comment","target":["https:\/\/jornalfatosenoticias.com.br\/index.php\/2020\/07\/29\/poluicao-do-ar-reduz-em-dois-anos-expectativa-de-vida-em-todo-o-mundo\/#respond"]}]},{"@type":"WebPage","@id":"https:\/\/jornalfatosenoticias.com.br\/index.php\/2020\/07\/29\/poluicao-do-ar-reduz-em-dois-anos-expectativa-de-vida-em-todo-o-mundo\/","url":"https:\/\/jornalfatosenoticias.com.br\/index.php\/2020\/07\/29\/poluicao-do-ar-reduz-em-dois-anos-expectativa-de-vida-em-todo-o-mundo\/","name":"Polui\u00e7\u00e3o do ar reduz em dois anos expectativa de vida em todo o mundo - Jornal Fatos e Not\u00edcias","isPartOf":{"@id":"https:\/\/jornalfatosenoticias.com.br\/#website"},"primaryImageOfPage":{"@id":"https:\/\/jornalfatosenoticias.com.br\/index.php\/2020\/07\/29\/poluicao-do-ar-reduz-em-dois-anos-expectativa-de-vida-em-todo-o-mundo\/#primaryimage"},"image":{"@id":"https:\/\/jornalfatosenoticias.com.br\/index.php\/2020\/07\/29\/poluicao-do-ar-reduz-em-dois-anos-expectativa-de-vida-em-todo-o-mundo\/#primaryimage"},"thumbnailUrl":"https:\/\/jornalfatosenoticias.com.br\/wp-content\/uploads\/2020\/07\/ivan-aleksic-unsplash-poluicao.jpg","datePublished":"2020-07-29T12:45:01+00:00","dateModified":"2020-07-29T12:45:05+00:00","breadcrumb":{"@id":"https:\/\/jornalfatosenoticias.com.br\/index.php\/2020\/07\/29\/poluicao-do-ar-reduz-em-dois-anos-expectativa-de-vida-em-todo-o-mundo\/#breadcrumb"},"inLanguage":"pt-BR","potentialAction":[{"@type":"ReadAction","target":["https:\/\/jornalfatosenoticias.com.br\/index.php\/2020\/07\/29\/poluicao-do-ar-reduz-em-dois-anos-expectativa-de-vida-em-todo-o-mundo\/"]}]},{"@type":"ImageObject","inLanguage":"pt-BR","@id":"https:\/\/jornalfatosenoticias.com.br\/index.php\/2020\/07\/29\/poluicao-do-ar-reduz-em-dois-anos-expectativa-de-vida-em-todo-o-mundo\/#primaryimage","url":"https:\/\/jornalfatosenoticias.com.br\/wp-content\/uploads\/2020\/07\/ivan-aleksic-unsplash-poluicao.jpg","contentUrl":"https:\/\/jornalfatosenoticias.com.br\/wp-content\/uploads\/2020\/07\/ivan-aleksic-unsplash-poluicao.jpg","width":1000,"height":618},{"@type":"BreadcrumbList","@id":"https:\/\/jornalfatosenoticias.com.br\/index.php\/2020\/07\/29\/poluicao-do-ar-reduz-em-dois-anos-expectativa-de-vida-em-todo-o-mundo\/#breadcrumb","itemListElement":[{"@type":"ListItem","position":1,"name":"In\u00edcio","item":"https:\/\/jornalfatosenoticias.com.br\/"},{"@type":"ListItem","position":2,"name":"Polui\u00e7\u00e3o do ar reduz em dois anos expectativa de vida em todo o mundo"}]},{"@type":"WebSite","@id":"https:\/\/jornalfatosenoticias.com.br\/#website","url":"https:\/\/jornalfatosenoticias.com.br\/","name":"Jornal Fatos e Not\u00edcias","description":"Not\u00edcias em geral","publisher":{"@id":"https:\/\/jornalfatosenoticias.com.br\/#organization"},"potentialAction":[{"@type":"SearchAction","target":{"@type":"EntryPoint","urlTemplate":"https:\/\/jornalfatosenoticias.com.br\/?s={search_term_string}"},"query-input":{"@type":"PropertyValueSpecification","valueRequired":true,"valueName":"search_term_string"}}],"inLanguage":"pt-BR"},{"@type":"Organization","@id":"https:\/\/jornalfatosenoticias.com.br\/#organization","name":"Jornal Fatos e Not\u00edcias","url":"https:\/\/jornalfatosenoticias.com.br\/","logo":{"@type":"ImageObject","inLanguage":"pt-BR","@id":"https:\/\/jornalfatosenoticias.com.br\/#\/schema\/logo\/image\/","url":"https:\/\/jornalfatosenoticias.com.br\/wp-content\/uploads\/2020\/02\/logo120.png","contentUrl":"https:\/\/jornalfatosenoticias.com.br\/wp-content\/uploads\/2020\/02\/logo120.png","width":1227,"height":120,"caption":"Jornal Fatos e Not\u00edcias"},"image":{"@id":"https:\/\/jornalfatosenoticias.com.br\/#\/schema\/logo\/image\/"}},{"@type":"Person","@id":"https:\/\/jornalfatosenoticias.com.br\/#\/schema\/person\/d63837fa13ac8666eb9e74e0985d6f81","name":"Luzimara Fernandes","image":{"@type":"ImageObject","inLanguage":"pt-BR","@id":"https:\/\/jornalfatosenoticias.com.br\/#\/schema\/person\/image\/","url":"https:\/\/jornalfatosenoticias.com.br\/wp-content\/uploads\/2025\/05\/EU_portal.jpg","contentUrl":"https:\/\/jornalfatosenoticias.com.br\/wp-content\/uploads\/2025\/05\/EU_portal.jpg","caption":"Luzimara Fernandes"},"description":"Jornalista MTB 2358-ES","sameAs":["https:\/\/jornalfatosenoticias.com.br"],"url":"https:\/\/jornalfatosenoticias.com.br\/index.php\/author\/luzimara\/"}]}},"cc_featured_image_caption":{"caption_text":"(Foto: Ivan Aleksic\/Unsplash)","source_text":"","source_url":""},"jetpack_featured_media_url":"https:\/\/jornalfatosenoticias.com.br\/wp-content\/uploads\/2020\/07\/ivan-aleksic-unsplash-poluicao.jpg","_links":{"self":[{"href":"https:\/\/jornalfatosenoticias.com.br\/index.php\/wp-json\/wp\/v2\/posts\/6980","targetHints":{"allow":["GET"]}}],"collection":[{"href":"https:\/\/jornalfatosenoticias.com.br\/index.php\/wp-json\/wp\/v2\/posts"}],"about":[{"href":"https:\/\/jornalfatosenoticias.com.br\/index.php\/wp-json\/wp\/v2\/types\/post"}],"author":[{"embeddable":true,"href":"https:\/\/jornalfatosenoticias.com.br\/index.php\/wp-json\/wp\/v2\/users\/2"}],"replies":[{"embeddable":true,"href":"https:\/\/jornalfatosenoticias.com.br\/index.php\/wp-json\/wp\/v2\/comments?post=6980"}],"version-history":[{"count":0,"href":"https:\/\/jornalfatosenoticias.com.br\/index.php\/wp-json\/wp\/v2\/posts\/6980\/revisions"}],"wp:featuredmedia":[{"embeddable":true,"href":"https:\/\/jornalfatosenoticias.com.br\/index.php\/wp-json\/wp\/v2\/media\/6987"}],"wp:attachment":[{"href":"https:\/\/jornalfatosenoticias.com.br\/index.php\/wp-json\/wp\/v2\/media?parent=6980"}],"wp:term":[{"taxonomy":"category","embeddable":true,"href":"https:\/\/jornalfatosenoticias.com.br\/index.php\/wp-json\/wp\/v2\/categories?post=6980"},{"taxonomy":"post_tag","embeddable":true,"href":"https:\/\/jornalfatosenoticias.com.br\/index.php\/wp-json\/wp\/v2\/tags?post=6980"}],"curies":[{"name":"wp","href":"https:\/\/api.w.org\/{rel}","templated":true}]}}