{"id":6996,"date":"2020-07-29T10:20:22","date_gmt":"2020-07-29T13:20:22","guid":{"rendered":"https:\/\/jornalfatosenoticias.com.br\/?p=6996"},"modified":"2020-07-29T10:24:29","modified_gmt":"2020-07-29T13:24:29","slug":"curso-on-line-ensina-arquitetura-ecologica","status":"publish","type":"post","link":"https:\/\/jornalfatosenoticias.com.br\/index.php\/2020\/07\/29\/curso-on-line-ensina-arquitetura-ecologica\/","title":{"rendered":"Curso on-line ensina arquitetura ecol\u00f3gica"},"content":{"rendered":"\n<h6 class=\"wp-block-heading\"><em>Curso \u00e9 aberto a todos que tenham interesse em conceitos e t\u00e9cnicas de constru\u00e7\u00e3o sustent\u00e1vel e ecologia<\/em><\/h6>\n\n\n\n<p>Gera\u00e7\u00e3o de res\u00edduos s\u00f3lidos em abund\u00e2ncia, consumo exacerbado de recursos naturais e utiliza\u00e7\u00e3o de energia de forma descontrolada. Estes s\u00e3o alguns dos fatores apontados pelo Conselho Internacional da Constru\u00e7\u00e3o (CIB) que colocam a ind\u00fastria da constru\u00e7\u00e3o como o setor de atividades humanas mais respons\u00e1vel pelos impactos ambientais no mundo.<br>O levantamento do conselho estima que mais de 50% dos res\u00edduos s\u00f3lidos gerados pelo conjunto das atividades humanas sejam provenientes da constru\u00e7\u00e3o.<br>Com alternativas que visam \u00e0 sustentabilidade nas obras, o Ek\u00f4a Park, por meio de sua escola de natureza (Tek\u00f4a), acaba de lan\u00e7ar o curso de Arquitetura Ecol\u00f3gica on-line, que j\u00e1 era oferecido presencialmente, mas foi adaptado durante a pandemia.<\/p>\n\n\n\n<blockquote class=\"wp-block-quote is-layout-flow wp-block-quote-is-layout-flow\"><p>\u201cSabemos que \u00e9 um per\u00edodo dif\u00edcil para viagens e deslocamentos e, ao mesmo tempo, \u00e9 um momento que todos est\u00e3o com sede de conhecimento, procurando novas formas de fazer as coisas\u201d, comenta a coordenadora do Tek\u00f4a, Ana Luiza de Rosa.<\/p><\/blockquote>\n\n\n\n<h4 class=\"wp-block-heading\">Curso para todos<\/h4>\n\n\n\n<p>Segundo o coordenador pedag\u00f3gico do curso de Arquitetura Ecol\u00f3gica, Tomaz Lotufo, o programa \u00e9 voltado n\u00e3o s\u00f3 para arquitetos e engenheiros. \u201cTodos que t\u00eam interesse em compreender as quest\u00f5es centrais da ecologia no que se refere \u00e0 habita\u00e7\u00e3o s\u00e3o muito bem-vindos ao curso\u201d, explica.<br>O programa busca planejar a habita\u00e7\u00e3o, diagnosticar o local e usar as for\u00e7as da natureza a favor de quem constr\u00f3i. \u201cAs solu\u00e7\u00f5es de infraestrutura da habita\u00e7\u00e3o precisam ser baseadas no que n\u00f3s vemos na natureza. Nesse v\u00ednculo. A gente esquece que a natureza re\u00fane conhecimentos milenares e que a gente pode usar isso de uma maneira mais adequada\u201d, afirma o coordenador pedag\u00f3gico.<br>Hoje (29) ser\u00e1 realizada uma aula inaugural, aberta e gratuita, com Tomaz Lotufo.<\/p>\n\n\n\n<p><strong>As inscri\u00e7\u00f5es devem ser feitas por e-mail <a rel=\"noreferrer noopener\" href=\"mailto:agenda@ekoapark.com.br\" target=\"_blank\">agenda@ekoapark.com.br<\/a>.<\/strong><\/p>\n\n\n\n<p><strong>As vagas s\u00e3o limitadas.<\/strong><\/p>\n\n\n\n<figure class=\"wp-block-image size-large\"><img loading=\"lazy\" decoding=\"async\" width=\"1000\" height=\"664\" src=\"https:\/\/jornalfatosenoticias.com.br\/wp-content\/uploads\/2020\/07\/viveiro.jpg\" alt=\"\" class=\"wp-image-6997\" srcset=\"https:\/\/jornalfatosenoticias.com.br\/wp-content\/uploads\/2020\/07\/viveiro.jpg 1000w, https:\/\/jornalfatosenoticias.com.br\/wp-content\/uploads\/2020\/07\/viveiro-300x199.jpg 300w, https:\/\/jornalfatosenoticias.com.br\/wp-content\/uploads\/2020\/07\/viveiro-768x510.jpg 768w\" sizes=\"auto, (max-width: 1000px) 100vw, 1000px\" \/><figcaption><em>Casa Viveiro (Foto: Albori Ribeiro)<\/em><\/figcaption><\/figure>\n\n\n\n<h4 class=\"wp-block-heading\">Confira a programa\u00e7\u00e3o completa<\/h4>\n\n\n\n<p>As aulas ser\u00e3o on-line e ao vivo, todas as quartas-feiras, de agosto a dezembro. Os alunos podem se inscrever para o programa completo (R$ 330 por m\u00eas) ou para m\u00f3dulos espec\u00edficos (R$ 400 por m\u00f3dulo).<\/p>\n\n\n\n<ul class=\"wp-block-list\"><li><strong>M\u00f3dulo I \u2013<\/strong> Materiais e T\u00e9cnicas, com Helena Ruette \/ dias 05, 12, 19 e 26\/08;<\/li><li><strong>M\u00f3dulo II \u2013<\/strong> \u00c1gua: Solu\u00e7\u00f5es Baseadas na Natureza, com Guilherme Castagna \/ dias 02, 09, 16 e 23\/09;<\/li><li><strong>M\u00f3dulo III \u2013<\/strong> Energia Renov\u00e1vel e Arquitetura Bioclim\u00e1tica, com Nilson Dias \/ dias 30\/09, 07, 14 e 21\/10;<\/li><li><strong>M\u00f3dulo IV \u2013<\/strong> Paisagismo Regenerativo, com Bianca Leopoldino e Karin Hanzi \/ dias 26\/10, 04, 11 e 18\/11;<\/li><li><strong>M\u00f3dulo V \u2013<\/strong> Arquitetura de Impacto Social Positivo, com Edgard Gouveia Jr, Marcelo Rosenbaum e Ti\u00e3o Rocha \/ dias 25\/11, 02, 09, 16\/12;<\/li><\/ul>\n\n\n\n<p><strong><em>Fonte: <a href=\"https:\/\/ciclovivo.com.br\/arq-urb\/arquitetura\/curso-online-ensina-arquitetura-ecologica\/\">CicloVivo<\/a><\/em><\/strong><\/p>\n","protected":false},"excerpt":{"rendered":"<p>Curso \u00e9 aberto a todos que tenham interesse em conceitos e t\u00e9cnicas de constru\u00e7\u00e3o sustent\u00e1vel e ecologia Gera\u00e7\u00e3o de res\u00edduos s\u00f3lidos em abund\u00e2ncia, consumo exacerbado de recursos naturais e utiliza\u00e7\u00e3o de energia de forma descontrolada. Estes s\u00e3o alguns dos fatores apontados pelo Conselho Internacional da Constru\u00e7\u00e3o (CIB) que colocam a ind\u00fastria da constru\u00e7\u00e3o como o [&hellip;]<\/p>\n","protected":false},"author":2,"featured_media":7001,"comment_status":"open","ping_status":"open","sticky":false,"template":"","format":"standard","meta":{"footnotes":""},"categories":[5],"tags":[4030,4028,2537,897,4029],"class_list":["post-6996","post","type-post","status-publish","format-standard","has-post-thumbnail","hentry","category-geral","tag-alternativas","tag-arquitetura-ecologica","tag-construcao-sustentavel","tag-ecologia","tag-recursos-naturais"],"yoast_head":"<!-- This site is optimized with the Yoast SEO plugin v26.5 - https:\/\/yoast.com\/wordpress\/plugins\/seo\/ -->\n<title>Curso on-line ensina arquitetura ecol\u00f3gica - Jornal Fatos e Not\u00edcias<\/title>\n<meta name=\"robots\" content=\"index, follow, max-snippet:-1, max-image-preview:large, max-video-preview:-1\" \/>\n<link rel=\"canonical\" href=\"https:\/\/jornalfatosenoticias.com.br\/index.php\/2020\/07\/29\/curso-on-line-ensina-arquitetura-ecologica\/\" \/>\n<meta property=\"og:locale\" content=\"pt_BR\" \/>\n<meta property=\"og:type\" content=\"article\" \/>\n<meta property=\"og:title\" content=\"Curso on-line ensina arquitetura ecol\u00f3gica - Jornal Fatos e Not\u00edcias\" \/>\n<meta property=\"og:description\" content=\"Curso \u00e9 aberto a todos que tenham interesse em conceitos e t\u00e9cnicas de constru\u00e7\u00e3o sustent\u00e1vel e ecologia Gera\u00e7\u00e3o de res\u00edduos s\u00f3lidos em abund\u00e2ncia, consumo exacerbado de recursos naturais e utiliza\u00e7\u00e3o de energia de forma descontrolada. Estes s\u00e3o alguns dos fatores apontados pelo Conselho Internacional da Constru\u00e7\u00e3o (CIB) que colocam a ind\u00fastria da constru\u00e7\u00e3o como o [&hellip;]\" \/>\n<meta property=\"og:url\" content=\"https:\/\/jornalfatosenoticias.com.br\/index.php\/2020\/07\/29\/curso-on-line-ensina-arquitetura-ecologica\/\" \/>\n<meta property=\"og:site_name\" content=\"Jornal Fatos e Not\u00edcias\" \/>\n<meta property=\"article:published_time\" content=\"2020-07-29T13:20:22+00:00\" \/>\n<meta property=\"article:modified_time\" content=\"2020-07-29T13:24:29+00:00\" \/>\n<meta property=\"og:image\" content=\"https:\/\/jornalfatosenoticias.com.br\/wp-content\/uploads\/2020\/07\/Ekoa-curso-arquitetura-ecologica-capa.jpg\" \/>\n\t<meta property=\"og:image:width\" content=\"1000\" \/>\n\t<meta property=\"og:image:height\" content=\"667\" \/>\n\t<meta property=\"og:image:type\" content=\"image\/jpeg\" \/>\n<meta name=\"author\" content=\"Luzimara Fernandes\" \/>\n<meta name=\"twitter:card\" content=\"summary_large_image\" \/>\n<meta name=\"twitter:label1\" content=\"Escrito por\" \/>\n\t<meta name=\"twitter:data1\" content=\"Luzimara Fernandes\" \/>\n\t<meta name=\"twitter:label2\" content=\"Est. tempo de leitura\" \/>\n\t<meta name=\"twitter:data2\" content=\"2 minutos\" \/>\n<script type=\"application\/ld+json\" class=\"yoast-schema-graph\">{\"@context\":\"https:\/\/schema.org\",\"@graph\":[{\"@type\":\"Article\",\"@id\":\"https:\/\/jornalfatosenoticias.com.br\/index.php\/2020\/07\/29\/curso-on-line-ensina-arquitetura-ecologica\/#article\",\"isPartOf\":{\"@id\":\"https:\/\/jornalfatosenoticias.com.br\/index.php\/2020\/07\/29\/curso-on-line-ensina-arquitetura-ecologica\/\"},\"author\":{\"name\":\"Luzimara Fernandes\",\"@id\":\"https:\/\/jornalfatosenoticias.com.br\/#\/schema\/person\/d63837fa13ac8666eb9e74e0985d6f81\"},\"headline\":\"Curso on-line ensina arquitetura ecol\u00f3gica\",\"datePublished\":\"2020-07-29T13:20:22+00:00\",\"dateModified\":\"2020-07-29T13:24:29+00:00\",\"mainEntityOfPage\":{\"@id\":\"https:\/\/jornalfatosenoticias.com.br\/index.php\/2020\/07\/29\/curso-on-line-ensina-arquitetura-ecologica\/\"},\"wordCount\":467,\"commentCount\":0,\"publisher\":{\"@id\":\"https:\/\/jornalfatosenoticias.com.br\/#organization\"},\"image\":{\"@id\":\"https:\/\/jornalfatosenoticias.com.br\/index.php\/2020\/07\/29\/curso-on-line-ensina-arquitetura-ecologica\/#primaryimage\"},\"thumbnailUrl\":\"https:\/\/jornalfatosenoticias.com.br\/wp-content\/uploads\/2020\/07\/Ekoa-curso-arquitetura-ecologica-capa.jpg\",\"keywords\":[\"alternativas\",\"arquitetura ecol\u00f3gica\",\"constru\u00e7\u00e3o sustent\u00e1vel\",\"ecologia\",\"recursos naturais\"],\"articleSection\":[\"Geral\"],\"inLanguage\":\"pt-BR\",\"potentialAction\":[{\"@type\":\"CommentAction\",\"name\":\"Comment\",\"target\":[\"https:\/\/jornalfatosenoticias.com.br\/index.php\/2020\/07\/29\/curso-on-line-ensina-arquitetura-ecologica\/#respond\"]}]},{\"@type\":\"WebPage\",\"@id\":\"https:\/\/jornalfatosenoticias.com.br\/index.php\/2020\/07\/29\/curso-on-line-ensina-arquitetura-ecologica\/\",\"url\":\"https:\/\/jornalfatosenoticias.com.br\/index.php\/2020\/07\/29\/curso-on-line-ensina-arquitetura-ecologica\/\",\"name\":\"Curso on-line ensina arquitetura ecol\u00f3gica - Jornal Fatos e Not\u00edcias\",\"isPartOf\":{\"@id\":\"https:\/\/jornalfatosenoticias.com.br\/#website\"},\"primaryImageOfPage\":{\"@id\":\"https:\/\/jornalfatosenoticias.com.br\/index.php\/2020\/07\/29\/curso-on-line-ensina-arquitetura-ecologica\/#primaryimage\"},\"image\":{\"@id\":\"https:\/\/jornalfatosenoticias.com.br\/index.php\/2020\/07\/29\/curso-on-line-ensina-arquitetura-ecologica\/#primaryimage\"},\"thumbnailUrl\":\"https:\/\/jornalfatosenoticias.com.br\/wp-content\/uploads\/2020\/07\/Ekoa-curso-arquitetura-ecologica-capa.jpg\",\"datePublished\":\"2020-07-29T13:20:22+00:00\",\"dateModified\":\"2020-07-29T13:24:29+00:00\",\"breadcrumb\":{\"@id\":\"https:\/\/jornalfatosenoticias.com.br\/index.php\/2020\/07\/29\/curso-on-line-ensina-arquitetura-ecologica\/#breadcrumb\"},\"inLanguage\":\"pt-BR\",\"potentialAction\":[{\"@type\":\"ReadAction\",\"target\":[\"https:\/\/jornalfatosenoticias.com.br\/index.php\/2020\/07\/29\/curso-on-line-ensina-arquitetura-ecologica\/\"]}]},{\"@type\":\"ImageObject\",\"inLanguage\":\"pt-BR\",\"@id\":\"https:\/\/jornalfatosenoticias.com.br\/index.php\/2020\/07\/29\/curso-on-line-ensina-arquitetura-ecologica\/#primaryimage\",\"url\":\"https:\/\/jornalfatosenoticias.com.br\/wp-content\/uploads\/2020\/07\/Ekoa-curso-arquitetura-ecologica-capa.jpg\",\"contentUrl\":\"https:\/\/jornalfatosenoticias.com.br\/wp-content\/uploads\/2020\/07\/Ekoa-curso-arquitetura-ecologica-capa.jpg\",\"width\":1000,\"height\":667},{\"@type\":\"BreadcrumbList\",\"@id\":\"https:\/\/jornalfatosenoticias.com.br\/index.php\/2020\/07\/29\/curso-on-line-ensina-arquitetura-ecologica\/#breadcrumb\",\"itemListElement\":[{\"@type\":\"ListItem\",\"position\":1,\"name\":\"In\u00edcio\",\"item\":\"https:\/\/jornalfatosenoticias.com.br\/\"},{\"@type\":\"ListItem\",\"position\":2,\"name\":\"Curso on-line ensina arquitetura ecol\u00f3gica\"}]},{\"@type\":\"WebSite\",\"@id\":\"https:\/\/jornalfatosenoticias.com.br\/#website\",\"url\":\"https:\/\/jornalfatosenoticias.com.br\/\",\"name\":\"Jornal Fatos e Not\u00edcias\",\"description\":\"Not\u00edcias em geral\",\"publisher\":{\"@id\":\"https:\/\/jornalfatosenoticias.com.br\/#organization\"},\"potentialAction\":[{\"@type\":\"SearchAction\",\"target\":{\"@type\":\"EntryPoint\",\"urlTemplate\":\"https:\/\/jornalfatosenoticias.com.br\/?s={search_term_string}\"},\"query-input\":{\"@type\":\"PropertyValueSpecification\",\"valueRequired\":true,\"valueName\":\"search_term_string\"}}],\"inLanguage\":\"pt-BR\"},{\"@type\":\"Organization\",\"@id\":\"https:\/\/jornalfatosenoticias.com.br\/#organization\",\"name\":\"Jornal Fatos e Not\u00edcias\",\"url\":\"https:\/\/jornalfatosenoticias.com.br\/\",\"logo\":{\"@type\":\"ImageObject\",\"inLanguage\":\"pt-BR\",\"@id\":\"https:\/\/jornalfatosenoticias.com.br\/#\/schema\/logo\/image\/\",\"url\":\"https:\/\/jornalfatosenoticias.com.br\/wp-content\/uploads\/2020\/02\/logo120.png\",\"contentUrl\":\"https:\/\/jornalfatosenoticias.com.br\/wp-content\/uploads\/2020\/02\/logo120.png\",\"width\":1227,\"height\":120,\"caption\":\"Jornal Fatos e Not\u00edcias\"},\"image\":{\"@id\":\"https:\/\/jornalfatosenoticias.com.br\/#\/schema\/logo\/image\/\"}},{\"@type\":\"Person\",\"@id\":\"https:\/\/jornalfatosenoticias.com.br\/#\/schema\/person\/d63837fa13ac8666eb9e74e0985d6f81\",\"name\":\"Luzimara Fernandes\",\"image\":{\"@type\":\"ImageObject\",\"inLanguage\":\"pt-BR\",\"@id\":\"https:\/\/jornalfatosenoticias.com.br\/#\/schema\/person\/image\/\",\"url\":\"https:\/\/jornalfatosenoticias.com.br\/wp-content\/uploads\/2025\/05\/EU_portal.jpg\",\"contentUrl\":\"https:\/\/jornalfatosenoticias.com.br\/wp-content\/uploads\/2025\/05\/EU_portal.jpg\",\"caption\":\"Luzimara Fernandes\"},\"description\":\"Jornalista MTB 2358-ES\",\"sameAs\":[\"https:\/\/jornalfatosenoticias.com.br\"],\"url\":\"https:\/\/jornalfatosenoticias.com.br\/index.php\/author\/luzimara\/\"}]}<\/script>\n<!-- \/ Yoast SEO plugin. -->","yoast_head_json":{"title":"Curso on-line ensina arquitetura ecol\u00f3gica - Jornal Fatos e Not\u00edcias","robots":{"index":"index","follow":"follow","max-snippet":"max-snippet:-1","max-image-preview":"max-image-preview:large","max-video-preview":"max-video-preview:-1"},"canonical":"https:\/\/jornalfatosenoticias.com.br\/index.php\/2020\/07\/29\/curso-on-line-ensina-arquitetura-ecologica\/","og_locale":"pt_BR","og_type":"article","og_title":"Curso on-line ensina arquitetura ecol\u00f3gica - Jornal Fatos e Not\u00edcias","og_description":"Curso \u00e9 aberto a todos que tenham interesse em conceitos e t\u00e9cnicas de constru\u00e7\u00e3o sustent\u00e1vel e ecologia Gera\u00e7\u00e3o de res\u00edduos s\u00f3lidos em abund\u00e2ncia, consumo exacerbado de recursos naturais e utiliza\u00e7\u00e3o de energia de forma descontrolada. Estes s\u00e3o alguns dos fatores apontados pelo Conselho Internacional da Constru\u00e7\u00e3o (CIB) que colocam a ind\u00fastria da constru\u00e7\u00e3o como o [&hellip;]","og_url":"https:\/\/jornalfatosenoticias.com.br\/index.php\/2020\/07\/29\/curso-on-line-ensina-arquitetura-ecologica\/","og_site_name":"Jornal Fatos e Not\u00edcias","article_published_time":"2020-07-29T13:20:22+00:00","article_modified_time":"2020-07-29T13:24:29+00:00","og_image":[{"width":1000,"height":667,"url":"https:\/\/jornalfatosenoticias.com.br\/wp-content\/uploads\/2020\/07\/Ekoa-curso-arquitetura-ecologica-capa.jpg","type":"image\/jpeg"}],"author":"Luzimara Fernandes","twitter_card":"summary_large_image","twitter_misc":{"Escrito por":"Luzimara Fernandes","Est. tempo de leitura":"2 minutos"},"schema":{"@context":"https:\/\/schema.org","@graph":[{"@type":"Article","@id":"https:\/\/jornalfatosenoticias.com.br\/index.php\/2020\/07\/29\/curso-on-line-ensina-arquitetura-ecologica\/#article","isPartOf":{"@id":"https:\/\/jornalfatosenoticias.com.br\/index.php\/2020\/07\/29\/curso-on-line-ensina-arquitetura-ecologica\/"},"author":{"name":"Luzimara Fernandes","@id":"https:\/\/jornalfatosenoticias.com.br\/#\/schema\/person\/d63837fa13ac8666eb9e74e0985d6f81"},"headline":"Curso on-line ensina arquitetura ecol\u00f3gica","datePublished":"2020-07-29T13:20:22+00:00","dateModified":"2020-07-29T13:24:29+00:00","mainEntityOfPage":{"@id":"https:\/\/jornalfatosenoticias.com.br\/index.php\/2020\/07\/29\/curso-on-line-ensina-arquitetura-ecologica\/"},"wordCount":467,"commentCount":0,"publisher":{"@id":"https:\/\/jornalfatosenoticias.com.br\/#organization"},"image":{"@id":"https:\/\/jornalfatosenoticias.com.br\/index.php\/2020\/07\/29\/curso-on-line-ensina-arquitetura-ecologica\/#primaryimage"},"thumbnailUrl":"https:\/\/jornalfatosenoticias.com.br\/wp-content\/uploads\/2020\/07\/Ekoa-curso-arquitetura-ecologica-capa.jpg","keywords":["alternativas","arquitetura ecol\u00f3gica","constru\u00e7\u00e3o sustent\u00e1vel","ecologia","recursos naturais"],"articleSection":["Geral"],"inLanguage":"pt-BR","potentialAction":[{"@type":"CommentAction","name":"Comment","target":["https:\/\/jornalfatosenoticias.com.br\/index.php\/2020\/07\/29\/curso-on-line-ensina-arquitetura-ecologica\/#respond"]}]},{"@type":"WebPage","@id":"https:\/\/jornalfatosenoticias.com.br\/index.php\/2020\/07\/29\/curso-on-line-ensina-arquitetura-ecologica\/","url":"https:\/\/jornalfatosenoticias.com.br\/index.php\/2020\/07\/29\/curso-on-line-ensina-arquitetura-ecologica\/","name":"Curso on-line ensina arquitetura ecol\u00f3gica - Jornal Fatos e Not\u00edcias","isPartOf":{"@id":"https:\/\/jornalfatosenoticias.com.br\/#website"},"primaryImageOfPage":{"@id":"https:\/\/jornalfatosenoticias.com.br\/index.php\/2020\/07\/29\/curso-on-line-ensina-arquitetura-ecologica\/#primaryimage"},"image":{"@id":"https:\/\/jornalfatosenoticias.com.br\/index.php\/2020\/07\/29\/curso-on-line-ensina-arquitetura-ecologica\/#primaryimage"},"thumbnailUrl":"https:\/\/jornalfatosenoticias.com.br\/wp-content\/uploads\/2020\/07\/Ekoa-curso-arquitetura-ecologica-capa.jpg","datePublished":"2020-07-29T13:20:22+00:00","dateModified":"2020-07-29T13:24:29+00:00","breadcrumb":{"@id":"https:\/\/jornalfatosenoticias.com.br\/index.php\/2020\/07\/29\/curso-on-line-ensina-arquitetura-ecologica\/#breadcrumb"},"inLanguage":"pt-BR","potentialAction":[{"@type":"ReadAction","target":["https:\/\/jornalfatosenoticias.com.br\/index.php\/2020\/07\/29\/curso-on-line-ensina-arquitetura-ecologica\/"]}]},{"@type":"ImageObject","inLanguage":"pt-BR","@id":"https:\/\/jornalfatosenoticias.com.br\/index.php\/2020\/07\/29\/curso-on-line-ensina-arquitetura-ecologica\/#primaryimage","url":"https:\/\/jornalfatosenoticias.com.br\/wp-content\/uploads\/2020\/07\/Ekoa-curso-arquitetura-ecologica-capa.jpg","contentUrl":"https:\/\/jornalfatosenoticias.com.br\/wp-content\/uploads\/2020\/07\/Ekoa-curso-arquitetura-ecologica-capa.jpg","width":1000,"height":667},{"@type":"BreadcrumbList","@id":"https:\/\/jornalfatosenoticias.com.br\/index.php\/2020\/07\/29\/curso-on-line-ensina-arquitetura-ecologica\/#breadcrumb","itemListElement":[{"@type":"ListItem","position":1,"name":"In\u00edcio","item":"https:\/\/jornalfatosenoticias.com.br\/"},{"@type":"ListItem","position":2,"name":"Curso on-line ensina arquitetura ecol\u00f3gica"}]},{"@type":"WebSite","@id":"https:\/\/jornalfatosenoticias.com.br\/#website","url":"https:\/\/jornalfatosenoticias.com.br\/","name":"Jornal Fatos e Not\u00edcias","description":"Not\u00edcias em geral","publisher":{"@id":"https:\/\/jornalfatosenoticias.com.br\/#organization"},"potentialAction":[{"@type":"SearchAction","target":{"@type":"EntryPoint","urlTemplate":"https:\/\/jornalfatosenoticias.com.br\/?s={search_term_string}"},"query-input":{"@type":"PropertyValueSpecification","valueRequired":true,"valueName":"search_term_string"}}],"inLanguage":"pt-BR"},{"@type":"Organization","@id":"https:\/\/jornalfatosenoticias.com.br\/#organization","name":"Jornal Fatos e Not\u00edcias","url":"https:\/\/jornalfatosenoticias.com.br\/","logo":{"@type":"ImageObject","inLanguage":"pt-BR","@id":"https:\/\/jornalfatosenoticias.com.br\/#\/schema\/logo\/image\/","url":"https:\/\/jornalfatosenoticias.com.br\/wp-content\/uploads\/2020\/02\/logo120.png","contentUrl":"https:\/\/jornalfatosenoticias.com.br\/wp-content\/uploads\/2020\/02\/logo120.png","width":1227,"height":120,"caption":"Jornal Fatos e Not\u00edcias"},"image":{"@id":"https:\/\/jornalfatosenoticias.com.br\/#\/schema\/logo\/image\/"}},{"@type":"Person","@id":"https:\/\/jornalfatosenoticias.com.br\/#\/schema\/person\/d63837fa13ac8666eb9e74e0985d6f81","name":"Luzimara Fernandes","image":{"@type":"ImageObject","inLanguage":"pt-BR","@id":"https:\/\/jornalfatosenoticias.com.br\/#\/schema\/person\/image\/","url":"https:\/\/jornalfatosenoticias.com.br\/wp-content\/uploads\/2025\/05\/EU_portal.jpg","contentUrl":"https:\/\/jornalfatosenoticias.com.br\/wp-content\/uploads\/2025\/05\/EU_portal.jpg","caption":"Luzimara Fernandes"},"description":"Jornalista MTB 2358-ES","sameAs":["https:\/\/jornalfatosenoticias.com.br"],"url":"https:\/\/jornalfatosenoticias.com.br\/index.php\/author\/luzimara\/"}]}},"cc_featured_image_caption":{"caption_text":"Varanda das Ideias, constru\u00edda em bambu ","source_text":"","source_url":""},"jetpack_featured_media_url":"https:\/\/jornalfatosenoticias.com.br\/wp-content\/uploads\/2020\/07\/Ekoa-curso-arquitetura-ecologica-capa.jpg","_links":{"self":[{"href":"https:\/\/jornalfatosenoticias.com.br\/index.php\/wp-json\/wp\/v2\/posts\/6996","targetHints":{"allow":["GET"]}}],"collection":[{"href":"https:\/\/jornalfatosenoticias.com.br\/index.php\/wp-json\/wp\/v2\/posts"}],"about":[{"href":"https:\/\/jornalfatosenoticias.com.br\/index.php\/wp-json\/wp\/v2\/types\/post"}],"author":[{"embeddable":true,"href":"https:\/\/jornalfatosenoticias.com.br\/index.php\/wp-json\/wp\/v2\/users\/2"}],"replies":[{"embeddable":true,"href":"https:\/\/jornalfatosenoticias.com.br\/index.php\/wp-json\/wp\/v2\/comments?post=6996"}],"version-history":[{"count":0,"href":"https:\/\/jornalfatosenoticias.com.br\/index.php\/wp-json\/wp\/v2\/posts\/6996\/revisions"}],"wp:featuredmedia":[{"embeddable":true,"href":"https:\/\/jornalfatosenoticias.com.br\/index.php\/wp-json\/wp\/v2\/media\/7001"}],"wp:attachment":[{"href":"https:\/\/jornalfatosenoticias.com.br\/index.php\/wp-json\/wp\/v2\/media?parent=6996"}],"wp:term":[{"taxonomy":"category","embeddable":true,"href":"https:\/\/jornalfatosenoticias.com.br\/index.php\/wp-json\/wp\/v2\/categories?post=6996"},{"taxonomy":"post_tag","embeddable":true,"href":"https:\/\/jornalfatosenoticias.com.br\/index.php\/wp-json\/wp\/v2\/tags?post=6996"}],"curies":[{"name":"wp","href":"https:\/\/api.w.org\/{rel}","templated":true}]}}