{"id":7171,"date":"2020-08-03T10:41:58","date_gmt":"2020-08-03T13:41:58","guid":{"rendered":"https:\/\/jornalfatosenoticias.com.br\/?p=7171"},"modified":"2020-08-03T10:42:02","modified_gmt":"2020-08-03T13:42:02","slug":"cinema-pode-reaproximar-comunidades-indigenas-da-tradicao-oral","status":"publish","type":"post","link":"https:\/\/jornalfatosenoticias.com.br\/index.php\/2020\/08\/03\/cinema-pode-reaproximar-comunidades-indigenas-da-tradicao-oral\/","title":{"rendered":"Cinema pode reaproximar comunidades ind\u00edgenas da tradi\u00e7\u00e3o oral"},"content":{"rendered":"\n<h6 class=\"wp-block-heading\"><em>Cineasta Ariel Ortega aposta no audiovisual para atualizar tradi\u00e7\u00f5es<\/em><\/h6>\n\n\n\n<p>O audiovisual pode ser uma forma de reaproximar as comunidades da tradi\u00e7\u00e3o de transmitir as hist\u00f3rias pela fala e conversas, avalia o cineasta Ariel Ortega. Guarani da regi\u00e3o de S\u00e3o Miguel das Miss\u00f5es (RS), ele contou a respeito das suas experi\u00eancias com audiovisual dentro das comunidades ind\u00edgenas em semin\u00e1rio promovido pelo Museu de Arte de S\u00e3o Paulo (Masp).<br>\u201cA nossa cosmologia, a nossa cultura \u00e9 passada oralmente. Com as escolas, com toda a influ\u00eancia da cultura ocidental j\u00e1 n\u00e3o se faz muito isso de sentar ao redor do fogo\u201d, conta sobre como essa tradi\u00e7\u00e3o foi perdendo for\u00e7a ao longo dos anos. No entanto, ao fazer seu primeiro filme, em 2007, Ortega disse que p\u00f4de usar o cinema para atualizar essa viv\u00eancia de di\u00e1logo dentro da comunidade.<br>Nessa produ\u00e7\u00e3o, o coletivo de ind\u00edgenas passava o dia fazendo imagens do dia a dia na aldeia. \u201cA gente pega a c\u00e2mera e sai filmando e ca\u00e7ando hist\u00f3rias\u201d, diz. Ao final do dia, eles convidavam a comunidade para assistir ao material e discutir quais temas deveriam ser abordados. \u201cA gente assiste com os jovens, com os idosos. A aldeia vai participando e n\u00f3s vamos elaborando o roteiro do que a aldeia quer que a gente conte a partir desse material\u201d, acrescenta.<br>Desde ent\u00e3o, Ortega j\u00e1 lan\u00e7ou cinco filmes \u2013 Duas Aldeias, Uma Caminhada; As bicicletas de Nhanderu (2011); Desterro Guarani (2011); Tava, a casa de pedra (2012) e No caminho com M\u00e1rio (2014). Atualmente, est\u00e1 finalizando seu primeiro longa de fic\u00e7\u00e3o \u2013 Canuto.<\/p>\n\n\n\n<h4 class=\"wp-block-heading\">Quebra de estere\u00f3tipos<\/h4>\n\n\n\n<p>O cinema tamb\u00e9m se mostrou, segundo o cineasta, uma ferramenta importante para melhorar a compreens\u00e3o dos n\u00e3o ind\u00edgenas a respeito das comunidades tradicionais. \u201cInfelizmente, no Brasil, a popula\u00e7\u00e3o em geral tem pouco conhecimento dos povos ind\u00edgenas, n\u00e3o sabe que s\u00e3o tantas l\u00ednguas e etnias. O cinema \u00e9 muito importante, porque a gente conta a nossa hist\u00f3ria\u201d, enfatiza.<br>Um impacto que Ortega relata ter percebido at\u00e9 mesmo no munic\u00edpio onde est\u00e1 a aldeia, que tem um passado fortemente ligado aos ind\u00edgenas por ter se originado em uma antiga miss\u00e3o jesu\u00edta. \u201cIsso mudou muito no munic\u00edpio principalmente. A dignidade, a valoriza\u00e7\u00e3o cultural [aumentaram]. Muda o olhar do estere\u00f3tipo que o ind\u00edgena tem que ser seminu, usar cocar, arco e flecha\u201d, ressalta.<br>Para o cineasta, essa dificuldade de uma parte da popula\u00e7\u00e3o em enxergar como os povos ind\u00edgenas se mant\u00eam em sintonia com as evolu\u00e7\u00f5es tecnol\u00f3gicas e sociais \u00e9 um dos preconceitos que os filmes ajudam a combater. \u201cA minha cosmovis\u00e3o da realidade, o meu sentimento continua sendo ind\u00edgena. At\u00e9 hoje a sociedade brasileira n\u00e3o enxerga isso, o ind\u00edgena tem que estar congelado no passado, seminu\u201d, critica.<\/p>\n\n\n\n<p><strong><em>Fonte: <a href=\"https:\/\/agenciabrasil.ebc.com.br\/geral\/noticia\/2020-08\/cinema-pode-reaproximar-comunidades-indigenas-da-tradicao-oral\">Ag\u00eancia Brasil<\/a><\/em><\/strong><\/p>\n","protected":false},"excerpt":{"rendered":"<p>Cineasta Ariel Ortega aposta no audiovisual para atualizar tradi\u00e7\u00f5es O audiovisual pode ser uma forma de reaproximar as comunidades da tradi\u00e7\u00e3o de transmitir as hist\u00f3rias pela fala e conversas, avalia o cineasta Ariel Ortega. Guarani da regi\u00e3o de S\u00e3o Miguel das Miss\u00f5es (RS), ele contou a respeito das suas experi\u00eancias com audiovisual dentro das comunidades [&hellip;]<\/p>\n","protected":false},"author":2,"featured_media":7172,"comment_status":"open","ping_status":"open","sticky":false,"template":"","format":"standard","meta":{"footnotes":""},"categories":[4],"tags":[4095,428,4096,1816],"class_list":["post-7171","post","type-post","status-publish","format-standard","has-post-thumbnail","hentry","category-cultura","tag-ariel-ortega","tag-cinema","tag-cultura-indigena","tag-indigenas"],"yoast_head":"<!-- This site is optimized with the Yoast SEO plugin v26.5 - https:\/\/yoast.com\/wordpress\/plugins\/seo\/ -->\n<title>Cinema pode reaproximar comunidades ind\u00edgenas da tradi\u00e7\u00e3o oral - Jornal Fatos e Not\u00edcias<\/title>\n<meta name=\"robots\" content=\"index, follow, max-snippet:-1, max-image-preview:large, max-video-preview:-1\" \/>\n<link rel=\"canonical\" href=\"https:\/\/jornalfatosenoticias.com.br\/index.php\/2020\/08\/03\/cinema-pode-reaproximar-comunidades-indigenas-da-tradicao-oral\/\" \/>\n<meta property=\"og:locale\" content=\"pt_BR\" \/>\n<meta property=\"og:type\" content=\"article\" \/>\n<meta property=\"og:title\" content=\"Cinema pode reaproximar comunidades ind\u00edgenas da tradi\u00e7\u00e3o oral - Jornal Fatos e Not\u00edcias\" \/>\n<meta property=\"og:description\" content=\"Cineasta Ariel Ortega aposta no audiovisual para atualizar tradi\u00e7\u00f5es O audiovisual pode ser uma forma de reaproximar as comunidades da tradi\u00e7\u00e3o de transmitir as hist\u00f3rias pela fala e conversas, avalia o cineasta Ariel Ortega. Guarani da regi\u00e3o de S\u00e3o Miguel das Miss\u00f5es (RS), ele contou a respeito das suas experi\u00eancias com audiovisual dentro das comunidades [&hellip;]\" \/>\n<meta property=\"og:url\" content=\"https:\/\/jornalfatosenoticias.com.br\/index.php\/2020\/08\/03\/cinema-pode-reaproximar-comunidades-indigenas-da-tradicao-oral\/\" \/>\n<meta property=\"og:site_name\" content=\"Jornal Fatos e Not\u00edcias\" \/>\n<meta property=\"article:published_time\" content=\"2020-08-03T13:41:58+00:00\" \/>\n<meta property=\"article:modified_time\" content=\"2020-08-03T13:42:02+00:00\" \/>\n<meta property=\"og:image\" content=\"https:\/\/jornalfatosenoticias.com.br\/wp-content\/uploads\/2020\/08\/cineasta-Ariel-Ortega.jpg\" \/>\n\t<meta property=\"og:image:width\" content=\"980\" \/>\n\t<meta property=\"og:image:height\" content=\"549\" \/>\n\t<meta property=\"og:image:type\" content=\"image\/jpeg\" \/>\n<meta name=\"author\" content=\"Luzimara Fernandes\" \/>\n<meta name=\"twitter:card\" content=\"summary_large_image\" \/>\n<meta name=\"twitter:label1\" content=\"Escrito por\" \/>\n\t<meta name=\"twitter:data1\" content=\"Luzimara Fernandes\" \/>\n\t<meta name=\"twitter:label2\" content=\"Est. tempo de leitura\" \/>\n\t<meta name=\"twitter:data2\" content=\"2 minutos\" \/>\n<script type=\"application\/ld+json\" class=\"yoast-schema-graph\">{\"@context\":\"https:\/\/schema.org\",\"@graph\":[{\"@type\":\"Article\",\"@id\":\"https:\/\/jornalfatosenoticias.com.br\/index.php\/2020\/08\/03\/cinema-pode-reaproximar-comunidades-indigenas-da-tradicao-oral\/#article\",\"isPartOf\":{\"@id\":\"https:\/\/jornalfatosenoticias.com.br\/index.php\/2020\/08\/03\/cinema-pode-reaproximar-comunidades-indigenas-da-tradicao-oral\/\"},\"author\":{\"name\":\"Luzimara Fernandes\",\"@id\":\"https:\/\/jornalfatosenoticias.com.br\/#\/schema\/person\/d63837fa13ac8666eb9e74e0985d6f81\"},\"headline\":\"Cinema pode reaproximar comunidades ind\u00edgenas da tradi\u00e7\u00e3o oral\",\"datePublished\":\"2020-08-03T13:41:58+00:00\",\"dateModified\":\"2020-08-03T13:42:02+00:00\",\"mainEntityOfPage\":{\"@id\":\"https:\/\/jornalfatosenoticias.com.br\/index.php\/2020\/08\/03\/cinema-pode-reaproximar-comunidades-indigenas-da-tradicao-oral\/\"},\"wordCount\":504,\"commentCount\":0,\"publisher\":{\"@id\":\"https:\/\/jornalfatosenoticias.com.br\/#organization\"},\"image\":{\"@id\":\"https:\/\/jornalfatosenoticias.com.br\/index.php\/2020\/08\/03\/cinema-pode-reaproximar-comunidades-indigenas-da-tradicao-oral\/#primaryimage\"},\"thumbnailUrl\":\"https:\/\/jornalfatosenoticias.com.br\/wp-content\/uploads\/2020\/08\/cineasta-Ariel-Ortega.jpg\",\"keywords\":[\"Ariel Ortega\",\"cinema\",\"cultura ind\u00edgena\",\"ind\u00edgenas\"],\"articleSection\":[\"Cultura\"],\"inLanguage\":\"pt-BR\",\"potentialAction\":[{\"@type\":\"CommentAction\",\"name\":\"Comment\",\"target\":[\"https:\/\/jornalfatosenoticias.com.br\/index.php\/2020\/08\/03\/cinema-pode-reaproximar-comunidades-indigenas-da-tradicao-oral\/#respond\"]}]},{\"@type\":\"WebPage\",\"@id\":\"https:\/\/jornalfatosenoticias.com.br\/index.php\/2020\/08\/03\/cinema-pode-reaproximar-comunidades-indigenas-da-tradicao-oral\/\",\"url\":\"https:\/\/jornalfatosenoticias.com.br\/index.php\/2020\/08\/03\/cinema-pode-reaproximar-comunidades-indigenas-da-tradicao-oral\/\",\"name\":\"Cinema pode reaproximar comunidades ind\u00edgenas da tradi\u00e7\u00e3o oral - Jornal Fatos e Not\u00edcias\",\"isPartOf\":{\"@id\":\"https:\/\/jornalfatosenoticias.com.br\/#website\"},\"primaryImageOfPage\":{\"@id\":\"https:\/\/jornalfatosenoticias.com.br\/index.php\/2020\/08\/03\/cinema-pode-reaproximar-comunidades-indigenas-da-tradicao-oral\/#primaryimage\"},\"image\":{\"@id\":\"https:\/\/jornalfatosenoticias.com.br\/index.php\/2020\/08\/03\/cinema-pode-reaproximar-comunidades-indigenas-da-tradicao-oral\/#primaryimage\"},\"thumbnailUrl\":\"https:\/\/jornalfatosenoticias.com.br\/wp-content\/uploads\/2020\/08\/cineasta-Ariel-Ortega.jpg\",\"datePublished\":\"2020-08-03T13:41:58+00:00\",\"dateModified\":\"2020-08-03T13:42:02+00:00\",\"breadcrumb\":{\"@id\":\"https:\/\/jornalfatosenoticias.com.br\/index.php\/2020\/08\/03\/cinema-pode-reaproximar-comunidades-indigenas-da-tradicao-oral\/#breadcrumb\"},\"inLanguage\":\"pt-BR\",\"potentialAction\":[{\"@type\":\"ReadAction\",\"target\":[\"https:\/\/jornalfatosenoticias.com.br\/index.php\/2020\/08\/03\/cinema-pode-reaproximar-comunidades-indigenas-da-tradicao-oral\/\"]}]},{\"@type\":\"ImageObject\",\"inLanguage\":\"pt-BR\",\"@id\":\"https:\/\/jornalfatosenoticias.com.br\/index.php\/2020\/08\/03\/cinema-pode-reaproximar-comunidades-indigenas-da-tradicao-oral\/#primaryimage\",\"url\":\"https:\/\/jornalfatosenoticias.com.br\/wp-content\/uploads\/2020\/08\/cineasta-Ariel-Ortega.jpg\",\"contentUrl\":\"https:\/\/jornalfatosenoticias.com.br\/wp-content\/uploads\/2020\/08\/cineasta-Ariel-Ortega.jpg\",\"width\":980,\"height\":549},{\"@type\":\"BreadcrumbList\",\"@id\":\"https:\/\/jornalfatosenoticias.com.br\/index.php\/2020\/08\/03\/cinema-pode-reaproximar-comunidades-indigenas-da-tradicao-oral\/#breadcrumb\",\"itemListElement\":[{\"@type\":\"ListItem\",\"position\":1,\"name\":\"In\u00edcio\",\"item\":\"https:\/\/jornalfatosenoticias.com.br\/\"},{\"@type\":\"ListItem\",\"position\":2,\"name\":\"Cinema pode reaproximar comunidades ind\u00edgenas da tradi\u00e7\u00e3o oral\"}]},{\"@type\":\"WebSite\",\"@id\":\"https:\/\/jornalfatosenoticias.com.br\/#website\",\"url\":\"https:\/\/jornalfatosenoticias.com.br\/\",\"name\":\"Jornal Fatos e Not\u00edcias\",\"description\":\"Not\u00edcias em geral\",\"publisher\":{\"@id\":\"https:\/\/jornalfatosenoticias.com.br\/#organization\"},\"potentialAction\":[{\"@type\":\"SearchAction\",\"target\":{\"@type\":\"EntryPoint\",\"urlTemplate\":\"https:\/\/jornalfatosenoticias.com.br\/?s={search_term_string}\"},\"query-input\":{\"@type\":\"PropertyValueSpecification\",\"valueRequired\":true,\"valueName\":\"search_term_string\"}}],\"inLanguage\":\"pt-BR\"},{\"@type\":\"Organization\",\"@id\":\"https:\/\/jornalfatosenoticias.com.br\/#organization\",\"name\":\"Jornal Fatos e Not\u00edcias\",\"url\":\"https:\/\/jornalfatosenoticias.com.br\/\",\"logo\":{\"@type\":\"ImageObject\",\"inLanguage\":\"pt-BR\",\"@id\":\"https:\/\/jornalfatosenoticias.com.br\/#\/schema\/logo\/image\/\",\"url\":\"https:\/\/jornalfatosenoticias.com.br\/wp-content\/uploads\/2020\/02\/logo120.png\",\"contentUrl\":\"https:\/\/jornalfatosenoticias.com.br\/wp-content\/uploads\/2020\/02\/logo120.png\",\"width\":1227,\"height\":120,\"caption\":\"Jornal Fatos e Not\u00edcias\"},\"image\":{\"@id\":\"https:\/\/jornalfatosenoticias.com.br\/#\/schema\/logo\/image\/\"}},{\"@type\":\"Person\",\"@id\":\"https:\/\/jornalfatosenoticias.com.br\/#\/schema\/person\/d63837fa13ac8666eb9e74e0985d6f81\",\"name\":\"Luzimara Fernandes\",\"image\":{\"@type\":\"ImageObject\",\"inLanguage\":\"pt-BR\",\"@id\":\"https:\/\/jornalfatosenoticias.com.br\/#\/schema\/person\/image\/\",\"url\":\"https:\/\/jornalfatosenoticias.com.br\/wp-content\/uploads\/2025\/05\/EU_portal.jpg\",\"contentUrl\":\"https:\/\/jornalfatosenoticias.com.br\/wp-content\/uploads\/2025\/05\/EU_portal.jpg\",\"caption\":\"Luzimara Fernandes\"},\"description\":\"Jornalista MTB 2358-ES\",\"sameAs\":[\"https:\/\/jornalfatosenoticias.com.br\"],\"url\":\"https:\/\/jornalfatosenoticias.com.br\/index.php\/author\/luzimara\/\"}]}<\/script>\n<!-- \/ Yoast SEO plugin. -->","yoast_head_json":{"title":"Cinema pode reaproximar comunidades ind\u00edgenas da tradi\u00e7\u00e3o oral - Jornal Fatos e Not\u00edcias","robots":{"index":"index","follow":"follow","max-snippet":"max-snippet:-1","max-image-preview":"max-image-preview:large","max-video-preview":"max-video-preview:-1"},"canonical":"https:\/\/jornalfatosenoticias.com.br\/index.php\/2020\/08\/03\/cinema-pode-reaproximar-comunidades-indigenas-da-tradicao-oral\/","og_locale":"pt_BR","og_type":"article","og_title":"Cinema pode reaproximar comunidades ind\u00edgenas da tradi\u00e7\u00e3o oral - Jornal Fatos e Not\u00edcias","og_description":"Cineasta Ariel Ortega aposta no audiovisual para atualizar tradi\u00e7\u00f5es O audiovisual pode ser uma forma de reaproximar as comunidades da tradi\u00e7\u00e3o de transmitir as hist\u00f3rias pela fala e conversas, avalia o cineasta Ariel Ortega. Guarani da regi\u00e3o de S\u00e3o Miguel das Miss\u00f5es (RS), ele contou a respeito das suas experi\u00eancias com audiovisual dentro das comunidades [&hellip;]","og_url":"https:\/\/jornalfatosenoticias.com.br\/index.php\/2020\/08\/03\/cinema-pode-reaproximar-comunidades-indigenas-da-tradicao-oral\/","og_site_name":"Jornal Fatos e Not\u00edcias","article_published_time":"2020-08-03T13:41:58+00:00","article_modified_time":"2020-08-03T13:42:02+00:00","og_image":[{"width":980,"height":549,"url":"https:\/\/jornalfatosenoticias.com.br\/wp-content\/uploads\/2020\/08\/cineasta-Ariel-Ortega.jpg","type":"image\/jpeg"}],"author":"Luzimara Fernandes","twitter_card":"summary_large_image","twitter_misc":{"Escrito por":"Luzimara Fernandes","Est. tempo de leitura":"2 minutos"},"schema":{"@context":"https:\/\/schema.org","@graph":[{"@type":"Article","@id":"https:\/\/jornalfatosenoticias.com.br\/index.php\/2020\/08\/03\/cinema-pode-reaproximar-comunidades-indigenas-da-tradicao-oral\/#article","isPartOf":{"@id":"https:\/\/jornalfatosenoticias.com.br\/index.php\/2020\/08\/03\/cinema-pode-reaproximar-comunidades-indigenas-da-tradicao-oral\/"},"author":{"name":"Luzimara Fernandes","@id":"https:\/\/jornalfatosenoticias.com.br\/#\/schema\/person\/d63837fa13ac8666eb9e74e0985d6f81"},"headline":"Cinema pode reaproximar comunidades ind\u00edgenas da tradi\u00e7\u00e3o oral","datePublished":"2020-08-03T13:41:58+00:00","dateModified":"2020-08-03T13:42:02+00:00","mainEntityOfPage":{"@id":"https:\/\/jornalfatosenoticias.com.br\/index.php\/2020\/08\/03\/cinema-pode-reaproximar-comunidades-indigenas-da-tradicao-oral\/"},"wordCount":504,"commentCount":0,"publisher":{"@id":"https:\/\/jornalfatosenoticias.com.br\/#organization"},"image":{"@id":"https:\/\/jornalfatosenoticias.com.br\/index.php\/2020\/08\/03\/cinema-pode-reaproximar-comunidades-indigenas-da-tradicao-oral\/#primaryimage"},"thumbnailUrl":"https:\/\/jornalfatosenoticias.com.br\/wp-content\/uploads\/2020\/08\/cineasta-Ariel-Ortega.jpg","keywords":["Ariel Ortega","cinema","cultura ind\u00edgena","ind\u00edgenas"],"articleSection":["Cultura"],"inLanguage":"pt-BR","potentialAction":[{"@type":"CommentAction","name":"Comment","target":["https:\/\/jornalfatosenoticias.com.br\/index.php\/2020\/08\/03\/cinema-pode-reaproximar-comunidades-indigenas-da-tradicao-oral\/#respond"]}]},{"@type":"WebPage","@id":"https:\/\/jornalfatosenoticias.com.br\/index.php\/2020\/08\/03\/cinema-pode-reaproximar-comunidades-indigenas-da-tradicao-oral\/","url":"https:\/\/jornalfatosenoticias.com.br\/index.php\/2020\/08\/03\/cinema-pode-reaproximar-comunidades-indigenas-da-tradicao-oral\/","name":"Cinema pode reaproximar comunidades ind\u00edgenas da tradi\u00e7\u00e3o oral - Jornal Fatos e Not\u00edcias","isPartOf":{"@id":"https:\/\/jornalfatosenoticias.com.br\/#website"},"primaryImageOfPage":{"@id":"https:\/\/jornalfatosenoticias.com.br\/index.php\/2020\/08\/03\/cinema-pode-reaproximar-comunidades-indigenas-da-tradicao-oral\/#primaryimage"},"image":{"@id":"https:\/\/jornalfatosenoticias.com.br\/index.php\/2020\/08\/03\/cinema-pode-reaproximar-comunidades-indigenas-da-tradicao-oral\/#primaryimage"},"thumbnailUrl":"https:\/\/jornalfatosenoticias.com.br\/wp-content\/uploads\/2020\/08\/cineasta-Ariel-Ortega.jpg","datePublished":"2020-08-03T13:41:58+00:00","dateModified":"2020-08-03T13:42:02+00:00","breadcrumb":{"@id":"https:\/\/jornalfatosenoticias.com.br\/index.php\/2020\/08\/03\/cinema-pode-reaproximar-comunidades-indigenas-da-tradicao-oral\/#breadcrumb"},"inLanguage":"pt-BR","potentialAction":[{"@type":"ReadAction","target":["https:\/\/jornalfatosenoticias.com.br\/index.php\/2020\/08\/03\/cinema-pode-reaproximar-comunidades-indigenas-da-tradicao-oral\/"]}]},{"@type":"ImageObject","inLanguage":"pt-BR","@id":"https:\/\/jornalfatosenoticias.com.br\/index.php\/2020\/08\/03\/cinema-pode-reaproximar-comunidades-indigenas-da-tradicao-oral\/#primaryimage","url":"https:\/\/jornalfatosenoticias.com.br\/wp-content\/uploads\/2020\/08\/cineasta-Ariel-Ortega.jpg","contentUrl":"https:\/\/jornalfatosenoticias.com.br\/wp-content\/uploads\/2020\/08\/cineasta-Ariel-Ortega.jpg","width":980,"height":549},{"@type":"BreadcrumbList","@id":"https:\/\/jornalfatosenoticias.com.br\/index.php\/2020\/08\/03\/cinema-pode-reaproximar-comunidades-indigenas-da-tradicao-oral\/#breadcrumb","itemListElement":[{"@type":"ListItem","position":1,"name":"In\u00edcio","item":"https:\/\/jornalfatosenoticias.com.br\/"},{"@type":"ListItem","position":2,"name":"Cinema pode reaproximar comunidades ind\u00edgenas da tradi\u00e7\u00e3o oral"}]},{"@type":"WebSite","@id":"https:\/\/jornalfatosenoticias.com.br\/#website","url":"https:\/\/jornalfatosenoticias.com.br\/","name":"Jornal Fatos e Not\u00edcias","description":"Not\u00edcias em geral","publisher":{"@id":"https:\/\/jornalfatosenoticias.com.br\/#organization"},"potentialAction":[{"@type":"SearchAction","target":{"@type":"EntryPoint","urlTemplate":"https:\/\/jornalfatosenoticias.com.br\/?s={search_term_string}"},"query-input":{"@type":"PropertyValueSpecification","valueRequired":true,"valueName":"search_term_string"}}],"inLanguage":"pt-BR"},{"@type":"Organization","@id":"https:\/\/jornalfatosenoticias.com.br\/#organization","name":"Jornal Fatos e Not\u00edcias","url":"https:\/\/jornalfatosenoticias.com.br\/","logo":{"@type":"ImageObject","inLanguage":"pt-BR","@id":"https:\/\/jornalfatosenoticias.com.br\/#\/schema\/logo\/image\/","url":"https:\/\/jornalfatosenoticias.com.br\/wp-content\/uploads\/2020\/02\/logo120.png","contentUrl":"https:\/\/jornalfatosenoticias.com.br\/wp-content\/uploads\/2020\/02\/logo120.png","width":1227,"height":120,"caption":"Jornal Fatos e Not\u00edcias"},"image":{"@id":"https:\/\/jornalfatosenoticias.com.br\/#\/schema\/logo\/image\/"}},{"@type":"Person","@id":"https:\/\/jornalfatosenoticias.com.br\/#\/schema\/person\/d63837fa13ac8666eb9e74e0985d6f81","name":"Luzimara Fernandes","image":{"@type":"ImageObject","inLanguage":"pt-BR","@id":"https:\/\/jornalfatosenoticias.com.br\/#\/schema\/person\/image\/","url":"https:\/\/jornalfatosenoticias.com.br\/wp-content\/uploads\/2025\/05\/EU_portal.jpg","contentUrl":"https:\/\/jornalfatosenoticias.com.br\/wp-content\/uploads\/2025\/05\/EU_portal.jpg","caption":"Luzimara Fernandes"},"description":"Jornalista MTB 2358-ES","sameAs":["https:\/\/jornalfatosenoticias.com.br"],"url":"https:\/\/jornalfatosenoticias.com.br\/index.php\/author\/luzimara\/"}]}},"cc_featured_image_caption":{"caption_text":"(Foto: Divulga\u00e7\u00e3o)","source_text":"","source_url":""},"jetpack_featured_media_url":"https:\/\/jornalfatosenoticias.com.br\/wp-content\/uploads\/2020\/08\/cineasta-Ariel-Ortega.jpg","_links":{"self":[{"href":"https:\/\/jornalfatosenoticias.com.br\/index.php\/wp-json\/wp\/v2\/posts\/7171","targetHints":{"allow":["GET"]}}],"collection":[{"href":"https:\/\/jornalfatosenoticias.com.br\/index.php\/wp-json\/wp\/v2\/posts"}],"about":[{"href":"https:\/\/jornalfatosenoticias.com.br\/index.php\/wp-json\/wp\/v2\/types\/post"}],"author":[{"embeddable":true,"href":"https:\/\/jornalfatosenoticias.com.br\/index.php\/wp-json\/wp\/v2\/users\/2"}],"replies":[{"embeddable":true,"href":"https:\/\/jornalfatosenoticias.com.br\/index.php\/wp-json\/wp\/v2\/comments?post=7171"}],"version-history":[{"count":0,"href":"https:\/\/jornalfatosenoticias.com.br\/index.php\/wp-json\/wp\/v2\/posts\/7171\/revisions"}],"wp:featuredmedia":[{"embeddable":true,"href":"https:\/\/jornalfatosenoticias.com.br\/index.php\/wp-json\/wp\/v2\/media\/7172"}],"wp:attachment":[{"href":"https:\/\/jornalfatosenoticias.com.br\/index.php\/wp-json\/wp\/v2\/media?parent=7171"}],"wp:term":[{"taxonomy":"category","embeddable":true,"href":"https:\/\/jornalfatosenoticias.com.br\/index.php\/wp-json\/wp\/v2\/categories?post=7171"},{"taxonomy":"post_tag","embeddable":true,"href":"https:\/\/jornalfatosenoticias.com.br\/index.php\/wp-json\/wp\/v2\/tags?post=7171"}],"curies":[{"name":"wp","href":"https:\/\/api.w.org\/{rel}","templated":true}]}}